{"id":2105,"date":"2023-12-10T17:07:57","date_gmt":"2023-12-10T20:07:57","guid":{"rendered":"https:\/\/blog.saocamilo-sp.br\/?p=2105"},"modified":"2023-12-10T17:07:59","modified_gmt":"2023-12-10T20:07:59","slug":"atletas-trans-e-cis-sao-tao-diferentes-assim-pesquisa-brasileira-investiga","status":"publish","type":"post","link":"https:\/\/blog.saocamilo-sp.br\/index.php\/2023\/12\/10\/atletas-trans-e-cis-sao-tao-diferentes-assim-pesquisa-brasileira-investiga\/","title":{"rendered":"Atletas trans e cis s\u00e3o t\u00e3o diferentes assim? Pesquisa brasileira investiga"},"content":{"rendered":"\n<p>Frequentemente, atletas trans (que se identificam com o g\u00eanero oposto ao atribu\u00eddo ao nascer) enfrentam transfobia quando se destacam em algum esporte. No entanto, ainda h\u00e1 poucos estudos que mostrem o desempenho f\u00edsico desses atletas em rela\u00e7\u00e3o a competidores cis (que se identificam com o g\u00eanero atribu\u00eddo ao nascerem).<\/p>\n\n\n\n<p>Geralmente, logo se conclui que as mulheres trans t\u00eam mais vantagens e j\u00e1 sairiam na frente, ganhando nas competi\u00e7\u00f5es. Mas n\u00e3o \u00e9 bem assim. H\u00e1 diversas vari\u00e1veis que devem ser avaliadas individualmente.<\/p>\n\n\n\n<p>Recentemente, uma pesquisa feita por Leonardo Alvares e equipe, que \u00e9 professor da <a href=\"http:\/\/www.saocamilo-sp.br\" target=\"_blank\" rel=\"noreferrer noopener\">Faculdade de Medicina do Centro Universit\u00e1rio S\u00e3o Camilo (SP)<\/a>, destacou algumas diferen\u00e7as entre mulheres trans atletas amadoras de v\u00f4lei em compara\u00e7\u00e3o com atletas cis. Em breve, o estudo, que j\u00e1 foi finalizado e apresentado em congressos, ser\u00e1 publicado em um peri\u00f3dico cient\u00edfico.<\/p>\n\n\n\n<p>O estudo avalia se mulheres que nasceram biologicamente homens apresentam alguma vantagem esportiva quando comparadas com as mulheres cisg\u00eanero.<\/p>\n\n\n\n<p><strong>Vale destacar que esse \u00e9 o primeiro estudo no mundo que analisa de forma espec\u00edfica mulheres trans atletas jogadoras de v\u00f4lei em rela\u00e7\u00e3o a v\u00e1rios aspectos de performance f\u00edsica.<\/strong><\/p>\n\n\n\n<figure class=\"wp-block-pullquote\"><blockquote><p>&#8220;Foram avaliadas a capacidade de salto e cardiopulmonar, al\u00e9m da for\u00e7a. Tamb\u00e9m nos atentamos para a quest\u00e3o nutricional e psicol\u00f3gica. E avaliamos os dados sobre o funcionamento celular, que pode ser alterado pelo uso dos horm\u00f4nios.&#8221;<\/p><cite>PROF. DR. LEONARDO ALVERES<\/cite><\/blockquote><\/figure>\n\n\n\n<h2 class=\"wp-block-heading\">O que diz a pesquisa e como foi realizada<\/h2>\n\n\n\n<ul class=\"wp-block-list\">\n<li>Foram analisados 19 mulheres transg\u00eanero, 27 mulheres cisg\u00eanero e 23 homens cisg\u00eanero. Todos jogadores de v\u00f4lei.<\/li>\n<\/ul>\n\n\n\n<ul class=\"wp-block-list\">\n<li>As mulheres trans avaliadas j\u00e1 estavam em hormonioterapia, em m\u00e9dia, h\u00e1 14 anos.<br><\/li>\n\n\n\n<li>Foram comparadas mulheres transg\u00eanero bem treinadas a mulheres e homens cisg\u00eanero da mesma faixa et\u00e1ria. Todos tinham o mesmo \u00edndice de massa corporal e n\u00edvel de atividade f\u00edsica.<br><\/li>\n\n\n\n<li>Mulheres trans e mulheres cis da mesma altura apresentaram \u00edndices semelhantes de massa muscular, sendo ambos os grupos menores que os homens cis.<br><\/li>\n\n\n\n<li>A capacidade aer\u00f3bica foi discretamente maior em mulheres trans quando comparada \u00e0s mulheres cis.<br><\/li>\n<\/ul>\n\n\n\n<p>Durante o estudo, foram avaliados a composi\u00e7\u00e3o corporal, o gasto energ\u00e9tico de repouso, os aspectos nutricionais, a densidade \u00f3ssea, a capacidade card\u00edaca, o estado hematol\u00f3gico (hormonal) e os aspectos psicol\u00f3gicos, como cogni\u00e7\u00e3o, humor e a qualidade do sono.<br><br><strong>O estudo tamb\u00e9m apontou que o m\u00fasculo card\u00edaco de mulheres transg\u00eanero possui a mesma espessura que a parede card\u00edaca do grupo de mulheres cis.<\/strong><br><br>Em rela\u00e7\u00e3o \u00e0 quest\u00e3o psicol\u00f3gica, as atletas trans destacaram que se sentem frequentemente exclu\u00eddas e vivenciaram o preconceito no esporte, com medo de serem agredidas.<br><br><strong>Em resumo, a pesquisa mostra que, durante a atividade f\u00edsica, n\u00e3o houve diferen\u00e7a na for\u00e7a e nem no consumo de oxig\u00eanio das mulheres trans em rela\u00e7\u00e3o \u00e0s mulheres cis \u2014mas o desempenho foi pior que dos homens cis.<\/strong><\/p>\n\n\n\n<h2 class=\"wp-block-heading\">Relev\u00e2ncia do estudo<\/h2>\n\n\n\n<p>O pesquisador destaca que o estudo trouxe \u00e0 tona algumas informa\u00e7\u00f5es relevantes sobre o desempenho de atletas trans. Por\u00e9m, ainda existem poucas pesquisas sobre o tema.<br><br><\/p>\n\n\n\n<figure class=\"wp-block-pullquote\"><blockquote><p>&#8220;A participa\u00e7\u00e3o de mulheres transg\u00eaneros em esportes ainda \u00e9 um assunto controverso. Ainda s\u00e3o necess\u00e1rios mais estudos espec\u00edficos em atletas trans: \u00e9 preciso ocorrer uma segmenta\u00e7\u00e3o de an\u00e1lise por modalidade de esporte e ser avaliada a idade de in\u00edcio da terapia hormonal, at\u00e9 mesmo para a combater a transfobia nas diversas modalidades esportivas.&#8221;<\/p><cite>PROF. DR. LEONARDO ALVARES<\/cite><\/blockquote><\/figure>\n\n\n\n<p>J\u00e1 para Pablius Staduto Braga, m\u00e9dico especialista em medicina do esporte do Hospital Nove de Julho (SP), o estudo \u00e9 importante por avaliar o comportamento fisiol\u00f3gico de mulheres trans que j\u00e1 est\u00e3o em tratamento hormonal por um tempo significativo.<\/p>\n\n\n\n<p>&#8220;Em rela\u00e7\u00e3o aos atletas trans, ainda n\u00e3o temos argumentos determinantes aos esportes de competi\u00e7\u00e3o. Mas, sem d\u00favida, este estudo \u00e9 um marco neste tipo de an\u00e1lise e contribuir\u00e1 bastante no futuro, \u00e0 medida que mais dados sejam coletados na linha do tempo&#8221;, diz.<br><\/p>\n\n\n\n<p><\/p>\n\n\n\n<h2 class=\"wp-block-heading\">Afinal, as atletas trans t\u00eam vantagens esportivas sobre atletas cis?<\/h2>\n\n\n\n<p><strong>A resposta \u00e9 complexa, uma vez que ainda h\u00e1 poucos estudos sobre o assunto.<\/strong> De acordo com os especialistas consultados por VivaBem, depende do esporte e quando foi iniciada a transi\u00e7\u00e3o de g\u00eanero.<\/p>\n\n\n\n<p><\/p>\n\n\n\n<p>De forma geral, a vantagem esportiva ocorre apenas se a transi\u00e7\u00e3o hormonal foi realizada ap\u00f3s a puberdade e h\u00e1 pouco tempo de hormoniza\u00e7\u00e3o cruzada (ou seja, reposi\u00e7\u00e3o hormonal com caracter\u00edsticas feminilizantes).<\/p>\n\n\n\n<p>&#8220;As mulheres trans, no geral, s\u00e3o mais altas e podem ter p\u00e9s e m\u00e3os maiores, se passarem pela puberdade do seu sexo biol\u00f3gico. Mas n\u00e3o existem atletas trans suficientes para termos competi\u00e7\u00f5es entre elas, que devem ser inclu\u00eddas nas atividades esportivas. Coloc\u00e1-las com homens cis \u00e9 desrespeitar a sua identidade feminina. Com certeza, isso traria agravos para a sa\u00fade mental&#8221;, opina Luciana Oliveira, endocrinologista e coordenadora do Ambulat\u00f3rio Transexualizador do Hospital Universit\u00e1rio Professor Edgard Santos, da UFBA (Universidade Federal da Bahia) ligado \u00e0 rede Ebserh (Empresa Brasileira de Servi\u00e7os Hospitalares).<\/p>\n\n\n\n<p>Para ela, n\u00e3o h\u00e1 qualquer motivo para que as mulheres trans (que tenham feito a transi\u00e7\u00e3o antes da puberdade) n\u00e3o compitam com as mulheres cis.<\/p>\n\n\n\n<p>&#8220;Acredito que quando essas pessoas passam pela transi\u00e7\u00e3o de g\u00eanero na fase adulta tamb\u00e9m n\u00e3o devem ser impedidas de competir. Mas os crit\u00e9rios das divis\u00f5es de categorias devem ser outros. Nas lutas marciais, por exemplo, a divis\u00e3o \u00e9 por peso. No futuro, espero que algumas modalidades esportivas criem subdivis\u00f5es para contemplar a diversidade de mulheres que existem (trans e cis)&#8221;, complementa a especialista.<\/p>\n\n\n\n<p>Para Braga, quanto \u00e0 participa\u00e7\u00e3o de mulheres trans em esportes, \u00e9 importante salientar que \u00e9 preciso ter um olhar absoluto sobre a compatibilidade fisiol\u00f3gica da competi\u00e7\u00e3o.<\/p>\n\n\n\n<p>&#8220;Se ficar comprovada a semelhan\u00e7a em aspectos de for\u00e7a, agilidade, velocidade, resist\u00eancia e demais igualdades, n\u00e3o haver\u00e1 problema. Por\u00e9m, a inclus\u00e3o tamb\u00e9m pressup\u00f5e responsabilidade em equiparar competidoras. Isso \u00e9 fundamental para que o esporte n\u00e3o perca o que tem de mais belo: a competitividade&#8221;, finaliza.<br><br>Escrito por: Samantha Cerquetani para o site: Viva Bem &#8211; UOL<br>Em: 12 de dezembro de 2023.<br><\/p>\n\n\n\n<p>Veja tamb\u00e9m:<br><a href=\"https:\/\/blog.saocamilo-sp.br\/index.php\/2023\/09\/06\/clinica-escola-promove-sao-camilo-comemora-21-anos-de-excelencia-em-saude-pesquisa-extensao-e-educacao\/\">Cl\u00ednica-escola PROMOVE: 21 anos de excel\u00eancia em sa\u00fade, pesquisa, extens\u00e3o e educa\u00e7\u00e3o<\/a><br><a href=\"https:\/\/blog.saocamilo-sp.br\/index.php\/2023\/07\/07\/a-pesquisa-cientifica-no-centro-universitario-sao-camilo\/\">A valoriza\u00e7\u00e3o da pesquisa cient\u00edfica no Centro Universit\u00e1rio S\u00e3o Camilo<\/a><br><a href=\"https:\/\/blog.saocamilo-sp.br\/index.php\/2023\/11\/01\/um-dos-cientistas-mais-influentes-do-planeta-conheca-o-dr-barbieri\/\">Um dos cientistas mais influentes do planeta! Conhe\u00e7a o Dr. Barbieri<\/a><br><a href=\"https:\/\/blog.saocamilo-sp.br\/index.php\/2023\/11\/01\/nutricao-e-medicina-trabalho-da-profa-fernanda-nakamoto-recebe-premio-de-1-lugar-no-congresso-de-nutricao-esportiva\/\">Trabalho da Profa. Fernanda Nakamoto conquista 1\u00b0 lugar no Congresso de Nutri\u00e7\u00e3o Esportiva<\/a><\/p>\n\n\n<div class=\"wp-block-post-author\"><div class=\"wp-block-post-author__avatar\"><img alt='' src='https:\/\/secure.gravatar.com\/avatar\/ec4232fb8d50d80f1c672353dc4c2876490e6a0a2a33d6572c0ba1fb78f115cf?s=48&#038;d=mm&#038;r=g' srcset='https:\/\/secure.gravatar.com\/avatar\/ec4232fb8d50d80f1c672353dc4c2876490e6a0a2a33d6572c0ba1fb78f115cf?s=96&#038;d=mm&#038;r=g 2x' class='avatar avatar-48 photo' height='48' width='48' \/><\/div><div class=\"wp-block-post-author__content\"><p class=\"wp-block-post-author__byline\">Inserido no Blog S\u00e3o Camilo por<\/p><p class=\"wp-block-post-author__name\">Leandro Lafr\u00e1gola<\/p><\/div><\/div>\n\n\n<p>Compartilhe em:<\/p>\n","protected":false},"excerpt":{"rendered":"<p>Pesquisa feita por Leonardo Alvares e equipe, que \u00e9 professor da Faculdade de Medicina do Centro Universit\u00e1rio S\u00e3o Camilo (SP), destacou algumas diferen\u00e7as.<\/p>\n","protected":false},"author":13,"featured_media":2106,"comment_status":"open","ping_status":"open","sticky":false,"template":"","format":"standard","meta":{"cybocfi_hide_featured_image":"","footnotes":""},"categories":[106,30,111],"tags":[93,126,80],"class_list":["post-2105","post","type-post","status-publish","format-standard","has-post-thumbnail","hentry","category-clinica-escola","category-medicina","category-pesquisas","tag-clinica-escola","tag-esporte","tag-pesquisa"],"yoast_head":"<!-- This site is optimized with the Yoast SEO plugin v27.5 - https:\/\/yoast.com\/product\/yoast-seo-wordpress\/ -->\n<title>Atletas trans e cis s\u00e3o t\u00e3o diferentes assim? Pesquisa brasileira investiga - Blog S\u00e3o Camilo<\/title>\n<meta name=\"description\" content=\"Pesquisa feita por Leonardo Alvares e equipe, que \u00e9 professor da Faculdade de Medicina do Centro Universit\u00e1rio S\u00e3o Camilo (SP), destacou algumas diferen\u00e7as.\" \/>\n<meta name=\"robots\" content=\"index, follow, max-snippet:-1, max-image-preview:large, max-video-preview:-1\" \/>\n<link rel=\"canonical\" href=\"https:\/\/blog.saocamilo-sp.br\/index.php\/2023\/12\/10\/atletas-trans-e-cis-sao-tao-diferentes-assim-pesquisa-brasileira-investiga\/\" \/>\n<meta property=\"og:locale\" content=\"pt_BR\" \/>\n<meta property=\"og:type\" content=\"article\" \/>\n<meta property=\"og:title\" content=\"Atletas trans e cis s\u00e3o t\u00e3o diferentes assim? Pesquisa brasileira investiga - Blog S\u00e3o Camilo\" \/>\n<meta property=\"og:description\" content=\"Pesquisa feita por Leonardo Alvares e equipe, que \u00e9 professor da Faculdade de Medicina do Centro Universit\u00e1rio S\u00e3o Camilo (SP), destacou algumas diferen\u00e7as.\" \/>\n<meta property=\"og:url\" content=\"https:\/\/blog.saocamilo-sp.br\/index.php\/2023\/12\/10\/atletas-trans-e-cis-sao-tao-diferentes-assim-pesquisa-brasileira-investiga\/\" \/>\n<meta property=\"og:site_name\" content=\"Blog S\u00e3o Camilo\" \/>\n<meta property=\"article:publisher\" content=\"https:\/\/www.facebook.com\/saocamilosp\" \/>\n<meta property=\"article:published_time\" content=\"2023-12-10T20:07:57+00:00\" \/>\n<meta property=\"article:modified_time\" content=\"2023-12-10T20:07:59+00:00\" \/>\n<meta property=\"og:image\" content=\"https:\/\/blog.saocamilo-sp.br\/wp-content\/uploads\/2023\/12\/volleyball-520093_1280.jpg\" \/>\n\t<meta property=\"og:image:width\" content=\"1280\" \/>\n\t<meta property=\"og:image:height\" content=\"853\" \/>\n\t<meta property=\"og:image:type\" content=\"image\/jpeg\" \/>\n<meta name=\"author\" content=\"Leandro Lafr\u00e1gola\" \/>\n<meta name=\"twitter:card\" content=\"summary_large_image\" \/>\n<meta name=\"twitter:creator\" content=\"@saocamilosp\" \/>\n<meta name=\"twitter:site\" content=\"@saocamilosp\" \/>\n<meta name=\"twitter:label1\" content=\"Escrito por\" \/>\n\t<meta name=\"twitter:data1\" content=\"Leandro Lafr\u00e1gola\" \/>\n\t<meta name=\"twitter:label2\" content=\"Est. tempo de leitura\" \/>\n\t<meta name=\"twitter:data2\" content=\"6 minutos\" \/>\n<script type=\"application\/ld+json\" class=\"yoast-schema-graph\">{\"@context\":\"https:\\\/\\\/schema.org\",\"@graph\":[{\"@type\":\"Article\",\"@id\":\"https:\\\/\\\/blog.saocamilo-sp.br\\\/index.php\\\/2023\\\/12\\\/10\\\/atletas-trans-e-cis-sao-tao-diferentes-assim-pesquisa-brasileira-investiga\\\/#article\",\"isPartOf\":{\"@id\":\"https:\\\/\\\/blog.saocamilo-sp.br\\\/index.php\\\/2023\\\/12\\\/10\\\/atletas-trans-e-cis-sao-tao-diferentes-assim-pesquisa-brasileira-investiga\\\/\"},\"author\":{\"name\":\"Leandro Lafr\u00e1gola\",\"@id\":\"https:\\\/\\\/blog.saocamilo-sp.br\\\/#\\\/schema\\\/person\\\/1a99645faaab0bb55105f817e866e19b\"},\"headline\":\"Atletas trans e cis s\u00e3o t\u00e3o diferentes assim? Pesquisa brasileira investiga\",\"datePublished\":\"2023-12-10T20:07:57+00:00\",\"dateModified\":\"2023-12-10T20:07:59+00:00\",\"mainEntityOfPage\":{\"@id\":\"https:\\\/\\\/blog.saocamilo-sp.br\\\/index.php\\\/2023\\\/12\\\/10\\\/atletas-trans-e-cis-sao-tao-diferentes-assim-pesquisa-brasileira-investiga\\\/\"},\"wordCount\":1131,\"commentCount\":0,\"publisher\":{\"@id\":\"https:\\\/\\\/blog.saocamilo-sp.br\\\/#organization\"},\"image\":{\"@id\":\"https:\\\/\\\/blog.saocamilo-sp.br\\\/index.php\\\/2023\\\/12\\\/10\\\/atletas-trans-e-cis-sao-tao-diferentes-assim-pesquisa-brasileira-investiga\\\/#primaryimage\"},\"thumbnailUrl\":\"https:\\\/\\\/blog.saocamilo-sp.br\\\/wp-content\\\/uploads\\\/2023\\\/12\\\/volleyball-520093_1280.jpg\",\"keywords\":[\"cl\u00ednica-escola\",\"esporte\",\"Pesquisa\"],\"articleSection\":[\"Cl\u00ednica-escola\",\"Medicina\",\"Pesquisas\"],\"inLanguage\":\"pt-BR\",\"potentialAction\":[{\"@type\":\"CommentAction\",\"name\":\"Comment\",\"target\":[\"https:\\\/\\\/blog.saocamilo-sp.br\\\/index.php\\\/2023\\\/12\\\/10\\\/atletas-trans-e-cis-sao-tao-diferentes-assim-pesquisa-brasileira-investiga\\\/#respond\"]}]},{\"@type\":\"WebPage\",\"@id\":\"https:\\\/\\\/blog.saocamilo-sp.br\\\/index.php\\\/2023\\\/12\\\/10\\\/atletas-trans-e-cis-sao-tao-diferentes-assim-pesquisa-brasileira-investiga\\\/\",\"url\":\"https:\\\/\\\/blog.saocamilo-sp.br\\\/index.php\\\/2023\\\/12\\\/10\\\/atletas-trans-e-cis-sao-tao-diferentes-assim-pesquisa-brasileira-investiga\\\/\",\"name\":\"Atletas trans e cis s\u00e3o t\u00e3o diferentes assim? Pesquisa brasileira investiga - Blog S\u00e3o Camilo\",\"isPartOf\":{\"@id\":\"https:\\\/\\\/blog.saocamilo-sp.br\\\/#website\"},\"primaryImageOfPage\":{\"@id\":\"https:\\\/\\\/blog.saocamilo-sp.br\\\/index.php\\\/2023\\\/12\\\/10\\\/atletas-trans-e-cis-sao-tao-diferentes-assim-pesquisa-brasileira-investiga\\\/#primaryimage\"},\"image\":{\"@id\":\"https:\\\/\\\/blog.saocamilo-sp.br\\\/index.php\\\/2023\\\/12\\\/10\\\/atletas-trans-e-cis-sao-tao-diferentes-assim-pesquisa-brasileira-investiga\\\/#primaryimage\"},\"thumbnailUrl\":\"https:\\\/\\\/blog.saocamilo-sp.br\\\/wp-content\\\/uploads\\\/2023\\\/12\\\/volleyball-520093_1280.jpg\",\"datePublished\":\"2023-12-10T20:07:57+00:00\",\"dateModified\":\"2023-12-10T20:07:59+00:00\",\"description\":\"Pesquisa feita por Leonardo Alvares e equipe, que \u00e9 professor da Faculdade de Medicina do Centro Universit\u00e1rio S\u00e3o Camilo (SP), destacou algumas diferen\u00e7as.\",\"breadcrumb\":{\"@id\":\"https:\\\/\\\/blog.saocamilo-sp.br\\\/index.php\\\/2023\\\/12\\\/10\\\/atletas-trans-e-cis-sao-tao-diferentes-assim-pesquisa-brasileira-investiga\\\/#breadcrumb\"},\"inLanguage\":\"pt-BR\",\"potentialAction\":[{\"@type\":\"ReadAction\",\"target\":[\"https:\\\/\\\/blog.saocamilo-sp.br\\\/index.php\\\/2023\\\/12\\\/10\\\/atletas-trans-e-cis-sao-tao-diferentes-assim-pesquisa-brasileira-investiga\\\/\"]}]},{\"@type\":\"ImageObject\",\"inLanguage\":\"pt-BR\",\"@id\":\"https:\\\/\\\/blog.saocamilo-sp.br\\\/index.php\\\/2023\\\/12\\\/10\\\/atletas-trans-e-cis-sao-tao-diferentes-assim-pesquisa-brasileira-investiga\\\/#primaryimage\",\"url\":\"https:\\\/\\\/blog.saocamilo-sp.br\\\/wp-content\\\/uploads\\\/2023\\\/12\\\/volleyball-520093_1280.jpg\",\"contentUrl\":\"https:\\\/\\\/blog.saocamilo-sp.br\\\/wp-content\\\/uploads\\\/2023\\\/12\\\/volleyball-520093_1280.jpg\",\"width\":1280,\"height\":853,\"caption\":\"volei pesquisa atletas trans\"},{\"@type\":\"BreadcrumbList\",\"@id\":\"https:\\\/\\\/blog.saocamilo-sp.br\\\/index.php\\\/2023\\\/12\\\/10\\\/atletas-trans-e-cis-sao-tao-diferentes-assim-pesquisa-brasileira-investiga\\\/#breadcrumb\",\"itemListElement\":[{\"@type\":\"ListItem\",\"position\":1,\"name\":\"In\u00edcio\",\"item\":\"https:\\\/\\\/blog.saocamilo-sp.br\\\/\"},{\"@type\":\"ListItem\",\"position\":2,\"name\":\"Atletas trans e cis s\u00e3o t\u00e3o diferentes assim? Pesquisa brasileira investiga\"}]},{\"@type\":\"WebSite\",\"@id\":\"https:\\\/\\\/blog.saocamilo-sp.br\\\/#website\",\"url\":\"https:\\\/\\\/blog.saocamilo-sp.br\\\/\",\"name\":\"Blog S\u00e3o Camilo\",\"description\":\"Blog do Centro Universit\u00e1rio S\u00e3o Camilo\",\"publisher\":{\"@id\":\"https:\\\/\\\/blog.saocamilo-sp.br\\\/#organization\"},\"potentialAction\":[{\"@type\":\"SearchAction\",\"target\":{\"@type\":\"EntryPoint\",\"urlTemplate\":\"https:\\\/\\\/blog.saocamilo-sp.br\\\/?s={search_term_string}\"},\"query-input\":{\"@type\":\"PropertyValueSpecification\",\"valueRequired\":true,\"valueName\":\"search_term_string\"}}],\"inLanguage\":\"pt-BR\"},{\"@type\":\"Organization\",\"@id\":\"https:\\\/\\\/blog.saocamilo-sp.br\\\/#organization\",\"name\":\"Blog S\u00e3o Camilo\",\"url\":\"https:\\\/\\\/blog.saocamilo-sp.br\\\/\",\"logo\":{\"@type\":\"ImageObject\",\"inLanguage\":\"pt-BR\",\"@id\":\"https:\\\/\\\/blog.saocamilo-sp.br\\\/#\\\/schema\\\/logo\\\/image\\\/\",\"url\":\"https:\\\/\\\/blog.saocamilo-sp.br\\\/wp-content\\\/uploads\\\/2021\\\/12\\\/cropped-vazio-logo-topo.png\",\"contentUrl\":\"https:\\\/\\\/blog.saocamilo-sp.br\\\/wp-content\\\/uploads\\\/2021\\\/12\\\/cropped-vazio-logo-topo.png\",\"width\":320,\"height\":240,\"caption\":\"Blog S\u00e3o Camilo\"},\"image\":{\"@id\":\"https:\\\/\\\/blog.saocamilo-sp.br\\\/#\\\/schema\\\/logo\\\/image\\\/\"},\"sameAs\":[\"https:\\\/\\\/www.facebook.com\\\/saocamilosp\",\"https:\\\/\\\/x.com\\\/saocamilosp\",\"https:\\\/\\\/www.linkedin.com\\\/school\\\/centro-universit-rio-s-o-camilo\\\/\"]},{\"@type\":\"Person\",\"@id\":\"https:\\\/\\\/blog.saocamilo-sp.br\\\/#\\\/schema\\\/person\\\/1a99645faaab0bb55105f817e866e19b\",\"name\":\"Leandro Lafr\u00e1gola\",\"image\":{\"@type\":\"ImageObject\",\"inLanguage\":\"pt-BR\",\"@id\":\"https:\\\/\\\/secure.gravatar.com\\\/avatar\\\/ec4232fb8d50d80f1c672353dc4c2876490e6a0a2a33d6572c0ba1fb78f115cf?s=96&d=mm&r=g\",\"url\":\"https:\\\/\\\/secure.gravatar.com\\\/avatar\\\/ec4232fb8d50d80f1c672353dc4c2876490e6a0a2a33d6572c0ba1fb78f115cf?s=96&d=mm&r=g\",\"contentUrl\":\"https:\\\/\\\/secure.gravatar.com\\\/avatar\\\/ec4232fb8d50d80f1c672353dc4c2876490e6a0a2a33d6572c0ba1fb78f115cf?s=96&d=mm&r=g\",\"caption\":\"Leandro Lafr\u00e1gola\"},\"url\":\"https:\\\/\\\/blog.saocamilo-sp.br\\\/index.php\\\/author\\\/llafragola\\\/\"}]}<\/script>\n<!-- \/ Yoast SEO plugin. -->","yoast_head_json":{"title":"Atletas trans e cis s\u00e3o t\u00e3o diferentes assim? Pesquisa brasileira investiga - Blog S\u00e3o Camilo","description":"Pesquisa feita por Leonardo Alvares e equipe, que \u00e9 professor da Faculdade de Medicina do Centro Universit\u00e1rio S\u00e3o Camilo (SP), destacou algumas diferen\u00e7as.","robots":{"index":"index","follow":"follow","max-snippet":"max-snippet:-1","max-image-preview":"max-image-preview:large","max-video-preview":"max-video-preview:-1"},"canonical":"https:\/\/blog.saocamilo-sp.br\/index.php\/2023\/12\/10\/atletas-trans-e-cis-sao-tao-diferentes-assim-pesquisa-brasileira-investiga\/","og_locale":"pt_BR","og_type":"article","og_title":"Atletas trans e cis s\u00e3o t\u00e3o diferentes assim? Pesquisa brasileira investiga - Blog S\u00e3o Camilo","og_description":"Pesquisa feita por Leonardo Alvares e equipe, que \u00e9 professor da Faculdade de Medicina do Centro Universit\u00e1rio S\u00e3o Camilo (SP), destacou algumas diferen\u00e7as.","og_url":"https:\/\/blog.saocamilo-sp.br\/index.php\/2023\/12\/10\/atletas-trans-e-cis-sao-tao-diferentes-assim-pesquisa-brasileira-investiga\/","og_site_name":"Blog S\u00e3o Camilo","article_publisher":"https:\/\/www.facebook.com\/saocamilosp","article_published_time":"2023-12-10T20:07:57+00:00","article_modified_time":"2023-12-10T20:07:59+00:00","og_image":[{"width":1280,"height":853,"url":"https:\/\/blog.saocamilo-sp.br\/wp-content\/uploads\/2023\/12\/volleyball-520093_1280.jpg","type":"image\/jpeg"}],"author":"Leandro Lafr\u00e1gola","twitter_card":"summary_large_image","twitter_creator":"@saocamilosp","twitter_site":"@saocamilosp","twitter_misc":{"Escrito por":"Leandro Lafr\u00e1gola","Est. tempo de leitura":"6 minutos"},"schema":{"@context":"https:\/\/schema.org","@graph":[{"@type":"Article","@id":"https:\/\/blog.saocamilo-sp.br\/index.php\/2023\/12\/10\/atletas-trans-e-cis-sao-tao-diferentes-assim-pesquisa-brasileira-investiga\/#article","isPartOf":{"@id":"https:\/\/blog.saocamilo-sp.br\/index.php\/2023\/12\/10\/atletas-trans-e-cis-sao-tao-diferentes-assim-pesquisa-brasileira-investiga\/"},"author":{"name":"Leandro Lafr\u00e1gola","@id":"https:\/\/blog.saocamilo-sp.br\/#\/schema\/person\/1a99645faaab0bb55105f817e866e19b"},"headline":"Atletas trans e cis s\u00e3o t\u00e3o diferentes assim? Pesquisa brasileira investiga","datePublished":"2023-12-10T20:07:57+00:00","dateModified":"2023-12-10T20:07:59+00:00","mainEntityOfPage":{"@id":"https:\/\/blog.saocamilo-sp.br\/index.php\/2023\/12\/10\/atletas-trans-e-cis-sao-tao-diferentes-assim-pesquisa-brasileira-investiga\/"},"wordCount":1131,"commentCount":0,"publisher":{"@id":"https:\/\/blog.saocamilo-sp.br\/#organization"},"image":{"@id":"https:\/\/blog.saocamilo-sp.br\/index.php\/2023\/12\/10\/atletas-trans-e-cis-sao-tao-diferentes-assim-pesquisa-brasileira-investiga\/#primaryimage"},"thumbnailUrl":"https:\/\/blog.saocamilo-sp.br\/wp-content\/uploads\/2023\/12\/volleyball-520093_1280.jpg","keywords":["cl\u00ednica-escola","esporte","Pesquisa"],"articleSection":["Cl\u00ednica-escola","Medicina","Pesquisas"],"inLanguage":"pt-BR","potentialAction":[{"@type":"CommentAction","name":"Comment","target":["https:\/\/blog.saocamilo-sp.br\/index.php\/2023\/12\/10\/atletas-trans-e-cis-sao-tao-diferentes-assim-pesquisa-brasileira-investiga\/#respond"]}]},{"@type":"WebPage","@id":"https:\/\/blog.saocamilo-sp.br\/index.php\/2023\/12\/10\/atletas-trans-e-cis-sao-tao-diferentes-assim-pesquisa-brasileira-investiga\/","url":"https:\/\/blog.saocamilo-sp.br\/index.php\/2023\/12\/10\/atletas-trans-e-cis-sao-tao-diferentes-assim-pesquisa-brasileira-investiga\/","name":"Atletas trans e cis s\u00e3o t\u00e3o diferentes assim? Pesquisa brasileira investiga - Blog S\u00e3o Camilo","isPartOf":{"@id":"https:\/\/blog.saocamilo-sp.br\/#website"},"primaryImageOfPage":{"@id":"https:\/\/blog.saocamilo-sp.br\/index.php\/2023\/12\/10\/atletas-trans-e-cis-sao-tao-diferentes-assim-pesquisa-brasileira-investiga\/#primaryimage"},"image":{"@id":"https:\/\/blog.saocamilo-sp.br\/index.php\/2023\/12\/10\/atletas-trans-e-cis-sao-tao-diferentes-assim-pesquisa-brasileira-investiga\/#primaryimage"},"thumbnailUrl":"https:\/\/blog.saocamilo-sp.br\/wp-content\/uploads\/2023\/12\/volleyball-520093_1280.jpg","datePublished":"2023-12-10T20:07:57+00:00","dateModified":"2023-12-10T20:07:59+00:00","description":"Pesquisa feita por Leonardo Alvares e equipe, que \u00e9 professor da Faculdade de Medicina do Centro Universit\u00e1rio S\u00e3o Camilo (SP), destacou algumas diferen\u00e7as.","breadcrumb":{"@id":"https:\/\/blog.saocamilo-sp.br\/index.php\/2023\/12\/10\/atletas-trans-e-cis-sao-tao-diferentes-assim-pesquisa-brasileira-investiga\/#breadcrumb"},"inLanguage":"pt-BR","potentialAction":[{"@type":"ReadAction","target":["https:\/\/blog.saocamilo-sp.br\/index.php\/2023\/12\/10\/atletas-trans-e-cis-sao-tao-diferentes-assim-pesquisa-brasileira-investiga\/"]}]},{"@type":"ImageObject","inLanguage":"pt-BR","@id":"https:\/\/blog.saocamilo-sp.br\/index.php\/2023\/12\/10\/atletas-trans-e-cis-sao-tao-diferentes-assim-pesquisa-brasileira-investiga\/#primaryimage","url":"https:\/\/blog.saocamilo-sp.br\/wp-content\/uploads\/2023\/12\/volleyball-520093_1280.jpg","contentUrl":"https:\/\/blog.saocamilo-sp.br\/wp-content\/uploads\/2023\/12\/volleyball-520093_1280.jpg","width":1280,"height":853,"caption":"volei pesquisa atletas trans"},{"@type":"BreadcrumbList","@id":"https:\/\/blog.saocamilo-sp.br\/index.php\/2023\/12\/10\/atletas-trans-e-cis-sao-tao-diferentes-assim-pesquisa-brasileira-investiga\/#breadcrumb","itemListElement":[{"@type":"ListItem","position":1,"name":"In\u00edcio","item":"https:\/\/blog.saocamilo-sp.br\/"},{"@type":"ListItem","position":2,"name":"Atletas trans e cis s\u00e3o t\u00e3o diferentes assim? Pesquisa brasileira investiga"}]},{"@type":"WebSite","@id":"https:\/\/blog.saocamilo-sp.br\/#website","url":"https:\/\/blog.saocamilo-sp.br\/","name":"Blog S\u00e3o Camilo","description":"Blog do Centro Universit\u00e1rio S\u00e3o Camilo","publisher":{"@id":"https:\/\/blog.saocamilo-sp.br\/#organization"},"potentialAction":[{"@type":"SearchAction","target":{"@type":"EntryPoint","urlTemplate":"https:\/\/blog.saocamilo-sp.br\/?s={search_term_string}"},"query-input":{"@type":"PropertyValueSpecification","valueRequired":true,"valueName":"search_term_string"}}],"inLanguage":"pt-BR"},{"@type":"Organization","@id":"https:\/\/blog.saocamilo-sp.br\/#organization","name":"Blog S\u00e3o Camilo","url":"https:\/\/blog.saocamilo-sp.br\/","logo":{"@type":"ImageObject","inLanguage":"pt-BR","@id":"https:\/\/blog.saocamilo-sp.br\/#\/schema\/logo\/image\/","url":"https:\/\/blog.saocamilo-sp.br\/wp-content\/uploads\/2021\/12\/cropped-vazio-logo-topo.png","contentUrl":"https:\/\/blog.saocamilo-sp.br\/wp-content\/uploads\/2021\/12\/cropped-vazio-logo-topo.png","width":320,"height":240,"caption":"Blog S\u00e3o Camilo"},"image":{"@id":"https:\/\/blog.saocamilo-sp.br\/#\/schema\/logo\/image\/"},"sameAs":["https:\/\/www.facebook.com\/saocamilosp","https:\/\/x.com\/saocamilosp","https:\/\/www.linkedin.com\/school\/centro-universit-rio-s-o-camilo\/"]},{"@type":"Person","@id":"https:\/\/blog.saocamilo-sp.br\/#\/schema\/person\/1a99645faaab0bb55105f817e866e19b","name":"Leandro Lafr\u00e1gola","image":{"@type":"ImageObject","inLanguage":"pt-BR","@id":"https:\/\/secure.gravatar.com\/avatar\/ec4232fb8d50d80f1c672353dc4c2876490e6a0a2a33d6572c0ba1fb78f115cf?s=96&d=mm&r=g","url":"https:\/\/secure.gravatar.com\/avatar\/ec4232fb8d50d80f1c672353dc4c2876490e6a0a2a33d6572c0ba1fb78f115cf?s=96&d=mm&r=g","contentUrl":"https:\/\/secure.gravatar.com\/avatar\/ec4232fb8d50d80f1c672353dc4c2876490e6a0a2a33d6572c0ba1fb78f115cf?s=96&d=mm&r=g","caption":"Leandro Lafr\u00e1gola"},"url":"https:\/\/blog.saocamilo-sp.br\/index.php\/author\/llafragola\/"}]}},"_links":{"self":[{"href":"https:\/\/blog.saocamilo-sp.br\/index.php\/wp-json\/wp\/v2\/posts\/2105","targetHints":{"allow":["GET"]}}],"collection":[{"href":"https:\/\/blog.saocamilo-sp.br\/index.php\/wp-json\/wp\/v2\/posts"}],"about":[{"href":"https:\/\/blog.saocamilo-sp.br\/index.php\/wp-json\/wp\/v2\/types\/post"}],"author":[{"embeddable":true,"href":"https:\/\/blog.saocamilo-sp.br\/index.php\/wp-json\/wp\/v2\/users\/13"}],"replies":[{"embeddable":true,"href":"https:\/\/blog.saocamilo-sp.br\/index.php\/wp-json\/wp\/v2\/comments?post=2105"}],"version-history":[{"count":1,"href":"https:\/\/blog.saocamilo-sp.br\/index.php\/wp-json\/wp\/v2\/posts\/2105\/revisions"}],"predecessor-version":[{"id":2110,"href":"https:\/\/blog.saocamilo-sp.br\/index.php\/wp-json\/wp\/v2\/posts\/2105\/revisions\/2110"}],"wp:featuredmedia":[{"embeddable":true,"href":"https:\/\/blog.saocamilo-sp.br\/index.php\/wp-json\/wp\/v2\/media\/2106"}],"wp:attachment":[{"href":"https:\/\/blog.saocamilo-sp.br\/index.php\/wp-json\/wp\/v2\/media?parent=2105"}],"wp:term":[{"taxonomy":"category","embeddable":true,"href":"https:\/\/blog.saocamilo-sp.br\/index.php\/wp-json\/wp\/v2\/categories?post=2105"},{"taxonomy":"post_tag","embeddable":true,"href":"https:\/\/blog.saocamilo-sp.br\/index.php\/wp-json\/wp\/v2\/tags?post=2105"}],"curies":[{"name":"wp","href":"https:\/\/api.w.org\/{rel}","templated":true}]}}