{"id":2111,"date":"2023-12-11T15:25:58","date_gmt":"2023-12-11T18:25:58","guid":{"rendered":"https:\/\/blog.saocamilo-sp.br\/?p=2111"},"modified":"2024-12-11T17:23:39","modified_gmt":"2024-12-11T20:23:39","slug":"dia-do-palhaco","status":"publish","type":"post","link":"https:\/\/blog.saocamilo-sp.br\/index.php\/2023\/12\/11\/dia-do-palhaco\/","title":{"rendered":"Dia Mundial do palha\u00e7o: conhe\u00e7a o Projeto de Extens\u00e3o Narizes de Plant\u00e3o"},"content":{"rendered":"\n<p>No dia do palha\u00e7o iremos falar sobre o trabalho incr\u00edvel dos palha\u00e7os do Narizes de Plant\u00e3o que fazem parte de um projeto maravilhoso do Centro Universit\u00e1rio S\u00e3o Camilo. Iremos falar tamb\u00e9m da import\u00e2ncia de palha\u00e7os em ambientes hospitalares e quando come\u00e7ou.<\/p>\n\n\n\n<h3 class=\"wp-block-heading\">Palha\u00e7os em ambientes hospitalares<\/h3>\n\n\n\n<p>Palha\u00e7os em ambientes hospitalares desempenham um papel crucial no apoio emocional, social e psicol\u00f3gico dos pacientes, suas fam\u00edlias e at\u00e9 mesmo dos profissionais de sa\u00fade. A pr\u00e1tica de inserir palha\u00e7os em hospitais, tem ganhado reconhecimento devido aos diversos benef\u00edcios que proporciona. Aqui est\u00e3o algumas maneiras pelas quais os palha\u00e7os contribuem em ambientes hospitalares:<\/p>\n\n\n\n<ol class=\"wp-block-list\">\n<li><strong>Al\u00edvio do Estresse e Ansiedade:<\/strong> A hospitaliza\u00e7\u00e3o pode ser uma experi\u00eancia estressante para os pacientes, especialmente crian\u00e7as. Palha\u00e7os s\u00e3o especialistas em criar um ambiente leve e descontra\u00eddo, ajudando a reduzir o estresse e a ansiedade.<\/li>\n\n\n\n<li><strong>Distra\u00e7\u00e3o Terap\u00eautica:<\/strong> Os palha\u00e7os proporcionam uma distra\u00e7\u00e3o valiosa para os pacientes, tirando o foco das preocupa\u00e7\u00f5es m\u00e9dicas e proporcionando momentos de alegria e divers\u00e3o. Isso pode ser particularmente ben\u00e9fico durante procedimentos dolorosos ou desconfort\u00e1veis.<\/li>\n\n\n\n<li><strong>Est\u00edmulo \u00e0 Criatividade e Imagina\u00e7\u00e3o:<\/strong> Os palha\u00e7os muitas vezes envolvem os pacientes em atividades criativas e l\u00fadicas, estimulando a imagina\u00e7\u00e3o das crian\u00e7as e ajudando-as a lidar com a realidade do ambiente hospitalar.<\/li>\n\n\n\n<li><strong>Melhoria do Humor:<\/strong> O riso \u00e9 uma forma poderosa de promover o bem-estar emocional. Os palha\u00e7os hospitalares usam o humor de maneira sens\u00edvel para levantar o \u00e2nimo dos pacientes e proporcionar momentos de alegria, o que pode ter efeitos positivos na recupera\u00e7\u00e3o.<\/li>\n\n\n\n<li><strong>Conex\u00e3o Humana:<\/strong> A presen\u00e7a de palha\u00e7os cria uma conex\u00e3o humana genu\u00edna no ambiente hospitalar. Isso n\u00e3o apenas beneficia os pacientes, mas tamb\u00e9m os profissionais de sa\u00fade, proporcionando uma pausa bem-vinda nas rotinas m\u00e9dicas intensas.<\/li>\n\n\n\n<li><strong>Est\u00edmulo \u00e0 Express\u00e3o Emocional:<\/strong> Palha\u00e7os muitas vezes encorajam os pacientes a expressar suas emo\u00e7\u00f5es, sejam elas medo, tristeza ou alegria. Isso pode ser terapeuticamente ben\u00e9fico, ajudando os pacientes a lidar com suas experi\u00eancias emocionais.<\/li>\n\n\n\n<li><strong>Aumento da Resili\u00eancia:<\/strong> A capacidade dos palha\u00e7os de criar momentos de alegria e otimismo contribui para a constru\u00e7\u00e3o da resili\u00eancia dos pacientes, ajudando-os a enfrentar os desafios da hospitaliza\u00e7\u00e3o com uma perspectiva mais positiva.<\/li>\n\n\n\n<li><strong>Envolvimento Familiar:<\/strong> Palha\u00e7os hospitalares tamb\u00e9m interagem com as fam\u00edlias dos pacientes, proporcionando momentos de descontra\u00e7\u00e3o e apoio emocional. Isso \u00e9 especialmente significativo em situa\u00e7\u00f5es em que as fam\u00edlias est\u00e3o lidando com o estresse e a incerteza da sa\u00fade de um ente querido.<\/li>\n<\/ol>\n\n\n\n<h3 class=\"wp-block-heading\">Narizes de Plant\u00e3o e seu papel importante<\/h3>\n\n\n\n<p>Fundado no Centro Universit\u00e1rio S\u00e3o Camilo em 2011, o Narizes de plant\u00e3o faz parte de um projeto de extens\u00e3o onde alunos e colaboradores participam para criar a humaniza\u00e7\u00e3o e trazer leveza e felicidade no dia dos pacientes hospitalares.<\/p>\n\n\n\n<p>Foram entrevistadas duas participantes do projeto, Babi (Colaboradora) e Pardola (Estudante de Fisioterapia) para contar um pouco mais sobre o projeto incr\u00edvel!<\/p>\n\n\n<div class=\"wp-block-image\">\n<figure class=\"aligncenter size-full is-resized\"><img loading=\"lazy\" decoding=\"async\" width=\"4608\" height=\"3072\" src=\"https:\/\/blog.saocamilo-sp.br\/wp-content\/uploads\/2023\/12\/image.png\" alt=\"\" class=\"wp-image-2113\" style=\"width:653px;height:435px\"\/><figcaption class=\"wp-element-caption\">Babi (Colaboradora e do projeto desde 2023) e Pardola (Estudante de Fisioterapia e do projeto desde 2021)<\/figcaption><\/figure>\n<\/div>\n\n\n<p>Como todo projeto, o Narizes de Plant\u00e3o tem inscri\u00e7\u00f5es e um projeto de capacita\u00e7\u00e3o que depois de aprovado, 16 pessoas far\u00e3o parte da oficina.<\/p>\n\n\n\n<p><em>&#8220;A gente passa por um processo de capacita\u00e7\u00e3o que leva a gente para essa reta final que \u00e9 aplicar no ambiente hospitalar&#8221;<\/em> -Pardola.<\/p>\n\n\n\n<p>Um dos objetivos do projeto \u00e9 fazer com que o contato e atendimento dos pacientes seja mais pr\u00f3ximo e descontra\u00eddo.<\/p>\n\n\n\n<p><em>&#8220;Humanizar a visita no hospital&#8221;<\/em>&#8211; Babi.<\/p>\n\n\n\n<p>Para fazer parte do projeto, n\u00e3o precisa ter um perfil espec\u00edfico, apenas ser voc\u00ea mesmo! O projeto n\u00e3o \u00e9 definido por nenhum curso, g\u00eanero ou pessoa, o que o torna ainda mais especial.<\/p>\n\n\n\n<p><em>&#8220;Voc\u00ea pode ser qualquer coisa, n\u00e3o existe um perfil, porque aqui a gente aprende a ser a gente mesmo!&#8221;<\/em>&#8211; Pardola<\/p>\n\n\n\n<p><em>&#8220;Ele \u00e9 aberto a todos os estudantes de gradua\u00e7\u00e3o, p\u00f3s gradua\u00e7\u00e3o, especializa\u00e7\u00e3o do Centro Universit\u00e1rio S\u00e3o Camilo e tamb\u00e9m para colaboradores de qualquer campus&#8221;<\/em>&#8211; Babi.<\/p>\n\n\n\n<p>Fa\u00e7a parte do narizes de plant\u00e3o!<\/p>\n\n\n\n<p>Assista o v\u00eddeo completo da nossa entrevista no youtube!<\/p>\n\n\n\n<figure class=\"wp-block-embed is-type-video is-provider-youtube wp-block-embed-youtube wp-embed-aspect-16-9 wp-has-aspect-ratio\"><div class=\"wp-block-embed__wrapper\">\n<iframe loading=\"lazy\" title=\"Conhe\u00e7a o Projeto de Extens\u00e3o: Narizes de Plant\u00e3o\" width=\"676\" height=\"380\" src=\"https:\/\/www.youtube.com\/embed\/_ar47dRqkIE?feature=oembed\" frameborder=\"0\" allow=\"accelerometer; autoplay; clipboard-write; encrypted-media; gyroscope; picture-in-picture; web-share\" allowfullscreen><\/iframe>\n<\/div><figcaption class=\"wp-element-caption\">Conhe\u00e7a o projeto de extens\u00e3o: Narizes de Plant\u00e3o<\/figcaption><\/figure>\n","protected":false},"excerpt":{"rendered":"<p>Hoje vamos falar sobre o trabalho incr\u00edvel dos palha\u00e7os do Narizes de Plant\u00e3o, um projeto maravilhoso do Centro Universit\u00e1rio S\u00e3o Camilo.<\/p>\n","protected":false},"author":4,"featured_media":2114,"comment_status":"open","ping_status":"open","sticky":false,"template":"","format":"standard","meta":{"cybocfi_hide_featured_image":"","footnotes":""},"categories":[91],"tags":[131,59],"class_list":["post-2111","post","type-post","status-publish","format-standard","has-post-thumbnail","hentry","category-institucional","tag-extensao","tag-narizes-de-plantao"],"yoast_head":"<!-- This site is optimized with the Yoast SEO plugin v27.4 - https:\/\/yoast.com\/product\/yoast-seo-wordpress\/ -->\n<title>Dia Mundial do palha\u00e7o: conhe\u00e7a o Projeto de Extens\u00e3o Narizes de Plant\u00e3o - Blog S\u00e3o Camilo<\/title>\n<meta name=\"description\" content=\"No dia do palha\u00e7o iremos falar sobre o trabalho incr\u00edvel dos palha\u00e7os do Narizes de Plant\u00e3o que fazem parte de um projeto maravilhoso do C...\" \/>\n<meta name=\"robots\" content=\"index, follow, max-snippet:-1, max-image-preview:large, max-video-preview:-1\" \/>\n<link rel=\"canonical\" href=\"https:\/\/blog.saocamilo-sp.br\/index.php\/2023\/12\/11\/dia-do-palhaco\/\" \/>\n<meta property=\"og:locale\" content=\"pt_BR\" \/>\n<meta property=\"og:type\" content=\"article\" \/>\n<meta property=\"og:title\" content=\"Dia Mundial do palha\u00e7o: conhe\u00e7a o Projeto de Extens\u00e3o Narizes de Plant\u00e3o - Blog S\u00e3o Camilo\" \/>\n<meta property=\"og:description\" content=\"No dia do palha\u00e7o iremos falar sobre o trabalho incr\u00edvel dos palha\u00e7os do Narizes de Plant\u00e3o que fazem parte de um projeto maravilhoso do C...\" \/>\n<meta property=\"og:url\" content=\"https:\/\/blog.saocamilo-sp.br\/index.php\/2023\/12\/11\/dia-do-palhaco\/\" \/>\n<meta property=\"og:site_name\" content=\"Blog S\u00e3o Camilo\" \/>\n<meta property=\"article:publisher\" content=\"https:\/\/www.facebook.com\/saocamilosp\" \/>\n<meta property=\"article:published_time\" content=\"2023-12-11T18:25:58+00:00\" \/>\n<meta property=\"article:modified_time\" content=\"2024-12-11T20:23:39+00:00\" \/>\n<meta property=\"og:image\" content=\"https:\/\/blog.saocamilo-sp.br\/wp-content\/uploads\/2023\/12\/Palhaco.jpg\" \/>\n\t<meta property=\"og:image:width\" content=\"768\" \/>\n\t<meta property=\"og:image:height\" content=\"518\" \/>\n\t<meta property=\"og:image:type\" content=\"image\/jpeg\" \/>\n<meta name=\"author\" content=\"Lucas Soares Gon\u00e7alves\" \/>\n<meta name=\"twitter:card\" content=\"summary_large_image\" \/>\n<meta name=\"twitter:creator\" content=\"@saocamilosp\" \/>\n<meta name=\"twitter:site\" content=\"@saocamilosp\" \/>\n<meta name=\"twitter:label1\" content=\"Escrito por\" \/>\n\t<meta name=\"twitter:data1\" content=\"Lucas Soares Gon\u00e7alves\" \/>\n\t<meta name=\"twitter:label2\" content=\"Est. tempo de leitura\" \/>\n\t<meta name=\"twitter:data2\" content=\"4 minutos\" \/>\n<script type=\"application\/ld+json\" class=\"yoast-schema-graph\">{\"@context\":\"https:\\\/\\\/schema.org\",\"@graph\":[{\"@type\":\"Article\",\"@id\":\"https:\\\/\\\/blog.saocamilo-sp.br\\\/index.php\\\/2023\\\/12\\\/11\\\/dia-do-palhaco\\\/#article\",\"isPartOf\":{\"@id\":\"https:\\\/\\\/blog.saocamilo-sp.br\\\/index.php\\\/2023\\\/12\\\/11\\\/dia-do-palhaco\\\/\"},\"author\":{\"name\":\"Lucas Soares Gon\u00e7alves\",\"@id\":\"https:\\\/\\\/blog.saocamilo-sp.br\\\/#\\\/schema\\\/person\\\/781135418152912d4b58f2db13a2eaf0\"},\"headline\":\"Dia Mundial do palha\u00e7o: conhe\u00e7a o Projeto de Extens\u00e3o Narizes de Plant\u00e3o\",\"datePublished\":\"2023-12-11T18:25:58+00:00\",\"dateModified\":\"2024-12-11T20:23:39+00:00\",\"mainEntityOfPage\":{\"@id\":\"https:\\\/\\\/blog.saocamilo-sp.br\\\/index.php\\\/2023\\\/12\\\/11\\\/dia-do-palhaco\\\/\"},\"wordCount\":763,\"commentCount\":0,\"publisher\":{\"@id\":\"https:\\\/\\\/blog.saocamilo-sp.br\\\/#organization\"},\"image\":{\"@id\":\"https:\\\/\\\/blog.saocamilo-sp.br\\\/index.php\\\/2023\\\/12\\\/11\\\/dia-do-palhaco\\\/#primaryimage\"},\"thumbnailUrl\":\"https:\\\/\\\/blog.saocamilo-sp.br\\\/wp-content\\\/uploads\\\/2023\\\/12\\\/Palhaco.jpg\",\"keywords\":[\"Extens\u00e3o\",\"Narizes de Plant\u00e3o\"],\"articleSection\":[\"Institucional\"],\"inLanguage\":\"pt-BR\",\"potentialAction\":[{\"@type\":\"CommentAction\",\"name\":\"Comment\",\"target\":[\"https:\\\/\\\/blog.saocamilo-sp.br\\\/index.php\\\/2023\\\/12\\\/11\\\/dia-do-palhaco\\\/#respond\"]}]},{\"@type\":\"WebPage\",\"@id\":\"https:\\\/\\\/blog.saocamilo-sp.br\\\/index.php\\\/2023\\\/12\\\/11\\\/dia-do-palhaco\\\/\",\"url\":\"https:\\\/\\\/blog.saocamilo-sp.br\\\/index.php\\\/2023\\\/12\\\/11\\\/dia-do-palhaco\\\/\",\"name\":\"Dia Mundial do palha\u00e7o: conhe\u00e7a o Projeto de Extens\u00e3o Narizes de Plant\u00e3o - Blog S\u00e3o Camilo\",\"isPartOf\":{\"@id\":\"https:\\\/\\\/blog.saocamilo-sp.br\\\/#website\"},\"primaryImageOfPage\":{\"@id\":\"https:\\\/\\\/blog.saocamilo-sp.br\\\/index.php\\\/2023\\\/12\\\/11\\\/dia-do-palhaco\\\/#primaryimage\"},\"image\":{\"@id\":\"https:\\\/\\\/blog.saocamilo-sp.br\\\/index.php\\\/2023\\\/12\\\/11\\\/dia-do-palhaco\\\/#primaryimage\"},\"thumbnailUrl\":\"https:\\\/\\\/blog.saocamilo-sp.br\\\/wp-content\\\/uploads\\\/2023\\\/12\\\/Palhaco.jpg\",\"datePublished\":\"2023-12-11T18:25:58+00:00\",\"dateModified\":\"2024-12-11T20:23:39+00:00\",\"description\":\"No dia do palha\u00e7o iremos falar sobre o trabalho incr\u00edvel dos palha\u00e7os do Narizes de Plant\u00e3o que fazem parte de um projeto maravilhoso do C...\",\"breadcrumb\":{\"@id\":\"https:\\\/\\\/blog.saocamilo-sp.br\\\/index.php\\\/2023\\\/12\\\/11\\\/dia-do-palhaco\\\/#breadcrumb\"},\"inLanguage\":\"pt-BR\",\"potentialAction\":[{\"@type\":\"ReadAction\",\"target\":[\"https:\\\/\\\/blog.saocamilo-sp.br\\\/index.php\\\/2023\\\/12\\\/11\\\/dia-do-palhaco\\\/\"]}]},{\"@type\":\"ImageObject\",\"inLanguage\":\"pt-BR\",\"@id\":\"https:\\\/\\\/blog.saocamilo-sp.br\\\/index.php\\\/2023\\\/12\\\/11\\\/dia-do-palhaco\\\/#primaryimage\",\"url\":\"https:\\\/\\\/blog.saocamilo-sp.br\\\/wp-content\\\/uploads\\\/2023\\\/12\\\/Palhaco.jpg\",\"contentUrl\":\"https:\\\/\\\/blog.saocamilo-sp.br\\\/wp-content\\\/uploads\\\/2023\\\/12\\\/Palhaco.jpg\",\"width\":768,\"height\":518},{\"@type\":\"BreadcrumbList\",\"@id\":\"https:\\\/\\\/blog.saocamilo-sp.br\\\/index.php\\\/2023\\\/12\\\/11\\\/dia-do-palhaco\\\/#breadcrumb\",\"itemListElement\":[{\"@type\":\"ListItem\",\"position\":1,\"name\":\"In\u00edcio\",\"item\":\"https:\\\/\\\/blog.saocamilo-sp.br\\\/\"},{\"@type\":\"ListItem\",\"position\":2,\"name\":\"Dia Mundial do palha\u00e7o: conhe\u00e7a o Projeto de Extens\u00e3o Narizes de Plant\u00e3o\"}]},{\"@type\":\"WebSite\",\"@id\":\"https:\\\/\\\/blog.saocamilo-sp.br\\\/#website\",\"url\":\"https:\\\/\\\/blog.saocamilo-sp.br\\\/\",\"name\":\"Blog S\u00e3o Camilo\",\"description\":\"Blog do Centro Universit\u00e1rio S\u00e3o Camilo\",\"publisher\":{\"@id\":\"https:\\\/\\\/blog.saocamilo-sp.br\\\/#organization\"},\"potentialAction\":[{\"@type\":\"SearchAction\",\"target\":{\"@type\":\"EntryPoint\",\"urlTemplate\":\"https:\\\/\\\/blog.saocamilo-sp.br\\\/?s={search_term_string}\"},\"query-input\":{\"@type\":\"PropertyValueSpecification\",\"valueRequired\":true,\"valueName\":\"search_term_string\"}}],\"inLanguage\":\"pt-BR\"},{\"@type\":\"Organization\",\"@id\":\"https:\\\/\\\/blog.saocamilo-sp.br\\\/#organization\",\"name\":\"Blog S\u00e3o Camilo\",\"url\":\"https:\\\/\\\/blog.saocamilo-sp.br\\\/\",\"logo\":{\"@type\":\"ImageObject\",\"inLanguage\":\"pt-BR\",\"@id\":\"https:\\\/\\\/blog.saocamilo-sp.br\\\/#\\\/schema\\\/logo\\\/image\\\/\",\"url\":\"https:\\\/\\\/blog.saocamilo-sp.br\\\/wp-content\\\/uploads\\\/2021\\\/12\\\/cropped-vazio-logo-topo.png\",\"contentUrl\":\"https:\\\/\\\/blog.saocamilo-sp.br\\\/wp-content\\\/uploads\\\/2021\\\/12\\\/cropped-vazio-logo-topo.png\",\"width\":320,\"height\":240,\"caption\":\"Blog S\u00e3o Camilo\"},\"image\":{\"@id\":\"https:\\\/\\\/blog.saocamilo-sp.br\\\/#\\\/schema\\\/logo\\\/image\\\/\"},\"sameAs\":[\"https:\\\/\\\/www.facebook.com\\\/saocamilosp\",\"https:\\\/\\\/x.com\\\/saocamilosp\",\"https:\\\/\\\/www.linkedin.com\\\/school\\\/centro-universit-rio-s-o-camilo\\\/\"]},{\"@type\":\"Person\",\"@id\":\"https:\\\/\\\/blog.saocamilo-sp.br\\\/#\\\/schema\\\/person\\\/781135418152912d4b58f2db13a2eaf0\",\"name\":\"Lucas Soares Gon\u00e7alves\",\"image\":{\"@type\":\"ImageObject\",\"inLanguage\":\"pt-BR\",\"@id\":\"https:\\\/\\\/secure.gravatar.com\\\/avatar\\\/bcd2d703cbb48116eaac2cac8643792535238ff30b2d7ce9e16f9254ec9cae83?s=96&d=mm&r=g\",\"url\":\"https:\\\/\\\/secure.gravatar.com\\\/avatar\\\/bcd2d703cbb48116eaac2cac8643792535238ff30b2d7ce9e16f9254ec9cae83?s=96&d=mm&r=g\",\"contentUrl\":\"https:\\\/\\\/secure.gravatar.com\\\/avatar\\\/bcd2d703cbb48116eaac2cac8643792535238ff30b2d7ce9e16f9254ec9cae83?s=96&d=mm&r=g\",\"caption\":\"Lucas Soares Gon\u00e7alves\"},\"url\":\"https:\\\/\\\/blog.saocamilo-sp.br\\\/index.php\\\/author\\\/lucas-soares-goncalves\\\/\"}]}<\/script>\n<!-- \/ Yoast SEO plugin. -->","yoast_head_json":{"title":"Dia Mundial do palha\u00e7o: conhe\u00e7a o Projeto de Extens\u00e3o Narizes de Plant\u00e3o - Blog S\u00e3o Camilo","description":"No dia do palha\u00e7o iremos falar sobre o trabalho incr\u00edvel dos palha\u00e7os do Narizes de Plant\u00e3o que fazem parte de um projeto maravilhoso do C...","robots":{"index":"index","follow":"follow","max-snippet":"max-snippet:-1","max-image-preview":"max-image-preview:large","max-video-preview":"max-video-preview:-1"},"canonical":"https:\/\/blog.saocamilo-sp.br\/index.php\/2023\/12\/11\/dia-do-palhaco\/","og_locale":"pt_BR","og_type":"article","og_title":"Dia Mundial do palha\u00e7o: conhe\u00e7a o Projeto de Extens\u00e3o Narizes de Plant\u00e3o - Blog S\u00e3o Camilo","og_description":"No dia do palha\u00e7o iremos falar sobre o trabalho incr\u00edvel dos palha\u00e7os do Narizes de Plant\u00e3o que fazem parte de um projeto maravilhoso do C...","og_url":"https:\/\/blog.saocamilo-sp.br\/index.php\/2023\/12\/11\/dia-do-palhaco\/","og_site_name":"Blog S\u00e3o Camilo","article_publisher":"https:\/\/www.facebook.com\/saocamilosp","article_published_time":"2023-12-11T18:25:58+00:00","article_modified_time":"2024-12-11T20:23:39+00:00","og_image":[{"width":768,"height":518,"url":"https:\/\/blog.saocamilo-sp.br\/wp-content\/uploads\/2023\/12\/Palhaco.jpg","type":"image\/jpeg"}],"author":"Lucas Soares Gon\u00e7alves","twitter_card":"summary_large_image","twitter_creator":"@saocamilosp","twitter_site":"@saocamilosp","twitter_misc":{"Escrito por":"Lucas Soares Gon\u00e7alves","Est. tempo de leitura":"4 minutos"},"schema":{"@context":"https:\/\/schema.org","@graph":[{"@type":"Article","@id":"https:\/\/blog.saocamilo-sp.br\/index.php\/2023\/12\/11\/dia-do-palhaco\/#article","isPartOf":{"@id":"https:\/\/blog.saocamilo-sp.br\/index.php\/2023\/12\/11\/dia-do-palhaco\/"},"author":{"name":"Lucas Soares Gon\u00e7alves","@id":"https:\/\/blog.saocamilo-sp.br\/#\/schema\/person\/781135418152912d4b58f2db13a2eaf0"},"headline":"Dia Mundial do palha\u00e7o: conhe\u00e7a o Projeto de Extens\u00e3o Narizes de Plant\u00e3o","datePublished":"2023-12-11T18:25:58+00:00","dateModified":"2024-12-11T20:23:39+00:00","mainEntityOfPage":{"@id":"https:\/\/blog.saocamilo-sp.br\/index.php\/2023\/12\/11\/dia-do-palhaco\/"},"wordCount":763,"commentCount":0,"publisher":{"@id":"https:\/\/blog.saocamilo-sp.br\/#organization"},"image":{"@id":"https:\/\/blog.saocamilo-sp.br\/index.php\/2023\/12\/11\/dia-do-palhaco\/#primaryimage"},"thumbnailUrl":"https:\/\/blog.saocamilo-sp.br\/wp-content\/uploads\/2023\/12\/Palhaco.jpg","keywords":["Extens\u00e3o","Narizes de Plant\u00e3o"],"articleSection":["Institucional"],"inLanguage":"pt-BR","potentialAction":[{"@type":"CommentAction","name":"Comment","target":["https:\/\/blog.saocamilo-sp.br\/index.php\/2023\/12\/11\/dia-do-palhaco\/#respond"]}]},{"@type":"WebPage","@id":"https:\/\/blog.saocamilo-sp.br\/index.php\/2023\/12\/11\/dia-do-palhaco\/","url":"https:\/\/blog.saocamilo-sp.br\/index.php\/2023\/12\/11\/dia-do-palhaco\/","name":"Dia Mundial do palha\u00e7o: conhe\u00e7a o Projeto de Extens\u00e3o Narizes de Plant\u00e3o - Blog S\u00e3o Camilo","isPartOf":{"@id":"https:\/\/blog.saocamilo-sp.br\/#website"},"primaryImageOfPage":{"@id":"https:\/\/blog.saocamilo-sp.br\/index.php\/2023\/12\/11\/dia-do-palhaco\/#primaryimage"},"image":{"@id":"https:\/\/blog.saocamilo-sp.br\/index.php\/2023\/12\/11\/dia-do-palhaco\/#primaryimage"},"thumbnailUrl":"https:\/\/blog.saocamilo-sp.br\/wp-content\/uploads\/2023\/12\/Palhaco.jpg","datePublished":"2023-12-11T18:25:58+00:00","dateModified":"2024-12-11T20:23:39+00:00","description":"No dia do palha\u00e7o iremos falar sobre o trabalho incr\u00edvel dos palha\u00e7os do Narizes de Plant\u00e3o que fazem parte de um projeto maravilhoso do C...","breadcrumb":{"@id":"https:\/\/blog.saocamilo-sp.br\/index.php\/2023\/12\/11\/dia-do-palhaco\/#breadcrumb"},"inLanguage":"pt-BR","potentialAction":[{"@type":"ReadAction","target":["https:\/\/blog.saocamilo-sp.br\/index.php\/2023\/12\/11\/dia-do-palhaco\/"]}]},{"@type":"ImageObject","inLanguage":"pt-BR","@id":"https:\/\/blog.saocamilo-sp.br\/index.php\/2023\/12\/11\/dia-do-palhaco\/#primaryimage","url":"https:\/\/blog.saocamilo-sp.br\/wp-content\/uploads\/2023\/12\/Palhaco.jpg","contentUrl":"https:\/\/blog.saocamilo-sp.br\/wp-content\/uploads\/2023\/12\/Palhaco.jpg","width":768,"height":518},{"@type":"BreadcrumbList","@id":"https:\/\/blog.saocamilo-sp.br\/index.php\/2023\/12\/11\/dia-do-palhaco\/#breadcrumb","itemListElement":[{"@type":"ListItem","position":1,"name":"In\u00edcio","item":"https:\/\/blog.saocamilo-sp.br\/"},{"@type":"ListItem","position":2,"name":"Dia Mundial do palha\u00e7o: conhe\u00e7a o Projeto de Extens\u00e3o Narizes de Plant\u00e3o"}]},{"@type":"WebSite","@id":"https:\/\/blog.saocamilo-sp.br\/#website","url":"https:\/\/blog.saocamilo-sp.br\/","name":"Blog S\u00e3o Camilo","description":"Blog do Centro Universit\u00e1rio S\u00e3o Camilo","publisher":{"@id":"https:\/\/blog.saocamilo-sp.br\/#organization"},"potentialAction":[{"@type":"SearchAction","target":{"@type":"EntryPoint","urlTemplate":"https:\/\/blog.saocamilo-sp.br\/?s={search_term_string}"},"query-input":{"@type":"PropertyValueSpecification","valueRequired":true,"valueName":"search_term_string"}}],"inLanguage":"pt-BR"},{"@type":"Organization","@id":"https:\/\/blog.saocamilo-sp.br\/#organization","name":"Blog S\u00e3o Camilo","url":"https:\/\/blog.saocamilo-sp.br\/","logo":{"@type":"ImageObject","inLanguage":"pt-BR","@id":"https:\/\/blog.saocamilo-sp.br\/#\/schema\/logo\/image\/","url":"https:\/\/blog.saocamilo-sp.br\/wp-content\/uploads\/2021\/12\/cropped-vazio-logo-topo.png","contentUrl":"https:\/\/blog.saocamilo-sp.br\/wp-content\/uploads\/2021\/12\/cropped-vazio-logo-topo.png","width":320,"height":240,"caption":"Blog S\u00e3o Camilo"},"image":{"@id":"https:\/\/blog.saocamilo-sp.br\/#\/schema\/logo\/image\/"},"sameAs":["https:\/\/www.facebook.com\/saocamilosp","https:\/\/x.com\/saocamilosp","https:\/\/www.linkedin.com\/school\/centro-universit-rio-s-o-camilo\/"]},{"@type":"Person","@id":"https:\/\/blog.saocamilo-sp.br\/#\/schema\/person\/781135418152912d4b58f2db13a2eaf0","name":"Lucas Soares Gon\u00e7alves","image":{"@type":"ImageObject","inLanguage":"pt-BR","@id":"https:\/\/secure.gravatar.com\/avatar\/bcd2d703cbb48116eaac2cac8643792535238ff30b2d7ce9e16f9254ec9cae83?s=96&d=mm&r=g","url":"https:\/\/secure.gravatar.com\/avatar\/bcd2d703cbb48116eaac2cac8643792535238ff30b2d7ce9e16f9254ec9cae83?s=96&d=mm&r=g","contentUrl":"https:\/\/secure.gravatar.com\/avatar\/bcd2d703cbb48116eaac2cac8643792535238ff30b2d7ce9e16f9254ec9cae83?s=96&d=mm&r=g","caption":"Lucas Soares Gon\u00e7alves"},"url":"https:\/\/blog.saocamilo-sp.br\/index.php\/author\/lucas-soares-goncalves\/"}]}},"_links":{"self":[{"href":"https:\/\/blog.saocamilo-sp.br\/index.php\/wp-json\/wp\/v2\/posts\/2111","targetHints":{"allow":["GET"]}}],"collection":[{"href":"https:\/\/blog.saocamilo-sp.br\/index.php\/wp-json\/wp\/v2\/posts"}],"about":[{"href":"https:\/\/blog.saocamilo-sp.br\/index.php\/wp-json\/wp\/v2\/types\/post"}],"author":[{"embeddable":true,"href":"https:\/\/blog.saocamilo-sp.br\/index.php\/wp-json\/wp\/v2\/users\/4"}],"replies":[{"embeddable":true,"href":"https:\/\/blog.saocamilo-sp.br\/index.php\/wp-json\/wp\/v2\/comments?post=2111"}],"version-history":[{"count":5,"href":"https:\/\/blog.saocamilo-sp.br\/index.php\/wp-json\/wp\/v2\/posts\/2111\/revisions"}],"predecessor-version":[{"id":3327,"href":"https:\/\/blog.saocamilo-sp.br\/index.php\/wp-json\/wp\/v2\/posts\/2111\/revisions\/3327"}],"wp:featuredmedia":[{"embeddable":true,"href":"https:\/\/blog.saocamilo-sp.br\/index.php\/wp-json\/wp\/v2\/media\/2114"}],"wp:attachment":[{"href":"https:\/\/blog.saocamilo-sp.br\/index.php\/wp-json\/wp\/v2\/media?parent=2111"}],"wp:term":[{"taxonomy":"category","embeddable":true,"href":"https:\/\/blog.saocamilo-sp.br\/index.php\/wp-json\/wp\/v2\/categories?post=2111"},{"taxonomy":"post_tag","embeddable":true,"href":"https:\/\/blog.saocamilo-sp.br\/index.php\/wp-json\/wp\/v2\/tags?post=2111"}],"curies":[{"name":"wp","href":"https:\/\/api.w.org\/{rel}","templated":true}]}}