{"id":2174,"date":"2024-01-03T16:49:48","date_gmt":"2024-01-03T19:49:48","guid":{"rendered":"https:\/\/blog.saocamilo-sp.br\/?p=2174"},"modified":"2024-01-03T16:49:49","modified_gmt":"2024-01-03T19:49:49","slug":"sedentarismo","status":"publish","type":"post","link":"https:\/\/blog.saocamilo-sp.br\/index.php\/2024\/01\/03\/sedentarismo\/","title":{"rendered":"Auto-sabotagem e procrastina\u00e7\u00e3o: os vil\u00f5es para quem quer iniciar o ano fazendo exerc\u00edcios f\u00edsicos"},"content":{"rendered":"\n<p>Professor de Medicina do Esporte e coordenador da Medicina do Centro Universit\u00e1rio S\u00e3o Camilo d\u00e1 dicas para deixar o sedentarismo no passado<\/p>\n\n\n\n<h3 class=\"wp-block-heading\">Metas 2024<\/h3>\n\n\n\n<p>Ano novo chegando e com ele o momento de refletir sobre o que foi feito e planejar as metas para 2024. Isso acontece em v\u00e1rias \u00e1reas: na vida financeira, no amor e tamb\u00e9m em rela\u00e7\u00e3o ao cuidado com o corpo e a sa\u00fade: fazer dieta, marcar consultas m\u00e9dicas e praticar exerc\u00edcios f\u00edsicos costumam ser algumas das atitudes de in\u00edcio de ano, j\u00e1 que o sedentarismo e a procrastina\u00e7\u00e3o muitas vezes andam lado a lado. <\/p>\n\n\n\n<h2 class=\"wp-block-heading\">Falta de vontade de ir para a academia<\/h2>\n\n\n\n<p>Colocar em pr\u00e1tica a frase : \u201cEste ano vou entrar na academia\u201d \u00e9 um desafio para muitos, que t\u00eam como principal atividade f\u00edsica levantar o controle remoto da TV ou fazer agachamento apenas para sentar e levantar da poltrona.\u00a0<br><br>Correr atr\u00e1s do preju\u00edzo logo na sa\u00edda n\u00e3o resolve. Para quem nunca levantou peso, por exemplo, n\u00e3o adianta entrar em uma academia e colocar uma carga em excesso; quem nunca correu n\u00e3o pode fazer um exerc\u00edcio de explos\u00e3o, pois, ao inv\u00e9s de ajudar, pode prejudicar a sa\u00fade ou at\u00e9 mesmo matar.\u00a0 O professor de Medicina do Esporte e coordenador de Medicina do Centro Universit\u00e1rio S\u00e3o Camilo, Raphael Einsfeld, d\u00e1 dicas para quem quer iniciar uma rotina de atividades f\u00edsicas sem traumas e sem riscos.\u00a0<br><br>Segundo ele, existe um pequeno passo para quem quer iniciar o ano de bem com a sa\u00fade.<em> \u201cO n\u00famero m\u00e1gico \u00e9 fazer pelo menos 150 minutos por semana das atividades que a pessoa mais gosta, ou seja, aquela que lhe d\u00e1 mais prazer. Estudos mostram que apenas 20 a 25 de minutos de atividades di\u00e1rias, durante seis vezes por semana, j\u00e1 comprovam melhoria para a sa\u00fade\u201d<\/em>, explicou Einsfeld.\u00a0\u00a0<br><br>Entrar em uma academia se n\u00e3o gosta de muscula\u00e7\u00e3o ou de esteira pode ser um desincentivo. Al\u00e9m de desmotivar, a pessoa pode parar o condicionamento e voltar a ser sedent\u00e1rio. O importante \u00e9 fazer algo que goste e, assim, possa entrar em seu dia a dia. A pessoa deve come\u00e7ar devagar e aumentar progressivamente o n\u00edvel e o tempo de exerc\u00edcios. <em>\u201cPode come\u00e7ar com 15 minutos, se achar mais conveniente. O importante \u00e9 aumentar o gasto energ\u00e9tico\u201d<\/em>, disse o professor do Centro Universit\u00e1rio S\u00e3o Camilo. Ele indica o hor\u00e1rio da manh\u00e3, se poss\u00edvel, para o iniciante se exercitar, como uma forma de evitar a procrastina\u00e7\u00e3o.\u00a0<\/p>\n\n\n\n<h3 class=\"wp-block-heading\">As 10 dicas do professor Raphael Einsfeld s\u00e3o:\u00a0<\/h3>\n\n\n\n<p><br>1.Fa\u00e7a algo que goste;\u00a0<br>2.Comece devagar;\u00a0<br>3.Sinta seu corpo. Ele avisa quanto deve parar.\u00a0<br>4.A consist\u00eancia \u00e9 melhor do que a intensidade.\u00a0<br>5.N\u00e3o use a falta de dinheiro como desculpa;\u00a0<br>6.Crie metas e se recompense;\u00a0<br>7.Procure companhia de algu\u00e9m para fazer exerc\u00edcios;\u00a0<br>8.Encaixe a atividade f\u00edsica em sua rotina;\u00a0<br>9.Ao menor sinal de dor ao se exercitar, pare.\u00a0<br>10.Escolha um hor\u00e1rio que voc\u00ea n\u00e3o arranje uma desculpa para n\u00e3o cumprir depois e pare de se sabotar.<\/p>\n\n\n\n<p>Veja tamb\u00e9m:<br><a href=\"https:\/\/blog.saocamilo-sp.br\/index.php\/2023\/02\/13\/curso-de-medicina-do-centro-universitario-sao-camilo-recebe-certificacao-do-cfm\/\">Medicina da S\u00e3o Camilo recebe certifica\u00e7\u00e3o do CFM<\/a><br><a href=\"https:\/\/blog.saocamilo-sp.br\/index.php\/2023\/10\/19\/cancer-de-mama\/\">Outubro Rosa: Preven\u00e7\u00e3o e Conscientiza\u00e7\u00e3o sobre o C\u00e2ncer de Mama<\/a><br><a href=\"https:\/\/blog.saocamilo-sp.br\/index.php\/2023\/09\/14\/parceria-entre-a-clinica-escola-promove-sao-camilo-e-o-instituto-baccarelli-transforma-vidas-com-musica-e-cuidado\/\">Cl\u00ednica-escola PROMOVE S\u00e3o Camilo e Instituto Baccarelli: arte e cuidado mudam vidas<\/a><\/p>\n\n\n\n<p>Saiba mais sobre nossos cursos:<\/p>\n\n\n\n<iframe loading=\"lazy\" src=\"https:\/\/saocamilo.apprbs.com.br\/tenho-interesse-blog\" height=\"530px\" width=\"100%\" frameborder=\"0\"><\/iframe>\n\n\n\n<p>Compartilhe em:<\/p>\n","protected":false},"excerpt":{"rendered":"<p>Professor de Medicina do Esporte e coordenador da Medicina do Centro Universit\u00e1rio S\u00e3o Camilo d\u00e1 dicas para deixar o sedentarismo no passado Metas 2024 Ano novo chegando e com ele o momento de refletir sobre o que foi feito e&#8230; <a class=\"more-link\" href=\"https:\/\/blog.saocamilo-sp.br\/index.php\/2024\/01\/03\/sedentarismo\/\">Continue Reading &rarr;<\/a><\/p>\n","protected":false},"author":4,"featured_media":2175,"comment_status":"open","ping_status":"open","sticky":false,"template":"","format":"standard","meta":{"cybocfi_hide_featured_image":"","footnotes":""},"categories":[1],"tags":[],"class_list":["post-2174","post","type-post","status-publish","format-standard","has-post-thumbnail","hentry","category-cursos"],"yoast_head":"<!-- This site is optimized with the Yoast SEO plugin v27.5 - https:\/\/yoast.com\/product\/yoast-seo-wordpress\/ -->\n<title>Auto-sabotagem e procrastina\u00e7\u00e3o: os vil\u00f5es para quem quer iniciar o ano fazendo exerc\u00edcios f\u00edsicos - Blog S\u00e3o Camilo<\/title>\n<meta name=\"description\" content=\"Professor de Medicina do Esporte e coordenador da Medicina do Centro Universit\u00e1rio S\u00e3o Camilo d\u00e1 dicas para deixar o sedentarismo no passado\" \/>\n<meta name=\"robots\" content=\"index, follow, max-snippet:-1, max-image-preview:large, max-video-preview:-1\" \/>\n<link rel=\"canonical\" href=\"https:\/\/blog.saocamilo-sp.br\/index.php\/2024\/01\/03\/sedentarismo\/\" \/>\n<meta property=\"og:locale\" content=\"pt_BR\" \/>\n<meta property=\"og:type\" content=\"article\" \/>\n<meta property=\"og:title\" content=\"Auto-sabotagem e procrastina\u00e7\u00e3o: os vil\u00f5es para quem quer iniciar o ano fazendo exerc\u00edcios f\u00edsicos - Blog S\u00e3o Camilo\" \/>\n<meta property=\"og:description\" content=\"Professor de Medicina do Esporte e coordenador da Medicina do Centro Universit\u00e1rio S\u00e3o Camilo d\u00e1 dicas para deixar o sedentarismo no passado\" \/>\n<meta property=\"og:url\" content=\"https:\/\/blog.saocamilo-sp.br\/index.php\/2024\/01\/03\/sedentarismo\/\" \/>\n<meta property=\"og:site_name\" content=\"Blog S\u00e3o Camilo\" \/>\n<meta property=\"article:publisher\" content=\"https:\/\/www.facebook.com\/saocamilosp\" \/>\n<meta property=\"article:published_time\" content=\"2024-01-03T19:49:48+00:00\" \/>\n<meta property=\"article:modified_time\" content=\"2024-01-03T19:49:49+00:00\" \/>\n<meta property=\"og:image\" content=\"https:\/\/blog.saocamilo-sp.br\/wp-content\/uploads\/2024\/01\/image.png\" \/>\n\t<meta property=\"og:image:width\" content=\"640\" \/>\n\t<meta property=\"og:image:height\" content=\"360\" \/>\n\t<meta property=\"og:image:type\" content=\"image\/png\" \/>\n<meta name=\"author\" content=\"Lucas Soares Gon\u00e7alves\" \/>\n<meta name=\"twitter:card\" content=\"summary_large_image\" \/>\n<meta name=\"twitter:creator\" content=\"@saocamilosp\" \/>\n<meta name=\"twitter:site\" content=\"@saocamilosp\" \/>\n<meta name=\"twitter:label1\" content=\"Escrito por\" \/>\n\t<meta name=\"twitter:data1\" content=\"Lucas Soares Gon\u00e7alves\" \/>\n\t<meta name=\"twitter:label2\" content=\"Est. tempo de leitura\" \/>\n\t<meta name=\"twitter:data2\" content=\"3 minutos\" \/>\n<script type=\"application\/ld+json\" class=\"yoast-schema-graph\">{\"@context\":\"https:\\\/\\\/schema.org\",\"@graph\":[{\"@type\":\"Article\",\"@id\":\"https:\\\/\\\/blog.saocamilo-sp.br\\\/index.php\\\/2024\\\/01\\\/03\\\/sedentarismo\\\/#article\",\"isPartOf\":{\"@id\":\"https:\\\/\\\/blog.saocamilo-sp.br\\\/index.php\\\/2024\\\/01\\\/03\\\/sedentarismo\\\/\"},\"author\":{\"name\":\"Lucas Soares Gon\u00e7alves\",\"@id\":\"https:\\\/\\\/blog.saocamilo-sp.br\\\/#\\\/schema\\\/person\\\/781135418152912d4b58f2db13a2eaf0\"},\"headline\":\"Auto-sabotagem e procrastina\u00e7\u00e3o: os vil\u00f5es para quem quer iniciar o ano fazendo exerc\u00edcios f\u00edsicos\",\"datePublished\":\"2024-01-03T19:49:48+00:00\",\"dateModified\":\"2024-01-03T19:49:49+00:00\",\"mainEntityOfPage\":{\"@id\":\"https:\\\/\\\/blog.saocamilo-sp.br\\\/index.php\\\/2024\\\/01\\\/03\\\/sedentarismo\\\/\"},\"wordCount\":594,\"commentCount\":0,\"publisher\":{\"@id\":\"https:\\\/\\\/blog.saocamilo-sp.br\\\/#organization\"},\"image\":{\"@id\":\"https:\\\/\\\/blog.saocamilo-sp.br\\\/index.php\\\/2024\\\/01\\\/03\\\/sedentarismo\\\/#primaryimage\"},\"thumbnailUrl\":\"https:\\\/\\\/blog.saocamilo-sp.br\\\/wp-content\\\/uploads\\\/2024\\\/01\\\/image.png\",\"articleSection\":[\"Cursos\"],\"inLanguage\":\"pt-BR\",\"potentialAction\":[{\"@type\":\"CommentAction\",\"name\":\"Comment\",\"target\":[\"https:\\\/\\\/blog.saocamilo-sp.br\\\/index.php\\\/2024\\\/01\\\/03\\\/sedentarismo\\\/#respond\"]}]},{\"@type\":\"WebPage\",\"@id\":\"https:\\\/\\\/blog.saocamilo-sp.br\\\/index.php\\\/2024\\\/01\\\/03\\\/sedentarismo\\\/\",\"url\":\"https:\\\/\\\/blog.saocamilo-sp.br\\\/index.php\\\/2024\\\/01\\\/03\\\/sedentarismo\\\/\",\"name\":\"Auto-sabotagem e procrastina\u00e7\u00e3o: os vil\u00f5es para quem quer iniciar o ano fazendo exerc\u00edcios f\u00edsicos - Blog S\u00e3o Camilo\",\"isPartOf\":{\"@id\":\"https:\\\/\\\/blog.saocamilo-sp.br\\\/#website\"},\"primaryImageOfPage\":{\"@id\":\"https:\\\/\\\/blog.saocamilo-sp.br\\\/index.php\\\/2024\\\/01\\\/03\\\/sedentarismo\\\/#primaryimage\"},\"image\":{\"@id\":\"https:\\\/\\\/blog.saocamilo-sp.br\\\/index.php\\\/2024\\\/01\\\/03\\\/sedentarismo\\\/#primaryimage\"},\"thumbnailUrl\":\"https:\\\/\\\/blog.saocamilo-sp.br\\\/wp-content\\\/uploads\\\/2024\\\/01\\\/image.png\",\"datePublished\":\"2024-01-03T19:49:48+00:00\",\"dateModified\":\"2024-01-03T19:49:49+00:00\",\"description\":\"Professor de Medicina do Esporte e coordenador da Medicina do Centro Universit\u00e1rio S\u00e3o Camilo d\u00e1 dicas para deixar o sedentarismo no passado\",\"breadcrumb\":{\"@id\":\"https:\\\/\\\/blog.saocamilo-sp.br\\\/index.php\\\/2024\\\/01\\\/03\\\/sedentarismo\\\/#breadcrumb\"},\"inLanguage\":\"pt-BR\",\"potentialAction\":[{\"@type\":\"ReadAction\",\"target\":[\"https:\\\/\\\/blog.saocamilo-sp.br\\\/index.php\\\/2024\\\/01\\\/03\\\/sedentarismo\\\/\"]}]},{\"@type\":\"ImageObject\",\"inLanguage\":\"pt-BR\",\"@id\":\"https:\\\/\\\/blog.saocamilo-sp.br\\\/index.php\\\/2024\\\/01\\\/03\\\/sedentarismo\\\/#primaryimage\",\"url\":\"https:\\\/\\\/blog.saocamilo-sp.br\\\/wp-content\\\/uploads\\\/2024\\\/01\\\/image.png\",\"contentUrl\":\"https:\\\/\\\/blog.saocamilo-sp.br\\\/wp-content\\\/uploads\\\/2024\\\/01\\\/image.png\",\"width\":640,\"height\":360,\"caption\":\"Professor de Medicina do Esporte e coordenador da Medicina do Centro Universit\u00e1rio S\u00e3o Camilo d\u00e1 dicas para deixar o sedentarismo no passado\"},{\"@type\":\"BreadcrumbList\",\"@id\":\"https:\\\/\\\/blog.saocamilo-sp.br\\\/index.php\\\/2024\\\/01\\\/03\\\/sedentarismo\\\/#breadcrumb\",\"itemListElement\":[{\"@type\":\"ListItem\",\"position\":1,\"name\":\"In\u00edcio\",\"item\":\"https:\\\/\\\/blog.saocamilo-sp.br\\\/\"},{\"@type\":\"ListItem\",\"position\":2,\"name\":\"Auto-sabotagem e procrastina\u00e7\u00e3o: os vil\u00f5es para quem quer iniciar o ano fazendo exerc\u00edcios f\u00edsicos\"}]},{\"@type\":\"WebSite\",\"@id\":\"https:\\\/\\\/blog.saocamilo-sp.br\\\/#website\",\"url\":\"https:\\\/\\\/blog.saocamilo-sp.br\\\/\",\"name\":\"Blog S\u00e3o Camilo\",\"description\":\"Blog do Centro Universit\u00e1rio S\u00e3o Camilo\",\"publisher\":{\"@id\":\"https:\\\/\\\/blog.saocamilo-sp.br\\\/#organization\"},\"potentialAction\":[{\"@type\":\"SearchAction\",\"target\":{\"@type\":\"EntryPoint\",\"urlTemplate\":\"https:\\\/\\\/blog.saocamilo-sp.br\\\/?s={search_term_string}\"},\"query-input\":{\"@type\":\"PropertyValueSpecification\",\"valueRequired\":true,\"valueName\":\"search_term_string\"}}],\"inLanguage\":\"pt-BR\"},{\"@type\":\"Organization\",\"@id\":\"https:\\\/\\\/blog.saocamilo-sp.br\\\/#organization\",\"name\":\"Blog S\u00e3o Camilo\",\"url\":\"https:\\\/\\\/blog.saocamilo-sp.br\\\/\",\"logo\":{\"@type\":\"ImageObject\",\"inLanguage\":\"pt-BR\",\"@id\":\"https:\\\/\\\/blog.saocamilo-sp.br\\\/#\\\/schema\\\/logo\\\/image\\\/\",\"url\":\"https:\\\/\\\/blog.saocamilo-sp.br\\\/wp-content\\\/uploads\\\/2021\\\/12\\\/cropped-vazio-logo-topo.png\",\"contentUrl\":\"https:\\\/\\\/blog.saocamilo-sp.br\\\/wp-content\\\/uploads\\\/2021\\\/12\\\/cropped-vazio-logo-topo.png\",\"width\":320,\"height\":240,\"caption\":\"Blog S\u00e3o Camilo\"},\"image\":{\"@id\":\"https:\\\/\\\/blog.saocamilo-sp.br\\\/#\\\/schema\\\/logo\\\/image\\\/\"},\"sameAs\":[\"https:\\\/\\\/www.facebook.com\\\/saocamilosp\",\"https:\\\/\\\/x.com\\\/saocamilosp\",\"https:\\\/\\\/www.linkedin.com\\\/school\\\/centro-universit-rio-s-o-camilo\\\/\"]},{\"@type\":\"Person\",\"@id\":\"https:\\\/\\\/blog.saocamilo-sp.br\\\/#\\\/schema\\\/person\\\/781135418152912d4b58f2db13a2eaf0\",\"name\":\"Lucas Soares Gon\u00e7alves\",\"image\":{\"@type\":\"ImageObject\",\"inLanguage\":\"pt-BR\",\"@id\":\"https:\\\/\\\/secure.gravatar.com\\\/avatar\\\/bcd2d703cbb48116eaac2cac8643792535238ff30b2d7ce9e16f9254ec9cae83?s=96&d=mm&r=g\",\"url\":\"https:\\\/\\\/secure.gravatar.com\\\/avatar\\\/bcd2d703cbb48116eaac2cac8643792535238ff30b2d7ce9e16f9254ec9cae83?s=96&d=mm&r=g\",\"contentUrl\":\"https:\\\/\\\/secure.gravatar.com\\\/avatar\\\/bcd2d703cbb48116eaac2cac8643792535238ff30b2d7ce9e16f9254ec9cae83?s=96&d=mm&r=g\",\"caption\":\"Lucas Soares Gon\u00e7alves\"},\"url\":\"https:\\\/\\\/blog.saocamilo-sp.br\\\/index.php\\\/author\\\/lucas-soares-goncalves\\\/\"}]}<\/script>\n<!-- \/ Yoast SEO plugin. -->","yoast_head_json":{"title":"Auto-sabotagem e procrastina\u00e7\u00e3o: os vil\u00f5es para quem quer iniciar o ano fazendo exerc\u00edcios f\u00edsicos - Blog S\u00e3o Camilo","description":"Professor de Medicina do Esporte e coordenador da Medicina do Centro Universit\u00e1rio S\u00e3o Camilo d\u00e1 dicas para deixar o sedentarismo no passado","robots":{"index":"index","follow":"follow","max-snippet":"max-snippet:-1","max-image-preview":"max-image-preview:large","max-video-preview":"max-video-preview:-1"},"canonical":"https:\/\/blog.saocamilo-sp.br\/index.php\/2024\/01\/03\/sedentarismo\/","og_locale":"pt_BR","og_type":"article","og_title":"Auto-sabotagem e procrastina\u00e7\u00e3o: os vil\u00f5es para quem quer iniciar o ano fazendo exerc\u00edcios f\u00edsicos - Blog S\u00e3o Camilo","og_description":"Professor de Medicina do Esporte e coordenador da Medicina do Centro Universit\u00e1rio S\u00e3o Camilo d\u00e1 dicas para deixar o sedentarismo no passado","og_url":"https:\/\/blog.saocamilo-sp.br\/index.php\/2024\/01\/03\/sedentarismo\/","og_site_name":"Blog S\u00e3o Camilo","article_publisher":"https:\/\/www.facebook.com\/saocamilosp","article_published_time":"2024-01-03T19:49:48+00:00","article_modified_time":"2024-01-03T19:49:49+00:00","og_image":[{"width":640,"height":360,"url":"https:\/\/blog.saocamilo-sp.br\/wp-content\/uploads\/2024\/01\/image.png","type":"image\/png"}],"author":"Lucas Soares Gon\u00e7alves","twitter_card":"summary_large_image","twitter_creator":"@saocamilosp","twitter_site":"@saocamilosp","twitter_misc":{"Escrito por":"Lucas Soares Gon\u00e7alves","Est. tempo de leitura":"3 minutos"},"schema":{"@context":"https:\/\/schema.org","@graph":[{"@type":"Article","@id":"https:\/\/blog.saocamilo-sp.br\/index.php\/2024\/01\/03\/sedentarismo\/#article","isPartOf":{"@id":"https:\/\/blog.saocamilo-sp.br\/index.php\/2024\/01\/03\/sedentarismo\/"},"author":{"name":"Lucas Soares Gon\u00e7alves","@id":"https:\/\/blog.saocamilo-sp.br\/#\/schema\/person\/781135418152912d4b58f2db13a2eaf0"},"headline":"Auto-sabotagem e procrastina\u00e7\u00e3o: os vil\u00f5es para quem quer iniciar o ano fazendo exerc\u00edcios f\u00edsicos","datePublished":"2024-01-03T19:49:48+00:00","dateModified":"2024-01-03T19:49:49+00:00","mainEntityOfPage":{"@id":"https:\/\/blog.saocamilo-sp.br\/index.php\/2024\/01\/03\/sedentarismo\/"},"wordCount":594,"commentCount":0,"publisher":{"@id":"https:\/\/blog.saocamilo-sp.br\/#organization"},"image":{"@id":"https:\/\/blog.saocamilo-sp.br\/index.php\/2024\/01\/03\/sedentarismo\/#primaryimage"},"thumbnailUrl":"https:\/\/blog.saocamilo-sp.br\/wp-content\/uploads\/2024\/01\/image.png","articleSection":["Cursos"],"inLanguage":"pt-BR","potentialAction":[{"@type":"CommentAction","name":"Comment","target":["https:\/\/blog.saocamilo-sp.br\/index.php\/2024\/01\/03\/sedentarismo\/#respond"]}]},{"@type":"WebPage","@id":"https:\/\/blog.saocamilo-sp.br\/index.php\/2024\/01\/03\/sedentarismo\/","url":"https:\/\/blog.saocamilo-sp.br\/index.php\/2024\/01\/03\/sedentarismo\/","name":"Auto-sabotagem e procrastina\u00e7\u00e3o: os vil\u00f5es para quem quer iniciar o ano fazendo exerc\u00edcios f\u00edsicos - Blog S\u00e3o Camilo","isPartOf":{"@id":"https:\/\/blog.saocamilo-sp.br\/#website"},"primaryImageOfPage":{"@id":"https:\/\/blog.saocamilo-sp.br\/index.php\/2024\/01\/03\/sedentarismo\/#primaryimage"},"image":{"@id":"https:\/\/blog.saocamilo-sp.br\/index.php\/2024\/01\/03\/sedentarismo\/#primaryimage"},"thumbnailUrl":"https:\/\/blog.saocamilo-sp.br\/wp-content\/uploads\/2024\/01\/image.png","datePublished":"2024-01-03T19:49:48+00:00","dateModified":"2024-01-03T19:49:49+00:00","description":"Professor de Medicina do Esporte e coordenador da Medicina do Centro Universit\u00e1rio S\u00e3o Camilo d\u00e1 dicas para deixar o sedentarismo no passado","breadcrumb":{"@id":"https:\/\/blog.saocamilo-sp.br\/index.php\/2024\/01\/03\/sedentarismo\/#breadcrumb"},"inLanguage":"pt-BR","potentialAction":[{"@type":"ReadAction","target":["https:\/\/blog.saocamilo-sp.br\/index.php\/2024\/01\/03\/sedentarismo\/"]}]},{"@type":"ImageObject","inLanguage":"pt-BR","@id":"https:\/\/blog.saocamilo-sp.br\/index.php\/2024\/01\/03\/sedentarismo\/#primaryimage","url":"https:\/\/blog.saocamilo-sp.br\/wp-content\/uploads\/2024\/01\/image.png","contentUrl":"https:\/\/blog.saocamilo-sp.br\/wp-content\/uploads\/2024\/01\/image.png","width":640,"height":360,"caption":"Professor de Medicina do Esporte e coordenador da Medicina do Centro Universit\u00e1rio S\u00e3o Camilo d\u00e1 dicas para deixar o sedentarismo no passado"},{"@type":"BreadcrumbList","@id":"https:\/\/blog.saocamilo-sp.br\/index.php\/2024\/01\/03\/sedentarismo\/#breadcrumb","itemListElement":[{"@type":"ListItem","position":1,"name":"In\u00edcio","item":"https:\/\/blog.saocamilo-sp.br\/"},{"@type":"ListItem","position":2,"name":"Auto-sabotagem e procrastina\u00e7\u00e3o: os vil\u00f5es para quem quer iniciar o ano fazendo exerc\u00edcios f\u00edsicos"}]},{"@type":"WebSite","@id":"https:\/\/blog.saocamilo-sp.br\/#website","url":"https:\/\/blog.saocamilo-sp.br\/","name":"Blog S\u00e3o Camilo","description":"Blog do Centro Universit\u00e1rio S\u00e3o Camilo","publisher":{"@id":"https:\/\/blog.saocamilo-sp.br\/#organization"},"potentialAction":[{"@type":"SearchAction","target":{"@type":"EntryPoint","urlTemplate":"https:\/\/blog.saocamilo-sp.br\/?s={search_term_string}"},"query-input":{"@type":"PropertyValueSpecification","valueRequired":true,"valueName":"search_term_string"}}],"inLanguage":"pt-BR"},{"@type":"Organization","@id":"https:\/\/blog.saocamilo-sp.br\/#organization","name":"Blog S\u00e3o Camilo","url":"https:\/\/blog.saocamilo-sp.br\/","logo":{"@type":"ImageObject","inLanguage":"pt-BR","@id":"https:\/\/blog.saocamilo-sp.br\/#\/schema\/logo\/image\/","url":"https:\/\/blog.saocamilo-sp.br\/wp-content\/uploads\/2021\/12\/cropped-vazio-logo-topo.png","contentUrl":"https:\/\/blog.saocamilo-sp.br\/wp-content\/uploads\/2021\/12\/cropped-vazio-logo-topo.png","width":320,"height":240,"caption":"Blog S\u00e3o Camilo"},"image":{"@id":"https:\/\/blog.saocamilo-sp.br\/#\/schema\/logo\/image\/"},"sameAs":["https:\/\/www.facebook.com\/saocamilosp","https:\/\/x.com\/saocamilosp","https:\/\/www.linkedin.com\/school\/centro-universit-rio-s-o-camilo\/"]},{"@type":"Person","@id":"https:\/\/blog.saocamilo-sp.br\/#\/schema\/person\/781135418152912d4b58f2db13a2eaf0","name":"Lucas Soares Gon\u00e7alves","image":{"@type":"ImageObject","inLanguage":"pt-BR","@id":"https:\/\/secure.gravatar.com\/avatar\/bcd2d703cbb48116eaac2cac8643792535238ff30b2d7ce9e16f9254ec9cae83?s=96&d=mm&r=g","url":"https:\/\/secure.gravatar.com\/avatar\/bcd2d703cbb48116eaac2cac8643792535238ff30b2d7ce9e16f9254ec9cae83?s=96&d=mm&r=g","contentUrl":"https:\/\/secure.gravatar.com\/avatar\/bcd2d703cbb48116eaac2cac8643792535238ff30b2d7ce9e16f9254ec9cae83?s=96&d=mm&r=g","caption":"Lucas Soares Gon\u00e7alves"},"url":"https:\/\/blog.saocamilo-sp.br\/index.php\/author\/lucas-soares-goncalves\/"}]}},"_links":{"self":[{"href":"https:\/\/blog.saocamilo-sp.br\/index.php\/wp-json\/wp\/v2\/posts\/2174","targetHints":{"allow":["GET"]}}],"collection":[{"href":"https:\/\/blog.saocamilo-sp.br\/index.php\/wp-json\/wp\/v2\/posts"}],"about":[{"href":"https:\/\/blog.saocamilo-sp.br\/index.php\/wp-json\/wp\/v2\/types\/post"}],"author":[{"embeddable":true,"href":"https:\/\/blog.saocamilo-sp.br\/index.php\/wp-json\/wp\/v2\/users\/4"}],"replies":[{"embeddable":true,"href":"https:\/\/blog.saocamilo-sp.br\/index.php\/wp-json\/wp\/v2\/comments?post=2174"}],"version-history":[{"count":3,"href":"https:\/\/blog.saocamilo-sp.br\/index.php\/wp-json\/wp\/v2\/posts\/2174\/revisions"}],"predecessor-version":[{"id":2183,"href":"https:\/\/blog.saocamilo-sp.br\/index.php\/wp-json\/wp\/v2\/posts\/2174\/revisions\/2183"}],"wp:featuredmedia":[{"embeddable":true,"href":"https:\/\/blog.saocamilo-sp.br\/index.php\/wp-json\/wp\/v2\/media\/2175"}],"wp:attachment":[{"href":"https:\/\/blog.saocamilo-sp.br\/index.php\/wp-json\/wp\/v2\/media?parent=2174"}],"wp:term":[{"taxonomy":"category","embeddable":true,"href":"https:\/\/blog.saocamilo-sp.br\/index.php\/wp-json\/wp\/v2\/categories?post=2174"},{"taxonomy":"post_tag","embeddable":true,"href":"https:\/\/blog.saocamilo-sp.br\/index.php\/wp-json\/wp\/v2\/tags?post=2174"}],"curies":[{"name":"wp","href":"https:\/\/api.w.org\/{rel}","templated":true}]}}