{"id":2177,"date":"2024-01-04T10:40:16","date_gmt":"2024-01-04T13:40:16","guid":{"rendered":"https:\/\/blog.saocamilo-sp.br\/?p=2177"},"modified":"2024-01-04T10:40:17","modified_gmt":"2024-01-04T13:40:17","slug":"janeiro-branco","status":"publish","type":"post","link":"https:\/\/blog.saocamilo-sp.br\/index.php\/2024\/01\/04\/janeiro-branco\/","title":{"rendered":"Janeiro Branco: Dicas de sa\u00fade mental para 2024"},"content":{"rendered":"\n<p>Antes de tudo, \u00e9 n\u00edtida a percep\u00e7\u00e3o de que a sociedade anda muito ansiosa. De acordo com a Organiza\u00e7\u00e3o Mundial da Sa\u00fade (OMS), 9,7% da popula\u00e7\u00e3o brasileira \u00e9 ansiosa, n\u00famero registrado em 2023, um n\u00famero consider\u00e1vel, mostrando que a popula\u00e7\u00e3o depois da pandemia est\u00e1 mais imediatista.<\/p>\n\n\n\n<p>Nesse artigo, trouxemos a psic\u00f3loga da nossa cl\u00ednica-escola, Camila, para nos dar algumas dicas de como \u00e9 poss\u00edvel cuidar de sua sa\u00fade mental e focar em seus objetivos de 2024 de forma saud\u00e1vel nesse janeiro branco.<\/p>\n\n\n\n<figure class=\"wp-block-image size-full\"><img loading=\"lazy\" decoding=\"async\" width=\"640\" height=\"800\" src=\"https:\/\/blog.saocamilo-sp.br\/wp-content\/uploads\/2024\/01\/image.jpeg\" alt=\"\" class=\"wp-image-2184\"\/><\/figure>\n\n\n\n<p>Camila- Psic\u00f3loga Promove<\/p>\n\n\n\n<p>&#8220;Ano novo, momento de pensarmos em metas e se tem uma meta importante para voc\u00ea cumprir esse ano \u00e9 a de cuidar da sua sa\u00fade mental! Para isso, separamos algumas dicas para Janeiro Branco:&#8221;<\/p>\n\n\n\n<h3 class=\"wp-block-heading\"><strong>Fa\u00e7a psicoterapia:<\/strong><\/h3>\n\n\n\n<p>&#8220;Desenvolver autoconhecimento \u00e9 fundamental para lidar com quest\u00f5es emocionais e mentais.&#8221; A psicoterapia proporciona um espa\u00e7o seguro para explorar pensamentos, sentimentos e comportamentos, auxiliando na compreens\u00e3o de si mesmo.<\/p>\n\n\n\n<h3 class=\"wp-block-heading\"><strong>Cuide da sa\u00fade f\u00edsica:<\/strong><\/h3>\n\n\n\n<p>&#8220;Procure seu m\u00e9dico e realize exames de rotina&#8221;<\/p>\n\n\n\n<p>A rela\u00e7\u00e3o entre sa\u00fade mental e f\u00edsica \u00e9 estreita. Exames regulares e consultas m\u00e9dicas s\u00e3o essenciais para identificar e tratar poss\u00edveis problemas de sa\u00fade f\u00edsica que possam impactar o bem-estar emocional.<\/p>\n\n\n\n<h3 class=\"wp-block-heading\"><strong>Dedique tempo a atividades que voc\u00ea gosta:<\/strong><\/h3>\n\n\n\n<p>&#8220;Ler um livro, praticar medita\u00e7\u00e3o, realizar um curso, assistir filmes, ouvir uma m\u00fasica, etc.&#8221;<\/p>\n\n\n\n<p>A busca de atividades prazerosas \u00e9 vital para o equil\u00edbrio mental. Essas atividades podem servir como uma v\u00e1lvula de escape para o estresse di\u00e1rio, contribuindo para uma melhor qualidade de vida.<\/p>\n\n\n\n<h3 class=\"wp-block-heading\"><strong>Realize atividade f\u00edsica:<\/strong><\/h3>\n\n\n\n<p>&#8220;Ajuda a reduzir o estresse e liberar endorfina melhorando o humor e reduzindo a ansiedade.&#8221;<\/p>\n\n\n\n<p>O exerc\u00edcio f\u00edsico \u00e9 conhecido por seus benef\u00edcios para a sa\u00fade mental. Al\u00e9m de melhorar o humor, a pr\u00e1tica regular de exerc\u00edcios pode reduzir a ansiedade e o estresse, promovendo uma sensa\u00e7\u00e3o geral de bem-estar.<\/p>\n\n\n\n<h3 class=\"wp-block-heading\"><strong>Tenha uma alimenta\u00e7\u00e3o adequada:<\/strong><\/h3>\n\n\n\n<p>&#8220;Uma dieta equilibrada e rica em nutrientes, ajuda a reduzir o estresse e melhorar o humor&#8221;<\/p>\n\n\n\n<p>A nutri\u00e7\u00e3o desempenha um papel significativo na sa\u00fade mental. Uma dieta equilibrada fornece os nutrientes necess\u00e1rios para manter o funcionamento adequado do c\u00e9rebro, o que pode influenciar positivamente o estado emocional.<\/p>\n\n\n\n<h3 class=\"wp-block-heading\"><strong>Durma bem:<\/strong><\/h3>\n\n\n\n<p>&#8220;Pelo menos de 6h a 8h por dia&#8221;<\/p>\n\n\n\n<p>O sono adequado \u00e9 crucial para a sa\u00fade mental e f\u00edsica. A falta de sono pode contribuir para o aumento da ansiedade e afetar negativamente o humor e o funcionamento cognitivo.<\/p>\n\n\n\n<h3 class=\"wp-block-heading\"><strong>Tenha uma rede de apoio:<\/strong><\/h3>\n\n\n\n<p>&#8220;Mantenha relacionamentos saud\u00e1veis&#8221;<\/p>\n\n\n\n<p>Relacionamentos saud\u00e1veis s\u00e3o essenciais para o bem-estar emocional. Ter uma rede de apoio forte pode fornecer suporte emocional, reduzir o isolamento e promover um senso de pertencimento.<\/p>\n\n\n\n<h2 class=\"wp-block-heading\">Cl\u00ednica-Escola PROMOVE<\/h2>\n\n\n\n<p>A Cl\u00ednica-Escola Promove oferece atendimento para a comunidade nas \u00e1reas de medicina, enfermagem, fisioterapia, farm\u00e1cia e psicologia!<\/p>\n\n\n\n<p>Se interessou pelo atendimento? Entre no nosso site ou ligue e saiba mais:<\/p>\n\n\n\n<p><a href=\"https:\/\/saocamilo-sp.br\/institucional\/servicos_comunidade\/clnica_escola_promove\">https:\/\/saocamilo-sp.br\/institucional\/servicos_comunidade\/clnica_escola_promove<\/a><\/p>\n","protected":false},"excerpt":{"rendered":"<p>Nesse artigo Trouxemos a psic\u00f3loga da nossa cl\u00ednica escola Camila, para nos dar algumas dicas de como \u00e9 poss\u00edvel cuidar de sua sa\u00fade mental e focar em seus objetivos de 2024 de forma saud\u00e1vel nesse janeiro branco.<\/p>\n","protected":false},"author":4,"featured_media":2179,"comment_status":"open","ping_status":"open","sticky":false,"template":"","format":"standard","meta":{"cybocfi_hide_featured_image":"","footnotes":""},"categories":[79],"tags":[],"class_list":["post-2177","post","type-post","status-publish","format-standard","has-post-thumbnail","hentry","category-saude"],"yoast_head":"<!-- This site is optimized with the Yoast SEO plugin v27.5 - https:\/\/yoast.com\/product\/yoast-seo-wordpress\/ -->\n<title>Janeiro Branco: Dicas de sa\u00fade mental para 2024 - Blog S\u00e3o Camilo<\/title>\n<meta name=\"description\" content=\"Janeiro Branco: Nesse artigo Trouxemos a psic\u00f3loga da nossa cl\u00ednica escola Promove Camila, para nos dar algumas dicas de como \u00e9 poss\u00edvel...\" \/>\n<meta name=\"robots\" content=\"index, follow, max-snippet:-1, max-image-preview:large, max-video-preview:-1\" \/>\n<link rel=\"canonical\" href=\"https:\/\/blog.saocamilo-sp.br\/index.php\/2024\/01\/04\/janeiro-branco\/\" \/>\n<meta property=\"og:locale\" content=\"pt_BR\" \/>\n<meta property=\"og:type\" content=\"article\" \/>\n<meta property=\"og:title\" content=\"Janeiro Branco: Dicas de sa\u00fade mental para 2024 - Blog S\u00e3o Camilo\" \/>\n<meta property=\"og:description\" content=\"Janeiro Branco: Nesse artigo Trouxemos a psic\u00f3loga da nossa cl\u00ednica escola Promove Camila, para nos dar algumas dicas de como \u00e9 poss\u00edvel...\" \/>\n<meta property=\"og:url\" content=\"https:\/\/blog.saocamilo-sp.br\/index.php\/2024\/01\/04\/janeiro-branco\/\" \/>\n<meta property=\"og:site_name\" content=\"Blog S\u00e3o Camilo\" \/>\n<meta property=\"article:publisher\" content=\"https:\/\/www.facebook.com\/saocamilosp\" \/>\n<meta property=\"article:published_time\" content=\"2024-01-04T13:40:16+00:00\" \/>\n<meta property=\"article:modified_time\" content=\"2024-01-04T13:40:17+00:00\" \/>\n<meta property=\"og:image\" content=\"https:\/\/blog.saocamilo-sp.br\/wp-content\/uploads\/2024\/01\/janeiro_branco.jpg\" \/>\n\t<meta property=\"og:image:width\" content=\"1280\" \/>\n\t<meta property=\"og:image:height\" content=\"765\" \/>\n\t<meta property=\"og:image:type\" content=\"image\/jpeg\" \/>\n<meta name=\"author\" content=\"Lucas Soares Gon\u00e7alves\" \/>\n<meta name=\"twitter:card\" content=\"summary_large_image\" \/>\n<meta name=\"twitter:creator\" content=\"@saocamilosp\" \/>\n<meta name=\"twitter:site\" content=\"@saocamilosp\" \/>\n<meta name=\"twitter:label1\" content=\"Escrito por\" \/>\n\t<meta name=\"twitter:data1\" content=\"Lucas Soares Gon\u00e7alves\" \/>\n\t<meta name=\"twitter:label2\" content=\"Est. tempo de leitura\" \/>\n\t<meta name=\"twitter:data2\" content=\"3 minutos\" \/>\n<script type=\"application\/ld+json\" class=\"yoast-schema-graph\">{\"@context\":\"https:\\\/\\\/schema.org\",\"@graph\":[{\"@type\":\"Article\",\"@id\":\"https:\\\/\\\/blog.saocamilo-sp.br\\\/index.php\\\/2024\\\/01\\\/04\\\/janeiro-branco\\\/#article\",\"isPartOf\":{\"@id\":\"https:\\\/\\\/blog.saocamilo-sp.br\\\/index.php\\\/2024\\\/01\\\/04\\\/janeiro-branco\\\/\"},\"author\":{\"name\":\"Lucas Soares Gon\u00e7alves\",\"@id\":\"https:\\\/\\\/blog.saocamilo-sp.br\\\/#\\\/schema\\\/person\\\/781135418152912d4b58f2db13a2eaf0\"},\"headline\":\"Janeiro Branco: Dicas de sa\u00fade mental para 2024\",\"datePublished\":\"2024-01-04T13:40:16+00:00\",\"dateModified\":\"2024-01-04T13:40:17+00:00\",\"mainEntityOfPage\":{\"@id\":\"https:\\\/\\\/blog.saocamilo-sp.br\\\/index.php\\\/2024\\\/01\\\/04\\\/janeiro-branco\\\/\"},\"wordCount\":520,\"commentCount\":0,\"publisher\":{\"@id\":\"https:\\\/\\\/blog.saocamilo-sp.br\\\/#organization\"},\"image\":{\"@id\":\"https:\\\/\\\/blog.saocamilo-sp.br\\\/index.php\\\/2024\\\/01\\\/04\\\/janeiro-branco\\\/#primaryimage\"},\"thumbnailUrl\":\"https:\\\/\\\/blog.saocamilo-sp.br\\\/wp-content\\\/uploads\\\/2024\\\/01\\\/janeiro_branco.jpg\",\"articleSection\":[\"Sa\u00fade\"],\"inLanguage\":\"pt-BR\",\"potentialAction\":[{\"@type\":\"CommentAction\",\"name\":\"Comment\",\"target\":[\"https:\\\/\\\/blog.saocamilo-sp.br\\\/index.php\\\/2024\\\/01\\\/04\\\/janeiro-branco\\\/#respond\"]}]},{\"@type\":\"WebPage\",\"@id\":\"https:\\\/\\\/blog.saocamilo-sp.br\\\/index.php\\\/2024\\\/01\\\/04\\\/janeiro-branco\\\/\",\"url\":\"https:\\\/\\\/blog.saocamilo-sp.br\\\/index.php\\\/2024\\\/01\\\/04\\\/janeiro-branco\\\/\",\"name\":\"Janeiro Branco: Dicas de sa\u00fade mental para 2024 - Blog S\u00e3o Camilo\",\"isPartOf\":{\"@id\":\"https:\\\/\\\/blog.saocamilo-sp.br\\\/#website\"},\"primaryImageOfPage\":{\"@id\":\"https:\\\/\\\/blog.saocamilo-sp.br\\\/index.php\\\/2024\\\/01\\\/04\\\/janeiro-branco\\\/#primaryimage\"},\"image\":{\"@id\":\"https:\\\/\\\/blog.saocamilo-sp.br\\\/index.php\\\/2024\\\/01\\\/04\\\/janeiro-branco\\\/#primaryimage\"},\"thumbnailUrl\":\"https:\\\/\\\/blog.saocamilo-sp.br\\\/wp-content\\\/uploads\\\/2024\\\/01\\\/janeiro_branco.jpg\",\"datePublished\":\"2024-01-04T13:40:16+00:00\",\"dateModified\":\"2024-01-04T13:40:17+00:00\",\"description\":\"Janeiro Branco: Nesse artigo Trouxemos a psic\u00f3loga da nossa cl\u00ednica escola Promove Camila, para nos dar algumas dicas de como \u00e9 poss\u00edvel...\",\"breadcrumb\":{\"@id\":\"https:\\\/\\\/blog.saocamilo-sp.br\\\/index.php\\\/2024\\\/01\\\/04\\\/janeiro-branco\\\/#breadcrumb\"},\"inLanguage\":\"pt-BR\",\"potentialAction\":[{\"@type\":\"ReadAction\",\"target\":[\"https:\\\/\\\/blog.saocamilo-sp.br\\\/index.php\\\/2024\\\/01\\\/04\\\/janeiro-branco\\\/\"]}]},{\"@type\":\"ImageObject\",\"inLanguage\":\"pt-BR\",\"@id\":\"https:\\\/\\\/blog.saocamilo-sp.br\\\/index.php\\\/2024\\\/01\\\/04\\\/janeiro-branco\\\/#primaryimage\",\"url\":\"https:\\\/\\\/blog.saocamilo-sp.br\\\/wp-content\\\/uploads\\\/2024\\\/01\\\/janeiro_branco.jpg\",\"contentUrl\":\"https:\\\/\\\/blog.saocamilo-sp.br\\\/wp-content\\\/uploads\\\/2024\\\/01\\\/janeiro_branco.jpg\",\"width\":1280,\"height\":765},{\"@type\":\"BreadcrumbList\",\"@id\":\"https:\\\/\\\/blog.saocamilo-sp.br\\\/index.php\\\/2024\\\/01\\\/04\\\/janeiro-branco\\\/#breadcrumb\",\"itemListElement\":[{\"@type\":\"ListItem\",\"position\":1,\"name\":\"In\u00edcio\",\"item\":\"https:\\\/\\\/blog.saocamilo-sp.br\\\/\"},{\"@type\":\"ListItem\",\"position\":2,\"name\":\"Janeiro Branco: Dicas de sa\u00fade mental para 2024\"}]},{\"@type\":\"WebSite\",\"@id\":\"https:\\\/\\\/blog.saocamilo-sp.br\\\/#website\",\"url\":\"https:\\\/\\\/blog.saocamilo-sp.br\\\/\",\"name\":\"Blog S\u00e3o Camilo\",\"description\":\"Blog do Centro Universit\u00e1rio S\u00e3o Camilo\",\"publisher\":{\"@id\":\"https:\\\/\\\/blog.saocamilo-sp.br\\\/#organization\"},\"potentialAction\":[{\"@type\":\"SearchAction\",\"target\":{\"@type\":\"EntryPoint\",\"urlTemplate\":\"https:\\\/\\\/blog.saocamilo-sp.br\\\/?s={search_term_string}\"},\"query-input\":{\"@type\":\"PropertyValueSpecification\",\"valueRequired\":true,\"valueName\":\"search_term_string\"}}],\"inLanguage\":\"pt-BR\"},{\"@type\":\"Organization\",\"@id\":\"https:\\\/\\\/blog.saocamilo-sp.br\\\/#organization\",\"name\":\"Blog S\u00e3o Camilo\",\"url\":\"https:\\\/\\\/blog.saocamilo-sp.br\\\/\",\"logo\":{\"@type\":\"ImageObject\",\"inLanguage\":\"pt-BR\",\"@id\":\"https:\\\/\\\/blog.saocamilo-sp.br\\\/#\\\/schema\\\/logo\\\/image\\\/\",\"url\":\"https:\\\/\\\/blog.saocamilo-sp.br\\\/wp-content\\\/uploads\\\/2021\\\/12\\\/cropped-vazio-logo-topo.png\",\"contentUrl\":\"https:\\\/\\\/blog.saocamilo-sp.br\\\/wp-content\\\/uploads\\\/2021\\\/12\\\/cropped-vazio-logo-topo.png\",\"width\":320,\"height\":240,\"caption\":\"Blog S\u00e3o Camilo\"},\"image\":{\"@id\":\"https:\\\/\\\/blog.saocamilo-sp.br\\\/#\\\/schema\\\/logo\\\/image\\\/\"},\"sameAs\":[\"https:\\\/\\\/www.facebook.com\\\/saocamilosp\",\"https:\\\/\\\/x.com\\\/saocamilosp\",\"https:\\\/\\\/www.linkedin.com\\\/school\\\/centro-universit-rio-s-o-camilo\\\/\"]},{\"@type\":\"Person\",\"@id\":\"https:\\\/\\\/blog.saocamilo-sp.br\\\/#\\\/schema\\\/person\\\/781135418152912d4b58f2db13a2eaf0\",\"name\":\"Lucas Soares Gon\u00e7alves\",\"image\":{\"@type\":\"ImageObject\",\"inLanguage\":\"pt-BR\",\"@id\":\"https:\\\/\\\/secure.gravatar.com\\\/avatar\\\/bcd2d703cbb48116eaac2cac8643792535238ff30b2d7ce9e16f9254ec9cae83?s=96&d=mm&r=g\",\"url\":\"https:\\\/\\\/secure.gravatar.com\\\/avatar\\\/bcd2d703cbb48116eaac2cac8643792535238ff30b2d7ce9e16f9254ec9cae83?s=96&d=mm&r=g\",\"contentUrl\":\"https:\\\/\\\/secure.gravatar.com\\\/avatar\\\/bcd2d703cbb48116eaac2cac8643792535238ff30b2d7ce9e16f9254ec9cae83?s=96&d=mm&r=g\",\"caption\":\"Lucas Soares Gon\u00e7alves\"},\"url\":\"https:\\\/\\\/blog.saocamilo-sp.br\\\/index.php\\\/author\\\/lucas-soares-goncalves\\\/\"}]}<\/script>\n<!-- \/ Yoast SEO plugin. -->","yoast_head_json":{"title":"Janeiro Branco: Dicas de sa\u00fade mental para 2024 - Blog S\u00e3o Camilo","description":"Janeiro Branco: Nesse artigo Trouxemos a psic\u00f3loga da nossa cl\u00ednica escola Promove Camila, para nos dar algumas dicas de como \u00e9 poss\u00edvel...","robots":{"index":"index","follow":"follow","max-snippet":"max-snippet:-1","max-image-preview":"max-image-preview:large","max-video-preview":"max-video-preview:-1"},"canonical":"https:\/\/blog.saocamilo-sp.br\/index.php\/2024\/01\/04\/janeiro-branco\/","og_locale":"pt_BR","og_type":"article","og_title":"Janeiro Branco: Dicas de sa\u00fade mental para 2024 - Blog S\u00e3o Camilo","og_description":"Janeiro Branco: Nesse artigo Trouxemos a psic\u00f3loga da nossa cl\u00ednica escola Promove Camila, para nos dar algumas dicas de como \u00e9 poss\u00edvel...","og_url":"https:\/\/blog.saocamilo-sp.br\/index.php\/2024\/01\/04\/janeiro-branco\/","og_site_name":"Blog S\u00e3o Camilo","article_publisher":"https:\/\/www.facebook.com\/saocamilosp","article_published_time":"2024-01-04T13:40:16+00:00","article_modified_time":"2024-01-04T13:40:17+00:00","og_image":[{"width":1280,"height":765,"url":"https:\/\/blog.saocamilo-sp.br\/wp-content\/uploads\/2024\/01\/janeiro_branco.jpg","type":"image\/jpeg"}],"author":"Lucas Soares Gon\u00e7alves","twitter_card":"summary_large_image","twitter_creator":"@saocamilosp","twitter_site":"@saocamilosp","twitter_misc":{"Escrito por":"Lucas Soares Gon\u00e7alves","Est. tempo de leitura":"3 minutos"},"schema":{"@context":"https:\/\/schema.org","@graph":[{"@type":"Article","@id":"https:\/\/blog.saocamilo-sp.br\/index.php\/2024\/01\/04\/janeiro-branco\/#article","isPartOf":{"@id":"https:\/\/blog.saocamilo-sp.br\/index.php\/2024\/01\/04\/janeiro-branco\/"},"author":{"name":"Lucas Soares Gon\u00e7alves","@id":"https:\/\/blog.saocamilo-sp.br\/#\/schema\/person\/781135418152912d4b58f2db13a2eaf0"},"headline":"Janeiro Branco: Dicas de sa\u00fade mental para 2024","datePublished":"2024-01-04T13:40:16+00:00","dateModified":"2024-01-04T13:40:17+00:00","mainEntityOfPage":{"@id":"https:\/\/blog.saocamilo-sp.br\/index.php\/2024\/01\/04\/janeiro-branco\/"},"wordCount":520,"commentCount":0,"publisher":{"@id":"https:\/\/blog.saocamilo-sp.br\/#organization"},"image":{"@id":"https:\/\/blog.saocamilo-sp.br\/index.php\/2024\/01\/04\/janeiro-branco\/#primaryimage"},"thumbnailUrl":"https:\/\/blog.saocamilo-sp.br\/wp-content\/uploads\/2024\/01\/janeiro_branco.jpg","articleSection":["Sa\u00fade"],"inLanguage":"pt-BR","potentialAction":[{"@type":"CommentAction","name":"Comment","target":["https:\/\/blog.saocamilo-sp.br\/index.php\/2024\/01\/04\/janeiro-branco\/#respond"]}]},{"@type":"WebPage","@id":"https:\/\/blog.saocamilo-sp.br\/index.php\/2024\/01\/04\/janeiro-branco\/","url":"https:\/\/blog.saocamilo-sp.br\/index.php\/2024\/01\/04\/janeiro-branco\/","name":"Janeiro Branco: Dicas de sa\u00fade mental para 2024 - Blog S\u00e3o Camilo","isPartOf":{"@id":"https:\/\/blog.saocamilo-sp.br\/#website"},"primaryImageOfPage":{"@id":"https:\/\/blog.saocamilo-sp.br\/index.php\/2024\/01\/04\/janeiro-branco\/#primaryimage"},"image":{"@id":"https:\/\/blog.saocamilo-sp.br\/index.php\/2024\/01\/04\/janeiro-branco\/#primaryimage"},"thumbnailUrl":"https:\/\/blog.saocamilo-sp.br\/wp-content\/uploads\/2024\/01\/janeiro_branco.jpg","datePublished":"2024-01-04T13:40:16+00:00","dateModified":"2024-01-04T13:40:17+00:00","description":"Janeiro Branco: Nesse artigo Trouxemos a psic\u00f3loga da nossa cl\u00ednica escola Promove Camila, para nos dar algumas dicas de como \u00e9 poss\u00edvel...","breadcrumb":{"@id":"https:\/\/blog.saocamilo-sp.br\/index.php\/2024\/01\/04\/janeiro-branco\/#breadcrumb"},"inLanguage":"pt-BR","potentialAction":[{"@type":"ReadAction","target":["https:\/\/blog.saocamilo-sp.br\/index.php\/2024\/01\/04\/janeiro-branco\/"]}]},{"@type":"ImageObject","inLanguage":"pt-BR","@id":"https:\/\/blog.saocamilo-sp.br\/index.php\/2024\/01\/04\/janeiro-branco\/#primaryimage","url":"https:\/\/blog.saocamilo-sp.br\/wp-content\/uploads\/2024\/01\/janeiro_branco.jpg","contentUrl":"https:\/\/blog.saocamilo-sp.br\/wp-content\/uploads\/2024\/01\/janeiro_branco.jpg","width":1280,"height":765},{"@type":"BreadcrumbList","@id":"https:\/\/blog.saocamilo-sp.br\/index.php\/2024\/01\/04\/janeiro-branco\/#breadcrumb","itemListElement":[{"@type":"ListItem","position":1,"name":"In\u00edcio","item":"https:\/\/blog.saocamilo-sp.br\/"},{"@type":"ListItem","position":2,"name":"Janeiro Branco: Dicas de sa\u00fade mental para 2024"}]},{"@type":"WebSite","@id":"https:\/\/blog.saocamilo-sp.br\/#website","url":"https:\/\/blog.saocamilo-sp.br\/","name":"Blog S\u00e3o Camilo","description":"Blog do Centro Universit\u00e1rio S\u00e3o Camilo","publisher":{"@id":"https:\/\/blog.saocamilo-sp.br\/#organization"},"potentialAction":[{"@type":"SearchAction","target":{"@type":"EntryPoint","urlTemplate":"https:\/\/blog.saocamilo-sp.br\/?s={search_term_string}"},"query-input":{"@type":"PropertyValueSpecification","valueRequired":true,"valueName":"search_term_string"}}],"inLanguage":"pt-BR"},{"@type":"Organization","@id":"https:\/\/blog.saocamilo-sp.br\/#organization","name":"Blog S\u00e3o Camilo","url":"https:\/\/blog.saocamilo-sp.br\/","logo":{"@type":"ImageObject","inLanguage":"pt-BR","@id":"https:\/\/blog.saocamilo-sp.br\/#\/schema\/logo\/image\/","url":"https:\/\/blog.saocamilo-sp.br\/wp-content\/uploads\/2021\/12\/cropped-vazio-logo-topo.png","contentUrl":"https:\/\/blog.saocamilo-sp.br\/wp-content\/uploads\/2021\/12\/cropped-vazio-logo-topo.png","width":320,"height":240,"caption":"Blog S\u00e3o Camilo"},"image":{"@id":"https:\/\/blog.saocamilo-sp.br\/#\/schema\/logo\/image\/"},"sameAs":["https:\/\/www.facebook.com\/saocamilosp","https:\/\/x.com\/saocamilosp","https:\/\/www.linkedin.com\/school\/centro-universit-rio-s-o-camilo\/"]},{"@type":"Person","@id":"https:\/\/blog.saocamilo-sp.br\/#\/schema\/person\/781135418152912d4b58f2db13a2eaf0","name":"Lucas Soares Gon\u00e7alves","image":{"@type":"ImageObject","inLanguage":"pt-BR","@id":"https:\/\/secure.gravatar.com\/avatar\/bcd2d703cbb48116eaac2cac8643792535238ff30b2d7ce9e16f9254ec9cae83?s=96&d=mm&r=g","url":"https:\/\/secure.gravatar.com\/avatar\/bcd2d703cbb48116eaac2cac8643792535238ff30b2d7ce9e16f9254ec9cae83?s=96&d=mm&r=g","contentUrl":"https:\/\/secure.gravatar.com\/avatar\/bcd2d703cbb48116eaac2cac8643792535238ff30b2d7ce9e16f9254ec9cae83?s=96&d=mm&r=g","caption":"Lucas Soares Gon\u00e7alves"},"url":"https:\/\/blog.saocamilo-sp.br\/index.php\/author\/lucas-soares-goncalves\/"}]}},"_links":{"self":[{"href":"https:\/\/blog.saocamilo-sp.br\/index.php\/wp-json\/wp\/v2\/posts\/2177","targetHints":{"allow":["GET"]}}],"collection":[{"href":"https:\/\/blog.saocamilo-sp.br\/index.php\/wp-json\/wp\/v2\/posts"}],"about":[{"href":"https:\/\/blog.saocamilo-sp.br\/index.php\/wp-json\/wp\/v2\/types\/post"}],"author":[{"embeddable":true,"href":"https:\/\/blog.saocamilo-sp.br\/index.php\/wp-json\/wp\/v2\/users\/4"}],"replies":[{"embeddable":true,"href":"https:\/\/blog.saocamilo-sp.br\/index.php\/wp-json\/wp\/v2\/comments?post=2177"}],"version-history":[{"count":2,"href":"https:\/\/blog.saocamilo-sp.br\/index.php\/wp-json\/wp\/v2\/posts\/2177\/revisions"}],"predecessor-version":[{"id":2185,"href":"https:\/\/blog.saocamilo-sp.br\/index.php\/wp-json\/wp\/v2\/posts\/2177\/revisions\/2185"}],"wp:featuredmedia":[{"embeddable":true,"href":"https:\/\/blog.saocamilo-sp.br\/index.php\/wp-json\/wp\/v2\/media\/2179"}],"wp:attachment":[{"href":"https:\/\/blog.saocamilo-sp.br\/index.php\/wp-json\/wp\/v2\/media?parent=2177"}],"wp:term":[{"taxonomy":"category","embeddable":true,"href":"https:\/\/blog.saocamilo-sp.br\/index.php\/wp-json\/wp\/v2\/categories?post=2177"},{"taxonomy":"post_tag","embeddable":true,"href":"https:\/\/blog.saocamilo-sp.br\/index.php\/wp-json\/wp\/v2\/tags?post=2177"}],"curies":[{"name":"wp","href":"https:\/\/api.w.org\/{rel}","templated":true}]}}