{"id":2186,"date":"2024-01-04T16:27:06","date_gmt":"2024-01-04T19:27:06","guid":{"rendered":"https:\/\/blog.saocamilo-sp.br\/?p=2186"},"modified":"2024-01-04T16:27:07","modified_gmt":"2024-01-04T19:27:07","slug":"verao","status":"publish","type":"post","link":"https:\/\/blog.saocamilo-sp.br\/index.php\/2024\/01\/04\/verao\/","title":{"rendered":"Ver\u00e3o: Doen\u00e7as de pele, gastroenterites e at\u00e9 Hepatite s\u00e3o riscos para quem entra em mar com \u00e1gua impr\u00f3pria para banho"},"content":{"rendered":"\n<p>O ver\u00e3o \u00e9 uma esta\u00e7\u00e3o adorada por muitos, e durante as f\u00e9rias, as praias se tornam destinos populares para aqueles que buscam divers\u00e3o, esportes aqu\u00e1ticos e relaxamento. No entanto, \u00e9 crucial redobrar a aten\u00e7\u00e3o aos cuidados com a sa\u00fade, especialmente em rela\u00e7\u00e3o aos alimentos consumidos nesses ambientes ensolarados.<\/p>\n\n\n\n<h3 class=\"wp-block-heading\"><strong>1. Alerta Ambiental: Praias Impr\u00f3prias e Riscos \u00e0 Sa\u00fade<\/strong><\/h3>\n\n\n\n<p>Durante o ver\u00e3o, \u00f3rg\u00e3os ambientais, como a Companhia Ambiental de S\u00e3o Paulo (Cetesb), frequentemente emitem alertas sobre \u00e1reas de praias com \u00e1guas impr\u00f3prias para banho. \u00c9 essencial ficar atento a essas sinaliza\u00e7\u00f5es, uma vez que nadar ou ingerir alimentos contaminados por \u00e1gua polu\u00edda pode resultar em diversas doen\u00e7as, como explica o m\u00e9dico sanitarista do Centro Universit\u00e1rio S\u00e3o Camilo <a href=\"https:\/\/www.linkedin.com\/in\/sergiozanetta\/?originalSubdomain=br\" target=\"_blank\" rel=\"noreferrer noopener\">Prof\u00b0 Dr. S\u00e9rgio Zanetta.<\/a><\/p>\n\n\n\n<h3 class=\"wp-block-heading\"><strong>2. Impacto do Aumento da Frequ\u00eancia nas Praias: Cuidados Necess\u00e1rios<\/strong><\/h3>\n\n\n\n<p>Com o aumento do fluxo de pessoas nas praias, h\u00e1 uma preocupa\u00e7\u00e3o crescente com a quantidade de esgotos sem tratamento e a gera\u00e7\u00e3o de res\u00edduos. Esses fatores contribuem significativamente para a piora das condi\u00e7\u00f5es de balneabilidade, representando riscos tanto para os banhistas quanto para a fauna e flora marinhas.<\/p>\n\n\n\n<h3 class=\"wp-block-heading\"><strong>3. Coliformes Fecais: Indicadores de Contamina\u00e7\u00e3o e Perigos Associados<\/strong><\/h3>\n\n\n\n<p>Zanetta destaca que a presen\u00e7a de coliformes fecais, provenientes das fezes humanas, indica contamina\u00e7\u00e3o da \u00e1gua. Essas bact\u00e9rias s\u00e3o indicadores de \u00e1guas polu\u00eddas por esgoto sanit\u00e1rio, o que pode resultar em doen\u00e7as gastrointestinais e outras complica\u00e7\u00f5es de sa\u00fade.<\/p>\n\n\n\n<h3 class=\"wp-block-heading\"><strong>4. Contamina\u00e7\u00e3o nas Praias: Vil\u00e3s Invis\u00edveis e Seus Efeitos<\/strong><\/h3>\n\n\n\n<p>Bact\u00e9rias, v\u00edrus e protozo\u00e1rios s\u00e3o os vil\u00f5es invis\u00edveis que podem contaminar as praias. Embora o mar destrua as bact\u00e9rias dos coliformes fecais, suas estruturas persistem, podendo causar doen\u00e7as como gastroenterite, micoses, viroses e, em casos mais graves, hepatite A.<\/p>\n\n\n\n<h3 class=\"wp-block-heading\"><strong>5. Alimentos na Praia: Aten\u00e7\u00e3o Redobrada para uma Divers\u00e3o Saud\u00e1vel<\/strong><\/h3>\n\n\n\n<p>Al\u00e9m dos cuidados com a \u00e1gua, \u00e9 fundamental prestar aten\u00e7\u00e3o \u00e0 qualidade dos alimentos vendidos na praia. Opte por alimentos naturais, frutas e verduras bem lavadas para evitar problemas como a gastroenterite, aconselha o m\u00e9dico Zanetta.<\/p>\n\n\n\n<h3 class=\"wp-block-heading\"><strong>6. Fiscaliza\u00e7\u00e3o e Den\u00fancias: O Papel Fundamental das Vigil\u00e2ncias Sanit\u00e1rias<\/strong><\/h3>\n\n\n\n<p>A qualidade dos estabelecimentos \u00e0 beira-mar tamb\u00e9m \u00e9 crucial. Certifique-se de observar as condi\u00e7\u00f5es de higiene de restaurantes, lanchonetes e barraquinhas. O manuseio correto dos alimentos, a \u00e1gua utilizada na produ\u00e7\u00e3o de gelo e a vigil\u00e2ncia sanit\u00e1ria s\u00e3o essenciais para garantir uma experi\u00eancia gastron\u00f4mica segura.<\/p>\n\n\n\n<h3 class=\"wp-block-heading\"><strong>7. Atendimento M\u00e9dico: Agir R\u00e1pido para uma Recupera\u00e7\u00e3o Eficiente<\/strong><\/h3>\n\n\n\n<p>Por fim, Zanetta enfatiza a import\u00e2ncia de estar atento aos sinais de doen\u00e7as relacionadas \u00e0 contamina\u00e7\u00e3o e procurar atendimento m\u00e9dico imediatamente ao detectar sintomas, especialmente em crian\u00e7as e idosos, que podem enfrentar complica\u00e7\u00f5es mais graves. Denuncie qualquer irregularidade \u00e0s autoridades competentes para garantir a sa\u00fade de todos.<\/p>\n\n\n\n<p>Aproveite o ver\u00e3o com consci\u00eancia, cuide da sua sa\u00fade e desfrute de momentos memor\u00e1veis nas praias!<\/p>\n\n\n\n<p>Veja tamb\u00e9m:<br><a href=\"https:\/\/blog.saocamilo-sp.br\/index.php\/2023\/11\/08\/dia-do-radiologista\/\">Radiologia: Conhe\u00e7a as diferen\u00e7as entre o curso t\u00e9cnico e a gradua\u00e7\u00e3o<\/a><br><a href=\"https:\/\/blog.saocamilo-sp.br\/index.php\/2023\/09\/08\/inteligencia-artificial-na-radiologia-descubra-os-beneficios-do-futuro\/\" target=\"_blank\" rel=\"noreferrer noopener\">Intelig\u00eancia Artificial na radiologia? Descubra os benef\u00edcios do futuro<\/a><\/p>\n\n\n\n<p>Saiba mais sobre nossos cursos:<\/p>\n\n\n\n<iframe loading=\"lazy\" src=\"https:\/\/saocamilo.apprbs.com.br\/tenho-interesse-blog\" height=\"530px\" width=\"100%\" frameborder=\"0\"><\/iframe>\n\n\n\n<p>Compartilhe em:<\/p>\n","protected":false},"excerpt":{"rendered":"<p>O ver\u00e3o \u00e9 uma esta\u00e7\u00e3o adorada por muitos, e durante as f\u00e9rias, as praias se tornam destinos populares para aqueles que buscam divers\u00e3o, esportes aqu\u00e1ticos e relaxamento.<\/p>\n","protected":false},"author":4,"featured_media":2187,"comment_status":"open","ping_status":"open","sticky":false,"template":"","format":"standard","meta":{"cybocfi_hide_featured_image":"","footnotes":""},"categories":[111,79],"tags":[138,139,127,53],"class_list":["post-2186","post","type-post","status-publish","format-standard","has-post-thumbnail","hentry","category-pesquisas","category-saude","tag-doencas","tag-praia","tag-sol","tag-verao"],"yoast_head":"<!-- This site is optimized with the Yoast SEO plugin v27.4 - https:\/\/yoast.com\/product\/yoast-seo-wordpress\/ -->\n<title>Ver\u00e3o: Doen\u00e7as de pele, gastroenterites e at\u00e9 Hepatite s\u00e3o riscos para quem entra em mar com \u00e1gua impr\u00f3pria para banho - Blog S\u00e3o Camilo<\/title>\n<meta name=\"description\" content=\"O ver\u00e3o \u00e9 uma esta\u00e7\u00e3o adorada por muitos, e durante as f\u00e9rias, as praias se tornam destinos populares para aqueles que buscam divers\u00e3o... .\" \/>\n<meta name=\"robots\" content=\"index, follow, max-snippet:-1, max-image-preview:large, max-video-preview:-1\" \/>\n<link rel=\"canonical\" href=\"https:\/\/blog.saocamilo-sp.br\/index.php\/2024\/01\/04\/verao\/\" \/>\n<meta property=\"og:locale\" content=\"pt_BR\" \/>\n<meta property=\"og:type\" content=\"article\" \/>\n<meta property=\"og:title\" content=\"Ver\u00e3o: Doen\u00e7as de pele, gastroenterites e at\u00e9 Hepatite s\u00e3o riscos para quem entra em mar com \u00e1gua impr\u00f3pria para banho - Blog S\u00e3o Camilo\" \/>\n<meta property=\"og:description\" content=\"O ver\u00e3o \u00e9 uma esta\u00e7\u00e3o adorada por muitos, e durante as f\u00e9rias, as praias se tornam destinos populares para aqueles que buscam divers\u00e3o... .\" \/>\n<meta property=\"og:url\" content=\"https:\/\/blog.saocamilo-sp.br\/index.php\/2024\/01\/04\/verao\/\" \/>\n<meta property=\"og:site_name\" content=\"Blog S\u00e3o Camilo\" \/>\n<meta property=\"article:publisher\" content=\"https:\/\/www.facebook.com\/saocamilosp\" \/>\n<meta property=\"article:published_time\" content=\"2024-01-04T19:27:06+00:00\" \/>\n<meta property=\"article:modified_time\" content=\"2024-01-04T19:27:07+00:00\" \/>\n<meta property=\"og:image\" content=\"https:\/\/blog.saocamilo-sp.br\/wp-content\/uploads\/2024\/01\/sol.png\" \/>\n\t<meta property=\"og:image:width\" content=\"640\" \/>\n\t<meta property=\"og:image:height\" content=\"370\" \/>\n\t<meta property=\"og:image:type\" content=\"image\/png\" \/>\n<meta name=\"author\" content=\"Lucas Soares Gon\u00e7alves\" \/>\n<meta name=\"twitter:card\" content=\"summary_large_image\" \/>\n<meta name=\"twitter:creator\" content=\"@saocamilosp\" \/>\n<meta name=\"twitter:site\" content=\"@saocamilosp\" \/>\n<meta name=\"twitter:label1\" content=\"Escrito por\" \/>\n\t<meta name=\"twitter:data1\" content=\"Lucas Soares Gon\u00e7alves\" \/>\n\t<meta name=\"twitter:label2\" content=\"Est. tempo de leitura\" \/>\n\t<meta name=\"twitter:data2\" content=\"3 minutos\" \/>\n<script type=\"application\/ld+json\" class=\"yoast-schema-graph\">{\"@context\":\"https:\\\/\\\/schema.org\",\"@graph\":[{\"@type\":\"Article\",\"@id\":\"https:\\\/\\\/blog.saocamilo-sp.br\\\/index.php\\\/2024\\\/01\\\/04\\\/verao\\\/#article\",\"isPartOf\":{\"@id\":\"https:\\\/\\\/blog.saocamilo-sp.br\\\/index.php\\\/2024\\\/01\\\/04\\\/verao\\\/\"},\"author\":{\"name\":\"Lucas Soares Gon\u00e7alves\",\"@id\":\"https:\\\/\\\/blog.saocamilo-sp.br\\\/#\\\/schema\\\/person\\\/781135418152912d4b58f2db13a2eaf0\"},\"headline\":\"Ver\u00e3o: Doen\u00e7as de pele, gastroenterites e at\u00e9 Hepatite s\u00e3o riscos para quem entra em mar com \u00e1gua impr\u00f3pria para banho\",\"datePublished\":\"2024-01-04T19:27:06+00:00\",\"dateModified\":\"2024-01-04T19:27:07+00:00\",\"mainEntityOfPage\":{\"@id\":\"https:\\\/\\\/blog.saocamilo-sp.br\\\/index.php\\\/2024\\\/01\\\/04\\\/verao\\\/\"},\"wordCount\":570,\"commentCount\":0,\"publisher\":{\"@id\":\"https:\\\/\\\/blog.saocamilo-sp.br\\\/#organization\"},\"image\":{\"@id\":\"https:\\\/\\\/blog.saocamilo-sp.br\\\/index.php\\\/2024\\\/01\\\/04\\\/verao\\\/#primaryimage\"},\"thumbnailUrl\":\"https:\\\/\\\/blog.saocamilo-sp.br\\\/wp-content\\\/uploads\\\/2024\\\/01\\\/sol.png\",\"keywords\":[\"doen\u00e7as\",\"praia\",\"Sol\",\"Ver\u00e3o\"],\"articleSection\":[\"Pesquisas\",\"Sa\u00fade\"],\"inLanguage\":\"pt-BR\",\"potentialAction\":[{\"@type\":\"CommentAction\",\"name\":\"Comment\",\"target\":[\"https:\\\/\\\/blog.saocamilo-sp.br\\\/index.php\\\/2024\\\/01\\\/04\\\/verao\\\/#respond\"]}]},{\"@type\":\"WebPage\",\"@id\":\"https:\\\/\\\/blog.saocamilo-sp.br\\\/index.php\\\/2024\\\/01\\\/04\\\/verao\\\/\",\"url\":\"https:\\\/\\\/blog.saocamilo-sp.br\\\/index.php\\\/2024\\\/01\\\/04\\\/verao\\\/\",\"name\":\"Ver\u00e3o: Doen\u00e7as de pele, gastroenterites e at\u00e9 Hepatite s\u00e3o riscos para quem entra em mar com \u00e1gua impr\u00f3pria para banho - Blog S\u00e3o Camilo\",\"isPartOf\":{\"@id\":\"https:\\\/\\\/blog.saocamilo-sp.br\\\/#website\"},\"primaryImageOfPage\":{\"@id\":\"https:\\\/\\\/blog.saocamilo-sp.br\\\/index.php\\\/2024\\\/01\\\/04\\\/verao\\\/#primaryimage\"},\"image\":{\"@id\":\"https:\\\/\\\/blog.saocamilo-sp.br\\\/index.php\\\/2024\\\/01\\\/04\\\/verao\\\/#primaryimage\"},\"thumbnailUrl\":\"https:\\\/\\\/blog.saocamilo-sp.br\\\/wp-content\\\/uploads\\\/2024\\\/01\\\/sol.png\",\"datePublished\":\"2024-01-04T19:27:06+00:00\",\"dateModified\":\"2024-01-04T19:27:07+00:00\",\"description\":\"O ver\u00e3o \u00e9 uma esta\u00e7\u00e3o adorada por muitos, e durante as f\u00e9rias, as praias se tornam destinos populares para aqueles que buscam divers\u00e3o... .\",\"breadcrumb\":{\"@id\":\"https:\\\/\\\/blog.saocamilo-sp.br\\\/index.php\\\/2024\\\/01\\\/04\\\/verao\\\/#breadcrumb\"},\"inLanguage\":\"pt-BR\",\"potentialAction\":[{\"@type\":\"ReadAction\",\"target\":[\"https:\\\/\\\/blog.saocamilo-sp.br\\\/index.php\\\/2024\\\/01\\\/04\\\/verao\\\/\"]}]},{\"@type\":\"ImageObject\",\"inLanguage\":\"pt-BR\",\"@id\":\"https:\\\/\\\/blog.saocamilo-sp.br\\\/index.php\\\/2024\\\/01\\\/04\\\/verao\\\/#primaryimage\",\"url\":\"https:\\\/\\\/blog.saocamilo-sp.br\\\/wp-content\\\/uploads\\\/2024\\\/01\\\/sol.png\",\"contentUrl\":\"https:\\\/\\\/blog.saocamilo-sp.br\\\/wp-content\\\/uploads\\\/2024\\\/01\\\/sol.png\",\"width\":640,\"height\":370},{\"@type\":\"BreadcrumbList\",\"@id\":\"https:\\\/\\\/blog.saocamilo-sp.br\\\/index.php\\\/2024\\\/01\\\/04\\\/verao\\\/#breadcrumb\",\"itemListElement\":[{\"@type\":\"ListItem\",\"position\":1,\"name\":\"In\u00edcio\",\"item\":\"https:\\\/\\\/blog.saocamilo-sp.br\\\/\"},{\"@type\":\"ListItem\",\"position\":2,\"name\":\"Ver\u00e3o: Doen\u00e7as de pele, gastroenterites e at\u00e9 Hepatite s\u00e3o riscos para quem entra em mar com \u00e1gua impr\u00f3pria para banho\"}]},{\"@type\":\"WebSite\",\"@id\":\"https:\\\/\\\/blog.saocamilo-sp.br\\\/#website\",\"url\":\"https:\\\/\\\/blog.saocamilo-sp.br\\\/\",\"name\":\"Blog S\u00e3o Camilo\",\"description\":\"Blog do Centro Universit\u00e1rio S\u00e3o Camilo\",\"publisher\":{\"@id\":\"https:\\\/\\\/blog.saocamilo-sp.br\\\/#organization\"},\"potentialAction\":[{\"@type\":\"SearchAction\",\"target\":{\"@type\":\"EntryPoint\",\"urlTemplate\":\"https:\\\/\\\/blog.saocamilo-sp.br\\\/?s={search_term_string}\"},\"query-input\":{\"@type\":\"PropertyValueSpecification\",\"valueRequired\":true,\"valueName\":\"search_term_string\"}}],\"inLanguage\":\"pt-BR\"},{\"@type\":\"Organization\",\"@id\":\"https:\\\/\\\/blog.saocamilo-sp.br\\\/#organization\",\"name\":\"Blog S\u00e3o Camilo\",\"url\":\"https:\\\/\\\/blog.saocamilo-sp.br\\\/\",\"logo\":{\"@type\":\"ImageObject\",\"inLanguage\":\"pt-BR\",\"@id\":\"https:\\\/\\\/blog.saocamilo-sp.br\\\/#\\\/schema\\\/logo\\\/image\\\/\",\"url\":\"https:\\\/\\\/blog.saocamilo-sp.br\\\/wp-content\\\/uploads\\\/2021\\\/12\\\/cropped-vazio-logo-topo.png\",\"contentUrl\":\"https:\\\/\\\/blog.saocamilo-sp.br\\\/wp-content\\\/uploads\\\/2021\\\/12\\\/cropped-vazio-logo-topo.png\",\"width\":320,\"height\":240,\"caption\":\"Blog S\u00e3o Camilo\"},\"image\":{\"@id\":\"https:\\\/\\\/blog.saocamilo-sp.br\\\/#\\\/schema\\\/logo\\\/image\\\/\"},\"sameAs\":[\"https:\\\/\\\/www.facebook.com\\\/saocamilosp\",\"https:\\\/\\\/x.com\\\/saocamilosp\",\"https:\\\/\\\/www.linkedin.com\\\/school\\\/centro-universit-rio-s-o-camilo\\\/\"]},{\"@type\":\"Person\",\"@id\":\"https:\\\/\\\/blog.saocamilo-sp.br\\\/#\\\/schema\\\/person\\\/781135418152912d4b58f2db13a2eaf0\",\"name\":\"Lucas Soares Gon\u00e7alves\",\"image\":{\"@type\":\"ImageObject\",\"inLanguage\":\"pt-BR\",\"@id\":\"https:\\\/\\\/secure.gravatar.com\\\/avatar\\\/bcd2d703cbb48116eaac2cac8643792535238ff30b2d7ce9e16f9254ec9cae83?s=96&d=mm&r=g\",\"url\":\"https:\\\/\\\/secure.gravatar.com\\\/avatar\\\/bcd2d703cbb48116eaac2cac8643792535238ff30b2d7ce9e16f9254ec9cae83?s=96&d=mm&r=g\",\"contentUrl\":\"https:\\\/\\\/secure.gravatar.com\\\/avatar\\\/bcd2d703cbb48116eaac2cac8643792535238ff30b2d7ce9e16f9254ec9cae83?s=96&d=mm&r=g\",\"caption\":\"Lucas Soares Gon\u00e7alves\"},\"url\":\"https:\\\/\\\/blog.saocamilo-sp.br\\\/index.php\\\/author\\\/lucas-soares-goncalves\\\/\"}]}<\/script>\n<!-- \/ Yoast SEO plugin. -->","yoast_head_json":{"title":"Ver\u00e3o: Doen\u00e7as de pele, gastroenterites e at\u00e9 Hepatite s\u00e3o riscos para quem entra em mar com \u00e1gua impr\u00f3pria para banho - Blog S\u00e3o Camilo","description":"O ver\u00e3o \u00e9 uma esta\u00e7\u00e3o adorada por muitos, e durante as f\u00e9rias, as praias se tornam destinos populares para aqueles que buscam divers\u00e3o... .","robots":{"index":"index","follow":"follow","max-snippet":"max-snippet:-1","max-image-preview":"max-image-preview:large","max-video-preview":"max-video-preview:-1"},"canonical":"https:\/\/blog.saocamilo-sp.br\/index.php\/2024\/01\/04\/verao\/","og_locale":"pt_BR","og_type":"article","og_title":"Ver\u00e3o: Doen\u00e7as de pele, gastroenterites e at\u00e9 Hepatite s\u00e3o riscos para quem entra em mar com \u00e1gua impr\u00f3pria para banho - Blog S\u00e3o Camilo","og_description":"O ver\u00e3o \u00e9 uma esta\u00e7\u00e3o adorada por muitos, e durante as f\u00e9rias, as praias se tornam destinos populares para aqueles que buscam divers\u00e3o... .","og_url":"https:\/\/blog.saocamilo-sp.br\/index.php\/2024\/01\/04\/verao\/","og_site_name":"Blog S\u00e3o Camilo","article_publisher":"https:\/\/www.facebook.com\/saocamilosp","article_published_time":"2024-01-04T19:27:06+00:00","article_modified_time":"2024-01-04T19:27:07+00:00","og_image":[{"width":640,"height":370,"url":"https:\/\/blog.saocamilo-sp.br\/wp-content\/uploads\/2024\/01\/sol.png","type":"image\/png"}],"author":"Lucas Soares Gon\u00e7alves","twitter_card":"summary_large_image","twitter_creator":"@saocamilosp","twitter_site":"@saocamilosp","twitter_misc":{"Escrito por":"Lucas Soares Gon\u00e7alves","Est. tempo de leitura":"3 minutos"},"schema":{"@context":"https:\/\/schema.org","@graph":[{"@type":"Article","@id":"https:\/\/blog.saocamilo-sp.br\/index.php\/2024\/01\/04\/verao\/#article","isPartOf":{"@id":"https:\/\/blog.saocamilo-sp.br\/index.php\/2024\/01\/04\/verao\/"},"author":{"name":"Lucas Soares Gon\u00e7alves","@id":"https:\/\/blog.saocamilo-sp.br\/#\/schema\/person\/781135418152912d4b58f2db13a2eaf0"},"headline":"Ver\u00e3o: Doen\u00e7as de pele, gastroenterites e at\u00e9 Hepatite s\u00e3o riscos para quem entra em mar com \u00e1gua impr\u00f3pria para banho","datePublished":"2024-01-04T19:27:06+00:00","dateModified":"2024-01-04T19:27:07+00:00","mainEntityOfPage":{"@id":"https:\/\/blog.saocamilo-sp.br\/index.php\/2024\/01\/04\/verao\/"},"wordCount":570,"commentCount":0,"publisher":{"@id":"https:\/\/blog.saocamilo-sp.br\/#organization"},"image":{"@id":"https:\/\/blog.saocamilo-sp.br\/index.php\/2024\/01\/04\/verao\/#primaryimage"},"thumbnailUrl":"https:\/\/blog.saocamilo-sp.br\/wp-content\/uploads\/2024\/01\/sol.png","keywords":["doen\u00e7as","praia","Sol","Ver\u00e3o"],"articleSection":["Pesquisas","Sa\u00fade"],"inLanguage":"pt-BR","potentialAction":[{"@type":"CommentAction","name":"Comment","target":["https:\/\/blog.saocamilo-sp.br\/index.php\/2024\/01\/04\/verao\/#respond"]}]},{"@type":"WebPage","@id":"https:\/\/blog.saocamilo-sp.br\/index.php\/2024\/01\/04\/verao\/","url":"https:\/\/blog.saocamilo-sp.br\/index.php\/2024\/01\/04\/verao\/","name":"Ver\u00e3o: Doen\u00e7as de pele, gastroenterites e at\u00e9 Hepatite s\u00e3o riscos para quem entra em mar com \u00e1gua impr\u00f3pria para banho - Blog S\u00e3o Camilo","isPartOf":{"@id":"https:\/\/blog.saocamilo-sp.br\/#website"},"primaryImageOfPage":{"@id":"https:\/\/blog.saocamilo-sp.br\/index.php\/2024\/01\/04\/verao\/#primaryimage"},"image":{"@id":"https:\/\/blog.saocamilo-sp.br\/index.php\/2024\/01\/04\/verao\/#primaryimage"},"thumbnailUrl":"https:\/\/blog.saocamilo-sp.br\/wp-content\/uploads\/2024\/01\/sol.png","datePublished":"2024-01-04T19:27:06+00:00","dateModified":"2024-01-04T19:27:07+00:00","description":"O ver\u00e3o \u00e9 uma esta\u00e7\u00e3o adorada por muitos, e durante as f\u00e9rias, as praias se tornam destinos populares para aqueles que buscam divers\u00e3o... .","breadcrumb":{"@id":"https:\/\/blog.saocamilo-sp.br\/index.php\/2024\/01\/04\/verao\/#breadcrumb"},"inLanguage":"pt-BR","potentialAction":[{"@type":"ReadAction","target":["https:\/\/blog.saocamilo-sp.br\/index.php\/2024\/01\/04\/verao\/"]}]},{"@type":"ImageObject","inLanguage":"pt-BR","@id":"https:\/\/blog.saocamilo-sp.br\/index.php\/2024\/01\/04\/verao\/#primaryimage","url":"https:\/\/blog.saocamilo-sp.br\/wp-content\/uploads\/2024\/01\/sol.png","contentUrl":"https:\/\/blog.saocamilo-sp.br\/wp-content\/uploads\/2024\/01\/sol.png","width":640,"height":370},{"@type":"BreadcrumbList","@id":"https:\/\/blog.saocamilo-sp.br\/index.php\/2024\/01\/04\/verao\/#breadcrumb","itemListElement":[{"@type":"ListItem","position":1,"name":"In\u00edcio","item":"https:\/\/blog.saocamilo-sp.br\/"},{"@type":"ListItem","position":2,"name":"Ver\u00e3o: Doen\u00e7as de pele, gastroenterites e at\u00e9 Hepatite s\u00e3o riscos para quem entra em mar com \u00e1gua impr\u00f3pria para banho"}]},{"@type":"WebSite","@id":"https:\/\/blog.saocamilo-sp.br\/#website","url":"https:\/\/blog.saocamilo-sp.br\/","name":"Blog S\u00e3o Camilo","description":"Blog do Centro Universit\u00e1rio S\u00e3o Camilo","publisher":{"@id":"https:\/\/blog.saocamilo-sp.br\/#organization"},"potentialAction":[{"@type":"SearchAction","target":{"@type":"EntryPoint","urlTemplate":"https:\/\/blog.saocamilo-sp.br\/?s={search_term_string}"},"query-input":{"@type":"PropertyValueSpecification","valueRequired":true,"valueName":"search_term_string"}}],"inLanguage":"pt-BR"},{"@type":"Organization","@id":"https:\/\/blog.saocamilo-sp.br\/#organization","name":"Blog S\u00e3o Camilo","url":"https:\/\/blog.saocamilo-sp.br\/","logo":{"@type":"ImageObject","inLanguage":"pt-BR","@id":"https:\/\/blog.saocamilo-sp.br\/#\/schema\/logo\/image\/","url":"https:\/\/blog.saocamilo-sp.br\/wp-content\/uploads\/2021\/12\/cropped-vazio-logo-topo.png","contentUrl":"https:\/\/blog.saocamilo-sp.br\/wp-content\/uploads\/2021\/12\/cropped-vazio-logo-topo.png","width":320,"height":240,"caption":"Blog S\u00e3o Camilo"},"image":{"@id":"https:\/\/blog.saocamilo-sp.br\/#\/schema\/logo\/image\/"},"sameAs":["https:\/\/www.facebook.com\/saocamilosp","https:\/\/x.com\/saocamilosp","https:\/\/www.linkedin.com\/school\/centro-universit-rio-s-o-camilo\/"]},{"@type":"Person","@id":"https:\/\/blog.saocamilo-sp.br\/#\/schema\/person\/781135418152912d4b58f2db13a2eaf0","name":"Lucas Soares Gon\u00e7alves","image":{"@type":"ImageObject","inLanguage":"pt-BR","@id":"https:\/\/secure.gravatar.com\/avatar\/bcd2d703cbb48116eaac2cac8643792535238ff30b2d7ce9e16f9254ec9cae83?s=96&d=mm&r=g","url":"https:\/\/secure.gravatar.com\/avatar\/bcd2d703cbb48116eaac2cac8643792535238ff30b2d7ce9e16f9254ec9cae83?s=96&d=mm&r=g","contentUrl":"https:\/\/secure.gravatar.com\/avatar\/bcd2d703cbb48116eaac2cac8643792535238ff30b2d7ce9e16f9254ec9cae83?s=96&d=mm&r=g","caption":"Lucas Soares Gon\u00e7alves"},"url":"https:\/\/blog.saocamilo-sp.br\/index.php\/author\/lucas-soares-goncalves\/"}]}},"_links":{"self":[{"href":"https:\/\/blog.saocamilo-sp.br\/index.php\/wp-json\/wp\/v2\/posts\/2186","targetHints":{"allow":["GET"]}}],"collection":[{"href":"https:\/\/blog.saocamilo-sp.br\/index.php\/wp-json\/wp\/v2\/posts"}],"about":[{"href":"https:\/\/blog.saocamilo-sp.br\/index.php\/wp-json\/wp\/v2\/types\/post"}],"author":[{"embeddable":true,"href":"https:\/\/blog.saocamilo-sp.br\/index.php\/wp-json\/wp\/v2\/users\/4"}],"replies":[{"embeddable":true,"href":"https:\/\/blog.saocamilo-sp.br\/index.php\/wp-json\/wp\/v2\/comments?post=2186"}],"version-history":[{"count":1,"href":"https:\/\/blog.saocamilo-sp.br\/index.php\/wp-json\/wp\/v2\/posts\/2186\/revisions"}],"predecessor-version":[{"id":2188,"href":"https:\/\/blog.saocamilo-sp.br\/index.php\/wp-json\/wp\/v2\/posts\/2186\/revisions\/2188"}],"wp:featuredmedia":[{"embeddable":true,"href":"https:\/\/blog.saocamilo-sp.br\/index.php\/wp-json\/wp\/v2\/media\/2187"}],"wp:attachment":[{"href":"https:\/\/blog.saocamilo-sp.br\/index.php\/wp-json\/wp\/v2\/media?parent=2186"}],"wp:term":[{"taxonomy":"category","embeddable":true,"href":"https:\/\/blog.saocamilo-sp.br\/index.php\/wp-json\/wp\/v2\/categories?post=2186"},{"taxonomy":"post_tag","embeddable":true,"href":"https:\/\/blog.saocamilo-sp.br\/index.php\/wp-json\/wp\/v2\/tags?post=2186"}],"curies":[{"name":"wp","href":"https:\/\/api.w.org\/{rel}","templated":true}]}}