{"id":2197,"date":"2024-01-09T10:30:16","date_gmt":"2024-01-09T13:30:16","guid":{"rendered":"https:\/\/blog.saocamilo-sp.br\/?p=2197"},"modified":"2024-01-09T10:30:17","modified_gmt":"2024-01-09T13:30:17","slug":"ferias-escolares-dicas-para-pais-brincarem-com-filhos-tendo-diversao","status":"publish","type":"post","link":"https:\/\/blog.saocamilo-sp.br\/index.php\/2024\/01\/09\/ferias-escolares-dicas-para-pais-brincarem-com-filhos-tendo-diversao\/","title":{"rendered":"F\u00e9rias escolares: dicas para pais brincarem com filhos tendo divers\u00e3o"},"content":{"rendered":"\n<p>Enfim as f\u00e9rias chegaram e os pais t\u00eam, pelo menos, cerca de 40 dias com as crian\u00e7as em casa. Nesse per\u00edodo, o desafio \u00e9 entreter quem est\u00e1 acostumado a uma rotina de atividades e muita agita\u00e7\u00e3o na escola. A turminha, al\u00e9m de exigir muita aten\u00e7\u00e3o, tem uma demanda latente de exercitar o corpo e mente.<\/p>\n\n\n\n<h2 class=\"wp-block-heading\">Mantendo uma Rotina Saud\u00e1vel<\/h2>\n\n\n\n<p>Primeiramente para manter uma rotina saud\u00e1vel, a coordenadora do curso de Pedagogia, do <a href=\"https:\/\/saocamilo-sp.br\/\" target=\"_blank\" rel=\"noreferrer noopener\">Centro Universit\u00e1rio S\u00e3o Camilo<\/a>, Luciana Pedro passou uma lista de atividades para aproximar pais e filhos neste per\u00edodo sem estresse e de forma prazerosa.\u00a0A ideia n\u00e3o \u00e9 dar aula para as crian\u00e7as nas f\u00e9rias, mas promover o desenvolvimento e garantir a divers\u00e3o ao mesmo tempo. Assim, voc\u00ea cria mem\u00f3rias com as crian\u00e7as e ocupa o tempo de forma saud\u00e1vel e equilibrada\u201d, afirmou a especialista em Pedagogia.<\/p>\n\n\n\n<h2 class=\"wp-block-heading\">Divers\u00e3o e Aprendizado<\/h2>\n\n\n\n<p>E se o calor continuar por a\u00ed, use e abuse da \u00e1gua, do gelo, das tintas, de folhas e outros objetos que v\u00e3o fazer a maior sujeira e bagun\u00e7a, mas tamb\u00e9m v\u00e3o oferecer muitas texturas e sensa\u00e7\u00f5es diferentes. J\u00e1 pensou em colocar um dinossauro dentro de uma bexiga, encher de \u00e1gua e congelar?<\/p>\n\n\n\n<h2 class=\"wp-block-heading\">Dicas para as F\u00e9rias<\/h2>\n\n\n\n<h3 class=\"wp-block-heading\">1. Estabele\u00e7a rotina e uma programa\u00e7\u00e3o nas f\u00e9rias<\/h3>\n\n\n\n<p>Claro que as f\u00e9rias s\u00e3o repletas de compromisso que fogem da rotina das crian\u00e7as. Mas \u00e9 importante que eles saibam o que vai acontecer e que entendam alguns compromissos como importantes, como o limite no tempo de tela, por exemplo. A sugest\u00e3o \u00e9 imprimir um calend\u00e1rio da semana e organizar com a crian\u00e7as o hor\u00e1rio de cada atividade. Se a sua turminha ainda for pequena, use desenhos para representar cada tarefa. \u00c9 oportunidade de trabalhar os dias da semana, horas, antes e depois e at\u00e9 os rituais das datas comemorativas.<\/p>\n\n\n\n<h3 class=\"wp-block-heading\">2. Inclua as crian\u00e7as na sua rotina<\/h3>\n\n\n\n<p>Mesmo em f\u00e9rias, os pais ainda precisam fazer in\u00fameras atividades como lavar e pendurar roupa, cozinhar, arrumar a cama etc. As crian\u00e7as podem (e devem) fazer parte dessas tarefas. D\u00ea os pregadores para serem organizados, o que ajuda inclusive no exerc\u00edcio de treinar os movimentos das m\u00e3ozinhas; Chame para escolher a receita do dia e apresente as unidades de medidas; Aproveite a organiza\u00e7\u00e3o do quarto para pensar uma nova classifica\u00e7\u00e3o dos brinquedos. Essas s\u00e3o tarefas simples, mas que estimulam muitas habilidades das crian\u00e7as.<\/p>\n\n\n\n<h3 class=\"wp-block-heading\">3. Programe atividades para movimentar o corpo<\/h3>\n\n\n\n<p>As f\u00e9rias s\u00e3o o momento de tirar a rodinha da bicicleta e treinar o equil\u00edbrio, dan\u00e7ar na frente do espelho e at\u00e9 fazer um percurso de desafios no meio da sala. As pesquisas mostram que o desenvolvimento psicomotor est\u00e1 diretamente ligado ao desenvolvimento cognitivo, ou seja, equil\u00edbrio, novos movimentos, o trabalho de direita e esquerda e muitos outros v\u00e3o ter impacto na escrita e nos processos de aprendizagem do seu filho ou filha. Aproveite esses benef\u00edcios e crie incentivos.<\/p>\n\n\n\n<h3 class=\"wp-block-heading\">4. Nos momentos no carro, crie brincadeiras para toda a fam\u00edlia<\/h3>\n\n\n\n<p>Sabemos que fugir das telas quando se est\u00e1 no tr\u00e2nsito \u00e9 um grande desafio, mas h\u00e1 in\u00fameras brincadeiras que podem envolver toda a fam\u00edlia, criar mem\u00f3rias e, de quebra, ajudar no desenvolvimento. Que tal come\u00e7ar uma hist\u00f3ria e cada um continuar uma parte? Ou brincar de \u201co que tem dentro de casa com a letra A\u201d? Vamos treinar a mem\u00f3ria, a capacidade de sequ\u00eancia dos acontecimentos e, \u00e9 claro, a criatividade.<\/p>\n\n\n\n<h3 class=\"wp-block-heading\">5. Fa\u00e7a uma mala com objetos que podem virar uma distra\u00e7\u00e3o<\/h3>\n\n\n\n<p>Portanto, Massinha, pregadores, l\u00e1pis de cor, giz de cera, tampas de garrafa, potinhos, bolinhas de gude, carrinhos e at\u00e9 umas colheres podem fazer a divers\u00e3o da crian\u00e7ada em qualquer lugar. Al\u00e9m de distra\u00edrem os pequenos, esses objetos podem virar personagens de uma hist\u00f3ria e ajudar as crian\u00e7as a sair do concreto para o abstrato, estimulando a imagina\u00e7\u00e3o.<\/p>\n\n\n\n<p>Boas f\u00e9rias e esperamos que se divirtam juntos!<\/p>\n\n\n\n<p>Veja tamb\u00e9m:<br><a href=\"https:\/\/blog.saocamilo-sp.br\/index.php\/2023\/11\/08\/dia-do-radiologista\/\">Radiologia: Conhe\u00e7a as diferen\u00e7as entre o curso t\u00e9cnico e a gradua\u00e7\u00e3o<\/a><br><a href=\"https:\/\/blog.saocamilo-sp.br\/index.php\/2023\/09\/08\/inteligencia-artificial-na-radiologia-descubra-os-beneficios-do-futuro\/\" target=\"_blank\" rel=\"noreferrer noopener\">Intelig\u00eancia Artificial na radiologia? Descubra os benef\u00edcios do futuro<\/a><\/p>\n\n\n\n<p>Saiba mais sobre nossos cursos:<\/p>\n\n\n\n<iframe loading=\"lazy\" src=\"https:\/\/saocamilo.apprbs.com.br\/tenho-interesse-blog\" height=\"530px\" width=\"100%\" frameborder=\"0\"><\/iframe>\n\n\n\n<p>Compartilhe em:<\/p>\n","protected":false},"excerpt":{"rendered":"<p>As f\u00e9rias chegaram e os pais t\u00eam, pelo menos, cerca de 40 dias com as crian\u00e7as em casa. Nesse per\u00edodo, o desafio \u00e9 entreter quem est\u00e1 acostumado a uma rotina de atividades e muita agita\u00e7\u00e3o na escola. <\/p>\n","protected":false},"author":4,"featured_media":2198,"comment_status":"open","ping_status":"open","sticky":false,"template":"","format":"standard","meta":{"cybocfi_hide_featured_image":"","footnotes":""},"categories":[1],"tags":[140],"class_list":["post-2197","post","type-post","status-publish","format-standard","has-post-thumbnail","hentry","category-cursos","tag-ferias"],"yoast_head":"<!-- This site is optimized with the Yoast SEO plugin v27.5 - https:\/\/yoast.com\/product\/yoast-seo-wordpress\/ -->\n<title>F\u00e9rias escolares: dicas para pais brincarem com filhos tendo divers\u00e3o - Blog S\u00e3o Camilo<\/title>\n<meta name=\"description\" content=\"As f\u00e9rias chegaram e os pais t\u00eam, pelo menos, cerca de 40 dias com as crian\u00e7as em casa. Nesse per\u00edodo, o desafio \u00e9...\" \/>\n<meta name=\"robots\" content=\"index, follow, max-snippet:-1, max-image-preview:large, max-video-preview:-1\" \/>\n<link rel=\"canonical\" href=\"https:\/\/blog.saocamilo-sp.br\/index.php\/2024\/01\/09\/ferias-escolares-dicas-para-pais-brincarem-com-filhos-tendo-diversao\/\" \/>\n<meta property=\"og:locale\" content=\"pt_BR\" \/>\n<meta property=\"og:type\" content=\"article\" \/>\n<meta property=\"og:title\" content=\"F\u00e9rias escolares: dicas para pais brincarem com filhos tendo divers\u00e3o - Blog S\u00e3o Camilo\" \/>\n<meta property=\"og:description\" content=\"As f\u00e9rias chegaram e os pais t\u00eam, pelo menos, cerca de 40 dias com as crian\u00e7as em casa. Nesse per\u00edodo, o desafio \u00e9...\" \/>\n<meta property=\"og:url\" content=\"https:\/\/blog.saocamilo-sp.br\/index.php\/2024\/01\/09\/ferias-escolares-dicas-para-pais-brincarem-com-filhos-tendo-diversao\/\" \/>\n<meta property=\"og:site_name\" content=\"Blog S\u00e3o Camilo\" \/>\n<meta property=\"article:publisher\" content=\"https:\/\/www.facebook.com\/saocamilosp\" \/>\n<meta property=\"article:published_time\" content=\"2024-01-09T13:30:16+00:00\" \/>\n<meta property=\"article:modified_time\" content=\"2024-01-09T13:30:17+00:00\" \/>\n<meta property=\"og:image\" content=\"https:\/\/blog.saocamilo-sp.br\/wp-content\/uploads\/2024\/01\/criancas-brincando2-1024x726-1.png\" \/>\n\t<meta property=\"og:image:width\" content=\"1024\" \/>\n\t<meta property=\"og:image:height\" content=\"726\" \/>\n\t<meta property=\"og:image:type\" content=\"image\/png\" \/>\n<meta name=\"author\" content=\"Lucas Soares Gon\u00e7alves\" \/>\n<meta name=\"twitter:card\" content=\"summary_large_image\" \/>\n<meta name=\"twitter:creator\" content=\"@saocamilosp\" \/>\n<meta name=\"twitter:site\" content=\"@saocamilosp\" \/>\n<meta name=\"twitter:label1\" content=\"Escrito por\" \/>\n\t<meta name=\"twitter:data1\" content=\"Lucas Soares Gon\u00e7alves\" \/>\n\t<meta name=\"twitter:label2\" content=\"Est. tempo de leitura\" \/>\n\t<meta name=\"twitter:data2\" content=\"4 minutos\" \/>\n<script type=\"application\/ld+json\" class=\"yoast-schema-graph\">{\"@context\":\"https:\\\/\\\/schema.org\",\"@graph\":[{\"@type\":\"Article\",\"@id\":\"https:\\\/\\\/blog.saocamilo-sp.br\\\/index.php\\\/2024\\\/01\\\/09\\\/ferias-escolares-dicas-para-pais-brincarem-com-filhos-tendo-diversao\\\/#article\",\"isPartOf\":{\"@id\":\"https:\\\/\\\/blog.saocamilo-sp.br\\\/index.php\\\/2024\\\/01\\\/09\\\/ferias-escolares-dicas-para-pais-brincarem-com-filhos-tendo-diversao\\\/\"},\"author\":{\"name\":\"Lucas Soares Gon\u00e7alves\",\"@id\":\"https:\\\/\\\/blog.saocamilo-sp.br\\\/#\\\/schema\\\/person\\\/781135418152912d4b58f2db13a2eaf0\"},\"headline\":\"F\u00e9rias escolares: dicas para pais brincarem com filhos tendo divers\u00e3o\",\"datePublished\":\"2024-01-09T13:30:16+00:00\",\"dateModified\":\"2024-01-09T13:30:17+00:00\",\"mainEntityOfPage\":{\"@id\":\"https:\\\/\\\/blog.saocamilo-sp.br\\\/index.php\\\/2024\\\/01\\\/09\\\/ferias-escolares-dicas-para-pais-brincarem-com-filhos-tendo-diversao\\\/\"},\"wordCount\":739,\"commentCount\":0,\"publisher\":{\"@id\":\"https:\\\/\\\/blog.saocamilo-sp.br\\\/#organization\"},\"image\":{\"@id\":\"https:\\\/\\\/blog.saocamilo-sp.br\\\/index.php\\\/2024\\\/01\\\/09\\\/ferias-escolares-dicas-para-pais-brincarem-com-filhos-tendo-diversao\\\/#primaryimage\"},\"thumbnailUrl\":\"https:\\\/\\\/blog.saocamilo-sp.br\\\/wp-content\\\/uploads\\\/2024\\\/01\\\/criancas-brincando2-1024x726-1.png\",\"keywords\":[\"ferias\"],\"articleSection\":[\"Cursos\"],\"inLanguage\":\"pt-BR\",\"potentialAction\":[{\"@type\":\"CommentAction\",\"name\":\"Comment\",\"target\":[\"https:\\\/\\\/blog.saocamilo-sp.br\\\/index.php\\\/2024\\\/01\\\/09\\\/ferias-escolares-dicas-para-pais-brincarem-com-filhos-tendo-diversao\\\/#respond\"]}]},{\"@type\":\"WebPage\",\"@id\":\"https:\\\/\\\/blog.saocamilo-sp.br\\\/index.php\\\/2024\\\/01\\\/09\\\/ferias-escolares-dicas-para-pais-brincarem-com-filhos-tendo-diversao\\\/\",\"url\":\"https:\\\/\\\/blog.saocamilo-sp.br\\\/index.php\\\/2024\\\/01\\\/09\\\/ferias-escolares-dicas-para-pais-brincarem-com-filhos-tendo-diversao\\\/\",\"name\":\"F\u00e9rias escolares: dicas para pais brincarem com filhos tendo divers\u00e3o - Blog S\u00e3o Camilo\",\"isPartOf\":{\"@id\":\"https:\\\/\\\/blog.saocamilo-sp.br\\\/#website\"},\"primaryImageOfPage\":{\"@id\":\"https:\\\/\\\/blog.saocamilo-sp.br\\\/index.php\\\/2024\\\/01\\\/09\\\/ferias-escolares-dicas-para-pais-brincarem-com-filhos-tendo-diversao\\\/#primaryimage\"},\"image\":{\"@id\":\"https:\\\/\\\/blog.saocamilo-sp.br\\\/index.php\\\/2024\\\/01\\\/09\\\/ferias-escolares-dicas-para-pais-brincarem-com-filhos-tendo-diversao\\\/#primaryimage\"},\"thumbnailUrl\":\"https:\\\/\\\/blog.saocamilo-sp.br\\\/wp-content\\\/uploads\\\/2024\\\/01\\\/criancas-brincando2-1024x726-1.png\",\"datePublished\":\"2024-01-09T13:30:16+00:00\",\"dateModified\":\"2024-01-09T13:30:17+00:00\",\"description\":\"As f\u00e9rias chegaram e os pais t\u00eam, pelo menos, cerca de 40 dias com as crian\u00e7as em casa. Nesse per\u00edodo, o desafio \u00e9...\",\"breadcrumb\":{\"@id\":\"https:\\\/\\\/blog.saocamilo-sp.br\\\/index.php\\\/2024\\\/01\\\/09\\\/ferias-escolares-dicas-para-pais-brincarem-com-filhos-tendo-diversao\\\/#breadcrumb\"},\"inLanguage\":\"pt-BR\",\"potentialAction\":[{\"@type\":\"ReadAction\",\"target\":[\"https:\\\/\\\/blog.saocamilo-sp.br\\\/index.php\\\/2024\\\/01\\\/09\\\/ferias-escolares-dicas-para-pais-brincarem-com-filhos-tendo-diversao\\\/\"]}]},{\"@type\":\"ImageObject\",\"inLanguage\":\"pt-BR\",\"@id\":\"https:\\\/\\\/blog.saocamilo-sp.br\\\/index.php\\\/2024\\\/01\\\/09\\\/ferias-escolares-dicas-para-pais-brincarem-com-filhos-tendo-diversao\\\/#primaryimage\",\"url\":\"https:\\\/\\\/blog.saocamilo-sp.br\\\/wp-content\\\/uploads\\\/2024\\\/01\\\/criancas-brincando2-1024x726-1.png\",\"contentUrl\":\"https:\\\/\\\/blog.saocamilo-sp.br\\\/wp-content\\\/uploads\\\/2024\\\/01\\\/criancas-brincando2-1024x726-1.png\",\"width\":1024,\"height\":726},{\"@type\":\"BreadcrumbList\",\"@id\":\"https:\\\/\\\/blog.saocamilo-sp.br\\\/index.php\\\/2024\\\/01\\\/09\\\/ferias-escolares-dicas-para-pais-brincarem-com-filhos-tendo-diversao\\\/#breadcrumb\",\"itemListElement\":[{\"@type\":\"ListItem\",\"position\":1,\"name\":\"In\u00edcio\",\"item\":\"https:\\\/\\\/blog.saocamilo-sp.br\\\/\"},{\"@type\":\"ListItem\",\"position\":2,\"name\":\"F\u00e9rias escolares: dicas para pais brincarem com filhos tendo divers\u00e3o\"}]},{\"@type\":\"WebSite\",\"@id\":\"https:\\\/\\\/blog.saocamilo-sp.br\\\/#website\",\"url\":\"https:\\\/\\\/blog.saocamilo-sp.br\\\/\",\"name\":\"Blog S\u00e3o Camilo\",\"description\":\"Blog do Centro Universit\u00e1rio S\u00e3o Camilo\",\"publisher\":{\"@id\":\"https:\\\/\\\/blog.saocamilo-sp.br\\\/#organization\"},\"potentialAction\":[{\"@type\":\"SearchAction\",\"target\":{\"@type\":\"EntryPoint\",\"urlTemplate\":\"https:\\\/\\\/blog.saocamilo-sp.br\\\/?s={search_term_string}\"},\"query-input\":{\"@type\":\"PropertyValueSpecification\",\"valueRequired\":true,\"valueName\":\"search_term_string\"}}],\"inLanguage\":\"pt-BR\"},{\"@type\":\"Organization\",\"@id\":\"https:\\\/\\\/blog.saocamilo-sp.br\\\/#organization\",\"name\":\"Blog S\u00e3o Camilo\",\"url\":\"https:\\\/\\\/blog.saocamilo-sp.br\\\/\",\"logo\":{\"@type\":\"ImageObject\",\"inLanguage\":\"pt-BR\",\"@id\":\"https:\\\/\\\/blog.saocamilo-sp.br\\\/#\\\/schema\\\/logo\\\/image\\\/\",\"url\":\"https:\\\/\\\/blog.saocamilo-sp.br\\\/wp-content\\\/uploads\\\/2021\\\/12\\\/cropped-vazio-logo-topo.png\",\"contentUrl\":\"https:\\\/\\\/blog.saocamilo-sp.br\\\/wp-content\\\/uploads\\\/2021\\\/12\\\/cropped-vazio-logo-topo.png\",\"width\":320,\"height\":240,\"caption\":\"Blog S\u00e3o Camilo\"},\"image\":{\"@id\":\"https:\\\/\\\/blog.saocamilo-sp.br\\\/#\\\/schema\\\/logo\\\/image\\\/\"},\"sameAs\":[\"https:\\\/\\\/www.facebook.com\\\/saocamilosp\",\"https:\\\/\\\/x.com\\\/saocamilosp\",\"https:\\\/\\\/www.linkedin.com\\\/school\\\/centro-universit-rio-s-o-camilo\\\/\"]},{\"@type\":\"Person\",\"@id\":\"https:\\\/\\\/blog.saocamilo-sp.br\\\/#\\\/schema\\\/person\\\/781135418152912d4b58f2db13a2eaf0\",\"name\":\"Lucas Soares Gon\u00e7alves\",\"image\":{\"@type\":\"ImageObject\",\"inLanguage\":\"pt-BR\",\"@id\":\"https:\\\/\\\/secure.gravatar.com\\\/avatar\\\/bcd2d703cbb48116eaac2cac8643792535238ff30b2d7ce9e16f9254ec9cae83?s=96&d=mm&r=g\",\"url\":\"https:\\\/\\\/secure.gravatar.com\\\/avatar\\\/bcd2d703cbb48116eaac2cac8643792535238ff30b2d7ce9e16f9254ec9cae83?s=96&d=mm&r=g\",\"contentUrl\":\"https:\\\/\\\/secure.gravatar.com\\\/avatar\\\/bcd2d703cbb48116eaac2cac8643792535238ff30b2d7ce9e16f9254ec9cae83?s=96&d=mm&r=g\",\"caption\":\"Lucas Soares Gon\u00e7alves\"},\"url\":\"https:\\\/\\\/blog.saocamilo-sp.br\\\/index.php\\\/author\\\/lucas-soares-goncalves\\\/\"}]}<\/script>\n<!-- \/ Yoast SEO plugin. -->","yoast_head_json":{"title":"F\u00e9rias escolares: dicas para pais brincarem com filhos tendo divers\u00e3o - Blog S\u00e3o Camilo","description":"As f\u00e9rias chegaram e os pais t\u00eam, pelo menos, cerca de 40 dias com as crian\u00e7as em casa. Nesse per\u00edodo, o desafio \u00e9...","robots":{"index":"index","follow":"follow","max-snippet":"max-snippet:-1","max-image-preview":"max-image-preview:large","max-video-preview":"max-video-preview:-1"},"canonical":"https:\/\/blog.saocamilo-sp.br\/index.php\/2024\/01\/09\/ferias-escolares-dicas-para-pais-brincarem-com-filhos-tendo-diversao\/","og_locale":"pt_BR","og_type":"article","og_title":"F\u00e9rias escolares: dicas para pais brincarem com filhos tendo divers\u00e3o - Blog S\u00e3o Camilo","og_description":"As f\u00e9rias chegaram e os pais t\u00eam, pelo menos, cerca de 40 dias com as crian\u00e7as em casa. Nesse per\u00edodo, o desafio \u00e9...","og_url":"https:\/\/blog.saocamilo-sp.br\/index.php\/2024\/01\/09\/ferias-escolares-dicas-para-pais-brincarem-com-filhos-tendo-diversao\/","og_site_name":"Blog S\u00e3o Camilo","article_publisher":"https:\/\/www.facebook.com\/saocamilosp","article_published_time":"2024-01-09T13:30:16+00:00","article_modified_time":"2024-01-09T13:30:17+00:00","og_image":[{"width":1024,"height":726,"url":"https:\/\/blog.saocamilo-sp.br\/wp-content\/uploads\/2024\/01\/criancas-brincando2-1024x726-1.png","type":"image\/png"}],"author":"Lucas Soares Gon\u00e7alves","twitter_card":"summary_large_image","twitter_creator":"@saocamilosp","twitter_site":"@saocamilosp","twitter_misc":{"Escrito por":"Lucas Soares Gon\u00e7alves","Est. tempo de leitura":"4 minutos"},"schema":{"@context":"https:\/\/schema.org","@graph":[{"@type":"Article","@id":"https:\/\/blog.saocamilo-sp.br\/index.php\/2024\/01\/09\/ferias-escolares-dicas-para-pais-brincarem-com-filhos-tendo-diversao\/#article","isPartOf":{"@id":"https:\/\/blog.saocamilo-sp.br\/index.php\/2024\/01\/09\/ferias-escolares-dicas-para-pais-brincarem-com-filhos-tendo-diversao\/"},"author":{"name":"Lucas Soares Gon\u00e7alves","@id":"https:\/\/blog.saocamilo-sp.br\/#\/schema\/person\/781135418152912d4b58f2db13a2eaf0"},"headline":"F\u00e9rias escolares: dicas para pais brincarem com filhos tendo divers\u00e3o","datePublished":"2024-01-09T13:30:16+00:00","dateModified":"2024-01-09T13:30:17+00:00","mainEntityOfPage":{"@id":"https:\/\/blog.saocamilo-sp.br\/index.php\/2024\/01\/09\/ferias-escolares-dicas-para-pais-brincarem-com-filhos-tendo-diversao\/"},"wordCount":739,"commentCount":0,"publisher":{"@id":"https:\/\/blog.saocamilo-sp.br\/#organization"},"image":{"@id":"https:\/\/blog.saocamilo-sp.br\/index.php\/2024\/01\/09\/ferias-escolares-dicas-para-pais-brincarem-com-filhos-tendo-diversao\/#primaryimage"},"thumbnailUrl":"https:\/\/blog.saocamilo-sp.br\/wp-content\/uploads\/2024\/01\/criancas-brincando2-1024x726-1.png","keywords":["ferias"],"articleSection":["Cursos"],"inLanguage":"pt-BR","potentialAction":[{"@type":"CommentAction","name":"Comment","target":["https:\/\/blog.saocamilo-sp.br\/index.php\/2024\/01\/09\/ferias-escolares-dicas-para-pais-brincarem-com-filhos-tendo-diversao\/#respond"]}]},{"@type":"WebPage","@id":"https:\/\/blog.saocamilo-sp.br\/index.php\/2024\/01\/09\/ferias-escolares-dicas-para-pais-brincarem-com-filhos-tendo-diversao\/","url":"https:\/\/blog.saocamilo-sp.br\/index.php\/2024\/01\/09\/ferias-escolares-dicas-para-pais-brincarem-com-filhos-tendo-diversao\/","name":"F\u00e9rias escolares: dicas para pais brincarem com filhos tendo divers\u00e3o - Blog S\u00e3o Camilo","isPartOf":{"@id":"https:\/\/blog.saocamilo-sp.br\/#website"},"primaryImageOfPage":{"@id":"https:\/\/blog.saocamilo-sp.br\/index.php\/2024\/01\/09\/ferias-escolares-dicas-para-pais-brincarem-com-filhos-tendo-diversao\/#primaryimage"},"image":{"@id":"https:\/\/blog.saocamilo-sp.br\/index.php\/2024\/01\/09\/ferias-escolares-dicas-para-pais-brincarem-com-filhos-tendo-diversao\/#primaryimage"},"thumbnailUrl":"https:\/\/blog.saocamilo-sp.br\/wp-content\/uploads\/2024\/01\/criancas-brincando2-1024x726-1.png","datePublished":"2024-01-09T13:30:16+00:00","dateModified":"2024-01-09T13:30:17+00:00","description":"As f\u00e9rias chegaram e os pais t\u00eam, pelo menos, cerca de 40 dias com as crian\u00e7as em casa. Nesse per\u00edodo, o desafio \u00e9...","breadcrumb":{"@id":"https:\/\/blog.saocamilo-sp.br\/index.php\/2024\/01\/09\/ferias-escolares-dicas-para-pais-brincarem-com-filhos-tendo-diversao\/#breadcrumb"},"inLanguage":"pt-BR","potentialAction":[{"@type":"ReadAction","target":["https:\/\/blog.saocamilo-sp.br\/index.php\/2024\/01\/09\/ferias-escolares-dicas-para-pais-brincarem-com-filhos-tendo-diversao\/"]}]},{"@type":"ImageObject","inLanguage":"pt-BR","@id":"https:\/\/blog.saocamilo-sp.br\/index.php\/2024\/01\/09\/ferias-escolares-dicas-para-pais-brincarem-com-filhos-tendo-diversao\/#primaryimage","url":"https:\/\/blog.saocamilo-sp.br\/wp-content\/uploads\/2024\/01\/criancas-brincando2-1024x726-1.png","contentUrl":"https:\/\/blog.saocamilo-sp.br\/wp-content\/uploads\/2024\/01\/criancas-brincando2-1024x726-1.png","width":1024,"height":726},{"@type":"BreadcrumbList","@id":"https:\/\/blog.saocamilo-sp.br\/index.php\/2024\/01\/09\/ferias-escolares-dicas-para-pais-brincarem-com-filhos-tendo-diversao\/#breadcrumb","itemListElement":[{"@type":"ListItem","position":1,"name":"In\u00edcio","item":"https:\/\/blog.saocamilo-sp.br\/"},{"@type":"ListItem","position":2,"name":"F\u00e9rias escolares: dicas para pais brincarem com filhos tendo divers\u00e3o"}]},{"@type":"WebSite","@id":"https:\/\/blog.saocamilo-sp.br\/#website","url":"https:\/\/blog.saocamilo-sp.br\/","name":"Blog S\u00e3o Camilo","description":"Blog do Centro Universit\u00e1rio S\u00e3o Camilo","publisher":{"@id":"https:\/\/blog.saocamilo-sp.br\/#organization"},"potentialAction":[{"@type":"SearchAction","target":{"@type":"EntryPoint","urlTemplate":"https:\/\/blog.saocamilo-sp.br\/?s={search_term_string}"},"query-input":{"@type":"PropertyValueSpecification","valueRequired":true,"valueName":"search_term_string"}}],"inLanguage":"pt-BR"},{"@type":"Organization","@id":"https:\/\/blog.saocamilo-sp.br\/#organization","name":"Blog S\u00e3o Camilo","url":"https:\/\/blog.saocamilo-sp.br\/","logo":{"@type":"ImageObject","inLanguage":"pt-BR","@id":"https:\/\/blog.saocamilo-sp.br\/#\/schema\/logo\/image\/","url":"https:\/\/blog.saocamilo-sp.br\/wp-content\/uploads\/2021\/12\/cropped-vazio-logo-topo.png","contentUrl":"https:\/\/blog.saocamilo-sp.br\/wp-content\/uploads\/2021\/12\/cropped-vazio-logo-topo.png","width":320,"height":240,"caption":"Blog S\u00e3o Camilo"},"image":{"@id":"https:\/\/blog.saocamilo-sp.br\/#\/schema\/logo\/image\/"},"sameAs":["https:\/\/www.facebook.com\/saocamilosp","https:\/\/x.com\/saocamilosp","https:\/\/www.linkedin.com\/school\/centro-universit-rio-s-o-camilo\/"]},{"@type":"Person","@id":"https:\/\/blog.saocamilo-sp.br\/#\/schema\/person\/781135418152912d4b58f2db13a2eaf0","name":"Lucas Soares Gon\u00e7alves","image":{"@type":"ImageObject","inLanguage":"pt-BR","@id":"https:\/\/secure.gravatar.com\/avatar\/bcd2d703cbb48116eaac2cac8643792535238ff30b2d7ce9e16f9254ec9cae83?s=96&d=mm&r=g","url":"https:\/\/secure.gravatar.com\/avatar\/bcd2d703cbb48116eaac2cac8643792535238ff30b2d7ce9e16f9254ec9cae83?s=96&d=mm&r=g","contentUrl":"https:\/\/secure.gravatar.com\/avatar\/bcd2d703cbb48116eaac2cac8643792535238ff30b2d7ce9e16f9254ec9cae83?s=96&d=mm&r=g","caption":"Lucas Soares Gon\u00e7alves"},"url":"https:\/\/blog.saocamilo-sp.br\/index.php\/author\/lucas-soares-goncalves\/"}]}},"_links":{"self":[{"href":"https:\/\/blog.saocamilo-sp.br\/index.php\/wp-json\/wp\/v2\/posts\/2197","targetHints":{"allow":["GET"]}}],"collection":[{"href":"https:\/\/blog.saocamilo-sp.br\/index.php\/wp-json\/wp\/v2\/posts"}],"about":[{"href":"https:\/\/blog.saocamilo-sp.br\/index.php\/wp-json\/wp\/v2\/types\/post"}],"author":[{"embeddable":true,"href":"https:\/\/blog.saocamilo-sp.br\/index.php\/wp-json\/wp\/v2\/users\/4"}],"replies":[{"embeddable":true,"href":"https:\/\/blog.saocamilo-sp.br\/index.php\/wp-json\/wp\/v2\/comments?post=2197"}],"version-history":[{"count":2,"href":"https:\/\/blog.saocamilo-sp.br\/index.php\/wp-json\/wp\/v2\/posts\/2197\/revisions"}],"predecessor-version":[{"id":2200,"href":"https:\/\/blog.saocamilo-sp.br\/index.php\/wp-json\/wp\/v2\/posts\/2197\/revisions\/2200"}],"wp:featuredmedia":[{"embeddable":true,"href":"https:\/\/blog.saocamilo-sp.br\/index.php\/wp-json\/wp\/v2\/media\/2198"}],"wp:attachment":[{"href":"https:\/\/blog.saocamilo-sp.br\/index.php\/wp-json\/wp\/v2\/media?parent=2197"}],"wp:term":[{"taxonomy":"category","embeddable":true,"href":"https:\/\/blog.saocamilo-sp.br\/index.php\/wp-json\/wp\/v2\/categories?post=2197"},{"taxonomy":"post_tag","embeddable":true,"href":"https:\/\/blog.saocamilo-sp.br\/index.php\/wp-json\/wp\/v2\/tags?post=2197"}],"curies":[{"name":"wp","href":"https:\/\/api.w.org\/{rel}","templated":true}]}}