{"id":2204,"date":"2024-01-16T13:51:25","date_gmt":"2024-01-16T16:51:25","guid":{"rendered":"https:\/\/blog.saocamilo-sp.br\/?p=2204"},"modified":"2024-02-13T13:18:10","modified_gmt":"2024-02-13T16:18:10","slug":"enem-2","status":"publish","type":"post","link":"https:\/\/blog.saocamilo-sp.br\/index.php\/2024\/01\/16\/enem-2\/","title":{"rendered":"ENEM: a nota saiu, e agora? Descubra como utilizar sua pontua\u00e7\u00e3o!"},"content":{"rendered":"\n<p>Hoje \u00e9 o grande dia: as notas do ENEM foram finalmente divulgadas pelo site do <a href=\"https:\/\/www.gov.br\/inep\/pt-br\/areas-de-atuacao\/avaliacao-e-exames-educacionais\/enem\" target=\"_blank\" rel=\"noreferrer noopener\">INEP<\/a>. Se voc\u00ea est\u00e1 se perguntando quais s\u00e3o os pr\u00f3ximos passos a tomar com sua pontua\u00e7\u00e3o, este artigo \u00e9 para voc\u00ea. Vamos explorar as diversas oportunidades que sua nota no ENEM pode abrir para o seu futuro acad\u00eamico.<\/p>\n\n\n\n<h2 class=\"wp-block-heading\">Utilize sua nota no PROUNI<\/h2>\n\n\n\n<p>Uma op\u00e7\u00e3o bastante atrativa \u00e9 o Programa Universidade para Todos (PROUNI). Sua nota no ENEM pode garantir uma vaga em uma universidade particular atrav\u00e9s de bolsas de estudos que variam de 50% a 100%. Uma excelente chance para ingressar no ensino superior com mais facilidade financeira.<\/p>\n\n\n\n<p>Al\u00e9m disso, essa oportunidade pode ser fundamental para quem busca uma forma\u00e7\u00e3o de qualidade, sem comprometer o or\u00e7amento.<\/p>\n\n\n\n<p>O <a href=\"https:\/\/saocamilo-sp.br\/\" target=\"_blank\" rel=\"noreferrer noopener\">Centro Universit\u00e1rio S\u00e3o Camilo<\/a> oferece bolsas de estudo 100% pelo Prouni em diversos cursos ofertados, venha conferir mais em: <a href=\"https:\/\/portal.saocamilo-sp.br\/servicos\/prouni.php\" target=\"_blank\" rel=\"noreferrer noopener\">https:\/\/portal.saocamilo-sp.br\/servicos\/prouni.php<\/a><\/p>\n\n\n\n<h2 class=\"wp-block-heading\">Opte pelo FIES para financiamento estudantil<\/h2>\n\n\n\n<p>Uma outra alternativa \u00e9 o Fundo de Financiamento Estudantil (FIES). Esse programa facilita sua entrada em uma universidade particular, permitindo que voc\u00ea complete seu curso antes de come\u00e7ar a pagar, sem a incid\u00eancia de juros. Ou seja, sendo uma oportunidade valiosa para investir em sua educa\u00e7\u00e3o sem sobrecarregar as finan\u00e7as.O financiamento estudantil pode ser concedido, proporcionando uma abordagem flex\u00edvel para o pagamento das mensalidades.<\/p>\n\n\n\n<h2 class=\"wp-block-heading\">Explore oportunidades de Bolsa de Estudos<\/h2>\n\n\n\n<p>A nota do ENEM tamb\u00e9m pode ser utilizada para solicitar bolsas de estudos diretamente nas universidades desejadas. Dessa forma, descubra qual a porcentagem de desconto voc\u00ea pode obter e inicie sua gradua\u00e7\u00e3o com uma redu\u00e7\u00e3o significativa nos custos.<\/p>\n\n\n\n<p>Al\u00e9m disso, essa alternativa permite que voc\u00ea inicie sua jornada acad\u00eamica com um \u00f3timo benef\u00edcio financeiro<\/p>\n\n\n\n<h2 class=\"wp-block-heading\">Entrada Direta<\/h2>\n\n\n\n<p>Evite o vestibular tradicional de sua universidade optando pela entrada direta com sua pontua\u00e7\u00e3o no ENEM. Uma forma mais simplificada e eficiente de garantir seu lugar na institui\u00e7\u00e3o desejada. Al\u00e9m disso, essa abordagem elimina a necessidade de enfrentar um vestibular tradicional, simplificando o processo de admiss\u00e3o.<\/p>\n\n\n\n<p>Com uma entrada mais r\u00e1pida e simples, utilize sua nota do ENEM como forma de ingresso no Centro Universit\u00e1rio S\u00e3o Camilo! Gostou da ideia? Clique no link e saiba mais: <a href=\"https:\/\/saocamilo-sp.br\/vestibular\/enem\" target=\"_blank\" rel=\"noreferrer noopener\">https:\/\/saocamilo-sp.br\/vestibular\/enem<\/a><\/p>\n\n\n\n<h2 class=\"wp-block-heading\">Considere o SISUTEC para cursos t\u00e9cnicos<\/h2>\n\n\n\n<p>Se seu interesse est\u00e1 em cursos t\u00e9cnicos, o Sistema de Sele\u00e7\u00e3o Unificada da Educa\u00e7\u00e3o Profissional e Tecnol\u00f3gica (SISUTEC) \u00e9 especialmente desenvolvido para voc\u00ea. Utilize sua pontua\u00e7\u00e3o do ENEM para ingressar em cursos t\u00e9cnicos de qualidade. Ademais, o SISUTEC \u00e9 uma op\u00e7\u00e3o ideal para quem busca uma forma\u00e7\u00e3o t\u00e9cnica de alto n\u00edvel.<\/p>\n\n\n\n<p>Ingresso em cursos t\u00e9cnicos pode ser viabilizado, oferecendo uma oportunidade valiosa para desenvolver habilidades espec\u00edficas.<\/p>\n\n\n\n<h2 class=\"wp-block-heading\">Sisu para universidades P\u00fablicas<\/h2>\n\n\n\n<p>Se o objetivo \u00e9 ingressar em uma universidade p\u00fablica sem enfrentar o vestibular pr\u00f3prio da institui\u00e7\u00e3o, a op\u00e7\u00e3o \u00e9 o Sistema de Sele\u00e7\u00e3o Unificada (SISU). Use sua nota no ENEM para concorrer a vagas em universidades p\u00fablicas sem a necessidade de realizar outro vestibular.<\/p>\n\n\n\n<p>Al\u00e9m disso, essa modalidade proporciona uma alternativa mais acess\u00edvel para quem busca o ensino superior p\u00fablico.<\/p>\n\n\n\n<h2 class=\"wp-block-heading\">Explore oportunidades em Universidades Portuguesas com o ENEM<\/h2>\n\n\n\n<p>Uma op\u00e7\u00e3o menos conhecida, mas igualmente v\u00e1lida, \u00e9 a possibilidade de estudar em universidades de Portugal. O Brasil, em parceria com Portugal, oferece bolsas de estudos e ingressos atrav\u00e9s do ENEM. Uma experi\u00eancia internacional enriquecedora para sua forma\u00e7\u00e3o acad\u00eamica.<\/p>\n\n\n\n<p>Sabia que a S\u00e3o Camilo tem programa internacional de ingresso? Se voc\u00ea sonha fazer um interc\u00e2mbio, a S\u00e3o Camilo \u00e9 perfeita para voc\u00ea! Universidades parceiras na Espanha, Portugal, Bol\u00edvia, Argentina, Chile e entre outras que est\u00e3o dispon\u00edveis em nosso site: <a href=\"https:\/\/saocamilo-sp.br\/internacional\/intercambista\" target=\"_blank\" rel=\"noreferrer noopener\">https:\/\/saocamilo-sp.br\/internacional\/intercambista <\/a><\/p>\n\n\n\n<h2 class=\"wp-block-heading\">Seu futuro acad\u00eamico com o ENEM<\/h2>\n\n\n\n<p>Em resumo, as op\u00e7\u00f5es s\u00e3o vastas e sua nota no ENEM pode ser a chave para abrir diversas portas acad\u00eamicas. Avalie suas prioridades, interesses e objetivos, e escolha o caminho que melhor se alinha ao seu futuro profissional. Lembre-se, o ENEM \u00e9 mais que uma prova; \u00e9 uma ferramenta que pode moldar o seu futuro. Boa sorte!<\/p>\n\n\n\n<p>Veja tamb\u00e9m:<br><a href=\"https:\/\/blog.saocamilo-sp.br\/index.php\/2023\/11\/08\/dia-do-radiologista\/\">Radiologia: Conhe\u00e7a as diferen\u00e7as entre o curso t\u00e9cnico e a gradua\u00e7\u00e3o<\/a><br><a href=\"https:\/\/blog.saocamilo-sp.br\/index.php\/2023\/09\/08\/inteligencia-artificial-na-radiologia-descubra-os-beneficios-do-futuro\/\" target=\"_blank\" rel=\"noreferrer noopener\">Intelig\u00eancia Artificial na radiologia? Descubra os benef\u00edcios do futuro<\/a><\/p>\n\n\n\n<p>Saiba mais sobre nossos cursos:<\/p>\n\n\n\n<iframe loading=\"lazy\" src=\"https:\/\/saocamilo.apprbs.com.br\/tenho-interesse-blog\" height=\"530px\" width=\"100%\" frameborder=\"0\"><\/iframe>\n\n\n\n<p>Compartilhe em<\/p>\n","protected":false},"excerpt":{"rendered":"<p>As notas do ENEM foram divulgadas pelo INEP. Confira como aproveitar a sua pontua\u00e7\u00e3o.<\/p>\n","protected":false},"author":4,"featured_media":2205,"comment_status":"open","ping_status":"open","sticky":false,"template":"","format":"standard","meta":{"cybocfi_hide_featured_image":"","footnotes":""},"categories":[141,85],"tags":[115,142,18],"class_list":["post-2204","post","type-post","status-publish","format-standard","has-post-thumbnail","hentry","category-enem","category-vestibular","tag-enem","tag-prouni","tag-vestibular"],"yoast_head":"<!-- This site is optimized with the Yoast SEO plugin v27.5 - https:\/\/yoast.com\/product\/yoast-seo-wordpress\/ -->\n<title>ENEM: a nota saiu, e agora? Descubra como utilizar sua pontua\u00e7\u00e3o! - Blog S\u00e3o Camilo<\/title>\n<meta name=\"description\" content=\"Hoje \u00e9 o grande dia: as notas do ENEM foram finalmente divulgadas pelo site do INEP. Se voc\u00ea est\u00e1 se perguntando quais s\u00e3o os pr\u00f3ximos pas...\" \/>\n<meta name=\"robots\" content=\"index, follow, max-snippet:-1, max-image-preview:large, max-video-preview:-1\" \/>\n<link rel=\"canonical\" href=\"https:\/\/blog.saocamilo-sp.br\/index.php\/2024\/01\/16\/enem-2\/\" \/>\n<meta property=\"og:locale\" content=\"pt_BR\" \/>\n<meta property=\"og:type\" content=\"article\" \/>\n<meta property=\"og:title\" content=\"ENEM: a nota saiu, e agora? Descubra como utilizar sua pontua\u00e7\u00e3o! - Blog S\u00e3o Camilo\" \/>\n<meta property=\"og:description\" content=\"Hoje \u00e9 o grande dia: as notas do ENEM foram finalmente divulgadas pelo site do INEP. Se voc\u00ea est\u00e1 se perguntando quais s\u00e3o os pr\u00f3ximos pas...\" \/>\n<meta property=\"og:url\" content=\"https:\/\/blog.saocamilo-sp.br\/index.php\/2024\/01\/16\/enem-2\/\" \/>\n<meta property=\"og:site_name\" content=\"Blog S\u00e3o Camilo\" \/>\n<meta property=\"article:publisher\" content=\"https:\/\/www.facebook.com\/saocamilosp\" \/>\n<meta property=\"article:published_time\" content=\"2024-01-16T16:51:25+00:00\" \/>\n<meta property=\"article:modified_time\" content=\"2024-02-13T16:18:10+00:00\" \/>\n<meta property=\"og:image\" content=\"https:\/\/blog.saocamilo-sp.br\/wp-content\/uploads\/2024\/01\/enem.jpg\" \/>\n\t<meta property=\"og:image:width\" content=\"1000\" \/>\n\t<meta property=\"og:image:height\" content=\"661\" \/>\n\t<meta property=\"og:image:type\" content=\"image\/jpeg\" \/>\n<meta name=\"author\" content=\"Lucas Soares Gon\u00e7alves\" \/>\n<meta name=\"twitter:card\" content=\"summary_large_image\" \/>\n<meta name=\"twitter:creator\" content=\"@saocamilosp\" \/>\n<meta name=\"twitter:site\" content=\"@saocamilosp\" \/>\n<meta name=\"twitter:label1\" content=\"Escrito por\" \/>\n\t<meta name=\"twitter:data1\" content=\"Lucas Soares Gon\u00e7alves\" \/>\n\t<meta name=\"twitter:label2\" content=\"Est. tempo de leitura\" \/>\n\t<meta name=\"twitter:data2\" content=\"4 minutos\" \/>\n<script type=\"application\/ld+json\" class=\"yoast-schema-graph\">{\"@context\":\"https:\\\/\\\/schema.org\",\"@graph\":[{\"@type\":\"Article\",\"@id\":\"https:\\\/\\\/blog.saocamilo-sp.br\\\/index.php\\\/2024\\\/01\\\/16\\\/enem-2\\\/#article\",\"isPartOf\":{\"@id\":\"https:\\\/\\\/blog.saocamilo-sp.br\\\/index.php\\\/2024\\\/01\\\/16\\\/enem-2\\\/\"},\"author\":{\"name\":\"Lucas Soares Gon\u00e7alves\",\"@id\":\"https:\\\/\\\/blog.saocamilo-sp.br\\\/#\\\/schema\\\/person\\\/781135418152912d4b58f2db13a2eaf0\"},\"headline\":\"ENEM: a nota saiu, e agora? Descubra como utilizar sua pontua\u00e7\u00e3o!\",\"datePublished\":\"2024-01-16T16:51:25+00:00\",\"dateModified\":\"2024-02-13T16:18:10+00:00\",\"mainEntityOfPage\":{\"@id\":\"https:\\\/\\\/blog.saocamilo-sp.br\\\/index.php\\\/2024\\\/01\\\/16\\\/enem-2\\\/\"},\"wordCount\":755,\"commentCount\":0,\"publisher\":{\"@id\":\"https:\\\/\\\/blog.saocamilo-sp.br\\\/#organization\"},\"image\":{\"@id\":\"https:\\\/\\\/blog.saocamilo-sp.br\\\/index.php\\\/2024\\\/01\\\/16\\\/enem-2\\\/#primaryimage\"},\"thumbnailUrl\":\"https:\\\/\\\/blog.saocamilo-sp.br\\\/wp-content\\\/uploads\\\/2024\\\/01\\\/enem.jpg\",\"keywords\":[\"Enem\",\"Prouni\",\"Vestibular\"],\"articleSection\":[\"ENEM\",\"Vestibular\"],\"inLanguage\":\"pt-BR\",\"potentialAction\":[{\"@type\":\"CommentAction\",\"name\":\"Comment\",\"target\":[\"https:\\\/\\\/blog.saocamilo-sp.br\\\/index.php\\\/2024\\\/01\\\/16\\\/enem-2\\\/#respond\"]}]},{\"@type\":\"WebPage\",\"@id\":\"https:\\\/\\\/blog.saocamilo-sp.br\\\/index.php\\\/2024\\\/01\\\/16\\\/enem-2\\\/\",\"url\":\"https:\\\/\\\/blog.saocamilo-sp.br\\\/index.php\\\/2024\\\/01\\\/16\\\/enem-2\\\/\",\"name\":\"ENEM: a nota saiu, e agora? Descubra como utilizar sua pontua\u00e7\u00e3o! - Blog S\u00e3o Camilo\",\"isPartOf\":{\"@id\":\"https:\\\/\\\/blog.saocamilo-sp.br\\\/#website\"},\"primaryImageOfPage\":{\"@id\":\"https:\\\/\\\/blog.saocamilo-sp.br\\\/index.php\\\/2024\\\/01\\\/16\\\/enem-2\\\/#primaryimage\"},\"image\":{\"@id\":\"https:\\\/\\\/blog.saocamilo-sp.br\\\/index.php\\\/2024\\\/01\\\/16\\\/enem-2\\\/#primaryimage\"},\"thumbnailUrl\":\"https:\\\/\\\/blog.saocamilo-sp.br\\\/wp-content\\\/uploads\\\/2024\\\/01\\\/enem.jpg\",\"datePublished\":\"2024-01-16T16:51:25+00:00\",\"dateModified\":\"2024-02-13T16:18:10+00:00\",\"description\":\"Hoje \u00e9 o grande dia: as notas do ENEM foram finalmente divulgadas pelo site do INEP. Se voc\u00ea est\u00e1 se perguntando quais s\u00e3o os pr\u00f3ximos pas...\",\"breadcrumb\":{\"@id\":\"https:\\\/\\\/blog.saocamilo-sp.br\\\/index.php\\\/2024\\\/01\\\/16\\\/enem-2\\\/#breadcrumb\"},\"inLanguage\":\"pt-BR\",\"potentialAction\":[{\"@type\":\"ReadAction\",\"target\":[\"https:\\\/\\\/blog.saocamilo-sp.br\\\/index.php\\\/2024\\\/01\\\/16\\\/enem-2\\\/\"]}]},{\"@type\":\"ImageObject\",\"inLanguage\":\"pt-BR\",\"@id\":\"https:\\\/\\\/blog.saocamilo-sp.br\\\/index.php\\\/2024\\\/01\\\/16\\\/enem-2\\\/#primaryimage\",\"url\":\"https:\\\/\\\/blog.saocamilo-sp.br\\\/wp-content\\\/uploads\\\/2024\\\/01\\\/enem.jpg\",\"contentUrl\":\"https:\\\/\\\/blog.saocamilo-sp.br\\\/wp-content\\\/uploads\\\/2024\\\/01\\\/enem.jpg\",\"width\":1000,\"height\":661,\"caption\":\"Hoje \u00e9 o grande dia: as notas do ENEM foram finalmente divulgadas pelo site do INEP. Se voc\u00ea est\u00e1 se perguntando quais s\u00e3o os pr\u00f3ximos passos a tomar com sua pontua\u00e7\u00e3o, este artigo \u00e9 para voc\u00ea.\"},{\"@type\":\"BreadcrumbList\",\"@id\":\"https:\\\/\\\/blog.saocamilo-sp.br\\\/index.php\\\/2024\\\/01\\\/16\\\/enem-2\\\/#breadcrumb\",\"itemListElement\":[{\"@type\":\"ListItem\",\"position\":1,\"name\":\"In\u00edcio\",\"item\":\"https:\\\/\\\/blog.saocamilo-sp.br\\\/\"},{\"@type\":\"ListItem\",\"position\":2,\"name\":\"ENEM: a nota saiu, e agora? Descubra como utilizar sua pontua\u00e7\u00e3o!\"}]},{\"@type\":\"WebSite\",\"@id\":\"https:\\\/\\\/blog.saocamilo-sp.br\\\/#website\",\"url\":\"https:\\\/\\\/blog.saocamilo-sp.br\\\/\",\"name\":\"Blog S\u00e3o Camilo\",\"description\":\"Blog do Centro Universit\u00e1rio S\u00e3o Camilo\",\"publisher\":{\"@id\":\"https:\\\/\\\/blog.saocamilo-sp.br\\\/#organization\"},\"potentialAction\":[{\"@type\":\"SearchAction\",\"target\":{\"@type\":\"EntryPoint\",\"urlTemplate\":\"https:\\\/\\\/blog.saocamilo-sp.br\\\/?s={search_term_string}\"},\"query-input\":{\"@type\":\"PropertyValueSpecification\",\"valueRequired\":true,\"valueName\":\"search_term_string\"}}],\"inLanguage\":\"pt-BR\"},{\"@type\":\"Organization\",\"@id\":\"https:\\\/\\\/blog.saocamilo-sp.br\\\/#organization\",\"name\":\"Blog S\u00e3o Camilo\",\"url\":\"https:\\\/\\\/blog.saocamilo-sp.br\\\/\",\"logo\":{\"@type\":\"ImageObject\",\"inLanguage\":\"pt-BR\",\"@id\":\"https:\\\/\\\/blog.saocamilo-sp.br\\\/#\\\/schema\\\/logo\\\/image\\\/\",\"url\":\"https:\\\/\\\/blog.saocamilo-sp.br\\\/wp-content\\\/uploads\\\/2021\\\/12\\\/cropped-vazio-logo-topo.png\",\"contentUrl\":\"https:\\\/\\\/blog.saocamilo-sp.br\\\/wp-content\\\/uploads\\\/2021\\\/12\\\/cropped-vazio-logo-topo.png\",\"width\":320,\"height\":240,\"caption\":\"Blog S\u00e3o Camilo\"},\"image\":{\"@id\":\"https:\\\/\\\/blog.saocamilo-sp.br\\\/#\\\/schema\\\/logo\\\/image\\\/\"},\"sameAs\":[\"https:\\\/\\\/www.facebook.com\\\/saocamilosp\",\"https:\\\/\\\/x.com\\\/saocamilosp\",\"https:\\\/\\\/www.linkedin.com\\\/school\\\/centro-universit-rio-s-o-camilo\\\/\"]},{\"@type\":\"Person\",\"@id\":\"https:\\\/\\\/blog.saocamilo-sp.br\\\/#\\\/schema\\\/person\\\/781135418152912d4b58f2db13a2eaf0\",\"name\":\"Lucas Soares Gon\u00e7alves\",\"image\":{\"@type\":\"ImageObject\",\"inLanguage\":\"pt-BR\",\"@id\":\"https:\\\/\\\/secure.gravatar.com\\\/avatar\\\/bcd2d703cbb48116eaac2cac8643792535238ff30b2d7ce9e16f9254ec9cae83?s=96&d=mm&r=g\",\"url\":\"https:\\\/\\\/secure.gravatar.com\\\/avatar\\\/bcd2d703cbb48116eaac2cac8643792535238ff30b2d7ce9e16f9254ec9cae83?s=96&d=mm&r=g\",\"contentUrl\":\"https:\\\/\\\/secure.gravatar.com\\\/avatar\\\/bcd2d703cbb48116eaac2cac8643792535238ff30b2d7ce9e16f9254ec9cae83?s=96&d=mm&r=g\",\"caption\":\"Lucas Soares Gon\u00e7alves\"},\"url\":\"https:\\\/\\\/blog.saocamilo-sp.br\\\/index.php\\\/author\\\/lucas-soares-goncalves\\\/\"}]}<\/script>\n<!-- \/ Yoast SEO plugin. -->","yoast_head_json":{"title":"ENEM: a nota saiu, e agora? Descubra como utilizar sua pontua\u00e7\u00e3o! - Blog S\u00e3o Camilo","description":"Hoje \u00e9 o grande dia: as notas do ENEM foram finalmente divulgadas pelo site do INEP. Se voc\u00ea est\u00e1 se perguntando quais s\u00e3o os pr\u00f3ximos pas...","robots":{"index":"index","follow":"follow","max-snippet":"max-snippet:-1","max-image-preview":"max-image-preview:large","max-video-preview":"max-video-preview:-1"},"canonical":"https:\/\/blog.saocamilo-sp.br\/index.php\/2024\/01\/16\/enem-2\/","og_locale":"pt_BR","og_type":"article","og_title":"ENEM: a nota saiu, e agora? Descubra como utilizar sua pontua\u00e7\u00e3o! - Blog S\u00e3o Camilo","og_description":"Hoje \u00e9 o grande dia: as notas do ENEM foram finalmente divulgadas pelo site do INEP. Se voc\u00ea est\u00e1 se perguntando quais s\u00e3o os pr\u00f3ximos pas...","og_url":"https:\/\/blog.saocamilo-sp.br\/index.php\/2024\/01\/16\/enem-2\/","og_site_name":"Blog S\u00e3o Camilo","article_publisher":"https:\/\/www.facebook.com\/saocamilosp","article_published_time":"2024-01-16T16:51:25+00:00","article_modified_time":"2024-02-13T16:18:10+00:00","og_image":[{"width":1000,"height":661,"url":"https:\/\/blog.saocamilo-sp.br\/wp-content\/uploads\/2024\/01\/enem.jpg","type":"image\/jpeg"}],"author":"Lucas Soares Gon\u00e7alves","twitter_card":"summary_large_image","twitter_creator":"@saocamilosp","twitter_site":"@saocamilosp","twitter_misc":{"Escrito por":"Lucas Soares Gon\u00e7alves","Est. tempo de leitura":"4 minutos"},"schema":{"@context":"https:\/\/schema.org","@graph":[{"@type":"Article","@id":"https:\/\/blog.saocamilo-sp.br\/index.php\/2024\/01\/16\/enem-2\/#article","isPartOf":{"@id":"https:\/\/blog.saocamilo-sp.br\/index.php\/2024\/01\/16\/enem-2\/"},"author":{"name":"Lucas Soares Gon\u00e7alves","@id":"https:\/\/blog.saocamilo-sp.br\/#\/schema\/person\/781135418152912d4b58f2db13a2eaf0"},"headline":"ENEM: a nota saiu, e agora? Descubra como utilizar sua pontua\u00e7\u00e3o!","datePublished":"2024-01-16T16:51:25+00:00","dateModified":"2024-02-13T16:18:10+00:00","mainEntityOfPage":{"@id":"https:\/\/blog.saocamilo-sp.br\/index.php\/2024\/01\/16\/enem-2\/"},"wordCount":755,"commentCount":0,"publisher":{"@id":"https:\/\/blog.saocamilo-sp.br\/#organization"},"image":{"@id":"https:\/\/blog.saocamilo-sp.br\/index.php\/2024\/01\/16\/enem-2\/#primaryimage"},"thumbnailUrl":"https:\/\/blog.saocamilo-sp.br\/wp-content\/uploads\/2024\/01\/enem.jpg","keywords":["Enem","Prouni","Vestibular"],"articleSection":["ENEM","Vestibular"],"inLanguage":"pt-BR","potentialAction":[{"@type":"CommentAction","name":"Comment","target":["https:\/\/blog.saocamilo-sp.br\/index.php\/2024\/01\/16\/enem-2\/#respond"]}]},{"@type":"WebPage","@id":"https:\/\/blog.saocamilo-sp.br\/index.php\/2024\/01\/16\/enem-2\/","url":"https:\/\/blog.saocamilo-sp.br\/index.php\/2024\/01\/16\/enem-2\/","name":"ENEM: a nota saiu, e agora? Descubra como utilizar sua pontua\u00e7\u00e3o! - Blog S\u00e3o Camilo","isPartOf":{"@id":"https:\/\/blog.saocamilo-sp.br\/#website"},"primaryImageOfPage":{"@id":"https:\/\/blog.saocamilo-sp.br\/index.php\/2024\/01\/16\/enem-2\/#primaryimage"},"image":{"@id":"https:\/\/blog.saocamilo-sp.br\/index.php\/2024\/01\/16\/enem-2\/#primaryimage"},"thumbnailUrl":"https:\/\/blog.saocamilo-sp.br\/wp-content\/uploads\/2024\/01\/enem.jpg","datePublished":"2024-01-16T16:51:25+00:00","dateModified":"2024-02-13T16:18:10+00:00","description":"Hoje \u00e9 o grande dia: as notas do ENEM foram finalmente divulgadas pelo site do INEP. Se voc\u00ea est\u00e1 se perguntando quais s\u00e3o os pr\u00f3ximos pas...","breadcrumb":{"@id":"https:\/\/blog.saocamilo-sp.br\/index.php\/2024\/01\/16\/enem-2\/#breadcrumb"},"inLanguage":"pt-BR","potentialAction":[{"@type":"ReadAction","target":["https:\/\/blog.saocamilo-sp.br\/index.php\/2024\/01\/16\/enem-2\/"]}]},{"@type":"ImageObject","inLanguage":"pt-BR","@id":"https:\/\/blog.saocamilo-sp.br\/index.php\/2024\/01\/16\/enem-2\/#primaryimage","url":"https:\/\/blog.saocamilo-sp.br\/wp-content\/uploads\/2024\/01\/enem.jpg","contentUrl":"https:\/\/blog.saocamilo-sp.br\/wp-content\/uploads\/2024\/01\/enem.jpg","width":1000,"height":661,"caption":"Hoje \u00e9 o grande dia: as notas do ENEM foram finalmente divulgadas pelo site do INEP. Se voc\u00ea est\u00e1 se perguntando quais s\u00e3o os pr\u00f3ximos passos a tomar com sua pontua\u00e7\u00e3o, este artigo \u00e9 para voc\u00ea."},{"@type":"BreadcrumbList","@id":"https:\/\/blog.saocamilo-sp.br\/index.php\/2024\/01\/16\/enem-2\/#breadcrumb","itemListElement":[{"@type":"ListItem","position":1,"name":"In\u00edcio","item":"https:\/\/blog.saocamilo-sp.br\/"},{"@type":"ListItem","position":2,"name":"ENEM: a nota saiu, e agora? Descubra como utilizar sua pontua\u00e7\u00e3o!"}]},{"@type":"WebSite","@id":"https:\/\/blog.saocamilo-sp.br\/#website","url":"https:\/\/blog.saocamilo-sp.br\/","name":"Blog S\u00e3o Camilo","description":"Blog do Centro Universit\u00e1rio S\u00e3o Camilo","publisher":{"@id":"https:\/\/blog.saocamilo-sp.br\/#organization"},"potentialAction":[{"@type":"SearchAction","target":{"@type":"EntryPoint","urlTemplate":"https:\/\/blog.saocamilo-sp.br\/?s={search_term_string}"},"query-input":{"@type":"PropertyValueSpecification","valueRequired":true,"valueName":"search_term_string"}}],"inLanguage":"pt-BR"},{"@type":"Organization","@id":"https:\/\/blog.saocamilo-sp.br\/#organization","name":"Blog S\u00e3o Camilo","url":"https:\/\/blog.saocamilo-sp.br\/","logo":{"@type":"ImageObject","inLanguage":"pt-BR","@id":"https:\/\/blog.saocamilo-sp.br\/#\/schema\/logo\/image\/","url":"https:\/\/blog.saocamilo-sp.br\/wp-content\/uploads\/2021\/12\/cropped-vazio-logo-topo.png","contentUrl":"https:\/\/blog.saocamilo-sp.br\/wp-content\/uploads\/2021\/12\/cropped-vazio-logo-topo.png","width":320,"height":240,"caption":"Blog S\u00e3o Camilo"},"image":{"@id":"https:\/\/blog.saocamilo-sp.br\/#\/schema\/logo\/image\/"},"sameAs":["https:\/\/www.facebook.com\/saocamilosp","https:\/\/x.com\/saocamilosp","https:\/\/www.linkedin.com\/school\/centro-universit-rio-s-o-camilo\/"]},{"@type":"Person","@id":"https:\/\/blog.saocamilo-sp.br\/#\/schema\/person\/781135418152912d4b58f2db13a2eaf0","name":"Lucas Soares Gon\u00e7alves","image":{"@type":"ImageObject","inLanguage":"pt-BR","@id":"https:\/\/secure.gravatar.com\/avatar\/bcd2d703cbb48116eaac2cac8643792535238ff30b2d7ce9e16f9254ec9cae83?s=96&d=mm&r=g","url":"https:\/\/secure.gravatar.com\/avatar\/bcd2d703cbb48116eaac2cac8643792535238ff30b2d7ce9e16f9254ec9cae83?s=96&d=mm&r=g","contentUrl":"https:\/\/secure.gravatar.com\/avatar\/bcd2d703cbb48116eaac2cac8643792535238ff30b2d7ce9e16f9254ec9cae83?s=96&d=mm&r=g","caption":"Lucas Soares Gon\u00e7alves"},"url":"https:\/\/blog.saocamilo-sp.br\/index.php\/author\/lucas-soares-goncalves\/"}]}},"_links":{"self":[{"href":"https:\/\/blog.saocamilo-sp.br\/index.php\/wp-json\/wp\/v2\/posts\/2204","targetHints":{"allow":["GET"]}}],"collection":[{"href":"https:\/\/blog.saocamilo-sp.br\/index.php\/wp-json\/wp\/v2\/posts"}],"about":[{"href":"https:\/\/blog.saocamilo-sp.br\/index.php\/wp-json\/wp\/v2\/types\/post"}],"author":[{"embeddable":true,"href":"https:\/\/blog.saocamilo-sp.br\/index.php\/wp-json\/wp\/v2\/users\/4"}],"replies":[{"embeddable":true,"href":"https:\/\/blog.saocamilo-sp.br\/index.php\/wp-json\/wp\/v2\/comments?post=2204"}],"version-history":[{"count":5,"href":"https:\/\/blog.saocamilo-sp.br\/index.php\/wp-json\/wp\/v2\/posts\/2204\/revisions"}],"predecessor-version":[{"id":2309,"href":"https:\/\/blog.saocamilo-sp.br\/index.php\/wp-json\/wp\/v2\/posts\/2204\/revisions\/2309"}],"wp:featuredmedia":[{"embeddable":true,"href":"https:\/\/blog.saocamilo-sp.br\/index.php\/wp-json\/wp\/v2\/media\/2205"}],"wp:attachment":[{"href":"https:\/\/blog.saocamilo-sp.br\/index.php\/wp-json\/wp\/v2\/media?parent=2204"}],"wp:term":[{"taxonomy":"category","embeddable":true,"href":"https:\/\/blog.saocamilo-sp.br\/index.php\/wp-json\/wp\/v2\/categories?post=2204"},{"taxonomy":"post_tag","embeddable":true,"href":"https:\/\/blog.saocamilo-sp.br\/index.php\/wp-json\/wp\/v2\/tags?post=2204"}],"curies":[{"name":"wp","href":"https:\/\/api.w.org\/{rel}","templated":true}]}}