{"id":2213,"date":"2024-01-24T10:00:00","date_gmt":"2024-01-24T13:00:00","guid":{"rendered":"https:\/\/blog.saocamilo-sp.br\/?p=2213"},"modified":"2024-02-13T13:16:42","modified_gmt":"2024-02-13T16:16:42","slug":"sao-paulo","status":"publish","type":"post","link":"https:\/\/blog.saocamilo-sp.br\/index.php\/2024\/01\/24\/sao-paulo\/","title":{"rendered":"470 anos de S\u00e3o Paulo: 6 lugares para curtir o feriado"},"content":{"rendered":"\n<p>Se h\u00e1 uma cidade que respira cultura e diversidade, \u00e9 S\u00e3o Paulo, especialmente neste ano especial em que celebra seu 470\u00ba anivers\u00e1rio. Com sua efervesc\u00eancia urbana, a metr\u00f3pole abriga uma infinidade de lugares fascinantes para explorar. Se voc\u00ea est\u00e1 planejando uma visita \u00e0 cidade ou \u00e9 um residente em busca de novas experi\u00eancias, este guia \u00e9 para voc\u00ea. Logo, vamos mergulhar em alguns dos destinos imperd\u00edveis de S\u00e3o Paulo, desde \u00edcones culturais at\u00e9 recantos art\u00edsticos menos conhecidos.<\/p>\n\n\n\n<h3 class=\"wp-block-heading\">Theatro Municipal: O Cora\u00e7\u00e3o da Arte C\u00eanica<\/h3>\n\n\n\n<figure class=\"wp-block-image size-full\"><img loading=\"lazy\" decoding=\"async\" width=\"1200\" height=\"771\" src=\"https:\/\/blog.saocamilo-sp.br\/wp-content\/uploads\/2024\/01\/image-2.png\" alt=\"\" class=\"wp-image-2214\"\/><figcaption class=\"wp-element-caption\">Imagem- Wikip\u00e9dia<\/figcaption><\/figure>\n\n\n\n<p>Inaugurado em 1911, o Theatro Municipal de S\u00e3o Paulo \u00e9 uma joia arquitet\u00f4nica que transporta os visitantes para uma \u00e9poca de esplendor. Com sua imponente fachada e interior suntuoso, o teatro \u00e9 palco de apresenta\u00e7\u00f5es teatrais, \u00f3peras e concertos que encantam p\u00fablicos de todas as idades. Programe-se para uma visita durante um espet\u00e1culo e sinta a magia da performance ao vivo.<br><strong>Site:<\/strong> <a href=\"https:\/\/theatromunicipal.org.br\/\" target=\"_blank\" rel=\"noreferrer noopener\">https:\/\/theatromunicipal.org.br\/<\/a><\/p>\n\n\n\n<h3 class=\"wp-block-heading\">Pinacoteca: Um Tesouro de Arte Brasileira<\/h3>\n\n\n\n<figure class=\"wp-block-image size-full\"><img loading=\"lazy\" decoding=\"async\" width=\"1200\" height=\"776\" src=\"https:\/\/blog.saocamilo-sp.br\/wp-content\/uploads\/2024\/01\/image-3.png\" alt=\"\" class=\"wp-image-2215\"\/><figcaption class=\"wp-element-caption\">Imagem- Muralzinho de ideias<\/figcaption><\/figure>\n\n\n\n<p>Amantes da arte n\u00e3o podem deixar de visitar a Pinacoteca do Estado de S\u00e3o Paulo. Este museu abriga uma rica cole\u00e7\u00e3o de obras de artistas brasileiros renomados, proporcionando uma jornada pela hist\u00f3ria da arte no Brasil. Admire pinturas, esculturas e exposi\u00e7\u00f5es tempor\u00e1rias que refletem a diversidade cultural do pa\u00eds.<\/p>\n\n\n\n<p><strong>Site:<\/strong> <a href=\"https:\/\/pinacoteca.org.br\/\" target=\"_blank\" rel=\"noreferrer noopener\">https:\/\/pinacoteca.org.br\/<\/a><\/p>\n\n\n\n<h3 class=\"wp-block-heading\">MASP: Arte em Suspens\u00e3o<\/h3>\n\n\n\n<figure class=\"wp-block-image size-full\"><img loading=\"lazy\" decoding=\"async\" width=\"1200\" height=\"769\" src=\"https:\/\/blog.saocamilo-sp.br\/wp-content\/uploads\/2024\/01\/image-4.png\" alt=\"\" class=\"wp-image-2216\"\/><figcaption class=\"wp-element-caption\">Imagem- Wikip\u00e9dia<\/figcaption><\/figure>\n\n\n\n<p>O Museu de Arte de S\u00e3o Paulo Assis Chateaubriand (MASP) \u00e9 um marco arquitet\u00f4nico e cultural. Sua estrutura suspensa \u00e9 t\u00e3o impressionante quanto a cole\u00e7\u00e3o de arte que abriga. Com obras que v\u00e3o desde mestres cl\u00e1ssicos at\u00e9 contempor\u00e2neos, o MASP oferece uma vis\u00e3o abrangente da hist\u00f3ria da arte, tornando-se um destino imperd\u00edvel para os apreciadores da cultura visual.<br><strong>Site:<\/strong> <a href=\"https:\/\/masp.org.br\/\" target=\"_blank\" rel=\"noreferrer noopener\">https:\/\/masp.org.br\/<\/a><\/p>\n\n\n\n<h3 class=\"wp-block-heading\">Beco do Batman: Arte de Rua em Vila Madalena<\/h3>\n\n\n\n<figure class=\"wp-block-image size-full\"><img loading=\"lazy\" decoding=\"async\" width=\"768\" height=\"512\" src=\"https:\/\/blog.saocamilo-sp.br\/wp-content\/uploads\/2024\/01\/image-5.png\" alt=\"\" class=\"wp-image-2217\"\/><figcaption class=\"wp-element-caption\">Imagem- Guia Folha- UOL<\/figcaption><\/figure>\n\n\n\n<p>Para uma experi\u00eancia mais descontra\u00edda, dirija-se ao Beco do Batman, situado no bairro bo\u00eamio de Vila Madalena. Este beco colorido \u00e9 um para\u00edso para os amantes da arte urbana, com murais vibrantes e grafites que transformam o ambiente em um museu a c\u00e9u aberto. Explore as ruas estreitas e descubra o talento dos artistas locais em cada esquina.<\/p>\n\n\n\n<h3 class=\"wp-block-heading\">Museu do Ipiranga: O Monumento \u00e0 Independ\u00eancia<\/h3>\n\n\n\n<figure class=\"wp-block-image size-full\"><img loading=\"lazy\" decoding=\"async\" width=\"1280\" height=\"810\" src=\"https:\/\/blog.saocamilo-sp.br\/wp-content\/uploads\/2024\/01\/image-6.png\" alt=\"\" class=\"wp-image-2218\"\/><figcaption class=\"wp-element-caption\">Imagem- Alumni USP<\/figcaption><\/figure>\n\n\n\n<p>Imortalizando o momento crucial da independ\u00eancia do Brasil, o Museu do Ipiranga \u00e9 um monumento hist\u00f3rico que vale a pena visitar. Localizado no Parque da Independ\u00eancia, o museu oferece uma vis\u00e3o profunda da hist\u00f3ria do pa\u00eds, com exposi\u00e7\u00f5es fascinantes e um acervo que inclui objetos e documentos da \u00e9poca da independ\u00eancia.<br><strong>Site:<\/strong> <a href=\"https:\/\/museudoipiranga.org.br\/\" target=\"_blank\" rel=\"noreferrer noopener\">https:\/\/museudoipiranga.org.br\/<\/a><\/p>\n\n\n\n<h3 class=\"wp-block-heading\">Parque do Ibirapuera: Natureza e Cultura em Harmonia<\/h3>\n\n\n\n<figure class=\"wp-block-image size-full\"><img loading=\"lazy\" decoding=\"async\" width=\"750\" height=\"420\" src=\"https:\/\/blog.saocamilo-sp.br\/wp-content\/uploads\/2024\/01\/image-7.png\" alt=\"\" class=\"wp-image-2219\"\/><figcaption class=\"wp-element-caption\">Imagem- Urbia Parques<\/figcaption><\/figure>\n\n\n\n<p>Encerre seu passeio explorando o Parque do Ibirapuera, um o\u00e1sis verde no cora\u00e7\u00e3o da cidade. Al\u00e9m da beleza natural, o parque abriga diversas atra\u00e7\u00f5es culturais, como o Pavilh\u00e3o Japon\u00eas e o Audit\u00f3rio Ibirapuera. Fa\u00e7a uma caminhada tranquila, alugue uma bicicleta ou aproveite para relaxar \u00e0 sombra das \u00e1rvores.<br><strong>Site:<\/strong> <a href=\"https:\/\/www.parquedoibirapuera.org\/\" target=\"_blank\" rel=\"noreferrer noopener\">https:\/\/www.parquedoibirapuera.org\/<\/a><\/p>\n\n\n\n<p><strong>Descubra S\u00e3o Paulo de Forma Aut\u00eantica<\/strong> <\/p>\n\n\n\n<p>Portanto, S\u00e3o Paulo, com seus 470 anos de hist\u00f3ria, \u00e9 uma cidade de contrastes, onde a hist\u00f3ria se encontra com a modernidade e a arte floresce em todos os cantos. Ao explorar destinos como o Theatro Municipal, Pinacoteca, MASP, Beco do Batman, Museu do Ipiranga e o Parque do Ibirapuera, voc\u00ea descobrir\u00e1 a riqueza cultural que torna esta metr\u00f3pole \u00fanica. Deixe-se levar pela energia pulsante de S\u00e3o Paulo e crie mem\u00f3rias duradouras enquanto desbrava seus tesouros art\u00edsticos e hist\u00f3ricos.<\/p>\n\n\n\n<p>Veja tamb\u00e9m:<\/p>\n\n\n\n<p><a href=\"https:\/\/blog.saocamilo-sp.br\/index.php\/2023\/11\/08\/dia-do-radiologista\/\">Radiologia: Conhe\u00e7a as diferen\u00e7as entre o curso t\u00e9cnico e a gradua\u00e7\u00e3o<\/a><br><a href=\"https:\/\/blog.saocamilo-sp.br\/index.php\/2023\/09\/08\/inteligencia-artificial-na-radiologia-descubra-os-beneficios-do-futuro\/\" target=\"_blank\" rel=\"noreferrer noopener\">Intelig\u00eancia Artificial na radiologia? Descubra os benef\u00edcios do futuro<\/a><\/p>\n\n\n\n<p>Saiba mais sobre nossos cursos:<\/p>\n\n\n\n<iframe loading=\"lazy\" src=\"https:\/\/saocamilo.apprbs.com.br\/tenho-interesse-blog\" height=\"530px\" width=\"100%\" frameborder=\"0\"><\/iframe>\n\n\n\n<p>Compartilhe em<\/p>\n","protected":false},"excerpt":{"rendered":"<p>Se h\u00e1 uma cidade que respira cultura e diversidade, \u00e9 S\u00e3o Paulo. Celebramos os 470 anos da capital indicando 6 lugares incr\u00edveis.<\/p>\n","protected":false},"author":4,"featured_media":2228,"comment_status":"open","ping_status":"open","sticky":false,"template":"","format":"standard","meta":{"cybocfi_hide_featured_image":"","footnotes":""},"categories":[91],"tags":[151,150],"class_list":["post-2213","post","type-post","status-publish","format-standard","has-post-thumbnail","hentry","category-institucional","tag-datas-comemorativas","tag-sao-paulo"],"yoast_head":"<!-- This site is optimized with the Yoast SEO plugin v27.5 - https:\/\/yoast.com\/product\/yoast-seo-wordpress\/ -->\n<title>470 anos de S\u00e3o Paulo: 6 lugares para curtir o feriado - Blog S\u00e3o Camilo<\/title>\n<meta name=\"description\" content=\"Se h\u00e1 uma cidade que respira cultura e diversidade, \u00e9 S\u00e3o Paulo, especialmente neste ano especial em que celebra seu 470\u00ba anivers\u00e1rio.\" \/>\n<meta name=\"robots\" content=\"index, follow, max-snippet:-1, max-image-preview:large, max-video-preview:-1\" \/>\n<link rel=\"canonical\" href=\"https:\/\/blog.saocamilo-sp.br\/index.php\/2024\/01\/24\/sao-paulo\/\" \/>\n<meta property=\"og:locale\" content=\"pt_BR\" \/>\n<meta property=\"og:type\" content=\"article\" \/>\n<meta property=\"og:title\" content=\"470 anos de S\u00e3o Paulo: 6 lugares para curtir o feriado - Blog S\u00e3o Camilo\" \/>\n<meta property=\"og:description\" content=\"Se h\u00e1 uma cidade que respira cultura e diversidade, \u00e9 S\u00e3o Paulo, especialmente neste ano especial em que celebra seu 470\u00ba anivers\u00e1rio.\" \/>\n<meta property=\"og:url\" content=\"https:\/\/blog.saocamilo-sp.br\/index.php\/2024\/01\/24\/sao-paulo\/\" \/>\n<meta property=\"og:site_name\" content=\"Blog S\u00e3o Camilo\" \/>\n<meta property=\"article:publisher\" content=\"https:\/\/www.facebook.com\/saocamilosp\" \/>\n<meta property=\"article:published_time\" content=\"2024-01-24T13:00:00+00:00\" \/>\n<meta property=\"article:modified_time\" content=\"2024-02-13T16:16:42+00:00\" \/>\n<meta property=\"og:image\" content=\"https:\/\/blog.saocamilo-sp.br\/wp-content\/uploads\/2024\/01\/Blog-Sao-Paulo-Topo.jpg\" \/>\n\t<meta property=\"og:image:width\" content=\"676\" \/>\n\t<meta property=\"og:image:height\" content=\"457\" \/>\n\t<meta property=\"og:image:type\" content=\"image\/jpeg\" \/>\n<meta name=\"author\" content=\"Lucas Soares Gon\u00e7alves\" \/>\n<meta name=\"twitter:card\" content=\"summary_large_image\" \/>\n<meta name=\"twitter:creator\" content=\"@saocamilosp\" \/>\n<meta name=\"twitter:site\" content=\"@saocamilosp\" \/>\n<meta name=\"twitter:label1\" content=\"Escrito por\" \/>\n\t<meta name=\"twitter:data1\" content=\"Lucas Soares Gon\u00e7alves\" \/>\n\t<meta name=\"twitter:label2\" content=\"Est. tempo de leitura\" \/>\n\t<meta name=\"twitter:data2\" content=\"5 minutos\" \/>\n<script type=\"application\/ld+json\" class=\"yoast-schema-graph\">{\"@context\":\"https:\\\/\\\/schema.org\",\"@graph\":[{\"@type\":\"Article\",\"@id\":\"https:\\\/\\\/blog.saocamilo-sp.br\\\/index.php\\\/2024\\\/01\\\/24\\\/sao-paulo\\\/#article\",\"isPartOf\":{\"@id\":\"https:\\\/\\\/blog.saocamilo-sp.br\\\/index.php\\\/2024\\\/01\\\/24\\\/sao-paulo\\\/\"},\"author\":{\"name\":\"Lucas Soares Gon\u00e7alves\",\"@id\":\"https:\\\/\\\/blog.saocamilo-sp.br\\\/#\\\/schema\\\/person\\\/781135418152912d4b58f2db13a2eaf0\"},\"headline\":\"470 anos de S\u00e3o Paulo: 6 lugares para curtir o feriado\",\"datePublished\":\"2024-01-24T13:00:00+00:00\",\"dateModified\":\"2024-02-13T16:16:42+00:00\",\"mainEntityOfPage\":{\"@id\":\"https:\\\/\\\/blog.saocamilo-sp.br\\\/index.php\\\/2024\\\/01\\\/24\\\/sao-paulo\\\/\"},\"wordCount\":668,\"commentCount\":0,\"publisher\":{\"@id\":\"https:\\\/\\\/blog.saocamilo-sp.br\\\/#organization\"},\"image\":{\"@id\":\"https:\\\/\\\/blog.saocamilo-sp.br\\\/index.php\\\/2024\\\/01\\\/24\\\/sao-paulo\\\/#primaryimage\"},\"thumbnailUrl\":\"https:\\\/\\\/blog.saocamilo-sp.br\\\/wp-content\\\/uploads\\\/2024\\\/01\\\/Blog-Sao-Paulo-Topo.jpg\",\"keywords\":[\"Datas Comemorativas\",\"S\u00e3o Paulo\"],\"articleSection\":[\"Institucional\"],\"inLanguage\":\"pt-BR\",\"potentialAction\":[{\"@type\":\"CommentAction\",\"name\":\"Comment\",\"target\":[\"https:\\\/\\\/blog.saocamilo-sp.br\\\/index.php\\\/2024\\\/01\\\/24\\\/sao-paulo\\\/#respond\"]}]},{\"@type\":\"WebPage\",\"@id\":\"https:\\\/\\\/blog.saocamilo-sp.br\\\/index.php\\\/2024\\\/01\\\/24\\\/sao-paulo\\\/\",\"url\":\"https:\\\/\\\/blog.saocamilo-sp.br\\\/index.php\\\/2024\\\/01\\\/24\\\/sao-paulo\\\/\",\"name\":\"470 anos de S\u00e3o Paulo: 6 lugares para curtir o feriado - Blog S\u00e3o Camilo\",\"isPartOf\":{\"@id\":\"https:\\\/\\\/blog.saocamilo-sp.br\\\/#website\"},\"primaryImageOfPage\":{\"@id\":\"https:\\\/\\\/blog.saocamilo-sp.br\\\/index.php\\\/2024\\\/01\\\/24\\\/sao-paulo\\\/#primaryimage\"},\"image\":{\"@id\":\"https:\\\/\\\/blog.saocamilo-sp.br\\\/index.php\\\/2024\\\/01\\\/24\\\/sao-paulo\\\/#primaryimage\"},\"thumbnailUrl\":\"https:\\\/\\\/blog.saocamilo-sp.br\\\/wp-content\\\/uploads\\\/2024\\\/01\\\/Blog-Sao-Paulo-Topo.jpg\",\"datePublished\":\"2024-01-24T13:00:00+00:00\",\"dateModified\":\"2024-02-13T16:16:42+00:00\",\"description\":\"Se h\u00e1 uma cidade que respira cultura e diversidade, \u00e9 S\u00e3o Paulo, especialmente neste ano especial em que celebra seu 470\u00ba anivers\u00e1rio.\",\"breadcrumb\":{\"@id\":\"https:\\\/\\\/blog.saocamilo-sp.br\\\/index.php\\\/2024\\\/01\\\/24\\\/sao-paulo\\\/#breadcrumb\"},\"inLanguage\":\"pt-BR\",\"potentialAction\":[{\"@type\":\"ReadAction\",\"target\":[\"https:\\\/\\\/blog.saocamilo-sp.br\\\/index.php\\\/2024\\\/01\\\/24\\\/sao-paulo\\\/\"]}]},{\"@type\":\"ImageObject\",\"inLanguage\":\"pt-BR\",\"@id\":\"https:\\\/\\\/blog.saocamilo-sp.br\\\/index.php\\\/2024\\\/01\\\/24\\\/sao-paulo\\\/#primaryimage\",\"url\":\"https:\\\/\\\/blog.saocamilo-sp.br\\\/wp-content\\\/uploads\\\/2024\\\/01\\\/Blog-Sao-Paulo-Topo.jpg\",\"contentUrl\":\"https:\\\/\\\/blog.saocamilo-sp.br\\\/wp-content\\\/uploads\\\/2024\\\/01\\\/Blog-Sao-Paulo-Topo.jpg\",\"width\":3200,\"height\":2163},{\"@type\":\"BreadcrumbList\",\"@id\":\"https:\\\/\\\/blog.saocamilo-sp.br\\\/index.php\\\/2024\\\/01\\\/24\\\/sao-paulo\\\/#breadcrumb\",\"itemListElement\":[{\"@type\":\"ListItem\",\"position\":1,\"name\":\"In\u00edcio\",\"item\":\"https:\\\/\\\/blog.saocamilo-sp.br\\\/\"},{\"@type\":\"ListItem\",\"position\":2,\"name\":\"470 anos de S\u00e3o Paulo: 6 lugares para curtir o feriado\"}]},{\"@type\":\"WebSite\",\"@id\":\"https:\\\/\\\/blog.saocamilo-sp.br\\\/#website\",\"url\":\"https:\\\/\\\/blog.saocamilo-sp.br\\\/\",\"name\":\"Blog S\u00e3o Camilo\",\"description\":\"Blog do Centro Universit\u00e1rio S\u00e3o Camilo\",\"publisher\":{\"@id\":\"https:\\\/\\\/blog.saocamilo-sp.br\\\/#organization\"},\"potentialAction\":[{\"@type\":\"SearchAction\",\"target\":{\"@type\":\"EntryPoint\",\"urlTemplate\":\"https:\\\/\\\/blog.saocamilo-sp.br\\\/?s={search_term_string}\"},\"query-input\":{\"@type\":\"PropertyValueSpecification\",\"valueRequired\":true,\"valueName\":\"search_term_string\"}}],\"inLanguage\":\"pt-BR\"},{\"@type\":\"Organization\",\"@id\":\"https:\\\/\\\/blog.saocamilo-sp.br\\\/#organization\",\"name\":\"Blog S\u00e3o Camilo\",\"url\":\"https:\\\/\\\/blog.saocamilo-sp.br\\\/\",\"logo\":{\"@type\":\"ImageObject\",\"inLanguage\":\"pt-BR\",\"@id\":\"https:\\\/\\\/blog.saocamilo-sp.br\\\/#\\\/schema\\\/logo\\\/image\\\/\",\"url\":\"https:\\\/\\\/blog.saocamilo-sp.br\\\/wp-content\\\/uploads\\\/2021\\\/12\\\/cropped-vazio-logo-topo.png\",\"contentUrl\":\"https:\\\/\\\/blog.saocamilo-sp.br\\\/wp-content\\\/uploads\\\/2021\\\/12\\\/cropped-vazio-logo-topo.png\",\"width\":320,\"height\":240,\"caption\":\"Blog S\u00e3o Camilo\"},\"image\":{\"@id\":\"https:\\\/\\\/blog.saocamilo-sp.br\\\/#\\\/schema\\\/logo\\\/image\\\/\"},\"sameAs\":[\"https:\\\/\\\/www.facebook.com\\\/saocamilosp\",\"https:\\\/\\\/x.com\\\/saocamilosp\",\"https:\\\/\\\/www.linkedin.com\\\/school\\\/centro-universit-rio-s-o-camilo\\\/\"]},{\"@type\":\"Person\",\"@id\":\"https:\\\/\\\/blog.saocamilo-sp.br\\\/#\\\/schema\\\/person\\\/781135418152912d4b58f2db13a2eaf0\",\"name\":\"Lucas Soares Gon\u00e7alves\",\"image\":{\"@type\":\"ImageObject\",\"inLanguage\":\"pt-BR\",\"@id\":\"https:\\\/\\\/secure.gravatar.com\\\/avatar\\\/bcd2d703cbb48116eaac2cac8643792535238ff30b2d7ce9e16f9254ec9cae83?s=96&d=mm&r=g\",\"url\":\"https:\\\/\\\/secure.gravatar.com\\\/avatar\\\/bcd2d703cbb48116eaac2cac8643792535238ff30b2d7ce9e16f9254ec9cae83?s=96&d=mm&r=g\",\"contentUrl\":\"https:\\\/\\\/secure.gravatar.com\\\/avatar\\\/bcd2d703cbb48116eaac2cac8643792535238ff30b2d7ce9e16f9254ec9cae83?s=96&d=mm&r=g\",\"caption\":\"Lucas Soares Gon\u00e7alves\"},\"url\":\"https:\\\/\\\/blog.saocamilo-sp.br\\\/index.php\\\/author\\\/lucas-soares-goncalves\\\/\"}]}<\/script>\n<!-- \/ Yoast SEO plugin. -->","yoast_head_json":{"title":"470 anos de S\u00e3o Paulo: 6 lugares para curtir o feriado - Blog S\u00e3o Camilo","description":"Se h\u00e1 uma cidade que respira cultura e diversidade, \u00e9 S\u00e3o Paulo, especialmente neste ano especial em que celebra seu 470\u00ba anivers\u00e1rio.","robots":{"index":"index","follow":"follow","max-snippet":"max-snippet:-1","max-image-preview":"max-image-preview:large","max-video-preview":"max-video-preview:-1"},"canonical":"https:\/\/blog.saocamilo-sp.br\/index.php\/2024\/01\/24\/sao-paulo\/","og_locale":"pt_BR","og_type":"article","og_title":"470 anos de S\u00e3o Paulo: 6 lugares para curtir o feriado - Blog S\u00e3o Camilo","og_description":"Se h\u00e1 uma cidade que respira cultura e diversidade, \u00e9 S\u00e3o Paulo, especialmente neste ano especial em que celebra seu 470\u00ba anivers\u00e1rio.","og_url":"https:\/\/blog.saocamilo-sp.br\/index.php\/2024\/01\/24\/sao-paulo\/","og_site_name":"Blog S\u00e3o Camilo","article_publisher":"https:\/\/www.facebook.com\/saocamilosp","article_published_time":"2024-01-24T13:00:00+00:00","article_modified_time":"2024-02-13T16:16:42+00:00","og_image":[{"url":"https:\/\/blog.saocamilo-sp.br\/wp-content\/uploads\/2024\/01\/Blog-Sao-Paulo-Topo.jpg","width":676,"height":457,"type":"image\/jpeg"}],"author":"Lucas Soares Gon\u00e7alves","twitter_card":"summary_large_image","twitter_creator":"@saocamilosp","twitter_site":"@saocamilosp","twitter_misc":{"Escrito por":"Lucas Soares Gon\u00e7alves","Est. tempo de leitura":"5 minutos"},"schema":{"@context":"https:\/\/schema.org","@graph":[{"@type":"Article","@id":"https:\/\/blog.saocamilo-sp.br\/index.php\/2024\/01\/24\/sao-paulo\/#article","isPartOf":{"@id":"https:\/\/blog.saocamilo-sp.br\/index.php\/2024\/01\/24\/sao-paulo\/"},"author":{"name":"Lucas Soares Gon\u00e7alves","@id":"https:\/\/blog.saocamilo-sp.br\/#\/schema\/person\/781135418152912d4b58f2db13a2eaf0"},"headline":"470 anos de S\u00e3o Paulo: 6 lugares para curtir o feriado","datePublished":"2024-01-24T13:00:00+00:00","dateModified":"2024-02-13T16:16:42+00:00","mainEntityOfPage":{"@id":"https:\/\/blog.saocamilo-sp.br\/index.php\/2024\/01\/24\/sao-paulo\/"},"wordCount":668,"commentCount":0,"publisher":{"@id":"https:\/\/blog.saocamilo-sp.br\/#organization"},"image":{"@id":"https:\/\/blog.saocamilo-sp.br\/index.php\/2024\/01\/24\/sao-paulo\/#primaryimage"},"thumbnailUrl":"https:\/\/blog.saocamilo-sp.br\/wp-content\/uploads\/2024\/01\/Blog-Sao-Paulo-Topo.jpg","keywords":["Datas Comemorativas","S\u00e3o Paulo"],"articleSection":["Institucional"],"inLanguage":"pt-BR","potentialAction":[{"@type":"CommentAction","name":"Comment","target":["https:\/\/blog.saocamilo-sp.br\/index.php\/2024\/01\/24\/sao-paulo\/#respond"]}]},{"@type":"WebPage","@id":"https:\/\/blog.saocamilo-sp.br\/index.php\/2024\/01\/24\/sao-paulo\/","url":"https:\/\/blog.saocamilo-sp.br\/index.php\/2024\/01\/24\/sao-paulo\/","name":"470 anos de S\u00e3o Paulo: 6 lugares para curtir o feriado - Blog S\u00e3o Camilo","isPartOf":{"@id":"https:\/\/blog.saocamilo-sp.br\/#website"},"primaryImageOfPage":{"@id":"https:\/\/blog.saocamilo-sp.br\/index.php\/2024\/01\/24\/sao-paulo\/#primaryimage"},"image":{"@id":"https:\/\/blog.saocamilo-sp.br\/index.php\/2024\/01\/24\/sao-paulo\/#primaryimage"},"thumbnailUrl":"https:\/\/blog.saocamilo-sp.br\/wp-content\/uploads\/2024\/01\/Blog-Sao-Paulo-Topo.jpg","datePublished":"2024-01-24T13:00:00+00:00","dateModified":"2024-02-13T16:16:42+00:00","description":"Se h\u00e1 uma cidade que respira cultura e diversidade, \u00e9 S\u00e3o Paulo, especialmente neste ano especial em que celebra seu 470\u00ba anivers\u00e1rio.","breadcrumb":{"@id":"https:\/\/blog.saocamilo-sp.br\/index.php\/2024\/01\/24\/sao-paulo\/#breadcrumb"},"inLanguage":"pt-BR","potentialAction":[{"@type":"ReadAction","target":["https:\/\/blog.saocamilo-sp.br\/index.php\/2024\/01\/24\/sao-paulo\/"]}]},{"@type":"ImageObject","inLanguage":"pt-BR","@id":"https:\/\/blog.saocamilo-sp.br\/index.php\/2024\/01\/24\/sao-paulo\/#primaryimage","url":"https:\/\/blog.saocamilo-sp.br\/wp-content\/uploads\/2024\/01\/Blog-Sao-Paulo-Topo.jpg","contentUrl":"https:\/\/blog.saocamilo-sp.br\/wp-content\/uploads\/2024\/01\/Blog-Sao-Paulo-Topo.jpg","width":3200,"height":2163},{"@type":"BreadcrumbList","@id":"https:\/\/blog.saocamilo-sp.br\/index.php\/2024\/01\/24\/sao-paulo\/#breadcrumb","itemListElement":[{"@type":"ListItem","position":1,"name":"In\u00edcio","item":"https:\/\/blog.saocamilo-sp.br\/"},{"@type":"ListItem","position":2,"name":"470 anos de S\u00e3o Paulo: 6 lugares para curtir o feriado"}]},{"@type":"WebSite","@id":"https:\/\/blog.saocamilo-sp.br\/#website","url":"https:\/\/blog.saocamilo-sp.br\/","name":"Blog S\u00e3o Camilo","description":"Blog do Centro Universit\u00e1rio S\u00e3o Camilo","publisher":{"@id":"https:\/\/blog.saocamilo-sp.br\/#organization"},"potentialAction":[{"@type":"SearchAction","target":{"@type":"EntryPoint","urlTemplate":"https:\/\/blog.saocamilo-sp.br\/?s={search_term_string}"},"query-input":{"@type":"PropertyValueSpecification","valueRequired":true,"valueName":"search_term_string"}}],"inLanguage":"pt-BR"},{"@type":"Organization","@id":"https:\/\/blog.saocamilo-sp.br\/#organization","name":"Blog S\u00e3o Camilo","url":"https:\/\/blog.saocamilo-sp.br\/","logo":{"@type":"ImageObject","inLanguage":"pt-BR","@id":"https:\/\/blog.saocamilo-sp.br\/#\/schema\/logo\/image\/","url":"https:\/\/blog.saocamilo-sp.br\/wp-content\/uploads\/2021\/12\/cropped-vazio-logo-topo.png","contentUrl":"https:\/\/blog.saocamilo-sp.br\/wp-content\/uploads\/2021\/12\/cropped-vazio-logo-topo.png","width":320,"height":240,"caption":"Blog S\u00e3o Camilo"},"image":{"@id":"https:\/\/blog.saocamilo-sp.br\/#\/schema\/logo\/image\/"},"sameAs":["https:\/\/www.facebook.com\/saocamilosp","https:\/\/x.com\/saocamilosp","https:\/\/www.linkedin.com\/school\/centro-universit-rio-s-o-camilo\/"]},{"@type":"Person","@id":"https:\/\/blog.saocamilo-sp.br\/#\/schema\/person\/781135418152912d4b58f2db13a2eaf0","name":"Lucas Soares Gon\u00e7alves","image":{"@type":"ImageObject","inLanguage":"pt-BR","@id":"https:\/\/secure.gravatar.com\/avatar\/bcd2d703cbb48116eaac2cac8643792535238ff30b2d7ce9e16f9254ec9cae83?s=96&d=mm&r=g","url":"https:\/\/secure.gravatar.com\/avatar\/bcd2d703cbb48116eaac2cac8643792535238ff30b2d7ce9e16f9254ec9cae83?s=96&d=mm&r=g","contentUrl":"https:\/\/secure.gravatar.com\/avatar\/bcd2d703cbb48116eaac2cac8643792535238ff30b2d7ce9e16f9254ec9cae83?s=96&d=mm&r=g","caption":"Lucas Soares Gon\u00e7alves"},"url":"https:\/\/blog.saocamilo-sp.br\/index.php\/author\/lucas-soares-goncalves\/"}]}},"_links":{"self":[{"href":"https:\/\/blog.saocamilo-sp.br\/index.php\/wp-json\/wp\/v2\/posts\/2213","targetHints":{"allow":["GET"]}}],"collection":[{"href":"https:\/\/blog.saocamilo-sp.br\/index.php\/wp-json\/wp\/v2\/posts"}],"about":[{"href":"https:\/\/blog.saocamilo-sp.br\/index.php\/wp-json\/wp\/v2\/types\/post"}],"author":[{"embeddable":true,"href":"https:\/\/blog.saocamilo-sp.br\/index.php\/wp-json\/wp\/v2\/users\/4"}],"replies":[{"embeddable":true,"href":"https:\/\/blog.saocamilo-sp.br\/index.php\/wp-json\/wp\/v2\/comments?post=2213"}],"version-history":[{"count":8,"href":"https:\/\/blog.saocamilo-sp.br\/index.php\/wp-json\/wp\/v2\/posts\/2213\/revisions"}],"predecessor-version":[{"id":2354,"href":"https:\/\/blog.saocamilo-sp.br\/index.php\/wp-json\/wp\/v2\/posts\/2213\/revisions\/2354"}],"wp:featuredmedia":[{"embeddable":true,"href":"https:\/\/blog.saocamilo-sp.br\/index.php\/wp-json\/wp\/v2\/media\/2228"}],"wp:attachment":[{"href":"https:\/\/blog.saocamilo-sp.br\/index.php\/wp-json\/wp\/v2\/media?parent=2213"}],"wp:term":[{"taxonomy":"category","embeddable":true,"href":"https:\/\/blog.saocamilo-sp.br\/index.php\/wp-json\/wp\/v2\/categories?post=2213"},{"taxonomy":"post_tag","embeddable":true,"href":"https:\/\/blog.saocamilo-sp.br\/index.php\/wp-json\/wp\/v2\/tags?post=2213"}],"curies":[{"name":"wp","href":"https:\/\/api.w.org\/{rel}","templated":true}]}}