{"id":2224,"date":"2024-02-01T11:40:08","date_gmt":"2024-02-01T14:40:08","guid":{"rendered":"https:\/\/blog.saocamilo-sp.br\/?p=2224"},"modified":"2024-02-12T00:25:26","modified_gmt":"2024-02-12T03:25:26","slug":"oducal","status":"publish","type":"post","link":"https:\/\/blog.saocamilo-sp.br\/index.php\/2024\/02\/01\/oducal\/","title":{"rendered":"Pe. Jo\u00e3o Batista e Rayssa Rios s\u00e3o nomeados para a ODUCAL"},"content":{"rendered":"\n<p>O <a href=\"https:\/\/saocamilo-sp.br\/\" target=\"_blank\" rel=\"noreferrer noopener\">Centro Universit\u00e1rio S\u00e3o Camilo<\/a> tem o prazer de anunciar as recentes nomea\u00e7\u00f5es de Rayssa Rios como Secret\u00e1ria Executiva e do Padre Jo\u00e3o Batista Gomes de Lima como Vice-Presidente da sub-regi\u00e3o Brasil na Organiza\u00e7\u00e3o de Universidades Cat\u00f3licas da Am\u00e9rica Latina e Caribe (<a href=\"https:\/\/oducal.com\/\" target=\"_blank\" rel=\"noreferrer noopener\">ODUCAL<\/a>).<\/p>\n\n\n\n<h3 class=\"wp-block-heading\">O import\u00e2ncia do Pe. Jo\u00e3o Batista Gomes de Lima para a ODUCAL<\/h3>\n\n\n\n<p>Ao lado de Rayssa, o Pe. Jo\u00e3o, Reitor do Centro Universit\u00e1rio S\u00e3o Camilo, proeminente e respeitada figura no cen\u00e1rio acad\u00eamico e religioso, assume desde o meio do ano de 2023 a fun\u00e7\u00e3o de Vice-Presidente da sub-regi\u00e3o Brasil na ODUCAL. Dessa forma, sua lideran\u00e7a \u00e9tica e comprometimento com a educa\u00e7\u00e3o solidificam ainda mais o papel do Centro Universit\u00e1rio S\u00e3o Camilo no contexto latino-americano.<\/p>\n\n\n<div class=\"wp-block-image\">\n<figure class=\"aligncenter size-full is-resized\"><img loading=\"lazy\" decoding=\"async\" src=\"https:\/\/blog.saocamilo-sp.br\/wp-content\/uploads\/2024\/02\/Padre-Joao-Batista-ODUCAL.png\" alt=\"Padre Jo\u00e3o Batista - ODUCAL\" class=\"wp-image-2288\" width=\"283\" height=\"309\"\/><figcaption class=\"wp-element-caption\">Pe. Jo\u00e3o Batista Gomes de Lima<\/figcaption><\/figure>\n<\/div>\n\n\n<h3 class=\"wp-block-heading\">A experi\u00eancia de Rayssa Rios na ODUCAL<\/h3>\n\n\n\n<p>Possuindo uma vasta experi\u00eancia e dedica\u00e7\u00e3o \u00e0 causa da educa\u00e7\u00e3o internacional, Rayssa Rios, Coordenadora do Escrit\u00f3rio de Rela\u00e7\u00f5es Internacionais da S\u00e3o Camilo, assume o papel de Secret\u00e1ria Executiva na Sub-Regi\u00e3o Brasil e desempenhar\u00e1 um papel crucial na coordena\u00e7\u00e3o e gest\u00e3o das atividades relacionadas \u00e0 Organiza\u00e7\u00e3o de Universidades Cat\u00f3licas da Am\u00e9rica Latina e Caribe (ODUCAL) dentro dessa sub-regi\u00e3o espec\u00edfica. Certamente, sua nomea\u00e7\u00e3o representa um passo significativo para a institui\u00e7\u00e3o no fortalecimento de la\u00e7os e colabora\u00e7\u00f5es internacionais.<\/p>\n\n\n<div class=\"wp-block-image\">\n<figure class=\"aligncenter size-full is-resized\"><img loading=\"lazy\" decoding=\"async\" src=\"https:\/\/blog.saocamilo-sp.br\/wp-content\/uploads\/2024\/02\/Rayssa-Rios-ODUCAL.png\" alt=\"Rayssa Rios - ODUCAL\" class=\"wp-image-2287\" width=\"294\" height=\"321\"\/><figcaption class=\"wp-element-caption\">Rayssa Rios<\/figcaption><\/figure>\n<\/div>\n\n\n<p><\/p>\n\n\n\n<h3 class=\"wp-block-heading\">Impacto das nomea\u00e7\u00f5es<\/h3>\n\n\n\n<p>Sem d\u00favida, essas nomea\u00e7\u00f5es estrat\u00e9gicas n\u00e3o apenas demonstram o reconhecimento da capacidade e compet\u00eancia dos membros da nossa institui\u00e7\u00e3o, mas tamb\u00e9m fortalecem nosso posicionamento global, possibilitando a amplia\u00e7\u00e3o de parcerias e colabora\u00e7\u00f5es acad\u00eamicas na Am\u00e9rica Latina e Caribe.<\/p>\n\n\n\n<h2 class=\"wp-block-heading\">Veja tamb\u00e9m<\/h2>\n\n\n\n<ul class=\"wp-block-list\">\n<li><a href=\"https:\/\/blog.saocamilo-sp.br\/index.php\/2023\/10\/10\/sao-camilo-na-33a-eaie\/\">S\u00e3o Camilo estreita la\u00e7os Internacionais e marca presen\u00e7a na 33\u00aa EAIE<\/a><\/li>\n\n\n\n<li><a href=\"https:\/\/blog.saocamilo-sp.br\/index.php\/2023\/11\/28\/sao-camilo-oducal\/\">Internacional: S\u00e3o Camilo participa de eventos da ODUCAL na Argentina<\/a><\/li>\n\n\n\n<li><a href=\"https:\/\/blog.saocamilo-sp.br\/index.php\/2023\/05\/10\/pe-joao-batista-participa-do-v-encontro-internacional-de-reitores-universia\/\">Pe. Jo\u00e3o Batista participa do V Encontro Internacional de Reitores Universia em Val\u00eancia<\/a><\/li>\n<\/ul>\n\n\n\n<p><\/p>\n\n\n\n<p>Saiba mais sobre nossos cursos:<\/p>\n\n\n\n<iframe loading=\"lazy\" src=\"https:\/\/saocamilo.apprbs.com.br\/tenho-interesse-blog\" height=\"530px\" width=\"100%\" frameborder=\"0\"><\/iframe>\n\n\n\n<p>Compartilhe em<\/p>\n","protected":false},"excerpt":{"rendered":"<p>Nomea\u00e7\u00f5es refor\u00e7am presen\u00e7a camiliana na Organiza\u00e7\u00e3o de Universidades Cat\u00f3licas da Am\u00e9rica Latina e Caribe (ODUCAL).<\/p>\n","protected":false},"author":4,"featured_media":2284,"comment_status":"open","ping_status":"open","sticky":false,"template":"","format":"standard","meta":{"cybocfi_hide_featured_image":"yes","footnotes":""},"categories":[78,91,70],"tags":[72,143,114],"class_list":["post-2224","post","type-post","status-publish","format-standard","has-post-thumbnail","hentry","category-imprensa","category-institucional","category-internacional","tag-internacional","tag-oducal","tag-reitor"],"yoast_head":"<!-- This site is optimized with the Yoast SEO plugin v27.5 - https:\/\/yoast.com\/product\/yoast-seo-wordpress\/ -->\n<title>Pe. Jo\u00e3o Batista e Rayssa Rios s\u00e3o nomeados para a ODUCAL<\/title>\n<meta name=\"description\" content=\"Nomea\u00e7\u00f5es refor\u00e7am presen\u00e7a camiliana na Organiza\u00e7\u00e3o de Universidades Cat\u00f3licas da Am\u00e9rica Latina e Caribe (ODUCAL).\" \/>\n<meta name=\"robots\" content=\"index, follow, max-snippet:-1, max-image-preview:large, max-video-preview:-1\" \/>\n<link rel=\"canonical\" href=\"https:\/\/blog.saocamilo-sp.br\/index.php\/2024\/02\/01\/oducal\/\" \/>\n<meta property=\"og:locale\" content=\"pt_BR\" \/>\n<meta property=\"og:type\" content=\"article\" \/>\n<meta property=\"og:title\" content=\"Pe. Jo\u00e3o Batista e Rayssa Rios s\u00e3o nomeados para a ODUCAL\" \/>\n<meta property=\"og:description\" content=\"Nomea\u00e7\u00f5es refor\u00e7am presen\u00e7a camiliana na Organiza\u00e7\u00e3o de Universidades Cat\u00f3licas da Am\u00e9rica Latina e Caribe (ODUCAL).\" \/>\n<meta property=\"og:url\" content=\"https:\/\/blog.saocamilo-sp.br\/index.php\/2024\/02\/01\/oducal\/\" \/>\n<meta property=\"og:site_name\" content=\"Blog S\u00e3o Camilo\" \/>\n<meta property=\"article:publisher\" content=\"https:\/\/www.facebook.com\/saocamilosp\" \/>\n<meta property=\"article:published_time\" content=\"2024-02-01T14:40:08+00:00\" \/>\n<meta property=\"article:modified_time\" content=\"2024-02-12T03:25:26+00:00\" \/>\n<meta property=\"og:image\" content=\"https:\/\/blog.saocamilo-sp.br\/wp-content\/uploads\/2024\/02\/Nomeacoes-ODUCAL.png\" \/>\n\t<meta property=\"og:image:width\" content=\"1000\" \/>\n\t<meta property=\"og:image:height\" content=\"676\" \/>\n\t<meta property=\"og:image:type\" content=\"image\/png\" \/>\n<meta name=\"author\" content=\"Lucas Soares Gon\u00e7alves\" \/>\n<meta name=\"twitter:card\" content=\"summary_large_image\" \/>\n<meta name=\"twitter:creator\" content=\"@saocamilosp\" \/>\n<meta name=\"twitter:site\" content=\"@saocamilosp\" \/>\n<meta name=\"twitter:label1\" content=\"Escrito por\" \/>\n\t<meta name=\"twitter:data1\" content=\"Lucas Soares Gon\u00e7alves\" \/>\n\t<meta name=\"twitter:label2\" content=\"Est. tempo de leitura\" \/>\n\t<meta name=\"twitter:data2\" content=\"3 minutos\" \/>\n<script type=\"application\/ld+json\" class=\"yoast-schema-graph\">{\"@context\":\"https:\\\/\\\/schema.org\",\"@graph\":[{\"@type\":\"Article\",\"@id\":\"https:\\\/\\\/blog.saocamilo-sp.br\\\/index.php\\\/2024\\\/02\\\/01\\\/oducal\\\/#article\",\"isPartOf\":{\"@id\":\"https:\\\/\\\/blog.saocamilo-sp.br\\\/index.php\\\/2024\\\/02\\\/01\\\/oducal\\\/\"},\"author\":{\"name\":\"Lucas Soares Gon\u00e7alves\",\"@id\":\"https:\\\/\\\/blog.saocamilo-sp.br\\\/#\\\/schema\\\/person\\\/781135418152912d4b58f2db13a2eaf0\"},\"headline\":\"Pe. Jo\u00e3o Batista e Rayssa Rios s\u00e3o nomeados para a ODUCAL\",\"datePublished\":\"2024-02-01T14:40:08+00:00\",\"dateModified\":\"2024-02-12T03:25:26+00:00\",\"mainEntityOfPage\":{\"@id\":\"https:\\\/\\\/blog.saocamilo-sp.br\\\/index.php\\\/2024\\\/02\\\/01\\\/oducal\\\/\"},\"wordCount\":362,\"commentCount\":0,\"publisher\":{\"@id\":\"https:\\\/\\\/blog.saocamilo-sp.br\\\/#organization\"},\"image\":{\"@id\":\"https:\\\/\\\/blog.saocamilo-sp.br\\\/index.php\\\/2024\\\/02\\\/01\\\/oducal\\\/#primaryimage\"},\"thumbnailUrl\":\"https:\\\/\\\/blog.saocamilo-sp.br\\\/wp-content\\\/uploads\\\/2024\\\/02\\\/Nomeacoes-ODUCAL.png\",\"keywords\":[\"internacional\",\"ODUCAL\",\"reitor\"],\"articleSection\":[\"Imprensa\",\"Institucional\",\"Internacional\"],\"inLanguage\":\"pt-BR\",\"potentialAction\":[{\"@type\":\"CommentAction\",\"name\":\"Comment\",\"target\":[\"https:\\\/\\\/blog.saocamilo-sp.br\\\/index.php\\\/2024\\\/02\\\/01\\\/oducal\\\/#respond\"]}]},{\"@type\":\"WebPage\",\"@id\":\"https:\\\/\\\/blog.saocamilo-sp.br\\\/index.php\\\/2024\\\/02\\\/01\\\/oducal\\\/\",\"url\":\"https:\\\/\\\/blog.saocamilo-sp.br\\\/index.php\\\/2024\\\/02\\\/01\\\/oducal\\\/\",\"name\":\"Pe. Jo\u00e3o Batista e Rayssa Rios s\u00e3o nomeados para a ODUCAL\",\"isPartOf\":{\"@id\":\"https:\\\/\\\/blog.saocamilo-sp.br\\\/#website\"},\"primaryImageOfPage\":{\"@id\":\"https:\\\/\\\/blog.saocamilo-sp.br\\\/index.php\\\/2024\\\/02\\\/01\\\/oducal\\\/#primaryimage\"},\"image\":{\"@id\":\"https:\\\/\\\/blog.saocamilo-sp.br\\\/index.php\\\/2024\\\/02\\\/01\\\/oducal\\\/#primaryimage\"},\"thumbnailUrl\":\"https:\\\/\\\/blog.saocamilo-sp.br\\\/wp-content\\\/uploads\\\/2024\\\/02\\\/Nomeacoes-ODUCAL.png\",\"datePublished\":\"2024-02-01T14:40:08+00:00\",\"dateModified\":\"2024-02-12T03:25:26+00:00\",\"description\":\"Nomea\u00e7\u00f5es refor\u00e7am presen\u00e7a camiliana na Organiza\u00e7\u00e3o de Universidades Cat\u00f3licas da Am\u00e9rica Latina e Caribe (ODUCAL).\",\"breadcrumb\":{\"@id\":\"https:\\\/\\\/blog.saocamilo-sp.br\\\/index.php\\\/2024\\\/02\\\/01\\\/oducal\\\/#breadcrumb\"},\"inLanguage\":\"pt-BR\",\"potentialAction\":[{\"@type\":\"ReadAction\",\"target\":[\"https:\\\/\\\/blog.saocamilo-sp.br\\\/index.php\\\/2024\\\/02\\\/01\\\/oducal\\\/\"]}]},{\"@type\":\"BreadcrumbList\",\"@id\":\"https:\\\/\\\/blog.saocamilo-sp.br\\\/index.php\\\/2024\\\/02\\\/01\\\/oducal\\\/#breadcrumb\",\"itemListElement\":[{\"@type\":\"ListItem\",\"position\":1,\"name\":\"In\u00edcio\",\"item\":\"https:\\\/\\\/blog.saocamilo-sp.br\\\/\"},{\"@type\":\"ListItem\",\"position\":2,\"name\":\"Pe. Jo\u00e3o Batista e Rayssa Rios s\u00e3o nomeados para a ODUCAL\"}]},{\"@type\":\"WebSite\",\"@id\":\"https:\\\/\\\/blog.saocamilo-sp.br\\\/#website\",\"url\":\"https:\\\/\\\/blog.saocamilo-sp.br\\\/\",\"name\":\"Blog S\u00e3o Camilo\",\"description\":\"Blog do Centro Universit\u00e1rio S\u00e3o Camilo\",\"publisher\":{\"@id\":\"https:\\\/\\\/blog.saocamilo-sp.br\\\/#organization\"},\"potentialAction\":[{\"@type\":\"SearchAction\",\"target\":{\"@type\":\"EntryPoint\",\"urlTemplate\":\"https:\\\/\\\/blog.saocamilo-sp.br\\\/?s={search_term_string}\"},\"query-input\":{\"@type\":\"PropertyValueSpecification\",\"valueRequired\":true,\"valueName\":\"search_term_string\"}}],\"inLanguage\":\"pt-BR\"},{\"@type\":\"Organization\",\"@id\":\"https:\\\/\\\/blog.saocamilo-sp.br\\\/#organization\",\"name\":\"Blog S\u00e3o Camilo\",\"url\":\"https:\\\/\\\/blog.saocamilo-sp.br\\\/\",\"logo\":{\"@type\":\"ImageObject\",\"inLanguage\":\"pt-BR\",\"@id\":\"https:\\\/\\\/blog.saocamilo-sp.br\\\/#\\\/schema\\\/logo\\\/image\\\/\",\"url\":\"https:\\\/\\\/blog.saocamilo-sp.br\\\/wp-content\\\/uploads\\\/2021\\\/12\\\/cropped-vazio-logo-topo.png\",\"contentUrl\":\"https:\\\/\\\/blog.saocamilo-sp.br\\\/wp-content\\\/uploads\\\/2021\\\/12\\\/cropped-vazio-logo-topo.png\",\"width\":320,\"height\":240,\"caption\":\"Blog S\u00e3o Camilo\"},\"image\":{\"@id\":\"https:\\\/\\\/blog.saocamilo-sp.br\\\/#\\\/schema\\\/logo\\\/image\\\/\"},\"sameAs\":[\"https:\\\/\\\/www.facebook.com\\\/saocamilosp\",\"https:\\\/\\\/x.com\\\/saocamilosp\",\"https:\\\/\\\/www.linkedin.com\\\/school\\\/centro-universit-rio-s-o-camilo\\\/\"]},{\"@type\":\"Person\",\"@id\":\"https:\\\/\\\/blog.saocamilo-sp.br\\\/#\\\/schema\\\/person\\\/781135418152912d4b58f2db13a2eaf0\",\"name\":\"Lucas Soares Gon\u00e7alves\",\"image\":{\"@type\":\"ImageObject\",\"inLanguage\":\"pt-BR\",\"@id\":\"https:\\\/\\\/secure.gravatar.com\\\/avatar\\\/bcd2d703cbb48116eaac2cac8643792535238ff30b2d7ce9e16f9254ec9cae83?s=96&d=mm&r=g\",\"url\":\"https:\\\/\\\/secure.gravatar.com\\\/avatar\\\/bcd2d703cbb48116eaac2cac8643792535238ff30b2d7ce9e16f9254ec9cae83?s=96&d=mm&r=g\",\"contentUrl\":\"https:\\\/\\\/secure.gravatar.com\\\/avatar\\\/bcd2d703cbb48116eaac2cac8643792535238ff30b2d7ce9e16f9254ec9cae83?s=96&d=mm&r=g\",\"caption\":\"Lucas Soares Gon\u00e7alves\"},\"url\":\"https:\\\/\\\/blog.saocamilo-sp.br\\\/index.php\\\/author\\\/lucas-soares-goncalves\\\/\"}]}<\/script>\n<!-- \/ Yoast SEO plugin. -->","yoast_head_json":{"title":"Pe. Jo\u00e3o Batista e Rayssa Rios s\u00e3o nomeados para a ODUCAL","description":"Nomea\u00e7\u00f5es refor\u00e7am presen\u00e7a camiliana na Organiza\u00e7\u00e3o de Universidades Cat\u00f3licas da Am\u00e9rica Latina e Caribe (ODUCAL).","robots":{"index":"index","follow":"follow","max-snippet":"max-snippet:-1","max-image-preview":"max-image-preview:large","max-video-preview":"max-video-preview:-1"},"canonical":"https:\/\/blog.saocamilo-sp.br\/index.php\/2024\/02\/01\/oducal\/","og_locale":"pt_BR","og_type":"article","og_title":"Pe. Jo\u00e3o Batista e Rayssa Rios s\u00e3o nomeados para a ODUCAL","og_description":"Nomea\u00e7\u00f5es refor\u00e7am presen\u00e7a camiliana na Organiza\u00e7\u00e3o de Universidades Cat\u00f3licas da Am\u00e9rica Latina e Caribe (ODUCAL).","og_url":"https:\/\/blog.saocamilo-sp.br\/index.php\/2024\/02\/01\/oducal\/","og_site_name":"Blog S\u00e3o Camilo","article_publisher":"https:\/\/www.facebook.com\/saocamilosp","article_published_time":"2024-02-01T14:40:08+00:00","article_modified_time":"2024-02-12T03:25:26+00:00","og_image":[{"width":1000,"height":676,"url":"https:\/\/blog.saocamilo-sp.br\/wp-content\/uploads\/2024\/02\/Nomeacoes-ODUCAL.png","type":"image\/png"}],"author":"Lucas Soares Gon\u00e7alves","twitter_card":"summary_large_image","twitter_creator":"@saocamilosp","twitter_site":"@saocamilosp","twitter_misc":{"Escrito por":"Lucas Soares Gon\u00e7alves","Est. tempo de leitura":"3 minutos"},"schema":{"@context":"https:\/\/schema.org","@graph":[{"@type":"Article","@id":"https:\/\/blog.saocamilo-sp.br\/index.php\/2024\/02\/01\/oducal\/#article","isPartOf":{"@id":"https:\/\/blog.saocamilo-sp.br\/index.php\/2024\/02\/01\/oducal\/"},"author":{"name":"Lucas Soares Gon\u00e7alves","@id":"https:\/\/blog.saocamilo-sp.br\/#\/schema\/person\/781135418152912d4b58f2db13a2eaf0"},"headline":"Pe. Jo\u00e3o Batista e Rayssa Rios s\u00e3o nomeados para a ODUCAL","datePublished":"2024-02-01T14:40:08+00:00","dateModified":"2024-02-12T03:25:26+00:00","mainEntityOfPage":{"@id":"https:\/\/blog.saocamilo-sp.br\/index.php\/2024\/02\/01\/oducal\/"},"wordCount":362,"commentCount":0,"publisher":{"@id":"https:\/\/blog.saocamilo-sp.br\/#organization"},"image":{"@id":"https:\/\/blog.saocamilo-sp.br\/index.php\/2024\/02\/01\/oducal\/#primaryimage"},"thumbnailUrl":"https:\/\/blog.saocamilo-sp.br\/wp-content\/uploads\/2024\/02\/Nomeacoes-ODUCAL.png","keywords":["internacional","ODUCAL","reitor"],"articleSection":["Imprensa","Institucional","Internacional"],"inLanguage":"pt-BR","potentialAction":[{"@type":"CommentAction","name":"Comment","target":["https:\/\/blog.saocamilo-sp.br\/index.php\/2024\/02\/01\/oducal\/#respond"]}]},{"@type":"WebPage","@id":"https:\/\/blog.saocamilo-sp.br\/index.php\/2024\/02\/01\/oducal\/","url":"https:\/\/blog.saocamilo-sp.br\/index.php\/2024\/02\/01\/oducal\/","name":"Pe. Jo\u00e3o Batista e Rayssa Rios s\u00e3o nomeados para a ODUCAL","isPartOf":{"@id":"https:\/\/blog.saocamilo-sp.br\/#website"},"primaryImageOfPage":{"@id":"https:\/\/blog.saocamilo-sp.br\/index.php\/2024\/02\/01\/oducal\/#primaryimage"},"image":{"@id":"https:\/\/blog.saocamilo-sp.br\/index.php\/2024\/02\/01\/oducal\/#primaryimage"},"thumbnailUrl":"https:\/\/blog.saocamilo-sp.br\/wp-content\/uploads\/2024\/02\/Nomeacoes-ODUCAL.png","datePublished":"2024-02-01T14:40:08+00:00","dateModified":"2024-02-12T03:25:26+00:00","description":"Nomea\u00e7\u00f5es refor\u00e7am presen\u00e7a camiliana na Organiza\u00e7\u00e3o de Universidades Cat\u00f3licas da Am\u00e9rica Latina e Caribe (ODUCAL).","breadcrumb":{"@id":"https:\/\/blog.saocamilo-sp.br\/index.php\/2024\/02\/01\/oducal\/#breadcrumb"},"inLanguage":"pt-BR","potentialAction":[{"@type":"ReadAction","target":["https:\/\/blog.saocamilo-sp.br\/index.php\/2024\/02\/01\/oducal\/"]}]},{"@type":"BreadcrumbList","@id":"https:\/\/blog.saocamilo-sp.br\/index.php\/2024\/02\/01\/oducal\/#breadcrumb","itemListElement":[{"@type":"ListItem","position":1,"name":"In\u00edcio","item":"https:\/\/blog.saocamilo-sp.br\/"},{"@type":"ListItem","position":2,"name":"Pe. Jo\u00e3o Batista e Rayssa Rios s\u00e3o nomeados para a ODUCAL"}]},{"@type":"WebSite","@id":"https:\/\/blog.saocamilo-sp.br\/#website","url":"https:\/\/blog.saocamilo-sp.br\/","name":"Blog S\u00e3o Camilo","description":"Blog do Centro Universit\u00e1rio S\u00e3o Camilo","publisher":{"@id":"https:\/\/blog.saocamilo-sp.br\/#organization"},"potentialAction":[{"@type":"SearchAction","target":{"@type":"EntryPoint","urlTemplate":"https:\/\/blog.saocamilo-sp.br\/?s={search_term_string}"},"query-input":{"@type":"PropertyValueSpecification","valueRequired":true,"valueName":"search_term_string"}}],"inLanguage":"pt-BR"},{"@type":"Organization","@id":"https:\/\/blog.saocamilo-sp.br\/#organization","name":"Blog S\u00e3o Camilo","url":"https:\/\/blog.saocamilo-sp.br\/","logo":{"@type":"ImageObject","inLanguage":"pt-BR","@id":"https:\/\/blog.saocamilo-sp.br\/#\/schema\/logo\/image\/","url":"https:\/\/blog.saocamilo-sp.br\/wp-content\/uploads\/2021\/12\/cropped-vazio-logo-topo.png","contentUrl":"https:\/\/blog.saocamilo-sp.br\/wp-content\/uploads\/2021\/12\/cropped-vazio-logo-topo.png","width":320,"height":240,"caption":"Blog S\u00e3o Camilo"},"image":{"@id":"https:\/\/blog.saocamilo-sp.br\/#\/schema\/logo\/image\/"},"sameAs":["https:\/\/www.facebook.com\/saocamilosp","https:\/\/x.com\/saocamilosp","https:\/\/www.linkedin.com\/school\/centro-universit-rio-s-o-camilo\/"]},{"@type":"Person","@id":"https:\/\/blog.saocamilo-sp.br\/#\/schema\/person\/781135418152912d4b58f2db13a2eaf0","name":"Lucas Soares Gon\u00e7alves","image":{"@type":"ImageObject","inLanguage":"pt-BR","@id":"https:\/\/secure.gravatar.com\/avatar\/bcd2d703cbb48116eaac2cac8643792535238ff30b2d7ce9e16f9254ec9cae83?s=96&d=mm&r=g","url":"https:\/\/secure.gravatar.com\/avatar\/bcd2d703cbb48116eaac2cac8643792535238ff30b2d7ce9e16f9254ec9cae83?s=96&d=mm&r=g","contentUrl":"https:\/\/secure.gravatar.com\/avatar\/bcd2d703cbb48116eaac2cac8643792535238ff30b2d7ce9e16f9254ec9cae83?s=96&d=mm&r=g","caption":"Lucas Soares Gon\u00e7alves"},"url":"https:\/\/blog.saocamilo-sp.br\/index.php\/author\/lucas-soares-goncalves\/"}]}},"_links":{"self":[{"href":"https:\/\/blog.saocamilo-sp.br\/index.php\/wp-json\/wp\/v2\/posts\/2224","targetHints":{"allow":["GET"]}}],"collection":[{"href":"https:\/\/blog.saocamilo-sp.br\/index.php\/wp-json\/wp\/v2\/posts"}],"about":[{"href":"https:\/\/blog.saocamilo-sp.br\/index.php\/wp-json\/wp\/v2\/types\/post"}],"author":[{"embeddable":true,"href":"https:\/\/blog.saocamilo-sp.br\/index.php\/wp-json\/wp\/v2\/users\/4"}],"replies":[{"embeddable":true,"href":"https:\/\/blog.saocamilo-sp.br\/index.php\/wp-json\/wp\/v2\/comments?post=2224"}],"version-history":[{"count":5,"href":"https:\/\/blog.saocamilo-sp.br\/index.php\/wp-json\/wp\/v2\/posts\/2224\/revisions"}],"predecessor-version":[{"id":2290,"href":"https:\/\/blog.saocamilo-sp.br\/index.php\/wp-json\/wp\/v2\/posts\/2224\/revisions\/2290"}],"wp:featuredmedia":[{"embeddable":true,"href":"https:\/\/blog.saocamilo-sp.br\/index.php\/wp-json\/wp\/v2\/media\/2284"}],"wp:attachment":[{"href":"https:\/\/blog.saocamilo-sp.br\/index.php\/wp-json\/wp\/v2\/media?parent=2224"}],"wp:term":[{"taxonomy":"category","embeddable":true,"href":"https:\/\/blog.saocamilo-sp.br\/index.php\/wp-json\/wp\/v2\/categories?post=2224"},{"taxonomy":"post_tag","embeddable":true,"href":"https:\/\/blog.saocamilo-sp.br\/index.php\/wp-json\/wp\/v2\/tags?post=2224"}],"curies":[{"name":"wp","href":"https:\/\/api.w.org\/{rel}","templated":true}]}}