{"id":2245,"date":"2024-02-11T11:12:58","date_gmt":"2024-02-11T14:12:58","guid":{"rendered":"https:\/\/blog.saocamilo-sp.br\/?p=2245"},"modified":"2024-02-13T13:14:22","modified_gmt":"2024-02-13T16:14:22","slug":"dia-internacional-das-mulheres-e-meninas-na-ciencia-reconhecimento-e-inspiracao","status":"publish","type":"post","link":"https:\/\/blog.saocamilo-sp.br\/index.php\/2024\/02\/11\/dia-internacional-das-mulheres-e-meninas-na-ciencia-reconhecimento-e-inspiracao\/","title":{"rendered":"Dia Internacional das Mulheres e Meninas na Ci\u00eancia: reconhecimento e inspira\u00e7\u00e3o"},"content":{"rendered":"\n<p>No vasto cen\u00e1rio da ci\u00eancia, as mulheres t\u00eam desempenhado pap\u00e9is fundamentais ao longo da hist\u00f3ria. No entanto, ainda hoje, enfrentam desafios significativos no reconhecimento e na igualdade de oportunidades. Em 11 de fevereiro, celebramos o Dia Internacional das Mulheres e Meninas na Ci\u00eancia. Assim, \u00e9 crucial destacar suas contribui\u00e7\u00f5es e promover a diversidade neste importante campo. <br><\/p>\n\n\n\n<h2 class=\"wp-block-heading\"><strong>O significado do Dia Internacional das Mulheres e Meninas na Ci\u00eancia<\/strong><\/h2>\n\n\n\n<p>Desde sua institui\u00e7\u00e3o pela UNESCO em 2015, o Dia Internacional das Mulheres na Ci\u00eancia tem sido uma ocasi\u00e3o para reconhecer as conquistas das mulheres cientistas em todo o mundo. Este dia n\u00e3o apenas celebra suas realiza\u00e7\u00f5es, mas tamb\u00e9m destaca a import\u00e2ncia da igualdade de g\u00eanero e da diversidade no avan\u00e7o da ci\u00eancia.<\/p>\n\n\n\n<figure class=\"wp-block-pullquote\"><blockquote><p>A participa\u00e7\u00e3o cada vez maior das mulheres na ci\u00eancia representa um avan\u00e7o da nossa sociedade. H\u00e1 um longo caminho a ser percorrido ainda, mas nos dias atuais \u00e9 poss\u00edvel encontrar um grande n\u00famero de pesquisadoras de sucesso em diversas \u00e1reas. Me sinto privilegiada por poder trabalhar na pesquisa, especialmente dentro de uma institui\u00e7\u00e3o privada no Brasil.<br><br>Espero poder continuar contribuindo com a ci\u00eancia de forma expressiva por longos anos, tamb\u00e9m para poder presenciar maior igualdade no reconhecimento das mulheres no meio cient\u00edfico.<\/p><cite><strong>PROFA. FERNANDA PATTI NAKAMOTO<\/strong>, <br>pesquisadora do centro universit\u00e1rio s\u00e3o camilo<\/cite><\/blockquote><\/figure>\n\n\n\n<h2 class=\"wp-block-heading\"><strong>Celebrando as conquistas das mulheres na Ci\u00eancia<\/strong><\/h2>\n\n\n\n<p>Em todo o mundo, mulheres cientistas t\u00eam feito contribui\u00e7\u00f5es not\u00e1veis em uma variedade de campos, desde a biologia at\u00e9 a f\u00edsica, da medicina \u00e0 engenharia.<\/p>\n\n\n\n<p>Um caso inspirador exemplifica-se atrav\u00e9s da renomada f\u00edsica e qu\u00edmica franco-polonesa, Marie Curie. Primeiramente, ela conquistou o feito not\u00e1vel de ser a primeira mulher a receber um Pr\u00eamio Nobel e, singularmente, a \u00fanica pessoa a alcan\u00e7ar tal reconhecimento em duas \u00e1reas cient\u00edficas distintas. Al\u00e9m disso, seu trabalho inovador com a radioatividade n\u00e3o apenas abriu novos horizontes na medicina e na f\u00edsica, mas tamb\u00e9m deixou um legado duradouro que continua a influenciar a ci\u00eancia nos dias de hoje.<\/p>\n\n\n\n<h2 class=\"wp-block-heading\">Desafios e oportunidades para mulheres na Ci\u00eancia<\/h2>\n\n\n\n<p>Embora as mulheres tenham feito grandes avan\u00e7os na ci\u00eancia, ainda enfrentam obst\u00e1culos significativos em termos de reconhecimento e oportunidades profissionais.<\/p>\n\n\n\n<p>As disparidades de g\u00eanero persistem em muitos campos cient\u00edficos, com mulheres sub-representadas em cargos de lideran\u00e7a. Al\u00e9m disso, ela enfrentam desafios adicionais, como equilibrar carreira e fam\u00edlia. Portanto \u00e9 fundamental abordar essas quest\u00f5es para criar um ambiente mais inclusivo e equitativo para as futuras gera\u00e7\u00f5es de cientistas.<br><\/p>\n\n\n\n<h2 class=\"wp-block-heading\">Inspirando futuras gera\u00e7\u00f5es de pesquisadoras<\/h2>\n\n\n\n<p>Uma maneira de promover a igualdade de g\u00eanero na ci\u00eancia \u00e9 destacar modelos femininos e oferecer apoio e recursos para jovens cientistas.<\/p>\n\n\n\n<p>Programas de mentoria, bolsas de estudo e iniciativas para promover a participa\u00e7\u00e3o das mulheres na ci\u00eancia desempenham um papel crucial nesse processo. Ent\u00e3o, ao destacar hist\u00f3rias de sucesso e fornecer oportunidades tang\u00edveis, tamb\u00e9m podemos inspirar e capacitar mais mulheres a seguir carreiras cient\u00edficas e contribuir para o avan\u00e7o do conhecimento.<\/p>\n\n\n\n<p><\/p>\n\n\n\n<h2 class=\"wp-block-heading\"><strong>Conhe\u00e7a algumas pesquisadoras do Centro Universit\u00e1rio S\u00e3o Camilo e seus projetos cient\u00edficos<\/strong><\/h2>\n\n\n\n<p><\/p>\n\n\n\n<h3 class=\"wp-block-heading\">Profa. Fernanda Patti Nakamoto<\/h3>\n\n\n\n<p>O projeto da Profa. Fernanda, est\u00e1 em desenvolvimento no Laborat\u00f3rio de Pesquisa do Exerc\u00edcio e Qualidade de Vida, na <a href=\"https:\/\/saocamilo-sp.br\/institucional\/servicos_comunidade\/clnica_escola_promove\" target=\"_blank\" rel=\"noreferrer noopener\">Cl\u00ednica-escola PROMOVE<\/a> do CUSC, e visa investigar diversos par\u00e2metros em mulheres praticantes de crossfit em S\u00e3o Paulo. <br><br>Segundo a docente, o objetivo \u00e9 caracterizar essa popula\u00e7\u00e3o e detectar poss\u00edveis casos de baixa disponibilidade energ\u00e9tica, que ocorre quando a ingest\u00e3o cal\u00f3rica, especialmente de carboidratos, n\u00e3o atende \u00e0s necessidades di\u00e1rias de energia. A baixa disponibilidade energ\u00e9tica pode levar a modifica\u00e7\u00f5es no organismo e, a longo prazo, aumentar o risco de desenvolver a Tr\u00edade da Mulher Atleta ou at\u00e9 a Defici\u00eancia Energ\u00e9tica Relativa no Esporte, uma s\u00edndrome mais grave que afeta diversos processos fisiol\u00f3gicos, al\u00e9m do desempenho f\u00edsico. A Profa. Fernanda destaca a import\u00e2ncia de entender e prevenir esses problemas para garantir a sa\u00fade e o bem-estar das mulheres que praticam crossfit.<\/p>\n\n\n\n<blockquote class=\"wp-block-quote is-layout-flow wp-block-quote-is-layout-flow\">\n<p>Me sinto privilegiada por poder trabalhar na pesquisa, especialmente dentro de uma institui\u00e7\u00e3o privada no Brasil. O Centro Universit\u00e1rio S\u00e3o Camilo transp\u00f4s v\u00e1rias barreiras ao implantar laborat\u00f3rios de pesquisa de qualidade Dentre eles, o Laborat\u00f3rio de Pesquisa do Exerc\u00edcio e Qualidade de Vida \u00e9 o mais recente e j\u00e1 traz resultados expressivos.<\/p>\n<cite><strong>Profa. Fernanda Patti Nakamoto<\/strong><\/cite><\/blockquote>\n\n\n<div class=\"wp-block-image\">\n<figure class=\"alignleft size-full is-resized\"><img loading=\"lazy\" decoding=\"async\" src=\"https:\/\/blog.saocamilo-sp.br\/wp-content\/uploads\/2024\/02\/image-2.png\" alt=\"\" class=\"wp-image-2261\" width=\"168\" height=\"181\"\/><\/figure>\n<\/div>\n\n\n<p>Profa. Fernanda possui forma\u00e7\u00e3o em Biomedicina, especializa\u00e7\u00e3o, mestrado e doutorado em Fisiologia do Exerc\u00edcio. \u00c1reas de estudo: Bioqu\u00edmica e Fisiologia. Docente (professora assistente B) na disciplina de Bioqu\u00edmica dos cursos de Medicina e Nutri\u00e7\u00e3o do Centro Universit\u00e1rio S\u00e3o Camilo. Tutora de aprendizagem baseada em problemas no curso de Medicina do CUSC. Especialista em Educa\u00e7\u00e3o em Sa\u00fade pelo Centro Universit\u00e1rio S\u00e3o Camilo. Fisiologista do exerc\u00edcio no Laborat\u00f3rio de Pesquisa do Exerc\u00edcio e Qualidade de Vida do CUSC.<\/p>\n\n\n\n<p><\/p>\n\n\n\n<h3 class=\"wp-block-heading\">Profa. Dra. Priscila Sala Kobal<\/h3>\n\n\n\n<p>O estudo liderado pela Profa. Priscila Sola Kobal investiga os potenciais benef\u00edcios da suplementa\u00e7\u00e3o de c\u00e1psulas de \u00f3leo de abacate para adolescentes com s\u00edndrome metab\u00f3lica. O \u00f3leo de abacate \u00e9 rico em \u00e1cidos graxos monoinsaturados, antioxidantes e outros nutrientes que podem ter efeitos ben\u00e9ficos na sa\u00fade metab\u00f3lica.&nbsp;<\/p>\n\n\n<div class=\"wp-block-image\">\n<figure class=\"alignleft size-full\"><img loading=\"lazy\" decoding=\"async\" width=\"132\" height=\"133\" src=\"https:\/\/blog.saocamilo-sp.br\/wp-content\/uploads\/2024\/02\/image.png\" alt=\"\" class=\"wp-image-2259\"\/><\/figure>\n<\/div>\n\n\n<p>Profa. Priscila \u00e9 graduada pelo Centro Universit\u00e1rio S\u00e3o Camilo e possui especializa\u00e7\u00e3o em Nutri\u00e7\u00e3o nas Doen\u00e7as Cr\u00f4nico-degenerativas e em Terapia Nutricional Parenteral e Enteral e Nutri\u00e7\u00e3o Cl\u00ednica. Tamb\u00e9m Possui doutorado em Ci\u00eancias pelo Departamento de Gastroenterologia da Faculdade de Medicina da USP em parceria com Pennington Biomedical Research Center &#8211; EUA. P\u00f3s Doutorado pelo Departamento de Cl\u00ednica M\u00e9dica (Endocrinologia) da Faculdade de Medicina da USP. Atua como docente do curso de Nutri\u00e7\u00e3o do Centro Universit\u00e1rio S\u00e3o Camilo.<br><\/p>\n\n\n\n<h2 class=\"wp-block-heading\">Centro Universit\u00e1rio S\u00e3o Camilo valoriza suas pesquisadoras<\/h2>\n\n\n\n<p>O <a href=\"https:\/\/saocamilo-sp.br\/\" target=\"_blank\" rel=\"noreferrer noopener\">Centro Universit\u00e1rio S\u00e3o Camilo<\/a> refor\u00e7a seu compromisso com a pesquisa e o reconhecimento das pesquisadoras que integram seu corpo docente. Contando com uma pluralidade de especialistas atuantes na \u00e1rea, a institui\u00e7\u00e3o desempenha um papel crucial no impulsionamento cont\u00ednuo do progresso cient\u00edfico.<\/p>\n\n\n\n<p>Dessa forma, o diversificado corpo docente da S\u00e3o Camilo n\u00e3o s\u00f3 reflete a valoriza\u00e7\u00e3o da presen\u00e7a feminina na pesquisa, mas tamb\u00e9m destaca o impacto positivo dessas profissionais no progresso cient\u00edfico. Al\u00e9m de contribu\u00edrem para o corpo acad\u00eamico, essas pesquisadoras desempenham um papel crucial na forma\u00e7\u00e3o e inspira\u00e7\u00e3o de futuras gera\u00e7\u00f5es de cientistas.<\/p>\n\n\n\n<p>Al\u00e9m disso, a institui\u00e7\u00e3o fomenta ativamente a pesquisa entre suas estudantes por meio de eventos significativos, como o <a href=\"https:\/\/saocamilo-sp.br\/eventos\/viii_congresso_multi\" target=\"_blank\" rel=\"noreferrer noopener\">Congresso Multiprofissional<\/a>. Essas iniciativas proporcionam uma plataforma valiosa para que estudantes dos diversos cursos possam apresentar e compartilhar seus trabalhos cient\u00edficos, contribuindo assim para o desenvolvimento e o enriquecimento do ambiente acad\u00eamico.<\/p>\n\n\n\n<p>Por fim, ao destacar essas pr\u00e1ticas, o Centro Universit\u00e1rio S\u00e3o Camilo refor\u00e7a seu comprometimento com a promo\u00e7\u00e3o da igualdade de g\u00eanero na ci\u00eancia e demonstra seu papel fundamental no est\u00edmulo \u00e0 pesquisa e ao desenvolvimento acad\u00eamico de mulheres na institui\u00e7\u00e3o.<br><br><\/p>\n\n\n\n<h2 class=\"wp-block-heading\">Veja tamb\u00e9m<\/h2>\n\n\n\n<ul class=\"wp-block-list\">\n<li><a href=\"https:\/\/blog.saocamilo-sp.br\/index.php\/2023\/11\/22\/viii-congresso-multiprofissional-da-sao-camilo-uma-celebracao-da-pesquisa\/\">VIII Congresso Multiprofissional da S\u00e3o Camilo: uma celebra\u00e7\u00e3o da pesquisa<\/a><\/li>\n\n\n\n<li><a href=\"https:\/\/blog.saocamilo-sp.br\/index.php\/2023\/11\/28\/sao-camilo-oducal\/\"><a href=\"https:\/\/blog.saocamilo-sp.br\/index.php\/2023\/07\/07\/a-pesquisa-cientifica-no-centro-universitario-sao-camilo\/\">A valoriza\u00e7\u00e3o da pesquisa cient\u00edfica no Centro Universit\u00e1rio S\u00e3o Camilo<\/a><\/a><\/li>\n\n\n\n<li><a href=\"https:\/\/blog.saocamilo-sp.br\/index.php\/2023\/05\/10\/pe-joao-batista-participa-do-v-encontro-internacional-de-reitores-universia\/\"><a href=\"https:\/\/blog.saocamilo-sp.br\/index.php\/2023\/09\/06\/clinica-escola-promove-sao-camilo-comemora-21-anos-de-excelencia-em-saude-pesquisa-extensao-e-educacao\/\">Cl\u00ednica-escola PROMOVE: 21 anos de excel\u00eancia em sa\u00fade, pesquisa, extens\u00e3o e educa\u00e7\u00e3o<\/a><\/a><\/li>\n<\/ul>\n\n\n\n<p><\/p>\n\n\n\n<p>Saiba mais sobre nossos cursos:<\/p>\n\n\n\n<iframe loading=\"lazy\" src=\"https:\/\/saocamilo.apprbs.com.br\/tenho-interesse-blog\" height=\"530px\" width=\"100%\" frameborder=\"0\"><\/iframe>\n\n\n\n<p>Compartilhe em:<\/p>\n\n\n\n<p><\/p>\n\n\n\n<p><br><\/p>\n","protected":false},"excerpt":{"rendered":"<p>As mulheres desempenham um papel fundamental na ci\u00eancia. No entanto, ainda enfrentam desafios significativos no reconhecimento e na igualdade de oportunidades.<\/p>\n","protected":false},"author":4,"featured_media":2262,"comment_status":"open","ping_status":"open","sticky":false,"template":"","format":"standard","meta":{"cybocfi_hide_featured_image":"","footnotes":""},"categories":[91,111],"tags":[147,80],"class_list":["post-2245","post","type-post","status-publish","format-standard","has-post-thumbnail","hentry","category-institucional","category-pesquisas","tag-ciencia","tag-pesquisa"],"yoast_head":"<!-- This site is optimized with the Yoast SEO plugin v27.4 - https:\/\/yoast.com\/product\/yoast-seo-wordpress\/ -->\n<title>Dia Internacional das Mulheres e Meninas na Ci\u00eancia: reconhecimento e inspira\u00e7\u00e3o - Blog S\u00e3o Camilo<\/title>\n<meta name=\"description\" content=\"Mulheres t\u00eam sido fundamentais na hist\u00f3ria da ci\u00eancia, mas ainda enfrentam desafios no reconhecimento e igualdade de oportunidades.\" \/>\n<meta name=\"robots\" content=\"index, follow, max-snippet:-1, max-image-preview:large, max-video-preview:-1\" \/>\n<link rel=\"canonical\" href=\"https:\/\/blog.saocamilo-sp.br\/index.php\/2024\/02\/11\/dia-internacional-das-mulheres-e-meninas-na-ciencia-reconhecimento-e-inspiracao\/\" \/>\n<meta property=\"og:locale\" content=\"pt_BR\" \/>\n<meta property=\"og:type\" content=\"article\" \/>\n<meta property=\"og:title\" content=\"Dia Internacional das Mulheres e Meninas na Ci\u00eancia: reconhecimento e inspira\u00e7\u00e3o - Blog S\u00e3o Camilo\" \/>\n<meta property=\"og:description\" content=\"Mulheres t\u00eam sido fundamentais na hist\u00f3ria da ci\u00eancia, mas ainda enfrentam desafios no reconhecimento e igualdade de oportunidades.\" \/>\n<meta property=\"og:url\" content=\"https:\/\/blog.saocamilo-sp.br\/index.php\/2024\/02\/11\/dia-internacional-das-mulheres-e-meninas-na-ciencia-reconhecimento-e-inspiracao\/\" \/>\n<meta property=\"og:site_name\" content=\"Blog S\u00e3o Camilo\" \/>\n<meta property=\"article:publisher\" content=\"https:\/\/www.facebook.com\/saocamilosp\" \/>\n<meta property=\"article:published_time\" content=\"2024-02-11T14:12:58+00:00\" \/>\n<meta property=\"article:modified_time\" content=\"2024-02-13T16:14:22+00:00\" \/>\n<meta property=\"og:image\" content=\"https:\/\/blog.saocamilo-sp.br\/wp-content\/uploads\/2024\/02\/Mulheres-na-ciencia.png\" \/>\n\t<meta property=\"og:image:width\" content=\"1000\" \/>\n\t<meta property=\"og:image:height\" content=\"676\" \/>\n\t<meta property=\"og:image:type\" content=\"image\/png\" \/>\n<meta name=\"author\" content=\"Lucas Soares Gon\u00e7alves\" \/>\n<meta name=\"twitter:card\" content=\"summary_large_image\" \/>\n<meta name=\"twitter:creator\" content=\"@saocamilosp\" \/>\n<meta name=\"twitter:site\" content=\"@saocamilosp\" \/>\n<meta name=\"twitter:label1\" content=\"Escrito por\" \/>\n\t<meta name=\"twitter:data1\" content=\"Lucas Soares Gon\u00e7alves\" \/>\n\t<meta name=\"twitter:label2\" content=\"Est. tempo de leitura\" \/>\n\t<meta name=\"twitter:data2\" content=\"6 minutos\" \/>\n<script type=\"application\/ld+json\" class=\"yoast-schema-graph\">{\"@context\":\"https:\\\/\\\/schema.org\",\"@graph\":[{\"@type\":\"Article\",\"@id\":\"https:\\\/\\\/blog.saocamilo-sp.br\\\/index.php\\\/2024\\\/02\\\/11\\\/dia-internacional-das-mulheres-e-meninas-na-ciencia-reconhecimento-e-inspiracao\\\/#article\",\"isPartOf\":{\"@id\":\"https:\\\/\\\/blog.saocamilo-sp.br\\\/index.php\\\/2024\\\/02\\\/11\\\/dia-internacional-das-mulheres-e-meninas-na-ciencia-reconhecimento-e-inspiracao\\\/\"},\"author\":{\"name\":\"Lucas Soares Gon\u00e7alves\",\"@id\":\"https:\\\/\\\/blog.saocamilo-sp.br\\\/#\\\/schema\\\/person\\\/781135418152912d4b58f2db13a2eaf0\"},\"headline\":\"Dia Internacional das Mulheres e Meninas na Ci\u00eancia: reconhecimento e inspira\u00e7\u00e3o\",\"datePublished\":\"2024-02-11T14:12:58+00:00\",\"dateModified\":\"2024-02-13T16:14:22+00:00\",\"mainEntityOfPage\":{\"@id\":\"https:\\\/\\\/blog.saocamilo-sp.br\\\/index.php\\\/2024\\\/02\\\/11\\\/dia-internacional-das-mulheres-e-meninas-na-ciencia-reconhecimento-e-inspiracao\\\/\"},\"wordCount\":1307,\"commentCount\":0,\"publisher\":{\"@id\":\"https:\\\/\\\/blog.saocamilo-sp.br\\\/#organization\"},\"image\":{\"@id\":\"https:\\\/\\\/blog.saocamilo-sp.br\\\/index.php\\\/2024\\\/02\\\/11\\\/dia-internacional-das-mulheres-e-meninas-na-ciencia-reconhecimento-e-inspiracao\\\/#primaryimage\"},\"thumbnailUrl\":\"https:\\\/\\\/blog.saocamilo-sp.br\\\/wp-content\\\/uploads\\\/2024\\\/02\\\/Mulheres-na-ciencia.png\",\"keywords\":[\"ci\u00eancia\",\"Pesquisa\"],\"articleSection\":[\"Institucional\",\"Pesquisas\"],\"inLanguage\":\"pt-BR\",\"potentialAction\":[{\"@type\":\"CommentAction\",\"name\":\"Comment\",\"target\":[\"https:\\\/\\\/blog.saocamilo-sp.br\\\/index.php\\\/2024\\\/02\\\/11\\\/dia-internacional-das-mulheres-e-meninas-na-ciencia-reconhecimento-e-inspiracao\\\/#respond\"]}]},{\"@type\":\"WebPage\",\"@id\":\"https:\\\/\\\/blog.saocamilo-sp.br\\\/index.php\\\/2024\\\/02\\\/11\\\/dia-internacional-das-mulheres-e-meninas-na-ciencia-reconhecimento-e-inspiracao\\\/\",\"url\":\"https:\\\/\\\/blog.saocamilo-sp.br\\\/index.php\\\/2024\\\/02\\\/11\\\/dia-internacional-das-mulheres-e-meninas-na-ciencia-reconhecimento-e-inspiracao\\\/\",\"name\":\"Dia Internacional das Mulheres e Meninas na Ci\u00eancia: reconhecimento e inspira\u00e7\u00e3o - Blog S\u00e3o Camilo\",\"isPartOf\":{\"@id\":\"https:\\\/\\\/blog.saocamilo-sp.br\\\/#website\"},\"primaryImageOfPage\":{\"@id\":\"https:\\\/\\\/blog.saocamilo-sp.br\\\/index.php\\\/2024\\\/02\\\/11\\\/dia-internacional-das-mulheres-e-meninas-na-ciencia-reconhecimento-e-inspiracao\\\/#primaryimage\"},\"image\":{\"@id\":\"https:\\\/\\\/blog.saocamilo-sp.br\\\/index.php\\\/2024\\\/02\\\/11\\\/dia-internacional-das-mulheres-e-meninas-na-ciencia-reconhecimento-e-inspiracao\\\/#primaryimage\"},\"thumbnailUrl\":\"https:\\\/\\\/blog.saocamilo-sp.br\\\/wp-content\\\/uploads\\\/2024\\\/02\\\/Mulheres-na-ciencia.png\",\"datePublished\":\"2024-02-11T14:12:58+00:00\",\"dateModified\":\"2024-02-13T16:14:22+00:00\",\"description\":\"Mulheres t\u00eam sido fundamentais na hist\u00f3ria da ci\u00eancia, mas ainda enfrentam desafios no reconhecimento e igualdade de oportunidades.\",\"breadcrumb\":{\"@id\":\"https:\\\/\\\/blog.saocamilo-sp.br\\\/index.php\\\/2024\\\/02\\\/11\\\/dia-internacional-das-mulheres-e-meninas-na-ciencia-reconhecimento-e-inspiracao\\\/#breadcrumb\"},\"inLanguage\":\"pt-BR\",\"potentialAction\":[{\"@type\":\"ReadAction\",\"target\":[\"https:\\\/\\\/blog.saocamilo-sp.br\\\/index.php\\\/2024\\\/02\\\/11\\\/dia-internacional-das-mulheres-e-meninas-na-ciencia-reconhecimento-e-inspiracao\\\/\"]}]},{\"@type\":\"ImageObject\",\"inLanguage\":\"pt-BR\",\"@id\":\"https:\\\/\\\/blog.saocamilo-sp.br\\\/index.php\\\/2024\\\/02\\\/11\\\/dia-internacional-das-mulheres-e-meninas-na-ciencia-reconhecimento-e-inspiracao\\\/#primaryimage\",\"url\":\"https:\\\/\\\/blog.saocamilo-sp.br\\\/wp-content\\\/uploads\\\/2024\\\/02\\\/Mulheres-na-ciencia.png\",\"contentUrl\":\"https:\\\/\\\/blog.saocamilo-sp.br\\\/wp-content\\\/uploads\\\/2024\\\/02\\\/Mulheres-na-ciencia.png\",\"width\":1000,\"height\":676,\"caption\":\"Mulheres na ci\u00eancia\"},{\"@type\":\"BreadcrumbList\",\"@id\":\"https:\\\/\\\/blog.saocamilo-sp.br\\\/index.php\\\/2024\\\/02\\\/11\\\/dia-internacional-das-mulheres-e-meninas-na-ciencia-reconhecimento-e-inspiracao\\\/#breadcrumb\",\"itemListElement\":[{\"@type\":\"ListItem\",\"position\":1,\"name\":\"In\u00edcio\",\"item\":\"https:\\\/\\\/blog.saocamilo-sp.br\\\/\"},{\"@type\":\"ListItem\",\"position\":2,\"name\":\"Dia Internacional das Mulheres e Meninas na Ci\u00eancia: reconhecimento e inspira\u00e7\u00e3o\"}]},{\"@type\":\"WebSite\",\"@id\":\"https:\\\/\\\/blog.saocamilo-sp.br\\\/#website\",\"url\":\"https:\\\/\\\/blog.saocamilo-sp.br\\\/\",\"name\":\"Blog S\u00e3o Camilo\",\"description\":\"Blog do Centro Universit\u00e1rio S\u00e3o Camilo\",\"publisher\":{\"@id\":\"https:\\\/\\\/blog.saocamilo-sp.br\\\/#organization\"},\"potentialAction\":[{\"@type\":\"SearchAction\",\"target\":{\"@type\":\"EntryPoint\",\"urlTemplate\":\"https:\\\/\\\/blog.saocamilo-sp.br\\\/?s={search_term_string}\"},\"query-input\":{\"@type\":\"PropertyValueSpecification\",\"valueRequired\":true,\"valueName\":\"search_term_string\"}}],\"inLanguage\":\"pt-BR\"},{\"@type\":\"Organization\",\"@id\":\"https:\\\/\\\/blog.saocamilo-sp.br\\\/#organization\",\"name\":\"Blog S\u00e3o Camilo\",\"url\":\"https:\\\/\\\/blog.saocamilo-sp.br\\\/\",\"logo\":{\"@type\":\"ImageObject\",\"inLanguage\":\"pt-BR\",\"@id\":\"https:\\\/\\\/blog.saocamilo-sp.br\\\/#\\\/schema\\\/logo\\\/image\\\/\",\"url\":\"https:\\\/\\\/blog.saocamilo-sp.br\\\/wp-content\\\/uploads\\\/2021\\\/12\\\/cropped-vazio-logo-topo.png\",\"contentUrl\":\"https:\\\/\\\/blog.saocamilo-sp.br\\\/wp-content\\\/uploads\\\/2021\\\/12\\\/cropped-vazio-logo-topo.png\",\"width\":320,\"height\":240,\"caption\":\"Blog S\u00e3o Camilo\"},\"image\":{\"@id\":\"https:\\\/\\\/blog.saocamilo-sp.br\\\/#\\\/schema\\\/logo\\\/image\\\/\"},\"sameAs\":[\"https:\\\/\\\/www.facebook.com\\\/saocamilosp\",\"https:\\\/\\\/x.com\\\/saocamilosp\",\"https:\\\/\\\/www.linkedin.com\\\/school\\\/centro-universit-rio-s-o-camilo\\\/\"]},{\"@type\":\"Person\",\"@id\":\"https:\\\/\\\/blog.saocamilo-sp.br\\\/#\\\/schema\\\/person\\\/781135418152912d4b58f2db13a2eaf0\",\"name\":\"Lucas Soares Gon\u00e7alves\",\"image\":{\"@type\":\"ImageObject\",\"inLanguage\":\"pt-BR\",\"@id\":\"https:\\\/\\\/secure.gravatar.com\\\/avatar\\\/bcd2d703cbb48116eaac2cac8643792535238ff30b2d7ce9e16f9254ec9cae83?s=96&d=mm&r=g\",\"url\":\"https:\\\/\\\/secure.gravatar.com\\\/avatar\\\/bcd2d703cbb48116eaac2cac8643792535238ff30b2d7ce9e16f9254ec9cae83?s=96&d=mm&r=g\",\"contentUrl\":\"https:\\\/\\\/secure.gravatar.com\\\/avatar\\\/bcd2d703cbb48116eaac2cac8643792535238ff30b2d7ce9e16f9254ec9cae83?s=96&d=mm&r=g\",\"caption\":\"Lucas Soares Gon\u00e7alves\"},\"url\":\"https:\\\/\\\/blog.saocamilo-sp.br\\\/index.php\\\/author\\\/lucas-soares-goncalves\\\/\"}]}<\/script>\n<!-- \/ Yoast SEO plugin. -->","yoast_head_json":{"title":"Dia Internacional das Mulheres e Meninas na Ci\u00eancia: reconhecimento e inspira\u00e7\u00e3o - Blog S\u00e3o Camilo","description":"Mulheres t\u00eam sido fundamentais na hist\u00f3ria da ci\u00eancia, mas ainda enfrentam desafios no reconhecimento e igualdade de oportunidades.","robots":{"index":"index","follow":"follow","max-snippet":"max-snippet:-1","max-image-preview":"max-image-preview:large","max-video-preview":"max-video-preview:-1"},"canonical":"https:\/\/blog.saocamilo-sp.br\/index.php\/2024\/02\/11\/dia-internacional-das-mulheres-e-meninas-na-ciencia-reconhecimento-e-inspiracao\/","og_locale":"pt_BR","og_type":"article","og_title":"Dia Internacional das Mulheres e Meninas na Ci\u00eancia: reconhecimento e inspira\u00e7\u00e3o - Blog S\u00e3o Camilo","og_description":"Mulheres t\u00eam sido fundamentais na hist\u00f3ria da ci\u00eancia, mas ainda enfrentam desafios no reconhecimento e igualdade de oportunidades.","og_url":"https:\/\/blog.saocamilo-sp.br\/index.php\/2024\/02\/11\/dia-internacional-das-mulheres-e-meninas-na-ciencia-reconhecimento-e-inspiracao\/","og_site_name":"Blog S\u00e3o Camilo","article_publisher":"https:\/\/www.facebook.com\/saocamilosp","article_published_time":"2024-02-11T14:12:58+00:00","article_modified_time":"2024-02-13T16:14:22+00:00","og_image":[{"width":1000,"height":676,"url":"https:\/\/blog.saocamilo-sp.br\/wp-content\/uploads\/2024\/02\/Mulheres-na-ciencia.png","type":"image\/png"}],"author":"Lucas Soares Gon\u00e7alves","twitter_card":"summary_large_image","twitter_creator":"@saocamilosp","twitter_site":"@saocamilosp","twitter_misc":{"Escrito por":"Lucas Soares Gon\u00e7alves","Est. tempo de leitura":"6 minutos"},"schema":{"@context":"https:\/\/schema.org","@graph":[{"@type":"Article","@id":"https:\/\/blog.saocamilo-sp.br\/index.php\/2024\/02\/11\/dia-internacional-das-mulheres-e-meninas-na-ciencia-reconhecimento-e-inspiracao\/#article","isPartOf":{"@id":"https:\/\/blog.saocamilo-sp.br\/index.php\/2024\/02\/11\/dia-internacional-das-mulheres-e-meninas-na-ciencia-reconhecimento-e-inspiracao\/"},"author":{"name":"Lucas Soares Gon\u00e7alves","@id":"https:\/\/blog.saocamilo-sp.br\/#\/schema\/person\/781135418152912d4b58f2db13a2eaf0"},"headline":"Dia Internacional das Mulheres e Meninas na Ci\u00eancia: reconhecimento e inspira\u00e7\u00e3o","datePublished":"2024-02-11T14:12:58+00:00","dateModified":"2024-02-13T16:14:22+00:00","mainEntityOfPage":{"@id":"https:\/\/blog.saocamilo-sp.br\/index.php\/2024\/02\/11\/dia-internacional-das-mulheres-e-meninas-na-ciencia-reconhecimento-e-inspiracao\/"},"wordCount":1307,"commentCount":0,"publisher":{"@id":"https:\/\/blog.saocamilo-sp.br\/#organization"},"image":{"@id":"https:\/\/blog.saocamilo-sp.br\/index.php\/2024\/02\/11\/dia-internacional-das-mulheres-e-meninas-na-ciencia-reconhecimento-e-inspiracao\/#primaryimage"},"thumbnailUrl":"https:\/\/blog.saocamilo-sp.br\/wp-content\/uploads\/2024\/02\/Mulheres-na-ciencia.png","keywords":["ci\u00eancia","Pesquisa"],"articleSection":["Institucional","Pesquisas"],"inLanguage":"pt-BR","potentialAction":[{"@type":"CommentAction","name":"Comment","target":["https:\/\/blog.saocamilo-sp.br\/index.php\/2024\/02\/11\/dia-internacional-das-mulheres-e-meninas-na-ciencia-reconhecimento-e-inspiracao\/#respond"]}]},{"@type":"WebPage","@id":"https:\/\/blog.saocamilo-sp.br\/index.php\/2024\/02\/11\/dia-internacional-das-mulheres-e-meninas-na-ciencia-reconhecimento-e-inspiracao\/","url":"https:\/\/blog.saocamilo-sp.br\/index.php\/2024\/02\/11\/dia-internacional-das-mulheres-e-meninas-na-ciencia-reconhecimento-e-inspiracao\/","name":"Dia Internacional das Mulheres e Meninas na Ci\u00eancia: reconhecimento e inspira\u00e7\u00e3o - Blog S\u00e3o Camilo","isPartOf":{"@id":"https:\/\/blog.saocamilo-sp.br\/#website"},"primaryImageOfPage":{"@id":"https:\/\/blog.saocamilo-sp.br\/index.php\/2024\/02\/11\/dia-internacional-das-mulheres-e-meninas-na-ciencia-reconhecimento-e-inspiracao\/#primaryimage"},"image":{"@id":"https:\/\/blog.saocamilo-sp.br\/index.php\/2024\/02\/11\/dia-internacional-das-mulheres-e-meninas-na-ciencia-reconhecimento-e-inspiracao\/#primaryimage"},"thumbnailUrl":"https:\/\/blog.saocamilo-sp.br\/wp-content\/uploads\/2024\/02\/Mulheres-na-ciencia.png","datePublished":"2024-02-11T14:12:58+00:00","dateModified":"2024-02-13T16:14:22+00:00","description":"Mulheres t\u00eam sido fundamentais na hist\u00f3ria da ci\u00eancia, mas ainda enfrentam desafios no reconhecimento e igualdade de oportunidades.","breadcrumb":{"@id":"https:\/\/blog.saocamilo-sp.br\/index.php\/2024\/02\/11\/dia-internacional-das-mulheres-e-meninas-na-ciencia-reconhecimento-e-inspiracao\/#breadcrumb"},"inLanguage":"pt-BR","potentialAction":[{"@type":"ReadAction","target":["https:\/\/blog.saocamilo-sp.br\/index.php\/2024\/02\/11\/dia-internacional-das-mulheres-e-meninas-na-ciencia-reconhecimento-e-inspiracao\/"]}]},{"@type":"ImageObject","inLanguage":"pt-BR","@id":"https:\/\/blog.saocamilo-sp.br\/index.php\/2024\/02\/11\/dia-internacional-das-mulheres-e-meninas-na-ciencia-reconhecimento-e-inspiracao\/#primaryimage","url":"https:\/\/blog.saocamilo-sp.br\/wp-content\/uploads\/2024\/02\/Mulheres-na-ciencia.png","contentUrl":"https:\/\/blog.saocamilo-sp.br\/wp-content\/uploads\/2024\/02\/Mulheres-na-ciencia.png","width":1000,"height":676,"caption":"Mulheres na ci\u00eancia"},{"@type":"BreadcrumbList","@id":"https:\/\/blog.saocamilo-sp.br\/index.php\/2024\/02\/11\/dia-internacional-das-mulheres-e-meninas-na-ciencia-reconhecimento-e-inspiracao\/#breadcrumb","itemListElement":[{"@type":"ListItem","position":1,"name":"In\u00edcio","item":"https:\/\/blog.saocamilo-sp.br\/"},{"@type":"ListItem","position":2,"name":"Dia Internacional das Mulheres e Meninas na Ci\u00eancia: reconhecimento e inspira\u00e7\u00e3o"}]},{"@type":"WebSite","@id":"https:\/\/blog.saocamilo-sp.br\/#website","url":"https:\/\/blog.saocamilo-sp.br\/","name":"Blog S\u00e3o Camilo","description":"Blog do Centro Universit\u00e1rio S\u00e3o Camilo","publisher":{"@id":"https:\/\/blog.saocamilo-sp.br\/#organization"},"potentialAction":[{"@type":"SearchAction","target":{"@type":"EntryPoint","urlTemplate":"https:\/\/blog.saocamilo-sp.br\/?s={search_term_string}"},"query-input":{"@type":"PropertyValueSpecification","valueRequired":true,"valueName":"search_term_string"}}],"inLanguage":"pt-BR"},{"@type":"Organization","@id":"https:\/\/blog.saocamilo-sp.br\/#organization","name":"Blog S\u00e3o Camilo","url":"https:\/\/blog.saocamilo-sp.br\/","logo":{"@type":"ImageObject","inLanguage":"pt-BR","@id":"https:\/\/blog.saocamilo-sp.br\/#\/schema\/logo\/image\/","url":"https:\/\/blog.saocamilo-sp.br\/wp-content\/uploads\/2021\/12\/cropped-vazio-logo-topo.png","contentUrl":"https:\/\/blog.saocamilo-sp.br\/wp-content\/uploads\/2021\/12\/cropped-vazio-logo-topo.png","width":320,"height":240,"caption":"Blog S\u00e3o Camilo"},"image":{"@id":"https:\/\/blog.saocamilo-sp.br\/#\/schema\/logo\/image\/"},"sameAs":["https:\/\/www.facebook.com\/saocamilosp","https:\/\/x.com\/saocamilosp","https:\/\/www.linkedin.com\/school\/centro-universit-rio-s-o-camilo\/"]},{"@type":"Person","@id":"https:\/\/blog.saocamilo-sp.br\/#\/schema\/person\/781135418152912d4b58f2db13a2eaf0","name":"Lucas Soares Gon\u00e7alves","image":{"@type":"ImageObject","inLanguage":"pt-BR","@id":"https:\/\/secure.gravatar.com\/avatar\/bcd2d703cbb48116eaac2cac8643792535238ff30b2d7ce9e16f9254ec9cae83?s=96&d=mm&r=g","url":"https:\/\/secure.gravatar.com\/avatar\/bcd2d703cbb48116eaac2cac8643792535238ff30b2d7ce9e16f9254ec9cae83?s=96&d=mm&r=g","contentUrl":"https:\/\/secure.gravatar.com\/avatar\/bcd2d703cbb48116eaac2cac8643792535238ff30b2d7ce9e16f9254ec9cae83?s=96&d=mm&r=g","caption":"Lucas Soares Gon\u00e7alves"},"url":"https:\/\/blog.saocamilo-sp.br\/index.php\/author\/lucas-soares-goncalves\/"}]}},"_links":{"self":[{"href":"https:\/\/blog.saocamilo-sp.br\/index.php\/wp-json\/wp\/v2\/posts\/2245","targetHints":{"allow":["GET"]}}],"collection":[{"href":"https:\/\/blog.saocamilo-sp.br\/index.php\/wp-json\/wp\/v2\/posts"}],"about":[{"href":"https:\/\/blog.saocamilo-sp.br\/index.php\/wp-json\/wp\/v2\/types\/post"}],"author":[{"embeddable":true,"href":"https:\/\/blog.saocamilo-sp.br\/index.php\/wp-json\/wp\/v2\/users\/4"}],"replies":[{"embeddable":true,"href":"https:\/\/blog.saocamilo-sp.br\/index.php\/wp-json\/wp\/v2\/comments?post=2245"}],"version-history":[{"count":4,"href":"https:\/\/blog.saocamilo-sp.br\/index.php\/wp-json\/wp\/v2\/posts\/2245\/revisions"}],"predecessor-version":[{"id":2304,"href":"https:\/\/blog.saocamilo-sp.br\/index.php\/wp-json\/wp\/v2\/posts\/2245\/revisions\/2304"}],"wp:featuredmedia":[{"embeddable":true,"href":"https:\/\/blog.saocamilo-sp.br\/index.php\/wp-json\/wp\/v2\/media\/2262"}],"wp:attachment":[{"href":"https:\/\/blog.saocamilo-sp.br\/index.php\/wp-json\/wp\/v2\/media?parent=2245"}],"wp:term":[{"taxonomy":"category","embeddable":true,"href":"https:\/\/blog.saocamilo-sp.br\/index.php\/wp-json\/wp\/v2\/categories?post=2245"},{"taxonomy":"post_tag","embeddable":true,"href":"https:\/\/blog.saocamilo-sp.br\/index.php\/wp-json\/wp\/v2\/tags?post=2245"}],"curies":[{"name":"wp","href":"https:\/\/api.w.org\/{rel}","templated":true}]}}