{"id":2247,"date":"2024-02-10T15:52:59","date_gmt":"2024-02-10T18:52:59","guid":{"rendered":"https:\/\/blog.saocamilo-sp.br\/?p=2247"},"modified":"2024-02-10T16:57:51","modified_gmt":"2024-02-10T19:57:51","slug":"madri-bolsas-de-estudo-sao-camilo","status":"publish","type":"post","link":"https:\/\/blog.saocamilo-sp.br\/index.php\/2024\/02\/10\/madri-bolsas-de-estudo-sao-camilo\/","title":{"rendered":"Internacional: S\u00e3o Camilo oferece bolsas de estudo e hospedagem em Madri"},"content":{"rendered":"\n<p>O Centro Universit\u00e1rio S\u00e3o Camilo, por meio do seu <a href=\"https:\/\/saocamilo-sp.br\/internacional\/quem_somos\" target=\"_blank\" rel=\"noreferrer noopener\">Escrit\u00f3rio de Rela\u00e7\u00f5es Internacionais<\/a>, est\u00e1 proporcionando uma experi\u00eancia extraordin\u00e1ria de aprimoramento profissional, oferecendo bolsas de estudo com hospedagem na Europa. Essa oportunidade destina-se a alunos e docentes interessados em participar do curso: <strong>&#8220;Atenci\u00f3n Humana a La Persona Mayor en Residencias&#8221;<\/strong> no prestigiado <a href=\"https:\/\/www.humanizar.es\" target=\"_blank\" rel=\"noreferrer noopener\">Centro de Humanizaci\u00f3n San Camilo<\/a>, em Madri.<\/p>\n\n\n\n<h2 class=\"wp-block-heading\"><strong>Sobre a experi\u00eancia em Madri<\/strong><\/h2>\n\n\n\n<p>Participar de um curso em um dos maiores Centros de Humaniza\u00e7\u00e3o da Europa, vinculado \u00e0 Ordem dos Religiosos Camilianos, \u00e9 uma oportunidade \u00fanica proporcionada pela iniciativa do Escrit\u00f3rio de Rela\u00e7\u00f5es Internacionais. Dessa forma, os participantes ter\u00e3o a oportunidade de conhecer e atuar em estrat\u00e9gias multidisciplinares para proporcionar aten\u00e7\u00e3o humanizada aos idosos na Resid\u00eancia Assistida. Essa experi\u00eancia n\u00e3o apenas amplia os horizontes acad\u00eamicos, mas tamb\u00e9m destaca o compromisso da institui\u00e7\u00e3o com a promo\u00e7\u00e3o de uma forma\u00e7\u00e3o abrangente e internacional.<br><\/p>\n\n\n\n<h2 class=\"wp-block-heading\"><strong>Benef\u00edcios para docentes<\/strong> camilianos<\/h2>\n\n\n\n<p>Os docentes selecionados ter\u00e3o todos os custos acad\u00eamicos e de hospedagem cobertos. Assim, a viv\u00eancia se configura como uma oportunidade \u00fanica para enriquecer suas carreiras com uma experi\u00eancia internacional.<\/p>\n\n\n\n<p><\/p>\n\n\n\n<h2 class=\"wp-block-heading\"><strong>Como participar<\/strong><\/h2>\n\n\n\n<p>Estudantes camilianos(as) dos cursos de Medicina, Fisioterapia, Enfermagem, Psicologia, Sa\u00fade P\u00fablica, Cuidados Paliativos, e tamb\u00e9m docentes do Centro Universit\u00e1rio S\u00e3o Camilo podem realizar suas inscri\u00e7\u00f5es, desde que atendam aos pr\u00e9-requisitos estabelecidos no edital. O <a href=\"https:\/\/forms.office.com\/pages\/responsepage.aspx?id=URcjtWKQXEif4cJGNwy1G6ID2irQtuBAvLcByah6Od5URE81RTJTWUNMREIxOEtPUFc5Q1lNTlRLNC4u\" target=\"_blank\" rel=\"noreferrer noopener\">formul\u00e1rio de inscri\u00e7\u00e3o<\/a> poder\u00e1 ser preenchido at\u00e9 18 de fevereiro.<\/p>\n\n\n\n<p><\/p>\n\n\n\n<h2 class=\"wp-block-heading\">Objetivos do programa<\/h2>\n\n\n\n<ul class=\"wp-block-list\">\n<li>Proporcionar uma viv\u00eancia acad\u00eamica internacional;<\/li>\n\n\n\n<li>Promover o desenvolvimento de habilidades e atitudes voltadas para a aten\u00e7\u00e3o aos idosos em Institui\u00e7\u00f5es de Longa Perman\u00eancia.<\/li>\n<\/ul>\n\n\n\n<p><\/p>\n\n\n\n<h2 class=\"wp-block-heading\">Inscri\u00e7\u00e3o e vagas<\/h2>\n\n\n\n<p>Per\u00edodo de inscri\u00e7\u00e3o de 05 a 18 de fevereiro de 2024, com 03 vagas dispon\u00edveis para alunos de gradua\u00e7\u00e3o e 02 vagas para docentes camilianos(as). Para mais detalhes sobre requisitos e o processo de sele\u00e7\u00e3o, consulte o edital <a href=\"https:\/\/saocamilo-sp.br\/assets\/uploads\/edital_010-2024_-_curso_e_atividade_formativa_-_centro_de_humanizacion.pdf\">aqui<\/a>.<\/p>\n\n\n\n<h2 class=\"wp-block-heading\"><strong>Detalhes da atividade formativa em Madri<\/strong><\/h2>\n\n\n\n<p>O curso e a hospedagem ocorrer\u00e3o de 08 a 12 de abril de 2024. Os selecionados devem chegar ao Centro de Humanizaci\u00f3n de la Salud San Camilo em 08 de abril. Em seguida, a atividade formativa detalhada ocorrer\u00e1 de 15 a 26 de abril de 2024 envolvendo, sobretudo, a participa\u00e7\u00e3o em atividades na Resid\u00eancia Assistida para um aprendizado pr\u00e1tico e abrangente.<\/p>\n\n\n\n<p><\/p>\n\n\n\n<h2 class=\"wp-block-heading\"><strong>Certificado e reconhecimento<\/strong><\/h2>\n\n\n\n<p>Os participantes receber\u00e3o um certificado de conclus\u00e3o emitido pelo Centro de Humanizaci\u00f3n de la Salud San Camilo. Al\u00e9m disso, para os alunos, ser\u00e3o contabilizadas horas de atividades complementares conforme o regulamento em vigor.<br><\/p>\n\n\n\n<h2 class=\"wp-block-heading\"><strong><strong>Sobre a oportunidade de viv\u00eancia em Madri oferecida pela S\u00e3o Camilo<\/strong><\/strong><\/h2>\n\n\n\n<p>Em suma, a viv\u00eancia internacional desempenha um papel crucial no desenvolvimento da carreira de alunos e docentes, proporcionando uma dimens\u00e3o \u00fanica ao seu aprendizado. <br><br>Por meio do oferecimento de bolsas de estudo, a institui\u00e7\u00e3o n\u00e3o apenas viabiliza oportunidades de viv\u00eancia internacional, mas tamb\u00e9m destaca sua filantropia, j\u00e1 que, possibilita uma oportunidade de estudos a alunos e docentes. <br><br>Consequentemente, essa iniciativa reflete o comprometimento do <a href=\"https:\/\/saocamilo-sp.br\/\">Centro Universit\u00e1rio S\u00e3o Cami<\/a><a href=\"https:\/\/saocamilo-sp.br\/\" target=\"_blank\" rel=\"noreferrer noopener\">lo<\/a> em promover uma educa\u00e7\u00e3o de qualidade, globalmente orientada e socialmente respons\u00e1vel em conson\u00e2ncia com os princ\u00edpios camilianos. <br><\/p>\n\n\n\n<p><\/p>\n\n\n\n<h2 class=\"wp-block-heading\">Veja tamb\u00e9m<\/h2>\n\n\n\n<ul class=\"wp-block-list\">\n<li><a href=\"https:\/\/blog.saocamilo-sp.br\/index.php\/2023\/10\/10\/sao-camilo-na-33a-eaie\/\">S\u00e3o Camilo estreita la\u00e7os Internacionais e marca presen\u00e7a na 33\u00aa EAIE<\/a><\/li>\n\n\n\n<li><a href=\"https:\/\/blog.saocamilo-sp.br\/index.php\/2023\/11\/28\/sao-camilo-oducal\/\">Internacional: S\u00e3o Camilo participa de eventos da ODUCAL na Argentina<\/a><\/li>\n\n\n\n<li><a href=\"https:\/\/blog.saocamilo-sp.br\/index.php\/2023\/05\/10\/pe-joao-batista-participa-do-v-encontro-internacional-de-reitores-universia\/\">Pe. Jo\u00e3o Batista participa do V Encontro Internacional de Reitores Universia em Val\u00eancia<\/a><\/li>\n<\/ul>\n\n\n\n<p><\/p>\n\n\n\n<p>Saiba mais sobre nossos cursos:<\/p>\n\n\n\n<iframe loading=\"lazy\" src=\"https:\/\/saocamilo.apprbs.com.br\/tenho-interesse-blog\" height=\"530px\" width=\"100%\" frameborder=\"0\"><\/iframe>\n\n\n\n<p>Compartilhe em:<\/p>\n\n\n\n<p><br><br><\/p>\n","protected":false},"excerpt":{"rendered":"<p>O Centro Universit\u00e1rio S\u00e3o Camilo est\u00e1 oferecendo bolsas de estudo com hospedagem no Centro de Humanizaci\u00f3n, em Madri.<\/p>\n","protected":false},"author":13,"featured_media":2252,"comment_status":"open","ping_status":"open","sticky":false,"template":"","format":"standard","meta":{"cybocfi_hide_featured_image":"","footnotes":""},"categories":[91,70],"tags":[144,146,71,72,145],"class_list":["post-2247","post","type-post","status-publish","format-standard","has-post-thumbnail","hentry","category-institucional","category-internacional","tag-bolsas-de-estudos","tag-espanha","tag-intercambio","tag-internacional","tag-madri"],"yoast_head":"<!-- This site is optimized with the Yoast SEO plugin v27.4 - https:\/\/yoast.com\/product\/yoast-seo-wordpress\/ -->\n<title>Internacional: S\u00e3o Camilo oferece bolsas de estudo e hospedagem em Madri<\/title>\n<meta name=\"description\" content=\"O Centro Universit\u00e1rio S\u00e3o Camilo est\u00e1 oferecendo bolsas de estudo com hospedagem no Centro de Humanizaci\u00f3n, em Madri.\" \/>\n<meta name=\"robots\" content=\"index, follow, max-snippet:-1, max-image-preview:large, max-video-preview:-1\" \/>\n<link rel=\"canonical\" href=\"https:\/\/blog.saocamilo-sp.br\/index.php\/2024\/02\/10\/madri-bolsas-de-estudo-sao-camilo\/\" \/>\n<meta property=\"og:locale\" content=\"pt_BR\" \/>\n<meta property=\"og:type\" content=\"article\" \/>\n<meta property=\"og:title\" content=\"Internacional: S\u00e3o Camilo oferece bolsas de estudo e hospedagem em Madri\" \/>\n<meta property=\"og:description\" content=\"O Centro Universit\u00e1rio S\u00e3o Camilo est\u00e1 oferecendo bolsas de estudo com hospedagem no Centro de Humanizaci\u00f3n, em Madri.\" \/>\n<meta property=\"og:url\" content=\"https:\/\/blog.saocamilo-sp.br\/index.php\/2024\/02\/10\/madri-bolsas-de-estudo-sao-camilo\/\" \/>\n<meta property=\"og:site_name\" content=\"Blog S\u00e3o Camilo\" \/>\n<meta property=\"article:publisher\" content=\"https:\/\/www.facebook.com\/saocamilosp\" \/>\n<meta property=\"article:published_time\" content=\"2024-02-10T18:52:59+00:00\" \/>\n<meta property=\"article:modified_time\" content=\"2024-02-10T19:57:51+00:00\" \/>\n<meta property=\"og:image\" content=\"https:\/\/blog.saocamilo-sp.br\/wp-content\/uploads\/2024\/02\/Centro-de-Humanizacao_.png\" \/>\n\t<meta property=\"og:image:width\" content=\"1000\" \/>\n\t<meta property=\"og:image:height\" content=\"676\" \/>\n\t<meta property=\"og:image:type\" content=\"image\/png\" \/>\n<meta name=\"author\" content=\"Leandro Lafr\u00e1gola\" \/>\n<meta name=\"twitter:card\" content=\"summary_large_image\" \/>\n<meta name=\"twitter:creator\" content=\"@saocamilosp\" \/>\n<meta name=\"twitter:site\" content=\"@saocamilosp\" \/>\n<meta name=\"twitter:label1\" content=\"Escrito por\" \/>\n\t<meta name=\"twitter:data1\" content=\"Leandro Lafr\u00e1gola\" \/>\n\t<meta name=\"twitter:label2\" content=\"Est. tempo de leitura\" \/>\n\t<meta name=\"twitter:data2\" content=\"3 minutos\" \/>\n<script type=\"application\/ld+json\" class=\"yoast-schema-graph\">{\"@context\":\"https:\\\/\\\/schema.org\",\"@graph\":[{\"@type\":\"Article\",\"@id\":\"https:\\\/\\\/blog.saocamilo-sp.br\\\/index.php\\\/2024\\\/02\\\/10\\\/madri-bolsas-de-estudo-sao-camilo\\\/#article\",\"isPartOf\":{\"@id\":\"https:\\\/\\\/blog.saocamilo-sp.br\\\/index.php\\\/2024\\\/02\\\/10\\\/madri-bolsas-de-estudo-sao-camilo\\\/\"},\"author\":{\"name\":\"Leandro Lafr\u00e1gola\",\"@id\":\"https:\\\/\\\/blog.saocamilo-sp.br\\\/#\\\/schema\\\/person\\\/1a99645faaab0bb55105f817e866e19b\"},\"headline\":\"Internacional: S\u00e3o Camilo oferece bolsas de estudo e hospedagem em Madri\",\"datePublished\":\"2024-02-10T18:52:59+00:00\",\"dateModified\":\"2024-02-10T19:57:51+00:00\",\"mainEntityOfPage\":{\"@id\":\"https:\\\/\\\/blog.saocamilo-sp.br\\\/index.php\\\/2024\\\/02\\\/10\\\/madri-bolsas-de-estudo-sao-camilo\\\/\"},\"wordCount\":608,\"commentCount\":0,\"publisher\":{\"@id\":\"https:\\\/\\\/blog.saocamilo-sp.br\\\/#organization\"},\"image\":{\"@id\":\"https:\\\/\\\/blog.saocamilo-sp.br\\\/index.php\\\/2024\\\/02\\\/10\\\/madri-bolsas-de-estudo-sao-camilo\\\/#primaryimage\"},\"thumbnailUrl\":\"https:\\\/\\\/blog.saocamilo-sp.br\\\/wp-content\\\/uploads\\\/2024\\\/02\\\/Centro-de-Humanizacao_.png\",\"keywords\":[\"Bolsas de Estudos\",\"Espanha\",\"interc\u00e2mbio\",\"internacional\",\"Madri\"],\"articleSection\":[\"Institucional\",\"Internacional\"],\"inLanguage\":\"pt-BR\",\"potentialAction\":[{\"@type\":\"CommentAction\",\"name\":\"Comment\",\"target\":[\"https:\\\/\\\/blog.saocamilo-sp.br\\\/index.php\\\/2024\\\/02\\\/10\\\/madri-bolsas-de-estudo-sao-camilo\\\/#respond\"]}]},{\"@type\":\"WebPage\",\"@id\":\"https:\\\/\\\/blog.saocamilo-sp.br\\\/index.php\\\/2024\\\/02\\\/10\\\/madri-bolsas-de-estudo-sao-camilo\\\/\",\"url\":\"https:\\\/\\\/blog.saocamilo-sp.br\\\/index.php\\\/2024\\\/02\\\/10\\\/madri-bolsas-de-estudo-sao-camilo\\\/\",\"name\":\"Internacional: S\u00e3o Camilo oferece bolsas de estudo e hospedagem em Madri\",\"isPartOf\":{\"@id\":\"https:\\\/\\\/blog.saocamilo-sp.br\\\/#website\"},\"primaryImageOfPage\":{\"@id\":\"https:\\\/\\\/blog.saocamilo-sp.br\\\/index.php\\\/2024\\\/02\\\/10\\\/madri-bolsas-de-estudo-sao-camilo\\\/#primaryimage\"},\"image\":{\"@id\":\"https:\\\/\\\/blog.saocamilo-sp.br\\\/index.php\\\/2024\\\/02\\\/10\\\/madri-bolsas-de-estudo-sao-camilo\\\/#primaryimage\"},\"thumbnailUrl\":\"https:\\\/\\\/blog.saocamilo-sp.br\\\/wp-content\\\/uploads\\\/2024\\\/02\\\/Centro-de-Humanizacao_.png\",\"datePublished\":\"2024-02-10T18:52:59+00:00\",\"dateModified\":\"2024-02-10T19:57:51+00:00\",\"description\":\"O Centro Universit\u00e1rio S\u00e3o Camilo est\u00e1 oferecendo bolsas de estudo com hospedagem no Centro de Humanizaci\u00f3n, em Madri.\",\"breadcrumb\":{\"@id\":\"https:\\\/\\\/blog.saocamilo-sp.br\\\/index.php\\\/2024\\\/02\\\/10\\\/madri-bolsas-de-estudo-sao-camilo\\\/#breadcrumb\"},\"inLanguage\":\"pt-BR\",\"potentialAction\":[{\"@type\":\"ReadAction\",\"target\":[\"https:\\\/\\\/blog.saocamilo-sp.br\\\/index.php\\\/2024\\\/02\\\/10\\\/madri-bolsas-de-estudo-sao-camilo\\\/\"]}]},{\"@type\":\"ImageObject\",\"inLanguage\":\"pt-BR\",\"@id\":\"https:\\\/\\\/blog.saocamilo-sp.br\\\/index.php\\\/2024\\\/02\\\/10\\\/madri-bolsas-de-estudo-sao-camilo\\\/#primaryimage\",\"url\":\"https:\\\/\\\/blog.saocamilo-sp.br\\\/wp-content\\\/uploads\\\/2024\\\/02\\\/Centro-de-Humanizacao_.png\",\"contentUrl\":\"https:\\\/\\\/blog.saocamilo-sp.br\\\/wp-content\\\/uploads\\\/2024\\\/02\\\/Centro-de-Humanizacao_.png\",\"width\":1000,\"height\":676,\"caption\":\"Centro de Humaniza\u00e7\u00e3o\"},{\"@type\":\"BreadcrumbList\",\"@id\":\"https:\\\/\\\/blog.saocamilo-sp.br\\\/index.php\\\/2024\\\/02\\\/10\\\/madri-bolsas-de-estudo-sao-camilo\\\/#breadcrumb\",\"itemListElement\":[{\"@type\":\"ListItem\",\"position\":1,\"name\":\"In\u00edcio\",\"item\":\"https:\\\/\\\/blog.saocamilo-sp.br\\\/\"},{\"@type\":\"ListItem\",\"position\":2,\"name\":\"Internacional: S\u00e3o Camilo oferece bolsas de estudo e hospedagem em Madri\"}]},{\"@type\":\"WebSite\",\"@id\":\"https:\\\/\\\/blog.saocamilo-sp.br\\\/#website\",\"url\":\"https:\\\/\\\/blog.saocamilo-sp.br\\\/\",\"name\":\"Blog S\u00e3o Camilo\",\"description\":\"Blog do Centro Universit\u00e1rio S\u00e3o Camilo\",\"publisher\":{\"@id\":\"https:\\\/\\\/blog.saocamilo-sp.br\\\/#organization\"},\"potentialAction\":[{\"@type\":\"SearchAction\",\"target\":{\"@type\":\"EntryPoint\",\"urlTemplate\":\"https:\\\/\\\/blog.saocamilo-sp.br\\\/?s={search_term_string}\"},\"query-input\":{\"@type\":\"PropertyValueSpecification\",\"valueRequired\":true,\"valueName\":\"search_term_string\"}}],\"inLanguage\":\"pt-BR\"},{\"@type\":\"Organization\",\"@id\":\"https:\\\/\\\/blog.saocamilo-sp.br\\\/#organization\",\"name\":\"Blog S\u00e3o Camilo\",\"url\":\"https:\\\/\\\/blog.saocamilo-sp.br\\\/\",\"logo\":{\"@type\":\"ImageObject\",\"inLanguage\":\"pt-BR\",\"@id\":\"https:\\\/\\\/blog.saocamilo-sp.br\\\/#\\\/schema\\\/logo\\\/image\\\/\",\"url\":\"https:\\\/\\\/blog.saocamilo-sp.br\\\/wp-content\\\/uploads\\\/2021\\\/12\\\/cropped-vazio-logo-topo.png\",\"contentUrl\":\"https:\\\/\\\/blog.saocamilo-sp.br\\\/wp-content\\\/uploads\\\/2021\\\/12\\\/cropped-vazio-logo-topo.png\",\"width\":320,\"height\":240,\"caption\":\"Blog S\u00e3o Camilo\"},\"image\":{\"@id\":\"https:\\\/\\\/blog.saocamilo-sp.br\\\/#\\\/schema\\\/logo\\\/image\\\/\"},\"sameAs\":[\"https:\\\/\\\/www.facebook.com\\\/saocamilosp\",\"https:\\\/\\\/x.com\\\/saocamilosp\",\"https:\\\/\\\/www.linkedin.com\\\/school\\\/centro-universit-rio-s-o-camilo\\\/\"]},{\"@type\":\"Person\",\"@id\":\"https:\\\/\\\/blog.saocamilo-sp.br\\\/#\\\/schema\\\/person\\\/1a99645faaab0bb55105f817e866e19b\",\"name\":\"Leandro Lafr\u00e1gola\",\"image\":{\"@type\":\"ImageObject\",\"inLanguage\":\"pt-BR\",\"@id\":\"https:\\\/\\\/secure.gravatar.com\\\/avatar\\\/ec4232fb8d50d80f1c672353dc4c2876490e6a0a2a33d6572c0ba1fb78f115cf?s=96&d=mm&r=g\",\"url\":\"https:\\\/\\\/secure.gravatar.com\\\/avatar\\\/ec4232fb8d50d80f1c672353dc4c2876490e6a0a2a33d6572c0ba1fb78f115cf?s=96&d=mm&r=g\",\"contentUrl\":\"https:\\\/\\\/secure.gravatar.com\\\/avatar\\\/ec4232fb8d50d80f1c672353dc4c2876490e6a0a2a33d6572c0ba1fb78f115cf?s=96&d=mm&r=g\",\"caption\":\"Leandro Lafr\u00e1gola\"},\"url\":\"https:\\\/\\\/blog.saocamilo-sp.br\\\/index.php\\\/author\\\/llafragola\\\/\"}]}<\/script>\n<!-- \/ Yoast SEO plugin. -->","yoast_head_json":{"title":"Internacional: S\u00e3o Camilo oferece bolsas de estudo e hospedagem em Madri","description":"O Centro Universit\u00e1rio S\u00e3o Camilo est\u00e1 oferecendo bolsas de estudo com hospedagem no Centro de Humanizaci\u00f3n, em Madri.","robots":{"index":"index","follow":"follow","max-snippet":"max-snippet:-1","max-image-preview":"max-image-preview:large","max-video-preview":"max-video-preview:-1"},"canonical":"https:\/\/blog.saocamilo-sp.br\/index.php\/2024\/02\/10\/madri-bolsas-de-estudo-sao-camilo\/","og_locale":"pt_BR","og_type":"article","og_title":"Internacional: S\u00e3o Camilo oferece bolsas de estudo e hospedagem em Madri","og_description":"O Centro Universit\u00e1rio S\u00e3o Camilo est\u00e1 oferecendo bolsas de estudo com hospedagem no Centro de Humanizaci\u00f3n, em Madri.","og_url":"https:\/\/blog.saocamilo-sp.br\/index.php\/2024\/02\/10\/madri-bolsas-de-estudo-sao-camilo\/","og_site_name":"Blog S\u00e3o Camilo","article_publisher":"https:\/\/www.facebook.com\/saocamilosp","article_published_time":"2024-02-10T18:52:59+00:00","article_modified_time":"2024-02-10T19:57:51+00:00","og_image":[{"width":1000,"height":676,"url":"https:\/\/blog.saocamilo-sp.br\/wp-content\/uploads\/2024\/02\/Centro-de-Humanizacao_.png","type":"image\/png"}],"author":"Leandro Lafr\u00e1gola","twitter_card":"summary_large_image","twitter_creator":"@saocamilosp","twitter_site":"@saocamilosp","twitter_misc":{"Escrito por":"Leandro Lafr\u00e1gola","Est. tempo de leitura":"3 minutos"},"schema":{"@context":"https:\/\/schema.org","@graph":[{"@type":"Article","@id":"https:\/\/blog.saocamilo-sp.br\/index.php\/2024\/02\/10\/madri-bolsas-de-estudo-sao-camilo\/#article","isPartOf":{"@id":"https:\/\/blog.saocamilo-sp.br\/index.php\/2024\/02\/10\/madri-bolsas-de-estudo-sao-camilo\/"},"author":{"name":"Leandro Lafr\u00e1gola","@id":"https:\/\/blog.saocamilo-sp.br\/#\/schema\/person\/1a99645faaab0bb55105f817e866e19b"},"headline":"Internacional: S\u00e3o Camilo oferece bolsas de estudo e hospedagem em Madri","datePublished":"2024-02-10T18:52:59+00:00","dateModified":"2024-02-10T19:57:51+00:00","mainEntityOfPage":{"@id":"https:\/\/blog.saocamilo-sp.br\/index.php\/2024\/02\/10\/madri-bolsas-de-estudo-sao-camilo\/"},"wordCount":608,"commentCount":0,"publisher":{"@id":"https:\/\/blog.saocamilo-sp.br\/#organization"},"image":{"@id":"https:\/\/blog.saocamilo-sp.br\/index.php\/2024\/02\/10\/madri-bolsas-de-estudo-sao-camilo\/#primaryimage"},"thumbnailUrl":"https:\/\/blog.saocamilo-sp.br\/wp-content\/uploads\/2024\/02\/Centro-de-Humanizacao_.png","keywords":["Bolsas de Estudos","Espanha","interc\u00e2mbio","internacional","Madri"],"articleSection":["Institucional","Internacional"],"inLanguage":"pt-BR","potentialAction":[{"@type":"CommentAction","name":"Comment","target":["https:\/\/blog.saocamilo-sp.br\/index.php\/2024\/02\/10\/madri-bolsas-de-estudo-sao-camilo\/#respond"]}]},{"@type":"WebPage","@id":"https:\/\/blog.saocamilo-sp.br\/index.php\/2024\/02\/10\/madri-bolsas-de-estudo-sao-camilo\/","url":"https:\/\/blog.saocamilo-sp.br\/index.php\/2024\/02\/10\/madri-bolsas-de-estudo-sao-camilo\/","name":"Internacional: S\u00e3o Camilo oferece bolsas de estudo e hospedagem em Madri","isPartOf":{"@id":"https:\/\/blog.saocamilo-sp.br\/#website"},"primaryImageOfPage":{"@id":"https:\/\/blog.saocamilo-sp.br\/index.php\/2024\/02\/10\/madri-bolsas-de-estudo-sao-camilo\/#primaryimage"},"image":{"@id":"https:\/\/blog.saocamilo-sp.br\/index.php\/2024\/02\/10\/madri-bolsas-de-estudo-sao-camilo\/#primaryimage"},"thumbnailUrl":"https:\/\/blog.saocamilo-sp.br\/wp-content\/uploads\/2024\/02\/Centro-de-Humanizacao_.png","datePublished":"2024-02-10T18:52:59+00:00","dateModified":"2024-02-10T19:57:51+00:00","description":"O Centro Universit\u00e1rio S\u00e3o Camilo est\u00e1 oferecendo bolsas de estudo com hospedagem no Centro de Humanizaci\u00f3n, em Madri.","breadcrumb":{"@id":"https:\/\/blog.saocamilo-sp.br\/index.php\/2024\/02\/10\/madri-bolsas-de-estudo-sao-camilo\/#breadcrumb"},"inLanguage":"pt-BR","potentialAction":[{"@type":"ReadAction","target":["https:\/\/blog.saocamilo-sp.br\/index.php\/2024\/02\/10\/madri-bolsas-de-estudo-sao-camilo\/"]}]},{"@type":"ImageObject","inLanguage":"pt-BR","@id":"https:\/\/blog.saocamilo-sp.br\/index.php\/2024\/02\/10\/madri-bolsas-de-estudo-sao-camilo\/#primaryimage","url":"https:\/\/blog.saocamilo-sp.br\/wp-content\/uploads\/2024\/02\/Centro-de-Humanizacao_.png","contentUrl":"https:\/\/blog.saocamilo-sp.br\/wp-content\/uploads\/2024\/02\/Centro-de-Humanizacao_.png","width":1000,"height":676,"caption":"Centro de Humaniza\u00e7\u00e3o"},{"@type":"BreadcrumbList","@id":"https:\/\/blog.saocamilo-sp.br\/index.php\/2024\/02\/10\/madri-bolsas-de-estudo-sao-camilo\/#breadcrumb","itemListElement":[{"@type":"ListItem","position":1,"name":"In\u00edcio","item":"https:\/\/blog.saocamilo-sp.br\/"},{"@type":"ListItem","position":2,"name":"Internacional: S\u00e3o Camilo oferece bolsas de estudo e hospedagem em Madri"}]},{"@type":"WebSite","@id":"https:\/\/blog.saocamilo-sp.br\/#website","url":"https:\/\/blog.saocamilo-sp.br\/","name":"Blog S\u00e3o Camilo","description":"Blog do Centro Universit\u00e1rio S\u00e3o Camilo","publisher":{"@id":"https:\/\/blog.saocamilo-sp.br\/#organization"},"potentialAction":[{"@type":"SearchAction","target":{"@type":"EntryPoint","urlTemplate":"https:\/\/blog.saocamilo-sp.br\/?s={search_term_string}"},"query-input":{"@type":"PropertyValueSpecification","valueRequired":true,"valueName":"search_term_string"}}],"inLanguage":"pt-BR"},{"@type":"Organization","@id":"https:\/\/blog.saocamilo-sp.br\/#organization","name":"Blog S\u00e3o Camilo","url":"https:\/\/blog.saocamilo-sp.br\/","logo":{"@type":"ImageObject","inLanguage":"pt-BR","@id":"https:\/\/blog.saocamilo-sp.br\/#\/schema\/logo\/image\/","url":"https:\/\/blog.saocamilo-sp.br\/wp-content\/uploads\/2021\/12\/cropped-vazio-logo-topo.png","contentUrl":"https:\/\/blog.saocamilo-sp.br\/wp-content\/uploads\/2021\/12\/cropped-vazio-logo-topo.png","width":320,"height":240,"caption":"Blog S\u00e3o Camilo"},"image":{"@id":"https:\/\/blog.saocamilo-sp.br\/#\/schema\/logo\/image\/"},"sameAs":["https:\/\/www.facebook.com\/saocamilosp","https:\/\/x.com\/saocamilosp","https:\/\/www.linkedin.com\/school\/centro-universit-rio-s-o-camilo\/"]},{"@type":"Person","@id":"https:\/\/blog.saocamilo-sp.br\/#\/schema\/person\/1a99645faaab0bb55105f817e866e19b","name":"Leandro Lafr\u00e1gola","image":{"@type":"ImageObject","inLanguage":"pt-BR","@id":"https:\/\/secure.gravatar.com\/avatar\/ec4232fb8d50d80f1c672353dc4c2876490e6a0a2a33d6572c0ba1fb78f115cf?s=96&d=mm&r=g","url":"https:\/\/secure.gravatar.com\/avatar\/ec4232fb8d50d80f1c672353dc4c2876490e6a0a2a33d6572c0ba1fb78f115cf?s=96&d=mm&r=g","contentUrl":"https:\/\/secure.gravatar.com\/avatar\/ec4232fb8d50d80f1c672353dc4c2876490e6a0a2a33d6572c0ba1fb78f115cf?s=96&d=mm&r=g","caption":"Leandro Lafr\u00e1gola"},"url":"https:\/\/blog.saocamilo-sp.br\/index.php\/author\/llafragola\/"}]}},"_links":{"self":[{"href":"https:\/\/blog.saocamilo-sp.br\/index.php\/wp-json\/wp\/v2\/posts\/2247","targetHints":{"allow":["GET"]}}],"collection":[{"href":"https:\/\/blog.saocamilo-sp.br\/index.php\/wp-json\/wp\/v2\/posts"}],"about":[{"href":"https:\/\/blog.saocamilo-sp.br\/index.php\/wp-json\/wp\/v2\/types\/post"}],"author":[{"embeddable":true,"href":"https:\/\/blog.saocamilo-sp.br\/index.php\/wp-json\/wp\/v2\/users\/13"}],"replies":[{"embeddable":true,"href":"https:\/\/blog.saocamilo-sp.br\/index.php\/wp-json\/wp\/v2\/comments?post=2247"}],"version-history":[{"count":5,"href":"https:\/\/blog.saocamilo-sp.br\/index.php\/wp-json\/wp\/v2\/posts\/2247\/revisions"}],"predecessor-version":[{"id":2257,"href":"https:\/\/blog.saocamilo-sp.br\/index.php\/wp-json\/wp\/v2\/posts\/2247\/revisions\/2257"}],"wp:featuredmedia":[{"embeddable":true,"href":"https:\/\/blog.saocamilo-sp.br\/index.php\/wp-json\/wp\/v2\/media\/2252"}],"wp:attachment":[{"href":"https:\/\/blog.saocamilo-sp.br\/index.php\/wp-json\/wp\/v2\/media?parent=2247"}],"wp:term":[{"taxonomy":"category","embeddable":true,"href":"https:\/\/blog.saocamilo-sp.br\/index.php\/wp-json\/wp\/v2\/categories?post=2247"},{"taxonomy":"post_tag","embeddable":true,"href":"https:\/\/blog.saocamilo-sp.br\/index.php\/wp-json\/wp\/v2\/tags?post=2247"}],"curies":[{"name":"wp","href":"https:\/\/api.w.org\/{rel}","templated":true}]}}