{"id":2267,"date":"2024-02-11T18:41:43","date_gmt":"2024-02-11T21:41:43","guid":{"rendered":"https:\/\/blog.saocamilo-sp.br\/?p=2267"},"modified":"2024-02-13T15:10:25","modified_gmt":"2024-02-13T18:10:25","slug":"contaminacao-carnaval-bebidas","status":"publish","type":"post","link":"https:\/\/blog.saocamilo-sp.br\/index.php\/2024\/02\/11\/contaminacao-carnaval-bebidas\/","title":{"rendered":"Carnaval: como evitar a contamina\u00e7\u00e3o em latinhas e garrafas"},"content":{"rendered":"\n<p>O Carnaval est\u00e1 a todo vapor, e os bloquinhos j\u00e1 tomam conta das ruas do pa\u00eds, oferecendo uma variedade de atra\u00e7\u00f5es para os foli\u00f5es. Assim, entre as op\u00e7\u00f5es de compra de bebidas, os vendedores ambulantes surgem como alternativa pr\u00e1tica. No entanto, \u00e9 crucial atentar-se \u00e0 higieniza\u00e7\u00e3o do isopor e seguir alguns cuidados para garantir uma festa livre de contamina\u00e7\u00e3o e complica\u00e7\u00f5es gastrointestinais.<\/p>\n\n\n\n<p><\/p>\n\n\n\n<h2 class=\"wp-block-heading\">Riscos ocultos de contamina\u00e7\u00e3o nas embalagens <\/h2>\n\n\n\n<p>No meio da folia, a busca por bebidas muitas vezes recai sobre os vendedores ambulantes. Contudo, \u00e9 necess\u00e1rio ter em mente que a contamina\u00e7\u00e3o por pat\u00f3genos, como Salmonella, Escherichia coli e Staphylococcus, pode representar uma amea\u00e7a \u00e0 sa\u00fade. A professora Jeane Facioli, do curso de <a href=\"https:\/\/saocamilo-sp.br\/graduacao\/presencial\/biomedicina\" target=\"_blank\" rel=\"noreferrer noopener\">Biomedicina<\/a> do <a href=\"https:\/\/saocamilo-sp.br\/\" target=\"_blank\" rel=\"noreferrer noopener\">Centro Universit\u00e1rio S\u00e3o Camilo<\/a>, destaca a import\u00e2ncia de alguns cuidados para evitar problemas de sa\u00fade durante o Carnaval.<\/p>\n\n\n<div class=\"wp-block-image\">\n<figure class=\"aligncenter size-full\"><img loading=\"lazy\" decoding=\"async\" width=\"350\" height=\"246\" src=\"https:\/\/blog.saocamilo-sp.br\/wp-content\/uploads\/2024\/02\/Contaminacao-agentes-patogenicos-1.jpg\" alt=\"Contamina\u00e7\u00e3o - agentes patog\u00eanicos\" class=\"wp-image-2272\"\/><figcaption class=\"wp-element-caption\">Agentes patog\u00eanicos<\/figcaption><\/figure>\n<\/div>\n\n\n<figure class=\"wp-block-pullquote\"><blockquote><p>\u201cNem sempre a presen\u00e7a do microrganismo ir\u00e1 causar doen\u00e7a. Isso acontece por conta da resposta imunol\u00f3gica da pessoa e por conta da carga bacteriana do produto\u201d<\/p><cite>profa. jeane facioli, <br>docente do curso de biomedicina do centro universit\u00e1rio s\u00e3o camilo<\/cite><\/blockquote><\/figure>\n\n\n\n<h2 class=\"wp-block-heading\">Higieniza\u00e7\u00e3o adequada evita a contamina\u00e7\u00e3o <\/h2>\n\n\n\n<p>A higieniza\u00e7\u00e3o do isopor utilizado pelos vendedores ambulantes \u00e9 um aspecto crucial para evitar a propaga\u00e7\u00e3o de micro-organismos. Jeane Facioli alerta para a necessidade de verificar n\u00e3o apenas a produ\u00e7\u00e3o do gelo, mas tamb\u00e9m a qualidade da \u00e1gua utilizada e a condi\u00e7\u00e3o de higiene do isopor. \u00c9 fundamental garantir que tanto o gelo quanto o recipiente de armazenamento estejam em conformidade com as normas sanit\u00e1rias vigentes.<\/p>\n\n\n\n<figure class=\"wp-block-pullquote\"><blockquote><p>\u201cVamos pensar que mesmo que a produ\u00e7\u00e3o desse gelo tenha ocorrido de forma adequada, mas quando ele chegou no ponto de venda o isopor estava sujo ou rachado. \u00c9 a\u00ed que aparece a fonte de contamina\u00e7\u00e3o.<\/p><cite>profa. jeane facioli, <br>docente do curso de biomedicina do centro universit\u00e1rio s\u00e3o camilo<\/cite><\/blockquote><\/figure>\n\n\n\n<h2 class=\"wp-block-heading\">Cuidados no manuseio <\/h2>\n\n\n\n<p>A manipula\u00e7\u00e3o inadequada das bebidas por m\u00e3os n\u00e3o higienizadas \u00e9 um fator cr\u00edtico que compromete a qualidade do produto. Jeane Facioli destaca que a combina\u00e7\u00e3o de isopor sujo, gelo feito de \u00e1gua clandestina e manipula\u00e7\u00e3o inadequada aumenta significativamente o risco de contamina\u00e7\u00e3o. Al\u00e9m disso, a professora enfatiza a import\u00e2ncia da higiene pessoal, tanto para vendedores quanto para consumidores.<\/p>\n\n\n\n<h2 class=\"wp-block-heading\">Evitando riscos ao consumir na embalagem<\/h2>\n\n\n\n<p>A pr\u00e1tica de consumir diretamente na embalagem pode ser uma via de prolifera\u00e7\u00e3o de microorganismos, aumentando os riscos de contamina\u00e7\u00e3o. A professora Jeane Facioli recomenda observar a higieniza\u00e7\u00e3o do vendedor ao segurar a bebida e evitar o contato direto da embalagem com a boca. Dispor de guardanapos e copos pelos vendedores ambulantes \u00e9 uma pr\u00e1tica essencial para reduzir os riscos associados a essa forma de consumo.<\/p>\n\n\n\n<p><\/p>\n\n\n\n<h2 class=\"wp-block-heading\">Alternativas inteligentes para evitar a contamina\u00e7\u00e3o <\/h2>\n\n\n\n<p>Para aqueles que desejam manter a sa\u00fade em meio \u00e0 anima\u00e7\u00e3o do Carnaval, Jeane Facioli sugere ter um pack de len\u00e7o desinfetante \u00e0 m\u00e3o. Mas, se isso n\u00e3o for poss\u00edvel, evitar colocar a garrafa diretamente na boca e optar por canudos de papel s\u00e3o precau\u00e7\u00f5es simples que podem contribuir para um Carnaval mais seguro e saud\u00e1vel.<\/p>\n\n\n\n<p>Dessa forma, ao seguir essas dicas, os foli\u00f5es podem aproveitar ao m\u00e1ximo a festa, garantindo que a divers\u00e3o seja a \u00fanica lembran\u00e7a do Carnaval.<\/p>\n\n\n<div class=\"wp-block-image\">\n<figure class=\"aligncenter size-full is-resized\"><img decoding=\"async\" src=\"https:\/\/blog.saocamilo-sp.br\/wp-content\/uploads\/2024\/02\/Profa.-Jeane-fala-sobre-contaminacao.jpg\" alt=\"Profa. Jeane fala sobre contamina\u00e7\u00e3o\" class=\"wp-image-2273\" width=\"-56\" height=\"-53\"\/><\/figure>\n<\/div>\n\n\n<p>Profa. Jeane Facioli possui gradua\u00e7\u00e3o em Biomedicina pela Universidade de Mogi das Cruzes (1990) e mestrado em Ci\u00eancias pelo Instituto Adolfo Lutz (2009). Atualmente \u00e9 docente nos cursos de gradua\u00e7\u00e3o em Biomedicina, Farm\u00e1cia e Medicina do Centro Universit\u00e1rio S\u00e3o Camilo e em outras IES. Tem experi\u00eancia na \u00e1rea de Microbiologia, com \u00eanfase em Microbiologia Cl\u00ednica e Infec\u00e7\u00e3o Hospitalar, atuando principalmente no diagn\u00f3stico laboratorial das doen\u00e7as infecciosas e gest\u00e3o de qualidade.<\/p>\n\n\n\n<h2 class=\"wp-block-heading\">Veja tamb\u00e9m<\/h2>\n\n\n\n<ul class=\"wp-block-list\">\n<li><a href=\"https:\/\/blog.saocamilo-sp.br\/index.php\/2023\/05\/09\/docentes-e-estudantes-de-biomedicina-publicam-em-periodico-cientifico\/\">Docentes e estudantes de Biomedicina publicam trabalho em peri\u00f3dico cient\u00edfico<\/a><\/li>\n\n\n\n<li><a href=\"https:\/\/blog.saocamilo-sp.br\/index.php\/2023\/11\/01\/um-dos-cientistas-mais-influentes-do-planeta-conheca-o-dr-barbieri\/\">Um dos cientistas mais influentes do planeta! Conhe\u00e7a o Dr. Barbieri<\/a><\/li>\n\n\n\n<li><a href=\"https:\/\/blog.saocamilo-sp.br\/index.php\/2023\/10\/10\/12-passos-para-a-higiene-das-maos-e-os-beneficios-para-a-saude-publica\/\">Higiene das m\u00e3os: os 12 passos e os benef\u00edcios para a sa\u00fade p\u00fablica<\/a><\/li>\n<\/ul>\n\n\n\n<p><\/p>\n\n\n\n<p>Saiba mais sobre nossos cursos:<\/p>\n\n\n\n<iframe loading=\"lazy\" src=\"https:\/\/saocamilo.apprbs.com.br\/tenho-interesse-blog\" height=\"530px\" width=\"100%\" frameborder=\"0\"><\/iframe>\n\n\n\n<p>Compartilhe em:<\/p>\n","protected":false},"excerpt":{"rendered":"<p>Com bloquinhos nas ruas e a venda de bebidas por ambulantes \u00e9 importante focar na higieniza\u00e7\u00e3o para evitar contamina\u00e7\u00e3o gastrointestinal.<\/p>\n","protected":false},"author":13,"featured_media":2275,"comment_status":"open","ping_status":"open","sticky":false,"template":"","format":"standard","meta":{"cybocfi_hide_featured_image":"yes","footnotes":""},"categories":[27,79],"tags":[148],"class_list":["post-2267","post","type-post","status-publish","format-standard","has-post-thumbnail","hentry","category-biomedicina","category-saude","tag-carnaval"],"yoast_head":"<!-- This site is optimized with the Yoast SEO plugin v27.5 - https:\/\/yoast.com\/product\/yoast-seo-wordpress\/ -->\n<title>Carnaval: como evitar a contamina\u00e7\u00e3o em latinhas e garrafas<\/title>\n<meta name=\"description\" content=\"Com bloquinhos nas ruas e a venda de bebidas por ambulantes \u00e9 importante focar na higieniza\u00e7\u00e3o para evitar contamina\u00e7\u00e3o gastrointestinal.\" \/>\n<meta name=\"robots\" content=\"index, follow, max-snippet:-1, max-image-preview:large, max-video-preview:-1\" \/>\n<link rel=\"canonical\" href=\"https:\/\/blog.saocamilo-sp.br\/index.php\/2024\/02\/11\/contaminacao-carnaval-bebidas\/\" \/>\n<meta property=\"og:locale\" content=\"pt_BR\" \/>\n<meta property=\"og:type\" content=\"article\" \/>\n<meta property=\"og:title\" content=\"Carnaval: como evitar a contamina\u00e7\u00e3o em latinhas e garrafas\" \/>\n<meta property=\"og:description\" content=\"Com bloquinhos nas ruas e a venda de bebidas por ambulantes \u00e9 importante focar na higieniza\u00e7\u00e3o para evitar contamina\u00e7\u00e3o gastrointestinal.\" \/>\n<meta property=\"og:url\" content=\"https:\/\/blog.saocamilo-sp.br\/index.php\/2024\/02\/11\/contaminacao-carnaval-bebidas\/\" \/>\n<meta property=\"og:site_name\" content=\"Blog S\u00e3o Camilo\" \/>\n<meta property=\"article:publisher\" content=\"https:\/\/www.facebook.com\/saocamilosp\" \/>\n<meta property=\"article:published_time\" content=\"2024-02-11T21:41:43+00:00\" \/>\n<meta property=\"article:modified_time\" content=\"2024-02-13T18:10:25+00:00\" \/>\n<meta property=\"og:image\" content=\"https:\/\/blog.saocamilo-sp.br\/wp-content\/uploads\/2024\/02\/Bebidas-contaminacao.png\" \/>\n\t<meta property=\"og:image:width\" content=\"1000\" \/>\n\t<meta property=\"og:image:height\" content=\"676\" \/>\n\t<meta property=\"og:image:type\" content=\"image\/png\" \/>\n<meta name=\"author\" content=\"Leandro Lafr\u00e1gola\" \/>\n<meta name=\"twitter:card\" content=\"summary_large_image\" \/>\n<meta name=\"twitter:creator\" content=\"@saocamilosp\" \/>\n<meta name=\"twitter:site\" content=\"@saocamilosp\" \/>\n<meta name=\"twitter:label1\" content=\"Escrito por\" \/>\n\t<meta name=\"twitter:data1\" content=\"Leandro Lafr\u00e1gola\" \/>\n\t<meta name=\"twitter:label2\" content=\"Est. tempo de leitura\" \/>\n\t<meta name=\"twitter:data2\" content=\"4 minutos\" \/>\n<script type=\"application\/ld+json\" class=\"yoast-schema-graph\">{\"@context\":\"https:\\\/\\\/schema.org\",\"@graph\":[{\"@type\":\"Article\",\"@id\":\"https:\\\/\\\/blog.saocamilo-sp.br\\\/index.php\\\/2024\\\/02\\\/11\\\/contaminacao-carnaval-bebidas\\\/#article\",\"isPartOf\":{\"@id\":\"https:\\\/\\\/blog.saocamilo-sp.br\\\/index.php\\\/2024\\\/02\\\/11\\\/contaminacao-carnaval-bebidas\\\/\"},\"author\":{\"name\":\"Leandro Lafr\u00e1gola\",\"@id\":\"https:\\\/\\\/blog.saocamilo-sp.br\\\/#\\\/schema\\\/person\\\/1a99645faaab0bb55105f817e866e19b\"},\"headline\":\"Carnaval: como evitar a contamina\u00e7\u00e3o em latinhas e garrafas\",\"datePublished\":\"2024-02-11T21:41:43+00:00\",\"dateModified\":\"2024-02-13T18:10:25+00:00\",\"mainEntityOfPage\":{\"@id\":\"https:\\\/\\\/blog.saocamilo-sp.br\\\/index.php\\\/2024\\\/02\\\/11\\\/contaminacao-carnaval-bebidas\\\/\"},\"wordCount\":706,\"commentCount\":0,\"publisher\":{\"@id\":\"https:\\\/\\\/blog.saocamilo-sp.br\\\/#organization\"},\"image\":{\"@id\":\"https:\\\/\\\/blog.saocamilo-sp.br\\\/index.php\\\/2024\\\/02\\\/11\\\/contaminacao-carnaval-bebidas\\\/#primaryimage\"},\"thumbnailUrl\":\"https:\\\/\\\/blog.saocamilo-sp.br\\\/wp-content\\\/uploads\\\/2024\\\/02\\\/Bebidas-contaminacao.png\",\"keywords\":[\"Carnaval\"],\"articleSection\":[\"Biomedicina\",\"Sa\u00fade\"],\"inLanguage\":\"pt-BR\",\"potentialAction\":[{\"@type\":\"CommentAction\",\"name\":\"Comment\",\"target\":[\"https:\\\/\\\/blog.saocamilo-sp.br\\\/index.php\\\/2024\\\/02\\\/11\\\/contaminacao-carnaval-bebidas\\\/#respond\"]}]},{\"@type\":\"WebPage\",\"@id\":\"https:\\\/\\\/blog.saocamilo-sp.br\\\/index.php\\\/2024\\\/02\\\/11\\\/contaminacao-carnaval-bebidas\\\/\",\"url\":\"https:\\\/\\\/blog.saocamilo-sp.br\\\/index.php\\\/2024\\\/02\\\/11\\\/contaminacao-carnaval-bebidas\\\/\",\"name\":\"Carnaval: como evitar a contamina\u00e7\u00e3o em latinhas e garrafas\",\"isPartOf\":{\"@id\":\"https:\\\/\\\/blog.saocamilo-sp.br\\\/#website\"},\"primaryImageOfPage\":{\"@id\":\"https:\\\/\\\/blog.saocamilo-sp.br\\\/index.php\\\/2024\\\/02\\\/11\\\/contaminacao-carnaval-bebidas\\\/#primaryimage\"},\"image\":{\"@id\":\"https:\\\/\\\/blog.saocamilo-sp.br\\\/index.php\\\/2024\\\/02\\\/11\\\/contaminacao-carnaval-bebidas\\\/#primaryimage\"},\"thumbnailUrl\":\"https:\\\/\\\/blog.saocamilo-sp.br\\\/wp-content\\\/uploads\\\/2024\\\/02\\\/Bebidas-contaminacao.png\",\"datePublished\":\"2024-02-11T21:41:43+00:00\",\"dateModified\":\"2024-02-13T18:10:25+00:00\",\"description\":\"Com bloquinhos nas ruas e a venda de bebidas por ambulantes \u00e9 importante focar na higieniza\u00e7\u00e3o para evitar contamina\u00e7\u00e3o gastrointestinal.\",\"breadcrumb\":{\"@id\":\"https:\\\/\\\/blog.saocamilo-sp.br\\\/index.php\\\/2024\\\/02\\\/11\\\/contaminacao-carnaval-bebidas\\\/#breadcrumb\"},\"inLanguage\":\"pt-BR\",\"potentialAction\":[{\"@type\":\"ReadAction\",\"target\":[\"https:\\\/\\\/blog.saocamilo-sp.br\\\/index.php\\\/2024\\\/02\\\/11\\\/contaminacao-carnaval-bebidas\\\/\"]}]},{\"@type\":\"BreadcrumbList\",\"@id\":\"https:\\\/\\\/blog.saocamilo-sp.br\\\/index.php\\\/2024\\\/02\\\/11\\\/contaminacao-carnaval-bebidas\\\/#breadcrumb\",\"itemListElement\":[{\"@type\":\"ListItem\",\"position\":1,\"name\":\"In\u00edcio\",\"item\":\"https:\\\/\\\/blog.saocamilo-sp.br\\\/\"},{\"@type\":\"ListItem\",\"position\":2,\"name\":\"Carnaval: como evitar a contamina\u00e7\u00e3o em latinhas e garrafas\"}]},{\"@type\":\"WebSite\",\"@id\":\"https:\\\/\\\/blog.saocamilo-sp.br\\\/#website\",\"url\":\"https:\\\/\\\/blog.saocamilo-sp.br\\\/\",\"name\":\"Blog S\u00e3o Camilo\",\"description\":\"Blog do Centro Universit\u00e1rio S\u00e3o Camilo\",\"publisher\":{\"@id\":\"https:\\\/\\\/blog.saocamilo-sp.br\\\/#organization\"},\"potentialAction\":[{\"@type\":\"SearchAction\",\"target\":{\"@type\":\"EntryPoint\",\"urlTemplate\":\"https:\\\/\\\/blog.saocamilo-sp.br\\\/?s={search_term_string}\"},\"query-input\":{\"@type\":\"PropertyValueSpecification\",\"valueRequired\":true,\"valueName\":\"search_term_string\"}}],\"inLanguage\":\"pt-BR\"},{\"@type\":\"Organization\",\"@id\":\"https:\\\/\\\/blog.saocamilo-sp.br\\\/#organization\",\"name\":\"Blog S\u00e3o Camilo\",\"url\":\"https:\\\/\\\/blog.saocamilo-sp.br\\\/\",\"logo\":{\"@type\":\"ImageObject\",\"inLanguage\":\"pt-BR\",\"@id\":\"https:\\\/\\\/blog.saocamilo-sp.br\\\/#\\\/schema\\\/logo\\\/image\\\/\",\"url\":\"https:\\\/\\\/blog.saocamilo-sp.br\\\/wp-content\\\/uploads\\\/2021\\\/12\\\/cropped-vazio-logo-topo.png\",\"contentUrl\":\"https:\\\/\\\/blog.saocamilo-sp.br\\\/wp-content\\\/uploads\\\/2021\\\/12\\\/cropped-vazio-logo-topo.png\",\"width\":320,\"height\":240,\"caption\":\"Blog S\u00e3o Camilo\"},\"image\":{\"@id\":\"https:\\\/\\\/blog.saocamilo-sp.br\\\/#\\\/schema\\\/logo\\\/image\\\/\"},\"sameAs\":[\"https:\\\/\\\/www.facebook.com\\\/saocamilosp\",\"https:\\\/\\\/x.com\\\/saocamilosp\",\"https:\\\/\\\/www.linkedin.com\\\/school\\\/centro-universit-rio-s-o-camilo\\\/\"]},{\"@type\":\"Person\",\"@id\":\"https:\\\/\\\/blog.saocamilo-sp.br\\\/#\\\/schema\\\/person\\\/1a99645faaab0bb55105f817e866e19b\",\"name\":\"Leandro Lafr\u00e1gola\",\"image\":{\"@type\":\"ImageObject\",\"inLanguage\":\"pt-BR\",\"@id\":\"https:\\\/\\\/secure.gravatar.com\\\/avatar\\\/ec4232fb8d50d80f1c672353dc4c2876490e6a0a2a33d6572c0ba1fb78f115cf?s=96&d=mm&r=g\",\"url\":\"https:\\\/\\\/secure.gravatar.com\\\/avatar\\\/ec4232fb8d50d80f1c672353dc4c2876490e6a0a2a33d6572c0ba1fb78f115cf?s=96&d=mm&r=g\",\"contentUrl\":\"https:\\\/\\\/secure.gravatar.com\\\/avatar\\\/ec4232fb8d50d80f1c672353dc4c2876490e6a0a2a33d6572c0ba1fb78f115cf?s=96&d=mm&r=g\",\"caption\":\"Leandro Lafr\u00e1gola\"},\"url\":\"https:\\\/\\\/blog.saocamilo-sp.br\\\/index.php\\\/author\\\/llafragola\\\/\"}]}<\/script>\n<!-- \/ Yoast SEO plugin. -->","yoast_head_json":{"title":"Carnaval: como evitar a contamina\u00e7\u00e3o em latinhas e garrafas","description":"Com bloquinhos nas ruas e a venda de bebidas por ambulantes \u00e9 importante focar na higieniza\u00e7\u00e3o para evitar contamina\u00e7\u00e3o gastrointestinal.","robots":{"index":"index","follow":"follow","max-snippet":"max-snippet:-1","max-image-preview":"max-image-preview:large","max-video-preview":"max-video-preview:-1"},"canonical":"https:\/\/blog.saocamilo-sp.br\/index.php\/2024\/02\/11\/contaminacao-carnaval-bebidas\/","og_locale":"pt_BR","og_type":"article","og_title":"Carnaval: como evitar a contamina\u00e7\u00e3o em latinhas e garrafas","og_description":"Com bloquinhos nas ruas e a venda de bebidas por ambulantes \u00e9 importante focar na higieniza\u00e7\u00e3o para evitar contamina\u00e7\u00e3o gastrointestinal.","og_url":"https:\/\/blog.saocamilo-sp.br\/index.php\/2024\/02\/11\/contaminacao-carnaval-bebidas\/","og_site_name":"Blog S\u00e3o Camilo","article_publisher":"https:\/\/www.facebook.com\/saocamilosp","article_published_time":"2024-02-11T21:41:43+00:00","article_modified_time":"2024-02-13T18:10:25+00:00","og_image":[{"width":1000,"height":676,"url":"https:\/\/blog.saocamilo-sp.br\/wp-content\/uploads\/2024\/02\/Bebidas-contaminacao.png","type":"image\/png"}],"author":"Leandro Lafr\u00e1gola","twitter_card":"summary_large_image","twitter_creator":"@saocamilosp","twitter_site":"@saocamilosp","twitter_misc":{"Escrito por":"Leandro Lafr\u00e1gola","Est. tempo de leitura":"4 minutos"},"schema":{"@context":"https:\/\/schema.org","@graph":[{"@type":"Article","@id":"https:\/\/blog.saocamilo-sp.br\/index.php\/2024\/02\/11\/contaminacao-carnaval-bebidas\/#article","isPartOf":{"@id":"https:\/\/blog.saocamilo-sp.br\/index.php\/2024\/02\/11\/contaminacao-carnaval-bebidas\/"},"author":{"name":"Leandro Lafr\u00e1gola","@id":"https:\/\/blog.saocamilo-sp.br\/#\/schema\/person\/1a99645faaab0bb55105f817e866e19b"},"headline":"Carnaval: como evitar a contamina\u00e7\u00e3o em latinhas e garrafas","datePublished":"2024-02-11T21:41:43+00:00","dateModified":"2024-02-13T18:10:25+00:00","mainEntityOfPage":{"@id":"https:\/\/blog.saocamilo-sp.br\/index.php\/2024\/02\/11\/contaminacao-carnaval-bebidas\/"},"wordCount":706,"commentCount":0,"publisher":{"@id":"https:\/\/blog.saocamilo-sp.br\/#organization"},"image":{"@id":"https:\/\/blog.saocamilo-sp.br\/index.php\/2024\/02\/11\/contaminacao-carnaval-bebidas\/#primaryimage"},"thumbnailUrl":"https:\/\/blog.saocamilo-sp.br\/wp-content\/uploads\/2024\/02\/Bebidas-contaminacao.png","keywords":["Carnaval"],"articleSection":["Biomedicina","Sa\u00fade"],"inLanguage":"pt-BR","potentialAction":[{"@type":"CommentAction","name":"Comment","target":["https:\/\/blog.saocamilo-sp.br\/index.php\/2024\/02\/11\/contaminacao-carnaval-bebidas\/#respond"]}]},{"@type":"WebPage","@id":"https:\/\/blog.saocamilo-sp.br\/index.php\/2024\/02\/11\/contaminacao-carnaval-bebidas\/","url":"https:\/\/blog.saocamilo-sp.br\/index.php\/2024\/02\/11\/contaminacao-carnaval-bebidas\/","name":"Carnaval: como evitar a contamina\u00e7\u00e3o em latinhas e garrafas","isPartOf":{"@id":"https:\/\/blog.saocamilo-sp.br\/#website"},"primaryImageOfPage":{"@id":"https:\/\/blog.saocamilo-sp.br\/index.php\/2024\/02\/11\/contaminacao-carnaval-bebidas\/#primaryimage"},"image":{"@id":"https:\/\/blog.saocamilo-sp.br\/index.php\/2024\/02\/11\/contaminacao-carnaval-bebidas\/#primaryimage"},"thumbnailUrl":"https:\/\/blog.saocamilo-sp.br\/wp-content\/uploads\/2024\/02\/Bebidas-contaminacao.png","datePublished":"2024-02-11T21:41:43+00:00","dateModified":"2024-02-13T18:10:25+00:00","description":"Com bloquinhos nas ruas e a venda de bebidas por ambulantes \u00e9 importante focar na higieniza\u00e7\u00e3o para evitar contamina\u00e7\u00e3o gastrointestinal.","breadcrumb":{"@id":"https:\/\/blog.saocamilo-sp.br\/index.php\/2024\/02\/11\/contaminacao-carnaval-bebidas\/#breadcrumb"},"inLanguage":"pt-BR","potentialAction":[{"@type":"ReadAction","target":["https:\/\/blog.saocamilo-sp.br\/index.php\/2024\/02\/11\/contaminacao-carnaval-bebidas\/"]}]},{"@type":"BreadcrumbList","@id":"https:\/\/blog.saocamilo-sp.br\/index.php\/2024\/02\/11\/contaminacao-carnaval-bebidas\/#breadcrumb","itemListElement":[{"@type":"ListItem","position":1,"name":"In\u00edcio","item":"https:\/\/blog.saocamilo-sp.br\/"},{"@type":"ListItem","position":2,"name":"Carnaval: como evitar a contamina\u00e7\u00e3o em latinhas e garrafas"}]},{"@type":"WebSite","@id":"https:\/\/blog.saocamilo-sp.br\/#website","url":"https:\/\/blog.saocamilo-sp.br\/","name":"Blog S\u00e3o Camilo","description":"Blog do Centro Universit\u00e1rio S\u00e3o Camilo","publisher":{"@id":"https:\/\/blog.saocamilo-sp.br\/#organization"},"potentialAction":[{"@type":"SearchAction","target":{"@type":"EntryPoint","urlTemplate":"https:\/\/blog.saocamilo-sp.br\/?s={search_term_string}"},"query-input":{"@type":"PropertyValueSpecification","valueRequired":true,"valueName":"search_term_string"}}],"inLanguage":"pt-BR"},{"@type":"Organization","@id":"https:\/\/blog.saocamilo-sp.br\/#organization","name":"Blog S\u00e3o Camilo","url":"https:\/\/blog.saocamilo-sp.br\/","logo":{"@type":"ImageObject","inLanguage":"pt-BR","@id":"https:\/\/blog.saocamilo-sp.br\/#\/schema\/logo\/image\/","url":"https:\/\/blog.saocamilo-sp.br\/wp-content\/uploads\/2021\/12\/cropped-vazio-logo-topo.png","contentUrl":"https:\/\/blog.saocamilo-sp.br\/wp-content\/uploads\/2021\/12\/cropped-vazio-logo-topo.png","width":320,"height":240,"caption":"Blog S\u00e3o Camilo"},"image":{"@id":"https:\/\/blog.saocamilo-sp.br\/#\/schema\/logo\/image\/"},"sameAs":["https:\/\/www.facebook.com\/saocamilosp","https:\/\/x.com\/saocamilosp","https:\/\/www.linkedin.com\/school\/centro-universit-rio-s-o-camilo\/"]},{"@type":"Person","@id":"https:\/\/blog.saocamilo-sp.br\/#\/schema\/person\/1a99645faaab0bb55105f817e866e19b","name":"Leandro Lafr\u00e1gola","image":{"@type":"ImageObject","inLanguage":"pt-BR","@id":"https:\/\/secure.gravatar.com\/avatar\/ec4232fb8d50d80f1c672353dc4c2876490e6a0a2a33d6572c0ba1fb78f115cf?s=96&d=mm&r=g","url":"https:\/\/secure.gravatar.com\/avatar\/ec4232fb8d50d80f1c672353dc4c2876490e6a0a2a33d6572c0ba1fb78f115cf?s=96&d=mm&r=g","contentUrl":"https:\/\/secure.gravatar.com\/avatar\/ec4232fb8d50d80f1c672353dc4c2876490e6a0a2a33d6572c0ba1fb78f115cf?s=96&d=mm&r=g","caption":"Leandro Lafr\u00e1gola"},"url":"https:\/\/blog.saocamilo-sp.br\/index.php\/author\/llafragola\/"}]}},"_links":{"self":[{"href":"https:\/\/blog.saocamilo-sp.br\/index.php\/wp-json\/wp\/v2\/posts\/2267","targetHints":{"allow":["GET"]}}],"collection":[{"href":"https:\/\/blog.saocamilo-sp.br\/index.php\/wp-json\/wp\/v2\/posts"}],"about":[{"href":"https:\/\/blog.saocamilo-sp.br\/index.php\/wp-json\/wp\/v2\/types\/post"}],"author":[{"embeddable":true,"href":"https:\/\/blog.saocamilo-sp.br\/index.php\/wp-json\/wp\/v2\/users\/13"}],"replies":[{"embeddable":true,"href":"https:\/\/blog.saocamilo-sp.br\/index.php\/wp-json\/wp\/v2\/comments?post=2267"}],"version-history":[{"count":7,"href":"https:\/\/blog.saocamilo-sp.br\/index.php\/wp-json\/wp\/v2\/posts\/2267\/revisions"}],"predecessor-version":[{"id":2314,"href":"https:\/\/blog.saocamilo-sp.br\/index.php\/wp-json\/wp\/v2\/posts\/2267\/revisions\/2314"}],"wp:featuredmedia":[{"embeddable":true,"href":"https:\/\/blog.saocamilo-sp.br\/index.php\/wp-json\/wp\/v2\/media\/2275"}],"wp:attachment":[{"href":"https:\/\/blog.saocamilo-sp.br\/index.php\/wp-json\/wp\/v2\/media?parent=2267"}],"wp:term":[{"taxonomy":"category","embeddable":true,"href":"https:\/\/blog.saocamilo-sp.br\/index.php\/wp-json\/wp\/v2\/categories?post=2267"},{"taxonomy":"post_tag","embeddable":true,"href":"https:\/\/blog.saocamilo-sp.br\/index.php\/wp-json\/wp\/v2\/tags?post=2267"}],"curies":[{"name":"wp","href":"https:\/\/api.w.org\/{rel}","templated":true}]}}