{"id":2291,"date":"2024-02-12T01:17:14","date_gmt":"2024-02-12T04:17:14","guid":{"rendered":"https:\/\/blog.saocamilo-sp.br\/?p=2291"},"modified":"2024-02-12T11:04:05","modified_gmt":"2024-02-12T14:04:05","slug":"udem-convenio-mexico-universidad-monterrey","status":"publish","type":"post","link":"https:\/\/blog.saocamilo-sp.br\/index.php\/2024\/02\/12\/udem-convenio-mexico-universidad-monterrey\/","title":{"rendered":"S\u00e3o Camilo firma conv\u00eanio com Universidad de Monterrey &#8211; UDEM"},"content":{"rendered":"\n<p>O <a href=\"https:\/\/saocamilo-sp.br\/\" target=\"_blank\" rel=\"noreferrer noopener\">Centro Universit\u00e1rio S\u00e3o Camilo<\/a>, por meio do seu Escrit\u00f3rio de Rela\u00e7\u00f5es Internacionais, celebra um marco significativo ao firmar um novo conv\u00eanio com a renomada <a href=\"https:\/\/www.udem.edu.mx\/es\" target=\"_blank\" rel=\"noreferrer noopener\">Universidad de Monterrey<\/a> &#8211; UDEM, localizada no M\u00e9xico. Consequentemente, esta parceria estrat\u00e9gica visa fortalecer os la\u00e7os acad\u00eamicos e culturais entre as institui\u00e7\u00f5es, proporcionando oportunidades enriquecedoras para estudantes e docentes camilianos.<\/p>\n\n\n\n<p><\/p>\n\n\n\n<h2 class=\"wp-block-heading\"><strong>Programa\u00e7\u00e3o abrangente: mobilidade acad\u00eamica, pesquisa e est\u00e1gios internacionais<\/strong> na UDEM<\/h2>\n\n\n\n<p>Dessa forma, o conv\u00eanio rec\u00e9m-assinado traz consigo uma programa\u00e7\u00e3o abrangente de atividades, abrindo portas para a mobilidade acad\u00eamica, oportunidades de pesquisa e est\u00e1gios internacionais. Destaca-se, especialmente, a inclus\u00e3o de programas de internato em medicina, oferecendo aos estudantes experi\u00eancias globais e enriquecedoras para o desenvolvimento profissional.<\/p>\n\n\n\n<h2 class=\"wp-block-heading\"><strong>Internato em medicina na UDEM: uma oportunidade de crescimento global<\/strong><\/h2>\n\n\n\n<p>A inclus\u00e3o de programas de internato em medicina \u00e9 um dos pontos altos desta colabora\u00e7\u00e3o. Estudantes ter\u00e3o a oportunidade \u00fanica de aprimorar suas habilidades cl\u00ednicas em um ambiente internacional, agregando assim valor significativo \u00e0 sua forma\u00e7\u00e3o e preparando-os para desafios globais no campo da sa\u00fade.<\/p>\n\n\n\n<h2 class=\"wp-block-heading\"><strong>Fomentando desenvolvimento educacional e profissional<\/strong><\/h2>\n\n\n\n<p>Ao fortalecer os la\u00e7os acad\u00eamicos entre S\u00e3o Camilo e a Universidade de Monterrey, esta parceria promove um interc\u00e2mbio valioso que contribuir\u00e1 para o desenvolvimento educacional e profissional de todos os envolvidos. Dessa maneira, a troca de conhecimentos e experi\u00eancias entre as institui\u00e7\u00f5es enriquecer\u00e1 o aprendizado e abrir\u00e1 novas perspectivas para a comunidade acad\u00eamica.<\/p>\n\n\n\n<h2 class=\"wp-block-heading\"><strong>Sobre a UDEM &#8211; Universidad de Monterrey<\/strong><\/h2>\n\n\n\n<p>A Universidad de Monterrey (UDEM), uma institui\u00e7\u00e3o cat\u00f3lica de ensino superior situada em Monterrey, M\u00e9xico, \u00e9 um centro educacional de destaque. Com mais de 12 mil alunos matriculados, abrangendo estudantes do ensino m\u00e9dio, graduandos e p\u00f3s-graduandos. Como resultado, a UDEM oferece uma ampla gama de programas educacionais para todo esse p\u00fablico.<\/p>\n\n\n\n<p>Al\u00e9m disso, a universidade se destaca por suas diversas op\u00e7\u00f5es acad\u00eamicas, abrangendo ensino m\u00e9dio, cursos profissionalizantes, graus de bacharelado, especialidades m\u00e9dicas e doutorado. De fato, essa variedade reflete o compromisso da UDEM em proporcionar uma educa\u00e7\u00e3o abrangente que atenda \u00e0s necessidades e aspira\u00e7\u00f5es de seus alunos.<\/p>\n\n\n\n<p>O campus universit\u00e1rio da UDEM est\u00e1 estrategicamente localizado em San Pedro Garza Garcia (NL, M\u00e9xico), oferecendo um ambiente prop\u00edcio para o aprendizado e a pesquisa.<br><\/p>\n\n\n<div class=\"wp-block-image\">\n<figure class=\"aligncenter size-full is-resized\"><img loading=\"lazy\" decoding=\"async\" src=\"https:\/\/blog.saocamilo-sp.br\/wp-content\/uploads\/2024\/02\/UDEM-1.png\" alt=\"\" class=\"wp-image-2293\" width=\"668\" height=\"447\"\/><figcaption class=\"wp-element-caption\">Universidade de Monterrey<\/figcaption><\/figure>\n<\/div>\n\n<div class=\"wp-block-image\">\n<figure class=\"aligncenter size-full is-resized\"><img loading=\"lazy\" decoding=\"async\" src=\"https:\/\/blog.saocamilo-sp.br\/wp-content\/uploads\/2024\/02\/UDEM-2.png\" alt=\"\" class=\"wp-image-2294\" width=\"683\" height=\"455\"\/><figcaption class=\"wp-element-caption\">Universidade de Monterrey<\/figcaption><\/figure>\n<\/div>\n\n\n<h2 class=\"wp-block-heading\"><br>A parceria com a S\u00e3o Camilo<\/h2>\n\n\n\n<p>Por fim, esta nova parceria entre S\u00e3o Camilo e a Universidade de Monterrey representa, portanto, um passo significativo na busca pela excel\u00eancia acad\u00eamica e no enriquecimento da forma\u00e7\u00e3o dos envolvidos, consolidando o compromisso de ambas as institui\u00e7\u00f5es com a educa\u00e7\u00e3o de qualidade e o desenvolvimento global.<br><\/p>\n\n\n\n<h2 class=\"wp-block-heading\"><strong>Sobre o Escrit\u00f3rio de Rela\u00e7\u00f5es Internacionais da S\u00e3o Camilo<\/strong><\/h2>\n\n\n\n<p>O <a href=\"https:\/\/saocamilo-sp.br\/internacional\/quem_somos\/quem-somos\/1707\" target=\"_blank\" rel=\"noreferrer noopener\">Escrit\u00f3rio de Rela\u00e7\u00f5es Internacionais<\/a> da S\u00e3o Camilo desempenha um papel fundamental na promo\u00e7\u00e3o da internacionaliza\u00e7\u00e3o da institui\u00e7\u00e3o. Suas atividades incluem a forma\u00e7\u00e3o de conv\u00eanios, suporte \u00e0 comunidade acad\u00eamica para experi\u00eancias no exterior, divulga\u00e7\u00e3o de cursos internacionais e o fomento de a\u00e7\u00f5es com convidados internacionais.<\/p>\n\n\n\n<h2 class=\"wp-block-heading\">Veja tamb\u00e9m<\/h2>\n\n\n\n<ul class=\"wp-block-list\">\n<li><a href=\"https:\/\/blog.saocamilo-sp.br\/index.php\/2024\/02\/10\/madri-bolsas-de-estudo-sao-camilo\/\">Internacional: S\u00e3o Camilo oferece bolsas de estudo e hospedagem em Madri<\/a><\/li>\n\n\n\n<li><a href=\"https:\/\/blog.saocamilo-sp.br\/index.php\/2024\/02\/01\/oducal\/\">Pe. Jo\u00e3o Batista e Rayssa Rios s\u00e3o nomeados para a ODUCAL<\/a><\/li>\n\n\n\n<li><a href=\"https:\/\/blog.saocamilo-sp.br\/index.php\/2023\/12\/02\/medicina-sao-camilo-conquista-a-certificacao-do-cfm\/\">Medicina S\u00e3o Camilo conquista certifica\u00e7\u00e3o do Sistema de Acredita\u00e7\u00e3o de Escolas M\u00e9dicas \u2013 CFM<\/a><\/li>\n<\/ul>\n\n\n\n<p><\/p>\n\n\n\n<p>Saiba mais sobre nossos cursos:<\/p>\n\n\n\n<iframe loading=\"lazy\" src=\"https:\/\/saocamilo.apprbs.com.br\/tenho-interesse-blog\" height=\"530px\" width=\"100%\" frameborder=\"0\"><\/iframe>\n\n\n\n<p>Compartilhe em:<\/p>\n","protected":false},"excerpt":{"rendered":"<p>Novo conv\u00eanio com a Universidad de Monterrey &#8211; UDEM (M\u00e9xico) proporcionar\u00e1 oportunidades enriquecedoras aos estudantes e docentes camilianos.<\/p>\n","protected":false},"author":13,"featured_media":2292,"comment_status":"open","ping_status":"open","sticky":false,"template":"","format":"standard","meta":{"cybocfi_hide_featured_image":"yes","footnotes":""},"categories":[70,30],"tags":[72],"class_list":["post-2291","post","type-post","status-publish","format-standard","has-post-thumbnail","hentry","category-internacional","category-medicina","tag-internacional"],"yoast_head":"<!-- This site is optimized with the Yoast SEO plugin v27.5 - https:\/\/yoast.com\/product\/yoast-seo-wordpress\/ -->\n<title>S\u00e3o Camilo firma conv\u00eanio com Universidad de Monterrey - UDEM<\/title>\n<meta name=\"description\" content=\"Novo conv\u00eanio com a Universidad de Monterrey- UDEM (M\u00e9xico) proporcionar\u00e1 oportunidades enriquecedoras para estudantes e docentes camilianos.\" \/>\n<meta name=\"robots\" content=\"index, follow, max-snippet:-1, max-image-preview:large, max-video-preview:-1\" \/>\n<link rel=\"canonical\" href=\"https:\/\/blog.saocamilo-sp.br\/index.php\/2024\/02\/12\/udem-convenio-mexico-universidad-monterrey\/\" \/>\n<meta property=\"og:locale\" content=\"pt_BR\" \/>\n<meta property=\"og:type\" content=\"article\" \/>\n<meta property=\"og:title\" content=\"S\u00e3o Camilo firma conv\u00eanio com Universidad de Monterrey - UDEM\" \/>\n<meta property=\"og:description\" content=\"Novo conv\u00eanio com a Universidad de Monterrey- UDEM (M\u00e9xico) proporcionar\u00e1 oportunidades enriquecedoras para estudantes e docentes camilianos.\" \/>\n<meta property=\"og:url\" content=\"https:\/\/blog.saocamilo-sp.br\/index.php\/2024\/02\/12\/udem-convenio-mexico-universidad-monterrey\/\" \/>\n<meta property=\"og:site_name\" content=\"Blog S\u00e3o Camilo\" \/>\n<meta property=\"article:publisher\" content=\"https:\/\/www.facebook.com\/saocamilosp\" \/>\n<meta property=\"article:published_time\" content=\"2024-02-12T04:17:14+00:00\" \/>\n<meta property=\"article:modified_time\" content=\"2024-02-12T14:04:05+00:00\" \/>\n<meta property=\"og:image\" content=\"https:\/\/blog.saocamilo-sp.br\/wp-content\/uploads\/2024\/02\/Convenio-com-UDEM.png\" \/>\n\t<meta property=\"og:image:width\" content=\"1000\" \/>\n\t<meta property=\"og:image:height\" content=\"676\" \/>\n\t<meta property=\"og:image:type\" content=\"image\/png\" \/>\n<meta name=\"author\" content=\"Leandro Lafr\u00e1gola\" \/>\n<meta name=\"twitter:card\" content=\"summary_large_image\" \/>\n<meta name=\"twitter:creator\" content=\"@saocamilosp\" \/>\n<meta name=\"twitter:site\" content=\"@saocamilosp\" \/>\n<meta name=\"twitter:label1\" content=\"Escrito por\" \/>\n\t<meta name=\"twitter:data1\" content=\"Leandro Lafr\u00e1gola\" \/>\n\t<meta name=\"twitter:label2\" content=\"Est. tempo de leitura\" \/>\n\t<meta name=\"twitter:data2\" content=\"4 minutos\" \/>\n<script type=\"application\/ld+json\" class=\"yoast-schema-graph\">{\"@context\":\"https:\\\/\\\/schema.org\",\"@graph\":[{\"@type\":\"Article\",\"@id\":\"https:\\\/\\\/blog.saocamilo-sp.br\\\/index.php\\\/2024\\\/02\\\/12\\\/udem-convenio-mexico-universidad-monterrey\\\/#article\",\"isPartOf\":{\"@id\":\"https:\\\/\\\/blog.saocamilo-sp.br\\\/index.php\\\/2024\\\/02\\\/12\\\/udem-convenio-mexico-universidad-monterrey\\\/\"},\"author\":{\"name\":\"Leandro Lafr\u00e1gola\",\"@id\":\"https:\\\/\\\/blog.saocamilo-sp.br\\\/#\\\/schema\\\/person\\\/1a99645faaab0bb55105f817e866e19b\"},\"headline\":\"S\u00e3o Camilo firma conv\u00eanio com Universidad de Monterrey &#8211; UDEM\",\"datePublished\":\"2024-02-12T04:17:14+00:00\",\"dateModified\":\"2024-02-12T14:04:05+00:00\",\"mainEntityOfPage\":{\"@id\":\"https:\\\/\\\/blog.saocamilo-sp.br\\\/index.php\\\/2024\\\/02\\\/12\\\/udem-convenio-mexico-universidad-monterrey\\\/\"},\"wordCount\":594,\"commentCount\":0,\"publisher\":{\"@id\":\"https:\\\/\\\/blog.saocamilo-sp.br\\\/#organization\"},\"image\":{\"@id\":\"https:\\\/\\\/blog.saocamilo-sp.br\\\/index.php\\\/2024\\\/02\\\/12\\\/udem-convenio-mexico-universidad-monterrey\\\/#primaryimage\"},\"thumbnailUrl\":\"https:\\\/\\\/blog.saocamilo-sp.br\\\/wp-content\\\/uploads\\\/2024\\\/02\\\/Convenio-com-UDEM.png\",\"keywords\":[\"internacional\"],\"articleSection\":[\"Internacional\",\"Medicina\"],\"inLanguage\":\"pt-BR\",\"potentialAction\":[{\"@type\":\"CommentAction\",\"name\":\"Comment\",\"target\":[\"https:\\\/\\\/blog.saocamilo-sp.br\\\/index.php\\\/2024\\\/02\\\/12\\\/udem-convenio-mexico-universidad-monterrey\\\/#respond\"]}]},{\"@type\":\"WebPage\",\"@id\":\"https:\\\/\\\/blog.saocamilo-sp.br\\\/index.php\\\/2024\\\/02\\\/12\\\/udem-convenio-mexico-universidad-monterrey\\\/\",\"url\":\"https:\\\/\\\/blog.saocamilo-sp.br\\\/index.php\\\/2024\\\/02\\\/12\\\/udem-convenio-mexico-universidad-monterrey\\\/\",\"name\":\"S\u00e3o Camilo firma conv\u00eanio com Universidad de Monterrey - UDEM\",\"isPartOf\":{\"@id\":\"https:\\\/\\\/blog.saocamilo-sp.br\\\/#website\"},\"primaryImageOfPage\":{\"@id\":\"https:\\\/\\\/blog.saocamilo-sp.br\\\/index.php\\\/2024\\\/02\\\/12\\\/udem-convenio-mexico-universidad-monterrey\\\/#primaryimage\"},\"image\":{\"@id\":\"https:\\\/\\\/blog.saocamilo-sp.br\\\/index.php\\\/2024\\\/02\\\/12\\\/udem-convenio-mexico-universidad-monterrey\\\/#primaryimage\"},\"thumbnailUrl\":\"https:\\\/\\\/blog.saocamilo-sp.br\\\/wp-content\\\/uploads\\\/2024\\\/02\\\/Convenio-com-UDEM.png\",\"datePublished\":\"2024-02-12T04:17:14+00:00\",\"dateModified\":\"2024-02-12T14:04:05+00:00\",\"description\":\"Novo conv\u00eanio com a Universidad de Monterrey- UDEM (M\u00e9xico) proporcionar\u00e1 oportunidades enriquecedoras para estudantes e docentes camilianos.\",\"breadcrumb\":{\"@id\":\"https:\\\/\\\/blog.saocamilo-sp.br\\\/index.php\\\/2024\\\/02\\\/12\\\/udem-convenio-mexico-universidad-monterrey\\\/#breadcrumb\"},\"inLanguage\":\"pt-BR\",\"potentialAction\":[{\"@type\":\"ReadAction\",\"target\":[\"https:\\\/\\\/blog.saocamilo-sp.br\\\/index.php\\\/2024\\\/02\\\/12\\\/udem-convenio-mexico-universidad-monterrey\\\/\"]}]},{\"@type\":\"BreadcrumbList\",\"@id\":\"https:\\\/\\\/blog.saocamilo-sp.br\\\/index.php\\\/2024\\\/02\\\/12\\\/udem-convenio-mexico-universidad-monterrey\\\/#breadcrumb\",\"itemListElement\":[{\"@type\":\"ListItem\",\"position\":1,\"name\":\"In\u00edcio\",\"item\":\"https:\\\/\\\/blog.saocamilo-sp.br\\\/\"},{\"@type\":\"ListItem\",\"position\":2,\"name\":\"S\u00e3o Camilo firma conv\u00eanio com Universidad de Monterrey &#8211; UDEM\"}]},{\"@type\":\"WebSite\",\"@id\":\"https:\\\/\\\/blog.saocamilo-sp.br\\\/#website\",\"url\":\"https:\\\/\\\/blog.saocamilo-sp.br\\\/\",\"name\":\"Blog S\u00e3o Camilo\",\"description\":\"Blog do Centro Universit\u00e1rio S\u00e3o Camilo\",\"publisher\":{\"@id\":\"https:\\\/\\\/blog.saocamilo-sp.br\\\/#organization\"},\"potentialAction\":[{\"@type\":\"SearchAction\",\"target\":{\"@type\":\"EntryPoint\",\"urlTemplate\":\"https:\\\/\\\/blog.saocamilo-sp.br\\\/?s={search_term_string}\"},\"query-input\":{\"@type\":\"PropertyValueSpecification\",\"valueRequired\":true,\"valueName\":\"search_term_string\"}}],\"inLanguage\":\"pt-BR\"},{\"@type\":\"Organization\",\"@id\":\"https:\\\/\\\/blog.saocamilo-sp.br\\\/#organization\",\"name\":\"Blog S\u00e3o Camilo\",\"url\":\"https:\\\/\\\/blog.saocamilo-sp.br\\\/\",\"logo\":{\"@type\":\"ImageObject\",\"inLanguage\":\"pt-BR\",\"@id\":\"https:\\\/\\\/blog.saocamilo-sp.br\\\/#\\\/schema\\\/logo\\\/image\\\/\",\"url\":\"https:\\\/\\\/blog.saocamilo-sp.br\\\/wp-content\\\/uploads\\\/2021\\\/12\\\/cropped-vazio-logo-topo.png\",\"contentUrl\":\"https:\\\/\\\/blog.saocamilo-sp.br\\\/wp-content\\\/uploads\\\/2021\\\/12\\\/cropped-vazio-logo-topo.png\",\"width\":320,\"height\":240,\"caption\":\"Blog S\u00e3o Camilo\"},\"image\":{\"@id\":\"https:\\\/\\\/blog.saocamilo-sp.br\\\/#\\\/schema\\\/logo\\\/image\\\/\"},\"sameAs\":[\"https:\\\/\\\/www.facebook.com\\\/saocamilosp\",\"https:\\\/\\\/x.com\\\/saocamilosp\",\"https:\\\/\\\/www.linkedin.com\\\/school\\\/centro-universit-rio-s-o-camilo\\\/\"]},{\"@type\":\"Person\",\"@id\":\"https:\\\/\\\/blog.saocamilo-sp.br\\\/#\\\/schema\\\/person\\\/1a99645faaab0bb55105f817e866e19b\",\"name\":\"Leandro Lafr\u00e1gola\",\"image\":{\"@type\":\"ImageObject\",\"inLanguage\":\"pt-BR\",\"@id\":\"https:\\\/\\\/secure.gravatar.com\\\/avatar\\\/ec4232fb8d50d80f1c672353dc4c2876490e6a0a2a33d6572c0ba1fb78f115cf?s=96&d=mm&r=g\",\"url\":\"https:\\\/\\\/secure.gravatar.com\\\/avatar\\\/ec4232fb8d50d80f1c672353dc4c2876490e6a0a2a33d6572c0ba1fb78f115cf?s=96&d=mm&r=g\",\"contentUrl\":\"https:\\\/\\\/secure.gravatar.com\\\/avatar\\\/ec4232fb8d50d80f1c672353dc4c2876490e6a0a2a33d6572c0ba1fb78f115cf?s=96&d=mm&r=g\",\"caption\":\"Leandro Lafr\u00e1gola\"},\"url\":\"https:\\\/\\\/blog.saocamilo-sp.br\\\/index.php\\\/author\\\/llafragola\\\/\"}]}<\/script>\n<!-- \/ Yoast SEO plugin. -->","yoast_head_json":{"title":"S\u00e3o Camilo firma conv\u00eanio com Universidad de Monterrey - UDEM","description":"Novo conv\u00eanio com a Universidad de Monterrey- UDEM (M\u00e9xico) proporcionar\u00e1 oportunidades enriquecedoras para estudantes e docentes camilianos.","robots":{"index":"index","follow":"follow","max-snippet":"max-snippet:-1","max-image-preview":"max-image-preview:large","max-video-preview":"max-video-preview:-1"},"canonical":"https:\/\/blog.saocamilo-sp.br\/index.php\/2024\/02\/12\/udem-convenio-mexico-universidad-monterrey\/","og_locale":"pt_BR","og_type":"article","og_title":"S\u00e3o Camilo firma conv\u00eanio com Universidad de Monterrey - UDEM","og_description":"Novo conv\u00eanio com a Universidad de Monterrey- UDEM (M\u00e9xico) proporcionar\u00e1 oportunidades enriquecedoras para estudantes e docentes camilianos.","og_url":"https:\/\/blog.saocamilo-sp.br\/index.php\/2024\/02\/12\/udem-convenio-mexico-universidad-monterrey\/","og_site_name":"Blog S\u00e3o Camilo","article_publisher":"https:\/\/www.facebook.com\/saocamilosp","article_published_time":"2024-02-12T04:17:14+00:00","article_modified_time":"2024-02-12T14:04:05+00:00","og_image":[{"width":1000,"height":676,"url":"https:\/\/blog.saocamilo-sp.br\/wp-content\/uploads\/2024\/02\/Convenio-com-UDEM.png","type":"image\/png"}],"author":"Leandro Lafr\u00e1gola","twitter_card":"summary_large_image","twitter_creator":"@saocamilosp","twitter_site":"@saocamilosp","twitter_misc":{"Escrito por":"Leandro Lafr\u00e1gola","Est. tempo de leitura":"4 minutos"},"schema":{"@context":"https:\/\/schema.org","@graph":[{"@type":"Article","@id":"https:\/\/blog.saocamilo-sp.br\/index.php\/2024\/02\/12\/udem-convenio-mexico-universidad-monterrey\/#article","isPartOf":{"@id":"https:\/\/blog.saocamilo-sp.br\/index.php\/2024\/02\/12\/udem-convenio-mexico-universidad-monterrey\/"},"author":{"name":"Leandro Lafr\u00e1gola","@id":"https:\/\/blog.saocamilo-sp.br\/#\/schema\/person\/1a99645faaab0bb55105f817e866e19b"},"headline":"S\u00e3o Camilo firma conv\u00eanio com Universidad de Monterrey &#8211; UDEM","datePublished":"2024-02-12T04:17:14+00:00","dateModified":"2024-02-12T14:04:05+00:00","mainEntityOfPage":{"@id":"https:\/\/blog.saocamilo-sp.br\/index.php\/2024\/02\/12\/udem-convenio-mexico-universidad-monterrey\/"},"wordCount":594,"commentCount":0,"publisher":{"@id":"https:\/\/blog.saocamilo-sp.br\/#organization"},"image":{"@id":"https:\/\/blog.saocamilo-sp.br\/index.php\/2024\/02\/12\/udem-convenio-mexico-universidad-monterrey\/#primaryimage"},"thumbnailUrl":"https:\/\/blog.saocamilo-sp.br\/wp-content\/uploads\/2024\/02\/Convenio-com-UDEM.png","keywords":["internacional"],"articleSection":["Internacional","Medicina"],"inLanguage":"pt-BR","potentialAction":[{"@type":"CommentAction","name":"Comment","target":["https:\/\/blog.saocamilo-sp.br\/index.php\/2024\/02\/12\/udem-convenio-mexico-universidad-monterrey\/#respond"]}]},{"@type":"WebPage","@id":"https:\/\/blog.saocamilo-sp.br\/index.php\/2024\/02\/12\/udem-convenio-mexico-universidad-monterrey\/","url":"https:\/\/blog.saocamilo-sp.br\/index.php\/2024\/02\/12\/udem-convenio-mexico-universidad-monterrey\/","name":"S\u00e3o Camilo firma conv\u00eanio com Universidad de Monterrey - UDEM","isPartOf":{"@id":"https:\/\/blog.saocamilo-sp.br\/#website"},"primaryImageOfPage":{"@id":"https:\/\/blog.saocamilo-sp.br\/index.php\/2024\/02\/12\/udem-convenio-mexico-universidad-monterrey\/#primaryimage"},"image":{"@id":"https:\/\/blog.saocamilo-sp.br\/index.php\/2024\/02\/12\/udem-convenio-mexico-universidad-monterrey\/#primaryimage"},"thumbnailUrl":"https:\/\/blog.saocamilo-sp.br\/wp-content\/uploads\/2024\/02\/Convenio-com-UDEM.png","datePublished":"2024-02-12T04:17:14+00:00","dateModified":"2024-02-12T14:04:05+00:00","description":"Novo conv\u00eanio com a Universidad de Monterrey- UDEM (M\u00e9xico) proporcionar\u00e1 oportunidades enriquecedoras para estudantes e docentes camilianos.","breadcrumb":{"@id":"https:\/\/blog.saocamilo-sp.br\/index.php\/2024\/02\/12\/udem-convenio-mexico-universidad-monterrey\/#breadcrumb"},"inLanguage":"pt-BR","potentialAction":[{"@type":"ReadAction","target":["https:\/\/blog.saocamilo-sp.br\/index.php\/2024\/02\/12\/udem-convenio-mexico-universidad-monterrey\/"]}]},{"@type":"BreadcrumbList","@id":"https:\/\/blog.saocamilo-sp.br\/index.php\/2024\/02\/12\/udem-convenio-mexico-universidad-monterrey\/#breadcrumb","itemListElement":[{"@type":"ListItem","position":1,"name":"In\u00edcio","item":"https:\/\/blog.saocamilo-sp.br\/"},{"@type":"ListItem","position":2,"name":"S\u00e3o Camilo firma conv\u00eanio com Universidad de Monterrey &#8211; UDEM"}]},{"@type":"WebSite","@id":"https:\/\/blog.saocamilo-sp.br\/#website","url":"https:\/\/blog.saocamilo-sp.br\/","name":"Blog S\u00e3o Camilo","description":"Blog do Centro Universit\u00e1rio S\u00e3o Camilo","publisher":{"@id":"https:\/\/blog.saocamilo-sp.br\/#organization"},"potentialAction":[{"@type":"SearchAction","target":{"@type":"EntryPoint","urlTemplate":"https:\/\/blog.saocamilo-sp.br\/?s={search_term_string}"},"query-input":{"@type":"PropertyValueSpecification","valueRequired":true,"valueName":"search_term_string"}}],"inLanguage":"pt-BR"},{"@type":"Organization","@id":"https:\/\/blog.saocamilo-sp.br\/#organization","name":"Blog S\u00e3o Camilo","url":"https:\/\/blog.saocamilo-sp.br\/","logo":{"@type":"ImageObject","inLanguage":"pt-BR","@id":"https:\/\/blog.saocamilo-sp.br\/#\/schema\/logo\/image\/","url":"https:\/\/blog.saocamilo-sp.br\/wp-content\/uploads\/2021\/12\/cropped-vazio-logo-topo.png","contentUrl":"https:\/\/blog.saocamilo-sp.br\/wp-content\/uploads\/2021\/12\/cropped-vazio-logo-topo.png","width":320,"height":240,"caption":"Blog S\u00e3o Camilo"},"image":{"@id":"https:\/\/blog.saocamilo-sp.br\/#\/schema\/logo\/image\/"},"sameAs":["https:\/\/www.facebook.com\/saocamilosp","https:\/\/x.com\/saocamilosp","https:\/\/www.linkedin.com\/school\/centro-universit-rio-s-o-camilo\/"]},{"@type":"Person","@id":"https:\/\/blog.saocamilo-sp.br\/#\/schema\/person\/1a99645faaab0bb55105f817e866e19b","name":"Leandro Lafr\u00e1gola","image":{"@type":"ImageObject","inLanguage":"pt-BR","@id":"https:\/\/secure.gravatar.com\/avatar\/ec4232fb8d50d80f1c672353dc4c2876490e6a0a2a33d6572c0ba1fb78f115cf?s=96&d=mm&r=g","url":"https:\/\/secure.gravatar.com\/avatar\/ec4232fb8d50d80f1c672353dc4c2876490e6a0a2a33d6572c0ba1fb78f115cf?s=96&d=mm&r=g","contentUrl":"https:\/\/secure.gravatar.com\/avatar\/ec4232fb8d50d80f1c672353dc4c2876490e6a0a2a33d6572c0ba1fb78f115cf?s=96&d=mm&r=g","caption":"Leandro Lafr\u00e1gola"},"url":"https:\/\/blog.saocamilo-sp.br\/index.php\/author\/llafragola\/"}]}},"_links":{"self":[{"href":"https:\/\/blog.saocamilo-sp.br\/index.php\/wp-json\/wp\/v2\/posts\/2291","targetHints":{"allow":["GET"]}}],"collection":[{"href":"https:\/\/blog.saocamilo-sp.br\/index.php\/wp-json\/wp\/v2\/posts"}],"about":[{"href":"https:\/\/blog.saocamilo-sp.br\/index.php\/wp-json\/wp\/v2\/types\/post"}],"author":[{"embeddable":true,"href":"https:\/\/blog.saocamilo-sp.br\/index.php\/wp-json\/wp\/v2\/users\/13"}],"replies":[{"embeddable":true,"href":"https:\/\/blog.saocamilo-sp.br\/index.php\/wp-json\/wp\/v2\/comments?post=2291"}],"version-history":[{"count":5,"href":"https:\/\/blog.saocamilo-sp.br\/index.php\/wp-json\/wp\/v2\/posts\/2291\/revisions"}],"predecessor-version":[{"id":2342,"href":"https:\/\/blog.saocamilo-sp.br\/index.php\/wp-json\/wp\/v2\/posts\/2291\/revisions\/2342"}],"wp:featuredmedia":[{"embeddable":true,"href":"https:\/\/blog.saocamilo-sp.br\/index.php\/wp-json\/wp\/v2\/media\/2292"}],"wp:attachment":[{"href":"https:\/\/blog.saocamilo-sp.br\/index.php\/wp-json\/wp\/v2\/media?parent=2291"}],"wp:term":[{"taxonomy":"category","embeddable":true,"href":"https:\/\/blog.saocamilo-sp.br\/index.php\/wp-json\/wp\/v2\/categories?post=2291"},{"taxonomy":"post_tag","embeddable":true,"href":"https:\/\/blog.saocamilo-sp.br\/index.php\/wp-json\/wp\/v2\/tags?post=2291"}],"curies":[{"name":"wp","href":"https:\/\/api.w.org\/{rel}","templated":true}]}}