{"id":231,"date":"2021-12-21T13:15:30","date_gmt":"2021-12-21T16:15:30","guid":{"rendered":"https:\/\/blog.saocamilo-sp.br\/?p=231"},"modified":"2023-02-02T14:13:25","modified_gmt":"2023-02-02T17:13:25","slug":"administracao-com-enfase-na-area-da-saude","status":"publish","type":"post","link":"https:\/\/blog.saocamilo-sp.br\/index.php\/2021\/12\/21\/administracao-com-enfase-na-area-da-saude\/","title":{"rendered":"Administra\u00e7\u00e3o com \u00eanfase na \u00e1rea da sa\u00fade"},"content":{"rendered":"\n<p>Oiii!! O curso de <a href=\"https:\/\/saocamilo-sp.br\/graduacao\/presencial\/administracao\" target=\"_blank\" rel=\"noreferrer noopener\">administra\u00e7\u00e3o<\/a> \u00e9 um dos mais ofertados e geralmente procurado por quem quer uma forma\u00e7\u00e3o ampla.<\/p>\n\n\n\n<p>Conversei com a Professora <a href=\"http:\/\/lattes.cnpq.br\/1060282031640229\" target=\"_blank\" rel=\"noreferrer noopener\">Silvia Barreto<\/a>, coordenadora do Curso do <a href=\"https:\/\/saocamilo-sp.br\/\" target=\"_blank\" rel=\"noreferrer noopener\">Centro Universit\u00e1rio S\u00e3o Camilo<\/a>, e ela me contou alguns detalhes muito interessantes da profiss\u00e3o, do curso e tamb\u00e9m sobre as oportunidades no mercado de trabalho.<\/p>\n\n\n\n<p>Nesse sentido, o administrador \u00e9 o profissional respons\u00e1vel por planejar, organizar, dirigir e controlar uma empresa. Tudo isso \u00e9 ensinado no curso, que apresenta disciplinas nas mais diversas \u00e1reas: finan\u00e7as, marketing, recursos humanos, log\u00edstica, planejamento estrat\u00e9gico, produ\u00e7\u00e3o e empreendedorismo. Assim, fica f\u00e1cil imaginar que ter um diploma deste curso tradicional vira um trunfo na hora de arrumar um est\u00e1gio e, depois, um emprego.<\/p>\n\n\n\n<p>Eu n\u00e3o sabia, mas a S\u00e3o Camilo aproveita toda sua experi\u00eancia e reconhecimento da rede de hospitais e tamb\u00e9m oferece em seu curso um conjunto de disciplinas espec\u00edficas com \u00eanfase na \u00e1rea da sa\u00fade, que d\u00e3o ao estudante um diferencial para ingressar neste segmento, que movimenta bilh\u00f5es de reais por ano e \u00e9 composto principalmente por cl\u00ednicas, hospitais e operadoras de sa\u00fade. \u201c\u00c9 um mercado em franca expans\u00e3o, bastante robusto e que tem muitas possibilidades\u201d, disse a professora Silvia.<\/p>\n\n\n\n<h3 class=\"wp-block-heading\">Empreendedorismo <\/h3>\n\n\n\n<p>Por outro lado, quem quer ser \u201cseu pr\u00f3prio patr\u00e3o\u201d encontra neste curso algumas disciplinas direcionadas ao empreendedorismo. Na S\u00e3o Camilo existe o <a href=\"https:\/\/saocamilo-sp.br\/LEISC\/LEISC_Laboratorio_Empreendedorismo_e_Inovacao\">LEISC (Laborat\u00f3rio de Empreendorismo e Inova\u00e7\u00e3o do Centro Universit\u00e1rio S\u00e3o Camilo)<\/a>, que trabalha como uma incubadora e estimula os estudantes a desenvolverem seus projetos e tamb\u00e9m na cria\u00e7\u00e3o de startups. Quem sabe logo depois n\u00e3o surge algum \u201cunic\u00f3rnio\u201d (uma startup que possui avalia\u00e7\u00e3o de pre\u00e7o de mercado no valor de mais de 1 bilh\u00e3o de d\u00f3lares)?<\/p>\n\n\n\n<p>Al\u00e9m disso, uma outra curiosidade: o curso de Administra\u00e7\u00e3o \u00e9 oferecido nas modalidades presencial e a dist\u00e2ncia (EaD). \u201cA qualidade do curso e o conte\u00fado a ser ministrado s\u00e3o os mesmos. O diploma \u00e9 o mesmo, independente da modalidade. N\u00e3o tem diferencia\u00e7\u00e3o nenhuma perante o MEC (Minist\u00e9rio da Educa\u00e7\u00e3o)\u201d, refor\u00e7ou a professora.<\/p>\n\n\n\n<p>Ent\u00e3o, se interessou? Clique aqui para conhecer a matriz curricular do curso tem dura\u00e7\u00e3o de 8 semestres, nas duas modalidades.<\/p>\n\n\n\n<p>Sigo aqui na minha jornada e semana que vem trago um novo post! At\u00e9 l\u00e1!<\/p>\n\n\n\n<iframe loading=\"lazy\" src=\"https:\/\/saocamilo.apprbs.com.br\/tenho-interesse-blog\" height=\"530px\" width=\"100%\" frameborder=\"0\"><\/iframe>\n","protected":false},"excerpt":{"rendered":"<p>Oiii!! O curso de administra\u00e7\u00e3o \u00e9 um dos mais ofertados e geralmente procurado por quem quer uma forma\u00e7\u00e3o ampla. Conversei com a Professora Silvia Barreto, coordenadora do Curso do Centro Universit\u00e1rio S\u00e3o Camilo, e ela me contou alguns detalhes muito&#8230; <a class=\"more-link\" href=\"https:\/\/blog.saocamilo-sp.br\/index.php\/2021\/12\/21\/administracao-com-enfase-na-area-da-saude\/\">Continue Reading &rarr;<\/a><\/p>\n","protected":false},"author":5,"featured_media":232,"comment_status":"open","ping_status":"open","sticky":false,"template":"","format":"standard","meta":{"cybocfi_hide_featured_image":"","footnotes":""},"categories":[25,1],"tags":[8,16],"class_list":["post-231","post","type-post","status-publish","format-standard","has-post-thumbnail","hentry","category-administracao","category-cursos","tag-administracao","tag-vida-universitaria"],"yoast_head":"<!-- This site is optimized with the Yoast SEO plugin v27.5 - https:\/\/yoast.com\/product\/yoast-seo-wordpress\/ -->\n<title>Administra\u00e7\u00e3o com \u00eanfase na \u00e1rea da sa\u00fade<\/title>\n<meta name=\"description\" content=\"A S\u00e3o Camilo aproveita toda sua experi\u00eancia para oferecer no curso de administra\u00e7\u00e3o um conjunto de disciplinas espec\u00edficas na \u00e1rea da sa\u00fade\" \/>\n<meta name=\"robots\" content=\"index, follow, max-snippet:-1, max-image-preview:large, max-video-preview:-1\" \/>\n<link rel=\"canonical\" href=\"https:\/\/blog.saocamilo-sp.br\/index.php\/2021\/12\/21\/administracao-com-enfase-na-area-da-saude\/\" \/>\n<meta property=\"og:locale\" content=\"pt_BR\" \/>\n<meta property=\"og:type\" content=\"article\" \/>\n<meta property=\"og:title\" content=\"Administra\u00e7\u00e3o com \u00eanfase na \u00e1rea da sa\u00fade\" \/>\n<meta property=\"og:description\" content=\"A S\u00e3o Camilo aproveita toda sua experi\u00eancia para oferecer no curso de administra\u00e7\u00e3o um conjunto de disciplinas espec\u00edficas na \u00e1rea da sa\u00fade\" \/>\n<meta property=\"og:url\" content=\"https:\/\/blog.saocamilo-sp.br\/index.php\/2021\/12\/21\/administracao-com-enfase-na-area-da-saude\/\" \/>\n<meta property=\"og:site_name\" content=\"Blog S\u00e3o Camilo\" \/>\n<meta property=\"article:publisher\" content=\"https:\/\/www.facebook.com\/saocamilosp\" \/>\n<meta property=\"article:published_time\" content=\"2021-12-21T16:15:30+00:00\" \/>\n<meta property=\"article:modified_time\" content=\"2023-02-02T17:13:25+00:00\" \/>\n<meta property=\"og:image\" content=\"https:\/\/blog.saocamilo-sp.br\/wp-content\/uploads\/2021\/12\/post-estudante-de-adm.jpg\" \/>\n\t<meta property=\"og:image:width\" content=\"1620\" \/>\n\t<meta property=\"og:image:height\" content=\"1080\" \/>\n\t<meta property=\"og:image:type\" content=\"image\/jpeg\" \/>\n<meta name=\"author\" content=\"Giancarlo Bonato\" \/>\n<meta name=\"twitter:card\" content=\"summary_large_image\" \/>\n<meta name=\"twitter:creator\" content=\"@saocamilosp\" \/>\n<meta name=\"twitter:site\" content=\"@saocamilosp\" \/>\n<meta name=\"twitter:label1\" content=\"Escrito por\" \/>\n\t<meta name=\"twitter:data1\" content=\"Giancarlo Bonato\" \/>\n\t<meta name=\"twitter:label2\" content=\"Est. tempo de leitura\" \/>\n\t<meta name=\"twitter:data2\" content=\"2 minutos\" \/>\n<script type=\"application\/ld+json\" class=\"yoast-schema-graph\">{\"@context\":\"https:\\\/\\\/schema.org\",\"@graph\":[{\"@type\":\"Article\",\"@id\":\"https:\\\/\\\/blog.saocamilo-sp.br\\\/index.php\\\/2021\\\/12\\\/21\\\/administracao-com-enfase-na-area-da-saude\\\/#article\",\"isPartOf\":{\"@id\":\"https:\\\/\\\/blog.saocamilo-sp.br\\\/index.php\\\/2021\\\/12\\\/21\\\/administracao-com-enfase-na-area-da-saude\\\/\"},\"author\":{\"name\":\"Giancarlo Bonato\",\"@id\":\"https:\\\/\\\/blog.saocamilo-sp.br\\\/#\\\/schema\\\/person\\\/2f1abef72dd95b45ae5f8e75003b32a9\"},\"headline\":\"Administra\u00e7\u00e3o com \u00eanfase na \u00e1rea da sa\u00fade\",\"datePublished\":\"2021-12-21T16:15:30+00:00\",\"dateModified\":\"2023-02-02T17:13:25+00:00\",\"mainEntityOfPage\":{\"@id\":\"https:\\\/\\\/blog.saocamilo-sp.br\\\/index.php\\\/2021\\\/12\\\/21\\\/administracao-com-enfase-na-area-da-saude\\\/\"},\"wordCount\":413,\"commentCount\":4,\"publisher\":{\"@id\":\"https:\\\/\\\/blog.saocamilo-sp.br\\\/#organization\"},\"image\":{\"@id\":\"https:\\\/\\\/blog.saocamilo-sp.br\\\/index.php\\\/2021\\\/12\\\/21\\\/administracao-com-enfase-na-area-da-saude\\\/#primaryimage\"},\"thumbnailUrl\":\"https:\\\/\\\/blog.saocamilo-sp.br\\\/wp-content\\\/uploads\\\/2021\\\/12\\\/post-estudante-de-adm.jpg\",\"keywords\":[\"Administra\u00e7\u00e3o\",\"Vida Universit\u00e1ria\"],\"articleSection\":[\"Administra\u00e7\u00e3o\",\"Cursos\"],\"inLanguage\":\"pt-BR\",\"potentialAction\":[{\"@type\":\"CommentAction\",\"name\":\"Comment\",\"target\":[\"https:\\\/\\\/blog.saocamilo-sp.br\\\/index.php\\\/2021\\\/12\\\/21\\\/administracao-com-enfase-na-area-da-saude\\\/#respond\"]}]},{\"@type\":\"WebPage\",\"@id\":\"https:\\\/\\\/blog.saocamilo-sp.br\\\/index.php\\\/2021\\\/12\\\/21\\\/administracao-com-enfase-na-area-da-saude\\\/\",\"url\":\"https:\\\/\\\/blog.saocamilo-sp.br\\\/index.php\\\/2021\\\/12\\\/21\\\/administracao-com-enfase-na-area-da-saude\\\/\",\"name\":\"Administra\u00e7\u00e3o com \u00eanfase na \u00e1rea da sa\u00fade\",\"isPartOf\":{\"@id\":\"https:\\\/\\\/blog.saocamilo-sp.br\\\/#website\"},\"primaryImageOfPage\":{\"@id\":\"https:\\\/\\\/blog.saocamilo-sp.br\\\/index.php\\\/2021\\\/12\\\/21\\\/administracao-com-enfase-na-area-da-saude\\\/#primaryimage\"},\"image\":{\"@id\":\"https:\\\/\\\/blog.saocamilo-sp.br\\\/index.php\\\/2021\\\/12\\\/21\\\/administracao-com-enfase-na-area-da-saude\\\/#primaryimage\"},\"thumbnailUrl\":\"https:\\\/\\\/blog.saocamilo-sp.br\\\/wp-content\\\/uploads\\\/2021\\\/12\\\/post-estudante-de-adm.jpg\",\"datePublished\":\"2021-12-21T16:15:30+00:00\",\"dateModified\":\"2023-02-02T17:13:25+00:00\",\"description\":\"A S\u00e3o Camilo aproveita toda sua experi\u00eancia para oferecer no curso de administra\u00e7\u00e3o um conjunto de disciplinas espec\u00edficas na \u00e1rea da sa\u00fade\",\"breadcrumb\":{\"@id\":\"https:\\\/\\\/blog.saocamilo-sp.br\\\/index.php\\\/2021\\\/12\\\/21\\\/administracao-com-enfase-na-area-da-saude\\\/#breadcrumb\"},\"inLanguage\":\"pt-BR\",\"potentialAction\":[{\"@type\":\"ReadAction\",\"target\":[\"https:\\\/\\\/blog.saocamilo-sp.br\\\/index.php\\\/2021\\\/12\\\/21\\\/administracao-com-enfase-na-area-da-saude\\\/\"]}]},{\"@type\":\"ImageObject\",\"inLanguage\":\"pt-BR\",\"@id\":\"https:\\\/\\\/blog.saocamilo-sp.br\\\/index.php\\\/2021\\\/12\\\/21\\\/administracao-com-enfase-na-area-da-saude\\\/#primaryimage\",\"url\":\"https:\\\/\\\/blog.saocamilo-sp.br\\\/wp-content\\\/uploads\\\/2021\\\/12\\\/post-estudante-de-adm.jpg\",\"contentUrl\":\"https:\\\/\\\/blog.saocamilo-sp.br\\\/wp-content\\\/uploads\\\/2021\\\/12\\\/post-estudante-de-adm.jpg\",\"width\":1620,\"height\":1080},{\"@type\":\"BreadcrumbList\",\"@id\":\"https:\\\/\\\/blog.saocamilo-sp.br\\\/index.php\\\/2021\\\/12\\\/21\\\/administracao-com-enfase-na-area-da-saude\\\/#breadcrumb\",\"itemListElement\":[{\"@type\":\"ListItem\",\"position\":1,\"name\":\"In\u00edcio\",\"item\":\"https:\\\/\\\/blog.saocamilo-sp.br\\\/\"},{\"@type\":\"ListItem\",\"position\":2,\"name\":\"Administra\u00e7\u00e3o com \u00eanfase na \u00e1rea da sa\u00fade\"}]},{\"@type\":\"WebSite\",\"@id\":\"https:\\\/\\\/blog.saocamilo-sp.br\\\/#website\",\"url\":\"https:\\\/\\\/blog.saocamilo-sp.br\\\/\",\"name\":\"Blog S\u00e3o Camilo\",\"description\":\"Blog do Centro Universit\u00e1rio S\u00e3o Camilo\",\"publisher\":{\"@id\":\"https:\\\/\\\/blog.saocamilo-sp.br\\\/#organization\"},\"potentialAction\":[{\"@type\":\"SearchAction\",\"target\":{\"@type\":\"EntryPoint\",\"urlTemplate\":\"https:\\\/\\\/blog.saocamilo-sp.br\\\/?s={search_term_string}\"},\"query-input\":{\"@type\":\"PropertyValueSpecification\",\"valueRequired\":true,\"valueName\":\"search_term_string\"}}],\"inLanguage\":\"pt-BR\"},{\"@type\":\"Organization\",\"@id\":\"https:\\\/\\\/blog.saocamilo-sp.br\\\/#organization\",\"name\":\"Blog S\u00e3o Camilo\",\"url\":\"https:\\\/\\\/blog.saocamilo-sp.br\\\/\",\"logo\":{\"@type\":\"ImageObject\",\"inLanguage\":\"pt-BR\",\"@id\":\"https:\\\/\\\/blog.saocamilo-sp.br\\\/#\\\/schema\\\/logo\\\/image\\\/\",\"url\":\"https:\\\/\\\/blog.saocamilo-sp.br\\\/wp-content\\\/uploads\\\/2021\\\/12\\\/cropped-vazio-logo-topo.png\",\"contentUrl\":\"https:\\\/\\\/blog.saocamilo-sp.br\\\/wp-content\\\/uploads\\\/2021\\\/12\\\/cropped-vazio-logo-topo.png\",\"width\":320,\"height\":240,\"caption\":\"Blog S\u00e3o Camilo\"},\"image\":{\"@id\":\"https:\\\/\\\/blog.saocamilo-sp.br\\\/#\\\/schema\\\/logo\\\/image\\\/\"},\"sameAs\":[\"https:\\\/\\\/www.facebook.com\\\/saocamilosp\",\"https:\\\/\\\/x.com\\\/saocamilosp\",\"https:\\\/\\\/www.linkedin.com\\\/school\\\/centro-universit-rio-s-o-camilo\\\/\"]},{\"@type\":\"Person\",\"@id\":\"https:\\\/\\\/blog.saocamilo-sp.br\\\/#\\\/schema\\\/person\\\/2f1abef72dd95b45ae5f8e75003b32a9\",\"name\":\"Giancarlo Bonato\",\"image\":{\"@type\":\"ImageObject\",\"inLanguage\":\"pt-BR\",\"@id\":\"https:\\\/\\\/secure.gravatar.com\\\/avatar\\\/cbed0d57a74836e8481bb4b2ac15163f24841505b47ce8f4d0b58343bcbe6d77?s=96&d=mm&r=g\",\"url\":\"https:\\\/\\\/secure.gravatar.com\\\/avatar\\\/cbed0d57a74836e8481bb4b2ac15163f24841505b47ce8f4d0b58343bcbe6d77?s=96&d=mm&r=g\",\"contentUrl\":\"https:\\\/\\\/secure.gravatar.com\\\/avatar\\\/cbed0d57a74836e8481bb4b2ac15163f24841505b47ce8f4d0b58343bcbe6d77?s=96&d=mm&r=g\",\"caption\":\"Giancarlo Bonato\"},\"url\":\"https:\\\/\\\/blog.saocamilo-sp.br\\\/index.php\\\/author\\\/gbonato\\\/\"}]}<\/script>\n<!-- \/ Yoast SEO plugin. -->","yoast_head_json":{"title":"Administra\u00e7\u00e3o com \u00eanfase na \u00e1rea da sa\u00fade","description":"A S\u00e3o Camilo aproveita toda sua experi\u00eancia para oferecer no curso de administra\u00e7\u00e3o um conjunto de disciplinas espec\u00edficas na \u00e1rea da sa\u00fade","robots":{"index":"index","follow":"follow","max-snippet":"max-snippet:-1","max-image-preview":"max-image-preview:large","max-video-preview":"max-video-preview:-1"},"canonical":"https:\/\/blog.saocamilo-sp.br\/index.php\/2021\/12\/21\/administracao-com-enfase-na-area-da-saude\/","og_locale":"pt_BR","og_type":"article","og_title":"Administra\u00e7\u00e3o com \u00eanfase na \u00e1rea da sa\u00fade","og_description":"A S\u00e3o Camilo aproveita toda sua experi\u00eancia para oferecer no curso de administra\u00e7\u00e3o um conjunto de disciplinas espec\u00edficas na \u00e1rea da sa\u00fade","og_url":"https:\/\/blog.saocamilo-sp.br\/index.php\/2021\/12\/21\/administracao-com-enfase-na-area-da-saude\/","og_site_name":"Blog S\u00e3o Camilo","article_publisher":"https:\/\/www.facebook.com\/saocamilosp","article_published_time":"2021-12-21T16:15:30+00:00","article_modified_time":"2023-02-02T17:13:25+00:00","og_image":[{"width":1620,"height":1080,"url":"https:\/\/blog.saocamilo-sp.br\/wp-content\/uploads\/2021\/12\/post-estudante-de-adm.jpg","type":"image\/jpeg"}],"author":"Giancarlo Bonato","twitter_card":"summary_large_image","twitter_creator":"@saocamilosp","twitter_site":"@saocamilosp","twitter_misc":{"Escrito por":"Giancarlo Bonato","Est. tempo de leitura":"2 minutos"},"schema":{"@context":"https:\/\/schema.org","@graph":[{"@type":"Article","@id":"https:\/\/blog.saocamilo-sp.br\/index.php\/2021\/12\/21\/administracao-com-enfase-na-area-da-saude\/#article","isPartOf":{"@id":"https:\/\/blog.saocamilo-sp.br\/index.php\/2021\/12\/21\/administracao-com-enfase-na-area-da-saude\/"},"author":{"name":"Giancarlo Bonato","@id":"https:\/\/blog.saocamilo-sp.br\/#\/schema\/person\/2f1abef72dd95b45ae5f8e75003b32a9"},"headline":"Administra\u00e7\u00e3o com \u00eanfase na \u00e1rea da sa\u00fade","datePublished":"2021-12-21T16:15:30+00:00","dateModified":"2023-02-02T17:13:25+00:00","mainEntityOfPage":{"@id":"https:\/\/blog.saocamilo-sp.br\/index.php\/2021\/12\/21\/administracao-com-enfase-na-area-da-saude\/"},"wordCount":413,"commentCount":4,"publisher":{"@id":"https:\/\/blog.saocamilo-sp.br\/#organization"},"image":{"@id":"https:\/\/blog.saocamilo-sp.br\/index.php\/2021\/12\/21\/administracao-com-enfase-na-area-da-saude\/#primaryimage"},"thumbnailUrl":"https:\/\/blog.saocamilo-sp.br\/wp-content\/uploads\/2021\/12\/post-estudante-de-adm.jpg","keywords":["Administra\u00e7\u00e3o","Vida Universit\u00e1ria"],"articleSection":["Administra\u00e7\u00e3o","Cursos"],"inLanguage":"pt-BR","potentialAction":[{"@type":"CommentAction","name":"Comment","target":["https:\/\/blog.saocamilo-sp.br\/index.php\/2021\/12\/21\/administracao-com-enfase-na-area-da-saude\/#respond"]}]},{"@type":"WebPage","@id":"https:\/\/blog.saocamilo-sp.br\/index.php\/2021\/12\/21\/administracao-com-enfase-na-area-da-saude\/","url":"https:\/\/blog.saocamilo-sp.br\/index.php\/2021\/12\/21\/administracao-com-enfase-na-area-da-saude\/","name":"Administra\u00e7\u00e3o com \u00eanfase na \u00e1rea da sa\u00fade","isPartOf":{"@id":"https:\/\/blog.saocamilo-sp.br\/#website"},"primaryImageOfPage":{"@id":"https:\/\/blog.saocamilo-sp.br\/index.php\/2021\/12\/21\/administracao-com-enfase-na-area-da-saude\/#primaryimage"},"image":{"@id":"https:\/\/blog.saocamilo-sp.br\/index.php\/2021\/12\/21\/administracao-com-enfase-na-area-da-saude\/#primaryimage"},"thumbnailUrl":"https:\/\/blog.saocamilo-sp.br\/wp-content\/uploads\/2021\/12\/post-estudante-de-adm.jpg","datePublished":"2021-12-21T16:15:30+00:00","dateModified":"2023-02-02T17:13:25+00:00","description":"A S\u00e3o Camilo aproveita toda sua experi\u00eancia para oferecer no curso de administra\u00e7\u00e3o um conjunto de disciplinas espec\u00edficas na \u00e1rea da sa\u00fade","breadcrumb":{"@id":"https:\/\/blog.saocamilo-sp.br\/index.php\/2021\/12\/21\/administracao-com-enfase-na-area-da-saude\/#breadcrumb"},"inLanguage":"pt-BR","potentialAction":[{"@type":"ReadAction","target":["https:\/\/blog.saocamilo-sp.br\/index.php\/2021\/12\/21\/administracao-com-enfase-na-area-da-saude\/"]}]},{"@type":"ImageObject","inLanguage":"pt-BR","@id":"https:\/\/blog.saocamilo-sp.br\/index.php\/2021\/12\/21\/administracao-com-enfase-na-area-da-saude\/#primaryimage","url":"https:\/\/blog.saocamilo-sp.br\/wp-content\/uploads\/2021\/12\/post-estudante-de-adm.jpg","contentUrl":"https:\/\/blog.saocamilo-sp.br\/wp-content\/uploads\/2021\/12\/post-estudante-de-adm.jpg","width":1620,"height":1080},{"@type":"BreadcrumbList","@id":"https:\/\/blog.saocamilo-sp.br\/index.php\/2021\/12\/21\/administracao-com-enfase-na-area-da-saude\/#breadcrumb","itemListElement":[{"@type":"ListItem","position":1,"name":"In\u00edcio","item":"https:\/\/blog.saocamilo-sp.br\/"},{"@type":"ListItem","position":2,"name":"Administra\u00e7\u00e3o com \u00eanfase na \u00e1rea da sa\u00fade"}]},{"@type":"WebSite","@id":"https:\/\/blog.saocamilo-sp.br\/#website","url":"https:\/\/blog.saocamilo-sp.br\/","name":"Blog S\u00e3o Camilo","description":"Blog do Centro Universit\u00e1rio S\u00e3o Camilo","publisher":{"@id":"https:\/\/blog.saocamilo-sp.br\/#organization"},"potentialAction":[{"@type":"SearchAction","target":{"@type":"EntryPoint","urlTemplate":"https:\/\/blog.saocamilo-sp.br\/?s={search_term_string}"},"query-input":{"@type":"PropertyValueSpecification","valueRequired":true,"valueName":"search_term_string"}}],"inLanguage":"pt-BR"},{"@type":"Organization","@id":"https:\/\/blog.saocamilo-sp.br\/#organization","name":"Blog S\u00e3o Camilo","url":"https:\/\/blog.saocamilo-sp.br\/","logo":{"@type":"ImageObject","inLanguage":"pt-BR","@id":"https:\/\/blog.saocamilo-sp.br\/#\/schema\/logo\/image\/","url":"https:\/\/blog.saocamilo-sp.br\/wp-content\/uploads\/2021\/12\/cropped-vazio-logo-topo.png","contentUrl":"https:\/\/blog.saocamilo-sp.br\/wp-content\/uploads\/2021\/12\/cropped-vazio-logo-topo.png","width":320,"height":240,"caption":"Blog S\u00e3o Camilo"},"image":{"@id":"https:\/\/blog.saocamilo-sp.br\/#\/schema\/logo\/image\/"},"sameAs":["https:\/\/www.facebook.com\/saocamilosp","https:\/\/x.com\/saocamilosp","https:\/\/www.linkedin.com\/school\/centro-universit-rio-s-o-camilo\/"]},{"@type":"Person","@id":"https:\/\/blog.saocamilo-sp.br\/#\/schema\/person\/2f1abef72dd95b45ae5f8e75003b32a9","name":"Giancarlo Bonato","image":{"@type":"ImageObject","inLanguage":"pt-BR","@id":"https:\/\/secure.gravatar.com\/avatar\/cbed0d57a74836e8481bb4b2ac15163f24841505b47ce8f4d0b58343bcbe6d77?s=96&d=mm&r=g","url":"https:\/\/secure.gravatar.com\/avatar\/cbed0d57a74836e8481bb4b2ac15163f24841505b47ce8f4d0b58343bcbe6d77?s=96&d=mm&r=g","contentUrl":"https:\/\/secure.gravatar.com\/avatar\/cbed0d57a74836e8481bb4b2ac15163f24841505b47ce8f4d0b58343bcbe6d77?s=96&d=mm&r=g","caption":"Giancarlo Bonato"},"url":"https:\/\/blog.saocamilo-sp.br\/index.php\/author\/gbonato\/"}]}},"_links":{"self":[{"href":"https:\/\/blog.saocamilo-sp.br\/index.php\/wp-json\/wp\/v2\/posts\/231","targetHints":{"allow":["GET"]}}],"collection":[{"href":"https:\/\/blog.saocamilo-sp.br\/index.php\/wp-json\/wp\/v2\/posts"}],"about":[{"href":"https:\/\/blog.saocamilo-sp.br\/index.php\/wp-json\/wp\/v2\/types\/post"}],"author":[{"embeddable":true,"href":"https:\/\/blog.saocamilo-sp.br\/index.php\/wp-json\/wp\/v2\/users\/5"}],"replies":[{"embeddable":true,"href":"https:\/\/blog.saocamilo-sp.br\/index.php\/wp-json\/wp\/v2\/comments?post=231"}],"version-history":[{"count":8,"href":"https:\/\/blog.saocamilo-sp.br\/index.php\/wp-json\/wp\/v2\/posts\/231\/revisions"}],"predecessor-version":[{"id":784,"href":"https:\/\/blog.saocamilo-sp.br\/index.php\/wp-json\/wp\/v2\/posts\/231\/revisions\/784"}],"wp:featuredmedia":[{"embeddable":true,"href":"https:\/\/blog.saocamilo-sp.br\/index.php\/wp-json\/wp\/v2\/media\/232"}],"wp:attachment":[{"href":"https:\/\/blog.saocamilo-sp.br\/index.php\/wp-json\/wp\/v2\/media?parent=231"}],"wp:term":[{"taxonomy":"category","embeddable":true,"href":"https:\/\/blog.saocamilo-sp.br\/index.php\/wp-json\/wp\/v2\/categories?post=231"},{"taxonomy":"post_tag","embeddable":true,"href":"https:\/\/blog.saocamilo-sp.br\/index.php\/wp-json\/wp\/v2\/tags?post=231"}],"curies":[{"name":"wp","href":"https:\/\/api.w.org\/{rel}","templated":true}]}}