{"id":2310,"date":"2024-02-13T15:13:57","date_gmt":"2024-02-13T18:13:57","guid":{"rendered":"https:\/\/blog.saocamilo-sp.br\/?p=2310"},"modified":"2024-02-15T18:46:54","modified_gmt":"2024-02-15T21:46:54","slug":"mestrado-profissional-nutricao-sao-camilo","status":"publish","type":"post","link":"https:\/\/blog.saocamilo-sp.br\/index.php\/2024\/02\/13\/mestrado-profissional-nutricao-sao-camilo\/","title":{"rendered":"Mestrado em Nutri\u00e7\u00e3o da S\u00e3o Camilo: oportunidade para diversas carreiras"},"content":{"rendered":"\n<p><br>O Centro Universit\u00e1rio S\u00e3o Camilo, reconhecido por sua tradi\u00e7\u00e3o em formar profissionais de excel\u00eancia na sa\u00fade, apresenta o Programa de <a href=\"https:\/\/saocamilo-sp.br\/pos_graduacao\/stricto_sensu\/mestrado_nutricao\" target=\"_blank\" rel=\"noreferrer noopener\">P\u00f3s-gradua\u00e7\u00e3o Stricto Sensu: Mestrado Profissional em Nutri\u00e7\u00e3o \u2013 do Nascimento \u00e0 Adolesc\u00eancia<\/a>. Aprovado pela CAPES, o programa consolida a expertise camiliana, proporcionando uma forma\u00e7\u00e3o s\u00f3lida em Nutri\u00e7\u00e3o com \u00eanfase na aplica\u00e7\u00e3o da metodologia cient\u00edfica e atua\u00e7\u00e3o multidisciplinar.<\/p>\n\n\n\n<h2 class=\"wp-block-heading\">Qual a diferen\u00e7a entre Mestrado Profissional e Mestrado Acad\u00eamico?<\/h2>\n\n\n\n<p>O Mestrado Profissional \u00e9 uma modalidade de p\u00f3s-gradua\u00e7\u00e3o que se destaca por unir o rigor acad\u00eamico \u00e0 aplica\u00e7\u00e3o pr\u00e1tica no ambiente profissional. Diferentemente do mestrado acad\u00eamico, que tem um foco mais voltado para a pesquisa e prepara\u00e7\u00e3o para a carreira acad\u00eamica, o mestrado profissional est\u00e1 direcionado para atender \u00e0s demandas espec\u00edficas do mercado de trabalho.<\/p>\n\n\n\n<h2 class=\"wp-block-heading\">A quem se destina o Mestrado Profissional em Nutri\u00e7\u00e3o da S\u00e3o Camilo?<\/h2>\n\n\n\n<p>Destinado n\u00e3o apenas a nutricionistas, mas tamb\u00e9m a profissionais de diversas carreiras, o curso tem foco nas \u00e1reas de pediatria e hebiatria. Torna-se uma oportunidade \u00fanica para especializa\u00e7\u00e3o e contribui\u00e7\u00e3o significativa para a sa\u00fade dessa faixa et\u00e1ria. O p\u00fablico-alvo engloba: nutricionistas, m\u00e9dicos, educadores f\u00edsicos, psic\u00f3logos, fisioterapeutas e enfermeiros que atuam em especialidades pedi\u00e1tricas e hebi\u00e1tricas.<\/p>\n\n\n\n<h2 class=\"wp-block-heading\"><strong>Nutricionistas: mestrado permite o aprofundamento em diversas vertentes<\/strong><\/h2>\n\n\n\n<p>Para os nutricionistas, o Mestrado Profissional em Nutri\u00e7\u00e3o da S\u00e3o Camilo representa uma valiosa oportunidade de enriquecimento profissional. Ao adentrar nas \u00e1reas especializadas de cl\u00ednica esportiva, comunit\u00e1ria e cl\u00ednica, este curso proporciona uma amplia\u00e7\u00e3o significativa de compet\u00eancias. O nutricionista, ao se engajar nesse programa, n\u00e3o apenas aprimora seu conhecimento t\u00e9cnico, mas tamb\u00e9m desenvolve uma expertise espec\u00edfica voltada para a faixa et\u00e1ria que vai do nascimento \u00e0 adolesc\u00eancia. Dessa forma, o profissional n\u00e3o apenas se beneficia com um aprofundamento em suas habilidades, mas tamb\u00e9m se destaca por uma atua\u00e7\u00e3o mais especializada e abrangente, contribuindo de maneira significativa para a sa\u00fade nutricional nesse crucial per\u00edodo de desenvolvimento.<\/p>\n\n\n\n<h2 class=\"wp-block-heading\"><strong>M\u00e9dicos: complementa\u00e7\u00e3o na abordagem nutricional<\/strong><\/h2>\n\n\n\n<p>O Mestrado Profissional em Nutri\u00e7\u00e3o da S\u00e3o Camilo oferece aos m\u00e9dicos uma oportunidade \u00fanica de aprimoramento, integrando aspectos nutricionais para uma abordagem abrangente na sa\u00fade e preven\u00e7\u00e3o de doen\u00e7as. Destacando-se por desenvolver compet\u00eancias al\u00e9m da pr\u00e1tica m\u00e9dica convencional, o programa enriquece a compreens\u00e3o sobre a intera\u00e7\u00e3o entre nutri\u00e7\u00e3o e sa\u00fade global.<\/p>\n\n\n\n<p>Ent\u00e3o, ao explorar nuances nutricionais nas \u00e1reas hebi\u00e1tricas e pedi\u00e1tricas, os participantes fortalecem habilidades preventivas. Isso contribue para uma gest\u00e3o proativa da sa\u00fade dos pacientes. A interdisciplinaridade promovida prepara m\u00e9dicos para uma colabora\u00e7\u00e3o eficiente em equipes multidisciplinares. O que os torna profissionais capacitados a enfrentar os desafios da medicina preventiva e proporcionar cuidados integrados e completos ao paciente.<\/p>\n\n\n\n<h2 class=\"wp-block-heading\"><strong>Educadores F\u00edsicos: aliando nutri\u00e7\u00e3o e atividade f\u00edsica<\/strong><\/h2>\n\n\n\n<p>Dentro do contexto do Mestrado Profissional em Nutri\u00e7\u00e3o da S\u00e3o Camilo, os educadores f\u00edsicos t\u00eam uma oportunidade singular para aprimorar suas pr\u00e1ticas profissionais, com um foco especializado em crian\u00e7as e adolescentes. Al\u00e9m disso, ao integrar a nutri\u00e7\u00e3o aplicada a esse grupo et\u00e1rio, o curso prop\u00f5e uma abordagem inovadora e pr\u00e1tica. Isso capacita esses profissionais a promoverem sa\u00fade e bem-estar de maneira personalizada.<\/p>\n\n\n\n<p>A aten\u00e7\u00e3o \u00e0 aplica\u00e7\u00e3o pr\u00e1tica e ao desenvolvimento de estrat\u00e9gias nutricionais espec\u00edficas para jovens ativos destaca esses educadores f\u00edsicos como l\u00edderes na promo\u00e7\u00e3o de estilos de vida saud\u00e1veis entre as camadas mais jovens da popula\u00e7\u00e3o. Essa abordagem \u00fanica do curso possibilita que esses profissionais se destaquem na implementa\u00e7\u00e3o de pr\u00e1ticas inovadoras, contribuindo assim para o avan\u00e7o da sa\u00fade na juventude.<\/p>\n\n\n\n<p>Tamb\u00e9m merece destaque  a linha de pesquisa &#8220;Sa\u00fade e qualidade de vida na inf\u00e2ncia e adolesc\u00eancia&#8221;, que abrange a nutri\u00e7\u00e3o aplicada \u00e0s crian\u00e7as fisicamente ativas, al\u00e9m de projetos de pesquisa com crian\u00e7as e adolescentes atletas, bem como o desenvolvimento de aplicativos que integram o exerc\u00edcio f\u00edsico e a alimenta\u00e7\u00e3o.<\/p>\n\n\n\n<h2 class=\"wp-block-heading\"><strong>Psic\u00f3logos: <\/strong>relacionando a sa\u00fade mental e nutricional<\/h2>\n\n\n\n<p>Para os psic\u00f3logos, o Mestrado Profissional em Nutri\u00e7\u00e3o da S\u00e3o Camilo representa uma oportunidade \u00fanica de atuar nas \u00e1reas comportamentais da inf\u00e2ncia e adolesc\u00eancia. O curso oferece uma abordagem especializada no tratamento de quest\u00f5es relacionadas ao comportamento alimentar, transtornos alimentares e seletividade alimentar, promovendo uma vis\u00e3o integrada da sa\u00fade mental e nutricional.<\/p>\n\n\n\n<p>Durante o programa, os psic\u00f3logos aprofundam seu entendimento sobre as complexidades psicol\u00f3gicas associadas \u00e0 alimenta\u00e7\u00e3o, proporcionando-lhes ferramentas e estrat\u00e9gias para interven\u00e7\u00f5es mais eficazes. Essa vis\u00e3o integrada promovida pelo curso, destaca esses profissionais como agentes fundamentais na promo\u00e7\u00e3o da sa\u00fade mental e nutricional, especialmente durante a fase crucial da inf\u00e2ncia e adolesc\u00eancia. Essa abordagem \u00fanica oferece aos psic\u00f3logos as habilidades necess\u00e1rias para desempenhar um papel crucial no cuidado hol\u00edstico de jovens pacientes.<\/p>\n\n\n\n<h2 class=\"wp-block-heading\"><strong>Fisioterapeutas: rela\u00e7\u00e3o entre nutrientes e recupera\u00e7\u00e3o muscular<\/strong><\/h2>\n\n\n\n<p>O Mestrado Profissional em Nutri\u00e7\u00e3o da S\u00e3o Camilo oferece para os fisioterapeutas, a oportunidade de explorar a rela\u00e7\u00e3o entre nutrientes e recupera\u00e7\u00e3o muscular. Assim, o curso capacita esses profissionais a desenvolverem planos alimentares espec\u00edficos para condi\u00e7\u00f5es de sa\u00fade e reabilita\u00e7\u00e3o em crian\u00e7as e adolescentes, promovendo uma abordagem integrada para otimizar o processo de recupera\u00e7\u00e3o muscular.<\/p>\n\n\n\n<h2 class=\"wp-block-heading\">Enfermeiros: atua\u00e7\u00e3o abrangente na nutri\u00e7\u00e3o pedi\u00e1trica<\/h2>\n\n\n\n<p>Enfermeiros que escolhem o Mestrado Profissional em Nutri\u00e7\u00e3o da S\u00e3o Camilo t\u00eam a oportunidade de desempenhar um papel abrangente na \u00e1rea de nutri\u00e7\u00e3o pedi\u00e1trica. J\u00e1 que, o curso os capacita para realizar avalia\u00e7\u00f5es nutricionais pedi\u00e1tricas, lidar com nutri\u00e7\u00e3o neonatal, oferecer educa\u00e7\u00e3o nutricional aos pais e gerenciar casos nutricionais complexos no contexto hospitalar pedi\u00e1trico.<\/p>\n\n\n\n<p>Assim, essa abordagem integrada destaca os enfermeiros como protagonistas na promo\u00e7\u00e3o da sa\u00fade nutricional espec\u00edfica para crian\u00e7as e neonatos. Consequentemente, com conhecimentos avan\u00e7ados, os enfermeiros est\u00e3o preparados para enfrentar os desafios e proporcionar cuidados especializados no campo da nutri\u00e7\u00e3o pedi\u00e1trica, tornando-se pe\u00e7as-chave nas equipes de sa\u00fade dedicadas a essa popula\u00e7\u00e3o.<\/p>\n\n\n\n<h2 class=\"wp-block-heading\">Vantagens do Programa de Mestrado Profissional em Nutri\u00e7\u00e3o da S\u00e3o Camilo<\/h2>\n\n\n\n<p>O <a href=\"https:\/\/saocamilo-sp.br\/pos_graduacao\/stricto_sensu\/mestrado_nutricao\" target=\"_blank\" rel=\"noreferrer noopener\">Programa de P\u00f3s-gradua\u00e7\u00e3o Stricto Sensu: Mestrado Profissional em Nutri\u00e7\u00e3o do Centro Universit\u00e1rio S\u00e3o Camilo<\/a> n\u00e3o s\u00f3 oferece especializa\u00e7\u00e3o nas \u00e1reas mencionadas como tamb\u00e9m proporciona v\u00e1rias vantagens. Dessa maneira, possibilita a capacita\u00e7\u00e3o de profissionais para posi\u00e7\u00f5es mais relevantes, com maior responsabilidade e remunera\u00e7\u00e3o. Al\u00e9m disso, o curso incentiva o interc\u00e2mbio entre o mundo acad\u00eamico e profissional, promovendo uma vis\u00e3o inovadora e empreendedora. Al\u00e9m disso, abre portas para uma poss\u00edvel carreira docente.<\/p>\n\n\n\n<p>Com uma dura\u00e7\u00e3o de 24 meses, o curso destaca-se pela flexibilidade. As aulas presenciais ocupam de 10 a 12 meses, enquanto os demais s\u00e3o destinados \u00e0 constru\u00e7\u00e3o e execu\u00e7\u00e3o do projeto de pesquisa.<\/p>\n\n\n\n<p>Focado em An\u00e1lise Nutricional da Popula\u00e7\u00e3o, com linhas de pesquisa sobre Doen\u00e7as da Crian\u00e7a e do Adolescente e Sa\u00fade e Qualidade de Vida, o Mestrado \u00e9 reconhecido e homologado pelo CNE, refor\u00e7ando seu compromisso com a excel\u00eancia acad\u00eamica.<\/p>\n\n\n\n<p>Por fim, investir no Mestrado Profissional em Nutri\u00e7\u00e3o na S\u00e3o Camilo \u00e9 a oportunidade para profissionais de diversas \u00e1reas se destacarem e contribu\u00edrem significativamente para o avan\u00e7o da sa\u00fade nutricional da popula\u00e7\u00e3o.<\/p>\n\n\n\n<h2 class=\"wp-block-heading\">Sobre a coordena\u00e7\u00e3o do curso<\/h2>\n\n\n<div class=\"wp-block-image\">\n<figure class=\"alignleft size-full is-resized\"><img loading=\"lazy\" decoding=\"async\" src=\"https:\/\/blog.saocamilo-sp.br\/wp-content\/uploads\/2024\/02\/image-6.png\" alt=\"\" class=\"wp-image-2315\" width=\"169\" height=\"225\"\/><figcaption class=\"wp-element-caption\">Profa. Dra. Aline de Piano<\/figcaption><\/figure>\n<\/div>\n\n\n<p>Possui P\u00f3s-Doutorado pela Universidade Federal de S\u00e3o Paulo. Coordenadora do curso de Mestrado Profissional em Nutri\u00e7\u00e3o: do Nascimento \u00e0 Adolesc\u00eancia do Centro Universit\u00e1rio S\u00e3o Camilo. Docente do mestrado profissional em Nutri\u00e7\u00e3o e da gradua\u00e7\u00e3o de nutri\u00e7\u00e3o do Centro Universit\u00e1rio S\u00e3o Camilo. Possui gradua\u00e7\u00e3o em Nutri\u00e7\u00e3o pelo Centro Universit\u00e1rio S\u00e3o Camilo (2003). Mestre e Doutora em Ci\u00eancias pela Universidade Federal de S\u00e3o Paulo. Tem experi\u00eancia na \u00e1rea de Nutri\u00e7\u00e3o, com \u00eanfase em An\u00e1lise Nutricional de Popula\u00e7\u00e3o e sua linha de pesquisa \u00e9 Obesidade. Nos \u00faltimos 12 anos atuou em atendimento nutricional de crian\u00e7as e adolescentes com obesidade e com morbidades. Autora dos livros: Emagrecer com prazer: pequenas mudan\u00e7as, resultados duradouros; Obesidade Infantil: livro da Fam\u00edlia, livro do Educando e livro do Educador.<br><\/p>\n\n\n\n<h2 class=\"wp-block-heading\">Veja tamb\u00e9m<\/h2>\n\n\n\n<ul class=\"wp-block-list\">\n<li><a href=\"https:\/\/blog.saocamilo-sp.br\/index.php\/2023\/07\/26\/coordenadora-de-nutricao-fala-sobre-lancheiras-saudaveis-para-a-tv-globo\/\">Coordenadora de Nutri\u00e7\u00e3o fala sobre lancheiras saud\u00e1veis para a TV Globo<\/a><\/li>\n\n\n\n<li><a href=\"https:\/\/blog.saocamilo-sp.br\/index.php\/2023\/11\/01\/nutricao-e-medicina-trabalho-da-profa-fernanda-nakamoto-recebe-premio-de-1-lugar-no-congresso-de-nutricao-esportiva\/\">Trabalho da Profa. Fernanda Nakamoto conquista 1\u00b0 lugar no Congresso de Nutri\u00e7\u00e3o Esportiva<\/a><\/li>\n<\/ul>\n\n\n\n<p><\/p>\n\n\n\n<p>Saiba mais sobre nossos cursos:<\/p>\n\n\n\n<iframe loading=\"lazy\" src=\"https:\/\/saocamilo.apprbs.com.br\/tenho-interesse-blog\" height=\"530px\" width=\"100%\" frameborder=\"0\"><\/iframe>\n\n\n\n<p>Compartilhe em:<\/p>\n","protected":false},"excerpt":{"rendered":"<p>Com foco em pediatria e hebiatria, esse mestrado \u00e9 destinado n\u00e3o apenas a nutricionistas, mas tamb\u00e9m a profissionais de diversas carreiras.<\/p>\n","protected":false},"author":13,"featured_media":2311,"comment_status":"open","ping_status":"open","sticky":false,"template":"","format":"standard","meta":{"cybocfi_hide_featured_image":"yes","footnotes":""},"categories":[110],"tags":[152,154,153],"class_list":["post-2310","post","type-post","status-publish","format-standard","has-post-thumbnail","hentry","category-pos-graduacao","tag-mestrado","tag-mestrado-em-nutricao","tag-stricto-sensu"],"yoast_head":"<!-- This site is optimized with the Yoast SEO plugin v27.4 - https:\/\/yoast.com\/product\/yoast-seo-wordpress\/ -->\n<title>Mestrado em Nutri\u00e7\u00e3o da S\u00e3o Camilo: oportunidade para diversas carreiras<\/title>\n<meta name=\"description\" content=\"Com foco em pediatria e hebiatria, programa de mestrado destina-se n\u00e3o apenas a nutricionistas, mas a profissionais de diversas carreiras.\" \/>\n<meta name=\"robots\" content=\"index, follow, max-snippet:-1, max-image-preview:large, max-video-preview:-1\" \/>\n<link rel=\"canonical\" href=\"https:\/\/blog.saocamilo-sp.br\/index.php\/2024\/02\/13\/mestrado-profissional-nutricao-sao-camilo\/\" \/>\n<meta property=\"og:locale\" content=\"pt_BR\" \/>\n<meta property=\"og:type\" content=\"article\" \/>\n<meta property=\"og:title\" content=\"Mestrado em Nutri\u00e7\u00e3o da S\u00e3o Camilo: oportunidade para diversas carreiras\" \/>\n<meta property=\"og:description\" content=\"Com foco em pediatria e hebiatria, programa de mestrado destina-se n\u00e3o apenas a nutricionistas, mas a profissionais de diversas carreiras.\" \/>\n<meta property=\"og:url\" content=\"https:\/\/blog.saocamilo-sp.br\/index.php\/2024\/02\/13\/mestrado-profissional-nutricao-sao-camilo\/\" \/>\n<meta property=\"og:site_name\" content=\"Blog S\u00e3o Camilo\" \/>\n<meta property=\"article:publisher\" content=\"https:\/\/www.facebook.com\/saocamilosp\" \/>\n<meta property=\"article:published_time\" content=\"2024-02-13T18:13:57+00:00\" \/>\n<meta property=\"article:modified_time\" content=\"2024-02-15T21:46:54+00:00\" \/>\n<meta property=\"og:image\" content=\"https:\/\/blog.saocamilo-sp.br\/wp-content\/uploads\/2024\/02\/Mestrado-Profissional-em-Nutricao.png\" \/>\n\t<meta property=\"og:image:width\" content=\"1000\" \/>\n\t<meta property=\"og:image:height\" content=\"676\" \/>\n\t<meta property=\"og:image:type\" content=\"image\/png\" \/>\n<meta name=\"author\" content=\"Leandro Lafr\u00e1gola\" \/>\n<meta name=\"twitter:card\" content=\"summary_large_image\" \/>\n<meta name=\"twitter:creator\" content=\"@saocamilosp\" \/>\n<meta name=\"twitter:site\" content=\"@saocamilosp\" \/>\n<meta name=\"twitter:label1\" content=\"Escrito por\" \/>\n\t<meta name=\"twitter:data1\" content=\"Leandro Lafr\u00e1gola\" \/>\n\t<meta name=\"twitter:label2\" content=\"Est. tempo de leitura\" \/>\n\t<meta name=\"twitter:data2\" content=\"8 minutos\" \/>\n<script type=\"application\/ld+json\" class=\"yoast-schema-graph\">{\"@context\":\"https:\\\/\\\/schema.org\",\"@graph\":[{\"@type\":\"Article\",\"@id\":\"https:\\\/\\\/blog.saocamilo-sp.br\\\/index.php\\\/2024\\\/02\\\/13\\\/mestrado-profissional-nutricao-sao-camilo\\\/#article\",\"isPartOf\":{\"@id\":\"https:\\\/\\\/blog.saocamilo-sp.br\\\/index.php\\\/2024\\\/02\\\/13\\\/mestrado-profissional-nutricao-sao-camilo\\\/\"},\"author\":{\"name\":\"Leandro Lafr\u00e1gola\",\"@id\":\"https:\\\/\\\/blog.saocamilo-sp.br\\\/#\\\/schema\\\/person\\\/1a99645faaab0bb55105f817e866e19b\"},\"headline\":\"Mestrado em Nutri\u00e7\u00e3o da S\u00e3o Camilo: oportunidade para diversas carreiras\",\"datePublished\":\"2024-02-13T18:13:57+00:00\",\"dateModified\":\"2024-02-15T21:46:54+00:00\",\"mainEntityOfPage\":{\"@id\":\"https:\\\/\\\/blog.saocamilo-sp.br\\\/index.php\\\/2024\\\/02\\\/13\\\/mestrado-profissional-nutricao-sao-camilo\\\/\"},\"wordCount\":1484,\"commentCount\":0,\"publisher\":{\"@id\":\"https:\\\/\\\/blog.saocamilo-sp.br\\\/#organization\"},\"image\":{\"@id\":\"https:\\\/\\\/blog.saocamilo-sp.br\\\/index.php\\\/2024\\\/02\\\/13\\\/mestrado-profissional-nutricao-sao-camilo\\\/#primaryimage\"},\"thumbnailUrl\":\"https:\\\/\\\/blog.saocamilo-sp.br\\\/wp-content\\\/uploads\\\/2024\\\/02\\\/Mestrado-Profissional-em-Nutricao.png\",\"keywords\":[\"Mestrado\",\"Mestrado em Nutri\u00e7\u00e3o\",\"Stricto Sensu\"],\"articleSection\":[\"P\u00f3s-gradua\u00e7\u00e3o\"],\"inLanguage\":\"pt-BR\",\"potentialAction\":[{\"@type\":\"CommentAction\",\"name\":\"Comment\",\"target\":[\"https:\\\/\\\/blog.saocamilo-sp.br\\\/index.php\\\/2024\\\/02\\\/13\\\/mestrado-profissional-nutricao-sao-camilo\\\/#respond\"]}]},{\"@type\":\"WebPage\",\"@id\":\"https:\\\/\\\/blog.saocamilo-sp.br\\\/index.php\\\/2024\\\/02\\\/13\\\/mestrado-profissional-nutricao-sao-camilo\\\/\",\"url\":\"https:\\\/\\\/blog.saocamilo-sp.br\\\/index.php\\\/2024\\\/02\\\/13\\\/mestrado-profissional-nutricao-sao-camilo\\\/\",\"name\":\"Mestrado em Nutri\u00e7\u00e3o da S\u00e3o Camilo: oportunidade para diversas carreiras\",\"isPartOf\":{\"@id\":\"https:\\\/\\\/blog.saocamilo-sp.br\\\/#website\"},\"primaryImageOfPage\":{\"@id\":\"https:\\\/\\\/blog.saocamilo-sp.br\\\/index.php\\\/2024\\\/02\\\/13\\\/mestrado-profissional-nutricao-sao-camilo\\\/#primaryimage\"},\"image\":{\"@id\":\"https:\\\/\\\/blog.saocamilo-sp.br\\\/index.php\\\/2024\\\/02\\\/13\\\/mestrado-profissional-nutricao-sao-camilo\\\/#primaryimage\"},\"thumbnailUrl\":\"https:\\\/\\\/blog.saocamilo-sp.br\\\/wp-content\\\/uploads\\\/2024\\\/02\\\/Mestrado-Profissional-em-Nutricao.png\",\"datePublished\":\"2024-02-13T18:13:57+00:00\",\"dateModified\":\"2024-02-15T21:46:54+00:00\",\"description\":\"Com foco em pediatria e hebiatria, programa de mestrado destina-se n\u00e3o apenas a nutricionistas, mas a profissionais de diversas carreiras.\",\"breadcrumb\":{\"@id\":\"https:\\\/\\\/blog.saocamilo-sp.br\\\/index.php\\\/2024\\\/02\\\/13\\\/mestrado-profissional-nutricao-sao-camilo\\\/#breadcrumb\"},\"inLanguage\":\"pt-BR\",\"potentialAction\":[{\"@type\":\"ReadAction\",\"target\":[\"https:\\\/\\\/blog.saocamilo-sp.br\\\/index.php\\\/2024\\\/02\\\/13\\\/mestrado-profissional-nutricao-sao-camilo\\\/\"]}]},{\"@type\":\"BreadcrumbList\",\"@id\":\"https:\\\/\\\/blog.saocamilo-sp.br\\\/index.php\\\/2024\\\/02\\\/13\\\/mestrado-profissional-nutricao-sao-camilo\\\/#breadcrumb\",\"itemListElement\":[{\"@type\":\"ListItem\",\"position\":1,\"name\":\"In\u00edcio\",\"item\":\"https:\\\/\\\/blog.saocamilo-sp.br\\\/\"},{\"@type\":\"ListItem\",\"position\":2,\"name\":\"Mestrado em Nutri\u00e7\u00e3o da S\u00e3o Camilo: oportunidade para diversas carreiras\"}]},{\"@type\":\"WebSite\",\"@id\":\"https:\\\/\\\/blog.saocamilo-sp.br\\\/#website\",\"url\":\"https:\\\/\\\/blog.saocamilo-sp.br\\\/\",\"name\":\"Blog S\u00e3o Camilo\",\"description\":\"Blog do Centro Universit\u00e1rio S\u00e3o Camilo\",\"publisher\":{\"@id\":\"https:\\\/\\\/blog.saocamilo-sp.br\\\/#organization\"},\"potentialAction\":[{\"@type\":\"SearchAction\",\"target\":{\"@type\":\"EntryPoint\",\"urlTemplate\":\"https:\\\/\\\/blog.saocamilo-sp.br\\\/?s={search_term_string}\"},\"query-input\":{\"@type\":\"PropertyValueSpecification\",\"valueRequired\":true,\"valueName\":\"search_term_string\"}}],\"inLanguage\":\"pt-BR\"},{\"@type\":\"Organization\",\"@id\":\"https:\\\/\\\/blog.saocamilo-sp.br\\\/#organization\",\"name\":\"Blog S\u00e3o Camilo\",\"url\":\"https:\\\/\\\/blog.saocamilo-sp.br\\\/\",\"logo\":{\"@type\":\"ImageObject\",\"inLanguage\":\"pt-BR\",\"@id\":\"https:\\\/\\\/blog.saocamilo-sp.br\\\/#\\\/schema\\\/logo\\\/image\\\/\",\"url\":\"https:\\\/\\\/blog.saocamilo-sp.br\\\/wp-content\\\/uploads\\\/2021\\\/12\\\/cropped-vazio-logo-topo.png\",\"contentUrl\":\"https:\\\/\\\/blog.saocamilo-sp.br\\\/wp-content\\\/uploads\\\/2021\\\/12\\\/cropped-vazio-logo-topo.png\",\"width\":320,\"height\":240,\"caption\":\"Blog S\u00e3o Camilo\"},\"image\":{\"@id\":\"https:\\\/\\\/blog.saocamilo-sp.br\\\/#\\\/schema\\\/logo\\\/image\\\/\"},\"sameAs\":[\"https:\\\/\\\/www.facebook.com\\\/saocamilosp\",\"https:\\\/\\\/x.com\\\/saocamilosp\",\"https:\\\/\\\/www.linkedin.com\\\/school\\\/centro-universit-rio-s-o-camilo\\\/\"]},{\"@type\":\"Person\",\"@id\":\"https:\\\/\\\/blog.saocamilo-sp.br\\\/#\\\/schema\\\/person\\\/1a99645faaab0bb55105f817e866e19b\",\"name\":\"Leandro Lafr\u00e1gola\",\"image\":{\"@type\":\"ImageObject\",\"inLanguage\":\"pt-BR\",\"@id\":\"https:\\\/\\\/secure.gravatar.com\\\/avatar\\\/ec4232fb8d50d80f1c672353dc4c2876490e6a0a2a33d6572c0ba1fb78f115cf?s=96&d=mm&r=g\",\"url\":\"https:\\\/\\\/secure.gravatar.com\\\/avatar\\\/ec4232fb8d50d80f1c672353dc4c2876490e6a0a2a33d6572c0ba1fb78f115cf?s=96&d=mm&r=g\",\"contentUrl\":\"https:\\\/\\\/secure.gravatar.com\\\/avatar\\\/ec4232fb8d50d80f1c672353dc4c2876490e6a0a2a33d6572c0ba1fb78f115cf?s=96&d=mm&r=g\",\"caption\":\"Leandro Lafr\u00e1gola\"},\"url\":\"https:\\\/\\\/blog.saocamilo-sp.br\\\/index.php\\\/author\\\/llafragola\\\/\"}]}<\/script>\n<!-- \/ Yoast SEO plugin. -->","yoast_head_json":{"title":"Mestrado em Nutri\u00e7\u00e3o da S\u00e3o Camilo: oportunidade para diversas carreiras","description":"Com foco em pediatria e hebiatria, programa de mestrado destina-se n\u00e3o apenas a nutricionistas, mas a profissionais de diversas carreiras.","robots":{"index":"index","follow":"follow","max-snippet":"max-snippet:-1","max-image-preview":"max-image-preview:large","max-video-preview":"max-video-preview:-1"},"canonical":"https:\/\/blog.saocamilo-sp.br\/index.php\/2024\/02\/13\/mestrado-profissional-nutricao-sao-camilo\/","og_locale":"pt_BR","og_type":"article","og_title":"Mestrado em Nutri\u00e7\u00e3o da S\u00e3o Camilo: oportunidade para diversas carreiras","og_description":"Com foco em pediatria e hebiatria, programa de mestrado destina-se n\u00e3o apenas a nutricionistas, mas a profissionais de diversas carreiras.","og_url":"https:\/\/blog.saocamilo-sp.br\/index.php\/2024\/02\/13\/mestrado-profissional-nutricao-sao-camilo\/","og_site_name":"Blog S\u00e3o Camilo","article_publisher":"https:\/\/www.facebook.com\/saocamilosp","article_published_time":"2024-02-13T18:13:57+00:00","article_modified_time":"2024-02-15T21:46:54+00:00","og_image":[{"width":1000,"height":676,"url":"https:\/\/blog.saocamilo-sp.br\/wp-content\/uploads\/2024\/02\/Mestrado-Profissional-em-Nutricao.png","type":"image\/png"}],"author":"Leandro Lafr\u00e1gola","twitter_card":"summary_large_image","twitter_creator":"@saocamilosp","twitter_site":"@saocamilosp","twitter_misc":{"Escrito por":"Leandro Lafr\u00e1gola","Est. tempo de leitura":"8 minutos"},"schema":{"@context":"https:\/\/schema.org","@graph":[{"@type":"Article","@id":"https:\/\/blog.saocamilo-sp.br\/index.php\/2024\/02\/13\/mestrado-profissional-nutricao-sao-camilo\/#article","isPartOf":{"@id":"https:\/\/blog.saocamilo-sp.br\/index.php\/2024\/02\/13\/mestrado-profissional-nutricao-sao-camilo\/"},"author":{"name":"Leandro Lafr\u00e1gola","@id":"https:\/\/blog.saocamilo-sp.br\/#\/schema\/person\/1a99645faaab0bb55105f817e866e19b"},"headline":"Mestrado em Nutri\u00e7\u00e3o da S\u00e3o Camilo: oportunidade para diversas carreiras","datePublished":"2024-02-13T18:13:57+00:00","dateModified":"2024-02-15T21:46:54+00:00","mainEntityOfPage":{"@id":"https:\/\/blog.saocamilo-sp.br\/index.php\/2024\/02\/13\/mestrado-profissional-nutricao-sao-camilo\/"},"wordCount":1484,"commentCount":0,"publisher":{"@id":"https:\/\/blog.saocamilo-sp.br\/#organization"},"image":{"@id":"https:\/\/blog.saocamilo-sp.br\/index.php\/2024\/02\/13\/mestrado-profissional-nutricao-sao-camilo\/#primaryimage"},"thumbnailUrl":"https:\/\/blog.saocamilo-sp.br\/wp-content\/uploads\/2024\/02\/Mestrado-Profissional-em-Nutricao.png","keywords":["Mestrado","Mestrado em Nutri\u00e7\u00e3o","Stricto Sensu"],"articleSection":["P\u00f3s-gradua\u00e7\u00e3o"],"inLanguage":"pt-BR","potentialAction":[{"@type":"CommentAction","name":"Comment","target":["https:\/\/blog.saocamilo-sp.br\/index.php\/2024\/02\/13\/mestrado-profissional-nutricao-sao-camilo\/#respond"]}]},{"@type":"WebPage","@id":"https:\/\/blog.saocamilo-sp.br\/index.php\/2024\/02\/13\/mestrado-profissional-nutricao-sao-camilo\/","url":"https:\/\/blog.saocamilo-sp.br\/index.php\/2024\/02\/13\/mestrado-profissional-nutricao-sao-camilo\/","name":"Mestrado em Nutri\u00e7\u00e3o da S\u00e3o Camilo: oportunidade para diversas carreiras","isPartOf":{"@id":"https:\/\/blog.saocamilo-sp.br\/#website"},"primaryImageOfPage":{"@id":"https:\/\/blog.saocamilo-sp.br\/index.php\/2024\/02\/13\/mestrado-profissional-nutricao-sao-camilo\/#primaryimage"},"image":{"@id":"https:\/\/blog.saocamilo-sp.br\/index.php\/2024\/02\/13\/mestrado-profissional-nutricao-sao-camilo\/#primaryimage"},"thumbnailUrl":"https:\/\/blog.saocamilo-sp.br\/wp-content\/uploads\/2024\/02\/Mestrado-Profissional-em-Nutricao.png","datePublished":"2024-02-13T18:13:57+00:00","dateModified":"2024-02-15T21:46:54+00:00","description":"Com foco em pediatria e hebiatria, programa de mestrado destina-se n\u00e3o apenas a nutricionistas, mas a profissionais de diversas carreiras.","breadcrumb":{"@id":"https:\/\/blog.saocamilo-sp.br\/index.php\/2024\/02\/13\/mestrado-profissional-nutricao-sao-camilo\/#breadcrumb"},"inLanguage":"pt-BR","potentialAction":[{"@type":"ReadAction","target":["https:\/\/blog.saocamilo-sp.br\/index.php\/2024\/02\/13\/mestrado-profissional-nutricao-sao-camilo\/"]}]},{"@type":"BreadcrumbList","@id":"https:\/\/blog.saocamilo-sp.br\/index.php\/2024\/02\/13\/mestrado-profissional-nutricao-sao-camilo\/#breadcrumb","itemListElement":[{"@type":"ListItem","position":1,"name":"In\u00edcio","item":"https:\/\/blog.saocamilo-sp.br\/"},{"@type":"ListItem","position":2,"name":"Mestrado em Nutri\u00e7\u00e3o da S\u00e3o Camilo: oportunidade para diversas carreiras"}]},{"@type":"WebSite","@id":"https:\/\/blog.saocamilo-sp.br\/#website","url":"https:\/\/blog.saocamilo-sp.br\/","name":"Blog S\u00e3o Camilo","description":"Blog do Centro Universit\u00e1rio S\u00e3o Camilo","publisher":{"@id":"https:\/\/blog.saocamilo-sp.br\/#organization"},"potentialAction":[{"@type":"SearchAction","target":{"@type":"EntryPoint","urlTemplate":"https:\/\/blog.saocamilo-sp.br\/?s={search_term_string}"},"query-input":{"@type":"PropertyValueSpecification","valueRequired":true,"valueName":"search_term_string"}}],"inLanguage":"pt-BR"},{"@type":"Organization","@id":"https:\/\/blog.saocamilo-sp.br\/#organization","name":"Blog S\u00e3o Camilo","url":"https:\/\/blog.saocamilo-sp.br\/","logo":{"@type":"ImageObject","inLanguage":"pt-BR","@id":"https:\/\/blog.saocamilo-sp.br\/#\/schema\/logo\/image\/","url":"https:\/\/blog.saocamilo-sp.br\/wp-content\/uploads\/2021\/12\/cropped-vazio-logo-topo.png","contentUrl":"https:\/\/blog.saocamilo-sp.br\/wp-content\/uploads\/2021\/12\/cropped-vazio-logo-topo.png","width":320,"height":240,"caption":"Blog S\u00e3o Camilo"},"image":{"@id":"https:\/\/blog.saocamilo-sp.br\/#\/schema\/logo\/image\/"},"sameAs":["https:\/\/www.facebook.com\/saocamilosp","https:\/\/x.com\/saocamilosp","https:\/\/www.linkedin.com\/school\/centro-universit-rio-s-o-camilo\/"]},{"@type":"Person","@id":"https:\/\/blog.saocamilo-sp.br\/#\/schema\/person\/1a99645faaab0bb55105f817e866e19b","name":"Leandro Lafr\u00e1gola","image":{"@type":"ImageObject","inLanguage":"pt-BR","@id":"https:\/\/secure.gravatar.com\/avatar\/ec4232fb8d50d80f1c672353dc4c2876490e6a0a2a33d6572c0ba1fb78f115cf?s=96&d=mm&r=g","url":"https:\/\/secure.gravatar.com\/avatar\/ec4232fb8d50d80f1c672353dc4c2876490e6a0a2a33d6572c0ba1fb78f115cf?s=96&d=mm&r=g","contentUrl":"https:\/\/secure.gravatar.com\/avatar\/ec4232fb8d50d80f1c672353dc4c2876490e6a0a2a33d6572c0ba1fb78f115cf?s=96&d=mm&r=g","caption":"Leandro Lafr\u00e1gola"},"url":"https:\/\/blog.saocamilo-sp.br\/index.php\/author\/llafragola\/"}]}},"_links":{"self":[{"href":"https:\/\/blog.saocamilo-sp.br\/index.php\/wp-json\/wp\/v2\/posts\/2310","targetHints":{"allow":["GET"]}}],"collection":[{"href":"https:\/\/blog.saocamilo-sp.br\/index.php\/wp-json\/wp\/v2\/posts"}],"about":[{"href":"https:\/\/blog.saocamilo-sp.br\/index.php\/wp-json\/wp\/v2\/types\/post"}],"author":[{"embeddable":true,"href":"https:\/\/blog.saocamilo-sp.br\/index.php\/wp-json\/wp\/v2\/users\/13"}],"replies":[{"embeddable":true,"href":"https:\/\/blog.saocamilo-sp.br\/index.php\/wp-json\/wp\/v2\/comments?post=2310"}],"version-history":[{"count":7,"href":"https:\/\/blog.saocamilo-sp.br\/index.php\/wp-json\/wp\/v2\/posts\/2310\/revisions"}],"predecessor-version":[{"id":2340,"href":"https:\/\/blog.saocamilo-sp.br\/index.php\/wp-json\/wp\/v2\/posts\/2310\/revisions\/2340"}],"wp:featuredmedia":[{"embeddable":true,"href":"https:\/\/blog.saocamilo-sp.br\/index.php\/wp-json\/wp\/v2\/media\/2311"}],"wp:attachment":[{"href":"https:\/\/blog.saocamilo-sp.br\/index.php\/wp-json\/wp\/v2\/media?parent=2310"}],"wp:term":[{"taxonomy":"category","embeddable":true,"href":"https:\/\/blog.saocamilo-sp.br\/index.php\/wp-json\/wp\/v2\/categories?post=2310"},{"taxonomy":"post_tag","embeddable":true,"href":"https:\/\/blog.saocamilo-sp.br\/index.php\/wp-json\/wp\/v2\/tags?post=2310"}],"curies":[{"name":"wp","href":"https:\/\/api.w.org\/{rel}","templated":true}]}}