{"id":2323,"date":"2024-02-14T23:25:23","date_gmt":"2024-02-15T02:25:23","guid":{"rendered":"https:\/\/blog.saocamilo-sp.br\/?p=2323"},"modified":"2024-02-14T23:44:04","modified_gmt":"2024-02-15T02:44:04","slug":"fisioterapia-vestibular-sao-camilo","status":"publish","type":"post","link":"https:\/\/blog.saocamilo-sp.br\/index.php\/2024\/02\/14\/fisioterapia-vestibular-sao-camilo\/","title":{"rendered":"\u00daltima chance: vestibular de Fisioterapia da S\u00e3o Camilo vai at\u00e9 29\/02\/24"},"content":{"rendered":"\n<p>O curso de <a href=\"https:\/\/saocamilo-sp.br\/graduacao\/presencial\/fisioterapia\" target=\"_blank\" rel=\"noreferrer noopener\">Fisioterapia<\/a> do Centro Universit\u00e1rio S\u00e3o Camilo \u00e9 reconhecido pela sua qualidade acad\u00eamica e infraestrutura de destaque. Al\u00e9m disso, a renomada institui\u00e7\u00e3o possibilita que os estudantes tenham acesso a uma forma\u00e7\u00e3o completa, alinhada com as exig\u00eancias do mercado de trabalho. Al\u00e9m disso, eles t\u00eam a oportunidade de realizar est\u00e1gios supervisionados em diversos locais. Esses est\u00e1gios abrangem \u00e1reas como Dermatofuncional, Sa\u00fade da Mulher e atendimento domiciliar.<\/p>\n\n\n\n<p>Assim, os futuros fisioterapeutas contam ainda com recursos tecnol\u00f3gicos avan\u00e7ados, como avalia\u00e7\u00e3o tridimensional da coluna (VERT 3 D) e sala digital para um aprendizado din\u00e2mico. Por conseguinte, na <a href=\"https:\/\/saocamilo-sp.br\/institucional\/servicos_comunidade\/clnica_escola_promove\" target=\"_blank\" rel=\"noreferrer noopener\">Cl\u00ednica-escola PROMOVE S\u00e3o Camilo<\/a>, eles aplicam conhecimentos em um ambiente interdisciplinar, promovendo melhorias na qualidade de vida e autonomia.<\/p>\n\n\n\n<p>Ademais, os laborat\u00f3rios especializados, incluindo Cinesioterapia, Mecanoterapia, Eletroterapia, Habilidades T\u00e9cnicas, Ventila\u00e7\u00e3o Mec\u00e2nica e Laborat\u00f3rio com sistema 2-D de an\u00e1lise do movimento, garantem uma forma\u00e7\u00e3o completa para os alunos.<\/p>\n\n\n\n<p>O curso obteve nota 4 no ENADE, 4 estrelas de acordo com o Guia Quero|Estad\u00e3o da Faculdade. Al\u00e9m disso, est\u00e1 entre os tr\u00eas melhores cursos de Fisioterapia em S\u00e3o Paulo, segundo o RUF 2023.<\/p>\n\n\n\n<p><\/p>\n\n\n\n<h2 class=\"wp-block-heading\">Diferenciais do curso de Fisioterapia<\/h2>\n\n\n\n<p>Entre os principais diferenciais est\u00e3o:<\/p>\n\n\n\n<ul class=\"wp-block-list\">\n<li>Projeto pedag\u00f3gico alinhado \u00e0s Diretrizes Curriculares Nacionais, com excelentes indicadores de qualidade no INEP e padr\u00f5es recomendados pela ABENFISIO;<\/li>\n\n\n\n<li>Corpo docente altamente qualificado, composto por mestres e doutores, com vasta produ\u00e7\u00e3o cient\u00edfica em revistas conceituadas;<\/li>\n\n\n\n<li>N\u00famero expressivo de egressos em destaque nas melhores resid\u00eancias e p\u00f3s-gradua\u00e7\u00f5es do Pa\u00eds;<\/li>\n\n\n\n<li>Alta taxa de empregabilidade dos egressos, com mais de 85% empregados em um ano.<\/li>\n\n\n\n<li><\/li>\n<\/ul>\n\n\n\n<p><\/p>\n\n\n\n<h2 class=\"wp-block-heading\">Vestibular 2024.1<\/h2>\n\n\n\n<p>O curso de Fisioterapia \u00e9 oferecido no per\u00edodo matutino, nos campi Ipiranga e Pompeia, localizados na Av. Nazar\u00e9, 1501, e Rua. Raul Pompeia, 144, respectivamente, ambos em S\u00e3o Paulo. Os interessados podem se inscrever pelo site oficial: <a href=\"https:\/\/saocamilo-sp.br\/vestibular.\" target=\"_blank\" rel=\"noreferrer noopener\">https:\/\/saocamilo-sp.br\/vestibular.<\/a><\/p>\n\n\n\n<h2 class=\"wp-block-heading\">Modalidades de admiss\u00e3o<\/h2>\n\n\n\n<p><strong>Modalidades de Admiss\u00e3o:<\/strong><\/p>\n\n\n\n<ul class=\"wp-block-list\">\n<li><strong>ENEM:<\/strong> candidatos devem ter no m\u00ednimo 450 pontos (m\u00e9dia das 4 notas da prova objetiva) para bacharelados, e 400 pontos para cursos tecnol\u00f3gicos e licenciatura;<\/li>\n\n\n\n<li><strong>Aproveitamento de Processos Seletivos anteriores: <\/strong>exclusivo para participantes das edi\u00e7\u00f5es de 2023\/1 e 2023\/2;<\/li>\n\n\n\n<li><strong>Processo Seletivo Internacional: <\/strong>utiliza\u00e7\u00e3o das notas do IB \u2013 Internacional Baccalaureate Diploma, obtidas desde 2017, com \u00edndice igual ou superior a 24 pontos;<\/li>\n\n\n\n<li><strong>Reda\u00e7\u00e3o agendada:<\/strong> aplica\u00e7\u00e3o presencial em um dos campi, em data escolhida pelo candidato.<\/li>\n<\/ul>\n\n\n\n<p><\/p>\n\n\n\n<h2 class=\"wp-block-heading\">Per\u00edodo de inscri\u00e7\u00e3o<\/h2>\n\n\n\n<p>Os candidatos podem se inscrever at\u00e9 29\/02\/2024, seja para o ingresso por meio da nota do ENEM, aproveitamento de processos seletivos anteriores, vestibular agendado ou participa\u00e7\u00e3o no Processo Seletivo Internacional.<\/p>\n\n\n\n<h2 class=\"wp-block-heading\">Taxa de inscri\u00e7\u00e3o<\/h2>\n\n\n\n<p>N\u00e3o h\u00e1 taxa de inscri\u00e7\u00e3o para candidatos inscritos via ENEM ou aproveitamento de processos seletivos anteriores. Para os candidatos que optarem pelo processo seletivo agendado ou internacional, a taxa de inscri\u00e7\u00e3o \u00e9 de R$ 40,00 (quarenta reais).<\/p>\n\n\n\n<p>Por fim, o Centro Universit\u00e1rio S\u00e3o Camilo convida todos os interessados a fazerem parte dessa jornada acad\u00eamica e a constru\u00edrem um futuro de sucesso na \u00e1rea de Fisioterapia. Para mais informa\u00e7\u00f5es e inscri\u00e7\u00f5es, acesse a p\u00e1gina do curso: <a href=\"https:\/\/saocamilo-sp.br\/graduacao\/presencial\/fisioterapia.\" target=\"_blank\" rel=\"noreferrer noopener\">https:\/\/saocamilo-sp.br\/graduacao\/presencial\/fisioterapia.<\/a><\/p>\n\n\n\n<h2 class=\"wp-block-heading\">Sobre o Centro Universit\u00e1rio S\u00e3o Camilo<\/h2>\n\n\n\n<p>A Institui\u00e7\u00e3o, reconhecida por seus valores \u00e9ticos, al\u00e9m disso dedica-se a preparar profissionais que n\u00e3o apenas dominem suas \u00e1reas de atua\u00e7\u00e3o, mas tamb\u00e9m compreendam a import\u00e2ncia do comprometimento social. Com uma trajet\u00f3ria de excel\u00eancia acad\u00eamica, o <a href=\"https:\/\/saocamilo-sp.br\/\" target=\"_blank\" rel=\"noreferrer noopener\">Centro Universit\u00e1rio S\u00e3o Camilo<\/a> oferece desde cursos de gradua\u00e7\u00e3o at\u00e9 p\u00f3s-gradua\u00e7\u00e3o (lato e stricto-sensu), proporcionando uma forma\u00e7\u00e3o completa e alinhada \u00e0s demandas do mercado.<br><br><\/p>\n\n\n\n<h2 class=\"wp-block-heading\">Veja tamb\u00e9m<\/h2>\n\n\n\n<ul class=\"wp-block-list\">\n<li><a href=\"https:\/\/blog.saocamilo-sp.br\/index.php\/2021\/11\/03\/curso-de-fisioterapia-um-amor-alem-da-reabilitacao-da-saude\/\">Curso de Fisioterapia: um amor al\u00e9m da reabilita\u00e7\u00e3o da sa\u00fade<\/a><\/li>\n\n\n\n<li><a href=\"https:\/\/blog.saocamilo-sp.br\/index.php\/2023\/09\/14\/parceria-entre-a-clinica-escola-promove-sao-camilo-e-o-instituto-baccarelli-transforma-vidas-com-musica-e-cuidado\/\">Cl\u00ednica-escola PROMOVE S\u00e3o Camilo e Instituto Baccarelli: arte e cuidado mudam vidas<\/a><\/li>\n<\/ul>\n\n\n\n<p><\/p>\n\n\n\n<p>Saiba mais sobre nossos cursos:<\/p>\n\n\n\n<iframe loading=\"lazy\" src=\"https:\/\/saocamilo.apprbs.com.br\/tenho-interesse-blog\" height=\"530px\" width=\"100%\" frameborder=\"0\"><\/iframe>\n\n\n\n<p>Compartilhe em:<\/p>\n","protected":false},"excerpt":{"rendered":"<p>O curso de Fisioterapia da S\u00e3o Camilo est\u00e1 entre os tr\u00eas melhores da cidade de S\u00e3o Paulo segundo o Ranking Universit\u00e1rio Folha.<\/p>\n","protected":false},"author":13,"featured_media":2324,"comment_status":"open","ping_status":"open","sticky":false,"template":"","format":"standard","meta":{"cybocfi_hide_featured_image":"yes","footnotes":""},"categories":[29,91,85],"tags":[155,18],"class_list":["post-2323","post","type-post","status-publish","format-standard","has-post-thumbnail","hentry","category-fisioterapia","category-institucional","category-vestibular","tag-fisiterapia","tag-vestibular"],"yoast_head":"<!-- This site is optimized with the Yoast SEO plugin v27.5 - https:\/\/yoast.com\/product\/yoast-seo-wordpress\/ -->\n<title>\u00daltima chance: vestibular de Fisioterapia da S\u00e3o Camilo vai at\u00e9 29\/02\/24<\/title>\n<meta name=\"description\" content=\"O curso de Fisioterapia da S\u00e3o Camilo est\u00e1 entre os tr\u00eas melhores da cidade de S\u00e3o Paulo segundo o Ranking Universit\u00e1rio Folha.\" \/>\n<meta name=\"robots\" content=\"index, follow, max-snippet:-1, max-image-preview:large, max-video-preview:-1\" \/>\n<link rel=\"canonical\" href=\"https:\/\/blog.saocamilo-sp.br\/index.php\/2024\/02\/14\/fisioterapia-vestibular-sao-camilo\/\" \/>\n<meta property=\"og:locale\" content=\"pt_BR\" \/>\n<meta property=\"og:type\" content=\"article\" \/>\n<meta property=\"og:title\" content=\"\u00daltima chance: vestibular de Fisioterapia da S\u00e3o Camilo vai at\u00e9 29\/02\/24\" \/>\n<meta property=\"og:description\" content=\"O curso de Fisioterapia da S\u00e3o Camilo est\u00e1 entre os tr\u00eas melhores da cidade de S\u00e3o Paulo segundo o Ranking Universit\u00e1rio Folha.\" \/>\n<meta property=\"og:url\" content=\"https:\/\/blog.saocamilo-sp.br\/index.php\/2024\/02\/14\/fisioterapia-vestibular-sao-camilo\/\" \/>\n<meta property=\"og:site_name\" content=\"Blog S\u00e3o Camilo\" \/>\n<meta property=\"article:publisher\" content=\"https:\/\/www.facebook.com\/saocamilosp\" \/>\n<meta property=\"article:published_time\" content=\"2024-02-15T02:25:23+00:00\" \/>\n<meta property=\"article:modified_time\" content=\"2024-02-15T02:44:04+00:00\" \/>\n<meta property=\"og:image\" content=\"https:\/\/blog.saocamilo-sp.br\/wp-content\/uploads\/2024\/02\/Vestibular-Fisioterapia.png\" \/>\n\t<meta property=\"og:image:width\" content=\"1000\" \/>\n\t<meta property=\"og:image:height\" content=\"676\" \/>\n\t<meta property=\"og:image:type\" content=\"image\/png\" \/>\n<meta name=\"author\" content=\"Leandro Lafr\u00e1gola\" \/>\n<meta name=\"twitter:card\" content=\"summary_large_image\" \/>\n<meta name=\"twitter:creator\" content=\"@saocamilosp\" \/>\n<meta name=\"twitter:site\" content=\"@saocamilosp\" \/>\n<meta name=\"twitter:label1\" content=\"Escrito por\" \/>\n\t<meta name=\"twitter:data1\" content=\"Leandro Lafr\u00e1gola\" \/>\n\t<meta name=\"twitter:label2\" content=\"Est. tempo de leitura\" \/>\n\t<meta name=\"twitter:data2\" content=\"4 minutos\" \/>\n<script type=\"application\/ld+json\" class=\"yoast-schema-graph\">{\"@context\":\"https:\\\/\\\/schema.org\",\"@graph\":[{\"@type\":\"Article\",\"@id\":\"https:\\\/\\\/blog.saocamilo-sp.br\\\/index.php\\\/2024\\\/02\\\/14\\\/fisioterapia-vestibular-sao-camilo\\\/#article\",\"isPartOf\":{\"@id\":\"https:\\\/\\\/blog.saocamilo-sp.br\\\/index.php\\\/2024\\\/02\\\/14\\\/fisioterapia-vestibular-sao-camilo\\\/\"},\"author\":{\"name\":\"Leandro Lafr\u00e1gola\",\"@id\":\"https:\\\/\\\/blog.saocamilo-sp.br\\\/#\\\/schema\\\/person\\\/1a99645faaab0bb55105f817e866e19b\"},\"headline\":\"\u00daltima chance: vestibular de Fisioterapia da S\u00e3o Camilo vai at\u00e9 29\\\/02\\\/24\",\"datePublished\":\"2024-02-15T02:25:23+00:00\",\"dateModified\":\"2024-02-15T02:44:04+00:00\",\"mainEntityOfPage\":{\"@id\":\"https:\\\/\\\/blog.saocamilo-sp.br\\\/index.php\\\/2024\\\/02\\\/14\\\/fisioterapia-vestibular-sao-camilo\\\/\"},\"wordCount\":664,\"commentCount\":0,\"publisher\":{\"@id\":\"https:\\\/\\\/blog.saocamilo-sp.br\\\/#organization\"},\"image\":{\"@id\":\"https:\\\/\\\/blog.saocamilo-sp.br\\\/index.php\\\/2024\\\/02\\\/14\\\/fisioterapia-vestibular-sao-camilo\\\/#primaryimage\"},\"thumbnailUrl\":\"https:\\\/\\\/blog.saocamilo-sp.br\\\/wp-content\\\/uploads\\\/2024\\\/02\\\/Vestibular-Fisioterapia.png\",\"keywords\":[\"Fisiterapia\",\"Vestibular\"],\"articleSection\":[\"Fisioterapia\",\"Institucional\",\"Vestibular\"],\"inLanguage\":\"pt-BR\",\"potentialAction\":[{\"@type\":\"CommentAction\",\"name\":\"Comment\",\"target\":[\"https:\\\/\\\/blog.saocamilo-sp.br\\\/index.php\\\/2024\\\/02\\\/14\\\/fisioterapia-vestibular-sao-camilo\\\/#respond\"]}]},{\"@type\":\"WebPage\",\"@id\":\"https:\\\/\\\/blog.saocamilo-sp.br\\\/index.php\\\/2024\\\/02\\\/14\\\/fisioterapia-vestibular-sao-camilo\\\/\",\"url\":\"https:\\\/\\\/blog.saocamilo-sp.br\\\/index.php\\\/2024\\\/02\\\/14\\\/fisioterapia-vestibular-sao-camilo\\\/\",\"name\":\"\u00daltima chance: vestibular de Fisioterapia da S\u00e3o Camilo vai at\u00e9 29\\\/02\\\/24\",\"isPartOf\":{\"@id\":\"https:\\\/\\\/blog.saocamilo-sp.br\\\/#website\"},\"primaryImageOfPage\":{\"@id\":\"https:\\\/\\\/blog.saocamilo-sp.br\\\/index.php\\\/2024\\\/02\\\/14\\\/fisioterapia-vestibular-sao-camilo\\\/#primaryimage\"},\"image\":{\"@id\":\"https:\\\/\\\/blog.saocamilo-sp.br\\\/index.php\\\/2024\\\/02\\\/14\\\/fisioterapia-vestibular-sao-camilo\\\/#primaryimage\"},\"thumbnailUrl\":\"https:\\\/\\\/blog.saocamilo-sp.br\\\/wp-content\\\/uploads\\\/2024\\\/02\\\/Vestibular-Fisioterapia.png\",\"datePublished\":\"2024-02-15T02:25:23+00:00\",\"dateModified\":\"2024-02-15T02:44:04+00:00\",\"description\":\"O curso de Fisioterapia da S\u00e3o Camilo est\u00e1 entre os tr\u00eas melhores da cidade de S\u00e3o Paulo segundo o Ranking Universit\u00e1rio Folha.\",\"breadcrumb\":{\"@id\":\"https:\\\/\\\/blog.saocamilo-sp.br\\\/index.php\\\/2024\\\/02\\\/14\\\/fisioterapia-vestibular-sao-camilo\\\/#breadcrumb\"},\"inLanguage\":\"pt-BR\",\"potentialAction\":[{\"@type\":\"ReadAction\",\"target\":[\"https:\\\/\\\/blog.saocamilo-sp.br\\\/index.php\\\/2024\\\/02\\\/14\\\/fisioterapia-vestibular-sao-camilo\\\/\"]}]},{\"@type\":\"BreadcrumbList\",\"@id\":\"https:\\\/\\\/blog.saocamilo-sp.br\\\/index.php\\\/2024\\\/02\\\/14\\\/fisioterapia-vestibular-sao-camilo\\\/#breadcrumb\",\"itemListElement\":[{\"@type\":\"ListItem\",\"position\":1,\"name\":\"In\u00edcio\",\"item\":\"https:\\\/\\\/blog.saocamilo-sp.br\\\/\"},{\"@type\":\"ListItem\",\"position\":2,\"name\":\"\u00daltima chance: vestibular de Fisioterapia da S\u00e3o Camilo vai at\u00e9 29\\\/02\\\/24\"}]},{\"@type\":\"WebSite\",\"@id\":\"https:\\\/\\\/blog.saocamilo-sp.br\\\/#website\",\"url\":\"https:\\\/\\\/blog.saocamilo-sp.br\\\/\",\"name\":\"Blog S\u00e3o Camilo\",\"description\":\"Blog do Centro Universit\u00e1rio S\u00e3o Camilo\",\"publisher\":{\"@id\":\"https:\\\/\\\/blog.saocamilo-sp.br\\\/#organization\"},\"potentialAction\":[{\"@type\":\"SearchAction\",\"target\":{\"@type\":\"EntryPoint\",\"urlTemplate\":\"https:\\\/\\\/blog.saocamilo-sp.br\\\/?s={search_term_string}\"},\"query-input\":{\"@type\":\"PropertyValueSpecification\",\"valueRequired\":true,\"valueName\":\"search_term_string\"}}],\"inLanguage\":\"pt-BR\"},{\"@type\":\"Organization\",\"@id\":\"https:\\\/\\\/blog.saocamilo-sp.br\\\/#organization\",\"name\":\"Blog S\u00e3o Camilo\",\"url\":\"https:\\\/\\\/blog.saocamilo-sp.br\\\/\",\"logo\":{\"@type\":\"ImageObject\",\"inLanguage\":\"pt-BR\",\"@id\":\"https:\\\/\\\/blog.saocamilo-sp.br\\\/#\\\/schema\\\/logo\\\/image\\\/\",\"url\":\"https:\\\/\\\/blog.saocamilo-sp.br\\\/wp-content\\\/uploads\\\/2021\\\/12\\\/cropped-vazio-logo-topo.png\",\"contentUrl\":\"https:\\\/\\\/blog.saocamilo-sp.br\\\/wp-content\\\/uploads\\\/2021\\\/12\\\/cropped-vazio-logo-topo.png\",\"width\":320,\"height\":240,\"caption\":\"Blog S\u00e3o Camilo\"},\"image\":{\"@id\":\"https:\\\/\\\/blog.saocamilo-sp.br\\\/#\\\/schema\\\/logo\\\/image\\\/\"},\"sameAs\":[\"https:\\\/\\\/www.facebook.com\\\/saocamilosp\",\"https:\\\/\\\/x.com\\\/saocamilosp\",\"https:\\\/\\\/www.linkedin.com\\\/school\\\/centro-universit-rio-s-o-camilo\\\/\"]},{\"@type\":\"Person\",\"@id\":\"https:\\\/\\\/blog.saocamilo-sp.br\\\/#\\\/schema\\\/person\\\/1a99645faaab0bb55105f817e866e19b\",\"name\":\"Leandro Lafr\u00e1gola\",\"image\":{\"@type\":\"ImageObject\",\"inLanguage\":\"pt-BR\",\"@id\":\"https:\\\/\\\/secure.gravatar.com\\\/avatar\\\/ec4232fb8d50d80f1c672353dc4c2876490e6a0a2a33d6572c0ba1fb78f115cf?s=96&d=mm&r=g\",\"url\":\"https:\\\/\\\/secure.gravatar.com\\\/avatar\\\/ec4232fb8d50d80f1c672353dc4c2876490e6a0a2a33d6572c0ba1fb78f115cf?s=96&d=mm&r=g\",\"contentUrl\":\"https:\\\/\\\/secure.gravatar.com\\\/avatar\\\/ec4232fb8d50d80f1c672353dc4c2876490e6a0a2a33d6572c0ba1fb78f115cf?s=96&d=mm&r=g\",\"caption\":\"Leandro Lafr\u00e1gola\"},\"url\":\"https:\\\/\\\/blog.saocamilo-sp.br\\\/index.php\\\/author\\\/llafragola\\\/\"}]}<\/script>\n<!-- \/ Yoast SEO plugin. -->","yoast_head_json":{"title":"\u00daltima chance: vestibular de Fisioterapia da S\u00e3o Camilo vai at\u00e9 29\/02\/24","description":"O curso de Fisioterapia da S\u00e3o Camilo est\u00e1 entre os tr\u00eas melhores da cidade de S\u00e3o Paulo segundo o Ranking Universit\u00e1rio Folha.","robots":{"index":"index","follow":"follow","max-snippet":"max-snippet:-1","max-image-preview":"max-image-preview:large","max-video-preview":"max-video-preview:-1"},"canonical":"https:\/\/blog.saocamilo-sp.br\/index.php\/2024\/02\/14\/fisioterapia-vestibular-sao-camilo\/","og_locale":"pt_BR","og_type":"article","og_title":"\u00daltima chance: vestibular de Fisioterapia da S\u00e3o Camilo vai at\u00e9 29\/02\/24","og_description":"O curso de Fisioterapia da S\u00e3o Camilo est\u00e1 entre os tr\u00eas melhores da cidade de S\u00e3o Paulo segundo o Ranking Universit\u00e1rio Folha.","og_url":"https:\/\/blog.saocamilo-sp.br\/index.php\/2024\/02\/14\/fisioterapia-vestibular-sao-camilo\/","og_site_name":"Blog S\u00e3o Camilo","article_publisher":"https:\/\/www.facebook.com\/saocamilosp","article_published_time":"2024-02-15T02:25:23+00:00","article_modified_time":"2024-02-15T02:44:04+00:00","og_image":[{"width":1000,"height":676,"url":"https:\/\/blog.saocamilo-sp.br\/wp-content\/uploads\/2024\/02\/Vestibular-Fisioterapia.png","type":"image\/png"}],"author":"Leandro Lafr\u00e1gola","twitter_card":"summary_large_image","twitter_creator":"@saocamilosp","twitter_site":"@saocamilosp","twitter_misc":{"Escrito por":"Leandro Lafr\u00e1gola","Est. tempo de leitura":"4 minutos"},"schema":{"@context":"https:\/\/schema.org","@graph":[{"@type":"Article","@id":"https:\/\/blog.saocamilo-sp.br\/index.php\/2024\/02\/14\/fisioterapia-vestibular-sao-camilo\/#article","isPartOf":{"@id":"https:\/\/blog.saocamilo-sp.br\/index.php\/2024\/02\/14\/fisioterapia-vestibular-sao-camilo\/"},"author":{"name":"Leandro Lafr\u00e1gola","@id":"https:\/\/blog.saocamilo-sp.br\/#\/schema\/person\/1a99645faaab0bb55105f817e866e19b"},"headline":"\u00daltima chance: vestibular de Fisioterapia da S\u00e3o Camilo vai at\u00e9 29\/02\/24","datePublished":"2024-02-15T02:25:23+00:00","dateModified":"2024-02-15T02:44:04+00:00","mainEntityOfPage":{"@id":"https:\/\/blog.saocamilo-sp.br\/index.php\/2024\/02\/14\/fisioterapia-vestibular-sao-camilo\/"},"wordCount":664,"commentCount":0,"publisher":{"@id":"https:\/\/blog.saocamilo-sp.br\/#organization"},"image":{"@id":"https:\/\/blog.saocamilo-sp.br\/index.php\/2024\/02\/14\/fisioterapia-vestibular-sao-camilo\/#primaryimage"},"thumbnailUrl":"https:\/\/blog.saocamilo-sp.br\/wp-content\/uploads\/2024\/02\/Vestibular-Fisioterapia.png","keywords":["Fisiterapia","Vestibular"],"articleSection":["Fisioterapia","Institucional","Vestibular"],"inLanguage":"pt-BR","potentialAction":[{"@type":"CommentAction","name":"Comment","target":["https:\/\/blog.saocamilo-sp.br\/index.php\/2024\/02\/14\/fisioterapia-vestibular-sao-camilo\/#respond"]}]},{"@type":"WebPage","@id":"https:\/\/blog.saocamilo-sp.br\/index.php\/2024\/02\/14\/fisioterapia-vestibular-sao-camilo\/","url":"https:\/\/blog.saocamilo-sp.br\/index.php\/2024\/02\/14\/fisioterapia-vestibular-sao-camilo\/","name":"\u00daltima chance: vestibular de Fisioterapia da S\u00e3o Camilo vai at\u00e9 29\/02\/24","isPartOf":{"@id":"https:\/\/blog.saocamilo-sp.br\/#website"},"primaryImageOfPage":{"@id":"https:\/\/blog.saocamilo-sp.br\/index.php\/2024\/02\/14\/fisioterapia-vestibular-sao-camilo\/#primaryimage"},"image":{"@id":"https:\/\/blog.saocamilo-sp.br\/index.php\/2024\/02\/14\/fisioterapia-vestibular-sao-camilo\/#primaryimage"},"thumbnailUrl":"https:\/\/blog.saocamilo-sp.br\/wp-content\/uploads\/2024\/02\/Vestibular-Fisioterapia.png","datePublished":"2024-02-15T02:25:23+00:00","dateModified":"2024-02-15T02:44:04+00:00","description":"O curso de Fisioterapia da S\u00e3o Camilo est\u00e1 entre os tr\u00eas melhores da cidade de S\u00e3o Paulo segundo o Ranking Universit\u00e1rio Folha.","breadcrumb":{"@id":"https:\/\/blog.saocamilo-sp.br\/index.php\/2024\/02\/14\/fisioterapia-vestibular-sao-camilo\/#breadcrumb"},"inLanguage":"pt-BR","potentialAction":[{"@type":"ReadAction","target":["https:\/\/blog.saocamilo-sp.br\/index.php\/2024\/02\/14\/fisioterapia-vestibular-sao-camilo\/"]}]},{"@type":"BreadcrumbList","@id":"https:\/\/blog.saocamilo-sp.br\/index.php\/2024\/02\/14\/fisioterapia-vestibular-sao-camilo\/#breadcrumb","itemListElement":[{"@type":"ListItem","position":1,"name":"In\u00edcio","item":"https:\/\/blog.saocamilo-sp.br\/"},{"@type":"ListItem","position":2,"name":"\u00daltima chance: vestibular de Fisioterapia da S\u00e3o Camilo vai at\u00e9 29\/02\/24"}]},{"@type":"WebSite","@id":"https:\/\/blog.saocamilo-sp.br\/#website","url":"https:\/\/blog.saocamilo-sp.br\/","name":"Blog S\u00e3o Camilo","description":"Blog do Centro Universit\u00e1rio S\u00e3o Camilo","publisher":{"@id":"https:\/\/blog.saocamilo-sp.br\/#organization"},"potentialAction":[{"@type":"SearchAction","target":{"@type":"EntryPoint","urlTemplate":"https:\/\/blog.saocamilo-sp.br\/?s={search_term_string}"},"query-input":{"@type":"PropertyValueSpecification","valueRequired":true,"valueName":"search_term_string"}}],"inLanguage":"pt-BR"},{"@type":"Organization","@id":"https:\/\/blog.saocamilo-sp.br\/#organization","name":"Blog S\u00e3o Camilo","url":"https:\/\/blog.saocamilo-sp.br\/","logo":{"@type":"ImageObject","inLanguage":"pt-BR","@id":"https:\/\/blog.saocamilo-sp.br\/#\/schema\/logo\/image\/","url":"https:\/\/blog.saocamilo-sp.br\/wp-content\/uploads\/2021\/12\/cropped-vazio-logo-topo.png","contentUrl":"https:\/\/blog.saocamilo-sp.br\/wp-content\/uploads\/2021\/12\/cropped-vazio-logo-topo.png","width":320,"height":240,"caption":"Blog S\u00e3o Camilo"},"image":{"@id":"https:\/\/blog.saocamilo-sp.br\/#\/schema\/logo\/image\/"},"sameAs":["https:\/\/www.facebook.com\/saocamilosp","https:\/\/x.com\/saocamilosp","https:\/\/www.linkedin.com\/school\/centro-universit-rio-s-o-camilo\/"]},{"@type":"Person","@id":"https:\/\/blog.saocamilo-sp.br\/#\/schema\/person\/1a99645faaab0bb55105f817e866e19b","name":"Leandro Lafr\u00e1gola","image":{"@type":"ImageObject","inLanguage":"pt-BR","@id":"https:\/\/secure.gravatar.com\/avatar\/ec4232fb8d50d80f1c672353dc4c2876490e6a0a2a33d6572c0ba1fb78f115cf?s=96&d=mm&r=g","url":"https:\/\/secure.gravatar.com\/avatar\/ec4232fb8d50d80f1c672353dc4c2876490e6a0a2a33d6572c0ba1fb78f115cf?s=96&d=mm&r=g","contentUrl":"https:\/\/secure.gravatar.com\/avatar\/ec4232fb8d50d80f1c672353dc4c2876490e6a0a2a33d6572c0ba1fb78f115cf?s=96&d=mm&r=g","caption":"Leandro Lafr\u00e1gola"},"url":"https:\/\/blog.saocamilo-sp.br\/index.php\/author\/llafragola\/"}]}},"_links":{"self":[{"href":"https:\/\/blog.saocamilo-sp.br\/index.php\/wp-json\/wp\/v2\/posts\/2323","targetHints":{"allow":["GET"]}}],"collection":[{"href":"https:\/\/blog.saocamilo-sp.br\/index.php\/wp-json\/wp\/v2\/posts"}],"about":[{"href":"https:\/\/blog.saocamilo-sp.br\/index.php\/wp-json\/wp\/v2\/types\/post"}],"author":[{"embeddable":true,"href":"https:\/\/blog.saocamilo-sp.br\/index.php\/wp-json\/wp\/v2\/users\/13"}],"replies":[{"embeddable":true,"href":"https:\/\/blog.saocamilo-sp.br\/index.php\/wp-json\/wp\/v2\/comments?post=2323"}],"version-history":[{"count":2,"href":"https:\/\/blog.saocamilo-sp.br\/index.php\/wp-json\/wp\/v2\/posts\/2323\/revisions"}],"predecessor-version":[{"id":2326,"href":"https:\/\/blog.saocamilo-sp.br\/index.php\/wp-json\/wp\/v2\/posts\/2323\/revisions\/2326"}],"wp:featuredmedia":[{"embeddable":true,"href":"https:\/\/blog.saocamilo-sp.br\/index.php\/wp-json\/wp\/v2\/media\/2324"}],"wp:attachment":[{"href":"https:\/\/blog.saocamilo-sp.br\/index.php\/wp-json\/wp\/v2\/media?parent=2323"}],"wp:term":[{"taxonomy":"category","embeddable":true,"href":"https:\/\/blog.saocamilo-sp.br\/index.php\/wp-json\/wp\/v2\/categories?post=2323"},{"taxonomy":"post_tag","embeddable":true,"href":"https:\/\/blog.saocamilo-sp.br\/index.php\/wp-json\/wp\/v2\/tags?post=2323"}],"curies":[{"name":"wp","href":"https:\/\/api.w.org\/{rel}","templated":true}]}}