{"id":2327,"date":"2024-02-09T00:11:30","date_gmt":"2024-02-09T03:11:30","guid":{"rendered":"https:\/\/blog.saocamilo-sp.br\/?p=2327"},"modified":"2024-02-15T11:12:37","modified_gmt":"2024-02-15T14:12:37","slug":"enfermagem-vestibular-sao-camilo","status":"publish","type":"post","link":"https:\/\/blog.saocamilo-sp.br\/index.php\/2024\/02\/09\/enfermagem-vestibular-sao-camilo\/","title":{"rendered":"Enfermagem S\u00e3o Camilo: \u00faltimos dias para inscri\u00e7\u00e3o no Vestibular"},"content":{"rendered":"\n<p>O curso de gradua\u00e7\u00e3o em <a href=\"https:\/\/saocamilo-sp.br\/graduacao\/presencial\/enfermagem\" target=\"_blank\" rel=\"noreferrer noopener\">Enfermagem<\/a> da S\u00e3o Camilo \u00e9 dedicado \u00e0 forma\u00e7\u00e3o de enfermeiros altamente capacitados. Destaca-se por sua abordagem diagn\u00f3stica, inovadora e cr\u00edtica em rela\u00e7\u00e3o \u00e0 atua\u00e7\u00e3o profissional e ao contexto de sa\u00fade da popula\u00e7\u00e3o. Este programa prepara os alunos para as tend\u00eancias do mercado. Al\u00e9m disso, enfoca a preven\u00e7\u00e3o e promo\u00e7\u00e3o da sa\u00fade, assim como a educa\u00e7\u00e3o para um estilo de vida saud\u00e1vel. Ademais, prepara para a inser\u00e7\u00e3o no modelo do Sistema \u00danico de Sa\u00fade e a presta\u00e7\u00e3o de assist\u00eancia integral.<\/p>\n\n\n\n<p>Dessa forma, para quem procura um ensino de qualidade, o curso destaca-se como uma excelente escolha. J\u00e1 que, obteve nota 4 no ENADE, e 4 estrelas no Guia Quero|Estad\u00e3o. Al\u00e9m disso, foi reconhecido pelo Ranking Universit\u00e1rio da Folha &#8211; RUF 2023 como um dos tr\u00eas melhores no estado de S\u00e3o Paulo, na avalia\u00e7\u00e3o entre as Institui\u00e7\u00f5es de Ensino Superior privadas.<\/p>\n\n\n\n<h2 class=\"wp-block-heading\"><strong>Diferenciais do Curso de Enfermagem<\/strong><\/h2>\n\n\n\n<p>Dentre os diferenciais do curso, destacam-se:&nbsp;<\/p>\n\n\n\n<ul class=\"wp-block-list\">\n<li>Projeto Pedag\u00f3gico inovador;<\/li>\n\n\n\n<li>Atividades Pr\u00e1ticas a partir do 1\u00ba ano em parceria com a Prefeitura de S\u00e3o Paulo e Equipamentos Sociais;<\/li>\n\n\n\n<li>Ensinos cl\u00ednicos em hospitais pr\u00f3prios e privados a partir do 3\u00ba ano;<\/li>\n\n\n\n<li>Est\u00e1gios obrigat\u00f3rios a partir do 2\u00ba ano, incluindo Hospitais Camilianos;<\/li>\n\n\n\n<li>Oportunidades de interc\u00e2mbio com a Universidade Cat\u00f3lica Portuguesa e o Centro de Humaniza\u00e7\u00e3o S\u00e3o Camilo em Madrid;<\/li>\n\n\n\n<li>Aulas de Simula\u00e7\u00e3o Real\u00edstica no Centro de Simula\u00e7\u00e3o S\u00e3o Camilo;<\/li>\n\n\n\n<li>Inser\u00e7\u00e3o expressiva nos est\u00e1gios extracurriculares de hospitais de refer\u00eancia.<\/li>\n<\/ul>\n\n\n\n<h2 class=\"wp-block-heading\">Vestibular Enfermagem 2024.1<\/h2>\n\n\n\n<p>O curso de Enfermagem \u00e9 oferecido nos campi Ipiranga e Pompeia, nos per\u00edodos matutino e noturno. Dessa maneira, proporcionando flexibilidade para os estudantes moldarem sua jornada acad\u00eamica de acordo com suas necessidades. As inscri\u00e7\u00f5es v\u00e3o at\u00e9 29\/02\/2024 pelo site oficial: <a href=\"https:\/\/saocamilo-sp.br\/vestibular\" target=\"_blank\" rel=\"noreferrer noopener\">https:\/\/saocamilo-sp.br\/vestibular<\/a>.<\/p>\n\n\n\n<h2 class=\"wp-block-heading\">Modalidades de admiss\u00e3o<\/h2>\n\n\n\n<p>A Institui\u00e7\u00e3o oferece quatro tipos de modalidade de ingresso. Sendo assim:<\/p>\n\n\n\n<ul class=\"wp-block-list\">\n<li><strong>ENEM:<\/strong> M\u00ednimo de 450 pontos para bacharelados e 400 pontos para cursos tecnol\u00f3gicos e licenciatura;<\/li>\n\n\n\n<li><strong>Aproveitamento de Processos Seletivos Anteriores:<\/strong> Exclusivo para participantes das edi\u00e7\u00f5es de 2023\/1 e 2023\/2;<\/li>\n\n\n\n<li><strong>Processo Seletivo Internacional:<\/strong> Utiliza\u00e7\u00e3o das notas do IB \u2013 Internacional Baccalaureate Diploma, com \u00edndice igual ou superior a 24 pontos;<\/li>\n\n\n\n<li><strong>Reda\u00e7\u00e3o Agendada:<\/strong> Aplica\u00e7\u00e3o presencial em um dos campi, em data escolhida pelo candidato.<\/li>\n<\/ul>\n\n\n\n<p><\/p>\n\n\n\n<p>Essa variedade de op\u00e7\u00f5es proporciona aos candidatos uma oportunidade ampla para escolherem a modalidade que melhor se adequa \u00e0s suas circunst\u00e2ncias e qualifica\u00e7\u00f5es.<\/p>\n\n\n\n<h2 class=\"wp-block-heading\">Taxa de inscri\u00e7\u00e3o<\/h2>\n\n\n\n<p>N\u00e3o h\u00e1 taxa de inscri\u00e7\u00e3o para candidatos inscritos via ENEM ou aproveitamento de processos seletivos anteriores. Para os candidatos que optarem pelo processo seletivo agendado ou internacional, a taxa de inscri\u00e7\u00e3o \u00e9 de R$ 40,00.<\/p>\n\n\n\n<p>Portanto, convidamos os interessados a fazerem parte dessa jornada acad\u00eamica e constru\u00edrem um futuro de sucesso na \u00e1rea de Enfermagem. Para mais informa\u00e7\u00f5es e inscri\u00e7\u00f5es, acesse: <a href=\"https:\/\/saocamilo-sp.br\/graduacao\/presencial\/enfermagem\" target=\"_blank\" rel=\"noreferrer noopener\">https:\/\/saocamilo-sp.br\/graduacao\/presencial\/enfermagem<\/a>.<\/p>\n\n\n\n<p><\/p>\n\n\n\n<h2 class=\"wp-block-heading\">Sobre o Centro Universit\u00e1rio S\u00e3o Camilo<\/h2>\n\n\n\n<p>Notavelmente, o Centro Universit\u00e1rio S\u00e3o Camilo \u00e9 reconhecido pela excel\u00eancia acad\u00eamica, oferecendo uma forma\u00e7\u00e3o abrangente e alinhada \u00e0s demandas do mercado em diversos cursos de gradua\u00e7\u00e3o e p\u00f3s-gradua\u00e7\u00e3o. Igualmente, isso se reflete n\u00e3o apenas na qualidade do ensino, mas tamb\u00e9m na prepara\u00e7\u00e3o dos estudantes para enfrentar os desafios profissionais com sucesso.<\/p>\n\n\n\n<h2 class=\"wp-block-heading\">Veja tamb\u00e9m<\/h2>\n\n\n\n<ul class=\"wp-block-list\">\n<li><a href=\"https:\/\/blog.saocamilo-sp.br\/index.php\/2022\/01\/07\/video-vida-de-estagiario-sao-camilo-enfermagem\/\">V\u00eddeo \u2013 Vida de Estagi\u00e1rio S\u00e3o Camilo \u2022 Enfermagem<\/a><\/li>\n\n\n\n<li><a href=\"https:\/\/blog.saocamilo-sp.br\/index.php\/2023\/09\/06\/clinica-escola-promove-sao-camilo-comemora-21-anos-de-excelencia-em-saude-pesquisa-extensao-e-educacao\/\">Cl\u00ednica-escola PROMOVE: 21 anos de excel\u00eancia em sa\u00fade, pesquisa, extens\u00e3o e educa\u00e7\u00e3o<\/a><\/li>\n<\/ul>\n\n\n\n<p><\/p>\n\n\n\n<p>Saiba mais sobre nossos cursos:<\/p>\n\n\n\n<iframe loading=\"lazy\" src=\"https:\/\/saocamilo.apprbs.com.br\/tenho-interesse-blog\" height=\"530px\" width=\"100%\" frameborder=\"0\"><\/iframe>\n\n\n\n<p>Compartilhe em:<\/p>\n","protected":false},"excerpt":{"rendered":"<p>Para quem procura um ensino de qualidade, o curso destaca-se como uma excelente escolha, obtendo nota 4 no ENADE e 4 estrelas no Guia Quero|Estad\u00e3o<\/p>\n","protected":false},"author":13,"featured_media":2328,"comment_status":"open","ping_status":"open","sticky":false,"template":"","format":"standard","meta":{"cybocfi_hide_featured_image":"yes","footnotes":""},"categories":[26,85],"tags":[9,18],"class_list":["post-2327","post","type-post","status-publish","format-standard","has-post-thumbnail","hentry","category-enfermagem","category-vestibular","tag-enfermagem","tag-vestibular"],"yoast_head":"<!-- This site is optimized with the Yoast SEO plugin v27.4 - https:\/\/yoast.com\/product\/yoast-seo-wordpress\/ -->\n<title>Enfermagem S\u00e3o Camilo: \u00faltimos dias para inscri\u00e7\u00e3o no Vestibular<\/title>\n<meta name=\"description\" content=\"Para quem busca qualidade, o curso de Enfermagem da S\u00e3o Camilo \u00e9 uma \u00f3tima op\u00e7\u00e3o, com nota 4 no ENADE e 4 estrelas no Guia Quero|Estad\u00e3o.\" \/>\n<meta name=\"robots\" content=\"index, follow, max-snippet:-1, max-image-preview:large, max-video-preview:-1\" \/>\n<link rel=\"canonical\" href=\"https:\/\/blog.saocamilo-sp.br\/index.php\/2024\/02\/09\/enfermagem-vestibular-sao-camilo\/\" \/>\n<meta property=\"og:locale\" content=\"pt_BR\" \/>\n<meta property=\"og:type\" content=\"article\" \/>\n<meta property=\"og:title\" content=\"Enfermagem S\u00e3o Camilo: \u00faltimos dias para inscri\u00e7\u00e3o no Vestibular\" \/>\n<meta property=\"og:description\" content=\"Para quem busca qualidade, o curso de Enfermagem da S\u00e3o Camilo \u00e9 uma \u00f3tima op\u00e7\u00e3o, com nota 4 no ENADE e 4 estrelas no Guia Quero|Estad\u00e3o.\" \/>\n<meta property=\"og:url\" content=\"https:\/\/blog.saocamilo-sp.br\/index.php\/2024\/02\/09\/enfermagem-vestibular-sao-camilo\/\" \/>\n<meta property=\"og:site_name\" content=\"Blog S\u00e3o Camilo\" \/>\n<meta property=\"article:publisher\" content=\"https:\/\/www.facebook.com\/saocamilosp\" \/>\n<meta property=\"article:published_time\" content=\"2024-02-09T03:11:30+00:00\" \/>\n<meta property=\"article:modified_time\" content=\"2024-02-15T14:12:37+00:00\" \/>\n<meta property=\"og:image\" content=\"https:\/\/blog.saocamilo-sp.br\/wp-content\/uploads\/2024\/02\/Vestibular-Enfermagem.png\" \/>\n\t<meta property=\"og:image:width\" content=\"1000\" \/>\n\t<meta property=\"og:image:height\" content=\"676\" \/>\n\t<meta property=\"og:image:type\" content=\"image\/png\" \/>\n<meta name=\"author\" content=\"Leandro Lafr\u00e1gola\" \/>\n<meta name=\"twitter:card\" content=\"summary_large_image\" \/>\n<meta name=\"twitter:creator\" content=\"@saocamilosp\" \/>\n<meta name=\"twitter:site\" content=\"@saocamilosp\" \/>\n<meta name=\"twitter:label1\" content=\"Escrito por\" \/>\n\t<meta name=\"twitter:data1\" content=\"Leandro Lafr\u00e1gola\" \/>\n\t<meta name=\"twitter:label2\" content=\"Est. tempo de leitura\" \/>\n\t<meta name=\"twitter:data2\" content=\"3 minutos\" \/>\n<script type=\"application\/ld+json\" class=\"yoast-schema-graph\">{\"@context\":\"https:\\\/\\\/schema.org\",\"@graph\":[{\"@type\":\"Article\",\"@id\":\"https:\\\/\\\/blog.saocamilo-sp.br\\\/index.php\\\/2024\\\/02\\\/09\\\/enfermagem-vestibular-sao-camilo\\\/#article\",\"isPartOf\":{\"@id\":\"https:\\\/\\\/blog.saocamilo-sp.br\\\/index.php\\\/2024\\\/02\\\/09\\\/enfermagem-vestibular-sao-camilo\\\/\"},\"author\":{\"name\":\"Leandro Lafr\u00e1gola\",\"@id\":\"https:\\\/\\\/blog.saocamilo-sp.br\\\/#\\\/schema\\\/person\\\/1a99645faaab0bb55105f817e866e19b\"},\"headline\":\"Enfermagem S\u00e3o Camilo: \u00faltimos dias para inscri\u00e7\u00e3o no Vestibular\",\"datePublished\":\"2024-02-09T03:11:30+00:00\",\"dateModified\":\"2024-02-15T14:12:37+00:00\",\"mainEntityOfPage\":{\"@id\":\"https:\\\/\\\/blog.saocamilo-sp.br\\\/index.php\\\/2024\\\/02\\\/09\\\/enfermagem-vestibular-sao-camilo\\\/\"},\"wordCount\":616,\"commentCount\":0,\"publisher\":{\"@id\":\"https:\\\/\\\/blog.saocamilo-sp.br\\\/#organization\"},\"image\":{\"@id\":\"https:\\\/\\\/blog.saocamilo-sp.br\\\/index.php\\\/2024\\\/02\\\/09\\\/enfermagem-vestibular-sao-camilo\\\/#primaryimage\"},\"thumbnailUrl\":\"https:\\\/\\\/blog.saocamilo-sp.br\\\/wp-content\\\/uploads\\\/2024\\\/02\\\/Vestibular-Enfermagem.png\",\"keywords\":[\"Enfermagem\",\"Vestibular\"],\"articleSection\":[\"Enfermagem\",\"Vestibular\"],\"inLanguage\":\"pt-BR\",\"potentialAction\":[{\"@type\":\"CommentAction\",\"name\":\"Comment\",\"target\":[\"https:\\\/\\\/blog.saocamilo-sp.br\\\/index.php\\\/2024\\\/02\\\/09\\\/enfermagem-vestibular-sao-camilo\\\/#respond\"]}]},{\"@type\":\"WebPage\",\"@id\":\"https:\\\/\\\/blog.saocamilo-sp.br\\\/index.php\\\/2024\\\/02\\\/09\\\/enfermagem-vestibular-sao-camilo\\\/\",\"url\":\"https:\\\/\\\/blog.saocamilo-sp.br\\\/index.php\\\/2024\\\/02\\\/09\\\/enfermagem-vestibular-sao-camilo\\\/\",\"name\":\"Enfermagem S\u00e3o Camilo: \u00faltimos dias para inscri\u00e7\u00e3o no Vestibular\",\"isPartOf\":{\"@id\":\"https:\\\/\\\/blog.saocamilo-sp.br\\\/#website\"},\"primaryImageOfPage\":{\"@id\":\"https:\\\/\\\/blog.saocamilo-sp.br\\\/index.php\\\/2024\\\/02\\\/09\\\/enfermagem-vestibular-sao-camilo\\\/#primaryimage\"},\"image\":{\"@id\":\"https:\\\/\\\/blog.saocamilo-sp.br\\\/index.php\\\/2024\\\/02\\\/09\\\/enfermagem-vestibular-sao-camilo\\\/#primaryimage\"},\"thumbnailUrl\":\"https:\\\/\\\/blog.saocamilo-sp.br\\\/wp-content\\\/uploads\\\/2024\\\/02\\\/Vestibular-Enfermagem.png\",\"datePublished\":\"2024-02-09T03:11:30+00:00\",\"dateModified\":\"2024-02-15T14:12:37+00:00\",\"description\":\"Para quem busca qualidade, o curso de Enfermagem da S\u00e3o Camilo \u00e9 uma \u00f3tima op\u00e7\u00e3o, com nota 4 no ENADE e 4 estrelas no Guia Quero|Estad\u00e3o.\",\"breadcrumb\":{\"@id\":\"https:\\\/\\\/blog.saocamilo-sp.br\\\/index.php\\\/2024\\\/02\\\/09\\\/enfermagem-vestibular-sao-camilo\\\/#breadcrumb\"},\"inLanguage\":\"pt-BR\",\"potentialAction\":[{\"@type\":\"ReadAction\",\"target\":[\"https:\\\/\\\/blog.saocamilo-sp.br\\\/index.php\\\/2024\\\/02\\\/09\\\/enfermagem-vestibular-sao-camilo\\\/\"]}]},{\"@type\":\"BreadcrumbList\",\"@id\":\"https:\\\/\\\/blog.saocamilo-sp.br\\\/index.php\\\/2024\\\/02\\\/09\\\/enfermagem-vestibular-sao-camilo\\\/#breadcrumb\",\"itemListElement\":[{\"@type\":\"ListItem\",\"position\":1,\"name\":\"In\u00edcio\",\"item\":\"https:\\\/\\\/blog.saocamilo-sp.br\\\/\"},{\"@type\":\"ListItem\",\"position\":2,\"name\":\"Enfermagem S\u00e3o Camilo: \u00faltimos dias para inscri\u00e7\u00e3o no Vestibular\"}]},{\"@type\":\"WebSite\",\"@id\":\"https:\\\/\\\/blog.saocamilo-sp.br\\\/#website\",\"url\":\"https:\\\/\\\/blog.saocamilo-sp.br\\\/\",\"name\":\"Blog S\u00e3o Camilo\",\"description\":\"Blog do Centro Universit\u00e1rio S\u00e3o Camilo\",\"publisher\":{\"@id\":\"https:\\\/\\\/blog.saocamilo-sp.br\\\/#organization\"},\"potentialAction\":[{\"@type\":\"SearchAction\",\"target\":{\"@type\":\"EntryPoint\",\"urlTemplate\":\"https:\\\/\\\/blog.saocamilo-sp.br\\\/?s={search_term_string}\"},\"query-input\":{\"@type\":\"PropertyValueSpecification\",\"valueRequired\":true,\"valueName\":\"search_term_string\"}}],\"inLanguage\":\"pt-BR\"},{\"@type\":\"Organization\",\"@id\":\"https:\\\/\\\/blog.saocamilo-sp.br\\\/#organization\",\"name\":\"Blog S\u00e3o Camilo\",\"url\":\"https:\\\/\\\/blog.saocamilo-sp.br\\\/\",\"logo\":{\"@type\":\"ImageObject\",\"inLanguage\":\"pt-BR\",\"@id\":\"https:\\\/\\\/blog.saocamilo-sp.br\\\/#\\\/schema\\\/logo\\\/image\\\/\",\"url\":\"https:\\\/\\\/blog.saocamilo-sp.br\\\/wp-content\\\/uploads\\\/2021\\\/12\\\/cropped-vazio-logo-topo.png\",\"contentUrl\":\"https:\\\/\\\/blog.saocamilo-sp.br\\\/wp-content\\\/uploads\\\/2021\\\/12\\\/cropped-vazio-logo-topo.png\",\"width\":320,\"height\":240,\"caption\":\"Blog S\u00e3o Camilo\"},\"image\":{\"@id\":\"https:\\\/\\\/blog.saocamilo-sp.br\\\/#\\\/schema\\\/logo\\\/image\\\/\"},\"sameAs\":[\"https:\\\/\\\/www.facebook.com\\\/saocamilosp\",\"https:\\\/\\\/x.com\\\/saocamilosp\",\"https:\\\/\\\/www.linkedin.com\\\/school\\\/centro-universit-rio-s-o-camilo\\\/\"]},{\"@type\":\"Person\",\"@id\":\"https:\\\/\\\/blog.saocamilo-sp.br\\\/#\\\/schema\\\/person\\\/1a99645faaab0bb55105f817e866e19b\",\"name\":\"Leandro Lafr\u00e1gola\",\"image\":{\"@type\":\"ImageObject\",\"inLanguage\":\"pt-BR\",\"@id\":\"https:\\\/\\\/secure.gravatar.com\\\/avatar\\\/ec4232fb8d50d80f1c672353dc4c2876490e6a0a2a33d6572c0ba1fb78f115cf?s=96&d=mm&r=g\",\"url\":\"https:\\\/\\\/secure.gravatar.com\\\/avatar\\\/ec4232fb8d50d80f1c672353dc4c2876490e6a0a2a33d6572c0ba1fb78f115cf?s=96&d=mm&r=g\",\"contentUrl\":\"https:\\\/\\\/secure.gravatar.com\\\/avatar\\\/ec4232fb8d50d80f1c672353dc4c2876490e6a0a2a33d6572c0ba1fb78f115cf?s=96&d=mm&r=g\",\"caption\":\"Leandro Lafr\u00e1gola\"},\"url\":\"https:\\\/\\\/blog.saocamilo-sp.br\\\/index.php\\\/author\\\/llafragola\\\/\"}]}<\/script>\n<!-- \/ Yoast SEO plugin. -->","yoast_head_json":{"title":"Enfermagem S\u00e3o Camilo: \u00faltimos dias para inscri\u00e7\u00e3o no Vestibular","description":"Para quem busca qualidade, o curso de Enfermagem da S\u00e3o Camilo \u00e9 uma \u00f3tima op\u00e7\u00e3o, com nota 4 no ENADE e 4 estrelas no Guia Quero|Estad\u00e3o.","robots":{"index":"index","follow":"follow","max-snippet":"max-snippet:-1","max-image-preview":"max-image-preview:large","max-video-preview":"max-video-preview:-1"},"canonical":"https:\/\/blog.saocamilo-sp.br\/index.php\/2024\/02\/09\/enfermagem-vestibular-sao-camilo\/","og_locale":"pt_BR","og_type":"article","og_title":"Enfermagem S\u00e3o Camilo: \u00faltimos dias para inscri\u00e7\u00e3o no Vestibular","og_description":"Para quem busca qualidade, o curso de Enfermagem da S\u00e3o Camilo \u00e9 uma \u00f3tima op\u00e7\u00e3o, com nota 4 no ENADE e 4 estrelas no Guia Quero|Estad\u00e3o.","og_url":"https:\/\/blog.saocamilo-sp.br\/index.php\/2024\/02\/09\/enfermagem-vestibular-sao-camilo\/","og_site_name":"Blog S\u00e3o Camilo","article_publisher":"https:\/\/www.facebook.com\/saocamilosp","article_published_time":"2024-02-09T03:11:30+00:00","article_modified_time":"2024-02-15T14:12:37+00:00","og_image":[{"width":1000,"height":676,"url":"https:\/\/blog.saocamilo-sp.br\/wp-content\/uploads\/2024\/02\/Vestibular-Enfermagem.png","type":"image\/png"}],"author":"Leandro Lafr\u00e1gola","twitter_card":"summary_large_image","twitter_creator":"@saocamilosp","twitter_site":"@saocamilosp","twitter_misc":{"Escrito por":"Leandro Lafr\u00e1gola","Est. tempo de leitura":"3 minutos"},"schema":{"@context":"https:\/\/schema.org","@graph":[{"@type":"Article","@id":"https:\/\/blog.saocamilo-sp.br\/index.php\/2024\/02\/09\/enfermagem-vestibular-sao-camilo\/#article","isPartOf":{"@id":"https:\/\/blog.saocamilo-sp.br\/index.php\/2024\/02\/09\/enfermagem-vestibular-sao-camilo\/"},"author":{"name":"Leandro Lafr\u00e1gola","@id":"https:\/\/blog.saocamilo-sp.br\/#\/schema\/person\/1a99645faaab0bb55105f817e866e19b"},"headline":"Enfermagem S\u00e3o Camilo: \u00faltimos dias para inscri\u00e7\u00e3o no Vestibular","datePublished":"2024-02-09T03:11:30+00:00","dateModified":"2024-02-15T14:12:37+00:00","mainEntityOfPage":{"@id":"https:\/\/blog.saocamilo-sp.br\/index.php\/2024\/02\/09\/enfermagem-vestibular-sao-camilo\/"},"wordCount":616,"commentCount":0,"publisher":{"@id":"https:\/\/blog.saocamilo-sp.br\/#organization"},"image":{"@id":"https:\/\/blog.saocamilo-sp.br\/index.php\/2024\/02\/09\/enfermagem-vestibular-sao-camilo\/#primaryimage"},"thumbnailUrl":"https:\/\/blog.saocamilo-sp.br\/wp-content\/uploads\/2024\/02\/Vestibular-Enfermagem.png","keywords":["Enfermagem","Vestibular"],"articleSection":["Enfermagem","Vestibular"],"inLanguage":"pt-BR","potentialAction":[{"@type":"CommentAction","name":"Comment","target":["https:\/\/blog.saocamilo-sp.br\/index.php\/2024\/02\/09\/enfermagem-vestibular-sao-camilo\/#respond"]}]},{"@type":"WebPage","@id":"https:\/\/blog.saocamilo-sp.br\/index.php\/2024\/02\/09\/enfermagem-vestibular-sao-camilo\/","url":"https:\/\/blog.saocamilo-sp.br\/index.php\/2024\/02\/09\/enfermagem-vestibular-sao-camilo\/","name":"Enfermagem S\u00e3o Camilo: \u00faltimos dias para inscri\u00e7\u00e3o no Vestibular","isPartOf":{"@id":"https:\/\/blog.saocamilo-sp.br\/#website"},"primaryImageOfPage":{"@id":"https:\/\/blog.saocamilo-sp.br\/index.php\/2024\/02\/09\/enfermagem-vestibular-sao-camilo\/#primaryimage"},"image":{"@id":"https:\/\/blog.saocamilo-sp.br\/index.php\/2024\/02\/09\/enfermagem-vestibular-sao-camilo\/#primaryimage"},"thumbnailUrl":"https:\/\/blog.saocamilo-sp.br\/wp-content\/uploads\/2024\/02\/Vestibular-Enfermagem.png","datePublished":"2024-02-09T03:11:30+00:00","dateModified":"2024-02-15T14:12:37+00:00","description":"Para quem busca qualidade, o curso de Enfermagem da S\u00e3o Camilo \u00e9 uma \u00f3tima op\u00e7\u00e3o, com nota 4 no ENADE e 4 estrelas no Guia Quero|Estad\u00e3o.","breadcrumb":{"@id":"https:\/\/blog.saocamilo-sp.br\/index.php\/2024\/02\/09\/enfermagem-vestibular-sao-camilo\/#breadcrumb"},"inLanguage":"pt-BR","potentialAction":[{"@type":"ReadAction","target":["https:\/\/blog.saocamilo-sp.br\/index.php\/2024\/02\/09\/enfermagem-vestibular-sao-camilo\/"]}]},{"@type":"BreadcrumbList","@id":"https:\/\/blog.saocamilo-sp.br\/index.php\/2024\/02\/09\/enfermagem-vestibular-sao-camilo\/#breadcrumb","itemListElement":[{"@type":"ListItem","position":1,"name":"In\u00edcio","item":"https:\/\/blog.saocamilo-sp.br\/"},{"@type":"ListItem","position":2,"name":"Enfermagem S\u00e3o Camilo: \u00faltimos dias para inscri\u00e7\u00e3o no Vestibular"}]},{"@type":"WebSite","@id":"https:\/\/blog.saocamilo-sp.br\/#website","url":"https:\/\/blog.saocamilo-sp.br\/","name":"Blog S\u00e3o Camilo","description":"Blog do Centro Universit\u00e1rio S\u00e3o Camilo","publisher":{"@id":"https:\/\/blog.saocamilo-sp.br\/#organization"},"potentialAction":[{"@type":"SearchAction","target":{"@type":"EntryPoint","urlTemplate":"https:\/\/blog.saocamilo-sp.br\/?s={search_term_string}"},"query-input":{"@type":"PropertyValueSpecification","valueRequired":true,"valueName":"search_term_string"}}],"inLanguage":"pt-BR"},{"@type":"Organization","@id":"https:\/\/blog.saocamilo-sp.br\/#organization","name":"Blog S\u00e3o Camilo","url":"https:\/\/blog.saocamilo-sp.br\/","logo":{"@type":"ImageObject","inLanguage":"pt-BR","@id":"https:\/\/blog.saocamilo-sp.br\/#\/schema\/logo\/image\/","url":"https:\/\/blog.saocamilo-sp.br\/wp-content\/uploads\/2021\/12\/cropped-vazio-logo-topo.png","contentUrl":"https:\/\/blog.saocamilo-sp.br\/wp-content\/uploads\/2021\/12\/cropped-vazio-logo-topo.png","width":320,"height":240,"caption":"Blog S\u00e3o Camilo"},"image":{"@id":"https:\/\/blog.saocamilo-sp.br\/#\/schema\/logo\/image\/"},"sameAs":["https:\/\/www.facebook.com\/saocamilosp","https:\/\/x.com\/saocamilosp","https:\/\/www.linkedin.com\/school\/centro-universit-rio-s-o-camilo\/"]},{"@type":"Person","@id":"https:\/\/blog.saocamilo-sp.br\/#\/schema\/person\/1a99645faaab0bb55105f817e866e19b","name":"Leandro Lafr\u00e1gola","image":{"@type":"ImageObject","inLanguage":"pt-BR","@id":"https:\/\/secure.gravatar.com\/avatar\/ec4232fb8d50d80f1c672353dc4c2876490e6a0a2a33d6572c0ba1fb78f115cf?s=96&d=mm&r=g","url":"https:\/\/secure.gravatar.com\/avatar\/ec4232fb8d50d80f1c672353dc4c2876490e6a0a2a33d6572c0ba1fb78f115cf?s=96&d=mm&r=g","contentUrl":"https:\/\/secure.gravatar.com\/avatar\/ec4232fb8d50d80f1c672353dc4c2876490e6a0a2a33d6572c0ba1fb78f115cf?s=96&d=mm&r=g","caption":"Leandro Lafr\u00e1gola"},"url":"https:\/\/blog.saocamilo-sp.br\/index.php\/author\/llafragola\/"}]}},"_links":{"self":[{"href":"https:\/\/blog.saocamilo-sp.br\/index.php\/wp-json\/wp\/v2\/posts\/2327","targetHints":{"allow":["GET"]}}],"collection":[{"href":"https:\/\/blog.saocamilo-sp.br\/index.php\/wp-json\/wp\/v2\/posts"}],"about":[{"href":"https:\/\/blog.saocamilo-sp.br\/index.php\/wp-json\/wp\/v2\/types\/post"}],"author":[{"embeddable":true,"href":"https:\/\/blog.saocamilo-sp.br\/index.php\/wp-json\/wp\/v2\/users\/13"}],"replies":[{"embeddable":true,"href":"https:\/\/blog.saocamilo-sp.br\/index.php\/wp-json\/wp\/v2\/comments?post=2327"}],"version-history":[{"count":6,"href":"https:\/\/blog.saocamilo-sp.br\/index.php\/wp-json\/wp\/v2\/posts\/2327\/revisions"}],"predecessor-version":[{"id":2336,"href":"https:\/\/blog.saocamilo-sp.br\/index.php\/wp-json\/wp\/v2\/posts\/2327\/revisions\/2336"}],"wp:featuredmedia":[{"embeddable":true,"href":"https:\/\/blog.saocamilo-sp.br\/index.php\/wp-json\/wp\/v2\/media\/2328"}],"wp:attachment":[{"href":"https:\/\/blog.saocamilo-sp.br\/index.php\/wp-json\/wp\/v2\/media?parent=2327"}],"wp:term":[{"taxonomy":"category","embeddable":true,"href":"https:\/\/blog.saocamilo-sp.br\/index.php\/wp-json\/wp\/v2\/categories?post=2327"},{"taxonomy":"post_tag","embeddable":true,"href":"https:\/\/blog.saocamilo-sp.br\/index.php\/wp-json\/wp\/v2\/tags?post=2327"}],"curies":[{"name":"wp","href":"https:\/\/api.w.org\/{rel}","templated":true}]}}