{"id":2346,"date":"2024-03-04T11:26:49","date_gmt":"2024-03-04T14:26:49","guid":{"rendered":"https:\/\/blog.saocamilo-sp.br\/?p=2346"},"modified":"2024-03-21T15:59:16","modified_gmt":"2024-03-21T18:59:16","slug":"psicologia","status":"publish","type":"post","link":"https:\/\/blog.saocamilo-sp.br\/index.php\/2024\/03\/04\/psicologia\/","title":{"rendered":"Docente de Psicologia fala que o reconhecimento das emo\u00e7\u00f5es"},"content":{"rendered":"\n<p>Ser\u00e1 lan\u00e7ado em 2024 o filme Divertida Mente II. A anima\u00e7\u00e3o da Disney Pixar tem como enredo a hist\u00f3ria da garota Riley, no per\u00edodo entre 11 e 12 anos de idade, quando ela tem que lidar com as emo\u00e7\u00f5es que a controlam: Alegria, Medo, Tristeza, Raiva e Nojinho. A personagem reflete como os adolescentes passam pelas descobertas de novas emo\u00e7\u00f5es e como \u00e9 a sua transi\u00e7\u00e3o para o mundo adulto.<\/p>\n\n\n\n<h3 class=\"wp-block-heading\">A Adolesc\u00eancia: Uma Jornada de Transforma\u00e7\u00f5es e Descobertas<\/h3>\n\n\n\n<p>A adolesc\u00eancia corresponde a uma fase em que intensas e r\u00e1pidas transforma\u00e7\u00f5es acontecem a partir da produ\u00e7\u00e3o de horm\u00f4nios que modificam o corpo da crian\u00e7a, que passa a expressar seu amadurecimento sexual. Isso modifica a no\u00e7\u00e3o que ela tem de si mesma, de sua auto imagem e de seu papel na fam\u00edlia e na sociedade. Com isso, iremos juntar o filme com psicologia.<\/p>\n\n\n\n<h3 class=\"wp-block-heading\">Rituais e Pr\u00e1ticas Culturais na Transi\u00e7\u00e3o para a Vida Adulta<\/h3>\n\n\n\n<p>A professora de Psicologia do<a href=\"https:\/\/saocamilo-sp.br\/\" target=\"_blank\" rel=\"noreferrer noopener\"> Centro Universit\u00e1rio S\u00e3o Camilo<\/a>, Lydiane Fabretti, explica como o in\u00edcio da puberdade mexe com a crian\u00e7a. \u201cSurgem demandas espec\u00edficas a respeito dos estudos, das escolhas vocacionais, da capacidade para o trabalho e da conquista de autonomia relativa, e elas variam nos diversos contextos socioculturais e para os adolescentes h\u00e1 um sentimento de in\u00fameras perdas\u201d, explicou.<\/p>\n\n\n\n<p>Segundo ela, algumas comunidades cultivam pr\u00e1ticas coletivas e ritual\u00edsticas que podem oferecer suporte \u00e0s d\u00favidas e \u00e0s perdas que indiv\u00edduos jovens vivem em rela\u00e7\u00e3o aos seus antigos referenciais. Na sociedade ocidental urbana h\u00e1 a festa de formatura e o baile de debutantes; os judeus t\u00eam o Bar Mitzv\u00e1, os grupos ind\u00edgenas apresentam rituais de ca\u00e7a para os meninos e rituais espec\u00edficos para as meninas que t\u00eam a primeira menstrua\u00e7\u00e3o, criando experi\u00eancias emocionais que norteiam suas cren\u00e7as e comportamentos sociais.<\/p>\n\n\n\n<p>Essas pr\u00e1ticas rituais ou a exig\u00eancia na obriga\u00e7\u00e3o das tarefas escolares, por exemplo, podem dar contin\u00eancia e, de certo modo, organizar emo\u00e7\u00f5es direcionando o comportamentos e a prepara\u00e7\u00e3o para determinados pap\u00e9is sociais e para a vida adulta.<\/p>\n\n\n\n<p>E as crian\u00e7as est\u00e3o amadurecendo fisiologicamente cada vez mais cedo. H\u00e1 estudos que afirmam que o tipo de alimenta\u00e7\u00e3o e de est\u00edmulos psicol\u00f3gicos aos quais elas s\u00e3o expostas podem acelerar determinadas produ\u00e7\u00f5es de horm\u00f4nios,assim como o ritmo de vida mais r\u00e1pido e o consumo de produtos com altera\u00e7\u00f5es gen\u00e9ticas ou hormonais, podem favorecer a menarca precoce. Em rela\u00e7\u00e3o a isso, considera-se que as meninas que vivem em grandes cidades atualmente v\u00eam menstruando cada vez mais cedo em compara\u00e7\u00e3o \u00e0s que viveram no s\u00e9culo passado.<\/p>\n\n\n\n<h3 class=\"wp-block-heading\">A Import\u00e2ncia da Gest\u00e3o Emocional na Rela\u00e7\u00e3o Pais e Filhos<\/h3>\n\n\n\n<p>A adolesc\u00eancia \u00e9 a base para a constru\u00e7\u00e3o da identidade do indiv\u00edduo. Ao longo desta fase muitas cren\u00e7as, rela\u00e7\u00f5es e pap\u00e9is s\u00e3o revistos, a personalidade continua a se desenvolver e quando se inicia a autonomia relativa em rela\u00e7\u00e3o \u00e0 figura dos pais.<\/p>\n\n\n\n<p>Fazer parte de uma fam\u00edlia \u00e9 uma experi\u00eancia que ocorre na intera\u00e7\u00e3o entre os seus membros e que permanecem por toda a vida em desenvolvimento. Desse modo, enquanto o adolescente vive seu amadurecimento, os pais tamb\u00e9m devem lidar com a passagem de uma fase em que tinham sob seus cuidados uma crian\u00e7a dependente e fr\u00e1gil, e passar\u00e3o a lidar com um jovem adulto com opini\u00f5es pr\u00f3prias e gradual ganho de autonomia.<\/p>\n\n\n\n<p>O processo \u00e9 permeado por mudan\u00e7as de comportamentos, interesses e rotinas e pode suscitar emo\u00e7\u00f5es ambivalentes nos pais que tamb\u00e9m passam pelos sentimentos de orgulho, alegria, proje\u00e7\u00f5es positivas, medos e at\u00e9 o luto pela perda do filho idealizado, entre outros sentimentos.<\/p>\n\n\n\n<h3 class=\"wp-block-heading\">Caminhos para Lidar com as Emo\u00e7\u00f5es na Adolesc\u00eancia<\/h3>\n\n\n\n<p>De acordo com a professora de Psicologia, os pais tamb\u00e9m devem cuidar de suas emo\u00e7\u00f5es para que sejam capazes de continuar oferecendo um espa\u00e7o de regras e de seguran\u00e7a para os filhos, no entanto, de maneira diferente. \u201cH\u00e1 nos pais o registro de suas pr\u00f3prias adolesc\u00eancias, e quanto melhor eles tiverem consci\u00eancia acerca de suas dificuldades e alegrias naquela experi\u00eancia, mais poder\u00e3o abrir espa\u00e7o para que seus filhos vivam a nova fase da vida de maneira singular, evitando proje\u00e7\u00f5es maci\u00e7as a partir de fantasias e temores dos genitores. O exerc\u00edcio da paternidade \u00e9 atualizado, abrindo espa\u00e7o para que todos lidem com as novas experi\u00eancias e vivam seu processo de autorrealiza\u00e7\u00e3o\u201d, explicou.<\/p>\n\n\n\n<h3 class=\"wp-block-heading\">Explorando Atividades Criativas como Ferramenta de Autoexpress\u00e3o<\/h3>\n\n\n\n<p>Para passar essa fase de turbul\u00eancia geral entre filhos adolescentes e pais, ela aconselha o desenvolvimento da habilidade de lidar com as emo\u00e7\u00f5es, dentre elas conversar, se expressar, escutar colegas e pessoas que sejam de confian\u00e7a e que atuem como refer\u00eancias positivas e que o ambiente familiar e social forne\u00e7am regras, limites, mas tamb\u00e9m aconchego para que o adolescente possa manifestar, na \u00e1rea da psicologia, suas d\u00favidas, dores, confus\u00f5es e outras emo\u00e7\u00f5es intensas e de dif\u00edcil compreens\u00e3o. Reconhece-se que a pr\u00e1tica de atividade f\u00edsica, e outros hobbies como desenhar, cantar e afins tamb\u00e9m \u00e9 importante para dar refer\u00eancias sobre as din\u00e2micas complexas das rela\u00e7\u00f5es humanas e a oportunidade de elabor\u00e1-las de maneira criativa e protegida.<\/p>\n\n\n\n<h2 class=\"wp-block-heading\">Veja tamb\u00e9m<\/h2>\n\n\n\n<ul class=\"wp-block-list\">\n<li><a href=\"https:\/\/blog.saocamilo-sp.br\/index.php\/2023\/10\/10\/dia-mundial-da-saude-mental-e-a-importancia-de-neuropsicologia\/\">Dia Mundial da Sa\u00fade Mental e a Import\u00e2ncia da Neuropsicologia<\/a><\/li>\n\n\n\n<li><a href=\"https:\/\/blog.saocamilo-sp.br\/index.php\/2023\/08\/27\/cinco-curiosidades-sobre-a-psicologia\/\">Dia do Psic\u00f3logo: confira cinco curiosidades incr\u00edveis sobre a Psicologia<\/a><\/li>\n\n\n\n<li><a href=\"https:\/\/blog.saocamilo-sp.br\/index.php\/2023\/10\/10\/12-passos-para-a-higiene-das-maos-e-os-beneficios-para-a-saude-publica\/\"><a href=\"https:\/\/blog.saocamilo-sp.br\/index.php\/2021\/12\/21\/o-que-se-estuda-no-curso-de-psicologia\/\">O que se estuda no curso de Psicologia?<\/a><\/a><\/li>\n<\/ul>\n\n\n\n<p><\/p>\n\n\n\n<p>Saiba mais sobre nossos cursos:<\/p>\n\n\n\n<iframe loading=\"lazy\" src=\"https:\/\/saocamilo.apprbs.com.br\/tenho-interesse-blog\" height=\"530px\" width=\"100%\" frameborder=\"0\"><\/iframe>\n\n\n\n<p>Compartilhe em:<\/p>\n","protected":false},"excerpt":{"rendered":"<p>Docente de psicologia explica como podemos refletir sobre nossos pr\u00f3prios sentimentos<\/p>\n","protected":false},"author":4,"featured_media":2366,"comment_status":"open","ping_status":"open","sticky":false,"template":"","format":"standard","meta":{"cybocfi_hide_featured_image":"","footnotes":""},"categories":[31],"tags":[158,156,157,13],"class_list":["post-2346","post","type-post","status-publish","format-standard","has-post-thumbnail","hentry","category-psicologia","tag-disney-pixar","tag-divertidamente","tag-docente","tag-psicologia"],"yoast_head":"<!-- This site is optimized with the Yoast SEO plugin v27.4 - https:\/\/yoast.com\/product\/yoast-seo-wordpress\/ -->\n<title>Docente de Psicologia fala que o reconhecimento das emo\u00e7\u00f5es - Blog S\u00e3o Camilo<\/title>\n<meta name=\"description\" content=\"Descubra como as emo\u00e7\u00f5es de Riley continuam a nos encantar na vida real! O artigo desenvolvido com a professora de psicologia Lidyane ...\" \/>\n<meta name=\"robots\" content=\"index, follow, max-snippet:-1, max-image-preview:large, max-video-preview:-1\" \/>\n<link rel=\"canonical\" href=\"https:\/\/blog.saocamilo-sp.br\/index.php\/2024\/03\/04\/psicologia\/\" \/>\n<meta property=\"og:locale\" content=\"pt_BR\" \/>\n<meta property=\"og:type\" content=\"article\" \/>\n<meta property=\"og:title\" content=\"Docente de Psicologia fala que o reconhecimento das emo\u00e7\u00f5es - Blog S\u00e3o Camilo\" \/>\n<meta property=\"og:description\" content=\"Descubra como as emo\u00e7\u00f5es de Riley continuam a nos encantar na vida real! O artigo desenvolvido com a professora de psicologia Lidyane ...\" \/>\n<meta property=\"og:url\" content=\"https:\/\/blog.saocamilo-sp.br\/index.php\/2024\/03\/04\/psicologia\/\" \/>\n<meta property=\"og:site_name\" content=\"Blog S\u00e3o Camilo\" \/>\n<meta property=\"article:publisher\" content=\"https:\/\/www.facebook.com\/saocamilosp\" \/>\n<meta property=\"article:published_time\" content=\"2024-03-04T14:26:49+00:00\" \/>\n<meta property=\"article:modified_time\" content=\"2024-03-21T18:59:16+00:00\" \/>\n<meta property=\"og:image\" content=\"https:\/\/blog.saocamilo-sp.br\/wp-content\/uploads\/2024\/03\/B2.png\" \/>\n\t<meta property=\"og:image:width\" content=\"1024\" \/>\n\t<meta property=\"og:image:height\" content=\"803\" \/>\n\t<meta property=\"og:image:type\" content=\"image\/png\" \/>\n<meta name=\"author\" content=\"Lucas Soares Gon\u00e7alves\" \/>\n<meta name=\"twitter:card\" content=\"summary_large_image\" \/>\n<meta name=\"twitter:creator\" content=\"@saocamilosp\" \/>\n<meta name=\"twitter:site\" content=\"@saocamilosp\" \/>\n<meta name=\"twitter:label1\" content=\"Escrito por\" \/>\n\t<meta name=\"twitter:data1\" content=\"Lucas Soares Gon\u00e7alves\" \/>\n\t<meta name=\"twitter:label2\" content=\"Est. tempo de leitura\" \/>\n\t<meta name=\"twitter:data2\" content=\"5 minutos\" \/>\n<script type=\"application\/ld+json\" class=\"yoast-schema-graph\">{\"@context\":\"https:\\\/\\\/schema.org\",\"@graph\":[{\"@type\":\"Article\",\"@id\":\"https:\\\/\\\/blog.saocamilo-sp.br\\\/index.php\\\/2024\\\/03\\\/04\\\/psicologia\\\/#article\",\"isPartOf\":{\"@id\":\"https:\\\/\\\/blog.saocamilo-sp.br\\\/index.php\\\/2024\\\/03\\\/04\\\/psicologia\\\/\"},\"author\":{\"name\":\"Lucas Soares Gon\u00e7alves\",\"@id\":\"https:\\\/\\\/blog.saocamilo-sp.br\\\/#\\\/schema\\\/person\\\/781135418152912d4b58f2db13a2eaf0\"},\"headline\":\"Docente de Psicologia fala que o reconhecimento das emo\u00e7\u00f5es\",\"datePublished\":\"2024-03-04T14:26:49+00:00\",\"dateModified\":\"2024-03-21T18:59:16+00:00\",\"mainEntityOfPage\":{\"@id\":\"https:\\\/\\\/blog.saocamilo-sp.br\\\/index.php\\\/2024\\\/03\\\/04\\\/psicologia\\\/\"},\"wordCount\":980,\"commentCount\":0,\"publisher\":{\"@id\":\"https:\\\/\\\/blog.saocamilo-sp.br\\\/#organization\"},\"image\":{\"@id\":\"https:\\\/\\\/blog.saocamilo-sp.br\\\/index.php\\\/2024\\\/03\\\/04\\\/psicologia\\\/#primaryimage\"},\"thumbnailUrl\":\"https:\\\/\\\/blog.saocamilo-sp.br\\\/wp-content\\\/uploads\\\/2024\\\/03\\\/B2.png\",\"keywords\":[\"disney pixar\",\"divertidamente\",\"docente\",\"Psicologia\"],\"articleSection\":[\"Psicologia\"],\"inLanguage\":\"pt-BR\",\"potentialAction\":[{\"@type\":\"CommentAction\",\"name\":\"Comment\",\"target\":[\"https:\\\/\\\/blog.saocamilo-sp.br\\\/index.php\\\/2024\\\/03\\\/04\\\/psicologia\\\/#respond\"]}]},{\"@type\":\"WebPage\",\"@id\":\"https:\\\/\\\/blog.saocamilo-sp.br\\\/index.php\\\/2024\\\/03\\\/04\\\/psicologia\\\/\",\"url\":\"https:\\\/\\\/blog.saocamilo-sp.br\\\/index.php\\\/2024\\\/03\\\/04\\\/psicologia\\\/\",\"name\":\"Docente de Psicologia fala que o reconhecimento das emo\u00e7\u00f5es - Blog S\u00e3o Camilo\",\"isPartOf\":{\"@id\":\"https:\\\/\\\/blog.saocamilo-sp.br\\\/#website\"},\"primaryImageOfPage\":{\"@id\":\"https:\\\/\\\/blog.saocamilo-sp.br\\\/index.php\\\/2024\\\/03\\\/04\\\/psicologia\\\/#primaryimage\"},\"image\":{\"@id\":\"https:\\\/\\\/blog.saocamilo-sp.br\\\/index.php\\\/2024\\\/03\\\/04\\\/psicologia\\\/#primaryimage\"},\"thumbnailUrl\":\"https:\\\/\\\/blog.saocamilo-sp.br\\\/wp-content\\\/uploads\\\/2024\\\/03\\\/B2.png\",\"datePublished\":\"2024-03-04T14:26:49+00:00\",\"dateModified\":\"2024-03-21T18:59:16+00:00\",\"description\":\"Descubra como as emo\u00e7\u00f5es de Riley continuam a nos encantar na vida real! O artigo desenvolvido com a professora de psicologia Lidyane ...\",\"breadcrumb\":{\"@id\":\"https:\\\/\\\/blog.saocamilo-sp.br\\\/index.php\\\/2024\\\/03\\\/04\\\/psicologia\\\/#breadcrumb\"},\"inLanguage\":\"pt-BR\",\"potentialAction\":[{\"@type\":\"ReadAction\",\"target\":[\"https:\\\/\\\/blog.saocamilo-sp.br\\\/index.php\\\/2024\\\/03\\\/04\\\/psicologia\\\/\"]}]},{\"@type\":\"ImageObject\",\"inLanguage\":\"pt-BR\",\"@id\":\"https:\\\/\\\/blog.saocamilo-sp.br\\\/index.php\\\/2024\\\/03\\\/04\\\/psicologia\\\/#primaryimage\",\"url\":\"https:\\\/\\\/blog.saocamilo-sp.br\\\/wp-content\\\/uploads\\\/2024\\\/03\\\/B2.png\",\"contentUrl\":\"https:\\\/\\\/blog.saocamilo-sp.br\\\/wp-content\\\/uploads\\\/2024\\\/03\\\/B2.png\",\"width\":1024,\"height\":803,\"caption\":\"Descubra como as emo\u00e7\u00f5es de Riley continuam a nos encantar na vida real! O artigo sobre a continua\u00e7\u00e3o de \\\"Divertidamente\\\" revela como podemos refletir sobre nossos pr\u00f3prios sentimentos atrav\u00e9s dessa emocionante hist\u00f3ria\"},{\"@type\":\"BreadcrumbList\",\"@id\":\"https:\\\/\\\/blog.saocamilo-sp.br\\\/index.php\\\/2024\\\/03\\\/04\\\/psicologia\\\/#breadcrumb\",\"itemListElement\":[{\"@type\":\"ListItem\",\"position\":1,\"name\":\"In\u00edcio\",\"item\":\"https:\\\/\\\/blog.saocamilo-sp.br\\\/\"},{\"@type\":\"ListItem\",\"position\":2,\"name\":\"Docente de Psicologia fala que o reconhecimento das emo\u00e7\u00f5es\"}]},{\"@type\":\"WebSite\",\"@id\":\"https:\\\/\\\/blog.saocamilo-sp.br\\\/#website\",\"url\":\"https:\\\/\\\/blog.saocamilo-sp.br\\\/\",\"name\":\"Blog S\u00e3o Camilo\",\"description\":\"Blog do Centro Universit\u00e1rio S\u00e3o Camilo\",\"publisher\":{\"@id\":\"https:\\\/\\\/blog.saocamilo-sp.br\\\/#organization\"},\"potentialAction\":[{\"@type\":\"SearchAction\",\"target\":{\"@type\":\"EntryPoint\",\"urlTemplate\":\"https:\\\/\\\/blog.saocamilo-sp.br\\\/?s={search_term_string}\"},\"query-input\":{\"@type\":\"PropertyValueSpecification\",\"valueRequired\":true,\"valueName\":\"search_term_string\"}}],\"inLanguage\":\"pt-BR\"},{\"@type\":\"Organization\",\"@id\":\"https:\\\/\\\/blog.saocamilo-sp.br\\\/#organization\",\"name\":\"Blog S\u00e3o Camilo\",\"url\":\"https:\\\/\\\/blog.saocamilo-sp.br\\\/\",\"logo\":{\"@type\":\"ImageObject\",\"inLanguage\":\"pt-BR\",\"@id\":\"https:\\\/\\\/blog.saocamilo-sp.br\\\/#\\\/schema\\\/logo\\\/image\\\/\",\"url\":\"https:\\\/\\\/blog.saocamilo-sp.br\\\/wp-content\\\/uploads\\\/2021\\\/12\\\/cropped-vazio-logo-topo.png\",\"contentUrl\":\"https:\\\/\\\/blog.saocamilo-sp.br\\\/wp-content\\\/uploads\\\/2021\\\/12\\\/cropped-vazio-logo-topo.png\",\"width\":320,\"height\":240,\"caption\":\"Blog S\u00e3o Camilo\"},\"image\":{\"@id\":\"https:\\\/\\\/blog.saocamilo-sp.br\\\/#\\\/schema\\\/logo\\\/image\\\/\"},\"sameAs\":[\"https:\\\/\\\/www.facebook.com\\\/saocamilosp\",\"https:\\\/\\\/x.com\\\/saocamilosp\",\"https:\\\/\\\/www.linkedin.com\\\/school\\\/centro-universit-rio-s-o-camilo\\\/\"]},{\"@type\":\"Person\",\"@id\":\"https:\\\/\\\/blog.saocamilo-sp.br\\\/#\\\/schema\\\/person\\\/781135418152912d4b58f2db13a2eaf0\",\"name\":\"Lucas Soares Gon\u00e7alves\",\"image\":{\"@type\":\"ImageObject\",\"inLanguage\":\"pt-BR\",\"@id\":\"https:\\\/\\\/secure.gravatar.com\\\/avatar\\\/bcd2d703cbb48116eaac2cac8643792535238ff30b2d7ce9e16f9254ec9cae83?s=96&d=mm&r=g\",\"url\":\"https:\\\/\\\/secure.gravatar.com\\\/avatar\\\/bcd2d703cbb48116eaac2cac8643792535238ff30b2d7ce9e16f9254ec9cae83?s=96&d=mm&r=g\",\"contentUrl\":\"https:\\\/\\\/secure.gravatar.com\\\/avatar\\\/bcd2d703cbb48116eaac2cac8643792535238ff30b2d7ce9e16f9254ec9cae83?s=96&d=mm&r=g\",\"caption\":\"Lucas Soares Gon\u00e7alves\"},\"url\":\"https:\\\/\\\/blog.saocamilo-sp.br\\\/index.php\\\/author\\\/lucas-soares-goncalves\\\/\"}]}<\/script>\n<!-- \/ Yoast SEO plugin. -->","yoast_head_json":{"title":"Docente de Psicologia fala que o reconhecimento das emo\u00e7\u00f5es - Blog S\u00e3o Camilo","description":"Descubra como as emo\u00e7\u00f5es de Riley continuam a nos encantar na vida real! O artigo desenvolvido com a professora de psicologia Lidyane ...","robots":{"index":"index","follow":"follow","max-snippet":"max-snippet:-1","max-image-preview":"max-image-preview:large","max-video-preview":"max-video-preview:-1"},"canonical":"https:\/\/blog.saocamilo-sp.br\/index.php\/2024\/03\/04\/psicologia\/","og_locale":"pt_BR","og_type":"article","og_title":"Docente de Psicologia fala que o reconhecimento das emo\u00e7\u00f5es - Blog S\u00e3o Camilo","og_description":"Descubra como as emo\u00e7\u00f5es de Riley continuam a nos encantar na vida real! O artigo desenvolvido com a professora de psicologia Lidyane ...","og_url":"https:\/\/blog.saocamilo-sp.br\/index.php\/2024\/03\/04\/psicologia\/","og_site_name":"Blog S\u00e3o Camilo","article_publisher":"https:\/\/www.facebook.com\/saocamilosp","article_published_time":"2024-03-04T14:26:49+00:00","article_modified_time":"2024-03-21T18:59:16+00:00","og_image":[{"width":1024,"height":803,"url":"https:\/\/blog.saocamilo-sp.br\/wp-content\/uploads\/2024\/03\/B2.png","type":"image\/png"}],"author":"Lucas Soares Gon\u00e7alves","twitter_card":"summary_large_image","twitter_creator":"@saocamilosp","twitter_site":"@saocamilosp","twitter_misc":{"Escrito por":"Lucas Soares Gon\u00e7alves","Est. tempo de leitura":"5 minutos"},"schema":{"@context":"https:\/\/schema.org","@graph":[{"@type":"Article","@id":"https:\/\/blog.saocamilo-sp.br\/index.php\/2024\/03\/04\/psicologia\/#article","isPartOf":{"@id":"https:\/\/blog.saocamilo-sp.br\/index.php\/2024\/03\/04\/psicologia\/"},"author":{"name":"Lucas Soares Gon\u00e7alves","@id":"https:\/\/blog.saocamilo-sp.br\/#\/schema\/person\/781135418152912d4b58f2db13a2eaf0"},"headline":"Docente de Psicologia fala que o reconhecimento das emo\u00e7\u00f5es","datePublished":"2024-03-04T14:26:49+00:00","dateModified":"2024-03-21T18:59:16+00:00","mainEntityOfPage":{"@id":"https:\/\/blog.saocamilo-sp.br\/index.php\/2024\/03\/04\/psicologia\/"},"wordCount":980,"commentCount":0,"publisher":{"@id":"https:\/\/blog.saocamilo-sp.br\/#organization"},"image":{"@id":"https:\/\/blog.saocamilo-sp.br\/index.php\/2024\/03\/04\/psicologia\/#primaryimage"},"thumbnailUrl":"https:\/\/blog.saocamilo-sp.br\/wp-content\/uploads\/2024\/03\/B2.png","keywords":["disney pixar","divertidamente","docente","Psicologia"],"articleSection":["Psicologia"],"inLanguage":"pt-BR","potentialAction":[{"@type":"CommentAction","name":"Comment","target":["https:\/\/blog.saocamilo-sp.br\/index.php\/2024\/03\/04\/psicologia\/#respond"]}]},{"@type":"WebPage","@id":"https:\/\/blog.saocamilo-sp.br\/index.php\/2024\/03\/04\/psicologia\/","url":"https:\/\/blog.saocamilo-sp.br\/index.php\/2024\/03\/04\/psicologia\/","name":"Docente de Psicologia fala que o reconhecimento das emo\u00e7\u00f5es - Blog S\u00e3o Camilo","isPartOf":{"@id":"https:\/\/blog.saocamilo-sp.br\/#website"},"primaryImageOfPage":{"@id":"https:\/\/blog.saocamilo-sp.br\/index.php\/2024\/03\/04\/psicologia\/#primaryimage"},"image":{"@id":"https:\/\/blog.saocamilo-sp.br\/index.php\/2024\/03\/04\/psicologia\/#primaryimage"},"thumbnailUrl":"https:\/\/blog.saocamilo-sp.br\/wp-content\/uploads\/2024\/03\/B2.png","datePublished":"2024-03-04T14:26:49+00:00","dateModified":"2024-03-21T18:59:16+00:00","description":"Descubra como as emo\u00e7\u00f5es de Riley continuam a nos encantar na vida real! O artigo desenvolvido com a professora de psicologia Lidyane ...","breadcrumb":{"@id":"https:\/\/blog.saocamilo-sp.br\/index.php\/2024\/03\/04\/psicologia\/#breadcrumb"},"inLanguage":"pt-BR","potentialAction":[{"@type":"ReadAction","target":["https:\/\/blog.saocamilo-sp.br\/index.php\/2024\/03\/04\/psicologia\/"]}]},{"@type":"ImageObject","inLanguage":"pt-BR","@id":"https:\/\/blog.saocamilo-sp.br\/index.php\/2024\/03\/04\/psicologia\/#primaryimage","url":"https:\/\/blog.saocamilo-sp.br\/wp-content\/uploads\/2024\/03\/B2.png","contentUrl":"https:\/\/blog.saocamilo-sp.br\/wp-content\/uploads\/2024\/03\/B2.png","width":1024,"height":803,"caption":"Descubra como as emo\u00e7\u00f5es de Riley continuam a nos encantar na vida real! O artigo sobre a continua\u00e7\u00e3o de \"Divertidamente\" revela como podemos refletir sobre nossos pr\u00f3prios sentimentos atrav\u00e9s dessa emocionante hist\u00f3ria"},{"@type":"BreadcrumbList","@id":"https:\/\/blog.saocamilo-sp.br\/index.php\/2024\/03\/04\/psicologia\/#breadcrumb","itemListElement":[{"@type":"ListItem","position":1,"name":"In\u00edcio","item":"https:\/\/blog.saocamilo-sp.br\/"},{"@type":"ListItem","position":2,"name":"Docente de Psicologia fala que o reconhecimento das emo\u00e7\u00f5es"}]},{"@type":"WebSite","@id":"https:\/\/blog.saocamilo-sp.br\/#website","url":"https:\/\/blog.saocamilo-sp.br\/","name":"Blog S\u00e3o Camilo","description":"Blog do Centro Universit\u00e1rio S\u00e3o Camilo","publisher":{"@id":"https:\/\/blog.saocamilo-sp.br\/#organization"},"potentialAction":[{"@type":"SearchAction","target":{"@type":"EntryPoint","urlTemplate":"https:\/\/blog.saocamilo-sp.br\/?s={search_term_string}"},"query-input":{"@type":"PropertyValueSpecification","valueRequired":true,"valueName":"search_term_string"}}],"inLanguage":"pt-BR"},{"@type":"Organization","@id":"https:\/\/blog.saocamilo-sp.br\/#organization","name":"Blog S\u00e3o Camilo","url":"https:\/\/blog.saocamilo-sp.br\/","logo":{"@type":"ImageObject","inLanguage":"pt-BR","@id":"https:\/\/blog.saocamilo-sp.br\/#\/schema\/logo\/image\/","url":"https:\/\/blog.saocamilo-sp.br\/wp-content\/uploads\/2021\/12\/cropped-vazio-logo-topo.png","contentUrl":"https:\/\/blog.saocamilo-sp.br\/wp-content\/uploads\/2021\/12\/cropped-vazio-logo-topo.png","width":320,"height":240,"caption":"Blog S\u00e3o Camilo"},"image":{"@id":"https:\/\/blog.saocamilo-sp.br\/#\/schema\/logo\/image\/"},"sameAs":["https:\/\/www.facebook.com\/saocamilosp","https:\/\/x.com\/saocamilosp","https:\/\/www.linkedin.com\/school\/centro-universit-rio-s-o-camilo\/"]},{"@type":"Person","@id":"https:\/\/blog.saocamilo-sp.br\/#\/schema\/person\/781135418152912d4b58f2db13a2eaf0","name":"Lucas Soares Gon\u00e7alves","image":{"@type":"ImageObject","inLanguage":"pt-BR","@id":"https:\/\/secure.gravatar.com\/avatar\/bcd2d703cbb48116eaac2cac8643792535238ff30b2d7ce9e16f9254ec9cae83?s=96&d=mm&r=g","url":"https:\/\/secure.gravatar.com\/avatar\/bcd2d703cbb48116eaac2cac8643792535238ff30b2d7ce9e16f9254ec9cae83?s=96&d=mm&r=g","contentUrl":"https:\/\/secure.gravatar.com\/avatar\/bcd2d703cbb48116eaac2cac8643792535238ff30b2d7ce9e16f9254ec9cae83?s=96&d=mm&r=g","caption":"Lucas Soares Gon\u00e7alves"},"url":"https:\/\/blog.saocamilo-sp.br\/index.php\/author\/lucas-soares-goncalves\/"}]}},"_links":{"self":[{"href":"https:\/\/blog.saocamilo-sp.br\/index.php\/wp-json\/wp\/v2\/posts\/2346","targetHints":{"allow":["GET"]}}],"collection":[{"href":"https:\/\/blog.saocamilo-sp.br\/index.php\/wp-json\/wp\/v2\/posts"}],"about":[{"href":"https:\/\/blog.saocamilo-sp.br\/index.php\/wp-json\/wp\/v2\/types\/post"}],"author":[{"embeddable":true,"href":"https:\/\/blog.saocamilo-sp.br\/index.php\/wp-json\/wp\/v2\/users\/4"}],"replies":[{"embeddable":true,"href":"https:\/\/blog.saocamilo-sp.br\/index.php\/wp-json\/wp\/v2\/comments?post=2346"}],"version-history":[{"count":5,"href":"https:\/\/blog.saocamilo-sp.br\/index.php\/wp-json\/wp\/v2\/posts\/2346\/revisions"}],"predecessor-version":[{"id":2671,"href":"https:\/\/blog.saocamilo-sp.br\/index.php\/wp-json\/wp\/v2\/posts\/2346\/revisions\/2671"}],"wp:featuredmedia":[{"embeddable":true,"href":"https:\/\/blog.saocamilo-sp.br\/index.php\/wp-json\/wp\/v2\/media\/2366"}],"wp:attachment":[{"href":"https:\/\/blog.saocamilo-sp.br\/index.php\/wp-json\/wp\/v2\/media?parent=2346"}],"wp:term":[{"taxonomy":"category","embeddable":true,"href":"https:\/\/blog.saocamilo-sp.br\/index.php\/wp-json\/wp\/v2\/categories?post=2346"},{"taxonomy":"post_tag","embeddable":true,"href":"https:\/\/blog.saocamilo-sp.br\/index.php\/wp-json\/wp\/v2\/tags?post=2346"}],"curies":[{"name":"wp","href":"https:\/\/api.w.org\/{rel}","templated":true}]}}