{"id":2352,"date":"2024-03-19T15:55:18","date_gmt":"2024-03-19T18:55:18","guid":{"rendered":"https:\/\/blog.saocamilo-sp.br\/?p=2352"},"modified":"2025-11-25T12:40:19","modified_gmt":"2025-11-25T15:40:19","slug":"pro-reitor-academico-recebe-medalha-da-ordem-do-merito-internacional-da-educacao","status":"publish","type":"post","link":"https:\/\/blog.saocamilo-sp.br\/index.php\/2024\/03\/19\/pro-reitor-academico-recebe-medalha-da-ordem-do-merito-internacional-da-educacao\/","title":{"rendered":"Pr\u00f3-Reitor Acad\u00eamico recebe medalha da Ordem do M\u00e9rito Internacional da Educa\u00e7\u00e3o"},"content":{"rendered":"\n<p>Em 24 de janeiro, durante a solenidade em celebra\u00e7\u00e3o ao Dia Internacional da Educa\u00e7\u00e3o da ONU, o Prof. Dr. Carlos Ferrara Junior, Pr\u00f3-Reitor Acad\u00eamico, foi honrado com a medalha &#8220;Ordem do M\u00e9rito Internacional da Educa\u00e7\u00e3o&#8221;. <\/p>\n\n\n\n<figure class=\"wp-block-gallery has-nested-images columns-default is-cropped wp-block-gallery-1 is-layout-flex wp-block-gallery-is-layout-flex\">\n<figure class=\"wp-block-image size-large\"><img loading=\"lazy\" decoding=\"async\" width=\"616\" height=\"466\" data-id=\"2359\" src=\"https:\/\/blog.saocamilo-sp.br\/wp-content\/uploads\/2024\/03\/Medalha_Carlos_Ferrara-1.jpg\" alt=\"\" class=\"wp-image-2359\"\/><\/figure>\n\n\n\n<figure class=\"wp-block-image size-large\"><img loading=\"lazy\" decoding=\"async\" width=\"559\" height=\"923\" data-id=\"2358\" src=\"https:\/\/blog.saocamilo-sp.br\/wp-content\/uploads\/2024\/03\/1706575596316.jpg\" alt=\"\" class=\"wp-image-2358\"\/><\/figure>\n\n\n\n<figure class=\"wp-block-image size-large\"><img loading=\"lazy\" decoding=\"async\" width=\"1280\" height=\"2099\" data-id=\"2360\" src=\"https:\/\/blog.saocamilo-sp.br\/wp-content\/uploads\/2024\/03\/1706575600496.jpg\" alt=\"\" class=\"wp-image-2360\"\/><\/figure>\n<\/figure>\n\n\n\n<h2 class=\"wp-block-heading\">Solenidade de Comemora\u00e7\u00e3o<\/h2>\n\n\n\n<p>Durante a solenidade, o Comandante \u00c2ngelo Madeira Neto Madeira Angelo, superintendente da AUNIPI &#8211; South America Brazil &#8211; American Association of United Nations Intergovernmental Peacekeeping, concedeu a prestigiosa medalha em reconhecimento aos servi\u00e7os relevantes prestados na \u00e1rea da educa\u00e7\u00e3o.<\/p>\n\n\n\n<p><\/p>\n\n\n\n<h2 class=\"wp-block-heading\">Significado da Medalha<\/h2>\n\n\n\n<p>A &#8220;Ordem do M\u00e9rito Internacional da Educa\u00e7\u00e3o&#8221; \u00e9 uma distin\u00e7\u00e3o que visa homenagear Professores, Secret\u00e1rios de Educa\u00e7\u00e3o, Gestores Educacionais e Institui\u00e7\u00f5es de Ensino que se destacam pelos seus m\u00e9ritos e contribui\u00e7\u00f5es para a educa\u00e7\u00e3o.<\/p>\n\n\n\n<h2 class=\"wp-block-heading\">Processo de Sele\u00e7\u00e3o<\/h2>\n\n\n\n<p>A outorga dessa medalha \u00e9 resultado de um rigoroso processo de sele\u00e7\u00e3o em v\u00e1rias fases, conduzido pelo Conselho Deliberativo Federal de Honrarias e M\u00e9ritos, sob a presid\u00eancia do Sr. Jos\u00e9 Francisco Ferraz Luz. Em 2024, apenas nove indiv\u00edduos foram aprovados para receber essa distin\u00e7\u00e3o.<\/p>\n\n\n\n<p>A Dedica\u00e7\u00e3o ao Centro Universit\u00e1rio S\u00e3o Camilo:<\/p>\n\n\n\n<h2 class=\"wp-block-heading\">A Dedica\u00e7\u00e3o ao Centro Universit\u00e1rio S\u00e3o Camilo<\/h2>\n\n\n\n<p>O Pr\u00f3-Reitor Acad\u00eamico dedicou esta honraria ao <a href=\"https:\/\/saocamilo-sp.br\/\" target=\"_blank\" rel=\"noreferrer noopener\">Centro Universit\u00e1rio S\u00e3o Camilo<\/a>, por ter proporcionado o ambiente prop\u00edcio para o desenvolvimento de sua lideran\u00e7a na gest\u00e3o educacional Camiliana, pautada em humanismo, sabedoria, confian\u00e7a e respeito m\u00fatuo, visando a perenidade da organiza\u00e7\u00e3o e o crescimento e transforma\u00e7\u00e3o dos estudantes camilianos.<\/p>\n\n\n\n<blockquote class=\"wp-block-quote is-layout-flow wp-block-quote-is-layout-flow\">\n<p>Receber a medalha &#8220;Ordem do M\u00e9rito Internacional da Educa\u00e7\u00e3o&#8221; foi uma experi\u00eancia \u00fanica e gratificante. Este reconhecimento refor\u00e7a o meu compromisso com a educa\u00e7\u00e3o e me motiva a continuar contribuindo para o desenvolvimento e forma\u00e7\u00e3o dos futuros profissionais.<\/p>\n<cite>prof. dr. Carlos Ferrrara junior<\/cite><\/blockquote>\n\n\n\n<p>O Centro Universit\u00e1rio S\u00e3o Camilo fica imensamente feliz em contar com l\u00edderes exemplares como o Prof. Dr. Carlos Ferrara Junior, ao qual gostar\u00edamos de agradecer por toda a dedica\u00e7\u00e3o e comprometimento. Esta honraria foi mais do que merecida, j\u00e1 que o Prof. Carlos personifica os princ\u00edpios camilianos em suas a\u00e7\u00f5es e lideran\u00e7a, contribuindo significativamente para a miss\u00e3o e os valores da nossa institui\u00e7\u00e3o.<\/p>\n\n\n\n<p><\/p>\n\n\n\n<h2 class=\"wp-block-heading\">Veja tamb\u00e9m<\/h2>\n\n\n\n<ul class=\"wp-block-list\">\n<li><a href=\"https:\/\/blog.saocamilo-sp.br\/index.php\/2023\/05\/25\/plastinado-von-hagens-sao-camilo-revoluciona-no-ensino\/\">Plastinado von Hagens: S\u00e3o Camilo revoluciona no ensino da Sa\u00fade<\/a><\/li>\n\n\n\n<li><a href=\"https:\/\/blog.saocamilo-sp.br\/index.php\/2024\/02\/01\/oducal\/\">Pe. Jo\u00e3o Batista e Rayssa Rios s\u00e3o nomeados para a ODUCAL<\/a><\/li>\n\n\n\n<li><a href=\"https:\/\/blog.saocamilo-sp.br\/index.php\/2023\/12\/02\/medicina-sao-camilo-conquista-a-certificacao-do-cfm\/\">Medicina S\u00e3o Camilo conquista certifica\u00e7\u00e3o do Sistema de Acredita\u00e7\u00e3o de Escolas M\u00e9dicas \u2013 CFM<\/a><\/li>\n<\/ul>\n\n\n\n<p><\/p>\n\n\n\n<p>Saiba mais sobre nossos cursos:<\/p>\n\n\n\n<iframe loading=\"lazy\" src=\"https:\/\/saocamilo.apprbs.com.br\/tenho-interesse-blog\" height=\"530px\" width=\"100%\" frameborder=\"0\"><\/iframe>\n\n\n\n<p>Compartilhe em:<\/p>\n","protected":false},"excerpt":{"rendered":"<p>Prof. Dr. Carlos Ferrara Junior, Pr\u00f3-Reitor Acad\u00eamico, \u00e9 honrado com a medalha &#8220;Ordem do M\u00e9rito Internacional da Educa\u00e7\u00e3o&#8221;. <\/p>\n","protected":false},"author":4,"featured_media":2356,"comment_status":"open","ping_status":"open","sticky":false,"template":"","format":"standard","meta":{"cybocfi_hide_featured_image":"yes","footnotes":""},"categories":[91,73],"tags":[74,75],"class_list":["post-2352","post","type-post","status-publish","format-standard","has-post-thumbnail","hentry","category-institucional","category-reitoria","tag-institucional","tag-reitoria"],"yoast_head":"<!-- This site is optimized with the Yoast SEO plugin v27.4 - https:\/\/yoast.com\/product\/yoast-seo-wordpress\/ -->\n<title>Pr\u00f3-Reitor Acad\u00eamico recebe medalha da Ordem do M\u00e9rito Internacional da Educa\u00e7\u00e3o - Blog S\u00e3o Camilo<\/title>\n<meta name=\"robots\" content=\"index, follow, max-snippet:-1, max-image-preview:large, max-video-preview:-1\" \/>\n<link rel=\"canonical\" href=\"https:\/\/blog.saocamilo-sp.br\/index.php\/2024\/03\/19\/pro-reitor-academico-recebe-medalha-da-ordem-do-merito-internacional-da-educacao\/\" \/>\n<meta property=\"og:locale\" content=\"pt_BR\" \/>\n<meta property=\"og:type\" content=\"article\" \/>\n<meta property=\"og:title\" content=\"Pr\u00f3-Reitor Acad\u00eamico recebe medalha da Ordem do M\u00e9rito Internacional da Educa\u00e7\u00e3o - Blog S\u00e3o Camilo\" \/>\n<meta property=\"og:description\" content=\"Prof. Dr. Carlos Ferrara Junior, Pr\u00f3-Reitor Acad\u00eamico, \u00e9 honrado com a medalha &quot;Ordem do M\u00e9rito Internacional da Educa\u00e7\u00e3o&quot;.\" \/>\n<meta property=\"og:url\" content=\"https:\/\/blog.saocamilo-sp.br\/index.php\/2024\/03\/19\/pro-reitor-academico-recebe-medalha-da-ordem-do-merito-internacional-da-educacao\/\" \/>\n<meta property=\"og:site_name\" content=\"Blog S\u00e3o Camilo\" \/>\n<meta property=\"article:publisher\" content=\"https:\/\/www.facebook.com\/saocamilosp\" \/>\n<meta property=\"article:published_time\" content=\"2024-03-19T18:55:18+00:00\" \/>\n<meta property=\"article:modified_time\" content=\"2025-11-25T15:40:19+00:00\" \/>\n<meta property=\"og:image\" content=\"https:\/\/blog.saocamilo-sp.br\/wp-content\/uploads\/2024\/03\/Medalha_Carlos_Ferrara.jpg\" \/>\n\t<meta property=\"og:image:width\" content=\"616\" \/>\n\t<meta property=\"og:image:height\" content=\"466\" \/>\n\t<meta property=\"og:image:type\" content=\"image\/jpeg\" \/>\n<meta name=\"author\" content=\"Lucas Soares Gon\u00e7alves\" \/>\n<meta name=\"twitter:card\" content=\"summary_large_image\" \/>\n<meta name=\"twitter:creator\" content=\"@saocamilosp\" \/>\n<meta name=\"twitter:site\" content=\"@saocamilosp\" \/>\n<meta name=\"twitter:label1\" content=\"Escrito por\" \/>\n\t<meta name=\"twitter:data1\" content=\"Lucas Soares Gon\u00e7alves\" \/>\n\t<meta name=\"twitter:label2\" content=\"Est. tempo de leitura\" \/>\n\t<meta name=\"twitter:data2\" content=\"3 minutos\" \/>\n<script type=\"application\/ld+json\" class=\"yoast-schema-graph\">{\"@context\":\"https:\\\/\\\/schema.org\",\"@graph\":[{\"@type\":\"Article\",\"@id\":\"https:\\\/\\\/blog.saocamilo-sp.br\\\/index.php\\\/2024\\\/03\\\/19\\\/pro-reitor-academico-recebe-medalha-da-ordem-do-merito-internacional-da-educacao\\\/#article\",\"isPartOf\":{\"@id\":\"https:\\\/\\\/blog.saocamilo-sp.br\\\/index.php\\\/2024\\\/03\\\/19\\\/pro-reitor-academico-recebe-medalha-da-ordem-do-merito-internacional-da-educacao\\\/\"},\"author\":{\"name\":\"Lucas Soares Gon\u00e7alves\",\"@id\":\"https:\\\/\\\/blog.saocamilo-sp.br\\\/#\\\/schema\\\/person\\\/781135418152912d4b58f2db13a2eaf0\"},\"headline\":\"Pr\u00f3-Reitor Acad\u00eamico recebe medalha da Ordem do M\u00e9rito Internacional da Educa\u00e7\u00e3o\",\"datePublished\":\"2024-03-19T18:55:18+00:00\",\"dateModified\":\"2025-11-25T15:40:19+00:00\",\"mainEntityOfPage\":{\"@id\":\"https:\\\/\\\/blog.saocamilo-sp.br\\\/index.php\\\/2024\\\/03\\\/19\\\/pro-reitor-academico-recebe-medalha-da-ordem-do-merito-internacional-da-educacao\\\/\"},\"wordCount\":450,\"commentCount\":0,\"publisher\":{\"@id\":\"https:\\\/\\\/blog.saocamilo-sp.br\\\/#organization\"},\"image\":{\"@id\":\"https:\\\/\\\/blog.saocamilo-sp.br\\\/index.php\\\/2024\\\/03\\\/19\\\/pro-reitor-academico-recebe-medalha-da-ordem-do-merito-internacional-da-educacao\\\/#primaryimage\"},\"thumbnailUrl\":\"https:\\\/\\\/blog.saocamilo-sp.br\\\/wp-content\\\/uploads\\\/2024\\\/03\\\/Medalha_Carlos_Ferrara.jpg\",\"keywords\":[\"Institucional\",\"Reitoria\"],\"articleSection\":[\"Institucional\",\"Reitoria\"],\"inLanguage\":\"pt-BR\",\"potentialAction\":[{\"@type\":\"CommentAction\",\"name\":\"Comment\",\"target\":[\"https:\\\/\\\/blog.saocamilo-sp.br\\\/index.php\\\/2024\\\/03\\\/19\\\/pro-reitor-academico-recebe-medalha-da-ordem-do-merito-internacional-da-educacao\\\/#respond\"]}]},{\"@type\":\"WebPage\",\"@id\":\"https:\\\/\\\/blog.saocamilo-sp.br\\\/index.php\\\/2024\\\/03\\\/19\\\/pro-reitor-academico-recebe-medalha-da-ordem-do-merito-internacional-da-educacao\\\/\",\"url\":\"https:\\\/\\\/blog.saocamilo-sp.br\\\/index.php\\\/2024\\\/03\\\/19\\\/pro-reitor-academico-recebe-medalha-da-ordem-do-merito-internacional-da-educacao\\\/\",\"name\":\"Pr\u00f3-Reitor Acad\u00eamico recebe medalha da Ordem do M\u00e9rito Internacional da Educa\u00e7\u00e3o - Blog S\u00e3o Camilo\",\"isPartOf\":{\"@id\":\"https:\\\/\\\/blog.saocamilo-sp.br\\\/#website\"},\"primaryImageOfPage\":{\"@id\":\"https:\\\/\\\/blog.saocamilo-sp.br\\\/index.php\\\/2024\\\/03\\\/19\\\/pro-reitor-academico-recebe-medalha-da-ordem-do-merito-internacional-da-educacao\\\/#primaryimage\"},\"image\":{\"@id\":\"https:\\\/\\\/blog.saocamilo-sp.br\\\/index.php\\\/2024\\\/03\\\/19\\\/pro-reitor-academico-recebe-medalha-da-ordem-do-merito-internacional-da-educacao\\\/#primaryimage\"},\"thumbnailUrl\":\"https:\\\/\\\/blog.saocamilo-sp.br\\\/wp-content\\\/uploads\\\/2024\\\/03\\\/Medalha_Carlos_Ferrara.jpg\",\"datePublished\":\"2024-03-19T18:55:18+00:00\",\"dateModified\":\"2025-11-25T15:40:19+00:00\",\"breadcrumb\":{\"@id\":\"https:\\\/\\\/blog.saocamilo-sp.br\\\/index.php\\\/2024\\\/03\\\/19\\\/pro-reitor-academico-recebe-medalha-da-ordem-do-merito-internacional-da-educacao\\\/#breadcrumb\"},\"inLanguage\":\"pt-BR\",\"potentialAction\":[{\"@type\":\"ReadAction\",\"target\":[\"https:\\\/\\\/blog.saocamilo-sp.br\\\/index.php\\\/2024\\\/03\\\/19\\\/pro-reitor-academico-recebe-medalha-da-ordem-do-merito-internacional-da-educacao\\\/\"]}]},{\"@type\":\"BreadcrumbList\",\"@id\":\"https:\\\/\\\/blog.saocamilo-sp.br\\\/index.php\\\/2024\\\/03\\\/19\\\/pro-reitor-academico-recebe-medalha-da-ordem-do-merito-internacional-da-educacao\\\/#breadcrumb\",\"itemListElement\":[{\"@type\":\"ListItem\",\"position\":1,\"name\":\"In\u00edcio\",\"item\":\"https:\\\/\\\/blog.saocamilo-sp.br\\\/\"},{\"@type\":\"ListItem\",\"position\":2,\"name\":\"Pr\u00f3-Reitor Acad\u00eamico recebe medalha da Ordem do M\u00e9rito Internacional da Educa\u00e7\u00e3o\"}]},{\"@type\":\"WebSite\",\"@id\":\"https:\\\/\\\/blog.saocamilo-sp.br\\\/#website\",\"url\":\"https:\\\/\\\/blog.saocamilo-sp.br\\\/\",\"name\":\"Blog S\u00e3o Camilo\",\"description\":\"Blog do Centro Universit\u00e1rio S\u00e3o Camilo\",\"publisher\":{\"@id\":\"https:\\\/\\\/blog.saocamilo-sp.br\\\/#organization\"},\"potentialAction\":[{\"@type\":\"SearchAction\",\"target\":{\"@type\":\"EntryPoint\",\"urlTemplate\":\"https:\\\/\\\/blog.saocamilo-sp.br\\\/?s={search_term_string}\"},\"query-input\":{\"@type\":\"PropertyValueSpecification\",\"valueRequired\":true,\"valueName\":\"search_term_string\"}}],\"inLanguage\":\"pt-BR\"},{\"@type\":\"Organization\",\"@id\":\"https:\\\/\\\/blog.saocamilo-sp.br\\\/#organization\",\"name\":\"Blog S\u00e3o Camilo\",\"url\":\"https:\\\/\\\/blog.saocamilo-sp.br\\\/\",\"logo\":{\"@type\":\"ImageObject\",\"inLanguage\":\"pt-BR\",\"@id\":\"https:\\\/\\\/blog.saocamilo-sp.br\\\/#\\\/schema\\\/logo\\\/image\\\/\",\"url\":\"https:\\\/\\\/blog.saocamilo-sp.br\\\/wp-content\\\/uploads\\\/2021\\\/12\\\/cropped-vazio-logo-topo.png\",\"contentUrl\":\"https:\\\/\\\/blog.saocamilo-sp.br\\\/wp-content\\\/uploads\\\/2021\\\/12\\\/cropped-vazio-logo-topo.png\",\"width\":320,\"height\":240,\"caption\":\"Blog S\u00e3o Camilo\"},\"image\":{\"@id\":\"https:\\\/\\\/blog.saocamilo-sp.br\\\/#\\\/schema\\\/logo\\\/image\\\/\"},\"sameAs\":[\"https:\\\/\\\/www.facebook.com\\\/saocamilosp\",\"https:\\\/\\\/x.com\\\/saocamilosp\",\"https:\\\/\\\/www.linkedin.com\\\/school\\\/centro-universit-rio-s-o-camilo\\\/\"]},{\"@type\":\"Person\",\"@id\":\"https:\\\/\\\/blog.saocamilo-sp.br\\\/#\\\/schema\\\/person\\\/781135418152912d4b58f2db13a2eaf0\",\"name\":\"Lucas Soares Gon\u00e7alves\",\"image\":{\"@type\":\"ImageObject\",\"inLanguage\":\"pt-BR\",\"@id\":\"https:\\\/\\\/secure.gravatar.com\\\/avatar\\\/bcd2d703cbb48116eaac2cac8643792535238ff30b2d7ce9e16f9254ec9cae83?s=96&d=mm&r=g\",\"url\":\"https:\\\/\\\/secure.gravatar.com\\\/avatar\\\/bcd2d703cbb48116eaac2cac8643792535238ff30b2d7ce9e16f9254ec9cae83?s=96&d=mm&r=g\",\"contentUrl\":\"https:\\\/\\\/secure.gravatar.com\\\/avatar\\\/bcd2d703cbb48116eaac2cac8643792535238ff30b2d7ce9e16f9254ec9cae83?s=96&d=mm&r=g\",\"caption\":\"Lucas Soares Gon\u00e7alves\"},\"url\":\"https:\\\/\\\/blog.saocamilo-sp.br\\\/index.php\\\/author\\\/lucas-soares-goncalves\\\/\"}]}<\/script>\n<!-- \/ Yoast SEO plugin. -->","yoast_head_json":{"title":"Pr\u00f3-Reitor Acad\u00eamico recebe medalha da Ordem do M\u00e9rito Internacional da Educa\u00e7\u00e3o - Blog S\u00e3o Camilo","robots":{"index":"index","follow":"follow","max-snippet":"max-snippet:-1","max-image-preview":"max-image-preview:large","max-video-preview":"max-video-preview:-1"},"canonical":"https:\/\/blog.saocamilo-sp.br\/index.php\/2024\/03\/19\/pro-reitor-academico-recebe-medalha-da-ordem-do-merito-internacional-da-educacao\/","og_locale":"pt_BR","og_type":"article","og_title":"Pr\u00f3-Reitor Acad\u00eamico recebe medalha da Ordem do M\u00e9rito Internacional da Educa\u00e7\u00e3o - Blog S\u00e3o Camilo","og_description":"Prof. Dr. Carlos Ferrara Junior, Pr\u00f3-Reitor Acad\u00eamico, \u00e9 honrado com a medalha \"Ordem do M\u00e9rito Internacional da Educa\u00e7\u00e3o\".","og_url":"https:\/\/blog.saocamilo-sp.br\/index.php\/2024\/03\/19\/pro-reitor-academico-recebe-medalha-da-ordem-do-merito-internacional-da-educacao\/","og_site_name":"Blog S\u00e3o Camilo","article_publisher":"https:\/\/www.facebook.com\/saocamilosp","article_published_time":"2024-03-19T18:55:18+00:00","article_modified_time":"2025-11-25T15:40:19+00:00","og_image":[{"width":616,"height":466,"url":"https:\/\/blog.saocamilo-sp.br\/wp-content\/uploads\/2024\/03\/Medalha_Carlos_Ferrara.jpg","type":"image\/jpeg"}],"author":"Lucas Soares Gon\u00e7alves","twitter_card":"summary_large_image","twitter_creator":"@saocamilosp","twitter_site":"@saocamilosp","twitter_misc":{"Escrito por":"Lucas Soares Gon\u00e7alves","Est. tempo de leitura":"3 minutos"},"schema":{"@context":"https:\/\/schema.org","@graph":[{"@type":"Article","@id":"https:\/\/blog.saocamilo-sp.br\/index.php\/2024\/03\/19\/pro-reitor-academico-recebe-medalha-da-ordem-do-merito-internacional-da-educacao\/#article","isPartOf":{"@id":"https:\/\/blog.saocamilo-sp.br\/index.php\/2024\/03\/19\/pro-reitor-academico-recebe-medalha-da-ordem-do-merito-internacional-da-educacao\/"},"author":{"name":"Lucas Soares Gon\u00e7alves","@id":"https:\/\/blog.saocamilo-sp.br\/#\/schema\/person\/781135418152912d4b58f2db13a2eaf0"},"headline":"Pr\u00f3-Reitor Acad\u00eamico recebe medalha da Ordem do M\u00e9rito Internacional da Educa\u00e7\u00e3o","datePublished":"2024-03-19T18:55:18+00:00","dateModified":"2025-11-25T15:40:19+00:00","mainEntityOfPage":{"@id":"https:\/\/blog.saocamilo-sp.br\/index.php\/2024\/03\/19\/pro-reitor-academico-recebe-medalha-da-ordem-do-merito-internacional-da-educacao\/"},"wordCount":450,"commentCount":0,"publisher":{"@id":"https:\/\/blog.saocamilo-sp.br\/#organization"},"image":{"@id":"https:\/\/blog.saocamilo-sp.br\/index.php\/2024\/03\/19\/pro-reitor-academico-recebe-medalha-da-ordem-do-merito-internacional-da-educacao\/#primaryimage"},"thumbnailUrl":"https:\/\/blog.saocamilo-sp.br\/wp-content\/uploads\/2024\/03\/Medalha_Carlos_Ferrara.jpg","keywords":["Institucional","Reitoria"],"articleSection":["Institucional","Reitoria"],"inLanguage":"pt-BR","potentialAction":[{"@type":"CommentAction","name":"Comment","target":["https:\/\/blog.saocamilo-sp.br\/index.php\/2024\/03\/19\/pro-reitor-academico-recebe-medalha-da-ordem-do-merito-internacional-da-educacao\/#respond"]}]},{"@type":"WebPage","@id":"https:\/\/blog.saocamilo-sp.br\/index.php\/2024\/03\/19\/pro-reitor-academico-recebe-medalha-da-ordem-do-merito-internacional-da-educacao\/","url":"https:\/\/blog.saocamilo-sp.br\/index.php\/2024\/03\/19\/pro-reitor-academico-recebe-medalha-da-ordem-do-merito-internacional-da-educacao\/","name":"Pr\u00f3-Reitor Acad\u00eamico recebe medalha da Ordem do M\u00e9rito Internacional da Educa\u00e7\u00e3o - Blog S\u00e3o Camilo","isPartOf":{"@id":"https:\/\/blog.saocamilo-sp.br\/#website"},"primaryImageOfPage":{"@id":"https:\/\/blog.saocamilo-sp.br\/index.php\/2024\/03\/19\/pro-reitor-academico-recebe-medalha-da-ordem-do-merito-internacional-da-educacao\/#primaryimage"},"image":{"@id":"https:\/\/blog.saocamilo-sp.br\/index.php\/2024\/03\/19\/pro-reitor-academico-recebe-medalha-da-ordem-do-merito-internacional-da-educacao\/#primaryimage"},"thumbnailUrl":"https:\/\/blog.saocamilo-sp.br\/wp-content\/uploads\/2024\/03\/Medalha_Carlos_Ferrara.jpg","datePublished":"2024-03-19T18:55:18+00:00","dateModified":"2025-11-25T15:40:19+00:00","breadcrumb":{"@id":"https:\/\/blog.saocamilo-sp.br\/index.php\/2024\/03\/19\/pro-reitor-academico-recebe-medalha-da-ordem-do-merito-internacional-da-educacao\/#breadcrumb"},"inLanguage":"pt-BR","potentialAction":[{"@type":"ReadAction","target":["https:\/\/blog.saocamilo-sp.br\/index.php\/2024\/03\/19\/pro-reitor-academico-recebe-medalha-da-ordem-do-merito-internacional-da-educacao\/"]}]},{"@type":"BreadcrumbList","@id":"https:\/\/blog.saocamilo-sp.br\/index.php\/2024\/03\/19\/pro-reitor-academico-recebe-medalha-da-ordem-do-merito-internacional-da-educacao\/#breadcrumb","itemListElement":[{"@type":"ListItem","position":1,"name":"In\u00edcio","item":"https:\/\/blog.saocamilo-sp.br\/"},{"@type":"ListItem","position":2,"name":"Pr\u00f3-Reitor Acad\u00eamico recebe medalha da Ordem do M\u00e9rito Internacional da Educa\u00e7\u00e3o"}]},{"@type":"WebSite","@id":"https:\/\/blog.saocamilo-sp.br\/#website","url":"https:\/\/blog.saocamilo-sp.br\/","name":"Blog S\u00e3o Camilo","description":"Blog do Centro Universit\u00e1rio S\u00e3o Camilo","publisher":{"@id":"https:\/\/blog.saocamilo-sp.br\/#organization"},"potentialAction":[{"@type":"SearchAction","target":{"@type":"EntryPoint","urlTemplate":"https:\/\/blog.saocamilo-sp.br\/?s={search_term_string}"},"query-input":{"@type":"PropertyValueSpecification","valueRequired":true,"valueName":"search_term_string"}}],"inLanguage":"pt-BR"},{"@type":"Organization","@id":"https:\/\/blog.saocamilo-sp.br\/#organization","name":"Blog S\u00e3o Camilo","url":"https:\/\/blog.saocamilo-sp.br\/","logo":{"@type":"ImageObject","inLanguage":"pt-BR","@id":"https:\/\/blog.saocamilo-sp.br\/#\/schema\/logo\/image\/","url":"https:\/\/blog.saocamilo-sp.br\/wp-content\/uploads\/2021\/12\/cropped-vazio-logo-topo.png","contentUrl":"https:\/\/blog.saocamilo-sp.br\/wp-content\/uploads\/2021\/12\/cropped-vazio-logo-topo.png","width":320,"height":240,"caption":"Blog S\u00e3o Camilo"},"image":{"@id":"https:\/\/blog.saocamilo-sp.br\/#\/schema\/logo\/image\/"},"sameAs":["https:\/\/www.facebook.com\/saocamilosp","https:\/\/x.com\/saocamilosp","https:\/\/www.linkedin.com\/school\/centro-universit-rio-s-o-camilo\/"]},{"@type":"Person","@id":"https:\/\/blog.saocamilo-sp.br\/#\/schema\/person\/781135418152912d4b58f2db13a2eaf0","name":"Lucas Soares Gon\u00e7alves","image":{"@type":"ImageObject","inLanguage":"pt-BR","@id":"https:\/\/secure.gravatar.com\/avatar\/bcd2d703cbb48116eaac2cac8643792535238ff30b2d7ce9e16f9254ec9cae83?s=96&d=mm&r=g","url":"https:\/\/secure.gravatar.com\/avatar\/bcd2d703cbb48116eaac2cac8643792535238ff30b2d7ce9e16f9254ec9cae83?s=96&d=mm&r=g","contentUrl":"https:\/\/secure.gravatar.com\/avatar\/bcd2d703cbb48116eaac2cac8643792535238ff30b2d7ce9e16f9254ec9cae83?s=96&d=mm&r=g","caption":"Lucas Soares Gon\u00e7alves"},"url":"https:\/\/blog.saocamilo-sp.br\/index.php\/author\/lucas-soares-goncalves\/"}]}},"_links":{"self":[{"href":"https:\/\/blog.saocamilo-sp.br\/index.php\/wp-json\/wp\/v2\/posts\/2352","targetHints":{"allow":["GET"]}}],"collection":[{"href":"https:\/\/blog.saocamilo-sp.br\/index.php\/wp-json\/wp\/v2\/posts"}],"about":[{"href":"https:\/\/blog.saocamilo-sp.br\/index.php\/wp-json\/wp\/v2\/types\/post"}],"author":[{"embeddable":true,"href":"https:\/\/blog.saocamilo-sp.br\/index.php\/wp-json\/wp\/v2\/users\/4"}],"replies":[{"embeddable":true,"href":"https:\/\/blog.saocamilo-sp.br\/index.php\/wp-json\/wp\/v2\/comments?post=2352"}],"version-history":[{"count":4,"href":"https:\/\/blog.saocamilo-sp.br\/index.php\/wp-json\/wp\/v2\/posts\/2352\/revisions"}],"predecessor-version":[{"id":2363,"href":"https:\/\/blog.saocamilo-sp.br\/index.php\/wp-json\/wp\/v2\/posts\/2352\/revisions\/2363"}],"wp:featuredmedia":[{"embeddable":true,"href":"https:\/\/blog.saocamilo-sp.br\/index.php\/wp-json\/wp\/v2\/media\/2356"}],"wp:attachment":[{"href":"https:\/\/blog.saocamilo-sp.br\/index.php\/wp-json\/wp\/v2\/media?parent=2352"}],"wp:term":[{"taxonomy":"category","embeddable":true,"href":"https:\/\/blog.saocamilo-sp.br\/index.php\/wp-json\/wp\/v2\/categories?post=2352"},{"taxonomy":"post_tag","embeddable":true,"href":"https:\/\/blog.saocamilo-sp.br\/index.php\/wp-json\/wp\/v2\/tags?post=2352"}],"curies":[{"name":"wp","href":"https:\/\/api.w.org\/{rel}","templated":true}]}}