{"id":2371,"date":"2024-03-21T16:39:16","date_gmt":"2024-03-21T19:39:16","guid":{"rendered":"https:\/\/blog.saocamilo-sp.br\/?p=2371"},"modified":"2024-03-21T17:09:38","modified_gmt":"2024-03-21T20:09:38","slug":"parceria-estrategica-sao-camilo-e-sebrae-unem-forcas-para-impulsionar-o-empreendedorismo-na-regiao","status":"publish","type":"post","link":"https:\/\/blog.saocamilo-sp.br\/index.php\/2024\/03\/21\/parceria-estrategica-sao-camilo-e-sebrae-unem-forcas-para-impulsionar-o-empreendedorismo-na-regiao\/","title":{"rendered":"Parceria Estrat\u00e9gica: S\u00e3o Camilo e SEBRAE impulsionam o empreendedorismo na regi\u00e3o"},"content":{"rendered":"\n<p>No \u00faltimo dia 15 de mar\u00e7o, o <a href=\"https:\/\/saocamilo-sp.br\/\" target=\"_blank\" rel=\"noreferrer noopener\">Centro Universit\u00e1rio S\u00e3o Camilo<\/a> teve a honra de receber a visita do <a href=\"https:\/\/www.instagram.com\/SEBRAESP\/\" target=\"_blank\" rel=\"noreferrer noopener\">@SEBRAESP<\/a> para a oficializa\u00e7\u00e3o de uma parceria intermediada por nosso Laborat\u00f3rio de Empreendedorismo e Inova\u00e7\u00e3o (LEISC). Essa colabora\u00e7\u00e3o visa a implanta\u00e7\u00e3o de um posto do SERno Campus Pompeia.<br><\/p>\n\n\n\n<figure class=\"wp-block-gallery has-nested-images columns-default is-cropped wp-block-gallery-1 is-layout-flex wp-block-gallery-is-layout-flex\">\n<figure class=\"wp-block-image size-large\"><img loading=\"lazy\" decoding=\"async\" width=\"4608\" height=\"3456\" data-id=\"2381\" src=\"https:\/\/blog.saocamilo-sp.br\/wp-content\/uploads\/2024\/03\/IMG_0261-1-1.jpg\" alt=\"\" class=\"wp-image-2381\"\/><\/figure>\n\n\n\n<figure class=\"wp-block-image size-large\"><img loading=\"lazy\" decoding=\"async\" width=\"4608\" height=\"3456\" data-id=\"2377\" src=\"https:\/\/blog.saocamilo-sp.br\/wp-content\/uploads\/2024\/03\/IMG_0261.jpg\" alt=\"\" class=\"wp-image-2377\"\/><\/figure>\n\n\n\n<figure class=\"wp-block-image size-large\"><img loading=\"lazy\" decoding=\"async\" width=\"4608\" height=\"3456\" data-id=\"2380\" src=\"https:\/\/blog.saocamilo-sp.br\/wp-content\/uploads\/2024\/03\/IMG_0275-1-1.jpg\" alt=\"\" class=\"wp-image-2380\"\/><\/figure>\n\n\n\n<figure class=\"wp-block-image size-large\"><img loading=\"lazy\" decoding=\"async\" width=\"4608\" height=\"3456\" data-id=\"2376\" src=\"https:\/\/blog.saocamilo-sp.br\/wp-content\/uploads\/2024\/03\/IMG_0258-1.jpg\" alt=\"\" class=\"wp-image-2376\"\/><\/figure>\n\n\n\n<figure class=\"wp-block-image size-large\"><img loading=\"lazy\" decoding=\"async\" width=\"4608\" height=\"3456\" data-id=\"2379\" src=\"https:\/\/blog.saocamilo-sp.br\/wp-content\/uploads\/2024\/03\/IMG_0273-1.jpg\" alt=\"\" class=\"wp-image-2379\"\/><\/figure>\n\n\n\n<figure class=\"wp-block-image size-large\"><img loading=\"lazy\" decoding=\"async\" width=\"4608\" height=\"3456\" data-id=\"2378\" src=\"https:\/\/blog.saocamilo-sp.br\/wp-content\/uploads\/2024\/03\/IMG_0262.jpg\" alt=\"\" class=\"wp-image-2378\"\/><\/figure>\n<\/figure>\n\n\n\n<p><br>O posto ser\u00e1 um ponto de apoio para empreendedores que buscam orienta\u00e7\u00e3o na gest\u00e3o de seus neg\u00f3cios, alinhando-se perfeitamente com um dos objetivos do <a href=\"https:\/\/www.instagram.com\/leisc.saocamilo\/\" target=\"_blank\" rel=\"noreferrer noopener\">@leisc.saocamilo<\/a>.<br><\/p>\n\n\n\n<p>O posto SEBRAE AQUI atuar\u00e1 no:<\/p>\n\n\n\n<ul class=\"wp-block-list\">\n<li>Atendimento ao cliente;<\/li>\n\n\n\n<li>Cursos e consultorias;<\/li>\n\n\n\n<li>Projetos de desenvolvimento local;<\/li>\n\n\n\n<li>Programas e solu\u00e7\u00f5es avan\u00e7adas;<\/li>\n\n\n\n<li>Cultura Empreendedora;<\/li>\n\n\n\n<li>Gera\u00e7\u00e3o de renda;<\/li>\n\n\n\n<li>Inclus\u00e3o produtiva.<\/li>\n<\/ul>\n\n\n\n<p>E proporcionar\u00e1 os seguintes servi\u00e7os \u00e0 popula\u00e7\u00e3o:<\/p>\n\n\n\n<ul class=\"wp-block-list\">\n<li>Espa\u00e7o para o desenvolvimento empreendedor;<\/li>\n\n\n\n<li>Espa\u00e7o de orienta\u00e7\u00e3o para quem deseja empreender;<\/li>\n\n\n\n<li>Melhoria no ambiente de neg\u00f3cios da regi\u00e3o;<\/li>\n\n\n\n<li>Aprimoramento das politicas p\u00fablicas direcionadas ao empreendedorismo;<\/li>\n\n\n\n<li>Desenvolvimento econ\u00f4mico e gera\u00e7\u00e3o de empregos;<\/li>\n\n\n\n<li>Programas de gera\u00e7\u00e3o de renda e inclus\u00e3o produtiva;<\/li>\n\n\n\n<li>Desenvolvimento de projetos com foco na voca\u00e7\u00e3o do regi\u00e3o;<\/li>\n\n\n\n<li>Capacita\u00e7\u00f5es customizadas para a regi\u00e3o;<\/li>\n\n\n\n<li>Consultoria empresarial com especialistas;<\/li>\n\n\n\n<li>Representatividade da marca SEBRAE na regi\u00e3o.<\/li>\n<\/ul>\n\n\n\n<p><br>Al\u00e9m disso, nossos estudantes ter\u00e3o a oportunidade de participar e acompanhar de perto as atividades do posto, proporcionando uma aprendizagem pr\u00e1tica em gest\u00e3o.<br><br>Essa iniciativa n\u00e3o apenas reflete a Responsabilidade Social do Centro Universit\u00e1rio S\u00e3o Camilo, mas tamb\u00e9m reafirma nosso compromisso cont\u00ednuo com o progresso da sociedade e consolida nossa Institui\u00e7\u00e3o como um centro de desenvolvimento regional.<br><br>Estiveram presentes na assinatura do termo de parceria, o Pe. Jo\u00e3o Batista Gomes de Lima, Reitor, Prof. Dr. Carlos Ferrara J\u00fanior, Pr\u00f3-Reitor Acad\u00eamico e a Prof. Daniela Sakumoto Sriubas, Coordenadora do Laborat\u00f3rio de Empreendedorimos e Inova\u00e7\u00e3o da S\u00e3o Camilo, al\u00e9m de representantes do SEBRAE, Sr. Andr\u00e9 Luiz Costa , gerente regional do SEBRAE e a Sra\u00a0 Juliana Rodrigues. \u00a0<\/p>\n\n\n\n<p><br><\/p>\n\n\n\n<h2 class=\"wp-block-heading\">Veja tamb\u00e9m<\/h2>\n\n\n\n<ul class=\"wp-block-list\">\n<li><a href=\"https:\/\/blog.saocamilo-sp.br\/index.php\/2023\/10\/30\/aniversario-da-pompeia\/\">Anivers\u00e1rio da Pompeia e sua Hist\u00f3ria<\/a><\/li>\n\n\n\n<li><a href=\"https:\/\/blog.saocamilo-sp.br\/index.php\/2023\/08\/10\/aprimore-a-qualidade-da-gestao-em-servicos-de-saude-baixe-agora-nosso-novo-e-book\/\">Aprimore a Qualidade da Gest\u00e3o em Servi\u00e7os de Sa\u00fade baixe agora nosso novo E-book<\/a><\/li>\n\n\n\n<li><a href=\"https:\/\/blog.saocamilo-sp.br\/index.php\/2023\/12\/02\/medicina-sao-camilo-conquista-a-certificacao-do-cfm\/\"><a href=\"https:\/\/blog.saocamilo-sp.br\/index.php\/2023\/03\/30\/sao-camilo-assina-convenio-com-a-universidad-catolica-de-salta-argentina\/\">S\u00e3o Camilo assina conv\u00eanio com a Universidad Cat\u00f3lica de Salta (Argentina)<\/a><\/a><\/li>\n<\/ul>\n\n\n\n<p><\/p>\n\n\n\n<p>Saiba mais sobre nossos cursos:<\/p>\n\n\n\n<iframe loading=\"lazy\" src=\"https:\/\/saocamilo.apprbs.com.br\/tenho-interesse-blog\" height=\"530px\" width=\"100%\" frameborder=\"0\"><\/iframe>\n\n\n\n<p>Compartilhe em:<\/p>\n","protected":false},"excerpt":{"rendered":"<p>O posto do SEBRAE AQUI, localizado no campus Pompeia, ser\u00e1 um ponto de apoio para empreendedores que buscam orienta\u00e7\u00e3o na gest\u00e3o de seus neg\u00f3cios.<\/p>\n","protected":false},"author":13,"featured_media":2387,"comment_status":"open","ping_status":"open","sticky":false,"template":"","format":"standard","meta":{"cybocfi_hide_featured_image":"yes","footnotes":""},"categories":[91,73],"tags":[74,160,75,159],"class_list":["post-2371","post","type-post","status-publish","format-standard","has-post-thumbnail","hentry","category-institucional","category-reitoria","tag-institucional","tag-parceria","tag-reitoria","tag-sebrae"],"yoast_head":"<!-- This site is optimized with the Yoast SEO plugin v27.4 - https:\/\/yoast.com\/product\/yoast-seo-wordpress\/ -->\n<title>Parceria Estrat\u00e9gica: S\u00e3o Camilo e SEBRAE impulsionam o empreendedorismo na regi\u00e3o - Blog S\u00e3o Camilo<\/title>\n<meta name=\"description\" content=\"O posto do SEBRAE AQUI localizado no campus Pompeia ser\u00e1 um ponto de apoio para empreendedores que buscam orienta\u00e7\u00e3o na gest\u00e3o de seus neg\u00f3cios.\" \/>\n<meta name=\"robots\" content=\"index, follow, max-snippet:-1, max-image-preview:large, max-video-preview:-1\" \/>\n<link rel=\"canonical\" href=\"https:\/\/blog.saocamilo-sp.br\/index.php\/2024\/03\/21\/parceria-estrategica-sao-camilo-e-sebrae-unem-forcas-para-impulsionar-o-empreendedorismo-na-regiao\/\" \/>\n<meta property=\"og:locale\" content=\"pt_BR\" \/>\n<meta property=\"og:type\" content=\"article\" \/>\n<meta property=\"og:title\" content=\"Parceria Estrat\u00e9gica: S\u00e3o Camilo e SEBRAE impulsionam o empreendedorismo na regi\u00e3o - Blog S\u00e3o Camilo\" \/>\n<meta property=\"og:description\" content=\"O posto do SEBRAE AQUI localizado no campus Pompeia ser\u00e1 um ponto de apoio para empreendedores que buscam orienta\u00e7\u00e3o na gest\u00e3o de seus neg\u00f3cios.\" \/>\n<meta property=\"og:url\" content=\"https:\/\/blog.saocamilo-sp.br\/index.php\/2024\/03\/21\/parceria-estrategica-sao-camilo-e-sebrae-unem-forcas-para-impulsionar-o-empreendedorismo-na-regiao\/\" \/>\n<meta property=\"og:site_name\" content=\"Blog S\u00e3o Camilo\" \/>\n<meta property=\"article:publisher\" content=\"https:\/\/www.facebook.com\/saocamilosp\" \/>\n<meta property=\"article:published_time\" content=\"2024-03-21T19:39:16+00:00\" \/>\n<meta property=\"article:modified_time\" content=\"2024-03-21T20:09:38+00:00\" \/>\n<meta property=\"og:image\" content=\"https:\/\/blog.saocamilo-sp.br\/wp-content\/uploads\/2024\/03\/IMG_0278-1-1-1.jpg\" \/>\n\t<meta property=\"og:image:width\" content=\"676\" \/>\n\t<meta property=\"og:image:height\" content=\"509\" \/>\n\t<meta property=\"og:image:type\" content=\"image\/jpeg\" \/>\n<meta name=\"author\" content=\"Leandro Lafr\u00e1gola\" \/>\n<meta name=\"twitter:card\" content=\"summary_large_image\" \/>\n<meta name=\"twitter:creator\" content=\"@saocamilosp\" \/>\n<meta name=\"twitter:site\" content=\"@saocamilosp\" \/>\n<meta name=\"twitter:label1\" content=\"Escrito por\" \/>\n\t<meta name=\"twitter:data1\" content=\"Leandro Lafr\u00e1gola\" \/>\n\t<meta name=\"twitter:label2\" content=\"Est. tempo de leitura\" \/>\n\t<meta name=\"twitter:data2\" content=\"3 minutos\" \/>\n<script type=\"application\/ld+json\" class=\"yoast-schema-graph\">{\"@context\":\"https:\\\/\\\/schema.org\",\"@graph\":[{\"@type\":\"Article\",\"@id\":\"https:\\\/\\\/blog.saocamilo-sp.br\\\/index.php\\\/2024\\\/03\\\/21\\\/parceria-estrategica-sao-camilo-e-sebrae-unem-forcas-para-impulsionar-o-empreendedorismo-na-regiao\\\/#article\",\"isPartOf\":{\"@id\":\"https:\\\/\\\/blog.saocamilo-sp.br\\\/index.php\\\/2024\\\/03\\\/21\\\/parceria-estrategica-sao-camilo-e-sebrae-unem-forcas-para-impulsionar-o-empreendedorismo-na-regiao\\\/\"},\"author\":{\"name\":\"Leandro Lafr\u00e1gola\",\"@id\":\"https:\\\/\\\/blog.saocamilo-sp.br\\\/#\\\/schema\\\/person\\\/1a99645faaab0bb55105f817e866e19b\"},\"headline\":\"Parceria Estrat\u00e9gica: S\u00e3o Camilo e SEBRAE impulsionam o empreendedorismo na regi\u00e3o\",\"datePublished\":\"2024-03-21T19:39:16+00:00\",\"dateModified\":\"2024-03-21T20:09:38+00:00\",\"mainEntityOfPage\":{\"@id\":\"https:\\\/\\\/blog.saocamilo-sp.br\\\/index.php\\\/2024\\\/03\\\/21\\\/parceria-estrategica-sao-camilo-e-sebrae-unem-forcas-para-impulsionar-o-empreendedorismo-na-regiao\\\/\"},\"wordCount\":396,\"commentCount\":0,\"publisher\":{\"@id\":\"https:\\\/\\\/blog.saocamilo-sp.br\\\/#organization\"},\"image\":{\"@id\":\"https:\\\/\\\/blog.saocamilo-sp.br\\\/index.php\\\/2024\\\/03\\\/21\\\/parceria-estrategica-sao-camilo-e-sebrae-unem-forcas-para-impulsionar-o-empreendedorismo-na-regiao\\\/#primaryimage\"},\"thumbnailUrl\":\"https:\\\/\\\/blog.saocamilo-sp.br\\\/wp-content\\\/uploads\\\/2024\\\/03\\\/IMG_0278-1-1-1.jpg\",\"keywords\":[\"Institucional\",\"Parceria\",\"Reitoria\",\"Sebrae\"],\"articleSection\":[\"Institucional\",\"Reitoria\"],\"inLanguage\":\"pt-BR\",\"potentialAction\":[{\"@type\":\"CommentAction\",\"name\":\"Comment\",\"target\":[\"https:\\\/\\\/blog.saocamilo-sp.br\\\/index.php\\\/2024\\\/03\\\/21\\\/parceria-estrategica-sao-camilo-e-sebrae-unem-forcas-para-impulsionar-o-empreendedorismo-na-regiao\\\/#respond\"]}]},{\"@type\":\"WebPage\",\"@id\":\"https:\\\/\\\/blog.saocamilo-sp.br\\\/index.php\\\/2024\\\/03\\\/21\\\/parceria-estrategica-sao-camilo-e-sebrae-unem-forcas-para-impulsionar-o-empreendedorismo-na-regiao\\\/\",\"url\":\"https:\\\/\\\/blog.saocamilo-sp.br\\\/index.php\\\/2024\\\/03\\\/21\\\/parceria-estrategica-sao-camilo-e-sebrae-unem-forcas-para-impulsionar-o-empreendedorismo-na-regiao\\\/\",\"name\":\"Parceria Estrat\u00e9gica: S\u00e3o Camilo e SEBRAE impulsionam o empreendedorismo na regi\u00e3o - Blog S\u00e3o Camilo\",\"isPartOf\":{\"@id\":\"https:\\\/\\\/blog.saocamilo-sp.br\\\/#website\"},\"primaryImageOfPage\":{\"@id\":\"https:\\\/\\\/blog.saocamilo-sp.br\\\/index.php\\\/2024\\\/03\\\/21\\\/parceria-estrategica-sao-camilo-e-sebrae-unem-forcas-para-impulsionar-o-empreendedorismo-na-regiao\\\/#primaryimage\"},\"image\":{\"@id\":\"https:\\\/\\\/blog.saocamilo-sp.br\\\/index.php\\\/2024\\\/03\\\/21\\\/parceria-estrategica-sao-camilo-e-sebrae-unem-forcas-para-impulsionar-o-empreendedorismo-na-regiao\\\/#primaryimage\"},\"thumbnailUrl\":\"https:\\\/\\\/blog.saocamilo-sp.br\\\/wp-content\\\/uploads\\\/2024\\\/03\\\/IMG_0278-1-1-1.jpg\",\"datePublished\":\"2024-03-21T19:39:16+00:00\",\"dateModified\":\"2024-03-21T20:09:38+00:00\",\"description\":\"O posto do SEBRAE AQUI localizado no campus Pompeia ser\u00e1 um ponto de apoio para empreendedores que buscam orienta\u00e7\u00e3o na gest\u00e3o de seus neg\u00f3cios.\",\"breadcrumb\":{\"@id\":\"https:\\\/\\\/blog.saocamilo-sp.br\\\/index.php\\\/2024\\\/03\\\/21\\\/parceria-estrategica-sao-camilo-e-sebrae-unem-forcas-para-impulsionar-o-empreendedorismo-na-regiao\\\/#breadcrumb\"},\"inLanguage\":\"pt-BR\",\"potentialAction\":[{\"@type\":\"ReadAction\",\"target\":[\"https:\\\/\\\/blog.saocamilo-sp.br\\\/index.php\\\/2024\\\/03\\\/21\\\/parceria-estrategica-sao-camilo-e-sebrae-unem-forcas-para-impulsionar-o-empreendedorismo-na-regiao\\\/\"]}]},{\"@type\":\"BreadcrumbList\",\"@id\":\"https:\\\/\\\/blog.saocamilo-sp.br\\\/index.php\\\/2024\\\/03\\\/21\\\/parceria-estrategica-sao-camilo-e-sebrae-unem-forcas-para-impulsionar-o-empreendedorismo-na-regiao\\\/#breadcrumb\",\"itemListElement\":[{\"@type\":\"ListItem\",\"position\":1,\"name\":\"In\u00edcio\",\"item\":\"https:\\\/\\\/blog.saocamilo-sp.br\\\/\"},{\"@type\":\"ListItem\",\"position\":2,\"name\":\"Parceria Estrat\u00e9gica: S\u00e3o Camilo e SEBRAE impulsionam o empreendedorismo na regi\u00e3o\"}]},{\"@type\":\"WebSite\",\"@id\":\"https:\\\/\\\/blog.saocamilo-sp.br\\\/#website\",\"url\":\"https:\\\/\\\/blog.saocamilo-sp.br\\\/\",\"name\":\"Blog S\u00e3o Camilo\",\"description\":\"Blog do Centro Universit\u00e1rio S\u00e3o Camilo\",\"publisher\":{\"@id\":\"https:\\\/\\\/blog.saocamilo-sp.br\\\/#organization\"},\"potentialAction\":[{\"@type\":\"SearchAction\",\"target\":{\"@type\":\"EntryPoint\",\"urlTemplate\":\"https:\\\/\\\/blog.saocamilo-sp.br\\\/?s={search_term_string}\"},\"query-input\":{\"@type\":\"PropertyValueSpecification\",\"valueRequired\":true,\"valueName\":\"search_term_string\"}}],\"inLanguage\":\"pt-BR\"},{\"@type\":\"Organization\",\"@id\":\"https:\\\/\\\/blog.saocamilo-sp.br\\\/#organization\",\"name\":\"Blog S\u00e3o Camilo\",\"url\":\"https:\\\/\\\/blog.saocamilo-sp.br\\\/\",\"logo\":{\"@type\":\"ImageObject\",\"inLanguage\":\"pt-BR\",\"@id\":\"https:\\\/\\\/blog.saocamilo-sp.br\\\/#\\\/schema\\\/logo\\\/image\\\/\",\"url\":\"https:\\\/\\\/blog.saocamilo-sp.br\\\/wp-content\\\/uploads\\\/2021\\\/12\\\/cropped-vazio-logo-topo.png\",\"contentUrl\":\"https:\\\/\\\/blog.saocamilo-sp.br\\\/wp-content\\\/uploads\\\/2021\\\/12\\\/cropped-vazio-logo-topo.png\",\"width\":320,\"height\":240,\"caption\":\"Blog S\u00e3o Camilo\"},\"image\":{\"@id\":\"https:\\\/\\\/blog.saocamilo-sp.br\\\/#\\\/schema\\\/logo\\\/image\\\/\"},\"sameAs\":[\"https:\\\/\\\/www.facebook.com\\\/saocamilosp\",\"https:\\\/\\\/x.com\\\/saocamilosp\",\"https:\\\/\\\/www.linkedin.com\\\/school\\\/centro-universit-rio-s-o-camilo\\\/\"]},{\"@type\":\"Person\",\"@id\":\"https:\\\/\\\/blog.saocamilo-sp.br\\\/#\\\/schema\\\/person\\\/1a99645faaab0bb55105f817e866e19b\",\"name\":\"Leandro Lafr\u00e1gola\",\"image\":{\"@type\":\"ImageObject\",\"inLanguage\":\"pt-BR\",\"@id\":\"https:\\\/\\\/secure.gravatar.com\\\/avatar\\\/ec4232fb8d50d80f1c672353dc4c2876490e6a0a2a33d6572c0ba1fb78f115cf?s=96&d=mm&r=g\",\"url\":\"https:\\\/\\\/secure.gravatar.com\\\/avatar\\\/ec4232fb8d50d80f1c672353dc4c2876490e6a0a2a33d6572c0ba1fb78f115cf?s=96&d=mm&r=g\",\"contentUrl\":\"https:\\\/\\\/secure.gravatar.com\\\/avatar\\\/ec4232fb8d50d80f1c672353dc4c2876490e6a0a2a33d6572c0ba1fb78f115cf?s=96&d=mm&r=g\",\"caption\":\"Leandro Lafr\u00e1gola\"},\"url\":\"https:\\\/\\\/blog.saocamilo-sp.br\\\/index.php\\\/author\\\/llafragola\\\/\"}]}<\/script>\n<!-- \/ Yoast SEO plugin. -->","yoast_head_json":{"title":"Parceria Estrat\u00e9gica: S\u00e3o Camilo e SEBRAE impulsionam o empreendedorismo na regi\u00e3o - Blog S\u00e3o Camilo","description":"O posto do SEBRAE AQUI localizado no campus Pompeia ser\u00e1 um ponto de apoio para empreendedores que buscam orienta\u00e7\u00e3o na gest\u00e3o de seus neg\u00f3cios.","robots":{"index":"index","follow":"follow","max-snippet":"max-snippet:-1","max-image-preview":"max-image-preview:large","max-video-preview":"max-video-preview:-1"},"canonical":"https:\/\/blog.saocamilo-sp.br\/index.php\/2024\/03\/21\/parceria-estrategica-sao-camilo-e-sebrae-unem-forcas-para-impulsionar-o-empreendedorismo-na-regiao\/","og_locale":"pt_BR","og_type":"article","og_title":"Parceria Estrat\u00e9gica: S\u00e3o Camilo e SEBRAE impulsionam o empreendedorismo na regi\u00e3o - Blog S\u00e3o Camilo","og_description":"O posto do SEBRAE AQUI localizado no campus Pompeia ser\u00e1 um ponto de apoio para empreendedores que buscam orienta\u00e7\u00e3o na gest\u00e3o de seus neg\u00f3cios.","og_url":"https:\/\/blog.saocamilo-sp.br\/index.php\/2024\/03\/21\/parceria-estrategica-sao-camilo-e-sebrae-unem-forcas-para-impulsionar-o-empreendedorismo-na-regiao\/","og_site_name":"Blog S\u00e3o Camilo","article_publisher":"https:\/\/www.facebook.com\/saocamilosp","article_published_time":"2024-03-21T19:39:16+00:00","article_modified_time":"2024-03-21T20:09:38+00:00","og_image":[{"url":"https:\/\/blog.saocamilo-sp.br\/wp-content\/uploads\/2024\/03\/IMG_0278-1-1-1.jpg","width":676,"height":509,"type":"image\/jpeg"}],"author":"Leandro Lafr\u00e1gola","twitter_card":"summary_large_image","twitter_creator":"@saocamilosp","twitter_site":"@saocamilosp","twitter_misc":{"Escrito por":"Leandro Lafr\u00e1gola","Est. tempo de leitura":"3 minutos"},"schema":{"@context":"https:\/\/schema.org","@graph":[{"@type":"Article","@id":"https:\/\/blog.saocamilo-sp.br\/index.php\/2024\/03\/21\/parceria-estrategica-sao-camilo-e-sebrae-unem-forcas-para-impulsionar-o-empreendedorismo-na-regiao\/#article","isPartOf":{"@id":"https:\/\/blog.saocamilo-sp.br\/index.php\/2024\/03\/21\/parceria-estrategica-sao-camilo-e-sebrae-unem-forcas-para-impulsionar-o-empreendedorismo-na-regiao\/"},"author":{"name":"Leandro Lafr\u00e1gola","@id":"https:\/\/blog.saocamilo-sp.br\/#\/schema\/person\/1a99645faaab0bb55105f817e866e19b"},"headline":"Parceria Estrat\u00e9gica: S\u00e3o Camilo e SEBRAE impulsionam o empreendedorismo na regi\u00e3o","datePublished":"2024-03-21T19:39:16+00:00","dateModified":"2024-03-21T20:09:38+00:00","mainEntityOfPage":{"@id":"https:\/\/blog.saocamilo-sp.br\/index.php\/2024\/03\/21\/parceria-estrategica-sao-camilo-e-sebrae-unem-forcas-para-impulsionar-o-empreendedorismo-na-regiao\/"},"wordCount":396,"commentCount":0,"publisher":{"@id":"https:\/\/blog.saocamilo-sp.br\/#organization"},"image":{"@id":"https:\/\/blog.saocamilo-sp.br\/index.php\/2024\/03\/21\/parceria-estrategica-sao-camilo-e-sebrae-unem-forcas-para-impulsionar-o-empreendedorismo-na-regiao\/#primaryimage"},"thumbnailUrl":"https:\/\/blog.saocamilo-sp.br\/wp-content\/uploads\/2024\/03\/IMG_0278-1-1-1.jpg","keywords":["Institucional","Parceria","Reitoria","Sebrae"],"articleSection":["Institucional","Reitoria"],"inLanguage":"pt-BR","potentialAction":[{"@type":"CommentAction","name":"Comment","target":["https:\/\/blog.saocamilo-sp.br\/index.php\/2024\/03\/21\/parceria-estrategica-sao-camilo-e-sebrae-unem-forcas-para-impulsionar-o-empreendedorismo-na-regiao\/#respond"]}]},{"@type":"WebPage","@id":"https:\/\/blog.saocamilo-sp.br\/index.php\/2024\/03\/21\/parceria-estrategica-sao-camilo-e-sebrae-unem-forcas-para-impulsionar-o-empreendedorismo-na-regiao\/","url":"https:\/\/blog.saocamilo-sp.br\/index.php\/2024\/03\/21\/parceria-estrategica-sao-camilo-e-sebrae-unem-forcas-para-impulsionar-o-empreendedorismo-na-regiao\/","name":"Parceria Estrat\u00e9gica: S\u00e3o Camilo e SEBRAE impulsionam o empreendedorismo na regi\u00e3o - Blog S\u00e3o Camilo","isPartOf":{"@id":"https:\/\/blog.saocamilo-sp.br\/#website"},"primaryImageOfPage":{"@id":"https:\/\/blog.saocamilo-sp.br\/index.php\/2024\/03\/21\/parceria-estrategica-sao-camilo-e-sebrae-unem-forcas-para-impulsionar-o-empreendedorismo-na-regiao\/#primaryimage"},"image":{"@id":"https:\/\/blog.saocamilo-sp.br\/index.php\/2024\/03\/21\/parceria-estrategica-sao-camilo-e-sebrae-unem-forcas-para-impulsionar-o-empreendedorismo-na-regiao\/#primaryimage"},"thumbnailUrl":"https:\/\/blog.saocamilo-sp.br\/wp-content\/uploads\/2024\/03\/IMG_0278-1-1-1.jpg","datePublished":"2024-03-21T19:39:16+00:00","dateModified":"2024-03-21T20:09:38+00:00","description":"O posto do SEBRAE AQUI localizado no campus Pompeia ser\u00e1 um ponto de apoio para empreendedores que buscam orienta\u00e7\u00e3o na gest\u00e3o de seus neg\u00f3cios.","breadcrumb":{"@id":"https:\/\/blog.saocamilo-sp.br\/index.php\/2024\/03\/21\/parceria-estrategica-sao-camilo-e-sebrae-unem-forcas-para-impulsionar-o-empreendedorismo-na-regiao\/#breadcrumb"},"inLanguage":"pt-BR","potentialAction":[{"@type":"ReadAction","target":["https:\/\/blog.saocamilo-sp.br\/index.php\/2024\/03\/21\/parceria-estrategica-sao-camilo-e-sebrae-unem-forcas-para-impulsionar-o-empreendedorismo-na-regiao\/"]}]},{"@type":"BreadcrumbList","@id":"https:\/\/blog.saocamilo-sp.br\/index.php\/2024\/03\/21\/parceria-estrategica-sao-camilo-e-sebrae-unem-forcas-para-impulsionar-o-empreendedorismo-na-regiao\/#breadcrumb","itemListElement":[{"@type":"ListItem","position":1,"name":"In\u00edcio","item":"https:\/\/blog.saocamilo-sp.br\/"},{"@type":"ListItem","position":2,"name":"Parceria Estrat\u00e9gica: S\u00e3o Camilo e SEBRAE impulsionam o empreendedorismo na regi\u00e3o"}]},{"@type":"WebSite","@id":"https:\/\/blog.saocamilo-sp.br\/#website","url":"https:\/\/blog.saocamilo-sp.br\/","name":"Blog S\u00e3o Camilo","description":"Blog do Centro Universit\u00e1rio S\u00e3o Camilo","publisher":{"@id":"https:\/\/blog.saocamilo-sp.br\/#organization"},"potentialAction":[{"@type":"SearchAction","target":{"@type":"EntryPoint","urlTemplate":"https:\/\/blog.saocamilo-sp.br\/?s={search_term_string}"},"query-input":{"@type":"PropertyValueSpecification","valueRequired":true,"valueName":"search_term_string"}}],"inLanguage":"pt-BR"},{"@type":"Organization","@id":"https:\/\/blog.saocamilo-sp.br\/#organization","name":"Blog S\u00e3o Camilo","url":"https:\/\/blog.saocamilo-sp.br\/","logo":{"@type":"ImageObject","inLanguage":"pt-BR","@id":"https:\/\/blog.saocamilo-sp.br\/#\/schema\/logo\/image\/","url":"https:\/\/blog.saocamilo-sp.br\/wp-content\/uploads\/2021\/12\/cropped-vazio-logo-topo.png","contentUrl":"https:\/\/blog.saocamilo-sp.br\/wp-content\/uploads\/2021\/12\/cropped-vazio-logo-topo.png","width":320,"height":240,"caption":"Blog S\u00e3o Camilo"},"image":{"@id":"https:\/\/blog.saocamilo-sp.br\/#\/schema\/logo\/image\/"},"sameAs":["https:\/\/www.facebook.com\/saocamilosp","https:\/\/x.com\/saocamilosp","https:\/\/www.linkedin.com\/school\/centro-universit-rio-s-o-camilo\/"]},{"@type":"Person","@id":"https:\/\/blog.saocamilo-sp.br\/#\/schema\/person\/1a99645faaab0bb55105f817e866e19b","name":"Leandro Lafr\u00e1gola","image":{"@type":"ImageObject","inLanguage":"pt-BR","@id":"https:\/\/secure.gravatar.com\/avatar\/ec4232fb8d50d80f1c672353dc4c2876490e6a0a2a33d6572c0ba1fb78f115cf?s=96&d=mm&r=g","url":"https:\/\/secure.gravatar.com\/avatar\/ec4232fb8d50d80f1c672353dc4c2876490e6a0a2a33d6572c0ba1fb78f115cf?s=96&d=mm&r=g","contentUrl":"https:\/\/secure.gravatar.com\/avatar\/ec4232fb8d50d80f1c672353dc4c2876490e6a0a2a33d6572c0ba1fb78f115cf?s=96&d=mm&r=g","caption":"Leandro Lafr\u00e1gola"},"url":"https:\/\/blog.saocamilo-sp.br\/index.php\/author\/llafragola\/"}]}},"_links":{"self":[{"href":"https:\/\/blog.saocamilo-sp.br\/index.php\/wp-json\/wp\/v2\/posts\/2371","targetHints":{"allow":["GET"]}}],"collection":[{"href":"https:\/\/blog.saocamilo-sp.br\/index.php\/wp-json\/wp\/v2\/posts"}],"about":[{"href":"https:\/\/blog.saocamilo-sp.br\/index.php\/wp-json\/wp\/v2\/types\/post"}],"author":[{"embeddable":true,"href":"https:\/\/blog.saocamilo-sp.br\/index.php\/wp-json\/wp\/v2\/users\/13"}],"replies":[{"embeddable":true,"href":"https:\/\/blog.saocamilo-sp.br\/index.php\/wp-json\/wp\/v2\/comments?post=2371"}],"version-history":[{"count":4,"href":"https:\/\/blog.saocamilo-sp.br\/index.php\/wp-json\/wp\/v2\/posts\/2371\/revisions"}],"predecessor-version":[{"id":2389,"href":"https:\/\/blog.saocamilo-sp.br\/index.php\/wp-json\/wp\/v2\/posts\/2371\/revisions\/2389"}],"wp:featuredmedia":[{"embeddable":true,"href":"https:\/\/blog.saocamilo-sp.br\/index.php\/wp-json\/wp\/v2\/media\/2387"}],"wp:attachment":[{"href":"https:\/\/blog.saocamilo-sp.br\/index.php\/wp-json\/wp\/v2\/media?parent=2371"}],"wp:term":[{"taxonomy":"category","embeddable":true,"href":"https:\/\/blog.saocamilo-sp.br\/index.php\/wp-json\/wp\/v2\/categories?post=2371"},{"taxonomy":"post_tag","embeddable":true,"href":"https:\/\/blog.saocamilo-sp.br\/index.php\/wp-json\/wp\/v2\/tags?post=2371"}],"curies":[{"name":"wp","href":"https:\/\/api.w.org\/{rel}","templated":true}]}}