{"id":2421,"date":"2024-04-24T09:00:00","date_gmt":"2024-04-24T12:00:00","guid":{"rendered":"https:\/\/blog.saocamilo-sp.br\/?p=2421"},"modified":"2024-06-11T13:19:36","modified_gmt":"2024-06-11T16:19:36","slug":"celebrando-o-dia-internacional-de-libras","status":"publish","type":"post","link":"https:\/\/blog.saocamilo-sp.br\/index.php\/2024\/04\/24\/celebrando-o-dia-internacional-de-libras\/","title":{"rendered":"<strong>Celebrando o Dia Internacional de Libras<\/strong>"},"content":{"rendered":"\n<p>No cen\u00e1rio global, a diversidade cultural e lingu\u00edstica \u00e9 uma riqueza a ser valorizada. E entre as l\u00ednguas que merecem destaque est\u00e1 a L\u00edngua Brasileira de Sinais (Libras). Neste blog, exploraremos a import\u00e2ncia do Dia Internacional de Libras e como o curso gratuito oferecido pelo Centro Universit\u00e1rio S\u00e3o Camilo pode ser uma porta de entrada para o aprendizado dessa l\u00edngua fascinante.<\/p>\n\n\n\n<h3 class=\"wp-block-heading\"><strong>O Dia Internacional de Libras: Celebrando a Comunica\u00e7\u00e3o Inclusiva<\/strong><\/h3>\n\n\n\n<p>O Dia Internacional de Libras, celebrado em 23 de abril, \u00e9 uma data que ressalta a import\u00e2ncia da inclus\u00e3o e da valoriza\u00e7\u00e3o da comunidade surda. Criada pela Federa\u00e7\u00e3o Mundial dos Surdos em 1958, a data representa um marco na luta por direitos lingu\u00edsticos e sociais para os surdos ao redor do mundo.<\/p>\n\n\n\n<h3 class=\"wp-block-heading\"><strong>A Import\u00e2ncia da L\u00edngua de Sinais na Sociedade<\/strong><\/h3>\n\n\n\n<p>A Libras \u00e9 mais do que apenas uma forma de comunica\u00e7\u00e3o para os surdos; \u00e9 uma express\u00e3o cultural e identit\u00e1ria. Ao reconhecer e promover o uso da Libras, criamos espa\u00e7os mais inclusivos e acess\u00edveis para todos. Aprender Libras n\u00e3o \u00e9 apenas uma habilidade, mas um ato de empatia e respeito pela diversidade lingu\u00edstica.<\/p>\n\n\n\n<h3 class=\"wp-block-heading\"><strong>Como Aprender Libras: O Curso Gratuito do Centro Universit\u00e1rio S\u00e3o Camilo<\/strong><\/h3>\n\n\n\n<p>O Centro Universit\u00e1rio S\u00e3o Camilo oferece um <a href=\"https:\/\/saocamiloead.com.br\/shop_single.php?id=17\" target=\"_blank\" rel=\"noreferrer noopener\">curso online gratuito de Libras<\/a>, aberto a todos os interessados em aprender esta l\u00edngua vibrante e significativa. Com uma abordagem pr\u00e1tica e interativa, o curso abrange desde o b\u00e1sico at\u00e9 n\u00edveis mais avan\u00e7ados, permitindo que os alunos desenvolvam habilidades de comunica\u00e7\u00e3o eficazes em Libras.<\/p>\n\n\n\n<h3 class=\"wp-block-heading\"><strong>Explorando as Possibilidades: Benef\u00edcios do Curso de Libras do S\u00e3o Camilo<\/strong><\/h3>\n\n\n\n<ul class=\"wp-block-list\">\n<li><strong>Acessibilidade<\/strong>: O curso \u00e9 acess\u00edvel a todos, independentemente do n\u00edvel de conhecimento pr\u00e9vio em Libras.<\/li>\n\n\n\n<li><strong>Flexibilidade<\/strong>: Com aulas online, os alunos podem aprender no seu pr\u00f3prio ritmo e de acordo com sua disponibilidade de tempo.<\/li>\n\n\n\n<li><strong>Qualidade de Ensino<\/strong>: Ministrado por profissionais capacitados e experientes em Libras, o curso oferece um aprendizado de alta qualidade e relev\u00e2ncia.<\/li>\n<\/ul>\n\n\n\n<h3 class=\"wp-block-heading\"><strong>Fechando Pensamentos: Promovendo a Inclus\u00e3o por meio da Libras<\/strong><\/h3>\n\n\n\n<p>\u00c0 medida que celebramos o Dia Internacional de Libras, \u00e9 crucial reconhecer a import\u00e2ncia de promover a inclus\u00e3o e a diversidade lingu\u00edstica em nossa sociedade. Atrav\u00e9s do aprendizado e do uso da Libras, podemos construir pontes entre as comunidades surdas e ouvintes, criando um mundo mais inclusivo e acess\u00edvel para todos.<\/p>\n\n\n\n<p>Se voc\u00ea est\u00e1 interessado em mergulhar no mundo da Libras e contribuir para um mundo mais inclusivo, aproveite a oportunidade oferecida pelo Centro Universit\u00e1rio S\u00e3o Camilo e inscreva-se no curso gratuito de Libras hoje mesmo!<\/p>\n\n\n\n<p>Lembre-se, a comunica\u00e7\u00e3o n\u00e3o tem limites quando abra\u00e7amos a diversidade de maneira significativa.<\/p>\n\n\n\n<ul class=\"wp-block-list\">\n<li><a href=\"https:\/\/blog.saocamilo-sp.br\/index.php\/2023\/05\/25\/plastinado-von-hagens-sao-camilo-revoluciona-no-ensino\/\">Plastinado von Hagens: S\u00e3o Camilo revoluciona no ensino da Sa\u00fade<\/a><\/li>\n\n\n\n<li><a href=\"https:\/\/blog.saocamilo-sp.br\/index.php\/2024\/02\/01\/oducal\/\">Pe. Jo\u00e3o Batista e Rayssa Rios s\u00e3o nomeados para a ODUCAL<\/a><\/li>\n\n\n\n<li><a href=\"https:\/\/blog.saocamilo-sp.br\/index.php\/2023\/12\/02\/medicina-sao-camilo-conquista-a-certificacao-do-cfm\/\">Medicina S\u00e3o Camilo conquista certifica\u00e7\u00e3o do Sistema de Acredita\u00e7\u00e3o de Escolas M\u00e9dicas \u2013 CFM<\/a><\/li>\n<\/ul>\n\n\n\n<p><\/p>\n\n\n\n<p>Saiba mais sobre nossos cursos:<\/p>\n\n\n\n<iframe loading=\"lazy\" src=\"https:\/\/saocamilo.apprbs.com.br\/tenho-interesse-blog\" height=\"530px\" width=\"100%\" frameborder=\"0\"><\/iframe>\n","protected":false},"excerpt":{"rendered":"<p>No cen\u00e1rio global, a diversidade cultural e lingu\u00edstica \u00e9 uma riqueza a ser valorizada. E entre as l\u00ednguas que merecem destaque est\u00e1 a L\u00edngua Brasileira de Sinais (Libras).<\/p>\n","protected":false},"author":4,"featured_media":2657,"comment_status":"open","ping_status":"open","sticky":false,"template":"","format":"standard","meta":{"cybocfi_hide_featured_image":"","footnotes":""},"categories":[1],"tags":[80,17],"class_list":["post-2421","post","type-post","status-publish","format-standard","has-post-thumbnail","hentry","category-cursos","tag-pesquisa","tag-saude"],"yoast_head":"<!-- This site is optimized with the Yoast SEO plugin v27.4 - https:\/\/yoast.com\/product\/yoast-seo-wordpress\/ -->\n<title>Celebrando o Dia Internacional de Libras - Blog S\u00e3o Camilo<\/title>\n<meta name=\"description\" content=\"Libras: o cen\u00e1rio global, a diversidade cultural e lingu\u00edstica \u00e9 uma riqueza a ser valorizada.E entre as l\u00ednguas que merecem destaque est\u00e1...\" \/>\n<meta name=\"robots\" content=\"index, follow, max-snippet:-1, max-image-preview:large, max-video-preview:-1\" \/>\n<link rel=\"canonical\" href=\"https:\/\/blog.saocamilo-sp.br\/index.php\/2024\/04\/24\/celebrando-o-dia-internacional-de-libras\/\" \/>\n<meta property=\"og:locale\" content=\"pt_BR\" \/>\n<meta property=\"og:type\" content=\"article\" \/>\n<meta property=\"og:title\" content=\"Celebrando o Dia Internacional de Libras - Blog S\u00e3o Camilo\" \/>\n<meta property=\"og:description\" content=\"Libras: o cen\u00e1rio global, a diversidade cultural e lingu\u00edstica \u00e9 uma riqueza a ser valorizada.E entre as l\u00ednguas que merecem destaque est\u00e1...\" \/>\n<meta property=\"og:url\" content=\"https:\/\/blog.saocamilo-sp.br\/index.php\/2024\/04\/24\/celebrando-o-dia-internacional-de-libras\/\" \/>\n<meta property=\"og:site_name\" content=\"Blog S\u00e3o Camilo\" \/>\n<meta property=\"article:publisher\" content=\"https:\/\/www.facebook.com\/saocamilosp\" \/>\n<meta property=\"article:published_time\" content=\"2024-04-24T12:00:00+00:00\" \/>\n<meta property=\"article:modified_time\" content=\"2024-06-11T16:19:36+00:00\" \/>\n<meta property=\"og:image\" content=\"https:\/\/blog.saocamilo-sp.br\/wp-content\/uploads\/2024\/04\/o-que-e-a-linguagem-de-libras.jpg\" \/>\n\t<meta property=\"og:image:width\" content=\"1230\" \/>\n\t<meta property=\"og:image:height\" content=\"644\" \/>\n\t<meta property=\"og:image:type\" content=\"image\/jpeg\" \/>\n<meta name=\"author\" content=\"Lucas Soares Gon\u00e7alves\" \/>\n<meta name=\"twitter:card\" content=\"summary_large_image\" \/>\n<meta name=\"twitter:creator\" content=\"@saocamilosp\" \/>\n<meta name=\"twitter:site\" content=\"@saocamilosp\" \/>\n<meta name=\"twitter:label1\" content=\"Escrito por\" \/>\n\t<meta name=\"twitter:data1\" content=\"Lucas Soares Gon\u00e7alves\" \/>\n\t<meta name=\"twitter:label2\" content=\"Est. tempo de leitura\" \/>\n\t<meta name=\"twitter:data2\" content=\"3 minutos\" \/>\n<script type=\"application\/ld+json\" class=\"yoast-schema-graph\">{\"@context\":\"https:\\\/\\\/schema.org\",\"@graph\":[{\"@type\":\"Article\",\"@id\":\"https:\\\/\\\/blog.saocamilo-sp.br\\\/index.php\\\/2024\\\/04\\\/24\\\/celebrando-o-dia-internacional-de-libras\\\/#article\",\"isPartOf\":{\"@id\":\"https:\\\/\\\/blog.saocamilo-sp.br\\\/index.php\\\/2024\\\/04\\\/24\\\/celebrando-o-dia-internacional-de-libras\\\/\"},\"author\":{\"name\":\"Lucas Soares Gon\u00e7alves\",\"@id\":\"https:\\\/\\\/blog.saocamilo-sp.br\\\/#\\\/schema\\\/person\\\/781135418152912d4b58f2db13a2eaf0\"},\"headline\":\"Celebrando o Dia Internacional de Libras\",\"datePublished\":\"2024-04-24T12:00:00+00:00\",\"dateModified\":\"2024-06-11T16:19:36+00:00\",\"mainEntityOfPage\":{\"@id\":\"https:\\\/\\\/blog.saocamilo-sp.br\\\/index.php\\\/2024\\\/04\\\/24\\\/celebrando-o-dia-internacional-de-libras\\\/\"},\"wordCount\":514,\"commentCount\":0,\"publisher\":{\"@id\":\"https:\\\/\\\/blog.saocamilo-sp.br\\\/#organization\"},\"image\":{\"@id\":\"https:\\\/\\\/blog.saocamilo-sp.br\\\/index.php\\\/2024\\\/04\\\/24\\\/celebrando-o-dia-internacional-de-libras\\\/#primaryimage\"},\"thumbnailUrl\":\"https:\\\/\\\/blog.saocamilo-sp.br\\\/wp-content\\\/uploads\\\/2024\\\/04\\\/o-que-e-a-linguagem-de-libras.jpg\",\"keywords\":[\"Pesquisa\",\"Sa\u00fade\"],\"articleSection\":[\"Cursos\"],\"inLanguage\":\"pt-BR\",\"potentialAction\":[{\"@type\":\"CommentAction\",\"name\":\"Comment\",\"target\":[\"https:\\\/\\\/blog.saocamilo-sp.br\\\/index.php\\\/2024\\\/04\\\/24\\\/celebrando-o-dia-internacional-de-libras\\\/#respond\"]}]},{\"@type\":\"WebPage\",\"@id\":\"https:\\\/\\\/blog.saocamilo-sp.br\\\/index.php\\\/2024\\\/04\\\/24\\\/celebrando-o-dia-internacional-de-libras\\\/\",\"url\":\"https:\\\/\\\/blog.saocamilo-sp.br\\\/index.php\\\/2024\\\/04\\\/24\\\/celebrando-o-dia-internacional-de-libras\\\/\",\"name\":\"Celebrando o Dia Internacional de Libras - Blog S\u00e3o Camilo\",\"isPartOf\":{\"@id\":\"https:\\\/\\\/blog.saocamilo-sp.br\\\/#website\"},\"primaryImageOfPage\":{\"@id\":\"https:\\\/\\\/blog.saocamilo-sp.br\\\/index.php\\\/2024\\\/04\\\/24\\\/celebrando-o-dia-internacional-de-libras\\\/#primaryimage\"},\"image\":{\"@id\":\"https:\\\/\\\/blog.saocamilo-sp.br\\\/index.php\\\/2024\\\/04\\\/24\\\/celebrando-o-dia-internacional-de-libras\\\/#primaryimage\"},\"thumbnailUrl\":\"https:\\\/\\\/blog.saocamilo-sp.br\\\/wp-content\\\/uploads\\\/2024\\\/04\\\/o-que-e-a-linguagem-de-libras.jpg\",\"datePublished\":\"2024-04-24T12:00:00+00:00\",\"dateModified\":\"2024-06-11T16:19:36+00:00\",\"description\":\"Libras: o cen\u00e1rio global, a diversidade cultural e lingu\u00edstica \u00e9 uma riqueza a ser valorizada.E entre as l\u00ednguas que merecem destaque est\u00e1...\",\"breadcrumb\":{\"@id\":\"https:\\\/\\\/blog.saocamilo-sp.br\\\/index.php\\\/2024\\\/04\\\/24\\\/celebrando-o-dia-internacional-de-libras\\\/#breadcrumb\"},\"inLanguage\":\"pt-BR\",\"potentialAction\":[{\"@type\":\"ReadAction\",\"target\":[\"https:\\\/\\\/blog.saocamilo-sp.br\\\/index.php\\\/2024\\\/04\\\/24\\\/celebrando-o-dia-internacional-de-libras\\\/\"]}]},{\"@type\":\"ImageObject\",\"inLanguage\":\"pt-BR\",\"@id\":\"https:\\\/\\\/blog.saocamilo-sp.br\\\/index.php\\\/2024\\\/04\\\/24\\\/celebrando-o-dia-internacional-de-libras\\\/#primaryimage\",\"url\":\"https:\\\/\\\/blog.saocamilo-sp.br\\\/wp-content\\\/uploads\\\/2024\\\/04\\\/o-que-e-a-linguagem-de-libras.jpg\",\"contentUrl\":\"https:\\\/\\\/blog.saocamilo-sp.br\\\/wp-content\\\/uploads\\\/2024\\\/04\\\/o-que-e-a-linguagem-de-libras.jpg\",\"width\":1230,\"height\":644},{\"@type\":\"BreadcrumbList\",\"@id\":\"https:\\\/\\\/blog.saocamilo-sp.br\\\/index.php\\\/2024\\\/04\\\/24\\\/celebrando-o-dia-internacional-de-libras\\\/#breadcrumb\",\"itemListElement\":[{\"@type\":\"ListItem\",\"position\":1,\"name\":\"In\u00edcio\",\"item\":\"https:\\\/\\\/blog.saocamilo-sp.br\\\/\"},{\"@type\":\"ListItem\",\"position\":2,\"name\":\"Celebrando o Dia Internacional de Libras\"}]},{\"@type\":\"WebSite\",\"@id\":\"https:\\\/\\\/blog.saocamilo-sp.br\\\/#website\",\"url\":\"https:\\\/\\\/blog.saocamilo-sp.br\\\/\",\"name\":\"Blog S\u00e3o Camilo\",\"description\":\"Blog do Centro Universit\u00e1rio S\u00e3o Camilo\",\"publisher\":{\"@id\":\"https:\\\/\\\/blog.saocamilo-sp.br\\\/#organization\"},\"potentialAction\":[{\"@type\":\"SearchAction\",\"target\":{\"@type\":\"EntryPoint\",\"urlTemplate\":\"https:\\\/\\\/blog.saocamilo-sp.br\\\/?s={search_term_string}\"},\"query-input\":{\"@type\":\"PropertyValueSpecification\",\"valueRequired\":true,\"valueName\":\"search_term_string\"}}],\"inLanguage\":\"pt-BR\"},{\"@type\":\"Organization\",\"@id\":\"https:\\\/\\\/blog.saocamilo-sp.br\\\/#organization\",\"name\":\"Blog S\u00e3o Camilo\",\"url\":\"https:\\\/\\\/blog.saocamilo-sp.br\\\/\",\"logo\":{\"@type\":\"ImageObject\",\"inLanguage\":\"pt-BR\",\"@id\":\"https:\\\/\\\/blog.saocamilo-sp.br\\\/#\\\/schema\\\/logo\\\/image\\\/\",\"url\":\"https:\\\/\\\/blog.saocamilo-sp.br\\\/wp-content\\\/uploads\\\/2021\\\/12\\\/cropped-vazio-logo-topo.png\",\"contentUrl\":\"https:\\\/\\\/blog.saocamilo-sp.br\\\/wp-content\\\/uploads\\\/2021\\\/12\\\/cropped-vazio-logo-topo.png\",\"width\":320,\"height\":240,\"caption\":\"Blog S\u00e3o Camilo\"},\"image\":{\"@id\":\"https:\\\/\\\/blog.saocamilo-sp.br\\\/#\\\/schema\\\/logo\\\/image\\\/\"},\"sameAs\":[\"https:\\\/\\\/www.facebook.com\\\/saocamilosp\",\"https:\\\/\\\/x.com\\\/saocamilosp\",\"https:\\\/\\\/www.linkedin.com\\\/school\\\/centro-universit-rio-s-o-camilo\\\/\"]},{\"@type\":\"Person\",\"@id\":\"https:\\\/\\\/blog.saocamilo-sp.br\\\/#\\\/schema\\\/person\\\/781135418152912d4b58f2db13a2eaf0\",\"name\":\"Lucas Soares Gon\u00e7alves\",\"image\":{\"@type\":\"ImageObject\",\"inLanguage\":\"pt-BR\",\"@id\":\"https:\\\/\\\/secure.gravatar.com\\\/avatar\\\/bcd2d703cbb48116eaac2cac8643792535238ff30b2d7ce9e16f9254ec9cae83?s=96&d=mm&r=g\",\"url\":\"https:\\\/\\\/secure.gravatar.com\\\/avatar\\\/bcd2d703cbb48116eaac2cac8643792535238ff30b2d7ce9e16f9254ec9cae83?s=96&d=mm&r=g\",\"contentUrl\":\"https:\\\/\\\/secure.gravatar.com\\\/avatar\\\/bcd2d703cbb48116eaac2cac8643792535238ff30b2d7ce9e16f9254ec9cae83?s=96&d=mm&r=g\",\"caption\":\"Lucas Soares Gon\u00e7alves\"},\"url\":\"https:\\\/\\\/blog.saocamilo-sp.br\\\/index.php\\\/author\\\/lucas-soares-goncalves\\\/\"}]}<\/script>\n<!-- \/ Yoast SEO plugin. -->","yoast_head_json":{"title":"Celebrando o Dia Internacional de Libras - Blog S\u00e3o Camilo","description":"Libras: o cen\u00e1rio global, a diversidade cultural e lingu\u00edstica \u00e9 uma riqueza a ser valorizada.E entre as l\u00ednguas que merecem destaque est\u00e1...","robots":{"index":"index","follow":"follow","max-snippet":"max-snippet:-1","max-image-preview":"max-image-preview:large","max-video-preview":"max-video-preview:-1"},"canonical":"https:\/\/blog.saocamilo-sp.br\/index.php\/2024\/04\/24\/celebrando-o-dia-internacional-de-libras\/","og_locale":"pt_BR","og_type":"article","og_title":"Celebrando o Dia Internacional de Libras - Blog S\u00e3o Camilo","og_description":"Libras: o cen\u00e1rio global, a diversidade cultural e lingu\u00edstica \u00e9 uma riqueza a ser valorizada.E entre as l\u00ednguas que merecem destaque est\u00e1...","og_url":"https:\/\/blog.saocamilo-sp.br\/index.php\/2024\/04\/24\/celebrando-o-dia-internacional-de-libras\/","og_site_name":"Blog S\u00e3o Camilo","article_publisher":"https:\/\/www.facebook.com\/saocamilosp","article_published_time":"2024-04-24T12:00:00+00:00","article_modified_time":"2024-06-11T16:19:36+00:00","og_image":[{"width":1230,"height":644,"url":"https:\/\/blog.saocamilo-sp.br\/wp-content\/uploads\/2024\/04\/o-que-e-a-linguagem-de-libras.jpg","type":"image\/jpeg"}],"author":"Lucas Soares Gon\u00e7alves","twitter_card":"summary_large_image","twitter_creator":"@saocamilosp","twitter_site":"@saocamilosp","twitter_misc":{"Escrito por":"Lucas Soares Gon\u00e7alves","Est. tempo de leitura":"3 minutos"},"schema":{"@context":"https:\/\/schema.org","@graph":[{"@type":"Article","@id":"https:\/\/blog.saocamilo-sp.br\/index.php\/2024\/04\/24\/celebrando-o-dia-internacional-de-libras\/#article","isPartOf":{"@id":"https:\/\/blog.saocamilo-sp.br\/index.php\/2024\/04\/24\/celebrando-o-dia-internacional-de-libras\/"},"author":{"name":"Lucas Soares Gon\u00e7alves","@id":"https:\/\/blog.saocamilo-sp.br\/#\/schema\/person\/781135418152912d4b58f2db13a2eaf0"},"headline":"Celebrando o Dia Internacional de Libras","datePublished":"2024-04-24T12:00:00+00:00","dateModified":"2024-06-11T16:19:36+00:00","mainEntityOfPage":{"@id":"https:\/\/blog.saocamilo-sp.br\/index.php\/2024\/04\/24\/celebrando-o-dia-internacional-de-libras\/"},"wordCount":514,"commentCount":0,"publisher":{"@id":"https:\/\/blog.saocamilo-sp.br\/#organization"},"image":{"@id":"https:\/\/blog.saocamilo-sp.br\/index.php\/2024\/04\/24\/celebrando-o-dia-internacional-de-libras\/#primaryimage"},"thumbnailUrl":"https:\/\/blog.saocamilo-sp.br\/wp-content\/uploads\/2024\/04\/o-que-e-a-linguagem-de-libras.jpg","keywords":["Pesquisa","Sa\u00fade"],"articleSection":["Cursos"],"inLanguage":"pt-BR","potentialAction":[{"@type":"CommentAction","name":"Comment","target":["https:\/\/blog.saocamilo-sp.br\/index.php\/2024\/04\/24\/celebrando-o-dia-internacional-de-libras\/#respond"]}]},{"@type":"WebPage","@id":"https:\/\/blog.saocamilo-sp.br\/index.php\/2024\/04\/24\/celebrando-o-dia-internacional-de-libras\/","url":"https:\/\/blog.saocamilo-sp.br\/index.php\/2024\/04\/24\/celebrando-o-dia-internacional-de-libras\/","name":"Celebrando o Dia Internacional de Libras - Blog S\u00e3o Camilo","isPartOf":{"@id":"https:\/\/blog.saocamilo-sp.br\/#website"},"primaryImageOfPage":{"@id":"https:\/\/blog.saocamilo-sp.br\/index.php\/2024\/04\/24\/celebrando-o-dia-internacional-de-libras\/#primaryimage"},"image":{"@id":"https:\/\/blog.saocamilo-sp.br\/index.php\/2024\/04\/24\/celebrando-o-dia-internacional-de-libras\/#primaryimage"},"thumbnailUrl":"https:\/\/blog.saocamilo-sp.br\/wp-content\/uploads\/2024\/04\/o-que-e-a-linguagem-de-libras.jpg","datePublished":"2024-04-24T12:00:00+00:00","dateModified":"2024-06-11T16:19:36+00:00","description":"Libras: o cen\u00e1rio global, a diversidade cultural e lingu\u00edstica \u00e9 uma riqueza a ser valorizada.E entre as l\u00ednguas que merecem destaque est\u00e1...","breadcrumb":{"@id":"https:\/\/blog.saocamilo-sp.br\/index.php\/2024\/04\/24\/celebrando-o-dia-internacional-de-libras\/#breadcrumb"},"inLanguage":"pt-BR","potentialAction":[{"@type":"ReadAction","target":["https:\/\/blog.saocamilo-sp.br\/index.php\/2024\/04\/24\/celebrando-o-dia-internacional-de-libras\/"]}]},{"@type":"ImageObject","inLanguage":"pt-BR","@id":"https:\/\/blog.saocamilo-sp.br\/index.php\/2024\/04\/24\/celebrando-o-dia-internacional-de-libras\/#primaryimage","url":"https:\/\/blog.saocamilo-sp.br\/wp-content\/uploads\/2024\/04\/o-que-e-a-linguagem-de-libras.jpg","contentUrl":"https:\/\/blog.saocamilo-sp.br\/wp-content\/uploads\/2024\/04\/o-que-e-a-linguagem-de-libras.jpg","width":1230,"height":644},{"@type":"BreadcrumbList","@id":"https:\/\/blog.saocamilo-sp.br\/index.php\/2024\/04\/24\/celebrando-o-dia-internacional-de-libras\/#breadcrumb","itemListElement":[{"@type":"ListItem","position":1,"name":"In\u00edcio","item":"https:\/\/blog.saocamilo-sp.br\/"},{"@type":"ListItem","position":2,"name":"Celebrando o Dia Internacional de Libras"}]},{"@type":"WebSite","@id":"https:\/\/blog.saocamilo-sp.br\/#website","url":"https:\/\/blog.saocamilo-sp.br\/","name":"Blog S\u00e3o Camilo","description":"Blog do Centro Universit\u00e1rio S\u00e3o Camilo","publisher":{"@id":"https:\/\/blog.saocamilo-sp.br\/#organization"},"potentialAction":[{"@type":"SearchAction","target":{"@type":"EntryPoint","urlTemplate":"https:\/\/blog.saocamilo-sp.br\/?s={search_term_string}"},"query-input":{"@type":"PropertyValueSpecification","valueRequired":true,"valueName":"search_term_string"}}],"inLanguage":"pt-BR"},{"@type":"Organization","@id":"https:\/\/blog.saocamilo-sp.br\/#organization","name":"Blog S\u00e3o Camilo","url":"https:\/\/blog.saocamilo-sp.br\/","logo":{"@type":"ImageObject","inLanguage":"pt-BR","@id":"https:\/\/blog.saocamilo-sp.br\/#\/schema\/logo\/image\/","url":"https:\/\/blog.saocamilo-sp.br\/wp-content\/uploads\/2021\/12\/cropped-vazio-logo-topo.png","contentUrl":"https:\/\/blog.saocamilo-sp.br\/wp-content\/uploads\/2021\/12\/cropped-vazio-logo-topo.png","width":320,"height":240,"caption":"Blog S\u00e3o Camilo"},"image":{"@id":"https:\/\/blog.saocamilo-sp.br\/#\/schema\/logo\/image\/"},"sameAs":["https:\/\/www.facebook.com\/saocamilosp","https:\/\/x.com\/saocamilosp","https:\/\/www.linkedin.com\/school\/centro-universit-rio-s-o-camilo\/"]},{"@type":"Person","@id":"https:\/\/blog.saocamilo-sp.br\/#\/schema\/person\/781135418152912d4b58f2db13a2eaf0","name":"Lucas Soares Gon\u00e7alves","image":{"@type":"ImageObject","inLanguage":"pt-BR","@id":"https:\/\/secure.gravatar.com\/avatar\/bcd2d703cbb48116eaac2cac8643792535238ff30b2d7ce9e16f9254ec9cae83?s=96&d=mm&r=g","url":"https:\/\/secure.gravatar.com\/avatar\/bcd2d703cbb48116eaac2cac8643792535238ff30b2d7ce9e16f9254ec9cae83?s=96&d=mm&r=g","contentUrl":"https:\/\/secure.gravatar.com\/avatar\/bcd2d703cbb48116eaac2cac8643792535238ff30b2d7ce9e16f9254ec9cae83?s=96&d=mm&r=g","caption":"Lucas Soares Gon\u00e7alves"},"url":"https:\/\/blog.saocamilo-sp.br\/index.php\/author\/lucas-soares-goncalves\/"}]}},"_links":{"self":[{"href":"https:\/\/blog.saocamilo-sp.br\/index.php\/wp-json\/wp\/v2\/posts\/2421","targetHints":{"allow":["GET"]}}],"collection":[{"href":"https:\/\/blog.saocamilo-sp.br\/index.php\/wp-json\/wp\/v2\/posts"}],"about":[{"href":"https:\/\/blog.saocamilo-sp.br\/index.php\/wp-json\/wp\/v2\/types\/post"}],"author":[{"embeddable":true,"href":"https:\/\/blog.saocamilo-sp.br\/index.php\/wp-json\/wp\/v2\/users\/4"}],"replies":[{"embeddable":true,"href":"https:\/\/blog.saocamilo-sp.br\/index.php\/wp-json\/wp\/v2\/comments?post=2421"}],"version-history":[{"count":4,"href":"https:\/\/blog.saocamilo-sp.br\/index.php\/wp-json\/wp\/v2\/posts\/2421\/revisions"}],"predecessor-version":[{"id":2658,"href":"https:\/\/blog.saocamilo-sp.br\/index.php\/wp-json\/wp\/v2\/posts\/2421\/revisions\/2658"}],"wp:featuredmedia":[{"embeddable":true,"href":"https:\/\/blog.saocamilo-sp.br\/index.php\/wp-json\/wp\/v2\/media\/2657"}],"wp:attachment":[{"href":"https:\/\/blog.saocamilo-sp.br\/index.php\/wp-json\/wp\/v2\/media?parent=2421"}],"wp:term":[{"taxonomy":"category","embeddable":true,"href":"https:\/\/blog.saocamilo-sp.br\/index.php\/wp-json\/wp\/v2\/categories?post=2421"},{"taxonomy":"post_tag","embeddable":true,"href":"https:\/\/blog.saocamilo-sp.br\/index.php\/wp-json\/wp\/v2\/tags?post=2421"}],"curies":[{"name":"wp","href":"https:\/\/api.w.org\/{rel}","templated":true}]}}