{"id":2425,"date":"2024-04-07T15:11:30","date_gmt":"2024-04-07T18:11:30","guid":{"rendered":"https:\/\/blog.saocamilo-sp.br\/?p=2425"},"modified":"2024-04-07T15:18:33","modified_gmt":"2024-04-07T18:18:33","slug":"campus-pompeia-25-anos-de-compromisso-com-a-educacao-de-excelencia","status":"publish","type":"post","link":"https:\/\/blog.saocamilo-sp.br\/index.php\/2024\/04\/07\/campus-pompeia-25-anos-de-compromisso-com-a-educacao-de-excelencia\/","title":{"rendered":"Campus Pompeia: 25 anos de compromisso com a educa\u00e7\u00e3o de excel\u00eancia"},"content":{"rendered":"\n<p>Hoje, 7 de abril, enquanto o mundo celebra o Dia Mundial da Sa\u00fade, o Campus Pompeia do <a href=\"https:\/\/saocamilo-sp.br\/\" target=\"_blank\" rel=\"noreferrer noopener\">Centro Universit\u00e1rio S\u00e3o Camilo <\/a>tamb\u00e9m comemora um marco significativo: 25 anos de dedica\u00e7\u00e3o ao ensino, pesquisa e servi\u00e7o \u00e0 comunidade. Esta data especial \u00e9 marcada por uma trajet\u00f3ria rica em hist\u00f3ria e compromisso com a excel\u00eancia no ensino.<br><br><\/p>\n\n\n<div class=\"wp-block-image\">\n<figure class=\"aligncenter size-full is-resized\"><img loading=\"lazy\" decoding=\"async\" src=\"https:\/\/blog.saocamilo-sp.br\/wp-content\/uploads\/2024\/04\/CUSC-Campus-Pompeia-1.jpg\" alt=\"\" class=\"wp-image-2438\" width=\"499\" height=\"665\"\/><figcaption class=\"wp-element-caption\">Campus Pompeia<\/figcaption><\/figure>\n<\/div>\n\n\n<h2 class=\"wp-block-heading\">Uma hist\u00f3ria inspiradora<\/h2>\n\n\n\n<p>O imponente pr\u00e9dio na Rua Raul Pompeia, 144,  que abriga o Campus Pompeia tem uma hist\u00f3ria fascinante que remonta ao s\u00e9culo XX. Em 1912, a empresa White Martins estabeleceu a primeira f\u00e1brica de oxig\u00eanio do Brasil, pavimentando o caminho para o desenvolvimento da ind\u00fastria nacional. Em 1929, o edif\u00edcio que hoje conhecemos como Campus Pompeia era parte integrante dessa unidade fabril. No entanto, em 1998, a White Martins encerrou suas opera\u00e7\u00f5es, abrindo espa\u00e7o para uma nova era.<\/p>\n\n\n\n<p>Em 1997, a Uni\u00e3o Social Camiliana adquiriu o im\u00f3vel, vislumbrando um futuro promissor para a educa\u00e7\u00e3o e a sa\u00fade. No ano seguinte, iniciaram-se as reformas que culminaram na funda\u00e7\u00e3o do Centro Universit\u00e1rio S\u00e3o Camilo \u2013 Campus Pompeia. Sob a dire\u00e7\u00e3o da arquiteta Sung Mei Ling, da L+M Arquitetura, o local foi transformado em um centro de aprendizado moderno, mantendo sua ess\u00eancia hist\u00f3rica.<br>Ao longo dos anos, o campus passou por v\u00e1rias expans\u00f5es e atualiza\u00e7\u00f5es, incluindo a constru\u00e7\u00e3o de novos espa\u00e7os e moderniza\u00e7\u00f5es, com o objetivo cont\u00ednuo de aprimorar a acessibilidade para o p\u00fablico e proporcionar aos estudantes, colaboradores e docentes um ambiente completo possibilitando a realiza\u00e7\u00e3o dsa suas atividades e o fomento do conhecimento.<br><\/p>\n\n\n\n<figure class=\"wp-block-gallery has-nested-images columns-default is-cropped wp-block-gallery-1 is-layout-flex wp-block-gallery-is-layout-flex\">\n<figure class=\"wp-block-image size-large\"><img loading=\"lazy\" decoding=\"async\" width=\"890\" height=\"575\" data-id=\"2430\" src=\"https:\/\/blog.saocamilo-sp.br\/wp-content\/uploads\/2024\/04\/a7.jpg\" alt=\"\" class=\"wp-image-2430\"\/><\/figure>\n\n\n\n<figure class=\"wp-block-image size-large\"><img loading=\"lazy\" decoding=\"async\" width=\"578\" height=\"885\" data-id=\"2428\" src=\"https:\/\/blog.saocamilo-sp.br\/wp-content\/uploads\/2024\/04\/a6.jpg\" alt=\"\" class=\"wp-image-2428\"\/><\/figure>\n\n\n\n<figure class=\"wp-block-image size-large\"><img loading=\"lazy\" decoding=\"async\" width=\"882\" height=\"555\" data-id=\"2429\" src=\"https:\/\/blog.saocamilo-sp.br\/wp-content\/uploads\/2024\/04\/a5.jpg\" alt=\"\" class=\"wp-image-2429\"\/><\/figure>\n\n\n\n<figure class=\"wp-block-image size-large\"><img loading=\"lazy\" decoding=\"async\" width=\"882\" height=\"572\" data-id=\"2427\" src=\"https:\/\/blog.saocamilo-sp.br\/wp-content\/uploads\/2024\/04\/a4.jpg\" alt=\"\" class=\"wp-image-2427\"\/><\/figure>\n\n\n\n<figure class=\"wp-block-image size-large\"><img loading=\"lazy\" decoding=\"async\" width=\"883\" height=\"572\" data-id=\"2431\" src=\"https:\/\/blog.saocamilo-sp.br\/wp-content\/uploads\/2024\/04\/a3.jpg\" alt=\"\" class=\"wp-image-2431\"\/><\/figure>\n\n\n\n<figure class=\"wp-block-image size-large\"><img loading=\"lazy\" decoding=\"async\" width=\"1023\" height=\"733\" data-id=\"2432\" src=\"https:\/\/blog.saocamilo-sp.br\/wp-content\/uploads\/2024\/04\/a2.jpg\" alt=\"\" class=\"wp-image-2432\"\/><\/figure>\n\n\n\n<figure class=\"wp-block-image size-large\"><img loading=\"lazy\" decoding=\"async\" width=\"1028\" height=\"735\" data-id=\"2433\" src=\"https:\/\/blog.saocamilo-sp.br\/wp-content\/uploads\/2024\/04\/a1.jpg\" alt=\"\" class=\"wp-image-2433\"\/><\/figure>\n<\/figure>\n\n\n\n<p><strong>Imagens da constru\u00e7\u00e3o do campus<\/strong><\/p>\n\n\n\n<h2 class=\"wp-block-heading\">Contribui\u00e7\u00e3o para a comunidade<\/h2>\n\n\n\n<p>Desde sua inaugura\u00e7\u00e3o em 7 de abril de 1999, o Campus Pompeia tem sido um centro de excel\u00eancia em educa\u00e7\u00e3o e pesquisa no bairro da Pompeia, em S\u00e3o Paulo. Ao longo de 25 anos, temos orgulhosamente contribu\u00eddo para a forma\u00e7\u00e3o de profissionais de destaque, oferecendo uma ampla variedade de cursos, desde programas de extens\u00e3o at\u00e9 p\u00f3s-gradua\u00e7\u00e3o e mestrado. Al\u00e9m disso, nossas atividades de extens\u00e3o t\u00eam o objetivo de tornar o campus um agente de transforma\u00e7\u00e3o no bairro, levando nossas iniciativas al\u00e9m dos limites f\u00edsicos da institui\u00e7\u00e3o para beneficiar a comunidade local.<\/p>\n\n\n\n<p>Nosso campus n\u00e3o s\u00f3 oferece uma extensa gama de oportunidades acad\u00eamicas, mas tamb\u00e9m est\u00e1 equipado com instala\u00e7\u00f5es de \u00faltima gera\u00e7\u00e3o, incluindo um Centro de Simula\u00e7\u00e3o Real\u00edstica e a prestigiada Cl\u00ednica de Psicologia Dra. Nise da Silveira, que oferece servi\u00e7os de atendimento gratuitos \u00e0 popula\u00e7\u00e3o. Al\u00e9m disso, contamos com o <a href=\"https:\/\/saocamilo-sp.br\/extensao\/cursos\/leisc_laboratorio_de_empreendedorismo_e_inovacao\" target=\"_blank\" rel=\"noreferrer noopener\">LEISC &#8211; Laborat\u00f3rio de Empreendedorismo e Inova\u00e7\u00e3o<\/a>, que fornece consultoria aos empres\u00e1rios da regi\u00e3o. Essas iniciativas n\u00e3o apenas enriquecem a jornada educacional de nossos alunos, mas tamb\u00e9m servem como recursos valiosos para a comunidade, oferecendo servi\u00e7os de sa\u00fade e apoio psicol\u00f3gico de alta qualidade.<\/p>\n\n\n\n<h2 class=\"wp-block-heading\">Compromisso com a excel\u00eancia<\/h2>\n\n\n\n<p>Em um mundo em constante evolu\u00e7\u00e3o, o Centro Universit\u00e1rio S\u00e3o Camilo reafirma seu compromisso com a forma\u00e7\u00e3o de profissionais de excel\u00eancia. Durante os \u00faltimos 25 anos, por meio do campus Pompeia, temos nos dedicado incansavelmente a fornecer uma educa\u00e7\u00e3o de qualidade, preparando nossos alunos para os desafios do mercado de trabalho e para contribuir positivamente para a sociedade.<\/p>\n\n\n\n<p>Hoje, enquanto celebramos 25 anos de sucesso do Campus Pompeia, expressamos nossa gratid\u00e3o a todos os que fizeram parte desta jornada. Estamos felizes por termos contribu\u00eddo para a forma\u00e7\u00e3o de milhares de profissionais que est\u00e3o fazendo a diferen\u00e7a no mundo. Que os pr\u00f3ximos anos sejam marcados por mais realiza\u00e7\u00f5es e impacto positivo. Parab\u00e9ns, Campus Pompeia!<br><br><\/p>\n\n\n\n<h2 class=\"wp-block-heading\">Veja tamb\u00e9m<\/h2>\n\n\n\n<ul class=\"wp-block-list\">\n<li><a href=\"https:\/\/blog.saocamilo-sp.br\/index.php\/2023\/10\/30\/aniversario-da-pompeia\/\">Anivers\u00e1rio da Pompeia e sua Hist\u00f3ria<\/a><\/li>\n\n\n\n<li><a href=\"https:\/\/blog.saocamilo-sp.br\/index.php\/2024\/03\/21\/parceria-estrategica-sao-camilo-e-sebrae-unem-forcas-para-impulsionar-o-empreendedorismo-na-regiao\/\">Parceria Estrat\u00e9gica: S\u00e3o Camilo e SEBRAE impulsionam o empreendedorismo na regi\u00e3o<\/a><\/li>\n<\/ul>\n\n\n\n<p><\/p>\n\n\n\n<p>Saiba mais sobre nossos cursos:<\/p>\n\n\n\n<iframe loading=\"lazy\" src=\"https:\/\/saocamilo.apprbs.com.br\/tenho-interesse-blog\" height=\"530px\" width=\"100%\" frameborder=\"0\"><\/iframe>\n\n\n\n<p>Compartilhe em:<\/p>\n","protected":false},"excerpt":{"rendered":"<p>O Campus Pompeia do Centro Universit\u00e1rio S\u00e3o Camilo comemora um marco significativo: 25 anos de dedica\u00e7\u00e3o ao ensino, pesquisa e servi\u00e7o \u00e0 comunidade. <\/p>\n","protected":false},"author":13,"featured_media":2426,"comment_status":"open","ping_status":"open","sticky":false,"template":"","format":"standard","meta":{"cybocfi_hide_featured_image":"yes","footnotes":""},"categories":[91],"tags":[161],"class_list":["post-2425","post","type-post","status-publish","format-standard","has-post-thumbnail","hentry","category-institucional","tag-campus-pompeia"],"yoast_head":"<!-- This site is optimized with the Yoast SEO plugin v27.4 - https:\/\/yoast.com\/product\/yoast-seo-wordpress\/ -->\n<title>Campus Pompeia: 25 anos de compromisso com a educa\u00e7\u00e3o de excel\u00eancia - Blog S\u00e3o Camilo<\/title>\n<meta name=\"description\" content=\"O Campus Pompeia do Centro Universit\u00e1rio S\u00e3o Camilo comemora um marco significativo: 25 anos de dedica\u00e7\u00e3o ao ensino, pesquisa e servi\u00e7o \u00e0 comunidade.\" \/>\n<meta name=\"robots\" content=\"index, follow, max-snippet:-1, max-image-preview:large, max-video-preview:-1\" \/>\n<link rel=\"canonical\" href=\"https:\/\/blog.saocamilo-sp.br\/index.php\/2024\/04\/07\/campus-pompeia-25-anos-de-compromisso-com-a-educacao-de-excelencia\/\" \/>\n<meta property=\"og:locale\" content=\"pt_BR\" \/>\n<meta property=\"og:type\" content=\"article\" \/>\n<meta property=\"og:title\" content=\"Campus Pompeia: 25 anos de compromisso com a educa\u00e7\u00e3o de excel\u00eancia - Blog S\u00e3o Camilo\" \/>\n<meta property=\"og:description\" content=\"O Campus Pompeia do Centro Universit\u00e1rio S\u00e3o Camilo comemora um marco significativo: 25 anos de dedica\u00e7\u00e3o ao ensino, pesquisa e servi\u00e7o \u00e0 comunidade.\" \/>\n<meta property=\"og:url\" content=\"https:\/\/blog.saocamilo-sp.br\/index.php\/2024\/04\/07\/campus-pompeia-25-anos-de-compromisso-com-a-educacao-de-excelencia\/\" \/>\n<meta property=\"og:site_name\" content=\"Blog S\u00e3o Camilo\" \/>\n<meta property=\"article:publisher\" content=\"https:\/\/www.facebook.com\/saocamilosp\" \/>\n<meta property=\"article:published_time\" content=\"2024-04-07T18:11:30+00:00\" \/>\n<meta property=\"article:modified_time\" content=\"2024-04-07T18:18:33+00:00\" \/>\n<meta property=\"og:image\" content=\"https:\/\/blog.saocamilo-sp.br\/wp-content\/uploads\/2024\/04\/capa_pompeia.png\" \/>\n\t<meta property=\"og:image:width\" content=\"600\" \/>\n\t<meta property=\"og:image:height\" content=\"431\" \/>\n\t<meta property=\"og:image:type\" content=\"image\/png\" \/>\n<meta name=\"author\" content=\"Leandro Lafr\u00e1gola\" \/>\n<meta name=\"twitter:card\" content=\"summary_large_image\" \/>\n<meta name=\"twitter:creator\" content=\"@saocamilosp\" \/>\n<meta name=\"twitter:site\" content=\"@saocamilosp\" \/>\n<meta name=\"twitter:label1\" content=\"Escrito por\" \/>\n\t<meta name=\"twitter:data1\" content=\"Leandro Lafr\u00e1gola\" \/>\n\t<meta name=\"twitter:label2\" content=\"Est. tempo de leitura\" \/>\n\t<meta name=\"twitter:data2\" content=\"5 minutos\" \/>\n<script type=\"application\/ld+json\" class=\"yoast-schema-graph\">{\"@context\":\"https:\\\/\\\/schema.org\",\"@graph\":[{\"@type\":\"Article\",\"@id\":\"https:\\\/\\\/blog.saocamilo-sp.br\\\/index.php\\\/2024\\\/04\\\/07\\\/campus-pompeia-25-anos-de-compromisso-com-a-educacao-de-excelencia\\\/#article\",\"isPartOf\":{\"@id\":\"https:\\\/\\\/blog.saocamilo-sp.br\\\/index.php\\\/2024\\\/04\\\/07\\\/campus-pompeia-25-anos-de-compromisso-com-a-educacao-de-excelencia\\\/\"},\"author\":{\"name\":\"Leandro Lafr\u00e1gola\",\"@id\":\"https:\\\/\\\/blog.saocamilo-sp.br\\\/#\\\/schema\\\/person\\\/1a99645faaab0bb55105f817e866e19b\"},\"headline\":\"Campus Pompeia: 25 anos de compromisso com a educa\u00e7\u00e3o de excel\u00eancia\",\"datePublished\":\"2024-04-07T18:11:30+00:00\",\"dateModified\":\"2024-04-07T18:18:33+00:00\",\"mainEntityOfPage\":{\"@id\":\"https:\\\/\\\/blog.saocamilo-sp.br\\\/index.php\\\/2024\\\/04\\\/07\\\/campus-pompeia-25-anos-de-compromisso-com-a-educacao-de-excelencia\\\/\"},\"wordCount\":681,\"commentCount\":0,\"publisher\":{\"@id\":\"https:\\\/\\\/blog.saocamilo-sp.br\\\/#organization\"},\"image\":{\"@id\":\"https:\\\/\\\/blog.saocamilo-sp.br\\\/index.php\\\/2024\\\/04\\\/07\\\/campus-pompeia-25-anos-de-compromisso-com-a-educacao-de-excelencia\\\/#primaryimage\"},\"thumbnailUrl\":\"https:\\\/\\\/blog.saocamilo-sp.br\\\/wp-content\\\/uploads\\\/2024\\\/04\\\/capa_pompeia.png\",\"keywords\":[\"Campus Pompeia\"],\"articleSection\":[\"Institucional\"],\"inLanguage\":\"pt-BR\",\"potentialAction\":[{\"@type\":\"CommentAction\",\"name\":\"Comment\",\"target\":[\"https:\\\/\\\/blog.saocamilo-sp.br\\\/index.php\\\/2024\\\/04\\\/07\\\/campus-pompeia-25-anos-de-compromisso-com-a-educacao-de-excelencia\\\/#respond\"]}]},{\"@type\":\"WebPage\",\"@id\":\"https:\\\/\\\/blog.saocamilo-sp.br\\\/index.php\\\/2024\\\/04\\\/07\\\/campus-pompeia-25-anos-de-compromisso-com-a-educacao-de-excelencia\\\/\",\"url\":\"https:\\\/\\\/blog.saocamilo-sp.br\\\/index.php\\\/2024\\\/04\\\/07\\\/campus-pompeia-25-anos-de-compromisso-com-a-educacao-de-excelencia\\\/\",\"name\":\"Campus Pompeia: 25 anos de compromisso com a educa\u00e7\u00e3o de excel\u00eancia - Blog S\u00e3o Camilo\",\"isPartOf\":{\"@id\":\"https:\\\/\\\/blog.saocamilo-sp.br\\\/#website\"},\"primaryImageOfPage\":{\"@id\":\"https:\\\/\\\/blog.saocamilo-sp.br\\\/index.php\\\/2024\\\/04\\\/07\\\/campus-pompeia-25-anos-de-compromisso-com-a-educacao-de-excelencia\\\/#primaryimage\"},\"image\":{\"@id\":\"https:\\\/\\\/blog.saocamilo-sp.br\\\/index.php\\\/2024\\\/04\\\/07\\\/campus-pompeia-25-anos-de-compromisso-com-a-educacao-de-excelencia\\\/#primaryimage\"},\"thumbnailUrl\":\"https:\\\/\\\/blog.saocamilo-sp.br\\\/wp-content\\\/uploads\\\/2024\\\/04\\\/capa_pompeia.png\",\"datePublished\":\"2024-04-07T18:11:30+00:00\",\"dateModified\":\"2024-04-07T18:18:33+00:00\",\"description\":\"O Campus Pompeia do Centro Universit\u00e1rio S\u00e3o Camilo comemora um marco significativo: 25 anos de dedica\u00e7\u00e3o ao ensino, pesquisa e servi\u00e7o \u00e0 comunidade.\",\"breadcrumb\":{\"@id\":\"https:\\\/\\\/blog.saocamilo-sp.br\\\/index.php\\\/2024\\\/04\\\/07\\\/campus-pompeia-25-anos-de-compromisso-com-a-educacao-de-excelencia\\\/#breadcrumb\"},\"inLanguage\":\"pt-BR\",\"potentialAction\":[{\"@type\":\"ReadAction\",\"target\":[\"https:\\\/\\\/blog.saocamilo-sp.br\\\/index.php\\\/2024\\\/04\\\/07\\\/campus-pompeia-25-anos-de-compromisso-com-a-educacao-de-excelencia\\\/\"]}]},{\"@type\":\"BreadcrumbList\",\"@id\":\"https:\\\/\\\/blog.saocamilo-sp.br\\\/index.php\\\/2024\\\/04\\\/07\\\/campus-pompeia-25-anos-de-compromisso-com-a-educacao-de-excelencia\\\/#breadcrumb\",\"itemListElement\":[{\"@type\":\"ListItem\",\"position\":1,\"name\":\"In\u00edcio\",\"item\":\"https:\\\/\\\/blog.saocamilo-sp.br\\\/\"},{\"@type\":\"ListItem\",\"position\":2,\"name\":\"Campus Pompeia: 25 anos de compromisso com a educa\u00e7\u00e3o de excel\u00eancia\"}]},{\"@type\":\"WebSite\",\"@id\":\"https:\\\/\\\/blog.saocamilo-sp.br\\\/#website\",\"url\":\"https:\\\/\\\/blog.saocamilo-sp.br\\\/\",\"name\":\"Blog S\u00e3o Camilo\",\"description\":\"Blog do Centro Universit\u00e1rio S\u00e3o Camilo\",\"publisher\":{\"@id\":\"https:\\\/\\\/blog.saocamilo-sp.br\\\/#organization\"},\"potentialAction\":[{\"@type\":\"SearchAction\",\"target\":{\"@type\":\"EntryPoint\",\"urlTemplate\":\"https:\\\/\\\/blog.saocamilo-sp.br\\\/?s={search_term_string}\"},\"query-input\":{\"@type\":\"PropertyValueSpecification\",\"valueRequired\":true,\"valueName\":\"search_term_string\"}}],\"inLanguage\":\"pt-BR\"},{\"@type\":\"Organization\",\"@id\":\"https:\\\/\\\/blog.saocamilo-sp.br\\\/#organization\",\"name\":\"Blog S\u00e3o Camilo\",\"url\":\"https:\\\/\\\/blog.saocamilo-sp.br\\\/\",\"logo\":{\"@type\":\"ImageObject\",\"inLanguage\":\"pt-BR\",\"@id\":\"https:\\\/\\\/blog.saocamilo-sp.br\\\/#\\\/schema\\\/logo\\\/image\\\/\",\"url\":\"https:\\\/\\\/blog.saocamilo-sp.br\\\/wp-content\\\/uploads\\\/2021\\\/12\\\/cropped-vazio-logo-topo.png\",\"contentUrl\":\"https:\\\/\\\/blog.saocamilo-sp.br\\\/wp-content\\\/uploads\\\/2021\\\/12\\\/cropped-vazio-logo-topo.png\",\"width\":320,\"height\":240,\"caption\":\"Blog S\u00e3o Camilo\"},\"image\":{\"@id\":\"https:\\\/\\\/blog.saocamilo-sp.br\\\/#\\\/schema\\\/logo\\\/image\\\/\"},\"sameAs\":[\"https:\\\/\\\/www.facebook.com\\\/saocamilosp\",\"https:\\\/\\\/x.com\\\/saocamilosp\",\"https:\\\/\\\/www.linkedin.com\\\/school\\\/centro-universit-rio-s-o-camilo\\\/\"]},{\"@type\":\"Person\",\"@id\":\"https:\\\/\\\/blog.saocamilo-sp.br\\\/#\\\/schema\\\/person\\\/1a99645faaab0bb55105f817e866e19b\",\"name\":\"Leandro Lafr\u00e1gola\",\"image\":{\"@type\":\"ImageObject\",\"inLanguage\":\"pt-BR\",\"@id\":\"https:\\\/\\\/secure.gravatar.com\\\/avatar\\\/ec4232fb8d50d80f1c672353dc4c2876490e6a0a2a33d6572c0ba1fb78f115cf?s=96&d=mm&r=g\",\"url\":\"https:\\\/\\\/secure.gravatar.com\\\/avatar\\\/ec4232fb8d50d80f1c672353dc4c2876490e6a0a2a33d6572c0ba1fb78f115cf?s=96&d=mm&r=g\",\"contentUrl\":\"https:\\\/\\\/secure.gravatar.com\\\/avatar\\\/ec4232fb8d50d80f1c672353dc4c2876490e6a0a2a33d6572c0ba1fb78f115cf?s=96&d=mm&r=g\",\"caption\":\"Leandro Lafr\u00e1gola\"},\"url\":\"https:\\\/\\\/blog.saocamilo-sp.br\\\/index.php\\\/author\\\/llafragola\\\/\"}]}<\/script>\n<!-- \/ Yoast SEO plugin. -->","yoast_head_json":{"title":"Campus Pompeia: 25 anos de compromisso com a educa\u00e7\u00e3o de excel\u00eancia - Blog S\u00e3o Camilo","description":"O Campus Pompeia do Centro Universit\u00e1rio S\u00e3o Camilo comemora um marco significativo: 25 anos de dedica\u00e7\u00e3o ao ensino, pesquisa e servi\u00e7o \u00e0 comunidade.","robots":{"index":"index","follow":"follow","max-snippet":"max-snippet:-1","max-image-preview":"max-image-preview:large","max-video-preview":"max-video-preview:-1"},"canonical":"https:\/\/blog.saocamilo-sp.br\/index.php\/2024\/04\/07\/campus-pompeia-25-anos-de-compromisso-com-a-educacao-de-excelencia\/","og_locale":"pt_BR","og_type":"article","og_title":"Campus Pompeia: 25 anos de compromisso com a educa\u00e7\u00e3o de excel\u00eancia - Blog S\u00e3o Camilo","og_description":"O Campus Pompeia do Centro Universit\u00e1rio S\u00e3o Camilo comemora um marco significativo: 25 anos de dedica\u00e7\u00e3o ao ensino, pesquisa e servi\u00e7o \u00e0 comunidade.","og_url":"https:\/\/blog.saocamilo-sp.br\/index.php\/2024\/04\/07\/campus-pompeia-25-anos-de-compromisso-com-a-educacao-de-excelencia\/","og_site_name":"Blog S\u00e3o Camilo","article_publisher":"https:\/\/www.facebook.com\/saocamilosp","article_published_time":"2024-04-07T18:11:30+00:00","article_modified_time":"2024-04-07T18:18:33+00:00","og_image":[{"width":600,"height":431,"url":"https:\/\/blog.saocamilo-sp.br\/wp-content\/uploads\/2024\/04\/capa_pompeia.png","type":"image\/png"}],"author":"Leandro Lafr\u00e1gola","twitter_card":"summary_large_image","twitter_creator":"@saocamilosp","twitter_site":"@saocamilosp","twitter_misc":{"Escrito por":"Leandro Lafr\u00e1gola","Est. tempo de leitura":"5 minutos"},"schema":{"@context":"https:\/\/schema.org","@graph":[{"@type":"Article","@id":"https:\/\/blog.saocamilo-sp.br\/index.php\/2024\/04\/07\/campus-pompeia-25-anos-de-compromisso-com-a-educacao-de-excelencia\/#article","isPartOf":{"@id":"https:\/\/blog.saocamilo-sp.br\/index.php\/2024\/04\/07\/campus-pompeia-25-anos-de-compromisso-com-a-educacao-de-excelencia\/"},"author":{"name":"Leandro Lafr\u00e1gola","@id":"https:\/\/blog.saocamilo-sp.br\/#\/schema\/person\/1a99645faaab0bb55105f817e866e19b"},"headline":"Campus Pompeia: 25 anos de compromisso com a educa\u00e7\u00e3o de excel\u00eancia","datePublished":"2024-04-07T18:11:30+00:00","dateModified":"2024-04-07T18:18:33+00:00","mainEntityOfPage":{"@id":"https:\/\/blog.saocamilo-sp.br\/index.php\/2024\/04\/07\/campus-pompeia-25-anos-de-compromisso-com-a-educacao-de-excelencia\/"},"wordCount":681,"commentCount":0,"publisher":{"@id":"https:\/\/blog.saocamilo-sp.br\/#organization"},"image":{"@id":"https:\/\/blog.saocamilo-sp.br\/index.php\/2024\/04\/07\/campus-pompeia-25-anos-de-compromisso-com-a-educacao-de-excelencia\/#primaryimage"},"thumbnailUrl":"https:\/\/blog.saocamilo-sp.br\/wp-content\/uploads\/2024\/04\/capa_pompeia.png","keywords":["Campus Pompeia"],"articleSection":["Institucional"],"inLanguage":"pt-BR","potentialAction":[{"@type":"CommentAction","name":"Comment","target":["https:\/\/blog.saocamilo-sp.br\/index.php\/2024\/04\/07\/campus-pompeia-25-anos-de-compromisso-com-a-educacao-de-excelencia\/#respond"]}]},{"@type":"WebPage","@id":"https:\/\/blog.saocamilo-sp.br\/index.php\/2024\/04\/07\/campus-pompeia-25-anos-de-compromisso-com-a-educacao-de-excelencia\/","url":"https:\/\/blog.saocamilo-sp.br\/index.php\/2024\/04\/07\/campus-pompeia-25-anos-de-compromisso-com-a-educacao-de-excelencia\/","name":"Campus Pompeia: 25 anos de compromisso com a educa\u00e7\u00e3o de excel\u00eancia - Blog S\u00e3o Camilo","isPartOf":{"@id":"https:\/\/blog.saocamilo-sp.br\/#website"},"primaryImageOfPage":{"@id":"https:\/\/blog.saocamilo-sp.br\/index.php\/2024\/04\/07\/campus-pompeia-25-anos-de-compromisso-com-a-educacao-de-excelencia\/#primaryimage"},"image":{"@id":"https:\/\/blog.saocamilo-sp.br\/index.php\/2024\/04\/07\/campus-pompeia-25-anos-de-compromisso-com-a-educacao-de-excelencia\/#primaryimage"},"thumbnailUrl":"https:\/\/blog.saocamilo-sp.br\/wp-content\/uploads\/2024\/04\/capa_pompeia.png","datePublished":"2024-04-07T18:11:30+00:00","dateModified":"2024-04-07T18:18:33+00:00","description":"O Campus Pompeia do Centro Universit\u00e1rio S\u00e3o Camilo comemora um marco significativo: 25 anos de dedica\u00e7\u00e3o ao ensino, pesquisa e servi\u00e7o \u00e0 comunidade.","breadcrumb":{"@id":"https:\/\/blog.saocamilo-sp.br\/index.php\/2024\/04\/07\/campus-pompeia-25-anos-de-compromisso-com-a-educacao-de-excelencia\/#breadcrumb"},"inLanguage":"pt-BR","potentialAction":[{"@type":"ReadAction","target":["https:\/\/blog.saocamilo-sp.br\/index.php\/2024\/04\/07\/campus-pompeia-25-anos-de-compromisso-com-a-educacao-de-excelencia\/"]}]},{"@type":"BreadcrumbList","@id":"https:\/\/blog.saocamilo-sp.br\/index.php\/2024\/04\/07\/campus-pompeia-25-anos-de-compromisso-com-a-educacao-de-excelencia\/#breadcrumb","itemListElement":[{"@type":"ListItem","position":1,"name":"In\u00edcio","item":"https:\/\/blog.saocamilo-sp.br\/"},{"@type":"ListItem","position":2,"name":"Campus Pompeia: 25 anos de compromisso com a educa\u00e7\u00e3o de excel\u00eancia"}]},{"@type":"WebSite","@id":"https:\/\/blog.saocamilo-sp.br\/#website","url":"https:\/\/blog.saocamilo-sp.br\/","name":"Blog S\u00e3o Camilo","description":"Blog do Centro Universit\u00e1rio S\u00e3o Camilo","publisher":{"@id":"https:\/\/blog.saocamilo-sp.br\/#organization"},"potentialAction":[{"@type":"SearchAction","target":{"@type":"EntryPoint","urlTemplate":"https:\/\/blog.saocamilo-sp.br\/?s={search_term_string}"},"query-input":{"@type":"PropertyValueSpecification","valueRequired":true,"valueName":"search_term_string"}}],"inLanguage":"pt-BR"},{"@type":"Organization","@id":"https:\/\/blog.saocamilo-sp.br\/#organization","name":"Blog S\u00e3o Camilo","url":"https:\/\/blog.saocamilo-sp.br\/","logo":{"@type":"ImageObject","inLanguage":"pt-BR","@id":"https:\/\/blog.saocamilo-sp.br\/#\/schema\/logo\/image\/","url":"https:\/\/blog.saocamilo-sp.br\/wp-content\/uploads\/2021\/12\/cropped-vazio-logo-topo.png","contentUrl":"https:\/\/blog.saocamilo-sp.br\/wp-content\/uploads\/2021\/12\/cropped-vazio-logo-topo.png","width":320,"height":240,"caption":"Blog S\u00e3o Camilo"},"image":{"@id":"https:\/\/blog.saocamilo-sp.br\/#\/schema\/logo\/image\/"},"sameAs":["https:\/\/www.facebook.com\/saocamilosp","https:\/\/x.com\/saocamilosp","https:\/\/www.linkedin.com\/school\/centro-universit-rio-s-o-camilo\/"]},{"@type":"Person","@id":"https:\/\/blog.saocamilo-sp.br\/#\/schema\/person\/1a99645faaab0bb55105f817e866e19b","name":"Leandro Lafr\u00e1gola","image":{"@type":"ImageObject","inLanguage":"pt-BR","@id":"https:\/\/secure.gravatar.com\/avatar\/ec4232fb8d50d80f1c672353dc4c2876490e6a0a2a33d6572c0ba1fb78f115cf?s=96&d=mm&r=g","url":"https:\/\/secure.gravatar.com\/avatar\/ec4232fb8d50d80f1c672353dc4c2876490e6a0a2a33d6572c0ba1fb78f115cf?s=96&d=mm&r=g","contentUrl":"https:\/\/secure.gravatar.com\/avatar\/ec4232fb8d50d80f1c672353dc4c2876490e6a0a2a33d6572c0ba1fb78f115cf?s=96&d=mm&r=g","caption":"Leandro Lafr\u00e1gola"},"url":"https:\/\/blog.saocamilo-sp.br\/index.php\/author\/llafragola\/"}]}},"_links":{"self":[{"href":"https:\/\/blog.saocamilo-sp.br\/index.php\/wp-json\/wp\/v2\/posts\/2425","targetHints":{"allow":["GET"]}}],"collection":[{"href":"https:\/\/blog.saocamilo-sp.br\/index.php\/wp-json\/wp\/v2\/posts"}],"about":[{"href":"https:\/\/blog.saocamilo-sp.br\/index.php\/wp-json\/wp\/v2\/types\/post"}],"author":[{"embeddable":true,"href":"https:\/\/blog.saocamilo-sp.br\/index.php\/wp-json\/wp\/v2\/users\/13"}],"replies":[{"embeddable":true,"href":"https:\/\/blog.saocamilo-sp.br\/index.php\/wp-json\/wp\/v2\/comments?post=2425"}],"version-history":[{"count":4,"href":"https:\/\/blog.saocamilo-sp.br\/index.php\/wp-json\/wp\/v2\/posts\/2425\/revisions"}],"predecessor-version":[{"id":2440,"href":"https:\/\/blog.saocamilo-sp.br\/index.php\/wp-json\/wp\/v2\/posts\/2425\/revisions\/2440"}],"wp:featuredmedia":[{"embeddable":true,"href":"https:\/\/blog.saocamilo-sp.br\/index.php\/wp-json\/wp\/v2\/media\/2426"}],"wp:attachment":[{"href":"https:\/\/blog.saocamilo-sp.br\/index.php\/wp-json\/wp\/v2\/media?parent=2425"}],"wp:term":[{"taxonomy":"category","embeddable":true,"href":"https:\/\/blog.saocamilo-sp.br\/index.php\/wp-json\/wp\/v2\/categories?post=2425"},{"taxonomy":"post_tag","embeddable":true,"href":"https:\/\/blog.saocamilo-sp.br\/index.php\/wp-json\/wp\/v2\/tags?post=2425"}],"curies":[{"name":"wp","href":"https:\/\/api.w.org\/{rel}","templated":true}]}}