{"id":2441,"date":"2024-04-19T09:32:40","date_gmt":"2024-04-19T12:32:40","guid":{"rendered":"https:\/\/blog.saocamilo-sp.br\/?p=2441"},"modified":"2024-05-16T12:42:44","modified_gmt":"2024-05-16T15:42:44","slug":"dia-mundial-da-educacao","status":"publish","type":"post","link":"https:\/\/blog.saocamilo-sp.br\/index.php\/2024\/04\/19\/dia-mundial-da-educacao\/","title":{"rendered":"O Dia da Educa\u00e7\u00e3o e o direito fundamental ao ensino de qualidade"},"content":{"rendered":"\n<p>O Dia Mundial da Educa\u00e7\u00e3o, institu\u00eddo pela UNESCO em 2000 durante o F\u00f3rum Mundial de Educa\u00e7\u00e3o em Dakar, Senegal, \u00e9 uma ocasi\u00e3o importante para destacar a relev\u00e2ncia da educa\u00e7\u00e3o como um direito humano fundamental. Neste artigo, elaborado com o auxilio da Profa. Luciane Pedro, Coordenadora do curso de Pedagogia do Centro Universit\u00e1rio S\u00e3o Camilo, vamos explorar o papel transformador da educa\u00e7\u00e3o, os desafios do acesso universal \u00e0 educa\u00e7\u00e3o de qualidade e a realidade educacional no contexto brasileiro.<\/p>\n\n\n\n<h3 class=\"wp-block-heading\"><strong>O Papel Transformador da Educa\u00e7\u00e3o<\/strong><\/h3>\n\n\n\n<p>A educa\u00e7\u00e3o desempenha um papel ineg\u00e1vel na transforma\u00e7\u00e3o das vidas das pessoas e das sociedades. \u00c9 uma ferramenta poderosa para promover a paz, o desenvolvimento e a igualdade, independentemente de origem, g\u00eanero, idade ou condi\u00e7\u00e3o socioecon\u00f4mica.<\/p>\n\n\n\n<h3 class=\"wp-block-heading\"><strong>Avan\u00e7os e Obst\u00e1culos<\/strong><\/h3>\n\n\n\n<p>O Dia Mundial da Educa\u00e7\u00e3o nos convida a refletir sobre os avan\u00e7os j\u00e1 alcan\u00e7ados e os obst\u00e1culos que ainda enfrentamos. No contexto brasileiro, \u00e9 essencial considerar a realidade do nosso pa\u00eds e trabalhar para eliminar as disparidades educacionais.<\/p>\n\n\n\n<h3 class=\"wp-block-heading\"><strong>Compromisso com a Educa\u00e7\u00e3o de Qualidade<\/strong><\/h3>\n\n\n\n<p>Ao celebrar o Dia Mundial da Educa\u00e7\u00e3o, \u00e9 crucial renovar nosso compromisso com um futuro onde a educa\u00e7\u00e3o de qualidade seja acess\u00edvel a todos. Atrav\u00e9s de esfor\u00e7os cont\u00ednuos, podemos superar os desafios e promover uma sociedade mais justa e igualit\u00e1ria para as gera\u00e7\u00f5es futuras.<\/p>\n\n\n\n<blockquote class=\"wp-block-quote is-layout-flow wp-block-quote-is-layout-flow\">\n<p>Neste dia, reafirmamos nosso compromisso com uma educa\u00e7\u00e3o que seja verdadeiramente um direito para todos e todas. A equipe do curso de Pedagogia do Centro Universit\u00e1rio S\u00e3o Camilo se une a essa causa, renovando nosso compromisso com um futuro mais justo e igualit\u00e1rio para todos e todas.<\/p>\n<cite>profa. Luciane Pedro<\/cite><\/blockquote>\n\n\n\n<h3 class=\"wp-block-heading\">A import\u00e2ncia da pedagogia no mundo da educa\u00e7\u00e3o<\/h3>\n\n\n\n<p>O curso de <a href=\"https:\/\/saocamilo-sp.br\/graduacao\/a_distancia\/pedagogia\" target=\"_blank\" rel=\"noreferrer noopener\">Pedagogia EAD<\/a> do <a href=\"https:\/\/saocamilo-sp.br\/\" target=\"_blank\" rel=\"noreferrer noopener\">Centro Universit\u00e1rio S\u00e3o Camilo<\/a> oferece uma forma\u00e7\u00e3o completa para quem deseja atuar na \u00e1rea da educa\u00e7\u00e3o. A import\u00e2ncia da modalidade EAD permite que os alunos tenham flexibilidade de hor\u00e1rios, podendo conciliar os estudos com outras atividades. O curso aborda temas relevantes para a pr\u00e1tica pedag\u00f3gica, preparando os futuros profissionais para atuarem em diferentes contextos educacionais. Al\u00e9m disso, o Centro Universit\u00e1rio S\u00e3o Camilo conta com uma equipe de professores qualificados e uma estrutura que visa proporcionar uma forma\u00e7\u00e3o de qualidade aos seus estudantes.<br><br><strong>Veja tamb\u00e9m:<\/strong><\/p>\n\n\n\n<ul class=\"wp-block-list\">\n<li><a href=\"https:\/\/blog.saocamilo-sp.br\/index.php\/2023\/05\/19\/profissao-de-pedagogo-curiosidades-profissao\/\">Pedagogo: confira cinco curiosidades sobre esta profiss\u00e3o<\/a><\/li>\n\n\n\n<li><a href=\"https:\/\/blog.saocamilo-sp.br\/index.php\/2024\/01\/09\/ferias-escolares-dicas-para-pais-brincarem-com-filhos-tendo-diversao\/\">F\u00e9rias escolares: dicas para pais brincarem com filhos tendo divers\u00e3o<\/a><\/li>\n\n\n\n<li><a href=\"https:\/\/blog.saocamilo-sp.br\/index.php\/2022\/01\/18\/como-funciona-um-curso-ead\/\">Como funciona um curso EaD?<\/a><\/li>\n\n\n\n<li><a href=\"https:\/\/blog.saocamilo-sp.br\/index.php\/2024\/05\/07\/sao-camilo-2\/\">Centro Universit\u00e1rio S\u00e3o Camilo \u2013 SP abre inscri\u00e7\u00f5es para Vestibular 2024.2<\/a><\/li>\n<\/ul>\n\n\n\n<p><\/p>\n\n\n\n<p>Saiba mais sobre nossos cursos:<\/p>\n\n\n\n<iframe loading=\"lazy\" src=\"https:\/\/saocamilo.apprbs.com.br\/tenho-interesse-blog\" height=\"530px\" width=\"100%\" frameborder=\"0\"><\/iframe>\n\n\n\n<p>Compartilhe em:<\/p>\n\n\n\n\n\n<p><\/p>\n","protected":false},"excerpt":{"rendered":"<p>O Dia Mundial da Educa\u00e7\u00e3o foi institu\u00eddo pela UNESCO em 2000 durante o F\u00f3rum Mundial de Educa\u00e7\u00e3o em Dakar, Senegal.<\/p>\n","protected":false},"author":4,"featured_media":2444,"comment_status":"open","ping_status":"open","sticky":false,"template":"","format":"standard","meta":{"cybocfi_hide_featured_image":"","footnotes":""},"categories":[1,82],"tags":[35,44,83],"class_list":["post-2441","post","type-post","status-publish","format-standard","has-post-thumbnail","hentry","category-cursos","category-pedagogia","tag-ead","tag-educacao","tag-pedagogia"],"yoast_head":"<!-- This site is optimized with the Yoast SEO plugin v27.5 - https:\/\/yoast.com\/product\/yoast-seo-wordpress\/ -->\n<title>O Dia da Educa\u00e7\u00e3o e o direito fundamental ao ensino de qualidade - Blog S\u00e3o Camilo<\/title>\n<meta name=\"description\" content=\"O Dia Mundial da Educa\u00e7\u00e3o foi institu\u00eddo pela UNESCO em 2000 durante o F\u00f3rum Mundial de Educa\u00e7\u00e3o em Dakar, Senegal.\" \/>\n<meta name=\"robots\" content=\"index, follow, max-snippet:-1, max-image-preview:large, max-video-preview:-1\" \/>\n<link rel=\"canonical\" href=\"https:\/\/blog.saocamilo-sp.br\/index.php\/2024\/04\/19\/dia-mundial-da-educacao\/\" \/>\n<meta property=\"og:locale\" content=\"pt_BR\" \/>\n<meta property=\"og:type\" content=\"article\" \/>\n<meta property=\"og:title\" content=\"O Dia da Educa\u00e7\u00e3o e o direito fundamental ao ensino de qualidade - Blog S\u00e3o Camilo\" \/>\n<meta property=\"og:description\" content=\"O Dia Mundial da Educa\u00e7\u00e3o foi institu\u00eddo pela UNESCO em 2000 durante o F\u00f3rum Mundial de Educa\u00e7\u00e3o em Dakar, Senegal.\" \/>\n<meta property=\"og:url\" content=\"https:\/\/blog.saocamilo-sp.br\/index.php\/2024\/04\/19\/dia-mundial-da-educacao\/\" \/>\n<meta property=\"og:site_name\" content=\"Blog S\u00e3o Camilo\" \/>\n<meta property=\"article:publisher\" content=\"https:\/\/www.facebook.com\/saocamilosp\" \/>\n<meta property=\"article:published_time\" content=\"2024-04-19T12:32:40+00:00\" \/>\n<meta property=\"article:modified_time\" content=\"2024-05-16T15:42:44+00:00\" \/>\n<meta property=\"og:image\" content=\"https:\/\/blog.saocamilo-sp.br\/wp-content\/uploads\/2024\/04\/o-professor-que-consegue-aplicar-5c010d0da5158.png\" \/>\n\t<meta property=\"og:image:width\" content=\"600\" \/>\n\t<meta property=\"og:image:height\" content=\"400\" \/>\n\t<meta property=\"og:image:type\" content=\"image\/png\" \/>\n<meta name=\"author\" content=\"Lucas Soares Gon\u00e7alves\" \/>\n<meta name=\"twitter:card\" content=\"summary_large_image\" \/>\n<meta name=\"twitter:creator\" content=\"@saocamilosp\" \/>\n<meta name=\"twitter:site\" content=\"@saocamilosp\" \/>\n<meta name=\"twitter:label1\" content=\"Escrito por\" \/>\n\t<meta name=\"twitter:data1\" content=\"Lucas Soares Gon\u00e7alves\" \/>\n\t<meta name=\"twitter:label2\" content=\"Est. tempo de leitura\" \/>\n\t<meta name=\"twitter:data2\" content=\"2 minutos\" \/>\n<script type=\"application\/ld+json\" class=\"yoast-schema-graph\">{\"@context\":\"https:\\\/\\\/schema.org\",\"@graph\":[{\"@type\":\"Article\",\"@id\":\"https:\\\/\\\/blog.saocamilo-sp.br\\\/index.php\\\/2024\\\/04\\\/19\\\/dia-mundial-da-educacao\\\/#article\",\"isPartOf\":{\"@id\":\"https:\\\/\\\/blog.saocamilo-sp.br\\\/index.php\\\/2024\\\/04\\\/19\\\/dia-mundial-da-educacao\\\/\"},\"author\":{\"name\":\"Lucas Soares Gon\u00e7alves\",\"@id\":\"https:\\\/\\\/blog.saocamilo-sp.br\\\/#\\\/schema\\\/person\\\/781135418152912d4b58f2db13a2eaf0\"},\"headline\":\"O Dia da Educa\u00e7\u00e3o e o direito fundamental ao ensino de qualidade\",\"datePublished\":\"2024-04-19T12:32:40+00:00\",\"dateModified\":\"2024-05-16T15:42:44+00:00\",\"mainEntityOfPage\":{\"@id\":\"https:\\\/\\\/blog.saocamilo-sp.br\\\/index.php\\\/2024\\\/04\\\/19\\\/dia-mundial-da-educacao\\\/\"},\"wordCount\":461,\"commentCount\":0,\"publisher\":{\"@id\":\"https:\\\/\\\/blog.saocamilo-sp.br\\\/#organization\"},\"image\":{\"@id\":\"https:\\\/\\\/blog.saocamilo-sp.br\\\/index.php\\\/2024\\\/04\\\/19\\\/dia-mundial-da-educacao\\\/#primaryimage\"},\"thumbnailUrl\":\"https:\\\/\\\/blog.saocamilo-sp.br\\\/wp-content\\\/uploads\\\/2024\\\/04\\\/o-professor-que-consegue-aplicar-5c010d0da5158.png\",\"keywords\":[\"EAD\",\"educa\u00e7\u00e3o\",\"pedagogia\"],\"articleSection\":[\"Cursos\",\"Pedagogia\"],\"inLanguage\":\"pt-BR\",\"potentialAction\":[{\"@type\":\"CommentAction\",\"name\":\"Comment\",\"target\":[\"https:\\\/\\\/blog.saocamilo-sp.br\\\/index.php\\\/2024\\\/04\\\/19\\\/dia-mundial-da-educacao\\\/#respond\"]}]},{\"@type\":\"WebPage\",\"@id\":\"https:\\\/\\\/blog.saocamilo-sp.br\\\/index.php\\\/2024\\\/04\\\/19\\\/dia-mundial-da-educacao\\\/\",\"url\":\"https:\\\/\\\/blog.saocamilo-sp.br\\\/index.php\\\/2024\\\/04\\\/19\\\/dia-mundial-da-educacao\\\/\",\"name\":\"O Dia da Educa\u00e7\u00e3o e o direito fundamental ao ensino de qualidade - Blog S\u00e3o Camilo\",\"isPartOf\":{\"@id\":\"https:\\\/\\\/blog.saocamilo-sp.br\\\/#website\"},\"primaryImageOfPage\":{\"@id\":\"https:\\\/\\\/blog.saocamilo-sp.br\\\/index.php\\\/2024\\\/04\\\/19\\\/dia-mundial-da-educacao\\\/#primaryimage\"},\"image\":{\"@id\":\"https:\\\/\\\/blog.saocamilo-sp.br\\\/index.php\\\/2024\\\/04\\\/19\\\/dia-mundial-da-educacao\\\/#primaryimage\"},\"thumbnailUrl\":\"https:\\\/\\\/blog.saocamilo-sp.br\\\/wp-content\\\/uploads\\\/2024\\\/04\\\/o-professor-que-consegue-aplicar-5c010d0da5158.png\",\"datePublished\":\"2024-04-19T12:32:40+00:00\",\"dateModified\":\"2024-05-16T15:42:44+00:00\",\"description\":\"O Dia Mundial da Educa\u00e7\u00e3o foi institu\u00eddo pela UNESCO em 2000 durante o F\u00f3rum Mundial de Educa\u00e7\u00e3o em Dakar, Senegal.\",\"breadcrumb\":{\"@id\":\"https:\\\/\\\/blog.saocamilo-sp.br\\\/index.php\\\/2024\\\/04\\\/19\\\/dia-mundial-da-educacao\\\/#breadcrumb\"},\"inLanguage\":\"pt-BR\",\"potentialAction\":[{\"@type\":\"ReadAction\",\"target\":[\"https:\\\/\\\/blog.saocamilo-sp.br\\\/index.php\\\/2024\\\/04\\\/19\\\/dia-mundial-da-educacao\\\/\"]}]},{\"@type\":\"ImageObject\",\"inLanguage\":\"pt-BR\",\"@id\":\"https:\\\/\\\/blog.saocamilo-sp.br\\\/index.php\\\/2024\\\/04\\\/19\\\/dia-mundial-da-educacao\\\/#primaryimage\",\"url\":\"https:\\\/\\\/blog.saocamilo-sp.br\\\/wp-content\\\/uploads\\\/2024\\\/04\\\/o-professor-que-consegue-aplicar-5c010d0da5158.png\",\"contentUrl\":\"https:\\\/\\\/blog.saocamilo-sp.br\\\/wp-content\\\/uploads\\\/2024\\\/04\\\/o-professor-que-consegue-aplicar-5c010d0da5158.png\",\"width\":600,\"height\":400,\"caption\":\"Dia Mundial da Educa\u00e7\u00e3o: Neste texto, vamos explorar o papel transformador da educa\u00e7\u00e3o, os desafios do acesso universal \u00e0 educa\u00e7\u00e3o de qua...\"},{\"@type\":\"BreadcrumbList\",\"@id\":\"https:\\\/\\\/blog.saocamilo-sp.br\\\/index.php\\\/2024\\\/04\\\/19\\\/dia-mundial-da-educacao\\\/#breadcrumb\",\"itemListElement\":[{\"@type\":\"ListItem\",\"position\":1,\"name\":\"In\u00edcio\",\"item\":\"https:\\\/\\\/blog.saocamilo-sp.br\\\/\"},{\"@type\":\"ListItem\",\"position\":2,\"name\":\"O Dia da Educa\u00e7\u00e3o e o direito fundamental ao ensino de qualidade\"}]},{\"@type\":\"WebSite\",\"@id\":\"https:\\\/\\\/blog.saocamilo-sp.br\\\/#website\",\"url\":\"https:\\\/\\\/blog.saocamilo-sp.br\\\/\",\"name\":\"Blog S\u00e3o Camilo\",\"description\":\"Blog do Centro Universit\u00e1rio S\u00e3o Camilo\",\"publisher\":{\"@id\":\"https:\\\/\\\/blog.saocamilo-sp.br\\\/#organization\"},\"potentialAction\":[{\"@type\":\"SearchAction\",\"target\":{\"@type\":\"EntryPoint\",\"urlTemplate\":\"https:\\\/\\\/blog.saocamilo-sp.br\\\/?s={search_term_string}\"},\"query-input\":{\"@type\":\"PropertyValueSpecification\",\"valueRequired\":true,\"valueName\":\"search_term_string\"}}],\"inLanguage\":\"pt-BR\"},{\"@type\":\"Organization\",\"@id\":\"https:\\\/\\\/blog.saocamilo-sp.br\\\/#organization\",\"name\":\"Blog S\u00e3o Camilo\",\"url\":\"https:\\\/\\\/blog.saocamilo-sp.br\\\/\",\"logo\":{\"@type\":\"ImageObject\",\"inLanguage\":\"pt-BR\",\"@id\":\"https:\\\/\\\/blog.saocamilo-sp.br\\\/#\\\/schema\\\/logo\\\/image\\\/\",\"url\":\"https:\\\/\\\/blog.saocamilo-sp.br\\\/wp-content\\\/uploads\\\/2021\\\/12\\\/cropped-vazio-logo-topo.png\",\"contentUrl\":\"https:\\\/\\\/blog.saocamilo-sp.br\\\/wp-content\\\/uploads\\\/2021\\\/12\\\/cropped-vazio-logo-topo.png\",\"width\":320,\"height\":240,\"caption\":\"Blog S\u00e3o Camilo\"},\"image\":{\"@id\":\"https:\\\/\\\/blog.saocamilo-sp.br\\\/#\\\/schema\\\/logo\\\/image\\\/\"},\"sameAs\":[\"https:\\\/\\\/www.facebook.com\\\/saocamilosp\",\"https:\\\/\\\/x.com\\\/saocamilosp\",\"https:\\\/\\\/www.linkedin.com\\\/school\\\/centro-universit-rio-s-o-camilo\\\/\"]},{\"@type\":\"Person\",\"@id\":\"https:\\\/\\\/blog.saocamilo-sp.br\\\/#\\\/schema\\\/person\\\/781135418152912d4b58f2db13a2eaf0\",\"name\":\"Lucas Soares Gon\u00e7alves\",\"image\":{\"@type\":\"ImageObject\",\"inLanguage\":\"pt-BR\",\"@id\":\"https:\\\/\\\/secure.gravatar.com\\\/avatar\\\/bcd2d703cbb48116eaac2cac8643792535238ff30b2d7ce9e16f9254ec9cae83?s=96&d=mm&r=g\",\"url\":\"https:\\\/\\\/secure.gravatar.com\\\/avatar\\\/bcd2d703cbb48116eaac2cac8643792535238ff30b2d7ce9e16f9254ec9cae83?s=96&d=mm&r=g\",\"contentUrl\":\"https:\\\/\\\/secure.gravatar.com\\\/avatar\\\/bcd2d703cbb48116eaac2cac8643792535238ff30b2d7ce9e16f9254ec9cae83?s=96&d=mm&r=g\",\"caption\":\"Lucas Soares Gon\u00e7alves\"},\"url\":\"https:\\\/\\\/blog.saocamilo-sp.br\\\/index.php\\\/author\\\/lucas-soares-goncalves\\\/\"}]}<\/script>\n<!-- \/ Yoast SEO plugin. -->","yoast_head_json":{"title":"O Dia da Educa\u00e7\u00e3o e o direito fundamental ao ensino de qualidade - Blog S\u00e3o Camilo","description":"O Dia Mundial da Educa\u00e7\u00e3o foi institu\u00eddo pela UNESCO em 2000 durante o F\u00f3rum Mundial de Educa\u00e7\u00e3o em Dakar, Senegal.","robots":{"index":"index","follow":"follow","max-snippet":"max-snippet:-1","max-image-preview":"max-image-preview:large","max-video-preview":"max-video-preview:-1"},"canonical":"https:\/\/blog.saocamilo-sp.br\/index.php\/2024\/04\/19\/dia-mundial-da-educacao\/","og_locale":"pt_BR","og_type":"article","og_title":"O Dia da Educa\u00e7\u00e3o e o direito fundamental ao ensino de qualidade - Blog S\u00e3o Camilo","og_description":"O Dia Mundial da Educa\u00e7\u00e3o foi institu\u00eddo pela UNESCO em 2000 durante o F\u00f3rum Mundial de Educa\u00e7\u00e3o em Dakar, Senegal.","og_url":"https:\/\/blog.saocamilo-sp.br\/index.php\/2024\/04\/19\/dia-mundial-da-educacao\/","og_site_name":"Blog S\u00e3o Camilo","article_publisher":"https:\/\/www.facebook.com\/saocamilosp","article_published_time":"2024-04-19T12:32:40+00:00","article_modified_time":"2024-05-16T15:42:44+00:00","og_image":[{"width":600,"height":400,"url":"https:\/\/blog.saocamilo-sp.br\/wp-content\/uploads\/2024\/04\/o-professor-que-consegue-aplicar-5c010d0da5158.png","type":"image\/png"}],"author":"Lucas Soares Gon\u00e7alves","twitter_card":"summary_large_image","twitter_creator":"@saocamilosp","twitter_site":"@saocamilosp","twitter_misc":{"Escrito por":"Lucas Soares Gon\u00e7alves","Est. tempo de leitura":"2 minutos"},"schema":{"@context":"https:\/\/schema.org","@graph":[{"@type":"Article","@id":"https:\/\/blog.saocamilo-sp.br\/index.php\/2024\/04\/19\/dia-mundial-da-educacao\/#article","isPartOf":{"@id":"https:\/\/blog.saocamilo-sp.br\/index.php\/2024\/04\/19\/dia-mundial-da-educacao\/"},"author":{"name":"Lucas Soares Gon\u00e7alves","@id":"https:\/\/blog.saocamilo-sp.br\/#\/schema\/person\/781135418152912d4b58f2db13a2eaf0"},"headline":"O Dia da Educa\u00e7\u00e3o e o direito fundamental ao ensino de qualidade","datePublished":"2024-04-19T12:32:40+00:00","dateModified":"2024-05-16T15:42:44+00:00","mainEntityOfPage":{"@id":"https:\/\/blog.saocamilo-sp.br\/index.php\/2024\/04\/19\/dia-mundial-da-educacao\/"},"wordCount":461,"commentCount":0,"publisher":{"@id":"https:\/\/blog.saocamilo-sp.br\/#organization"},"image":{"@id":"https:\/\/blog.saocamilo-sp.br\/index.php\/2024\/04\/19\/dia-mundial-da-educacao\/#primaryimage"},"thumbnailUrl":"https:\/\/blog.saocamilo-sp.br\/wp-content\/uploads\/2024\/04\/o-professor-que-consegue-aplicar-5c010d0da5158.png","keywords":["EAD","educa\u00e7\u00e3o","pedagogia"],"articleSection":["Cursos","Pedagogia"],"inLanguage":"pt-BR","potentialAction":[{"@type":"CommentAction","name":"Comment","target":["https:\/\/blog.saocamilo-sp.br\/index.php\/2024\/04\/19\/dia-mundial-da-educacao\/#respond"]}]},{"@type":"WebPage","@id":"https:\/\/blog.saocamilo-sp.br\/index.php\/2024\/04\/19\/dia-mundial-da-educacao\/","url":"https:\/\/blog.saocamilo-sp.br\/index.php\/2024\/04\/19\/dia-mundial-da-educacao\/","name":"O Dia da Educa\u00e7\u00e3o e o direito fundamental ao ensino de qualidade - Blog S\u00e3o Camilo","isPartOf":{"@id":"https:\/\/blog.saocamilo-sp.br\/#website"},"primaryImageOfPage":{"@id":"https:\/\/blog.saocamilo-sp.br\/index.php\/2024\/04\/19\/dia-mundial-da-educacao\/#primaryimage"},"image":{"@id":"https:\/\/blog.saocamilo-sp.br\/index.php\/2024\/04\/19\/dia-mundial-da-educacao\/#primaryimage"},"thumbnailUrl":"https:\/\/blog.saocamilo-sp.br\/wp-content\/uploads\/2024\/04\/o-professor-que-consegue-aplicar-5c010d0da5158.png","datePublished":"2024-04-19T12:32:40+00:00","dateModified":"2024-05-16T15:42:44+00:00","description":"O Dia Mundial da Educa\u00e7\u00e3o foi institu\u00eddo pela UNESCO em 2000 durante o F\u00f3rum Mundial de Educa\u00e7\u00e3o em Dakar, Senegal.","breadcrumb":{"@id":"https:\/\/blog.saocamilo-sp.br\/index.php\/2024\/04\/19\/dia-mundial-da-educacao\/#breadcrumb"},"inLanguage":"pt-BR","potentialAction":[{"@type":"ReadAction","target":["https:\/\/blog.saocamilo-sp.br\/index.php\/2024\/04\/19\/dia-mundial-da-educacao\/"]}]},{"@type":"ImageObject","inLanguage":"pt-BR","@id":"https:\/\/blog.saocamilo-sp.br\/index.php\/2024\/04\/19\/dia-mundial-da-educacao\/#primaryimage","url":"https:\/\/blog.saocamilo-sp.br\/wp-content\/uploads\/2024\/04\/o-professor-que-consegue-aplicar-5c010d0da5158.png","contentUrl":"https:\/\/blog.saocamilo-sp.br\/wp-content\/uploads\/2024\/04\/o-professor-que-consegue-aplicar-5c010d0da5158.png","width":600,"height":400,"caption":"Dia Mundial da Educa\u00e7\u00e3o: Neste texto, vamos explorar o papel transformador da educa\u00e7\u00e3o, os desafios do acesso universal \u00e0 educa\u00e7\u00e3o de qua..."},{"@type":"BreadcrumbList","@id":"https:\/\/blog.saocamilo-sp.br\/index.php\/2024\/04\/19\/dia-mundial-da-educacao\/#breadcrumb","itemListElement":[{"@type":"ListItem","position":1,"name":"In\u00edcio","item":"https:\/\/blog.saocamilo-sp.br\/"},{"@type":"ListItem","position":2,"name":"O Dia da Educa\u00e7\u00e3o e o direito fundamental ao ensino de qualidade"}]},{"@type":"WebSite","@id":"https:\/\/blog.saocamilo-sp.br\/#website","url":"https:\/\/blog.saocamilo-sp.br\/","name":"Blog S\u00e3o Camilo","description":"Blog do Centro Universit\u00e1rio S\u00e3o Camilo","publisher":{"@id":"https:\/\/blog.saocamilo-sp.br\/#organization"},"potentialAction":[{"@type":"SearchAction","target":{"@type":"EntryPoint","urlTemplate":"https:\/\/blog.saocamilo-sp.br\/?s={search_term_string}"},"query-input":{"@type":"PropertyValueSpecification","valueRequired":true,"valueName":"search_term_string"}}],"inLanguage":"pt-BR"},{"@type":"Organization","@id":"https:\/\/blog.saocamilo-sp.br\/#organization","name":"Blog S\u00e3o Camilo","url":"https:\/\/blog.saocamilo-sp.br\/","logo":{"@type":"ImageObject","inLanguage":"pt-BR","@id":"https:\/\/blog.saocamilo-sp.br\/#\/schema\/logo\/image\/","url":"https:\/\/blog.saocamilo-sp.br\/wp-content\/uploads\/2021\/12\/cropped-vazio-logo-topo.png","contentUrl":"https:\/\/blog.saocamilo-sp.br\/wp-content\/uploads\/2021\/12\/cropped-vazio-logo-topo.png","width":320,"height":240,"caption":"Blog S\u00e3o Camilo"},"image":{"@id":"https:\/\/blog.saocamilo-sp.br\/#\/schema\/logo\/image\/"},"sameAs":["https:\/\/www.facebook.com\/saocamilosp","https:\/\/x.com\/saocamilosp","https:\/\/www.linkedin.com\/school\/centro-universit-rio-s-o-camilo\/"]},{"@type":"Person","@id":"https:\/\/blog.saocamilo-sp.br\/#\/schema\/person\/781135418152912d4b58f2db13a2eaf0","name":"Lucas Soares Gon\u00e7alves","image":{"@type":"ImageObject","inLanguage":"pt-BR","@id":"https:\/\/secure.gravatar.com\/avatar\/bcd2d703cbb48116eaac2cac8643792535238ff30b2d7ce9e16f9254ec9cae83?s=96&d=mm&r=g","url":"https:\/\/secure.gravatar.com\/avatar\/bcd2d703cbb48116eaac2cac8643792535238ff30b2d7ce9e16f9254ec9cae83?s=96&d=mm&r=g","contentUrl":"https:\/\/secure.gravatar.com\/avatar\/bcd2d703cbb48116eaac2cac8643792535238ff30b2d7ce9e16f9254ec9cae83?s=96&d=mm&r=g","caption":"Lucas Soares Gon\u00e7alves"},"url":"https:\/\/blog.saocamilo-sp.br\/index.php\/author\/lucas-soares-goncalves\/"}]}},"_links":{"self":[{"href":"https:\/\/blog.saocamilo-sp.br\/index.php\/wp-json\/wp\/v2\/posts\/2441","targetHints":{"allow":["GET"]}}],"collection":[{"href":"https:\/\/blog.saocamilo-sp.br\/index.php\/wp-json\/wp\/v2\/posts"}],"about":[{"href":"https:\/\/blog.saocamilo-sp.br\/index.php\/wp-json\/wp\/v2\/types\/post"}],"author":[{"embeddable":true,"href":"https:\/\/blog.saocamilo-sp.br\/index.php\/wp-json\/wp\/v2\/users\/4"}],"replies":[{"embeddable":true,"href":"https:\/\/blog.saocamilo-sp.br\/index.php\/wp-json\/wp\/v2\/comments?post=2441"}],"version-history":[{"count":10,"href":"https:\/\/blog.saocamilo-sp.br\/index.php\/wp-json\/wp\/v2\/posts\/2441\/revisions"}],"predecessor-version":[{"id":2522,"href":"https:\/\/blog.saocamilo-sp.br\/index.php\/wp-json\/wp\/v2\/posts\/2441\/revisions\/2522"}],"wp:featuredmedia":[{"embeddable":true,"href":"https:\/\/blog.saocamilo-sp.br\/index.php\/wp-json\/wp\/v2\/media\/2444"}],"wp:attachment":[{"href":"https:\/\/blog.saocamilo-sp.br\/index.php\/wp-json\/wp\/v2\/media?parent=2441"}],"wp:term":[{"taxonomy":"category","embeddable":true,"href":"https:\/\/blog.saocamilo-sp.br\/index.php\/wp-json\/wp\/v2\/categories?post=2441"},{"taxonomy":"post_tag","embeddable":true,"href":"https:\/\/blog.saocamilo-sp.br\/index.php\/wp-json\/wp\/v2\/tags?post=2441"}],"curies":[{"name":"wp","href":"https:\/\/api.w.org\/{rel}","templated":true}]}}