{"id":2463,"date":"2024-04-12T16:13:04","date_gmt":"2024-04-12T19:13:04","guid":{"rendered":"https:\/\/blog.saocamilo-sp.br\/?p=2463"},"modified":"2024-04-12T17:45:06","modified_gmt":"2024-04-12T20:45:06","slug":"docentes-da-sao-camilo-sao-selecionados-para-o-programa-de-global-summer-da-upaep","status":"publish","type":"post","link":"https:\/\/blog.saocamilo-sp.br\/index.php\/2024\/04\/12\/docentes-da-sao-camilo-sao-selecionados-para-o-programa-de-global-summer-da-upaep\/","title":{"rendered":"Docentes Camilianos s\u00e3o selecionados para o Programa de Global Summer da UPAEP"},"content":{"rendered":"\n<p>Os professores Dra. Luciana Pinto Sartori e Dr. Raphael Einsfeld Sim\u00f5es Ferreira, do Centro Universit\u00e1rio S\u00e3o Camilo, foram selecionados para participar do Programa de Global Summer da UPAEP (<a href=\"https:\/\/www.upaep.mx\/\" target=\"_blank\" rel=\"noreferrer noopener\">Universidad Popular Aut\u00f3noma del Estado de Puebla<\/a>), no M\u00e9xico. O programa, que consiste em uma iniciativa de Internacionaliza\u00e7\u00e3o em Casa desenvolvida pela Dire\u00e7\u00e3o Geral de Vincula\u00e7\u00e3o e Internacionaliza\u00e7\u00e3o da UPAEP, tem como objetivo promover experi\u00eancias interculturais significativas entre estudantes, professores e pessoal administrativo da institui\u00e7\u00e3o.<\/p>\n\n\n\n<figure class=\"wp-block-gallery has-nested-images columns-default is-cropped wp-block-gallery-1 is-layout-flex wp-block-gallery-is-layout-flex\">\n<figure class=\"wp-block-image size-full\"><img loading=\"lazy\" decoding=\"async\" width=\"250\" height=\"334\" data-id=\"2477\" src=\"https:\/\/blog.saocamilo-sp.br\/wp-content\/uploads\/2024\/04\/Foto-prof-Luciana-Sartori-002.jpg\" alt=\"Porfa. Luciana - UPAEP\" class=\"wp-image-2477\"\/><\/figure>\n\n\n\n<figure class=\"wp-block-image size-full\"><img loading=\"lazy\" decoding=\"async\" width=\"250\" height=\"334\" data-id=\"2476\" src=\"https:\/\/blog.saocamilo-sp.br\/wp-content\/uploads\/2024\/04\/Prof-Raphael.jpg\" alt=\"Prof. Raphael - UPAEP\" class=\"wp-image-2476\"\/><\/figure>\n<figcaption class=\"blocks-gallery-caption wp-element-caption\">Profa. Dra. Luciana Pinto Sartori e Dr. Raphael Einsfeld Sim\u00f5es Ferreira<\/figcaption><\/figure>\n\n\n\n<p><\/p>\n\n\n\n<p>Durante quatro semanas, entre os meses de junho e julho de 2024, os professores selecionados ter\u00e3o a oportunidade de interagir com docentes internacionais que visitar\u00e3o o campus central da UPAEP, localizado na cidade de Puebla. Ent\u00e3o, durante essa intera\u00e7\u00e3o, o programa visa promover a aproxima\u00e7\u00e3o ao conhecimento a partir de perspectivas distintas, enfatizando os enfoques comparativos e buscando tamb\u00e9m fomentar novos projetos de colabora\u00e7\u00e3o no futuro imediato com parceiros fora do M\u00e9xico.<\/p>\n\n\n\n<p>A participa\u00e7\u00e3o nesse programa representa um importante reconhecimento da qualidade acad\u00eamica e do comprometimento com a internacionaliza\u00e7\u00e3o por parte dos professores Luciana e Raphael. Al\u00e9m disso, essa experi\u00eancia proporcionar\u00e1 um enriquecimento profissional e cultural, contribuindo significativamente para o desenvolvimento acad\u00eamico e pessoal de ambos.<\/p>\n\n\n\n<p>O\u00a0<a href=\"https:\/\/saocamilo-sp.br\/\" target=\"_blank\" rel=\"noreferrer noopener\">Centro Universit\u00e1rio S\u00e3o Camilo<\/a>\u00a0parabeniza os professores selecionados e refor\u00e7a seu compromisso com a forma\u00e7\u00e3o de excel\u00eancia, que possibilita oportunidades como essa para seus docentes e alunos.<br><br><strong>Veja tamb\u00e9m<\/strong>:<\/p>\n\n\n\n<ul class=\"wp-block-list\">\n<li><a href=\"https:\/\/blog.saocamilo-sp.br\/index.php\/2024\/04\/12\/sao-camilo\/\">Camilianos iniciam jornada de estudos e pr\u00e1ticas no Centro de Humanizaci\u00f3n San Camilo na Espanha<\/a><\/li>\n\n\n\n<li><a href=\"https:\/\/blog.saocamilo-sp.br\/index.php\/2024\/02\/01\/oducal\/\">Pe. Jo\u00e3o Batista e Rayssa Rios s\u00e3o nomeados para a ODUCAL<\/a><\/li>\n\n\n\n<li><a href=\"https:\/\/blog.saocamilo-sp.br\/index.php\/2023\/12\/02\/medicina-sao-camilo-conquista-a-certificacao-do-cfm\/\"><a href=\"https:\/\/blog.saocamilo-sp.br\/index.php\/2024\/02\/12\/udem-convenio-mexico-universidad-monterrey\/\">S\u00e3o Camilo firma conv\u00eanio com Universidad de Monterrey \u2013 UDEM<\/a><\/a><\/li>\n<\/ul>\n\n\n\n<p><\/p>\n\n\n\n<p>Saiba mais sobre nossos cursos:<\/p>\n\n\n\n<iframe loading=\"lazy\" src=\"https:\/\/saocamilo.apprbs.com.br\/tenho-interesse-blog\" height=\"530px\" width=\"100%\" frameborder=\"0\"><\/iframe>\n\n\n\n<p>Compartilhe em:<\/p>\n","protected":false},"excerpt":{"rendered":"<p>Os professores Dra. Luciana Sartori e  Dr Raphael Einsfeld foram selecionados para participar do Programa de Global Summer da UPAEP no M\u00e9xico.<\/p>\n","protected":false},"author":4,"featured_media":2465,"comment_status":"open","ping_status":"open","sticky":false,"template":"","format":"standard","meta":{"cybocfi_hide_featured_image":"","footnotes":""},"categories":[1,70,30],"tags":[72,12,16],"class_list":["post-2463","post","type-post","status-publish","format-standard","has-post-thumbnail","hentry","category-cursos","category-internacional","category-medicina","tag-internacional","tag-medicina","tag-vida-universitaria"],"yoast_head":"<!-- This site is optimized with the Yoast SEO plugin v27.4 - https:\/\/yoast.com\/product\/yoast-seo-wordpress\/ -->\n<title>Docentes Camilianos s\u00e3o selecionados para o Programa de Global Summer da UPAEP - Blog S\u00e3o Camilo<\/title>\n<meta name=\"description\" content=\"Profa. Dra. Luciana Sartori e Prof. Dra. Raphael Einsfeld foram selecionados para participar do Programa de Global Summer da UPAEP no M\u00e9xico.\" \/>\n<meta name=\"robots\" content=\"index, follow, max-snippet:-1, max-image-preview:large, max-video-preview:-1\" \/>\n<link rel=\"canonical\" href=\"https:\/\/blog.saocamilo-sp.br\/index.php\/2024\/04\/12\/docentes-da-sao-camilo-sao-selecionados-para-o-programa-de-global-summer-da-upaep\/\" \/>\n<meta property=\"og:locale\" content=\"pt_BR\" \/>\n<meta property=\"og:type\" content=\"article\" \/>\n<meta property=\"og:title\" content=\"Docentes Camilianos s\u00e3o selecionados para o Programa de Global Summer da UPAEP - Blog S\u00e3o Camilo\" \/>\n<meta property=\"og:description\" content=\"Profa. Dra. Luciana Sartori e Prof. Dra. Raphael Einsfeld foram selecionados para participar do Programa de Global Summer da UPAEP no M\u00e9xico.\" \/>\n<meta property=\"og:url\" content=\"https:\/\/blog.saocamilo-sp.br\/index.php\/2024\/04\/12\/docentes-da-sao-camilo-sao-selecionados-para-o-programa-de-global-summer-da-upaep\/\" \/>\n<meta property=\"og:site_name\" content=\"Blog S\u00e3o Camilo\" \/>\n<meta property=\"article:publisher\" content=\"https:\/\/www.facebook.com\/saocamilosp\" \/>\n<meta property=\"article:published_time\" content=\"2024-04-12T19:13:04+00:00\" \/>\n<meta property=\"article:modified_time\" content=\"2024-04-12T20:45:06+00:00\" \/>\n<meta property=\"og:image\" content=\"https:\/\/blog.saocamilo-sp.br\/wp-content\/uploads\/2024\/04\/Blog-materia-1-Global-Summer.png\" \/>\n\t<meta property=\"og:image:width\" content=\"799\" \/>\n\t<meta property=\"og:image:height\" content=\"538\" \/>\n\t<meta property=\"og:image:type\" content=\"image\/png\" \/>\n<meta name=\"author\" content=\"Lucas Soares Gon\u00e7alves\" \/>\n<meta name=\"twitter:card\" content=\"summary_large_image\" \/>\n<meta name=\"twitter:creator\" content=\"@saocamilosp\" \/>\n<meta name=\"twitter:site\" content=\"@saocamilosp\" \/>\n<meta name=\"twitter:label1\" content=\"Escrito por\" \/>\n\t<meta name=\"twitter:data1\" content=\"Lucas Soares Gon\u00e7alves\" \/>\n\t<meta name=\"twitter:label2\" content=\"Est. tempo de leitura\" \/>\n\t<meta name=\"twitter:data2\" content=\"2 minutos\" \/>\n<script type=\"application\/ld+json\" class=\"yoast-schema-graph\">{\"@context\":\"https:\\\/\\\/schema.org\",\"@graph\":[{\"@type\":\"Article\",\"@id\":\"https:\\\/\\\/blog.saocamilo-sp.br\\\/index.php\\\/2024\\\/04\\\/12\\\/docentes-da-sao-camilo-sao-selecionados-para-o-programa-de-global-summer-da-upaep\\\/#article\",\"isPartOf\":{\"@id\":\"https:\\\/\\\/blog.saocamilo-sp.br\\\/index.php\\\/2024\\\/04\\\/12\\\/docentes-da-sao-camilo-sao-selecionados-para-o-programa-de-global-summer-da-upaep\\\/\"},\"author\":{\"name\":\"Lucas Soares Gon\u00e7alves\",\"@id\":\"https:\\\/\\\/blog.saocamilo-sp.br\\\/#\\\/schema\\\/person\\\/781135418152912d4b58f2db13a2eaf0\"},\"headline\":\"Docentes Camilianos s\u00e3o selecionados para o Programa de Global Summer da UPAEP\",\"datePublished\":\"2024-04-12T19:13:04+00:00\",\"dateModified\":\"2024-04-12T20:45:06+00:00\",\"mainEntityOfPage\":{\"@id\":\"https:\\\/\\\/blog.saocamilo-sp.br\\\/index.php\\\/2024\\\/04\\\/12\\\/docentes-da-sao-camilo-sao-selecionados-para-o-programa-de-global-summer-da-upaep\\\/\"},\"wordCount\":322,\"commentCount\":0,\"publisher\":{\"@id\":\"https:\\\/\\\/blog.saocamilo-sp.br\\\/#organization\"},\"image\":{\"@id\":\"https:\\\/\\\/blog.saocamilo-sp.br\\\/index.php\\\/2024\\\/04\\\/12\\\/docentes-da-sao-camilo-sao-selecionados-para-o-programa-de-global-summer-da-upaep\\\/#primaryimage\"},\"thumbnailUrl\":\"https:\\\/\\\/blog.saocamilo-sp.br\\\/wp-content\\\/uploads\\\/2024\\\/04\\\/Blog-materia-1-Global-Summer.png\",\"keywords\":[\"internacional\",\"Medicina\",\"Vida Universit\u00e1ria\"],\"articleSection\":[\"Cursos\",\"Internacional\",\"Medicina\"],\"inLanguage\":\"pt-BR\",\"potentialAction\":[{\"@type\":\"CommentAction\",\"name\":\"Comment\",\"target\":[\"https:\\\/\\\/blog.saocamilo-sp.br\\\/index.php\\\/2024\\\/04\\\/12\\\/docentes-da-sao-camilo-sao-selecionados-para-o-programa-de-global-summer-da-upaep\\\/#respond\"]}]},{\"@type\":\"WebPage\",\"@id\":\"https:\\\/\\\/blog.saocamilo-sp.br\\\/index.php\\\/2024\\\/04\\\/12\\\/docentes-da-sao-camilo-sao-selecionados-para-o-programa-de-global-summer-da-upaep\\\/\",\"url\":\"https:\\\/\\\/blog.saocamilo-sp.br\\\/index.php\\\/2024\\\/04\\\/12\\\/docentes-da-sao-camilo-sao-selecionados-para-o-programa-de-global-summer-da-upaep\\\/\",\"name\":\"Docentes Camilianos s\u00e3o selecionados para o Programa de Global Summer da UPAEP - Blog S\u00e3o Camilo\",\"isPartOf\":{\"@id\":\"https:\\\/\\\/blog.saocamilo-sp.br\\\/#website\"},\"primaryImageOfPage\":{\"@id\":\"https:\\\/\\\/blog.saocamilo-sp.br\\\/index.php\\\/2024\\\/04\\\/12\\\/docentes-da-sao-camilo-sao-selecionados-para-o-programa-de-global-summer-da-upaep\\\/#primaryimage\"},\"image\":{\"@id\":\"https:\\\/\\\/blog.saocamilo-sp.br\\\/index.php\\\/2024\\\/04\\\/12\\\/docentes-da-sao-camilo-sao-selecionados-para-o-programa-de-global-summer-da-upaep\\\/#primaryimage\"},\"thumbnailUrl\":\"https:\\\/\\\/blog.saocamilo-sp.br\\\/wp-content\\\/uploads\\\/2024\\\/04\\\/Blog-materia-1-Global-Summer.png\",\"datePublished\":\"2024-04-12T19:13:04+00:00\",\"dateModified\":\"2024-04-12T20:45:06+00:00\",\"description\":\"Profa. Dra. Luciana Sartori e Prof. Dra. Raphael Einsfeld foram selecionados para participar do Programa de Global Summer da UPAEP no M\u00e9xico.\",\"breadcrumb\":{\"@id\":\"https:\\\/\\\/blog.saocamilo-sp.br\\\/index.php\\\/2024\\\/04\\\/12\\\/docentes-da-sao-camilo-sao-selecionados-para-o-programa-de-global-summer-da-upaep\\\/#breadcrumb\"},\"inLanguage\":\"pt-BR\",\"potentialAction\":[{\"@type\":\"ReadAction\",\"target\":[\"https:\\\/\\\/blog.saocamilo-sp.br\\\/index.php\\\/2024\\\/04\\\/12\\\/docentes-da-sao-camilo-sao-selecionados-para-o-programa-de-global-summer-da-upaep\\\/\"]}]},{\"@type\":\"ImageObject\",\"inLanguage\":\"pt-BR\",\"@id\":\"https:\\\/\\\/blog.saocamilo-sp.br\\\/index.php\\\/2024\\\/04\\\/12\\\/docentes-da-sao-camilo-sao-selecionados-para-o-programa-de-global-summer-da-upaep\\\/#primaryimage\",\"url\":\"https:\\\/\\\/blog.saocamilo-sp.br\\\/wp-content\\\/uploads\\\/2024\\\/04\\\/Blog-materia-1-Global-Summer.png\",\"contentUrl\":\"https:\\\/\\\/blog.saocamilo-sp.br\\\/wp-content\\\/uploads\\\/2024\\\/04\\\/Blog-materia-1-Global-Summer.png\",\"width\":799,\"height\":538},{\"@type\":\"BreadcrumbList\",\"@id\":\"https:\\\/\\\/blog.saocamilo-sp.br\\\/index.php\\\/2024\\\/04\\\/12\\\/docentes-da-sao-camilo-sao-selecionados-para-o-programa-de-global-summer-da-upaep\\\/#breadcrumb\",\"itemListElement\":[{\"@type\":\"ListItem\",\"position\":1,\"name\":\"In\u00edcio\",\"item\":\"https:\\\/\\\/blog.saocamilo-sp.br\\\/\"},{\"@type\":\"ListItem\",\"position\":2,\"name\":\"Docentes Camilianos s\u00e3o selecionados para o Programa de Global Summer da UPAEP\"}]},{\"@type\":\"WebSite\",\"@id\":\"https:\\\/\\\/blog.saocamilo-sp.br\\\/#website\",\"url\":\"https:\\\/\\\/blog.saocamilo-sp.br\\\/\",\"name\":\"Blog S\u00e3o Camilo\",\"description\":\"Blog do Centro Universit\u00e1rio S\u00e3o Camilo\",\"publisher\":{\"@id\":\"https:\\\/\\\/blog.saocamilo-sp.br\\\/#organization\"},\"potentialAction\":[{\"@type\":\"SearchAction\",\"target\":{\"@type\":\"EntryPoint\",\"urlTemplate\":\"https:\\\/\\\/blog.saocamilo-sp.br\\\/?s={search_term_string}\"},\"query-input\":{\"@type\":\"PropertyValueSpecification\",\"valueRequired\":true,\"valueName\":\"search_term_string\"}}],\"inLanguage\":\"pt-BR\"},{\"@type\":\"Organization\",\"@id\":\"https:\\\/\\\/blog.saocamilo-sp.br\\\/#organization\",\"name\":\"Blog S\u00e3o Camilo\",\"url\":\"https:\\\/\\\/blog.saocamilo-sp.br\\\/\",\"logo\":{\"@type\":\"ImageObject\",\"inLanguage\":\"pt-BR\",\"@id\":\"https:\\\/\\\/blog.saocamilo-sp.br\\\/#\\\/schema\\\/logo\\\/image\\\/\",\"url\":\"https:\\\/\\\/blog.saocamilo-sp.br\\\/wp-content\\\/uploads\\\/2021\\\/12\\\/cropped-vazio-logo-topo.png\",\"contentUrl\":\"https:\\\/\\\/blog.saocamilo-sp.br\\\/wp-content\\\/uploads\\\/2021\\\/12\\\/cropped-vazio-logo-topo.png\",\"width\":320,\"height\":240,\"caption\":\"Blog S\u00e3o Camilo\"},\"image\":{\"@id\":\"https:\\\/\\\/blog.saocamilo-sp.br\\\/#\\\/schema\\\/logo\\\/image\\\/\"},\"sameAs\":[\"https:\\\/\\\/www.facebook.com\\\/saocamilosp\",\"https:\\\/\\\/x.com\\\/saocamilosp\",\"https:\\\/\\\/www.linkedin.com\\\/school\\\/centro-universit-rio-s-o-camilo\\\/\"]},{\"@type\":\"Person\",\"@id\":\"https:\\\/\\\/blog.saocamilo-sp.br\\\/#\\\/schema\\\/person\\\/781135418152912d4b58f2db13a2eaf0\",\"name\":\"Lucas Soares Gon\u00e7alves\",\"image\":{\"@type\":\"ImageObject\",\"inLanguage\":\"pt-BR\",\"@id\":\"https:\\\/\\\/secure.gravatar.com\\\/avatar\\\/bcd2d703cbb48116eaac2cac8643792535238ff30b2d7ce9e16f9254ec9cae83?s=96&d=mm&r=g\",\"url\":\"https:\\\/\\\/secure.gravatar.com\\\/avatar\\\/bcd2d703cbb48116eaac2cac8643792535238ff30b2d7ce9e16f9254ec9cae83?s=96&d=mm&r=g\",\"contentUrl\":\"https:\\\/\\\/secure.gravatar.com\\\/avatar\\\/bcd2d703cbb48116eaac2cac8643792535238ff30b2d7ce9e16f9254ec9cae83?s=96&d=mm&r=g\",\"caption\":\"Lucas Soares Gon\u00e7alves\"},\"url\":\"https:\\\/\\\/blog.saocamilo-sp.br\\\/index.php\\\/author\\\/lucas-soares-goncalves\\\/\"}]}<\/script>\n<!-- \/ Yoast SEO plugin. -->","yoast_head_json":{"title":"Docentes Camilianos s\u00e3o selecionados para o Programa de Global Summer da UPAEP - Blog S\u00e3o Camilo","description":"Profa. Dra. Luciana Sartori e Prof. Dra. Raphael Einsfeld foram selecionados para participar do Programa de Global Summer da UPAEP no M\u00e9xico.","robots":{"index":"index","follow":"follow","max-snippet":"max-snippet:-1","max-image-preview":"max-image-preview:large","max-video-preview":"max-video-preview:-1"},"canonical":"https:\/\/blog.saocamilo-sp.br\/index.php\/2024\/04\/12\/docentes-da-sao-camilo-sao-selecionados-para-o-programa-de-global-summer-da-upaep\/","og_locale":"pt_BR","og_type":"article","og_title":"Docentes Camilianos s\u00e3o selecionados para o Programa de Global Summer da UPAEP - Blog S\u00e3o Camilo","og_description":"Profa. Dra. Luciana Sartori e Prof. Dra. Raphael Einsfeld foram selecionados para participar do Programa de Global Summer da UPAEP no M\u00e9xico.","og_url":"https:\/\/blog.saocamilo-sp.br\/index.php\/2024\/04\/12\/docentes-da-sao-camilo-sao-selecionados-para-o-programa-de-global-summer-da-upaep\/","og_site_name":"Blog S\u00e3o Camilo","article_publisher":"https:\/\/www.facebook.com\/saocamilosp","article_published_time":"2024-04-12T19:13:04+00:00","article_modified_time":"2024-04-12T20:45:06+00:00","og_image":[{"width":799,"height":538,"url":"https:\/\/blog.saocamilo-sp.br\/wp-content\/uploads\/2024\/04\/Blog-materia-1-Global-Summer.png","type":"image\/png"}],"author":"Lucas Soares Gon\u00e7alves","twitter_card":"summary_large_image","twitter_creator":"@saocamilosp","twitter_site":"@saocamilosp","twitter_misc":{"Escrito por":"Lucas Soares Gon\u00e7alves","Est. tempo de leitura":"2 minutos"},"schema":{"@context":"https:\/\/schema.org","@graph":[{"@type":"Article","@id":"https:\/\/blog.saocamilo-sp.br\/index.php\/2024\/04\/12\/docentes-da-sao-camilo-sao-selecionados-para-o-programa-de-global-summer-da-upaep\/#article","isPartOf":{"@id":"https:\/\/blog.saocamilo-sp.br\/index.php\/2024\/04\/12\/docentes-da-sao-camilo-sao-selecionados-para-o-programa-de-global-summer-da-upaep\/"},"author":{"name":"Lucas Soares Gon\u00e7alves","@id":"https:\/\/blog.saocamilo-sp.br\/#\/schema\/person\/781135418152912d4b58f2db13a2eaf0"},"headline":"Docentes Camilianos s\u00e3o selecionados para o Programa de Global Summer da UPAEP","datePublished":"2024-04-12T19:13:04+00:00","dateModified":"2024-04-12T20:45:06+00:00","mainEntityOfPage":{"@id":"https:\/\/blog.saocamilo-sp.br\/index.php\/2024\/04\/12\/docentes-da-sao-camilo-sao-selecionados-para-o-programa-de-global-summer-da-upaep\/"},"wordCount":322,"commentCount":0,"publisher":{"@id":"https:\/\/blog.saocamilo-sp.br\/#organization"},"image":{"@id":"https:\/\/blog.saocamilo-sp.br\/index.php\/2024\/04\/12\/docentes-da-sao-camilo-sao-selecionados-para-o-programa-de-global-summer-da-upaep\/#primaryimage"},"thumbnailUrl":"https:\/\/blog.saocamilo-sp.br\/wp-content\/uploads\/2024\/04\/Blog-materia-1-Global-Summer.png","keywords":["internacional","Medicina","Vida Universit\u00e1ria"],"articleSection":["Cursos","Internacional","Medicina"],"inLanguage":"pt-BR","potentialAction":[{"@type":"CommentAction","name":"Comment","target":["https:\/\/blog.saocamilo-sp.br\/index.php\/2024\/04\/12\/docentes-da-sao-camilo-sao-selecionados-para-o-programa-de-global-summer-da-upaep\/#respond"]}]},{"@type":"WebPage","@id":"https:\/\/blog.saocamilo-sp.br\/index.php\/2024\/04\/12\/docentes-da-sao-camilo-sao-selecionados-para-o-programa-de-global-summer-da-upaep\/","url":"https:\/\/blog.saocamilo-sp.br\/index.php\/2024\/04\/12\/docentes-da-sao-camilo-sao-selecionados-para-o-programa-de-global-summer-da-upaep\/","name":"Docentes Camilianos s\u00e3o selecionados para o Programa de Global Summer da UPAEP - Blog S\u00e3o Camilo","isPartOf":{"@id":"https:\/\/blog.saocamilo-sp.br\/#website"},"primaryImageOfPage":{"@id":"https:\/\/blog.saocamilo-sp.br\/index.php\/2024\/04\/12\/docentes-da-sao-camilo-sao-selecionados-para-o-programa-de-global-summer-da-upaep\/#primaryimage"},"image":{"@id":"https:\/\/blog.saocamilo-sp.br\/index.php\/2024\/04\/12\/docentes-da-sao-camilo-sao-selecionados-para-o-programa-de-global-summer-da-upaep\/#primaryimage"},"thumbnailUrl":"https:\/\/blog.saocamilo-sp.br\/wp-content\/uploads\/2024\/04\/Blog-materia-1-Global-Summer.png","datePublished":"2024-04-12T19:13:04+00:00","dateModified":"2024-04-12T20:45:06+00:00","description":"Profa. Dra. Luciana Sartori e Prof. Dra. Raphael Einsfeld foram selecionados para participar do Programa de Global Summer da UPAEP no M\u00e9xico.","breadcrumb":{"@id":"https:\/\/blog.saocamilo-sp.br\/index.php\/2024\/04\/12\/docentes-da-sao-camilo-sao-selecionados-para-o-programa-de-global-summer-da-upaep\/#breadcrumb"},"inLanguage":"pt-BR","potentialAction":[{"@type":"ReadAction","target":["https:\/\/blog.saocamilo-sp.br\/index.php\/2024\/04\/12\/docentes-da-sao-camilo-sao-selecionados-para-o-programa-de-global-summer-da-upaep\/"]}]},{"@type":"ImageObject","inLanguage":"pt-BR","@id":"https:\/\/blog.saocamilo-sp.br\/index.php\/2024\/04\/12\/docentes-da-sao-camilo-sao-selecionados-para-o-programa-de-global-summer-da-upaep\/#primaryimage","url":"https:\/\/blog.saocamilo-sp.br\/wp-content\/uploads\/2024\/04\/Blog-materia-1-Global-Summer.png","contentUrl":"https:\/\/blog.saocamilo-sp.br\/wp-content\/uploads\/2024\/04\/Blog-materia-1-Global-Summer.png","width":799,"height":538},{"@type":"BreadcrumbList","@id":"https:\/\/blog.saocamilo-sp.br\/index.php\/2024\/04\/12\/docentes-da-sao-camilo-sao-selecionados-para-o-programa-de-global-summer-da-upaep\/#breadcrumb","itemListElement":[{"@type":"ListItem","position":1,"name":"In\u00edcio","item":"https:\/\/blog.saocamilo-sp.br\/"},{"@type":"ListItem","position":2,"name":"Docentes Camilianos s\u00e3o selecionados para o Programa de Global Summer da UPAEP"}]},{"@type":"WebSite","@id":"https:\/\/blog.saocamilo-sp.br\/#website","url":"https:\/\/blog.saocamilo-sp.br\/","name":"Blog S\u00e3o Camilo","description":"Blog do Centro Universit\u00e1rio S\u00e3o Camilo","publisher":{"@id":"https:\/\/blog.saocamilo-sp.br\/#organization"},"potentialAction":[{"@type":"SearchAction","target":{"@type":"EntryPoint","urlTemplate":"https:\/\/blog.saocamilo-sp.br\/?s={search_term_string}"},"query-input":{"@type":"PropertyValueSpecification","valueRequired":true,"valueName":"search_term_string"}}],"inLanguage":"pt-BR"},{"@type":"Organization","@id":"https:\/\/blog.saocamilo-sp.br\/#organization","name":"Blog S\u00e3o Camilo","url":"https:\/\/blog.saocamilo-sp.br\/","logo":{"@type":"ImageObject","inLanguage":"pt-BR","@id":"https:\/\/blog.saocamilo-sp.br\/#\/schema\/logo\/image\/","url":"https:\/\/blog.saocamilo-sp.br\/wp-content\/uploads\/2021\/12\/cropped-vazio-logo-topo.png","contentUrl":"https:\/\/blog.saocamilo-sp.br\/wp-content\/uploads\/2021\/12\/cropped-vazio-logo-topo.png","width":320,"height":240,"caption":"Blog S\u00e3o Camilo"},"image":{"@id":"https:\/\/blog.saocamilo-sp.br\/#\/schema\/logo\/image\/"},"sameAs":["https:\/\/www.facebook.com\/saocamilosp","https:\/\/x.com\/saocamilosp","https:\/\/www.linkedin.com\/school\/centro-universit-rio-s-o-camilo\/"]},{"@type":"Person","@id":"https:\/\/blog.saocamilo-sp.br\/#\/schema\/person\/781135418152912d4b58f2db13a2eaf0","name":"Lucas Soares Gon\u00e7alves","image":{"@type":"ImageObject","inLanguage":"pt-BR","@id":"https:\/\/secure.gravatar.com\/avatar\/bcd2d703cbb48116eaac2cac8643792535238ff30b2d7ce9e16f9254ec9cae83?s=96&d=mm&r=g","url":"https:\/\/secure.gravatar.com\/avatar\/bcd2d703cbb48116eaac2cac8643792535238ff30b2d7ce9e16f9254ec9cae83?s=96&d=mm&r=g","contentUrl":"https:\/\/secure.gravatar.com\/avatar\/bcd2d703cbb48116eaac2cac8643792535238ff30b2d7ce9e16f9254ec9cae83?s=96&d=mm&r=g","caption":"Lucas Soares Gon\u00e7alves"},"url":"https:\/\/blog.saocamilo-sp.br\/index.php\/author\/lucas-soares-goncalves\/"}]}},"_links":{"self":[{"href":"https:\/\/blog.saocamilo-sp.br\/index.php\/wp-json\/wp\/v2\/posts\/2463","targetHints":{"allow":["GET"]}}],"collection":[{"href":"https:\/\/blog.saocamilo-sp.br\/index.php\/wp-json\/wp\/v2\/posts"}],"about":[{"href":"https:\/\/blog.saocamilo-sp.br\/index.php\/wp-json\/wp\/v2\/types\/post"}],"author":[{"embeddable":true,"href":"https:\/\/blog.saocamilo-sp.br\/index.php\/wp-json\/wp\/v2\/users\/4"}],"replies":[{"embeddable":true,"href":"https:\/\/blog.saocamilo-sp.br\/index.php\/wp-json\/wp\/v2\/comments?post=2463"}],"version-history":[{"count":5,"href":"https:\/\/blog.saocamilo-sp.br\/index.php\/wp-json\/wp\/v2\/posts\/2463\/revisions"}],"predecessor-version":[{"id":2479,"href":"https:\/\/blog.saocamilo-sp.br\/index.php\/wp-json\/wp\/v2\/posts\/2463\/revisions\/2479"}],"wp:featuredmedia":[{"embeddable":true,"href":"https:\/\/blog.saocamilo-sp.br\/index.php\/wp-json\/wp\/v2\/media\/2465"}],"wp:attachment":[{"href":"https:\/\/blog.saocamilo-sp.br\/index.php\/wp-json\/wp\/v2\/media?parent=2463"}],"wp:term":[{"taxonomy":"category","embeddable":true,"href":"https:\/\/blog.saocamilo-sp.br\/index.php\/wp-json\/wp\/v2\/categories?post=2463"},{"taxonomy":"post_tag","embeddable":true,"href":"https:\/\/blog.saocamilo-sp.br\/index.php\/wp-json\/wp\/v2\/tags?post=2463"}],"curies":[{"name":"wp","href":"https:\/\/api.w.org\/{rel}","templated":true}]}}