{"id":2503,"date":"2024-05-07T16:04:44","date_gmt":"2024-05-07T19:04:44","guid":{"rendered":"https:\/\/blog.saocamilo-sp.br\/?p=2503"},"modified":"2024-05-07T16:29:50","modified_gmt":"2024-05-07T19:29:50","slug":"sao-camilo-2","status":"publish","type":"post","link":"https:\/\/blog.saocamilo-sp.br\/index.php\/2024\/05\/07\/sao-camilo-2\/","title":{"rendered":"Centro Universit\u00e1rio S\u00e3o Camilo &#8211; SP abre inscri\u00e7\u00f5es para Vestibular 2024.2"},"content":{"rendered":"\n<p>Inscri\u00e7\u00f5es podem ser feitas at\u00e9 Agosto para 13 cursos de gradua\u00e7\u00e3o nas modalidades presenciais e a dist\u00e2ncia.<\/p>\n\n\n\n<p>Est\u00e3o abertas as inscri\u00e7\u00f5es para o Vestibular 2024.2 do Centro Universit\u00e1rio S\u00e3o Camilo &#8211; SP. at\u00e9 o dia 23 de Agosto para os cursos de Bacharelado, Licenciatura e Superior de Tecnologia.<\/p>\n\n\n\n<p>A institui\u00e7\u00e3o alcan\u00e7ou a nota 4 no Conceito de Curso (CC) do Minist\u00e9rio da Educa\u00e7\u00e3o (MEC). Essa avalia\u00e7\u00e3o consiste em uma nota graduada em cinco n\u00edveis (1-5), gerada a partir de uma avalia\u00e7\u00e3o in loco realizada por uma comiss\u00e3o de avaliadores do INEP\/MEC, cujos valores iguais ou superiores a tr\u00eas indicam qualidade satisfat\u00f3ria.&nbsp;<\/p>\n\n\n\n<p>Para o vestibular do segundo semestre s\u00e3o oferecidos os cursos presenciais: Biomedicina, Enfermagem, Farm\u00e1cia, Fisioterapia, Nutri\u00e7\u00e3o e Psicologia. Al\u00e9m destes, os interessados podem se candidatar na modalidade Educa\u00e7\u00e3o a Dist\u00e2ncia para as carreiras de Administra\u00e7\u00e3o, Gest\u00e3o Comercial, Gest\u00e3o Hospitalar, Marketing, Gest\u00e3o de Recursos Humanos e Pedagogia.<\/p>\n\n\n\n<h2 class=\"wp-block-heading\">As inscri\u00e7\u00f5es podem ser feitas das seguintes formas:<\/h2>\n\n\n\n<p>ENEM &#8211; Exame Nacional do Ensino M\u00e9dio \u2013 Pode ser utilizada a nota do ENEM a partir do ano de 2010 para concorrer a uma vaga. Para bacharelados: o candidato dever\u00e1 ter no m\u00ednimo 450 pontos (m\u00e9dia das 4 notas da prova objetiva), e n\u00e3o ter zerado a reda\u00e7\u00e3o. Para os cursos tecnol\u00f3gicos e licenciatura (presencial e EAD), o candidato dever\u00e1 ter no m\u00ednimo 400 pontos (m\u00e9dia das 4 notas da prova objetiva), e n\u00e3o ter zerado a reda\u00e7\u00e3o.<\/p>\n\n\n\n<h2 class=\"wp-block-heading\">Reda\u00e7\u00e3o Agendada<\/h2>\n\n\n\n<p>Consiste na aplica\u00e7\u00e3o de uma reda\u00e7\u00e3o presencial em um dos campi e\/ou Polos da institui\u00e7\u00e3o, realizada em data escolhida pelo candidato dentre as oferecidas no sistema de agendamento, de acordo com a disponibilidade de curso, campus, per\u00edodo e vagas.<\/p>\n\n\n\n<h2 class=\"wp-block-heading\">Aproveitamento dos Processos Seletivos Anteriores<\/h2>\n\n\n\n<p>Realizados no Centro Universit\u00e1rio S\u00e3o Camilo &#8211; o candidato aprovado por meio do processo seletivo exclusivamente nas edi\u00e7\u00f5es de 2023\/2 e 2024\/1 poder\u00e1 utilizar o resultado final obtido na prova para se candidatar ao processo vigente, sem a necessidade de realizar nova prova.<\/p>\n\n\n\n<h2 class=\"wp-block-heading\">Processo Seletivo Internacional<\/h2>\n\n\n\n<p>Consiste no aproveitamento das notas do IB &#8211; Internacional Baccalaureate Diploma obtidas em escolas nacionais ou estrangeiras desde o ano de 2017, cuja pontua\u00e7\u00e3o tenha sido igual ou superior a 24 pontos.<\/p>\n\n\n\n<p>Mais Inscri\u00e7\u00f5es e mais informa\u00e7\u00f5es pelo site:&nbsp;<a href=\"https:\/\/saocamilo-sp.br\/vestibular\" target=\"_blank\" rel=\"noreferrer noopener\">https:\/\/saocamilo-sp.br\/vestibular<\/a><\/p>\n\n\n\n<ul class=\"wp-block-list\">\n<li><a href=\"https:\/\/blog.saocamilo-sp.br\/index.php\/2023\/05\/25\/plastinado-von-hagens-sao-camilo-revoluciona-no-ensino\/\"><\/a><a href=\"https:\/\/blog.saocamilo-sp.br\/index.php\/2023\/03\/29\/docente-e-estudantes-camilianos-falam-sobre-convivio-entre-geracoes-a-folha\/\">Docente e estudantes camilianos falam sobre o conv\u00edvio entre gera\u00e7\u00f5es \u00e0 Folha<\/a><\/li>\n\n\n\n<li><a href=\"https:\/\/blog.saocamilo-sp.br\/index.php\/2023\/05\/19\/profissao-de-pedagogo-curiosidades-profissao\/\">Pedagogo: confira cinco curiosidades sobre esta profiss\u00e3o<\/a><\/li>\n\n\n\n<li><a href=\"https:\/\/blog.saocamilo-sp.br\/index.php\/2022\/01\/18\/como-funciona-um-curso-ead\/\">Como funciona um curso EaD?<\/a><\/li>\n<\/ul>\n\n\n\n<p><\/p>\n\n\n\n<p>Saiba mais sobre nossos cursos:<\/p>\n\n\n\n<iframe loading=\"lazy\" src=\"https:\/\/saocamilo.apprbs.com.br\/tenho-interesse-blog\" height=\"530px\" width=\"100%\" frameborder=\"0\"><\/iframe>\n\n\n\n<p><\/p>\n","protected":false},"excerpt":{"rendered":"<p>Inscri\u00e7\u00f5es podem ser feitas at\u00e9 Agosto para 13 cursos de gradua\u00e7\u00e3o nas modalidades presenciais e a dist\u00e2ncia<\/p>\n","protected":false},"author":4,"featured_media":2504,"comment_status":"open","ping_status":"open","sticky":false,"template":"","format":"standard","meta":{"cybocfi_hide_featured_image":"","footnotes":""},"categories":[85],"tags":[72,16],"class_list":["post-2503","post","type-post","status-publish","format-standard","has-post-thumbnail","hentry","category-vestibular","tag-internacional","tag-vida-universitaria"],"yoast_head":"<!-- This site is optimized with the Yoast SEO plugin v27.4 - https:\/\/yoast.com\/product\/yoast-seo-wordpress\/ -->\n<title>Centro Universit\u00e1rio S\u00e3o Camilo - SP abre inscri\u00e7\u00f5es para Vestibular 2024.2 - Blog S\u00e3o Camilo<\/title>\n<meta name=\"description\" content=\"Inscri\u00e7\u00f5es podem ser feitas at\u00e9 Agosto para 13 cursos de gradua\u00e7\u00e3o nas modalidades presenciais e a dist\u00e2ncia\" \/>\n<meta name=\"robots\" content=\"index, follow, max-snippet:-1, max-image-preview:large, max-video-preview:-1\" \/>\n<link rel=\"canonical\" href=\"https:\/\/blog.saocamilo-sp.br\/index.php\/2024\/05\/07\/sao-camilo-2\/\" \/>\n<meta property=\"og:locale\" content=\"pt_BR\" \/>\n<meta property=\"og:type\" content=\"article\" \/>\n<meta property=\"og:title\" content=\"Centro Universit\u00e1rio S\u00e3o Camilo - SP abre inscri\u00e7\u00f5es para Vestibular 2024.2 - Blog S\u00e3o Camilo\" \/>\n<meta property=\"og:description\" content=\"Inscri\u00e7\u00f5es podem ser feitas at\u00e9 Agosto para 13 cursos de gradua\u00e7\u00e3o nas modalidades presenciais e a dist\u00e2ncia\" \/>\n<meta property=\"og:url\" content=\"https:\/\/blog.saocamilo-sp.br\/index.php\/2024\/05\/07\/sao-camilo-2\/\" \/>\n<meta property=\"og:site_name\" content=\"Blog S\u00e3o Camilo\" \/>\n<meta property=\"article:publisher\" content=\"https:\/\/www.facebook.com\/saocamilosp\" \/>\n<meta property=\"article:published_time\" content=\"2024-05-07T19:04:44+00:00\" \/>\n<meta property=\"article:modified_time\" content=\"2024-05-07T19:29:50+00:00\" \/>\n<meta property=\"og:image\" content=\"https:\/\/blog.saocamilo-sp.br\/wp-content\/uploads\/2024\/05\/MicrosoftTeams-image-303.png\" \/>\n\t<meta property=\"og:image:width\" content=\"1080\" \/>\n\t<meta property=\"og:image:height\" content=\"1080\" \/>\n\t<meta property=\"og:image:type\" content=\"image\/png\" \/>\n<meta name=\"author\" content=\"Lucas Soares Gon\u00e7alves\" \/>\n<meta name=\"twitter:card\" content=\"summary_large_image\" \/>\n<meta name=\"twitter:creator\" content=\"@saocamilosp\" \/>\n<meta name=\"twitter:site\" content=\"@saocamilosp\" \/>\n<meta name=\"twitter:label1\" content=\"Escrito por\" \/>\n\t<meta name=\"twitter:data1\" content=\"Lucas Soares Gon\u00e7alves\" \/>\n\t<meta name=\"twitter:label2\" content=\"Est. tempo de leitura\" \/>\n\t<meta name=\"twitter:data2\" content=\"3 minutos\" \/>\n<script type=\"application\/ld+json\" class=\"yoast-schema-graph\">{\"@context\":\"https:\\\/\\\/schema.org\",\"@graph\":[{\"@type\":\"Article\",\"@id\":\"https:\\\/\\\/blog.saocamilo-sp.br\\\/index.php\\\/2024\\\/05\\\/07\\\/sao-camilo-2\\\/#article\",\"isPartOf\":{\"@id\":\"https:\\\/\\\/blog.saocamilo-sp.br\\\/index.php\\\/2024\\\/05\\\/07\\\/sao-camilo-2\\\/\"},\"author\":{\"name\":\"Lucas Soares Gon\u00e7alves\",\"@id\":\"https:\\\/\\\/blog.saocamilo-sp.br\\\/#\\\/schema\\\/person\\\/781135418152912d4b58f2db13a2eaf0\"},\"headline\":\"Centro Universit\u00e1rio S\u00e3o Camilo &#8211; SP abre inscri\u00e7\u00f5es para Vestibular 2024.2\",\"datePublished\":\"2024-05-07T19:04:44+00:00\",\"dateModified\":\"2024-05-07T19:29:50+00:00\",\"mainEntityOfPage\":{\"@id\":\"https:\\\/\\\/blog.saocamilo-sp.br\\\/index.php\\\/2024\\\/05\\\/07\\\/sao-camilo-2\\\/\"},\"wordCount\":452,\"commentCount\":0,\"publisher\":{\"@id\":\"https:\\\/\\\/blog.saocamilo-sp.br\\\/#organization\"},\"image\":{\"@id\":\"https:\\\/\\\/blog.saocamilo-sp.br\\\/index.php\\\/2024\\\/05\\\/07\\\/sao-camilo-2\\\/#primaryimage\"},\"thumbnailUrl\":\"https:\\\/\\\/blog.saocamilo-sp.br\\\/wp-content\\\/uploads\\\/2024\\\/05\\\/MicrosoftTeams-image-303.png\",\"keywords\":[\"internacional\",\"Vida Universit\u00e1ria\"],\"articleSection\":[\"Vestibular\"],\"inLanguage\":\"pt-BR\",\"potentialAction\":[{\"@type\":\"CommentAction\",\"name\":\"Comment\",\"target\":[\"https:\\\/\\\/blog.saocamilo-sp.br\\\/index.php\\\/2024\\\/05\\\/07\\\/sao-camilo-2\\\/#respond\"]}]},{\"@type\":\"WebPage\",\"@id\":\"https:\\\/\\\/blog.saocamilo-sp.br\\\/index.php\\\/2024\\\/05\\\/07\\\/sao-camilo-2\\\/\",\"url\":\"https:\\\/\\\/blog.saocamilo-sp.br\\\/index.php\\\/2024\\\/05\\\/07\\\/sao-camilo-2\\\/\",\"name\":\"Centro Universit\u00e1rio S\u00e3o Camilo - SP abre inscri\u00e7\u00f5es para Vestibular 2024.2 - Blog S\u00e3o Camilo\",\"isPartOf\":{\"@id\":\"https:\\\/\\\/blog.saocamilo-sp.br\\\/#website\"},\"primaryImageOfPage\":{\"@id\":\"https:\\\/\\\/blog.saocamilo-sp.br\\\/index.php\\\/2024\\\/05\\\/07\\\/sao-camilo-2\\\/#primaryimage\"},\"image\":{\"@id\":\"https:\\\/\\\/blog.saocamilo-sp.br\\\/index.php\\\/2024\\\/05\\\/07\\\/sao-camilo-2\\\/#primaryimage\"},\"thumbnailUrl\":\"https:\\\/\\\/blog.saocamilo-sp.br\\\/wp-content\\\/uploads\\\/2024\\\/05\\\/MicrosoftTeams-image-303.png\",\"datePublished\":\"2024-05-07T19:04:44+00:00\",\"dateModified\":\"2024-05-07T19:29:50+00:00\",\"description\":\"Inscri\u00e7\u00f5es podem ser feitas at\u00e9 Agosto para 13 cursos de gradua\u00e7\u00e3o nas modalidades presenciais e a dist\u00e2ncia\",\"breadcrumb\":{\"@id\":\"https:\\\/\\\/blog.saocamilo-sp.br\\\/index.php\\\/2024\\\/05\\\/07\\\/sao-camilo-2\\\/#breadcrumb\"},\"inLanguage\":\"pt-BR\",\"potentialAction\":[{\"@type\":\"ReadAction\",\"target\":[\"https:\\\/\\\/blog.saocamilo-sp.br\\\/index.php\\\/2024\\\/05\\\/07\\\/sao-camilo-2\\\/\"]}]},{\"@type\":\"ImageObject\",\"inLanguage\":\"pt-BR\",\"@id\":\"https:\\\/\\\/blog.saocamilo-sp.br\\\/index.php\\\/2024\\\/05\\\/07\\\/sao-camilo-2\\\/#primaryimage\",\"url\":\"https:\\\/\\\/blog.saocamilo-sp.br\\\/wp-content\\\/uploads\\\/2024\\\/05\\\/MicrosoftTeams-image-303.png\",\"contentUrl\":\"https:\\\/\\\/blog.saocamilo-sp.br\\\/wp-content\\\/uploads\\\/2024\\\/05\\\/MicrosoftTeams-image-303.png\",\"width\":1080,\"height\":1080},{\"@type\":\"BreadcrumbList\",\"@id\":\"https:\\\/\\\/blog.saocamilo-sp.br\\\/index.php\\\/2024\\\/05\\\/07\\\/sao-camilo-2\\\/#breadcrumb\",\"itemListElement\":[{\"@type\":\"ListItem\",\"position\":1,\"name\":\"In\u00edcio\",\"item\":\"https:\\\/\\\/blog.saocamilo-sp.br\\\/\"},{\"@type\":\"ListItem\",\"position\":2,\"name\":\"Centro Universit\u00e1rio S\u00e3o Camilo &#8211; SP abre inscri\u00e7\u00f5es para Vestibular 2024.2\"}]},{\"@type\":\"WebSite\",\"@id\":\"https:\\\/\\\/blog.saocamilo-sp.br\\\/#website\",\"url\":\"https:\\\/\\\/blog.saocamilo-sp.br\\\/\",\"name\":\"Blog S\u00e3o Camilo\",\"description\":\"Blog do Centro Universit\u00e1rio S\u00e3o Camilo\",\"publisher\":{\"@id\":\"https:\\\/\\\/blog.saocamilo-sp.br\\\/#organization\"},\"potentialAction\":[{\"@type\":\"SearchAction\",\"target\":{\"@type\":\"EntryPoint\",\"urlTemplate\":\"https:\\\/\\\/blog.saocamilo-sp.br\\\/?s={search_term_string}\"},\"query-input\":{\"@type\":\"PropertyValueSpecification\",\"valueRequired\":true,\"valueName\":\"search_term_string\"}}],\"inLanguage\":\"pt-BR\"},{\"@type\":\"Organization\",\"@id\":\"https:\\\/\\\/blog.saocamilo-sp.br\\\/#organization\",\"name\":\"Blog S\u00e3o Camilo\",\"url\":\"https:\\\/\\\/blog.saocamilo-sp.br\\\/\",\"logo\":{\"@type\":\"ImageObject\",\"inLanguage\":\"pt-BR\",\"@id\":\"https:\\\/\\\/blog.saocamilo-sp.br\\\/#\\\/schema\\\/logo\\\/image\\\/\",\"url\":\"https:\\\/\\\/blog.saocamilo-sp.br\\\/wp-content\\\/uploads\\\/2021\\\/12\\\/cropped-vazio-logo-topo.png\",\"contentUrl\":\"https:\\\/\\\/blog.saocamilo-sp.br\\\/wp-content\\\/uploads\\\/2021\\\/12\\\/cropped-vazio-logo-topo.png\",\"width\":320,\"height\":240,\"caption\":\"Blog S\u00e3o Camilo\"},\"image\":{\"@id\":\"https:\\\/\\\/blog.saocamilo-sp.br\\\/#\\\/schema\\\/logo\\\/image\\\/\"},\"sameAs\":[\"https:\\\/\\\/www.facebook.com\\\/saocamilosp\",\"https:\\\/\\\/x.com\\\/saocamilosp\",\"https:\\\/\\\/www.linkedin.com\\\/school\\\/centro-universit-rio-s-o-camilo\\\/\"]},{\"@type\":\"Person\",\"@id\":\"https:\\\/\\\/blog.saocamilo-sp.br\\\/#\\\/schema\\\/person\\\/781135418152912d4b58f2db13a2eaf0\",\"name\":\"Lucas Soares Gon\u00e7alves\",\"image\":{\"@type\":\"ImageObject\",\"inLanguage\":\"pt-BR\",\"@id\":\"https:\\\/\\\/secure.gravatar.com\\\/avatar\\\/bcd2d703cbb48116eaac2cac8643792535238ff30b2d7ce9e16f9254ec9cae83?s=96&d=mm&r=g\",\"url\":\"https:\\\/\\\/secure.gravatar.com\\\/avatar\\\/bcd2d703cbb48116eaac2cac8643792535238ff30b2d7ce9e16f9254ec9cae83?s=96&d=mm&r=g\",\"contentUrl\":\"https:\\\/\\\/secure.gravatar.com\\\/avatar\\\/bcd2d703cbb48116eaac2cac8643792535238ff30b2d7ce9e16f9254ec9cae83?s=96&d=mm&r=g\",\"caption\":\"Lucas Soares Gon\u00e7alves\"},\"url\":\"https:\\\/\\\/blog.saocamilo-sp.br\\\/index.php\\\/author\\\/lucas-soares-goncalves\\\/\"}]}<\/script>\n<!-- \/ Yoast SEO plugin. -->","yoast_head_json":{"title":"Centro Universit\u00e1rio S\u00e3o Camilo - SP abre inscri\u00e7\u00f5es para Vestibular 2024.2 - Blog S\u00e3o Camilo","description":"Inscri\u00e7\u00f5es podem ser feitas at\u00e9 Agosto para 13 cursos de gradua\u00e7\u00e3o nas modalidades presenciais e a dist\u00e2ncia","robots":{"index":"index","follow":"follow","max-snippet":"max-snippet:-1","max-image-preview":"max-image-preview:large","max-video-preview":"max-video-preview:-1"},"canonical":"https:\/\/blog.saocamilo-sp.br\/index.php\/2024\/05\/07\/sao-camilo-2\/","og_locale":"pt_BR","og_type":"article","og_title":"Centro Universit\u00e1rio S\u00e3o Camilo - SP abre inscri\u00e7\u00f5es para Vestibular 2024.2 - Blog S\u00e3o Camilo","og_description":"Inscri\u00e7\u00f5es podem ser feitas at\u00e9 Agosto para 13 cursos de gradua\u00e7\u00e3o nas modalidades presenciais e a dist\u00e2ncia","og_url":"https:\/\/blog.saocamilo-sp.br\/index.php\/2024\/05\/07\/sao-camilo-2\/","og_site_name":"Blog S\u00e3o Camilo","article_publisher":"https:\/\/www.facebook.com\/saocamilosp","article_published_time":"2024-05-07T19:04:44+00:00","article_modified_time":"2024-05-07T19:29:50+00:00","og_image":[{"width":1080,"height":1080,"url":"https:\/\/blog.saocamilo-sp.br\/wp-content\/uploads\/2024\/05\/MicrosoftTeams-image-303.png","type":"image\/png"}],"author":"Lucas Soares Gon\u00e7alves","twitter_card":"summary_large_image","twitter_creator":"@saocamilosp","twitter_site":"@saocamilosp","twitter_misc":{"Escrito por":"Lucas Soares Gon\u00e7alves","Est. tempo de leitura":"3 minutos"},"schema":{"@context":"https:\/\/schema.org","@graph":[{"@type":"Article","@id":"https:\/\/blog.saocamilo-sp.br\/index.php\/2024\/05\/07\/sao-camilo-2\/#article","isPartOf":{"@id":"https:\/\/blog.saocamilo-sp.br\/index.php\/2024\/05\/07\/sao-camilo-2\/"},"author":{"name":"Lucas Soares Gon\u00e7alves","@id":"https:\/\/blog.saocamilo-sp.br\/#\/schema\/person\/781135418152912d4b58f2db13a2eaf0"},"headline":"Centro Universit\u00e1rio S\u00e3o Camilo &#8211; SP abre inscri\u00e7\u00f5es para Vestibular 2024.2","datePublished":"2024-05-07T19:04:44+00:00","dateModified":"2024-05-07T19:29:50+00:00","mainEntityOfPage":{"@id":"https:\/\/blog.saocamilo-sp.br\/index.php\/2024\/05\/07\/sao-camilo-2\/"},"wordCount":452,"commentCount":0,"publisher":{"@id":"https:\/\/blog.saocamilo-sp.br\/#organization"},"image":{"@id":"https:\/\/blog.saocamilo-sp.br\/index.php\/2024\/05\/07\/sao-camilo-2\/#primaryimage"},"thumbnailUrl":"https:\/\/blog.saocamilo-sp.br\/wp-content\/uploads\/2024\/05\/MicrosoftTeams-image-303.png","keywords":["internacional","Vida Universit\u00e1ria"],"articleSection":["Vestibular"],"inLanguage":"pt-BR","potentialAction":[{"@type":"CommentAction","name":"Comment","target":["https:\/\/blog.saocamilo-sp.br\/index.php\/2024\/05\/07\/sao-camilo-2\/#respond"]}]},{"@type":"WebPage","@id":"https:\/\/blog.saocamilo-sp.br\/index.php\/2024\/05\/07\/sao-camilo-2\/","url":"https:\/\/blog.saocamilo-sp.br\/index.php\/2024\/05\/07\/sao-camilo-2\/","name":"Centro Universit\u00e1rio S\u00e3o Camilo - SP abre inscri\u00e7\u00f5es para Vestibular 2024.2 - Blog S\u00e3o Camilo","isPartOf":{"@id":"https:\/\/blog.saocamilo-sp.br\/#website"},"primaryImageOfPage":{"@id":"https:\/\/blog.saocamilo-sp.br\/index.php\/2024\/05\/07\/sao-camilo-2\/#primaryimage"},"image":{"@id":"https:\/\/blog.saocamilo-sp.br\/index.php\/2024\/05\/07\/sao-camilo-2\/#primaryimage"},"thumbnailUrl":"https:\/\/blog.saocamilo-sp.br\/wp-content\/uploads\/2024\/05\/MicrosoftTeams-image-303.png","datePublished":"2024-05-07T19:04:44+00:00","dateModified":"2024-05-07T19:29:50+00:00","description":"Inscri\u00e7\u00f5es podem ser feitas at\u00e9 Agosto para 13 cursos de gradua\u00e7\u00e3o nas modalidades presenciais e a dist\u00e2ncia","breadcrumb":{"@id":"https:\/\/blog.saocamilo-sp.br\/index.php\/2024\/05\/07\/sao-camilo-2\/#breadcrumb"},"inLanguage":"pt-BR","potentialAction":[{"@type":"ReadAction","target":["https:\/\/blog.saocamilo-sp.br\/index.php\/2024\/05\/07\/sao-camilo-2\/"]}]},{"@type":"ImageObject","inLanguage":"pt-BR","@id":"https:\/\/blog.saocamilo-sp.br\/index.php\/2024\/05\/07\/sao-camilo-2\/#primaryimage","url":"https:\/\/blog.saocamilo-sp.br\/wp-content\/uploads\/2024\/05\/MicrosoftTeams-image-303.png","contentUrl":"https:\/\/blog.saocamilo-sp.br\/wp-content\/uploads\/2024\/05\/MicrosoftTeams-image-303.png","width":1080,"height":1080},{"@type":"BreadcrumbList","@id":"https:\/\/blog.saocamilo-sp.br\/index.php\/2024\/05\/07\/sao-camilo-2\/#breadcrumb","itemListElement":[{"@type":"ListItem","position":1,"name":"In\u00edcio","item":"https:\/\/blog.saocamilo-sp.br\/"},{"@type":"ListItem","position":2,"name":"Centro Universit\u00e1rio S\u00e3o Camilo &#8211; SP abre inscri\u00e7\u00f5es para Vestibular 2024.2"}]},{"@type":"WebSite","@id":"https:\/\/blog.saocamilo-sp.br\/#website","url":"https:\/\/blog.saocamilo-sp.br\/","name":"Blog S\u00e3o Camilo","description":"Blog do Centro Universit\u00e1rio S\u00e3o Camilo","publisher":{"@id":"https:\/\/blog.saocamilo-sp.br\/#organization"},"potentialAction":[{"@type":"SearchAction","target":{"@type":"EntryPoint","urlTemplate":"https:\/\/blog.saocamilo-sp.br\/?s={search_term_string}"},"query-input":{"@type":"PropertyValueSpecification","valueRequired":true,"valueName":"search_term_string"}}],"inLanguage":"pt-BR"},{"@type":"Organization","@id":"https:\/\/blog.saocamilo-sp.br\/#organization","name":"Blog S\u00e3o Camilo","url":"https:\/\/blog.saocamilo-sp.br\/","logo":{"@type":"ImageObject","inLanguage":"pt-BR","@id":"https:\/\/blog.saocamilo-sp.br\/#\/schema\/logo\/image\/","url":"https:\/\/blog.saocamilo-sp.br\/wp-content\/uploads\/2021\/12\/cropped-vazio-logo-topo.png","contentUrl":"https:\/\/blog.saocamilo-sp.br\/wp-content\/uploads\/2021\/12\/cropped-vazio-logo-topo.png","width":320,"height":240,"caption":"Blog S\u00e3o Camilo"},"image":{"@id":"https:\/\/blog.saocamilo-sp.br\/#\/schema\/logo\/image\/"},"sameAs":["https:\/\/www.facebook.com\/saocamilosp","https:\/\/x.com\/saocamilosp","https:\/\/www.linkedin.com\/school\/centro-universit-rio-s-o-camilo\/"]},{"@type":"Person","@id":"https:\/\/blog.saocamilo-sp.br\/#\/schema\/person\/781135418152912d4b58f2db13a2eaf0","name":"Lucas Soares Gon\u00e7alves","image":{"@type":"ImageObject","inLanguage":"pt-BR","@id":"https:\/\/secure.gravatar.com\/avatar\/bcd2d703cbb48116eaac2cac8643792535238ff30b2d7ce9e16f9254ec9cae83?s=96&d=mm&r=g","url":"https:\/\/secure.gravatar.com\/avatar\/bcd2d703cbb48116eaac2cac8643792535238ff30b2d7ce9e16f9254ec9cae83?s=96&d=mm&r=g","contentUrl":"https:\/\/secure.gravatar.com\/avatar\/bcd2d703cbb48116eaac2cac8643792535238ff30b2d7ce9e16f9254ec9cae83?s=96&d=mm&r=g","caption":"Lucas Soares Gon\u00e7alves"},"url":"https:\/\/blog.saocamilo-sp.br\/index.php\/author\/lucas-soares-goncalves\/"}]}},"_links":{"self":[{"href":"https:\/\/blog.saocamilo-sp.br\/index.php\/wp-json\/wp\/v2\/posts\/2503","targetHints":{"allow":["GET"]}}],"collection":[{"href":"https:\/\/blog.saocamilo-sp.br\/index.php\/wp-json\/wp\/v2\/posts"}],"about":[{"href":"https:\/\/blog.saocamilo-sp.br\/index.php\/wp-json\/wp\/v2\/types\/post"}],"author":[{"embeddable":true,"href":"https:\/\/blog.saocamilo-sp.br\/index.php\/wp-json\/wp\/v2\/users\/4"}],"replies":[{"embeddable":true,"href":"https:\/\/blog.saocamilo-sp.br\/index.php\/wp-json\/wp\/v2\/comments?post=2503"}],"version-history":[{"count":2,"href":"https:\/\/blog.saocamilo-sp.br\/index.php\/wp-json\/wp\/v2\/posts\/2503\/revisions"}],"predecessor-version":[{"id":2507,"href":"https:\/\/blog.saocamilo-sp.br\/index.php\/wp-json\/wp\/v2\/posts\/2503\/revisions\/2507"}],"wp:featuredmedia":[{"embeddable":true,"href":"https:\/\/blog.saocamilo-sp.br\/index.php\/wp-json\/wp\/v2\/media\/2504"}],"wp:attachment":[{"href":"https:\/\/blog.saocamilo-sp.br\/index.php\/wp-json\/wp\/v2\/media?parent=2503"}],"wp:term":[{"taxonomy":"category","embeddable":true,"href":"https:\/\/blog.saocamilo-sp.br\/index.php\/wp-json\/wp\/v2\/categories?post=2503"},{"taxonomy":"post_tag","embeddable":true,"href":"https:\/\/blog.saocamilo-sp.br\/index.php\/wp-json\/wp\/v2\/tags?post=2503"}],"curies":[{"name":"wp","href":"https:\/\/api.w.org\/{rel}","templated":true}]}}