{"id":2514,"date":"2024-05-17T15:42:56","date_gmt":"2024-05-17T18:42:56","guid":{"rendered":"https:\/\/blog.saocamilo-sp.br\/?p=2514"},"modified":"2024-05-17T16:50:18","modified_gmt":"2024-05-17T19:50:18","slug":"dia-do-pedagogo-conheca-as-areas-de-atuacao-desse-profissional","status":"publish","type":"post","link":"https:\/\/blog.saocamilo-sp.br\/index.php\/2024\/05\/17\/dia-do-pedagogo-conheca-as-areas-de-atuacao-desse-profissional\/","title":{"rendered":"Dia do Pedagogo: conhe\u00e7a as \u00e1reas de atua\u00e7\u00e3o desse profissional"},"content":{"rendered":"\n<p><\/p>\n\n\n\n<p>O Dia da(o) Pedagoga(o) foi institu\u00eddo pela Lei n.13.083\/2015, objetivando refor\u00e7ar a import\u00e2ncia social dessa profiss\u00e3o. Esse profisisonal est\u00e1 \u00e0 frente da execu\u00e7\u00e3o e coordena\u00e7\u00e3o de v\u00e1rias tarefas na \u00e1rea da educa\u00e7\u00e3o.  Al\u00e9m disso, desempenha um papel fundamental nos espa\u00e7os em que a educa\u00e7\u00e3o \u00e9 trabalhada de forma sistematizada.<\/p>\n\n\n\n<h3 class=\"wp-block-heading\">Vamos conhecer melhor o que faz esse importante profissional?<\/h3>\n\n\n\n<p>A(o) Pedagoga(o) trabalha com a organiza\u00e7\u00e3o e estrutura\u00e7\u00e3o dos processos educativos que ocorrem em v\u00e1rios espa\u00e7os, para al\u00e9m da escola e sala de aula formal. Ent\u00e3o, vamos conhecer as possibilidades de atua\u00e7\u00e3o de quem se forma nessa \u00e1rea.<\/p>\n\n\n\n<p><\/p>\n\n\n\n<h3 class=\"wp-block-heading\">1) Doc\u00eancia na educa\u00e7\u00e3o infantil e nos anos iniciais do ensino fundamental<\/h3>\n\n\n\n<figure class=\"wp-block-image size-full is-resized\"><img loading=\"lazy\" decoding=\"async\" src=\"https:\/\/blog.saocamilo-sp.br\/wp-content\/uploads\/2024\/05\/image.png\" alt=\"\" class=\"wp-image-2545\" width=\"235\" height=\"232\"\/><\/figure>\n\n\n\n<p><br><br>Come\u00e7aremos falando da mais conhecida e a que, efetivamente, possibilita maior empregabilidade que \u00e9 a doc\u00eancia na educa\u00e7\u00e3o infantil e nos anos iniciais do ensino fundamental.<br><br>S\u00f3 est\u00e1 habilitado a trabalhar como professor(a) na educa\u00e7\u00e3o infantil e nos anos iniciais do ensino fundamental quem faz Pedagogia. Nesse curos o estudante percorre v\u00e1rias disciplinas que possibilitam compreender como os beb\u00eas e crian\u00e7as pequenas se desenvolvem e aprendem. Dessa forma, a(o) Pedagoga(o) consegue planejar atividades adequadas para que esse desenvolvimento e aprendizagem ocorram de forma mais eficaz.<\/p>\n\n\n\n<p><\/p>\n\n\n\n<h3 class=\"wp-block-heading\">2) Gest\u00e3o Educacional<\/h3>\n\n\n\n<figure class=\"wp-block-image size-full is-resized\"><img loading=\"lazy\" decoding=\"async\" src=\"https:\/\/blog.saocamilo-sp.br\/wp-content\/uploads\/2024\/05\/17de936d-eeeb-4a5e-984f-a8f2d8f88ebf-1.png\" alt=\"\" class=\"wp-image-2539\" width=\"248\" height=\"248\"\/><\/figure>\n\n\n\n<p>Outra \u00e1rea de atua\u00e7\u00e3o \u00e9 na gest\u00e3o dos espa\u00e7os educativos, trabalhando como Coordenador(a) Pedag\u00f3gico(a); Orientador(a) Educacional; Diretor(a) de Escola e\/ou Supervisor(a) Escolar.<\/p>\n\n\n\n<h3 class=\"wp-block-heading\"><br>3) Empresas, editoras e afins, uma atua\u00e7\u00e3o al\u00e9m da escola?<\/h3>\n\n\n\n<figure class=\"wp-block-image size-full is-resized\"><img loading=\"lazy\" decoding=\"async\" src=\"https:\/\/blog.saocamilo-sp.br\/wp-content\/uploads\/2024\/05\/a2519a17-936b-48e1-8ee7-010dbd3d6089.jpg\" alt=\"\" class=\"wp-image-2536\" width=\"220\" height=\"220\"\/><\/figure>\n\n\n\n<p>Se o(a) pedagogo(a) \u00e9 o profissional que organiza e estrutura os processos educativos, ele pode atuar tamb\u00e9m em empresas e editoras, na elabora\u00e7\u00e3o de material did\u00e1tico, assim como junto com equipes que planejam e constroem jogos e brinquedos educativos.<\/p>\n\n\n\n<p>Tamb\u00e9m em museus e outros espa\u00e7os, que costumamos denominar de n\u00e3o-formais, que desenvolvem propostas educativas com crian\u00e7as, adolescentes, jovens e adultos, como por exemplo, em brinquedotecas, em Organiza\u00e7\u00f5es da Sociedade Civil, Institutos, Funda\u00e7\u00f5es e pris\u00f5es (educa\u00e7\u00e3o prisional e com coletivos em situa\u00e7\u00e3o de vulnerabilidade).<\/p>\n\n\n\n<p><\/p>\n\n\n\n<h3 class=\"wp-block-heading\">4) Pedagogia Hospitalar<\/h3>\n\n\n\n<figure class=\"wp-block-image size-full is-resized\"><img loading=\"lazy\" decoding=\"async\" src=\"https:\/\/blog.saocamilo-sp.br\/wp-content\/uploads\/2024\/05\/00b329c2-6d2e-4e16-8abf-9e2566796a68.jpeg\" alt=\"\" class=\"wp-image-2537\" width=\"232\" height=\"232\"\/><\/figure>\n\n\n\n<p>O Pedagogo Hospitalar tem um papel muito importante na garantia do acesso \u00e0 educa\u00e7\u00e3o para as crian\u00e7as e adolescentes que passam por interna\u00e7\u00f5es de longa perman\u00eancia, adaptando as atividades para as condi\u00e7\u00f5es do estudante hospitalizado. Contribu\u00ed para a recupera\u00e7\u00e3o da crian\u00e7a\/adolescente, na medida em que auxilia para a humaniza\u00e7\u00e3o do contexto hospitalar<\/p>\n\n\n\n<h3 class=\"wp-block-heading\">5) Pedagogia Empresarial<\/h3>\n\n\n\n<figure class=\"wp-block-image size-full is-resized\"><img loading=\"lazy\" decoding=\"async\" src=\"https:\/\/blog.saocamilo-sp.br\/wp-content\/uploads\/2024\/05\/db401dd2-e6ca-48ff-94bd-a095fd6c1684.jpg\" alt=\"\" class=\"wp-image-2534\" width=\"258\" height=\"258\"\/><\/figure>\n\n\n\n<p>Destacamos tamb\u00e9m a Pedagogia Empresarial, na qual a(o) Pedagoga(o) planeja e organiza a\u00e7\u00f5es para o desenvolvimento pessoal e profissional dos funcion\u00e1rios, por meio da educa\u00e7\u00e3o corporativa, promovendo cursos, palestras e afins. Pode tamb\u00e9m desenvolver atividades de integra\u00e7\u00e3o entre os colaboradores, seus familiares e a comunidade do entorno.<\/p>\n\n\n\n<p><\/p>\n\n\n\n<h3 class=\"wp-block-heading\">6) Pesquisas em Educa\u00e7\u00e3o<\/h3>\n\n\n\n<figure class=\"wp-block-image size-full is-resized\"><img loading=\"lazy\" decoding=\"async\" src=\"https:\/\/blog.saocamilo-sp.br\/wp-content\/uploads\/2024\/05\/1e623607-ec0c-4456-8d6b-d055dbcf9383.png\" alt=\"\" class=\"wp-image-2533\" width=\"220\" height=\"220\"\/><\/figure>\n\n\n\n<p>A(o) Pedagoga(o) ainda pode seguir, de forma exclusiva ou de forma concomitante com outras atua\u00e7\u00f5es da \u00e1rea, desenvolvendo pesquisas em educa\u00e7\u00e3o. O trabalho com a pesquisa fortalece essa \u00e1rea do conhecimento, possibilitando a constru\u00e7\u00e3o de novos saberes acerca dos processos educativos.<\/p>\n\n\n\n<p><\/p>\n\n\n\n<p>Percebeu como s\u00e3o v\u00e1rias as possibilidades de atua\u00e7\u00e3o do Pedagogo? Portanto \u00e9 uma profiss\u00e3o com boas perspectivas para o futuro, em virtude do amplo mercado de trabalho que se abre para quem tem uma boa forma\u00e7\u00e3o na \u00e1rea.<\/p>\n\n\n\n<h3 class=\"wp-block-heading\">Sobre o curso de Pedagogia da S\u00e3o Camilo<\/h3>\n\n\n\n<p>E \u00e9 isso que o<a href=\"https:\/\/saocamilo-sp.br\/graduacao\/a_distancia\/pedagogia\"> <\/a><a href=\"https:\/\/saocamilo-sp.br\/graduacao\/a_distancia\/pedagogia\" target=\"_blank\" rel=\"noreferrer noopener\">curso de Pedagogia<\/a> do Centro Universit\u00e1rio S\u00e3o Camilo oferece: um curso com qualidade, que trabalha com Unidades Educacionais que propiciam ao discente o contato com todo esse campo de atua\u00e7\u00e3o apresentado neste texto.<\/p>\n\n\n\n<p>Portanto, em nome de toda a equipe do curso de Pedagogia do Centro Universit\u00e1rio S\u00e3o Camilo, expresso nossa mais profunda gratid\u00e3o pelo compromisso e dedica\u00e7\u00e3o que as(os) profissionais da pedagogia demonstram todos os dias. N\u00e3o se esque\u00e7am que nossa atua\u00e7\u00e3o profissional influ\u00eancia de forma fundamental o desenvolvimento intelectual, emocional e social de crian\u00e7as e jovens, portanto, das novas gera\u00e7\u00f5es. De que somos agentes muito importantes no processo de transforma\u00e7\u00e3o social, incentivando o pensamento cr\u00edtico, a criatividade, o respeito e a solidariedade, em oposi\u00e7\u00e3o ao \u00f3dio, ao preconceito e a intoler\u00e2ncia.<\/p>\n\n\n\n<blockquote class=\"wp-block-quote is-layout-flow wp-block-quote-is-layout-flow\">\n<p>Neste Dia da(o) Pedagoga(o), celebremos juntas e juntos nossas conquistas, nossos desafios superados e as infinitas possibilidades que ainda est\u00e3o por vir. Que possamos continuar a colaborar, aprender e crescer juntas e juntos, em busca de uma educa\u00e7\u00e3o cada vez mais inclusiva, humanizada e transformadora.<\/p>\n\n\n\n<p>Parab\u00e9ns e que este dia seja repleto de reconhecimento, carinho e orgulho pelo trabalho que realizamos!<\/p>\n\n\n\n<p><\/p>\n<cite>Professora Luciane Pedro<\/cite><\/blockquote>\n\n\n\n<p>Texto: Profa. Luciane Pedro<br><\/p>\n\n\n\n<p><strong>Veja tamb\u00e9m: <\/strong><\/p>\n\n\n\n<ul class=\"wp-block-list\">\n<li><a href=\"https:\/\/blog.saocamilo-sp.br\/index.php\/2023\/05\/25\/plastinado-von-hagens-sao-camilo-revoluciona-no-ensino\/\"><a href=\"https:\/\/blog.saocamilo-sp.br\/index.php\/2023\/03\/29\/docente-e-estudantes-camilianos-falam-sobre-convivio-entre-geracoes-a-folha\/\">Docente e estudantes camilianos falam sobre o conv\u00edvio entre gera\u00e7\u00f5es \u00e0 Folha<\/a><\/a><\/li>\n\n\n\n<li><a href=\"https:\/\/blog.saocamilo-sp.br\/index.php\/2023\/05\/19\/profissao-de-pedagogo-curiosidades-profissao\/\">Pedagogo: confira cinco curiosidades sobre esta profiss\u00e3o<\/a><\/li>\n\n\n\n<li><a href=\"https:\/\/blog.saocamilo-sp.br\/index.php\/2022\/01\/18\/como-funciona-um-curso-ead\/\">Como funciona um curso EaD?<\/a><\/li>\n<\/ul>\n\n\n\n<p><\/p>\n\n\n\n<p>Saiba mais sobre nossos cursos:<\/p>\n\n\n\n<iframe loading=\"lazy\" src=\"https:\/\/saocamilo.apprbs.com.br\/tenho-interesse-blog\" height=\"530px\" width=\"100%\" frameborder=\"0\"><\/iframe>\n\n\n\n<p>Compartilhe em:<\/p>\n","protected":false},"excerpt":{"rendered":"<p>A data refor\u00e7a a import\u00e2ncia social dessa profiss\u00e3o, que est\u00e1 \u00e0 frente da execu\u00e7\u00e3o e coordena\u00e7\u00e3o de v\u00e1rias tarefas na \u00e1rea da educa\u00e7\u00e3o.<\/p>\n","protected":false},"author":11,"featured_media":2515,"comment_status":"open","ping_status":"open","sticky":false,"template":"","format":"standard","meta":{"cybocfi_hide_featured_image":"","footnotes":""},"categories":[1,36,82],"tags":[44,89],"class_list":["post-2514","post","type-post","status-publish","format-standard","has-post-thumbnail","hentry","category-cursos","category-ead","category-pedagogia","tag-educacao","tag-mercado-de-trabalho"],"yoast_head":"<!-- This site is optimized with the Yoast SEO plugin v27.4 - https:\/\/yoast.com\/product\/yoast-seo-wordpress\/ -->\n<title>Dia do Pedagogo: conhe\u00e7a as \u00e1reas de atua\u00e7\u00e3o desse profissional<\/title>\n<meta name=\"description\" content=\"A data refor\u00e7a a import\u00e2ncia social do Pedagogo, que est\u00e1 \u00e0 frente da execu\u00e7\u00e3o e coordena\u00e7\u00e3o de v\u00e1rias tarefas na \u00e1rea da educa\u00e7\u00e3o.\" \/>\n<meta name=\"robots\" content=\"index, follow, max-snippet:-1, max-image-preview:large, max-video-preview:-1\" \/>\n<link rel=\"canonical\" href=\"https:\/\/blog.saocamilo-sp.br\/index.php\/2024\/05\/17\/dia-do-pedagogo-conheca-as-areas-de-atuacao-desse-profissional\/\" \/>\n<meta property=\"og:locale\" content=\"pt_BR\" \/>\n<meta property=\"og:type\" content=\"article\" \/>\n<meta property=\"og:title\" content=\"Dia do Pedagogo: conhe\u00e7a as \u00e1reas de atua\u00e7\u00e3o desse profissional\" \/>\n<meta property=\"og:description\" content=\"A data refor\u00e7a a import\u00e2ncia social do Pedagogo, que est\u00e1 \u00e0 frente da execu\u00e7\u00e3o e coordena\u00e7\u00e3o de v\u00e1rias tarefas na \u00e1rea da educa\u00e7\u00e3o.\" \/>\n<meta property=\"og:url\" content=\"https:\/\/blog.saocamilo-sp.br\/index.php\/2024\/05\/17\/dia-do-pedagogo-conheca-as-areas-de-atuacao-desse-profissional\/\" \/>\n<meta property=\"og:site_name\" content=\"Blog S\u00e3o Camilo\" \/>\n<meta property=\"article:publisher\" content=\"https:\/\/www.facebook.com\/saocamilosp\" \/>\n<meta property=\"article:published_time\" content=\"2024-05-17T18:42:56+00:00\" \/>\n<meta property=\"article:modified_time\" content=\"2024-05-17T19:50:18+00:00\" \/>\n<meta property=\"og:image\" content=\"https:\/\/blog.saocamilo-sp.br\/wp-content\/uploads\/2024\/05\/Dia-do-Pedagogo.jpg\" \/>\n\t<meta property=\"og:image:width\" content=\"676\" \/>\n\t<meta property=\"og:image:height\" content=\"456\" \/>\n\t<meta property=\"og:image:type\" content=\"image\/jpeg\" \/>\n<meta name=\"author\" content=\"Christopher Oliveira dos Reis\" \/>\n<meta name=\"twitter:card\" content=\"summary_large_image\" \/>\n<meta name=\"twitter:creator\" content=\"@saocamilosp\" \/>\n<meta name=\"twitter:site\" content=\"@saocamilosp\" \/>\n<meta name=\"twitter:label1\" content=\"Escrito por\" \/>\n\t<meta name=\"twitter:data1\" content=\"Christopher Oliveira dos Reis\" \/>\n\t<meta name=\"twitter:label2\" content=\"Est. tempo de leitura\" \/>\n\t<meta name=\"twitter:data2\" content=\"5 minutos\" \/>\n<script type=\"application\/ld+json\" class=\"yoast-schema-graph\">{\"@context\":\"https:\\\/\\\/schema.org\",\"@graph\":[{\"@type\":\"Article\",\"@id\":\"https:\\\/\\\/blog.saocamilo-sp.br\\\/index.php\\\/2024\\\/05\\\/17\\\/dia-do-pedagogo-conheca-as-areas-de-atuacao-desse-profissional\\\/#article\",\"isPartOf\":{\"@id\":\"https:\\\/\\\/blog.saocamilo-sp.br\\\/index.php\\\/2024\\\/05\\\/17\\\/dia-do-pedagogo-conheca-as-areas-de-atuacao-desse-profissional\\\/\"},\"author\":{\"name\":\"Christopher Oliveira dos Reis\",\"@id\":\"https:\\\/\\\/blog.saocamilo-sp.br\\\/#\\\/schema\\\/person\\\/7dce5f342af0848eb2f06778b2737904\"},\"headline\":\"Dia do Pedagogo: conhe\u00e7a as \u00e1reas de atua\u00e7\u00e3o desse profissional\",\"datePublished\":\"2024-05-17T18:42:56+00:00\",\"dateModified\":\"2024-05-17T19:50:18+00:00\",\"mainEntityOfPage\":{\"@id\":\"https:\\\/\\\/blog.saocamilo-sp.br\\\/index.php\\\/2024\\\/05\\\/17\\\/dia-do-pedagogo-conheca-as-areas-de-atuacao-desse-profissional\\\/\"},\"wordCount\":850,\"commentCount\":1,\"publisher\":{\"@id\":\"https:\\\/\\\/blog.saocamilo-sp.br\\\/#organization\"},\"image\":{\"@id\":\"https:\\\/\\\/blog.saocamilo-sp.br\\\/index.php\\\/2024\\\/05\\\/17\\\/dia-do-pedagogo-conheca-as-areas-de-atuacao-desse-profissional\\\/#primaryimage\"},\"thumbnailUrl\":\"https:\\\/\\\/blog.saocamilo-sp.br\\\/wp-content\\\/uploads\\\/2024\\\/05\\\/Dia-do-Pedagogo.jpg\",\"keywords\":[\"educa\u00e7\u00e3o\",\"mercado de trabalho\"],\"articleSection\":[\"Cursos\",\"EAD\",\"Pedagogia\"],\"inLanguage\":\"pt-BR\",\"potentialAction\":[{\"@type\":\"CommentAction\",\"name\":\"Comment\",\"target\":[\"https:\\\/\\\/blog.saocamilo-sp.br\\\/index.php\\\/2024\\\/05\\\/17\\\/dia-do-pedagogo-conheca-as-areas-de-atuacao-desse-profissional\\\/#respond\"]}]},{\"@type\":\"WebPage\",\"@id\":\"https:\\\/\\\/blog.saocamilo-sp.br\\\/index.php\\\/2024\\\/05\\\/17\\\/dia-do-pedagogo-conheca-as-areas-de-atuacao-desse-profissional\\\/\",\"url\":\"https:\\\/\\\/blog.saocamilo-sp.br\\\/index.php\\\/2024\\\/05\\\/17\\\/dia-do-pedagogo-conheca-as-areas-de-atuacao-desse-profissional\\\/\",\"name\":\"Dia do Pedagogo: conhe\u00e7a as \u00e1reas de atua\u00e7\u00e3o desse profissional\",\"isPartOf\":{\"@id\":\"https:\\\/\\\/blog.saocamilo-sp.br\\\/#website\"},\"primaryImageOfPage\":{\"@id\":\"https:\\\/\\\/blog.saocamilo-sp.br\\\/index.php\\\/2024\\\/05\\\/17\\\/dia-do-pedagogo-conheca-as-areas-de-atuacao-desse-profissional\\\/#primaryimage\"},\"image\":{\"@id\":\"https:\\\/\\\/blog.saocamilo-sp.br\\\/index.php\\\/2024\\\/05\\\/17\\\/dia-do-pedagogo-conheca-as-areas-de-atuacao-desse-profissional\\\/#primaryimage\"},\"thumbnailUrl\":\"https:\\\/\\\/blog.saocamilo-sp.br\\\/wp-content\\\/uploads\\\/2024\\\/05\\\/Dia-do-Pedagogo.jpg\",\"datePublished\":\"2024-05-17T18:42:56+00:00\",\"dateModified\":\"2024-05-17T19:50:18+00:00\",\"description\":\"A data refor\u00e7a a import\u00e2ncia social do Pedagogo, que est\u00e1 \u00e0 frente da execu\u00e7\u00e3o e coordena\u00e7\u00e3o de v\u00e1rias tarefas na \u00e1rea da educa\u00e7\u00e3o.\",\"breadcrumb\":{\"@id\":\"https:\\\/\\\/blog.saocamilo-sp.br\\\/index.php\\\/2024\\\/05\\\/17\\\/dia-do-pedagogo-conheca-as-areas-de-atuacao-desse-profissional\\\/#breadcrumb\"},\"inLanguage\":\"pt-BR\",\"potentialAction\":[{\"@type\":\"ReadAction\",\"target\":[\"https:\\\/\\\/blog.saocamilo-sp.br\\\/index.php\\\/2024\\\/05\\\/17\\\/dia-do-pedagogo-conheca-as-areas-de-atuacao-desse-profissional\\\/\"]}]},{\"@type\":\"ImageObject\",\"inLanguage\":\"pt-BR\",\"@id\":\"https:\\\/\\\/blog.saocamilo-sp.br\\\/index.php\\\/2024\\\/05\\\/17\\\/dia-do-pedagogo-conheca-as-areas-de-atuacao-desse-profissional\\\/#primaryimage\",\"url\":\"https:\\\/\\\/blog.saocamilo-sp.br\\\/wp-content\\\/uploads\\\/2024\\\/05\\\/Dia-do-Pedagogo.jpg\",\"contentUrl\":\"https:\\\/\\\/blog.saocamilo-sp.br\\\/wp-content\\\/uploads\\\/2024\\\/05\\\/Dia-do-Pedagogo.jpg\",\"width\":3200,\"height\":2158,\"caption\":\"Dia do Pedagogo\"},{\"@type\":\"BreadcrumbList\",\"@id\":\"https:\\\/\\\/blog.saocamilo-sp.br\\\/index.php\\\/2024\\\/05\\\/17\\\/dia-do-pedagogo-conheca-as-areas-de-atuacao-desse-profissional\\\/#breadcrumb\",\"itemListElement\":[{\"@type\":\"ListItem\",\"position\":1,\"name\":\"In\u00edcio\",\"item\":\"https:\\\/\\\/blog.saocamilo-sp.br\\\/\"},{\"@type\":\"ListItem\",\"position\":2,\"name\":\"Dia do Pedagogo: conhe\u00e7a as \u00e1reas de atua\u00e7\u00e3o desse profissional\"}]},{\"@type\":\"WebSite\",\"@id\":\"https:\\\/\\\/blog.saocamilo-sp.br\\\/#website\",\"url\":\"https:\\\/\\\/blog.saocamilo-sp.br\\\/\",\"name\":\"Blog S\u00e3o Camilo\",\"description\":\"Blog do Centro Universit\u00e1rio S\u00e3o Camilo\",\"publisher\":{\"@id\":\"https:\\\/\\\/blog.saocamilo-sp.br\\\/#organization\"},\"potentialAction\":[{\"@type\":\"SearchAction\",\"target\":{\"@type\":\"EntryPoint\",\"urlTemplate\":\"https:\\\/\\\/blog.saocamilo-sp.br\\\/?s={search_term_string}\"},\"query-input\":{\"@type\":\"PropertyValueSpecification\",\"valueRequired\":true,\"valueName\":\"search_term_string\"}}],\"inLanguage\":\"pt-BR\"},{\"@type\":\"Organization\",\"@id\":\"https:\\\/\\\/blog.saocamilo-sp.br\\\/#organization\",\"name\":\"Blog S\u00e3o Camilo\",\"url\":\"https:\\\/\\\/blog.saocamilo-sp.br\\\/\",\"logo\":{\"@type\":\"ImageObject\",\"inLanguage\":\"pt-BR\",\"@id\":\"https:\\\/\\\/blog.saocamilo-sp.br\\\/#\\\/schema\\\/logo\\\/image\\\/\",\"url\":\"https:\\\/\\\/blog.saocamilo-sp.br\\\/wp-content\\\/uploads\\\/2021\\\/12\\\/cropped-vazio-logo-topo.png\",\"contentUrl\":\"https:\\\/\\\/blog.saocamilo-sp.br\\\/wp-content\\\/uploads\\\/2021\\\/12\\\/cropped-vazio-logo-topo.png\",\"width\":320,\"height\":240,\"caption\":\"Blog S\u00e3o Camilo\"},\"image\":{\"@id\":\"https:\\\/\\\/blog.saocamilo-sp.br\\\/#\\\/schema\\\/logo\\\/image\\\/\"},\"sameAs\":[\"https:\\\/\\\/www.facebook.com\\\/saocamilosp\",\"https:\\\/\\\/x.com\\\/saocamilosp\",\"https:\\\/\\\/www.linkedin.com\\\/school\\\/centro-universit-rio-s-o-camilo\\\/\"]},{\"@type\":\"Person\",\"@id\":\"https:\\\/\\\/blog.saocamilo-sp.br\\\/#\\\/schema\\\/person\\\/7dce5f342af0848eb2f06778b2737904\",\"name\":\"Christopher Oliveira dos Reis\",\"image\":{\"@type\":\"ImageObject\",\"inLanguage\":\"pt-BR\",\"@id\":\"https:\\\/\\\/secure.gravatar.com\\\/avatar\\\/b09a1361215d06f22999124838358b6855376e2b7287de883b723960b0c03f82?s=96&d=mm&r=g\",\"url\":\"https:\\\/\\\/secure.gravatar.com\\\/avatar\\\/b09a1361215d06f22999124838358b6855376e2b7287de883b723960b0c03f82?s=96&d=mm&r=g\",\"contentUrl\":\"https:\\\/\\\/secure.gravatar.com\\\/avatar\\\/b09a1361215d06f22999124838358b6855376e2b7287de883b723960b0c03f82?s=96&d=mm&r=g\",\"caption\":\"Christopher Oliveira dos Reis\"},\"url\":\"https:\\\/\\\/blog.saocamilo-sp.br\\\/index.php\\\/author\\\/christopher-reis\\\/\"}]}<\/script>\n<!-- \/ Yoast SEO plugin. -->","yoast_head_json":{"title":"Dia do Pedagogo: conhe\u00e7a as \u00e1reas de atua\u00e7\u00e3o desse profissional","description":"A data refor\u00e7a a import\u00e2ncia social do Pedagogo, que est\u00e1 \u00e0 frente da execu\u00e7\u00e3o e coordena\u00e7\u00e3o de v\u00e1rias tarefas na \u00e1rea da educa\u00e7\u00e3o.","robots":{"index":"index","follow":"follow","max-snippet":"max-snippet:-1","max-image-preview":"max-image-preview:large","max-video-preview":"max-video-preview:-1"},"canonical":"https:\/\/blog.saocamilo-sp.br\/index.php\/2024\/05\/17\/dia-do-pedagogo-conheca-as-areas-de-atuacao-desse-profissional\/","og_locale":"pt_BR","og_type":"article","og_title":"Dia do Pedagogo: conhe\u00e7a as \u00e1reas de atua\u00e7\u00e3o desse profissional","og_description":"A data refor\u00e7a a import\u00e2ncia social do Pedagogo, que est\u00e1 \u00e0 frente da execu\u00e7\u00e3o e coordena\u00e7\u00e3o de v\u00e1rias tarefas na \u00e1rea da educa\u00e7\u00e3o.","og_url":"https:\/\/blog.saocamilo-sp.br\/index.php\/2024\/05\/17\/dia-do-pedagogo-conheca-as-areas-de-atuacao-desse-profissional\/","og_site_name":"Blog S\u00e3o Camilo","article_publisher":"https:\/\/www.facebook.com\/saocamilosp","article_published_time":"2024-05-17T18:42:56+00:00","article_modified_time":"2024-05-17T19:50:18+00:00","og_image":[{"url":"https:\/\/blog.saocamilo-sp.br\/wp-content\/uploads\/2024\/05\/Dia-do-Pedagogo.jpg","width":676,"height":456,"type":"image\/jpeg"}],"author":"Christopher Oliveira dos Reis","twitter_card":"summary_large_image","twitter_creator":"@saocamilosp","twitter_site":"@saocamilosp","twitter_misc":{"Escrito por":"Christopher Oliveira dos Reis","Est. tempo de leitura":"5 minutos"},"schema":{"@context":"https:\/\/schema.org","@graph":[{"@type":"Article","@id":"https:\/\/blog.saocamilo-sp.br\/index.php\/2024\/05\/17\/dia-do-pedagogo-conheca-as-areas-de-atuacao-desse-profissional\/#article","isPartOf":{"@id":"https:\/\/blog.saocamilo-sp.br\/index.php\/2024\/05\/17\/dia-do-pedagogo-conheca-as-areas-de-atuacao-desse-profissional\/"},"author":{"name":"Christopher Oliveira dos Reis","@id":"https:\/\/blog.saocamilo-sp.br\/#\/schema\/person\/7dce5f342af0848eb2f06778b2737904"},"headline":"Dia do Pedagogo: conhe\u00e7a as \u00e1reas de atua\u00e7\u00e3o desse profissional","datePublished":"2024-05-17T18:42:56+00:00","dateModified":"2024-05-17T19:50:18+00:00","mainEntityOfPage":{"@id":"https:\/\/blog.saocamilo-sp.br\/index.php\/2024\/05\/17\/dia-do-pedagogo-conheca-as-areas-de-atuacao-desse-profissional\/"},"wordCount":850,"commentCount":1,"publisher":{"@id":"https:\/\/blog.saocamilo-sp.br\/#organization"},"image":{"@id":"https:\/\/blog.saocamilo-sp.br\/index.php\/2024\/05\/17\/dia-do-pedagogo-conheca-as-areas-de-atuacao-desse-profissional\/#primaryimage"},"thumbnailUrl":"https:\/\/blog.saocamilo-sp.br\/wp-content\/uploads\/2024\/05\/Dia-do-Pedagogo.jpg","keywords":["educa\u00e7\u00e3o","mercado de trabalho"],"articleSection":["Cursos","EAD","Pedagogia"],"inLanguage":"pt-BR","potentialAction":[{"@type":"CommentAction","name":"Comment","target":["https:\/\/blog.saocamilo-sp.br\/index.php\/2024\/05\/17\/dia-do-pedagogo-conheca-as-areas-de-atuacao-desse-profissional\/#respond"]}]},{"@type":"WebPage","@id":"https:\/\/blog.saocamilo-sp.br\/index.php\/2024\/05\/17\/dia-do-pedagogo-conheca-as-areas-de-atuacao-desse-profissional\/","url":"https:\/\/blog.saocamilo-sp.br\/index.php\/2024\/05\/17\/dia-do-pedagogo-conheca-as-areas-de-atuacao-desse-profissional\/","name":"Dia do Pedagogo: conhe\u00e7a as \u00e1reas de atua\u00e7\u00e3o desse profissional","isPartOf":{"@id":"https:\/\/blog.saocamilo-sp.br\/#website"},"primaryImageOfPage":{"@id":"https:\/\/blog.saocamilo-sp.br\/index.php\/2024\/05\/17\/dia-do-pedagogo-conheca-as-areas-de-atuacao-desse-profissional\/#primaryimage"},"image":{"@id":"https:\/\/blog.saocamilo-sp.br\/index.php\/2024\/05\/17\/dia-do-pedagogo-conheca-as-areas-de-atuacao-desse-profissional\/#primaryimage"},"thumbnailUrl":"https:\/\/blog.saocamilo-sp.br\/wp-content\/uploads\/2024\/05\/Dia-do-Pedagogo.jpg","datePublished":"2024-05-17T18:42:56+00:00","dateModified":"2024-05-17T19:50:18+00:00","description":"A data refor\u00e7a a import\u00e2ncia social do Pedagogo, que est\u00e1 \u00e0 frente da execu\u00e7\u00e3o e coordena\u00e7\u00e3o de v\u00e1rias tarefas na \u00e1rea da educa\u00e7\u00e3o.","breadcrumb":{"@id":"https:\/\/blog.saocamilo-sp.br\/index.php\/2024\/05\/17\/dia-do-pedagogo-conheca-as-areas-de-atuacao-desse-profissional\/#breadcrumb"},"inLanguage":"pt-BR","potentialAction":[{"@type":"ReadAction","target":["https:\/\/blog.saocamilo-sp.br\/index.php\/2024\/05\/17\/dia-do-pedagogo-conheca-as-areas-de-atuacao-desse-profissional\/"]}]},{"@type":"ImageObject","inLanguage":"pt-BR","@id":"https:\/\/blog.saocamilo-sp.br\/index.php\/2024\/05\/17\/dia-do-pedagogo-conheca-as-areas-de-atuacao-desse-profissional\/#primaryimage","url":"https:\/\/blog.saocamilo-sp.br\/wp-content\/uploads\/2024\/05\/Dia-do-Pedagogo.jpg","contentUrl":"https:\/\/blog.saocamilo-sp.br\/wp-content\/uploads\/2024\/05\/Dia-do-Pedagogo.jpg","width":3200,"height":2158,"caption":"Dia do Pedagogo"},{"@type":"BreadcrumbList","@id":"https:\/\/blog.saocamilo-sp.br\/index.php\/2024\/05\/17\/dia-do-pedagogo-conheca-as-areas-de-atuacao-desse-profissional\/#breadcrumb","itemListElement":[{"@type":"ListItem","position":1,"name":"In\u00edcio","item":"https:\/\/blog.saocamilo-sp.br\/"},{"@type":"ListItem","position":2,"name":"Dia do Pedagogo: conhe\u00e7a as \u00e1reas de atua\u00e7\u00e3o desse profissional"}]},{"@type":"WebSite","@id":"https:\/\/blog.saocamilo-sp.br\/#website","url":"https:\/\/blog.saocamilo-sp.br\/","name":"Blog S\u00e3o Camilo","description":"Blog do Centro Universit\u00e1rio S\u00e3o Camilo","publisher":{"@id":"https:\/\/blog.saocamilo-sp.br\/#organization"},"potentialAction":[{"@type":"SearchAction","target":{"@type":"EntryPoint","urlTemplate":"https:\/\/blog.saocamilo-sp.br\/?s={search_term_string}"},"query-input":{"@type":"PropertyValueSpecification","valueRequired":true,"valueName":"search_term_string"}}],"inLanguage":"pt-BR"},{"@type":"Organization","@id":"https:\/\/blog.saocamilo-sp.br\/#organization","name":"Blog S\u00e3o Camilo","url":"https:\/\/blog.saocamilo-sp.br\/","logo":{"@type":"ImageObject","inLanguage":"pt-BR","@id":"https:\/\/blog.saocamilo-sp.br\/#\/schema\/logo\/image\/","url":"https:\/\/blog.saocamilo-sp.br\/wp-content\/uploads\/2021\/12\/cropped-vazio-logo-topo.png","contentUrl":"https:\/\/blog.saocamilo-sp.br\/wp-content\/uploads\/2021\/12\/cropped-vazio-logo-topo.png","width":320,"height":240,"caption":"Blog S\u00e3o Camilo"},"image":{"@id":"https:\/\/blog.saocamilo-sp.br\/#\/schema\/logo\/image\/"},"sameAs":["https:\/\/www.facebook.com\/saocamilosp","https:\/\/x.com\/saocamilosp","https:\/\/www.linkedin.com\/school\/centro-universit-rio-s-o-camilo\/"]},{"@type":"Person","@id":"https:\/\/blog.saocamilo-sp.br\/#\/schema\/person\/7dce5f342af0848eb2f06778b2737904","name":"Christopher Oliveira dos Reis","image":{"@type":"ImageObject","inLanguage":"pt-BR","@id":"https:\/\/secure.gravatar.com\/avatar\/b09a1361215d06f22999124838358b6855376e2b7287de883b723960b0c03f82?s=96&d=mm&r=g","url":"https:\/\/secure.gravatar.com\/avatar\/b09a1361215d06f22999124838358b6855376e2b7287de883b723960b0c03f82?s=96&d=mm&r=g","contentUrl":"https:\/\/secure.gravatar.com\/avatar\/b09a1361215d06f22999124838358b6855376e2b7287de883b723960b0c03f82?s=96&d=mm&r=g","caption":"Christopher Oliveira dos Reis"},"url":"https:\/\/blog.saocamilo-sp.br\/index.php\/author\/christopher-reis\/"}]}},"_links":{"self":[{"href":"https:\/\/blog.saocamilo-sp.br\/index.php\/wp-json\/wp\/v2\/posts\/2514","targetHints":{"allow":["GET"]}}],"collection":[{"href":"https:\/\/blog.saocamilo-sp.br\/index.php\/wp-json\/wp\/v2\/posts"}],"about":[{"href":"https:\/\/blog.saocamilo-sp.br\/index.php\/wp-json\/wp\/v2\/types\/post"}],"author":[{"embeddable":true,"href":"https:\/\/blog.saocamilo-sp.br\/index.php\/wp-json\/wp\/v2\/users\/11"}],"replies":[{"embeddable":true,"href":"https:\/\/blog.saocamilo-sp.br\/index.php\/wp-json\/wp\/v2\/comments?post=2514"}],"version-history":[{"count":7,"href":"https:\/\/blog.saocamilo-sp.br\/index.php\/wp-json\/wp\/v2\/posts\/2514\/revisions"}],"predecessor-version":[{"id":2547,"href":"https:\/\/blog.saocamilo-sp.br\/index.php\/wp-json\/wp\/v2\/posts\/2514\/revisions\/2547"}],"wp:featuredmedia":[{"embeddable":true,"href":"https:\/\/blog.saocamilo-sp.br\/index.php\/wp-json\/wp\/v2\/media\/2515"}],"wp:attachment":[{"href":"https:\/\/blog.saocamilo-sp.br\/index.php\/wp-json\/wp\/v2\/media?parent=2514"}],"wp:term":[{"taxonomy":"category","embeddable":true,"href":"https:\/\/blog.saocamilo-sp.br\/index.php\/wp-json\/wp\/v2\/categories?post=2514"},{"taxonomy":"post_tag","embeddable":true,"href":"https:\/\/blog.saocamilo-sp.br\/index.php\/wp-json\/wp\/v2\/tags?post=2514"}],"curies":[{"name":"wp","href":"https:\/\/api.w.org\/{rel}","templated":true}]}}