{"id":253,"date":"2022-02-03T17:32:10","date_gmt":"2022-02-03T20:32:10","guid":{"rendered":"https:\/\/blog.saocamilo-sp.br\/?p=253"},"modified":"2023-02-13T23:23:53","modified_gmt":"2023-02-14T02:23:53","slug":"nutricao-e-saude","status":"publish","type":"post","link":"https:\/\/blog.saocamilo-sp.br\/index.php\/2022\/02\/03\/nutricao-e-saude\/","title":{"rendered":"Nutri\u00e7\u00e3o e Sa\u00fade"},"content":{"rendered":"\n<p>A gente sempre ouve algum boato na internet ou de algum amigo sobre nutri\u00e7\u00e3o e sa\u00fade. Quem n\u00e3o quer ter uma vida saud\u00e1vel, maior longevidade ou melhorar o rendimento esportivo? Aposto que voc\u00ea deve ter respondido: \u201ctodo mundo!\u201d. Pois \u00e9, um dos profissionais que podem ajudar neste processo \u00e9 o Nutricionista, uma vez que ele \u00e9 respons\u00e1vel pela promo\u00e7\u00e3o, recupera\u00e7\u00e3o e manuten\u00e7\u00e3o da sa\u00fade, por meio da alimenta\u00e7\u00e3o.<\/p>\n\n\n\n<p>\u201cNutri\u00e7\u00e3o est\u00e1 na boca do povo, voc\u00ea vai numa banca e, por exemplo, tem 10 t\u00edtulos relacionados \u00e0 Nutri\u00e7\u00e3o e Sa\u00fade. Voc\u00ea entra na internet e existem diversos canais sobre o assunto, por exemplo.\u201d, conta a professora <strong>Sandra Chemin, coordenadora do curso de <a href=\"https:\/\/saocamilo-sp.br\/graduacao\/presencial\/nutricao\" target=\"_blank\" rel=\"noreferrer noopener\">Nutri\u00e7\u00e3o<\/a> do <a href=\"https:\/\/saocamilo-sp.br\/\" target=\"_blank\" rel=\"noreferrer noopener\">Centro Universit\u00e1rio S\u00e3o Camilo<\/a><\/strong>.<\/p>\n\n\n\n<h3 class=\"wp-block-heading\">Nutri\u00e7\u00e3o al\u00e9m da dieta<\/h3>\n\n\n\n<p>Contudo, engana-se quem pensa que Nutri\u00e7\u00e3o fica somente relacionada a dieta. \u201cVai al\u00e9m de passar dieta, existe um grande campo de atua\u00e7\u00e3o. Por exemplo, area de produ\u00e7\u00e3o de alimentos, sa\u00fade coletiva (vigil\u00e2ncia sanit\u00e1ria, unidades b\u00e1sicas de sa\u00fade, programas governamentais), nutri\u00e7\u00e3o cl\u00ednica (hospitais, cl\u00ednicas e consult\u00f3rios), alimenta\u00e7\u00e3o institucional (em restaurantes industriais, comerciais, em hotelaria mar\u00edtima, terrestre e a\u00e9rea), marketing nutricional (cozinhas experimentais, atendimento ao consumidor, rotulagem de produtos)\u201d, explicou a professora. Nesse sentido, toda esta exposi\u00e7\u00e3o destaca ainda mais a import\u00e2ncia do nutricionista e, por consequ\u00eancia, garante uma alta empregabilidade.<\/p>\n\n\n\n<p>Ent\u00e3o, se interessou? O curso tem dura\u00e7\u00e3o de 4 anos e os alunos j\u00e1 v\u00e3o para a parte pr\u00e1tica j\u00e1 no primeiro ano. \u201cNossos laborat\u00f3rios de nutri\u00e7\u00e3o s\u00e3o refer\u00eancia nacional, com equipamentos de \u00faltima gera\u00e7\u00e3o para avalia\u00e7\u00e3o nutricional. Possu\u00edmos tamb\u00e9m uma cl\u00ednica especializada em avalia\u00e7\u00e3o nutricional para atletas e rendimento. A S\u00e3o Camilo tem muitos campos de est\u00e1gio 7\u00ba e 8\u00ba semestre com acompanhamento de professores\u201d, refor\u00e7a a professora.<\/p>\n\n\n\n<p>Ah, aqui no blog tem um v\u00eddeo muito legal sobre o dia uma de estagi\u00e1ria, que \u00e9 aluna do <a href=\"https:\/\/saocamilo-sp.br\/graduacao\/presencial\/nutricao\" target=\"_blank\" rel=\"noreferrer noopener\">curso de Nutri\u00e7\u00e3o da S\u00e3o Camilo<\/a>, no Hospital Hcor, em S\u00e3o Paulo. <a href=\"https:\/\/blog.saocamilo-sp.br\/index.php\/2021\/11\/09\/vida-de-estagiario-sao-camilo-nutricao\/\">Clique aqui<\/a> e assista!<\/p>\n\n\n\n<iframe loading=\"lazy\" src=\"https:\/\/saocamilo.apprbs.com.br\/tenho-interesse-blog\" height=\"530px\" width=\"100%\" frameborder=\"0\"><\/iframe>\n\n\n\n<p><\/p>\n","protected":false},"excerpt":{"rendered":"<p>Engana-se quem pensa que Nutri\u00e7\u00e3o fica somente relacionada a dieta.<\/p>\n","protected":false},"author":5,"featured_media":328,"comment_status":"open","ping_status":"open","sticky":false,"template":"","format":"standard","meta":{"cybocfi_hide_featured_image":"","footnotes":""},"categories":[1,24],"tags":[7,17,16],"class_list":["post-253","post","type-post","status-publish","format-standard","has-post-thumbnail","hentry","category-cursos","category-nutricao","tag-nutricao","tag-saude","tag-vida-universitaria"],"yoast_head":"<!-- This site is optimized with the Yoast SEO plugin v27.5 - https:\/\/yoast.com\/product\/yoast-seo-wordpress\/ -->\n<title>Nutri\u00e7\u00e3o e Sa\u00fade - Blog S\u00e3o Camilo<\/title>\n<meta name=\"description\" content=\"Engana-se quem pensa que Nutri\u00e7\u00e3o e Sa\u00fade fica somente relacionada a dieta ou receitas mirabolantes. Temos um grande campo de atua\u00e7\u00e3o!\" \/>\n<meta name=\"robots\" content=\"index, follow, max-snippet:-1, max-image-preview:large, max-video-preview:-1\" \/>\n<link rel=\"canonical\" href=\"https:\/\/blog.saocamilo-sp.br\/index.php\/2022\/02\/03\/nutricao-e-saude\/\" \/>\n<meta property=\"og:locale\" content=\"pt_BR\" \/>\n<meta property=\"og:type\" content=\"article\" \/>\n<meta property=\"og:title\" content=\"Nutri\u00e7\u00e3o e Sa\u00fade - Blog S\u00e3o Camilo\" \/>\n<meta property=\"og:description\" content=\"Engana-se quem pensa que Nutri\u00e7\u00e3o e Sa\u00fade fica somente relacionada a dieta ou receitas mirabolantes. Temos um grande campo de atua\u00e7\u00e3o!\" \/>\n<meta property=\"og:url\" content=\"https:\/\/blog.saocamilo-sp.br\/index.php\/2022\/02\/03\/nutricao-e-saude\/\" \/>\n<meta property=\"og:site_name\" content=\"Blog S\u00e3o Camilo\" \/>\n<meta property=\"article:publisher\" content=\"https:\/\/www.facebook.com\/saocamilosp\" \/>\n<meta property=\"article:published_time\" content=\"2022-02-03T20:32:10+00:00\" \/>\n<meta property=\"article:modified_time\" content=\"2023-02-14T02:23:53+00:00\" \/>\n<meta property=\"og:image\" content=\"https:\/\/blog.saocamilo-sp.br\/wp-content\/uploads\/2022\/04\/Nutricao-e-Saude.jpg\" \/>\n\t<meta property=\"og:image:width\" content=\"945\" \/>\n\t<meta property=\"og:image:height\" content=\"630\" \/>\n\t<meta property=\"og:image:type\" content=\"image\/jpeg\" \/>\n<meta name=\"author\" content=\"Giancarlo Bonato\" \/>\n<meta name=\"twitter:card\" content=\"summary_large_image\" \/>\n<meta name=\"twitter:creator\" content=\"@saocamilosp\" \/>\n<meta name=\"twitter:site\" content=\"@saocamilosp\" \/>\n<meta name=\"twitter:label1\" content=\"Escrito por\" \/>\n\t<meta name=\"twitter:data1\" content=\"Giancarlo Bonato\" \/>\n\t<meta name=\"twitter:label2\" content=\"Est. tempo de leitura\" \/>\n\t<meta name=\"twitter:data2\" content=\"2 minutos\" \/>\n<script type=\"application\/ld+json\" class=\"yoast-schema-graph\">{\"@context\":\"https:\\\/\\\/schema.org\",\"@graph\":[{\"@type\":\"Article\",\"@id\":\"https:\\\/\\\/blog.saocamilo-sp.br\\\/index.php\\\/2022\\\/02\\\/03\\\/nutricao-e-saude\\\/#article\",\"isPartOf\":{\"@id\":\"https:\\\/\\\/blog.saocamilo-sp.br\\\/index.php\\\/2022\\\/02\\\/03\\\/nutricao-e-saude\\\/\"},\"author\":{\"name\":\"Giancarlo Bonato\",\"@id\":\"https:\\\/\\\/blog.saocamilo-sp.br\\\/#\\\/schema\\\/person\\\/2f1abef72dd95b45ae5f8e75003b32a9\"},\"headline\":\"Nutri\u00e7\u00e3o e Sa\u00fade\",\"datePublished\":\"2022-02-03T20:32:10+00:00\",\"dateModified\":\"2023-02-14T02:23:53+00:00\",\"mainEntityOfPage\":{\"@id\":\"https:\\\/\\\/blog.saocamilo-sp.br\\\/index.php\\\/2022\\\/02\\\/03\\\/nutricao-e-saude\\\/\"},\"wordCount\":370,\"commentCount\":4,\"publisher\":{\"@id\":\"https:\\\/\\\/blog.saocamilo-sp.br\\\/#organization\"},\"image\":{\"@id\":\"https:\\\/\\\/blog.saocamilo-sp.br\\\/index.php\\\/2022\\\/02\\\/03\\\/nutricao-e-saude\\\/#primaryimage\"},\"thumbnailUrl\":\"https:\\\/\\\/blog.saocamilo-sp.br\\\/wp-content\\\/uploads\\\/2022\\\/04\\\/Nutricao-e-Saude.jpg\",\"keywords\":[\"Nutri\u00e7\u00e3o\",\"Sa\u00fade\",\"Vida Universit\u00e1ria\"],\"articleSection\":[\"Cursos\",\"Nutri\u00e7\u00e3o\"],\"inLanguage\":\"pt-BR\",\"potentialAction\":[{\"@type\":\"CommentAction\",\"name\":\"Comment\",\"target\":[\"https:\\\/\\\/blog.saocamilo-sp.br\\\/index.php\\\/2022\\\/02\\\/03\\\/nutricao-e-saude\\\/#respond\"]}]},{\"@type\":\"WebPage\",\"@id\":\"https:\\\/\\\/blog.saocamilo-sp.br\\\/index.php\\\/2022\\\/02\\\/03\\\/nutricao-e-saude\\\/\",\"url\":\"https:\\\/\\\/blog.saocamilo-sp.br\\\/index.php\\\/2022\\\/02\\\/03\\\/nutricao-e-saude\\\/\",\"name\":\"Nutri\u00e7\u00e3o e Sa\u00fade - Blog S\u00e3o Camilo\",\"isPartOf\":{\"@id\":\"https:\\\/\\\/blog.saocamilo-sp.br\\\/#website\"},\"primaryImageOfPage\":{\"@id\":\"https:\\\/\\\/blog.saocamilo-sp.br\\\/index.php\\\/2022\\\/02\\\/03\\\/nutricao-e-saude\\\/#primaryimage\"},\"image\":{\"@id\":\"https:\\\/\\\/blog.saocamilo-sp.br\\\/index.php\\\/2022\\\/02\\\/03\\\/nutricao-e-saude\\\/#primaryimage\"},\"thumbnailUrl\":\"https:\\\/\\\/blog.saocamilo-sp.br\\\/wp-content\\\/uploads\\\/2022\\\/04\\\/Nutricao-e-Saude.jpg\",\"datePublished\":\"2022-02-03T20:32:10+00:00\",\"dateModified\":\"2023-02-14T02:23:53+00:00\",\"description\":\"Engana-se quem pensa que Nutri\u00e7\u00e3o e Sa\u00fade fica somente relacionada a dieta ou receitas mirabolantes. Temos um grande campo de atua\u00e7\u00e3o!\",\"breadcrumb\":{\"@id\":\"https:\\\/\\\/blog.saocamilo-sp.br\\\/index.php\\\/2022\\\/02\\\/03\\\/nutricao-e-saude\\\/#breadcrumb\"},\"inLanguage\":\"pt-BR\",\"potentialAction\":[{\"@type\":\"ReadAction\",\"target\":[\"https:\\\/\\\/blog.saocamilo-sp.br\\\/index.php\\\/2022\\\/02\\\/03\\\/nutricao-e-saude\\\/\"]}]},{\"@type\":\"ImageObject\",\"inLanguage\":\"pt-BR\",\"@id\":\"https:\\\/\\\/blog.saocamilo-sp.br\\\/index.php\\\/2022\\\/02\\\/03\\\/nutricao-e-saude\\\/#primaryimage\",\"url\":\"https:\\\/\\\/blog.saocamilo-sp.br\\\/wp-content\\\/uploads\\\/2022\\\/04\\\/Nutricao-e-Saude.jpg\",\"contentUrl\":\"https:\\\/\\\/blog.saocamilo-sp.br\\\/wp-content\\\/uploads\\\/2022\\\/04\\\/Nutricao-e-Saude.jpg\",\"width\":945,\"height\":630,\"caption\":\"Nutri\u00e7\u00e3o e Sa\u00fade\"},{\"@type\":\"BreadcrumbList\",\"@id\":\"https:\\\/\\\/blog.saocamilo-sp.br\\\/index.php\\\/2022\\\/02\\\/03\\\/nutricao-e-saude\\\/#breadcrumb\",\"itemListElement\":[{\"@type\":\"ListItem\",\"position\":1,\"name\":\"In\u00edcio\",\"item\":\"https:\\\/\\\/blog.saocamilo-sp.br\\\/\"},{\"@type\":\"ListItem\",\"position\":2,\"name\":\"Nutri\u00e7\u00e3o e Sa\u00fade\"}]},{\"@type\":\"WebSite\",\"@id\":\"https:\\\/\\\/blog.saocamilo-sp.br\\\/#website\",\"url\":\"https:\\\/\\\/blog.saocamilo-sp.br\\\/\",\"name\":\"Blog S\u00e3o Camilo\",\"description\":\"Blog do Centro Universit\u00e1rio S\u00e3o Camilo\",\"publisher\":{\"@id\":\"https:\\\/\\\/blog.saocamilo-sp.br\\\/#organization\"},\"potentialAction\":[{\"@type\":\"SearchAction\",\"target\":{\"@type\":\"EntryPoint\",\"urlTemplate\":\"https:\\\/\\\/blog.saocamilo-sp.br\\\/?s={search_term_string}\"},\"query-input\":{\"@type\":\"PropertyValueSpecification\",\"valueRequired\":true,\"valueName\":\"search_term_string\"}}],\"inLanguage\":\"pt-BR\"},{\"@type\":\"Organization\",\"@id\":\"https:\\\/\\\/blog.saocamilo-sp.br\\\/#organization\",\"name\":\"Blog S\u00e3o Camilo\",\"url\":\"https:\\\/\\\/blog.saocamilo-sp.br\\\/\",\"logo\":{\"@type\":\"ImageObject\",\"inLanguage\":\"pt-BR\",\"@id\":\"https:\\\/\\\/blog.saocamilo-sp.br\\\/#\\\/schema\\\/logo\\\/image\\\/\",\"url\":\"https:\\\/\\\/blog.saocamilo-sp.br\\\/wp-content\\\/uploads\\\/2021\\\/12\\\/cropped-vazio-logo-topo.png\",\"contentUrl\":\"https:\\\/\\\/blog.saocamilo-sp.br\\\/wp-content\\\/uploads\\\/2021\\\/12\\\/cropped-vazio-logo-topo.png\",\"width\":320,\"height\":240,\"caption\":\"Blog S\u00e3o Camilo\"},\"image\":{\"@id\":\"https:\\\/\\\/blog.saocamilo-sp.br\\\/#\\\/schema\\\/logo\\\/image\\\/\"},\"sameAs\":[\"https:\\\/\\\/www.facebook.com\\\/saocamilosp\",\"https:\\\/\\\/x.com\\\/saocamilosp\",\"https:\\\/\\\/www.linkedin.com\\\/school\\\/centro-universit-rio-s-o-camilo\\\/\"]},{\"@type\":\"Person\",\"@id\":\"https:\\\/\\\/blog.saocamilo-sp.br\\\/#\\\/schema\\\/person\\\/2f1abef72dd95b45ae5f8e75003b32a9\",\"name\":\"Giancarlo Bonato\",\"image\":{\"@type\":\"ImageObject\",\"inLanguage\":\"pt-BR\",\"@id\":\"https:\\\/\\\/secure.gravatar.com\\\/avatar\\\/cbed0d57a74836e8481bb4b2ac15163f24841505b47ce8f4d0b58343bcbe6d77?s=96&d=mm&r=g\",\"url\":\"https:\\\/\\\/secure.gravatar.com\\\/avatar\\\/cbed0d57a74836e8481bb4b2ac15163f24841505b47ce8f4d0b58343bcbe6d77?s=96&d=mm&r=g\",\"contentUrl\":\"https:\\\/\\\/secure.gravatar.com\\\/avatar\\\/cbed0d57a74836e8481bb4b2ac15163f24841505b47ce8f4d0b58343bcbe6d77?s=96&d=mm&r=g\",\"caption\":\"Giancarlo Bonato\"},\"url\":\"https:\\\/\\\/blog.saocamilo-sp.br\\\/index.php\\\/author\\\/gbonato\\\/\"}]}<\/script>\n<!-- \/ Yoast SEO plugin. -->","yoast_head_json":{"title":"Nutri\u00e7\u00e3o e Sa\u00fade - Blog S\u00e3o Camilo","description":"Engana-se quem pensa que Nutri\u00e7\u00e3o e Sa\u00fade fica somente relacionada a dieta ou receitas mirabolantes. Temos um grande campo de atua\u00e7\u00e3o!","robots":{"index":"index","follow":"follow","max-snippet":"max-snippet:-1","max-image-preview":"max-image-preview:large","max-video-preview":"max-video-preview:-1"},"canonical":"https:\/\/blog.saocamilo-sp.br\/index.php\/2022\/02\/03\/nutricao-e-saude\/","og_locale":"pt_BR","og_type":"article","og_title":"Nutri\u00e7\u00e3o e Sa\u00fade - Blog S\u00e3o Camilo","og_description":"Engana-se quem pensa que Nutri\u00e7\u00e3o e Sa\u00fade fica somente relacionada a dieta ou receitas mirabolantes. Temos um grande campo de atua\u00e7\u00e3o!","og_url":"https:\/\/blog.saocamilo-sp.br\/index.php\/2022\/02\/03\/nutricao-e-saude\/","og_site_name":"Blog S\u00e3o Camilo","article_publisher":"https:\/\/www.facebook.com\/saocamilosp","article_published_time":"2022-02-03T20:32:10+00:00","article_modified_time":"2023-02-14T02:23:53+00:00","og_image":[{"width":945,"height":630,"url":"https:\/\/blog.saocamilo-sp.br\/wp-content\/uploads\/2022\/04\/Nutricao-e-Saude.jpg","type":"image\/jpeg"}],"author":"Giancarlo Bonato","twitter_card":"summary_large_image","twitter_creator":"@saocamilosp","twitter_site":"@saocamilosp","twitter_misc":{"Escrito por":"Giancarlo Bonato","Est. tempo de leitura":"2 minutos"},"schema":{"@context":"https:\/\/schema.org","@graph":[{"@type":"Article","@id":"https:\/\/blog.saocamilo-sp.br\/index.php\/2022\/02\/03\/nutricao-e-saude\/#article","isPartOf":{"@id":"https:\/\/blog.saocamilo-sp.br\/index.php\/2022\/02\/03\/nutricao-e-saude\/"},"author":{"name":"Giancarlo Bonato","@id":"https:\/\/blog.saocamilo-sp.br\/#\/schema\/person\/2f1abef72dd95b45ae5f8e75003b32a9"},"headline":"Nutri\u00e7\u00e3o e Sa\u00fade","datePublished":"2022-02-03T20:32:10+00:00","dateModified":"2023-02-14T02:23:53+00:00","mainEntityOfPage":{"@id":"https:\/\/blog.saocamilo-sp.br\/index.php\/2022\/02\/03\/nutricao-e-saude\/"},"wordCount":370,"commentCount":4,"publisher":{"@id":"https:\/\/blog.saocamilo-sp.br\/#organization"},"image":{"@id":"https:\/\/blog.saocamilo-sp.br\/index.php\/2022\/02\/03\/nutricao-e-saude\/#primaryimage"},"thumbnailUrl":"https:\/\/blog.saocamilo-sp.br\/wp-content\/uploads\/2022\/04\/Nutricao-e-Saude.jpg","keywords":["Nutri\u00e7\u00e3o","Sa\u00fade","Vida Universit\u00e1ria"],"articleSection":["Cursos","Nutri\u00e7\u00e3o"],"inLanguage":"pt-BR","potentialAction":[{"@type":"CommentAction","name":"Comment","target":["https:\/\/blog.saocamilo-sp.br\/index.php\/2022\/02\/03\/nutricao-e-saude\/#respond"]}]},{"@type":"WebPage","@id":"https:\/\/blog.saocamilo-sp.br\/index.php\/2022\/02\/03\/nutricao-e-saude\/","url":"https:\/\/blog.saocamilo-sp.br\/index.php\/2022\/02\/03\/nutricao-e-saude\/","name":"Nutri\u00e7\u00e3o e Sa\u00fade - Blog S\u00e3o Camilo","isPartOf":{"@id":"https:\/\/blog.saocamilo-sp.br\/#website"},"primaryImageOfPage":{"@id":"https:\/\/blog.saocamilo-sp.br\/index.php\/2022\/02\/03\/nutricao-e-saude\/#primaryimage"},"image":{"@id":"https:\/\/blog.saocamilo-sp.br\/index.php\/2022\/02\/03\/nutricao-e-saude\/#primaryimage"},"thumbnailUrl":"https:\/\/blog.saocamilo-sp.br\/wp-content\/uploads\/2022\/04\/Nutricao-e-Saude.jpg","datePublished":"2022-02-03T20:32:10+00:00","dateModified":"2023-02-14T02:23:53+00:00","description":"Engana-se quem pensa que Nutri\u00e7\u00e3o e Sa\u00fade fica somente relacionada a dieta ou receitas mirabolantes. Temos um grande campo de atua\u00e7\u00e3o!","breadcrumb":{"@id":"https:\/\/blog.saocamilo-sp.br\/index.php\/2022\/02\/03\/nutricao-e-saude\/#breadcrumb"},"inLanguage":"pt-BR","potentialAction":[{"@type":"ReadAction","target":["https:\/\/blog.saocamilo-sp.br\/index.php\/2022\/02\/03\/nutricao-e-saude\/"]}]},{"@type":"ImageObject","inLanguage":"pt-BR","@id":"https:\/\/blog.saocamilo-sp.br\/index.php\/2022\/02\/03\/nutricao-e-saude\/#primaryimage","url":"https:\/\/blog.saocamilo-sp.br\/wp-content\/uploads\/2022\/04\/Nutricao-e-Saude.jpg","contentUrl":"https:\/\/blog.saocamilo-sp.br\/wp-content\/uploads\/2022\/04\/Nutricao-e-Saude.jpg","width":945,"height":630,"caption":"Nutri\u00e7\u00e3o e Sa\u00fade"},{"@type":"BreadcrumbList","@id":"https:\/\/blog.saocamilo-sp.br\/index.php\/2022\/02\/03\/nutricao-e-saude\/#breadcrumb","itemListElement":[{"@type":"ListItem","position":1,"name":"In\u00edcio","item":"https:\/\/blog.saocamilo-sp.br\/"},{"@type":"ListItem","position":2,"name":"Nutri\u00e7\u00e3o e Sa\u00fade"}]},{"@type":"WebSite","@id":"https:\/\/blog.saocamilo-sp.br\/#website","url":"https:\/\/blog.saocamilo-sp.br\/","name":"Blog S\u00e3o Camilo","description":"Blog do Centro Universit\u00e1rio S\u00e3o Camilo","publisher":{"@id":"https:\/\/blog.saocamilo-sp.br\/#organization"},"potentialAction":[{"@type":"SearchAction","target":{"@type":"EntryPoint","urlTemplate":"https:\/\/blog.saocamilo-sp.br\/?s={search_term_string}"},"query-input":{"@type":"PropertyValueSpecification","valueRequired":true,"valueName":"search_term_string"}}],"inLanguage":"pt-BR"},{"@type":"Organization","@id":"https:\/\/blog.saocamilo-sp.br\/#organization","name":"Blog S\u00e3o Camilo","url":"https:\/\/blog.saocamilo-sp.br\/","logo":{"@type":"ImageObject","inLanguage":"pt-BR","@id":"https:\/\/blog.saocamilo-sp.br\/#\/schema\/logo\/image\/","url":"https:\/\/blog.saocamilo-sp.br\/wp-content\/uploads\/2021\/12\/cropped-vazio-logo-topo.png","contentUrl":"https:\/\/blog.saocamilo-sp.br\/wp-content\/uploads\/2021\/12\/cropped-vazio-logo-topo.png","width":320,"height":240,"caption":"Blog S\u00e3o Camilo"},"image":{"@id":"https:\/\/blog.saocamilo-sp.br\/#\/schema\/logo\/image\/"},"sameAs":["https:\/\/www.facebook.com\/saocamilosp","https:\/\/x.com\/saocamilosp","https:\/\/www.linkedin.com\/school\/centro-universit-rio-s-o-camilo\/"]},{"@type":"Person","@id":"https:\/\/blog.saocamilo-sp.br\/#\/schema\/person\/2f1abef72dd95b45ae5f8e75003b32a9","name":"Giancarlo Bonato","image":{"@type":"ImageObject","inLanguage":"pt-BR","@id":"https:\/\/secure.gravatar.com\/avatar\/cbed0d57a74836e8481bb4b2ac15163f24841505b47ce8f4d0b58343bcbe6d77?s=96&d=mm&r=g","url":"https:\/\/secure.gravatar.com\/avatar\/cbed0d57a74836e8481bb4b2ac15163f24841505b47ce8f4d0b58343bcbe6d77?s=96&d=mm&r=g","contentUrl":"https:\/\/secure.gravatar.com\/avatar\/cbed0d57a74836e8481bb4b2ac15163f24841505b47ce8f4d0b58343bcbe6d77?s=96&d=mm&r=g","caption":"Giancarlo Bonato"},"url":"https:\/\/blog.saocamilo-sp.br\/index.php\/author\/gbonato\/"}]}},"_links":{"self":[{"href":"https:\/\/blog.saocamilo-sp.br\/index.php\/wp-json\/wp\/v2\/posts\/253","targetHints":{"allow":["GET"]}}],"collection":[{"href":"https:\/\/blog.saocamilo-sp.br\/index.php\/wp-json\/wp\/v2\/posts"}],"about":[{"href":"https:\/\/blog.saocamilo-sp.br\/index.php\/wp-json\/wp\/v2\/types\/post"}],"author":[{"embeddable":true,"href":"https:\/\/blog.saocamilo-sp.br\/index.php\/wp-json\/wp\/v2\/users\/5"}],"replies":[{"embeddable":true,"href":"https:\/\/blog.saocamilo-sp.br\/index.php\/wp-json\/wp\/v2\/comments?post=253"}],"version-history":[{"count":15,"href":"https:\/\/blog.saocamilo-sp.br\/index.php\/wp-json\/wp\/v2\/posts\/253\/revisions"}],"predecessor-version":[{"id":813,"href":"https:\/\/blog.saocamilo-sp.br\/index.php\/wp-json\/wp\/v2\/posts\/253\/revisions\/813"}],"wp:featuredmedia":[{"embeddable":true,"href":"https:\/\/blog.saocamilo-sp.br\/index.php\/wp-json\/wp\/v2\/media\/328"}],"wp:attachment":[{"href":"https:\/\/blog.saocamilo-sp.br\/index.php\/wp-json\/wp\/v2\/media?parent=253"}],"wp:term":[{"taxonomy":"category","embeddable":true,"href":"https:\/\/blog.saocamilo-sp.br\/index.php\/wp-json\/wp\/v2\/categories?post=253"},{"taxonomy":"post_tag","embeddable":true,"href":"https:\/\/blog.saocamilo-sp.br\/index.php\/wp-json\/wp\/v2\/tags?post=253"}],"curies":[{"name":"wp","href":"https:\/\/api.w.org\/{rel}","templated":true}]}}