{"id":2548,"date":"2024-05-24T10:40:00","date_gmt":"2024-05-24T13:40:00","guid":{"rendered":"https:\/\/blog.saocamilo-sp.br\/?p=2548"},"modified":"2024-05-24T16:47:43","modified_gmt":"2024-05-24T19:47:43","slug":"centro-universitario-sao-camilo-conquista-o-selo-ies-amiga-da-iniciacao-cientifica-do-semesp","status":"publish","type":"post","link":"https:\/\/blog.saocamilo-sp.br\/index.php\/2024\/05\/24\/centro-universitario-sao-camilo-conquista-o-selo-ies-amiga-da-iniciacao-cientifica-do-semesp\/","title":{"rendered":"Centro Universit\u00e1rio S\u00e3o Camilo Conquista o Selo &#8220;IES Amiga da Inicia\u00e7\u00e3o Cient\u00edfica&#8221; do SEMESP"},"content":{"rendered":"\n<p>\u00c9 com imensa satisfa\u00e7\u00e3o que anunciamos que o <a href=\"https:\/\/saocamilo-sp.br\/\" target=\"_blank\" rel=\"noreferrer noopener\">Centro Universit\u00e1rio S\u00e3o Camilo <\/a>conquistou, mais uma vez, o prestigiado &#8220;Selo Semesp IES Amiga da Inicia\u00e7\u00e3o Cient\u00edfica&#8221;. Esta certifica\u00e7\u00e3o \u00e9 concedida anualmente pelo SEMESP, entidade que representa mantenedoras de ensino superior do Brasil. Al\u00e9m disso, reconhece as Institui\u00e7\u00f5es de Ensino Superior que incentivam a participa\u00e7\u00e3o de seus estudantes de gradua\u00e7\u00e3o no CONIC-SEMESP. A 23\u00aa edi\u00e7\u00e3o do CONIC-SEMESP foi realizada de forma online entre os dias 7 e 11 de novembro de 2023, destacando nosso compromisso cont\u00ednuo com a pesquisa cient\u00edfica.<\/p>\n\n\n\n<p><\/p>\n\n\n\n<h3 class=\"wp-block-heading\"><strong>O Que \u00e9 o Selo &#8220;IES Amiga da Inicia\u00e7\u00e3o Cient\u00edfica&#8221;?<\/strong> <\/h3>\n\n\n\n<p>O SEMESP organiza anualmente o Congresso Nacional de Inicia\u00e7\u00e3o Cient\u00edfica (CONIC), um evento de grande relev\u00e2ncia para a comunidade acad\u00eamica. Assim, o selo &#8220;IES Amiga da Inicia\u00e7\u00e3o Cient\u00edfica&#8221; \u00e9 concedido \u00e0s institui\u00e7\u00f5es que apresentam trabalhos no congresso, evidenciando seu empenho em promover a inicia\u00e7\u00e3o cient\u00edfica entre os alunos de gradua\u00e7\u00e3o. Este selo tem vig\u00eancia de um ano e refor\u00e7a o compromisso das institui\u00e7\u00f5es com o avan\u00e7o do conhecimento.<\/p>\n\n\n\n<h3 class=\"wp-block-heading\">Indicadores de Pesquisa Cient\u00edfica do Centro Universit\u00e1rio S\u00e3o Camilo em 2023<\/h3>\n\n\n\n<p>Em 2023, o Centro Universit\u00e1rio S\u00e3o Camilo continuou a demonstrar seu forte compromisso com a pesquisa cient\u00edfica. Conhe\u00e7a os n\u00fameros:<\/p>\n\n\n\n<ul class=\"wp-block-list\">\n<li>Total de alunos em orienta\u00e7\u00e3o em 2023: 200 (incluindo alunos que iniciaram projetos em 2023 e aqueles que continuaram projetos iniciados em 2022).<\/li>\n\n\n\n<li>40 projetos conclu\u00eddos em 2023;<\/li>\n\n\n\n<li>47 artigos publicados em peri\u00f3dicos internacionais;<\/li>\n\n\n\n<li>27 artigos publicados em peri\u00f3dicos nacionais;<\/li>\n\n\n\n<li>6 artigos publicados em peri\u00f3dicos da institui\u00e7\u00e3o (<strong><a href=\"https:\/\/revistamundodasaude.emnuvens.com.br\/mundodasaude\/\" target=\"_blank\" rel=\"noreferrer noopener\">O Mundo da Sa\u00fade<\/a><\/strong>).<\/li>\n<\/ul>\n\n\n\n<p><\/p>\n\n\n\n<figure class=\"wp-block-image size-full is-resized\"><img loading=\"lazy\" decoding=\"async\" src=\"https:\/\/blog.saocamilo-sp.br\/wp-content\/uploads\/2024\/05\/a12_Post-Selo-Semesp-1.jpg\" alt=\"\" class=\"wp-image-2582\" width=\"672\" height=\"672\"\/><\/figure>\n\n\n\n<h3 class=\"wp-block-heading\">O fomento a Pesquisa Cient\u00edfica no Centro Universit\u00e1rio S\u00e3o Camilo<\/h3>\n\n\n\n<p>No Centro Universit\u00e1rio S\u00e3o Camilo, a produ\u00e7\u00e3o de conhecimento cient\u00edfico \u00e9 levada a s\u00e9rio. Ademais conquista do selo &#8220;IES Amiga da Inicia\u00e7\u00e3o Cient\u00edfica&#8221; pelo SEMESP refor\u00e7a nosso compromisso em fomentar a pesquisa e incentivar nossos alunos a se envolverem em projetos de inicia\u00e7\u00e3o cient\u00edfica. Este reconhecimento \u00e9 uma prova do nosso empenho em proporcionar um ambiente acad\u00eamico rico em oportunidades para a descoberta e inova\u00e7\u00e3o.<\/p>\n\n\n\n<p>Investir na pesquisa cient\u00edfica \u00e9 investir no futuro. Dessa forma, acreditamos que incentivar a inicia\u00e7\u00e3o cient\u00edfica \u00e9 fundamental para a forma\u00e7\u00e3o de profissionais qualificados e preparados para enfrentar os desafios do mercado de trabalho. Nossos esfor\u00e7os em promover a pesquisa resultam em publica\u00e7\u00f5es de alto impacto e contribui\u00e7\u00f5es significativas para a comunidade acad\u00eamica e<a href=\"https:\/\/revistamundodasaude.emnuvens.com.br\/mundodasaude\/\" target=\"_blank\" rel=\"noreferrer noopener\"> <\/a>cientifica.<\/p>\n\n\n\n<p>Portanto, a conquista do selo &#8220;IES Amiga da Inicia\u00e7\u00e3o Cient\u00edfica&#8221; \u00e9 motivo de orgulho para toda a comunidade acad\u00eamica do Centro Universit\u00e1rio S\u00e3o Camilo. Nesse sentido ,continuaremos a incentivar nossos alunos e professores a se dedicarem \u00e0 pesquisa, garantindo que nossa institui\u00e7\u00e3o permane\u00e7a na vanguarda da produ\u00e7\u00e3o cient\u00edfica.<\/p>\n\n\n\n<p><strong>Veja tamb\u00e9m:<\/strong><\/p>\n\n\n\n<ul class=\"wp-block-list\">\n<li><a href=\"https:\/\/blog.saocamilo-sp.br\/index.php\/2023\/05\/25\/plastinado-von-hagens-sao-camilo-revoluciona-no-ensino\/\"><\/a><a href=\"https:\/\/blog.saocamilo-sp.br\/index.php\/2023\/07\/07\/a-pesquisa-cientifica-no-centro-universitario-sao-camilo\/\" target=\"_blank\" rel=\"noreferrer noopener\"><strong>A valoriza\u00e7\u00e3o da pesquisa cient\u00edfica no Centro Universit\u00e1rio S\u00e3o Camilo<\/strong><\/a><\/li>\n\n\n\n<li><a href=\"https:\/\/blog.saocamilo-sp.br\/index.php\/2024\/03\/25\/clinica-escola\/\" target=\"_blank\" rel=\"noreferrer noopener\"><strong>Pesquisadores da cl\u00ednica-escola PROMOVE publicam artigo em per\u00edodo cient\u00edfico<\/strong><\/a><\/li>\n\n\n\n<li><a href=\"https:\/\/blog.saocamilo-sp.br\/index.php\/2023\/11\/22\/viii-congresso-multiprofissional-da-sao-camilo-uma-celebracao-da-pesquisa\/\" target=\"_blank\" rel=\"noreferrer noopener\"><strong>VIII Congresso Multiprofissional da S\u00e3o Camilo: uma celebra\u00e7\u00e3o da pesquisa<\/strong><\/a><\/li>\n<\/ul>\n\n\n\n<p><\/p>\n\n\n\n<p>Saiba mais sobre nossos cursos:<\/p>\n\n\n\n<iframe loading=\"lazy\" src=\"https:\/\/saocamilo.apprbs.com.br\/tenho-interesse-blog\" height=\"530px\" width=\"100%\" frameborder=\"0\"><\/iframe>\n","protected":false},"excerpt":{"rendered":"<p>\u00c9 com imensa satisfa\u00e7\u00e3o que anunciamos que o Centro Universit\u00e1rio S\u00e3o Camilo conquistou, mais uma vez, o prestigiado &#8220;Selo Semesp IES Amiga da Inicia\u00e7\u00e3o Cient\u00edfica O SEMESP organiza anualmente o Congresso Nacional de Inicia\u00e7\u00e3o Cient\u00edfica (CONIC), um evento de grande relev\u00e2ncia para a comunidade acad\u00eamica.<\/p>\n","protected":false},"author":11,"featured_media":2581,"comment_status":"open","ping_status":"open","sticky":false,"template":"","format":"standard","meta":{"cybocfi_hide_featured_image":"","footnotes":""},"categories":[91],"tags":[74,92,164],"class_list":["post-2548","post","type-post","status-publish","format-standard","has-post-thumbnail","hentry","category-institucional","tag-institucional","tag-pesquisa-cientifica","tag-semesp"],"yoast_head":"<!-- This site is optimized with the Yoast SEO plugin v27.4 - https:\/\/yoast.com\/product\/yoast-seo-wordpress\/ -->\n<title>Centro Universit\u00e1rio S\u00e3o Camilo Conquista o Selo &quot;IES Amiga da Inicia\u00e7\u00e3o Cient\u00edfica&quot; do SEMESP<\/title>\n<meta name=\"description\" content=\"Selo concedido pelo SEMESP refor\u00e7a o compromisso do Centro Universit\u00e1rio S\u00e3o Camilo com a ci\u00eancia.\" \/>\n<meta name=\"robots\" content=\"index, follow, max-snippet:-1, max-image-preview:large, max-video-preview:-1\" \/>\n<link rel=\"canonical\" href=\"https:\/\/blog.saocamilo-sp.br\/index.php\/2024\/05\/24\/centro-universitario-sao-camilo-conquista-o-selo-ies-amiga-da-iniciacao-cientifica-do-semesp\/\" \/>\n<meta property=\"og:locale\" content=\"pt_BR\" \/>\n<meta property=\"og:type\" content=\"article\" \/>\n<meta property=\"og:title\" content=\"Centro Universit\u00e1rio S\u00e3o Camilo Conquista o Selo &quot;IES Amiga da Inicia\u00e7\u00e3o Cient\u00edfica&quot; do SEMESP\" \/>\n<meta property=\"og:description\" content=\"Selo concedido pelo SEMESP refor\u00e7a o compromisso do Centro Universit\u00e1rio S\u00e3o Camilo com a ci\u00eancia.\" \/>\n<meta property=\"og:url\" content=\"https:\/\/blog.saocamilo-sp.br\/index.php\/2024\/05\/24\/centro-universitario-sao-camilo-conquista-o-selo-ies-amiga-da-iniciacao-cientifica-do-semesp\/\" \/>\n<meta property=\"og:site_name\" content=\"Blog S\u00e3o Camilo\" \/>\n<meta property=\"article:publisher\" content=\"https:\/\/www.facebook.com\/saocamilosp\" \/>\n<meta property=\"article:published_time\" content=\"2024-05-24T13:40:00+00:00\" \/>\n<meta property=\"article:modified_time\" content=\"2024-05-24T19:47:43+00:00\" \/>\n<meta property=\"og:image\" content=\"https:\/\/blog.saocamilo-sp.br\/wp-content\/uploads\/2024\/05\/imagem-22.png\" \/>\n\t<meta property=\"og:image:width\" content=\"799\" \/>\n\t<meta property=\"og:image:height\" content=\"538\" \/>\n\t<meta property=\"og:image:type\" content=\"image\/png\" \/>\n<meta name=\"author\" content=\"Christopher Oliveira dos Reis\" \/>\n<meta name=\"twitter:card\" content=\"summary_large_image\" \/>\n<meta name=\"twitter:creator\" content=\"@saocamilosp\" \/>\n<meta name=\"twitter:site\" content=\"@saocamilosp\" \/>\n<meta name=\"twitter:label1\" content=\"Escrito por\" \/>\n\t<meta name=\"twitter:data1\" content=\"Christopher Oliveira dos Reis\" \/>\n\t<meta name=\"twitter:label2\" content=\"Est. tempo de leitura\" \/>\n\t<meta name=\"twitter:data2\" content=\"3 minutos\" \/>\n<script type=\"application\/ld+json\" class=\"yoast-schema-graph\">{\"@context\":\"https:\\\/\\\/schema.org\",\"@graph\":[{\"@type\":\"Article\",\"@id\":\"https:\\\/\\\/blog.saocamilo-sp.br\\\/index.php\\\/2024\\\/05\\\/24\\\/centro-universitario-sao-camilo-conquista-o-selo-ies-amiga-da-iniciacao-cientifica-do-semesp\\\/#article\",\"isPartOf\":{\"@id\":\"https:\\\/\\\/blog.saocamilo-sp.br\\\/index.php\\\/2024\\\/05\\\/24\\\/centro-universitario-sao-camilo-conquista-o-selo-ies-amiga-da-iniciacao-cientifica-do-semesp\\\/\"},\"author\":{\"name\":\"Christopher Oliveira dos Reis\",\"@id\":\"https:\\\/\\\/blog.saocamilo-sp.br\\\/#\\\/schema\\\/person\\\/7dce5f342af0848eb2f06778b2737904\"},\"headline\":\"Centro Universit\u00e1rio S\u00e3o Camilo Conquista o Selo &#8220;IES Amiga da Inicia\u00e7\u00e3o Cient\u00edfica&#8221; do SEMESP\",\"datePublished\":\"2024-05-24T13:40:00+00:00\",\"dateModified\":\"2024-05-24T19:47:43+00:00\",\"mainEntityOfPage\":{\"@id\":\"https:\\\/\\\/blog.saocamilo-sp.br\\\/index.php\\\/2024\\\/05\\\/24\\\/centro-universitario-sao-camilo-conquista-o-selo-ies-amiga-da-iniciacao-cientifica-do-semesp\\\/\"},\"wordCount\":541,\"commentCount\":0,\"publisher\":{\"@id\":\"https:\\\/\\\/blog.saocamilo-sp.br\\\/#organization\"},\"image\":{\"@id\":\"https:\\\/\\\/blog.saocamilo-sp.br\\\/index.php\\\/2024\\\/05\\\/24\\\/centro-universitario-sao-camilo-conquista-o-selo-ies-amiga-da-iniciacao-cientifica-do-semesp\\\/#primaryimage\"},\"thumbnailUrl\":\"https:\\\/\\\/blog.saocamilo-sp.br\\\/wp-content\\\/uploads\\\/2024\\\/05\\\/imagem-22.png\",\"keywords\":[\"Institucional\",\"pesquisa cient\u00edfica\",\"semesp\"],\"articleSection\":[\"Institucional\"],\"inLanguage\":\"pt-BR\",\"potentialAction\":[{\"@type\":\"CommentAction\",\"name\":\"Comment\",\"target\":[\"https:\\\/\\\/blog.saocamilo-sp.br\\\/index.php\\\/2024\\\/05\\\/24\\\/centro-universitario-sao-camilo-conquista-o-selo-ies-amiga-da-iniciacao-cientifica-do-semesp\\\/#respond\"]}]},{\"@type\":\"WebPage\",\"@id\":\"https:\\\/\\\/blog.saocamilo-sp.br\\\/index.php\\\/2024\\\/05\\\/24\\\/centro-universitario-sao-camilo-conquista-o-selo-ies-amiga-da-iniciacao-cientifica-do-semesp\\\/\",\"url\":\"https:\\\/\\\/blog.saocamilo-sp.br\\\/index.php\\\/2024\\\/05\\\/24\\\/centro-universitario-sao-camilo-conquista-o-selo-ies-amiga-da-iniciacao-cientifica-do-semesp\\\/\",\"name\":\"Centro Universit\u00e1rio S\u00e3o Camilo Conquista o Selo \\\"IES Amiga da Inicia\u00e7\u00e3o Cient\u00edfica\\\" do SEMESP\",\"isPartOf\":{\"@id\":\"https:\\\/\\\/blog.saocamilo-sp.br\\\/#website\"},\"primaryImageOfPage\":{\"@id\":\"https:\\\/\\\/blog.saocamilo-sp.br\\\/index.php\\\/2024\\\/05\\\/24\\\/centro-universitario-sao-camilo-conquista-o-selo-ies-amiga-da-iniciacao-cientifica-do-semesp\\\/#primaryimage\"},\"image\":{\"@id\":\"https:\\\/\\\/blog.saocamilo-sp.br\\\/index.php\\\/2024\\\/05\\\/24\\\/centro-universitario-sao-camilo-conquista-o-selo-ies-amiga-da-iniciacao-cientifica-do-semesp\\\/#primaryimage\"},\"thumbnailUrl\":\"https:\\\/\\\/blog.saocamilo-sp.br\\\/wp-content\\\/uploads\\\/2024\\\/05\\\/imagem-22.png\",\"datePublished\":\"2024-05-24T13:40:00+00:00\",\"dateModified\":\"2024-05-24T19:47:43+00:00\",\"description\":\"Selo concedido pelo SEMESP refor\u00e7a o compromisso do Centro Universit\u00e1rio S\u00e3o Camilo com a ci\u00eancia.\",\"breadcrumb\":{\"@id\":\"https:\\\/\\\/blog.saocamilo-sp.br\\\/index.php\\\/2024\\\/05\\\/24\\\/centro-universitario-sao-camilo-conquista-o-selo-ies-amiga-da-iniciacao-cientifica-do-semesp\\\/#breadcrumb\"},\"inLanguage\":\"pt-BR\",\"potentialAction\":[{\"@type\":\"ReadAction\",\"target\":[\"https:\\\/\\\/blog.saocamilo-sp.br\\\/index.php\\\/2024\\\/05\\\/24\\\/centro-universitario-sao-camilo-conquista-o-selo-ies-amiga-da-iniciacao-cientifica-do-semesp\\\/\"]}]},{\"@type\":\"ImageObject\",\"inLanguage\":\"pt-BR\",\"@id\":\"https:\\\/\\\/blog.saocamilo-sp.br\\\/index.php\\\/2024\\\/05\\\/24\\\/centro-universitario-sao-camilo-conquista-o-selo-ies-amiga-da-iniciacao-cientifica-do-semesp\\\/#primaryimage\",\"url\":\"https:\\\/\\\/blog.saocamilo-sp.br\\\/wp-content\\\/uploads\\\/2024\\\/05\\\/imagem-22.png\",\"contentUrl\":\"https:\\\/\\\/blog.saocamilo-sp.br\\\/wp-content\\\/uploads\\\/2024\\\/05\\\/imagem-22.png\",\"width\":799,\"height\":538},{\"@type\":\"BreadcrumbList\",\"@id\":\"https:\\\/\\\/blog.saocamilo-sp.br\\\/index.php\\\/2024\\\/05\\\/24\\\/centro-universitario-sao-camilo-conquista-o-selo-ies-amiga-da-iniciacao-cientifica-do-semesp\\\/#breadcrumb\",\"itemListElement\":[{\"@type\":\"ListItem\",\"position\":1,\"name\":\"In\u00edcio\",\"item\":\"https:\\\/\\\/blog.saocamilo-sp.br\\\/\"},{\"@type\":\"ListItem\",\"position\":2,\"name\":\"Centro Universit\u00e1rio S\u00e3o Camilo Conquista o Selo &#8220;IES Amiga da Inicia\u00e7\u00e3o Cient\u00edfica&#8221; do SEMESP\"}]},{\"@type\":\"WebSite\",\"@id\":\"https:\\\/\\\/blog.saocamilo-sp.br\\\/#website\",\"url\":\"https:\\\/\\\/blog.saocamilo-sp.br\\\/\",\"name\":\"Blog S\u00e3o Camilo\",\"description\":\"Blog do Centro Universit\u00e1rio S\u00e3o Camilo\",\"publisher\":{\"@id\":\"https:\\\/\\\/blog.saocamilo-sp.br\\\/#organization\"},\"potentialAction\":[{\"@type\":\"SearchAction\",\"target\":{\"@type\":\"EntryPoint\",\"urlTemplate\":\"https:\\\/\\\/blog.saocamilo-sp.br\\\/?s={search_term_string}\"},\"query-input\":{\"@type\":\"PropertyValueSpecification\",\"valueRequired\":true,\"valueName\":\"search_term_string\"}}],\"inLanguage\":\"pt-BR\"},{\"@type\":\"Organization\",\"@id\":\"https:\\\/\\\/blog.saocamilo-sp.br\\\/#organization\",\"name\":\"Blog S\u00e3o Camilo\",\"url\":\"https:\\\/\\\/blog.saocamilo-sp.br\\\/\",\"logo\":{\"@type\":\"ImageObject\",\"inLanguage\":\"pt-BR\",\"@id\":\"https:\\\/\\\/blog.saocamilo-sp.br\\\/#\\\/schema\\\/logo\\\/image\\\/\",\"url\":\"https:\\\/\\\/blog.saocamilo-sp.br\\\/wp-content\\\/uploads\\\/2021\\\/12\\\/cropped-vazio-logo-topo.png\",\"contentUrl\":\"https:\\\/\\\/blog.saocamilo-sp.br\\\/wp-content\\\/uploads\\\/2021\\\/12\\\/cropped-vazio-logo-topo.png\",\"width\":320,\"height\":240,\"caption\":\"Blog S\u00e3o Camilo\"},\"image\":{\"@id\":\"https:\\\/\\\/blog.saocamilo-sp.br\\\/#\\\/schema\\\/logo\\\/image\\\/\"},\"sameAs\":[\"https:\\\/\\\/www.facebook.com\\\/saocamilosp\",\"https:\\\/\\\/x.com\\\/saocamilosp\",\"https:\\\/\\\/www.linkedin.com\\\/school\\\/centro-universit-rio-s-o-camilo\\\/\"]},{\"@type\":\"Person\",\"@id\":\"https:\\\/\\\/blog.saocamilo-sp.br\\\/#\\\/schema\\\/person\\\/7dce5f342af0848eb2f06778b2737904\",\"name\":\"Christopher Oliveira dos Reis\",\"image\":{\"@type\":\"ImageObject\",\"inLanguage\":\"pt-BR\",\"@id\":\"https:\\\/\\\/secure.gravatar.com\\\/avatar\\\/b09a1361215d06f22999124838358b6855376e2b7287de883b723960b0c03f82?s=96&d=mm&r=g\",\"url\":\"https:\\\/\\\/secure.gravatar.com\\\/avatar\\\/b09a1361215d06f22999124838358b6855376e2b7287de883b723960b0c03f82?s=96&d=mm&r=g\",\"contentUrl\":\"https:\\\/\\\/secure.gravatar.com\\\/avatar\\\/b09a1361215d06f22999124838358b6855376e2b7287de883b723960b0c03f82?s=96&d=mm&r=g\",\"caption\":\"Christopher Oliveira dos Reis\"},\"url\":\"https:\\\/\\\/blog.saocamilo-sp.br\\\/index.php\\\/author\\\/christopher-reis\\\/\"}]}<\/script>\n<!-- \/ Yoast SEO plugin. -->","yoast_head_json":{"title":"Centro Universit\u00e1rio S\u00e3o Camilo Conquista o Selo \"IES Amiga da Inicia\u00e7\u00e3o Cient\u00edfica\" do SEMESP","description":"Selo concedido pelo SEMESP refor\u00e7a o compromisso do Centro Universit\u00e1rio S\u00e3o Camilo com a ci\u00eancia.","robots":{"index":"index","follow":"follow","max-snippet":"max-snippet:-1","max-image-preview":"max-image-preview:large","max-video-preview":"max-video-preview:-1"},"canonical":"https:\/\/blog.saocamilo-sp.br\/index.php\/2024\/05\/24\/centro-universitario-sao-camilo-conquista-o-selo-ies-amiga-da-iniciacao-cientifica-do-semesp\/","og_locale":"pt_BR","og_type":"article","og_title":"Centro Universit\u00e1rio S\u00e3o Camilo Conquista o Selo \"IES Amiga da Inicia\u00e7\u00e3o Cient\u00edfica\" do SEMESP","og_description":"Selo concedido pelo SEMESP refor\u00e7a o compromisso do Centro Universit\u00e1rio S\u00e3o Camilo com a ci\u00eancia.","og_url":"https:\/\/blog.saocamilo-sp.br\/index.php\/2024\/05\/24\/centro-universitario-sao-camilo-conquista-o-selo-ies-amiga-da-iniciacao-cientifica-do-semesp\/","og_site_name":"Blog S\u00e3o Camilo","article_publisher":"https:\/\/www.facebook.com\/saocamilosp","article_published_time":"2024-05-24T13:40:00+00:00","article_modified_time":"2024-05-24T19:47:43+00:00","og_image":[{"width":799,"height":538,"url":"https:\/\/blog.saocamilo-sp.br\/wp-content\/uploads\/2024\/05\/imagem-22.png","type":"image\/png"}],"author":"Christopher Oliveira dos Reis","twitter_card":"summary_large_image","twitter_creator":"@saocamilosp","twitter_site":"@saocamilosp","twitter_misc":{"Escrito por":"Christopher Oliveira dos Reis","Est. tempo de leitura":"3 minutos"},"schema":{"@context":"https:\/\/schema.org","@graph":[{"@type":"Article","@id":"https:\/\/blog.saocamilo-sp.br\/index.php\/2024\/05\/24\/centro-universitario-sao-camilo-conquista-o-selo-ies-amiga-da-iniciacao-cientifica-do-semesp\/#article","isPartOf":{"@id":"https:\/\/blog.saocamilo-sp.br\/index.php\/2024\/05\/24\/centro-universitario-sao-camilo-conquista-o-selo-ies-amiga-da-iniciacao-cientifica-do-semesp\/"},"author":{"name":"Christopher Oliveira dos Reis","@id":"https:\/\/blog.saocamilo-sp.br\/#\/schema\/person\/7dce5f342af0848eb2f06778b2737904"},"headline":"Centro Universit\u00e1rio S\u00e3o Camilo Conquista o Selo &#8220;IES Amiga da Inicia\u00e7\u00e3o Cient\u00edfica&#8221; do SEMESP","datePublished":"2024-05-24T13:40:00+00:00","dateModified":"2024-05-24T19:47:43+00:00","mainEntityOfPage":{"@id":"https:\/\/blog.saocamilo-sp.br\/index.php\/2024\/05\/24\/centro-universitario-sao-camilo-conquista-o-selo-ies-amiga-da-iniciacao-cientifica-do-semesp\/"},"wordCount":541,"commentCount":0,"publisher":{"@id":"https:\/\/blog.saocamilo-sp.br\/#organization"},"image":{"@id":"https:\/\/blog.saocamilo-sp.br\/index.php\/2024\/05\/24\/centro-universitario-sao-camilo-conquista-o-selo-ies-amiga-da-iniciacao-cientifica-do-semesp\/#primaryimage"},"thumbnailUrl":"https:\/\/blog.saocamilo-sp.br\/wp-content\/uploads\/2024\/05\/imagem-22.png","keywords":["Institucional","pesquisa cient\u00edfica","semesp"],"articleSection":["Institucional"],"inLanguage":"pt-BR","potentialAction":[{"@type":"CommentAction","name":"Comment","target":["https:\/\/blog.saocamilo-sp.br\/index.php\/2024\/05\/24\/centro-universitario-sao-camilo-conquista-o-selo-ies-amiga-da-iniciacao-cientifica-do-semesp\/#respond"]}]},{"@type":"WebPage","@id":"https:\/\/blog.saocamilo-sp.br\/index.php\/2024\/05\/24\/centro-universitario-sao-camilo-conquista-o-selo-ies-amiga-da-iniciacao-cientifica-do-semesp\/","url":"https:\/\/blog.saocamilo-sp.br\/index.php\/2024\/05\/24\/centro-universitario-sao-camilo-conquista-o-selo-ies-amiga-da-iniciacao-cientifica-do-semesp\/","name":"Centro Universit\u00e1rio S\u00e3o Camilo Conquista o Selo \"IES Amiga da Inicia\u00e7\u00e3o Cient\u00edfica\" do SEMESP","isPartOf":{"@id":"https:\/\/blog.saocamilo-sp.br\/#website"},"primaryImageOfPage":{"@id":"https:\/\/blog.saocamilo-sp.br\/index.php\/2024\/05\/24\/centro-universitario-sao-camilo-conquista-o-selo-ies-amiga-da-iniciacao-cientifica-do-semesp\/#primaryimage"},"image":{"@id":"https:\/\/blog.saocamilo-sp.br\/index.php\/2024\/05\/24\/centro-universitario-sao-camilo-conquista-o-selo-ies-amiga-da-iniciacao-cientifica-do-semesp\/#primaryimage"},"thumbnailUrl":"https:\/\/blog.saocamilo-sp.br\/wp-content\/uploads\/2024\/05\/imagem-22.png","datePublished":"2024-05-24T13:40:00+00:00","dateModified":"2024-05-24T19:47:43+00:00","description":"Selo concedido pelo SEMESP refor\u00e7a o compromisso do Centro Universit\u00e1rio S\u00e3o Camilo com a ci\u00eancia.","breadcrumb":{"@id":"https:\/\/blog.saocamilo-sp.br\/index.php\/2024\/05\/24\/centro-universitario-sao-camilo-conquista-o-selo-ies-amiga-da-iniciacao-cientifica-do-semesp\/#breadcrumb"},"inLanguage":"pt-BR","potentialAction":[{"@type":"ReadAction","target":["https:\/\/blog.saocamilo-sp.br\/index.php\/2024\/05\/24\/centro-universitario-sao-camilo-conquista-o-selo-ies-amiga-da-iniciacao-cientifica-do-semesp\/"]}]},{"@type":"ImageObject","inLanguage":"pt-BR","@id":"https:\/\/blog.saocamilo-sp.br\/index.php\/2024\/05\/24\/centro-universitario-sao-camilo-conquista-o-selo-ies-amiga-da-iniciacao-cientifica-do-semesp\/#primaryimage","url":"https:\/\/blog.saocamilo-sp.br\/wp-content\/uploads\/2024\/05\/imagem-22.png","contentUrl":"https:\/\/blog.saocamilo-sp.br\/wp-content\/uploads\/2024\/05\/imagem-22.png","width":799,"height":538},{"@type":"BreadcrumbList","@id":"https:\/\/blog.saocamilo-sp.br\/index.php\/2024\/05\/24\/centro-universitario-sao-camilo-conquista-o-selo-ies-amiga-da-iniciacao-cientifica-do-semesp\/#breadcrumb","itemListElement":[{"@type":"ListItem","position":1,"name":"In\u00edcio","item":"https:\/\/blog.saocamilo-sp.br\/"},{"@type":"ListItem","position":2,"name":"Centro Universit\u00e1rio S\u00e3o Camilo Conquista o Selo &#8220;IES Amiga da Inicia\u00e7\u00e3o Cient\u00edfica&#8221; do SEMESP"}]},{"@type":"WebSite","@id":"https:\/\/blog.saocamilo-sp.br\/#website","url":"https:\/\/blog.saocamilo-sp.br\/","name":"Blog S\u00e3o Camilo","description":"Blog do Centro Universit\u00e1rio S\u00e3o Camilo","publisher":{"@id":"https:\/\/blog.saocamilo-sp.br\/#organization"},"potentialAction":[{"@type":"SearchAction","target":{"@type":"EntryPoint","urlTemplate":"https:\/\/blog.saocamilo-sp.br\/?s={search_term_string}"},"query-input":{"@type":"PropertyValueSpecification","valueRequired":true,"valueName":"search_term_string"}}],"inLanguage":"pt-BR"},{"@type":"Organization","@id":"https:\/\/blog.saocamilo-sp.br\/#organization","name":"Blog S\u00e3o Camilo","url":"https:\/\/blog.saocamilo-sp.br\/","logo":{"@type":"ImageObject","inLanguage":"pt-BR","@id":"https:\/\/blog.saocamilo-sp.br\/#\/schema\/logo\/image\/","url":"https:\/\/blog.saocamilo-sp.br\/wp-content\/uploads\/2021\/12\/cropped-vazio-logo-topo.png","contentUrl":"https:\/\/blog.saocamilo-sp.br\/wp-content\/uploads\/2021\/12\/cropped-vazio-logo-topo.png","width":320,"height":240,"caption":"Blog S\u00e3o Camilo"},"image":{"@id":"https:\/\/blog.saocamilo-sp.br\/#\/schema\/logo\/image\/"},"sameAs":["https:\/\/www.facebook.com\/saocamilosp","https:\/\/x.com\/saocamilosp","https:\/\/www.linkedin.com\/school\/centro-universit-rio-s-o-camilo\/"]},{"@type":"Person","@id":"https:\/\/blog.saocamilo-sp.br\/#\/schema\/person\/7dce5f342af0848eb2f06778b2737904","name":"Christopher Oliveira dos Reis","image":{"@type":"ImageObject","inLanguage":"pt-BR","@id":"https:\/\/secure.gravatar.com\/avatar\/b09a1361215d06f22999124838358b6855376e2b7287de883b723960b0c03f82?s=96&d=mm&r=g","url":"https:\/\/secure.gravatar.com\/avatar\/b09a1361215d06f22999124838358b6855376e2b7287de883b723960b0c03f82?s=96&d=mm&r=g","contentUrl":"https:\/\/secure.gravatar.com\/avatar\/b09a1361215d06f22999124838358b6855376e2b7287de883b723960b0c03f82?s=96&d=mm&r=g","caption":"Christopher Oliveira dos Reis"},"url":"https:\/\/blog.saocamilo-sp.br\/index.php\/author\/christopher-reis\/"}]}},"_links":{"self":[{"href":"https:\/\/blog.saocamilo-sp.br\/index.php\/wp-json\/wp\/v2\/posts\/2548","targetHints":{"allow":["GET"]}}],"collection":[{"href":"https:\/\/blog.saocamilo-sp.br\/index.php\/wp-json\/wp\/v2\/posts"}],"about":[{"href":"https:\/\/blog.saocamilo-sp.br\/index.php\/wp-json\/wp\/v2\/types\/post"}],"author":[{"embeddable":true,"href":"https:\/\/blog.saocamilo-sp.br\/index.php\/wp-json\/wp\/v2\/users\/11"}],"replies":[{"embeddable":true,"href":"https:\/\/blog.saocamilo-sp.br\/index.php\/wp-json\/wp\/v2\/comments?post=2548"}],"version-history":[{"count":14,"href":"https:\/\/blog.saocamilo-sp.br\/index.php\/wp-json\/wp\/v2\/posts\/2548\/revisions"}],"predecessor-version":[{"id":3932,"href":"https:\/\/blog.saocamilo-sp.br\/index.php\/wp-json\/wp\/v2\/posts\/2548\/revisions\/3932"}],"wp:featuredmedia":[{"embeddable":true,"href":"https:\/\/blog.saocamilo-sp.br\/index.php\/wp-json\/wp\/v2\/media\/2581"}],"wp:attachment":[{"href":"https:\/\/blog.saocamilo-sp.br\/index.php\/wp-json\/wp\/v2\/media?parent=2548"}],"wp:term":[{"taxonomy":"category","embeddable":true,"href":"https:\/\/blog.saocamilo-sp.br\/index.php\/wp-json\/wp\/v2\/categories?post=2548"},{"taxonomy":"post_tag","embeddable":true,"href":"https:\/\/blog.saocamilo-sp.br\/index.php\/wp-json\/wp\/v2\/tags?post=2548"}],"curies":[{"name":"wp","href":"https:\/\/api.w.org\/{rel}","templated":true}]}}