{"id":2552,"date":"2024-05-22T13:00:43","date_gmt":"2024-05-22T16:00:43","guid":{"rendered":"https:\/\/blog.saocamilo-sp.br\/?p=2552"},"modified":"2024-05-22T13:00:45","modified_gmt":"2024-05-22T16:00:45","slug":"alimentar","status":"publish","type":"post","link":"https:\/\/blog.saocamilo-sp.br\/index.php\/2024\/05\/22\/alimentar\/","title":{"rendered":"Programa Educa\u00e7\u00e3o Alimentar \u2013 Integrando Ci\u00eancia, Escola e Sa\u00fade"},"content":{"rendered":"\n<h3 class=\"wp-block-heading\">Sobre o Programa<\/h3>\n\n\n\n<p>Em junho, ser\u00e1 lan\u00e7ado o <strong>Programa Educa\u00e7\u00e3o Alimentar \u2013 Integrando Ci\u00eancia, Escola e Sa\u00fade \u2013 1\u00aa Edi\u00e7\u00e3o\/2024<\/strong>. Ser\u00e1<strong> <\/strong>o 1\u00ba curso de capacita\u00e7\u00e3o 100% <em>online<\/em>, com dura\u00e7\u00e3o de 110h e certifica\u00e7\u00e3o validada para evolu\u00e7\u00e3o funcional, Al\u00e9m disso, o  tema alimenta\u00e7\u00e3o desenvolvido exclusivamente para o p\u00fablico de educadores das escolas p\u00fablicas do Estado de S\u00e3o Paulo.\u00a0\u00a0<\/p>\n\n\n\n<h3 class=\"wp-block-heading\">Objetivo do Curso<\/h3>\n\n\n\n<p>O objetivo do curso \u00e9 oferecer forma\u00e7\u00e3o aos educadores de qualquer \u00e1rea de conhecimento sobre alimenta\u00e7\u00e3o saud\u00e1vel, dessa forma, visa &#8211; se auxiliar na constru\u00e7\u00e3o de propostas pedag\u00f3gicas sobre este tema na escola, estimulando a gera\u00e7\u00e3o de comportamentos alimentares saud\u00e1veis e diminui\u00e7\u00e3o dos fatores de risco para obesidade e suas complica\u00e7\u00f5es entre todos os atores que comp\u00f5em o ambiente escolar.\u00a0<\/p>\n\n\n\n<h3 class=\"wp-block-heading\">Coopera\u00e7\u00e3o Institucional<\/h3>\n\n\n\n<p>Esta iniciativa \u00e9 resultado da coopera\u00e7\u00e3o entre a SEDUC-SP com o Programa Aprender na Comunidade da Pr\u00f3-Reitoria de Gradua\u00e7\u00e3o da Universidade de S\u00e3o Paulo (PRG\/USP), Al\u00e9m disso, conta com a participa\u00e7\u00e3o da Faculdade de Sa\u00fade P\u00fablica (FSP\/USP), Centro Universit\u00e1rio S\u00e3o Camilo (CUSC\/SP), Sociedade de Cardiologia do Estado de S\u00e3o Paulo (SOCESP) e o Instituto Nacional de Ci\u00eancia e Tecnologia de Fluidos Complexos (INCT-FCx).\u00a0\u00a0<\/p>\n\n\n\n<h3 class=\"wp-block-heading\">Coordena\u00e7\u00e3o e Metodologia<\/h3>\n\n\n\n<p>O curso \u00e9 coordenado pelas nutricionistas Profa. Dra. Nagila Raquel Teixeira Damasceno (FSP\/USP) e Profa. Dra. Ana Paula de Queiroz Mello (CUSC\/SP), Elas, portanto, abra\u00e7aram o desafio de integrar as evid\u00eancias cient\u00edficas mais atuais sobre Alimenta\u00e7\u00e3o e Nutri\u00e7\u00e3o, Al\u00e9m disso incorporando recursos tecnol\u00f3gicos e pedag\u00f3gicos de Educa\u00e7\u00e3o \u00e0 Dist\u00e2ncia (EaD) multin\u00edvel que permitem ao aluno aprender novos conhecimentos por meio da auto percep\u00e7\u00e3o de seu hist\u00f3rico alimentar e seus conhecimentos pr\u00e9vios.\u00a0<\/p>\n\n\n\n<h3 class=\"wp-block-heading\">Edi\u00e7\u00f5es Anteriores do Programa<\/h3>\n\n\n\n<p>Desde 2020, foi ofertado pela primeira vez o PEDUCA, e foi um sucesso, Nesse per\u00edodo, contou com 5.350 inscritos, distribu\u00eddos em 80 Diretorias de Ensino, estando presente em mais de 2.000 escolas do Estado de S\u00e3o Paulo. Veja mais informa\u00e7\u00f5es sobre essa iniciativa no <em>link<\/em>: <a href=\"https:\/\/jornal.usp.br\/universidade\/curso-de-educacao-alimentar-causa-impacto-em-mais-de-duas-mil-escolas\/\" target=\"_blank\" rel=\"noreferrer noopener\">https:\/\/jornal.usp.br\/universidade\/curso-de-educacao-alimentar-causa-impacto-em-mais-de-duas-mil-escolas\/<\/a> .\u00a0<\/p>\n\n\n\n<h3 class=\"wp-block-heading\">Edi\u00e7\u00e3o 2024<\/h3>\n\n\n\n<p>Para a 1\u00aa Edi\u00e7\u00e3o\/2024, ser\u00e3o ofertadas 11.000 vagas.&nbsp; O p\u00fablico-alvo ser\u00e1 todos os funcion\u00e1rios vinculados \u00e0 Secretaria da Educa\u00e7\u00e3o do Estado de S\u00e3o Paulo e do Munic\u00edpio de S\u00e3o Paulo.&nbsp;<\/p>\n\n\n\n<p><strong>Inscri\u00e7\u00e3o:<\/strong> 16 a 31 de maio de 2024.&nbsp;<\/p>\n\n\n\n<p><strong>Per\u00edodo do curso:<\/strong> 17 de junho a 30 de setembro de 2024.&nbsp;<\/p>\n\n\n\n<p><strong>Vagas:<\/strong> 11.000&nbsp;<\/p>\n\n\n\n<p>Acesse o Regulamento com mais informa\u00e7\u00f5es sobre o PEDUCA e a inscri\u00e7\u00e3o:<\/p>\n\n\n\n<div data-wp-interactive=\"core\/file\" class=\"wp-block-file\"><object data-wp-bind--hidden=\"!state.hasPdfPreview\" hidden class=\"wp-block-file__embed\" data=\"https:\/\/blog.saocamilo-sp.br\/wp-content\/uploads\/2024\/05\/Regulamento-PEDUCA_1a_2024.pdf\" type=\"application\/pdf\" style=\"width:100%;height:600px\" aria-label=\"Incorporado de Regulamento-PEDUCA_1a_2024.\"><\/object><a id=\"wp-block-file--media-950e1bbc-b46b-4893-a6b4-705eb30c3d6a\" href=\"https:\/\/blog.saocamilo-sp.br\/wp-content\/uploads\/2024\/05\/Regulamento-PEDUCA_1a_2024.pdf\">Regulamento-PEDUCA_1a_2024<\/a><a href=\"https:\/\/blog.saocamilo-sp.br\/wp-content\/uploads\/2024\/05\/Regulamento-PEDUCA_1a_2024.pdf\" class=\"wp-block-file__button wp-element-button\" download aria-describedby=\"wp-block-file--media-950e1bbc-b46b-4893-a6b4-705eb30c3d6a\">Baixar<\/a><\/div>\n\n\n\n<p>Tutorial da inscri\u00e7\u00e3o: <\/p>\n\n\n\n<div data-wp-interactive=\"core\/file\" class=\"wp-block-file\"><object data-wp-bind--hidden=\"!state.hasPdfPreview\" hidden class=\"wp-block-file__embed\" data=\"https:\/\/blog.saocamilo-sp.br\/wp-content\/uploads\/2024\/05\/Tutorial-PEDUCA_2024.pdf\" type=\"application\/pdf\" style=\"width:100%;height:600px\" aria-label=\"Incorporado de Tutorial-PEDUCA_2024.\"><\/object><a id=\"wp-block-file--media-ee0a49ef-1739-4558-9262-2999a9fd1031\" href=\"https:\/\/blog.saocamilo-sp.br\/wp-content\/uploads\/2024\/05\/Tutorial-PEDUCA_2024.pdf\">Tutorial-PEDUCA_2024<\/a><a href=\"https:\/\/blog.saocamilo-sp.br\/wp-content\/uploads\/2024\/05\/Tutorial-PEDUCA_2024.pdf\" class=\"wp-block-file__button wp-element-button\" download aria-describedby=\"wp-block-file--media-ee0a49ef-1739-4558-9262-2999a9fd1031\">Baixar<\/a><\/div>\n\n\n\n<p><strong>Por outro lado, Inscritos que n\u00e3o tiverem v\u00ednculo oficial com a Secretaria da Educa\u00e7\u00e3o do Estado de SP e\/ou do Munic\u00edpio de S\u00e3o Paulo n\u00e3o ter\u00e3o acesso ao PEDUCA.<\/strong>&nbsp;<\/p>\n\n\n\n<p>D\u00favidas? Acesso o FAQ:\u00a0<\/p>\n\n\n\n<div data-wp-interactive=\"core\/file\" class=\"wp-block-file\"><object data-wp-bind--hidden=\"!state.hasPdfPreview\" hidden class=\"wp-block-file__embed\" data=\"https:\/\/blog.saocamilo-sp.br\/wp-content\/uploads\/2024\/05\/FAQ_PEDUCA_2024-1.pdf\" type=\"application\/pdf\" style=\"width:100%;height:600px\" aria-label=\"Incorporado de FAQ_PEDUCA_2024-1.\"><\/object><a id=\"wp-block-file--media-3d5dabe8-3ae4-4d42-bd69-08005e1c4ad3\" href=\"https:\/\/blog.saocamilo-sp.br\/wp-content\/uploads\/2024\/05\/FAQ_PEDUCA_2024-1.pdf\">FAQ_PEDUCA_2024-1<\/a><a href=\"https:\/\/blog.saocamilo-sp.br\/wp-content\/uploads\/2024\/05\/FAQ_PEDUCA_2024-1.pdf\" class=\"wp-block-file__button wp-element-button\" download aria-describedby=\"wp-block-file--media-3d5dabe8-3ae4-4d42-bd69-08005e1c4ad3\">Baixar<\/a><\/div>\n\n\n\n<p>ou entre em contato com: <strong>peduca@fsp.usp.br<\/strong>&nbsp;&nbsp;<\/p>\n\n\n\n<ul class=\"wp-block-list\">\n<li><a href=\"https:\/\/blog.saocamilo-sp.br\/index.php\/2023\/03\/29\/docente-e-estudantes-camilianos-falam-sobre-convivio-entre-geracoes-a-folha\/\">Docente e estudantes camilianos falam sobre o conv\u00edvio entre gera\u00e7\u00f5es \u00e0 Folha<\/a><\/li>\n\n\n\n<li><a href=\"https:\/\/blog.saocamilo-sp.br\/index.php\/2023\/05\/19\/profissao-de-pedagogo-curiosidades-profissao\/\">Pedagogo: confira cinco curiosidades sobre esta profiss\u00e3o<\/a><\/li>\n\n\n\n<li><a href=\"https:\/\/blog.saocamilo-sp.br\/index.php\/2022\/01\/18\/como-funciona-um-curso-ead\/\">Como funciona um curso EaD?<\/a><\/li>\n<\/ul>\n","protected":false},"excerpt":{"rendered":"<p>Sobre o Programa Em junho, ser\u00e1 lan\u00e7ado o Programa Educa\u00e7\u00e3o Alimentar \u2013 Integrando Ci\u00eancia, Escola e Sa\u00fade \u2013 1\u00aa Edi\u00e7\u00e3o\/2024. Ser\u00e1 o 1\u00ba curso de capacita\u00e7\u00e3o 100% online, com dura\u00e7\u00e3o de 110h e certifica\u00e7\u00e3o validada para evolu\u00e7\u00e3o funcional, Al\u00e9m disso,&#8230; <a class=\"more-link\" href=\"https:\/\/blog.saocamilo-sp.br\/index.php\/2024\/05\/22\/alimentar\/\">Continue Reading &rarr;<\/a><\/p>\n","protected":false},"author":11,"featured_media":2564,"comment_status":"open","ping_status":"open","sticky":false,"template":"","format":"standard","meta":{"cybocfi_hide_featured_image":"","footnotes":""},"categories":[1,24,79],"tags":[],"class_list":["post-2552","post","type-post","status-publish","format-standard","has-post-thumbnail","hentry","category-cursos","category-nutricao","category-saude"],"yoast_head":"<!-- This site is optimized with the Yoast SEO plugin v27.5 - https:\/\/yoast.com\/product\/yoast-seo-wordpress\/ -->\n<title>Programa Educa\u00e7\u00e3o Alimentar \u2013 Integrando Ci\u00eancia, Escola e Sa\u00fade - Blog S\u00e3o Camilo<\/title>\n<meta name=\"description\" content=\"Em junho, ser\u00e1 lan\u00e7ado o Programa Educa\u00e7\u00e3o Alimentar \u2013 Integrando Ci\u00eancia, Escola e Sa\u00fade \u2013 1\u00aa Edi\u00e7\u00e3o\/2024.\" \/>\n<meta name=\"robots\" content=\"index, follow, max-snippet:-1, max-image-preview:large, max-video-preview:-1\" \/>\n<link rel=\"canonical\" href=\"https:\/\/blog.saocamilo-sp.br\/index.php\/2024\/05\/22\/alimentar\/\" \/>\n<meta property=\"og:locale\" content=\"pt_BR\" \/>\n<meta property=\"og:type\" content=\"article\" \/>\n<meta property=\"og:title\" content=\"Programa Educa\u00e7\u00e3o Alimentar \u2013 Integrando Ci\u00eancia, Escola e Sa\u00fade - Blog S\u00e3o Camilo\" \/>\n<meta property=\"og:description\" content=\"Em junho, ser\u00e1 lan\u00e7ado o Programa Educa\u00e7\u00e3o Alimentar \u2013 Integrando Ci\u00eancia, Escola e Sa\u00fade \u2013 1\u00aa Edi\u00e7\u00e3o\/2024.\" \/>\n<meta property=\"og:url\" content=\"https:\/\/blog.saocamilo-sp.br\/index.php\/2024\/05\/22\/alimentar\/\" \/>\n<meta property=\"og:site_name\" content=\"Blog S\u00e3o Camilo\" \/>\n<meta property=\"article:publisher\" content=\"https:\/\/www.facebook.com\/saocamilosp\" \/>\n<meta property=\"article:published_time\" content=\"2024-05-22T16:00:43+00:00\" \/>\n<meta property=\"article:modified_time\" content=\"2024-05-22T16:00:45+00:00\" \/>\n<meta property=\"og:image\" content=\"https:\/\/blog.saocamilo-sp.br\/wp-content\/uploads\/2024\/05\/ae245042-310b-444e-b95e-7638ff1af92d.png\" \/>\n\t<meta property=\"og:image:width\" content=\"1024\" \/>\n\t<meta property=\"og:image:height\" content=\"1024\" \/>\n\t<meta property=\"og:image:type\" content=\"image\/png\" \/>\n<meta name=\"author\" content=\"Christopher Oliveira dos Reis\" \/>\n<meta name=\"twitter:card\" content=\"summary_large_image\" \/>\n<meta name=\"twitter:creator\" content=\"@saocamilosp\" \/>\n<meta name=\"twitter:site\" content=\"@saocamilosp\" \/>\n<meta name=\"twitter:label1\" content=\"Escrito por\" \/>\n\t<meta name=\"twitter:data1\" content=\"Christopher Oliveira dos Reis\" \/>\n\t<meta name=\"twitter:label2\" content=\"Est. tempo de leitura\" \/>\n\t<meta name=\"twitter:data2\" content=\"3 minutos\" \/>\n<script type=\"application\/ld+json\" class=\"yoast-schema-graph\">{\"@context\":\"https:\\\/\\\/schema.org\",\"@graph\":[{\"@type\":\"Article\",\"@id\":\"https:\\\/\\\/blog.saocamilo-sp.br\\\/index.php\\\/2024\\\/05\\\/22\\\/alimentar\\\/#article\",\"isPartOf\":{\"@id\":\"https:\\\/\\\/blog.saocamilo-sp.br\\\/index.php\\\/2024\\\/05\\\/22\\\/alimentar\\\/\"},\"author\":{\"name\":\"Christopher Oliveira dos Reis\",\"@id\":\"https:\\\/\\\/blog.saocamilo-sp.br\\\/#\\\/schema\\\/person\\\/7dce5f342af0848eb2f06778b2737904\"},\"headline\":\"Programa Educa\u00e7\u00e3o Alimentar \u2013 Integrando Ci\u00eancia, Escola e Sa\u00fade\",\"datePublished\":\"2024-05-22T16:00:43+00:00\",\"dateModified\":\"2024-05-22T16:00:45+00:00\",\"mainEntityOfPage\":{\"@id\":\"https:\\\/\\\/blog.saocamilo-sp.br\\\/index.php\\\/2024\\\/05\\\/22\\\/alimentar\\\/\"},\"wordCount\":541,\"commentCount\":0,\"publisher\":{\"@id\":\"https:\\\/\\\/blog.saocamilo-sp.br\\\/#organization\"},\"image\":{\"@id\":\"https:\\\/\\\/blog.saocamilo-sp.br\\\/index.php\\\/2024\\\/05\\\/22\\\/alimentar\\\/#primaryimage\"},\"thumbnailUrl\":\"https:\\\/\\\/blog.saocamilo-sp.br\\\/wp-content\\\/uploads\\\/2024\\\/05\\\/ae245042-310b-444e-b95e-7638ff1af92d.png\",\"articleSection\":[\"Cursos\",\"Nutri\u00e7\u00e3o\",\"Sa\u00fade\"],\"inLanguage\":\"pt-BR\",\"potentialAction\":[{\"@type\":\"CommentAction\",\"name\":\"Comment\",\"target\":[\"https:\\\/\\\/blog.saocamilo-sp.br\\\/index.php\\\/2024\\\/05\\\/22\\\/alimentar\\\/#respond\"]}]},{\"@type\":\"WebPage\",\"@id\":\"https:\\\/\\\/blog.saocamilo-sp.br\\\/index.php\\\/2024\\\/05\\\/22\\\/alimentar\\\/\",\"url\":\"https:\\\/\\\/blog.saocamilo-sp.br\\\/index.php\\\/2024\\\/05\\\/22\\\/alimentar\\\/\",\"name\":\"Programa Educa\u00e7\u00e3o Alimentar \u2013 Integrando Ci\u00eancia, Escola e Sa\u00fade - Blog S\u00e3o Camilo\",\"isPartOf\":{\"@id\":\"https:\\\/\\\/blog.saocamilo-sp.br\\\/#website\"},\"primaryImageOfPage\":{\"@id\":\"https:\\\/\\\/blog.saocamilo-sp.br\\\/index.php\\\/2024\\\/05\\\/22\\\/alimentar\\\/#primaryimage\"},\"image\":{\"@id\":\"https:\\\/\\\/blog.saocamilo-sp.br\\\/index.php\\\/2024\\\/05\\\/22\\\/alimentar\\\/#primaryimage\"},\"thumbnailUrl\":\"https:\\\/\\\/blog.saocamilo-sp.br\\\/wp-content\\\/uploads\\\/2024\\\/05\\\/ae245042-310b-444e-b95e-7638ff1af92d.png\",\"datePublished\":\"2024-05-22T16:00:43+00:00\",\"dateModified\":\"2024-05-22T16:00:45+00:00\",\"description\":\"Em junho, ser\u00e1 lan\u00e7ado o Programa Educa\u00e7\u00e3o Alimentar \u2013 Integrando Ci\u00eancia, Escola e Sa\u00fade \u2013 1\u00aa Edi\u00e7\u00e3o\\\/2024.\",\"breadcrumb\":{\"@id\":\"https:\\\/\\\/blog.saocamilo-sp.br\\\/index.php\\\/2024\\\/05\\\/22\\\/alimentar\\\/#breadcrumb\"},\"inLanguage\":\"pt-BR\",\"potentialAction\":[{\"@type\":\"ReadAction\",\"target\":[\"https:\\\/\\\/blog.saocamilo-sp.br\\\/index.php\\\/2024\\\/05\\\/22\\\/alimentar\\\/\"]}]},{\"@type\":\"ImageObject\",\"inLanguage\":\"pt-BR\",\"@id\":\"https:\\\/\\\/blog.saocamilo-sp.br\\\/index.php\\\/2024\\\/05\\\/22\\\/alimentar\\\/#primaryimage\",\"url\":\"https:\\\/\\\/blog.saocamilo-sp.br\\\/wp-content\\\/uploads\\\/2024\\\/05\\\/ae245042-310b-444e-b95e-7638ff1af92d.png\",\"contentUrl\":\"https:\\\/\\\/blog.saocamilo-sp.br\\\/wp-content\\\/uploads\\\/2024\\\/05\\\/ae245042-310b-444e-b95e-7638ff1af92d.png\",\"width\":1024,\"height\":1024},{\"@type\":\"BreadcrumbList\",\"@id\":\"https:\\\/\\\/blog.saocamilo-sp.br\\\/index.php\\\/2024\\\/05\\\/22\\\/alimentar\\\/#breadcrumb\",\"itemListElement\":[{\"@type\":\"ListItem\",\"position\":1,\"name\":\"In\u00edcio\",\"item\":\"https:\\\/\\\/blog.saocamilo-sp.br\\\/\"},{\"@type\":\"ListItem\",\"position\":2,\"name\":\"Programa Educa\u00e7\u00e3o Alimentar \u2013 Integrando Ci\u00eancia, Escola e Sa\u00fade\"}]},{\"@type\":\"WebSite\",\"@id\":\"https:\\\/\\\/blog.saocamilo-sp.br\\\/#website\",\"url\":\"https:\\\/\\\/blog.saocamilo-sp.br\\\/\",\"name\":\"Blog S\u00e3o Camilo\",\"description\":\"Blog do Centro Universit\u00e1rio S\u00e3o Camilo\",\"publisher\":{\"@id\":\"https:\\\/\\\/blog.saocamilo-sp.br\\\/#organization\"},\"potentialAction\":[{\"@type\":\"SearchAction\",\"target\":{\"@type\":\"EntryPoint\",\"urlTemplate\":\"https:\\\/\\\/blog.saocamilo-sp.br\\\/?s={search_term_string}\"},\"query-input\":{\"@type\":\"PropertyValueSpecification\",\"valueRequired\":true,\"valueName\":\"search_term_string\"}}],\"inLanguage\":\"pt-BR\"},{\"@type\":\"Organization\",\"@id\":\"https:\\\/\\\/blog.saocamilo-sp.br\\\/#organization\",\"name\":\"Blog S\u00e3o Camilo\",\"url\":\"https:\\\/\\\/blog.saocamilo-sp.br\\\/\",\"logo\":{\"@type\":\"ImageObject\",\"inLanguage\":\"pt-BR\",\"@id\":\"https:\\\/\\\/blog.saocamilo-sp.br\\\/#\\\/schema\\\/logo\\\/image\\\/\",\"url\":\"https:\\\/\\\/blog.saocamilo-sp.br\\\/wp-content\\\/uploads\\\/2021\\\/12\\\/cropped-vazio-logo-topo.png\",\"contentUrl\":\"https:\\\/\\\/blog.saocamilo-sp.br\\\/wp-content\\\/uploads\\\/2021\\\/12\\\/cropped-vazio-logo-topo.png\",\"width\":320,\"height\":240,\"caption\":\"Blog S\u00e3o Camilo\"},\"image\":{\"@id\":\"https:\\\/\\\/blog.saocamilo-sp.br\\\/#\\\/schema\\\/logo\\\/image\\\/\"},\"sameAs\":[\"https:\\\/\\\/www.facebook.com\\\/saocamilosp\",\"https:\\\/\\\/x.com\\\/saocamilosp\",\"https:\\\/\\\/www.linkedin.com\\\/school\\\/centro-universit-rio-s-o-camilo\\\/\"]},{\"@type\":\"Person\",\"@id\":\"https:\\\/\\\/blog.saocamilo-sp.br\\\/#\\\/schema\\\/person\\\/7dce5f342af0848eb2f06778b2737904\",\"name\":\"Christopher Oliveira dos Reis\",\"image\":{\"@type\":\"ImageObject\",\"inLanguage\":\"pt-BR\",\"@id\":\"https:\\\/\\\/secure.gravatar.com\\\/avatar\\\/b09a1361215d06f22999124838358b6855376e2b7287de883b723960b0c03f82?s=96&d=mm&r=g\",\"url\":\"https:\\\/\\\/secure.gravatar.com\\\/avatar\\\/b09a1361215d06f22999124838358b6855376e2b7287de883b723960b0c03f82?s=96&d=mm&r=g\",\"contentUrl\":\"https:\\\/\\\/secure.gravatar.com\\\/avatar\\\/b09a1361215d06f22999124838358b6855376e2b7287de883b723960b0c03f82?s=96&d=mm&r=g\",\"caption\":\"Christopher Oliveira dos Reis\"},\"url\":\"https:\\\/\\\/blog.saocamilo-sp.br\\\/index.php\\\/author\\\/christopher-reis\\\/\"}]}<\/script>\n<!-- \/ Yoast SEO plugin. -->","yoast_head_json":{"title":"Programa Educa\u00e7\u00e3o Alimentar \u2013 Integrando Ci\u00eancia, Escola e Sa\u00fade - Blog S\u00e3o Camilo","description":"Em junho, ser\u00e1 lan\u00e7ado o Programa Educa\u00e7\u00e3o Alimentar \u2013 Integrando Ci\u00eancia, Escola e Sa\u00fade \u2013 1\u00aa Edi\u00e7\u00e3o\/2024.","robots":{"index":"index","follow":"follow","max-snippet":"max-snippet:-1","max-image-preview":"max-image-preview:large","max-video-preview":"max-video-preview:-1"},"canonical":"https:\/\/blog.saocamilo-sp.br\/index.php\/2024\/05\/22\/alimentar\/","og_locale":"pt_BR","og_type":"article","og_title":"Programa Educa\u00e7\u00e3o Alimentar \u2013 Integrando Ci\u00eancia, Escola e Sa\u00fade - Blog S\u00e3o Camilo","og_description":"Em junho, ser\u00e1 lan\u00e7ado o Programa Educa\u00e7\u00e3o Alimentar \u2013 Integrando Ci\u00eancia, Escola e Sa\u00fade \u2013 1\u00aa Edi\u00e7\u00e3o\/2024.","og_url":"https:\/\/blog.saocamilo-sp.br\/index.php\/2024\/05\/22\/alimentar\/","og_site_name":"Blog S\u00e3o Camilo","article_publisher":"https:\/\/www.facebook.com\/saocamilosp","article_published_time":"2024-05-22T16:00:43+00:00","article_modified_time":"2024-05-22T16:00:45+00:00","og_image":[{"width":1024,"height":1024,"url":"https:\/\/blog.saocamilo-sp.br\/wp-content\/uploads\/2024\/05\/ae245042-310b-444e-b95e-7638ff1af92d.png","type":"image\/png"}],"author":"Christopher Oliveira dos Reis","twitter_card":"summary_large_image","twitter_creator":"@saocamilosp","twitter_site":"@saocamilosp","twitter_misc":{"Escrito por":"Christopher Oliveira dos Reis","Est. tempo de leitura":"3 minutos"},"schema":{"@context":"https:\/\/schema.org","@graph":[{"@type":"Article","@id":"https:\/\/blog.saocamilo-sp.br\/index.php\/2024\/05\/22\/alimentar\/#article","isPartOf":{"@id":"https:\/\/blog.saocamilo-sp.br\/index.php\/2024\/05\/22\/alimentar\/"},"author":{"name":"Christopher Oliveira dos Reis","@id":"https:\/\/blog.saocamilo-sp.br\/#\/schema\/person\/7dce5f342af0848eb2f06778b2737904"},"headline":"Programa Educa\u00e7\u00e3o Alimentar \u2013 Integrando Ci\u00eancia, Escola e Sa\u00fade","datePublished":"2024-05-22T16:00:43+00:00","dateModified":"2024-05-22T16:00:45+00:00","mainEntityOfPage":{"@id":"https:\/\/blog.saocamilo-sp.br\/index.php\/2024\/05\/22\/alimentar\/"},"wordCount":541,"commentCount":0,"publisher":{"@id":"https:\/\/blog.saocamilo-sp.br\/#organization"},"image":{"@id":"https:\/\/blog.saocamilo-sp.br\/index.php\/2024\/05\/22\/alimentar\/#primaryimage"},"thumbnailUrl":"https:\/\/blog.saocamilo-sp.br\/wp-content\/uploads\/2024\/05\/ae245042-310b-444e-b95e-7638ff1af92d.png","articleSection":["Cursos","Nutri\u00e7\u00e3o","Sa\u00fade"],"inLanguage":"pt-BR","potentialAction":[{"@type":"CommentAction","name":"Comment","target":["https:\/\/blog.saocamilo-sp.br\/index.php\/2024\/05\/22\/alimentar\/#respond"]}]},{"@type":"WebPage","@id":"https:\/\/blog.saocamilo-sp.br\/index.php\/2024\/05\/22\/alimentar\/","url":"https:\/\/blog.saocamilo-sp.br\/index.php\/2024\/05\/22\/alimentar\/","name":"Programa Educa\u00e7\u00e3o Alimentar \u2013 Integrando Ci\u00eancia, Escola e Sa\u00fade - Blog S\u00e3o Camilo","isPartOf":{"@id":"https:\/\/blog.saocamilo-sp.br\/#website"},"primaryImageOfPage":{"@id":"https:\/\/blog.saocamilo-sp.br\/index.php\/2024\/05\/22\/alimentar\/#primaryimage"},"image":{"@id":"https:\/\/blog.saocamilo-sp.br\/index.php\/2024\/05\/22\/alimentar\/#primaryimage"},"thumbnailUrl":"https:\/\/blog.saocamilo-sp.br\/wp-content\/uploads\/2024\/05\/ae245042-310b-444e-b95e-7638ff1af92d.png","datePublished":"2024-05-22T16:00:43+00:00","dateModified":"2024-05-22T16:00:45+00:00","description":"Em junho, ser\u00e1 lan\u00e7ado o Programa Educa\u00e7\u00e3o Alimentar \u2013 Integrando Ci\u00eancia, Escola e Sa\u00fade \u2013 1\u00aa Edi\u00e7\u00e3o\/2024.","breadcrumb":{"@id":"https:\/\/blog.saocamilo-sp.br\/index.php\/2024\/05\/22\/alimentar\/#breadcrumb"},"inLanguage":"pt-BR","potentialAction":[{"@type":"ReadAction","target":["https:\/\/blog.saocamilo-sp.br\/index.php\/2024\/05\/22\/alimentar\/"]}]},{"@type":"ImageObject","inLanguage":"pt-BR","@id":"https:\/\/blog.saocamilo-sp.br\/index.php\/2024\/05\/22\/alimentar\/#primaryimage","url":"https:\/\/blog.saocamilo-sp.br\/wp-content\/uploads\/2024\/05\/ae245042-310b-444e-b95e-7638ff1af92d.png","contentUrl":"https:\/\/blog.saocamilo-sp.br\/wp-content\/uploads\/2024\/05\/ae245042-310b-444e-b95e-7638ff1af92d.png","width":1024,"height":1024},{"@type":"BreadcrumbList","@id":"https:\/\/blog.saocamilo-sp.br\/index.php\/2024\/05\/22\/alimentar\/#breadcrumb","itemListElement":[{"@type":"ListItem","position":1,"name":"In\u00edcio","item":"https:\/\/blog.saocamilo-sp.br\/"},{"@type":"ListItem","position":2,"name":"Programa Educa\u00e7\u00e3o Alimentar \u2013 Integrando Ci\u00eancia, Escola e Sa\u00fade"}]},{"@type":"WebSite","@id":"https:\/\/blog.saocamilo-sp.br\/#website","url":"https:\/\/blog.saocamilo-sp.br\/","name":"Blog S\u00e3o Camilo","description":"Blog do Centro Universit\u00e1rio S\u00e3o Camilo","publisher":{"@id":"https:\/\/blog.saocamilo-sp.br\/#organization"},"potentialAction":[{"@type":"SearchAction","target":{"@type":"EntryPoint","urlTemplate":"https:\/\/blog.saocamilo-sp.br\/?s={search_term_string}"},"query-input":{"@type":"PropertyValueSpecification","valueRequired":true,"valueName":"search_term_string"}}],"inLanguage":"pt-BR"},{"@type":"Organization","@id":"https:\/\/blog.saocamilo-sp.br\/#organization","name":"Blog S\u00e3o Camilo","url":"https:\/\/blog.saocamilo-sp.br\/","logo":{"@type":"ImageObject","inLanguage":"pt-BR","@id":"https:\/\/blog.saocamilo-sp.br\/#\/schema\/logo\/image\/","url":"https:\/\/blog.saocamilo-sp.br\/wp-content\/uploads\/2021\/12\/cropped-vazio-logo-topo.png","contentUrl":"https:\/\/blog.saocamilo-sp.br\/wp-content\/uploads\/2021\/12\/cropped-vazio-logo-topo.png","width":320,"height":240,"caption":"Blog S\u00e3o Camilo"},"image":{"@id":"https:\/\/blog.saocamilo-sp.br\/#\/schema\/logo\/image\/"},"sameAs":["https:\/\/www.facebook.com\/saocamilosp","https:\/\/x.com\/saocamilosp","https:\/\/www.linkedin.com\/school\/centro-universit-rio-s-o-camilo\/"]},{"@type":"Person","@id":"https:\/\/blog.saocamilo-sp.br\/#\/schema\/person\/7dce5f342af0848eb2f06778b2737904","name":"Christopher Oliveira dos Reis","image":{"@type":"ImageObject","inLanguage":"pt-BR","@id":"https:\/\/secure.gravatar.com\/avatar\/b09a1361215d06f22999124838358b6855376e2b7287de883b723960b0c03f82?s=96&d=mm&r=g","url":"https:\/\/secure.gravatar.com\/avatar\/b09a1361215d06f22999124838358b6855376e2b7287de883b723960b0c03f82?s=96&d=mm&r=g","contentUrl":"https:\/\/secure.gravatar.com\/avatar\/b09a1361215d06f22999124838358b6855376e2b7287de883b723960b0c03f82?s=96&d=mm&r=g","caption":"Christopher Oliveira dos Reis"},"url":"https:\/\/blog.saocamilo-sp.br\/index.php\/author\/christopher-reis\/"}]}},"_links":{"self":[{"href":"https:\/\/blog.saocamilo-sp.br\/index.php\/wp-json\/wp\/v2\/posts\/2552","targetHints":{"allow":["GET"]}}],"collection":[{"href":"https:\/\/blog.saocamilo-sp.br\/index.php\/wp-json\/wp\/v2\/posts"}],"about":[{"href":"https:\/\/blog.saocamilo-sp.br\/index.php\/wp-json\/wp\/v2\/types\/post"}],"author":[{"embeddable":true,"href":"https:\/\/blog.saocamilo-sp.br\/index.php\/wp-json\/wp\/v2\/users\/11"}],"replies":[{"embeddable":true,"href":"https:\/\/blog.saocamilo-sp.br\/index.php\/wp-json\/wp\/v2\/comments?post=2552"}],"version-history":[{"count":4,"href":"https:\/\/blog.saocamilo-sp.br\/index.php\/wp-json\/wp\/v2\/posts\/2552\/revisions"}],"predecessor-version":[{"id":2568,"href":"https:\/\/blog.saocamilo-sp.br\/index.php\/wp-json\/wp\/v2\/posts\/2552\/revisions\/2568"}],"wp:featuredmedia":[{"embeddable":true,"href":"https:\/\/blog.saocamilo-sp.br\/index.php\/wp-json\/wp\/v2\/media\/2564"}],"wp:attachment":[{"href":"https:\/\/blog.saocamilo-sp.br\/index.php\/wp-json\/wp\/v2\/media?parent=2552"}],"wp:term":[{"taxonomy":"category","embeddable":true,"href":"https:\/\/blog.saocamilo-sp.br\/index.php\/wp-json\/wp\/v2\/categories?post=2552"},{"taxonomy":"post_tag","embeddable":true,"href":"https:\/\/blog.saocamilo-sp.br\/index.php\/wp-json\/wp\/v2\/tags?post=2552"}],"curies":[{"name":"wp","href":"https:\/\/api.w.org\/{rel}","templated":true}]}}