{"id":2593,"date":"2024-05-29T13:40:11","date_gmt":"2024-05-29T16:40:11","guid":{"rendered":"https:\/\/blog.saocamilo-sp.br\/?p=2593"},"modified":"2024-05-29T16:22:19","modified_gmt":"2024-05-29T19:22:19","slug":"peduca","status":"publish","type":"post","link":"https:\/\/blog.saocamilo-sp.br\/index.php\/2024\/05\/29\/peduca\/","title":{"rendered":"PEDUCA 2024: Atividades de Ensino, Pesquisa e Extens\u00e3o no controle da Obesidade Infantil na Escola"},"content":{"rendered":"\n<p>A autora e docente do\u00a0<a href=\"https:\/\/saocamilo-sp.br\/\" target=\"_blank\" rel=\"noreferrer noopener\">Centro Universit\u00e1rio S\u00e3o Camilo<\/a>\u00a0Ana Paula de Queiroz Mello vem estudando como a obesidade infantil \u00e9 considerada um problema de sa\u00fade p\u00fablica, e tem se tornado crescente nas \u00faltimas d\u00e9cadas. Esta situa\u00e7\u00e3o requer dos \u00f3rg\u00e3os p\u00fablicos e privados uma vis\u00e3o direcionada \u00e0s crian\u00e7as e os adolescentes, visto que, a obesidade \u00e9 o principal fator de risco para o desenvolvimento de outras doen\u00e7as cr\u00f4nicas n\u00e3o transmiss\u00edveis (DCNTs), que podem refletir tamb\u00e9m no atraso do desenvolvimento escolar.\u00a0<\/p>\n\n\n<div class=\"wp-block-image\">\n<figure class=\"aligncenter size-full is-resized\"><img loading=\"lazy\" decoding=\"async\" src=\"https:\/\/blog.saocamilo-sp.br\/wp-content\/uploads\/2024\/05\/WFFJ1433.jpg\" alt=\"\" class=\"wp-image-2614\" width=\"630\" height=\"596\"\/><figcaption class=\"wp-element-caption\">Ana Paula de Queiroz Mello <\/figcaption><\/figure>\n<\/div>\n\n\n<h3 class=\"wp-block-heading\">A crescente epidemia de obesidade infantil no Brasil<\/h3>\n\n\n\n<p>Neste sentido, deve-se priorizar a promo\u00e7\u00e3o da alimenta\u00e7\u00e3o adequada e saud\u00e1vel e a preven\u00e7\u00e3o de doen\u00e7as relacionadas, objetivando minimizar a exposi\u00e7\u00e3o do indiv\u00edduo e da coletividade aos fatores de risco.&nbsp; Com isso, faz-se necess\u00e1rio intensificar esfor\u00e7os no combate \u00e0 obesidade infantil, com estrat\u00e9gias de educa\u00e7\u00e3o em sa\u00fade.&nbsp;&nbsp;<\/p>\n\n\n\n<h3 class=\"wp-block-heading\">O papel fundamental da escola na promo\u00e7\u00e3o de h\u00e1bitos alimentares saud\u00e1veis<\/h3>\n\n\n\n<p>Considerando que a escola \u00e9 o ambiente onde as crian\u00e7as e os adolescentes passam pelo menos 1\/3 do seu dia e \u00e9 o local destinado para aprendizagem e desenvolvimento de a\u00e7\u00f5es preventivas, torna-se um espa\u00e7o privilegiado para a promo\u00e7\u00e3o de h\u00e1bitos alimentares saud\u00e1veis por meio da oferta di\u00e1ria de refei\u00e7\u00f5es equilibradas e da implanta\u00e7\u00e3o de atividades educativas que potencializam a Sa\u00fade e a Nutri\u00e7\u00e3o.&nbsp;&nbsp;<\/p>\n\n\n\n<p>A ado\u00e7\u00e3o de pol\u00edticas para tornar o ambiente escolar promotor da alimenta\u00e7\u00e3o adequada e saud\u00e1vel \u00e9 uma das medidas mais efetivas e recomendadas para melhorar a alimenta\u00e7\u00e3o e a nutri\u00e7\u00e3o da popula\u00e7\u00e3o, incluindo a preven\u00e7\u00e3o da obesidade infantil.&nbsp;&nbsp;<\/p>\n\n\n\n<h3 class=\"wp-block-heading\">Marco de Refer\u00eancia de Educa\u00e7\u00e3o Alimentar e Nutricional: uma diretriz para a\u00e7\u00f5es efetivas<\/h3>\n\n\n\n<p>O Marco de Refer\u00eancia de Educa\u00e7\u00e3o Alimentar e Nutricional para Pol\u00edticas P\u00fablicas, publicado em 2012 pelo Minist\u00e9rio do Desenvolvimento Social e Combate \u00e0 Fome, \u00e9 o primeiro documento oficial que define Educa\u00e7\u00e3o Alimentar e Nutricional (EAN) como um campo de conhecimento e de pr\u00e1tica cont\u00ednua e permanente, transdisciplinar, Intersetorial e multiprofissional que visa promover a pr\u00e1tica aut\u00f4noma e volunt\u00e1ria de h\u00e1bitos alimentares saud\u00e1veis. Desde ent\u00e3o, v\u00e1rios outros documentos foram constru\u00eddos que t\u00eam na EAN uma estrat\u00e9gia fundamental para a preven\u00e7\u00e3o e controle de dist\u00farbios alimentares e nutricionais, com o uso de abordagens e recursos educacionais problematizadores e ativos que favore\u00e7am o di\u00e1logo junto a indiv\u00edduos e grupos populacionais<\/p>\n\n\n\n<h3 class=\"wp-block-heading\">Consolidando a Educa\u00e7\u00e3o Alimentar e Nutricional no Curr\u00edculo Escolar Brasileiro<\/h3>\n\n\n\n<p>A EAN, como diretriz, visa promover escolhas alimentares saud\u00e1veis para melhorar a aprendizagem e a qualidade de vida. Embora sua for\u00e7a tenha sido reconhecida pela Lei n\u00ba 11.947\/2009, s\u00f3 em 2018, com a Lei n\u00ba 13.666\/2018, ela foi oficialmente integrada aos curr\u00edculos escolares. Com a homologa\u00e7\u00e3o da BNCC em 2019, tornou-se um dos Temas Contempor\u00e2neos Transversais (TCTs). Recentemente, o Decreto n\u00ba 11821\/2023 estabeleceu diretrizes para a promo\u00e7\u00e3o da alimenta\u00e7\u00e3o adequada e saud\u00e1vel nas escolas, alinhadas com o Guia Alimentar para a Popula\u00e7\u00e3o Brasileira e outras refer\u00eancias. Assim, a EAN \u00e9 fortalecida como parte integrante e transversal do curr\u00edculo escolar.<\/p>\n\n\n\n<p>A EAN, por ter caracter\u00edstica transdisciplinar, intersetorial e multiprofissional, tem potencial para estabelecer conex\u00f5es entre \u00e1reas de conhecimentos espec\u00edficos com componentes curriculares. Neste sentido, em 2018, o \u201cPrograma de Educa\u00e7\u00e3o Alimentar \u2013 Integrando Ci\u00eancia, Escola e Sa\u00fade (PEDUCA)\u201d foi constru\u00eddo pelas Profa. Dra. Ana Paula de Queiroz Mello (Centro Universit\u00e1rio S\u00e3o Camilo) e Profa. Dra. N\u00e1gila R. Teixeira Damasceno (Faculdade de Sa\u00fade P\u00fablica &#8211; FSP\/USP), em parceria com a\u00a0<a href=\"https:\/\/www.educacao.sp.gov.br\/\" target=\"_blank\" rel=\"noreferrer noopener\">Secretaria da Educa\u00e7\u00e3o do Estado de S\u00e3o Paulo<\/a>\u00a0(SEDUC) e o\u00a0<a href=\"https:\/\/saocamilo-sp.br\/\" target=\"_blank\" rel=\"noreferrer noopener\">Centro Universit\u00e1rio S\u00e3o Camilo<\/a>, a Faculdade de Sa\u00fade P\u00fablica da Universidade de S\u00e3o Paulo (FSP\/USP), a Sociedade de Cardiologia do Estado de S\u00e3o Paulo (SOCESP) e o Instituto Nacional de Ci\u00eancia e Tecnologia de Fluidos Complexos (INCT-FCx). <\/p>\n\n\n\n<p>O PEDUCA tem como principal objetivo oferecer forma\u00e7\u00e3o sobre alimenta\u00e7\u00e3o adequada e saud\u00e1vel que poder\u00e1 se tornar uma ferramenta importante para auxiliar na preven\u00e7\u00e3o da obesidade de forma cont\u00ednua e permanente, destinada a comunidade escolar vinculada \u00e0 SEDUC, composta por Quadro de Magist\u00e9rio, Secretaria da Educa\u00e7\u00e3o e Apoio Escolar.\u00a0<\/p>\n\n\n<div class=\"wp-block-image\">\n<figure class=\"alignleft size-full is-resized\"><img loading=\"lazy\" decoding=\"async\" src=\"https:\/\/blog.saocamilo-sp.br\/wp-content\/uploads\/2024\/05\/image-5.png\" alt=\"\" class=\"wp-image-2624\" width=\"269\" height=\"162\"\/><figcaption class=\"wp-element-caption\">SOCESP<\/figcaption><\/figure>\n<\/div>\n\n<div class=\"wp-block-image\">\n<figure class=\"aligncenter size-full is-resized\"><img loading=\"lazy\" decoding=\"async\" src=\"https:\/\/blog.saocamilo-sp.br\/wp-content\/uploads\/2024\/05\/Imagerm-INCT.png\" alt=\"\" class=\"wp-image-2613\" width=\"277\" height=\"148\"\/><figcaption class=\"wp-element-caption\">INCT- Fcx<\/figcaption><\/figure>\n<\/div>\n\n\n<figure class=\"wp-block-image size-full is-resized\"><img loading=\"lazy\" decoding=\"async\" src=\"https:\/\/blog.saocamilo-sp.br\/wp-content\/uploads\/2024\/05\/image-6.png\" alt=\"\" class=\"wp-image-2625\" width=\"228\" height=\"213\"\/><figcaption class=\"wp-element-caption\">USP<\/figcaption><\/figure>\n\n\n\n<h3 class=\"wp-block-heading\"><strong>PEDUCA: Uma Abordagem Multidisciplinar para Sa\u00fade, Alimenta\u00e7\u00e3o e Educa\u00e7\u00e3o<\/strong><\/h3>\n\n\n\n<p>O <a href=\"https:\/\/cursosextensao.usp.br\/enrol\/index.php?id=1457\" target=\"_blank\" rel=\"noreferrer noopener\">PEDUCA<\/a> representa uma estrat\u00e9gia inovadora com interface entre universidade e sociedade, que contempla a vis\u00e3o multidisciplinar de atores envolvidos com a \u00e1rea de Sa\u00fade, Alimenta\u00e7\u00e3o e Educa\u00e7\u00e3o. Desta forma, os resultados da 1\u00aa edi\u00e7\u00e3o do PEDUCA foram divulgados em diversos materiais cient\u00edficos e de comunica\u00e7\u00e3o em massa que evidenciaram o interesse cont\u00ednuo dos educadores, assim como, mostraram o papel norteador da universidade para atender as demandas sociais por meio de a\u00e7\u00f5es afirmativas e forma\u00e7\u00e3o de excel\u00eancia ao n\u00edvel de Ensino, Pesquisa e Extens\u00e3o.&nbsp;<\/p>\n\n\n\n<p>O PEDUCA est\u00e1 alinhado com o marco legal de no. 13.666\/2018, que prev\u00ea a incorpora\u00e7\u00e3o da tem\u00e1tica Alimenta\u00e7\u00e3o e Nutri\u00e7\u00e3o de maneira transversal, a ser ministrado pelo professor da classe ou de disciplinas que j\u00e1 integram os curr\u00edculos escolares. Este programa \u00e9 pioneiro ao ofertar a todos os funcion\u00e1rios p\u00fablicos vinculados \u00e0s escolas estaduais do Estado de S\u00e3o Paulo a oportunidade de receberem gratuitamente, via parceria com a Escola de Forma\u00e7\u00e3o e Aperfei\u00e7oamento dos Profissionais da Educa\u00e7\u00e3o \u201cPaulo Renato Costa Souza\u201d (EFAPE), forma\u00e7\u00e3o cientificamente fundamentada sobre Alimenta\u00e7\u00e3o e Nutri\u00e7\u00e3o voltada \u00e0 preven\u00e7\u00e3o de DCNTs, com destaque para a obesidade. O PEDUCA tem como importante caracter\u00edstica articular Universidades, Instituto de Pesquisa, Sociedade M\u00e9dica e a Secretaria da Educa\u00e7\u00e3o do Estado de S\u00e3o Paulo \u00e0 favor da EAN no controle da obesidade infantil.\u00a0<\/p>\n\n\n\n<h3 class=\"wp-block-heading\">PEDUCA &#8211; Programa Online para auxiliar na elabora\u00e7\u00e3o de Estrat\u00e9gias Curriculares para a preven\u00e7\u00e3o da Obesidade Infantil<\/h3>\n\n\n\n<p>O Programa \u00e9 formado por s\u00f3lido repert\u00f3rio cient\u00edfico que transita sobre a tem\u00e1tica Alimenta\u00e7\u00e3o e Nutri\u00e7\u00e3o em diversos cen\u00e1rios. O programa foi concebido para um ambiente de aprendizagem 100% online sediado em plataforma de Ensino \u00e0 Dist\u00e2ncia. S\u00e3o 110 horas dedicadas a um amplo conte\u00fado te\u00f3rico que inclui textos e v\u00eddeos rigorosamente selecionados, associados a atividades reflexivas que auxiliar\u00e3o no desenvolvimento de materiais pedag\u00f3gicos que poder\u00e3o ser incorporados \u00e0s a\u00e7\u00f5es transversais sobre EAN no ambiente escolar.&nbsp;&nbsp;&nbsp;<\/p>\n\n\n\n<p>Outro importante modelo de estrat\u00e9gia envolvendo EAN, Universidade e comunidade escolar, incluindo a fam\u00edlia no controle da obesidade infantil, \u00e9 a atividade curricular vinculada ao curso de gradua\u00e7\u00e3o em Nutri\u00e7\u00e3o do Centro Universit\u00e1rio S\u00e3o Camilo denominada \u201cPrograma de Orienta\u00e7\u00e3o Alimentar (POA)\u201d. O POA faz parte da disciplina \u201cEstrat\u00e9gias de Educa\u00e7\u00e3o Alimentar\u201d que tem como principal caracter\u00edstica compor o <em>roll<\/em> de atividades de extens\u00e3o curricular do curso.&nbsp;&nbsp;<\/p>\n\n\n\n<p>Ao longo da disciplina, o aluno planeja, constr\u00f3i, implanta e avalia o POA sob supervis\u00e3o do professor.\u00a0 O POA, com dura\u00e7\u00e3o de 3-4 meses, visa atingir principalmente crian\u00e7as e adolescentes em ambiente escolar. Inicia-se com uma avalia\u00e7\u00e3o diagn\u00f3stica, seguida pela defini\u00e7\u00e3o das atividades de interven\u00e7\u00e3o, que incluem pelo menos 2 a\u00e7\u00f5es, predominantemente presenciais, \u00e0s vezes remotas. As interven\u00e7\u00f5es promovem sa\u00fade e previnem DCNTs atrav\u00e9s de din\u00e2micas, jogos educativos, palestras e outras atividades. Avalia\u00e7\u00f5es formativas s\u00e3o realizadas durante as atividades para acompanhar o progresso, seguidas por uma avalia\u00e7\u00e3o final para verificar o alcance dos objetivos do POA. Durante a pandemia, houve adapta\u00e7\u00e3o para atividades virtuais, que mantiveram resultados positivos, especialmente no comportamento cognitivo, influenciando atitudes e h\u00e1bitos alimentares saud\u00e1veis.<\/p>\n\n\n\n<h3 class=\"wp-block-heading\">Sobre o &#8220;Programa Crescer Saud\u00e1vel na escola&#8221;<\/h3>\n\n\n\n<p>O \u201cPrograma Crescer Saud\u00e1vel na Escola\u201d pode ser considerado um <em>case<\/em> de sucesso no que se refere ao POA. Foi planejado e implantado por alunos de inicia\u00e7\u00e3o cient\u00edfica e docentes do curso de gradua\u00e7\u00e3o em Nutri\u00e7\u00e3o do Centro Universit\u00e1rio S\u00e3o Camilo no per\u00edodo de fev\/2018 a nov\/2019 na Escola Municipal de Educa\u00e7\u00e3o Infantil (EMEI) Profa. Lourdes Heredia Mello, localizada na zona Sul da cidade de S\u00e3o Paulo (SP). A partir do desenvolvimento deste programa, foi poss\u00edvel observar que os pr\u00e9-escolares adquiriram&nbsp;&nbsp; maior conhecimento sobre frutas, verduras e legumes mais comumente consumidos em SP. A comunidade escolar e as fam\u00edlias observaram melhora na aceita\u00e7\u00e3o alimentar das crian\u00e7as. Logo, o \u201cPrograma Crescer Saud\u00e1vel na Escola\u201d proporcionou aumento do interesse sobre pr\u00e1ticas alimentares saud\u00e1veis entre os participantes.&nbsp;<\/p>\n\n\n<div class=\"wp-block-image is-style-default\">\n<figure class=\"aligncenter size-full is-resized\"><img loading=\"lazy\" decoding=\"async\" src=\"https:\/\/blog.saocamilo-sp.br\/wp-content\/uploads\/2024\/05\/Imagem-POA.png\" alt=\"\" class=\"wp-image-2612\" width=\"368\" height=\"408\"\/><figcaption class=\"wp-element-caption\">EMEI Profa. Lourdes Heredia Mello<\/figcaption><\/figure>\n<\/div>\n\n\n<p>Neste sentido, o POA pode ser considerado uma ferramenta para a participa\u00e7\u00e3o social na promo\u00e7\u00e3o da sa\u00fade, dando destaque ao Nutricionista, munido de compet\u00eancias t\u00e9cnicas e cient\u00edficas, para prestar assist\u00eancia de forma hol\u00edstica na promo\u00e7\u00e3o da alimenta\u00e7\u00e3o adequada e saud\u00e1vel, e preven\u00e7\u00e3o das DCNTs, principalmente, a obesidade infantil.&nbsp;<\/p>\n\n\n\n<p><strong>Aux\u00edlio vigente sob a responsabilidade da Pesquisadora:<\/strong>&nbsp;<\/p>\n\n\n\n<ul class=\"wp-block-list\">\n<li>Edital Universal CNPq 2023. T\u00edtulo do projeto: Avalia\u00e7\u00e3o, valida\u00e7\u00e3o e vigil\u00e2ncia de programa de educa\u00e7\u00e3o alimentar e nutricional no \u00e2mbito escolar do Estado de S\u00e3o Paulo.&nbsp;<\/li>\n<\/ul>\n\n\n\n<p><strong>Principais Aux\u00edlios conclu\u00eddos sob a responsabilidade da Pesquisadora:&nbsp;<\/strong>&nbsp;<\/p>\n\n\n\n<ul class=\"wp-block-list\">\n<li>Projeto: An\u00e1lise do impacto e da vigil\u00e2ncia de programa de educa\u00e7\u00e3o alimentar no \u00e2mbito escolar do Estado de S\u00e3o Paulo. Recurso: Programa Institucional de Bolsas para aluno de Inicia\u00e7\u00e3o Cient\u00edfica (PIBIC) (no. processo: 161354\/2022-0). Vig\u00eancia: 01\/10\/2022 a 31\/08\/2023. Ag\u00eancia Financiadora: CNPq;&nbsp;&nbsp;<\/li>\n<\/ul>\n\n\n\n<ul class=\"wp-block-list\">\n<li>Projeto: Programa de educa\u00e7\u00e3o alimentar crescer saud\u00e1vel na escola para pr\u00e9-escolares de escola municipal de educa\u00e7\u00e3o infantil. Recurso: Programa Institucional de Bolsas para aluno de Inicia\u00e7\u00e3o Cient\u00edfica (PIBIC) (no. processo: 165815\/2018-3). Vig\u00eancia: 01\/09\/2018 a 31\/07\/2019. Ag\u00eancia Financiadora: CNPq.<\/li>\n<\/ul>\n\n\n\n<h3 class=\"wp-block-heading\">Links<\/h3>\n\n\n\n<p>Seguem abaixo os <em>Links<\/em> sobre os Programas e as Legisla\u00e7\u00f5es envolvendo EAN:&nbsp;&nbsp;<\/p>\n\n\n\n<p><strong>PEDUCA:<\/strong>&nbsp;<\/p>\n\n\n\n<p><a href=\"https:\/\/bvsms.saude.gov.br\/bvs\/publicacoes\/laboratorio_inovacao_educacao_alimentar_10anos.pdf\" target=\"_blank\" rel=\"noreferrer noopener\">https:\/\/bvsms.saude.gov.br\/bvs\/publicacoes\/laboratorio_inovacao_educacao_alimentar_10anos.pdf<\/a>&nbsp;&nbsp;<\/p>\n\n\n\n<p><a href=\"https:\/\/www.livrosabertos.abcd.usp.br\/portaldelivrosUSP\/catalog\/book\/876\" target=\"_blank\" rel=\"noreferrer noopener\">https:\/\/www.livrosabertos.abcd.usp.br\/portaldelivrosUSP\/catalog\/book\/876<\/a>&nbsp;<\/p>\n\n\n\n<p><a href=\"https:\/\/jornal.usp.br\/universidade\/curso-de-educacao-alimentar-causa-impacto-em-mais-de-duas-mil-escolas\/\" target=\"_blank\" rel=\"noreferrer noopener\">https:\/\/jornal.usp.br\/universidade\/curso-de-educacao-alimentar-causa-impacto-em-mais-de-duas-mil-escolas\/<\/a>&nbsp;&nbsp;<\/p>\n\n\n\n<p><strong>\u201cPrograma Crescer Saud\u00e1vel na Escola\u201d:<\/strong>&nbsp;<\/p>\n\n\n\n<p><a href=\"https:\/\/apsredes.org\/eventos\/lis-cns\/programa-de-orientacao-alimentar-como-ferramenta-para-a-participacao-social-na-promocao-da-saude\/\" target=\"_blank\" rel=\"noreferrer noopener\">https:\/\/apsredes.org\/eventos\/lis-cns\/programa-de-orientacao-alimentar-como-ferramenta-para-a-participacao-social-na-promocao-da-saude\/<\/a>&nbsp;&nbsp;<\/p>\n\n\n\n<p><a href=\"https:\/\/www.instagram.com\/reel\/CyECgfnuWRP\/?utm_source=ig_web_copy_link&amp;igsh=MzRlODBiNWFlZA==\" target=\"_blank\" rel=\"noreferrer noopener\">https:\/\/www.instagram.com\/reel\/CyECgfnuWRP\/?utm_source=ig_web_copy_link&amp;igsh=MzRlODBiNWFlZA==<\/a>&nbsp;<\/p>\n\n\n\n<p><a href=\"https:\/\/revistamundodasaude.emnuvens.com.br\/mundodasaude\/article\/view\/1072\/1051\" target=\"_blank\" rel=\"noreferrer noopener\">https:\/\/revistamundodasaude.emnuvens.com.br\/mundodasaude\/article\/view\/1072\/1051<\/a>&nbsp;&nbsp;<\/p>\n\n\n\n<p><a href=\"https:\/\/revistas.marilia.unesp.br\/index.php\/jhgd\/article\/view\/11101\/7107\" target=\"_blank\" rel=\"noreferrer noopener\">https:\/\/revistas.marilia.unesp.br\/index.php\/jhgd\/article\/view\/11101\/7107<\/a>&nbsp;&nbsp;<\/p>\n\n\n\n<p><strong>Veja tamb\u00e9m:<\/strong><\/p>\n\n\n\n<ul class=\"wp-block-list\">\n<li><a href=\"https:\/\/blog.saocamilo-sp.br\/index.php\/2023\/05\/25\/plastinado-von-hagens-sao-camilo-revoluciona-no-ensino\/\"><\/a><a href=\"https:\/\/blog.saocamilo-sp.br\/index.php\/2023\/07\/07\/a-pesquisa-cientifica-no-centro-universitario-sao-camilo\/\" target=\"_blank\" rel=\"noreferrer noopener\"><strong>A valoriza\u00e7\u00e3o da pesquisa cient\u00edfica no Centro Universit\u00e1rio S\u00e3o Camilo<\/strong><\/a><\/li>\n\n\n\n<li><a href=\"https:\/\/blog.saocamilo-sp.br\/index.php\/2024\/03\/25\/clinica-escola\/\" target=\"_blank\" rel=\"noreferrer noopener\"><strong>Pesquisadores da cl\u00ednica-escola PROMOVE publicam artigo em per\u00edodo cient\u00edfico<\/strong><\/a><\/li>\n\n\n\n<li><a href=\"https:\/\/blog.saocamilo-sp.br\/index.php\/2023\/11\/22\/viii-congresso-multiprofissional-da-sao-camilo-uma-celebracao-da-pesquisa\/\" target=\"_blank\" rel=\"noreferrer noopener\"><strong>VIII Congresso Multiprofissional da S\u00e3o Camilo: uma celebra\u00e7\u00e3o da pesquisa<\/strong><\/a><\/li>\n<\/ul>\n\n\n\n<iframe loading=\"lazy\" src=\"https:\/\/saocamilo.apprbs.com.br\/tenho-interesse-blog\" height=\"530px\" width=\"100%\" frameborder=\"0\"><\/iframe>\n","protected":false},"excerpt":{"rendered":"<p>O PEDUCA representa uma estrat\u00e9gia inovadora com interface entre universidade e sociedade, que contempla a vis\u00e3o multidisciplinar de atores envolvidos com a \u00e1rea de Sa\u00fade, Alimenta\u00e7\u00e3o e Educa\u00e7\u00e3o<\/p>\n","protected":false},"author":11,"featured_media":2611,"comment_status":"open","ping_status":"open","sticky":false,"template":"","format":"standard","meta":{"cybocfi_hide_featured_image":"","footnotes":""},"categories":[1,24,111,79],"tags":[7,80,17,16],"class_list":["post-2593","post","type-post","status-publish","format-standard","has-post-thumbnail","hentry","category-cursos","category-nutricao","category-pesquisas","category-saude","tag-nutricao","tag-pesquisa","tag-saude","tag-vida-universitaria"],"yoast_head":"<!-- This site is optimized with the Yoast SEO plugin v27.4 - https:\/\/yoast.com\/product\/yoast-seo-wordpress\/ -->\n<title>PEDUCA 2024: Atividades de Ensino, Pesquisa e Extens\u00e3o no controle da Obesidade Infantil na Escola - Blog S\u00e3o Camilo<\/title>\n<meta name=\"description\" content=\"O PEDUCA representa uma estrat\u00e9gia inovadora com interface entre universidade e sociedade, que contempla a vis\u00e3o multidisciplinar de...\" \/>\n<meta name=\"robots\" content=\"index, follow, max-snippet:-1, max-image-preview:large, max-video-preview:-1\" \/>\n<link rel=\"canonical\" href=\"https:\/\/blog.saocamilo-sp.br\/index.php\/2024\/05\/29\/peduca\/\" \/>\n<meta property=\"og:locale\" content=\"pt_BR\" \/>\n<meta property=\"og:type\" content=\"article\" \/>\n<meta property=\"og:title\" content=\"PEDUCA 2024: Atividades de Ensino, Pesquisa e Extens\u00e3o no controle da Obesidade Infantil na Escola - Blog S\u00e3o Camilo\" \/>\n<meta property=\"og:description\" content=\"O PEDUCA representa uma estrat\u00e9gia inovadora com interface entre universidade e sociedade, que contempla a vis\u00e3o multidisciplinar de...\" \/>\n<meta property=\"og:url\" content=\"https:\/\/blog.saocamilo-sp.br\/index.php\/2024\/05\/29\/peduca\/\" \/>\n<meta property=\"og:site_name\" content=\"Blog S\u00e3o Camilo\" \/>\n<meta property=\"article:publisher\" content=\"https:\/\/www.facebook.com\/saocamilosp\" \/>\n<meta property=\"article:published_time\" content=\"2024-05-29T16:40:11+00:00\" \/>\n<meta property=\"article:modified_time\" content=\"2024-05-29T19:22:19+00:00\" \/>\n<meta property=\"og:image\" content=\"https:\/\/blog.saocamilo-sp.br\/wp-content\/uploads\/2024\/05\/logo_PEDUCA_horizontal-1.png\" \/>\n\t<meta property=\"og:image:width\" content=\"4961\" \/>\n\t<meta property=\"og:image:height\" content=\"3508\" \/>\n\t<meta property=\"og:image:type\" content=\"image\/png\" \/>\n<meta name=\"author\" content=\"Christopher Oliveira dos Reis\" \/>\n<meta name=\"twitter:card\" content=\"summary_large_image\" \/>\n<meta name=\"twitter:creator\" content=\"@saocamilosp\" \/>\n<meta name=\"twitter:site\" content=\"@saocamilosp\" \/>\n<meta name=\"twitter:label1\" content=\"Escrito por\" \/>\n\t<meta name=\"twitter:data1\" content=\"Christopher Oliveira dos Reis\" \/>\n\t<meta name=\"twitter:label2\" content=\"Est. tempo de leitura\" \/>\n\t<meta name=\"twitter:data2\" content=\"10 minutos\" \/>\n<script type=\"application\/ld+json\" class=\"yoast-schema-graph\">{\"@context\":\"https:\\\/\\\/schema.org\",\"@graph\":[{\"@type\":\"Article\",\"@id\":\"https:\\\/\\\/blog.saocamilo-sp.br\\\/index.php\\\/2024\\\/05\\\/29\\\/peduca\\\/#article\",\"isPartOf\":{\"@id\":\"https:\\\/\\\/blog.saocamilo-sp.br\\\/index.php\\\/2024\\\/05\\\/29\\\/peduca\\\/\"},\"author\":{\"name\":\"Christopher Oliveira dos Reis\",\"@id\":\"https:\\\/\\\/blog.saocamilo-sp.br\\\/#\\\/schema\\\/person\\\/7dce5f342af0848eb2f06778b2737904\"},\"headline\":\"PEDUCA 2024: Atividades de Ensino, Pesquisa e Extens\u00e3o no controle da Obesidade Infantil na Escola\",\"datePublished\":\"2024-05-29T16:40:11+00:00\",\"dateModified\":\"2024-05-29T19:22:19+00:00\",\"mainEntityOfPage\":{\"@id\":\"https:\\\/\\\/blog.saocamilo-sp.br\\\/index.php\\\/2024\\\/05\\\/29\\\/peduca\\\/\"},\"wordCount\":1865,\"commentCount\":0,\"publisher\":{\"@id\":\"https:\\\/\\\/blog.saocamilo-sp.br\\\/#organization\"},\"image\":{\"@id\":\"https:\\\/\\\/blog.saocamilo-sp.br\\\/index.php\\\/2024\\\/05\\\/29\\\/peduca\\\/#primaryimage\"},\"thumbnailUrl\":\"https:\\\/\\\/blog.saocamilo-sp.br\\\/wp-content\\\/uploads\\\/2024\\\/05\\\/logo_PEDUCA_horizontal-1.png\",\"keywords\":[\"Nutri\u00e7\u00e3o\",\"Pesquisa\",\"Sa\u00fade\",\"Vida Universit\u00e1ria\"],\"articleSection\":[\"Cursos\",\"Nutri\u00e7\u00e3o\",\"Pesquisas\",\"Sa\u00fade\"],\"inLanguage\":\"pt-BR\",\"potentialAction\":[{\"@type\":\"CommentAction\",\"name\":\"Comment\",\"target\":[\"https:\\\/\\\/blog.saocamilo-sp.br\\\/index.php\\\/2024\\\/05\\\/29\\\/peduca\\\/#respond\"]}]},{\"@type\":\"WebPage\",\"@id\":\"https:\\\/\\\/blog.saocamilo-sp.br\\\/index.php\\\/2024\\\/05\\\/29\\\/peduca\\\/\",\"url\":\"https:\\\/\\\/blog.saocamilo-sp.br\\\/index.php\\\/2024\\\/05\\\/29\\\/peduca\\\/\",\"name\":\"PEDUCA 2024: Atividades de Ensino, Pesquisa e Extens\u00e3o no controle da Obesidade Infantil na Escola - Blog S\u00e3o Camilo\",\"isPartOf\":{\"@id\":\"https:\\\/\\\/blog.saocamilo-sp.br\\\/#website\"},\"primaryImageOfPage\":{\"@id\":\"https:\\\/\\\/blog.saocamilo-sp.br\\\/index.php\\\/2024\\\/05\\\/29\\\/peduca\\\/#primaryimage\"},\"image\":{\"@id\":\"https:\\\/\\\/blog.saocamilo-sp.br\\\/index.php\\\/2024\\\/05\\\/29\\\/peduca\\\/#primaryimage\"},\"thumbnailUrl\":\"https:\\\/\\\/blog.saocamilo-sp.br\\\/wp-content\\\/uploads\\\/2024\\\/05\\\/logo_PEDUCA_horizontal-1.png\",\"datePublished\":\"2024-05-29T16:40:11+00:00\",\"dateModified\":\"2024-05-29T19:22:19+00:00\",\"description\":\"O PEDUCA representa uma estrat\u00e9gia inovadora com interface entre universidade e sociedade, que contempla a vis\u00e3o multidisciplinar de...\",\"breadcrumb\":{\"@id\":\"https:\\\/\\\/blog.saocamilo-sp.br\\\/index.php\\\/2024\\\/05\\\/29\\\/peduca\\\/#breadcrumb\"},\"inLanguage\":\"pt-BR\",\"potentialAction\":[{\"@type\":\"ReadAction\",\"target\":[\"https:\\\/\\\/blog.saocamilo-sp.br\\\/index.php\\\/2024\\\/05\\\/29\\\/peduca\\\/\"]}]},{\"@type\":\"ImageObject\",\"inLanguage\":\"pt-BR\",\"@id\":\"https:\\\/\\\/blog.saocamilo-sp.br\\\/index.php\\\/2024\\\/05\\\/29\\\/peduca\\\/#primaryimage\",\"url\":\"https:\\\/\\\/blog.saocamilo-sp.br\\\/wp-content\\\/uploads\\\/2024\\\/05\\\/logo_PEDUCA_horizontal-1.png\",\"contentUrl\":\"https:\\\/\\\/blog.saocamilo-sp.br\\\/wp-content\\\/uploads\\\/2024\\\/05\\\/logo_PEDUCA_horizontal-1.png\",\"width\":4961,\"height\":3508},{\"@type\":\"BreadcrumbList\",\"@id\":\"https:\\\/\\\/blog.saocamilo-sp.br\\\/index.php\\\/2024\\\/05\\\/29\\\/peduca\\\/#breadcrumb\",\"itemListElement\":[{\"@type\":\"ListItem\",\"position\":1,\"name\":\"In\u00edcio\",\"item\":\"https:\\\/\\\/blog.saocamilo-sp.br\\\/\"},{\"@type\":\"ListItem\",\"position\":2,\"name\":\"PEDUCA 2024: Atividades de Ensino, Pesquisa e Extens\u00e3o no controle da Obesidade Infantil na Escola\"}]},{\"@type\":\"WebSite\",\"@id\":\"https:\\\/\\\/blog.saocamilo-sp.br\\\/#website\",\"url\":\"https:\\\/\\\/blog.saocamilo-sp.br\\\/\",\"name\":\"Blog S\u00e3o Camilo\",\"description\":\"Blog do Centro Universit\u00e1rio S\u00e3o Camilo\",\"publisher\":{\"@id\":\"https:\\\/\\\/blog.saocamilo-sp.br\\\/#organization\"},\"potentialAction\":[{\"@type\":\"SearchAction\",\"target\":{\"@type\":\"EntryPoint\",\"urlTemplate\":\"https:\\\/\\\/blog.saocamilo-sp.br\\\/?s={search_term_string}\"},\"query-input\":{\"@type\":\"PropertyValueSpecification\",\"valueRequired\":true,\"valueName\":\"search_term_string\"}}],\"inLanguage\":\"pt-BR\"},{\"@type\":\"Organization\",\"@id\":\"https:\\\/\\\/blog.saocamilo-sp.br\\\/#organization\",\"name\":\"Blog S\u00e3o Camilo\",\"url\":\"https:\\\/\\\/blog.saocamilo-sp.br\\\/\",\"logo\":{\"@type\":\"ImageObject\",\"inLanguage\":\"pt-BR\",\"@id\":\"https:\\\/\\\/blog.saocamilo-sp.br\\\/#\\\/schema\\\/logo\\\/image\\\/\",\"url\":\"https:\\\/\\\/blog.saocamilo-sp.br\\\/wp-content\\\/uploads\\\/2021\\\/12\\\/cropped-vazio-logo-topo.png\",\"contentUrl\":\"https:\\\/\\\/blog.saocamilo-sp.br\\\/wp-content\\\/uploads\\\/2021\\\/12\\\/cropped-vazio-logo-topo.png\",\"width\":320,\"height\":240,\"caption\":\"Blog S\u00e3o Camilo\"},\"image\":{\"@id\":\"https:\\\/\\\/blog.saocamilo-sp.br\\\/#\\\/schema\\\/logo\\\/image\\\/\"},\"sameAs\":[\"https:\\\/\\\/www.facebook.com\\\/saocamilosp\",\"https:\\\/\\\/x.com\\\/saocamilosp\",\"https:\\\/\\\/www.linkedin.com\\\/school\\\/centro-universit-rio-s-o-camilo\\\/\"]},{\"@type\":\"Person\",\"@id\":\"https:\\\/\\\/blog.saocamilo-sp.br\\\/#\\\/schema\\\/person\\\/7dce5f342af0848eb2f06778b2737904\",\"name\":\"Christopher Oliveira dos Reis\",\"image\":{\"@type\":\"ImageObject\",\"inLanguage\":\"pt-BR\",\"@id\":\"https:\\\/\\\/secure.gravatar.com\\\/avatar\\\/b09a1361215d06f22999124838358b6855376e2b7287de883b723960b0c03f82?s=96&d=mm&r=g\",\"url\":\"https:\\\/\\\/secure.gravatar.com\\\/avatar\\\/b09a1361215d06f22999124838358b6855376e2b7287de883b723960b0c03f82?s=96&d=mm&r=g\",\"contentUrl\":\"https:\\\/\\\/secure.gravatar.com\\\/avatar\\\/b09a1361215d06f22999124838358b6855376e2b7287de883b723960b0c03f82?s=96&d=mm&r=g\",\"caption\":\"Christopher Oliveira dos Reis\"},\"url\":\"https:\\\/\\\/blog.saocamilo-sp.br\\\/index.php\\\/author\\\/christopher-reis\\\/\"}]}<\/script>\n<!-- \/ Yoast SEO plugin. -->","yoast_head_json":{"title":"PEDUCA 2024: Atividades de Ensino, Pesquisa e Extens\u00e3o no controle da Obesidade Infantil na Escola - Blog S\u00e3o Camilo","description":"O PEDUCA representa uma estrat\u00e9gia inovadora com interface entre universidade e sociedade, que contempla a vis\u00e3o multidisciplinar de...","robots":{"index":"index","follow":"follow","max-snippet":"max-snippet:-1","max-image-preview":"max-image-preview:large","max-video-preview":"max-video-preview:-1"},"canonical":"https:\/\/blog.saocamilo-sp.br\/index.php\/2024\/05\/29\/peduca\/","og_locale":"pt_BR","og_type":"article","og_title":"PEDUCA 2024: Atividades de Ensino, Pesquisa e Extens\u00e3o no controle da Obesidade Infantil na Escola - Blog S\u00e3o Camilo","og_description":"O PEDUCA representa uma estrat\u00e9gia inovadora com interface entre universidade e sociedade, que contempla a vis\u00e3o multidisciplinar de...","og_url":"https:\/\/blog.saocamilo-sp.br\/index.php\/2024\/05\/29\/peduca\/","og_site_name":"Blog S\u00e3o Camilo","article_publisher":"https:\/\/www.facebook.com\/saocamilosp","article_published_time":"2024-05-29T16:40:11+00:00","article_modified_time":"2024-05-29T19:22:19+00:00","og_image":[{"width":4961,"height":3508,"url":"https:\/\/blog.saocamilo-sp.br\/wp-content\/uploads\/2024\/05\/logo_PEDUCA_horizontal-1.png","type":"image\/png"}],"author":"Christopher Oliveira dos Reis","twitter_card":"summary_large_image","twitter_creator":"@saocamilosp","twitter_site":"@saocamilosp","twitter_misc":{"Escrito por":"Christopher Oliveira dos Reis","Est. tempo de leitura":"10 minutos"},"schema":{"@context":"https:\/\/schema.org","@graph":[{"@type":"Article","@id":"https:\/\/blog.saocamilo-sp.br\/index.php\/2024\/05\/29\/peduca\/#article","isPartOf":{"@id":"https:\/\/blog.saocamilo-sp.br\/index.php\/2024\/05\/29\/peduca\/"},"author":{"name":"Christopher Oliveira dos Reis","@id":"https:\/\/blog.saocamilo-sp.br\/#\/schema\/person\/7dce5f342af0848eb2f06778b2737904"},"headline":"PEDUCA 2024: Atividades de Ensino, Pesquisa e Extens\u00e3o no controle da Obesidade Infantil na Escola","datePublished":"2024-05-29T16:40:11+00:00","dateModified":"2024-05-29T19:22:19+00:00","mainEntityOfPage":{"@id":"https:\/\/blog.saocamilo-sp.br\/index.php\/2024\/05\/29\/peduca\/"},"wordCount":1865,"commentCount":0,"publisher":{"@id":"https:\/\/blog.saocamilo-sp.br\/#organization"},"image":{"@id":"https:\/\/blog.saocamilo-sp.br\/index.php\/2024\/05\/29\/peduca\/#primaryimage"},"thumbnailUrl":"https:\/\/blog.saocamilo-sp.br\/wp-content\/uploads\/2024\/05\/logo_PEDUCA_horizontal-1.png","keywords":["Nutri\u00e7\u00e3o","Pesquisa","Sa\u00fade","Vida Universit\u00e1ria"],"articleSection":["Cursos","Nutri\u00e7\u00e3o","Pesquisas","Sa\u00fade"],"inLanguage":"pt-BR","potentialAction":[{"@type":"CommentAction","name":"Comment","target":["https:\/\/blog.saocamilo-sp.br\/index.php\/2024\/05\/29\/peduca\/#respond"]}]},{"@type":"WebPage","@id":"https:\/\/blog.saocamilo-sp.br\/index.php\/2024\/05\/29\/peduca\/","url":"https:\/\/blog.saocamilo-sp.br\/index.php\/2024\/05\/29\/peduca\/","name":"PEDUCA 2024: Atividades de Ensino, Pesquisa e Extens\u00e3o no controle da Obesidade Infantil na Escola - Blog S\u00e3o Camilo","isPartOf":{"@id":"https:\/\/blog.saocamilo-sp.br\/#website"},"primaryImageOfPage":{"@id":"https:\/\/blog.saocamilo-sp.br\/index.php\/2024\/05\/29\/peduca\/#primaryimage"},"image":{"@id":"https:\/\/blog.saocamilo-sp.br\/index.php\/2024\/05\/29\/peduca\/#primaryimage"},"thumbnailUrl":"https:\/\/blog.saocamilo-sp.br\/wp-content\/uploads\/2024\/05\/logo_PEDUCA_horizontal-1.png","datePublished":"2024-05-29T16:40:11+00:00","dateModified":"2024-05-29T19:22:19+00:00","description":"O PEDUCA representa uma estrat\u00e9gia inovadora com interface entre universidade e sociedade, que contempla a vis\u00e3o multidisciplinar de...","breadcrumb":{"@id":"https:\/\/blog.saocamilo-sp.br\/index.php\/2024\/05\/29\/peduca\/#breadcrumb"},"inLanguage":"pt-BR","potentialAction":[{"@type":"ReadAction","target":["https:\/\/blog.saocamilo-sp.br\/index.php\/2024\/05\/29\/peduca\/"]}]},{"@type":"ImageObject","inLanguage":"pt-BR","@id":"https:\/\/blog.saocamilo-sp.br\/index.php\/2024\/05\/29\/peduca\/#primaryimage","url":"https:\/\/blog.saocamilo-sp.br\/wp-content\/uploads\/2024\/05\/logo_PEDUCA_horizontal-1.png","contentUrl":"https:\/\/blog.saocamilo-sp.br\/wp-content\/uploads\/2024\/05\/logo_PEDUCA_horizontal-1.png","width":4961,"height":3508},{"@type":"BreadcrumbList","@id":"https:\/\/blog.saocamilo-sp.br\/index.php\/2024\/05\/29\/peduca\/#breadcrumb","itemListElement":[{"@type":"ListItem","position":1,"name":"In\u00edcio","item":"https:\/\/blog.saocamilo-sp.br\/"},{"@type":"ListItem","position":2,"name":"PEDUCA 2024: Atividades de Ensino, Pesquisa e Extens\u00e3o no controle da Obesidade Infantil na Escola"}]},{"@type":"WebSite","@id":"https:\/\/blog.saocamilo-sp.br\/#website","url":"https:\/\/blog.saocamilo-sp.br\/","name":"Blog S\u00e3o Camilo","description":"Blog do Centro Universit\u00e1rio S\u00e3o Camilo","publisher":{"@id":"https:\/\/blog.saocamilo-sp.br\/#organization"},"potentialAction":[{"@type":"SearchAction","target":{"@type":"EntryPoint","urlTemplate":"https:\/\/blog.saocamilo-sp.br\/?s={search_term_string}"},"query-input":{"@type":"PropertyValueSpecification","valueRequired":true,"valueName":"search_term_string"}}],"inLanguage":"pt-BR"},{"@type":"Organization","@id":"https:\/\/blog.saocamilo-sp.br\/#organization","name":"Blog S\u00e3o Camilo","url":"https:\/\/blog.saocamilo-sp.br\/","logo":{"@type":"ImageObject","inLanguage":"pt-BR","@id":"https:\/\/blog.saocamilo-sp.br\/#\/schema\/logo\/image\/","url":"https:\/\/blog.saocamilo-sp.br\/wp-content\/uploads\/2021\/12\/cropped-vazio-logo-topo.png","contentUrl":"https:\/\/blog.saocamilo-sp.br\/wp-content\/uploads\/2021\/12\/cropped-vazio-logo-topo.png","width":320,"height":240,"caption":"Blog S\u00e3o Camilo"},"image":{"@id":"https:\/\/blog.saocamilo-sp.br\/#\/schema\/logo\/image\/"},"sameAs":["https:\/\/www.facebook.com\/saocamilosp","https:\/\/x.com\/saocamilosp","https:\/\/www.linkedin.com\/school\/centro-universit-rio-s-o-camilo\/"]},{"@type":"Person","@id":"https:\/\/blog.saocamilo-sp.br\/#\/schema\/person\/7dce5f342af0848eb2f06778b2737904","name":"Christopher Oliveira dos Reis","image":{"@type":"ImageObject","inLanguage":"pt-BR","@id":"https:\/\/secure.gravatar.com\/avatar\/b09a1361215d06f22999124838358b6855376e2b7287de883b723960b0c03f82?s=96&d=mm&r=g","url":"https:\/\/secure.gravatar.com\/avatar\/b09a1361215d06f22999124838358b6855376e2b7287de883b723960b0c03f82?s=96&d=mm&r=g","contentUrl":"https:\/\/secure.gravatar.com\/avatar\/b09a1361215d06f22999124838358b6855376e2b7287de883b723960b0c03f82?s=96&d=mm&r=g","caption":"Christopher Oliveira dos Reis"},"url":"https:\/\/blog.saocamilo-sp.br\/index.php\/author\/christopher-reis\/"}]}},"_links":{"self":[{"href":"https:\/\/blog.saocamilo-sp.br\/index.php\/wp-json\/wp\/v2\/posts\/2593","targetHints":{"allow":["GET"]}}],"collection":[{"href":"https:\/\/blog.saocamilo-sp.br\/index.php\/wp-json\/wp\/v2\/posts"}],"about":[{"href":"https:\/\/blog.saocamilo-sp.br\/index.php\/wp-json\/wp\/v2\/types\/post"}],"author":[{"embeddable":true,"href":"https:\/\/blog.saocamilo-sp.br\/index.php\/wp-json\/wp\/v2\/users\/11"}],"replies":[{"embeddable":true,"href":"https:\/\/blog.saocamilo-sp.br\/index.php\/wp-json\/wp\/v2\/comments?post=2593"}],"version-history":[{"count":10,"href":"https:\/\/blog.saocamilo-sp.br\/index.php\/wp-json\/wp\/v2\/posts\/2593\/revisions"}],"predecessor-version":[{"id":2630,"href":"https:\/\/blog.saocamilo-sp.br\/index.php\/wp-json\/wp\/v2\/posts\/2593\/revisions\/2630"}],"wp:featuredmedia":[{"embeddable":true,"href":"https:\/\/blog.saocamilo-sp.br\/index.php\/wp-json\/wp\/v2\/media\/2611"}],"wp:attachment":[{"href":"https:\/\/blog.saocamilo-sp.br\/index.php\/wp-json\/wp\/v2\/media?parent=2593"}],"wp:term":[{"taxonomy":"category","embeddable":true,"href":"https:\/\/blog.saocamilo-sp.br\/index.php\/wp-json\/wp\/v2\/categories?post=2593"},{"taxonomy":"post_tag","embeddable":true,"href":"https:\/\/blog.saocamilo-sp.br\/index.php\/wp-json\/wp\/v2\/tags?post=2593"}],"curies":[{"name":"wp","href":"https:\/\/api.w.org\/{rel}","templated":true}]}}