{"id":2633,"date":"2024-06-14T08:00:00","date_gmt":"2024-06-14T11:00:00","guid":{"rendered":"https:\/\/blog.saocamilo-sp.br\/?p=2633"},"modified":"2024-06-12T11:53:25","modified_gmt":"2024-06-12T14:53:25","slug":"conexoes","status":"publish","type":"post","link":"https:\/\/blog.saocamilo-sp.br\/index.php\/2024\/06\/14\/conexoes\/","title":{"rendered":"Depoimento docente S\u00f4nia sobre &#8220;Conex\u00f5es Culin\u00e1rias&#8221;"},"content":{"rendered":"\n<h3 class=\"wp-block-heading\"><strong>Desvendando o Universo das Tradi\u00e7\u00f5es Culin\u00e1rias Familiares<\/strong><\/h3>\n\n\n\n<p>O e-book &#8220;Conex\u00f5es Culin\u00e1rias: Hist\u00f3rias de Fam\u00edlia e Tradi\u00e7\u00f5es&#8221; \u00e9 mais do que um simples compilado de receitas. \u00c9 uma viagem imersiva pelas mem\u00f3rias, sabores e costumes que moldam a identidade de cada um. A autora, , nos convida a embarcar em uma jornada deliciosa e emocionante, onde cada cap\u00edtulo revela a riqueza e a import\u00e2ncia das tradi\u00e7\u00f5es culin\u00e1rias passadas de gera\u00e7\u00e3o em gera\u00e7\u00e3o.<\/p>\n\n\n\n<h3 class=\"wp-block-heading\"><strong>Um Fasc\u00ednio Pelas Narrativas Gastron\u00f4micas<\/strong><\/h3>\n\n\n<div class=\"wp-block-image\">\n<figure class=\"aligncenter size-full is-resized\"><img loading=\"lazy\" decoding=\"async\" src=\"https:\/\/blog.saocamilo-sp.br\/wp-content\/uploads\/2024\/06\/Design-sem-nome-2.png\" alt=\"\" class=\"wp-image-2662\" width=\"593\" height=\"333\"\/><\/figure>\n<\/div>\n\n\n<p>A hist\u00f3ria come\u00e7a com o fasc\u00ednio da autora pelas hist\u00f3rias que se escondem por tr\u00e1s dos pratos e tradi\u00e7\u00f5es familiares. Essa paix\u00e3o a impulsionou a realizar uma extensa pesquisa, mergulhando no universo das diferentes culin\u00e1rias ao redor do mundo. Ao longo dessa jornada, ela buscou compreender como a comida se entrela\u00e7a com a identidade, a mem\u00f3ria e os la\u00e7os familiares, tecendo um elo inquebr\u00e1vel entre o passado, o presente e o futuro.<\/p>\n\n\n\n<h3 class=\"wp-block-heading\"><strong>A Voz Vibrante das Fam\u00edlias<\/strong><\/h3>\n\n\n\n<p>Em um projeto em sala de aula, a autora teve a oportunidade de ouvir depoimentos tocantes sobre as tradi\u00e7\u00f5es culin\u00e1rias de seus alunos. Inspirada pela autenticidade e riqueza dessas hist\u00f3rias, ela decidiu inclu\u00ed-las no e-book. Essa escolha enriqueceu ainda mais a obra, proporcionando aos leitores uma perspectiva genu\u00edna e comovente sobre o papel da culin\u00e1ria na vida das fam\u00edlias.<\/p>\n\n\n\n<h3 class=\"wp-block-heading\"><strong>Um Processo Delicado e Cuidadoso<\/strong><\/h3>\n\n\n\n<p>A escrita do e-book foi um processo meticuloso e dedicado. Cada cap\u00edtulo foi constru\u00eddo com aten\u00e7\u00e3o aos detalhes, buscando capturar a ess\u00eancia das hist\u00f3rias compartilhadas. A autora se dedicou a transportar os leitores para as cozinhas e mesas das fam\u00edlias, permitindo que eles vivenciem as tradi\u00e7\u00f5es e os sabores que permeiam nossas conex\u00f5es culin\u00e1rias.<\/p>\n\n\n\n<h3 class=\"wp-block-heading\"><strong>Uma Celebra\u00e7\u00e3o da Culin\u00e1ria como Elo Entre Gera\u00e7\u00f5es<\/strong><\/h3>\n\n\n\n<p>Ao concluir o e-book, a autora foi tomada por uma profunda satisfa\u00e7\u00e3o e gratid\u00e3o. Ver as hist\u00f3rias de seus alunos ganhando vida nas p\u00e1ginas, juntamente com suas pr\u00f3prias descobertas, foi uma experi\u00eancia emocionante e significativa. Esse processo a presenteou com a oportunidade de celebrar a culin\u00e1ria como um elo entre gera\u00e7\u00f5es e culturas, fortalecendo os la\u00e7os familiares e perpetrando a mem\u00f3ria das tradi\u00e7\u00f5es.<\/p>\n\n\n\n<h3 class=\"wp-block-heading\"><strong>Um Convite \u00e0 Reflex\u00e3o e Inspira\u00e7\u00e3o<\/strong><\/h3>\n\n\n\n<p>&#8220;Conex\u00f5es Culin\u00e1rias&#8221; \u00e9 um convite \u00e0 reflex\u00e3o e \u00e0 valoriza\u00e7\u00e3o das tradi\u00e7\u00f5es culin\u00e1rias familiares. Atrav\u00e9s das hist\u00f3rias comoventes e das receitas deliciosas, a autora nos inspira a explorar e celebrar nossas pr\u00f3prias ra\u00edzes, reconhecendo a riqueza cultural que reside em cada prato. Mais do que um guia gastron\u00f4mico, este e-book \u00e9 um tributo ao poder da comida de conectar pessoas, unir fam\u00edlias e preservar a hist\u00f3ria de um povo.<\/p>\n","protected":false},"excerpt":{"rendered":"<p>Desvendando o Universo das Tradi\u00e7\u00f5es Culin\u00e1rias Familiares O e-book &#8220;Conex\u00f5es Culin\u00e1rias: Hist\u00f3rias de Fam\u00edlia e Tradi\u00e7\u00f5es&#8221; \u00e9 mais do que um simples compilado de receitas. \u00c9 uma viagem imersiva pelas mem\u00f3rias, sabores e costumes que moldam a identidade de cada&#8230; <a class=\"more-link\" href=\"https:\/\/blog.saocamilo-sp.br\/index.php\/2024\/06\/14\/conexoes\/\">Continue Reading &rarr;<\/a><\/p>\n","protected":false},"author":4,"featured_media":2660,"comment_status":"open","ping_status":"open","sticky":false,"template":"","format":"standard","meta":{"cybocfi_hide_featured_image":"","footnotes":""},"categories":[1],"tags":[],"class_list":["post-2633","post","type-post","status-publish","format-standard","has-post-thumbnail","hentry","category-cursos"],"yoast_head":"<!-- This site is optimized with the Yoast SEO plugin v27.5 - https:\/\/yoast.com\/product\/yoast-seo-wordpress\/ -->\n<title>Depoimento docente S\u00f4nia sobre &quot;Conex\u00f5es Culin\u00e1rias&quot; - Blog S\u00e3o Camilo<\/title>\n<meta name=\"description\" content=\"O e-book &quot;Conex\u00f5es Culin\u00e1rias: Hist\u00f3rias de Fam\u00edlia e Tradi\u00e7\u00f5es&quot; \u00e9 mais do que um simples compilado de receitas.\" \/>\n<meta name=\"robots\" content=\"index, follow, max-snippet:-1, max-image-preview:large, max-video-preview:-1\" \/>\n<link rel=\"canonical\" href=\"https:\/\/blog.saocamilo-sp.br\/index.php\/2024\/06\/14\/conexoes\/\" \/>\n<meta property=\"og:locale\" content=\"pt_BR\" \/>\n<meta property=\"og:type\" content=\"article\" \/>\n<meta property=\"og:title\" content=\"Depoimento docente S\u00f4nia sobre &quot;Conex\u00f5es Culin\u00e1rias&quot; - Blog S\u00e3o Camilo\" \/>\n<meta property=\"og:description\" content=\"O e-book &quot;Conex\u00f5es Culin\u00e1rias: Hist\u00f3rias de Fam\u00edlia e Tradi\u00e7\u00f5es&quot; \u00e9 mais do que um simples compilado de receitas.\" \/>\n<meta property=\"og:url\" content=\"https:\/\/blog.saocamilo-sp.br\/index.php\/2024\/06\/14\/conexoes\/\" \/>\n<meta property=\"og:site_name\" content=\"Blog S\u00e3o Camilo\" \/>\n<meta property=\"article:publisher\" content=\"https:\/\/www.facebook.com\/saocamilosp\" \/>\n<meta property=\"article:published_time\" content=\"2024-06-14T11:00:00+00:00\" \/>\n<meta property=\"og:image\" content=\"https:\/\/blog.saocamilo-sp.br\/wp-content\/uploads\/2024\/06\/01-1-1.jpg\" \/>\n\t<meta property=\"og:image:width\" content=\"676\" \/>\n\t<meta property=\"og:image:height\" content=\"451\" \/>\n\t<meta property=\"og:image:type\" content=\"image\/jpeg\" \/>\n<meta name=\"author\" content=\"Lucas Soares Gon\u00e7alves\" \/>\n<meta name=\"twitter:card\" content=\"summary_large_image\" \/>\n<meta name=\"twitter:creator\" content=\"@saocamilosp\" \/>\n<meta name=\"twitter:site\" content=\"@saocamilosp\" \/>\n<meta name=\"twitter:label1\" content=\"Escrito por\" \/>\n\t<meta name=\"twitter:data1\" content=\"Lucas Soares Gon\u00e7alves\" \/>\n\t<meta name=\"twitter:label2\" content=\"Est. tempo de leitura\" \/>\n\t<meta name=\"twitter:data2\" content=\"3 minutos\" \/>\n<script type=\"application\/ld+json\" class=\"yoast-schema-graph\">{\"@context\":\"https:\\\/\\\/schema.org\",\"@graph\":[{\"@type\":\"Article\",\"@id\":\"https:\\\/\\\/blog.saocamilo-sp.br\\\/index.php\\\/2024\\\/06\\\/14\\\/conexoes\\\/#article\",\"isPartOf\":{\"@id\":\"https:\\\/\\\/blog.saocamilo-sp.br\\\/index.php\\\/2024\\\/06\\\/14\\\/conexoes\\\/\"},\"author\":{\"name\":\"Lucas Soares Gon\u00e7alves\",\"@id\":\"https:\\\/\\\/blog.saocamilo-sp.br\\\/#\\\/schema\\\/person\\\/781135418152912d4b58f2db13a2eaf0\"},\"headline\":\"Depoimento docente S\u00f4nia sobre &#8220;Conex\u00f5es Culin\u00e1rias&#8221;\",\"datePublished\":\"2024-06-14T11:00:00+00:00\",\"mainEntityOfPage\":{\"@id\":\"https:\\\/\\\/blog.saocamilo-sp.br\\\/index.php\\\/2024\\\/06\\\/14\\\/conexoes\\\/\"},\"wordCount\":492,\"commentCount\":0,\"publisher\":{\"@id\":\"https:\\\/\\\/blog.saocamilo-sp.br\\\/#organization\"},\"image\":{\"@id\":\"https:\\\/\\\/blog.saocamilo-sp.br\\\/index.php\\\/2024\\\/06\\\/14\\\/conexoes\\\/#primaryimage\"},\"thumbnailUrl\":\"https:\\\/\\\/blog.saocamilo-sp.br\\\/wp-content\\\/uploads\\\/2024\\\/06\\\/01-1-1.jpg\",\"articleSection\":[\"Cursos\"],\"inLanguage\":\"pt-BR\",\"potentialAction\":[{\"@type\":\"CommentAction\",\"name\":\"Comment\",\"target\":[\"https:\\\/\\\/blog.saocamilo-sp.br\\\/index.php\\\/2024\\\/06\\\/14\\\/conexoes\\\/#respond\"]}]},{\"@type\":\"WebPage\",\"@id\":\"https:\\\/\\\/blog.saocamilo-sp.br\\\/index.php\\\/2024\\\/06\\\/14\\\/conexoes\\\/\",\"url\":\"https:\\\/\\\/blog.saocamilo-sp.br\\\/index.php\\\/2024\\\/06\\\/14\\\/conexoes\\\/\",\"name\":\"Depoimento docente S\u00f4nia sobre \\\"Conex\u00f5es Culin\u00e1rias\\\" - Blog S\u00e3o Camilo\",\"isPartOf\":{\"@id\":\"https:\\\/\\\/blog.saocamilo-sp.br\\\/#website\"},\"primaryImageOfPage\":{\"@id\":\"https:\\\/\\\/blog.saocamilo-sp.br\\\/index.php\\\/2024\\\/06\\\/14\\\/conexoes\\\/#primaryimage\"},\"image\":{\"@id\":\"https:\\\/\\\/blog.saocamilo-sp.br\\\/index.php\\\/2024\\\/06\\\/14\\\/conexoes\\\/#primaryimage\"},\"thumbnailUrl\":\"https:\\\/\\\/blog.saocamilo-sp.br\\\/wp-content\\\/uploads\\\/2024\\\/06\\\/01-1-1.jpg\",\"datePublished\":\"2024-06-14T11:00:00+00:00\",\"description\":\"O e-book \\\"Conex\u00f5es Culin\u00e1rias: Hist\u00f3rias de Fam\u00edlia e Tradi\u00e7\u00f5es\\\" \u00e9 mais do que um simples compilado de receitas.\",\"breadcrumb\":{\"@id\":\"https:\\\/\\\/blog.saocamilo-sp.br\\\/index.php\\\/2024\\\/06\\\/14\\\/conexoes\\\/#breadcrumb\"},\"inLanguage\":\"pt-BR\",\"potentialAction\":[{\"@type\":\"ReadAction\",\"target\":[\"https:\\\/\\\/blog.saocamilo-sp.br\\\/index.php\\\/2024\\\/06\\\/14\\\/conexoes\\\/\"]}]},{\"@type\":\"ImageObject\",\"inLanguage\":\"pt-BR\",\"@id\":\"https:\\\/\\\/blog.saocamilo-sp.br\\\/index.php\\\/2024\\\/06\\\/14\\\/conexoes\\\/#primaryimage\",\"url\":\"https:\\\/\\\/blog.saocamilo-sp.br\\\/wp-content\\\/uploads\\\/2024\\\/06\\\/01-1-1.jpg\",\"contentUrl\":\"https:\\\/\\\/blog.saocamilo-sp.br\\\/wp-content\\\/uploads\\\/2024\\\/06\\\/01-1-1.jpg\",\"width\":6000,\"height\":4000},{\"@type\":\"BreadcrumbList\",\"@id\":\"https:\\\/\\\/blog.saocamilo-sp.br\\\/index.php\\\/2024\\\/06\\\/14\\\/conexoes\\\/#breadcrumb\",\"itemListElement\":[{\"@type\":\"ListItem\",\"position\":1,\"name\":\"In\u00edcio\",\"item\":\"https:\\\/\\\/blog.saocamilo-sp.br\\\/\"},{\"@type\":\"ListItem\",\"position\":2,\"name\":\"Depoimento docente S\u00f4nia sobre &#8220;Conex\u00f5es Culin\u00e1rias&#8221;\"}]},{\"@type\":\"WebSite\",\"@id\":\"https:\\\/\\\/blog.saocamilo-sp.br\\\/#website\",\"url\":\"https:\\\/\\\/blog.saocamilo-sp.br\\\/\",\"name\":\"Blog S\u00e3o Camilo\",\"description\":\"Blog do Centro Universit\u00e1rio S\u00e3o Camilo\",\"publisher\":{\"@id\":\"https:\\\/\\\/blog.saocamilo-sp.br\\\/#organization\"},\"potentialAction\":[{\"@type\":\"SearchAction\",\"target\":{\"@type\":\"EntryPoint\",\"urlTemplate\":\"https:\\\/\\\/blog.saocamilo-sp.br\\\/?s={search_term_string}\"},\"query-input\":{\"@type\":\"PropertyValueSpecification\",\"valueRequired\":true,\"valueName\":\"search_term_string\"}}],\"inLanguage\":\"pt-BR\"},{\"@type\":\"Organization\",\"@id\":\"https:\\\/\\\/blog.saocamilo-sp.br\\\/#organization\",\"name\":\"Blog S\u00e3o Camilo\",\"url\":\"https:\\\/\\\/blog.saocamilo-sp.br\\\/\",\"logo\":{\"@type\":\"ImageObject\",\"inLanguage\":\"pt-BR\",\"@id\":\"https:\\\/\\\/blog.saocamilo-sp.br\\\/#\\\/schema\\\/logo\\\/image\\\/\",\"url\":\"https:\\\/\\\/blog.saocamilo-sp.br\\\/wp-content\\\/uploads\\\/2021\\\/12\\\/cropped-vazio-logo-topo.png\",\"contentUrl\":\"https:\\\/\\\/blog.saocamilo-sp.br\\\/wp-content\\\/uploads\\\/2021\\\/12\\\/cropped-vazio-logo-topo.png\",\"width\":320,\"height\":240,\"caption\":\"Blog S\u00e3o Camilo\"},\"image\":{\"@id\":\"https:\\\/\\\/blog.saocamilo-sp.br\\\/#\\\/schema\\\/logo\\\/image\\\/\"},\"sameAs\":[\"https:\\\/\\\/www.facebook.com\\\/saocamilosp\",\"https:\\\/\\\/x.com\\\/saocamilosp\",\"https:\\\/\\\/www.linkedin.com\\\/school\\\/centro-universit-rio-s-o-camilo\\\/\"]},{\"@type\":\"Person\",\"@id\":\"https:\\\/\\\/blog.saocamilo-sp.br\\\/#\\\/schema\\\/person\\\/781135418152912d4b58f2db13a2eaf0\",\"name\":\"Lucas Soares Gon\u00e7alves\",\"image\":{\"@type\":\"ImageObject\",\"inLanguage\":\"pt-BR\",\"@id\":\"https:\\\/\\\/secure.gravatar.com\\\/avatar\\\/bcd2d703cbb48116eaac2cac8643792535238ff30b2d7ce9e16f9254ec9cae83?s=96&d=mm&r=g\",\"url\":\"https:\\\/\\\/secure.gravatar.com\\\/avatar\\\/bcd2d703cbb48116eaac2cac8643792535238ff30b2d7ce9e16f9254ec9cae83?s=96&d=mm&r=g\",\"contentUrl\":\"https:\\\/\\\/secure.gravatar.com\\\/avatar\\\/bcd2d703cbb48116eaac2cac8643792535238ff30b2d7ce9e16f9254ec9cae83?s=96&d=mm&r=g\",\"caption\":\"Lucas Soares Gon\u00e7alves\"},\"url\":\"https:\\\/\\\/blog.saocamilo-sp.br\\\/index.php\\\/author\\\/lucas-soares-goncalves\\\/\"}]}<\/script>\n<!-- \/ Yoast SEO plugin. -->","yoast_head_json":{"title":"Depoimento docente S\u00f4nia sobre \"Conex\u00f5es Culin\u00e1rias\" - Blog S\u00e3o Camilo","description":"O e-book \"Conex\u00f5es Culin\u00e1rias: Hist\u00f3rias de Fam\u00edlia e Tradi\u00e7\u00f5es\" \u00e9 mais do que um simples compilado de receitas.","robots":{"index":"index","follow":"follow","max-snippet":"max-snippet:-1","max-image-preview":"max-image-preview:large","max-video-preview":"max-video-preview:-1"},"canonical":"https:\/\/blog.saocamilo-sp.br\/index.php\/2024\/06\/14\/conexoes\/","og_locale":"pt_BR","og_type":"article","og_title":"Depoimento docente S\u00f4nia sobre \"Conex\u00f5es Culin\u00e1rias\" - Blog S\u00e3o Camilo","og_description":"O e-book \"Conex\u00f5es Culin\u00e1rias: Hist\u00f3rias de Fam\u00edlia e Tradi\u00e7\u00f5es\" \u00e9 mais do que um simples compilado de receitas.","og_url":"https:\/\/blog.saocamilo-sp.br\/index.php\/2024\/06\/14\/conexoes\/","og_site_name":"Blog S\u00e3o Camilo","article_publisher":"https:\/\/www.facebook.com\/saocamilosp","article_published_time":"2024-06-14T11:00:00+00:00","og_image":[{"url":"https:\/\/blog.saocamilo-sp.br\/wp-content\/uploads\/2024\/06\/01-1-1.jpg","width":676,"height":451,"type":"image\/jpeg"}],"author":"Lucas Soares Gon\u00e7alves","twitter_card":"summary_large_image","twitter_creator":"@saocamilosp","twitter_site":"@saocamilosp","twitter_misc":{"Escrito por":"Lucas Soares Gon\u00e7alves","Est. tempo de leitura":"3 minutos"},"schema":{"@context":"https:\/\/schema.org","@graph":[{"@type":"Article","@id":"https:\/\/blog.saocamilo-sp.br\/index.php\/2024\/06\/14\/conexoes\/#article","isPartOf":{"@id":"https:\/\/blog.saocamilo-sp.br\/index.php\/2024\/06\/14\/conexoes\/"},"author":{"name":"Lucas Soares Gon\u00e7alves","@id":"https:\/\/blog.saocamilo-sp.br\/#\/schema\/person\/781135418152912d4b58f2db13a2eaf0"},"headline":"Depoimento docente S\u00f4nia sobre &#8220;Conex\u00f5es Culin\u00e1rias&#8221;","datePublished":"2024-06-14T11:00:00+00:00","mainEntityOfPage":{"@id":"https:\/\/blog.saocamilo-sp.br\/index.php\/2024\/06\/14\/conexoes\/"},"wordCount":492,"commentCount":0,"publisher":{"@id":"https:\/\/blog.saocamilo-sp.br\/#organization"},"image":{"@id":"https:\/\/blog.saocamilo-sp.br\/index.php\/2024\/06\/14\/conexoes\/#primaryimage"},"thumbnailUrl":"https:\/\/blog.saocamilo-sp.br\/wp-content\/uploads\/2024\/06\/01-1-1.jpg","articleSection":["Cursos"],"inLanguage":"pt-BR","potentialAction":[{"@type":"CommentAction","name":"Comment","target":["https:\/\/blog.saocamilo-sp.br\/index.php\/2024\/06\/14\/conexoes\/#respond"]}]},{"@type":"WebPage","@id":"https:\/\/blog.saocamilo-sp.br\/index.php\/2024\/06\/14\/conexoes\/","url":"https:\/\/blog.saocamilo-sp.br\/index.php\/2024\/06\/14\/conexoes\/","name":"Depoimento docente S\u00f4nia sobre \"Conex\u00f5es Culin\u00e1rias\" - Blog S\u00e3o Camilo","isPartOf":{"@id":"https:\/\/blog.saocamilo-sp.br\/#website"},"primaryImageOfPage":{"@id":"https:\/\/blog.saocamilo-sp.br\/index.php\/2024\/06\/14\/conexoes\/#primaryimage"},"image":{"@id":"https:\/\/blog.saocamilo-sp.br\/index.php\/2024\/06\/14\/conexoes\/#primaryimage"},"thumbnailUrl":"https:\/\/blog.saocamilo-sp.br\/wp-content\/uploads\/2024\/06\/01-1-1.jpg","datePublished":"2024-06-14T11:00:00+00:00","description":"O e-book \"Conex\u00f5es Culin\u00e1rias: Hist\u00f3rias de Fam\u00edlia e Tradi\u00e7\u00f5es\" \u00e9 mais do que um simples compilado de receitas.","breadcrumb":{"@id":"https:\/\/blog.saocamilo-sp.br\/index.php\/2024\/06\/14\/conexoes\/#breadcrumb"},"inLanguage":"pt-BR","potentialAction":[{"@type":"ReadAction","target":["https:\/\/blog.saocamilo-sp.br\/index.php\/2024\/06\/14\/conexoes\/"]}]},{"@type":"ImageObject","inLanguage":"pt-BR","@id":"https:\/\/blog.saocamilo-sp.br\/index.php\/2024\/06\/14\/conexoes\/#primaryimage","url":"https:\/\/blog.saocamilo-sp.br\/wp-content\/uploads\/2024\/06\/01-1-1.jpg","contentUrl":"https:\/\/blog.saocamilo-sp.br\/wp-content\/uploads\/2024\/06\/01-1-1.jpg","width":6000,"height":4000},{"@type":"BreadcrumbList","@id":"https:\/\/blog.saocamilo-sp.br\/index.php\/2024\/06\/14\/conexoes\/#breadcrumb","itemListElement":[{"@type":"ListItem","position":1,"name":"In\u00edcio","item":"https:\/\/blog.saocamilo-sp.br\/"},{"@type":"ListItem","position":2,"name":"Depoimento docente S\u00f4nia sobre &#8220;Conex\u00f5es Culin\u00e1rias&#8221;"}]},{"@type":"WebSite","@id":"https:\/\/blog.saocamilo-sp.br\/#website","url":"https:\/\/blog.saocamilo-sp.br\/","name":"Blog S\u00e3o Camilo","description":"Blog do Centro Universit\u00e1rio S\u00e3o Camilo","publisher":{"@id":"https:\/\/blog.saocamilo-sp.br\/#organization"},"potentialAction":[{"@type":"SearchAction","target":{"@type":"EntryPoint","urlTemplate":"https:\/\/blog.saocamilo-sp.br\/?s={search_term_string}"},"query-input":{"@type":"PropertyValueSpecification","valueRequired":true,"valueName":"search_term_string"}}],"inLanguage":"pt-BR"},{"@type":"Organization","@id":"https:\/\/blog.saocamilo-sp.br\/#organization","name":"Blog S\u00e3o Camilo","url":"https:\/\/blog.saocamilo-sp.br\/","logo":{"@type":"ImageObject","inLanguage":"pt-BR","@id":"https:\/\/blog.saocamilo-sp.br\/#\/schema\/logo\/image\/","url":"https:\/\/blog.saocamilo-sp.br\/wp-content\/uploads\/2021\/12\/cropped-vazio-logo-topo.png","contentUrl":"https:\/\/blog.saocamilo-sp.br\/wp-content\/uploads\/2021\/12\/cropped-vazio-logo-topo.png","width":320,"height":240,"caption":"Blog S\u00e3o Camilo"},"image":{"@id":"https:\/\/blog.saocamilo-sp.br\/#\/schema\/logo\/image\/"},"sameAs":["https:\/\/www.facebook.com\/saocamilosp","https:\/\/x.com\/saocamilosp","https:\/\/www.linkedin.com\/school\/centro-universit-rio-s-o-camilo\/"]},{"@type":"Person","@id":"https:\/\/blog.saocamilo-sp.br\/#\/schema\/person\/781135418152912d4b58f2db13a2eaf0","name":"Lucas Soares Gon\u00e7alves","image":{"@type":"ImageObject","inLanguage":"pt-BR","@id":"https:\/\/secure.gravatar.com\/avatar\/bcd2d703cbb48116eaac2cac8643792535238ff30b2d7ce9e16f9254ec9cae83?s=96&d=mm&r=g","url":"https:\/\/secure.gravatar.com\/avatar\/bcd2d703cbb48116eaac2cac8643792535238ff30b2d7ce9e16f9254ec9cae83?s=96&d=mm&r=g","contentUrl":"https:\/\/secure.gravatar.com\/avatar\/bcd2d703cbb48116eaac2cac8643792535238ff30b2d7ce9e16f9254ec9cae83?s=96&d=mm&r=g","caption":"Lucas Soares Gon\u00e7alves"},"url":"https:\/\/blog.saocamilo-sp.br\/index.php\/author\/lucas-soares-goncalves\/"}]}},"_links":{"self":[{"href":"https:\/\/blog.saocamilo-sp.br\/index.php\/wp-json\/wp\/v2\/posts\/2633","targetHints":{"allow":["GET"]}}],"collection":[{"href":"https:\/\/blog.saocamilo-sp.br\/index.php\/wp-json\/wp\/v2\/posts"}],"about":[{"href":"https:\/\/blog.saocamilo-sp.br\/index.php\/wp-json\/wp\/v2\/types\/post"}],"author":[{"embeddable":true,"href":"https:\/\/blog.saocamilo-sp.br\/index.php\/wp-json\/wp\/v2\/users\/4"}],"replies":[{"embeddable":true,"href":"https:\/\/blog.saocamilo-sp.br\/index.php\/wp-json\/wp\/v2\/comments?post=2633"}],"version-history":[{"count":3,"href":"https:\/\/blog.saocamilo-sp.br\/index.php\/wp-json\/wp\/v2\/posts\/2633\/revisions"}],"predecessor-version":[{"id":2664,"href":"https:\/\/blog.saocamilo-sp.br\/index.php\/wp-json\/wp\/v2\/posts\/2633\/revisions\/2664"}],"wp:featuredmedia":[{"embeddable":true,"href":"https:\/\/blog.saocamilo-sp.br\/index.php\/wp-json\/wp\/v2\/media\/2660"}],"wp:attachment":[{"href":"https:\/\/blog.saocamilo-sp.br\/index.php\/wp-json\/wp\/v2\/media?parent=2633"}],"wp:term":[{"taxonomy":"category","embeddable":true,"href":"https:\/\/blog.saocamilo-sp.br\/index.php\/wp-json\/wp\/v2\/categories?post=2633"},{"taxonomy":"post_tag","embeddable":true,"href":"https:\/\/blog.saocamilo-sp.br\/index.php\/wp-json\/wp\/v2\/tags?post=2633"}],"curies":[{"name":"wp","href":"https:\/\/api.w.org\/{rel}","templated":true}]}}