{"id":2640,"date":"2024-07-24T16:37:46","date_gmt":"2024-07-24T19:37:46","guid":{"rendered":"https:\/\/blog.saocamilo-sp.br\/?p=2640"},"modified":"2024-07-29T11:51:22","modified_gmt":"2024-07-29T14:51:22","slug":"transplante","status":"publish","type":"post","link":"https:\/\/blog.saocamilo-sp.br\/index.php\/2024\/07\/24\/transplante\/","title":{"rendered":"Transplante de cabe\u00e7a ainda est\u00e1 muito longe de acontecer; especialista explica"},"content":{"rendered":"\n<p><\/p>\n\n\n\n<p>Recentemente, a startup de neuroci\u00eancia\u00a0<a href=\"https:\/\/noticias.r7.com\/tecnologia-e-ciencia\/meninas-deixam-de-ingressar-em-profissoes-em-ciencia-e-tecnologia-por-falta-de-representatividade-08032022\/\">e engenharia<\/a>\u00a0biom\u00e9dica BrainBridge revelou que, dentro de oito anos, ser\u00e1 poss\u00edvel contar com um sistema seguro para realizar a transfer\u00eancia de cabe\u00e7a de um paciente saud\u00e1vel para o corpo de um doador saud\u00e1vel e com morte cerebral.<\/p>\n\n\n\n<figure class=\"wp-block-embed is-type-video is-provider-youtube wp-block-embed-youtube wp-embed-aspect-16-9 wp-has-aspect-ratio\"><div class=\"wp-block-embed__wrapper\">\n<iframe loading=\"lazy\" title=\"V\u00eddeo sobre transplante de cabe\u00e7a \u00e9 falso. M\u00e9dico comenta os verdadeiros avan\u00e7os da neuroci\u00eancia\" width=\"676\" height=\"380\" src=\"https:\/\/www.youtube.com\/embed\/sB3773_dC5U?feature=oembed\" frameborder=\"0\" allow=\"accelerometer; autoplay; clipboard-write; encrypted-media; gyroscope; picture-in-picture; web-share\" referrerpolicy=\"strict-origin-when-cross-origin\" allowfullscreen><\/iframe>\n<\/div><\/figure>\n\n\n\n<p>F\u00e1bio Porto, m\u00e9dico neurologista cognitivo e do comportamento, professor do <a href=\"https:\/\/saocamilo-sp.br\/\" target=\"_blank\" rel=\"noreferrer noopener\">Centro Universit\u00e1rio S\u00e3o Camilo<\/a>, explica que na teoria \u00e9 poss\u00edvel, mas o processo ainda est\u00e1 muito longe de acontecer. \u201cA gente tem que ter muita cautela em acreditar piamente em uma not\u00edcia dessas\u201d, diz.<\/p>\n\n\n\n<p><strong>Fonte:<\/strong><\/p>\n\n\n\n<p><a href=\"https:\/\/noticias.r7.com\/prisma\/herodoto-barbeiro\/transplante-de-cabeca-ainda-esta-muito-longe-de-acontecer-especialista-explica-03062024\/\">https:\/\/noticias.r7.com\/prisma\/herodoto-barbeiro\/transplante-de-cabeca-ainda-esta-muito-longe-de-acontecer-especialista-explica-03062024\/<\/a><\/p>\n\n\n\n<p><\/p>\n","protected":false},"excerpt":{"rendered":"<p>Fabio Porto, docente do curso de Medicina, destaca que s\u00e3o necess\u00e1rios mais avan\u00e7os e pesquisas antes que o procedimento possa ser realizado.<\/p>\n","protected":false},"author":5,"featured_media":2790,"comment_status":"open","ping_status":"open","sticky":false,"template":"","format":"standard","meta":{"cybocfi_hide_featured_image":"","footnotes":""},"categories":[1],"tags":[],"class_list":["post-2640","post","type-post","status-publish","format-standard","has-post-thumbnail","hentry","category-cursos"],"yoast_head":"<!-- This site is optimized with the Yoast SEO plugin v27.5 - https:\/\/yoast.com\/product\/yoast-seo-wordpress\/ -->\n<title>Transplante de cabe\u00e7a ainda est\u00e1 muito longe de acontecer; especialista explica - Blog S\u00e3o Camilo<\/title>\n<meta name=\"description\" content=\"F\u00e1bio Porto, m\u00e9dico neurologista cognitivo e do comportamento, professor do Centro Universit\u00e1rio S\u00e3o Camilo, explica que na teoria...\" \/>\n<meta name=\"robots\" content=\"index, follow, max-snippet:-1, max-image-preview:large, max-video-preview:-1\" \/>\n<link rel=\"canonical\" href=\"https:\/\/blog.saocamilo-sp.br\/index.php\/2024\/07\/24\/transplante\/\" \/>\n<meta property=\"og:locale\" content=\"pt_BR\" \/>\n<meta property=\"og:type\" content=\"article\" \/>\n<meta property=\"og:title\" content=\"Transplante de cabe\u00e7a ainda est\u00e1 muito longe de acontecer; especialista explica - Blog S\u00e3o Camilo\" \/>\n<meta property=\"og:description\" content=\"F\u00e1bio Porto, m\u00e9dico neurologista cognitivo e do comportamento, professor do Centro Universit\u00e1rio S\u00e3o Camilo, explica que na teoria...\" \/>\n<meta property=\"og:url\" content=\"https:\/\/blog.saocamilo-sp.br\/index.php\/2024\/07\/24\/transplante\/\" \/>\n<meta property=\"og:site_name\" content=\"Blog S\u00e3o Camilo\" \/>\n<meta property=\"article:publisher\" content=\"https:\/\/www.facebook.com\/saocamilosp\" \/>\n<meta property=\"article:published_time\" content=\"2024-07-24T19:37:46+00:00\" \/>\n<meta property=\"article:modified_time\" content=\"2024-07-29T14:51:22+00:00\" \/>\n<meta property=\"og:image\" content=\"https:\/\/blog.saocamilo-sp.br\/wp-content\/uploads\/2024\/07\/imagem-3.png\" \/>\n\t<meta property=\"og:image:width\" content=\"990\" \/>\n\t<meta property=\"og:image:height\" content=\"675\" \/>\n\t<meta property=\"og:image:type\" content=\"image\/png\" \/>\n<meta name=\"author\" content=\"Giancarlo Bonato\" \/>\n<meta name=\"twitter:card\" content=\"summary_large_image\" \/>\n<meta name=\"twitter:creator\" content=\"@saocamilosp\" \/>\n<meta name=\"twitter:site\" content=\"@saocamilosp\" \/>\n<meta name=\"twitter:label1\" content=\"Escrito por\" \/>\n\t<meta name=\"twitter:data1\" content=\"Giancarlo Bonato\" \/>\n\t<meta name=\"twitter:label2\" content=\"Est. tempo de leitura\" \/>\n\t<meta name=\"twitter:data2\" content=\"1 minuto\" \/>\n<script type=\"application\/ld+json\" class=\"yoast-schema-graph\">{\"@context\":\"https:\\\/\\\/schema.org\",\"@graph\":[{\"@type\":\"Article\",\"@id\":\"https:\\\/\\\/blog.saocamilo-sp.br\\\/index.php\\\/2024\\\/07\\\/24\\\/transplante\\\/#article\",\"isPartOf\":{\"@id\":\"https:\\\/\\\/blog.saocamilo-sp.br\\\/index.php\\\/2024\\\/07\\\/24\\\/transplante\\\/\"},\"author\":{\"name\":\"Giancarlo Bonato\",\"@id\":\"https:\\\/\\\/blog.saocamilo-sp.br\\\/#\\\/schema\\\/person\\\/2f1abef72dd95b45ae5f8e75003b32a9\"},\"headline\":\"Transplante de cabe\u00e7a ainda est\u00e1 muito longe de acontecer; especialista explica\",\"datePublished\":\"2024-07-24T19:37:46+00:00\",\"dateModified\":\"2024-07-29T14:51:22+00:00\",\"mainEntityOfPage\":{\"@id\":\"https:\\\/\\\/blog.saocamilo-sp.br\\\/index.php\\\/2024\\\/07\\\/24\\\/transplante\\\/\"},\"wordCount\":128,\"commentCount\":0,\"publisher\":{\"@id\":\"https:\\\/\\\/blog.saocamilo-sp.br\\\/#organization\"},\"image\":{\"@id\":\"https:\\\/\\\/blog.saocamilo-sp.br\\\/index.php\\\/2024\\\/07\\\/24\\\/transplante\\\/#primaryimage\"},\"thumbnailUrl\":\"https:\\\/\\\/blog.saocamilo-sp.br\\\/wp-content\\\/uploads\\\/2024\\\/07\\\/imagem-3.png\",\"articleSection\":[\"Cursos\"],\"inLanguage\":\"pt-BR\",\"potentialAction\":[{\"@type\":\"CommentAction\",\"name\":\"Comment\",\"target\":[\"https:\\\/\\\/blog.saocamilo-sp.br\\\/index.php\\\/2024\\\/07\\\/24\\\/transplante\\\/#respond\"]}]},{\"@type\":\"WebPage\",\"@id\":\"https:\\\/\\\/blog.saocamilo-sp.br\\\/index.php\\\/2024\\\/07\\\/24\\\/transplante\\\/\",\"url\":\"https:\\\/\\\/blog.saocamilo-sp.br\\\/index.php\\\/2024\\\/07\\\/24\\\/transplante\\\/\",\"name\":\"Transplante de cabe\u00e7a ainda est\u00e1 muito longe de acontecer; especialista explica - Blog S\u00e3o Camilo\",\"isPartOf\":{\"@id\":\"https:\\\/\\\/blog.saocamilo-sp.br\\\/#website\"},\"primaryImageOfPage\":{\"@id\":\"https:\\\/\\\/blog.saocamilo-sp.br\\\/index.php\\\/2024\\\/07\\\/24\\\/transplante\\\/#primaryimage\"},\"image\":{\"@id\":\"https:\\\/\\\/blog.saocamilo-sp.br\\\/index.php\\\/2024\\\/07\\\/24\\\/transplante\\\/#primaryimage\"},\"thumbnailUrl\":\"https:\\\/\\\/blog.saocamilo-sp.br\\\/wp-content\\\/uploads\\\/2024\\\/07\\\/imagem-3.png\",\"datePublished\":\"2024-07-24T19:37:46+00:00\",\"dateModified\":\"2024-07-29T14:51:22+00:00\",\"description\":\"F\u00e1bio Porto, m\u00e9dico neurologista cognitivo e do comportamento, professor do Centro Universit\u00e1rio S\u00e3o Camilo, explica que na teoria...\",\"breadcrumb\":{\"@id\":\"https:\\\/\\\/blog.saocamilo-sp.br\\\/index.php\\\/2024\\\/07\\\/24\\\/transplante\\\/#breadcrumb\"},\"inLanguage\":\"pt-BR\",\"potentialAction\":[{\"@type\":\"ReadAction\",\"target\":[\"https:\\\/\\\/blog.saocamilo-sp.br\\\/index.php\\\/2024\\\/07\\\/24\\\/transplante\\\/\"]}]},{\"@type\":\"ImageObject\",\"inLanguage\":\"pt-BR\",\"@id\":\"https:\\\/\\\/blog.saocamilo-sp.br\\\/index.php\\\/2024\\\/07\\\/24\\\/transplante\\\/#primaryimage\",\"url\":\"https:\\\/\\\/blog.saocamilo-sp.br\\\/wp-content\\\/uploads\\\/2024\\\/07\\\/imagem-3.png\",\"contentUrl\":\"https:\\\/\\\/blog.saocamilo-sp.br\\\/wp-content\\\/uploads\\\/2024\\\/07\\\/imagem-3.png\",\"width\":990,\"height\":675},{\"@type\":\"BreadcrumbList\",\"@id\":\"https:\\\/\\\/blog.saocamilo-sp.br\\\/index.php\\\/2024\\\/07\\\/24\\\/transplante\\\/#breadcrumb\",\"itemListElement\":[{\"@type\":\"ListItem\",\"position\":1,\"name\":\"In\u00edcio\",\"item\":\"https:\\\/\\\/blog.saocamilo-sp.br\\\/\"},{\"@type\":\"ListItem\",\"position\":2,\"name\":\"Transplante de cabe\u00e7a ainda est\u00e1 muito longe de acontecer; especialista explica\"}]},{\"@type\":\"WebSite\",\"@id\":\"https:\\\/\\\/blog.saocamilo-sp.br\\\/#website\",\"url\":\"https:\\\/\\\/blog.saocamilo-sp.br\\\/\",\"name\":\"Blog S\u00e3o Camilo\",\"description\":\"Blog do Centro Universit\u00e1rio S\u00e3o Camilo\",\"publisher\":{\"@id\":\"https:\\\/\\\/blog.saocamilo-sp.br\\\/#organization\"},\"potentialAction\":[{\"@type\":\"SearchAction\",\"target\":{\"@type\":\"EntryPoint\",\"urlTemplate\":\"https:\\\/\\\/blog.saocamilo-sp.br\\\/?s={search_term_string}\"},\"query-input\":{\"@type\":\"PropertyValueSpecification\",\"valueRequired\":true,\"valueName\":\"search_term_string\"}}],\"inLanguage\":\"pt-BR\"},{\"@type\":\"Organization\",\"@id\":\"https:\\\/\\\/blog.saocamilo-sp.br\\\/#organization\",\"name\":\"Blog S\u00e3o Camilo\",\"url\":\"https:\\\/\\\/blog.saocamilo-sp.br\\\/\",\"logo\":{\"@type\":\"ImageObject\",\"inLanguage\":\"pt-BR\",\"@id\":\"https:\\\/\\\/blog.saocamilo-sp.br\\\/#\\\/schema\\\/logo\\\/image\\\/\",\"url\":\"https:\\\/\\\/blog.saocamilo-sp.br\\\/wp-content\\\/uploads\\\/2021\\\/12\\\/cropped-vazio-logo-topo.png\",\"contentUrl\":\"https:\\\/\\\/blog.saocamilo-sp.br\\\/wp-content\\\/uploads\\\/2021\\\/12\\\/cropped-vazio-logo-topo.png\",\"width\":320,\"height\":240,\"caption\":\"Blog S\u00e3o Camilo\"},\"image\":{\"@id\":\"https:\\\/\\\/blog.saocamilo-sp.br\\\/#\\\/schema\\\/logo\\\/image\\\/\"},\"sameAs\":[\"https:\\\/\\\/www.facebook.com\\\/saocamilosp\",\"https:\\\/\\\/x.com\\\/saocamilosp\",\"https:\\\/\\\/www.linkedin.com\\\/school\\\/centro-universit-rio-s-o-camilo\\\/\"]},{\"@type\":\"Person\",\"@id\":\"https:\\\/\\\/blog.saocamilo-sp.br\\\/#\\\/schema\\\/person\\\/2f1abef72dd95b45ae5f8e75003b32a9\",\"name\":\"Giancarlo Bonato\",\"image\":{\"@type\":\"ImageObject\",\"inLanguage\":\"pt-BR\",\"@id\":\"https:\\\/\\\/secure.gravatar.com\\\/avatar\\\/cbed0d57a74836e8481bb4b2ac15163f24841505b47ce8f4d0b58343bcbe6d77?s=96&d=mm&r=g\",\"url\":\"https:\\\/\\\/secure.gravatar.com\\\/avatar\\\/cbed0d57a74836e8481bb4b2ac15163f24841505b47ce8f4d0b58343bcbe6d77?s=96&d=mm&r=g\",\"contentUrl\":\"https:\\\/\\\/secure.gravatar.com\\\/avatar\\\/cbed0d57a74836e8481bb4b2ac15163f24841505b47ce8f4d0b58343bcbe6d77?s=96&d=mm&r=g\",\"caption\":\"Giancarlo Bonato\"},\"url\":\"https:\\\/\\\/blog.saocamilo-sp.br\\\/index.php\\\/author\\\/gbonato\\\/\"}]}<\/script>\n<!-- \/ Yoast SEO plugin. -->","yoast_head_json":{"title":"Transplante de cabe\u00e7a ainda est\u00e1 muito longe de acontecer; especialista explica - Blog S\u00e3o Camilo","description":"F\u00e1bio Porto, m\u00e9dico neurologista cognitivo e do comportamento, professor do Centro Universit\u00e1rio S\u00e3o Camilo, explica que na teoria...","robots":{"index":"index","follow":"follow","max-snippet":"max-snippet:-1","max-image-preview":"max-image-preview:large","max-video-preview":"max-video-preview:-1"},"canonical":"https:\/\/blog.saocamilo-sp.br\/index.php\/2024\/07\/24\/transplante\/","og_locale":"pt_BR","og_type":"article","og_title":"Transplante de cabe\u00e7a ainda est\u00e1 muito longe de acontecer; especialista explica - Blog S\u00e3o Camilo","og_description":"F\u00e1bio Porto, m\u00e9dico neurologista cognitivo e do comportamento, professor do Centro Universit\u00e1rio S\u00e3o Camilo, explica que na teoria...","og_url":"https:\/\/blog.saocamilo-sp.br\/index.php\/2024\/07\/24\/transplante\/","og_site_name":"Blog S\u00e3o Camilo","article_publisher":"https:\/\/www.facebook.com\/saocamilosp","article_published_time":"2024-07-24T19:37:46+00:00","article_modified_time":"2024-07-29T14:51:22+00:00","og_image":[{"width":990,"height":675,"url":"https:\/\/blog.saocamilo-sp.br\/wp-content\/uploads\/2024\/07\/imagem-3.png","type":"image\/png"}],"author":"Giancarlo Bonato","twitter_card":"summary_large_image","twitter_creator":"@saocamilosp","twitter_site":"@saocamilosp","twitter_misc":{"Escrito por":"Giancarlo Bonato","Est. tempo de leitura":"1 minuto"},"schema":{"@context":"https:\/\/schema.org","@graph":[{"@type":"Article","@id":"https:\/\/blog.saocamilo-sp.br\/index.php\/2024\/07\/24\/transplante\/#article","isPartOf":{"@id":"https:\/\/blog.saocamilo-sp.br\/index.php\/2024\/07\/24\/transplante\/"},"author":{"name":"Giancarlo Bonato","@id":"https:\/\/blog.saocamilo-sp.br\/#\/schema\/person\/2f1abef72dd95b45ae5f8e75003b32a9"},"headline":"Transplante de cabe\u00e7a ainda est\u00e1 muito longe de acontecer; especialista explica","datePublished":"2024-07-24T19:37:46+00:00","dateModified":"2024-07-29T14:51:22+00:00","mainEntityOfPage":{"@id":"https:\/\/blog.saocamilo-sp.br\/index.php\/2024\/07\/24\/transplante\/"},"wordCount":128,"commentCount":0,"publisher":{"@id":"https:\/\/blog.saocamilo-sp.br\/#organization"},"image":{"@id":"https:\/\/blog.saocamilo-sp.br\/index.php\/2024\/07\/24\/transplante\/#primaryimage"},"thumbnailUrl":"https:\/\/blog.saocamilo-sp.br\/wp-content\/uploads\/2024\/07\/imagem-3.png","articleSection":["Cursos"],"inLanguage":"pt-BR","potentialAction":[{"@type":"CommentAction","name":"Comment","target":["https:\/\/blog.saocamilo-sp.br\/index.php\/2024\/07\/24\/transplante\/#respond"]}]},{"@type":"WebPage","@id":"https:\/\/blog.saocamilo-sp.br\/index.php\/2024\/07\/24\/transplante\/","url":"https:\/\/blog.saocamilo-sp.br\/index.php\/2024\/07\/24\/transplante\/","name":"Transplante de cabe\u00e7a ainda est\u00e1 muito longe de acontecer; especialista explica - Blog S\u00e3o Camilo","isPartOf":{"@id":"https:\/\/blog.saocamilo-sp.br\/#website"},"primaryImageOfPage":{"@id":"https:\/\/blog.saocamilo-sp.br\/index.php\/2024\/07\/24\/transplante\/#primaryimage"},"image":{"@id":"https:\/\/blog.saocamilo-sp.br\/index.php\/2024\/07\/24\/transplante\/#primaryimage"},"thumbnailUrl":"https:\/\/blog.saocamilo-sp.br\/wp-content\/uploads\/2024\/07\/imagem-3.png","datePublished":"2024-07-24T19:37:46+00:00","dateModified":"2024-07-29T14:51:22+00:00","description":"F\u00e1bio Porto, m\u00e9dico neurologista cognitivo e do comportamento, professor do Centro Universit\u00e1rio S\u00e3o Camilo, explica que na teoria...","breadcrumb":{"@id":"https:\/\/blog.saocamilo-sp.br\/index.php\/2024\/07\/24\/transplante\/#breadcrumb"},"inLanguage":"pt-BR","potentialAction":[{"@type":"ReadAction","target":["https:\/\/blog.saocamilo-sp.br\/index.php\/2024\/07\/24\/transplante\/"]}]},{"@type":"ImageObject","inLanguage":"pt-BR","@id":"https:\/\/blog.saocamilo-sp.br\/index.php\/2024\/07\/24\/transplante\/#primaryimage","url":"https:\/\/blog.saocamilo-sp.br\/wp-content\/uploads\/2024\/07\/imagem-3.png","contentUrl":"https:\/\/blog.saocamilo-sp.br\/wp-content\/uploads\/2024\/07\/imagem-3.png","width":990,"height":675},{"@type":"BreadcrumbList","@id":"https:\/\/blog.saocamilo-sp.br\/index.php\/2024\/07\/24\/transplante\/#breadcrumb","itemListElement":[{"@type":"ListItem","position":1,"name":"In\u00edcio","item":"https:\/\/blog.saocamilo-sp.br\/"},{"@type":"ListItem","position":2,"name":"Transplante de cabe\u00e7a ainda est\u00e1 muito longe de acontecer; especialista explica"}]},{"@type":"WebSite","@id":"https:\/\/blog.saocamilo-sp.br\/#website","url":"https:\/\/blog.saocamilo-sp.br\/","name":"Blog S\u00e3o Camilo","description":"Blog do Centro Universit\u00e1rio S\u00e3o Camilo","publisher":{"@id":"https:\/\/blog.saocamilo-sp.br\/#organization"},"potentialAction":[{"@type":"SearchAction","target":{"@type":"EntryPoint","urlTemplate":"https:\/\/blog.saocamilo-sp.br\/?s={search_term_string}"},"query-input":{"@type":"PropertyValueSpecification","valueRequired":true,"valueName":"search_term_string"}}],"inLanguage":"pt-BR"},{"@type":"Organization","@id":"https:\/\/blog.saocamilo-sp.br\/#organization","name":"Blog S\u00e3o Camilo","url":"https:\/\/blog.saocamilo-sp.br\/","logo":{"@type":"ImageObject","inLanguage":"pt-BR","@id":"https:\/\/blog.saocamilo-sp.br\/#\/schema\/logo\/image\/","url":"https:\/\/blog.saocamilo-sp.br\/wp-content\/uploads\/2021\/12\/cropped-vazio-logo-topo.png","contentUrl":"https:\/\/blog.saocamilo-sp.br\/wp-content\/uploads\/2021\/12\/cropped-vazio-logo-topo.png","width":320,"height":240,"caption":"Blog S\u00e3o Camilo"},"image":{"@id":"https:\/\/blog.saocamilo-sp.br\/#\/schema\/logo\/image\/"},"sameAs":["https:\/\/www.facebook.com\/saocamilosp","https:\/\/x.com\/saocamilosp","https:\/\/www.linkedin.com\/school\/centro-universit-rio-s-o-camilo\/"]},{"@type":"Person","@id":"https:\/\/blog.saocamilo-sp.br\/#\/schema\/person\/2f1abef72dd95b45ae5f8e75003b32a9","name":"Giancarlo Bonato","image":{"@type":"ImageObject","inLanguage":"pt-BR","@id":"https:\/\/secure.gravatar.com\/avatar\/cbed0d57a74836e8481bb4b2ac15163f24841505b47ce8f4d0b58343bcbe6d77?s=96&d=mm&r=g","url":"https:\/\/secure.gravatar.com\/avatar\/cbed0d57a74836e8481bb4b2ac15163f24841505b47ce8f4d0b58343bcbe6d77?s=96&d=mm&r=g","contentUrl":"https:\/\/secure.gravatar.com\/avatar\/cbed0d57a74836e8481bb4b2ac15163f24841505b47ce8f4d0b58343bcbe6d77?s=96&d=mm&r=g","caption":"Giancarlo Bonato"},"url":"https:\/\/blog.saocamilo-sp.br\/index.php\/author\/gbonato\/"}]}},"_links":{"self":[{"href":"https:\/\/blog.saocamilo-sp.br\/index.php\/wp-json\/wp\/v2\/posts\/2640","targetHints":{"allow":["GET"]}}],"collection":[{"href":"https:\/\/blog.saocamilo-sp.br\/index.php\/wp-json\/wp\/v2\/posts"}],"about":[{"href":"https:\/\/blog.saocamilo-sp.br\/index.php\/wp-json\/wp\/v2\/types\/post"}],"author":[{"embeddable":true,"href":"https:\/\/blog.saocamilo-sp.br\/index.php\/wp-json\/wp\/v2\/users\/5"}],"replies":[{"embeddable":true,"href":"https:\/\/blog.saocamilo-sp.br\/index.php\/wp-json\/wp\/v2\/comments?post=2640"}],"version-history":[{"count":6,"href":"https:\/\/blog.saocamilo-sp.br\/index.php\/wp-json\/wp\/v2\/posts\/2640\/revisions"}],"predecessor-version":[{"id":2792,"href":"https:\/\/blog.saocamilo-sp.br\/index.php\/wp-json\/wp\/v2\/posts\/2640\/revisions\/2792"}],"wp:featuredmedia":[{"embeddable":true,"href":"https:\/\/blog.saocamilo-sp.br\/index.php\/wp-json\/wp\/v2\/media\/2790"}],"wp:attachment":[{"href":"https:\/\/blog.saocamilo-sp.br\/index.php\/wp-json\/wp\/v2\/media?parent=2640"}],"wp:term":[{"taxonomy":"category","embeddable":true,"href":"https:\/\/blog.saocamilo-sp.br\/index.php\/wp-json\/wp\/v2\/categories?post=2640"},{"taxonomy":"post_tag","embeddable":true,"href":"https:\/\/blog.saocamilo-sp.br\/index.php\/wp-json\/wp\/v2\/tags?post=2640"}],"curies":[{"name":"wp","href":"https:\/\/api.w.org\/{rel}","templated":true}]}}