{"id":2666,"date":"2024-06-15T09:00:00","date_gmt":"2024-06-15T12:00:00","guid":{"rendered":"https:\/\/blog.saocamilo-sp.br\/?p=2666"},"modified":"2024-06-14T16:14:19","modified_gmt":"2024-06-14T19:14:19","slug":"idoso","status":"publish","type":"post","link":"https:\/\/blog.saocamilo-sp.br\/index.php\/2024\/06\/15\/idoso\/","title":{"rendered":"Dia Mundial de Conscientiza\u00e7\u00e3o da Viol\u00eancia Contra o Idoso: Uma Chamada \u00e0 A\u00e7\u00e3o e \u00e0 Carreira de Cuidador"},"content":{"rendered":"\n<p>O Dia Mundial de Conscientiza\u00e7\u00e3o da Viol\u00eancia Contra o Idoso, celebrado em 15 de junho, serve como um lembrete pungente da realidade enfrentada por milh\u00f5es de idosos em todo o mundo. Mais do que apenas uma data no calend\u00e1rio, este dia representa um chamado \u00e0 a\u00e7\u00e3o para combater a viol\u00eancia, o abuso e a neglig\u00eancia que tanto afetam essa parcela vulner\u00e1vel da popula\u00e7\u00e3o.<\/p>\n\n\n\n<h3 class=\"wp-block-heading\"><strong>A Realidade da Viol\u00eancia Contra Idosos:<\/strong><\/h3>\n\n\n\n<p>Infelizmente, a viol\u00eancia contra idosos \u00e9 um problema global com ra\u00edzes complexas. As v\u00edtimas podem sofrer viol\u00eancia f\u00edsica, psicol\u00f3gica, sexual e financeira, muitas vezes dentro de seus pr\u00f3prios lares, por pessoas em quem confiam. Essa viol\u00eancia causa danos f\u00edsicos e emocionais profundos, isolando e marginalizando os idosos, privando-os de sua dignidade e autonomia.<\/p>\n\n\n\n<h3 class=\"wp-block-heading\"><strong>A Import\u00e2ncia da Conscientiza\u00e7\u00e3o:<\/strong><\/h3>\n\n\n\n<p>Quebrar o sil\u00eancio sobre a viol\u00eancia contra idosos \u00e9 o primeiro passo para combat\u00ea-la. \u00c9 crucial aumentar a conscientiza\u00e7\u00e3o sobre as diferentes formas de abuso e neglig\u00eancia, seus sinais e como denunci\u00e1-los. \u00c9 fundamental tamb\u00e9m promover o respeito e a valoriza\u00e7\u00e3o dos idosos, reconhecendo sua import\u00e2ncia na sociedade e combatendo os preconceitos e estere\u00f3tipos que contribuem para a invisibilidade dessa viol\u00eancia.<\/p>\n\n\n\n<h3 class=\"wp-block-heading\"><strong>O Papel Essencial dos Cuidadores de Idosos:<\/strong><\/h3>\n\n\n\n<p>Na luta contra a viol\u00eancia contra idosos, os cuidadores profissionais desempenham um papel fundamental. Eles s\u00e3o os olhos e ouvidos dos idosos, muitas vezes sendo os primeiros a identificar sinais de abuso ou neglig\u00eancia. Cuidadores bem treinados e qualificados podem n\u00e3o apenas fornecer os cuidados f\u00edsicos e emocionais que os idosos necessitam, mas tamb\u00e9m podem ser defensores incans\u00e1veis \u200b\u200bde seus direitos e bem-estar.<\/p>\n\n\n\n<h3 class=\"wp-block-heading\"><strong>O Curso T\u00e9cnico de Cuidador de Idosos do Col\u00e9gio S\u00e3o Camilo:<\/strong><\/h3>\n\n\n\n<p>O Col\u00e9gio S\u00e3o Camilo reconhece a import\u00e2ncia da forma\u00e7\u00e3o de cuidadores de idosos qualificados e comprometidos com a miss\u00e3o de promover o bem-estar e a dignidade dessa popula\u00e7\u00e3o. <a href=\"https:\/\/saocamilo-sp.br\/tecnicos\/presencial\/qualificacao_cuidado_idosos\" target=\"_blank\" rel=\"noreferrer noopener\">O curso t\u00e9cnico de Cuidador de Idosos<\/a> da institui\u00e7\u00e3o oferece aos alunos uma forma\u00e7\u00e3o abrangente e humanizada, preparando-os para:<\/p>\n\n\n\n<ul class=\"wp-block-list\">\n<li><strong>Prestar cuidados integrais ao idoso, na sa\u00fade e na doen\u00e7a:<\/strong> O curso aborda os aspectos f\u00edsicos, psicol\u00f3gicos, sociais e emocionais do cuidado do idoso, capacitando o profissional para oferecer um atendimento completo e individualizado.<\/li>\n\n\n\n<li><strong>Promover a sa\u00fade e o bem-estar do idoso:<\/strong> Atrav\u00e9s de conhecimentos sobre nutri\u00e7\u00e3o, atividade f\u00edsica, preven\u00e7\u00e3o de doen\u00e7as e promo\u00e7\u00e3o da autonomia, o cuidador contribui para a qualidade de vida do idoso.<\/li>\n\n\n\n<li><strong>Desenvolver habilidades pessoais e interpessoais:<\/strong> O curso enfatiza a comunica\u00e7\u00e3o eficaz, a empatia, o respeito e a \u00e9tica, essenciais para o relacionamento com os idosos e suas fam\u00edlias.<\/li>\n\n\n\n<li><strong>Atuar de forma \u00e9tica e respons\u00e1vel:<\/strong> O profissional \u00e9 formado com base em princ\u00edpios \u00e9ticos e legais, garantindo a prote\u00e7\u00e3o dos direitos dos idosos e o respeito \u00e0 sua autonomia.<\/li>\n<\/ul>\n\n\n\n<h3 class=\"wp-block-heading\"><strong>Uma Carreira Gratificante e Significativa:<\/strong><\/h3>\n\n\n\n<p>Tornar-se um cuidador de idosos n\u00e3o \u00e9 apenas uma profiss\u00e3o, mas uma voca\u00e7\u00e3o. \u00c9 uma oportunidade de fazer a diferen\u00e7a na vida de algu\u00e9m, proporcionando cuidado, amor e dignidade a quem mais precisa. A demanda por profissionais qualificados nessa \u00e1rea \u00e9 crescente, abrindo um leque de oportunidades de trabalho promissoras e gratificantes.<\/p>\n\n\n\n<p>Neste Dia Mundial de Conscientiza\u00e7\u00e3o da Viol\u00eancia Contra o Idoso, lembre-se: voc\u00ea pode fazer a diferen\u00e7a. Ao se conscientizar sobre o problema, denunciar casos de abuso e neglig\u00eancia, e se engajar na causa, voc\u00ea estar\u00e1 contribuindo para um futuro mais justo e digno para os idosos. E se voc\u00ea deseja transformar sua compaix\u00e3o em uma carreira gratificante, o curso t\u00e9cnico de Cuidador de Idosos do Col\u00e9gio S\u00e3o Camilo pode ser o seu ponto de partida. Junte-se a n\u00f3s nesta luta por um mundo onde todos os idosos sejam tratados com respeito, amor e dignidade.<\/p>\n\n\n\n<p><strong>Veja tamb\u00e9m:<\/strong><\/p>\n\n\n\n<ul class=\"wp-block-list\">\n<li><a href=\"https:\/\/blog.saocamilo-sp.br\/index.php\/2024\/04\/12\/docentes-da-sao-camilo-sao-selecionados-para-o-programa-de-global-summer-da-upaep\/\">Docentes Camilianos s\u00e3o selecionados para o Programa de Global Summer da UPAEP<\/a><\/li>\n\n\n\n<li><a href=\"https:\/\/blog.saocamilo-sp.br\/index.php\/2024\/02\/01\/oducal\/\">Pe. Jo\u00e3o Batista e Rayssa Rios s\u00e3o nomeados para a ODUCAL<\/a><\/li>\n\n\n\n<li><a href=\"https:\/\/blog.saocamilo-sp.br\/index.php\/2024\/04\/10\/parceria-entre-sao-camilo-e-onea-care-fomenta-oportunidades-profissionais-na-alemanha\/\">Parceri<\/a><a href=\"https:\/\/blog.saocamilo-sp.br\/index.php\/2024\/04\/10\/parceria-entre-sao-camilo-e-onea-care-fomenta-oportunidades-profissionais-na-alemanha\/\" target=\"_blank\" rel=\"noreferrer noopener\">a entre S\u00e3o Camilo e Onea Care\u00a0fomenta oportunidades profissionais na Alemanha<\/a><\/li>\n<\/ul>\n\n\n\n<iframe loading=\"lazy\" src=\"https:\/\/saocamilo.apprbs.com.br\/tenho-interesse-blog\" height=\"530px\" width=\"100%\" frameborder=\"0\"><\/iframe>\n\n\n\n<p>Compartilhe em:<\/p>\n","protected":false},"excerpt":{"rendered":"<p>O Dia Mundial de Conscientiza\u00e7\u00e3o da Viol\u00eancia Contra o Idoso, celebrado em 15 de junho, serve como um lembrete pungente da realidade enfrentada por milh\u00f5es de idosos em todo o mundo. Mais do que apenas uma data no calend\u00e1rio, este&#8230; <a class=\"more-link\" href=\"https:\/\/blog.saocamilo-sp.br\/index.php\/2024\/06\/15\/idoso\/\">Continue Reading &rarr;<\/a><\/p>\n","protected":false},"author":4,"featured_media":2669,"comment_status":"open","ping_status":"open","sticky":false,"template":"","format":"standard","meta":{"cybocfi_hide_featured_image":"","footnotes":""},"categories":[1],"tags":[],"class_list":["post-2666","post","type-post","status-publish","format-standard","has-post-thumbnail","hentry","category-cursos"],"yoast_head":"<!-- This site is optimized with the Yoast SEO plugin v27.5 - https:\/\/yoast.com\/product\/yoast-seo-wordpress\/ -->\n<title>Dia Mundial de Conscientiza\u00e7\u00e3o da Viol\u00eancia Contra o Idoso: Uma Chamada \u00e0 A\u00e7\u00e3o e \u00e0 Carreira de Cuidador - Blog S\u00e3o Camilo<\/title>\n<meta name=\"description\" content=\"O Dia Mundial de Conscientiza\u00e7\u00e3o da Viol\u00eancia Contra o Idoso, celebrado em 15 de junho, serve como um lembrete pungente da realidade...\" \/>\n<meta name=\"robots\" content=\"index, follow, max-snippet:-1, max-image-preview:large, max-video-preview:-1\" \/>\n<link rel=\"canonical\" href=\"https:\/\/blog.saocamilo-sp.br\/index.php\/2024\/06\/15\/idoso\/\" \/>\n<meta property=\"og:locale\" content=\"pt_BR\" \/>\n<meta property=\"og:type\" content=\"article\" \/>\n<meta property=\"og:title\" content=\"Dia Mundial de Conscientiza\u00e7\u00e3o da Viol\u00eancia Contra o Idoso: Uma Chamada \u00e0 A\u00e7\u00e3o e \u00e0 Carreira de Cuidador - Blog S\u00e3o Camilo\" \/>\n<meta property=\"og:description\" content=\"O Dia Mundial de Conscientiza\u00e7\u00e3o da Viol\u00eancia Contra o Idoso, celebrado em 15 de junho, serve como um lembrete pungente da realidade...\" \/>\n<meta property=\"og:url\" content=\"https:\/\/blog.saocamilo-sp.br\/index.php\/2024\/06\/15\/idoso\/\" \/>\n<meta property=\"og:site_name\" content=\"Blog S\u00e3o Camilo\" \/>\n<meta property=\"article:publisher\" content=\"https:\/\/www.facebook.com\/saocamilosp\" \/>\n<meta property=\"article:published_time\" content=\"2024-06-15T12:00:00+00:00\" \/>\n<meta property=\"og:image\" content=\"https:\/\/blog.saocamilo-sp.br\/wp-content\/uploads\/2024\/06\/Blog-Junho_Topo-Idoso.jpg\" \/>\n\t<meta property=\"og:image:width\" content=\"1600\" \/>\n\t<meta property=\"og:image:height\" content=\"1079\" \/>\n\t<meta property=\"og:image:type\" content=\"image\/jpeg\" \/>\n<meta name=\"author\" content=\"Lucas Soares Gon\u00e7alves\" \/>\n<meta name=\"twitter:card\" content=\"summary_large_image\" \/>\n<meta name=\"twitter:creator\" content=\"@saocamilosp\" \/>\n<meta name=\"twitter:site\" content=\"@saocamilosp\" \/>\n<meta name=\"twitter:label1\" content=\"Escrito por\" \/>\n\t<meta name=\"twitter:data1\" content=\"Lucas Soares Gon\u00e7alves\" \/>\n\t<meta name=\"twitter:label2\" content=\"Est. tempo de leitura\" \/>\n\t<meta name=\"twitter:data2\" content=\"4 minutos\" \/>\n<script type=\"application\/ld+json\" class=\"yoast-schema-graph\">{\"@context\":\"https:\\\/\\\/schema.org\",\"@graph\":[{\"@type\":\"Article\",\"@id\":\"https:\\\/\\\/blog.saocamilo-sp.br\\\/index.php\\\/2024\\\/06\\\/15\\\/idoso\\\/#article\",\"isPartOf\":{\"@id\":\"https:\\\/\\\/blog.saocamilo-sp.br\\\/index.php\\\/2024\\\/06\\\/15\\\/idoso\\\/\"},\"author\":{\"name\":\"Lucas Soares Gon\u00e7alves\",\"@id\":\"https:\\\/\\\/blog.saocamilo-sp.br\\\/#\\\/schema\\\/person\\\/781135418152912d4b58f2db13a2eaf0\"},\"headline\":\"Dia Mundial de Conscientiza\u00e7\u00e3o da Viol\u00eancia Contra o Idoso: Uma Chamada \u00e0 A\u00e7\u00e3o e \u00e0 Carreira de Cuidador\",\"datePublished\":\"2024-06-15T12:00:00+00:00\",\"mainEntityOfPage\":{\"@id\":\"https:\\\/\\\/blog.saocamilo-sp.br\\\/index.php\\\/2024\\\/06\\\/15\\\/idoso\\\/\"},\"wordCount\":724,\"commentCount\":0,\"publisher\":{\"@id\":\"https:\\\/\\\/blog.saocamilo-sp.br\\\/#organization\"},\"image\":{\"@id\":\"https:\\\/\\\/blog.saocamilo-sp.br\\\/index.php\\\/2024\\\/06\\\/15\\\/idoso\\\/#primaryimage\"},\"thumbnailUrl\":\"https:\\\/\\\/blog.saocamilo-sp.br\\\/wp-content\\\/uploads\\\/2024\\\/06\\\/Blog-Junho_Topo-Idoso.jpg\",\"articleSection\":[\"Cursos\"],\"inLanguage\":\"pt-BR\",\"potentialAction\":[{\"@type\":\"CommentAction\",\"name\":\"Comment\",\"target\":[\"https:\\\/\\\/blog.saocamilo-sp.br\\\/index.php\\\/2024\\\/06\\\/15\\\/idoso\\\/#respond\"]}]},{\"@type\":\"WebPage\",\"@id\":\"https:\\\/\\\/blog.saocamilo-sp.br\\\/index.php\\\/2024\\\/06\\\/15\\\/idoso\\\/\",\"url\":\"https:\\\/\\\/blog.saocamilo-sp.br\\\/index.php\\\/2024\\\/06\\\/15\\\/idoso\\\/\",\"name\":\"Dia Mundial de Conscientiza\u00e7\u00e3o da Viol\u00eancia Contra o Idoso: Uma Chamada \u00e0 A\u00e7\u00e3o e \u00e0 Carreira de Cuidador - Blog S\u00e3o Camilo\",\"isPartOf\":{\"@id\":\"https:\\\/\\\/blog.saocamilo-sp.br\\\/#website\"},\"primaryImageOfPage\":{\"@id\":\"https:\\\/\\\/blog.saocamilo-sp.br\\\/index.php\\\/2024\\\/06\\\/15\\\/idoso\\\/#primaryimage\"},\"image\":{\"@id\":\"https:\\\/\\\/blog.saocamilo-sp.br\\\/index.php\\\/2024\\\/06\\\/15\\\/idoso\\\/#primaryimage\"},\"thumbnailUrl\":\"https:\\\/\\\/blog.saocamilo-sp.br\\\/wp-content\\\/uploads\\\/2024\\\/06\\\/Blog-Junho_Topo-Idoso.jpg\",\"datePublished\":\"2024-06-15T12:00:00+00:00\",\"description\":\"O Dia Mundial de Conscientiza\u00e7\u00e3o da Viol\u00eancia Contra o Idoso, celebrado em 15 de junho, serve como um lembrete pungente da realidade...\",\"breadcrumb\":{\"@id\":\"https:\\\/\\\/blog.saocamilo-sp.br\\\/index.php\\\/2024\\\/06\\\/15\\\/idoso\\\/#breadcrumb\"},\"inLanguage\":\"pt-BR\",\"potentialAction\":[{\"@type\":\"ReadAction\",\"target\":[\"https:\\\/\\\/blog.saocamilo-sp.br\\\/index.php\\\/2024\\\/06\\\/15\\\/idoso\\\/\"]}]},{\"@type\":\"ImageObject\",\"inLanguage\":\"pt-BR\",\"@id\":\"https:\\\/\\\/blog.saocamilo-sp.br\\\/index.php\\\/2024\\\/06\\\/15\\\/idoso\\\/#primaryimage\",\"url\":\"https:\\\/\\\/blog.saocamilo-sp.br\\\/wp-content\\\/uploads\\\/2024\\\/06\\\/Blog-Junho_Topo-Idoso.jpg\",\"contentUrl\":\"https:\\\/\\\/blog.saocamilo-sp.br\\\/wp-content\\\/uploads\\\/2024\\\/06\\\/Blog-Junho_Topo-Idoso.jpg\",\"width\":1600,\"height\":1079},{\"@type\":\"BreadcrumbList\",\"@id\":\"https:\\\/\\\/blog.saocamilo-sp.br\\\/index.php\\\/2024\\\/06\\\/15\\\/idoso\\\/#breadcrumb\",\"itemListElement\":[{\"@type\":\"ListItem\",\"position\":1,\"name\":\"In\u00edcio\",\"item\":\"https:\\\/\\\/blog.saocamilo-sp.br\\\/\"},{\"@type\":\"ListItem\",\"position\":2,\"name\":\"Dia Mundial de Conscientiza\u00e7\u00e3o da Viol\u00eancia Contra o Idoso: Uma Chamada \u00e0 A\u00e7\u00e3o e \u00e0 Carreira de Cuidador\"}]},{\"@type\":\"WebSite\",\"@id\":\"https:\\\/\\\/blog.saocamilo-sp.br\\\/#website\",\"url\":\"https:\\\/\\\/blog.saocamilo-sp.br\\\/\",\"name\":\"Blog S\u00e3o Camilo\",\"description\":\"Blog do Centro Universit\u00e1rio S\u00e3o Camilo\",\"publisher\":{\"@id\":\"https:\\\/\\\/blog.saocamilo-sp.br\\\/#organization\"},\"potentialAction\":[{\"@type\":\"SearchAction\",\"target\":{\"@type\":\"EntryPoint\",\"urlTemplate\":\"https:\\\/\\\/blog.saocamilo-sp.br\\\/?s={search_term_string}\"},\"query-input\":{\"@type\":\"PropertyValueSpecification\",\"valueRequired\":true,\"valueName\":\"search_term_string\"}}],\"inLanguage\":\"pt-BR\"},{\"@type\":\"Organization\",\"@id\":\"https:\\\/\\\/blog.saocamilo-sp.br\\\/#organization\",\"name\":\"Blog S\u00e3o Camilo\",\"url\":\"https:\\\/\\\/blog.saocamilo-sp.br\\\/\",\"logo\":{\"@type\":\"ImageObject\",\"inLanguage\":\"pt-BR\",\"@id\":\"https:\\\/\\\/blog.saocamilo-sp.br\\\/#\\\/schema\\\/logo\\\/image\\\/\",\"url\":\"https:\\\/\\\/blog.saocamilo-sp.br\\\/wp-content\\\/uploads\\\/2021\\\/12\\\/cropped-vazio-logo-topo.png\",\"contentUrl\":\"https:\\\/\\\/blog.saocamilo-sp.br\\\/wp-content\\\/uploads\\\/2021\\\/12\\\/cropped-vazio-logo-topo.png\",\"width\":320,\"height\":240,\"caption\":\"Blog S\u00e3o Camilo\"},\"image\":{\"@id\":\"https:\\\/\\\/blog.saocamilo-sp.br\\\/#\\\/schema\\\/logo\\\/image\\\/\"},\"sameAs\":[\"https:\\\/\\\/www.facebook.com\\\/saocamilosp\",\"https:\\\/\\\/x.com\\\/saocamilosp\",\"https:\\\/\\\/www.linkedin.com\\\/school\\\/centro-universit-rio-s-o-camilo\\\/\"]},{\"@type\":\"Person\",\"@id\":\"https:\\\/\\\/blog.saocamilo-sp.br\\\/#\\\/schema\\\/person\\\/781135418152912d4b58f2db13a2eaf0\",\"name\":\"Lucas Soares Gon\u00e7alves\",\"image\":{\"@type\":\"ImageObject\",\"inLanguage\":\"pt-BR\",\"@id\":\"https:\\\/\\\/secure.gravatar.com\\\/avatar\\\/bcd2d703cbb48116eaac2cac8643792535238ff30b2d7ce9e16f9254ec9cae83?s=96&d=mm&r=g\",\"url\":\"https:\\\/\\\/secure.gravatar.com\\\/avatar\\\/bcd2d703cbb48116eaac2cac8643792535238ff30b2d7ce9e16f9254ec9cae83?s=96&d=mm&r=g\",\"contentUrl\":\"https:\\\/\\\/secure.gravatar.com\\\/avatar\\\/bcd2d703cbb48116eaac2cac8643792535238ff30b2d7ce9e16f9254ec9cae83?s=96&d=mm&r=g\",\"caption\":\"Lucas Soares Gon\u00e7alves\"},\"url\":\"https:\\\/\\\/blog.saocamilo-sp.br\\\/index.php\\\/author\\\/lucas-soares-goncalves\\\/\"}]}<\/script>\n<!-- \/ Yoast SEO plugin. -->","yoast_head_json":{"title":"Dia Mundial de Conscientiza\u00e7\u00e3o da Viol\u00eancia Contra o Idoso: Uma Chamada \u00e0 A\u00e7\u00e3o e \u00e0 Carreira de Cuidador - Blog S\u00e3o Camilo","description":"O Dia Mundial de Conscientiza\u00e7\u00e3o da Viol\u00eancia Contra o Idoso, celebrado em 15 de junho, serve como um lembrete pungente da realidade...","robots":{"index":"index","follow":"follow","max-snippet":"max-snippet:-1","max-image-preview":"max-image-preview:large","max-video-preview":"max-video-preview:-1"},"canonical":"https:\/\/blog.saocamilo-sp.br\/index.php\/2024\/06\/15\/idoso\/","og_locale":"pt_BR","og_type":"article","og_title":"Dia Mundial de Conscientiza\u00e7\u00e3o da Viol\u00eancia Contra o Idoso: Uma Chamada \u00e0 A\u00e7\u00e3o e \u00e0 Carreira de Cuidador - Blog S\u00e3o Camilo","og_description":"O Dia Mundial de Conscientiza\u00e7\u00e3o da Viol\u00eancia Contra o Idoso, celebrado em 15 de junho, serve como um lembrete pungente da realidade...","og_url":"https:\/\/blog.saocamilo-sp.br\/index.php\/2024\/06\/15\/idoso\/","og_site_name":"Blog S\u00e3o Camilo","article_publisher":"https:\/\/www.facebook.com\/saocamilosp","article_published_time":"2024-06-15T12:00:00+00:00","og_image":[{"width":1600,"height":1079,"url":"https:\/\/blog.saocamilo-sp.br\/wp-content\/uploads\/2024\/06\/Blog-Junho_Topo-Idoso.jpg","type":"image\/jpeg"}],"author":"Lucas Soares Gon\u00e7alves","twitter_card":"summary_large_image","twitter_creator":"@saocamilosp","twitter_site":"@saocamilosp","twitter_misc":{"Escrito por":"Lucas Soares Gon\u00e7alves","Est. tempo de leitura":"4 minutos"},"schema":{"@context":"https:\/\/schema.org","@graph":[{"@type":"Article","@id":"https:\/\/blog.saocamilo-sp.br\/index.php\/2024\/06\/15\/idoso\/#article","isPartOf":{"@id":"https:\/\/blog.saocamilo-sp.br\/index.php\/2024\/06\/15\/idoso\/"},"author":{"name":"Lucas Soares Gon\u00e7alves","@id":"https:\/\/blog.saocamilo-sp.br\/#\/schema\/person\/781135418152912d4b58f2db13a2eaf0"},"headline":"Dia Mundial de Conscientiza\u00e7\u00e3o da Viol\u00eancia Contra o Idoso: Uma Chamada \u00e0 A\u00e7\u00e3o e \u00e0 Carreira de Cuidador","datePublished":"2024-06-15T12:00:00+00:00","mainEntityOfPage":{"@id":"https:\/\/blog.saocamilo-sp.br\/index.php\/2024\/06\/15\/idoso\/"},"wordCount":724,"commentCount":0,"publisher":{"@id":"https:\/\/blog.saocamilo-sp.br\/#organization"},"image":{"@id":"https:\/\/blog.saocamilo-sp.br\/index.php\/2024\/06\/15\/idoso\/#primaryimage"},"thumbnailUrl":"https:\/\/blog.saocamilo-sp.br\/wp-content\/uploads\/2024\/06\/Blog-Junho_Topo-Idoso.jpg","articleSection":["Cursos"],"inLanguage":"pt-BR","potentialAction":[{"@type":"CommentAction","name":"Comment","target":["https:\/\/blog.saocamilo-sp.br\/index.php\/2024\/06\/15\/idoso\/#respond"]}]},{"@type":"WebPage","@id":"https:\/\/blog.saocamilo-sp.br\/index.php\/2024\/06\/15\/idoso\/","url":"https:\/\/blog.saocamilo-sp.br\/index.php\/2024\/06\/15\/idoso\/","name":"Dia Mundial de Conscientiza\u00e7\u00e3o da Viol\u00eancia Contra o Idoso: Uma Chamada \u00e0 A\u00e7\u00e3o e \u00e0 Carreira de Cuidador - Blog S\u00e3o Camilo","isPartOf":{"@id":"https:\/\/blog.saocamilo-sp.br\/#website"},"primaryImageOfPage":{"@id":"https:\/\/blog.saocamilo-sp.br\/index.php\/2024\/06\/15\/idoso\/#primaryimage"},"image":{"@id":"https:\/\/blog.saocamilo-sp.br\/index.php\/2024\/06\/15\/idoso\/#primaryimage"},"thumbnailUrl":"https:\/\/blog.saocamilo-sp.br\/wp-content\/uploads\/2024\/06\/Blog-Junho_Topo-Idoso.jpg","datePublished":"2024-06-15T12:00:00+00:00","description":"O Dia Mundial de Conscientiza\u00e7\u00e3o da Viol\u00eancia Contra o Idoso, celebrado em 15 de junho, serve como um lembrete pungente da realidade...","breadcrumb":{"@id":"https:\/\/blog.saocamilo-sp.br\/index.php\/2024\/06\/15\/idoso\/#breadcrumb"},"inLanguage":"pt-BR","potentialAction":[{"@type":"ReadAction","target":["https:\/\/blog.saocamilo-sp.br\/index.php\/2024\/06\/15\/idoso\/"]}]},{"@type":"ImageObject","inLanguage":"pt-BR","@id":"https:\/\/blog.saocamilo-sp.br\/index.php\/2024\/06\/15\/idoso\/#primaryimage","url":"https:\/\/blog.saocamilo-sp.br\/wp-content\/uploads\/2024\/06\/Blog-Junho_Topo-Idoso.jpg","contentUrl":"https:\/\/blog.saocamilo-sp.br\/wp-content\/uploads\/2024\/06\/Blog-Junho_Topo-Idoso.jpg","width":1600,"height":1079},{"@type":"BreadcrumbList","@id":"https:\/\/blog.saocamilo-sp.br\/index.php\/2024\/06\/15\/idoso\/#breadcrumb","itemListElement":[{"@type":"ListItem","position":1,"name":"In\u00edcio","item":"https:\/\/blog.saocamilo-sp.br\/"},{"@type":"ListItem","position":2,"name":"Dia Mundial de Conscientiza\u00e7\u00e3o da Viol\u00eancia Contra o Idoso: Uma Chamada \u00e0 A\u00e7\u00e3o e \u00e0 Carreira de Cuidador"}]},{"@type":"WebSite","@id":"https:\/\/blog.saocamilo-sp.br\/#website","url":"https:\/\/blog.saocamilo-sp.br\/","name":"Blog S\u00e3o Camilo","description":"Blog do Centro Universit\u00e1rio S\u00e3o Camilo","publisher":{"@id":"https:\/\/blog.saocamilo-sp.br\/#organization"},"potentialAction":[{"@type":"SearchAction","target":{"@type":"EntryPoint","urlTemplate":"https:\/\/blog.saocamilo-sp.br\/?s={search_term_string}"},"query-input":{"@type":"PropertyValueSpecification","valueRequired":true,"valueName":"search_term_string"}}],"inLanguage":"pt-BR"},{"@type":"Organization","@id":"https:\/\/blog.saocamilo-sp.br\/#organization","name":"Blog S\u00e3o Camilo","url":"https:\/\/blog.saocamilo-sp.br\/","logo":{"@type":"ImageObject","inLanguage":"pt-BR","@id":"https:\/\/blog.saocamilo-sp.br\/#\/schema\/logo\/image\/","url":"https:\/\/blog.saocamilo-sp.br\/wp-content\/uploads\/2021\/12\/cropped-vazio-logo-topo.png","contentUrl":"https:\/\/blog.saocamilo-sp.br\/wp-content\/uploads\/2021\/12\/cropped-vazio-logo-topo.png","width":320,"height":240,"caption":"Blog S\u00e3o Camilo"},"image":{"@id":"https:\/\/blog.saocamilo-sp.br\/#\/schema\/logo\/image\/"},"sameAs":["https:\/\/www.facebook.com\/saocamilosp","https:\/\/x.com\/saocamilosp","https:\/\/www.linkedin.com\/school\/centro-universit-rio-s-o-camilo\/"]},{"@type":"Person","@id":"https:\/\/blog.saocamilo-sp.br\/#\/schema\/person\/781135418152912d4b58f2db13a2eaf0","name":"Lucas Soares Gon\u00e7alves","image":{"@type":"ImageObject","inLanguage":"pt-BR","@id":"https:\/\/secure.gravatar.com\/avatar\/bcd2d703cbb48116eaac2cac8643792535238ff30b2d7ce9e16f9254ec9cae83?s=96&d=mm&r=g","url":"https:\/\/secure.gravatar.com\/avatar\/bcd2d703cbb48116eaac2cac8643792535238ff30b2d7ce9e16f9254ec9cae83?s=96&d=mm&r=g","contentUrl":"https:\/\/secure.gravatar.com\/avatar\/bcd2d703cbb48116eaac2cac8643792535238ff30b2d7ce9e16f9254ec9cae83?s=96&d=mm&r=g","caption":"Lucas Soares Gon\u00e7alves"},"url":"https:\/\/blog.saocamilo-sp.br\/index.php\/author\/lucas-soares-goncalves\/"}]}},"_links":{"self":[{"href":"https:\/\/blog.saocamilo-sp.br\/index.php\/wp-json\/wp\/v2\/posts\/2666","targetHints":{"allow":["GET"]}}],"collection":[{"href":"https:\/\/blog.saocamilo-sp.br\/index.php\/wp-json\/wp\/v2\/posts"}],"about":[{"href":"https:\/\/blog.saocamilo-sp.br\/index.php\/wp-json\/wp\/v2\/types\/post"}],"author":[{"embeddable":true,"href":"https:\/\/blog.saocamilo-sp.br\/index.php\/wp-json\/wp\/v2\/users\/4"}],"replies":[{"embeddable":true,"href":"https:\/\/blog.saocamilo-sp.br\/index.php\/wp-json\/wp\/v2\/comments?post=2666"}],"version-history":[{"count":2,"href":"https:\/\/blog.saocamilo-sp.br\/index.php\/wp-json\/wp\/v2\/posts\/2666\/revisions"}],"predecessor-version":[{"id":2670,"href":"https:\/\/blog.saocamilo-sp.br\/index.php\/wp-json\/wp\/v2\/posts\/2666\/revisions\/2670"}],"wp:featuredmedia":[{"embeddable":true,"href":"https:\/\/blog.saocamilo-sp.br\/index.php\/wp-json\/wp\/v2\/media\/2669"}],"wp:attachment":[{"href":"https:\/\/blog.saocamilo-sp.br\/index.php\/wp-json\/wp\/v2\/media?parent=2666"}],"wp:term":[{"taxonomy":"category","embeddable":true,"href":"https:\/\/blog.saocamilo-sp.br\/index.php\/wp-json\/wp\/v2\/categories?post=2666"},{"taxonomy":"post_tag","embeddable":true,"href":"https:\/\/blog.saocamilo-sp.br\/index.php\/wp-json\/wp\/v2\/tags?post=2666"}],"curies":[{"name":"wp","href":"https:\/\/api.w.org\/{rel}","templated":true}]}}