{"id":2680,"date":"2024-06-20T09:00:00","date_gmt":"2024-06-20T12:00:00","guid":{"rendered":"https:\/\/blog.saocamilo-sp.br\/?p=2680"},"modified":"2024-06-19T16:31:31","modified_gmt":"2024-06-19T19:31:31","slug":"inverno","status":"publish","type":"post","link":"https:\/\/blog.saocamilo-sp.br\/index.php\/2024\/06\/20\/inverno\/","title":{"rendered":"In\u00edcio do Inverno: Dicas para se proteger do frio"},"content":{"rendered":"\n<p>O inverno chegou, trazendo consigo temperaturas baixas, dias mais curtos e, para muitos, o aumento da incid\u00eancia de doen\u00e7as respirat\u00f3rias e outros problemas de sa\u00fade. Mas n\u00e3o precisa se desesperar! Com alguns cuidados simples, voc\u00ea pode aproveitar a esta\u00e7\u00e3o mais fria do ano sem comprometer seu bem-estar.<\/p>\n\n\n\n<p>Neste guia completo, n\u00f3s do <a href=\"https:\/\/saocamilo-sp.br\/\" target=\"_blank\" rel=\"noreferrer noopener\">Centro Universit\u00e1rio S\u00e3o Camilo<\/a> criamos para voc\u00ea encontrar todas as informa\u00e7\u00f5es necess\u00e1rias para se manter saud\u00e1vel durante o inverno. Abordaremos desde dicas para fortalecer a imunidade at\u00e9 cuidados com a pele e medidas de preven\u00e7\u00e3o contra doen\u00e7as comuns da esta\u00e7\u00e3o.<\/p>\n\n\n\n<h3 class=\"wp-block-heading\"><strong>Imunidade em Alta: Fortalecendo as Defesas do Organismo<\/strong><\/h3>\n\n\n\n<p>O sistema imunol\u00f3gico \u00e9 a nossa principal linha de defesa contra v\u00edrus, bact\u00e9rias e outros agentes causadores de doen\u00e7as. No inverno, quando o corpo est\u00e1 mais exposto a ambientes secos e frios, \u00e9 fundamental manter a imunidade em alta para evitar gripes, resfriados e outras infec\u00e7\u00f5es.<\/p>\n\n\n\n<h3 class=\"wp-block-heading\"><strong>Dicas para Turbinar a Imunidade:<\/strong><\/h3>\n\n\n\n<ul class=\"wp-block-list\">\n<li><strong>Alimenta\u00e7\u00e3o Saud\u00e1vel:<\/strong> Invista em frutas c\u00edtricas, ricas em vitamina C, importante para o funcionamento do sistema imunol\u00f3gico. Vegetais verde-escuros, como br\u00f3colis e espinafre, tamb\u00e9m s\u00e3o \u00f3timas fontes de vitaminas e minerais essenciais.<\/li>\n\n\n\n<li><strong>Hidrata\u00e7\u00e3o Constante:<\/strong> Beba bastante \u00e1gua, mesmo que n\u00e3o sinta sede. A hidrata\u00e7\u00e3o adequada ajuda a manter as mucosas \u00famidas, dificultando a entrada de v\u00edrus e bact\u00e9rias no organismo.<\/li>\n\n\n\n<li><strong>Sono Reparador:<\/strong> Dormir pelo menos 7 horas por noite \u00e9 crucial para o corpo se recuperar e fortalecer as defesas.<\/li>\n\n\n\n<li><strong>Atividade F\u00edsica Regular:<\/strong> Praticar exerc\u00edcios f\u00edsicos, mesmo que leves, ajuda a estimular a circula\u00e7\u00e3o sangu\u00ednea e a produ\u00e7\u00e3o de c\u00e9lulas de defesa.<\/li>\n\n\n\n<li><strong>Suplementa\u00e7\u00e3o:<\/strong> Consulte um m\u00e9dico ou nutricionista sobre a possibilidade de suplementar sua dieta com vitaminas e minerais que podem auxiliar no fortalecimento da imunidade, como vitamina D e zinco.<\/li>\n<\/ul>\n\n\n\n<h3 class=\"wp-block-heading\"><strong>Pele Protegida: Hidrata\u00e7\u00e3o e Cuidados Especiais<\/strong><\/h3>\n\n\n\n<p>O frio e a baixa umidade do ar no inverno podem ressecar a pele, causando rachaduras, descama\u00e7\u00e3o e irrita\u00e7\u00e3o. Para manter a pele saud\u00e1vel e hidratada durante a esta\u00e7\u00e3o, siga estas dicas:<\/p>\n\n\n\n<ul class=\"wp-block-list\">\n<li><strong>Hidrata\u00e7\u00e3o Di\u00e1ria:<\/strong> Utilize cremes hidratantes espec\u00edficos para o rosto e o corpo, aplicando-os ap\u00f3s o banho e ao longo do dia.<\/li>\n\n\n\n<li><strong>Protetor Solar:<\/strong> Mesmo no inverno, o sol \u00e9 prejudicial \u00e0 pele. Use protetor solar com fator de prote\u00e7\u00e3o adequado (FPS 30 ou superior) todos os dias, mesmo em dias nublados.<\/li>\n\n\n\n<li><strong>Evite Banhos Quentes:<\/strong> A \u00e1gua quente remove a oleosidade natural da pele, deixando-a ainda mais ressecada. Opte por banhos mornos e r\u00e1pidos.<\/li>\n\n\n\n<li><strong>Beba Bastante \u00c1gua:<\/strong> A hidrata\u00e7\u00e3o tamb\u00e9m vem de dentro para fora. Beba bastante \u00e1gua ao longo do dia para manter a pele hidratada de dentro para fora.<\/li>\n\n\n\n<li><strong>Umidificador de Ambiente:<\/strong> Se o ar estiver muito seco, utilize um umidificador de ambiente para aumentar a umidade do local.<\/li>\n<\/ul>\n\n\n\n<h3 class=\"wp-block-heading\"><strong>Preven\u00e7\u00e3o Contra Doen\u00e7as Comuns do Inverno<\/strong><\/h3>\n\n\n\n<p>Algumas doen\u00e7as s\u00e3o mais frequentes durante o inverno, como gripes, resfriados e doen\u00e7as respirat\u00f3rias. Para se prevenir, siga estas medidas:<\/p>\n\n\n\n<ul class=\"wp-block-list\">\n<li><strong>Lavagem Frequente das M\u00e3os:<\/strong> Lave as m\u00e3os com \u00e1gua e sab\u00e3o por pelo menos 20 segundos, especialmente antes de comer, ap\u00f3s usar o banheiro e ao chegar em casa.<\/li>\n\n\n\n<li><strong>Higiene Respirat\u00f3ria:<\/strong> Cubra a boca e o nariz ao tossir ou espirrar, de prefer\u00eancia com o antebra\u00e7o ou com um len\u00e7o descart\u00e1vel.<\/li>\n\n\n\n<li><strong>Evite Aglomera\u00e7\u00f5es:<\/strong> Mantenha dist\u00e2ncia de pessoas doentes e evite locais fechados e com grande aglomera\u00e7\u00e3o de pessoas.<\/li>\n\n\n\n<li><strong>Vacina\u00e7\u00e3o em Dia:<\/strong> Mantenha as vacinas em dia, especialmente a vacina contra a gripe.<\/li>\n<\/ul>\n\n\n\n<p>O inverno pode ser uma esta\u00e7\u00e3o muito agrad\u00e1vel, desde que tomemos os cuidados necess\u00e1rios para manter nossa sa\u00fade em dia. Seguindo as dicas deste guia, voc\u00ea estar\u00e1 mais preparado para enfrentar o frio e aproveitar o melhor da esta\u00e7\u00e3o sem preocupa\u00e7\u00f5es.<\/p>\n\n\n\n<h3 class=\"wp-block-heading\">Dicas para cada regi\u00e3o<\/h3>\n\n\n\n<h4 class=\"wp-block-heading\">Norte<\/h4>\n\n\n\n<ul class=\"wp-block-list\">\n<li><strong>Precipita\u00e7\u00e3o:<\/strong> A esta\u00e7\u00e3o seca no Norte geralmente vai de junho a agosto. No entanto, mesmo durante o inverno, algumas \u00e1reas podem ter chuvas devido \u00e0 Zona de Converg\u00eancia Intertropical (ZCIT).<\/li>\n\n\n\n<li><strong>Temperatura:<\/strong> As temperaturas podem apresentar ligeira varia\u00e7\u00e3o entre os estados. Em Roraima e Amap\u00e1, por exemplo, as m\u00ednimas podem chegar a 15\u00b0C, enquanto no Amazonas e Par\u00e1, geralmente ficam em torno de 20\u00b0C.<\/li>\n\n\n\n<li><strong>Umidade:<\/strong> A umidade do ar tende a ser alta durante todo o ano, mas pode diminuir um pouco no inverno.<\/li>\n<\/ul>\n\n\n\n<p><strong>Nordeste:<\/strong><\/p>\n\n\n\n<ul class=\"wp-block-list\">\n<li><strong>Precipita\u00e7\u00e3o:<\/strong> O Nordeste tamb\u00e9m tem sua esta\u00e7\u00e3o seca no inverno, mas a distribui\u00e7\u00e3o das chuvas varia de acordo com o tipo de clima da regi\u00e3o. No litoral, por exemplo, as chuvas podem persistir at\u00e9 o final do ano.<\/li>\n\n\n\n<li><strong>Temperatura:<\/strong> As temperaturas m\u00e9dias no inverno ficam entre 18\u00b0C e 24\u00b0C, mas podem ser mais baixas em \u00e1reas montanhosas.<\/li>\n\n\n\n<li><strong>Umidade:<\/strong> A umidade do ar varia de acordo com a regi\u00e3o. No litoral, a umidade \u00e9 geralmente alta, enquanto no sert\u00e3o, o ar \u00e9 mais seco.<\/li>\n<\/ul>\n\n\n\n<h4 class=\"wp-block-heading\">Centro-oeste<\/h4>\n\n\n\n<ul class=\"wp-block-list\">\n<li><strong>Precifica\u00e7\u00e3o:<\/strong> \u00e9 seco, com poucas chuvas. A m\u00e9dia de precipita\u00e7\u00e3o varia entre 10 mm e 30 mm por m\u00eas.<\/li>\n\n\n\n<li><strong>Temperatura:<\/strong> As temperaturas s\u00e3o amenas, com m\u00e9dia entre 15\u00b0C e 25\u00b0C.<\/li>\n\n\n\n<li><strong>Umidade:<\/strong> A umidade do ar \u00e9 baixa, com m\u00e9dia entre 40% e 60%.<\/li>\n<\/ul>\n\n\n\n<h4 class=\"wp-block-heading\">Sul<\/h4>\n\n\n\n<ul class=\"wp-block-list\">\n<li><strong>Precifica\u00e7\u00e3o:<\/strong> precipita\u00e7\u00e3o m\u00e9dia fica entre 20 mm e 50 mm por m\u00eas, com maior concentra\u00e7\u00e3o no litoral e diminui\u00e7\u00e3o no interior. Nevascas podem ocorrer em \u00e1reas montanhosas.<\/li>\n\n\n\n<li><strong>Temperatura:<\/strong> Apresenta os invernos mais rigorosos, com temperaturas m\u00e9dias entre 5\u00b0C e 15\u00b0C, podendo chegar a valores negativos em \u00e1reas montanhosas. Geadas s\u00e3o frequentes.<\/li>\n\n\n\n<li><strong>Umidade:<\/strong> Apresenta maior umidade, com m\u00e9dia entre 60% e 80%, devido \u00e0 influ\u00eancia mar\u00edtima.<\/li>\n<\/ul>\n\n\n\n<h4 class=\"wp-block-heading\">Sudeste<\/h4>\n\n\n\n<ul class=\"wp-block-list\">\n<li><strong>Precifica\u00e7\u00e3o:<\/strong> A m\u00e9dia varia entre 30 mm e 60 mm por m\u00eas, com maior volume no litoral e leste e menor no interior.<\/li>\n\n\n\n<li><strong>Temperatura:<\/strong>  As temperaturas s\u00e3o mais amenas, com m\u00e9dia entre 10\u00b0C e 20\u00b0C, com raras ocorr\u00eancias de geadas.<\/li>\n\n\n\n<li><strong>Umidade:<\/strong> A umidade \u00e9 mais baixa, com m\u00e9dia entre 50% e 60%, especialmente no interior.<\/li>\n<\/ul>\n\n\n\n<h3 class=\"wp-block-heading\"><strong>Lembre-se:<\/strong><\/h3>\n\n\n\n<ul class=\"wp-block-list\">\n<li>Consulte um m\u00e9dico ou nutricionista para obter orienta\u00e7\u00f5es personalizadas sobre como fortalecer sua imunidade e cuidar da sua sa\u00fade durante o inverno.<\/li>\n\n\n\n<li>Em caso de qualquer sintoma de doen\u00e7a, procure atendimento m\u00e9dico o mais r\u00e1pido poss\u00edvel.<\/li>\n<\/ul>\n\n\n\n<p>Leia mais:<\/p>\n\n\n\n<ul class=\"wp-block-list\">\n<li><a href=\"https:\/\/blog.saocamilo-sp.br\/index.php\/2024\/06\/15\/idoso\/\">Dia Mundial de Conscientiza\u00e7\u00e3o da Viol\u00eancia Contra o Idoso: Uma Chamada \u00e0 A\u00e7\u00e3o e \u00e0 Carreira de Cuidador<\/a><\/li>\n\n\n\n<li><a href=\"https:\/\/blog.saocamilo-sp.br\/index.php\/2024\/06\/14\/conexoes\/\">Depoimento docente S\u00f4nia sobre \u201cConex\u00f5es Culin\u00e1rias\u201d<\/a><\/li>\n\n\n\n<li><a href=\"https:\/\/blog.saocamilo-sp.br\/index.php\/2024\/05\/22\/alimentar\/\">Programa Educa\u00e7\u00e3o Alimentar \u2013 Integrando Ci\u00eancia, Escola e Sa\u00fade<\/a><\/li>\n<\/ul>\n\n\n\n<iframe loading=\"lazy\" src=\"https:\/\/saocamilo.apprbs.com.br\/tenho-interesse-blog\" height=\"530px\" width=\"100%\" frameborder=\"0\"><\/iframe>\n\n\n\n<p>Compartilhe em:<\/p>\n","protected":false},"excerpt":{"rendered":"<p>O inverno chegou, trazendo consigo temperaturas baixas, dias mais curtos e, para muitos, o aumento da incid\u00eancia de doen\u00e7as respirat\u00f3rias e outros problemas de sa\u00fade.<\/p>\n","protected":false},"author":4,"featured_media":2682,"comment_status":"open","ping_status":"open","sticky":false,"template":"","format":"standard","meta":{"cybocfi_hide_featured_image":"","footnotes":""},"categories":[1,30,24,79],"tags":[12,7,17],"class_list":["post-2680","post","type-post","status-publish","format-standard","has-post-thumbnail","hentry","category-cursos","category-medicina","category-nutricao","category-saude","tag-medicina","tag-nutricao","tag-saude"],"yoast_head":"<!-- This site is optimized with the Yoast SEO plugin v27.5 - https:\/\/yoast.com\/product\/yoast-seo-wordpress\/ -->\n<title>In\u00edcio do Inverno: Dicas para se proteger do frio - Blog S\u00e3o Camilo<\/title>\n<meta name=\"description\" content=\"Neste guia completo do inverno, n\u00f3s do Centro Universit\u00e1rio S\u00e3o Camilo criamos para voc\u00ea encontrar todas as informa\u00e7\u00f5es necess\u00e1rias para...\" \/>\n<meta name=\"robots\" content=\"index, follow, max-snippet:-1, max-image-preview:large, max-video-preview:-1\" \/>\n<link rel=\"canonical\" href=\"https:\/\/blog.saocamilo-sp.br\/index.php\/2024\/06\/20\/inverno\/\" \/>\n<meta property=\"og:locale\" content=\"pt_BR\" \/>\n<meta property=\"og:type\" content=\"article\" \/>\n<meta property=\"og:title\" content=\"In\u00edcio do Inverno: Dicas para se proteger do frio - Blog S\u00e3o Camilo\" \/>\n<meta property=\"og:description\" content=\"Neste guia completo do inverno, n\u00f3s do Centro Universit\u00e1rio S\u00e3o Camilo criamos para voc\u00ea encontrar todas as informa\u00e7\u00f5es necess\u00e1rias para...\" \/>\n<meta property=\"og:url\" content=\"https:\/\/blog.saocamilo-sp.br\/index.php\/2024\/06\/20\/inverno\/\" \/>\n<meta property=\"og:site_name\" content=\"Blog S\u00e3o Camilo\" \/>\n<meta property=\"article:publisher\" content=\"https:\/\/www.facebook.com\/saocamilosp\" \/>\n<meta property=\"article:published_time\" content=\"2024-06-20T12:00:00+00:00\" \/>\n<meta property=\"og:image\" content=\"https:\/\/blog.saocamilo-sp.br\/wp-content\/uploads\/2024\/06\/Blog-Junho_Topo-Inverno.jpg\" \/>\n\t<meta property=\"og:image:width\" content=\"1600\" \/>\n\t<meta property=\"og:image:height\" content=\"1079\" \/>\n\t<meta property=\"og:image:type\" content=\"image\/jpeg\" \/>\n<meta name=\"author\" content=\"Lucas Soares Gon\u00e7alves\" \/>\n<meta name=\"twitter:card\" content=\"summary_large_image\" \/>\n<meta name=\"twitter:creator\" content=\"@saocamilosp\" \/>\n<meta name=\"twitter:site\" content=\"@saocamilosp\" \/>\n<meta name=\"twitter:label1\" content=\"Escrito por\" \/>\n\t<meta name=\"twitter:data1\" content=\"Lucas Soares Gon\u00e7alves\" \/>\n\t<meta name=\"twitter:label2\" content=\"Est. tempo de leitura\" \/>\n\t<meta name=\"twitter:data2\" content=\"6 minutos\" \/>\n<script type=\"application\/ld+json\" class=\"yoast-schema-graph\">{\"@context\":\"https:\\\/\\\/schema.org\",\"@graph\":[{\"@type\":\"Article\",\"@id\":\"https:\\\/\\\/blog.saocamilo-sp.br\\\/index.php\\\/2024\\\/06\\\/20\\\/inverno\\\/#article\",\"isPartOf\":{\"@id\":\"https:\\\/\\\/blog.saocamilo-sp.br\\\/index.php\\\/2024\\\/06\\\/20\\\/inverno\\\/\"},\"author\":{\"name\":\"Lucas Soares Gon\u00e7alves\",\"@id\":\"https:\\\/\\\/blog.saocamilo-sp.br\\\/#\\\/schema\\\/person\\\/781135418152912d4b58f2db13a2eaf0\"},\"headline\":\"In\u00edcio do Inverno: Dicas para se proteger do frio\",\"datePublished\":\"2024-06-20T12:00:00+00:00\",\"mainEntityOfPage\":{\"@id\":\"https:\\\/\\\/blog.saocamilo-sp.br\\\/index.php\\\/2024\\\/06\\\/20\\\/inverno\\\/\"},\"wordCount\":1115,\"commentCount\":0,\"publisher\":{\"@id\":\"https:\\\/\\\/blog.saocamilo-sp.br\\\/#organization\"},\"image\":{\"@id\":\"https:\\\/\\\/blog.saocamilo-sp.br\\\/index.php\\\/2024\\\/06\\\/20\\\/inverno\\\/#primaryimage\"},\"thumbnailUrl\":\"https:\\\/\\\/blog.saocamilo-sp.br\\\/wp-content\\\/uploads\\\/2024\\\/06\\\/Blog-Junho_Topo-Inverno.jpg\",\"keywords\":[\"Medicina\",\"Nutri\u00e7\u00e3o\",\"Sa\u00fade\"],\"articleSection\":[\"Cursos\",\"Medicina\",\"Nutri\u00e7\u00e3o\",\"Sa\u00fade\"],\"inLanguage\":\"pt-BR\",\"potentialAction\":[{\"@type\":\"CommentAction\",\"name\":\"Comment\",\"target\":[\"https:\\\/\\\/blog.saocamilo-sp.br\\\/index.php\\\/2024\\\/06\\\/20\\\/inverno\\\/#respond\"]}]},{\"@type\":\"WebPage\",\"@id\":\"https:\\\/\\\/blog.saocamilo-sp.br\\\/index.php\\\/2024\\\/06\\\/20\\\/inverno\\\/\",\"url\":\"https:\\\/\\\/blog.saocamilo-sp.br\\\/index.php\\\/2024\\\/06\\\/20\\\/inverno\\\/\",\"name\":\"In\u00edcio do Inverno: Dicas para se proteger do frio - Blog S\u00e3o Camilo\",\"isPartOf\":{\"@id\":\"https:\\\/\\\/blog.saocamilo-sp.br\\\/#website\"},\"primaryImageOfPage\":{\"@id\":\"https:\\\/\\\/blog.saocamilo-sp.br\\\/index.php\\\/2024\\\/06\\\/20\\\/inverno\\\/#primaryimage\"},\"image\":{\"@id\":\"https:\\\/\\\/blog.saocamilo-sp.br\\\/index.php\\\/2024\\\/06\\\/20\\\/inverno\\\/#primaryimage\"},\"thumbnailUrl\":\"https:\\\/\\\/blog.saocamilo-sp.br\\\/wp-content\\\/uploads\\\/2024\\\/06\\\/Blog-Junho_Topo-Inverno.jpg\",\"datePublished\":\"2024-06-20T12:00:00+00:00\",\"description\":\"Neste guia completo do inverno, n\u00f3s do Centro Universit\u00e1rio S\u00e3o Camilo criamos para voc\u00ea encontrar todas as informa\u00e7\u00f5es necess\u00e1rias para...\",\"breadcrumb\":{\"@id\":\"https:\\\/\\\/blog.saocamilo-sp.br\\\/index.php\\\/2024\\\/06\\\/20\\\/inverno\\\/#breadcrumb\"},\"inLanguage\":\"pt-BR\",\"potentialAction\":[{\"@type\":\"ReadAction\",\"target\":[\"https:\\\/\\\/blog.saocamilo-sp.br\\\/index.php\\\/2024\\\/06\\\/20\\\/inverno\\\/\"]}]},{\"@type\":\"ImageObject\",\"inLanguage\":\"pt-BR\",\"@id\":\"https:\\\/\\\/blog.saocamilo-sp.br\\\/index.php\\\/2024\\\/06\\\/20\\\/inverno\\\/#primaryimage\",\"url\":\"https:\\\/\\\/blog.saocamilo-sp.br\\\/wp-content\\\/uploads\\\/2024\\\/06\\\/Blog-Junho_Topo-Inverno.jpg\",\"contentUrl\":\"https:\\\/\\\/blog.saocamilo-sp.br\\\/wp-content\\\/uploads\\\/2024\\\/06\\\/Blog-Junho_Topo-Inverno.jpg\",\"width\":1600,\"height\":1079},{\"@type\":\"BreadcrumbList\",\"@id\":\"https:\\\/\\\/blog.saocamilo-sp.br\\\/index.php\\\/2024\\\/06\\\/20\\\/inverno\\\/#breadcrumb\",\"itemListElement\":[{\"@type\":\"ListItem\",\"position\":1,\"name\":\"In\u00edcio\",\"item\":\"https:\\\/\\\/blog.saocamilo-sp.br\\\/\"},{\"@type\":\"ListItem\",\"position\":2,\"name\":\"In\u00edcio do Inverno: Dicas para se proteger do frio\"}]},{\"@type\":\"WebSite\",\"@id\":\"https:\\\/\\\/blog.saocamilo-sp.br\\\/#website\",\"url\":\"https:\\\/\\\/blog.saocamilo-sp.br\\\/\",\"name\":\"Blog S\u00e3o Camilo\",\"description\":\"Blog do Centro Universit\u00e1rio S\u00e3o Camilo\",\"publisher\":{\"@id\":\"https:\\\/\\\/blog.saocamilo-sp.br\\\/#organization\"},\"potentialAction\":[{\"@type\":\"SearchAction\",\"target\":{\"@type\":\"EntryPoint\",\"urlTemplate\":\"https:\\\/\\\/blog.saocamilo-sp.br\\\/?s={search_term_string}\"},\"query-input\":{\"@type\":\"PropertyValueSpecification\",\"valueRequired\":true,\"valueName\":\"search_term_string\"}}],\"inLanguage\":\"pt-BR\"},{\"@type\":\"Organization\",\"@id\":\"https:\\\/\\\/blog.saocamilo-sp.br\\\/#organization\",\"name\":\"Blog S\u00e3o Camilo\",\"url\":\"https:\\\/\\\/blog.saocamilo-sp.br\\\/\",\"logo\":{\"@type\":\"ImageObject\",\"inLanguage\":\"pt-BR\",\"@id\":\"https:\\\/\\\/blog.saocamilo-sp.br\\\/#\\\/schema\\\/logo\\\/image\\\/\",\"url\":\"https:\\\/\\\/blog.saocamilo-sp.br\\\/wp-content\\\/uploads\\\/2021\\\/12\\\/cropped-vazio-logo-topo.png\",\"contentUrl\":\"https:\\\/\\\/blog.saocamilo-sp.br\\\/wp-content\\\/uploads\\\/2021\\\/12\\\/cropped-vazio-logo-topo.png\",\"width\":320,\"height\":240,\"caption\":\"Blog S\u00e3o Camilo\"},\"image\":{\"@id\":\"https:\\\/\\\/blog.saocamilo-sp.br\\\/#\\\/schema\\\/logo\\\/image\\\/\"},\"sameAs\":[\"https:\\\/\\\/www.facebook.com\\\/saocamilosp\",\"https:\\\/\\\/x.com\\\/saocamilosp\",\"https:\\\/\\\/www.linkedin.com\\\/school\\\/centro-universit-rio-s-o-camilo\\\/\"]},{\"@type\":\"Person\",\"@id\":\"https:\\\/\\\/blog.saocamilo-sp.br\\\/#\\\/schema\\\/person\\\/781135418152912d4b58f2db13a2eaf0\",\"name\":\"Lucas Soares Gon\u00e7alves\",\"image\":{\"@type\":\"ImageObject\",\"inLanguage\":\"pt-BR\",\"@id\":\"https:\\\/\\\/secure.gravatar.com\\\/avatar\\\/bcd2d703cbb48116eaac2cac8643792535238ff30b2d7ce9e16f9254ec9cae83?s=96&d=mm&r=g\",\"url\":\"https:\\\/\\\/secure.gravatar.com\\\/avatar\\\/bcd2d703cbb48116eaac2cac8643792535238ff30b2d7ce9e16f9254ec9cae83?s=96&d=mm&r=g\",\"contentUrl\":\"https:\\\/\\\/secure.gravatar.com\\\/avatar\\\/bcd2d703cbb48116eaac2cac8643792535238ff30b2d7ce9e16f9254ec9cae83?s=96&d=mm&r=g\",\"caption\":\"Lucas Soares Gon\u00e7alves\"},\"url\":\"https:\\\/\\\/blog.saocamilo-sp.br\\\/index.php\\\/author\\\/lucas-soares-goncalves\\\/\"}]}<\/script>\n<!-- \/ Yoast SEO plugin. -->","yoast_head_json":{"title":"In\u00edcio do Inverno: Dicas para se proteger do frio - Blog S\u00e3o Camilo","description":"Neste guia completo do inverno, n\u00f3s do Centro Universit\u00e1rio S\u00e3o Camilo criamos para voc\u00ea encontrar todas as informa\u00e7\u00f5es necess\u00e1rias para...","robots":{"index":"index","follow":"follow","max-snippet":"max-snippet:-1","max-image-preview":"max-image-preview:large","max-video-preview":"max-video-preview:-1"},"canonical":"https:\/\/blog.saocamilo-sp.br\/index.php\/2024\/06\/20\/inverno\/","og_locale":"pt_BR","og_type":"article","og_title":"In\u00edcio do Inverno: Dicas para se proteger do frio - Blog S\u00e3o Camilo","og_description":"Neste guia completo do inverno, n\u00f3s do Centro Universit\u00e1rio S\u00e3o Camilo criamos para voc\u00ea encontrar todas as informa\u00e7\u00f5es necess\u00e1rias para...","og_url":"https:\/\/blog.saocamilo-sp.br\/index.php\/2024\/06\/20\/inverno\/","og_site_name":"Blog S\u00e3o Camilo","article_publisher":"https:\/\/www.facebook.com\/saocamilosp","article_published_time":"2024-06-20T12:00:00+00:00","og_image":[{"width":1600,"height":1079,"url":"https:\/\/blog.saocamilo-sp.br\/wp-content\/uploads\/2024\/06\/Blog-Junho_Topo-Inverno.jpg","type":"image\/jpeg"}],"author":"Lucas Soares Gon\u00e7alves","twitter_card":"summary_large_image","twitter_creator":"@saocamilosp","twitter_site":"@saocamilosp","twitter_misc":{"Escrito por":"Lucas Soares Gon\u00e7alves","Est. tempo de leitura":"6 minutos"},"schema":{"@context":"https:\/\/schema.org","@graph":[{"@type":"Article","@id":"https:\/\/blog.saocamilo-sp.br\/index.php\/2024\/06\/20\/inverno\/#article","isPartOf":{"@id":"https:\/\/blog.saocamilo-sp.br\/index.php\/2024\/06\/20\/inverno\/"},"author":{"name":"Lucas Soares Gon\u00e7alves","@id":"https:\/\/blog.saocamilo-sp.br\/#\/schema\/person\/781135418152912d4b58f2db13a2eaf0"},"headline":"In\u00edcio do Inverno: Dicas para se proteger do frio","datePublished":"2024-06-20T12:00:00+00:00","mainEntityOfPage":{"@id":"https:\/\/blog.saocamilo-sp.br\/index.php\/2024\/06\/20\/inverno\/"},"wordCount":1115,"commentCount":0,"publisher":{"@id":"https:\/\/blog.saocamilo-sp.br\/#organization"},"image":{"@id":"https:\/\/blog.saocamilo-sp.br\/index.php\/2024\/06\/20\/inverno\/#primaryimage"},"thumbnailUrl":"https:\/\/blog.saocamilo-sp.br\/wp-content\/uploads\/2024\/06\/Blog-Junho_Topo-Inverno.jpg","keywords":["Medicina","Nutri\u00e7\u00e3o","Sa\u00fade"],"articleSection":["Cursos","Medicina","Nutri\u00e7\u00e3o","Sa\u00fade"],"inLanguage":"pt-BR","potentialAction":[{"@type":"CommentAction","name":"Comment","target":["https:\/\/blog.saocamilo-sp.br\/index.php\/2024\/06\/20\/inverno\/#respond"]}]},{"@type":"WebPage","@id":"https:\/\/blog.saocamilo-sp.br\/index.php\/2024\/06\/20\/inverno\/","url":"https:\/\/blog.saocamilo-sp.br\/index.php\/2024\/06\/20\/inverno\/","name":"In\u00edcio do Inverno: Dicas para se proteger do frio - Blog S\u00e3o Camilo","isPartOf":{"@id":"https:\/\/blog.saocamilo-sp.br\/#website"},"primaryImageOfPage":{"@id":"https:\/\/blog.saocamilo-sp.br\/index.php\/2024\/06\/20\/inverno\/#primaryimage"},"image":{"@id":"https:\/\/blog.saocamilo-sp.br\/index.php\/2024\/06\/20\/inverno\/#primaryimage"},"thumbnailUrl":"https:\/\/blog.saocamilo-sp.br\/wp-content\/uploads\/2024\/06\/Blog-Junho_Topo-Inverno.jpg","datePublished":"2024-06-20T12:00:00+00:00","description":"Neste guia completo do inverno, n\u00f3s do Centro Universit\u00e1rio S\u00e3o Camilo criamos para voc\u00ea encontrar todas as informa\u00e7\u00f5es necess\u00e1rias para...","breadcrumb":{"@id":"https:\/\/blog.saocamilo-sp.br\/index.php\/2024\/06\/20\/inverno\/#breadcrumb"},"inLanguage":"pt-BR","potentialAction":[{"@type":"ReadAction","target":["https:\/\/blog.saocamilo-sp.br\/index.php\/2024\/06\/20\/inverno\/"]}]},{"@type":"ImageObject","inLanguage":"pt-BR","@id":"https:\/\/blog.saocamilo-sp.br\/index.php\/2024\/06\/20\/inverno\/#primaryimage","url":"https:\/\/blog.saocamilo-sp.br\/wp-content\/uploads\/2024\/06\/Blog-Junho_Topo-Inverno.jpg","contentUrl":"https:\/\/blog.saocamilo-sp.br\/wp-content\/uploads\/2024\/06\/Blog-Junho_Topo-Inverno.jpg","width":1600,"height":1079},{"@type":"BreadcrumbList","@id":"https:\/\/blog.saocamilo-sp.br\/index.php\/2024\/06\/20\/inverno\/#breadcrumb","itemListElement":[{"@type":"ListItem","position":1,"name":"In\u00edcio","item":"https:\/\/blog.saocamilo-sp.br\/"},{"@type":"ListItem","position":2,"name":"In\u00edcio do Inverno: Dicas para se proteger do frio"}]},{"@type":"WebSite","@id":"https:\/\/blog.saocamilo-sp.br\/#website","url":"https:\/\/blog.saocamilo-sp.br\/","name":"Blog S\u00e3o Camilo","description":"Blog do Centro Universit\u00e1rio S\u00e3o Camilo","publisher":{"@id":"https:\/\/blog.saocamilo-sp.br\/#organization"},"potentialAction":[{"@type":"SearchAction","target":{"@type":"EntryPoint","urlTemplate":"https:\/\/blog.saocamilo-sp.br\/?s={search_term_string}"},"query-input":{"@type":"PropertyValueSpecification","valueRequired":true,"valueName":"search_term_string"}}],"inLanguage":"pt-BR"},{"@type":"Organization","@id":"https:\/\/blog.saocamilo-sp.br\/#organization","name":"Blog S\u00e3o Camilo","url":"https:\/\/blog.saocamilo-sp.br\/","logo":{"@type":"ImageObject","inLanguage":"pt-BR","@id":"https:\/\/blog.saocamilo-sp.br\/#\/schema\/logo\/image\/","url":"https:\/\/blog.saocamilo-sp.br\/wp-content\/uploads\/2021\/12\/cropped-vazio-logo-topo.png","contentUrl":"https:\/\/blog.saocamilo-sp.br\/wp-content\/uploads\/2021\/12\/cropped-vazio-logo-topo.png","width":320,"height":240,"caption":"Blog S\u00e3o Camilo"},"image":{"@id":"https:\/\/blog.saocamilo-sp.br\/#\/schema\/logo\/image\/"},"sameAs":["https:\/\/www.facebook.com\/saocamilosp","https:\/\/x.com\/saocamilosp","https:\/\/www.linkedin.com\/school\/centro-universit-rio-s-o-camilo\/"]},{"@type":"Person","@id":"https:\/\/blog.saocamilo-sp.br\/#\/schema\/person\/781135418152912d4b58f2db13a2eaf0","name":"Lucas Soares Gon\u00e7alves","image":{"@type":"ImageObject","inLanguage":"pt-BR","@id":"https:\/\/secure.gravatar.com\/avatar\/bcd2d703cbb48116eaac2cac8643792535238ff30b2d7ce9e16f9254ec9cae83?s=96&d=mm&r=g","url":"https:\/\/secure.gravatar.com\/avatar\/bcd2d703cbb48116eaac2cac8643792535238ff30b2d7ce9e16f9254ec9cae83?s=96&d=mm&r=g","contentUrl":"https:\/\/secure.gravatar.com\/avatar\/bcd2d703cbb48116eaac2cac8643792535238ff30b2d7ce9e16f9254ec9cae83?s=96&d=mm&r=g","caption":"Lucas Soares Gon\u00e7alves"},"url":"https:\/\/blog.saocamilo-sp.br\/index.php\/author\/lucas-soares-goncalves\/"}]}},"_links":{"self":[{"href":"https:\/\/blog.saocamilo-sp.br\/index.php\/wp-json\/wp\/v2\/posts\/2680","targetHints":{"allow":["GET"]}}],"collection":[{"href":"https:\/\/blog.saocamilo-sp.br\/index.php\/wp-json\/wp\/v2\/posts"}],"about":[{"href":"https:\/\/blog.saocamilo-sp.br\/index.php\/wp-json\/wp\/v2\/types\/post"}],"author":[{"embeddable":true,"href":"https:\/\/blog.saocamilo-sp.br\/index.php\/wp-json\/wp\/v2\/users\/4"}],"replies":[{"embeddable":true,"href":"https:\/\/blog.saocamilo-sp.br\/index.php\/wp-json\/wp\/v2\/comments?post=2680"}],"version-history":[{"count":3,"href":"https:\/\/blog.saocamilo-sp.br\/index.php\/wp-json\/wp\/v2\/posts\/2680\/revisions"}],"predecessor-version":[{"id":2687,"href":"https:\/\/blog.saocamilo-sp.br\/index.php\/wp-json\/wp\/v2\/posts\/2680\/revisions\/2687"}],"wp:featuredmedia":[{"embeddable":true,"href":"https:\/\/blog.saocamilo-sp.br\/index.php\/wp-json\/wp\/v2\/media\/2682"}],"wp:attachment":[{"href":"https:\/\/blog.saocamilo-sp.br\/index.php\/wp-json\/wp\/v2\/media?parent=2680"}],"wp:term":[{"taxonomy":"category","embeddable":true,"href":"https:\/\/blog.saocamilo-sp.br\/index.php\/wp-json\/wp\/v2\/categories?post=2680"},{"taxonomy":"post_tag","embeddable":true,"href":"https:\/\/blog.saocamilo-sp.br\/index.php\/wp-json\/wp\/v2\/tags?post=2680"}],"curies":[{"name":"wp","href":"https:\/\/api.w.org\/{rel}","templated":true}]}}