{"id":2691,"date":"2024-07-08T09:00:00","date_gmt":"2024-07-08T12:00:00","guid":{"rendered":"https:\/\/blog.saocamilo-sp.br\/?p=2691"},"modified":"2024-07-19T14:27:29","modified_gmt":"2024-07-19T17:27:29","slug":"membro-da-coordenacao-de-pesquisa-que-ja-foi-ao-mit-fala-sobre-o-dia-internacional-do-pesquisador-cientifico","status":"publish","type":"post","link":"https:\/\/blog.saocamilo-sp.br\/index.php\/2024\/07\/08\/membro-da-coordenacao-de-pesquisa-que-ja-foi-ao-mit-fala-sobre-o-dia-internacional-do-pesquisador-cientifico\/","title":{"rendered":"Dia Nacional da Ci\u00eancia e do Pesquisador Cient\u00edfico &#8211; Membro da Coordena\u00e7\u00e3o de Pesquisa fala sobre a data\u00a0"},"content":{"rendered":"\n<p>Neste dia 8 de julho, \u00e9 comemorado o Dia Nacional da Ci\u00eancia e do Pesquisador Cient\u00edfico e, celebrando a data, convidamos nosso Analista de Pesquisa e egresso do curso de <a href=\"https:\/\/saocamilo-sp.br\/graduacao\/presencial\/biomedicina\" target=\"_blank\" rel=\"noreferrer noopener\">Biomedicina<\/a> do <a href=\"https:\/\/saocamilo-sp.br\/\" target=\"_blank\" rel=\"noreferrer noopener\">Centro Universit\u00e1rio S\u00e3o Camilo<\/a>, Gabriel Dias Francozo, para falar um pouco mais sobre a import\u00e2ncia da pesquisa cient\u00edfica e sua trajet\u00f3ria pela \u00e1rea.&nbsp;<\/p>\n\n\n\n<p>&nbsp;\u201c<em>Quantas das coisas que temos hoje, na sa\u00fade e em outras \u00e1reas, vieram de questionamentos e hip\u00f3teses que deram origem a pesquisas cient\u00edficas capazes de tornar estas ideias poss\u00edveis? A curiosidade, o pensamento cr\u00edtico, o desejo de solucionar uma dor existente no outro ou em n\u00f3s&#8230;todos est\u00e3o no centro de grandes ideias e inova\u00e7\u00f5es. A ci\u00eancia e a pesquisa cient\u00edfica transformam a sociedade. Evolu\u00edmos por meio dela e beneficiamos muitos a cada avan\u00e7o. Observe o impacto de novos tratamentos, ferramentas diagn\u00f3sticas e tecnologias que melhoram nossa qualidade de vida, por exemplo<\/em>\u201d \u2013 menciona ele, destacando a import\u00e2ncia da \u00e1rea.&nbsp;&nbsp;<\/p>\n\n\n\n<h3 class=\"wp-block-heading\"><strong>Quando come\u00e7ou a sua paix\u00e3o por pesquisa?<\/strong>&nbsp;<\/h3>\n\n\n\n<blockquote class=\"wp-block-quote is-layout-flow wp-block-quote-is-layout-flow\">\n<p>\u201cMeu interesse come\u00e7ou ainda no col\u00e9gio. Adorava ci\u00eancia, mas me apaixonei pela biologia humana. Entender a complexidade do corpo na &#8220;sa\u00fade e na doen\u00e7a&#8221; me intrigava. Na \u00e9poca, meu professor de biologia tinha uma filha pequena com diabetes e, por vezes, convers\u00e1vamos sobre isso &#8211; &#8220;Como a diabetes surge? Por que surge? De que modo evolui? Como n\u00e3o podemos cur\u00e1-la?&#8221;. Percebi nessas e em outras conversas que, movido por minha curiosidade, se me tornasse pesquisador, poderia descobrir respostas para as perguntas que me intrigavam e fazer a diferen\u00e7a na vida das pessoas.\u201d&nbsp;<\/p>\n<cite>Gabriel dias francozo<\/cite><\/blockquote>\n\n\n\n<p>Ao fim do ensino m\u00e9dio, em 2019, empenhado em se tornar um pesquisador, o futuro Biom\u00e9dico come\u00e7aria a sua jornada no curso de Biomedicina do Centro Universit\u00e1rio S\u00e3o Camilo (CUSC).&nbsp;<\/p>\n\n\n\n<p>Compartilhando um pouco de sua trajet\u00f3ria na pesquisa, ele destaca \u201cDo in\u00edcio da gradua\u00e7\u00e3o para c\u00e1, muita coisa aconteceu e o CUSC foi um grande aliado para alcan\u00e7ar meus objetivos e superar obst\u00e1culos. Tutorias acad\u00eamicas internacionais, projetos interdisciplinares, diretoria de liga acad\u00eamica, organiza\u00e7\u00e3o e participa\u00e7\u00e3o em eventos cient\u00edficos, Inicia\u00e7\u00e3o Cient\u00edfica e outras atividades constru\u00edram uma base s\u00f3lida para que me habilitasse, ao fim da gradua\u00e7\u00e3o, em pesquisa.\u201d&nbsp;<\/p>\n\n\n\n<h3 class=\"wp-block-heading\"><strong>Qual a import\u00e2ncia da ci\u00eancia para as pessoas?<\/strong>&nbsp;<\/h3>\n\n\n\n<blockquote class=\"wp-block-quote is-layout-flow wp-block-quote-is-layout-flow\">\n<p>\u201cA metodologia cient\u00edfica, o pensamento cr\u00edtico e o perfil investigador e questionador mudam a maneira como enxergamos as coisas. Acredito fortemente que a \u00e1rea da pesquisa tenha muito a ensinar a qualquer pessoa que se aventure nela. Refor\u00e7o inclusive, a import\u00e2ncia de trazer a ci\u00eancia tamb\u00e9m aos col\u00e9gios e ao p\u00fablico geral. Falar de ci\u00eancia e pesquisa n\u00e3o deve ser assunto apenas para faculdades. Retomo um dos motivos que me trouxe aqui: ser\u00e1 que estaria fazendo o que fa\u00e7o hoje se n\u00e3o tivesse tido aquelas conversas e questionamentos com meu professor do col\u00e9gio?\u201d\u202f&nbsp;<\/p>\n<cite>Gabriel dias francozo<\/cite><\/blockquote>\n\n\n\n<h3 class=\"wp-block-heading\"><strong>Stanford University e a S\u00e3o Camilo<\/strong>&nbsp;<\/h3>\n\n\n\n<p>Ao t\u00e9rmino da gradua\u00e7\u00e3o, Gabriel recebeu uma incr\u00edvel not\u00edcia: \u201cHavia sido aprovado como aluno visitante na Universidade de Stanford, nos Estados Unidos, onde estudaria por alguns meses ci\u00eancia de dados, biotecnologia e oncologia. No ber\u00e7o do Vale do Sil\u00edcio e em uma das melhores universidades do mundo, pioneira em hist\u00f3ricos avan\u00e7os cient\u00edficos e formadora de diversos ganhadores de pr\u00eamios Nobel, aprofundei conhecimentos e tive a experi\u00eancia mais transformadora de minha vida.\u201d No fim de sua passagem pela Calif\u00f3rnia, com um projeto eleito o de maior destaque na turma, o Biom\u00e9dico voltaria ao Brasil com uma ideia&#8230;&nbsp;<\/p>\n\n\n\n<h3 class=\"wp-block-heading\"><strong>Da sala de aula para a Coordena\u00e7\u00e3o de Pesquisa do CUSC<\/strong>&nbsp;<\/h3>\n\n\n\n<blockquote class=\"wp-block-quote is-layout-flow wp-block-quote-is-layout-flow\">\n<p>\u201cRetornei ao Brasil decidido a explorar o outro lado da moeda: voltaria \u00e0 pesquisa, mas desta vez, focaria na gest\u00e3o e inova\u00e7\u00e3o. Destaquei os benef\u00edcios, mas reconhe\u00e7o, tamb\u00e9m, os obst\u00e1culos que podem acompanhar quem trabalha com pesquisa e vejo, na gest\u00e3o, uma forma de tentar resolver estes desafios\u201d.&nbsp;<\/p>\n<cite>Gabriel Dias Francozo<\/cite><\/blockquote>\n\n\n\n<p>De volta ao Centro Universit\u00e1rio S\u00e3o Camilo, Gabriel trabalha como Analista de Pesquisa na Coordena\u00e7\u00e3o de Pesquisa e est\u00e1 finalizando uma especializa\u00e7\u00e3o em Excel\u00eancia Operacional na \u00c1rea da Sa\u00fade (Lean Six Sigma) &#8211; \u201cEstar de volta e retribuir as coisas boas que vivi no CUSC tem sido uma experi\u00eancia muito prazerosa. Hoje acompanho dezenas de projetos de discentes e docentes que buscam transformar a ci\u00eancia positivamente.\u201d&nbsp;&nbsp;<\/p>\n\n\n\n<p>O Biom\u00e9dico destaca alguns dos progressos do setor: \u201cEm 2023, conclu\u00edmos 40 projetos e este ano, j\u00e1 temos outros 57 em andamento, com mais de 120 discentes envolvidos. Ainda este ano, inauguramos uma nova modalidade de Inicia\u00e7\u00e3o Cient\u00edfica onde discentes podem, junto a suas ligas acad\u00eamicas, investigar um tema de seu interesse ainda n\u00e3o pesquisado na institui\u00e7\u00e3o.\u201d&nbsp;<\/p>\n\n\n\n<h3 class=\"wp-block-heading\"><strong>Qual a import\u00e2ncia de uma Institui\u00e7\u00e3o de Ensino Superior (IES) fomentar a pesquisa entre os seus estudantes?<\/strong>&nbsp;<\/h3>\n\n\n\n<p>\u201cA pesquisa \u00e9 um grande impulsionador do processo de ensino-aprendizagem. O fomento por parte de IES representa uma pe\u00e7a fundamental para a forma\u00e7\u00e3o de pessoas e profissionais de destaque.\u201d <\/p>\n\n\n\n<p>-Em complemento, Gabriel refor\u00e7a o papel dos setores de Pesquisa da institui\u00e7\u00e3o: \u201cA inova\u00e7\u00e3o e cria\u00e7\u00e3o de valor tem guiado as decis\u00f5es do setor e ferramentas de melhoria cont\u00ednua tem se mostrado eficientes enriquecedores de nosso planejamento estrat\u00e9gico. Novos planos est\u00e3o por vir e seguiremos nos esfor\u00e7ando para que a pesquisa cient\u00edfica continue a ser cada vez mais implementada e reconhecida, para que a experi\u00eancia na ci\u00eancia seja a melhor poss\u00edvel e para que cada vez mais, possamos nos beneficiar dos frutos de seus resultados\u201d.&nbsp;<\/p>\n\n\n\n<h3 class=\"wp-block-heading\"><strong>Dia Nacional da Ci\u00eancia e do Pesquisador Cient\u00edfico<\/strong>&nbsp;<\/h3>\n\n\n\n<blockquote class=\"wp-block-quote is-layout-flow wp-block-quote-is-layout-flow\">\n<p>Neste Dia Nacional da Ci\u00eancia e do Pesquisador Cient\u00edfico, reitero a import\u00e2ncia e o potencial transformador da \u00e1rea. Reconhe\u00e7o \u00e0queles que lutam diariamente pela busca por solu\u00e7\u00f5es, muitas vezes, em cen\u00e1rios complexos, e expresso minha gratid\u00e3o a todos \u00e0queles que atuam na \u00e1rea ou a permitem crescer. Juntos fazemos a diferen\u00e7a!\u201d.&nbsp;<\/p>\n<cite>Gabriel Dias Francozo<\/cite><\/blockquote>\n\n\n\n<p>Leia mais:<\/p>\n\n\n\n<ul class=\"wp-block-list\">\n<li><a href=\"https:\/\/blog.saocamilo-sp.br\/index.php\/2024\/05\/24\/centro-universitario-sao-camilo-conquista-o-selo-ies-amiga-da-iniciacao-cientifica-do-semesp\/\" target=\"_blank\" rel=\"noreferrer noopener\">Centro Universit\u00e1rio S\u00e3o Camilo conquista o selo &#8220;IES Amiga da Inicia\u00e7\u00e3o Cient\u00edfica&#8221; do SEMESP<\/a><\/li>\n\n\n\n<li><a href=\"https:\/\/blog.saocamilo-sp.br\/index.php\/2024\/04\/12\/sao-camilo\/\" target=\"_blank\" rel=\"noreferrer noopener\">Camilianos iniciam jornada de estudos e pr\u00e1ticas na Espanha<\/a><\/li>\n\n\n\n<li><a href=\"https:\/\/blog.saocamilo-sp.br\/index.php\/2024\/05\/22\/alimentar\/\">Programa Educa\u00e7\u00e3o Alimentar \u2013 Integrando Ci\u00eancia, Escola e Sa\u00fade<\/a><\/li>\n<\/ul>\n\n\n\n<iframe loading=\"lazy\" src=\"https:\/\/saocamilo.apprbs.com.br\/tenho-interesse-blog\" height=\"530px\" width=\"100%\" frameborder=\"0\"><\/iframe>\n","protected":false},"excerpt":{"rendered":"<p>Nosso Analista de Pesquisa e egresso de Biomedicina, Gabriel Dias Fran\u00e7ozo, fala obre a import\u00e2ncia da pesquisa cient\u00edfica e sua trajet\u00f3ria pela \u00e1rea.\u00a0<\/p>\n","protected":false},"author":4,"featured_media":2711,"comment_status":"open","ping_status":"open","sticky":false,"template":"","format":"standard","meta":{"cybocfi_hide_featured_image":"","footnotes":""},"categories":[91],"tags":[],"class_list":["post-2691","post","type-post","status-publish","format-standard","has-post-thumbnail","hentry","category-institucional"],"yoast_head":"<!-- This site is optimized with the Yoast SEO plugin v27.5 - https:\/\/yoast.com\/product\/yoast-seo-wordpress\/ -->\n<title>Dia Nacional da Ci\u00eancia e do Pesquisador Cient\u00edfico - Membro da Coordena\u00e7\u00e3o de Pesquisa fala sobre a data\u00a0 - Blog S\u00e3o Camilo<\/title>\n<meta name=\"description\" content=\"Neste dia 8 de julho, \u00e9 comemorado o Dia Nacional da Ci\u00eancia e do Pesquisador Cient\u00edfico e, celebrando a data, convidamos nosso Analista...\" \/>\n<meta name=\"robots\" content=\"index, follow, max-snippet:-1, max-image-preview:large, max-video-preview:-1\" \/>\n<link rel=\"canonical\" href=\"https:\/\/blog.saocamilo-sp.br\/index.php\/2024\/07\/08\/membro-da-coordenacao-de-pesquisa-que-ja-foi-ao-mit-fala-sobre-o-dia-internacional-do-pesquisador-cientifico\/\" \/>\n<meta property=\"og:locale\" content=\"pt_BR\" \/>\n<meta property=\"og:type\" content=\"article\" \/>\n<meta property=\"og:title\" content=\"Dia Nacional da Ci\u00eancia e do Pesquisador Cient\u00edfico - Membro da Coordena\u00e7\u00e3o de Pesquisa fala sobre a data\u00a0 - Blog S\u00e3o Camilo\" \/>\n<meta property=\"og:description\" content=\"Neste dia 8 de julho, \u00e9 comemorado o Dia Nacional da Ci\u00eancia e do Pesquisador Cient\u00edfico e, celebrando a data, convidamos nosso Analista...\" \/>\n<meta property=\"og:url\" content=\"https:\/\/blog.saocamilo-sp.br\/index.php\/2024\/07\/08\/membro-da-coordenacao-de-pesquisa-que-ja-foi-ao-mit-fala-sobre-o-dia-internacional-do-pesquisador-cientifico\/\" \/>\n<meta property=\"og:site_name\" content=\"Blog S\u00e3o Camilo\" \/>\n<meta property=\"article:publisher\" content=\"https:\/\/www.facebook.com\/saocamilosp\" \/>\n<meta property=\"article:published_time\" content=\"2024-07-08T12:00:00+00:00\" \/>\n<meta property=\"article:modified_time\" content=\"2024-07-19T17:27:29+00:00\" \/>\n<meta property=\"og:image\" content=\"https:\/\/blog.saocamilo-sp.br\/wp-content\/uploads\/2024\/07\/Blog-Pesquisador-Cientifico-_Topo-Blog.jpg\" \/>\n\t<meta property=\"og:image:width\" content=\"1600\" \/>\n\t<meta property=\"og:image:height\" content=\"1079\" \/>\n\t<meta property=\"og:image:type\" content=\"image\/jpeg\" \/>\n<meta name=\"author\" content=\"Lucas Soares Gon\u00e7alves\" \/>\n<meta name=\"twitter:card\" content=\"summary_large_image\" \/>\n<meta name=\"twitter:creator\" content=\"@saocamilosp\" \/>\n<meta name=\"twitter:site\" content=\"@saocamilosp\" \/>\n<meta name=\"twitter:label1\" content=\"Escrito por\" \/>\n\t<meta name=\"twitter:data1\" content=\"Lucas Soares Gon\u00e7alves\" \/>\n\t<meta name=\"twitter:label2\" content=\"Est. tempo de leitura\" \/>\n\t<meta name=\"twitter:data2\" content=\"4 minutos\" \/>\n<script type=\"application\/ld+json\" class=\"yoast-schema-graph\">{\"@context\":\"https:\\\/\\\/schema.org\",\"@graph\":[{\"@type\":\"Article\",\"@id\":\"https:\\\/\\\/blog.saocamilo-sp.br\\\/index.php\\\/2024\\\/07\\\/08\\\/membro-da-coordenacao-de-pesquisa-que-ja-foi-ao-mit-fala-sobre-o-dia-internacional-do-pesquisador-cientifico\\\/#article\",\"isPartOf\":{\"@id\":\"https:\\\/\\\/blog.saocamilo-sp.br\\\/index.php\\\/2024\\\/07\\\/08\\\/membro-da-coordenacao-de-pesquisa-que-ja-foi-ao-mit-fala-sobre-o-dia-internacional-do-pesquisador-cientifico\\\/\"},\"author\":{\"name\":\"Lucas Soares Gon\u00e7alves\",\"@id\":\"https:\\\/\\\/blog.saocamilo-sp.br\\\/#\\\/schema\\\/person\\\/781135418152912d4b58f2db13a2eaf0\"},\"headline\":\"Dia Nacional da Ci\u00eancia e do Pesquisador Cient\u00edfico &#8211; Membro da Coordena\u00e7\u00e3o de Pesquisa fala sobre a data\u00a0\",\"datePublished\":\"2024-07-08T12:00:00+00:00\",\"dateModified\":\"2024-07-19T17:27:29+00:00\",\"mainEntityOfPage\":{\"@id\":\"https:\\\/\\\/blog.saocamilo-sp.br\\\/index.php\\\/2024\\\/07\\\/08\\\/membro-da-coordenacao-de-pesquisa-que-ja-foi-ao-mit-fala-sobre-o-dia-internacional-do-pesquisador-cientifico\\\/\"},\"wordCount\":1143,\"commentCount\":0,\"publisher\":{\"@id\":\"https:\\\/\\\/blog.saocamilo-sp.br\\\/#organization\"},\"image\":{\"@id\":\"https:\\\/\\\/blog.saocamilo-sp.br\\\/index.php\\\/2024\\\/07\\\/08\\\/membro-da-coordenacao-de-pesquisa-que-ja-foi-ao-mit-fala-sobre-o-dia-internacional-do-pesquisador-cientifico\\\/#primaryimage\"},\"thumbnailUrl\":\"https:\\\/\\\/blog.saocamilo-sp.br\\\/wp-content\\\/uploads\\\/2024\\\/07\\\/Blog-Pesquisador-Cientifico-_Topo-Blog.jpg\",\"articleSection\":[\"Institucional\"],\"inLanguage\":\"pt-BR\",\"potentialAction\":[{\"@type\":\"CommentAction\",\"name\":\"Comment\",\"target\":[\"https:\\\/\\\/blog.saocamilo-sp.br\\\/index.php\\\/2024\\\/07\\\/08\\\/membro-da-coordenacao-de-pesquisa-que-ja-foi-ao-mit-fala-sobre-o-dia-internacional-do-pesquisador-cientifico\\\/#respond\"]}]},{\"@type\":\"WebPage\",\"@id\":\"https:\\\/\\\/blog.saocamilo-sp.br\\\/index.php\\\/2024\\\/07\\\/08\\\/membro-da-coordenacao-de-pesquisa-que-ja-foi-ao-mit-fala-sobre-o-dia-internacional-do-pesquisador-cientifico\\\/\",\"url\":\"https:\\\/\\\/blog.saocamilo-sp.br\\\/index.php\\\/2024\\\/07\\\/08\\\/membro-da-coordenacao-de-pesquisa-que-ja-foi-ao-mit-fala-sobre-o-dia-internacional-do-pesquisador-cientifico\\\/\",\"name\":\"Dia Nacional da Ci\u00eancia e do Pesquisador Cient\u00edfico - Membro da Coordena\u00e7\u00e3o de Pesquisa fala sobre a data\u00a0 - Blog S\u00e3o Camilo\",\"isPartOf\":{\"@id\":\"https:\\\/\\\/blog.saocamilo-sp.br\\\/#website\"},\"primaryImageOfPage\":{\"@id\":\"https:\\\/\\\/blog.saocamilo-sp.br\\\/index.php\\\/2024\\\/07\\\/08\\\/membro-da-coordenacao-de-pesquisa-que-ja-foi-ao-mit-fala-sobre-o-dia-internacional-do-pesquisador-cientifico\\\/#primaryimage\"},\"image\":{\"@id\":\"https:\\\/\\\/blog.saocamilo-sp.br\\\/index.php\\\/2024\\\/07\\\/08\\\/membro-da-coordenacao-de-pesquisa-que-ja-foi-ao-mit-fala-sobre-o-dia-internacional-do-pesquisador-cientifico\\\/#primaryimage\"},\"thumbnailUrl\":\"https:\\\/\\\/blog.saocamilo-sp.br\\\/wp-content\\\/uploads\\\/2024\\\/07\\\/Blog-Pesquisador-Cientifico-_Topo-Blog.jpg\",\"datePublished\":\"2024-07-08T12:00:00+00:00\",\"dateModified\":\"2024-07-19T17:27:29+00:00\",\"description\":\"Neste dia 8 de julho, \u00e9 comemorado o Dia Nacional da Ci\u00eancia e do Pesquisador Cient\u00edfico e, celebrando a data, convidamos nosso Analista...\",\"breadcrumb\":{\"@id\":\"https:\\\/\\\/blog.saocamilo-sp.br\\\/index.php\\\/2024\\\/07\\\/08\\\/membro-da-coordenacao-de-pesquisa-que-ja-foi-ao-mit-fala-sobre-o-dia-internacional-do-pesquisador-cientifico\\\/#breadcrumb\"},\"inLanguage\":\"pt-BR\",\"potentialAction\":[{\"@type\":\"ReadAction\",\"target\":[\"https:\\\/\\\/blog.saocamilo-sp.br\\\/index.php\\\/2024\\\/07\\\/08\\\/membro-da-coordenacao-de-pesquisa-que-ja-foi-ao-mit-fala-sobre-o-dia-internacional-do-pesquisador-cientifico\\\/\"]}]},{\"@type\":\"ImageObject\",\"inLanguage\":\"pt-BR\",\"@id\":\"https:\\\/\\\/blog.saocamilo-sp.br\\\/index.php\\\/2024\\\/07\\\/08\\\/membro-da-coordenacao-de-pesquisa-que-ja-foi-ao-mit-fala-sobre-o-dia-internacional-do-pesquisador-cientifico\\\/#primaryimage\",\"url\":\"https:\\\/\\\/blog.saocamilo-sp.br\\\/wp-content\\\/uploads\\\/2024\\\/07\\\/Blog-Pesquisador-Cientifico-_Topo-Blog.jpg\",\"contentUrl\":\"https:\\\/\\\/blog.saocamilo-sp.br\\\/wp-content\\\/uploads\\\/2024\\\/07\\\/Blog-Pesquisador-Cientifico-_Topo-Blog.jpg\",\"width\":1600,\"height\":1079},{\"@type\":\"BreadcrumbList\",\"@id\":\"https:\\\/\\\/blog.saocamilo-sp.br\\\/index.php\\\/2024\\\/07\\\/08\\\/membro-da-coordenacao-de-pesquisa-que-ja-foi-ao-mit-fala-sobre-o-dia-internacional-do-pesquisador-cientifico\\\/#breadcrumb\",\"itemListElement\":[{\"@type\":\"ListItem\",\"position\":1,\"name\":\"In\u00edcio\",\"item\":\"https:\\\/\\\/blog.saocamilo-sp.br\\\/\"},{\"@type\":\"ListItem\",\"position\":2,\"name\":\"Dia Nacional da Ci\u00eancia e do Pesquisador Cient\u00edfico &#8211; Membro da Coordena\u00e7\u00e3o de Pesquisa fala sobre a data\u00a0\"}]},{\"@type\":\"WebSite\",\"@id\":\"https:\\\/\\\/blog.saocamilo-sp.br\\\/#website\",\"url\":\"https:\\\/\\\/blog.saocamilo-sp.br\\\/\",\"name\":\"Blog S\u00e3o Camilo\",\"description\":\"Blog do Centro Universit\u00e1rio S\u00e3o Camilo\",\"publisher\":{\"@id\":\"https:\\\/\\\/blog.saocamilo-sp.br\\\/#organization\"},\"potentialAction\":[{\"@type\":\"SearchAction\",\"target\":{\"@type\":\"EntryPoint\",\"urlTemplate\":\"https:\\\/\\\/blog.saocamilo-sp.br\\\/?s={search_term_string}\"},\"query-input\":{\"@type\":\"PropertyValueSpecification\",\"valueRequired\":true,\"valueName\":\"search_term_string\"}}],\"inLanguage\":\"pt-BR\"},{\"@type\":\"Organization\",\"@id\":\"https:\\\/\\\/blog.saocamilo-sp.br\\\/#organization\",\"name\":\"Blog S\u00e3o Camilo\",\"url\":\"https:\\\/\\\/blog.saocamilo-sp.br\\\/\",\"logo\":{\"@type\":\"ImageObject\",\"inLanguage\":\"pt-BR\",\"@id\":\"https:\\\/\\\/blog.saocamilo-sp.br\\\/#\\\/schema\\\/logo\\\/image\\\/\",\"url\":\"https:\\\/\\\/blog.saocamilo-sp.br\\\/wp-content\\\/uploads\\\/2021\\\/12\\\/cropped-vazio-logo-topo.png\",\"contentUrl\":\"https:\\\/\\\/blog.saocamilo-sp.br\\\/wp-content\\\/uploads\\\/2021\\\/12\\\/cropped-vazio-logo-topo.png\",\"width\":320,\"height\":240,\"caption\":\"Blog S\u00e3o Camilo\"},\"image\":{\"@id\":\"https:\\\/\\\/blog.saocamilo-sp.br\\\/#\\\/schema\\\/logo\\\/image\\\/\"},\"sameAs\":[\"https:\\\/\\\/www.facebook.com\\\/saocamilosp\",\"https:\\\/\\\/x.com\\\/saocamilosp\",\"https:\\\/\\\/www.linkedin.com\\\/school\\\/centro-universit-rio-s-o-camilo\\\/\"]},{\"@type\":\"Person\",\"@id\":\"https:\\\/\\\/blog.saocamilo-sp.br\\\/#\\\/schema\\\/person\\\/781135418152912d4b58f2db13a2eaf0\",\"name\":\"Lucas Soares Gon\u00e7alves\",\"image\":{\"@type\":\"ImageObject\",\"inLanguage\":\"pt-BR\",\"@id\":\"https:\\\/\\\/secure.gravatar.com\\\/avatar\\\/bcd2d703cbb48116eaac2cac8643792535238ff30b2d7ce9e16f9254ec9cae83?s=96&d=mm&r=g\",\"url\":\"https:\\\/\\\/secure.gravatar.com\\\/avatar\\\/bcd2d703cbb48116eaac2cac8643792535238ff30b2d7ce9e16f9254ec9cae83?s=96&d=mm&r=g\",\"contentUrl\":\"https:\\\/\\\/secure.gravatar.com\\\/avatar\\\/bcd2d703cbb48116eaac2cac8643792535238ff30b2d7ce9e16f9254ec9cae83?s=96&d=mm&r=g\",\"caption\":\"Lucas Soares Gon\u00e7alves\"},\"url\":\"https:\\\/\\\/blog.saocamilo-sp.br\\\/index.php\\\/author\\\/lucas-soares-goncalves\\\/\"}]}<\/script>\n<!-- \/ Yoast SEO plugin. -->","yoast_head_json":{"title":"Dia Nacional da Ci\u00eancia e do Pesquisador Cient\u00edfico - Membro da Coordena\u00e7\u00e3o de Pesquisa fala sobre a data\u00a0 - Blog S\u00e3o Camilo","description":"Neste dia 8 de julho, \u00e9 comemorado o Dia Nacional da Ci\u00eancia e do Pesquisador Cient\u00edfico e, celebrando a data, convidamos nosso Analista...","robots":{"index":"index","follow":"follow","max-snippet":"max-snippet:-1","max-image-preview":"max-image-preview:large","max-video-preview":"max-video-preview:-1"},"canonical":"https:\/\/blog.saocamilo-sp.br\/index.php\/2024\/07\/08\/membro-da-coordenacao-de-pesquisa-que-ja-foi-ao-mit-fala-sobre-o-dia-internacional-do-pesquisador-cientifico\/","og_locale":"pt_BR","og_type":"article","og_title":"Dia Nacional da Ci\u00eancia e do Pesquisador Cient\u00edfico - Membro da Coordena\u00e7\u00e3o de Pesquisa fala sobre a data\u00a0 - Blog S\u00e3o Camilo","og_description":"Neste dia 8 de julho, \u00e9 comemorado o Dia Nacional da Ci\u00eancia e do Pesquisador Cient\u00edfico e, celebrando a data, convidamos nosso Analista...","og_url":"https:\/\/blog.saocamilo-sp.br\/index.php\/2024\/07\/08\/membro-da-coordenacao-de-pesquisa-que-ja-foi-ao-mit-fala-sobre-o-dia-internacional-do-pesquisador-cientifico\/","og_site_name":"Blog S\u00e3o Camilo","article_publisher":"https:\/\/www.facebook.com\/saocamilosp","article_published_time":"2024-07-08T12:00:00+00:00","article_modified_time":"2024-07-19T17:27:29+00:00","og_image":[{"width":1600,"height":1079,"url":"https:\/\/blog.saocamilo-sp.br\/wp-content\/uploads\/2024\/07\/Blog-Pesquisador-Cientifico-_Topo-Blog.jpg","type":"image\/jpeg"}],"author":"Lucas Soares Gon\u00e7alves","twitter_card":"summary_large_image","twitter_creator":"@saocamilosp","twitter_site":"@saocamilosp","twitter_misc":{"Escrito por":"Lucas Soares Gon\u00e7alves","Est. tempo de leitura":"4 minutos"},"schema":{"@context":"https:\/\/schema.org","@graph":[{"@type":"Article","@id":"https:\/\/blog.saocamilo-sp.br\/index.php\/2024\/07\/08\/membro-da-coordenacao-de-pesquisa-que-ja-foi-ao-mit-fala-sobre-o-dia-internacional-do-pesquisador-cientifico\/#article","isPartOf":{"@id":"https:\/\/blog.saocamilo-sp.br\/index.php\/2024\/07\/08\/membro-da-coordenacao-de-pesquisa-que-ja-foi-ao-mit-fala-sobre-o-dia-internacional-do-pesquisador-cientifico\/"},"author":{"name":"Lucas Soares Gon\u00e7alves","@id":"https:\/\/blog.saocamilo-sp.br\/#\/schema\/person\/781135418152912d4b58f2db13a2eaf0"},"headline":"Dia Nacional da Ci\u00eancia e do Pesquisador Cient\u00edfico &#8211; Membro da Coordena\u00e7\u00e3o de Pesquisa fala sobre a data\u00a0","datePublished":"2024-07-08T12:00:00+00:00","dateModified":"2024-07-19T17:27:29+00:00","mainEntityOfPage":{"@id":"https:\/\/blog.saocamilo-sp.br\/index.php\/2024\/07\/08\/membro-da-coordenacao-de-pesquisa-que-ja-foi-ao-mit-fala-sobre-o-dia-internacional-do-pesquisador-cientifico\/"},"wordCount":1143,"commentCount":0,"publisher":{"@id":"https:\/\/blog.saocamilo-sp.br\/#organization"},"image":{"@id":"https:\/\/blog.saocamilo-sp.br\/index.php\/2024\/07\/08\/membro-da-coordenacao-de-pesquisa-que-ja-foi-ao-mit-fala-sobre-o-dia-internacional-do-pesquisador-cientifico\/#primaryimage"},"thumbnailUrl":"https:\/\/blog.saocamilo-sp.br\/wp-content\/uploads\/2024\/07\/Blog-Pesquisador-Cientifico-_Topo-Blog.jpg","articleSection":["Institucional"],"inLanguage":"pt-BR","potentialAction":[{"@type":"CommentAction","name":"Comment","target":["https:\/\/blog.saocamilo-sp.br\/index.php\/2024\/07\/08\/membro-da-coordenacao-de-pesquisa-que-ja-foi-ao-mit-fala-sobre-o-dia-internacional-do-pesquisador-cientifico\/#respond"]}]},{"@type":"WebPage","@id":"https:\/\/blog.saocamilo-sp.br\/index.php\/2024\/07\/08\/membro-da-coordenacao-de-pesquisa-que-ja-foi-ao-mit-fala-sobre-o-dia-internacional-do-pesquisador-cientifico\/","url":"https:\/\/blog.saocamilo-sp.br\/index.php\/2024\/07\/08\/membro-da-coordenacao-de-pesquisa-que-ja-foi-ao-mit-fala-sobre-o-dia-internacional-do-pesquisador-cientifico\/","name":"Dia Nacional da Ci\u00eancia e do Pesquisador Cient\u00edfico - Membro da Coordena\u00e7\u00e3o de Pesquisa fala sobre a data\u00a0 - Blog S\u00e3o Camilo","isPartOf":{"@id":"https:\/\/blog.saocamilo-sp.br\/#website"},"primaryImageOfPage":{"@id":"https:\/\/blog.saocamilo-sp.br\/index.php\/2024\/07\/08\/membro-da-coordenacao-de-pesquisa-que-ja-foi-ao-mit-fala-sobre-o-dia-internacional-do-pesquisador-cientifico\/#primaryimage"},"image":{"@id":"https:\/\/blog.saocamilo-sp.br\/index.php\/2024\/07\/08\/membro-da-coordenacao-de-pesquisa-que-ja-foi-ao-mit-fala-sobre-o-dia-internacional-do-pesquisador-cientifico\/#primaryimage"},"thumbnailUrl":"https:\/\/blog.saocamilo-sp.br\/wp-content\/uploads\/2024\/07\/Blog-Pesquisador-Cientifico-_Topo-Blog.jpg","datePublished":"2024-07-08T12:00:00+00:00","dateModified":"2024-07-19T17:27:29+00:00","description":"Neste dia 8 de julho, \u00e9 comemorado o Dia Nacional da Ci\u00eancia e do Pesquisador Cient\u00edfico e, celebrando a data, convidamos nosso Analista...","breadcrumb":{"@id":"https:\/\/blog.saocamilo-sp.br\/index.php\/2024\/07\/08\/membro-da-coordenacao-de-pesquisa-que-ja-foi-ao-mit-fala-sobre-o-dia-internacional-do-pesquisador-cientifico\/#breadcrumb"},"inLanguage":"pt-BR","potentialAction":[{"@type":"ReadAction","target":["https:\/\/blog.saocamilo-sp.br\/index.php\/2024\/07\/08\/membro-da-coordenacao-de-pesquisa-que-ja-foi-ao-mit-fala-sobre-o-dia-internacional-do-pesquisador-cientifico\/"]}]},{"@type":"ImageObject","inLanguage":"pt-BR","@id":"https:\/\/blog.saocamilo-sp.br\/index.php\/2024\/07\/08\/membro-da-coordenacao-de-pesquisa-que-ja-foi-ao-mit-fala-sobre-o-dia-internacional-do-pesquisador-cientifico\/#primaryimage","url":"https:\/\/blog.saocamilo-sp.br\/wp-content\/uploads\/2024\/07\/Blog-Pesquisador-Cientifico-_Topo-Blog.jpg","contentUrl":"https:\/\/blog.saocamilo-sp.br\/wp-content\/uploads\/2024\/07\/Blog-Pesquisador-Cientifico-_Topo-Blog.jpg","width":1600,"height":1079},{"@type":"BreadcrumbList","@id":"https:\/\/blog.saocamilo-sp.br\/index.php\/2024\/07\/08\/membro-da-coordenacao-de-pesquisa-que-ja-foi-ao-mit-fala-sobre-o-dia-internacional-do-pesquisador-cientifico\/#breadcrumb","itemListElement":[{"@type":"ListItem","position":1,"name":"In\u00edcio","item":"https:\/\/blog.saocamilo-sp.br\/"},{"@type":"ListItem","position":2,"name":"Dia Nacional da Ci\u00eancia e do Pesquisador Cient\u00edfico &#8211; Membro da Coordena\u00e7\u00e3o de Pesquisa fala sobre a data\u00a0"}]},{"@type":"WebSite","@id":"https:\/\/blog.saocamilo-sp.br\/#website","url":"https:\/\/blog.saocamilo-sp.br\/","name":"Blog S\u00e3o Camilo","description":"Blog do Centro Universit\u00e1rio S\u00e3o Camilo","publisher":{"@id":"https:\/\/blog.saocamilo-sp.br\/#organization"},"potentialAction":[{"@type":"SearchAction","target":{"@type":"EntryPoint","urlTemplate":"https:\/\/blog.saocamilo-sp.br\/?s={search_term_string}"},"query-input":{"@type":"PropertyValueSpecification","valueRequired":true,"valueName":"search_term_string"}}],"inLanguage":"pt-BR"},{"@type":"Organization","@id":"https:\/\/blog.saocamilo-sp.br\/#organization","name":"Blog S\u00e3o Camilo","url":"https:\/\/blog.saocamilo-sp.br\/","logo":{"@type":"ImageObject","inLanguage":"pt-BR","@id":"https:\/\/blog.saocamilo-sp.br\/#\/schema\/logo\/image\/","url":"https:\/\/blog.saocamilo-sp.br\/wp-content\/uploads\/2021\/12\/cropped-vazio-logo-topo.png","contentUrl":"https:\/\/blog.saocamilo-sp.br\/wp-content\/uploads\/2021\/12\/cropped-vazio-logo-topo.png","width":320,"height":240,"caption":"Blog S\u00e3o Camilo"},"image":{"@id":"https:\/\/blog.saocamilo-sp.br\/#\/schema\/logo\/image\/"},"sameAs":["https:\/\/www.facebook.com\/saocamilosp","https:\/\/x.com\/saocamilosp","https:\/\/www.linkedin.com\/school\/centro-universit-rio-s-o-camilo\/"]},{"@type":"Person","@id":"https:\/\/blog.saocamilo-sp.br\/#\/schema\/person\/781135418152912d4b58f2db13a2eaf0","name":"Lucas Soares Gon\u00e7alves","image":{"@type":"ImageObject","inLanguage":"pt-BR","@id":"https:\/\/secure.gravatar.com\/avatar\/bcd2d703cbb48116eaac2cac8643792535238ff30b2d7ce9e16f9254ec9cae83?s=96&d=mm&r=g","url":"https:\/\/secure.gravatar.com\/avatar\/bcd2d703cbb48116eaac2cac8643792535238ff30b2d7ce9e16f9254ec9cae83?s=96&d=mm&r=g","contentUrl":"https:\/\/secure.gravatar.com\/avatar\/bcd2d703cbb48116eaac2cac8643792535238ff30b2d7ce9e16f9254ec9cae83?s=96&d=mm&r=g","caption":"Lucas Soares Gon\u00e7alves"},"url":"https:\/\/blog.saocamilo-sp.br\/index.php\/author\/lucas-soares-goncalves\/"}]}},"_links":{"self":[{"href":"https:\/\/blog.saocamilo-sp.br\/index.php\/wp-json\/wp\/v2\/posts\/2691","targetHints":{"allow":["GET"]}}],"collection":[{"href":"https:\/\/blog.saocamilo-sp.br\/index.php\/wp-json\/wp\/v2\/posts"}],"about":[{"href":"https:\/\/blog.saocamilo-sp.br\/index.php\/wp-json\/wp\/v2\/types\/post"}],"author":[{"embeddable":true,"href":"https:\/\/blog.saocamilo-sp.br\/index.php\/wp-json\/wp\/v2\/users\/4"}],"replies":[{"embeddable":true,"href":"https:\/\/blog.saocamilo-sp.br\/index.php\/wp-json\/wp\/v2\/comments?post=2691"}],"version-history":[{"count":12,"href":"https:\/\/blog.saocamilo-sp.br\/index.php\/wp-json\/wp\/v2\/posts\/2691\/revisions"}],"predecessor-version":[{"id":2775,"href":"https:\/\/blog.saocamilo-sp.br\/index.php\/wp-json\/wp\/v2\/posts\/2691\/revisions\/2775"}],"wp:featuredmedia":[{"embeddable":true,"href":"https:\/\/blog.saocamilo-sp.br\/index.php\/wp-json\/wp\/v2\/media\/2711"}],"wp:attachment":[{"href":"https:\/\/blog.saocamilo-sp.br\/index.php\/wp-json\/wp\/v2\/media?parent=2691"}],"wp:term":[{"taxonomy":"category","embeddable":true,"href":"https:\/\/blog.saocamilo-sp.br\/index.php\/wp-json\/wp\/v2\/categories?post=2691"},{"taxonomy":"post_tag","embeddable":true,"href":"https:\/\/blog.saocamilo-sp.br\/index.php\/wp-json\/wp\/v2\/tags?post=2691"}],"curies":[{"name":"wp","href":"https:\/\/api.w.org\/{rel}","templated":true}]}}