{"id":2699,"date":"2024-08-22T09:37:21","date_gmt":"2024-08-22T12:37:21","guid":{"rendered":"https:\/\/blog.saocamilo-sp.br\/?p=2699"},"modified":"2024-08-22T09:37:22","modified_gmt":"2024-08-22T12:37:22","slug":"adolescencia","status":"publish","type":"post","link":"https:\/\/blog.saocamilo-sp.br\/index.php\/2024\/08\/22\/adolescencia\/","title":{"rendered":"Adolescentes e emo\u00e7\u00f5es: como entender os sentimentos pode ajudar no relacionamento entre pais e filhos"},"content":{"rendered":"\n<p>A t\u00e3o esperada sequ\u00eancia da anima\u00e7\u00e3o da Pixar, <strong>Divertida Mente II<\/strong>, que chegou \u00e0s telonas no dia 20 de junho e nos trouxe uma bilheteria de impressionante de <strong>US$ 1,25 bilh\u00e3o (aproximadamente R$ 6,76 bilh\u00f5es) em bilheterias globais<\/strong>,o filme traz uma hist\u00f3ria comovente e repleta de ensinamentos sobre a <strong>adolesc\u00eancia<\/strong>. Atrav\u00e9s da jornada de Riley, agora aos 11 anos, acompanhamos as complexas transforma\u00e7\u00f5es que marcam essa fase da vida, tanto para os adolescentes quanto para seus pais.<\/p>\n\n\n\n<h3 class=\"wp-block-heading\"><strong>Emo\u00e7\u00f5es em Ebuli\u00e7\u00e3o: A Descoberta de Novas Fronteiras<\/strong><\/h3>\n\n\n\n<p>No filme, Riley precisa lidar com a explos\u00e3o de novas emo\u00e7\u00f5es de adolescentes, como a incerteza e a cr\u00edtica interna, representadas por personagens in\u00e9ditos. Essa explos\u00e3o \u00e9 reflexo das mudan\u00e7as f\u00edsicas e psicol\u00f3gicas que acometem os adolescentes, que se deparam com desafios como a busca por identidade, a press\u00e3o social e a constru\u00e7\u00e3o de relacionamentos.<\/p>\n\n\n\n<h3 class=\"wp-block-heading\"><strong>Transi\u00e7\u00e3o Turbulenta: Entre a Inf\u00e2ncia e a <\/strong>adolesc\u00eancia<\/h3>\n\n\n\n<p>A adolesc\u00eancia \u00e9 um per\u00edodo de intensas transforma\u00e7\u00f5es, tanto no corpo quanto na mente. As altera\u00e7\u00f5es hormonais, como o in\u00edcio da puberdade, mexem com a autoimagem e com o papel do jovem na sociedade. Lydiane Fabretti, professora de <a href=\"https:\/\/saocamilo-sp.br\/graduacao\/presencial\/psicologia?utm_source=google_search&amp;utm_medium=cpc&amp;utm_campaign=presencial_psicologia&amp;utm_content=rsa1_202406_2&amp;rb_camp=21366551994&amp;rb_grp=162803116065&amp;rb_ad=702025524606&amp;rb_kw=kwd-101899373&amp;rb_pfm=google&amp;rb_acc=6610736112&amp;rb_typeTracking=1&amp;gad_source=1&amp;gclid=Cj0KCQjwh7K1BhCZARIsAKOrVqE4VPGC4532uvYt7zRVKdQSj2S2m5Amjd3-RU4MhuW-xPa-A1AqllwaAt2SEALw_wcB\" target=\"_blank\" rel=\"noreferrer noopener\">Psicologia<\/a> do <a href=\"https:\/\/saocamilo-sp.br\/\" target=\"_blank\" rel=\"noreferrer noopener\">Centro Universit\u00e1rio S\u00e3o Camilo<\/a>, explica que essa fase \u00e9 marcada por perdas e ganhos, como a perda da inf\u00e2ncia e a conquista da autonomia.<\/p>\n\n\n\n<h3 class=\"wp-block-heading\"><strong>Rituais e Tradi\u00e7\u00f5es: Guiando a Jornada Adolescente<\/strong><\/h3>\n\n\n\n<p>Segundo Fabretti, diversas culturas possuem <strong>pr\u00e1ticas rituais<\/strong> que servem como <strong>guias<\/strong> para os jovens durante a <strong>adolesc\u00eancia<\/strong>. Essas pr\u00e1ticas, como o bar mitzv\u00e1 na cultura judaica e os rituais de ca\u00e7a em algumas tribos ind\u00edgenas, fornecem <strong>suporte emocional<\/strong> e ajudam a <strong>organizar as emo\u00e7\u00f5es<\/strong>, preparando os jovens para os desafios da vida adulta.<\/p>\n\n\n\n<h3 class=\"wp-block-heading\"><strong>Fam\u00edlia em Transforma\u00e7\u00e3o: Pais e Filhos em Busca de Equil\u00edbrio<\/strong><\/h3>\n\n\n\n<p>A <strong>adolesc\u00eancia<\/strong> tamb\u00e9m \u00e9 um per\u00edodo de <strong>transforma\u00e7\u00e3o para os pais<\/strong>, que precisam se adaptar \u00e0 nova realidade de seus filhos. Lidar com a <strong>autonomia crescente<\/strong> e com as <strong>novas opini\u00f5es<\/strong> do adolescente pode ser um desafio, mas tamb\u00e9m uma oportunidade de fortalecer os la\u00e7os familiares.<\/p>\n\n\n\n<h3 class=\"wp-block-heading\"><strong>Dicas para Superar as Turbul\u00eancias: Di\u00e1logo, Empatia e Espa\u00e7o Seguro<\/strong><\/h3>\n\n\n\n<p>Fabretti oferece algumas dicas para que <strong>pais e filhos<\/strong> possam superar as <strong>turbul\u00eancias<\/strong> da <strong>adolesc\u00eancia<\/strong>:<\/p>\n\n\n\n<ul class=\"wp-block-list\">\n<li><strong>Desenvolva a intelig\u00eancia emocional:<\/strong> Incentive o di\u00e1logo, a express\u00e3o de sentimentos e a busca por apoio em pessoas de confian\u00e7a.<\/li>\n\n\n\n<li><strong>Estabele\u00e7a regras e limites claros:<\/strong> Crie um ambiente familiar acolhedor, mas que tamb\u00e9m ofere\u00e7a estrutura e seguran\u00e7a.<\/li>\n\n\n\n<li><strong>Pratique a escuta ativa:<\/strong> Demonstre interesse genu\u00edno pelas experi\u00eancias e sentimentos do seu filho.<\/li>\n\n\n\n<li><strong>Evite proje\u00e7\u00f5es:<\/strong> Permita que seu filho viva sua pr\u00f3pria jornada, sem press\u00f5es ou expectativas irreais.<\/li>\n\n\n\n<li><strong>Cuide de suas pr\u00f3prias emo\u00e7\u00f5es:<\/strong> Reconhe\u00e7a e gerencie seus sentimentos para poder oferecer apoio emocional ao seu filho de forma equilibrada.<\/li>\n<\/ul>\n\n\n\n<p>A <strong>adolesc\u00eancia<\/strong>, apesar dos desafios, \u00e9 uma fase de <strong>grande aprendizado<\/strong> para <strong>filhos e pais<\/strong>. Ao se apoiarem mutuamente, com <strong>di\u00e1logo, empatia e respeito<\/strong>, \u00e9 poss\u00edvel superar as dificuldades e construir uma rela\u00e7\u00e3o ainda mais forte e duradoura.<\/p>\n\n\n\n<p>Veja mais:<\/p>\n\n\n\n<ul class=\"wp-block-list\">\n<li><a href=\"https:\/\/blog.saocamilo-sp.br\/index.php\/2024\/04\/12\/docentes-da-sao-camilo-sao-selecionados-para-o-programa-de-global-summer-da-upaep\/\">Docentes Camilianos s\u00e3o selecionados para o Programa de Global Summer da UPAEP<\/a><\/li>\n\n\n\n<li><a href=\"https:\/\/blog.saocamilo-sp.br\/index.php\/2024\/02\/01\/oducal\/\">Pe. Jo\u00e3o Batista e Rayssa Rios s\u00e3o nomeados para a ODUCAL<\/a><\/li>\n\n\n\n<li><a href=\"https:\/\/blog.saocamilo-sp.br\/index.php\/2024\/04\/10\/parceria-entre-sao-camilo-e-onea-care-fomenta-oportunidades-profissionais-na-alemanha\/\">Parceri<\/a><a href=\"https:\/\/blog.saocamilo-sp.br\/index.php\/2024\/04\/10\/parceria-entre-sao-camilo-e-onea-care-fomenta-oportunidades-profissionais-na-alemanha\/\" target=\"_blank\" rel=\"noreferrer noopener\">a entre S\u00e3o Camilo e Onea Care&nbsp;fomenta oportunidades profissionais na Alemanha<\/a><\/li>\n<\/ul>\n\n\n\n<iframe loading=\"lazy\" src=\"https:\/\/saocamilo.apprbs.com.br\/tenho-interesse-blog\" height=\"530px\" width=\"100%\" frameborder=\"0\"><\/iframe>\n","protected":false},"excerpt":{"rendered":"<p>Com a sequ\u00eancia de divertidamente 2, acompanharemos a vida de Riley na adolesc\u00eancia e o desafio do relacionamento entre pais e filhos, onde a docente de psicologia ir\u00e1 nos falar mais sobre.<\/p>\n","protected":false},"author":4,"featured_media":2723,"comment_status":"open","ping_status":"open","sticky":false,"template":"","format":"standard","meta":{"cybocfi_hide_featured_image":"","footnotes":""},"categories":[1],"tags":[],"class_list":["post-2699","post","type-post","status-publish","format-standard","has-post-thumbnail","hentry","category-cursos"],"yoast_head":"<!-- This site is optimized with the Yoast SEO plugin v27.5 - https:\/\/yoast.com\/product\/yoast-seo-wordpress\/ -->\n<title>Adolescentes e emo\u00e7\u00f5es: como entender os sentimentos pode ajudar no relacionamento entre pais e filhos - Blog S\u00e3o Camilo<\/title>\n<meta name=\"description\" content=\"A t\u00e3o esperada sequ\u00eancia da anima\u00e7\u00e3o da Pixar, Divertida Mente II, que chegou \u00e0s telonas no dia 20 de junho, traz uma hist\u00f3ria comovente...\" \/>\n<meta name=\"robots\" content=\"index, follow, max-snippet:-1, max-image-preview:large, max-video-preview:-1\" \/>\n<link rel=\"canonical\" href=\"https:\/\/blog.saocamilo-sp.br\/index.php\/2024\/08\/22\/adolescencia\/\" \/>\n<meta property=\"og:locale\" content=\"pt_BR\" \/>\n<meta property=\"og:type\" content=\"article\" \/>\n<meta property=\"og:title\" content=\"Adolescentes e emo\u00e7\u00f5es: como entender os sentimentos pode ajudar no relacionamento entre pais e filhos - Blog S\u00e3o Camilo\" \/>\n<meta property=\"og:description\" content=\"A t\u00e3o esperada sequ\u00eancia da anima\u00e7\u00e3o da Pixar, Divertida Mente II, que chegou \u00e0s telonas no dia 20 de junho, traz uma hist\u00f3ria comovente...\" \/>\n<meta property=\"og:url\" content=\"https:\/\/blog.saocamilo-sp.br\/index.php\/2024\/08\/22\/adolescencia\/\" \/>\n<meta property=\"og:site_name\" content=\"Blog S\u00e3o Camilo\" \/>\n<meta property=\"article:publisher\" content=\"https:\/\/www.facebook.com\/saocamilosp\" \/>\n<meta property=\"article:published_time\" content=\"2024-08-22T12:37:21+00:00\" \/>\n<meta property=\"article:modified_time\" content=\"2024-08-22T12:37:22+00:00\" \/>\n<meta property=\"og:image\" content=\"https:\/\/blog.saocamilo-sp.br\/wp-content\/uploads\/2024\/07\/Design-sem-nome.gif\" \/>\n\t<meta property=\"og:image:width\" content=\"676\" \/>\n\t<meta property=\"og:image:height\" content=\"380\" \/>\n\t<meta property=\"og:image:type\" content=\"image\/gif\" \/>\n<meta name=\"author\" content=\"Lucas Soares Gon\u00e7alves\" \/>\n<meta name=\"twitter:card\" content=\"summary_large_image\" \/>\n<meta name=\"twitter:creator\" content=\"@saocamilosp\" \/>\n<meta name=\"twitter:site\" content=\"@saocamilosp\" \/>\n<meta name=\"twitter:label1\" content=\"Escrito por\" \/>\n\t<meta name=\"twitter:data1\" content=\"Lucas Soares Gon\u00e7alves\" \/>\n<script type=\"application\/ld+json\" class=\"yoast-schema-graph\">{\"@context\":\"https:\\\/\\\/schema.org\",\"@graph\":[{\"@type\":\"Article\",\"@id\":\"https:\\\/\\\/blog.saocamilo-sp.br\\\/index.php\\\/2024\\\/08\\\/22\\\/adolescencia\\\/#article\",\"isPartOf\":{\"@id\":\"https:\\\/\\\/blog.saocamilo-sp.br\\\/index.php\\\/2024\\\/08\\\/22\\\/adolescencia\\\/\"},\"author\":{\"name\":\"Lucas Soares Gon\u00e7alves\",\"@id\":\"https:\\\/\\\/blog.saocamilo-sp.br\\\/#\\\/schema\\\/person\\\/781135418152912d4b58f2db13a2eaf0\"},\"headline\":\"Adolescentes e emo\u00e7\u00f5es: como entender os sentimentos pode ajudar no relacionamento entre pais e filhos\",\"datePublished\":\"2024-08-22T12:37:21+00:00\",\"dateModified\":\"2024-08-22T12:37:22+00:00\",\"mainEntityOfPage\":{\"@id\":\"https:\\\/\\\/blog.saocamilo-sp.br\\\/index.php\\\/2024\\\/08\\\/22\\\/adolescencia\\\/\"},\"wordCount\":601,\"commentCount\":0,\"publisher\":{\"@id\":\"https:\\\/\\\/blog.saocamilo-sp.br\\\/#organization\"},\"image\":{\"@id\":\"https:\\\/\\\/blog.saocamilo-sp.br\\\/index.php\\\/2024\\\/08\\\/22\\\/adolescencia\\\/#primaryimage\"},\"thumbnailUrl\":\"https:\\\/\\\/blog.saocamilo-sp.br\\\/wp-content\\\/uploads\\\/2024\\\/07\\\/Design-sem-nome.gif\",\"articleSection\":[\"Cursos\"],\"inLanguage\":\"pt-BR\",\"potentialAction\":[{\"@type\":\"CommentAction\",\"name\":\"Comment\",\"target\":[\"https:\\\/\\\/blog.saocamilo-sp.br\\\/index.php\\\/2024\\\/08\\\/22\\\/adolescencia\\\/#respond\"]}]},{\"@type\":\"WebPage\",\"@id\":\"https:\\\/\\\/blog.saocamilo-sp.br\\\/index.php\\\/2024\\\/08\\\/22\\\/adolescencia\\\/\",\"url\":\"https:\\\/\\\/blog.saocamilo-sp.br\\\/index.php\\\/2024\\\/08\\\/22\\\/adolescencia\\\/\",\"name\":\"Adolescentes e emo\u00e7\u00f5es: como entender os sentimentos pode ajudar no relacionamento entre pais e filhos - Blog S\u00e3o Camilo\",\"isPartOf\":{\"@id\":\"https:\\\/\\\/blog.saocamilo-sp.br\\\/#website\"},\"primaryImageOfPage\":{\"@id\":\"https:\\\/\\\/blog.saocamilo-sp.br\\\/index.php\\\/2024\\\/08\\\/22\\\/adolescencia\\\/#primaryimage\"},\"image\":{\"@id\":\"https:\\\/\\\/blog.saocamilo-sp.br\\\/index.php\\\/2024\\\/08\\\/22\\\/adolescencia\\\/#primaryimage\"},\"thumbnailUrl\":\"https:\\\/\\\/blog.saocamilo-sp.br\\\/wp-content\\\/uploads\\\/2024\\\/07\\\/Design-sem-nome.gif\",\"datePublished\":\"2024-08-22T12:37:21+00:00\",\"dateModified\":\"2024-08-22T12:37:22+00:00\",\"description\":\"A t\u00e3o esperada sequ\u00eancia da anima\u00e7\u00e3o da Pixar, Divertida Mente II, que chegou \u00e0s telonas no dia 20 de junho, traz uma hist\u00f3ria comovente...\",\"breadcrumb\":{\"@id\":\"https:\\\/\\\/blog.saocamilo-sp.br\\\/index.php\\\/2024\\\/08\\\/22\\\/adolescencia\\\/#breadcrumb\"},\"inLanguage\":\"pt-BR\",\"potentialAction\":[{\"@type\":\"ReadAction\",\"target\":[\"https:\\\/\\\/blog.saocamilo-sp.br\\\/index.php\\\/2024\\\/08\\\/22\\\/adolescencia\\\/\"]}]},{\"@type\":\"ImageObject\",\"inLanguage\":\"pt-BR\",\"@id\":\"https:\\\/\\\/blog.saocamilo-sp.br\\\/index.php\\\/2024\\\/08\\\/22\\\/adolescencia\\\/#primaryimage\",\"url\":\"https:\\\/\\\/blog.saocamilo-sp.br\\\/wp-content\\\/uploads\\\/2024\\\/07\\\/Design-sem-nome.gif\",\"contentUrl\":\"https:\\\/\\\/blog.saocamilo-sp.br\\\/wp-content\\\/uploads\\\/2024\\\/07\\\/Design-sem-nome.gif\",\"width\":690,\"height\":388},{\"@type\":\"BreadcrumbList\",\"@id\":\"https:\\\/\\\/blog.saocamilo-sp.br\\\/index.php\\\/2024\\\/08\\\/22\\\/adolescencia\\\/#breadcrumb\",\"itemListElement\":[{\"@type\":\"ListItem\",\"position\":1,\"name\":\"In\u00edcio\",\"item\":\"https:\\\/\\\/blog.saocamilo-sp.br\\\/\"},{\"@type\":\"ListItem\",\"position\":2,\"name\":\"Adolescentes e emo\u00e7\u00f5es: como entender os sentimentos pode ajudar no relacionamento entre pais e filhos\"}]},{\"@type\":\"WebSite\",\"@id\":\"https:\\\/\\\/blog.saocamilo-sp.br\\\/#website\",\"url\":\"https:\\\/\\\/blog.saocamilo-sp.br\\\/\",\"name\":\"Blog S\u00e3o Camilo\",\"description\":\"Blog do Centro Universit\u00e1rio S\u00e3o Camilo\",\"publisher\":{\"@id\":\"https:\\\/\\\/blog.saocamilo-sp.br\\\/#organization\"},\"potentialAction\":[{\"@type\":\"SearchAction\",\"target\":{\"@type\":\"EntryPoint\",\"urlTemplate\":\"https:\\\/\\\/blog.saocamilo-sp.br\\\/?s={search_term_string}\"},\"query-input\":{\"@type\":\"PropertyValueSpecification\",\"valueRequired\":true,\"valueName\":\"search_term_string\"}}],\"inLanguage\":\"pt-BR\"},{\"@type\":\"Organization\",\"@id\":\"https:\\\/\\\/blog.saocamilo-sp.br\\\/#organization\",\"name\":\"Blog S\u00e3o Camilo\",\"url\":\"https:\\\/\\\/blog.saocamilo-sp.br\\\/\",\"logo\":{\"@type\":\"ImageObject\",\"inLanguage\":\"pt-BR\",\"@id\":\"https:\\\/\\\/blog.saocamilo-sp.br\\\/#\\\/schema\\\/logo\\\/image\\\/\",\"url\":\"https:\\\/\\\/blog.saocamilo-sp.br\\\/wp-content\\\/uploads\\\/2021\\\/12\\\/cropped-vazio-logo-topo.png\",\"contentUrl\":\"https:\\\/\\\/blog.saocamilo-sp.br\\\/wp-content\\\/uploads\\\/2021\\\/12\\\/cropped-vazio-logo-topo.png\",\"width\":320,\"height\":240,\"caption\":\"Blog S\u00e3o Camilo\"},\"image\":{\"@id\":\"https:\\\/\\\/blog.saocamilo-sp.br\\\/#\\\/schema\\\/logo\\\/image\\\/\"},\"sameAs\":[\"https:\\\/\\\/www.facebook.com\\\/saocamilosp\",\"https:\\\/\\\/x.com\\\/saocamilosp\",\"https:\\\/\\\/www.linkedin.com\\\/school\\\/centro-universit-rio-s-o-camilo\\\/\"]},{\"@type\":\"Person\",\"@id\":\"https:\\\/\\\/blog.saocamilo-sp.br\\\/#\\\/schema\\\/person\\\/781135418152912d4b58f2db13a2eaf0\",\"name\":\"Lucas Soares Gon\u00e7alves\",\"image\":{\"@type\":\"ImageObject\",\"inLanguage\":\"pt-BR\",\"@id\":\"https:\\\/\\\/secure.gravatar.com\\\/avatar\\\/bcd2d703cbb48116eaac2cac8643792535238ff30b2d7ce9e16f9254ec9cae83?s=96&d=mm&r=g\",\"url\":\"https:\\\/\\\/secure.gravatar.com\\\/avatar\\\/bcd2d703cbb48116eaac2cac8643792535238ff30b2d7ce9e16f9254ec9cae83?s=96&d=mm&r=g\",\"contentUrl\":\"https:\\\/\\\/secure.gravatar.com\\\/avatar\\\/bcd2d703cbb48116eaac2cac8643792535238ff30b2d7ce9e16f9254ec9cae83?s=96&d=mm&r=g\",\"caption\":\"Lucas Soares Gon\u00e7alves\"},\"url\":\"https:\\\/\\\/blog.saocamilo-sp.br\\\/index.php\\\/author\\\/lucas-soares-goncalves\\\/\"}]}<\/script>\n<!-- \/ Yoast SEO plugin. -->","yoast_head_json":{"title":"Adolescentes e emo\u00e7\u00f5es: como entender os sentimentos pode ajudar no relacionamento entre pais e filhos - Blog S\u00e3o Camilo","description":"A t\u00e3o esperada sequ\u00eancia da anima\u00e7\u00e3o da Pixar, Divertida Mente II, que chegou \u00e0s telonas no dia 20 de junho, traz uma hist\u00f3ria comovente...","robots":{"index":"index","follow":"follow","max-snippet":"max-snippet:-1","max-image-preview":"max-image-preview:large","max-video-preview":"max-video-preview:-1"},"canonical":"https:\/\/blog.saocamilo-sp.br\/index.php\/2024\/08\/22\/adolescencia\/","og_locale":"pt_BR","og_type":"article","og_title":"Adolescentes e emo\u00e7\u00f5es: como entender os sentimentos pode ajudar no relacionamento entre pais e filhos - Blog S\u00e3o Camilo","og_description":"A t\u00e3o esperada sequ\u00eancia da anima\u00e7\u00e3o da Pixar, Divertida Mente II, que chegou \u00e0s telonas no dia 20 de junho, traz uma hist\u00f3ria comovente...","og_url":"https:\/\/blog.saocamilo-sp.br\/index.php\/2024\/08\/22\/adolescencia\/","og_site_name":"Blog S\u00e3o Camilo","article_publisher":"https:\/\/www.facebook.com\/saocamilosp","article_published_time":"2024-08-22T12:37:21+00:00","article_modified_time":"2024-08-22T12:37:22+00:00","og_image":[{"url":"https:\/\/blog.saocamilo-sp.br\/wp-content\/uploads\/2024\/07\/Design-sem-nome.gif","width":676,"height":380,"type":"image\/gif"}],"author":"Lucas Soares Gon\u00e7alves","twitter_card":"summary_large_image","twitter_creator":"@saocamilosp","twitter_site":"@saocamilosp","twitter_misc":{"Escrito por":"Lucas Soares Gon\u00e7alves"},"schema":{"@context":"https:\/\/schema.org","@graph":[{"@type":"Article","@id":"https:\/\/blog.saocamilo-sp.br\/index.php\/2024\/08\/22\/adolescencia\/#article","isPartOf":{"@id":"https:\/\/blog.saocamilo-sp.br\/index.php\/2024\/08\/22\/adolescencia\/"},"author":{"name":"Lucas Soares Gon\u00e7alves","@id":"https:\/\/blog.saocamilo-sp.br\/#\/schema\/person\/781135418152912d4b58f2db13a2eaf0"},"headline":"Adolescentes e emo\u00e7\u00f5es: como entender os sentimentos pode ajudar no relacionamento entre pais e filhos","datePublished":"2024-08-22T12:37:21+00:00","dateModified":"2024-08-22T12:37:22+00:00","mainEntityOfPage":{"@id":"https:\/\/blog.saocamilo-sp.br\/index.php\/2024\/08\/22\/adolescencia\/"},"wordCount":601,"commentCount":0,"publisher":{"@id":"https:\/\/blog.saocamilo-sp.br\/#organization"},"image":{"@id":"https:\/\/blog.saocamilo-sp.br\/index.php\/2024\/08\/22\/adolescencia\/#primaryimage"},"thumbnailUrl":"https:\/\/blog.saocamilo-sp.br\/wp-content\/uploads\/2024\/07\/Design-sem-nome.gif","articleSection":["Cursos"],"inLanguage":"pt-BR","potentialAction":[{"@type":"CommentAction","name":"Comment","target":["https:\/\/blog.saocamilo-sp.br\/index.php\/2024\/08\/22\/adolescencia\/#respond"]}]},{"@type":"WebPage","@id":"https:\/\/blog.saocamilo-sp.br\/index.php\/2024\/08\/22\/adolescencia\/","url":"https:\/\/blog.saocamilo-sp.br\/index.php\/2024\/08\/22\/adolescencia\/","name":"Adolescentes e emo\u00e7\u00f5es: como entender os sentimentos pode ajudar no relacionamento entre pais e filhos - Blog S\u00e3o Camilo","isPartOf":{"@id":"https:\/\/blog.saocamilo-sp.br\/#website"},"primaryImageOfPage":{"@id":"https:\/\/blog.saocamilo-sp.br\/index.php\/2024\/08\/22\/adolescencia\/#primaryimage"},"image":{"@id":"https:\/\/blog.saocamilo-sp.br\/index.php\/2024\/08\/22\/adolescencia\/#primaryimage"},"thumbnailUrl":"https:\/\/blog.saocamilo-sp.br\/wp-content\/uploads\/2024\/07\/Design-sem-nome.gif","datePublished":"2024-08-22T12:37:21+00:00","dateModified":"2024-08-22T12:37:22+00:00","description":"A t\u00e3o esperada sequ\u00eancia da anima\u00e7\u00e3o da Pixar, Divertida Mente II, que chegou \u00e0s telonas no dia 20 de junho, traz uma hist\u00f3ria comovente...","breadcrumb":{"@id":"https:\/\/blog.saocamilo-sp.br\/index.php\/2024\/08\/22\/adolescencia\/#breadcrumb"},"inLanguage":"pt-BR","potentialAction":[{"@type":"ReadAction","target":["https:\/\/blog.saocamilo-sp.br\/index.php\/2024\/08\/22\/adolescencia\/"]}]},{"@type":"ImageObject","inLanguage":"pt-BR","@id":"https:\/\/blog.saocamilo-sp.br\/index.php\/2024\/08\/22\/adolescencia\/#primaryimage","url":"https:\/\/blog.saocamilo-sp.br\/wp-content\/uploads\/2024\/07\/Design-sem-nome.gif","contentUrl":"https:\/\/blog.saocamilo-sp.br\/wp-content\/uploads\/2024\/07\/Design-sem-nome.gif","width":690,"height":388},{"@type":"BreadcrumbList","@id":"https:\/\/blog.saocamilo-sp.br\/index.php\/2024\/08\/22\/adolescencia\/#breadcrumb","itemListElement":[{"@type":"ListItem","position":1,"name":"In\u00edcio","item":"https:\/\/blog.saocamilo-sp.br\/"},{"@type":"ListItem","position":2,"name":"Adolescentes e emo\u00e7\u00f5es: como entender os sentimentos pode ajudar no relacionamento entre pais e filhos"}]},{"@type":"WebSite","@id":"https:\/\/blog.saocamilo-sp.br\/#website","url":"https:\/\/blog.saocamilo-sp.br\/","name":"Blog S\u00e3o Camilo","description":"Blog do Centro Universit\u00e1rio S\u00e3o Camilo","publisher":{"@id":"https:\/\/blog.saocamilo-sp.br\/#organization"},"potentialAction":[{"@type":"SearchAction","target":{"@type":"EntryPoint","urlTemplate":"https:\/\/blog.saocamilo-sp.br\/?s={search_term_string}"},"query-input":{"@type":"PropertyValueSpecification","valueRequired":true,"valueName":"search_term_string"}}],"inLanguage":"pt-BR"},{"@type":"Organization","@id":"https:\/\/blog.saocamilo-sp.br\/#organization","name":"Blog S\u00e3o Camilo","url":"https:\/\/blog.saocamilo-sp.br\/","logo":{"@type":"ImageObject","inLanguage":"pt-BR","@id":"https:\/\/blog.saocamilo-sp.br\/#\/schema\/logo\/image\/","url":"https:\/\/blog.saocamilo-sp.br\/wp-content\/uploads\/2021\/12\/cropped-vazio-logo-topo.png","contentUrl":"https:\/\/blog.saocamilo-sp.br\/wp-content\/uploads\/2021\/12\/cropped-vazio-logo-topo.png","width":320,"height":240,"caption":"Blog S\u00e3o Camilo"},"image":{"@id":"https:\/\/blog.saocamilo-sp.br\/#\/schema\/logo\/image\/"},"sameAs":["https:\/\/www.facebook.com\/saocamilosp","https:\/\/x.com\/saocamilosp","https:\/\/www.linkedin.com\/school\/centro-universit-rio-s-o-camilo\/"]},{"@type":"Person","@id":"https:\/\/blog.saocamilo-sp.br\/#\/schema\/person\/781135418152912d4b58f2db13a2eaf0","name":"Lucas Soares Gon\u00e7alves","image":{"@type":"ImageObject","inLanguage":"pt-BR","@id":"https:\/\/secure.gravatar.com\/avatar\/bcd2d703cbb48116eaac2cac8643792535238ff30b2d7ce9e16f9254ec9cae83?s=96&d=mm&r=g","url":"https:\/\/secure.gravatar.com\/avatar\/bcd2d703cbb48116eaac2cac8643792535238ff30b2d7ce9e16f9254ec9cae83?s=96&d=mm&r=g","contentUrl":"https:\/\/secure.gravatar.com\/avatar\/bcd2d703cbb48116eaac2cac8643792535238ff30b2d7ce9e16f9254ec9cae83?s=96&d=mm&r=g","caption":"Lucas Soares Gon\u00e7alves"},"url":"https:\/\/blog.saocamilo-sp.br\/index.php\/author\/lucas-soares-goncalves\/"}]}},"_links":{"self":[{"href":"https:\/\/blog.saocamilo-sp.br\/index.php\/wp-json\/wp\/v2\/posts\/2699","targetHints":{"allow":["GET"]}}],"collection":[{"href":"https:\/\/blog.saocamilo-sp.br\/index.php\/wp-json\/wp\/v2\/posts"}],"about":[{"href":"https:\/\/blog.saocamilo-sp.br\/index.php\/wp-json\/wp\/v2\/types\/post"}],"author":[{"embeddable":true,"href":"https:\/\/blog.saocamilo-sp.br\/index.php\/wp-json\/wp\/v2\/users\/4"}],"replies":[{"embeddable":true,"href":"https:\/\/blog.saocamilo-sp.br\/index.php\/wp-json\/wp\/v2\/comments?post=2699"}],"version-history":[{"count":5,"href":"https:\/\/blog.saocamilo-sp.br\/index.php\/wp-json\/wp\/v2\/posts\/2699\/revisions"}],"predecessor-version":[{"id":2825,"href":"https:\/\/blog.saocamilo-sp.br\/index.php\/wp-json\/wp\/v2\/posts\/2699\/revisions\/2825"}],"wp:featuredmedia":[{"embeddable":true,"href":"https:\/\/blog.saocamilo-sp.br\/index.php\/wp-json\/wp\/v2\/media\/2723"}],"wp:attachment":[{"href":"https:\/\/blog.saocamilo-sp.br\/index.php\/wp-json\/wp\/v2\/media?parent=2699"}],"wp:term":[{"taxonomy":"category","embeddable":true,"href":"https:\/\/blog.saocamilo-sp.br\/index.php\/wp-json\/wp\/v2\/categories?post=2699"},{"taxonomy":"post_tag","embeddable":true,"href":"https:\/\/blog.saocamilo-sp.br\/index.php\/wp-json\/wp\/v2\/tags?post=2699"}],"curies":[{"name":"wp","href":"https:\/\/api.w.org\/{rel}","templated":true}]}}