{"id":2739,"date":"2024-07-18T16:59:11","date_gmt":"2024-07-18T19:59:11","guid":{"rendered":"https:\/\/blog.saocamilo-sp.br\/?p=2739"},"modified":"2024-07-18T17:54:54","modified_gmt":"2024-07-18T20:54:54","slug":"estudantes-de-medicina-da-sao-camilo-acompanham-atendimentos-em-comunidades-ribeirinhas-da-amazonia","status":"publish","type":"post","link":"https:\/\/blog.saocamilo-sp.br\/index.php\/2024\/07\/18\/estudantes-de-medicina-da-sao-camilo-acompanham-atendimentos-em-comunidades-ribeirinhas-da-amazonia\/","title":{"rendered":"Estudantes de medicina da S\u00e3o Camilo acompanham atendimentos em comunidades na Amaz\u00f4nia"},"content":{"rendered":"\n<p>Uma oportunidade de conhecer a realidade de comunidades ribeirinhas da Amaz\u00f4nia, nos contextos sociais e econ\u00f4micos, al\u00e9m de acompanhar o atendimento m\u00e9dico em unidades fluviais e com a comunidade. Essa ser\u00e1 a realidade de alunos de Medicina do<a href=\"https:\/\/saocamilo-sp.br\/\" target=\"_blank\" rel=\"noreferrer noopener\"> Centro Universit\u00e1rio S\u00e3o Camilo \u2013 SP<\/a>, do segundo ao s\u00e9timo per\u00edodo. A a\u00e7\u00e3o faz parte de um novo projeto de extens\u00e3o, no qual os futuros m\u00e9dicos v\u00e3o conhecer <em>in loco<\/em> a import\u00e2ncia do Sistema \u00danico de Sa\u00fade (SUS) para os habitantes de \u00e1reas remotas do Pa\u00eds. Da mesma forma, eles tamb\u00e9m conhecer\u00e3o os desafios vividos por essas comunidades e acompanhar\u00e3o os atendimentos que ser\u00e3o feitos.<\/p>\n\n\n\n<p>Assim, o grupo passar\u00e1 sete dias \u2013 de 14 a 22 de julho &#8211; navegando no Rio Amazonas, seus afluentes e Igarap\u00e9s, nos estados do Amap\u00e1 e Par\u00e1. A iniciativa busca desenvolver compet\u00eancias em di\u00e1logo human\u00edstico e emp\u00e1tico entre moradores de grandes capitais e do Brasil profundo.<\/p>\n\n\n\n<h3 class=\"wp-block-heading\">Conex\u00e3o de Saberes e Experi\u00eancias: Medicina e Comunidades Ribeirinhas<\/h3>\n\n\n\n<p>Os alunos far\u00e3o levantamentos sanit\u00e1rios e diagn\u00f3sticos de sa\u00fade da popula\u00e7\u00e3o. Isso ajudar\u00e1 a dimensionar necessidades e oportunidades de cuidados e a qualificar a Sa\u00fade P\u00fablica. Similarmente, eles tamb\u00e9m realizar\u00e3o escuta ativa das necessidades e demandas locais. Al\u00e9m disso, contribuir\u00e3o para a organiza\u00e7\u00e3o do SUS em \u00e1reas remotas. Essas atividades ser\u00e3o coordenadas pelo professor de Sa\u00fade P\u00fablica e de Epidemiologia do Centro Universit\u00e1rio S\u00e3o Camilo \u2013 SP, S\u00e9rgio Zanetta.<\/p>\n\n\n\n<blockquote class=\"wp-block-quote is-layout-flow wp-block-quote-is-layout-flow\">\n<p>\u201cO projeto tem a ver com uma forma\u00e7\u00e3o conectada com as Diretrizes Nacionais Curriculares (DNC) do curso M\u00e9dico, para desenvolver a empatia constru\u00edda por meio da comunica\u00e7\u00e3o de experi\u00eancias e realidades diversas, mas tamb\u00e9m colocando os alunos de Medicina em contextos reveladores da grande diversidade do Pa\u00eds e de suas popula\u00e7\u00f5es. S\u00e3o realidades sociais, culturais, sanit\u00e1rias diversas de um mesmo pa\u00eds\u201d<\/p>\n<cite>S\u00e9rgio Zanetta.<\/cite><\/blockquote>\n\n\n\n<figure class=\"wp-block-gallery has-nested-images columns-default is-cropped wp-block-gallery-1 is-layout-flex wp-block-gallery-is-layout-flex\">\n<figure class=\"wp-block-image size-large\"><img loading=\"lazy\" decoding=\"async\" width=\"776\" height=\"773\" data-id=\"2743\" src=\"https:\/\/blog.saocamilo-sp.br\/wp-content\/uploads\/2024\/07\/medicina-da-Sao-Camilo-sao-camilo-4.jpg\" alt=\"\" class=\"wp-image-2743\"\/><\/figure>\n\n\n\n<figure class=\"wp-block-image size-large\"><img loading=\"lazy\" decoding=\"async\" width=\"841\" height=\"617\" data-id=\"2742\" src=\"https:\/\/blog.saocamilo-sp.br\/wp-content\/uploads\/2024\/07\/medicina-da-Sao-Camilo-Sao-camilo-3.jpg\" alt=\"\" class=\"wp-image-2742\"\/><\/figure>\n\n\n\n<figure class=\"wp-block-image size-large\"><img loading=\"lazy\" decoding=\"async\" width=\"900\" height=\"506\" data-id=\"2744\" src=\"https:\/\/blog.saocamilo-sp.br\/wp-content\/uploads\/2024\/07\/medicina-da-Sao-Camilo-Sao-camilo-2.jpg\" alt=\"\" class=\"wp-image-2744\"\/><\/figure>\n<figcaption class=\"blocks-gallery-caption wp-element-caption\"><span class=\"ui-provider a b c d e f g h i j k l m n o p q r s t u v w x y z ab ac ae af ag ah ai aj ak\" dir=\"ltr\"><strong>Universit\u00e1rios camilianos acompanham atendimentos em comunidades ribeirinhas do Par\u00e1 e Amap\u00e1 e promove humaniza\u00e7\u00e3o no aprendizado da Medicina<\/strong><\/span><\/figcaption><\/figure>\n\n\n\n<p><br>Segundo o professor, essa \u00e9 uma oportunidade de compartilhamento de aprendizado e saberes entre grupos t\u00e3o distintos: alunos de Medicina advindos da maior capital do Pa\u00eds e a popula\u00e7\u00e3o de \u00e1reas remotas do Brasil. As passagens e a acomoda\u00e7\u00e3o do grupo ser\u00e3o patrocinadas pelo Centro Universit\u00e1rio S\u00e3o Camilo &#8211; SP.\u00a0 De acordo com Zanetta, esta \u00e9 uma a\u00e7\u00e3o de extens\u00e3o que dever\u00e1 acontecer duas vezes ao ano.<\/p>\n\n\n\n<p>O professor Zanetta, entretanto, n\u00e3o ser\u00e1 o \u00fanico profissional de Sa\u00fade a estar com os alunos. O Pe. Marcelo Valentin, que tamb\u00e9m \u00e9 m\u00e9dico, e formado pelo Centro Universit\u00e1rio S\u00e3o Camilo &#8211; SP, ser\u00e1 o anfitri\u00e3o da equipe, j\u00e1 que h\u00e1 quatro anos trabalha com as popula\u00e7\u00f5es ribeirinhas por meio de um programa desenvolvido pela Prov\u00edncia Camiliana Brasileira h\u00e1 quase 50 anos. Em especial, os alunos receber\u00e3o apoio local do Hospital S\u00e3o Camilo e S\u00e3o Luis, de Macap\u00e1 (AP).<\/p>\n\n\n\n<h3 class=\"wp-block-heading\"><strong>Miss\u00e3o Camiliana no Amap\u00e1<\/strong><\/h3>\n\n\n\n<p>Portanto, a chegada dos alunos do Centro Universit\u00e1rio S\u00e3o Camilo \u2013 SP ao Amap\u00e1, para acompanhar o atendimento \u00e0 popula\u00e7\u00e3o ribeirinha, \u00e9 o desdobramento acad\u00eamico da Miss\u00e3o Camiliana na regi\u00e3o, que acontece h\u00e1 quase cinco d\u00e9cadas. &nbsp;Coordenada e executada durante cerca de 40 anos pelo padre e m\u00e9dico pediatra da Ordem dos Ministros dos Enfermos (Camilianos), Jos\u00e9 Raul Matte, essa Miss\u00e3o come\u00e7ou com o objetivo de combater os casos de hansen\u00edase na regi\u00e3o, mas foram percebidas outras necessidades e dificuldades da popula\u00e7\u00e3o das regi\u00f5es ribeirinhas ao longo do tempo.<\/p>\n\n\n\n<p>Dessa maneira, os Camilianos, ent\u00e3o, adaptaram um ambulat\u00f3rio em um barco que descia o Rio Amazonas, visitando as comunidades ribeirinhas que n\u00e3o tinham condi\u00e7\u00f5es de se deslocar at\u00e9 a capital para cuidar da sa\u00fade. Eram realizadas consultas m\u00e9dicas para crian\u00e7as e adultos. Assim, a equipe Camiliana tamb\u00e9m organizava palestras preventivas sobre sa\u00fade bucal, h\u00e1bitos de higiene e como manipular plantas fitoter\u00e1picas para transform\u00e1-las em rem\u00e9dios caseiros. Para completar o atendimento aos ribeirinhos, o grupo levava consigo medicamentos alop\u00e1ticos.<\/p>\n\n\n\n<p>Ap\u00f3s a finaliza\u00e7\u00e3o das atividades m\u00e9dicas, o Pe. Raul oferecia assist\u00eancia espiritual \u00e0 popula\u00e7\u00e3o. A comunidade aproveitava a oportunidade para se confessar, comungar e participar da celebra\u00e7\u00e3o da Santa Missa.<\/p>\n\n\n\n<h3 class=\"wp-block-heading\">Guardi\u00e3o da Sa\u00fade nas \u00c1guas Amaz\u00f4nicas: A Miss\u00e3o de Pe. Marcelo Valentin<\/h3>\n\n\n\n<p>Em 2018 o Pe. Raul, devido \u00e0 idade avan\u00e7ada e ao seu estado de sa\u00fade, deixou a Miss\u00e3o Camiliana no Amap\u00e1 e foi transferido para S\u00e3o Paulo, mas ela j\u00e1 tinha um substituto: o Pe. Marcelo Valentin, que cursou Resid\u00eancia M\u00e9dica em Sa\u00fade da Fam\u00edlia. Hoje, ele exerce as mesmas fun\u00e7\u00f5es m\u00e9dicas e religiosas de seu predecessor, e ainda encontra tempo para receber seus \u201ccolegas\u201d do Centro Universit\u00e1rio S\u00e3o Camilo para uma experi\u00eancia acad\u00eamica \u00edmpar.<\/p>\n\n\n\n<p>O trabalho, para o Pe. Marcelo, \u00e9 t\u00e3o desbravador quanto foi para o Pe. Raul. Subir e descer os afluentes do Rio Amazonas \u00e9 um grande desafio. \u00c9 praticar a Medicina e a religiosidade da forma mais abnegada poss\u00edvel. \u00c9 assistir aqueles que verdadeiramente mais precisam e que s\u00f3 t\u00eam a ele e sua equipe para cuidar da sa\u00fade. Mas ele espera muito mais: \u201cA chegada do Centro Universit\u00e1rio nos permite sonhar mais alto. Estamos preparando esses alunos para a Medicina emp\u00e1tica, mas tamb\u00e9m sonhamos em poder trazer para essas popula\u00e7\u00f5es a Telemedicina. E isso podemos fazer juntos em prol das nossas comunidades\u201d.<\/p>\n\n\n\n<p>Em conclus\u00e3o,  alunos e professores, m\u00e9dicos e religiosos, todos empenhados em fazer da Medicina uma Ci\u00eancia mais humanizada e mais pr\u00f3xima da realidade e das necessidades dos habitantes desse Brasil profundo, muitas vezes desconhecido da maioria dos brasileiros. Um pa\u00eds continental e igualmente desigual que precisa unir for\u00e7as para tornar o acesso \u00e0 sa\u00fade, um direito constitucional, mais real para todos.<\/p>\n\n\n\n<p>Veja tamb\u00e9m:<\/p>\n\n\n\n<ul class=\"wp-block-list\">\n<li><a href=\"https:\/\/blog.saocamilo-sp.br\/index.php\/2023\/12\/02\/medicina-sao-camilo-conquista-a-certificacao-do-cfm\/\">Medicina S\u00e3o Camilo conquista certifica\u00e7\u00e3o do Sistema de Acredita\u00e7\u00e3o de Escolas M\u00e9dicas \u2013 CFM<\/a><\/li>\n\n\n\n<li><a href=\"https:\/\/blog.saocamilo-sp.br\/index.php\/2023\/04\/09\/sao-camilo-em-materia-da-band-sobre-graduacao-em-medicina\/\">S\u00e3o Camilo \u00e9 destaque em mat\u00e9ria da Band sobre gradua\u00e7\u00e3o em Medicina<\/a><\/li>\n\n\n\n<li><a href=\"https:\/\/blog.saocamilo-sp.br\/index.php\/2023\/02\/13\/curso-de-medicina-do-centro-universitario-sao-camilo-recebe-certificacao-do-cfm\/\">Medicina da S\u00e3o Camilo recebe certifica\u00e7\u00e3o do CFM<\/a><\/li>\n<\/ul>\n\n\n\n<p><\/p>\n\n\n\n<p>Saiba mais sobre nossos cursos:<\/p>\n\n\n\n<iframe loading=\"lazy\" src=\"https:\/\/saocamilo.apprbs.com.br\/tenho-interesse-blog\" height=\"530px\" width=\"100%\" frameborder=\"0\"><\/iframe>\n","protected":false},"excerpt":{"rendered":"<p>Alunos de Medicina do Centro Universit\u00e1rio S\u00e3o Camilo participam de pesquisas e atividades em UBS-Fluvial e barcos nos afluentes do Rio Amazonas.<\/p>\n","protected":false},"author":11,"featured_media":2741,"comment_status":"open","ping_status":"open","sticky":false,"template":"","format":"standard","meta":{"cybocfi_hide_featured_image":"","footnotes":""},"categories":[165,91,30,79],"tags":[131,12,17],"class_list":["post-2739","post","type-post","status-publish","format-standard","has-post-thumbnail","hentry","category-extensao","category-institucional","category-medicina","category-saude","tag-extensao","tag-medicina","tag-saude"],"yoast_head":"<!-- This site is optimized with the Yoast SEO plugin v27.5 - https:\/\/yoast.com\/product\/yoast-seo-wordpress\/ -->\n<title>Estudantes de medicina da S\u00e3o Camilo acompanham atendimentos em comunidades na Amaz\u00f4nia<\/title>\n<meta name=\"description\" content=\"Alunos de Medicina do Centro Universit\u00e1rio S\u00e3o Camilo participam de pesquisas e atividades em UBS-Fluvial e barcos nos afluentes do Rio Amazonas\" \/>\n<meta name=\"robots\" content=\"index, follow, max-snippet:-1, max-image-preview:large, max-video-preview:-1\" \/>\n<link rel=\"canonical\" href=\"https:\/\/blog.saocamilo-sp.br\/index.php\/2024\/07\/18\/estudantes-de-medicina-da-sao-camilo-acompanham-atendimentos-em-comunidades-ribeirinhas-da-amazonia\/\" \/>\n<meta property=\"og:locale\" content=\"pt_BR\" \/>\n<meta property=\"og:type\" content=\"article\" \/>\n<meta property=\"og:title\" content=\"Estudantes de medicina da S\u00e3o Camilo\u00a0acompanham atendimentos em comunidades ribeirinhas da Amaz\u00f4nia\" \/>\n<meta property=\"og:description\" content=\"Alunos de Medicina do Centro Universit\u00e1rio S\u00e3o Camilo participam de pesquisas e atividades em UBS-Fluvial e barcos nos afluentes do Rio Amazonas\" \/>\n<meta property=\"og:url\" content=\"https:\/\/blog.saocamilo-sp.br\/index.php\/2024\/07\/18\/estudantes-de-medicina-da-sao-camilo-acompanham-atendimentos-em-comunidades-ribeirinhas-da-amazonia\/\" \/>\n<meta property=\"og:site_name\" content=\"Blog S\u00e3o Camilo\" \/>\n<meta property=\"article:publisher\" content=\"https:\/\/www.facebook.com\/saocamilosp\" \/>\n<meta property=\"article:published_time\" content=\"2024-07-18T19:59:11+00:00\" \/>\n<meta property=\"article:modified_time\" content=\"2024-07-18T20:54:54+00:00\" \/>\n<meta property=\"og:image\" content=\"https:\/\/blog.saocamilo-sp.br\/wp-content\/uploads\/2024\/07\/medicina-da-Sao-Camilo-sao-camilo-1.png\" \/>\n\t<meta property=\"og:image:width\" content=\"799\" \/>\n\t<meta property=\"og:image:height\" content=\"538\" \/>\n\t<meta property=\"og:image:type\" content=\"image\/png\" \/>\n<meta name=\"author\" content=\"Christopher Oliveira dos Reis\" \/>\n<meta name=\"twitter:card\" content=\"summary_large_image\" \/>\n<meta name=\"twitter:title\" content=\"Estudantes de medicina da S\u00e3o Camilo\u00a0acompanham atendimentos em comunidades ribeirinhas da Amaz\u00f4nia\" \/>\n<meta name=\"twitter:description\" content=\"Alunos de Medicina do Centro Universit\u00e1rio S\u00e3o Camilo participam de pesquisas e atividades em UBS-Fluvial e barcos nos afluentes do Rio Amazonas\" \/>\n<meta name=\"twitter:image\" content=\"https:\/\/blog.saocamilo-sp.br\/wp-content\/uploads\/2024\/07\/medicina-da-Sao-Camilo-sao-camilo-1.png\" \/>\n<meta name=\"twitter:creator\" content=\"@saocamilosp\" \/>\n<meta name=\"twitter:site\" content=\"@saocamilosp\" \/>\n<meta name=\"twitter:label1\" content=\"Escrito por\" \/>\n\t<meta name=\"twitter:data1\" content=\"Christopher Oliveira dos Reis\" \/>\n\t<meta name=\"twitter:label2\" content=\"Est. tempo de leitura\" \/>\n\t<meta name=\"twitter:data2\" content=\"6 minutos\" \/>\n<script type=\"application\/ld+json\" class=\"yoast-schema-graph\">{\"@context\":\"https:\\\/\\\/schema.org\",\"@graph\":[{\"@type\":\"Article\",\"@id\":\"https:\\\/\\\/blog.saocamilo-sp.br\\\/index.php\\\/2024\\\/07\\\/18\\\/estudantes-de-medicina-da-sao-camilo-acompanham-atendimentos-em-comunidades-ribeirinhas-da-amazonia\\\/#article\",\"isPartOf\":{\"@id\":\"https:\\\/\\\/blog.saocamilo-sp.br\\\/index.php\\\/2024\\\/07\\\/18\\\/estudantes-de-medicina-da-sao-camilo-acompanham-atendimentos-em-comunidades-ribeirinhas-da-amazonia\\\/\"},\"author\":{\"name\":\"Christopher Oliveira dos Reis\",\"@id\":\"https:\\\/\\\/blog.saocamilo-sp.br\\\/#\\\/schema\\\/person\\\/7dce5f342af0848eb2f06778b2737904\"},\"headline\":\"Estudantes de medicina da S\u00e3o Camilo acompanham atendimentos em comunidades na Amaz\u00f4nia\",\"datePublished\":\"2024-07-18T19:59:11+00:00\",\"dateModified\":\"2024-07-18T20:54:54+00:00\",\"mainEntityOfPage\":{\"@id\":\"https:\\\/\\\/blog.saocamilo-sp.br\\\/index.php\\\/2024\\\/07\\\/18\\\/estudantes-de-medicina-da-sao-camilo-acompanham-atendimentos-em-comunidades-ribeirinhas-da-amazonia\\\/\"},\"wordCount\":1097,\"commentCount\":0,\"publisher\":{\"@id\":\"https:\\\/\\\/blog.saocamilo-sp.br\\\/#organization\"},\"image\":{\"@id\":\"https:\\\/\\\/blog.saocamilo-sp.br\\\/index.php\\\/2024\\\/07\\\/18\\\/estudantes-de-medicina-da-sao-camilo-acompanham-atendimentos-em-comunidades-ribeirinhas-da-amazonia\\\/#primaryimage\"},\"thumbnailUrl\":\"https:\\\/\\\/blog.saocamilo-sp.br\\\/wp-content\\\/uploads\\\/2024\\\/07\\\/medicina-da-Sao-Camilo-sao-camilo-1.png\",\"keywords\":[\"Extens\u00e3o\",\"Medicina\",\"Sa\u00fade\"],\"articleSection\":[\"Extens\u00e3o\",\"Institucional\",\"Medicina\",\"Sa\u00fade\"],\"inLanguage\":\"pt-BR\",\"potentialAction\":[{\"@type\":\"CommentAction\",\"name\":\"Comment\",\"target\":[\"https:\\\/\\\/blog.saocamilo-sp.br\\\/index.php\\\/2024\\\/07\\\/18\\\/estudantes-de-medicina-da-sao-camilo-acompanham-atendimentos-em-comunidades-ribeirinhas-da-amazonia\\\/#respond\"]}]},{\"@type\":\"WebPage\",\"@id\":\"https:\\\/\\\/blog.saocamilo-sp.br\\\/index.php\\\/2024\\\/07\\\/18\\\/estudantes-de-medicina-da-sao-camilo-acompanham-atendimentos-em-comunidades-ribeirinhas-da-amazonia\\\/\",\"url\":\"https:\\\/\\\/blog.saocamilo-sp.br\\\/index.php\\\/2024\\\/07\\\/18\\\/estudantes-de-medicina-da-sao-camilo-acompanham-atendimentos-em-comunidades-ribeirinhas-da-amazonia\\\/\",\"name\":\"Estudantes de medicina da S\u00e3o Camilo acompanham atendimentos em comunidades na Amaz\u00f4nia\",\"isPartOf\":{\"@id\":\"https:\\\/\\\/blog.saocamilo-sp.br\\\/#website\"},\"primaryImageOfPage\":{\"@id\":\"https:\\\/\\\/blog.saocamilo-sp.br\\\/index.php\\\/2024\\\/07\\\/18\\\/estudantes-de-medicina-da-sao-camilo-acompanham-atendimentos-em-comunidades-ribeirinhas-da-amazonia\\\/#primaryimage\"},\"image\":{\"@id\":\"https:\\\/\\\/blog.saocamilo-sp.br\\\/index.php\\\/2024\\\/07\\\/18\\\/estudantes-de-medicina-da-sao-camilo-acompanham-atendimentos-em-comunidades-ribeirinhas-da-amazonia\\\/#primaryimage\"},\"thumbnailUrl\":\"https:\\\/\\\/blog.saocamilo-sp.br\\\/wp-content\\\/uploads\\\/2024\\\/07\\\/medicina-da-Sao-Camilo-sao-camilo-1.png\",\"datePublished\":\"2024-07-18T19:59:11+00:00\",\"dateModified\":\"2024-07-18T20:54:54+00:00\",\"description\":\"Alunos de Medicina do Centro Universit\u00e1rio S\u00e3o Camilo participam de pesquisas e atividades em UBS-Fluvial e barcos nos afluentes do Rio Amazonas\",\"breadcrumb\":{\"@id\":\"https:\\\/\\\/blog.saocamilo-sp.br\\\/index.php\\\/2024\\\/07\\\/18\\\/estudantes-de-medicina-da-sao-camilo-acompanham-atendimentos-em-comunidades-ribeirinhas-da-amazonia\\\/#breadcrumb\"},\"inLanguage\":\"pt-BR\",\"potentialAction\":[{\"@type\":\"ReadAction\",\"target\":[\"https:\\\/\\\/blog.saocamilo-sp.br\\\/index.php\\\/2024\\\/07\\\/18\\\/estudantes-de-medicina-da-sao-camilo-acompanham-atendimentos-em-comunidades-ribeirinhas-da-amazonia\\\/\"]}]},{\"@type\":\"ImageObject\",\"inLanguage\":\"pt-BR\",\"@id\":\"https:\\\/\\\/blog.saocamilo-sp.br\\\/index.php\\\/2024\\\/07\\\/18\\\/estudantes-de-medicina-da-sao-camilo-acompanham-atendimentos-em-comunidades-ribeirinhas-da-amazonia\\\/#primaryimage\",\"url\":\"https:\\\/\\\/blog.saocamilo-sp.br\\\/wp-content\\\/uploads\\\/2024\\\/07\\\/medicina-da-Sao-Camilo-sao-camilo-1.png\",\"contentUrl\":\"https:\\\/\\\/blog.saocamilo-sp.br\\\/wp-content\\\/uploads\\\/2024\\\/07\\\/medicina-da-Sao-Camilo-sao-camilo-1.png\",\"width\":799,\"height\":538,\"caption\":\"Medicina S\u00e3o Camilo\"},{\"@type\":\"BreadcrumbList\",\"@id\":\"https:\\\/\\\/blog.saocamilo-sp.br\\\/index.php\\\/2024\\\/07\\\/18\\\/estudantes-de-medicina-da-sao-camilo-acompanham-atendimentos-em-comunidades-ribeirinhas-da-amazonia\\\/#breadcrumb\",\"itemListElement\":[{\"@type\":\"ListItem\",\"position\":1,\"name\":\"In\u00edcio\",\"item\":\"https:\\\/\\\/blog.saocamilo-sp.br\\\/\"},{\"@type\":\"ListItem\",\"position\":2,\"name\":\"Estudantes de medicina da S\u00e3o Camilo acompanham atendimentos em comunidades na Amaz\u00f4nia\"}]},{\"@type\":\"WebSite\",\"@id\":\"https:\\\/\\\/blog.saocamilo-sp.br\\\/#website\",\"url\":\"https:\\\/\\\/blog.saocamilo-sp.br\\\/\",\"name\":\"Blog S\u00e3o Camilo\",\"description\":\"Blog do Centro Universit\u00e1rio S\u00e3o Camilo\",\"publisher\":{\"@id\":\"https:\\\/\\\/blog.saocamilo-sp.br\\\/#organization\"},\"potentialAction\":[{\"@type\":\"SearchAction\",\"target\":{\"@type\":\"EntryPoint\",\"urlTemplate\":\"https:\\\/\\\/blog.saocamilo-sp.br\\\/?s={search_term_string}\"},\"query-input\":{\"@type\":\"PropertyValueSpecification\",\"valueRequired\":true,\"valueName\":\"search_term_string\"}}],\"inLanguage\":\"pt-BR\"},{\"@type\":\"Organization\",\"@id\":\"https:\\\/\\\/blog.saocamilo-sp.br\\\/#organization\",\"name\":\"Blog S\u00e3o Camilo\",\"url\":\"https:\\\/\\\/blog.saocamilo-sp.br\\\/\",\"logo\":{\"@type\":\"ImageObject\",\"inLanguage\":\"pt-BR\",\"@id\":\"https:\\\/\\\/blog.saocamilo-sp.br\\\/#\\\/schema\\\/logo\\\/image\\\/\",\"url\":\"https:\\\/\\\/blog.saocamilo-sp.br\\\/wp-content\\\/uploads\\\/2021\\\/12\\\/cropped-vazio-logo-topo.png\",\"contentUrl\":\"https:\\\/\\\/blog.saocamilo-sp.br\\\/wp-content\\\/uploads\\\/2021\\\/12\\\/cropped-vazio-logo-topo.png\",\"width\":320,\"height\":240,\"caption\":\"Blog S\u00e3o Camilo\"},\"image\":{\"@id\":\"https:\\\/\\\/blog.saocamilo-sp.br\\\/#\\\/schema\\\/logo\\\/image\\\/\"},\"sameAs\":[\"https:\\\/\\\/www.facebook.com\\\/saocamilosp\",\"https:\\\/\\\/x.com\\\/saocamilosp\",\"https:\\\/\\\/www.linkedin.com\\\/school\\\/centro-universit-rio-s-o-camilo\\\/\"]},{\"@type\":\"Person\",\"@id\":\"https:\\\/\\\/blog.saocamilo-sp.br\\\/#\\\/schema\\\/person\\\/7dce5f342af0848eb2f06778b2737904\",\"name\":\"Christopher Oliveira dos Reis\",\"image\":{\"@type\":\"ImageObject\",\"inLanguage\":\"pt-BR\",\"@id\":\"https:\\\/\\\/secure.gravatar.com\\\/avatar\\\/b09a1361215d06f22999124838358b6855376e2b7287de883b723960b0c03f82?s=96&d=mm&r=g\",\"url\":\"https:\\\/\\\/secure.gravatar.com\\\/avatar\\\/b09a1361215d06f22999124838358b6855376e2b7287de883b723960b0c03f82?s=96&d=mm&r=g\",\"contentUrl\":\"https:\\\/\\\/secure.gravatar.com\\\/avatar\\\/b09a1361215d06f22999124838358b6855376e2b7287de883b723960b0c03f82?s=96&d=mm&r=g\",\"caption\":\"Christopher Oliveira dos Reis\"},\"url\":\"https:\\\/\\\/blog.saocamilo-sp.br\\\/index.php\\\/author\\\/christopher-reis\\\/\"}]}<\/script>\n<!-- \/ Yoast SEO plugin. -->","yoast_head_json":{"title":"Estudantes de medicina da S\u00e3o Camilo acompanham atendimentos em comunidades na Amaz\u00f4nia","description":"Alunos de Medicina do Centro Universit\u00e1rio S\u00e3o Camilo participam de pesquisas e atividades em UBS-Fluvial e barcos nos afluentes do Rio Amazonas","robots":{"index":"index","follow":"follow","max-snippet":"max-snippet:-1","max-image-preview":"max-image-preview:large","max-video-preview":"max-video-preview:-1"},"canonical":"https:\/\/blog.saocamilo-sp.br\/index.php\/2024\/07\/18\/estudantes-de-medicina-da-sao-camilo-acompanham-atendimentos-em-comunidades-ribeirinhas-da-amazonia\/","og_locale":"pt_BR","og_type":"article","og_title":"Estudantes de medicina da S\u00e3o Camilo\u00a0acompanham atendimentos em comunidades ribeirinhas da Amaz\u00f4nia","og_description":"Alunos de Medicina do Centro Universit\u00e1rio S\u00e3o Camilo participam de pesquisas e atividades em UBS-Fluvial e barcos nos afluentes do Rio Amazonas","og_url":"https:\/\/blog.saocamilo-sp.br\/index.php\/2024\/07\/18\/estudantes-de-medicina-da-sao-camilo-acompanham-atendimentos-em-comunidades-ribeirinhas-da-amazonia\/","og_site_name":"Blog S\u00e3o Camilo","article_publisher":"https:\/\/www.facebook.com\/saocamilosp","article_published_time":"2024-07-18T19:59:11+00:00","article_modified_time":"2024-07-18T20:54:54+00:00","og_image":[{"width":799,"height":538,"url":"https:\/\/blog.saocamilo-sp.br\/wp-content\/uploads\/2024\/07\/medicina-da-Sao-Camilo-sao-camilo-1.png","type":"image\/png"}],"author":"Christopher Oliveira dos Reis","twitter_card":"summary_large_image","twitter_title":"Estudantes de medicina da S\u00e3o Camilo\u00a0acompanham atendimentos em comunidades ribeirinhas da Amaz\u00f4nia","twitter_description":"Alunos de Medicina do Centro Universit\u00e1rio S\u00e3o Camilo participam de pesquisas e atividades em UBS-Fluvial e barcos nos afluentes do Rio Amazonas","twitter_image":"https:\/\/blog.saocamilo-sp.br\/wp-content\/uploads\/2024\/07\/medicina-da-Sao-Camilo-sao-camilo-1.png","twitter_creator":"@saocamilosp","twitter_site":"@saocamilosp","twitter_misc":{"Escrito por":"Christopher Oliveira dos Reis","Est. tempo de leitura":"6 minutos"},"schema":{"@context":"https:\/\/schema.org","@graph":[{"@type":"Article","@id":"https:\/\/blog.saocamilo-sp.br\/index.php\/2024\/07\/18\/estudantes-de-medicina-da-sao-camilo-acompanham-atendimentos-em-comunidades-ribeirinhas-da-amazonia\/#article","isPartOf":{"@id":"https:\/\/blog.saocamilo-sp.br\/index.php\/2024\/07\/18\/estudantes-de-medicina-da-sao-camilo-acompanham-atendimentos-em-comunidades-ribeirinhas-da-amazonia\/"},"author":{"name":"Christopher Oliveira dos Reis","@id":"https:\/\/blog.saocamilo-sp.br\/#\/schema\/person\/7dce5f342af0848eb2f06778b2737904"},"headline":"Estudantes de medicina da S\u00e3o Camilo acompanham atendimentos em comunidades na Amaz\u00f4nia","datePublished":"2024-07-18T19:59:11+00:00","dateModified":"2024-07-18T20:54:54+00:00","mainEntityOfPage":{"@id":"https:\/\/blog.saocamilo-sp.br\/index.php\/2024\/07\/18\/estudantes-de-medicina-da-sao-camilo-acompanham-atendimentos-em-comunidades-ribeirinhas-da-amazonia\/"},"wordCount":1097,"commentCount":0,"publisher":{"@id":"https:\/\/blog.saocamilo-sp.br\/#organization"},"image":{"@id":"https:\/\/blog.saocamilo-sp.br\/index.php\/2024\/07\/18\/estudantes-de-medicina-da-sao-camilo-acompanham-atendimentos-em-comunidades-ribeirinhas-da-amazonia\/#primaryimage"},"thumbnailUrl":"https:\/\/blog.saocamilo-sp.br\/wp-content\/uploads\/2024\/07\/medicina-da-Sao-Camilo-sao-camilo-1.png","keywords":["Extens\u00e3o","Medicina","Sa\u00fade"],"articleSection":["Extens\u00e3o","Institucional","Medicina","Sa\u00fade"],"inLanguage":"pt-BR","potentialAction":[{"@type":"CommentAction","name":"Comment","target":["https:\/\/blog.saocamilo-sp.br\/index.php\/2024\/07\/18\/estudantes-de-medicina-da-sao-camilo-acompanham-atendimentos-em-comunidades-ribeirinhas-da-amazonia\/#respond"]}]},{"@type":"WebPage","@id":"https:\/\/blog.saocamilo-sp.br\/index.php\/2024\/07\/18\/estudantes-de-medicina-da-sao-camilo-acompanham-atendimentos-em-comunidades-ribeirinhas-da-amazonia\/","url":"https:\/\/blog.saocamilo-sp.br\/index.php\/2024\/07\/18\/estudantes-de-medicina-da-sao-camilo-acompanham-atendimentos-em-comunidades-ribeirinhas-da-amazonia\/","name":"Estudantes de medicina da S\u00e3o Camilo acompanham atendimentos em comunidades na Amaz\u00f4nia","isPartOf":{"@id":"https:\/\/blog.saocamilo-sp.br\/#website"},"primaryImageOfPage":{"@id":"https:\/\/blog.saocamilo-sp.br\/index.php\/2024\/07\/18\/estudantes-de-medicina-da-sao-camilo-acompanham-atendimentos-em-comunidades-ribeirinhas-da-amazonia\/#primaryimage"},"image":{"@id":"https:\/\/blog.saocamilo-sp.br\/index.php\/2024\/07\/18\/estudantes-de-medicina-da-sao-camilo-acompanham-atendimentos-em-comunidades-ribeirinhas-da-amazonia\/#primaryimage"},"thumbnailUrl":"https:\/\/blog.saocamilo-sp.br\/wp-content\/uploads\/2024\/07\/medicina-da-Sao-Camilo-sao-camilo-1.png","datePublished":"2024-07-18T19:59:11+00:00","dateModified":"2024-07-18T20:54:54+00:00","description":"Alunos de Medicina do Centro Universit\u00e1rio S\u00e3o Camilo participam de pesquisas e atividades em UBS-Fluvial e barcos nos afluentes do Rio Amazonas","breadcrumb":{"@id":"https:\/\/blog.saocamilo-sp.br\/index.php\/2024\/07\/18\/estudantes-de-medicina-da-sao-camilo-acompanham-atendimentos-em-comunidades-ribeirinhas-da-amazonia\/#breadcrumb"},"inLanguage":"pt-BR","potentialAction":[{"@type":"ReadAction","target":["https:\/\/blog.saocamilo-sp.br\/index.php\/2024\/07\/18\/estudantes-de-medicina-da-sao-camilo-acompanham-atendimentos-em-comunidades-ribeirinhas-da-amazonia\/"]}]},{"@type":"ImageObject","inLanguage":"pt-BR","@id":"https:\/\/blog.saocamilo-sp.br\/index.php\/2024\/07\/18\/estudantes-de-medicina-da-sao-camilo-acompanham-atendimentos-em-comunidades-ribeirinhas-da-amazonia\/#primaryimage","url":"https:\/\/blog.saocamilo-sp.br\/wp-content\/uploads\/2024\/07\/medicina-da-Sao-Camilo-sao-camilo-1.png","contentUrl":"https:\/\/blog.saocamilo-sp.br\/wp-content\/uploads\/2024\/07\/medicina-da-Sao-Camilo-sao-camilo-1.png","width":799,"height":538,"caption":"Medicina S\u00e3o Camilo"},{"@type":"BreadcrumbList","@id":"https:\/\/blog.saocamilo-sp.br\/index.php\/2024\/07\/18\/estudantes-de-medicina-da-sao-camilo-acompanham-atendimentos-em-comunidades-ribeirinhas-da-amazonia\/#breadcrumb","itemListElement":[{"@type":"ListItem","position":1,"name":"In\u00edcio","item":"https:\/\/blog.saocamilo-sp.br\/"},{"@type":"ListItem","position":2,"name":"Estudantes de medicina da S\u00e3o Camilo acompanham atendimentos em comunidades na Amaz\u00f4nia"}]},{"@type":"WebSite","@id":"https:\/\/blog.saocamilo-sp.br\/#website","url":"https:\/\/blog.saocamilo-sp.br\/","name":"Blog S\u00e3o Camilo","description":"Blog do Centro Universit\u00e1rio S\u00e3o Camilo","publisher":{"@id":"https:\/\/blog.saocamilo-sp.br\/#organization"},"potentialAction":[{"@type":"SearchAction","target":{"@type":"EntryPoint","urlTemplate":"https:\/\/blog.saocamilo-sp.br\/?s={search_term_string}"},"query-input":{"@type":"PropertyValueSpecification","valueRequired":true,"valueName":"search_term_string"}}],"inLanguage":"pt-BR"},{"@type":"Organization","@id":"https:\/\/blog.saocamilo-sp.br\/#organization","name":"Blog S\u00e3o Camilo","url":"https:\/\/blog.saocamilo-sp.br\/","logo":{"@type":"ImageObject","inLanguage":"pt-BR","@id":"https:\/\/blog.saocamilo-sp.br\/#\/schema\/logo\/image\/","url":"https:\/\/blog.saocamilo-sp.br\/wp-content\/uploads\/2021\/12\/cropped-vazio-logo-topo.png","contentUrl":"https:\/\/blog.saocamilo-sp.br\/wp-content\/uploads\/2021\/12\/cropped-vazio-logo-topo.png","width":320,"height":240,"caption":"Blog S\u00e3o Camilo"},"image":{"@id":"https:\/\/blog.saocamilo-sp.br\/#\/schema\/logo\/image\/"},"sameAs":["https:\/\/www.facebook.com\/saocamilosp","https:\/\/x.com\/saocamilosp","https:\/\/www.linkedin.com\/school\/centro-universit-rio-s-o-camilo\/"]},{"@type":"Person","@id":"https:\/\/blog.saocamilo-sp.br\/#\/schema\/person\/7dce5f342af0848eb2f06778b2737904","name":"Christopher Oliveira dos Reis","image":{"@type":"ImageObject","inLanguage":"pt-BR","@id":"https:\/\/secure.gravatar.com\/avatar\/b09a1361215d06f22999124838358b6855376e2b7287de883b723960b0c03f82?s=96&d=mm&r=g","url":"https:\/\/secure.gravatar.com\/avatar\/b09a1361215d06f22999124838358b6855376e2b7287de883b723960b0c03f82?s=96&d=mm&r=g","contentUrl":"https:\/\/secure.gravatar.com\/avatar\/b09a1361215d06f22999124838358b6855376e2b7287de883b723960b0c03f82?s=96&d=mm&r=g","caption":"Christopher Oliveira dos Reis"},"url":"https:\/\/blog.saocamilo-sp.br\/index.php\/author\/christopher-reis\/"}]}},"_links":{"self":[{"href":"https:\/\/blog.saocamilo-sp.br\/index.php\/wp-json\/wp\/v2\/posts\/2739","targetHints":{"allow":["GET"]}}],"collection":[{"href":"https:\/\/blog.saocamilo-sp.br\/index.php\/wp-json\/wp\/v2\/posts"}],"about":[{"href":"https:\/\/blog.saocamilo-sp.br\/index.php\/wp-json\/wp\/v2\/types\/post"}],"author":[{"embeddable":true,"href":"https:\/\/blog.saocamilo-sp.br\/index.php\/wp-json\/wp\/v2\/users\/11"}],"replies":[{"embeddable":true,"href":"https:\/\/blog.saocamilo-sp.br\/index.php\/wp-json\/wp\/v2\/comments?post=2739"}],"version-history":[{"count":6,"href":"https:\/\/blog.saocamilo-sp.br\/index.php\/wp-json\/wp\/v2\/posts\/2739\/revisions"}],"predecessor-version":[{"id":2753,"href":"https:\/\/blog.saocamilo-sp.br\/index.php\/wp-json\/wp\/v2\/posts\/2739\/revisions\/2753"}],"wp:featuredmedia":[{"embeddable":true,"href":"https:\/\/blog.saocamilo-sp.br\/index.php\/wp-json\/wp\/v2\/media\/2741"}],"wp:attachment":[{"href":"https:\/\/blog.saocamilo-sp.br\/index.php\/wp-json\/wp\/v2\/media?parent=2739"}],"wp:term":[{"taxonomy":"category","embeddable":true,"href":"https:\/\/blog.saocamilo-sp.br\/index.php\/wp-json\/wp\/v2\/categories?post=2739"},{"taxonomy":"post_tag","embeddable":true,"href":"https:\/\/blog.saocamilo-sp.br\/index.php\/wp-json\/wp\/v2\/tags?post=2739"}],"curies":[{"name":"wp","href":"https:\/\/api.w.org\/{rel}","templated":true}]}}