{"id":2754,"date":"2024-07-19T11:18:10","date_gmt":"2024-07-19T14:18:10","guid":{"rendered":"https:\/\/blog.saocamilo-sp.br\/?p=2754"},"modified":"2024-07-25T18:25:31","modified_gmt":"2024-07-25T21:25:31","slug":"pediatra-orienta-como-proteger-seu-filho-contra-a-bronquiolite-e-coqueluche","status":"publish","type":"post","link":"https:\/\/blog.saocamilo-sp.br\/index.php\/2024\/07\/19\/pediatra-orienta-como-proteger-seu-filho-contra-a-bronquiolite-e-coqueluche\/","title":{"rendered":"Pediatra orienta como proteger seu filho contra a bronquiolite e coqueluche"},"content":{"rendered":"\n<p>Ambas doen\u00e7as, bronquiolite e coqueluche, s\u00e3o transmitidas especialmente no inverno e t\u00eam alguns sintomas parecidos<\/p>\n\n\n\n<p>O inverno \u00e9 a esta\u00e7\u00e3o do ano marcada por baixas temperaturas, aumento da umidade do ar e mudan\u00e7as bruscas de clima. Al\u00e9m disso, esses fatores criam um ambiente prop\u00edcio para o surgimento e a propaga\u00e7\u00e3o de diversas doen\u00e7as e nesse contexto \u00e9 comum as pessoas ficarem em lugares fechados e sem muita ventila\u00e7\u00e3o. Consequentemente, as crian\u00e7as s\u00e3o as mais vulner\u00e1veis a ter infec\u00e7\u00f5es respirat\u00f3rias, devido \u00e0 falta de maturidade do sistema imunol\u00f3gico.<br><br>S\u00e3o diversas doen\u00e7as que podem ter sintomas parecidos e exigem aten\u00e7\u00e3o dos pais e dos profissionais de Sa\u00fade: tosse seca, febre, falta de ar e cansa\u00e7o s\u00e3o sintomas que podem ser confundidos com gripes, resfriados e at\u00e9 Covid-19. No entanto, mas neste inverno duas doen\u00e7as surgiram com mais frequ\u00eancia \u2013 a coqueluche e a bronquiolite.<br><br>O professor de Pediatria do<a href=\"https:\/\/saocamilo-sp.br\/\" target=\"_blank\" rel=\"noreferrer noopener\"> Centro Universit\u00e1rio S\u00e3o Camilo<\/a>, Marcelo Iampolski, explicou como s\u00e3o essas patologias e como elas podem ser prevenidas.&nbsp;<\/p>\n\n\n\n<h3 class=\"wp-block-heading\"><br>Coqueluche<\/h3>\n\n\n\n<p>A doen\u00e7a, na d\u00e9cada de 1980, chegou a contaminar cerca de 40 mil pessoas onde? e a cada ano vem apresentando queda, devido \u00e0 cobertura vacinal. No entanto, por ser uma doen\u00e7a c\u00edclica, que ocorre em intervalos de tr\u00eas a cinco anos, h\u00e1 aumento esperado no n\u00famero de casos periodicamente. S\u00f3 neste ano foram notificados 165 casos de coqueluche apenas no estado de S\u00e3o Paulo.<\/p>\n\n\n\n<blockquote class=\"wp-block-quote is-layout-flow wp-block-quote-is-layout-flow\">\n<p>\u201cA coqueluche \u00e9 causada pela bact\u00e9ria Bordetella Pertussis, que pode ser transmitida por objetos ou got\u00edculas de tosse e espirros e \u00e9 especialmente perigosa para beb\u00eas que ainda n\u00e3o foram completamente vacinados.\u201d&nbsp;<\/p>\n<cite>Marcelo Iampolski<\/cite><\/blockquote>\n\n\n\n<p>Al\u00e9m de beb\u00eas, crian\u00e7as pequenas e adultos podem desenvolver a doen\u00e7a de forma mais leve. A patologia tem curso prolongado, podendo durar de semanas a meses, sendo frequentemente dividida em tr\u00eas fases: catarral (semelhante a um resfriado), parox\u00edstica (tosse intensa) e convalescente (recupera\u00e7\u00e3o gradual). Sua preven\u00e7\u00e3o \u00e9 feita por meio da vacina\u00e7\u00e3o dTpa para adolescentes e adultos. Nos beb\u00eas, devem ser aplicadas no m\u00ednimo tr\u00eas doses da vacina pentavalente (DTP+Hib+Hepatite B), com refor\u00e7o aos 15 meses de idade e segundo refor\u00e7o aos 4 anos de idade com a tr\u00edplice bacteriana (DTP). Al\u00e9m disso, gestantes devem fazer uma dose da vacina do tipo adulto (dTpa) a partir da 20\u00aa semana de gravidez.<\/p>\n\n\n\n<h3 class=\"wp-block-heading\">Bronquiolite<\/h3>\n\n\n\n<p>Segundo o professor de Medicina do Centro Universit\u00e1rio S\u00e3o Camilo, a bronquiolite \u00e9 uma patologia causada por um conjunto de agentes, sendo o principal deles o V\u00edrus Sincicial Respirat\u00f3rio (VSR), que tem distribui\u00e7\u00e3o sazonal principalmente a partir de mar\u00e7o at\u00e9 meados de julho, mas h\u00e1 a circula\u00e7\u00e3o durante o ano inteiro. Trata-se de uma infec\u00e7\u00e3o viral que acomete o trato respirat\u00f3rio inferior, geralmente precedido por outra infec\u00e7\u00e3o de sintomatologia variada. \u00c9 geralmente benigna, por\u00e9m principalmente em grupos de riscos como rec\u00e9m-nascidos prematuros, menores de seis meses, cardiopatas e crian\u00e7as com doen\u00e7as pulmonares, podem apresentar complica\u00e7\u00f5es mais frequentes.<\/p>\n\n\n\n<p>Normalmente, ela come\u00e7a como um resfriado comum e, em alguns dias, evolui para sintomas respirat\u00f3rios mais graves. A recupera\u00e7\u00e3o completa pode levar algumas semanas. Os sintomas podem variar, mas normalmente iniciam-se com coriza, tosse seca, diminui\u00e7\u00e3o do apetite e desconforto respirat\u00f3rio mais leve, at\u00e9 sinais de cianose, que \u00e9 uma colora\u00e7\u00e3o azul viol\u00e1cea da pele e das mucosas devido \u00e0 oxigena\u00e7\u00e3o insuficiente do sangue.<\/p>\n\n\n\n<blockquote class=\"wp-block-quote is-layout-flow wp-block-quote-is-layout-flow\">\n<p>\u201cUma \u00f3tima not\u00edcia foi a libera\u00e7\u00e3o do registro para a vacina\u00e7\u00e3o contra a bronquiolite. A princ\u00edpio essa \u00e9 uma vacina que deve ser aplicada em gestantes no final da gesta\u00e7\u00e3o e em dose \u00fanica intramuscular e que se mostrou extremamente eficaz, protegendo o rec\u00e9m-nascido principalmente nos primeiros tr\u00eas meses da vida.\u201d<\/p>\n<cite>Marcelo iampolsky<\/cite><\/blockquote>\n\n\n\n<h3 class=\"wp-block-heading\">Preven\u00e7\u00e3o e Diferen\u00e7as entre Bronquiolite e Coqueluche<\/h3>\n\n\n\n<p>O professor Iampolski completa que, para prevenir ambas as doen\u00e7as, as recomenda\u00e7\u00f5es s\u00e3o evitar levar crian\u00e7as com idade abaixo de um ano a ambientes aglomerados e sem ventila\u00e7\u00e3o, al\u00e9m de evitar o contato com pessoas doentes.<\/p>\n\n\n\n<p>Embora as duas patologias afetem o sistema respirat\u00f3rio e possam ser graves, especialmente em crian\u00e7as pequenas, a bronquiolite \u00e9 viral e mais comum em beb\u00eas. Por outro lado, a coqueluche \u00e9 bacteriana e pode afetar pessoas de todas as idades. Assim sendo, \u00e9 preven\u00edvel por meio da vacina\u00e7\u00e3o. Portanto, \u00e9 importante estar ciente dos sintomas e buscar atendimento m\u00e9dico adequado para o diagn\u00f3stico e tratamento corretos.<\/p>\n\n\n\n<h4 class=\"wp-block-heading\"><strong>Veja tamb\u00e9m<\/strong>:<\/h4>\n\n\n\n<ul class=\"wp-block-list\">\n<li><a href=\"https:\/\/blog.saocamilo-sp.br\/index.php\/2024\/06\/26\/colesterol-bom-e-ruim-precisa-estar-equilibrado-para-sua-saude\/\">Colesterol bom e ruim precisa estar equilibrado para sua sa\u00fade<\/a><\/li>\n\n\n\n<li><a href=\"https:\/\/blog.saocamilo-sp.br\/index.php\/2024\/06\/20\/inverno\/\">In\u00edcio do Inverno: Dicas para se proteger do frio<\/a><\/li>\n\n\n\n<li><a href=\"https:\/\/blog.saocamilo-sp.br\/index.php\/2023\/12\/05\/docente-de-medicina-aborda-cuidados-para-gravidas-em-dias-quentes\/\">Docente de medicina aborda cuidados para gr\u00e1vidas em dias quentes<\/a><\/li>\n<\/ul>\n\n\n\n<p>Saiba mais sobre nossos cursos:  https:\/\/saocamilo.apprbs.com.br\/tenho-interesse-blog<\/p>\n\n\n\n<p><\/p>\n","protected":false},"excerpt":{"rendered":"<p>O professor de Pediatria da S\u00e3o Camilo, Marcelo Iampolski, explicou como s\u00e3o essas patologias e como elas podem ser prevenidas.\u00a0<\/p>\n","protected":false},"author":11,"featured_media":2757,"comment_status":"open","ping_status":"open","sticky":false,"template":"","format":"standard","meta":{"cybocfi_hide_featured_image":"","footnotes":""},"categories":[30,79],"tags":[12,17],"class_list":["post-2754","post","type-post","status-publish","format-standard","has-post-thumbnail","hentry","category-medicina","category-saude","tag-medicina","tag-saude"],"yoast_head":"<!-- This site is optimized with the Yoast SEO plugin v27.5 - https:\/\/yoast.com\/product\/yoast-seo-wordpress\/ -->\n<title>Pediatra orienta como proteger seu filho contra a bronquiolite e coqueluche<\/title>\n<meta name=\"description\" content=\"O professor de Pediatria da S\u00e3o Camilo, Marcelo Iampolski, explicou sobre os sintomas e preven\u00e7\u00e3o da bronquiolite e coqueluche.\" \/>\n<meta name=\"robots\" content=\"index, follow, max-snippet:-1, max-image-preview:large, max-video-preview:-1\" \/>\n<link rel=\"canonical\" href=\"https:\/\/blog.saocamilo-sp.br\/index.php\/2024\/07\/19\/pediatra-orienta-como-proteger-seu-filho-contra-a-bronquiolite-e-coqueluche\/\" \/>\n<meta property=\"og:locale\" content=\"pt_BR\" \/>\n<meta property=\"og:type\" content=\"article\" \/>\n<meta property=\"og:title\" content=\"Pediatra orienta como proteger seu filho contra a bronquiolite e coqueluche\" \/>\n<meta property=\"og:description\" content=\"O professor de Pediatria da S\u00e3o Camilo, Marcelo Iampolski, explicou sobre os sintomas e preven\u00e7\u00e3o da bronquiolite e coqueluche.\" \/>\n<meta property=\"og:url\" content=\"https:\/\/blog.saocamilo-sp.br\/index.php\/2024\/07\/19\/pediatra-orienta-como-proteger-seu-filho-contra-a-bronquiolite-e-coqueluche\/\" \/>\n<meta property=\"og:site_name\" content=\"Blog S\u00e3o Camilo\" \/>\n<meta property=\"article:publisher\" content=\"https:\/\/www.facebook.com\/saocamilosp\" \/>\n<meta property=\"article:published_time\" content=\"2024-07-19T14:18:10+00:00\" \/>\n<meta property=\"article:modified_time\" content=\"2024-07-25T21:25:31+00:00\" \/>\n<meta property=\"og:image\" content=\"https:\/\/blog.saocamilo-sp.br\/wp-content\/uploads\/2024\/07\/bronquiolite-e-a-coqueluche.jpg\" \/>\n\t<meta property=\"og:image:width\" content=\"1601\" \/>\n\t<meta property=\"og:image:height\" content=\"1076\" \/>\n\t<meta property=\"og:image:type\" content=\"image\/jpeg\" \/>\n<meta name=\"author\" content=\"Christopher Oliveira dos Reis\" \/>\n<meta name=\"twitter:card\" content=\"summary_large_image\" \/>\n<meta name=\"twitter:creator\" content=\"@saocamilosp\" \/>\n<meta name=\"twitter:site\" content=\"@saocamilosp\" \/>\n<meta name=\"twitter:label1\" content=\"Escrito por\" \/>\n\t<meta name=\"twitter:data1\" content=\"Christopher Oliveira dos Reis\" \/>\n\t<meta name=\"twitter:label2\" content=\"Est. tempo de leitura\" \/>\n\t<meta name=\"twitter:data2\" content=\"4 minutos\" \/>\n<script type=\"application\/ld+json\" class=\"yoast-schema-graph\">{\"@context\":\"https:\\\/\\\/schema.org\",\"@graph\":[{\"@type\":\"Article\",\"@id\":\"https:\\\/\\\/blog.saocamilo-sp.br\\\/index.php\\\/2024\\\/07\\\/19\\\/pediatra-orienta-como-proteger-seu-filho-contra-a-bronquiolite-e-coqueluche\\\/#article\",\"isPartOf\":{\"@id\":\"https:\\\/\\\/blog.saocamilo-sp.br\\\/index.php\\\/2024\\\/07\\\/19\\\/pediatra-orienta-como-proteger-seu-filho-contra-a-bronquiolite-e-coqueluche\\\/\"},\"author\":{\"name\":\"Christopher Oliveira dos Reis\",\"@id\":\"https:\\\/\\\/blog.saocamilo-sp.br\\\/#\\\/schema\\\/person\\\/7dce5f342af0848eb2f06778b2737904\"},\"headline\":\"Pediatra orienta como proteger seu filho contra a bronquiolite e coqueluche\",\"datePublished\":\"2024-07-19T14:18:10+00:00\",\"dateModified\":\"2024-07-25T21:25:31+00:00\",\"mainEntityOfPage\":{\"@id\":\"https:\\\/\\\/blog.saocamilo-sp.br\\\/index.php\\\/2024\\\/07\\\/19\\\/pediatra-orienta-como-proteger-seu-filho-contra-a-bronquiolite-e-coqueluche\\\/\"},\"wordCount\":836,\"commentCount\":0,\"publisher\":{\"@id\":\"https:\\\/\\\/blog.saocamilo-sp.br\\\/#organization\"},\"image\":{\"@id\":\"https:\\\/\\\/blog.saocamilo-sp.br\\\/index.php\\\/2024\\\/07\\\/19\\\/pediatra-orienta-como-proteger-seu-filho-contra-a-bronquiolite-e-coqueluche\\\/#primaryimage\"},\"thumbnailUrl\":\"https:\\\/\\\/blog.saocamilo-sp.br\\\/wp-content\\\/uploads\\\/2024\\\/07\\\/bronquiolite-e-a-coqueluche.jpg\",\"keywords\":[\"Medicina\",\"Sa\u00fade\"],\"articleSection\":[\"Medicina\",\"Sa\u00fade\"],\"inLanguage\":\"pt-BR\",\"potentialAction\":[{\"@type\":\"CommentAction\",\"name\":\"Comment\",\"target\":[\"https:\\\/\\\/blog.saocamilo-sp.br\\\/index.php\\\/2024\\\/07\\\/19\\\/pediatra-orienta-como-proteger-seu-filho-contra-a-bronquiolite-e-coqueluche\\\/#respond\"]}]},{\"@type\":\"WebPage\",\"@id\":\"https:\\\/\\\/blog.saocamilo-sp.br\\\/index.php\\\/2024\\\/07\\\/19\\\/pediatra-orienta-como-proteger-seu-filho-contra-a-bronquiolite-e-coqueluche\\\/\",\"url\":\"https:\\\/\\\/blog.saocamilo-sp.br\\\/index.php\\\/2024\\\/07\\\/19\\\/pediatra-orienta-como-proteger-seu-filho-contra-a-bronquiolite-e-coqueluche\\\/\",\"name\":\"Pediatra orienta como proteger seu filho contra a bronquiolite e coqueluche\",\"isPartOf\":{\"@id\":\"https:\\\/\\\/blog.saocamilo-sp.br\\\/#website\"},\"primaryImageOfPage\":{\"@id\":\"https:\\\/\\\/blog.saocamilo-sp.br\\\/index.php\\\/2024\\\/07\\\/19\\\/pediatra-orienta-como-proteger-seu-filho-contra-a-bronquiolite-e-coqueluche\\\/#primaryimage\"},\"image\":{\"@id\":\"https:\\\/\\\/blog.saocamilo-sp.br\\\/index.php\\\/2024\\\/07\\\/19\\\/pediatra-orienta-como-proteger-seu-filho-contra-a-bronquiolite-e-coqueluche\\\/#primaryimage\"},\"thumbnailUrl\":\"https:\\\/\\\/blog.saocamilo-sp.br\\\/wp-content\\\/uploads\\\/2024\\\/07\\\/bronquiolite-e-a-coqueluche.jpg\",\"datePublished\":\"2024-07-19T14:18:10+00:00\",\"dateModified\":\"2024-07-25T21:25:31+00:00\",\"description\":\"O professor de Pediatria da S\u00e3o Camilo, Marcelo Iampolski, explicou sobre os sintomas e preven\u00e7\u00e3o da bronquiolite e coqueluche.\",\"breadcrumb\":{\"@id\":\"https:\\\/\\\/blog.saocamilo-sp.br\\\/index.php\\\/2024\\\/07\\\/19\\\/pediatra-orienta-como-proteger-seu-filho-contra-a-bronquiolite-e-coqueluche\\\/#breadcrumb\"},\"inLanguage\":\"pt-BR\",\"potentialAction\":[{\"@type\":\"ReadAction\",\"target\":[\"https:\\\/\\\/blog.saocamilo-sp.br\\\/index.php\\\/2024\\\/07\\\/19\\\/pediatra-orienta-como-proteger-seu-filho-contra-a-bronquiolite-e-coqueluche\\\/\"]}]},{\"@type\":\"ImageObject\",\"inLanguage\":\"pt-BR\",\"@id\":\"https:\\\/\\\/blog.saocamilo-sp.br\\\/index.php\\\/2024\\\/07\\\/19\\\/pediatra-orienta-como-proteger-seu-filho-contra-a-bronquiolite-e-coqueluche\\\/#primaryimage\",\"url\":\"https:\\\/\\\/blog.saocamilo-sp.br\\\/wp-content\\\/uploads\\\/2024\\\/07\\\/bronquiolite-e-a-coqueluche.jpg\",\"contentUrl\":\"https:\\\/\\\/blog.saocamilo-sp.br\\\/wp-content\\\/uploads\\\/2024\\\/07\\\/bronquiolite-e-a-coqueluche.jpg\",\"width\":1601,\"height\":1076},{\"@type\":\"BreadcrumbList\",\"@id\":\"https:\\\/\\\/blog.saocamilo-sp.br\\\/index.php\\\/2024\\\/07\\\/19\\\/pediatra-orienta-como-proteger-seu-filho-contra-a-bronquiolite-e-coqueluche\\\/#breadcrumb\",\"itemListElement\":[{\"@type\":\"ListItem\",\"position\":1,\"name\":\"In\u00edcio\",\"item\":\"https:\\\/\\\/blog.saocamilo-sp.br\\\/\"},{\"@type\":\"ListItem\",\"position\":2,\"name\":\"Pediatra orienta como proteger seu filho contra a bronquiolite e coqueluche\"}]},{\"@type\":\"WebSite\",\"@id\":\"https:\\\/\\\/blog.saocamilo-sp.br\\\/#website\",\"url\":\"https:\\\/\\\/blog.saocamilo-sp.br\\\/\",\"name\":\"Blog S\u00e3o Camilo\",\"description\":\"Blog do Centro Universit\u00e1rio S\u00e3o Camilo\",\"publisher\":{\"@id\":\"https:\\\/\\\/blog.saocamilo-sp.br\\\/#organization\"},\"potentialAction\":[{\"@type\":\"SearchAction\",\"target\":{\"@type\":\"EntryPoint\",\"urlTemplate\":\"https:\\\/\\\/blog.saocamilo-sp.br\\\/?s={search_term_string}\"},\"query-input\":{\"@type\":\"PropertyValueSpecification\",\"valueRequired\":true,\"valueName\":\"search_term_string\"}}],\"inLanguage\":\"pt-BR\"},{\"@type\":\"Organization\",\"@id\":\"https:\\\/\\\/blog.saocamilo-sp.br\\\/#organization\",\"name\":\"Blog S\u00e3o Camilo\",\"url\":\"https:\\\/\\\/blog.saocamilo-sp.br\\\/\",\"logo\":{\"@type\":\"ImageObject\",\"inLanguage\":\"pt-BR\",\"@id\":\"https:\\\/\\\/blog.saocamilo-sp.br\\\/#\\\/schema\\\/logo\\\/image\\\/\",\"url\":\"https:\\\/\\\/blog.saocamilo-sp.br\\\/wp-content\\\/uploads\\\/2021\\\/12\\\/cropped-vazio-logo-topo.png\",\"contentUrl\":\"https:\\\/\\\/blog.saocamilo-sp.br\\\/wp-content\\\/uploads\\\/2021\\\/12\\\/cropped-vazio-logo-topo.png\",\"width\":320,\"height\":240,\"caption\":\"Blog S\u00e3o Camilo\"},\"image\":{\"@id\":\"https:\\\/\\\/blog.saocamilo-sp.br\\\/#\\\/schema\\\/logo\\\/image\\\/\"},\"sameAs\":[\"https:\\\/\\\/www.facebook.com\\\/saocamilosp\",\"https:\\\/\\\/x.com\\\/saocamilosp\",\"https:\\\/\\\/www.linkedin.com\\\/school\\\/centro-universit-rio-s-o-camilo\\\/\"]},{\"@type\":\"Person\",\"@id\":\"https:\\\/\\\/blog.saocamilo-sp.br\\\/#\\\/schema\\\/person\\\/7dce5f342af0848eb2f06778b2737904\",\"name\":\"Christopher Oliveira dos Reis\",\"image\":{\"@type\":\"ImageObject\",\"inLanguage\":\"pt-BR\",\"@id\":\"https:\\\/\\\/secure.gravatar.com\\\/avatar\\\/b09a1361215d06f22999124838358b6855376e2b7287de883b723960b0c03f82?s=96&d=mm&r=g\",\"url\":\"https:\\\/\\\/secure.gravatar.com\\\/avatar\\\/b09a1361215d06f22999124838358b6855376e2b7287de883b723960b0c03f82?s=96&d=mm&r=g\",\"contentUrl\":\"https:\\\/\\\/secure.gravatar.com\\\/avatar\\\/b09a1361215d06f22999124838358b6855376e2b7287de883b723960b0c03f82?s=96&d=mm&r=g\",\"caption\":\"Christopher Oliveira dos Reis\"},\"url\":\"https:\\\/\\\/blog.saocamilo-sp.br\\\/index.php\\\/author\\\/christopher-reis\\\/\"}]}<\/script>\n<!-- \/ Yoast SEO plugin. -->","yoast_head_json":{"title":"Pediatra orienta como proteger seu filho contra a bronquiolite e coqueluche","description":"O professor de Pediatria da S\u00e3o Camilo, Marcelo Iampolski, explicou sobre os sintomas e preven\u00e7\u00e3o da bronquiolite e coqueluche.","robots":{"index":"index","follow":"follow","max-snippet":"max-snippet:-1","max-image-preview":"max-image-preview:large","max-video-preview":"max-video-preview:-1"},"canonical":"https:\/\/blog.saocamilo-sp.br\/index.php\/2024\/07\/19\/pediatra-orienta-como-proteger-seu-filho-contra-a-bronquiolite-e-coqueluche\/","og_locale":"pt_BR","og_type":"article","og_title":"Pediatra orienta como proteger seu filho contra a bronquiolite e coqueluche","og_description":"O professor de Pediatria da S\u00e3o Camilo, Marcelo Iampolski, explicou sobre os sintomas e preven\u00e7\u00e3o da bronquiolite e coqueluche.","og_url":"https:\/\/blog.saocamilo-sp.br\/index.php\/2024\/07\/19\/pediatra-orienta-como-proteger-seu-filho-contra-a-bronquiolite-e-coqueluche\/","og_site_name":"Blog S\u00e3o Camilo","article_publisher":"https:\/\/www.facebook.com\/saocamilosp","article_published_time":"2024-07-19T14:18:10+00:00","article_modified_time":"2024-07-25T21:25:31+00:00","og_image":[{"width":1601,"height":1076,"url":"https:\/\/blog.saocamilo-sp.br\/wp-content\/uploads\/2024\/07\/bronquiolite-e-a-coqueluche.jpg","type":"image\/jpeg"}],"author":"Christopher Oliveira dos Reis","twitter_card":"summary_large_image","twitter_creator":"@saocamilosp","twitter_site":"@saocamilosp","twitter_misc":{"Escrito por":"Christopher Oliveira dos Reis","Est. tempo de leitura":"4 minutos"},"schema":{"@context":"https:\/\/schema.org","@graph":[{"@type":"Article","@id":"https:\/\/blog.saocamilo-sp.br\/index.php\/2024\/07\/19\/pediatra-orienta-como-proteger-seu-filho-contra-a-bronquiolite-e-coqueluche\/#article","isPartOf":{"@id":"https:\/\/blog.saocamilo-sp.br\/index.php\/2024\/07\/19\/pediatra-orienta-como-proteger-seu-filho-contra-a-bronquiolite-e-coqueluche\/"},"author":{"name":"Christopher Oliveira dos Reis","@id":"https:\/\/blog.saocamilo-sp.br\/#\/schema\/person\/7dce5f342af0848eb2f06778b2737904"},"headline":"Pediatra orienta como proteger seu filho contra a bronquiolite e coqueluche","datePublished":"2024-07-19T14:18:10+00:00","dateModified":"2024-07-25T21:25:31+00:00","mainEntityOfPage":{"@id":"https:\/\/blog.saocamilo-sp.br\/index.php\/2024\/07\/19\/pediatra-orienta-como-proteger-seu-filho-contra-a-bronquiolite-e-coqueluche\/"},"wordCount":836,"commentCount":0,"publisher":{"@id":"https:\/\/blog.saocamilo-sp.br\/#organization"},"image":{"@id":"https:\/\/blog.saocamilo-sp.br\/index.php\/2024\/07\/19\/pediatra-orienta-como-proteger-seu-filho-contra-a-bronquiolite-e-coqueluche\/#primaryimage"},"thumbnailUrl":"https:\/\/blog.saocamilo-sp.br\/wp-content\/uploads\/2024\/07\/bronquiolite-e-a-coqueluche.jpg","keywords":["Medicina","Sa\u00fade"],"articleSection":["Medicina","Sa\u00fade"],"inLanguage":"pt-BR","potentialAction":[{"@type":"CommentAction","name":"Comment","target":["https:\/\/blog.saocamilo-sp.br\/index.php\/2024\/07\/19\/pediatra-orienta-como-proteger-seu-filho-contra-a-bronquiolite-e-coqueluche\/#respond"]}]},{"@type":"WebPage","@id":"https:\/\/blog.saocamilo-sp.br\/index.php\/2024\/07\/19\/pediatra-orienta-como-proteger-seu-filho-contra-a-bronquiolite-e-coqueluche\/","url":"https:\/\/blog.saocamilo-sp.br\/index.php\/2024\/07\/19\/pediatra-orienta-como-proteger-seu-filho-contra-a-bronquiolite-e-coqueluche\/","name":"Pediatra orienta como proteger seu filho contra a bronquiolite e coqueluche","isPartOf":{"@id":"https:\/\/blog.saocamilo-sp.br\/#website"},"primaryImageOfPage":{"@id":"https:\/\/blog.saocamilo-sp.br\/index.php\/2024\/07\/19\/pediatra-orienta-como-proteger-seu-filho-contra-a-bronquiolite-e-coqueluche\/#primaryimage"},"image":{"@id":"https:\/\/blog.saocamilo-sp.br\/index.php\/2024\/07\/19\/pediatra-orienta-como-proteger-seu-filho-contra-a-bronquiolite-e-coqueluche\/#primaryimage"},"thumbnailUrl":"https:\/\/blog.saocamilo-sp.br\/wp-content\/uploads\/2024\/07\/bronquiolite-e-a-coqueluche.jpg","datePublished":"2024-07-19T14:18:10+00:00","dateModified":"2024-07-25T21:25:31+00:00","description":"O professor de Pediatria da S\u00e3o Camilo, Marcelo Iampolski, explicou sobre os sintomas e preven\u00e7\u00e3o da bronquiolite e coqueluche.","breadcrumb":{"@id":"https:\/\/blog.saocamilo-sp.br\/index.php\/2024\/07\/19\/pediatra-orienta-como-proteger-seu-filho-contra-a-bronquiolite-e-coqueluche\/#breadcrumb"},"inLanguage":"pt-BR","potentialAction":[{"@type":"ReadAction","target":["https:\/\/blog.saocamilo-sp.br\/index.php\/2024\/07\/19\/pediatra-orienta-como-proteger-seu-filho-contra-a-bronquiolite-e-coqueluche\/"]}]},{"@type":"ImageObject","inLanguage":"pt-BR","@id":"https:\/\/blog.saocamilo-sp.br\/index.php\/2024\/07\/19\/pediatra-orienta-como-proteger-seu-filho-contra-a-bronquiolite-e-coqueluche\/#primaryimage","url":"https:\/\/blog.saocamilo-sp.br\/wp-content\/uploads\/2024\/07\/bronquiolite-e-a-coqueluche.jpg","contentUrl":"https:\/\/blog.saocamilo-sp.br\/wp-content\/uploads\/2024\/07\/bronquiolite-e-a-coqueluche.jpg","width":1601,"height":1076},{"@type":"BreadcrumbList","@id":"https:\/\/blog.saocamilo-sp.br\/index.php\/2024\/07\/19\/pediatra-orienta-como-proteger-seu-filho-contra-a-bronquiolite-e-coqueluche\/#breadcrumb","itemListElement":[{"@type":"ListItem","position":1,"name":"In\u00edcio","item":"https:\/\/blog.saocamilo-sp.br\/"},{"@type":"ListItem","position":2,"name":"Pediatra orienta como proteger seu filho contra a bronquiolite e coqueluche"}]},{"@type":"WebSite","@id":"https:\/\/blog.saocamilo-sp.br\/#website","url":"https:\/\/blog.saocamilo-sp.br\/","name":"Blog S\u00e3o Camilo","description":"Blog do Centro Universit\u00e1rio S\u00e3o Camilo","publisher":{"@id":"https:\/\/blog.saocamilo-sp.br\/#organization"},"potentialAction":[{"@type":"SearchAction","target":{"@type":"EntryPoint","urlTemplate":"https:\/\/blog.saocamilo-sp.br\/?s={search_term_string}"},"query-input":{"@type":"PropertyValueSpecification","valueRequired":true,"valueName":"search_term_string"}}],"inLanguage":"pt-BR"},{"@type":"Organization","@id":"https:\/\/blog.saocamilo-sp.br\/#organization","name":"Blog S\u00e3o Camilo","url":"https:\/\/blog.saocamilo-sp.br\/","logo":{"@type":"ImageObject","inLanguage":"pt-BR","@id":"https:\/\/blog.saocamilo-sp.br\/#\/schema\/logo\/image\/","url":"https:\/\/blog.saocamilo-sp.br\/wp-content\/uploads\/2021\/12\/cropped-vazio-logo-topo.png","contentUrl":"https:\/\/blog.saocamilo-sp.br\/wp-content\/uploads\/2021\/12\/cropped-vazio-logo-topo.png","width":320,"height":240,"caption":"Blog S\u00e3o Camilo"},"image":{"@id":"https:\/\/blog.saocamilo-sp.br\/#\/schema\/logo\/image\/"},"sameAs":["https:\/\/www.facebook.com\/saocamilosp","https:\/\/x.com\/saocamilosp","https:\/\/www.linkedin.com\/school\/centro-universit-rio-s-o-camilo\/"]},{"@type":"Person","@id":"https:\/\/blog.saocamilo-sp.br\/#\/schema\/person\/7dce5f342af0848eb2f06778b2737904","name":"Christopher Oliveira dos Reis","image":{"@type":"ImageObject","inLanguage":"pt-BR","@id":"https:\/\/secure.gravatar.com\/avatar\/b09a1361215d06f22999124838358b6855376e2b7287de883b723960b0c03f82?s=96&d=mm&r=g","url":"https:\/\/secure.gravatar.com\/avatar\/b09a1361215d06f22999124838358b6855376e2b7287de883b723960b0c03f82?s=96&d=mm&r=g","contentUrl":"https:\/\/secure.gravatar.com\/avatar\/b09a1361215d06f22999124838358b6855376e2b7287de883b723960b0c03f82?s=96&d=mm&r=g","caption":"Christopher Oliveira dos Reis"},"url":"https:\/\/blog.saocamilo-sp.br\/index.php\/author\/christopher-reis\/"}]}},"_links":{"self":[{"href":"https:\/\/blog.saocamilo-sp.br\/index.php\/wp-json\/wp\/v2\/posts\/2754","targetHints":{"allow":["GET"]}}],"collection":[{"href":"https:\/\/blog.saocamilo-sp.br\/index.php\/wp-json\/wp\/v2\/posts"}],"about":[{"href":"https:\/\/blog.saocamilo-sp.br\/index.php\/wp-json\/wp\/v2\/types\/post"}],"author":[{"embeddable":true,"href":"https:\/\/blog.saocamilo-sp.br\/index.php\/wp-json\/wp\/v2\/users\/11"}],"replies":[{"embeddable":true,"href":"https:\/\/blog.saocamilo-sp.br\/index.php\/wp-json\/wp\/v2\/comments?post=2754"}],"version-history":[{"count":10,"href":"https:\/\/blog.saocamilo-sp.br\/index.php\/wp-json\/wp\/v2\/posts\/2754\/revisions"}],"predecessor-version":[{"id":2772,"href":"https:\/\/blog.saocamilo-sp.br\/index.php\/wp-json\/wp\/v2\/posts\/2754\/revisions\/2772"}],"wp:featuredmedia":[{"embeddable":true,"href":"https:\/\/blog.saocamilo-sp.br\/index.php\/wp-json\/wp\/v2\/media\/2757"}],"wp:attachment":[{"href":"https:\/\/blog.saocamilo-sp.br\/index.php\/wp-json\/wp\/v2\/media?parent=2754"}],"wp:term":[{"taxonomy":"category","embeddable":true,"href":"https:\/\/blog.saocamilo-sp.br\/index.php\/wp-json\/wp\/v2\/categories?post=2754"},{"taxonomy":"post_tag","embeddable":true,"href":"https:\/\/blog.saocamilo-sp.br\/index.php\/wp-json\/wp\/v2\/tags?post=2754"}],"curies":[{"name":"wp","href":"https:\/\/api.w.org\/{rel}","templated":true}]}}