{"id":2769,"date":"2024-07-19T15:30:57","date_gmt":"2024-07-19T18:30:57","guid":{"rendered":"https:\/\/blog.saocamilo-sp.br\/?p=2769"},"modified":"2024-08-02T15:31:31","modified_gmt":"2024-08-02T18:31:31","slug":"administrador","status":"publish","type":"post","link":"https:\/\/blog.saocamilo-sp.br\/index.php\/2024\/07\/19\/administrador\/","title":{"rendered":"Dia do Administrador Hospitalar: A Import\u00e2ncia da Gest\u00e3o na Sa\u00fade"},"content":{"rendered":"\n<p>Nesse m\u00eas, celebramos o Dia do Administrador Hospitalar. Este \u00e9 um momento para reconhecer a dedica\u00e7\u00e3o e o trabalho essencial desses profissionais que garantem o funcionamento eficiente das institui\u00e7\u00f5es de sa\u00fade. A gest\u00e3o hospitalar \u00e9 uma \u00e1rea vital, que vai muito al\u00e9m da administra\u00e7\u00e3o b\u00e1sica, abrangendo desde a log\u00edstica hospitalar at\u00e9 o gerenciamento de equipes e recursos financeiros.<\/p>\n\n\n\n<h4 class=\"wp-block-heading\">A Forma\u00e7\u00e3o em Gest\u00e3o Hospitalar<\/h4>\n\n\n\n<p>Para ingressar nessa \u00e1rea, existem diversas op\u00e7\u00f5es de forma\u00e7\u00e3o no <a href=\"https:\/\/saocamilo-sp.br\/\" target=\"_blank\" rel=\"noreferrer noopener\">Centro Universit\u00e1rio S\u00e3o Camilo<\/a>. O curso de Tecn\u00f3logo em<a href=\"https:\/\/saocamilo-sp.br\/pos_graduacao\/lato_sensu_distancia\/mba_gestao_saude\" target=\"_blank\" rel=\"noreferrer noopener\"> <\/a><a href=\"https:\/\/saocamilo-sp.br\/graduacao\/a_distancia\/gestao_hospitalar\" target=\"_blank\" rel=\"noreferrer noopener\">Gest\u00e3o em sa\u00fade <\/a>\u00e9 uma dessas op\u00e7\u00f5es. Este curso \u00e9 focado em preparar profissionais para lidar com os desafios di\u00e1rios dos hospitais e cl\u00ednicas. Os tecn\u00f3logos em gest\u00e3o hospitalar aprendem a coordenar servi\u00e7os de sa\u00fade, otimizar processos administrativos e assegurar a qualidade do atendimento ao paciente.<\/p>\n\n\n\n<p>Outra forma\u00e7\u00e3o essencial \u00e9 o <a href=\"https:\/\/saocamilo-sp.br\/pos_graduacao\/lato_sensu_distancia\/mba_gestao_saude\" target=\"_blank\" rel=\"noreferrer noopener\">MBA em Gest\u00e3o em sa\u00fade<\/a>. Este curso \u00e9 voltado para quem j\u00e1 atua na \u00e1rea da sa\u00fade e busca especializar-se em gest\u00e3o. O MBA oferece uma vis\u00e3o mais estrat\u00e9gica e aprofundada, abordando temas como lideran\u00e7a, planejamento e controle financeiro. Atrav\u00e9s deste curso, os profissionais s\u00e3o capacitados a tomar decis\u00f5es mais assertivas, implementar pol\u00edticas de melhoria cont\u00ednua e garantir a sustentabilidade das institui\u00e7\u00f5es de sa\u00fade.<\/p>\n\n\n\n<h4 class=\"wp-block-heading\">Import\u00e2ncia da Gest\u00e3o Hospitalar<\/h4>\n\n\n\n<p>A gest\u00e3o hospitalar \u00e9 crucial para o bom funcionamento de qualquer institui\u00e7\u00e3o de sa\u00fade. Administradores hospitalares s\u00e3o respons\u00e1veis por garantir que todos os setores do hospital funcionem de maneira integrada e eficiente. Eles atuam na gest\u00e3o de recursos humanos, materiais e financeiros, sempre buscando melhorar a qualidade do atendimento ao paciente.<\/p>\n\n\n\n<p>Al\u00e9m disso, a gest\u00e3o hospitalar \u00e9 fundamental para enfrentar crises, como a pandemia de COVID-19. Administradores bem treinados s\u00e3o capazes de implementar medidas r\u00e1pidas e eficazes, gerenciando o fluxo de pacientes e recursos, e garantindo a seguran\u00e7a de todos.<\/p>\n\n\n\n<h4 class=\"wp-block-heading\">O Futuro da Gest\u00e3o Hospitalar<\/h4>\n\n\n\n<p>Com a constante evolu\u00e7\u00e3o da medicina e das tecnologias de sa\u00fade, a gest\u00e3o hospitalar tamb\u00e9m precisa acompanhar essas mudan\u00e7as. Profissionais que investem em sua forma\u00e7\u00e3o, como o Tecn\u00f3logo em Gest\u00e3o Hospitalar ou o MBA em Gest\u00e3o Hospitalar, est\u00e3o mais preparados para enfrentar os desafios futuros. Eles ser\u00e3o capazes de implementar novas tecnologias, melhorar processos e garantir que os hospitais continuem a prestar servi\u00e7os de alta qualidade.<\/p>\n\n\n\n<p>Veja mais:<\/p>\n\n\n\n<ul class=\"wp-block-list\">\n<li><a href=\"https:\/\/blog.saocamilo-sp.br\/index.php\/2024\/04\/12\/docentes-da-sao-camilo-sao-selecionados-para-o-programa-de-global-summer-da-upaep\/\">Docentes Camilianos s\u00e3o selecionados para o Programa de Global Summer da UPAEP<\/a><\/li>\n\n\n\n<li><a href=\"https:\/\/blog.saocamilo-sp.br\/index.php\/2024\/02\/01\/oducal\/\">Pe. Jo\u00e3o Batista e Rayssa Rios s\u00e3o nomeados para a ODUCAL<\/a><\/li>\n\n\n\n<li><a href=\"https:\/\/blog.saocamilo-sp.br\/index.php\/2024\/04\/10\/parceria-entre-sao-camilo-e-onea-care-fomenta-oportunidades-profissionais-na-alemanha\/\">Parceri<\/a><a href=\"https:\/\/blog.saocamilo-sp.br\/index.php\/2024\/04\/10\/parceria-entre-sao-camilo-e-onea-care-fomenta-oportunidades-profissionais-na-alemanha\/\" target=\"_blank\" rel=\"noreferrer noopener\">a entre S\u00e3o Camilo e Onea Care&nbsp;fomenta oportunidades profissionais na Alemanha<\/a><\/li>\n<\/ul>\n\n\n\n<iframe loading=\"lazy\" src=\"https:\/\/saocamilo.apprbs.com.br\/tenho-interesse-blog\" height=\"530px\" width=\"100%\" frameborder=\"0\"><\/iframe>\n\n\n\n<p><\/p>\n","protected":false},"excerpt":{"rendered":"<p>Nesse m\u00eas, celebramos o Dia do Administrador Hospitalar. Este \u00e9 um momento para reconhecer a dedica\u00e7\u00e3o e o trabalho essencial desses profissionais que garantem o funcionamento eficiente das institui\u00e7\u00f5es de sa\u00fade.<\/p>\n","protected":false},"author":4,"featured_media":2776,"comment_status":"open","ping_status":"open","sticky":false,"template":"","format":"standard","meta":{"cybocfi_hide_featured_image":"","footnotes":""},"categories":[1],"tags":[8,166,17,16],"class_list":["post-2769","post","type-post","status-publish","format-standard","has-post-thumbnail","hentry","category-cursos","tag-administracao","tag-hospitalar","tag-saude","tag-vida-universitaria"],"yoast_head":"<!-- This site is optimized with the Yoast SEO plugin v27.4 - https:\/\/yoast.com\/product\/yoast-seo-wordpress\/ -->\n<title>Dia do Administrador Hospitalar: A Import\u00e2ncia da Gest\u00e3o na Sa\u00fade - Blog S\u00e3o Camilo<\/title>\n<meta name=\"description\" content=\"Nesse m\u00eas, celebramos o Dia do Administrador Hospitalar. Este \u00e9 um momento para reconhecer a dedica\u00e7\u00e3o e o trabalho essencial...\" \/>\n<meta name=\"robots\" content=\"index, follow, max-snippet:-1, max-image-preview:large, max-video-preview:-1\" \/>\n<link rel=\"canonical\" href=\"https:\/\/blog.saocamilo-sp.br\/index.php\/2024\/07\/19\/administrador\/\" \/>\n<meta property=\"og:locale\" content=\"pt_BR\" \/>\n<meta property=\"og:type\" content=\"article\" \/>\n<meta property=\"og:title\" content=\"Dia do Administrador Hospitalar: A Import\u00e2ncia da Gest\u00e3o na Sa\u00fade - Blog S\u00e3o Camilo\" \/>\n<meta property=\"og:description\" content=\"Nesse m\u00eas, celebramos o Dia do Administrador Hospitalar. Este \u00e9 um momento para reconhecer a dedica\u00e7\u00e3o e o trabalho essencial...\" \/>\n<meta property=\"og:url\" content=\"https:\/\/blog.saocamilo-sp.br\/index.php\/2024\/07\/19\/administrador\/\" \/>\n<meta property=\"og:site_name\" content=\"Blog S\u00e3o Camilo\" \/>\n<meta property=\"article:publisher\" content=\"https:\/\/www.facebook.com\/saocamilosp\" \/>\n<meta property=\"article:published_time\" content=\"2024-07-19T18:30:57+00:00\" \/>\n<meta property=\"article:modified_time\" content=\"2024-08-02T18:31:31+00:00\" \/>\n<meta property=\"og:image\" content=\"https:\/\/blog.saocamilo-sp.br\/wp-content\/uploads\/2024\/07\/Blog-Dia-do-Administrador-Hospitalar_Topo-Blog.jpg\" \/>\n\t<meta property=\"og:image:width\" content=\"1600\" \/>\n\t<meta property=\"og:image:height\" content=\"1079\" \/>\n\t<meta property=\"og:image:type\" content=\"image\/jpeg\" \/>\n<meta name=\"author\" content=\"Lucas Soares Gon\u00e7alves\" \/>\n<meta name=\"twitter:card\" content=\"summary_large_image\" \/>\n<meta name=\"twitter:creator\" content=\"@saocamilosp\" \/>\n<meta name=\"twitter:site\" content=\"@saocamilosp\" \/>\n<meta name=\"twitter:label1\" content=\"Escrito por\" \/>\n\t<meta name=\"twitter:data1\" content=\"Lucas Soares Gon\u00e7alves\" \/>\n\t<meta name=\"twitter:label2\" content=\"Est. tempo de leitura\" \/>\n\t<meta name=\"twitter:data2\" content=\"3 minutos\" \/>\n<script type=\"application\/ld+json\" class=\"yoast-schema-graph\">{\"@context\":\"https:\\\/\\\/schema.org\",\"@graph\":[{\"@type\":\"Article\",\"@id\":\"https:\\\/\\\/blog.saocamilo-sp.br\\\/index.php\\\/2024\\\/07\\\/19\\\/administrador\\\/#article\",\"isPartOf\":{\"@id\":\"https:\\\/\\\/blog.saocamilo-sp.br\\\/index.php\\\/2024\\\/07\\\/19\\\/administrador\\\/\"},\"author\":{\"name\":\"Lucas Soares Gon\u00e7alves\",\"@id\":\"https:\\\/\\\/blog.saocamilo-sp.br\\\/#\\\/schema\\\/person\\\/781135418152912d4b58f2db13a2eaf0\"},\"headline\":\"Dia do Administrador Hospitalar: A Import\u00e2ncia da Gest\u00e3o na Sa\u00fade\",\"datePublished\":\"2024-07-19T18:30:57+00:00\",\"dateModified\":\"2024-08-02T18:31:31+00:00\",\"mainEntityOfPage\":{\"@id\":\"https:\\\/\\\/blog.saocamilo-sp.br\\\/index.php\\\/2024\\\/07\\\/19\\\/administrador\\\/\"},\"wordCount\":476,\"commentCount\":0,\"publisher\":{\"@id\":\"https:\\\/\\\/blog.saocamilo-sp.br\\\/#organization\"},\"image\":{\"@id\":\"https:\\\/\\\/blog.saocamilo-sp.br\\\/index.php\\\/2024\\\/07\\\/19\\\/administrador\\\/#primaryimage\"},\"thumbnailUrl\":\"https:\\\/\\\/blog.saocamilo-sp.br\\\/wp-content\\\/uploads\\\/2024\\\/07\\\/Blog-Dia-do-Administrador-Hospitalar_Topo-Blog.jpg\",\"keywords\":[\"Administra\u00e7\u00e3o\",\"hospitalar\",\"Sa\u00fade\",\"Vida Universit\u00e1ria\"],\"articleSection\":[\"Cursos\"],\"inLanguage\":\"pt-BR\",\"potentialAction\":[{\"@type\":\"CommentAction\",\"name\":\"Comment\",\"target\":[\"https:\\\/\\\/blog.saocamilo-sp.br\\\/index.php\\\/2024\\\/07\\\/19\\\/administrador\\\/#respond\"]}]},{\"@type\":\"WebPage\",\"@id\":\"https:\\\/\\\/blog.saocamilo-sp.br\\\/index.php\\\/2024\\\/07\\\/19\\\/administrador\\\/\",\"url\":\"https:\\\/\\\/blog.saocamilo-sp.br\\\/index.php\\\/2024\\\/07\\\/19\\\/administrador\\\/\",\"name\":\"Dia do Administrador Hospitalar: A Import\u00e2ncia da Gest\u00e3o na Sa\u00fade - Blog S\u00e3o Camilo\",\"isPartOf\":{\"@id\":\"https:\\\/\\\/blog.saocamilo-sp.br\\\/#website\"},\"primaryImageOfPage\":{\"@id\":\"https:\\\/\\\/blog.saocamilo-sp.br\\\/index.php\\\/2024\\\/07\\\/19\\\/administrador\\\/#primaryimage\"},\"image\":{\"@id\":\"https:\\\/\\\/blog.saocamilo-sp.br\\\/index.php\\\/2024\\\/07\\\/19\\\/administrador\\\/#primaryimage\"},\"thumbnailUrl\":\"https:\\\/\\\/blog.saocamilo-sp.br\\\/wp-content\\\/uploads\\\/2024\\\/07\\\/Blog-Dia-do-Administrador-Hospitalar_Topo-Blog.jpg\",\"datePublished\":\"2024-07-19T18:30:57+00:00\",\"dateModified\":\"2024-08-02T18:31:31+00:00\",\"description\":\"Nesse m\u00eas, celebramos o Dia do Administrador Hospitalar. Este \u00e9 um momento para reconhecer a dedica\u00e7\u00e3o e o trabalho essencial...\",\"breadcrumb\":{\"@id\":\"https:\\\/\\\/blog.saocamilo-sp.br\\\/index.php\\\/2024\\\/07\\\/19\\\/administrador\\\/#breadcrumb\"},\"inLanguage\":\"pt-BR\",\"potentialAction\":[{\"@type\":\"ReadAction\",\"target\":[\"https:\\\/\\\/blog.saocamilo-sp.br\\\/index.php\\\/2024\\\/07\\\/19\\\/administrador\\\/\"]}]},{\"@type\":\"ImageObject\",\"inLanguage\":\"pt-BR\",\"@id\":\"https:\\\/\\\/blog.saocamilo-sp.br\\\/index.php\\\/2024\\\/07\\\/19\\\/administrador\\\/#primaryimage\",\"url\":\"https:\\\/\\\/blog.saocamilo-sp.br\\\/wp-content\\\/uploads\\\/2024\\\/07\\\/Blog-Dia-do-Administrador-Hospitalar_Topo-Blog.jpg\",\"contentUrl\":\"https:\\\/\\\/blog.saocamilo-sp.br\\\/wp-content\\\/uploads\\\/2024\\\/07\\\/Blog-Dia-do-Administrador-Hospitalar_Topo-Blog.jpg\",\"width\":1600,\"height\":1079},{\"@type\":\"BreadcrumbList\",\"@id\":\"https:\\\/\\\/blog.saocamilo-sp.br\\\/index.php\\\/2024\\\/07\\\/19\\\/administrador\\\/#breadcrumb\",\"itemListElement\":[{\"@type\":\"ListItem\",\"position\":1,\"name\":\"In\u00edcio\",\"item\":\"https:\\\/\\\/blog.saocamilo-sp.br\\\/\"},{\"@type\":\"ListItem\",\"position\":2,\"name\":\"Dia do Administrador Hospitalar: A Import\u00e2ncia da Gest\u00e3o na Sa\u00fade\"}]},{\"@type\":\"WebSite\",\"@id\":\"https:\\\/\\\/blog.saocamilo-sp.br\\\/#website\",\"url\":\"https:\\\/\\\/blog.saocamilo-sp.br\\\/\",\"name\":\"Blog S\u00e3o Camilo\",\"description\":\"Blog do Centro Universit\u00e1rio S\u00e3o Camilo\",\"publisher\":{\"@id\":\"https:\\\/\\\/blog.saocamilo-sp.br\\\/#organization\"},\"potentialAction\":[{\"@type\":\"SearchAction\",\"target\":{\"@type\":\"EntryPoint\",\"urlTemplate\":\"https:\\\/\\\/blog.saocamilo-sp.br\\\/?s={search_term_string}\"},\"query-input\":{\"@type\":\"PropertyValueSpecification\",\"valueRequired\":true,\"valueName\":\"search_term_string\"}}],\"inLanguage\":\"pt-BR\"},{\"@type\":\"Organization\",\"@id\":\"https:\\\/\\\/blog.saocamilo-sp.br\\\/#organization\",\"name\":\"Blog S\u00e3o Camilo\",\"url\":\"https:\\\/\\\/blog.saocamilo-sp.br\\\/\",\"logo\":{\"@type\":\"ImageObject\",\"inLanguage\":\"pt-BR\",\"@id\":\"https:\\\/\\\/blog.saocamilo-sp.br\\\/#\\\/schema\\\/logo\\\/image\\\/\",\"url\":\"https:\\\/\\\/blog.saocamilo-sp.br\\\/wp-content\\\/uploads\\\/2021\\\/12\\\/cropped-vazio-logo-topo.png\",\"contentUrl\":\"https:\\\/\\\/blog.saocamilo-sp.br\\\/wp-content\\\/uploads\\\/2021\\\/12\\\/cropped-vazio-logo-topo.png\",\"width\":320,\"height\":240,\"caption\":\"Blog S\u00e3o Camilo\"},\"image\":{\"@id\":\"https:\\\/\\\/blog.saocamilo-sp.br\\\/#\\\/schema\\\/logo\\\/image\\\/\"},\"sameAs\":[\"https:\\\/\\\/www.facebook.com\\\/saocamilosp\",\"https:\\\/\\\/x.com\\\/saocamilosp\",\"https:\\\/\\\/www.linkedin.com\\\/school\\\/centro-universit-rio-s-o-camilo\\\/\"]},{\"@type\":\"Person\",\"@id\":\"https:\\\/\\\/blog.saocamilo-sp.br\\\/#\\\/schema\\\/person\\\/781135418152912d4b58f2db13a2eaf0\",\"name\":\"Lucas Soares Gon\u00e7alves\",\"image\":{\"@type\":\"ImageObject\",\"inLanguage\":\"pt-BR\",\"@id\":\"https:\\\/\\\/secure.gravatar.com\\\/avatar\\\/bcd2d703cbb48116eaac2cac8643792535238ff30b2d7ce9e16f9254ec9cae83?s=96&d=mm&r=g\",\"url\":\"https:\\\/\\\/secure.gravatar.com\\\/avatar\\\/bcd2d703cbb48116eaac2cac8643792535238ff30b2d7ce9e16f9254ec9cae83?s=96&d=mm&r=g\",\"contentUrl\":\"https:\\\/\\\/secure.gravatar.com\\\/avatar\\\/bcd2d703cbb48116eaac2cac8643792535238ff30b2d7ce9e16f9254ec9cae83?s=96&d=mm&r=g\",\"caption\":\"Lucas Soares Gon\u00e7alves\"},\"url\":\"https:\\\/\\\/blog.saocamilo-sp.br\\\/index.php\\\/author\\\/lucas-soares-goncalves\\\/\"}]}<\/script>\n<!-- \/ Yoast SEO plugin. -->","yoast_head_json":{"title":"Dia do Administrador Hospitalar: A Import\u00e2ncia da Gest\u00e3o na Sa\u00fade - Blog S\u00e3o Camilo","description":"Nesse m\u00eas, celebramos o Dia do Administrador Hospitalar. Este \u00e9 um momento para reconhecer a dedica\u00e7\u00e3o e o trabalho essencial...","robots":{"index":"index","follow":"follow","max-snippet":"max-snippet:-1","max-image-preview":"max-image-preview:large","max-video-preview":"max-video-preview:-1"},"canonical":"https:\/\/blog.saocamilo-sp.br\/index.php\/2024\/07\/19\/administrador\/","og_locale":"pt_BR","og_type":"article","og_title":"Dia do Administrador Hospitalar: A Import\u00e2ncia da Gest\u00e3o na Sa\u00fade - Blog S\u00e3o Camilo","og_description":"Nesse m\u00eas, celebramos o Dia do Administrador Hospitalar. Este \u00e9 um momento para reconhecer a dedica\u00e7\u00e3o e o trabalho essencial...","og_url":"https:\/\/blog.saocamilo-sp.br\/index.php\/2024\/07\/19\/administrador\/","og_site_name":"Blog S\u00e3o Camilo","article_publisher":"https:\/\/www.facebook.com\/saocamilosp","article_published_time":"2024-07-19T18:30:57+00:00","article_modified_time":"2024-08-02T18:31:31+00:00","og_image":[{"width":1600,"height":1079,"url":"https:\/\/blog.saocamilo-sp.br\/wp-content\/uploads\/2024\/07\/Blog-Dia-do-Administrador-Hospitalar_Topo-Blog.jpg","type":"image\/jpeg"}],"author":"Lucas Soares Gon\u00e7alves","twitter_card":"summary_large_image","twitter_creator":"@saocamilosp","twitter_site":"@saocamilosp","twitter_misc":{"Escrito por":"Lucas Soares Gon\u00e7alves","Est. tempo de leitura":"3 minutos"},"schema":{"@context":"https:\/\/schema.org","@graph":[{"@type":"Article","@id":"https:\/\/blog.saocamilo-sp.br\/index.php\/2024\/07\/19\/administrador\/#article","isPartOf":{"@id":"https:\/\/blog.saocamilo-sp.br\/index.php\/2024\/07\/19\/administrador\/"},"author":{"name":"Lucas Soares Gon\u00e7alves","@id":"https:\/\/blog.saocamilo-sp.br\/#\/schema\/person\/781135418152912d4b58f2db13a2eaf0"},"headline":"Dia do Administrador Hospitalar: A Import\u00e2ncia da Gest\u00e3o na Sa\u00fade","datePublished":"2024-07-19T18:30:57+00:00","dateModified":"2024-08-02T18:31:31+00:00","mainEntityOfPage":{"@id":"https:\/\/blog.saocamilo-sp.br\/index.php\/2024\/07\/19\/administrador\/"},"wordCount":476,"commentCount":0,"publisher":{"@id":"https:\/\/blog.saocamilo-sp.br\/#organization"},"image":{"@id":"https:\/\/blog.saocamilo-sp.br\/index.php\/2024\/07\/19\/administrador\/#primaryimage"},"thumbnailUrl":"https:\/\/blog.saocamilo-sp.br\/wp-content\/uploads\/2024\/07\/Blog-Dia-do-Administrador-Hospitalar_Topo-Blog.jpg","keywords":["Administra\u00e7\u00e3o","hospitalar","Sa\u00fade","Vida Universit\u00e1ria"],"articleSection":["Cursos"],"inLanguage":"pt-BR","potentialAction":[{"@type":"CommentAction","name":"Comment","target":["https:\/\/blog.saocamilo-sp.br\/index.php\/2024\/07\/19\/administrador\/#respond"]}]},{"@type":"WebPage","@id":"https:\/\/blog.saocamilo-sp.br\/index.php\/2024\/07\/19\/administrador\/","url":"https:\/\/blog.saocamilo-sp.br\/index.php\/2024\/07\/19\/administrador\/","name":"Dia do Administrador Hospitalar: A Import\u00e2ncia da Gest\u00e3o na Sa\u00fade - Blog S\u00e3o Camilo","isPartOf":{"@id":"https:\/\/blog.saocamilo-sp.br\/#website"},"primaryImageOfPage":{"@id":"https:\/\/blog.saocamilo-sp.br\/index.php\/2024\/07\/19\/administrador\/#primaryimage"},"image":{"@id":"https:\/\/blog.saocamilo-sp.br\/index.php\/2024\/07\/19\/administrador\/#primaryimage"},"thumbnailUrl":"https:\/\/blog.saocamilo-sp.br\/wp-content\/uploads\/2024\/07\/Blog-Dia-do-Administrador-Hospitalar_Topo-Blog.jpg","datePublished":"2024-07-19T18:30:57+00:00","dateModified":"2024-08-02T18:31:31+00:00","description":"Nesse m\u00eas, celebramos o Dia do Administrador Hospitalar. Este \u00e9 um momento para reconhecer a dedica\u00e7\u00e3o e o trabalho essencial...","breadcrumb":{"@id":"https:\/\/blog.saocamilo-sp.br\/index.php\/2024\/07\/19\/administrador\/#breadcrumb"},"inLanguage":"pt-BR","potentialAction":[{"@type":"ReadAction","target":["https:\/\/blog.saocamilo-sp.br\/index.php\/2024\/07\/19\/administrador\/"]}]},{"@type":"ImageObject","inLanguage":"pt-BR","@id":"https:\/\/blog.saocamilo-sp.br\/index.php\/2024\/07\/19\/administrador\/#primaryimage","url":"https:\/\/blog.saocamilo-sp.br\/wp-content\/uploads\/2024\/07\/Blog-Dia-do-Administrador-Hospitalar_Topo-Blog.jpg","contentUrl":"https:\/\/blog.saocamilo-sp.br\/wp-content\/uploads\/2024\/07\/Blog-Dia-do-Administrador-Hospitalar_Topo-Blog.jpg","width":1600,"height":1079},{"@type":"BreadcrumbList","@id":"https:\/\/blog.saocamilo-sp.br\/index.php\/2024\/07\/19\/administrador\/#breadcrumb","itemListElement":[{"@type":"ListItem","position":1,"name":"In\u00edcio","item":"https:\/\/blog.saocamilo-sp.br\/"},{"@type":"ListItem","position":2,"name":"Dia do Administrador Hospitalar: A Import\u00e2ncia da Gest\u00e3o na Sa\u00fade"}]},{"@type":"WebSite","@id":"https:\/\/blog.saocamilo-sp.br\/#website","url":"https:\/\/blog.saocamilo-sp.br\/","name":"Blog S\u00e3o Camilo","description":"Blog do Centro Universit\u00e1rio S\u00e3o Camilo","publisher":{"@id":"https:\/\/blog.saocamilo-sp.br\/#organization"},"potentialAction":[{"@type":"SearchAction","target":{"@type":"EntryPoint","urlTemplate":"https:\/\/blog.saocamilo-sp.br\/?s={search_term_string}"},"query-input":{"@type":"PropertyValueSpecification","valueRequired":true,"valueName":"search_term_string"}}],"inLanguage":"pt-BR"},{"@type":"Organization","@id":"https:\/\/blog.saocamilo-sp.br\/#organization","name":"Blog S\u00e3o Camilo","url":"https:\/\/blog.saocamilo-sp.br\/","logo":{"@type":"ImageObject","inLanguage":"pt-BR","@id":"https:\/\/blog.saocamilo-sp.br\/#\/schema\/logo\/image\/","url":"https:\/\/blog.saocamilo-sp.br\/wp-content\/uploads\/2021\/12\/cropped-vazio-logo-topo.png","contentUrl":"https:\/\/blog.saocamilo-sp.br\/wp-content\/uploads\/2021\/12\/cropped-vazio-logo-topo.png","width":320,"height":240,"caption":"Blog S\u00e3o Camilo"},"image":{"@id":"https:\/\/blog.saocamilo-sp.br\/#\/schema\/logo\/image\/"},"sameAs":["https:\/\/www.facebook.com\/saocamilosp","https:\/\/x.com\/saocamilosp","https:\/\/www.linkedin.com\/school\/centro-universit-rio-s-o-camilo\/"]},{"@type":"Person","@id":"https:\/\/blog.saocamilo-sp.br\/#\/schema\/person\/781135418152912d4b58f2db13a2eaf0","name":"Lucas Soares Gon\u00e7alves","image":{"@type":"ImageObject","inLanguage":"pt-BR","@id":"https:\/\/secure.gravatar.com\/avatar\/bcd2d703cbb48116eaac2cac8643792535238ff30b2d7ce9e16f9254ec9cae83?s=96&d=mm&r=g","url":"https:\/\/secure.gravatar.com\/avatar\/bcd2d703cbb48116eaac2cac8643792535238ff30b2d7ce9e16f9254ec9cae83?s=96&d=mm&r=g","contentUrl":"https:\/\/secure.gravatar.com\/avatar\/bcd2d703cbb48116eaac2cac8643792535238ff30b2d7ce9e16f9254ec9cae83?s=96&d=mm&r=g","caption":"Lucas Soares Gon\u00e7alves"},"url":"https:\/\/blog.saocamilo-sp.br\/index.php\/author\/lucas-soares-goncalves\/"}]}},"_links":{"self":[{"href":"https:\/\/blog.saocamilo-sp.br\/index.php\/wp-json\/wp\/v2\/posts\/2769","targetHints":{"allow":["GET"]}}],"collection":[{"href":"https:\/\/blog.saocamilo-sp.br\/index.php\/wp-json\/wp\/v2\/posts"}],"about":[{"href":"https:\/\/blog.saocamilo-sp.br\/index.php\/wp-json\/wp\/v2\/types\/post"}],"author":[{"embeddable":true,"href":"https:\/\/blog.saocamilo-sp.br\/index.php\/wp-json\/wp\/v2\/users\/4"}],"replies":[{"embeddable":true,"href":"https:\/\/blog.saocamilo-sp.br\/index.php\/wp-json\/wp\/v2\/comments?post=2769"}],"version-history":[{"count":1,"href":"https:\/\/blog.saocamilo-sp.br\/index.php\/wp-json\/wp\/v2\/posts\/2769\/revisions"}],"predecessor-version":[{"id":2777,"href":"https:\/\/blog.saocamilo-sp.br\/index.php\/wp-json\/wp\/v2\/posts\/2769\/revisions\/2777"}],"wp:featuredmedia":[{"embeddable":true,"href":"https:\/\/blog.saocamilo-sp.br\/index.php\/wp-json\/wp\/v2\/media\/2776"}],"wp:attachment":[{"href":"https:\/\/blog.saocamilo-sp.br\/index.php\/wp-json\/wp\/v2\/media?parent=2769"}],"wp:term":[{"taxonomy":"category","embeddable":true,"href":"https:\/\/blog.saocamilo-sp.br\/index.php\/wp-json\/wp\/v2\/categories?post=2769"},{"taxonomy":"post_tag","embeddable":true,"href":"https:\/\/blog.saocamilo-sp.br\/index.php\/wp-json\/wp\/v2\/tags?post=2769"}],"curies":[{"name":"wp","href":"https:\/\/api.w.org\/{rel}","templated":true}]}}