{"id":2789,"date":"2024-07-31T17:17:18","date_gmt":"2024-07-31T20:17:18","guid":{"rendered":"https:\/\/blog.saocamilo-sp.br\/?p=2789"},"modified":"2024-07-31T17:17:19","modified_gmt":"2024-07-31T20:17:19","slug":"qual-e-o-oleo-mais-saudavel-para-cozinhar","status":"publish","type":"post","link":"https:\/\/blog.saocamilo-sp.br\/index.php\/2024\/07\/31\/qual-e-o-oleo-mais-saudavel-para-cozinhar\/","title":{"rendered":"Qual \u00e9 o \u00f3leo mais saud\u00e1vel para cozinhar?"},"content":{"rendered":"\n<p>Nutricionistas explicam as caracter\u00edsticas das principais op\u00e7\u00f5es no mercado e quais priorizar<\/p>\n\n\n\n<p>Navegando pelas prateleiras de \u00f3leo no supermercado, uma d\u00favida pode pairar no ar: qual a op\u00e7\u00e3o mais saud\u00e1vel para cozinhar? \u00c9 verdade que o&nbsp; azeite de  oliva ostenta a fama de ser o mais ben\u00e9fico para a sa\u00fade, mas ser\u00e1 que existem alternativas?<\/p>\n\n\n\n<p>Para responder essas perguntas, \u00e9 preciso considerar algumas caracter\u00edsticas, como  os nutrientes <a href=\"https:\/\/www.estadao.com.br\/tudo-sobre\/nutricao\/\" target=\"_blank\" rel=\"noreferrer noopener\">&nbsp;<\/a>e o quanto cada \u00f3leo sofre altera\u00e7\u00f5es quando submetido \u00e0s altas temperaturas.<\/p>\n\n\n\n<p>Tamb\u00e9m \u00e9 importante entender que os \u00f3leos  e gorduras s\u00e3o compostos por \u00e1cidos graxos, que se dividem em tr\u00eas categorias: saturados, monoinsaturados e poli-insaturados. A principal diferen\u00e7a entre os \u00f3leos est\u00e1 na propor\u00e7\u00e3o e no tipo de \u00e1cidos graxos que eles cont\u00eam, explica a nutricionista Sandra Chemin, coordenadora do curso de Nutri\u00e7\u00e3o do Centro Universit\u00e1rio S\u00e3o Camilo, em S\u00e3o Paulo.<\/p>\n\n\n\n<h3 class=\"wp-block-heading\">Impacto dos \u00c1cidos Graxos e do Ponto de Fuma\u00e7a na Escolha de \u00d3leos para Cozinha<\/h3>\n\n\n\n<p>Os \u00e1cidos graxos saturados, quando consumidos em excesso, podem elevar o colesterol&nbsp;ruim e aumentar o risco de doen\u00e7as card\u00edacas. J\u00e1 os monoinsaturados s\u00e3o ben\u00e9ficos para a sa\u00fade, ajudando a reduzir o colesterol ruim. os poli-insaturados, Por outro lado, incluem o \u00f4mega 3, essencial para o desenvolvimento cerebral e ocular, e \u00f4mega 6, importante para o metabolismo e a imunidade. Ademais,  os dois t\u00eam ainda a\u00e7\u00e3o antioxidante, protegendo as c\u00e9lulas dos efeitos de radicais livres.<\/p>\n\n\n\n<p>O ponto de fuma\u00e7a \u00e9 outro aspecto que pode ser considerado. Esse termo diz respeito \u00e0 temperatura a partir da qual o \u00f3leo passa a queimar e oxidar, gerando fuma\u00e7a e compostos associados a maior risco de desenvolvimento de c\u00e2ncer. De acordo Lara Natacci, p\u00f3s-doutorado em alimenta\u00e7\u00e3o e sa\u00fade mental pela Universidade de S\u00e3o Paulo (USP), a temperatura m\u00e9dia de fritura \u00e9 180 \u00baC e eles n\u00e3o podem ser utilizados mais do que duas vezes.<\/p>\n\n\n\n<p>Al\u00e9m disso, \u00f3leos que possuem mais nutrientes com a\u00e7\u00e3o antioxidante e \u00e1cidos graxos essenciais, como \u00f4mega 3 e \u00f4mega 9, oferecem maior prote\u00e7\u00e3o contra o calor intenso e proporcionam um valor nutricional superior. Veja abaixo o ponto de fuma\u00e7a, vantagens e desvantagens das principais op\u00e7\u00f5es.<\/p>\n\n\n\n<h3 class=\"wp-block-heading\" id=\"oleo-de-soja-240-c\">\u00d3leo de Soja &#8211; 240 \u00b0C<\/h3>\n\n\n\n<p>Extra\u00eddo da soja, \u00e9 mais usado em frituras, pois possui ponto de fuma\u00e7a mais alto. No entanto, \u00e9 o menos recomendado devido \u00e0 composi\u00e7\u00e3o nutricional.<\/p>\n\n\n\n<p>Ele possui uma maior quantidade de \u00f4mega 6 em rela\u00e7\u00e3o ao \u00f4mega 3, o que pode ser uma desvantagem, segundo Chemin. \u201cO \u00f4mega 3 tem um fator antitromb\u00f3tico, ou seja, ele evita a ades\u00e3o de trombos. J\u00e1 o \u00f4mega 6 facilita. Existe em equil\u00edbrio no nosso corpo, por\u00e9m, quando h\u00e1 maior quantidade de \u00f4mega 3, h\u00e1 a possibilidade de evitar a forma\u00e7\u00e3o de trombos e, como consequ\u00eancia, um infarto, por exemplo\u201d, explica.<\/p>\n\n\n\n<p>Isso n\u00e3o significa, contudo, que ele seja necessariamente prejudicial \u2014 s\u00f3 n\u00e3o \u00e9 o campe\u00e3o em saudabilidade.<\/p>\n\n\n\n<h3 class=\"wp-block-heading\" id=\"azeite-de-oliva-175-c\">Azeite de oliva &#8211; 175 \u00b0C<\/h3>\n\n\n\n<p>\u201cUm dos melhores \u00f3leos\u201d, avalia Chemin. O azeite de oliva possui bastante gordura monoinsaturada e pouca gordura saturada, al\u00e9m de apresentar polifen\u00f3is, que s\u00e3o potentes antioxidantes. Segundo Natacci, ele ainda \u00e9 rico em \u00f4mega 9, que ajuda a absorver vitaminas com mais efici\u00eancia e atua no controle do colesterol.<\/p>\n\n\n\n<p>Em menores percentuais, o azeite tamb\u00e9m cont\u00e9m outros \u00e1cidos graxos saturados e insaturados, como \u00f4mega 6, 7 e 3. Por isso, \u00e9 a op\u00e7\u00e3o mais saud\u00e1vel. Ele, por\u00e9m, n\u00e3o deve ser utilizado em frituras de imers\u00e3o, pois perde o valor nutricional ap\u00f3s longo tempo em temperaturas altas.<\/p>\n\n\n\n<h3 class=\"wp-block-heading\" id=\"oleo-de-girassol-183-c\">\u00d3leo de Girassol &#8211; 183 \u00b0C<\/h3>\n\n\n\n<p>Extra\u00eddo das sementes de girassol e conhecido pelo sabor neutro, ele \u00e9 muito usado em molhos e outras prepara\u00e7\u00f5es em que o sabor do \u00f3leo n\u00e3o deve prevalecer.<\/p>\n\n\n\n<p>\u00c9 formado especialmente por dois \u00e1cidos graxos insaturados, sendo um da fam\u00edlia \u00f4mega 9 e outro da fam\u00edlia \u00f4mega 6, respectivamente. Segundo Chemin, sua composi\u00e7\u00e3o nutricional faz dele um \u00f3leo excelente, figurando entre as melhores op\u00e7\u00f5es para a sa\u00fade.<\/p>\n\n\n\n<h3 class=\"wp-block-heading\" id=\"oleo-de-milho-215-c\">\u00d3leo de Milho &#8211; 215 \u00b0C<\/h3>\n\n\n\n<p>Extra\u00eddo dos gr\u00e3os de milho, \u00e9 conhecido por seu sabor suave e versatilidade na cozinha. Pode ser utilizado em uma ampla gama de prepara\u00e7\u00f5es culin\u00e1rias, tanto quentes quanto frias, segundo Natacci.<\/p>\n\n\n\n<p>Sua composi\u00e7\u00e3o inclui uma rica e equilibrada quantidade de \u00e1cidos graxos \u00f4mega 6 e \u00f4mega 9, semelhantes aos encontrados no \u00f3leo de girassol. No entanto, o \u00f3leo de milho se destaca por seu alto teor de vitamina E, um antioxidante que ajuda a proteger as c\u00e9lulas do corpo.<\/p>\n\n\n\n<h3 class=\"wp-block-heading\" id=\"oleo-de-canola-233-c\">\u00d3leo de Canola &#8211; 233 \u00b0C<\/h3>\n\n\n\n<p>Extra\u00eddo de uma planta h\u00edbrida, desenvolvida no Canad\u00e1, tem sabor neutro e pode ser usado em v\u00e1rias receitas. O \u00f3leo de canola tem propriedades importantes para o organismo, como a presen\u00e7a de gorduras monoinsaturadas, al\u00e9m de grandes quantidades de \u00f4megas 3 e 6.<\/p>\n\n\n\n<h3 class=\"wp-block-heading\" id=\"oleo-de-coco-200-c\">\u00d3leo de Coco &#8211; 200 \u00b0C<\/h3>\n\n\n\n<p>O \u00f3leo de coco \u00e9 caracterizado por seu alto teor de \u00e1cidos graxos saturados, o que o torna uma op\u00e7\u00e3o menos saud\u00e1vel, especialmente para o preparo de alimentos.<\/p>\n\n\n\n<h3 class=\"wp-block-heading\" id=\"oleo-de-palmaazeite-de-dende-230-c\">\u00d3leo de Palma\/Azeite de dend\u00ea &#8211; 230 \u00b0C<\/h3>\n\n\n\n<p>O \u00f3leo de palma, tamb\u00e9m conhecido como azeite de dend\u00ea, \u00e9 capaz de suportar altas temperaturas sem alterar significativamente suas caracter\u00edsticas de composi\u00e7\u00e3o e sabor. No entanto, seu elevado teor de gordura saturada torna-o uma op\u00e7\u00e3o menos saud\u00e1vel.<\/p>\n\n\n\n<h3 class=\"wp-block-heading\" id=\"melhores-e-piores-oleos-para-a-saude\">Melhores e piores \u00f3leos para a sa\u00fade:<\/h3>\n\n\n\n<p>De acordo com Sandra Chemin, os quatro melhores \u00f3leos para a sa\u00fade, em ordem, s\u00e3o:<\/p>\n\n\n\n<ol class=\"wp-block-list\">\n<li>Azeite de oliva<\/li>\n\n\n\n<li>Canola<\/li>\n\n\n\n<li>Milho<\/li>\n\n\n\n<li>Girassol<\/li>\n<\/ol>\n\n\n\n<p>De acordo com a especialista, os \u00f3leos de canola e de milho podem ser alternativas mais econ\u00f4micas ao azeite de oliva para quem busca uma alimenta\u00e7\u00e3o mais saud\u00e1vel. Em contraste, os \u00f3leos de palma e de coco s\u00e3o menos recomendados para o preparo de alimentos.<br><br>Fonte: Estad\u00e3o &#8211; Layla Shasta<\/p>\n\n\n\n<h3 class=\"wp-block-heading\">Veja tamb\u00e9m:<\/h3>\n\n\n\n<ul class=\"wp-block-list\">\n<li><a href=\"https:\/\/blog.saocamilo-sp.br\/index.php\/2024\/06\/18\/inhame\/\">Inhame: Docente fala sobre os benef\u00edcios do alimento<\/a><\/li>\n\n\n\n<li><a href=\"https:\/\/blog.saocamilo-sp.br\/index.php\/2024\/07\/25\/veja-6-vegetais-que-ficam-ainda-mais-nutritivos-na-airfryer\/\">Veja 6 vegetais que ficam ainda mais nutritivos na AirFryer<\/a><\/li>\n\n\n\n<li><a href=\"https:\/\/blog.saocamilo-sp.br\/index.php\/2024\/05\/22\/alimentar\/\">Programa Educa\u00e7\u00e3o Alimentar \u2013 Integrando Ci\u00eancia, Escola e Sa\u00fade<\/a><\/li>\n<\/ul>\n\n\n\n<iframe loading=\"lazy\" src=\"https:\/\/saocamilo.apprbs.com.br\/tenho-interesse-blog\" height=\"530px\" width=\"100%\" frameborder=\"0\"><\/iframe>\n","protected":false},"excerpt":{"rendered":"<p>Profa. Sandra Chemin, coordenadora do curso de Nutri\u00e7\u00e3o, participa de mat\u00e9ria do Estad\u00e3o sobre \u00f3leos para cozinha.<\/p>\n","protected":false},"author":11,"featured_media":2801,"comment_status":"open","ping_status":"open","sticky":false,"template":"","format":"standard","meta":{"cybocfi_hide_featured_image":"","footnotes":""},"categories":[1,24,79],"tags":[7,17],"class_list":["post-2789","post","type-post","status-publish","format-standard","has-post-thumbnail","hentry","category-cursos","category-nutricao","category-saude","tag-nutricao","tag-saude"],"yoast_head":"<!-- This site is optimized with the Yoast SEO plugin v27.5 - https:\/\/yoast.com\/product\/yoast-seo-wordpress\/ -->\n<title>Qual \u00e9 o \u00f3leo mais saud\u00e1vel para cozinhar? - Blog S\u00e3o Camilo<\/title>\n<meta name=\"description\" content=\"Profa. Sandra Chemin, coordenadora do curso de Nutri\u00e7\u00e3o, participa de mat\u00e9ria do Estad\u00e3o sobre \u00f3leos para cozinha.\" \/>\n<meta name=\"robots\" content=\"index, follow, max-snippet:-1, max-image-preview:large, max-video-preview:-1\" \/>\n<link rel=\"canonical\" href=\"https:\/\/blog.saocamilo-sp.br\/index.php\/2024\/07\/31\/qual-e-o-oleo-mais-saudavel-para-cozinhar\/\" \/>\n<meta property=\"og:locale\" content=\"pt_BR\" \/>\n<meta property=\"og:type\" content=\"article\" \/>\n<meta property=\"og:title\" content=\"Qual \u00e9 o \u00f3leo mais saud\u00e1vel para cozinhar? - Blog S\u00e3o Camilo\" \/>\n<meta property=\"og:description\" content=\"Profa. Sandra Chemin, coordenadora do curso de Nutri\u00e7\u00e3o, participa de mat\u00e9ria do Estad\u00e3o sobre \u00f3leos para cozinha.\" \/>\n<meta property=\"og:url\" content=\"https:\/\/blog.saocamilo-sp.br\/index.php\/2024\/07\/31\/qual-e-o-oleo-mais-saudavel-para-cozinhar\/\" \/>\n<meta property=\"og:site_name\" content=\"Blog S\u00e3o Camilo\" \/>\n<meta property=\"article:publisher\" content=\"https:\/\/www.facebook.com\/saocamilosp\" \/>\n<meta property=\"article:published_time\" content=\"2024-07-31T20:17:18+00:00\" \/>\n<meta property=\"article:modified_time\" content=\"2024-07-31T20:17:19+00:00\" \/>\n<meta property=\"og:image\" content=\"https:\/\/blog.saocamilo-sp.br\/wp-content\/uploads\/2024\/07\/shutterstock_2470472889.jpg\" \/>\n\t<meta property=\"og:image:width\" content=\"676\" \/>\n\t<meta property=\"og:image:height\" content=\"451\" \/>\n\t<meta property=\"og:image:type\" content=\"image\/jpeg\" \/>\n<meta name=\"author\" content=\"Christopher Oliveira dos Reis\" \/>\n<meta name=\"twitter:card\" content=\"summary_large_image\" \/>\n<meta name=\"twitter:creator\" content=\"@saocamilosp\" \/>\n<meta name=\"twitter:site\" content=\"@saocamilosp\" \/>\n<meta name=\"twitter:label1\" content=\"Escrito por\" \/>\n\t<meta name=\"twitter:data1\" content=\"Christopher Oliveira dos Reis\" \/>\n\t<meta name=\"twitter:label2\" content=\"Est. tempo de leitura\" \/>\n\t<meta name=\"twitter:data2\" content=\"6 minutos\" \/>\n<script type=\"application\/ld+json\" class=\"yoast-schema-graph\">{\"@context\":\"https:\\\/\\\/schema.org\",\"@graph\":[{\"@type\":\"Article\",\"@id\":\"https:\\\/\\\/blog.saocamilo-sp.br\\\/index.php\\\/2024\\\/07\\\/31\\\/qual-e-o-oleo-mais-saudavel-para-cozinhar\\\/#article\",\"isPartOf\":{\"@id\":\"https:\\\/\\\/blog.saocamilo-sp.br\\\/index.php\\\/2024\\\/07\\\/31\\\/qual-e-o-oleo-mais-saudavel-para-cozinhar\\\/\"},\"author\":{\"name\":\"Christopher Oliveira dos Reis\",\"@id\":\"https:\\\/\\\/blog.saocamilo-sp.br\\\/#\\\/schema\\\/person\\\/7dce5f342af0848eb2f06778b2737904\"},\"headline\":\"Qual \u00e9 o \u00f3leo mais saud\u00e1vel para cozinhar?\",\"datePublished\":\"2024-07-31T20:17:18+00:00\",\"dateModified\":\"2024-07-31T20:17:19+00:00\",\"mainEntityOfPage\":{\"@id\":\"https:\\\/\\\/blog.saocamilo-sp.br\\\/index.php\\\/2024\\\/07\\\/31\\\/qual-e-o-oleo-mais-saudavel-para-cozinhar\\\/\"},\"wordCount\":1036,\"commentCount\":0,\"publisher\":{\"@id\":\"https:\\\/\\\/blog.saocamilo-sp.br\\\/#organization\"},\"image\":{\"@id\":\"https:\\\/\\\/blog.saocamilo-sp.br\\\/index.php\\\/2024\\\/07\\\/31\\\/qual-e-o-oleo-mais-saudavel-para-cozinhar\\\/#primaryimage\"},\"thumbnailUrl\":\"https:\\\/\\\/blog.saocamilo-sp.br\\\/wp-content\\\/uploads\\\/2024\\\/07\\\/shutterstock_2470472889.jpg\",\"keywords\":[\"Nutri\u00e7\u00e3o\",\"Sa\u00fade\"],\"articleSection\":[\"Cursos\",\"Nutri\u00e7\u00e3o\",\"Sa\u00fade\"],\"inLanguage\":\"pt-BR\",\"potentialAction\":[{\"@type\":\"CommentAction\",\"name\":\"Comment\",\"target\":[\"https:\\\/\\\/blog.saocamilo-sp.br\\\/index.php\\\/2024\\\/07\\\/31\\\/qual-e-o-oleo-mais-saudavel-para-cozinhar\\\/#respond\"]}]},{\"@type\":\"WebPage\",\"@id\":\"https:\\\/\\\/blog.saocamilo-sp.br\\\/index.php\\\/2024\\\/07\\\/31\\\/qual-e-o-oleo-mais-saudavel-para-cozinhar\\\/\",\"url\":\"https:\\\/\\\/blog.saocamilo-sp.br\\\/index.php\\\/2024\\\/07\\\/31\\\/qual-e-o-oleo-mais-saudavel-para-cozinhar\\\/\",\"name\":\"Qual \u00e9 o \u00f3leo mais saud\u00e1vel para cozinhar? - Blog S\u00e3o Camilo\",\"isPartOf\":{\"@id\":\"https:\\\/\\\/blog.saocamilo-sp.br\\\/#website\"},\"primaryImageOfPage\":{\"@id\":\"https:\\\/\\\/blog.saocamilo-sp.br\\\/index.php\\\/2024\\\/07\\\/31\\\/qual-e-o-oleo-mais-saudavel-para-cozinhar\\\/#primaryimage\"},\"image\":{\"@id\":\"https:\\\/\\\/blog.saocamilo-sp.br\\\/index.php\\\/2024\\\/07\\\/31\\\/qual-e-o-oleo-mais-saudavel-para-cozinhar\\\/#primaryimage\"},\"thumbnailUrl\":\"https:\\\/\\\/blog.saocamilo-sp.br\\\/wp-content\\\/uploads\\\/2024\\\/07\\\/shutterstock_2470472889.jpg\",\"datePublished\":\"2024-07-31T20:17:18+00:00\",\"dateModified\":\"2024-07-31T20:17:19+00:00\",\"description\":\"Profa. Sandra Chemin, coordenadora do curso de Nutri\u00e7\u00e3o, participa de mat\u00e9ria do Estad\u00e3o sobre \u00f3leos para cozinha.\",\"breadcrumb\":{\"@id\":\"https:\\\/\\\/blog.saocamilo-sp.br\\\/index.php\\\/2024\\\/07\\\/31\\\/qual-e-o-oleo-mais-saudavel-para-cozinhar\\\/#breadcrumb\"},\"inLanguage\":\"pt-BR\",\"potentialAction\":[{\"@type\":\"ReadAction\",\"target\":[\"https:\\\/\\\/blog.saocamilo-sp.br\\\/index.php\\\/2024\\\/07\\\/31\\\/qual-e-o-oleo-mais-saudavel-para-cozinhar\\\/\"]}]},{\"@type\":\"ImageObject\",\"inLanguage\":\"pt-BR\",\"@id\":\"https:\\\/\\\/blog.saocamilo-sp.br\\\/index.php\\\/2024\\\/07\\\/31\\\/qual-e-o-oleo-mais-saudavel-para-cozinhar\\\/#primaryimage\",\"url\":\"https:\\\/\\\/blog.saocamilo-sp.br\\\/wp-content\\\/uploads\\\/2024\\\/07\\\/shutterstock_2470472889.jpg\",\"contentUrl\":\"https:\\\/\\\/blog.saocamilo-sp.br\\\/wp-content\\\/uploads\\\/2024\\\/07\\\/shutterstock_2470472889.jpg\",\"width\":8192,\"height\":5464},{\"@type\":\"BreadcrumbList\",\"@id\":\"https:\\\/\\\/blog.saocamilo-sp.br\\\/index.php\\\/2024\\\/07\\\/31\\\/qual-e-o-oleo-mais-saudavel-para-cozinhar\\\/#breadcrumb\",\"itemListElement\":[{\"@type\":\"ListItem\",\"position\":1,\"name\":\"In\u00edcio\",\"item\":\"https:\\\/\\\/blog.saocamilo-sp.br\\\/\"},{\"@type\":\"ListItem\",\"position\":2,\"name\":\"Qual \u00e9 o \u00f3leo mais saud\u00e1vel para cozinhar?\"}]},{\"@type\":\"WebSite\",\"@id\":\"https:\\\/\\\/blog.saocamilo-sp.br\\\/#website\",\"url\":\"https:\\\/\\\/blog.saocamilo-sp.br\\\/\",\"name\":\"Blog S\u00e3o Camilo\",\"description\":\"Blog do Centro Universit\u00e1rio S\u00e3o Camilo\",\"publisher\":{\"@id\":\"https:\\\/\\\/blog.saocamilo-sp.br\\\/#organization\"},\"potentialAction\":[{\"@type\":\"SearchAction\",\"target\":{\"@type\":\"EntryPoint\",\"urlTemplate\":\"https:\\\/\\\/blog.saocamilo-sp.br\\\/?s={search_term_string}\"},\"query-input\":{\"@type\":\"PropertyValueSpecification\",\"valueRequired\":true,\"valueName\":\"search_term_string\"}}],\"inLanguage\":\"pt-BR\"},{\"@type\":\"Organization\",\"@id\":\"https:\\\/\\\/blog.saocamilo-sp.br\\\/#organization\",\"name\":\"Blog S\u00e3o Camilo\",\"url\":\"https:\\\/\\\/blog.saocamilo-sp.br\\\/\",\"logo\":{\"@type\":\"ImageObject\",\"inLanguage\":\"pt-BR\",\"@id\":\"https:\\\/\\\/blog.saocamilo-sp.br\\\/#\\\/schema\\\/logo\\\/image\\\/\",\"url\":\"https:\\\/\\\/blog.saocamilo-sp.br\\\/wp-content\\\/uploads\\\/2021\\\/12\\\/cropped-vazio-logo-topo.png\",\"contentUrl\":\"https:\\\/\\\/blog.saocamilo-sp.br\\\/wp-content\\\/uploads\\\/2021\\\/12\\\/cropped-vazio-logo-topo.png\",\"width\":320,\"height\":240,\"caption\":\"Blog S\u00e3o Camilo\"},\"image\":{\"@id\":\"https:\\\/\\\/blog.saocamilo-sp.br\\\/#\\\/schema\\\/logo\\\/image\\\/\"},\"sameAs\":[\"https:\\\/\\\/www.facebook.com\\\/saocamilosp\",\"https:\\\/\\\/x.com\\\/saocamilosp\",\"https:\\\/\\\/www.linkedin.com\\\/school\\\/centro-universit-rio-s-o-camilo\\\/\"]},{\"@type\":\"Person\",\"@id\":\"https:\\\/\\\/blog.saocamilo-sp.br\\\/#\\\/schema\\\/person\\\/7dce5f342af0848eb2f06778b2737904\",\"name\":\"Christopher Oliveira dos Reis\",\"image\":{\"@type\":\"ImageObject\",\"inLanguage\":\"pt-BR\",\"@id\":\"https:\\\/\\\/secure.gravatar.com\\\/avatar\\\/b09a1361215d06f22999124838358b6855376e2b7287de883b723960b0c03f82?s=96&d=mm&r=g\",\"url\":\"https:\\\/\\\/secure.gravatar.com\\\/avatar\\\/b09a1361215d06f22999124838358b6855376e2b7287de883b723960b0c03f82?s=96&d=mm&r=g\",\"contentUrl\":\"https:\\\/\\\/secure.gravatar.com\\\/avatar\\\/b09a1361215d06f22999124838358b6855376e2b7287de883b723960b0c03f82?s=96&d=mm&r=g\",\"caption\":\"Christopher Oliveira dos Reis\"},\"url\":\"https:\\\/\\\/blog.saocamilo-sp.br\\\/index.php\\\/author\\\/christopher-reis\\\/\"}]}<\/script>\n<!-- \/ Yoast SEO plugin. -->","yoast_head_json":{"title":"Qual \u00e9 o \u00f3leo mais saud\u00e1vel para cozinhar? - Blog S\u00e3o Camilo","description":"Profa. Sandra Chemin, coordenadora do curso de Nutri\u00e7\u00e3o, participa de mat\u00e9ria do Estad\u00e3o sobre \u00f3leos para cozinha.","robots":{"index":"index","follow":"follow","max-snippet":"max-snippet:-1","max-image-preview":"max-image-preview:large","max-video-preview":"max-video-preview:-1"},"canonical":"https:\/\/blog.saocamilo-sp.br\/index.php\/2024\/07\/31\/qual-e-o-oleo-mais-saudavel-para-cozinhar\/","og_locale":"pt_BR","og_type":"article","og_title":"Qual \u00e9 o \u00f3leo mais saud\u00e1vel para cozinhar? - Blog S\u00e3o Camilo","og_description":"Profa. Sandra Chemin, coordenadora do curso de Nutri\u00e7\u00e3o, participa de mat\u00e9ria do Estad\u00e3o sobre \u00f3leos para cozinha.","og_url":"https:\/\/blog.saocamilo-sp.br\/index.php\/2024\/07\/31\/qual-e-o-oleo-mais-saudavel-para-cozinhar\/","og_site_name":"Blog S\u00e3o Camilo","article_publisher":"https:\/\/www.facebook.com\/saocamilosp","article_published_time":"2024-07-31T20:17:18+00:00","article_modified_time":"2024-07-31T20:17:19+00:00","og_image":[{"url":"https:\/\/blog.saocamilo-sp.br\/wp-content\/uploads\/2024\/07\/shutterstock_2470472889.jpg","width":676,"height":451,"type":"image\/jpeg"}],"author":"Christopher Oliveira dos Reis","twitter_card":"summary_large_image","twitter_creator":"@saocamilosp","twitter_site":"@saocamilosp","twitter_misc":{"Escrito por":"Christopher Oliveira dos Reis","Est. tempo de leitura":"6 minutos"},"schema":{"@context":"https:\/\/schema.org","@graph":[{"@type":"Article","@id":"https:\/\/blog.saocamilo-sp.br\/index.php\/2024\/07\/31\/qual-e-o-oleo-mais-saudavel-para-cozinhar\/#article","isPartOf":{"@id":"https:\/\/blog.saocamilo-sp.br\/index.php\/2024\/07\/31\/qual-e-o-oleo-mais-saudavel-para-cozinhar\/"},"author":{"name":"Christopher Oliveira dos Reis","@id":"https:\/\/blog.saocamilo-sp.br\/#\/schema\/person\/7dce5f342af0848eb2f06778b2737904"},"headline":"Qual \u00e9 o \u00f3leo mais saud\u00e1vel para cozinhar?","datePublished":"2024-07-31T20:17:18+00:00","dateModified":"2024-07-31T20:17:19+00:00","mainEntityOfPage":{"@id":"https:\/\/blog.saocamilo-sp.br\/index.php\/2024\/07\/31\/qual-e-o-oleo-mais-saudavel-para-cozinhar\/"},"wordCount":1036,"commentCount":0,"publisher":{"@id":"https:\/\/blog.saocamilo-sp.br\/#organization"},"image":{"@id":"https:\/\/blog.saocamilo-sp.br\/index.php\/2024\/07\/31\/qual-e-o-oleo-mais-saudavel-para-cozinhar\/#primaryimage"},"thumbnailUrl":"https:\/\/blog.saocamilo-sp.br\/wp-content\/uploads\/2024\/07\/shutterstock_2470472889.jpg","keywords":["Nutri\u00e7\u00e3o","Sa\u00fade"],"articleSection":["Cursos","Nutri\u00e7\u00e3o","Sa\u00fade"],"inLanguage":"pt-BR","potentialAction":[{"@type":"CommentAction","name":"Comment","target":["https:\/\/blog.saocamilo-sp.br\/index.php\/2024\/07\/31\/qual-e-o-oleo-mais-saudavel-para-cozinhar\/#respond"]}]},{"@type":"WebPage","@id":"https:\/\/blog.saocamilo-sp.br\/index.php\/2024\/07\/31\/qual-e-o-oleo-mais-saudavel-para-cozinhar\/","url":"https:\/\/blog.saocamilo-sp.br\/index.php\/2024\/07\/31\/qual-e-o-oleo-mais-saudavel-para-cozinhar\/","name":"Qual \u00e9 o \u00f3leo mais saud\u00e1vel para cozinhar? - Blog S\u00e3o Camilo","isPartOf":{"@id":"https:\/\/blog.saocamilo-sp.br\/#website"},"primaryImageOfPage":{"@id":"https:\/\/blog.saocamilo-sp.br\/index.php\/2024\/07\/31\/qual-e-o-oleo-mais-saudavel-para-cozinhar\/#primaryimage"},"image":{"@id":"https:\/\/blog.saocamilo-sp.br\/index.php\/2024\/07\/31\/qual-e-o-oleo-mais-saudavel-para-cozinhar\/#primaryimage"},"thumbnailUrl":"https:\/\/blog.saocamilo-sp.br\/wp-content\/uploads\/2024\/07\/shutterstock_2470472889.jpg","datePublished":"2024-07-31T20:17:18+00:00","dateModified":"2024-07-31T20:17:19+00:00","description":"Profa. Sandra Chemin, coordenadora do curso de Nutri\u00e7\u00e3o, participa de mat\u00e9ria do Estad\u00e3o sobre \u00f3leos para cozinha.","breadcrumb":{"@id":"https:\/\/blog.saocamilo-sp.br\/index.php\/2024\/07\/31\/qual-e-o-oleo-mais-saudavel-para-cozinhar\/#breadcrumb"},"inLanguage":"pt-BR","potentialAction":[{"@type":"ReadAction","target":["https:\/\/blog.saocamilo-sp.br\/index.php\/2024\/07\/31\/qual-e-o-oleo-mais-saudavel-para-cozinhar\/"]}]},{"@type":"ImageObject","inLanguage":"pt-BR","@id":"https:\/\/blog.saocamilo-sp.br\/index.php\/2024\/07\/31\/qual-e-o-oleo-mais-saudavel-para-cozinhar\/#primaryimage","url":"https:\/\/blog.saocamilo-sp.br\/wp-content\/uploads\/2024\/07\/shutterstock_2470472889.jpg","contentUrl":"https:\/\/blog.saocamilo-sp.br\/wp-content\/uploads\/2024\/07\/shutterstock_2470472889.jpg","width":8192,"height":5464},{"@type":"BreadcrumbList","@id":"https:\/\/blog.saocamilo-sp.br\/index.php\/2024\/07\/31\/qual-e-o-oleo-mais-saudavel-para-cozinhar\/#breadcrumb","itemListElement":[{"@type":"ListItem","position":1,"name":"In\u00edcio","item":"https:\/\/blog.saocamilo-sp.br\/"},{"@type":"ListItem","position":2,"name":"Qual \u00e9 o \u00f3leo mais saud\u00e1vel para cozinhar?"}]},{"@type":"WebSite","@id":"https:\/\/blog.saocamilo-sp.br\/#website","url":"https:\/\/blog.saocamilo-sp.br\/","name":"Blog S\u00e3o Camilo","description":"Blog do Centro Universit\u00e1rio S\u00e3o Camilo","publisher":{"@id":"https:\/\/blog.saocamilo-sp.br\/#organization"},"potentialAction":[{"@type":"SearchAction","target":{"@type":"EntryPoint","urlTemplate":"https:\/\/blog.saocamilo-sp.br\/?s={search_term_string}"},"query-input":{"@type":"PropertyValueSpecification","valueRequired":true,"valueName":"search_term_string"}}],"inLanguage":"pt-BR"},{"@type":"Organization","@id":"https:\/\/blog.saocamilo-sp.br\/#organization","name":"Blog S\u00e3o Camilo","url":"https:\/\/blog.saocamilo-sp.br\/","logo":{"@type":"ImageObject","inLanguage":"pt-BR","@id":"https:\/\/blog.saocamilo-sp.br\/#\/schema\/logo\/image\/","url":"https:\/\/blog.saocamilo-sp.br\/wp-content\/uploads\/2021\/12\/cropped-vazio-logo-topo.png","contentUrl":"https:\/\/blog.saocamilo-sp.br\/wp-content\/uploads\/2021\/12\/cropped-vazio-logo-topo.png","width":320,"height":240,"caption":"Blog S\u00e3o Camilo"},"image":{"@id":"https:\/\/blog.saocamilo-sp.br\/#\/schema\/logo\/image\/"},"sameAs":["https:\/\/www.facebook.com\/saocamilosp","https:\/\/x.com\/saocamilosp","https:\/\/www.linkedin.com\/school\/centro-universit-rio-s-o-camilo\/"]},{"@type":"Person","@id":"https:\/\/blog.saocamilo-sp.br\/#\/schema\/person\/7dce5f342af0848eb2f06778b2737904","name":"Christopher Oliveira dos Reis","image":{"@type":"ImageObject","inLanguage":"pt-BR","@id":"https:\/\/secure.gravatar.com\/avatar\/b09a1361215d06f22999124838358b6855376e2b7287de883b723960b0c03f82?s=96&d=mm&r=g","url":"https:\/\/secure.gravatar.com\/avatar\/b09a1361215d06f22999124838358b6855376e2b7287de883b723960b0c03f82?s=96&d=mm&r=g","contentUrl":"https:\/\/secure.gravatar.com\/avatar\/b09a1361215d06f22999124838358b6855376e2b7287de883b723960b0c03f82?s=96&d=mm&r=g","caption":"Christopher Oliveira dos Reis"},"url":"https:\/\/blog.saocamilo-sp.br\/index.php\/author\/christopher-reis\/"}]}},"_links":{"self":[{"href":"https:\/\/blog.saocamilo-sp.br\/index.php\/wp-json\/wp\/v2\/posts\/2789","targetHints":{"allow":["GET"]}}],"collection":[{"href":"https:\/\/blog.saocamilo-sp.br\/index.php\/wp-json\/wp\/v2\/posts"}],"about":[{"href":"https:\/\/blog.saocamilo-sp.br\/index.php\/wp-json\/wp\/v2\/types\/post"}],"author":[{"embeddable":true,"href":"https:\/\/blog.saocamilo-sp.br\/index.php\/wp-json\/wp\/v2\/users\/11"}],"replies":[{"embeddable":true,"href":"https:\/\/blog.saocamilo-sp.br\/index.php\/wp-json\/wp\/v2\/comments?post=2789"}],"version-history":[{"count":8,"href":"https:\/\/blog.saocamilo-sp.br\/index.php\/wp-json\/wp\/v2\/posts\/2789\/revisions"}],"predecessor-version":[{"id":2815,"href":"https:\/\/blog.saocamilo-sp.br\/index.php\/wp-json\/wp\/v2\/posts\/2789\/revisions\/2815"}],"wp:featuredmedia":[{"embeddable":true,"href":"https:\/\/blog.saocamilo-sp.br\/index.php\/wp-json\/wp\/v2\/media\/2801"}],"wp:attachment":[{"href":"https:\/\/blog.saocamilo-sp.br\/index.php\/wp-json\/wp\/v2\/media?parent=2789"}],"wp:term":[{"taxonomy":"category","embeddable":true,"href":"https:\/\/blog.saocamilo-sp.br\/index.php\/wp-json\/wp\/v2\/categories?post=2789"},{"taxonomy":"post_tag","embeddable":true,"href":"https:\/\/blog.saocamilo-sp.br\/index.php\/wp-json\/wp\/v2\/tags?post=2789"}],"curies":[{"name":"wp","href":"https:\/\/api.w.org\/{rel}","templated":true}]}}