{"id":2795,"date":"2024-07-22T15:17:00","date_gmt":"2024-07-22T18:17:00","guid":{"rendered":"https:\/\/blog.saocamilo-sp.br\/?p=2795"},"modified":"2024-07-29T18:27:50","modified_gmt":"2024-07-29T21:27:50","slug":"sao-camilo-oferece-bolsas-de-mestrado-para-estrangeiros-no-programa-move-la-america","status":"publish","type":"post","link":"https:\/\/blog.saocamilo-sp.br\/index.php\/2024\/07\/22\/sao-camilo-oferece-bolsas-de-mestrado-para-estrangeiros-no-programa-move-la-america\/","title":{"rendered":"Programa Move La Am\u00e9rica: S\u00e3o Camilo oferece bolsas de Mestrado para estrangeiros\u00a0"},"content":{"rendered":"\n<h3 class=\"wp-block-heading\"><strong>Centro Universit\u00e1rio S\u00e3o Camilo participa do Programa Move La Am\u00e9rica da Capes<\/strong>&nbsp;<\/h3>\n\n\n\n<p>O <a href=\"https:\/\/saocamilo-sp.br\/\">Centro Universit\u00e1rio S\u00e3o Camilo<\/a> tem o prazer de anunciar sua participa\u00e7\u00e3o no renomado Programa Move La Am\u00e9rica da Capes. Este programa visa oferecer bolsas de estudo de mestrado para estrangeiros da Am\u00e9rica Latina. Universidades de destaque do Brasil, tanto p\u00fablicas quanto privadas, est\u00e3o participando dessa iniciativa. O Centro Universit\u00e1rio S\u00e3o Camilo tem orgulho de fazer parte desse grupo de institui\u00e7\u00f5es de ensino brasileiras de excel\u00eancia.&nbsp;<\/p>\n\n\n\n<h3 class=\"wp-block-heading\"><br><strong>Detalhes sobre o Programa Move La Am\u00e9rica<\/strong>&nbsp;<\/h3>\n\n\n\n<p>O Programa Move La Am\u00e9rica oferece aos estudantes estrangeiros a oportunidade de realizar seus estudos em universidades brasileiras. O objetivo \u00e9 promover a internacionaliza\u00e7\u00e3o do ensino superior no Brasil e fortalecer a coopera\u00e7\u00e3o acad\u00eamica entre os pa\u00edses da Am\u00e9rica Latina. Para mais informa\u00e7\u00f5es sobre o programa, acesse o <a href=\"https:\/\/www.gov.br\/capes\/pt-br\/acesso-a-informacao\/acoes-e-programas\/bolsas\/bolsas-e-auxilios-internacionais\/encontre-aqui\/paises\/multinacional\/programa-move-la-america\" target=\"_blank\" rel=\"noreferrer noopener\">site da Capes<\/a> e a <a href=\"https:\/\/www.gov.br\/capes\/pt-br\/assuntos\/noticias\/move-la-america-abre-inscricao-para-800-bolsas\" target=\"_blank\" rel=\"noreferrer noopener\">not\u00edcia oficial<\/a>.&nbsp;<\/p>\n\n\n\n<h3 class=\"wp-block-heading\"><strong>Bolsas de Mestrado em Nutri\u00e7\u00e3o do Nascimento \u00e0 Adolesc\u00eancia<\/strong>\u00a0<\/h3>\n\n\n\n<p>A S\u00e3o Camilo est\u00e1 oferecendo duas vagas para o Programa de Mestrado Profissional em Nutri\u00e7\u00e3o do Nascimento \u00e0 Adolesc\u00eancia. Este curso \u00e9 coordenado pela Profa. Aline Piano e tem como foco a forma\u00e7\u00e3o de profissionais altamente qualificados na \u00e1rea de nutri\u00e7\u00e3o infantil e adolescente. As inscri\u00e7\u00f5es para o programa est\u00e3o abertas at\u00e9 o dia 8 de agosto.\u00a0<br>\u00a0<br><strong>Sobre o Curso de Mestrado em Nutri\u00e7\u00e3o do Nascimento \u00e0 Adolesc\u00eancia<\/strong>\u00a0<\/p>\n\n\n\n<p>O curso de P\u00f3s-Gradua\u00e7\u00e3o Stricto Sensu Mestrado Profissional em Nutri\u00e7\u00e3o \u2013 do Nascimento \u00e0 Adolesc\u00eancia do Centro Universit\u00e1rio S\u00e3o Camilo \u2013 SP, aprovado pela CAPES, consolida a tradi\u00e7\u00e3o camiliana em formar profissionais com excel\u00eancia na sa\u00fade. Ele alia o conhecimento profissional em Nutri\u00e7\u00e3o, com \u00eanfase na aplica\u00e7\u00e3o da metodologia cient\u00edfica, \u00e0 atua\u00e7\u00e3o dos mesmos. O programa objetiva preparar profissionais cr\u00edticos, formadores de opini\u00e3o, capazes de contribuir para o desenvolvimento da Nutri\u00e7\u00e3o na \u00e1rea de inser\u00e7\u00e3o do mestrado, com \u00eanfase na atua\u00e7\u00e3o multidisciplinar.&nbsp;<\/p>\n\n\n\n<h3 class=\"wp-block-heading\"><strong>Dura\u00e7\u00e3o e Estrutura do Curso<\/strong>\u00a0de Mestrado<\/h3>\n\n\n\n<p>O Mestrado tem dura\u00e7\u00e3o de 24 meses, com 10 a 12 meses de aulas presenciais. Os meses restantes s\u00e3o destinados \u00e0 constru\u00e7\u00e3o e execu\u00e7\u00e3o do projeto de pesquisa.&nbsp;<\/p>\n\n\n\n<ul class=\"wp-block-list\">\n<li><strong>\u00c1rea de concentra\u00e7\u00e3o:<\/strong> An\u00e1lise Nutricional da Popula\u00e7\u00e3o;&nbsp;<\/li>\n<\/ul>\n\n\n\n<ul class=\"wp-block-list\">\n<li><strong>Linhas de pesquisa:<\/strong> Doen\u00e7as da crian\u00e7a e do adolescente; Sa\u00fade e qualidade de vida: do nascimento \u00e0 adolesc\u00eancia.&nbsp;<\/li>\n<\/ul>\n\n\n\n<h3 class=\"wp-block-heading\"><strong>Como se Inscrever<\/strong>&nbsp;<\/h3>\n\n\n\n<p>Para se candidatar \u00e0s bolsas de estudo oferecidas pela S\u00e3o Camilo, os interessados devem acessar o site da Capes e seguir as instru\u00e7\u00f5es de inscri\u00e7\u00e3o. \u00c9 fundamental que todos os documentos necess\u00e1rios sejam enviados dentro do prazo estipulado.&nbsp;<\/p>\n\n\n\n<h3 class=\"wp-block-heading\"><strong>Benef\u00edcios de Estudar na S\u00e3o Camilo<\/strong>&nbsp;<\/h3>\n\n\n\n<p>O Centro Universit\u00e1rio S\u00e3o Camilo \u00e9 reconhecido pela excel\u00eancia em ensino e pela infraestrutura moderna que oferece aos seus alunos. Participar do Programa Move La Am\u00e9rica na S\u00e3o Camilo proporciona uma experi\u00eancia acad\u00eamica enriquecedora e a oportunidade de estudar em uma institui\u00e7\u00e3o de destaque no Brasil.<\/p>\n\n\n\n<p><strong>Veja tamb\u00e9m<\/strong>:<\/p>\n\n\n\n<ul class=\"wp-block-list\">\n<li><a href=\"https:\/\/blog.saocamilo-sp.br\/index.php\/2024\/02\/13\/mestrado-profissional-nutricao-sao-camilo\/\">Mestrado em Nutri\u00e7\u00e3o da S\u00e3o Camilo: oportunidade para diversas carreiras<\/a><\/li>\n\n\n\n<li><a href=\"https:\/\/blog.saocamilo-sp.br\/index.php\/2024\/07\/08\/membro-da-coordenacao-de-pesquisa-que-ja-foi-ao-mit-fala-sobre-o-dia-internacional-do-pesquisador-cientifico\/\">Dia Nacional da Ci\u00eancia e do Pesquisador Cient\u00edfico \u2013 Membro da Coordena\u00e7\u00e3o de Pesquisa fala sobre a data&nbsp;<\/a><\/li>\n\n\n\n<li><a href=\"https:\/\/blog.saocamilo-sp.br\/index.php\/2024\/03\/25\/clinica-escola\/\">Pesquisadores da cl\u00ednica-escola PROMOVE publicam artigo em per\u00edodo cient\u00edfico<\/a><\/li>\n<\/ul>\n\n\n\n<p><\/p>\n\n\n\n<p>Saiba mais sobre nossos cursos:<\/p>\n\n\n\n<iframe loading=\"lazy\" src=\"https:\/\/saocamilo.apprbs.com.br\/tenho-interesse-blog\" height=\"530px\" width=\"100%\" frameborder=\"0\"><\/iframe>\n","protected":false},"excerpt":{"rendered":"<p>A S\u00e3o Camilo faz parte de um grupo seleto de Institui\u00e7\u00f5es que integram o Programa Move La Am\u00e9rica da CAPES, oferecendo bolsas para o Mestrado em Nutri\u00e7\u00e3o.<\/p>\n","protected":false},"author":11,"featured_media":2796,"comment_status":"open","ping_status":"open","sticky":false,"template":"","format":"standard","meta":{"cybocfi_hide_featured_image":"","footnotes":""},"categories":[1],"tags":[],"class_list":["post-2795","post","type-post","status-publish","format-standard","has-post-thumbnail","hentry","category-cursos"],"yoast_head":"<!-- This site is optimized with the Yoast SEO plugin v27.5 - https:\/\/yoast.com\/product\/yoast-seo-wordpress\/ -->\n<title>Programa Move La Am\u00e9rica: S\u00e3o Camilo oferece bolsas de Mestrado para estrangeiros\u00a0<\/title>\n<meta name=\"description\" content=\"A S\u00e3o Camilo faz parte de um grupo seleto de Institui\u00e7\u00f5es que integram o Programa Move La Am\u00e9rica da CAPES, oferecendo bolsas para Mestrado.\" \/>\n<meta name=\"robots\" content=\"index, follow, max-snippet:-1, max-image-preview:large, max-video-preview:-1\" \/>\n<link rel=\"canonical\" href=\"https:\/\/blog.saocamilo-sp.br\/index.php\/2024\/07\/22\/sao-camilo-oferece-bolsas-de-mestrado-para-estrangeiros-no-programa-move-la-america\/\" \/>\n<meta property=\"og:locale\" content=\"pt_BR\" \/>\n<meta property=\"og:type\" content=\"article\" \/>\n<meta property=\"og:title\" content=\"Programa Move La Am\u00e9rica: S\u00e3o Camilo oferece bolsas de Mestrado para estrangeiros\u00a0\" \/>\n<meta property=\"og:description\" content=\"A S\u00e3o Camilo faz parte de um grupo seleto de Institui\u00e7\u00f5es que integram o Programa Move La Am\u00e9rica da CAPES, oferecendo bolsas para Mestrado.\" \/>\n<meta property=\"og:url\" content=\"https:\/\/blog.saocamilo-sp.br\/index.php\/2024\/07\/22\/sao-camilo-oferece-bolsas-de-mestrado-para-estrangeiros-no-programa-move-la-america\/\" \/>\n<meta property=\"og:site_name\" content=\"Blog S\u00e3o Camilo\" \/>\n<meta property=\"article:publisher\" content=\"https:\/\/www.facebook.com\/saocamilosp\" \/>\n<meta property=\"article:published_time\" content=\"2024-07-22T18:17:00+00:00\" \/>\n<meta property=\"article:modified_time\" content=\"2024-07-29T21:27:50+00:00\" \/>\n<meta property=\"og:image\" content=\"https:\/\/blog.saocamilo-sp.br\/wp-content\/uploads\/2024\/07\/shutterstock_2269023225.jpg\" \/>\n\t<meta property=\"og:image:width\" content=\"676\" \/>\n\t<meta property=\"og:image:height\" content=\"451\" \/>\n\t<meta property=\"og:image:type\" content=\"image\/jpeg\" \/>\n<meta name=\"author\" content=\"Christopher Oliveira dos Reis\" \/>\n<meta name=\"twitter:card\" content=\"summary_large_image\" \/>\n<meta name=\"twitter:creator\" content=\"@saocamilosp\" \/>\n<meta name=\"twitter:site\" content=\"@saocamilosp\" \/>\n<meta name=\"twitter:label1\" content=\"Escrito por\" \/>\n\t<meta name=\"twitter:data1\" content=\"Christopher Oliveira dos Reis\" \/>\n\t<meta name=\"twitter:label2\" content=\"Est. tempo de leitura\" \/>\n\t<meta name=\"twitter:data2\" content=\"3 minutos\" \/>\n<script type=\"application\/ld+json\" class=\"yoast-schema-graph\">{\"@context\":\"https:\\\/\\\/schema.org\",\"@graph\":[{\"@type\":\"Article\",\"@id\":\"https:\\\/\\\/blog.saocamilo-sp.br\\\/index.php\\\/2024\\\/07\\\/22\\\/sao-camilo-oferece-bolsas-de-mestrado-para-estrangeiros-no-programa-move-la-america\\\/#article\",\"isPartOf\":{\"@id\":\"https:\\\/\\\/blog.saocamilo-sp.br\\\/index.php\\\/2024\\\/07\\\/22\\\/sao-camilo-oferece-bolsas-de-mestrado-para-estrangeiros-no-programa-move-la-america\\\/\"},\"author\":{\"name\":\"Christopher Oliveira dos Reis\",\"@id\":\"https:\\\/\\\/blog.saocamilo-sp.br\\\/#\\\/schema\\\/person\\\/7dce5f342af0848eb2f06778b2737904\"},\"headline\":\"Programa Move La Am\u00e9rica: S\u00e3o Camilo oferece bolsas de Mestrado para estrangeiros\u00a0\",\"datePublished\":\"2024-07-22T18:17:00+00:00\",\"dateModified\":\"2024-07-29T21:27:50+00:00\",\"mainEntityOfPage\":{\"@id\":\"https:\\\/\\\/blog.saocamilo-sp.br\\\/index.php\\\/2024\\\/07\\\/22\\\/sao-camilo-oferece-bolsas-de-mestrado-para-estrangeiros-no-programa-move-la-america\\\/\"},\"wordCount\":591,\"commentCount\":0,\"publisher\":{\"@id\":\"https:\\\/\\\/blog.saocamilo-sp.br\\\/#organization\"},\"image\":{\"@id\":\"https:\\\/\\\/blog.saocamilo-sp.br\\\/index.php\\\/2024\\\/07\\\/22\\\/sao-camilo-oferece-bolsas-de-mestrado-para-estrangeiros-no-programa-move-la-america\\\/#primaryimage\"},\"thumbnailUrl\":\"https:\\\/\\\/blog.saocamilo-sp.br\\\/wp-content\\\/uploads\\\/2024\\\/07\\\/shutterstock_2269023225.jpg\",\"articleSection\":[\"Cursos\"],\"inLanguage\":\"pt-BR\",\"potentialAction\":[{\"@type\":\"CommentAction\",\"name\":\"Comment\",\"target\":[\"https:\\\/\\\/blog.saocamilo-sp.br\\\/index.php\\\/2024\\\/07\\\/22\\\/sao-camilo-oferece-bolsas-de-mestrado-para-estrangeiros-no-programa-move-la-america\\\/#respond\"]}]},{\"@type\":\"WebPage\",\"@id\":\"https:\\\/\\\/blog.saocamilo-sp.br\\\/index.php\\\/2024\\\/07\\\/22\\\/sao-camilo-oferece-bolsas-de-mestrado-para-estrangeiros-no-programa-move-la-america\\\/\",\"url\":\"https:\\\/\\\/blog.saocamilo-sp.br\\\/index.php\\\/2024\\\/07\\\/22\\\/sao-camilo-oferece-bolsas-de-mestrado-para-estrangeiros-no-programa-move-la-america\\\/\",\"name\":\"Programa Move La Am\u00e9rica: S\u00e3o Camilo oferece bolsas de Mestrado para estrangeiros\u00a0\",\"isPartOf\":{\"@id\":\"https:\\\/\\\/blog.saocamilo-sp.br\\\/#website\"},\"primaryImageOfPage\":{\"@id\":\"https:\\\/\\\/blog.saocamilo-sp.br\\\/index.php\\\/2024\\\/07\\\/22\\\/sao-camilo-oferece-bolsas-de-mestrado-para-estrangeiros-no-programa-move-la-america\\\/#primaryimage\"},\"image\":{\"@id\":\"https:\\\/\\\/blog.saocamilo-sp.br\\\/index.php\\\/2024\\\/07\\\/22\\\/sao-camilo-oferece-bolsas-de-mestrado-para-estrangeiros-no-programa-move-la-america\\\/#primaryimage\"},\"thumbnailUrl\":\"https:\\\/\\\/blog.saocamilo-sp.br\\\/wp-content\\\/uploads\\\/2024\\\/07\\\/shutterstock_2269023225.jpg\",\"datePublished\":\"2024-07-22T18:17:00+00:00\",\"dateModified\":\"2024-07-29T21:27:50+00:00\",\"description\":\"A S\u00e3o Camilo faz parte de um grupo seleto de Institui\u00e7\u00f5es que integram o Programa Move La Am\u00e9rica da CAPES, oferecendo bolsas para Mestrado.\",\"breadcrumb\":{\"@id\":\"https:\\\/\\\/blog.saocamilo-sp.br\\\/index.php\\\/2024\\\/07\\\/22\\\/sao-camilo-oferece-bolsas-de-mestrado-para-estrangeiros-no-programa-move-la-america\\\/#breadcrumb\"},\"inLanguage\":\"pt-BR\",\"potentialAction\":[{\"@type\":\"ReadAction\",\"target\":[\"https:\\\/\\\/blog.saocamilo-sp.br\\\/index.php\\\/2024\\\/07\\\/22\\\/sao-camilo-oferece-bolsas-de-mestrado-para-estrangeiros-no-programa-move-la-america\\\/\"]}]},{\"@type\":\"ImageObject\",\"inLanguage\":\"pt-BR\",\"@id\":\"https:\\\/\\\/blog.saocamilo-sp.br\\\/index.php\\\/2024\\\/07\\\/22\\\/sao-camilo-oferece-bolsas-de-mestrado-para-estrangeiros-no-programa-move-la-america\\\/#primaryimage\",\"url\":\"https:\\\/\\\/blog.saocamilo-sp.br\\\/wp-content\\\/uploads\\\/2024\\\/07\\\/shutterstock_2269023225.jpg\",\"contentUrl\":\"https:\\\/\\\/blog.saocamilo-sp.br\\\/wp-content\\\/uploads\\\/2024\\\/07\\\/shutterstock_2269023225.jpg\",\"width\":6000,\"height\":4000},{\"@type\":\"BreadcrumbList\",\"@id\":\"https:\\\/\\\/blog.saocamilo-sp.br\\\/index.php\\\/2024\\\/07\\\/22\\\/sao-camilo-oferece-bolsas-de-mestrado-para-estrangeiros-no-programa-move-la-america\\\/#breadcrumb\",\"itemListElement\":[{\"@type\":\"ListItem\",\"position\":1,\"name\":\"In\u00edcio\",\"item\":\"https:\\\/\\\/blog.saocamilo-sp.br\\\/\"},{\"@type\":\"ListItem\",\"position\":2,\"name\":\"Programa Move La Am\u00e9rica: S\u00e3o Camilo oferece bolsas de Mestrado para estrangeiros\u00a0\"}]},{\"@type\":\"WebSite\",\"@id\":\"https:\\\/\\\/blog.saocamilo-sp.br\\\/#website\",\"url\":\"https:\\\/\\\/blog.saocamilo-sp.br\\\/\",\"name\":\"Blog S\u00e3o Camilo\",\"description\":\"Blog do Centro Universit\u00e1rio S\u00e3o Camilo\",\"publisher\":{\"@id\":\"https:\\\/\\\/blog.saocamilo-sp.br\\\/#organization\"},\"potentialAction\":[{\"@type\":\"SearchAction\",\"target\":{\"@type\":\"EntryPoint\",\"urlTemplate\":\"https:\\\/\\\/blog.saocamilo-sp.br\\\/?s={search_term_string}\"},\"query-input\":{\"@type\":\"PropertyValueSpecification\",\"valueRequired\":true,\"valueName\":\"search_term_string\"}}],\"inLanguage\":\"pt-BR\"},{\"@type\":\"Organization\",\"@id\":\"https:\\\/\\\/blog.saocamilo-sp.br\\\/#organization\",\"name\":\"Blog S\u00e3o Camilo\",\"url\":\"https:\\\/\\\/blog.saocamilo-sp.br\\\/\",\"logo\":{\"@type\":\"ImageObject\",\"inLanguage\":\"pt-BR\",\"@id\":\"https:\\\/\\\/blog.saocamilo-sp.br\\\/#\\\/schema\\\/logo\\\/image\\\/\",\"url\":\"https:\\\/\\\/blog.saocamilo-sp.br\\\/wp-content\\\/uploads\\\/2021\\\/12\\\/cropped-vazio-logo-topo.png\",\"contentUrl\":\"https:\\\/\\\/blog.saocamilo-sp.br\\\/wp-content\\\/uploads\\\/2021\\\/12\\\/cropped-vazio-logo-topo.png\",\"width\":320,\"height\":240,\"caption\":\"Blog S\u00e3o Camilo\"},\"image\":{\"@id\":\"https:\\\/\\\/blog.saocamilo-sp.br\\\/#\\\/schema\\\/logo\\\/image\\\/\"},\"sameAs\":[\"https:\\\/\\\/www.facebook.com\\\/saocamilosp\",\"https:\\\/\\\/x.com\\\/saocamilosp\",\"https:\\\/\\\/www.linkedin.com\\\/school\\\/centro-universit-rio-s-o-camilo\\\/\"]},{\"@type\":\"Person\",\"@id\":\"https:\\\/\\\/blog.saocamilo-sp.br\\\/#\\\/schema\\\/person\\\/7dce5f342af0848eb2f06778b2737904\",\"name\":\"Christopher Oliveira dos Reis\",\"image\":{\"@type\":\"ImageObject\",\"inLanguage\":\"pt-BR\",\"@id\":\"https:\\\/\\\/secure.gravatar.com\\\/avatar\\\/b09a1361215d06f22999124838358b6855376e2b7287de883b723960b0c03f82?s=96&d=mm&r=g\",\"url\":\"https:\\\/\\\/secure.gravatar.com\\\/avatar\\\/b09a1361215d06f22999124838358b6855376e2b7287de883b723960b0c03f82?s=96&d=mm&r=g\",\"contentUrl\":\"https:\\\/\\\/secure.gravatar.com\\\/avatar\\\/b09a1361215d06f22999124838358b6855376e2b7287de883b723960b0c03f82?s=96&d=mm&r=g\",\"caption\":\"Christopher Oliveira dos Reis\"},\"url\":\"https:\\\/\\\/blog.saocamilo-sp.br\\\/index.php\\\/author\\\/christopher-reis\\\/\"}]}<\/script>\n<!-- \/ Yoast SEO plugin. -->","yoast_head_json":{"title":"Programa Move La Am\u00e9rica: S\u00e3o Camilo oferece bolsas de Mestrado para estrangeiros\u00a0","description":"A S\u00e3o Camilo faz parte de um grupo seleto de Institui\u00e7\u00f5es que integram o Programa Move La Am\u00e9rica da CAPES, oferecendo bolsas para Mestrado.","robots":{"index":"index","follow":"follow","max-snippet":"max-snippet:-1","max-image-preview":"max-image-preview:large","max-video-preview":"max-video-preview:-1"},"canonical":"https:\/\/blog.saocamilo-sp.br\/index.php\/2024\/07\/22\/sao-camilo-oferece-bolsas-de-mestrado-para-estrangeiros-no-programa-move-la-america\/","og_locale":"pt_BR","og_type":"article","og_title":"Programa Move La Am\u00e9rica: S\u00e3o Camilo oferece bolsas de Mestrado para estrangeiros\u00a0","og_description":"A S\u00e3o Camilo faz parte de um grupo seleto de Institui\u00e7\u00f5es que integram o Programa Move La Am\u00e9rica da CAPES, oferecendo bolsas para Mestrado.","og_url":"https:\/\/blog.saocamilo-sp.br\/index.php\/2024\/07\/22\/sao-camilo-oferece-bolsas-de-mestrado-para-estrangeiros-no-programa-move-la-america\/","og_site_name":"Blog S\u00e3o Camilo","article_publisher":"https:\/\/www.facebook.com\/saocamilosp","article_published_time":"2024-07-22T18:17:00+00:00","article_modified_time":"2024-07-29T21:27:50+00:00","og_image":[{"url":"https:\/\/blog.saocamilo-sp.br\/wp-content\/uploads\/2024\/07\/shutterstock_2269023225.jpg","width":676,"height":451,"type":"image\/jpeg"}],"author":"Christopher Oliveira dos Reis","twitter_card":"summary_large_image","twitter_creator":"@saocamilosp","twitter_site":"@saocamilosp","twitter_misc":{"Escrito por":"Christopher Oliveira dos Reis","Est. tempo de leitura":"3 minutos"},"schema":{"@context":"https:\/\/schema.org","@graph":[{"@type":"Article","@id":"https:\/\/blog.saocamilo-sp.br\/index.php\/2024\/07\/22\/sao-camilo-oferece-bolsas-de-mestrado-para-estrangeiros-no-programa-move-la-america\/#article","isPartOf":{"@id":"https:\/\/blog.saocamilo-sp.br\/index.php\/2024\/07\/22\/sao-camilo-oferece-bolsas-de-mestrado-para-estrangeiros-no-programa-move-la-america\/"},"author":{"name":"Christopher Oliveira dos Reis","@id":"https:\/\/blog.saocamilo-sp.br\/#\/schema\/person\/7dce5f342af0848eb2f06778b2737904"},"headline":"Programa Move La Am\u00e9rica: S\u00e3o Camilo oferece bolsas de Mestrado para estrangeiros\u00a0","datePublished":"2024-07-22T18:17:00+00:00","dateModified":"2024-07-29T21:27:50+00:00","mainEntityOfPage":{"@id":"https:\/\/blog.saocamilo-sp.br\/index.php\/2024\/07\/22\/sao-camilo-oferece-bolsas-de-mestrado-para-estrangeiros-no-programa-move-la-america\/"},"wordCount":591,"commentCount":0,"publisher":{"@id":"https:\/\/blog.saocamilo-sp.br\/#organization"},"image":{"@id":"https:\/\/blog.saocamilo-sp.br\/index.php\/2024\/07\/22\/sao-camilo-oferece-bolsas-de-mestrado-para-estrangeiros-no-programa-move-la-america\/#primaryimage"},"thumbnailUrl":"https:\/\/blog.saocamilo-sp.br\/wp-content\/uploads\/2024\/07\/shutterstock_2269023225.jpg","articleSection":["Cursos"],"inLanguage":"pt-BR","potentialAction":[{"@type":"CommentAction","name":"Comment","target":["https:\/\/blog.saocamilo-sp.br\/index.php\/2024\/07\/22\/sao-camilo-oferece-bolsas-de-mestrado-para-estrangeiros-no-programa-move-la-america\/#respond"]}]},{"@type":"WebPage","@id":"https:\/\/blog.saocamilo-sp.br\/index.php\/2024\/07\/22\/sao-camilo-oferece-bolsas-de-mestrado-para-estrangeiros-no-programa-move-la-america\/","url":"https:\/\/blog.saocamilo-sp.br\/index.php\/2024\/07\/22\/sao-camilo-oferece-bolsas-de-mestrado-para-estrangeiros-no-programa-move-la-america\/","name":"Programa Move La Am\u00e9rica: S\u00e3o Camilo oferece bolsas de Mestrado para estrangeiros\u00a0","isPartOf":{"@id":"https:\/\/blog.saocamilo-sp.br\/#website"},"primaryImageOfPage":{"@id":"https:\/\/blog.saocamilo-sp.br\/index.php\/2024\/07\/22\/sao-camilo-oferece-bolsas-de-mestrado-para-estrangeiros-no-programa-move-la-america\/#primaryimage"},"image":{"@id":"https:\/\/blog.saocamilo-sp.br\/index.php\/2024\/07\/22\/sao-camilo-oferece-bolsas-de-mestrado-para-estrangeiros-no-programa-move-la-america\/#primaryimage"},"thumbnailUrl":"https:\/\/blog.saocamilo-sp.br\/wp-content\/uploads\/2024\/07\/shutterstock_2269023225.jpg","datePublished":"2024-07-22T18:17:00+00:00","dateModified":"2024-07-29T21:27:50+00:00","description":"A S\u00e3o Camilo faz parte de um grupo seleto de Institui\u00e7\u00f5es que integram o Programa Move La Am\u00e9rica da CAPES, oferecendo bolsas para Mestrado.","breadcrumb":{"@id":"https:\/\/blog.saocamilo-sp.br\/index.php\/2024\/07\/22\/sao-camilo-oferece-bolsas-de-mestrado-para-estrangeiros-no-programa-move-la-america\/#breadcrumb"},"inLanguage":"pt-BR","potentialAction":[{"@type":"ReadAction","target":["https:\/\/blog.saocamilo-sp.br\/index.php\/2024\/07\/22\/sao-camilo-oferece-bolsas-de-mestrado-para-estrangeiros-no-programa-move-la-america\/"]}]},{"@type":"ImageObject","inLanguage":"pt-BR","@id":"https:\/\/blog.saocamilo-sp.br\/index.php\/2024\/07\/22\/sao-camilo-oferece-bolsas-de-mestrado-para-estrangeiros-no-programa-move-la-america\/#primaryimage","url":"https:\/\/blog.saocamilo-sp.br\/wp-content\/uploads\/2024\/07\/shutterstock_2269023225.jpg","contentUrl":"https:\/\/blog.saocamilo-sp.br\/wp-content\/uploads\/2024\/07\/shutterstock_2269023225.jpg","width":6000,"height":4000},{"@type":"BreadcrumbList","@id":"https:\/\/blog.saocamilo-sp.br\/index.php\/2024\/07\/22\/sao-camilo-oferece-bolsas-de-mestrado-para-estrangeiros-no-programa-move-la-america\/#breadcrumb","itemListElement":[{"@type":"ListItem","position":1,"name":"In\u00edcio","item":"https:\/\/blog.saocamilo-sp.br\/"},{"@type":"ListItem","position":2,"name":"Programa Move La Am\u00e9rica: S\u00e3o Camilo oferece bolsas de Mestrado para estrangeiros\u00a0"}]},{"@type":"WebSite","@id":"https:\/\/blog.saocamilo-sp.br\/#website","url":"https:\/\/blog.saocamilo-sp.br\/","name":"Blog S\u00e3o Camilo","description":"Blog do Centro Universit\u00e1rio S\u00e3o Camilo","publisher":{"@id":"https:\/\/blog.saocamilo-sp.br\/#organization"},"potentialAction":[{"@type":"SearchAction","target":{"@type":"EntryPoint","urlTemplate":"https:\/\/blog.saocamilo-sp.br\/?s={search_term_string}"},"query-input":{"@type":"PropertyValueSpecification","valueRequired":true,"valueName":"search_term_string"}}],"inLanguage":"pt-BR"},{"@type":"Organization","@id":"https:\/\/blog.saocamilo-sp.br\/#organization","name":"Blog S\u00e3o Camilo","url":"https:\/\/blog.saocamilo-sp.br\/","logo":{"@type":"ImageObject","inLanguage":"pt-BR","@id":"https:\/\/blog.saocamilo-sp.br\/#\/schema\/logo\/image\/","url":"https:\/\/blog.saocamilo-sp.br\/wp-content\/uploads\/2021\/12\/cropped-vazio-logo-topo.png","contentUrl":"https:\/\/blog.saocamilo-sp.br\/wp-content\/uploads\/2021\/12\/cropped-vazio-logo-topo.png","width":320,"height":240,"caption":"Blog S\u00e3o Camilo"},"image":{"@id":"https:\/\/blog.saocamilo-sp.br\/#\/schema\/logo\/image\/"},"sameAs":["https:\/\/www.facebook.com\/saocamilosp","https:\/\/x.com\/saocamilosp","https:\/\/www.linkedin.com\/school\/centro-universit-rio-s-o-camilo\/"]},{"@type":"Person","@id":"https:\/\/blog.saocamilo-sp.br\/#\/schema\/person\/7dce5f342af0848eb2f06778b2737904","name":"Christopher Oliveira dos Reis","image":{"@type":"ImageObject","inLanguage":"pt-BR","@id":"https:\/\/secure.gravatar.com\/avatar\/b09a1361215d06f22999124838358b6855376e2b7287de883b723960b0c03f82?s=96&d=mm&r=g","url":"https:\/\/secure.gravatar.com\/avatar\/b09a1361215d06f22999124838358b6855376e2b7287de883b723960b0c03f82?s=96&d=mm&r=g","contentUrl":"https:\/\/secure.gravatar.com\/avatar\/b09a1361215d06f22999124838358b6855376e2b7287de883b723960b0c03f82?s=96&d=mm&r=g","caption":"Christopher Oliveira dos Reis"},"url":"https:\/\/blog.saocamilo-sp.br\/index.php\/author\/christopher-reis\/"}]}},"_links":{"self":[{"href":"https:\/\/blog.saocamilo-sp.br\/index.php\/wp-json\/wp\/v2\/posts\/2795","targetHints":{"allow":["GET"]}}],"collection":[{"href":"https:\/\/blog.saocamilo-sp.br\/index.php\/wp-json\/wp\/v2\/posts"}],"about":[{"href":"https:\/\/blog.saocamilo-sp.br\/index.php\/wp-json\/wp\/v2\/types\/post"}],"author":[{"embeddable":true,"href":"https:\/\/blog.saocamilo-sp.br\/index.php\/wp-json\/wp\/v2\/users\/11"}],"replies":[{"embeddable":true,"href":"https:\/\/blog.saocamilo-sp.br\/index.php\/wp-json\/wp\/v2\/comments?post=2795"}],"version-history":[{"count":7,"href":"https:\/\/blog.saocamilo-sp.br\/index.php\/wp-json\/wp\/v2\/posts\/2795\/revisions"}],"predecessor-version":[{"id":2837,"href":"https:\/\/blog.saocamilo-sp.br\/index.php\/wp-json\/wp\/v2\/posts\/2795\/revisions\/2837"}],"wp:featuredmedia":[{"embeddable":true,"href":"https:\/\/blog.saocamilo-sp.br\/index.php\/wp-json\/wp\/v2\/media\/2796"}],"wp:attachment":[{"href":"https:\/\/blog.saocamilo-sp.br\/index.php\/wp-json\/wp\/v2\/media?parent=2795"}],"wp:term":[{"taxonomy":"category","embeddable":true,"href":"https:\/\/blog.saocamilo-sp.br\/index.php\/wp-json\/wp\/v2\/categories?post=2795"},{"taxonomy":"post_tag","embeddable":true,"href":"https:\/\/blog.saocamilo-sp.br\/index.php\/wp-json\/wp\/v2\/tags?post=2795"}],"curies":[{"name":"wp","href":"https:\/\/api.w.org\/{rel}","templated":true}]}}