{"id":2835,"date":"2024-08-21T15:53:35","date_gmt":"2024-08-21T18:53:35","guid":{"rendered":"https:\/\/blog.saocamilo-sp.br\/?p=2835"},"modified":"2024-09-20T15:44:28","modified_gmt":"2024-09-20T18:44:28","slug":"as-inscricoes-para-o-processo-seletivo-2025-1-do-curso-de-graduacao-em-medicina-do-centro-universitario-sao-camilo-ja-estao-abertas","status":"publish","type":"post","link":"https:\/\/blog.saocamilo-sp.br\/index.php\/2024\/08\/21\/as-inscricoes-para-o-processo-seletivo-2025-1-do-curso-de-graduacao-em-medicina-do-centro-universitario-sao-camilo-ja-estao-abertas\/","title":{"rendered":"Inscri\u00e7\u00f5es abertas para o Vestibular de Medicina 2025 &#8211; 1\u00ba Semestre"},"content":{"rendered":"\n<p>Ser\u00e3o oferecidas 90 vagas, das quais duas s\u00e3o reservadas para o Processo Seletivo \u2013 IB. O curso tem dura\u00e7\u00e3o m\u00ednima de 12 semestres, com in\u00edcio previsto para o 1\u00ba semestre de 2025, em per\u00edodo integral. Podem se candidatar aqueles que possu\u00edrem o Certificado de Conclus\u00e3o do Ensino M\u00e9dio e a admiss\u00e3o ser\u00e1 feita com base na classifica\u00e7\u00e3o dos candidatos habilitados no vestibular.<\/p>\n\n\n\n<h3 class=\"wp-block-heading\">Sobre o Vestibular para Medicina<\/h3>\n\n\n\n<p>As inscri\u00e7\u00f5es estar\u00e3o abertas at\u00e9&nbsp; o dia 30 de outubro de 2024, exclusivamente pelo site&nbsp;<a href=\"http:\/\/www.vunesp.com.br\/\" target=\"_blank\" rel=\"noreferrer noopener\">www.vunesp.com.br<\/a>. Para concorrer, os interessados devem preencher a ficha de inscri\u00e7\u00e3o e pagar uma taxa de R$ 440,00 (quatrocentos e quarenta reais), por meio de boleto banc\u00e1rio, em qualquer ag\u00eancia.<\/p>\n\n\n\n<p><strong>Data:<\/strong> As provas ser\u00e3o realizadas no dia 22 de novembro de 2024.<br><strong>Hor\u00e1rio:<\/strong> das 14h \u00e0s 19h.<br><strong>Local:<\/strong> unidades do Centro Universit\u00e1rio S\u00e3o Camilo.<\/p>\n\n\n\n<p>Candidatos treineiros, que desejam adquirir experi\u00eancia, mas ainda n\u00e3o conclu\u00edram o Ensino M\u00e9dio, devem selecionar essa op\u00e7\u00e3o na rela\u00e7\u00e3o de cursos dispon\u00edveis. Tamb\u00e9m dever\u00e3o declarar essa inten\u00e7\u00e3o na ficha de inscri\u00e7\u00e3o. Nesses casos, eles n\u00e3o ter\u00e3o direito \u00e0 matr\u00edcula, independentemente da pontua\u00e7\u00e3o ou classifica\u00e7\u00e3o no processo seletivo. Para mais informa\u00e7\u00f5es consulte o Edital no link:&nbsp;<a href=\"https:\/\/saocamilo-sp.br\/\" target=\"_blank\" rel=\"noreferrer noopener\">https:\/\/saocamilo-sp.br\/<\/a>.<\/p>\n\n\n\n<h3 class=\"wp-block-heading\">Sobre o curso de Medicina<\/h3>\n\n\n\n<p>As aulas pr\u00e1ticas do curso de Medicina se iniciam no 1\u00ba semestre e incluem atividades em laborat\u00f3rios equipados com tecnologia de ponta, al\u00e9m de Unidades B\u00e1sicas de Sa\u00fade, hospitais, e centros de especialidades, tanto pr\u00f3prios quanto conveniados. Um dos principais campos de est\u00e1gio \u00e9 a Cl\u00ednica-escola PROMOVE S\u00e3o Camilo. O local que oferece assist\u00eancia de qualidade \u00e0 popula\u00e7\u00e3o socioeconomicamente vulner\u00e1vel, destacando-se pela finalidade educacional e pela atua\u00e7\u00e3o multiprofissional.<\/p>\n\n\n\n<figure class=\"wp-block-image size-large is-resized is-style-default\" id=\"https:\/\/lp.saocamilo-sp.br\/g-medicina-ebook\"><a href=\"https:\/\/lp.saocamilo-sp.br\/g-medicina-ebook\" target=\"_blank\" rel=\"noreferrer noopener\"><img loading=\"lazy\" decoding=\"async\" width=\"1024\" height=\"1024\" src=\"https:\/\/blog.saocamilo-sp.br\/wp-content\/uploads\/2024\/08\/E-book-Medicina-1024x1024.png\" alt=\"\" class=\"wp-image-2936\" style=\"width:322px;height:auto\" srcset=\"https:\/\/blog.saocamilo-sp.br\/wp-content\/uploads\/2024\/08\/E-book-Medicina-1024x1024.png 1024w, https:\/\/blog.saocamilo-sp.br\/wp-content\/uploads\/2024\/08\/E-book-Medicina-300x300.png 300w, https:\/\/blog.saocamilo-sp.br\/wp-content\/uploads\/2024\/08\/E-book-Medicina-150x150.png 150w, https:\/\/blog.saocamilo-sp.br\/wp-content\/uploads\/2024\/08\/E-book-Medicina-768x768.png 768w, https:\/\/blog.saocamilo-sp.br\/wp-content\/uploads\/2024\/08\/E-book-Medicina-600x600.png 600w, https:\/\/blog.saocamilo-sp.br\/wp-content\/uploads\/2024\/08\/E-book-Medicina-945x945.png 945w, https:\/\/blog.saocamilo-sp.br\/wp-content\/uploads\/2024\/08\/E-book-Medicina.png 1080w\" sizes=\"auto, (max-width: 1024px) 100vw, 1024px\" \/><\/a><\/figure>\n\n\n\n<h3 class=\"wp-block-heading\">O curso de Medicina da S\u00e3o Camimlo possui nota 4 no ENADE e conceito 4 no CC, segundo o MEC.<\/h3>\n\n\n\n<p>O Centro Universit\u00e1rio S\u00e3o Camilo oferece ainda programas de Resid\u00eancia M\u00e9dica em Anestesiologia, Cl\u00ednica M\u00e9dica, Geriatria, Cirurgia Geral, Radiologia, Terapia Intensiva, Mastologia, Oncologia, Medicina Paliativa e Dor, aprovados pelo Minist\u00e9rio da Educa\u00e7\u00e3o. Essas Resid\u00eancias incentivam e oferecem oportunidades para a continuidade da forma\u00e7\u00e3o dos novos egressos sob a base Camiliana.<\/p>\n\n\n\n<p>Vale destacar que o curso de gradua\u00e7\u00e3o em Medicina, do Centro Universit\u00e1rio S\u00e3o Camilo, foi acreditado pelo Sistema de Acredita\u00e7\u00e3o de Escolas M\u00e9dicas (SAEME-CFM), recebendo selo de reconhecimento pela qualidade na forma\u00e7\u00e3o m\u00e9dica. Essa acredita\u00e7\u00e3o, implementada pelo Conselho Federal de Medicina e reconhecida pela World Federation of Medical Education, \u00e9 um certificado de prest\u00edgio internacional, permitindo que os egressos do curso se candidatem a resid\u00eancias m\u00e9dicas na Europa, EUA e Canad\u00e1.<\/p>\n\n\n\n<p><strong>Veja tamb\u00e9m<\/strong>:<\/p>\n\n\n\n<ul class=\"wp-block-list\">\n<li><a href=\"https:\/\/blog.saocamilo-sp.br\/index.php\/2023\/12\/02\/medicina-sao-camilo-conquista-a-certificacao-do-cfm\/\">Medicina S\u00e3o Camilo conquista certifica\u00e7\u00e3o do Sistema de Acredita\u00e7\u00e3o de Escolas M\u00e9dicas \u2013 CFM<\/a><\/li>\n\n\n\n<li><a href=\"https:\/\/blog.saocamilo-sp.br\/index.php\/2024\/07\/08\/membro-da-coordenacao-de-pesquisa-que-ja-foi-ao-mit-fala-sobre-o-dia-internacional-do-pesquisador-cientifico\/\">Dia Nacional da Ci\u00eancia e do Pesquisador Cient\u00edfico \u2013 Membro da Coordena\u00e7\u00e3o de Pesquisa fala sobre a data&nbsp;<\/a><\/li>\n\n\n\n<li><a href=\"https:\/\/blog.saocamilo-sp.br\/index.php\/2024\/07\/18\/estudantes-de-medicina-da-sao-camilo-acompanham-atendimentos-em-comunidades-ribeirinhas-da-amazonia\/\">Estudantes de medicina da S\u00e3o Camilo acompanham atendimentos em comunidades na Amaz\u00f4nia<\/a><\/li>\n<\/ul>\n\n\n\n<p><\/p>\n\n\n\n<p>Saiba mais sobre nossos cursos:<\/p>\n\n\n\n<iframe loading=\"lazy\" src=\"https:\/\/saocamilo.apprbs.com.br\/tenho-interesse-blog\" height=\"530px\" width=\"100%\" frameborder=\"0\"><\/iframe>\n","protected":false},"excerpt":{"rendered":"<p>O curso de Medicina da S\u00e3o Camilo recebeu acredita\u00e7\u00e3o do SAEME-CFM, com selo de qualidade reconhecido internacionalmente. <\/p>\n","protected":false},"author":11,"featured_media":2836,"comment_status":"open","ping_status":"open","sticky":false,"template":"","format":"standard","meta":{"cybocfi_hide_featured_image":"","footnotes":""},"categories":[1,30,85],"tags":[18],"class_list":["post-2835","post","type-post","status-publish","format-standard","has-post-thumbnail","hentry","category-cursos","category-medicina","category-vestibular","tag-vestibular"],"yoast_head":"<!-- This site is optimized with the Yoast SEO plugin v27.5 - https:\/\/yoast.com\/product\/yoast-seo-wordpress\/ -->\n<title>Inscri\u00e7\u00f5es abertas para o Vestibular de Medicina 2025 - 1\u00ba Semestre<\/title>\n<meta name=\"description\" content=\"O curso de Medicina da S\u00e3o Camilo recebeu acredita\u00e7\u00e3o do SAEME-CFM, com selo de qualidade reconhecido internacionalmente.\" \/>\n<meta name=\"robots\" content=\"index, follow, max-snippet:-1, max-image-preview:large, max-video-preview:-1\" \/>\n<link rel=\"canonical\" href=\"https:\/\/blog.saocamilo-sp.br\/index.php\/2024\/08\/21\/as-inscricoes-para-o-processo-seletivo-2025-1-do-curso-de-graduacao-em-medicina-do-centro-universitario-sao-camilo-ja-estao-abertas\/\" \/>\n<meta property=\"og:locale\" content=\"pt_BR\" \/>\n<meta property=\"og:type\" content=\"article\" \/>\n<meta property=\"og:title\" content=\"Inscri\u00e7\u00f5es abertas para o Vestibular de Medicina 2025 - 1\u00ba Semestre\" \/>\n<meta property=\"og:description\" content=\"O curso de Medicina da S\u00e3o Camilo recebeu acredita\u00e7\u00e3o do SAEME-CFM, com selo de qualidade reconhecido internacionalmente.\" \/>\n<meta property=\"og:url\" content=\"https:\/\/blog.saocamilo-sp.br\/index.php\/2024\/08\/21\/as-inscricoes-para-o-processo-seletivo-2025-1-do-curso-de-graduacao-em-medicina-do-centro-universitario-sao-camilo-ja-estao-abertas\/\" \/>\n<meta property=\"og:site_name\" content=\"Blog S\u00e3o Camilo\" \/>\n<meta property=\"article:publisher\" content=\"https:\/\/www.facebook.com\/saocamilosp\" \/>\n<meta property=\"article:published_time\" content=\"2024-08-21T18:53:35+00:00\" \/>\n<meta property=\"article:modified_time\" content=\"2024-09-20T18:44:28+00:00\" \/>\n<meta property=\"og:image\" content=\"https:\/\/blog.saocamilo-sp.br\/wp-content\/uploads\/2024\/08\/imagem-7.png\" \/>\n\t<meta property=\"og:image:width\" content=\"1212\" \/>\n\t<meta property=\"og:image:height\" content=\"816\" \/>\n\t<meta property=\"og:image:type\" content=\"image\/png\" \/>\n<meta name=\"author\" content=\"Christopher Oliveira dos Reis\" \/>\n<meta name=\"twitter:card\" content=\"summary_large_image\" \/>\n<meta name=\"twitter:creator\" content=\"@saocamilosp\" \/>\n<meta name=\"twitter:site\" content=\"@saocamilosp\" \/>\n<meta name=\"twitter:label1\" content=\"Escrito por\" \/>\n\t<meta name=\"twitter:data1\" content=\"Christopher Oliveira dos Reis\" \/>\n\t<meta name=\"twitter:label2\" content=\"Est. tempo de leitura\" \/>\n\t<meta name=\"twitter:data2\" content=\"3 minutos\" \/>\n<script type=\"application\/ld+json\" class=\"yoast-schema-graph\">{\"@context\":\"https:\\\/\\\/schema.org\",\"@graph\":[{\"@type\":\"Article\",\"@id\":\"https:\\\/\\\/blog.saocamilo-sp.br\\\/index.php\\\/2024\\\/08\\\/21\\\/as-inscricoes-para-o-processo-seletivo-2025-1-do-curso-de-graduacao-em-medicina-do-centro-universitario-sao-camilo-ja-estao-abertas\\\/#article\",\"isPartOf\":{\"@id\":\"https:\\\/\\\/blog.saocamilo-sp.br\\\/index.php\\\/2024\\\/08\\\/21\\\/as-inscricoes-para-o-processo-seletivo-2025-1-do-curso-de-graduacao-em-medicina-do-centro-universitario-sao-camilo-ja-estao-abertas\\\/\"},\"author\":{\"name\":\"Christopher Oliveira dos Reis\",\"@id\":\"https:\\\/\\\/blog.saocamilo-sp.br\\\/#\\\/schema\\\/person\\\/7dce5f342af0848eb2f06778b2737904\"},\"headline\":\"Inscri\u00e7\u00f5es abertas para o Vestibular de Medicina 2025 &#8211; 1\u00ba Semestre\",\"datePublished\":\"2024-08-21T18:53:35+00:00\",\"dateModified\":\"2024-09-20T18:44:28+00:00\",\"mainEntityOfPage\":{\"@id\":\"https:\\\/\\\/blog.saocamilo-sp.br\\\/index.php\\\/2024\\\/08\\\/21\\\/as-inscricoes-para-o-processo-seletivo-2025-1-do-curso-de-graduacao-em-medicina-do-centro-universitario-sao-camilo-ja-estao-abertas\\\/\"},\"wordCount\":539,\"commentCount\":0,\"publisher\":{\"@id\":\"https:\\\/\\\/blog.saocamilo-sp.br\\\/#organization\"},\"image\":{\"@id\":\"https:\\\/\\\/blog.saocamilo-sp.br\\\/index.php\\\/2024\\\/08\\\/21\\\/as-inscricoes-para-o-processo-seletivo-2025-1-do-curso-de-graduacao-em-medicina-do-centro-universitario-sao-camilo-ja-estao-abertas\\\/#primaryimage\"},\"thumbnailUrl\":\"https:\\\/\\\/blog.saocamilo-sp.br\\\/wp-content\\\/uploads\\\/2024\\\/08\\\/imagem-7.png\",\"keywords\":[\"Vestibular\"],\"articleSection\":[\"Cursos\",\"Medicina\",\"Vestibular\"],\"inLanguage\":\"pt-BR\",\"potentialAction\":[{\"@type\":\"CommentAction\",\"name\":\"Comment\",\"target\":[\"https:\\\/\\\/blog.saocamilo-sp.br\\\/index.php\\\/2024\\\/08\\\/21\\\/as-inscricoes-para-o-processo-seletivo-2025-1-do-curso-de-graduacao-em-medicina-do-centro-universitario-sao-camilo-ja-estao-abertas\\\/#respond\"]}]},{\"@type\":\"WebPage\",\"@id\":\"https:\\\/\\\/blog.saocamilo-sp.br\\\/index.php\\\/2024\\\/08\\\/21\\\/as-inscricoes-para-o-processo-seletivo-2025-1-do-curso-de-graduacao-em-medicina-do-centro-universitario-sao-camilo-ja-estao-abertas\\\/\",\"url\":\"https:\\\/\\\/blog.saocamilo-sp.br\\\/index.php\\\/2024\\\/08\\\/21\\\/as-inscricoes-para-o-processo-seletivo-2025-1-do-curso-de-graduacao-em-medicina-do-centro-universitario-sao-camilo-ja-estao-abertas\\\/\",\"name\":\"Inscri\u00e7\u00f5es abertas para o Vestibular de Medicina 2025 - 1\u00ba Semestre\",\"isPartOf\":{\"@id\":\"https:\\\/\\\/blog.saocamilo-sp.br\\\/#website\"},\"primaryImageOfPage\":{\"@id\":\"https:\\\/\\\/blog.saocamilo-sp.br\\\/index.php\\\/2024\\\/08\\\/21\\\/as-inscricoes-para-o-processo-seletivo-2025-1-do-curso-de-graduacao-em-medicina-do-centro-universitario-sao-camilo-ja-estao-abertas\\\/#primaryimage\"},\"image\":{\"@id\":\"https:\\\/\\\/blog.saocamilo-sp.br\\\/index.php\\\/2024\\\/08\\\/21\\\/as-inscricoes-para-o-processo-seletivo-2025-1-do-curso-de-graduacao-em-medicina-do-centro-universitario-sao-camilo-ja-estao-abertas\\\/#primaryimage\"},\"thumbnailUrl\":\"https:\\\/\\\/blog.saocamilo-sp.br\\\/wp-content\\\/uploads\\\/2024\\\/08\\\/imagem-7.png\",\"datePublished\":\"2024-08-21T18:53:35+00:00\",\"dateModified\":\"2024-09-20T18:44:28+00:00\",\"description\":\"O curso de Medicina da S\u00e3o Camilo recebeu acredita\u00e7\u00e3o do SAEME-CFM, com selo de qualidade reconhecido internacionalmente.\",\"breadcrumb\":{\"@id\":\"https:\\\/\\\/blog.saocamilo-sp.br\\\/index.php\\\/2024\\\/08\\\/21\\\/as-inscricoes-para-o-processo-seletivo-2025-1-do-curso-de-graduacao-em-medicina-do-centro-universitario-sao-camilo-ja-estao-abertas\\\/#breadcrumb\"},\"inLanguage\":\"pt-BR\",\"potentialAction\":[{\"@type\":\"ReadAction\",\"target\":[\"https:\\\/\\\/blog.saocamilo-sp.br\\\/index.php\\\/2024\\\/08\\\/21\\\/as-inscricoes-para-o-processo-seletivo-2025-1-do-curso-de-graduacao-em-medicina-do-centro-universitario-sao-camilo-ja-estao-abertas\\\/\"]}]},{\"@type\":\"ImageObject\",\"inLanguage\":\"pt-BR\",\"@id\":\"https:\\\/\\\/blog.saocamilo-sp.br\\\/index.php\\\/2024\\\/08\\\/21\\\/as-inscricoes-para-o-processo-seletivo-2025-1-do-curso-de-graduacao-em-medicina-do-centro-universitario-sao-camilo-ja-estao-abertas\\\/#primaryimage\",\"url\":\"https:\\\/\\\/blog.saocamilo-sp.br\\\/wp-content\\\/uploads\\\/2024\\\/08\\\/imagem-7.png\",\"contentUrl\":\"https:\\\/\\\/blog.saocamilo-sp.br\\\/wp-content\\\/uploads\\\/2024\\\/08\\\/imagem-7.png\",\"width\":1212,\"height\":816},{\"@type\":\"BreadcrumbList\",\"@id\":\"https:\\\/\\\/blog.saocamilo-sp.br\\\/index.php\\\/2024\\\/08\\\/21\\\/as-inscricoes-para-o-processo-seletivo-2025-1-do-curso-de-graduacao-em-medicina-do-centro-universitario-sao-camilo-ja-estao-abertas\\\/#breadcrumb\",\"itemListElement\":[{\"@type\":\"ListItem\",\"position\":1,\"name\":\"In\u00edcio\",\"item\":\"https:\\\/\\\/blog.saocamilo-sp.br\\\/\"},{\"@type\":\"ListItem\",\"position\":2,\"name\":\"Inscri\u00e7\u00f5es abertas para o Vestibular de Medicina 2025 &#8211; 1\u00ba Semestre\"}]},{\"@type\":\"WebSite\",\"@id\":\"https:\\\/\\\/blog.saocamilo-sp.br\\\/#website\",\"url\":\"https:\\\/\\\/blog.saocamilo-sp.br\\\/\",\"name\":\"Blog S\u00e3o Camilo\",\"description\":\"Blog do Centro Universit\u00e1rio S\u00e3o Camilo\",\"publisher\":{\"@id\":\"https:\\\/\\\/blog.saocamilo-sp.br\\\/#organization\"},\"potentialAction\":[{\"@type\":\"SearchAction\",\"target\":{\"@type\":\"EntryPoint\",\"urlTemplate\":\"https:\\\/\\\/blog.saocamilo-sp.br\\\/?s={search_term_string}\"},\"query-input\":{\"@type\":\"PropertyValueSpecification\",\"valueRequired\":true,\"valueName\":\"search_term_string\"}}],\"inLanguage\":\"pt-BR\"},{\"@type\":\"Organization\",\"@id\":\"https:\\\/\\\/blog.saocamilo-sp.br\\\/#organization\",\"name\":\"Blog S\u00e3o Camilo\",\"url\":\"https:\\\/\\\/blog.saocamilo-sp.br\\\/\",\"logo\":{\"@type\":\"ImageObject\",\"inLanguage\":\"pt-BR\",\"@id\":\"https:\\\/\\\/blog.saocamilo-sp.br\\\/#\\\/schema\\\/logo\\\/image\\\/\",\"url\":\"https:\\\/\\\/blog.saocamilo-sp.br\\\/wp-content\\\/uploads\\\/2021\\\/12\\\/cropped-vazio-logo-topo.png\",\"contentUrl\":\"https:\\\/\\\/blog.saocamilo-sp.br\\\/wp-content\\\/uploads\\\/2021\\\/12\\\/cropped-vazio-logo-topo.png\",\"width\":320,\"height\":240,\"caption\":\"Blog S\u00e3o Camilo\"},\"image\":{\"@id\":\"https:\\\/\\\/blog.saocamilo-sp.br\\\/#\\\/schema\\\/logo\\\/image\\\/\"},\"sameAs\":[\"https:\\\/\\\/www.facebook.com\\\/saocamilosp\",\"https:\\\/\\\/x.com\\\/saocamilosp\",\"https:\\\/\\\/www.linkedin.com\\\/school\\\/centro-universit-rio-s-o-camilo\\\/\"]},{\"@type\":\"Person\",\"@id\":\"https:\\\/\\\/blog.saocamilo-sp.br\\\/#\\\/schema\\\/person\\\/7dce5f342af0848eb2f06778b2737904\",\"name\":\"Christopher Oliveira dos Reis\",\"image\":{\"@type\":\"ImageObject\",\"inLanguage\":\"pt-BR\",\"@id\":\"https:\\\/\\\/secure.gravatar.com\\\/avatar\\\/b09a1361215d06f22999124838358b6855376e2b7287de883b723960b0c03f82?s=96&d=mm&r=g\",\"url\":\"https:\\\/\\\/secure.gravatar.com\\\/avatar\\\/b09a1361215d06f22999124838358b6855376e2b7287de883b723960b0c03f82?s=96&d=mm&r=g\",\"contentUrl\":\"https:\\\/\\\/secure.gravatar.com\\\/avatar\\\/b09a1361215d06f22999124838358b6855376e2b7287de883b723960b0c03f82?s=96&d=mm&r=g\",\"caption\":\"Christopher Oliveira dos Reis\"},\"url\":\"https:\\\/\\\/blog.saocamilo-sp.br\\\/index.php\\\/author\\\/christopher-reis\\\/\"}]}<\/script>\n<!-- \/ Yoast SEO plugin. -->","yoast_head_json":{"title":"Inscri\u00e7\u00f5es abertas para o Vestibular de Medicina 2025 - 1\u00ba Semestre","description":"O curso de Medicina da S\u00e3o Camilo recebeu acredita\u00e7\u00e3o do SAEME-CFM, com selo de qualidade reconhecido internacionalmente.","robots":{"index":"index","follow":"follow","max-snippet":"max-snippet:-1","max-image-preview":"max-image-preview:large","max-video-preview":"max-video-preview:-1"},"canonical":"https:\/\/blog.saocamilo-sp.br\/index.php\/2024\/08\/21\/as-inscricoes-para-o-processo-seletivo-2025-1-do-curso-de-graduacao-em-medicina-do-centro-universitario-sao-camilo-ja-estao-abertas\/","og_locale":"pt_BR","og_type":"article","og_title":"Inscri\u00e7\u00f5es abertas para o Vestibular de Medicina 2025 - 1\u00ba Semestre","og_description":"O curso de Medicina da S\u00e3o Camilo recebeu acredita\u00e7\u00e3o do SAEME-CFM, com selo de qualidade reconhecido internacionalmente.","og_url":"https:\/\/blog.saocamilo-sp.br\/index.php\/2024\/08\/21\/as-inscricoes-para-o-processo-seletivo-2025-1-do-curso-de-graduacao-em-medicina-do-centro-universitario-sao-camilo-ja-estao-abertas\/","og_site_name":"Blog S\u00e3o Camilo","article_publisher":"https:\/\/www.facebook.com\/saocamilosp","article_published_time":"2024-08-21T18:53:35+00:00","article_modified_time":"2024-09-20T18:44:28+00:00","og_image":[{"width":1212,"height":816,"url":"https:\/\/blog.saocamilo-sp.br\/wp-content\/uploads\/2024\/08\/imagem-7.png","type":"image\/png"}],"author":"Christopher Oliveira dos Reis","twitter_card":"summary_large_image","twitter_creator":"@saocamilosp","twitter_site":"@saocamilosp","twitter_misc":{"Escrito por":"Christopher Oliveira dos Reis","Est. tempo de leitura":"3 minutos"},"schema":{"@context":"https:\/\/schema.org","@graph":[{"@type":"Article","@id":"https:\/\/blog.saocamilo-sp.br\/index.php\/2024\/08\/21\/as-inscricoes-para-o-processo-seletivo-2025-1-do-curso-de-graduacao-em-medicina-do-centro-universitario-sao-camilo-ja-estao-abertas\/#article","isPartOf":{"@id":"https:\/\/blog.saocamilo-sp.br\/index.php\/2024\/08\/21\/as-inscricoes-para-o-processo-seletivo-2025-1-do-curso-de-graduacao-em-medicina-do-centro-universitario-sao-camilo-ja-estao-abertas\/"},"author":{"name":"Christopher Oliveira dos Reis","@id":"https:\/\/blog.saocamilo-sp.br\/#\/schema\/person\/7dce5f342af0848eb2f06778b2737904"},"headline":"Inscri\u00e7\u00f5es abertas para o Vestibular de Medicina 2025 &#8211; 1\u00ba Semestre","datePublished":"2024-08-21T18:53:35+00:00","dateModified":"2024-09-20T18:44:28+00:00","mainEntityOfPage":{"@id":"https:\/\/blog.saocamilo-sp.br\/index.php\/2024\/08\/21\/as-inscricoes-para-o-processo-seletivo-2025-1-do-curso-de-graduacao-em-medicina-do-centro-universitario-sao-camilo-ja-estao-abertas\/"},"wordCount":539,"commentCount":0,"publisher":{"@id":"https:\/\/blog.saocamilo-sp.br\/#organization"},"image":{"@id":"https:\/\/blog.saocamilo-sp.br\/index.php\/2024\/08\/21\/as-inscricoes-para-o-processo-seletivo-2025-1-do-curso-de-graduacao-em-medicina-do-centro-universitario-sao-camilo-ja-estao-abertas\/#primaryimage"},"thumbnailUrl":"https:\/\/blog.saocamilo-sp.br\/wp-content\/uploads\/2024\/08\/imagem-7.png","keywords":["Vestibular"],"articleSection":["Cursos","Medicina","Vestibular"],"inLanguage":"pt-BR","potentialAction":[{"@type":"CommentAction","name":"Comment","target":["https:\/\/blog.saocamilo-sp.br\/index.php\/2024\/08\/21\/as-inscricoes-para-o-processo-seletivo-2025-1-do-curso-de-graduacao-em-medicina-do-centro-universitario-sao-camilo-ja-estao-abertas\/#respond"]}]},{"@type":"WebPage","@id":"https:\/\/blog.saocamilo-sp.br\/index.php\/2024\/08\/21\/as-inscricoes-para-o-processo-seletivo-2025-1-do-curso-de-graduacao-em-medicina-do-centro-universitario-sao-camilo-ja-estao-abertas\/","url":"https:\/\/blog.saocamilo-sp.br\/index.php\/2024\/08\/21\/as-inscricoes-para-o-processo-seletivo-2025-1-do-curso-de-graduacao-em-medicina-do-centro-universitario-sao-camilo-ja-estao-abertas\/","name":"Inscri\u00e7\u00f5es abertas para o Vestibular de Medicina 2025 - 1\u00ba Semestre","isPartOf":{"@id":"https:\/\/blog.saocamilo-sp.br\/#website"},"primaryImageOfPage":{"@id":"https:\/\/blog.saocamilo-sp.br\/index.php\/2024\/08\/21\/as-inscricoes-para-o-processo-seletivo-2025-1-do-curso-de-graduacao-em-medicina-do-centro-universitario-sao-camilo-ja-estao-abertas\/#primaryimage"},"image":{"@id":"https:\/\/blog.saocamilo-sp.br\/index.php\/2024\/08\/21\/as-inscricoes-para-o-processo-seletivo-2025-1-do-curso-de-graduacao-em-medicina-do-centro-universitario-sao-camilo-ja-estao-abertas\/#primaryimage"},"thumbnailUrl":"https:\/\/blog.saocamilo-sp.br\/wp-content\/uploads\/2024\/08\/imagem-7.png","datePublished":"2024-08-21T18:53:35+00:00","dateModified":"2024-09-20T18:44:28+00:00","description":"O curso de Medicina da S\u00e3o Camilo recebeu acredita\u00e7\u00e3o do SAEME-CFM, com selo de qualidade reconhecido internacionalmente.","breadcrumb":{"@id":"https:\/\/blog.saocamilo-sp.br\/index.php\/2024\/08\/21\/as-inscricoes-para-o-processo-seletivo-2025-1-do-curso-de-graduacao-em-medicina-do-centro-universitario-sao-camilo-ja-estao-abertas\/#breadcrumb"},"inLanguage":"pt-BR","potentialAction":[{"@type":"ReadAction","target":["https:\/\/blog.saocamilo-sp.br\/index.php\/2024\/08\/21\/as-inscricoes-para-o-processo-seletivo-2025-1-do-curso-de-graduacao-em-medicina-do-centro-universitario-sao-camilo-ja-estao-abertas\/"]}]},{"@type":"ImageObject","inLanguage":"pt-BR","@id":"https:\/\/blog.saocamilo-sp.br\/index.php\/2024\/08\/21\/as-inscricoes-para-o-processo-seletivo-2025-1-do-curso-de-graduacao-em-medicina-do-centro-universitario-sao-camilo-ja-estao-abertas\/#primaryimage","url":"https:\/\/blog.saocamilo-sp.br\/wp-content\/uploads\/2024\/08\/imagem-7.png","contentUrl":"https:\/\/blog.saocamilo-sp.br\/wp-content\/uploads\/2024\/08\/imagem-7.png","width":1212,"height":816},{"@type":"BreadcrumbList","@id":"https:\/\/blog.saocamilo-sp.br\/index.php\/2024\/08\/21\/as-inscricoes-para-o-processo-seletivo-2025-1-do-curso-de-graduacao-em-medicina-do-centro-universitario-sao-camilo-ja-estao-abertas\/#breadcrumb","itemListElement":[{"@type":"ListItem","position":1,"name":"In\u00edcio","item":"https:\/\/blog.saocamilo-sp.br\/"},{"@type":"ListItem","position":2,"name":"Inscri\u00e7\u00f5es abertas para o Vestibular de Medicina 2025 &#8211; 1\u00ba Semestre"}]},{"@type":"WebSite","@id":"https:\/\/blog.saocamilo-sp.br\/#website","url":"https:\/\/blog.saocamilo-sp.br\/","name":"Blog S\u00e3o Camilo","description":"Blog do Centro Universit\u00e1rio S\u00e3o Camilo","publisher":{"@id":"https:\/\/blog.saocamilo-sp.br\/#organization"},"potentialAction":[{"@type":"SearchAction","target":{"@type":"EntryPoint","urlTemplate":"https:\/\/blog.saocamilo-sp.br\/?s={search_term_string}"},"query-input":{"@type":"PropertyValueSpecification","valueRequired":true,"valueName":"search_term_string"}}],"inLanguage":"pt-BR"},{"@type":"Organization","@id":"https:\/\/blog.saocamilo-sp.br\/#organization","name":"Blog S\u00e3o Camilo","url":"https:\/\/blog.saocamilo-sp.br\/","logo":{"@type":"ImageObject","inLanguage":"pt-BR","@id":"https:\/\/blog.saocamilo-sp.br\/#\/schema\/logo\/image\/","url":"https:\/\/blog.saocamilo-sp.br\/wp-content\/uploads\/2021\/12\/cropped-vazio-logo-topo.png","contentUrl":"https:\/\/blog.saocamilo-sp.br\/wp-content\/uploads\/2021\/12\/cropped-vazio-logo-topo.png","width":320,"height":240,"caption":"Blog S\u00e3o Camilo"},"image":{"@id":"https:\/\/blog.saocamilo-sp.br\/#\/schema\/logo\/image\/"},"sameAs":["https:\/\/www.facebook.com\/saocamilosp","https:\/\/x.com\/saocamilosp","https:\/\/www.linkedin.com\/school\/centro-universit-rio-s-o-camilo\/"]},{"@type":"Person","@id":"https:\/\/blog.saocamilo-sp.br\/#\/schema\/person\/7dce5f342af0848eb2f06778b2737904","name":"Christopher Oliveira dos Reis","image":{"@type":"ImageObject","inLanguage":"pt-BR","@id":"https:\/\/secure.gravatar.com\/avatar\/b09a1361215d06f22999124838358b6855376e2b7287de883b723960b0c03f82?s=96&d=mm&r=g","url":"https:\/\/secure.gravatar.com\/avatar\/b09a1361215d06f22999124838358b6855376e2b7287de883b723960b0c03f82?s=96&d=mm&r=g","contentUrl":"https:\/\/secure.gravatar.com\/avatar\/b09a1361215d06f22999124838358b6855376e2b7287de883b723960b0c03f82?s=96&d=mm&r=g","caption":"Christopher Oliveira dos Reis"},"url":"https:\/\/blog.saocamilo-sp.br\/index.php\/author\/christopher-reis\/"}]}},"_links":{"self":[{"href":"https:\/\/blog.saocamilo-sp.br\/index.php\/wp-json\/wp\/v2\/posts\/2835","targetHints":{"allow":["GET"]}}],"collection":[{"href":"https:\/\/blog.saocamilo-sp.br\/index.php\/wp-json\/wp\/v2\/posts"}],"about":[{"href":"https:\/\/blog.saocamilo-sp.br\/index.php\/wp-json\/wp\/v2\/types\/post"}],"author":[{"embeddable":true,"href":"https:\/\/blog.saocamilo-sp.br\/index.php\/wp-json\/wp\/v2\/users\/11"}],"replies":[{"embeddable":true,"href":"https:\/\/blog.saocamilo-sp.br\/index.php\/wp-json\/wp\/v2\/comments?post=2835"}],"version-history":[{"count":8,"href":"https:\/\/blog.saocamilo-sp.br\/index.php\/wp-json\/wp\/v2\/posts\/2835\/revisions"}],"predecessor-version":[{"id":2943,"href":"https:\/\/blog.saocamilo-sp.br\/index.php\/wp-json\/wp\/v2\/posts\/2835\/revisions\/2943"}],"wp:featuredmedia":[{"embeddable":true,"href":"https:\/\/blog.saocamilo-sp.br\/index.php\/wp-json\/wp\/v2\/media\/2836"}],"wp:attachment":[{"href":"https:\/\/blog.saocamilo-sp.br\/index.php\/wp-json\/wp\/v2\/media?parent=2835"}],"wp:term":[{"taxonomy":"category","embeddable":true,"href":"https:\/\/blog.saocamilo-sp.br\/index.php\/wp-json\/wp\/v2\/categories?post=2835"},{"taxonomy":"post_tag","embeddable":true,"href":"https:\/\/blog.saocamilo-sp.br\/index.php\/wp-json\/wp\/v2\/tags?post=2835"}],"curies":[{"name":"wp","href":"https:\/\/api.w.org\/{rel}","templated":true}]}}