{"id":2860,"date":"2024-09-11T17:19:40","date_gmt":"2024-09-11T20:19:40","guid":{"rendered":"https:\/\/blog.saocamilo-sp.br\/?p=2860"},"modified":"2024-10-02T11:44:26","modified_gmt":"2024-10-02T14:44:26","slug":"parkinson-estudantes-de-biomedicina-publicam-artigo-em-revista-cientifica","status":"publish","type":"post","link":"https:\/\/blog.saocamilo-sp.br\/index.php\/2024\/09\/11\/parkinson-estudantes-de-biomedicina-publicam-artigo-em-revista-cientifica\/","title":{"rendered":"Parkinson: estudantes de Biomedicina publicam artigo em revista cient\u00edfica"},"content":{"rendered":"\n<h3 class=\"wp-block-heading\">Inova\u00e7\u00e3o em Diagn\u00f3stico por Imagem e Radioterapia<\/h3>\n\n\n\n<p><a href=\"https:\/\/saocamilo-sp.br\/\">O Centro Universit\u00e1rio S\u00e3o Camilo <\/a>tem se destacado na \u00e1rea de Diagn\u00f3stico por Imagem e Radioterapia. A institui\u00e7\u00e3o investe continuamente em inova\u00e7\u00e3o e na forma\u00e7\u00e3o de profissionais capacitados, algo essencial para acompanhar o avan\u00e7o das tecnologias de imagem na medicina. Desde a descoberta dos raios X, em 1895, o campo da imaginologia tem sido crucial no diagn\u00f3stico e tratamento de diversas doen\u00e7as. Nos \u00faltimos anos, o r\u00e1pido avan\u00e7o da informatiza\u00e7\u00e3o e da intelig\u00eancia artificial tem transformado significativamente a pr\u00e1tica m\u00e9dica.<\/p>\n\n\n\n<h3 class=\"wp-block-heading\">Educa\u00e7\u00e3o e Pesquisa de Qualidade<\/h3>\n\n\n\n<p>Entendendo a necessidade de constante atualiza\u00e7\u00e3o, o curso de Biomedicina, coordenado pela Profa. Dra. Renata Baida, fundou a Liga de Diagn\u00f3stico por Imagem (LAISC). Al\u00e9m disso, incentivou a cria\u00e7\u00e3o da p\u00f3s-gradua\u00e7\u00e3o em Imaginologia: Diagn\u00f3stico por Imagem e Radioterapia, coordenada pelo Prof. Dr. Guilherme Oberto Rodrigues. Esses programas t\u00eam como foco, al\u00e9m de aprofundar as aplica\u00e7\u00f5es cl\u00ednicas da radiologia, correlacionar a anatomia humana com imagens radiol\u00f3gicas. Ademais, ambos os programas promovem ativamente a pesquisa cient\u00edfica.<\/p>\n\n\n\n<h3 class=\"wp-block-heading\">Liga de Diagn\u00f3stico por Imagem e P\u00f3s-gradua\u00e7\u00e3o<\/h3>\n\n\n\n<p>A LAISC conecta teoria e pr\u00e1tica, incentivando a pesquisa cient\u00edfica entre os alunos. A p\u00f3s-gradua\u00e7\u00e3o, por sua vez, acolhe alunos e egressos das \u00e1reas de sa\u00fade, ampliando o acesso ao conhecimento t\u00e9cnico e cl\u00ednico. Al\u00e9m disso, os cursos s\u00e3o cuidadosamente planejados para garantir que os profissionais estejam preparados para os desafios do mercado de trabalho.<\/p>\n\n\n\n<h3 class=\"wp-block-heading\">Contribui\u00e7\u00e3o Cient\u00edfica na \u00c1rea de Sa\u00fade<\/h3>\n\n\n\n<p>A import\u00e2ncia do diagn\u00f3stico por imagem \u00e9 crescente, especialmente em doen\u00e7as neurodegenerativas como a Doen\u00e7a de Parkinson. Recentemente, as alunas <strong>Victoria Mel Dussan Angulo<\/strong>, <strong>Sarah Aroma Vasconcelos<\/strong> e <strong>Victoria Rosso<\/strong>, sob a orienta\u00e7\u00e3o do <strong>Prof. Dr. Guilherme Oberto Rodrigues<\/strong>, publicaram um artigo na <em>Brazilian Journal of Health Review<\/em>. Esse estudo analisou os resultados de exames de imagem em pacientes com Parkinson. De fato, embora os exames de imagem n\u00e3o possam diagnosticar a doen\u00e7a sozinhos, eles s\u00e3o essenciais para excluir outras patologias. Acesse <a href=\"https:\/\/ojs.brazilianjournals.com.br\/ojs\/index.php\/BJHR\/article\/view\/70959\">o artigo<\/a> na \u00edntegra.<\/p>\n\n\n\n<p><\/p>\n\n\n\n<h3 class=\"wp-block-heading\">Participa\u00e7\u00e3o Ativa em Congressos e Publica\u00e7\u00f5es<\/h3>\n\n\n\n<p>Os alunos do Centro Universit\u00e1rio S\u00e3o Camilo t\u00eam participado ativamente de congressos e publica\u00e7\u00f5es cient\u00edficas. Dessa maneira, essa participa\u00e7\u00e3o refor\u00e7a a relev\u00e2ncia dos estudos conduzidos na institui\u00e7\u00e3o. A contribui\u00e7\u00e3o cont\u00ednua para o avan\u00e7o da pesquisa cient\u00edfica demonstra claramente o compromisso da S\u00e3o Camilo com a excel\u00eancia acad\u00eamica.<\/p>\n\n\n\n<p><strong>Veja tamb\u00e9m<\/strong>:<\/p>\n\n\n\n<ul class=\"wp-block-list\">\n<li><a href=\"https:\/\/blog.saocamilo-sp.br\/index.php\/2023\/11\/08\/dia-do-radiologista\/\"><strong>Radiologia: Conhe\u00e7a as diferen\u00e7as entre o curso t\u00e9cnico e a gradua\u00e7\u00e3o<\/strong><\/a><\/li>\n\n\n\n<li><a href=\"https:\/\/blog.saocamilo-sp.br\/index.php\/2024\/07\/08\/membro-da-coordenacao-de-pesquisa-que-ja-foi-ao-mit-fala-sobre-o-dia-internacional-do-pesquisador-cientifico\/\"><strong>Dia Nacional da Ci\u00eancia e do Pesquisador Cient\u00edfico \u2013 Membro da Coordena\u00e7\u00e3o de Pesquisa fala sobre a data&nbsp;<\/strong><\/a><\/li>\n\n\n\n<li><a href=\"https:\/\/blog.saocamilo-sp.br\/index.php\/2023\/09\/08\/inteligencia-artificial-na-radiologia-descubra-os-beneficios-do-futuro\/\"><strong>Intelig\u00eancia Artificial na radiologia? Descubra os benef\u00edcios do futuro<\/strong><\/a><\/li>\n<\/ul>\n\n\n\n<p><\/p>\n\n\n\n<p>Saiba mais sobre nossos cursos:<\/p>\n\n\n\n<iframe loading=\"lazy\" src=\"https:\/\/saocamilo.apprbs.com.br\/tenho-interesse-blog\" height=\"530px\" width=\"100%\" frameborder=\"0\"><\/iframe>\n","protected":false},"excerpt":{"rendered":"<p>Alunas da S\u00e3o Camilo, orientadas pelo Dr. Guilherme Oberto Rodrigues, publicaram estudo sobre Parkinson na Brazilian Journal of Health Review<\/p>\n","protected":false},"author":11,"featured_media":2888,"comment_status":"open","ping_status":"open","sticky":false,"template":"","format":"standard","meta":{"cybocfi_hide_featured_image":"","footnotes":""},"categories":[27,111,79],"tags":[],"class_list":["post-2860","post","type-post","status-publish","format-standard","has-post-thumbnail","hentry","category-biomedicina","category-pesquisas","category-saude"],"yoast_head":"<!-- This site is optimized with the Yoast SEO plugin v27.4 - https:\/\/yoast.com\/product\/yoast-seo-wordpress\/ -->\n<title>Parkinson: estudantes de Biomedicina publicam artigo em revista cient\u00edfica<\/title>\n<meta name=\"description\" content=\"Alunas da S\u00e3o Camilo, orientadas pelo Dr. Guilherme Oberto Rodrigues, publicaram estudo sobre Parkinson na Brazilian Journal of Health Review\" \/>\n<meta name=\"robots\" content=\"index, follow, max-snippet:-1, max-image-preview:large, max-video-preview:-1\" \/>\n<link rel=\"canonical\" href=\"https:\/\/blog.saocamilo-sp.br\/index.php\/2024\/09\/11\/parkinson-estudantes-de-biomedicina-publicam-artigo-em-revista-cientifica\/\" \/>\n<meta property=\"og:locale\" content=\"pt_BR\" \/>\n<meta property=\"og:type\" content=\"article\" \/>\n<meta property=\"og:title\" content=\"Parkinson: estudantes de Biomedicina publicam artigo em revista cient\u00edfica\" \/>\n<meta property=\"og:description\" content=\"Alunas da S\u00e3o Camilo, orientadas pelo Dr. Guilherme Oberto Rodrigues, publicaram estudo sobre Parkinson na Brazilian Journal of Health Review\" \/>\n<meta property=\"og:url\" content=\"https:\/\/blog.saocamilo-sp.br\/index.php\/2024\/09\/11\/parkinson-estudantes-de-biomedicina-publicam-artigo-em-revista-cientifica\/\" \/>\n<meta property=\"og:site_name\" content=\"Blog S\u00e3o Camilo\" \/>\n<meta property=\"article:publisher\" content=\"https:\/\/www.facebook.com\/saocamilosp\" \/>\n<meta property=\"article:published_time\" content=\"2024-09-11T20:19:40+00:00\" \/>\n<meta property=\"article:modified_time\" content=\"2024-10-02T14:44:26+00:00\" \/>\n<meta property=\"og:image\" content=\"https:\/\/blog.saocamilo-sp.br\/wp-content\/uploads\/2024\/09\/Parkinson-estudantes-de-Biomedicina-publicam-artigo-em-revista-cientifica.png\" \/>\n\t<meta property=\"og:image:width\" content=\"768\" \/>\n\t<meta property=\"og:image:height\" content=\"517\" \/>\n\t<meta property=\"og:image:type\" content=\"image\/png\" \/>\n<meta name=\"author\" content=\"Christopher Oliveira dos Reis\" \/>\n<meta name=\"twitter:card\" content=\"summary_large_image\" \/>\n<meta name=\"twitter:creator\" content=\"@saocamilosp\" \/>\n<meta name=\"twitter:site\" content=\"@saocamilosp\" \/>\n<meta name=\"twitter:label1\" content=\"Escrito por\" \/>\n\t<meta name=\"twitter:data1\" content=\"Christopher Oliveira dos Reis\" \/>\n\t<meta name=\"twitter:label2\" content=\"Est. tempo de leitura\" \/>\n\t<meta name=\"twitter:data2\" content=\"3 minutos\" \/>\n<script type=\"application\/ld+json\" class=\"yoast-schema-graph\">{\"@context\":\"https:\\\/\\\/schema.org\",\"@graph\":[{\"@type\":\"Article\",\"@id\":\"https:\\\/\\\/blog.saocamilo-sp.br\\\/index.php\\\/2024\\\/09\\\/11\\\/parkinson-estudantes-de-biomedicina-publicam-artigo-em-revista-cientifica\\\/#article\",\"isPartOf\":{\"@id\":\"https:\\\/\\\/blog.saocamilo-sp.br\\\/index.php\\\/2024\\\/09\\\/11\\\/parkinson-estudantes-de-biomedicina-publicam-artigo-em-revista-cientifica\\\/\"},\"author\":{\"name\":\"Christopher Oliveira dos Reis\",\"@id\":\"https:\\\/\\\/blog.saocamilo-sp.br\\\/#\\\/schema\\\/person\\\/7dce5f342af0848eb2f06778b2737904\"},\"headline\":\"Parkinson: estudantes de Biomedicina publicam artigo em revista cient\u00edfica\",\"datePublished\":\"2024-09-11T20:19:40+00:00\",\"dateModified\":\"2024-10-02T14:44:26+00:00\",\"mainEntityOfPage\":{\"@id\":\"https:\\\/\\\/blog.saocamilo-sp.br\\\/index.php\\\/2024\\\/09\\\/11\\\/parkinson-estudantes-de-biomedicina-publicam-artigo-em-revista-cientifica\\\/\"},\"wordCount\":508,\"commentCount\":0,\"publisher\":{\"@id\":\"https:\\\/\\\/blog.saocamilo-sp.br\\\/#organization\"},\"image\":{\"@id\":\"https:\\\/\\\/blog.saocamilo-sp.br\\\/index.php\\\/2024\\\/09\\\/11\\\/parkinson-estudantes-de-biomedicina-publicam-artigo-em-revista-cientifica\\\/#primaryimage\"},\"thumbnailUrl\":\"https:\\\/\\\/blog.saocamilo-sp.br\\\/wp-content\\\/uploads\\\/2024\\\/09\\\/Parkinson-estudantes-de-Biomedicina-publicam-artigo-em-revista-cientifica.png\",\"articleSection\":[\"Biomedicina\",\"Pesquisas\",\"Sa\u00fade\"],\"inLanguage\":\"pt-BR\",\"potentialAction\":[{\"@type\":\"CommentAction\",\"name\":\"Comment\",\"target\":[\"https:\\\/\\\/blog.saocamilo-sp.br\\\/index.php\\\/2024\\\/09\\\/11\\\/parkinson-estudantes-de-biomedicina-publicam-artigo-em-revista-cientifica\\\/#respond\"]}]},{\"@type\":\"WebPage\",\"@id\":\"https:\\\/\\\/blog.saocamilo-sp.br\\\/index.php\\\/2024\\\/09\\\/11\\\/parkinson-estudantes-de-biomedicina-publicam-artigo-em-revista-cientifica\\\/\",\"url\":\"https:\\\/\\\/blog.saocamilo-sp.br\\\/index.php\\\/2024\\\/09\\\/11\\\/parkinson-estudantes-de-biomedicina-publicam-artigo-em-revista-cientifica\\\/\",\"name\":\"Parkinson: estudantes de Biomedicina publicam artigo em revista cient\u00edfica\",\"isPartOf\":{\"@id\":\"https:\\\/\\\/blog.saocamilo-sp.br\\\/#website\"},\"primaryImageOfPage\":{\"@id\":\"https:\\\/\\\/blog.saocamilo-sp.br\\\/index.php\\\/2024\\\/09\\\/11\\\/parkinson-estudantes-de-biomedicina-publicam-artigo-em-revista-cientifica\\\/#primaryimage\"},\"image\":{\"@id\":\"https:\\\/\\\/blog.saocamilo-sp.br\\\/index.php\\\/2024\\\/09\\\/11\\\/parkinson-estudantes-de-biomedicina-publicam-artigo-em-revista-cientifica\\\/#primaryimage\"},\"thumbnailUrl\":\"https:\\\/\\\/blog.saocamilo-sp.br\\\/wp-content\\\/uploads\\\/2024\\\/09\\\/Parkinson-estudantes-de-Biomedicina-publicam-artigo-em-revista-cientifica.png\",\"datePublished\":\"2024-09-11T20:19:40+00:00\",\"dateModified\":\"2024-10-02T14:44:26+00:00\",\"description\":\"Alunas da S\u00e3o Camilo, orientadas pelo Dr. Guilherme Oberto Rodrigues, publicaram estudo sobre Parkinson na Brazilian Journal of Health Review\",\"breadcrumb\":{\"@id\":\"https:\\\/\\\/blog.saocamilo-sp.br\\\/index.php\\\/2024\\\/09\\\/11\\\/parkinson-estudantes-de-biomedicina-publicam-artigo-em-revista-cientifica\\\/#breadcrumb\"},\"inLanguage\":\"pt-BR\",\"potentialAction\":[{\"@type\":\"ReadAction\",\"target\":[\"https:\\\/\\\/blog.saocamilo-sp.br\\\/index.php\\\/2024\\\/09\\\/11\\\/parkinson-estudantes-de-biomedicina-publicam-artigo-em-revista-cientifica\\\/\"]}]},{\"@type\":\"ImageObject\",\"inLanguage\":\"pt-BR\",\"@id\":\"https:\\\/\\\/blog.saocamilo-sp.br\\\/index.php\\\/2024\\\/09\\\/11\\\/parkinson-estudantes-de-biomedicina-publicam-artigo-em-revista-cientifica\\\/#primaryimage\",\"url\":\"https:\\\/\\\/blog.saocamilo-sp.br\\\/wp-content\\\/uploads\\\/2024\\\/09\\\/Parkinson-estudantes-de-Biomedicina-publicam-artigo-em-revista-cientifica.png\",\"contentUrl\":\"https:\\\/\\\/blog.saocamilo-sp.br\\\/wp-content\\\/uploads\\\/2024\\\/09\\\/Parkinson-estudantes-de-Biomedicina-publicam-artigo-em-revista-cientifica.png\",\"width\":768,\"height\":517,\"caption\":\"Parkinson estudantes de Biomedicina publicam artigo em revista cient\u00edfica\"},{\"@type\":\"BreadcrumbList\",\"@id\":\"https:\\\/\\\/blog.saocamilo-sp.br\\\/index.php\\\/2024\\\/09\\\/11\\\/parkinson-estudantes-de-biomedicina-publicam-artigo-em-revista-cientifica\\\/#breadcrumb\",\"itemListElement\":[{\"@type\":\"ListItem\",\"position\":1,\"name\":\"In\u00edcio\",\"item\":\"https:\\\/\\\/blog.saocamilo-sp.br\\\/\"},{\"@type\":\"ListItem\",\"position\":2,\"name\":\"Parkinson: estudantes de Biomedicina publicam artigo em revista cient\u00edfica\"}]},{\"@type\":\"WebSite\",\"@id\":\"https:\\\/\\\/blog.saocamilo-sp.br\\\/#website\",\"url\":\"https:\\\/\\\/blog.saocamilo-sp.br\\\/\",\"name\":\"Blog S\u00e3o Camilo\",\"description\":\"Blog do Centro Universit\u00e1rio S\u00e3o Camilo\",\"publisher\":{\"@id\":\"https:\\\/\\\/blog.saocamilo-sp.br\\\/#organization\"},\"potentialAction\":[{\"@type\":\"SearchAction\",\"target\":{\"@type\":\"EntryPoint\",\"urlTemplate\":\"https:\\\/\\\/blog.saocamilo-sp.br\\\/?s={search_term_string}\"},\"query-input\":{\"@type\":\"PropertyValueSpecification\",\"valueRequired\":true,\"valueName\":\"search_term_string\"}}],\"inLanguage\":\"pt-BR\"},{\"@type\":\"Organization\",\"@id\":\"https:\\\/\\\/blog.saocamilo-sp.br\\\/#organization\",\"name\":\"Blog S\u00e3o Camilo\",\"url\":\"https:\\\/\\\/blog.saocamilo-sp.br\\\/\",\"logo\":{\"@type\":\"ImageObject\",\"inLanguage\":\"pt-BR\",\"@id\":\"https:\\\/\\\/blog.saocamilo-sp.br\\\/#\\\/schema\\\/logo\\\/image\\\/\",\"url\":\"https:\\\/\\\/blog.saocamilo-sp.br\\\/wp-content\\\/uploads\\\/2021\\\/12\\\/cropped-vazio-logo-topo.png\",\"contentUrl\":\"https:\\\/\\\/blog.saocamilo-sp.br\\\/wp-content\\\/uploads\\\/2021\\\/12\\\/cropped-vazio-logo-topo.png\",\"width\":320,\"height\":240,\"caption\":\"Blog S\u00e3o Camilo\"},\"image\":{\"@id\":\"https:\\\/\\\/blog.saocamilo-sp.br\\\/#\\\/schema\\\/logo\\\/image\\\/\"},\"sameAs\":[\"https:\\\/\\\/www.facebook.com\\\/saocamilosp\",\"https:\\\/\\\/x.com\\\/saocamilosp\",\"https:\\\/\\\/www.linkedin.com\\\/school\\\/centro-universit-rio-s-o-camilo\\\/\"]},{\"@type\":\"Person\",\"@id\":\"https:\\\/\\\/blog.saocamilo-sp.br\\\/#\\\/schema\\\/person\\\/7dce5f342af0848eb2f06778b2737904\",\"name\":\"Christopher Oliveira dos Reis\",\"image\":{\"@type\":\"ImageObject\",\"inLanguage\":\"pt-BR\",\"@id\":\"https:\\\/\\\/secure.gravatar.com\\\/avatar\\\/b09a1361215d06f22999124838358b6855376e2b7287de883b723960b0c03f82?s=96&d=mm&r=g\",\"url\":\"https:\\\/\\\/secure.gravatar.com\\\/avatar\\\/b09a1361215d06f22999124838358b6855376e2b7287de883b723960b0c03f82?s=96&d=mm&r=g\",\"contentUrl\":\"https:\\\/\\\/secure.gravatar.com\\\/avatar\\\/b09a1361215d06f22999124838358b6855376e2b7287de883b723960b0c03f82?s=96&d=mm&r=g\",\"caption\":\"Christopher Oliveira dos Reis\"},\"url\":\"https:\\\/\\\/blog.saocamilo-sp.br\\\/index.php\\\/author\\\/christopher-reis\\\/\"}]}<\/script>\n<!-- \/ Yoast SEO plugin. -->","yoast_head_json":{"title":"Parkinson: estudantes de Biomedicina publicam artigo em revista cient\u00edfica","description":"Alunas da S\u00e3o Camilo, orientadas pelo Dr. Guilherme Oberto Rodrigues, publicaram estudo sobre Parkinson na Brazilian Journal of Health Review","robots":{"index":"index","follow":"follow","max-snippet":"max-snippet:-1","max-image-preview":"max-image-preview:large","max-video-preview":"max-video-preview:-1"},"canonical":"https:\/\/blog.saocamilo-sp.br\/index.php\/2024\/09\/11\/parkinson-estudantes-de-biomedicina-publicam-artigo-em-revista-cientifica\/","og_locale":"pt_BR","og_type":"article","og_title":"Parkinson: estudantes de Biomedicina publicam artigo em revista cient\u00edfica","og_description":"Alunas da S\u00e3o Camilo, orientadas pelo Dr. Guilherme Oberto Rodrigues, publicaram estudo sobre Parkinson na Brazilian Journal of Health Review","og_url":"https:\/\/blog.saocamilo-sp.br\/index.php\/2024\/09\/11\/parkinson-estudantes-de-biomedicina-publicam-artigo-em-revista-cientifica\/","og_site_name":"Blog S\u00e3o Camilo","article_publisher":"https:\/\/www.facebook.com\/saocamilosp","article_published_time":"2024-09-11T20:19:40+00:00","article_modified_time":"2024-10-02T14:44:26+00:00","og_image":[{"width":768,"height":517,"url":"https:\/\/blog.saocamilo-sp.br\/wp-content\/uploads\/2024\/09\/Parkinson-estudantes-de-Biomedicina-publicam-artigo-em-revista-cientifica.png","type":"image\/png"}],"author":"Christopher Oliveira dos Reis","twitter_card":"summary_large_image","twitter_creator":"@saocamilosp","twitter_site":"@saocamilosp","twitter_misc":{"Escrito por":"Christopher Oliveira dos Reis","Est. tempo de leitura":"3 minutos"},"schema":{"@context":"https:\/\/schema.org","@graph":[{"@type":"Article","@id":"https:\/\/blog.saocamilo-sp.br\/index.php\/2024\/09\/11\/parkinson-estudantes-de-biomedicina-publicam-artigo-em-revista-cientifica\/#article","isPartOf":{"@id":"https:\/\/blog.saocamilo-sp.br\/index.php\/2024\/09\/11\/parkinson-estudantes-de-biomedicina-publicam-artigo-em-revista-cientifica\/"},"author":{"name":"Christopher Oliveira dos Reis","@id":"https:\/\/blog.saocamilo-sp.br\/#\/schema\/person\/7dce5f342af0848eb2f06778b2737904"},"headline":"Parkinson: estudantes de Biomedicina publicam artigo em revista cient\u00edfica","datePublished":"2024-09-11T20:19:40+00:00","dateModified":"2024-10-02T14:44:26+00:00","mainEntityOfPage":{"@id":"https:\/\/blog.saocamilo-sp.br\/index.php\/2024\/09\/11\/parkinson-estudantes-de-biomedicina-publicam-artigo-em-revista-cientifica\/"},"wordCount":508,"commentCount":0,"publisher":{"@id":"https:\/\/blog.saocamilo-sp.br\/#organization"},"image":{"@id":"https:\/\/blog.saocamilo-sp.br\/index.php\/2024\/09\/11\/parkinson-estudantes-de-biomedicina-publicam-artigo-em-revista-cientifica\/#primaryimage"},"thumbnailUrl":"https:\/\/blog.saocamilo-sp.br\/wp-content\/uploads\/2024\/09\/Parkinson-estudantes-de-Biomedicina-publicam-artigo-em-revista-cientifica.png","articleSection":["Biomedicina","Pesquisas","Sa\u00fade"],"inLanguage":"pt-BR","potentialAction":[{"@type":"CommentAction","name":"Comment","target":["https:\/\/blog.saocamilo-sp.br\/index.php\/2024\/09\/11\/parkinson-estudantes-de-biomedicina-publicam-artigo-em-revista-cientifica\/#respond"]}]},{"@type":"WebPage","@id":"https:\/\/blog.saocamilo-sp.br\/index.php\/2024\/09\/11\/parkinson-estudantes-de-biomedicina-publicam-artigo-em-revista-cientifica\/","url":"https:\/\/blog.saocamilo-sp.br\/index.php\/2024\/09\/11\/parkinson-estudantes-de-biomedicina-publicam-artigo-em-revista-cientifica\/","name":"Parkinson: estudantes de Biomedicina publicam artigo em revista cient\u00edfica","isPartOf":{"@id":"https:\/\/blog.saocamilo-sp.br\/#website"},"primaryImageOfPage":{"@id":"https:\/\/blog.saocamilo-sp.br\/index.php\/2024\/09\/11\/parkinson-estudantes-de-biomedicina-publicam-artigo-em-revista-cientifica\/#primaryimage"},"image":{"@id":"https:\/\/blog.saocamilo-sp.br\/index.php\/2024\/09\/11\/parkinson-estudantes-de-biomedicina-publicam-artigo-em-revista-cientifica\/#primaryimage"},"thumbnailUrl":"https:\/\/blog.saocamilo-sp.br\/wp-content\/uploads\/2024\/09\/Parkinson-estudantes-de-Biomedicina-publicam-artigo-em-revista-cientifica.png","datePublished":"2024-09-11T20:19:40+00:00","dateModified":"2024-10-02T14:44:26+00:00","description":"Alunas da S\u00e3o Camilo, orientadas pelo Dr. Guilherme Oberto Rodrigues, publicaram estudo sobre Parkinson na Brazilian Journal of Health Review","breadcrumb":{"@id":"https:\/\/blog.saocamilo-sp.br\/index.php\/2024\/09\/11\/parkinson-estudantes-de-biomedicina-publicam-artigo-em-revista-cientifica\/#breadcrumb"},"inLanguage":"pt-BR","potentialAction":[{"@type":"ReadAction","target":["https:\/\/blog.saocamilo-sp.br\/index.php\/2024\/09\/11\/parkinson-estudantes-de-biomedicina-publicam-artigo-em-revista-cientifica\/"]}]},{"@type":"ImageObject","inLanguage":"pt-BR","@id":"https:\/\/blog.saocamilo-sp.br\/index.php\/2024\/09\/11\/parkinson-estudantes-de-biomedicina-publicam-artigo-em-revista-cientifica\/#primaryimage","url":"https:\/\/blog.saocamilo-sp.br\/wp-content\/uploads\/2024\/09\/Parkinson-estudantes-de-Biomedicina-publicam-artigo-em-revista-cientifica.png","contentUrl":"https:\/\/blog.saocamilo-sp.br\/wp-content\/uploads\/2024\/09\/Parkinson-estudantes-de-Biomedicina-publicam-artigo-em-revista-cientifica.png","width":768,"height":517,"caption":"Parkinson estudantes de Biomedicina publicam artigo em revista cient\u00edfica"},{"@type":"BreadcrumbList","@id":"https:\/\/blog.saocamilo-sp.br\/index.php\/2024\/09\/11\/parkinson-estudantes-de-biomedicina-publicam-artigo-em-revista-cientifica\/#breadcrumb","itemListElement":[{"@type":"ListItem","position":1,"name":"In\u00edcio","item":"https:\/\/blog.saocamilo-sp.br\/"},{"@type":"ListItem","position":2,"name":"Parkinson: estudantes de Biomedicina publicam artigo em revista cient\u00edfica"}]},{"@type":"WebSite","@id":"https:\/\/blog.saocamilo-sp.br\/#website","url":"https:\/\/blog.saocamilo-sp.br\/","name":"Blog S\u00e3o Camilo","description":"Blog do Centro Universit\u00e1rio S\u00e3o Camilo","publisher":{"@id":"https:\/\/blog.saocamilo-sp.br\/#organization"},"potentialAction":[{"@type":"SearchAction","target":{"@type":"EntryPoint","urlTemplate":"https:\/\/blog.saocamilo-sp.br\/?s={search_term_string}"},"query-input":{"@type":"PropertyValueSpecification","valueRequired":true,"valueName":"search_term_string"}}],"inLanguage":"pt-BR"},{"@type":"Organization","@id":"https:\/\/blog.saocamilo-sp.br\/#organization","name":"Blog S\u00e3o Camilo","url":"https:\/\/blog.saocamilo-sp.br\/","logo":{"@type":"ImageObject","inLanguage":"pt-BR","@id":"https:\/\/blog.saocamilo-sp.br\/#\/schema\/logo\/image\/","url":"https:\/\/blog.saocamilo-sp.br\/wp-content\/uploads\/2021\/12\/cropped-vazio-logo-topo.png","contentUrl":"https:\/\/blog.saocamilo-sp.br\/wp-content\/uploads\/2021\/12\/cropped-vazio-logo-topo.png","width":320,"height":240,"caption":"Blog S\u00e3o Camilo"},"image":{"@id":"https:\/\/blog.saocamilo-sp.br\/#\/schema\/logo\/image\/"},"sameAs":["https:\/\/www.facebook.com\/saocamilosp","https:\/\/x.com\/saocamilosp","https:\/\/www.linkedin.com\/school\/centro-universit-rio-s-o-camilo\/"]},{"@type":"Person","@id":"https:\/\/blog.saocamilo-sp.br\/#\/schema\/person\/7dce5f342af0848eb2f06778b2737904","name":"Christopher Oliveira dos Reis","image":{"@type":"ImageObject","inLanguage":"pt-BR","@id":"https:\/\/secure.gravatar.com\/avatar\/b09a1361215d06f22999124838358b6855376e2b7287de883b723960b0c03f82?s=96&d=mm&r=g","url":"https:\/\/secure.gravatar.com\/avatar\/b09a1361215d06f22999124838358b6855376e2b7287de883b723960b0c03f82?s=96&d=mm&r=g","contentUrl":"https:\/\/secure.gravatar.com\/avatar\/b09a1361215d06f22999124838358b6855376e2b7287de883b723960b0c03f82?s=96&d=mm&r=g","caption":"Christopher Oliveira dos Reis"},"url":"https:\/\/blog.saocamilo-sp.br\/index.php\/author\/christopher-reis\/"}]}},"_links":{"self":[{"href":"https:\/\/blog.saocamilo-sp.br\/index.php\/wp-json\/wp\/v2\/posts\/2860","targetHints":{"allow":["GET"]}}],"collection":[{"href":"https:\/\/blog.saocamilo-sp.br\/index.php\/wp-json\/wp\/v2\/posts"}],"about":[{"href":"https:\/\/blog.saocamilo-sp.br\/index.php\/wp-json\/wp\/v2\/types\/post"}],"author":[{"embeddable":true,"href":"https:\/\/blog.saocamilo-sp.br\/index.php\/wp-json\/wp\/v2\/users\/11"}],"replies":[{"embeddable":true,"href":"https:\/\/blog.saocamilo-sp.br\/index.php\/wp-json\/wp\/v2\/comments?post=2860"}],"version-history":[{"count":8,"href":"https:\/\/blog.saocamilo-sp.br\/index.php\/wp-json\/wp\/v2\/posts\/2860\/revisions"}],"predecessor-version":[{"id":2892,"href":"https:\/\/blog.saocamilo-sp.br\/index.php\/wp-json\/wp\/v2\/posts\/2860\/revisions\/2892"}],"wp:featuredmedia":[{"embeddable":true,"href":"https:\/\/blog.saocamilo-sp.br\/index.php\/wp-json\/wp\/v2\/media\/2888"}],"wp:attachment":[{"href":"https:\/\/blog.saocamilo-sp.br\/index.php\/wp-json\/wp\/v2\/media?parent=2860"}],"wp:term":[{"taxonomy":"category","embeddable":true,"href":"https:\/\/blog.saocamilo-sp.br\/index.php\/wp-json\/wp\/v2\/categories?post=2860"},{"taxonomy":"post_tag","embeddable":true,"href":"https:\/\/blog.saocamilo-sp.br\/index.php\/wp-json\/wp\/v2\/tags?post=2860"}],"curies":[{"name":"wp","href":"https:\/\/api.w.org\/{rel}","templated":true}]}}