{"id":2866,"date":"2024-09-08T14:10:22","date_gmt":"2024-09-08T17:10:22","guid":{"rendered":"https:\/\/blog.saocamilo-sp.br\/?p=2866"},"modified":"2024-09-08T14:15:46","modified_gmt":"2024-09-08T17:15:46","slug":"9o-congresso-multiprofissional-da-sao-camilo-tem-foco-em-inteligencia-emocional","status":"publish","type":"post","link":"https:\/\/blog.saocamilo-sp.br\/index.php\/2024\/09\/08\/9o-congresso-multiprofissional-da-sao-camilo-tem-foco-em-inteligencia-emocional\/","title":{"rendered":"Intelig\u00eancia Emocional\u00a0\u00e9 tema central do 9\u00ba Congresso Multiprofissional da S\u00e3o Camilo"},"content":{"rendered":"\n<p><\/p>\n\n\n\n<p>Nos dias 7, 8 e 9 de novembro de 2024, o Centro Universit\u00e1rio S\u00e3o Camilo promover\u00e1 o <strong><a href=\"https:\/\/congressomulti.saocamilo-sp.br\/?utm_source=Link+da+Bio+do+RD+Station&amp;utm_medium=social&amp;utm_campaign=CTA+no+Link+da+Bio&amp;_gl=1*30d7j3*_ga*MTM5MTg2NDQ0OC4xNzI1NjM0MTA4*_ga_GGFPNVD0CG*MTcyNTYzNDEwNy4xLjAuMTcyNTYzNDEwNy42MC4wLjc2NjQ4Mjc0OA..\">9\u00ba Congresso Multiprofissional<\/a><\/strong>, seu maior evento cient\u00edfico, com o tema central <strong>&#8220;Intelig\u00eancia Emocional: Impulsionando Profissionais do Futuro&#8221;<\/strong>. O congresso trar\u00e1 uma programa\u00e7\u00e3o diversificada, incluindo lives, cursos, simp\u00f3sios, mesas<strong>&#8211;<\/strong>redondas, talks, e apresenta\u00e7\u00f5es de trabalhos cient\u00edficos, al\u00e9m de apresenta\u00e7\u00f5es<strong> <\/strong>culturais e um Hackathon em Sa\u00fade, em parceria com o Instituto Mau\u00e1 de Tecnologia.&nbsp;<\/p>\n\n\n\n<h3 class=\"wp-block-heading\">Pr\u00e9-Congresso<\/h3>\n\n\n\n<p>O evento come\u00e7ar\u00e1 com um <strong>pr\u00e9-congresso<\/strong> no dia 7 de novembro, onde ser\u00e3o realizados o <strong>I Simp\u00f3sio Multiprofissional de Pesquisa Cient\u00edfica<\/strong> e o <strong>II Simp\u00f3sio Multidisciplinar de Pesquisas em Exerc\u00edcio e Qualidade de Vida<\/strong>. A programa\u00e7\u00e3o principal se estender\u00e1 por dois dias, abordando temas pulsantes nos dias atuais, como o impacto da intelig\u00eancia emocional nas carreiras do futuro e as novas tend\u00eancias no mercado de trabalho.&nbsp;<\/p>\n\n\n\n<h3 class=\"wp-block-heading\">Programa\u00e7\u00e3o Principal<\/h3>\n\n\n\n<p>Outro destaque ser\u00e1 o <strong>1\u00ba Hackathon em Sa\u00fade<\/strong>, que reunir\u00e1 alunos da S\u00e3o Camilo e do Instituto Mau\u00e1 para desenvolver solu\u00e7\u00f5es tecnol\u00f3gicas voltadas ao setor de sa\u00fade. A competi\u00e7\u00e3o ocorrer\u00e1 no dia 8 de novembro, com apresenta\u00e7\u00e3o das propostas no \u00faltimo dia do evento.&nbsp;<\/p>\n\n\n\n<h3 class=\"wp-block-heading\"><strong>Datas Importantes<\/strong><\/h3>\n\n\n\n<p>O prazo para a <strong>submiss\u00e3o de trabalhos cient\u00edficos foi prorrogado at\u00e9 10 de setembro<\/strong>, e as inscri\u00e7\u00f5es para as palestras, simp\u00f3sios e mesas-redondas seguem at\u00e9 <strong>5 de novembro<\/strong>. O congresso oferece uma oportunidade \u00fanica para acad\u00eamicos, profissionais e estudantes compartilharem conhecimento e colaborarem no desenvolvimento de inova\u00e7\u00f5es que impactam diversas \u00e1reas da sa\u00fade e educa\u00e7\u00e3o.&nbsp;<\/p>\n\n\n\n<h3 class=\"wp-block-heading\">Informa\u00e7\u00f5es e Inscri\u00e7\u00f5es para o Congresso<\/h3>\n\n\n\n<p>Participe desse evento imperd\u00edvel e contribua para moldar o futuro dos profissionais  da diversas \u00e1reas atendidas pela institui\u00e7\u00e3o. Para mais informa\u00e7\u00f5es e inscri\u00e7\u00f5es, visite o site oficial: <a href=\"https:\/\/congressomulti.saocamilo-sp.br\/\" target=\"_blank\" rel=\"noreferrer noopener\">congressomulti.saocamilo-sp.br<\/a>.&nbsp;<\/p>\n\n\n\n<h3 class=\"wp-block-heading\"><strong>Servi\u00e7o:<\/strong>&nbsp;<\/h3>\n\n\n\n<p><br>9\u00ba Congresso Multiprofissional do Centro Universit\u00e1rio S\u00e3o Camilo\u00a0<br><strong>Data:<\/strong> 7, 8 e 9 de novembro de 2024\u00a0<br><strong>Local:<\/strong> Av. Nazar\u00e9, 1501 \u2013 S\u00e3o Paulo \u2013 SP \u2013 CEP: 04263-200\u00a0<br><strong>Site:<\/strong> <a href=\"https:\/\/congressomulti.saocamilo-sp.br\/\" target=\"_blank\" rel=\"noreferrer noopener\">congressomulti.saocamilo-sp.br<\/a>\u00a0<br>Inscri\u00e7\u00f5es gratuitas<\/p>\n","protected":false},"excerpt":{"rendered":"<p>O tradicional congresso multiprofissional ocorrer\u00e1 nos dias 7, 8 e 9 de novembro de 2024 com programa\u00e7\u00e3o diversificada.<\/p>\n","protected":false},"author":11,"featured_media":2869,"comment_status":"open","ping_status":"open","sticky":false,"template":"","format":"standard","meta":{"cybocfi_hide_featured_image":"","footnotes":""},"categories":[91],"tags":[121,120],"class_list":["post-2866","post","type-post","status-publish","format-standard","has-post-thumbnail","hentry","category-institucional","tag-congresso","tag-evento"],"yoast_head":"<!-- This site is optimized with the Yoast SEO plugin v27.5 - https:\/\/yoast.com\/product\/yoast-seo-wordpress\/ -->\n<title>Intelig\u00eancia Emocional\u00a0\u00e9 tema central do 9\u00ba Congresso Multiprofissional da S\u00e3o Camilo<\/title>\n<meta name=\"description\" content=\"O tradicional congresso multiprofissional ocorrer\u00e1 nos dias 7, 8 e 9 de novembro de 2024 com programa\u00e7\u00e3o diversificada.\" \/>\n<meta name=\"robots\" content=\"index, follow, max-snippet:-1, max-image-preview:large, max-video-preview:-1\" \/>\n<link rel=\"canonical\" href=\"https:\/\/blog.saocamilo-sp.br\/index.php\/2024\/09\/08\/9o-congresso-multiprofissional-da-sao-camilo-tem-foco-em-inteligencia-emocional\/\" \/>\n<meta property=\"og:locale\" content=\"pt_BR\" \/>\n<meta property=\"og:type\" content=\"article\" \/>\n<meta property=\"og:title\" content=\"Intelig\u00eancia Emocional\u00a0\u00e9 tema central do 9\u00ba Congresso Multiprofissional da S\u00e3o Camilo\" \/>\n<meta property=\"og:description\" content=\"O tradicional congresso multiprofissional ocorrer\u00e1 nos dias 7, 8 e 9 de novembro de 2024 com programa\u00e7\u00e3o diversificada.\" \/>\n<meta property=\"og:url\" content=\"https:\/\/blog.saocamilo-sp.br\/index.php\/2024\/09\/08\/9o-congresso-multiprofissional-da-sao-camilo-tem-foco-em-inteligencia-emocional\/\" \/>\n<meta property=\"og:site_name\" content=\"Blog S\u00e3o Camilo\" \/>\n<meta property=\"article:publisher\" content=\"https:\/\/www.facebook.com\/saocamilosp\" \/>\n<meta property=\"article:published_time\" content=\"2024-09-08T17:10:22+00:00\" \/>\n<meta property=\"article:modified_time\" content=\"2024-09-08T17:15:46+00:00\" \/>\n<meta property=\"og:image\" content=\"https:\/\/blog.saocamilo-sp.br\/wp-content\/uploads\/2024\/09\/CMSC-Vem-ai-1920-x-1080_-1-1.jpg\" \/>\n\t<meta property=\"og:image:width\" content=\"1920\" \/>\n\t<meta property=\"og:image:height\" content=\"1080\" \/>\n\t<meta property=\"og:image:type\" content=\"image\/jpeg\" \/>\n<meta name=\"author\" content=\"Christopher Oliveira dos Reis\" \/>\n<meta name=\"twitter:card\" content=\"summary_large_image\" \/>\n<meta name=\"twitter:creator\" content=\"@saocamilosp\" \/>\n<meta name=\"twitter:site\" content=\"@saocamilosp\" \/>\n<meta name=\"twitter:label1\" content=\"Escrito por\" \/>\n\t<meta name=\"twitter:data1\" content=\"Christopher Oliveira dos Reis\" \/>\n\t<meta name=\"twitter:label2\" content=\"Est. tempo de leitura\" \/>\n\t<meta name=\"twitter:data2\" content=\"2 minutos\" \/>\n<script type=\"application\/ld+json\" class=\"yoast-schema-graph\">{\"@context\":\"https:\\\/\\\/schema.org\",\"@graph\":[{\"@type\":\"Article\",\"@id\":\"https:\\\/\\\/blog.saocamilo-sp.br\\\/index.php\\\/2024\\\/09\\\/08\\\/9o-congresso-multiprofissional-da-sao-camilo-tem-foco-em-inteligencia-emocional\\\/#article\",\"isPartOf\":{\"@id\":\"https:\\\/\\\/blog.saocamilo-sp.br\\\/index.php\\\/2024\\\/09\\\/08\\\/9o-congresso-multiprofissional-da-sao-camilo-tem-foco-em-inteligencia-emocional\\\/\"},\"author\":{\"name\":\"Christopher Oliveira dos Reis\",\"@id\":\"https:\\\/\\\/blog.saocamilo-sp.br\\\/#\\\/schema\\\/person\\\/7dce5f342af0848eb2f06778b2737904\"},\"headline\":\"Intelig\u00eancia Emocional\u00a0\u00e9 tema central do 9\u00ba Congresso Multiprofissional da S\u00e3o Camilo\",\"datePublished\":\"2024-09-08T17:10:22+00:00\",\"dateModified\":\"2024-09-08T17:15:46+00:00\",\"mainEntityOfPage\":{\"@id\":\"https:\\\/\\\/blog.saocamilo-sp.br\\\/index.php\\\/2024\\\/09\\\/08\\\/9o-congresso-multiprofissional-da-sao-camilo-tem-foco-em-inteligencia-emocional\\\/\"},\"wordCount\":358,\"commentCount\":0,\"publisher\":{\"@id\":\"https:\\\/\\\/blog.saocamilo-sp.br\\\/#organization\"},\"image\":{\"@id\":\"https:\\\/\\\/blog.saocamilo-sp.br\\\/index.php\\\/2024\\\/09\\\/08\\\/9o-congresso-multiprofissional-da-sao-camilo-tem-foco-em-inteligencia-emocional\\\/#primaryimage\"},\"thumbnailUrl\":\"https:\\\/\\\/blog.saocamilo-sp.br\\\/wp-content\\\/uploads\\\/2024\\\/09\\\/CMSC-Vem-ai-1920-x-1080_-1-1.jpg\",\"keywords\":[\"congresso\",\"evento\"],\"articleSection\":[\"Institucional\"],\"inLanguage\":\"pt-BR\",\"potentialAction\":[{\"@type\":\"CommentAction\",\"name\":\"Comment\",\"target\":[\"https:\\\/\\\/blog.saocamilo-sp.br\\\/index.php\\\/2024\\\/09\\\/08\\\/9o-congresso-multiprofissional-da-sao-camilo-tem-foco-em-inteligencia-emocional\\\/#respond\"]}]},{\"@type\":\"WebPage\",\"@id\":\"https:\\\/\\\/blog.saocamilo-sp.br\\\/index.php\\\/2024\\\/09\\\/08\\\/9o-congresso-multiprofissional-da-sao-camilo-tem-foco-em-inteligencia-emocional\\\/\",\"url\":\"https:\\\/\\\/blog.saocamilo-sp.br\\\/index.php\\\/2024\\\/09\\\/08\\\/9o-congresso-multiprofissional-da-sao-camilo-tem-foco-em-inteligencia-emocional\\\/\",\"name\":\"Intelig\u00eancia Emocional\u00a0\u00e9 tema central do 9\u00ba Congresso Multiprofissional da S\u00e3o Camilo\",\"isPartOf\":{\"@id\":\"https:\\\/\\\/blog.saocamilo-sp.br\\\/#website\"},\"primaryImageOfPage\":{\"@id\":\"https:\\\/\\\/blog.saocamilo-sp.br\\\/index.php\\\/2024\\\/09\\\/08\\\/9o-congresso-multiprofissional-da-sao-camilo-tem-foco-em-inteligencia-emocional\\\/#primaryimage\"},\"image\":{\"@id\":\"https:\\\/\\\/blog.saocamilo-sp.br\\\/index.php\\\/2024\\\/09\\\/08\\\/9o-congresso-multiprofissional-da-sao-camilo-tem-foco-em-inteligencia-emocional\\\/#primaryimage\"},\"thumbnailUrl\":\"https:\\\/\\\/blog.saocamilo-sp.br\\\/wp-content\\\/uploads\\\/2024\\\/09\\\/CMSC-Vem-ai-1920-x-1080_-1-1.jpg\",\"datePublished\":\"2024-09-08T17:10:22+00:00\",\"dateModified\":\"2024-09-08T17:15:46+00:00\",\"description\":\"O tradicional congresso multiprofissional ocorrer\u00e1 nos dias 7, 8 e 9 de novembro de 2024 com programa\u00e7\u00e3o diversificada.\",\"breadcrumb\":{\"@id\":\"https:\\\/\\\/blog.saocamilo-sp.br\\\/index.php\\\/2024\\\/09\\\/08\\\/9o-congresso-multiprofissional-da-sao-camilo-tem-foco-em-inteligencia-emocional\\\/#breadcrumb\"},\"inLanguage\":\"pt-BR\",\"potentialAction\":[{\"@type\":\"ReadAction\",\"target\":[\"https:\\\/\\\/blog.saocamilo-sp.br\\\/index.php\\\/2024\\\/09\\\/08\\\/9o-congresso-multiprofissional-da-sao-camilo-tem-foco-em-inteligencia-emocional\\\/\"]}]},{\"@type\":\"ImageObject\",\"inLanguage\":\"pt-BR\",\"@id\":\"https:\\\/\\\/blog.saocamilo-sp.br\\\/index.php\\\/2024\\\/09\\\/08\\\/9o-congresso-multiprofissional-da-sao-camilo-tem-foco-em-inteligencia-emocional\\\/#primaryimage\",\"url\":\"https:\\\/\\\/blog.saocamilo-sp.br\\\/wp-content\\\/uploads\\\/2024\\\/09\\\/CMSC-Vem-ai-1920-x-1080_-1-1.jpg\",\"contentUrl\":\"https:\\\/\\\/blog.saocamilo-sp.br\\\/wp-content\\\/uploads\\\/2024\\\/09\\\/CMSC-Vem-ai-1920-x-1080_-1-1.jpg\",\"width\":1920,\"height\":1080},{\"@type\":\"BreadcrumbList\",\"@id\":\"https:\\\/\\\/blog.saocamilo-sp.br\\\/index.php\\\/2024\\\/09\\\/08\\\/9o-congresso-multiprofissional-da-sao-camilo-tem-foco-em-inteligencia-emocional\\\/#breadcrumb\",\"itemListElement\":[{\"@type\":\"ListItem\",\"position\":1,\"name\":\"In\u00edcio\",\"item\":\"https:\\\/\\\/blog.saocamilo-sp.br\\\/\"},{\"@type\":\"ListItem\",\"position\":2,\"name\":\"Intelig\u00eancia Emocional\u00a0\u00e9 tema central do 9\u00ba Congresso Multiprofissional da S\u00e3o Camilo\"}]},{\"@type\":\"WebSite\",\"@id\":\"https:\\\/\\\/blog.saocamilo-sp.br\\\/#website\",\"url\":\"https:\\\/\\\/blog.saocamilo-sp.br\\\/\",\"name\":\"Blog S\u00e3o Camilo\",\"description\":\"Blog do Centro Universit\u00e1rio S\u00e3o Camilo\",\"publisher\":{\"@id\":\"https:\\\/\\\/blog.saocamilo-sp.br\\\/#organization\"},\"potentialAction\":[{\"@type\":\"SearchAction\",\"target\":{\"@type\":\"EntryPoint\",\"urlTemplate\":\"https:\\\/\\\/blog.saocamilo-sp.br\\\/?s={search_term_string}\"},\"query-input\":{\"@type\":\"PropertyValueSpecification\",\"valueRequired\":true,\"valueName\":\"search_term_string\"}}],\"inLanguage\":\"pt-BR\"},{\"@type\":\"Organization\",\"@id\":\"https:\\\/\\\/blog.saocamilo-sp.br\\\/#organization\",\"name\":\"Blog S\u00e3o Camilo\",\"url\":\"https:\\\/\\\/blog.saocamilo-sp.br\\\/\",\"logo\":{\"@type\":\"ImageObject\",\"inLanguage\":\"pt-BR\",\"@id\":\"https:\\\/\\\/blog.saocamilo-sp.br\\\/#\\\/schema\\\/logo\\\/image\\\/\",\"url\":\"https:\\\/\\\/blog.saocamilo-sp.br\\\/wp-content\\\/uploads\\\/2021\\\/12\\\/cropped-vazio-logo-topo.png\",\"contentUrl\":\"https:\\\/\\\/blog.saocamilo-sp.br\\\/wp-content\\\/uploads\\\/2021\\\/12\\\/cropped-vazio-logo-topo.png\",\"width\":320,\"height\":240,\"caption\":\"Blog S\u00e3o Camilo\"},\"image\":{\"@id\":\"https:\\\/\\\/blog.saocamilo-sp.br\\\/#\\\/schema\\\/logo\\\/image\\\/\"},\"sameAs\":[\"https:\\\/\\\/www.facebook.com\\\/saocamilosp\",\"https:\\\/\\\/x.com\\\/saocamilosp\",\"https:\\\/\\\/www.linkedin.com\\\/school\\\/centro-universit-rio-s-o-camilo\\\/\"]},{\"@type\":\"Person\",\"@id\":\"https:\\\/\\\/blog.saocamilo-sp.br\\\/#\\\/schema\\\/person\\\/7dce5f342af0848eb2f06778b2737904\",\"name\":\"Christopher Oliveira dos Reis\",\"image\":{\"@type\":\"ImageObject\",\"inLanguage\":\"pt-BR\",\"@id\":\"https:\\\/\\\/secure.gravatar.com\\\/avatar\\\/b09a1361215d06f22999124838358b6855376e2b7287de883b723960b0c03f82?s=96&d=mm&r=g\",\"url\":\"https:\\\/\\\/secure.gravatar.com\\\/avatar\\\/b09a1361215d06f22999124838358b6855376e2b7287de883b723960b0c03f82?s=96&d=mm&r=g\",\"contentUrl\":\"https:\\\/\\\/secure.gravatar.com\\\/avatar\\\/b09a1361215d06f22999124838358b6855376e2b7287de883b723960b0c03f82?s=96&d=mm&r=g\",\"caption\":\"Christopher Oliveira dos Reis\"},\"url\":\"https:\\\/\\\/blog.saocamilo-sp.br\\\/index.php\\\/author\\\/christopher-reis\\\/\"}]}<\/script>\n<!-- \/ Yoast SEO plugin. -->","yoast_head_json":{"title":"Intelig\u00eancia Emocional\u00a0\u00e9 tema central do 9\u00ba Congresso Multiprofissional da S\u00e3o Camilo","description":"O tradicional congresso multiprofissional ocorrer\u00e1 nos dias 7, 8 e 9 de novembro de 2024 com programa\u00e7\u00e3o diversificada.","robots":{"index":"index","follow":"follow","max-snippet":"max-snippet:-1","max-image-preview":"max-image-preview:large","max-video-preview":"max-video-preview:-1"},"canonical":"https:\/\/blog.saocamilo-sp.br\/index.php\/2024\/09\/08\/9o-congresso-multiprofissional-da-sao-camilo-tem-foco-em-inteligencia-emocional\/","og_locale":"pt_BR","og_type":"article","og_title":"Intelig\u00eancia Emocional\u00a0\u00e9 tema central do 9\u00ba Congresso Multiprofissional da S\u00e3o Camilo","og_description":"O tradicional congresso multiprofissional ocorrer\u00e1 nos dias 7, 8 e 9 de novembro de 2024 com programa\u00e7\u00e3o diversificada.","og_url":"https:\/\/blog.saocamilo-sp.br\/index.php\/2024\/09\/08\/9o-congresso-multiprofissional-da-sao-camilo-tem-foco-em-inteligencia-emocional\/","og_site_name":"Blog S\u00e3o Camilo","article_publisher":"https:\/\/www.facebook.com\/saocamilosp","article_published_time":"2024-09-08T17:10:22+00:00","article_modified_time":"2024-09-08T17:15:46+00:00","og_image":[{"width":1920,"height":1080,"url":"https:\/\/blog.saocamilo-sp.br\/wp-content\/uploads\/2024\/09\/CMSC-Vem-ai-1920-x-1080_-1-1.jpg","type":"image\/jpeg"}],"author":"Christopher Oliveira dos Reis","twitter_card":"summary_large_image","twitter_creator":"@saocamilosp","twitter_site":"@saocamilosp","twitter_misc":{"Escrito por":"Christopher Oliveira dos Reis","Est. tempo de leitura":"2 minutos"},"schema":{"@context":"https:\/\/schema.org","@graph":[{"@type":"Article","@id":"https:\/\/blog.saocamilo-sp.br\/index.php\/2024\/09\/08\/9o-congresso-multiprofissional-da-sao-camilo-tem-foco-em-inteligencia-emocional\/#article","isPartOf":{"@id":"https:\/\/blog.saocamilo-sp.br\/index.php\/2024\/09\/08\/9o-congresso-multiprofissional-da-sao-camilo-tem-foco-em-inteligencia-emocional\/"},"author":{"name":"Christopher Oliveira dos Reis","@id":"https:\/\/blog.saocamilo-sp.br\/#\/schema\/person\/7dce5f342af0848eb2f06778b2737904"},"headline":"Intelig\u00eancia Emocional\u00a0\u00e9 tema central do 9\u00ba Congresso Multiprofissional da S\u00e3o Camilo","datePublished":"2024-09-08T17:10:22+00:00","dateModified":"2024-09-08T17:15:46+00:00","mainEntityOfPage":{"@id":"https:\/\/blog.saocamilo-sp.br\/index.php\/2024\/09\/08\/9o-congresso-multiprofissional-da-sao-camilo-tem-foco-em-inteligencia-emocional\/"},"wordCount":358,"commentCount":0,"publisher":{"@id":"https:\/\/blog.saocamilo-sp.br\/#organization"},"image":{"@id":"https:\/\/blog.saocamilo-sp.br\/index.php\/2024\/09\/08\/9o-congresso-multiprofissional-da-sao-camilo-tem-foco-em-inteligencia-emocional\/#primaryimage"},"thumbnailUrl":"https:\/\/blog.saocamilo-sp.br\/wp-content\/uploads\/2024\/09\/CMSC-Vem-ai-1920-x-1080_-1-1.jpg","keywords":["congresso","evento"],"articleSection":["Institucional"],"inLanguage":"pt-BR","potentialAction":[{"@type":"CommentAction","name":"Comment","target":["https:\/\/blog.saocamilo-sp.br\/index.php\/2024\/09\/08\/9o-congresso-multiprofissional-da-sao-camilo-tem-foco-em-inteligencia-emocional\/#respond"]}]},{"@type":"WebPage","@id":"https:\/\/blog.saocamilo-sp.br\/index.php\/2024\/09\/08\/9o-congresso-multiprofissional-da-sao-camilo-tem-foco-em-inteligencia-emocional\/","url":"https:\/\/blog.saocamilo-sp.br\/index.php\/2024\/09\/08\/9o-congresso-multiprofissional-da-sao-camilo-tem-foco-em-inteligencia-emocional\/","name":"Intelig\u00eancia Emocional\u00a0\u00e9 tema central do 9\u00ba Congresso Multiprofissional da S\u00e3o Camilo","isPartOf":{"@id":"https:\/\/blog.saocamilo-sp.br\/#website"},"primaryImageOfPage":{"@id":"https:\/\/blog.saocamilo-sp.br\/index.php\/2024\/09\/08\/9o-congresso-multiprofissional-da-sao-camilo-tem-foco-em-inteligencia-emocional\/#primaryimage"},"image":{"@id":"https:\/\/blog.saocamilo-sp.br\/index.php\/2024\/09\/08\/9o-congresso-multiprofissional-da-sao-camilo-tem-foco-em-inteligencia-emocional\/#primaryimage"},"thumbnailUrl":"https:\/\/blog.saocamilo-sp.br\/wp-content\/uploads\/2024\/09\/CMSC-Vem-ai-1920-x-1080_-1-1.jpg","datePublished":"2024-09-08T17:10:22+00:00","dateModified":"2024-09-08T17:15:46+00:00","description":"O tradicional congresso multiprofissional ocorrer\u00e1 nos dias 7, 8 e 9 de novembro de 2024 com programa\u00e7\u00e3o diversificada.","breadcrumb":{"@id":"https:\/\/blog.saocamilo-sp.br\/index.php\/2024\/09\/08\/9o-congresso-multiprofissional-da-sao-camilo-tem-foco-em-inteligencia-emocional\/#breadcrumb"},"inLanguage":"pt-BR","potentialAction":[{"@type":"ReadAction","target":["https:\/\/blog.saocamilo-sp.br\/index.php\/2024\/09\/08\/9o-congresso-multiprofissional-da-sao-camilo-tem-foco-em-inteligencia-emocional\/"]}]},{"@type":"ImageObject","inLanguage":"pt-BR","@id":"https:\/\/blog.saocamilo-sp.br\/index.php\/2024\/09\/08\/9o-congresso-multiprofissional-da-sao-camilo-tem-foco-em-inteligencia-emocional\/#primaryimage","url":"https:\/\/blog.saocamilo-sp.br\/wp-content\/uploads\/2024\/09\/CMSC-Vem-ai-1920-x-1080_-1-1.jpg","contentUrl":"https:\/\/blog.saocamilo-sp.br\/wp-content\/uploads\/2024\/09\/CMSC-Vem-ai-1920-x-1080_-1-1.jpg","width":1920,"height":1080},{"@type":"BreadcrumbList","@id":"https:\/\/blog.saocamilo-sp.br\/index.php\/2024\/09\/08\/9o-congresso-multiprofissional-da-sao-camilo-tem-foco-em-inteligencia-emocional\/#breadcrumb","itemListElement":[{"@type":"ListItem","position":1,"name":"In\u00edcio","item":"https:\/\/blog.saocamilo-sp.br\/"},{"@type":"ListItem","position":2,"name":"Intelig\u00eancia Emocional\u00a0\u00e9 tema central do 9\u00ba Congresso Multiprofissional da S\u00e3o Camilo"}]},{"@type":"WebSite","@id":"https:\/\/blog.saocamilo-sp.br\/#website","url":"https:\/\/blog.saocamilo-sp.br\/","name":"Blog S\u00e3o Camilo","description":"Blog do Centro Universit\u00e1rio S\u00e3o Camilo","publisher":{"@id":"https:\/\/blog.saocamilo-sp.br\/#organization"},"potentialAction":[{"@type":"SearchAction","target":{"@type":"EntryPoint","urlTemplate":"https:\/\/blog.saocamilo-sp.br\/?s={search_term_string}"},"query-input":{"@type":"PropertyValueSpecification","valueRequired":true,"valueName":"search_term_string"}}],"inLanguage":"pt-BR"},{"@type":"Organization","@id":"https:\/\/blog.saocamilo-sp.br\/#organization","name":"Blog S\u00e3o Camilo","url":"https:\/\/blog.saocamilo-sp.br\/","logo":{"@type":"ImageObject","inLanguage":"pt-BR","@id":"https:\/\/blog.saocamilo-sp.br\/#\/schema\/logo\/image\/","url":"https:\/\/blog.saocamilo-sp.br\/wp-content\/uploads\/2021\/12\/cropped-vazio-logo-topo.png","contentUrl":"https:\/\/blog.saocamilo-sp.br\/wp-content\/uploads\/2021\/12\/cropped-vazio-logo-topo.png","width":320,"height":240,"caption":"Blog S\u00e3o Camilo"},"image":{"@id":"https:\/\/blog.saocamilo-sp.br\/#\/schema\/logo\/image\/"},"sameAs":["https:\/\/www.facebook.com\/saocamilosp","https:\/\/x.com\/saocamilosp","https:\/\/www.linkedin.com\/school\/centro-universit-rio-s-o-camilo\/"]},{"@type":"Person","@id":"https:\/\/blog.saocamilo-sp.br\/#\/schema\/person\/7dce5f342af0848eb2f06778b2737904","name":"Christopher Oliveira dos Reis","image":{"@type":"ImageObject","inLanguage":"pt-BR","@id":"https:\/\/secure.gravatar.com\/avatar\/b09a1361215d06f22999124838358b6855376e2b7287de883b723960b0c03f82?s=96&d=mm&r=g","url":"https:\/\/secure.gravatar.com\/avatar\/b09a1361215d06f22999124838358b6855376e2b7287de883b723960b0c03f82?s=96&d=mm&r=g","contentUrl":"https:\/\/secure.gravatar.com\/avatar\/b09a1361215d06f22999124838358b6855376e2b7287de883b723960b0c03f82?s=96&d=mm&r=g","caption":"Christopher Oliveira dos Reis"},"url":"https:\/\/blog.saocamilo-sp.br\/index.php\/author\/christopher-reis\/"}]}},"_links":{"self":[{"href":"https:\/\/blog.saocamilo-sp.br\/index.php\/wp-json\/wp\/v2\/posts\/2866","targetHints":{"allow":["GET"]}}],"collection":[{"href":"https:\/\/blog.saocamilo-sp.br\/index.php\/wp-json\/wp\/v2\/posts"}],"about":[{"href":"https:\/\/blog.saocamilo-sp.br\/index.php\/wp-json\/wp\/v2\/types\/post"}],"author":[{"embeddable":true,"href":"https:\/\/blog.saocamilo-sp.br\/index.php\/wp-json\/wp\/v2\/users\/11"}],"replies":[{"embeddable":true,"href":"https:\/\/blog.saocamilo-sp.br\/index.php\/wp-json\/wp\/v2\/comments?post=2866"}],"version-history":[{"count":6,"href":"https:\/\/blog.saocamilo-sp.br\/index.php\/wp-json\/wp\/v2\/posts\/2866\/revisions"}],"predecessor-version":[{"id":2877,"href":"https:\/\/blog.saocamilo-sp.br\/index.php\/wp-json\/wp\/v2\/posts\/2866\/revisions\/2877"}],"wp:featuredmedia":[{"embeddable":true,"href":"https:\/\/blog.saocamilo-sp.br\/index.php\/wp-json\/wp\/v2\/media\/2869"}],"wp:attachment":[{"href":"https:\/\/blog.saocamilo-sp.br\/index.php\/wp-json\/wp\/v2\/media?parent=2866"}],"wp:term":[{"taxonomy":"category","embeddable":true,"href":"https:\/\/blog.saocamilo-sp.br\/index.php\/wp-json\/wp\/v2\/categories?post=2866"},{"taxonomy":"post_tag","embeddable":true,"href":"https:\/\/blog.saocamilo-sp.br\/index.php\/wp-json\/wp\/v2\/tags?post=2866"}],"curies":[{"name":"wp","href":"https:\/\/api.w.org\/{rel}","templated":true}]}}