{"id":2880,"date":"2024-10-01T17:03:57","date_gmt":"2024-10-01T20:03:57","guid":{"rendered":"https:\/\/blog.saocamilo-sp.br\/?p=2880"},"modified":"2024-10-01T18:53:02","modified_gmt":"2024-10-01T21:53:02","slug":"estudante-de-nutricao-e-fera-na-esgrima-paralimpica","status":"publish","type":"post","link":"https:\/\/blog.saocamilo-sp.br\/index.php\/2024\/10\/01\/estudante-de-nutricao-e-fera-na-esgrima-paralimpica\/","title":{"rendered":"Estudante de Nutri\u00e7\u00e3o \u00e9 fera na esgrima paral\u00edmpica"},"content":{"rendered":"\n<p>O <strong>Dia Nacional de Luta da Pessoa com Defici\u00eancia<\/strong>, celebrado em <strong>21 de setembro<\/strong>, \u00e9 uma data de extrema import\u00e2ncia. Al\u00e9m disso, ela refor\u00e7a a necessidade de inclus\u00e3o e acessibilidade em todas as \u00e1reas da sociedade. Institu\u00edda em 1982, essa data <em>tamb\u00e9m<\/em> tem como objetivo conscientizar a popula\u00e7\u00e3o sobre os desafios enfrentados por milh\u00f5es de brasileiros com defici\u00eancia. Ademais, busca promover a igualdade de oportunidades e garantir o respeito aos direitos dessas pessoas.<\/p>\n\n\n\n<p>Portanto, essa luta \u00e9 cont\u00ednua e envolve o combate \u00e0 discrimina\u00e7\u00e3o, bem como a garantia de pol\u00edticas p\u00fablicas eficazes. Assim, o acesso a recursos \u00e9 fundamental para que essas pessoas possam participar plenamente da vida social, educacional e profissional. No cen\u00e1rio esportivo tamb\u00e9m \u00e9 um destaque importante, como as Paralimp\u00edadas de Paris realizadas este ano.<br><\/p>\n\n\n\n<h2 class=\"wp-block-heading\">O que \u00e9 Paraesgrima<\/h2>\n\n\n\n<p>A paraesgrima \u00e9 uma modalidade esportiva adaptada que se originou da esgrima tradicional, visando incluir atletas com defici\u00eancias f\u00edsicas em competi\u00e7\u00f5es. <\/p>\n\n\n\n<p>Na paraesgrima, os atletas competem em cadeiras de rodas, o que requer adapta\u00e7\u00f5es espec\u00edficas nas regras e no equipamento. Existem tr\u00eas tipos de armas: espada, florete e sabre, e as competi\u00e7\u00f5es s\u00e3o organizadas em categorias de classe, garantindo que atletas com n\u00edveis similares de habilidade se enfrentem.<\/p>\n\n\n\n<p>Nesse contexto, entrevistamos Marcelino Maia,  estudante de <a href=\"https:\/\/saocamilo-sp.br\/graduacao\/presencial\/nutricao\">Nutri\u00e7\u00e3o<\/a> da <a href=\"https:\/\/saocamilo-sp.br\/\">S\u00e3o Camilo<\/a> e atleta de Paraesgrima. Confira:<\/p>\n\n\n\n<h2 class=\"wp-block-heading\">Fale um pouco mais sobre voc\u00ea<\/h2>\n\n\n\n<p><em><strong>Marcelino: <\/strong>&#8220;Tenho 22 anos fa\u00e7o nutri\u00e7\u00e3o. Estou no 3\u00b0semestre, sou cadeirante e nasci com mielomeningocele, que \u00e9 uma malforma\u00e7\u00e3o cong\u00eanita devido \u00e0 defici\u00eancia de \u00e1cido f\u00f3lico durante a gesta\u00e7\u00e3o. Desde o nascimento, passei por v\u00e1rias cirurgias, ent\u00e3o, grande parte da minha vida foi passada em hospitais, fazendo cirurgias, exames e fisioterapia.&#8221;<\/em><\/p>\n\n\n\n<div class=\"wp-block-columns is-layout-flex wp-container-core-columns-is-layout-9d6595d7 wp-block-columns-is-layout-flex\">\n<div class=\"wp-block-column is-layout-flow wp-block-column-is-layout-flow\" style=\"flex-basis:100%\">\n<figure class=\"wp-block-gallery has-nested-images columns-default is-cropped wp-block-gallery-1 is-layout-flex wp-block-gallery-is-layout-flex\">\n<figure class=\"wp-block-image size-large\"><img loading=\"lazy\" decoding=\"async\" width=\"720\" height=\"697\" data-id=\"2881\" src=\"https:\/\/blog.saocamilo-sp.br\/wp-content\/uploads\/2024\/09\/imagem-30.png\" alt=\"\" class=\"wp-image-2881\" srcset=\"https:\/\/blog.saocamilo-sp.br\/wp-content\/uploads\/2024\/09\/imagem-30.png 720w, https:\/\/blog.saocamilo-sp.br\/wp-content\/uploads\/2024\/09\/imagem-30-300x290.png 300w, https:\/\/blog.saocamilo-sp.br\/wp-content\/uploads\/2024\/09\/imagem-30-600x581.png 600w\" sizes=\"auto, (max-width: 720px) 100vw, 720px\" \/><\/figure>\n<\/figure>\n<\/div>\n<\/div>\n\n\n\n<p>(Foto: arquivo pessoal)<br><br>Marcelino gosta de esporte desde crian\u00e7a, aos 10 anos de idade, iniciou no basquete de cadeira de rodas, no Clube dos Parapl\u00e9gicos de S\u00e3o Paulo. Seguiu com a nata\u00e7\u00e3o, mas devido a uma cirurgia no joelho, precisou parar por um momento. Em 2018, ele conheceu o projeto no Centro Paral\u00edmpico Brasileiro chamado Escola Paral\u00edmpica de Esportes, onde come\u00e7ou com v\u00f4lei sentado.<\/p>\n\n\n\n<h2 class=\"wp-block-heading\"><br>Quando se interessou por Paraesgrima?<\/h2>\n\n\n\n<p><em><strong>Marcelino:<\/strong> &#8220;Fui atleta escolar nessa modalidade e, depois, fui encaminhado ao t\u00eanis de mesa, tamb\u00e9m como atleta escolar. Tamb\u00e9m pratiquei atletismo, mas n\u00e3o cheguei a competir nessa modalidade. Em 2021, quando o projeto voltou, fui promovido a outro projeto chamado Reabilitar, na faixa et\u00e1ria de 18 a 35 anos. Me colocaram para praticar parabadminton. Fiquei duas semanas nesta modalidade e, depois desse per\u00edodo, me convidaram a fazer um teste na esgrima. Foi ent\u00e3o que conheci meu t\u00e9cnico Ivan Schwantes, coordenador da esgrima<\/em>.&#8221;<\/p>\n\n\n\n<p>O t\u00e9cnico havia falado que Marcelino tinha potencial na esgrima, e ele se identificou com o esporte! Em 2022, Schawantes o chamou para participar de uma competi\u00e7\u00e3o de esgrima nacional e ele ficou em 13\u00b0 Lugas. Atualmente, no Brasil, ele encontra-se em 14\u00b0 lugar na espada ,11\u00b0lugar no florete e 15\u00b0 lugar no internacional sub-23 no mesmo ano que ele foi convocado para tal categoria! <\/p>\n\n\n\n<h2 class=\"wp-block-heading\">Como descobriu seu interesse pela nutri\u00e7\u00e3o?<\/h2>\n\n\n\n<p><em><strong>Marcelino: <\/strong>&#8220;Como eu estava treinando, n\u00e3o tinha um nutricionista esportivo. A modalidade demanda muito esfor\u00e7o f\u00edsico, por isso precisava de uma alimenta\u00e7\u00e3o adequada para conseguir treinar. Estava procurando um nutricionista que pudesse me acompanhar, mas nenhum queria me atender, pois n\u00e3o tinha entendimento em lidar com pessoas com defici\u00eancia. Foi ent\u00e3o que fiz o Enem em 2022 e, em 2023, passei no processo seletivo do ProUni com bolsa. Foi uma felicidade, pois lutei muito para conquistar essa vaga. No in\u00edcio, estava apreensivo se conseguiria fazer as atividades.<\/em>&#8220;<\/p>\n\n\n\n<blockquote class=\"wp-block-quote is-layout-flow wp-block-quote-is-layout-flow\">\n<p>&#8220;Escolhi a S\u00e3o Camilo porque \u00e9 refer\u00eancia e tamb\u00e9m escolhi nutri\u00e7\u00e3o porque quero ajudar outros atletas com defici\u00eancia e tamb\u00e9m pessoas com defici\u00eancia. \u00c9 muito dif\u00edcil encontrar um profissional preparado para lidar com essas pessoas, e eu estou representando todas as pessoas com defici\u00eancia que muitas vezes n\u00e3o conseguem entrar no ensino superior. Por isso, eu luto por eles. Quando terminar a gradua\u00e7\u00e3o, sou eu que vou cuidar da alimenta\u00e7\u00e3o deles, para que todos tenham uma qualidade de vida melhor.&#8221;<\/p>\n<\/blockquote>\n\n\n\n<h2 class=\"wp-block-heading\">Qual a import\u00e2ncia da paraesgrima e das paralimp\u00edadas para representatividade dos atletas?<\/h2>\n\n\n\n<p><em><strong>Marcelino: <\/strong>&#8220;\u00c9 muito importante porque mostra a for\u00e7a dos atletas, que lutaram para conseguir estar l\u00e1 e representar o Brasil.<\/em>&#8220;<br><br>Marcelino Maia, estudante de Nutri\u00e7\u00e3o e atleta de esgrima paral\u00edmpica, compartilha suas viv\u00eancias e conquistas nas redes sociais, especialmente em seu Instagram, @marcelino.maiax. Por meio de suas postagens, ele inspira outras pessoas, promovendo a conscientiza\u00e7\u00e3o sobre a inclus\u00e3o e a import\u00e2ncia do esporte.<\/p>\n\n\n\n<p><\/p>\n\n\n\n<p>Veja mais:<\/p>\n\n\n\n<ul class=\"wp-block-list\">\n<li><a href=\"https:\/\/blog.saocamilo-sp.br\/index.php\/2024\/04\/12\/docentes-da-sao-camilo-sao-selecionados-para-o-programa-de-global-summer-da-upaep\/\">Celebrando o Dia Internacional de Libras<\/a><\/li>\n\n\n\n<li><a href=\"https:\/\/blog.saocamilo-sp.br\/index.php\/2023\/09\/21\/o-nucleo-de-acessibilidade-pedagogica-nape-e-a-educacao-inclusiva-no-centro-universitario-sao-camilo\/\">O N\u00facleo de Acessibilidade Pedag\u00f3gica e a Educa\u00e7\u00e3o Inclusiva na S\u00e3o Camilo<\/a><\/li>\n<\/ul>\n\n\n\n<iframe loading=\"lazy\" src=\"https:\/\/saocamilo.apprbs.com.br\/tenho-interesse-blog\" height=\"530px\" width=\"100%\" frameborder=\"0\"><\/iframe>\n\n\n\n<p><\/p>\n","protected":false},"excerpt":{"rendered":"<p>Marcelino Maia, estudante de Nutri\u00e7\u00e3o e atleta de paraesgrima, compartilha sua trajet\u00f3ria nos etudos e no essporte. <\/p>\n","protected":false},"author":4,"featured_media":3040,"comment_status":"open","ping_status":"open","sticky":false,"template":"","format":"standard","meta":{"cybocfi_hide_featured_image":"yes","footnotes":""},"categories":[91,24],"tags":[16],"class_list":["post-2880","post","type-post","status-publish","format-standard","has-post-thumbnail","hentry","category-institucional","category-nutricao","tag-vida-universitaria"],"yoast_head":"<!-- This site is optimized with the Yoast SEO plugin v27.4 - https:\/\/yoast.com\/product\/yoast-seo-wordpress\/ -->\n<title>Estudante de Nutri\u00e7\u00e3o \u00e9 fera na esgrima paral\u00edmpica - Blog S\u00e3o Camilo<\/title>\n<meta name=\"description\" content=\"Marcelino Maia, estudante de Nutri\u00e7\u00e3o e atleta de paraesgrima, compartilha sua trajet\u00f3ria nos etudos e no esporte.\" \/>\n<meta name=\"robots\" content=\"index, follow, max-snippet:-1, max-image-preview:large, max-video-preview:-1\" \/>\n<link rel=\"canonical\" href=\"https:\/\/blog.saocamilo-sp.br\/index.php\/2024\/10\/01\/estudante-de-nutricao-e-fera-na-esgrima-paralimpica\/\" \/>\n<meta property=\"og:locale\" content=\"pt_BR\" \/>\n<meta property=\"og:type\" content=\"article\" \/>\n<meta property=\"og:title\" content=\"Estudante de Nutri\u00e7\u00e3o \u00e9 fera na esgrima paral\u00edmpica - Blog S\u00e3o Camilo\" \/>\n<meta property=\"og:description\" content=\"Marcelino Maia, estudante de Nutri\u00e7\u00e3o e atleta de paraesgrima, compartilha sua trajet\u00f3ria nos etudos e no esporte.\" \/>\n<meta property=\"og:url\" content=\"https:\/\/blog.saocamilo-sp.br\/index.php\/2024\/10\/01\/estudante-de-nutricao-e-fera-na-esgrima-paralimpica\/\" \/>\n<meta property=\"og:site_name\" content=\"Blog S\u00e3o Camilo\" \/>\n<meta property=\"article:publisher\" content=\"https:\/\/www.facebook.com\/saocamilosp\" \/>\n<meta property=\"article:published_time\" content=\"2024-10-01T20:03:57+00:00\" \/>\n<meta property=\"article:modified_time\" content=\"2024-10-01T21:53:02+00:00\" \/>\n<meta property=\"og:image\" content=\"https:\/\/blog.saocamilo-sp.br\/wp-content\/uploads\/2024\/10\/Marcelino_paralimpica.png\" \/>\n\t<meta property=\"og:image:width\" content=\"600\" \/>\n\t<meta property=\"og:image:height\" content=\"400\" \/>\n\t<meta property=\"og:image:type\" content=\"image\/png\" \/>\n<meta name=\"author\" content=\"Lucas Soares Gon\u00e7alves\" \/>\n<meta name=\"twitter:card\" content=\"summary_large_image\" \/>\n<meta name=\"twitter:creator\" content=\"@saocamilosp\" \/>\n<meta name=\"twitter:site\" content=\"@saocamilosp\" \/>\n<meta name=\"twitter:label1\" content=\"Escrito por\" \/>\n\t<meta name=\"twitter:data1\" content=\"Lucas Soares Gon\u00e7alves\" \/>\n\t<meta name=\"twitter:label2\" content=\"Est. tempo de leitura\" \/>\n\t<meta name=\"twitter:data2\" content=\"5 minutos\" \/>\n<script type=\"application\/ld+json\" class=\"yoast-schema-graph\">{\"@context\":\"https:\\\/\\\/schema.org\",\"@graph\":[{\"@type\":\"Article\",\"@id\":\"https:\\\/\\\/blog.saocamilo-sp.br\\\/index.php\\\/2024\\\/10\\\/01\\\/estudante-de-nutricao-e-fera-na-esgrima-paralimpica\\\/#article\",\"isPartOf\":{\"@id\":\"https:\\\/\\\/blog.saocamilo-sp.br\\\/index.php\\\/2024\\\/10\\\/01\\\/estudante-de-nutricao-e-fera-na-esgrima-paralimpica\\\/\"},\"author\":{\"name\":\"Lucas Soares Gon\u00e7alves\",\"@id\":\"https:\\\/\\\/blog.saocamilo-sp.br\\\/#\\\/schema\\\/person\\\/781135418152912d4b58f2db13a2eaf0\"},\"headline\":\"Estudante de Nutri\u00e7\u00e3o \u00e9 fera na esgrima paral\u00edmpica\",\"datePublished\":\"2024-10-01T20:03:57+00:00\",\"dateModified\":\"2024-10-01T21:53:02+00:00\",\"mainEntityOfPage\":{\"@id\":\"https:\\\/\\\/blog.saocamilo-sp.br\\\/index.php\\\/2024\\\/10\\\/01\\\/estudante-de-nutricao-e-fera-na-esgrima-paralimpica\\\/\"},\"wordCount\":830,\"commentCount\":0,\"publisher\":{\"@id\":\"https:\\\/\\\/blog.saocamilo-sp.br\\\/#organization\"},\"image\":{\"@id\":\"https:\\\/\\\/blog.saocamilo-sp.br\\\/index.php\\\/2024\\\/10\\\/01\\\/estudante-de-nutricao-e-fera-na-esgrima-paralimpica\\\/#primaryimage\"},\"thumbnailUrl\":\"https:\\\/\\\/blog.saocamilo-sp.br\\\/wp-content\\\/uploads\\\/2024\\\/10\\\/Marcelino_paralimpica.png\",\"keywords\":[\"Vida Universit\u00e1ria\"],\"articleSection\":[\"Institucional\",\"Nutri\u00e7\u00e3o\"],\"inLanguage\":\"pt-BR\",\"potentialAction\":[{\"@type\":\"CommentAction\",\"name\":\"Comment\",\"target\":[\"https:\\\/\\\/blog.saocamilo-sp.br\\\/index.php\\\/2024\\\/10\\\/01\\\/estudante-de-nutricao-e-fera-na-esgrima-paralimpica\\\/#respond\"]}]},{\"@type\":\"WebPage\",\"@id\":\"https:\\\/\\\/blog.saocamilo-sp.br\\\/index.php\\\/2024\\\/10\\\/01\\\/estudante-de-nutricao-e-fera-na-esgrima-paralimpica\\\/\",\"url\":\"https:\\\/\\\/blog.saocamilo-sp.br\\\/index.php\\\/2024\\\/10\\\/01\\\/estudante-de-nutricao-e-fera-na-esgrima-paralimpica\\\/\",\"name\":\"Estudante de Nutri\u00e7\u00e3o \u00e9 fera na esgrima paral\u00edmpica - Blog S\u00e3o Camilo\",\"isPartOf\":{\"@id\":\"https:\\\/\\\/blog.saocamilo-sp.br\\\/#website\"},\"primaryImageOfPage\":{\"@id\":\"https:\\\/\\\/blog.saocamilo-sp.br\\\/index.php\\\/2024\\\/10\\\/01\\\/estudante-de-nutricao-e-fera-na-esgrima-paralimpica\\\/#primaryimage\"},\"image\":{\"@id\":\"https:\\\/\\\/blog.saocamilo-sp.br\\\/index.php\\\/2024\\\/10\\\/01\\\/estudante-de-nutricao-e-fera-na-esgrima-paralimpica\\\/#primaryimage\"},\"thumbnailUrl\":\"https:\\\/\\\/blog.saocamilo-sp.br\\\/wp-content\\\/uploads\\\/2024\\\/10\\\/Marcelino_paralimpica.png\",\"datePublished\":\"2024-10-01T20:03:57+00:00\",\"dateModified\":\"2024-10-01T21:53:02+00:00\",\"description\":\"Marcelino Maia, estudante de Nutri\u00e7\u00e3o e atleta de paraesgrima, compartilha sua trajet\u00f3ria nos etudos e no esporte.\",\"breadcrumb\":{\"@id\":\"https:\\\/\\\/blog.saocamilo-sp.br\\\/index.php\\\/2024\\\/10\\\/01\\\/estudante-de-nutricao-e-fera-na-esgrima-paralimpica\\\/#breadcrumb\"},\"inLanguage\":\"pt-BR\",\"potentialAction\":[{\"@type\":\"ReadAction\",\"target\":[\"https:\\\/\\\/blog.saocamilo-sp.br\\\/index.php\\\/2024\\\/10\\\/01\\\/estudante-de-nutricao-e-fera-na-esgrima-paralimpica\\\/\"]}]},{\"@type\":\"BreadcrumbList\",\"@id\":\"https:\\\/\\\/blog.saocamilo-sp.br\\\/index.php\\\/2024\\\/10\\\/01\\\/estudante-de-nutricao-e-fera-na-esgrima-paralimpica\\\/#breadcrumb\",\"itemListElement\":[{\"@type\":\"ListItem\",\"position\":1,\"name\":\"In\u00edcio\",\"item\":\"https:\\\/\\\/blog.saocamilo-sp.br\\\/\"},{\"@type\":\"ListItem\",\"position\":2,\"name\":\"Estudante de Nutri\u00e7\u00e3o \u00e9 fera na esgrima paral\u00edmpica\"}]},{\"@type\":\"WebSite\",\"@id\":\"https:\\\/\\\/blog.saocamilo-sp.br\\\/#website\",\"url\":\"https:\\\/\\\/blog.saocamilo-sp.br\\\/\",\"name\":\"Blog S\u00e3o Camilo\",\"description\":\"Blog do Centro Universit\u00e1rio S\u00e3o Camilo\",\"publisher\":{\"@id\":\"https:\\\/\\\/blog.saocamilo-sp.br\\\/#organization\"},\"potentialAction\":[{\"@type\":\"SearchAction\",\"target\":{\"@type\":\"EntryPoint\",\"urlTemplate\":\"https:\\\/\\\/blog.saocamilo-sp.br\\\/?s={search_term_string}\"},\"query-input\":{\"@type\":\"PropertyValueSpecification\",\"valueRequired\":true,\"valueName\":\"search_term_string\"}}],\"inLanguage\":\"pt-BR\"},{\"@type\":\"Organization\",\"@id\":\"https:\\\/\\\/blog.saocamilo-sp.br\\\/#organization\",\"name\":\"Blog S\u00e3o Camilo\",\"url\":\"https:\\\/\\\/blog.saocamilo-sp.br\\\/\",\"logo\":{\"@type\":\"ImageObject\",\"inLanguage\":\"pt-BR\",\"@id\":\"https:\\\/\\\/blog.saocamilo-sp.br\\\/#\\\/schema\\\/logo\\\/image\\\/\",\"url\":\"https:\\\/\\\/blog.saocamilo-sp.br\\\/wp-content\\\/uploads\\\/2021\\\/12\\\/cropped-vazio-logo-topo.png\",\"contentUrl\":\"https:\\\/\\\/blog.saocamilo-sp.br\\\/wp-content\\\/uploads\\\/2021\\\/12\\\/cropped-vazio-logo-topo.png\",\"width\":320,\"height\":240,\"caption\":\"Blog S\u00e3o Camilo\"},\"image\":{\"@id\":\"https:\\\/\\\/blog.saocamilo-sp.br\\\/#\\\/schema\\\/logo\\\/image\\\/\"},\"sameAs\":[\"https:\\\/\\\/www.facebook.com\\\/saocamilosp\",\"https:\\\/\\\/x.com\\\/saocamilosp\",\"https:\\\/\\\/www.linkedin.com\\\/school\\\/centro-universit-rio-s-o-camilo\\\/\"]},{\"@type\":\"Person\",\"@id\":\"https:\\\/\\\/blog.saocamilo-sp.br\\\/#\\\/schema\\\/person\\\/781135418152912d4b58f2db13a2eaf0\",\"name\":\"Lucas Soares Gon\u00e7alves\",\"image\":{\"@type\":\"ImageObject\",\"inLanguage\":\"pt-BR\",\"@id\":\"https:\\\/\\\/secure.gravatar.com\\\/avatar\\\/bcd2d703cbb48116eaac2cac8643792535238ff30b2d7ce9e16f9254ec9cae83?s=96&d=mm&r=g\",\"url\":\"https:\\\/\\\/secure.gravatar.com\\\/avatar\\\/bcd2d703cbb48116eaac2cac8643792535238ff30b2d7ce9e16f9254ec9cae83?s=96&d=mm&r=g\",\"contentUrl\":\"https:\\\/\\\/secure.gravatar.com\\\/avatar\\\/bcd2d703cbb48116eaac2cac8643792535238ff30b2d7ce9e16f9254ec9cae83?s=96&d=mm&r=g\",\"caption\":\"Lucas Soares Gon\u00e7alves\"},\"url\":\"https:\\\/\\\/blog.saocamilo-sp.br\\\/index.php\\\/author\\\/lucas-soares-goncalves\\\/\"}]}<\/script>\n<!-- \/ Yoast SEO plugin. -->","yoast_head_json":{"title":"Estudante de Nutri\u00e7\u00e3o \u00e9 fera na esgrima paral\u00edmpica - Blog S\u00e3o Camilo","description":"Marcelino Maia, estudante de Nutri\u00e7\u00e3o e atleta de paraesgrima, compartilha sua trajet\u00f3ria nos etudos e no esporte.","robots":{"index":"index","follow":"follow","max-snippet":"max-snippet:-1","max-image-preview":"max-image-preview:large","max-video-preview":"max-video-preview:-1"},"canonical":"https:\/\/blog.saocamilo-sp.br\/index.php\/2024\/10\/01\/estudante-de-nutricao-e-fera-na-esgrima-paralimpica\/","og_locale":"pt_BR","og_type":"article","og_title":"Estudante de Nutri\u00e7\u00e3o \u00e9 fera na esgrima paral\u00edmpica - Blog S\u00e3o Camilo","og_description":"Marcelino Maia, estudante de Nutri\u00e7\u00e3o e atleta de paraesgrima, compartilha sua trajet\u00f3ria nos etudos e no esporte.","og_url":"https:\/\/blog.saocamilo-sp.br\/index.php\/2024\/10\/01\/estudante-de-nutricao-e-fera-na-esgrima-paralimpica\/","og_site_name":"Blog S\u00e3o Camilo","article_publisher":"https:\/\/www.facebook.com\/saocamilosp","article_published_time":"2024-10-01T20:03:57+00:00","article_modified_time":"2024-10-01T21:53:02+00:00","og_image":[{"width":600,"height":400,"url":"https:\/\/blog.saocamilo-sp.br\/wp-content\/uploads\/2024\/10\/Marcelino_paralimpica.png","type":"image\/png"}],"author":"Lucas Soares Gon\u00e7alves","twitter_card":"summary_large_image","twitter_creator":"@saocamilosp","twitter_site":"@saocamilosp","twitter_misc":{"Escrito por":"Lucas Soares Gon\u00e7alves","Est. tempo de leitura":"5 minutos"},"schema":{"@context":"https:\/\/schema.org","@graph":[{"@type":"Article","@id":"https:\/\/blog.saocamilo-sp.br\/index.php\/2024\/10\/01\/estudante-de-nutricao-e-fera-na-esgrima-paralimpica\/#article","isPartOf":{"@id":"https:\/\/blog.saocamilo-sp.br\/index.php\/2024\/10\/01\/estudante-de-nutricao-e-fera-na-esgrima-paralimpica\/"},"author":{"name":"Lucas Soares Gon\u00e7alves","@id":"https:\/\/blog.saocamilo-sp.br\/#\/schema\/person\/781135418152912d4b58f2db13a2eaf0"},"headline":"Estudante de Nutri\u00e7\u00e3o \u00e9 fera na esgrima paral\u00edmpica","datePublished":"2024-10-01T20:03:57+00:00","dateModified":"2024-10-01T21:53:02+00:00","mainEntityOfPage":{"@id":"https:\/\/blog.saocamilo-sp.br\/index.php\/2024\/10\/01\/estudante-de-nutricao-e-fera-na-esgrima-paralimpica\/"},"wordCount":830,"commentCount":0,"publisher":{"@id":"https:\/\/blog.saocamilo-sp.br\/#organization"},"image":{"@id":"https:\/\/blog.saocamilo-sp.br\/index.php\/2024\/10\/01\/estudante-de-nutricao-e-fera-na-esgrima-paralimpica\/#primaryimage"},"thumbnailUrl":"https:\/\/blog.saocamilo-sp.br\/wp-content\/uploads\/2024\/10\/Marcelino_paralimpica.png","keywords":["Vida Universit\u00e1ria"],"articleSection":["Institucional","Nutri\u00e7\u00e3o"],"inLanguage":"pt-BR","potentialAction":[{"@type":"CommentAction","name":"Comment","target":["https:\/\/blog.saocamilo-sp.br\/index.php\/2024\/10\/01\/estudante-de-nutricao-e-fera-na-esgrima-paralimpica\/#respond"]}]},{"@type":"WebPage","@id":"https:\/\/blog.saocamilo-sp.br\/index.php\/2024\/10\/01\/estudante-de-nutricao-e-fera-na-esgrima-paralimpica\/","url":"https:\/\/blog.saocamilo-sp.br\/index.php\/2024\/10\/01\/estudante-de-nutricao-e-fera-na-esgrima-paralimpica\/","name":"Estudante de Nutri\u00e7\u00e3o \u00e9 fera na esgrima paral\u00edmpica - Blog S\u00e3o Camilo","isPartOf":{"@id":"https:\/\/blog.saocamilo-sp.br\/#website"},"primaryImageOfPage":{"@id":"https:\/\/blog.saocamilo-sp.br\/index.php\/2024\/10\/01\/estudante-de-nutricao-e-fera-na-esgrima-paralimpica\/#primaryimage"},"image":{"@id":"https:\/\/blog.saocamilo-sp.br\/index.php\/2024\/10\/01\/estudante-de-nutricao-e-fera-na-esgrima-paralimpica\/#primaryimage"},"thumbnailUrl":"https:\/\/blog.saocamilo-sp.br\/wp-content\/uploads\/2024\/10\/Marcelino_paralimpica.png","datePublished":"2024-10-01T20:03:57+00:00","dateModified":"2024-10-01T21:53:02+00:00","description":"Marcelino Maia, estudante de Nutri\u00e7\u00e3o e atleta de paraesgrima, compartilha sua trajet\u00f3ria nos etudos e no esporte.","breadcrumb":{"@id":"https:\/\/blog.saocamilo-sp.br\/index.php\/2024\/10\/01\/estudante-de-nutricao-e-fera-na-esgrima-paralimpica\/#breadcrumb"},"inLanguage":"pt-BR","potentialAction":[{"@type":"ReadAction","target":["https:\/\/blog.saocamilo-sp.br\/index.php\/2024\/10\/01\/estudante-de-nutricao-e-fera-na-esgrima-paralimpica\/"]}]},{"@type":"BreadcrumbList","@id":"https:\/\/blog.saocamilo-sp.br\/index.php\/2024\/10\/01\/estudante-de-nutricao-e-fera-na-esgrima-paralimpica\/#breadcrumb","itemListElement":[{"@type":"ListItem","position":1,"name":"In\u00edcio","item":"https:\/\/blog.saocamilo-sp.br\/"},{"@type":"ListItem","position":2,"name":"Estudante de Nutri\u00e7\u00e3o \u00e9 fera na esgrima paral\u00edmpica"}]},{"@type":"WebSite","@id":"https:\/\/blog.saocamilo-sp.br\/#website","url":"https:\/\/blog.saocamilo-sp.br\/","name":"Blog S\u00e3o Camilo","description":"Blog do Centro Universit\u00e1rio S\u00e3o Camilo","publisher":{"@id":"https:\/\/blog.saocamilo-sp.br\/#organization"},"potentialAction":[{"@type":"SearchAction","target":{"@type":"EntryPoint","urlTemplate":"https:\/\/blog.saocamilo-sp.br\/?s={search_term_string}"},"query-input":{"@type":"PropertyValueSpecification","valueRequired":true,"valueName":"search_term_string"}}],"inLanguage":"pt-BR"},{"@type":"Organization","@id":"https:\/\/blog.saocamilo-sp.br\/#organization","name":"Blog S\u00e3o Camilo","url":"https:\/\/blog.saocamilo-sp.br\/","logo":{"@type":"ImageObject","inLanguage":"pt-BR","@id":"https:\/\/blog.saocamilo-sp.br\/#\/schema\/logo\/image\/","url":"https:\/\/blog.saocamilo-sp.br\/wp-content\/uploads\/2021\/12\/cropped-vazio-logo-topo.png","contentUrl":"https:\/\/blog.saocamilo-sp.br\/wp-content\/uploads\/2021\/12\/cropped-vazio-logo-topo.png","width":320,"height":240,"caption":"Blog S\u00e3o Camilo"},"image":{"@id":"https:\/\/blog.saocamilo-sp.br\/#\/schema\/logo\/image\/"},"sameAs":["https:\/\/www.facebook.com\/saocamilosp","https:\/\/x.com\/saocamilosp","https:\/\/www.linkedin.com\/school\/centro-universit-rio-s-o-camilo\/"]},{"@type":"Person","@id":"https:\/\/blog.saocamilo-sp.br\/#\/schema\/person\/781135418152912d4b58f2db13a2eaf0","name":"Lucas Soares Gon\u00e7alves","image":{"@type":"ImageObject","inLanguage":"pt-BR","@id":"https:\/\/secure.gravatar.com\/avatar\/bcd2d703cbb48116eaac2cac8643792535238ff30b2d7ce9e16f9254ec9cae83?s=96&d=mm&r=g","url":"https:\/\/secure.gravatar.com\/avatar\/bcd2d703cbb48116eaac2cac8643792535238ff30b2d7ce9e16f9254ec9cae83?s=96&d=mm&r=g","contentUrl":"https:\/\/secure.gravatar.com\/avatar\/bcd2d703cbb48116eaac2cac8643792535238ff30b2d7ce9e16f9254ec9cae83?s=96&d=mm&r=g","caption":"Lucas Soares Gon\u00e7alves"},"url":"https:\/\/blog.saocamilo-sp.br\/index.php\/author\/lucas-soares-goncalves\/"}]}},"_links":{"self":[{"href":"https:\/\/blog.saocamilo-sp.br\/index.php\/wp-json\/wp\/v2\/posts\/2880","targetHints":{"allow":["GET"]}}],"collection":[{"href":"https:\/\/blog.saocamilo-sp.br\/index.php\/wp-json\/wp\/v2\/posts"}],"about":[{"href":"https:\/\/blog.saocamilo-sp.br\/index.php\/wp-json\/wp\/v2\/types\/post"}],"author":[{"embeddable":true,"href":"https:\/\/blog.saocamilo-sp.br\/index.php\/wp-json\/wp\/v2\/users\/4"}],"replies":[{"embeddable":true,"href":"https:\/\/blog.saocamilo-sp.br\/index.php\/wp-json\/wp\/v2\/comments?post=2880"}],"version-history":[{"count":6,"href":"https:\/\/blog.saocamilo-sp.br\/index.php\/wp-json\/wp\/v2\/posts\/2880\/revisions"}],"predecessor-version":[{"id":3042,"href":"https:\/\/blog.saocamilo-sp.br\/index.php\/wp-json\/wp\/v2\/posts\/2880\/revisions\/3042"}],"wp:featuredmedia":[{"embeddable":true,"href":"https:\/\/blog.saocamilo-sp.br\/index.php\/wp-json\/wp\/v2\/media\/3040"}],"wp:attachment":[{"href":"https:\/\/blog.saocamilo-sp.br\/index.php\/wp-json\/wp\/v2\/media?parent=2880"}],"wp:term":[{"taxonomy":"category","embeddable":true,"href":"https:\/\/blog.saocamilo-sp.br\/index.php\/wp-json\/wp\/v2\/categories?post=2880"},{"taxonomy":"post_tag","embeddable":true,"href":"https:\/\/blog.saocamilo-sp.br\/index.php\/wp-json\/wp\/v2\/tags?post=2880"}],"curies":[{"name":"wp","href":"https:\/\/api.w.org\/{rel}","templated":true}]}}