{"id":2882,"date":"2024-09-12T12:44:21","date_gmt":"2024-09-12T15:44:21","guid":{"rendered":"https:\/\/blog.saocamilo-sp.br\/?p=2882"},"modified":"2024-09-19T12:44:40","modified_gmt":"2024-09-19T15:44:40","slug":"campus-ipiranga-recebe-1a-international-fair","status":"publish","type":"post","link":"https:\/\/blog.saocamilo-sp.br\/index.php\/2024\/09\/12\/campus-ipiranga-recebe-1a-international-fair\/","title":{"rendered":"Campus Ipiranga recebe 1\u00aa International Fair"},"content":{"rendered":"\n<p>No dia 25 de setembro, das 9h \u00e0s 18h30, o Campus Ipiranga do Centro Universit\u00e1rio S\u00e3o Camilo sediar\u00e1 a 1\u00aa edi\u00e7\u00e3o da International Fair, uma oportunidade \u00fanica para estudantes, professores, colaboradores e o p\u00fablico em geral. Al\u00e9m disso, este evento tem como objetivo principal explorar e promover a internacionaliza\u00e7\u00e3o no \u00e2mbito acad\u00eamico e profissional, conectando os participantes a uma ampla rede global de ensino e trabalho.<\/p>\n\n\n\n<h2 class=\"wp-block-heading\"><strong>Palestras e Insights Internacionais<\/strong><\/h2>\n\n\n\n<p>Durante o evento, diversas institui\u00e7\u00f5es internacionais parceiras estar\u00e3o presentes para compartilhar conhecimentos e discutir a import\u00e2ncia da internacionaliza\u00e7\u00e3o no cen\u00e1rio acad\u00eamico e profissional. As palestras, cuidadosamente selecionadas, abordar\u00e3o uma s\u00e9rie de temas relevantes como interc\u00e2mbios, pesquisas no exterior, expatria\u00e7\u00e3o e voluntariado internacional. Entre os <strong>destaques<\/strong>, est\u00e3o apresenta\u00e7\u00f5es sobre o <strong>programa de curta dura\u00e7\u00e3o Medical English na University of California San Diego<\/strong><strong>, <\/strong>que oferece uma forma\u00e7\u00e3o essencial para profissionais da sa\u00fade interessados em aprimorar seu ingl\u00eas t\u00e9cnico em um ambiente acad\u00eamico internacional. Outros temas incluem a mesa-redonda &#8220;Experi\u00eancias e Impress\u00f5es de um Intercambista da S\u00e3o Camilo&#8221;, a palestra &#8220;Interc\u00e2mbio na Austr\u00e1lia \u2013 Um Mundo de Oportunidades Acad\u00eamicas&#8221; e &#8220;Do Laborat\u00f3rio Local ao Mundo: Uma Jornada pela Internacionaliza\u00e7\u00e3o da Pesquisa&#8221;<\/p>\n\n\n\n<h2 class=\"wp-block-heading\"><strong>Open Space com Stands Interativos<\/strong><\/h2>\n\n\n\n<p>Um dos pontos altos da International Fair ser\u00e1 o Open Space, um ambiente interativo onde os visitantes poder\u00e3o conhecer e se conectar com diversas universidades estrangeiras, escolas de idiomas e empresas especializadas em vistos e financiamento estudantil. Nesse espa\u00e7o din\u00e2mico, os participantes ter\u00e3o a chance de explorar projetos e iniciativas internacionais, al\u00e9m de oportunidades de interc\u00e2mbio e programas exclusivos oferecidos pela S\u00e3o Camilo e suas institui\u00e7\u00f5es parceiras. Os participantes tamb\u00e9m poder\u00e3o concorrer a brindes exclusivos oferecidos pelos expositores. Al\u00e9m disso, o evento contar\u00e1 com a presen\u00e7a de departamentos institucionais da S\u00e3o Camilo, como o N\u00facleo de Est\u00e1gios, o Conex\u00e3o Carreiras, o Departamento de Pesquisa e o pr\u00f3prio Escrit\u00f3rio Internacional, prontos para esclarecer d\u00favidas e orientar os convidados sobre oportunidades acad\u00eamicas e de carreira.<\/p>\n\n\n\n<h2 class=\"wp-block-heading\"><strong>Cursos de Interc\u00e2mbio e Oportunidades Acad\u00eamicas<\/strong><\/h2>\n\n\n\n<p>Outro destaque da feira ser\u00e1 a apresenta\u00e7\u00e3o dos cursos de interc\u00e2mbio oferecidos pela S\u00e3o Camilo em parceria com universidades renomadas ao redor do mundo. Esses programas proporcionam uma experi\u00eancia acad\u00eamica e cultural extremamente enriquecedora, ideal para quem deseja expandir suas fronteiras educacionais. Al\u00e9m disso, o evento trar\u00e1 informa\u00e7\u00f5es sobre est\u00e1gios internacionais e oportunidades de trabalho no exterior, permitindo que os participantes planejem suas futuras carreiras globais.<\/p>\n\n\n\n<h2 class=\"wp-block-heading\"><strong>Uma Oportunidade Imperd\u00edvel<\/strong><\/h2>\n\n\n\n<p>A 1\u00aa International Fair do Centro Universit\u00e1rio S\u00e3o Camilo \u00e9 o evento ideal para quem busca explorar novas culturas, ampliar suas perspectivas acad\u00eamicas e profissionais e, consequentemente, se conectar com uma comunidade internacional de aprendizado. Com entrada gratuita, as inscri\u00e7\u00f5es est\u00e3o abertas at\u00e9 o dia 20 de setembro e podem ser feitas pelo site oficial do evento. Portanto, n\u00e3o perca essa chance de embarcar em uma jornada de descobertas e crescimento pessoal!<\/p>\n\n\n\n<h2 class=\"wp-block-heading\"><strong>Servi\u00e7o:<\/strong><\/h2>\n\n\n\n<p><strong><br>Evento:<\/strong> 1\u00aa International Fair do Centro Universit\u00e1rio S\u00e3o Camilo<br><strong>Data:<\/strong> 25 de setembro de 2024 <strong>Hor\u00e1rio:<\/strong> 9h \u00e0s 18h30<br><strong>Local:<\/strong> Centro Universit\u00e1rio S\u00e3o Camilo \u2013 Campus Ipiranga<br><strong>Endere\u00e7o:<\/strong> Av. Nazar\u00e9, 1501, Ipiranga<br><strong>Inscri\u00e7\u00f5es:<\/strong> at\u00e9 20\/09, pelo <a href=\"https:\/\/saocamilo-sp.br\/eventos\/international_fair_2024\">site oficial<\/a><br><strong>Entrada:<\/strong> Gratuita e aberta ao p\u00fablico<\/p>\n\n\n\n<p><strong>Venha expandir seus horizontes e explorar o mundo com a S\u00e3o Camilo!<\/strong><br><br>Veja mais:<\/p>\n\n\n\n<ul class=\"wp-block-list\">\n<li><a href=\"https:\/\/blog.saocamilo-sp.br\/index.php\/2024\/04\/12\/docentes-da-sao-camilo-sao-selecionados-para-o-programa-de-global-summer-da-upaep\/\">Docentes Camilianos s\u00e3o selecionados para o Programa de Global Summer da UPAEP<\/a><\/li>\n\n\n\n<li><a href=\"https:\/\/blog.saocamilo-sp.br\/index.php\/2024\/02\/01\/oducal\/\">Pe. Jo\u00e3o Batista e Rayssa Rios s\u00e3o nomeados para a ODUCAL<\/a><\/li>\n\n\n\n<li><a href=\"https:\/\/blog.saocamilo-sp.br\/index.php\/2024\/04\/10\/parceria-entre-sao-camilo-e-onea-care-fomenta-oportunidades-profissionais-na-alemanha\/\">Parceri<\/a><a href=\"https:\/\/blog.saocamilo-sp.br\/index.php\/2024\/04\/10\/parceria-entre-sao-camilo-e-onea-care-fomenta-oportunidades-profissionais-na-alemanha\/\" target=\"_blank\" rel=\"noreferrer noopener\">a entre S\u00e3o Camilo e Onea Care&nbsp;fomenta oportunidades profissionais na Alemanha<\/a><\/li>\n<\/ul>\n\n\n\n<iframe loading=\"lazy\" src=\"https:\/\/saocamilo.apprbs.com.br\/tenho-interesse-blog\" height=\"530px\" width=\"100%\" frameborder=\"0\"><\/iframe>\n","protected":false},"excerpt":{"rendered":"<p>Evento, com entrada gratuita, oferecer\u00e1 oportunidades de interc\u00e2mbio e conex\u00e3o com institui\u00e7\u00f5es globais<\/p>\n","protected":false},"author":13,"featured_media":2883,"comment_status":"open","ping_status":"open","sticky":false,"template":"","format":"standard","meta":{"cybocfi_hide_featured_image":"","footnotes":""},"categories":[91,70],"tags":[120,74,72],"class_list":["post-2882","post","type-post","status-publish","format-standard","has-post-thumbnail","hentry","category-institucional","category-internacional","tag-evento","tag-institucional","tag-internacional"],"yoast_head":"<!-- This site is optimized with the Yoast SEO plugin v27.4 - https:\/\/yoast.com\/product\/yoast-seo-wordpress\/ -->\n<title>Campus Ipiranga recebe 1\u00aa International Fair - Blog S\u00e3o Camilo<\/title>\n<meta name=\"description\" content=\"Evento, com entrada gratuita, oferecer\u00e1 oportunidades de interc\u00e2mbio e conex\u00e3o com institui\u00e7\u00f5es globais no dia 25 de setembro de 2024.\" \/>\n<meta name=\"robots\" content=\"index, follow, max-snippet:-1, max-image-preview:large, max-video-preview:-1\" \/>\n<link rel=\"canonical\" href=\"https:\/\/blog.saocamilo-sp.br\/index.php\/2024\/09\/12\/campus-ipiranga-recebe-1a-international-fair\/\" \/>\n<meta property=\"og:locale\" content=\"pt_BR\" \/>\n<meta property=\"og:type\" content=\"article\" \/>\n<meta property=\"og:title\" content=\"Campus Ipiranga recebe 1\u00aa International Fair - Blog S\u00e3o Camilo\" \/>\n<meta property=\"og:description\" content=\"Evento, com entrada gratuita, oferecer\u00e1 oportunidades de interc\u00e2mbio e conex\u00e3o com institui\u00e7\u00f5es globais no dia 25 de setembro de 2024.\" \/>\n<meta property=\"og:url\" content=\"https:\/\/blog.saocamilo-sp.br\/index.php\/2024\/09\/12\/campus-ipiranga-recebe-1a-international-fair\/\" \/>\n<meta property=\"og:site_name\" content=\"Blog S\u00e3o Camilo\" \/>\n<meta property=\"article:publisher\" content=\"https:\/\/www.facebook.com\/saocamilosp\" \/>\n<meta property=\"article:published_time\" content=\"2024-09-12T15:44:21+00:00\" \/>\n<meta property=\"article:modified_time\" content=\"2024-09-19T15:44:40+00:00\" \/>\n<meta property=\"og:image\" content=\"https:\/\/blog.saocamilo-sp.br\/wp-content\/uploads\/2024\/09\/Campus-Ipiranga-recebe-1a-International-Fair.png\" \/>\n\t<meta property=\"og:image:width\" content=\"1212\" \/>\n\t<meta property=\"og:image:height\" content=\"816\" \/>\n\t<meta property=\"og:image:type\" content=\"image\/png\" \/>\n<meta name=\"author\" content=\"Leandro Lafr\u00e1gola\" \/>\n<meta name=\"twitter:card\" content=\"summary_large_image\" \/>\n<meta name=\"twitter:creator\" content=\"@saocamilosp\" \/>\n<meta name=\"twitter:site\" content=\"@saocamilosp\" \/>\n<meta name=\"twitter:label1\" content=\"Escrito por\" \/>\n\t<meta name=\"twitter:data1\" content=\"Leandro Lafr\u00e1gola\" \/>\n\t<meta name=\"twitter:label2\" content=\"Est. tempo de leitura\" \/>\n\t<meta name=\"twitter:data2\" content=\"4 minutos\" \/>\n<script type=\"application\/ld+json\" class=\"yoast-schema-graph\">{\"@context\":\"https:\\\/\\\/schema.org\",\"@graph\":[{\"@type\":\"Article\",\"@id\":\"https:\\\/\\\/blog.saocamilo-sp.br\\\/index.php\\\/2024\\\/09\\\/12\\\/campus-ipiranga-recebe-1a-international-fair\\\/#article\",\"isPartOf\":{\"@id\":\"https:\\\/\\\/blog.saocamilo-sp.br\\\/index.php\\\/2024\\\/09\\\/12\\\/campus-ipiranga-recebe-1a-international-fair\\\/\"},\"author\":{\"name\":\"Leandro Lafr\u00e1gola\",\"@id\":\"https:\\\/\\\/blog.saocamilo-sp.br\\\/#\\\/schema\\\/person\\\/1a99645faaab0bb55105f817e866e19b\"},\"headline\":\"Campus Ipiranga recebe 1\u00aa International Fair\",\"datePublished\":\"2024-09-12T15:44:21+00:00\",\"dateModified\":\"2024-09-19T15:44:40+00:00\",\"mainEntityOfPage\":{\"@id\":\"https:\\\/\\\/blog.saocamilo-sp.br\\\/index.php\\\/2024\\\/09\\\/12\\\/campus-ipiranga-recebe-1a-international-fair\\\/\"},\"wordCount\":636,\"commentCount\":0,\"publisher\":{\"@id\":\"https:\\\/\\\/blog.saocamilo-sp.br\\\/#organization\"},\"image\":{\"@id\":\"https:\\\/\\\/blog.saocamilo-sp.br\\\/index.php\\\/2024\\\/09\\\/12\\\/campus-ipiranga-recebe-1a-international-fair\\\/#primaryimage\"},\"thumbnailUrl\":\"https:\\\/\\\/blog.saocamilo-sp.br\\\/wp-content\\\/uploads\\\/2024\\\/09\\\/Campus-Ipiranga-recebe-1a-International-Fair.png\",\"keywords\":[\"evento\",\"Institucional\",\"internacional\"],\"articleSection\":[\"Institucional\",\"Internacional\"],\"inLanguage\":\"pt-BR\",\"potentialAction\":[{\"@type\":\"CommentAction\",\"name\":\"Comment\",\"target\":[\"https:\\\/\\\/blog.saocamilo-sp.br\\\/index.php\\\/2024\\\/09\\\/12\\\/campus-ipiranga-recebe-1a-international-fair\\\/#respond\"]}]},{\"@type\":\"WebPage\",\"@id\":\"https:\\\/\\\/blog.saocamilo-sp.br\\\/index.php\\\/2024\\\/09\\\/12\\\/campus-ipiranga-recebe-1a-international-fair\\\/\",\"url\":\"https:\\\/\\\/blog.saocamilo-sp.br\\\/index.php\\\/2024\\\/09\\\/12\\\/campus-ipiranga-recebe-1a-international-fair\\\/\",\"name\":\"Campus Ipiranga recebe 1\u00aa International Fair - Blog S\u00e3o Camilo\",\"isPartOf\":{\"@id\":\"https:\\\/\\\/blog.saocamilo-sp.br\\\/#website\"},\"primaryImageOfPage\":{\"@id\":\"https:\\\/\\\/blog.saocamilo-sp.br\\\/index.php\\\/2024\\\/09\\\/12\\\/campus-ipiranga-recebe-1a-international-fair\\\/#primaryimage\"},\"image\":{\"@id\":\"https:\\\/\\\/blog.saocamilo-sp.br\\\/index.php\\\/2024\\\/09\\\/12\\\/campus-ipiranga-recebe-1a-international-fair\\\/#primaryimage\"},\"thumbnailUrl\":\"https:\\\/\\\/blog.saocamilo-sp.br\\\/wp-content\\\/uploads\\\/2024\\\/09\\\/Campus-Ipiranga-recebe-1a-International-Fair.png\",\"datePublished\":\"2024-09-12T15:44:21+00:00\",\"dateModified\":\"2024-09-19T15:44:40+00:00\",\"description\":\"Evento, com entrada gratuita, oferecer\u00e1 oportunidades de interc\u00e2mbio e conex\u00e3o com institui\u00e7\u00f5es globais no dia 25 de setembro de 2024.\",\"breadcrumb\":{\"@id\":\"https:\\\/\\\/blog.saocamilo-sp.br\\\/index.php\\\/2024\\\/09\\\/12\\\/campus-ipiranga-recebe-1a-international-fair\\\/#breadcrumb\"},\"inLanguage\":\"pt-BR\",\"potentialAction\":[{\"@type\":\"ReadAction\",\"target\":[\"https:\\\/\\\/blog.saocamilo-sp.br\\\/index.php\\\/2024\\\/09\\\/12\\\/campus-ipiranga-recebe-1a-international-fair\\\/\"]}]},{\"@type\":\"ImageObject\",\"inLanguage\":\"pt-BR\",\"@id\":\"https:\\\/\\\/blog.saocamilo-sp.br\\\/index.php\\\/2024\\\/09\\\/12\\\/campus-ipiranga-recebe-1a-international-fair\\\/#primaryimage\",\"url\":\"https:\\\/\\\/blog.saocamilo-sp.br\\\/wp-content\\\/uploads\\\/2024\\\/09\\\/Campus-Ipiranga-recebe-1a-International-Fair.png\",\"contentUrl\":\"https:\\\/\\\/blog.saocamilo-sp.br\\\/wp-content\\\/uploads\\\/2024\\\/09\\\/Campus-Ipiranga-recebe-1a-International-Fair.png\",\"width\":1212,\"height\":816,\"caption\":\"Campus Ipiranga recebe 1\u00aa International Fair\"},{\"@type\":\"BreadcrumbList\",\"@id\":\"https:\\\/\\\/blog.saocamilo-sp.br\\\/index.php\\\/2024\\\/09\\\/12\\\/campus-ipiranga-recebe-1a-international-fair\\\/#breadcrumb\",\"itemListElement\":[{\"@type\":\"ListItem\",\"position\":1,\"name\":\"In\u00edcio\",\"item\":\"https:\\\/\\\/blog.saocamilo-sp.br\\\/\"},{\"@type\":\"ListItem\",\"position\":2,\"name\":\"Campus Ipiranga recebe 1\u00aa International Fair\"}]},{\"@type\":\"WebSite\",\"@id\":\"https:\\\/\\\/blog.saocamilo-sp.br\\\/#website\",\"url\":\"https:\\\/\\\/blog.saocamilo-sp.br\\\/\",\"name\":\"Blog S\u00e3o Camilo\",\"description\":\"Blog do Centro Universit\u00e1rio S\u00e3o Camilo\",\"publisher\":{\"@id\":\"https:\\\/\\\/blog.saocamilo-sp.br\\\/#organization\"},\"potentialAction\":[{\"@type\":\"SearchAction\",\"target\":{\"@type\":\"EntryPoint\",\"urlTemplate\":\"https:\\\/\\\/blog.saocamilo-sp.br\\\/?s={search_term_string}\"},\"query-input\":{\"@type\":\"PropertyValueSpecification\",\"valueRequired\":true,\"valueName\":\"search_term_string\"}}],\"inLanguage\":\"pt-BR\"},{\"@type\":\"Organization\",\"@id\":\"https:\\\/\\\/blog.saocamilo-sp.br\\\/#organization\",\"name\":\"Blog S\u00e3o Camilo\",\"url\":\"https:\\\/\\\/blog.saocamilo-sp.br\\\/\",\"logo\":{\"@type\":\"ImageObject\",\"inLanguage\":\"pt-BR\",\"@id\":\"https:\\\/\\\/blog.saocamilo-sp.br\\\/#\\\/schema\\\/logo\\\/image\\\/\",\"url\":\"https:\\\/\\\/blog.saocamilo-sp.br\\\/wp-content\\\/uploads\\\/2021\\\/12\\\/cropped-vazio-logo-topo.png\",\"contentUrl\":\"https:\\\/\\\/blog.saocamilo-sp.br\\\/wp-content\\\/uploads\\\/2021\\\/12\\\/cropped-vazio-logo-topo.png\",\"width\":320,\"height\":240,\"caption\":\"Blog S\u00e3o Camilo\"},\"image\":{\"@id\":\"https:\\\/\\\/blog.saocamilo-sp.br\\\/#\\\/schema\\\/logo\\\/image\\\/\"},\"sameAs\":[\"https:\\\/\\\/www.facebook.com\\\/saocamilosp\",\"https:\\\/\\\/x.com\\\/saocamilosp\",\"https:\\\/\\\/www.linkedin.com\\\/school\\\/centro-universit-rio-s-o-camilo\\\/\"]},{\"@type\":\"Person\",\"@id\":\"https:\\\/\\\/blog.saocamilo-sp.br\\\/#\\\/schema\\\/person\\\/1a99645faaab0bb55105f817e866e19b\",\"name\":\"Leandro Lafr\u00e1gola\",\"image\":{\"@type\":\"ImageObject\",\"inLanguage\":\"pt-BR\",\"@id\":\"https:\\\/\\\/secure.gravatar.com\\\/avatar\\\/ec4232fb8d50d80f1c672353dc4c2876490e6a0a2a33d6572c0ba1fb78f115cf?s=96&d=mm&r=g\",\"url\":\"https:\\\/\\\/secure.gravatar.com\\\/avatar\\\/ec4232fb8d50d80f1c672353dc4c2876490e6a0a2a33d6572c0ba1fb78f115cf?s=96&d=mm&r=g\",\"contentUrl\":\"https:\\\/\\\/secure.gravatar.com\\\/avatar\\\/ec4232fb8d50d80f1c672353dc4c2876490e6a0a2a33d6572c0ba1fb78f115cf?s=96&d=mm&r=g\",\"caption\":\"Leandro Lafr\u00e1gola\"},\"url\":\"https:\\\/\\\/blog.saocamilo-sp.br\\\/index.php\\\/author\\\/llafragola\\\/\"}]}<\/script>\n<!-- \/ Yoast SEO plugin. -->","yoast_head_json":{"title":"Campus Ipiranga recebe 1\u00aa International Fair - Blog S\u00e3o Camilo","description":"Evento, com entrada gratuita, oferecer\u00e1 oportunidades de interc\u00e2mbio e conex\u00e3o com institui\u00e7\u00f5es globais no dia 25 de setembro de 2024.","robots":{"index":"index","follow":"follow","max-snippet":"max-snippet:-1","max-image-preview":"max-image-preview:large","max-video-preview":"max-video-preview:-1"},"canonical":"https:\/\/blog.saocamilo-sp.br\/index.php\/2024\/09\/12\/campus-ipiranga-recebe-1a-international-fair\/","og_locale":"pt_BR","og_type":"article","og_title":"Campus Ipiranga recebe 1\u00aa International Fair - Blog S\u00e3o Camilo","og_description":"Evento, com entrada gratuita, oferecer\u00e1 oportunidades de interc\u00e2mbio e conex\u00e3o com institui\u00e7\u00f5es globais no dia 25 de setembro de 2024.","og_url":"https:\/\/blog.saocamilo-sp.br\/index.php\/2024\/09\/12\/campus-ipiranga-recebe-1a-international-fair\/","og_site_name":"Blog S\u00e3o Camilo","article_publisher":"https:\/\/www.facebook.com\/saocamilosp","article_published_time":"2024-09-12T15:44:21+00:00","article_modified_time":"2024-09-19T15:44:40+00:00","og_image":[{"width":1212,"height":816,"url":"https:\/\/blog.saocamilo-sp.br\/wp-content\/uploads\/2024\/09\/Campus-Ipiranga-recebe-1a-International-Fair.png","type":"image\/png"}],"author":"Leandro Lafr\u00e1gola","twitter_card":"summary_large_image","twitter_creator":"@saocamilosp","twitter_site":"@saocamilosp","twitter_misc":{"Escrito por":"Leandro Lafr\u00e1gola","Est. tempo de leitura":"4 minutos"},"schema":{"@context":"https:\/\/schema.org","@graph":[{"@type":"Article","@id":"https:\/\/blog.saocamilo-sp.br\/index.php\/2024\/09\/12\/campus-ipiranga-recebe-1a-international-fair\/#article","isPartOf":{"@id":"https:\/\/blog.saocamilo-sp.br\/index.php\/2024\/09\/12\/campus-ipiranga-recebe-1a-international-fair\/"},"author":{"name":"Leandro Lafr\u00e1gola","@id":"https:\/\/blog.saocamilo-sp.br\/#\/schema\/person\/1a99645faaab0bb55105f817e866e19b"},"headline":"Campus Ipiranga recebe 1\u00aa International Fair","datePublished":"2024-09-12T15:44:21+00:00","dateModified":"2024-09-19T15:44:40+00:00","mainEntityOfPage":{"@id":"https:\/\/blog.saocamilo-sp.br\/index.php\/2024\/09\/12\/campus-ipiranga-recebe-1a-international-fair\/"},"wordCount":636,"commentCount":0,"publisher":{"@id":"https:\/\/blog.saocamilo-sp.br\/#organization"},"image":{"@id":"https:\/\/blog.saocamilo-sp.br\/index.php\/2024\/09\/12\/campus-ipiranga-recebe-1a-international-fair\/#primaryimage"},"thumbnailUrl":"https:\/\/blog.saocamilo-sp.br\/wp-content\/uploads\/2024\/09\/Campus-Ipiranga-recebe-1a-International-Fair.png","keywords":["evento","Institucional","internacional"],"articleSection":["Institucional","Internacional"],"inLanguage":"pt-BR","potentialAction":[{"@type":"CommentAction","name":"Comment","target":["https:\/\/blog.saocamilo-sp.br\/index.php\/2024\/09\/12\/campus-ipiranga-recebe-1a-international-fair\/#respond"]}]},{"@type":"WebPage","@id":"https:\/\/blog.saocamilo-sp.br\/index.php\/2024\/09\/12\/campus-ipiranga-recebe-1a-international-fair\/","url":"https:\/\/blog.saocamilo-sp.br\/index.php\/2024\/09\/12\/campus-ipiranga-recebe-1a-international-fair\/","name":"Campus Ipiranga recebe 1\u00aa International Fair - Blog S\u00e3o Camilo","isPartOf":{"@id":"https:\/\/blog.saocamilo-sp.br\/#website"},"primaryImageOfPage":{"@id":"https:\/\/blog.saocamilo-sp.br\/index.php\/2024\/09\/12\/campus-ipiranga-recebe-1a-international-fair\/#primaryimage"},"image":{"@id":"https:\/\/blog.saocamilo-sp.br\/index.php\/2024\/09\/12\/campus-ipiranga-recebe-1a-international-fair\/#primaryimage"},"thumbnailUrl":"https:\/\/blog.saocamilo-sp.br\/wp-content\/uploads\/2024\/09\/Campus-Ipiranga-recebe-1a-International-Fair.png","datePublished":"2024-09-12T15:44:21+00:00","dateModified":"2024-09-19T15:44:40+00:00","description":"Evento, com entrada gratuita, oferecer\u00e1 oportunidades de interc\u00e2mbio e conex\u00e3o com institui\u00e7\u00f5es globais no dia 25 de setembro de 2024.","breadcrumb":{"@id":"https:\/\/blog.saocamilo-sp.br\/index.php\/2024\/09\/12\/campus-ipiranga-recebe-1a-international-fair\/#breadcrumb"},"inLanguage":"pt-BR","potentialAction":[{"@type":"ReadAction","target":["https:\/\/blog.saocamilo-sp.br\/index.php\/2024\/09\/12\/campus-ipiranga-recebe-1a-international-fair\/"]}]},{"@type":"ImageObject","inLanguage":"pt-BR","@id":"https:\/\/blog.saocamilo-sp.br\/index.php\/2024\/09\/12\/campus-ipiranga-recebe-1a-international-fair\/#primaryimage","url":"https:\/\/blog.saocamilo-sp.br\/wp-content\/uploads\/2024\/09\/Campus-Ipiranga-recebe-1a-International-Fair.png","contentUrl":"https:\/\/blog.saocamilo-sp.br\/wp-content\/uploads\/2024\/09\/Campus-Ipiranga-recebe-1a-International-Fair.png","width":1212,"height":816,"caption":"Campus Ipiranga recebe 1\u00aa International Fair"},{"@type":"BreadcrumbList","@id":"https:\/\/blog.saocamilo-sp.br\/index.php\/2024\/09\/12\/campus-ipiranga-recebe-1a-international-fair\/#breadcrumb","itemListElement":[{"@type":"ListItem","position":1,"name":"In\u00edcio","item":"https:\/\/blog.saocamilo-sp.br\/"},{"@type":"ListItem","position":2,"name":"Campus Ipiranga recebe 1\u00aa International Fair"}]},{"@type":"WebSite","@id":"https:\/\/blog.saocamilo-sp.br\/#website","url":"https:\/\/blog.saocamilo-sp.br\/","name":"Blog S\u00e3o Camilo","description":"Blog do Centro Universit\u00e1rio S\u00e3o Camilo","publisher":{"@id":"https:\/\/blog.saocamilo-sp.br\/#organization"},"potentialAction":[{"@type":"SearchAction","target":{"@type":"EntryPoint","urlTemplate":"https:\/\/blog.saocamilo-sp.br\/?s={search_term_string}"},"query-input":{"@type":"PropertyValueSpecification","valueRequired":true,"valueName":"search_term_string"}}],"inLanguage":"pt-BR"},{"@type":"Organization","@id":"https:\/\/blog.saocamilo-sp.br\/#organization","name":"Blog S\u00e3o Camilo","url":"https:\/\/blog.saocamilo-sp.br\/","logo":{"@type":"ImageObject","inLanguage":"pt-BR","@id":"https:\/\/blog.saocamilo-sp.br\/#\/schema\/logo\/image\/","url":"https:\/\/blog.saocamilo-sp.br\/wp-content\/uploads\/2021\/12\/cropped-vazio-logo-topo.png","contentUrl":"https:\/\/blog.saocamilo-sp.br\/wp-content\/uploads\/2021\/12\/cropped-vazio-logo-topo.png","width":320,"height":240,"caption":"Blog S\u00e3o Camilo"},"image":{"@id":"https:\/\/blog.saocamilo-sp.br\/#\/schema\/logo\/image\/"},"sameAs":["https:\/\/www.facebook.com\/saocamilosp","https:\/\/x.com\/saocamilosp","https:\/\/www.linkedin.com\/school\/centro-universit-rio-s-o-camilo\/"]},{"@type":"Person","@id":"https:\/\/blog.saocamilo-sp.br\/#\/schema\/person\/1a99645faaab0bb55105f817e866e19b","name":"Leandro Lafr\u00e1gola","image":{"@type":"ImageObject","inLanguage":"pt-BR","@id":"https:\/\/secure.gravatar.com\/avatar\/ec4232fb8d50d80f1c672353dc4c2876490e6a0a2a33d6572c0ba1fb78f115cf?s=96&d=mm&r=g","url":"https:\/\/secure.gravatar.com\/avatar\/ec4232fb8d50d80f1c672353dc4c2876490e6a0a2a33d6572c0ba1fb78f115cf?s=96&d=mm&r=g","contentUrl":"https:\/\/secure.gravatar.com\/avatar\/ec4232fb8d50d80f1c672353dc4c2876490e6a0a2a33d6572c0ba1fb78f115cf?s=96&d=mm&r=g","caption":"Leandro Lafr\u00e1gola"},"url":"https:\/\/blog.saocamilo-sp.br\/index.php\/author\/llafragola\/"}]}},"_links":{"self":[{"href":"https:\/\/blog.saocamilo-sp.br\/index.php\/wp-json\/wp\/v2\/posts\/2882","targetHints":{"allow":["GET"]}}],"collection":[{"href":"https:\/\/blog.saocamilo-sp.br\/index.php\/wp-json\/wp\/v2\/posts"}],"about":[{"href":"https:\/\/blog.saocamilo-sp.br\/index.php\/wp-json\/wp\/v2\/types\/post"}],"author":[{"embeddable":true,"href":"https:\/\/blog.saocamilo-sp.br\/index.php\/wp-json\/wp\/v2\/users\/13"}],"replies":[{"embeddable":true,"href":"https:\/\/blog.saocamilo-sp.br\/index.php\/wp-json\/wp\/v2\/comments?post=2882"}],"version-history":[{"count":2,"href":"https:\/\/blog.saocamilo-sp.br\/index.php\/wp-json\/wp\/v2\/posts\/2882\/revisions"}],"predecessor-version":[{"id":3962,"href":"https:\/\/blog.saocamilo-sp.br\/index.php\/wp-json\/wp\/v2\/posts\/2882\/revisions\/3962"}],"wp:featuredmedia":[{"embeddable":true,"href":"https:\/\/blog.saocamilo-sp.br\/index.php\/wp-json\/wp\/v2\/media\/2883"}],"wp:attachment":[{"href":"https:\/\/blog.saocamilo-sp.br\/index.php\/wp-json\/wp\/v2\/media?parent=2882"}],"wp:term":[{"taxonomy":"category","embeddable":true,"href":"https:\/\/blog.saocamilo-sp.br\/index.php\/wp-json\/wp\/v2\/categories?post=2882"},{"taxonomy":"post_tag","embeddable":true,"href":"https:\/\/blog.saocamilo-sp.br\/index.php\/wp-json\/wp\/v2\/tags?post=2882"}],"curies":[{"name":"wp","href":"https:\/\/api.w.org\/{rel}","templated":true}]}}