{"id":2893,"date":"2024-09-24T09:39:04","date_gmt":"2024-09-24T12:39:04","guid":{"rendered":"https:\/\/blog.saocamilo-sp.br\/?p=2893"},"modified":"2024-10-01T12:54:19","modified_gmt":"2024-10-01T15:54:19","slug":"pos-graduacao","status":"publish","type":"post","link":"https:\/\/blog.saocamilo-sp.br\/index.php\/2024\/09\/24\/pos-graduacao\/","title":{"rendered":"Educa\u00e7\u00e3o sem fronteiras: estudante cursa p\u00f3s-gradua\u00e7\u00e3o EAD no Alasca"},"content":{"rendered":"\n<p>Voc\u00ea j\u00e1 imaginou fazer sua p\u00f3s-gradua\u00e7\u00e3o enquanto navega pelas paisagens deslumbrantes do Alasca? Para Beatriz, essa experi\u00eancia tornou-se realidade gra\u00e7as \u00e0 flexibilidade dos cursos de p\u00f3s-gradua\u00e7\u00e3o EAD do Centro Universit\u00e1rio S\u00e3o Camilo.<\/p>\n\n\n\n<figure class=\"wp-block-image size-large is-resized\"><img loading=\"lazy\" decoding=\"async\" width=\"1024\" height=\"576\" src=\"https:\/\/blog.saocamilo-sp.br\/wp-content\/uploads\/2024\/09\/Beatriz-dos-Santos-Ramos-RA-T217HA6-min-1024x576.png\" alt=\"\" class=\"wp-image-2897\" style=\"object-fit:cover;width:838px;height:auto\" srcset=\"https:\/\/blog.saocamilo-sp.br\/wp-content\/uploads\/2024\/09\/Beatriz-dos-Santos-Ramos-RA-T217HA6-min-1024x576.png 1024w, https:\/\/blog.saocamilo-sp.br\/wp-content\/uploads\/2024\/09\/Beatriz-dos-Santos-Ramos-RA-T217HA6-min-300x169.png 300w, https:\/\/blog.saocamilo-sp.br\/wp-content\/uploads\/2024\/09\/Beatriz-dos-Santos-Ramos-RA-T217HA6-min-768x432.png 768w, https:\/\/blog.saocamilo-sp.br\/wp-content\/uploads\/2024\/09\/Beatriz-dos-Santos-Ramos-RA-T217HA6-min-1536x864.png 1536w, https:\/\/blog.saocamilo-sp.br\/wp-content\/uploads\/2024\/09\/Beatriz-dos-Santos-Ramos-RA-T217HA6-min-600x338.png 600w, https:\/\/blog.saocamilo-sp.br\/wp-content\/uploads\/2024\/09\/Beatriz-dos-Santos-Ramos-RA-T217HA6-min-945x532.png 945w, https:\/\/blog.saocamilo-sp.br\/wp-content\/uploads\/2024\/09\/Beatriz-dos-Santos-Ramos-RA-T217HA6-min.png 1920w\" sizes=\"auto, (max-width: 1024px) 100vw, 1024px\" \/><\/figure>\n\n\n\n<p>Beatriz, formada em Biomedicina, sempre sonhou em continuar seus estudos ap\u00f3s a gradua\u00e7\u00e3o, mas encontrou dificuldades em equilibrar sua rotina de viagens com o hor\u00e1rio fixo das aulas presenciais. Quando decidiu se matricular na P\u00f3s-Gradua\u00e7\u00e3o em Auditoria e Compliance em Sa\u00fade, uma caracter\u00edstica do curso chamou sua aten\u00e7\u00e3o: a possibilidade de estudar onde e quando quisesse. Essa liberdade fez toda a diferen\u00e7a para ela.<\/p>\n\n\n\n<p>Em agosto de 2024, Beatriz embarcou em um cruzeiro rumo ao Alasca. Durante essa viagem, ela n\u00e3o apenas apreciou a beleza natural do local, mas tamb\u00e9m conseguiu continuar seus estudos de forma pr\u00e1tica e eficiente. &#8220;Foi incr\u00edvel poder estudar enquanto viajava&#8221;, conta Beatriz. &#8220;Eu consegui entregar todas as atividades programadas sem qualquer dificuldade, mesmo estando em alto mar.&#8221;<\/p>\n\n\n\n<p>Essa \u00e9 apenas uma das vantagens dos cursos de p\u00f3s-gradua\u00e7\u00e3o EAD da S\u00e3o Camilo. Com uma plataforma online intuitiva e de f\u00e1cil acesso, os alunos podem gerenciar seu tempo e compromissos pessoais sem comprometer a qualidade do aprendizado. Seja em casa, no trabalho, ou at\u00e9 mesmo em um cruzeiro, voc\u00ea est\u00e1 sempre conectado ao que h\u00e1 de melhor em educa\u00e7\u00e3o a dist\u00e2ncia.<\/p>\n\n\n\n<p>Al\u00e9m disso, a p\u00f3s-gradua\u00e7\u00e3o EAD da S\u00e3o Camilo oferece uma vasta gama de cursos, todos focados em \u00e1reas de grande demanda no mercado de trabalho. Para quem, como Beatriz, deseja ampliar sua carreira sem abrir m\u00e3o de sua liberdade, essa \u00e9 a escolha ideal.<\/p>\n\n\n\n<h3 class=\"wp-block-heading\">Flexibilidade e Qualidade no Ensino EAD<\/h3>\n\n\n\n<p>A experi\u00eancia de Beatriz mostra que, com os cursos de p\u00f3s-gradua\u00e7\u00e3o EAD do Centro Universit\u00e1rio S\u00e3o Camilo, voc\u00ea pode estudar onde quiser, a qualquer hora. O conte\u00fado \u00e9 oferecido de maneira pr\u00e1tica, com apoio constante de professores e tutores qualificados. Assim como ela conseguiu estudar no Alasca, voc\u00ea pode estudar de qualquer lugar, inclusive de casa.<\/p>\n\n\n\n<p>Invista no seu futuro com um curso de p\u00f3s-gradua\u00e7\u00e3o que oferece flexibilidade sem perder o rigor acad\u00eamico. Fa\u00e7a como Beatriz e escolha um curso EAD que acompanhe o seu ritmo de vida. Explore agora as op\u00e7\u00f5es de <a href=\"https:\/\/saocamilo-sp.br\/pos_graduacao\/lato_sensu_categorias\">p\u00f3s-g<\/a><a href=\"https:\/\/saocamilo-sp.br\/pos_graduacao\/lato_sensu_categorias\" target=\"_blank\" rel=\"noreferrer noopener\">radua\u00e7\u00e3o<\/a> oferecidas pelo Centro Universit\u00e1rio S\u00e3o Camilo e d\u00ea o pr\u00f3ximo passo na sua carreira.<\/p>\n\n\n\n<p>Veja mais:<\/p>\n\n\n\n<ul class=\"wp-block-list\">\n<li><a href=\"https:\/\/blog.saocamilo-sp.br\/index.php\/2024\/04\/12\/docentes-da-sao-camilo-sao-selecionados-para-o-programa-de-global-summer-da-upaep\/\">Capacita\u00e7\u00e3o ESG na P\u00f3s-gradua\u00e7\u00e3o S\u00e3o Camilo<\/a><\/li>\n\n\n\n<li><a href=\"https:\/\/blog.saocamilo-sp.br\/index.php\/2024\/02\/01\/oducal\/\">Pe. Jo\u00e3o Batista e Rayssa Rios s\u00e3o nomeados para a ODUCAL<\/a><\/li>\n\n\n\n<li><a href=\"https:\/\/blog.saocamilo-sp.br\/index.php\/2024\/04\/10\/parceria-entre-sao-camilo-e-onea-care-fomenta-oportunidades-profissionais-na-alemanha\/\">Parceri<\/a><a href=\"https:\/\/blog.saocamilo-sp.br\/index.php\/2024\/04\/10\/parceria-entre-sao-camilo-e-onea-care-fomenta-oportunidades-profissionais-na-alemanha\/\" target=\"_blank\" rel=\"noreferrer noopener\">a entre S\u00e3o Camilo e Onea Care&nbsp;fomenta oportunidades profissionais na Alemanha<\/a><\/li>\n<\/ul>\n\n\n\n<iframe loading=\"lazy\" src=\"https:\/\/saocamilo.apprbs.com.br\/tenho-interesse-blog\" height=\"530px\" width=\"100%\" frameborder=\"0\"><\/iframe>\n\n\n\n<p><\/p>\n","protected":false},"excerpt":{"rendered":"<p>Voc\u00ea j\u00e1 imaginou fazer sua p\u00f3s-gradua\u00e7\u00e3o enquanto navega pelas paisagens do Alasca? Para Beatriz, essa experi\u00eancia tornou-se realidade.<\/p>\n","protected":false},"author":4,"featured_media":2894,"comment_status":"open","ping_status":"open","sticky":false,"template":"","format":"standard","meta":{"cybocfi_hide_featured_image":"","footnotes":""},"categories":[1],"tags":[],"class_list":["post-2893","post","type-post","status-publish","format-standard","has-post-thumbnail","hentry","category-cursos"],"yoast_head":"<!-- This site is optimized with the Yoast SEO plugin v27.5 - https:\/\/yoast.com\/product\/yoast-seo-wordpress\/ -->\n<title>Educa\u00e7\u00e3o sem fronteiras: estudante cursa p\u00f3s-gradua\u00e7\u00e3o EAD no Alasca<\/title>\n<meta name=\"description\" content=\"Voc\u00ea j\u00e1 imaginou fazer sua p\u00f3s-gradua\u00e7\u00e3o enquanto navega pelas paisagens do Alasca? Para Beatriz, essa experi\u00eancia tornou-se realidade.\" \/>\n<meta name=\"robots\" content=\"index, follow, max-snippet:-1, max-image-preview:large, max-video-preview:-1\" \/>\n<link rel=\"canonical\" href=\"https:\/\/blog.saocamilo-sp.br\/index.php\/2024\/09\/24\/pos-graduacao\/\" \/>\n<meta property=\"og:locale\" content=\"pt_BR\" \/>\n<meta property=\"og:type\" content=\"article\" \/>\n<meta property=\"og:title\" content=\"Educa\u00e7\u00e3o sem fronteiras: estudante cursa p\u00f3s-gradua\u00e7\u00e3o EAD no Alasca\" \/>\n<meta property=\"og:description\" content=\"Voc\u00ea j\u00e1 imaginou fazer sua p\u00f3s-gradua\u00e7\u00e3o enquanto navega pelas paisagens do Alasca? Para Beatriz, essa experi\u00eancia tornou-se realidade.\" \/>\n<meta property=\"og:url\" content=\"https:\/\/blog.saocamilo-sp.br\/index.php\/2024\/09\/24\/pos-graduacao\/\" \/>\n<meta property=\"og:site_name\" content=\"Blog S\u00e3o Camilo\" \/>\n<meta property=\"article:publisher\" content=\"https:\/\/www.facebook.com\/saocamilosp\" \/>\n<meta property=\"article:published_time\" content=\"2024-09-24T12:39:04+00:00\" \/>\n<meta property=\"article:modified_time\" content=\"2024-10-01T15:54:19+00:00\" \/>\n<meta property=\"og:image\" content=\"https:\/\/blog.saocamilo-sp.br\/wp-content\/uploads\/2024\/09\/Blog-Setembro_Educacao-sem-fronteiras-topo-2-scaled.jpg\" \/>\n\t<meta property=\"og:image:width\" content=\"2560\" \/>\n\t<meta property=\"og:image:height\" content=\"1726\" \/>\n\t<meta property=\"og:image:type\" content=\"image\/jpeg\" \/>\n<meta name=\"author\" content=\"Lucas Soares Gon\u00e7alves\" \/>\n<meta name=\"twitter:card\" content=\"summary_large_image\" \/>\n<meta name=\"twitter:creator\" content=\"@saocamilosp\" \/>\n<meta name=\"twitter:site\" content=\"@saocamilosp\" \/>\n<meta name=\"twitter:label1\" content=\"Escrito por\" \/>\n\t<meta name=\"twitter:data1\" content=\"Lucas Soares Gon\u00e7alves\" \/>\n\t<meta name=\"twitter:label2\" content=\"Est. tempo de leitura\" \/>\n\t<meta name=\"twitter:data2\" content=\"3 minutos\" \/>\n<script type=\"application\/ld+json\" class=\"yoast-schema-graph\">{\"@context\":\"https:\\\/\\\/schema.org\",\"@graph\":[{\"@type\":\"Article\",\"@id\":\"https:\\\/\\\/blog.saocamilo-sp.br\\\/index.php\\\/2024\\\/09\\\/24\\\/pos-graduacao\\\/#article\",\"isPartOf\":{\"@id\":\"https:\\\/\\\/blog.saocamilo-sp.br\\\/index.php\\\/2024\\\/09\\\/24\\\/pos-graduacao\\\/\"},\"author\":{\"name\":\"Lucas Soares Gon\u00e7alves\",\"@id\":\"https:\\\/\\\/blog.saocamilo-sp.br\\\/#\\\/schema\\\/person\\\/781135418152912d4b58f2db13a2eaf0\"},\"headline\":\"Educa\u00e7\u00e3o sem fronteiras: estudante cursa p\u00f3s-gradua\u00e7\u00e3o EAD no Alasca\",\"datePublished\":\"2024-09-24T12:39:04+00:00\",\"dateModified\":\"2024-10-01T15:54:19+00:00\",\"mainEntityOfPage\":{\"@id\":\"https:\\\/\\\/blog.saocamilo-sp.br\\\/index.php\\\/2024\\\/09\\\/24\\\/pos-graduacao\\\/\"},\"wordCount\":471,\"commentCount\":0,\"publisher\":{\"@id\":\"https:\\\/\\\/blog.saocamilo-sp.br\\\/#organization\"},\"image\":{\"@id\":\"https:\\\/\\\/blog.saocamilo-sp.br\\\/index.php\\\/2024\\\/09\\\/24\\\/pos-graduacao\\\/#primaryimage\"},\"thumbnailUrl\":\"https:\\\/\\\/blog.saocamilo-sp.br\\\/wp-content\\\/uploads\\\/2024\\\/09\\\/Blog-Setembro_Educacao-sem-fronteiras-topo-2-scaled.jpg\",\"articleSection\":[\"Cursos\"],\"inLanguage\":\"pt-BR\",\"potentialAction\":[{\"@type\":\"CommentAction\",\"name\":\"Comment\",\"target\":[\"https:\\\/\\\/blog.saocamilo-sp.br\\\/index.php\\\/2024\\\/09\\\/24\\\/pos-graduacao\\\/#respond\"]}]},{\"@type\":\"WebPage\",\"@id\":\"https:\\\/\\\/blog.saocamilo-sp.br\\\/index.php\\\/2024\\\/09\\\/24\\\/pos-graduacao\\\/\",\"url\":\"https:\\\/\\\/blog.saocamilo-sp.br\\\/index.php\\\/2024\\\/09\\\/24\\\/pos-graduacao\\\/\",\"name\":\"Educa\u00e7\u00e3o sem fronteiras: estudante cursa p\u00f3s-gradua\u00e7\u00e3o EAD no Alasca\",\"isPartOf\":{\"@id\":\"https:\\\/\\\/blog.saocamilo-sp.br\\\/#website\"},\"primaryImageOfPage\":{\"@id\":\"https:\\\/\\\/blog.saocamilo-sp.br\\\/index.php\\\/2024\\\/09\\\/24\\\/pos-graduacao\\\/#primaryimage\"},\"image\":{\"@id\":\"https:\\\/\\\/blog.saocamilo-sp.br\\\/index.php\\\/2024\\\/09\\\/24\\\/pos-graduacao\\\/#primaryimage\"},\"thumbnailUrl\":\"https:\\\/\\\/blog.saocamilo-sp.br\\\/wp-content\\\/uploads\\\/2024\\\/09\\\/Blog-Setembro_Educacao-sem-fronteiras-topo-2-scaled.jpg\",\"datePublished\":\"2024-09-24T12:39:04+00:00\",\"dateModified\":\"2024-10-01T15:54:19+00:00\",\"description\":\"Voc\u00ea j\u00e1 imaginou fazer sua p\u00f3s-gradua\u00e7\u00e3o enquanto navega pelas paisagens do Alasca? Para Beatriz, essa experi\u00eancia tornou-se realidade.\",\"breadcrumb\":{\"@id\":\"https:\\\/\\\/blog.saocamilo-sp.br\\\/index.php\\\/2024\\\/09\\\/24\\\/pos-graduacao\\\/#breadcrumb\"},\"inLanguage\":\"pt-BR\",\"potentialAction\":[{\"@type\":\"ReadAction\",\"target\":[\"https:\\\/\\\/blog.saocamilo-sp.br\\\/index.php\\\/2024\\\/09\\\/24\\\/pos-graduacao\\\/\"]}]},{\"@type\":\"ImageObject\",\"inLanguage\":\"pt-BR\",\"@id\":\"https:\\\/\\\/blog.saocamilo-sp.br\\\/index.php\\\/2024\\\/09\\\/24\\\/pos-graduacao\\\/#primaryimage\",\"url\":\"https:\\\/\\\/blog.saocamilo-sp.br\\\/wp-content\\\/uploads\\\/2024\\\/09\\\/Blog-Setembro_Educacao-sem-fronteiras-topo-2-scaled.jpg\",\"contentUrl\":\"https:\\\/\\\/blog.saocamilo-sp.br\\\/wp-content\\\/uploads\\\/2024\\\/09\\\/Blog-Setembro_Educacao-sem-fronteiras-topo-2-scaled.jpg\",\"width\":2560,\"height\":1726},{\"@type\":\"BreadcrumbList\",\"@id\":\"https:\\\/\\\/blog.saocamilo-sp.br\\\/index.php\\\/2024\\\/09\\\/24\\\/pos-graduacao\\\/#breadcrumb\",\"itemListElement\":[{\"@type\":\"ListItem\",\"position\":1,\"name\":\"In\u00edcio\",\"item\":\"https:\\\/\\\/blog.saocamilo-sp.br\\\/\"},{\"@type\":\"ListItem\",\"position\":2,\"name\":\"Educa\u00e7\u00e3o sem fronteiras: estudante cursa p\u00f3s-gradua\u00e7\u00e3o EAD no Alasca\"}]},{\"@type\":\"WebSite\",\"@id\":\"https:\\\/\\\/blog.saocamilo-sp.br\\\/#website\",\"url\":\"https:\\\/\\\/blog.saocamilo-sp.br\\\/\",\"name\":\"Blog S\u00e3o Camilo\",\"description\":\"Blog do Centro Universit\u00e1rio S\u00e3o Camilo\",\"publisher\":{\"@id\":\"https:\\\/\\\/blog.saocamilo-sp.br\\\/#organization\"},\"potentialAction\":[{\"@type\":\"SearchAction\",\"target\":{\"@type\":\"EntryPoint\",\"urlTemplate\":\"https:\\\/\\\/blog.saocamilo-sp.br\\\/?s={search_term_string}\"},\"query-input\":{\"@type\":\"PropertyValueSpecification\",\"valueRequired\":true,\"valueName\":\"search_term_string\"}}],\"inLanguage\":\"pt-BR\"},{\"@type\":\"Organization\",\"@id\":\"https:\\\/\\\/blog.saocamilo-sp.br\\\/#organization\",\"name\":\"Blog S\u00e3o Camilo\",\"url\":\"https:\\\/\\\/blog.saocamilo-sp.br\\\/\",\"logo\":{\"@type\":\"ImageObject\",\"inLanguage\":\"pt-BR\",\"@id\":\"https:\\\/\\\/blog.saocamilo-sp.br\\\/#\\\/schema\\\/logo\\\/image\\\/\",\"url\":\"https:\\\/\\\/blog.saocamilo-sp.br\\\/wp-content\\\/uploads\\\/2021\\\/12\\\/cropped-vazio-logo-topo.png\",\"contentUrl\":\"https:\\\/\\\/blog.saocamilo-sp.br\\\/wp-content\\\/uploads\\\/2021\\\/12\\\/cropped-vazio-logo-topo.png\",\"width\":320,\"height\":240,\"caption\":\"Blog S\u00e3o Camilo\"},\"image\":{\"@id\":\"https:\\\/\\\/blog.saocamilo-sp.br\\\/#\\\/schema\\\/logo\\\/image\\\/\"},\"sameAs\":[\"https:\\\/\\\/www.facebook.com\\\/saocamilosp\",\"https:\\\/\\\/x.com\\\/saocamilosp\",\"https:\\\/\\\/www.linkedin.com\\\/school\\\/centro-universit-rio-s-o-camilo\\\/\"]},{\"@type\":\"Person\",\"@id\":\"https:\\\/\\\/blog.saocamilo-sp.br\\\/#\\\/schema\\\/person\\\/781135418152912d4b58f2db13a2eaf0\",\"name\":\"Lucas Soares Gon\u00e7alves\",\"image\":{\"@type\":\"ImageObject\",\"inLanguage\":\"pt-BR\",\"@id\":\"https:\\\/\\\/secure.gravatar.com\\\/avatar\\\/bcd2d703cbb48116eaac2cac8643792535238ff30b2d7ce9e16f9254ec9cae83?s=96&d=mm&r=g\",\"url\":\"https:\\\/\\\/secure.gravatar.com\\\/avatar\\\/bcd2d703cbb48116eaac2cac8643792535238ff30b2d7ce9e16f9254ec9cae83?s=96&d=mm&r=g\",\"contentUrl\":\"https:\\\/\\\/secure.gravatar.com\\\/avatar\\\/bcd2d703cbb48116eaac2cac8643792535238ff30b2d7ce9e16f9254ec9cae83?s=96&d=mm&r=g\",\"caption\":\"Lucas Soares Gon\u00e7alves\"},\"url\":\"https:\\\/\\\/blog.saocamilo-sp.br\\\/index.php\\\/author\\\/lucas-soares-goncalves\\\/\"}]}<\/script>\n<!-- \/ Yoast SEO plugin. -->","yoast_head_json":{"title":"Educa\u00e7\u00e3o sem fronteiras: estudante cursa p\u00f3s-gradua\u00e7\u00e3o EAD no Alasca","description":"Voc\u00ea j\u00e1 imaginou fazer sua p\u00f3s-gradua\u00e7\u00e3o enquanto navega pelas paisagens do Alasca? Para Beatriz, essa experi\u00eancia tornou-se realidade.","robots":{"index":"index","follow":"follow","max-snippet":"max-snippet:-1","max-image-preview":"max-image-preview:large","max-video-preview":"max-video-preview:-1"},"canonical":"https:\/\/blog.saocamilo-sp.br\/index.php\/2024\/09\/24\/pos-graduacao\/","og_locale":"pt_BR","og_type":"article","og_title":"Educa\u00e7\u00e3o sem fronteiras: estudante cursa p\u00f3s-gradua\u00e7\u00e3o EAD no Alasca","og_description":"Voc\u00ea j\u00e1 imaginou fazer sua p\u00f3s-gradua\u00e7\u00e3o enquanto navega pelas paisagens do Alasca? Para Beatriz, essa experi\u00eancia tornou-se realidade.","og_url":"https:\/\/blog.saocamilo-sp.br\/index.php\/2024\/09\/24\/pos-graduacao\/","og_site_name":"Blog S\u00e3o Camilo","article_publisher":"https:\/\/www.facebook.com\/saocamilosp","article_published_time":"2024-09-24T12:39:04+00:00","article_modified_time":"2024-10-01T15:54:19+00:00","og_image":[{"width":2560,"height":1726,"url":"https:\/\/blog.saocamilo-sp.br\/wp-content\/uploads\/2024\/09\/Blog-Setembro_Educacao-sem-fronteiras-topo-2-scaled.jpg","type":"image\/jpeg"}],"author":"Lucas Soares Gon\u00e7alves","twitter_card":"summary_large_image","twitter_creator":"@saocamilosp","twitter_site":"@saocamilosp","twitter_misc":{"Escrito por":"Lucas Soares Gon\u00e7alves","Est. tempo de leitura":"3 minutos"},"schema":{"@context":"https:\/\/schema.org","@graph":[{"@type":"Article","@id":"https:\/\/blog.saocamilo-sp.br\/index.php\/2024\/09\/24\/pos-graduacao\/#article","isPartOf":{"@id":"https:\/\/blog.saocamilo-sp.br\/index.php\/2024\/09\/24\/pos-graduacao\/"},"author":{"name":"Lucas Soares Gon\u00e7alves","@id":"https:\/\/blog.saocamilo-sp.br\/#\/schema\/person\/781135418152912d4b58f2db13a2eaf0"},"headline":"Educa\u00e7\u00e3o sem fronteiras: estudante cursa p\u00f3s-gradua\u00e7\u00e3o EAD no Alasca","datePublished":"2024-09-24T12:39:04+00:00","dateModified":"2024-10-01T15:54:19+00:00","mainEntityOfPage":{"@id":"https:\/\/blog.saocamilo-sp.br\/index.php\/2024\/09\/24\/pos-graduacao\/"},"wordCount":471,"commentCount":0,"publisher":{"@id":"https:\/\/blog.saocamilo-sp.br\/#organization"},"image":{"@id":"https:\/\/blog.saocamilo-sp.br\/index.php\/2024\/09\/24\/pos-graduacao\/#primaryimage"},"thumbnailUrl":"https:\/\/blog.saocamilo-sp.br\/wp-content\/uploads\/2024\/09\/Blog-Setembro_Educacao-sem-fronteiras-topo-2-scaled.jpg","articleSection":["Cursos"],"inLanguage":"pt-BR","potentialAction":[{"@type":"CommentAction","name":"Comment","target":["https:\/\/blog.saocamilo-sp.br\/index.php\/2024\/09\/24\/pos-graduacao\/#respond"]}]},{"@type":"WebPage","@id":"https:\/\/blog.saocamilo-sp.br\/index.php\/2024\/09\/24\/pos-graduacao\/","url":"https:\/\/blog.saocamilo-sp.br\/index.php\/2024\/09\/24\/pos-graduacao\/","name":"Educa\u00e7\u00e3o sem fronteiras: estudante cursa p\u00f3s-gradua\u00e7\u00e3o EAD no Alasca","isPartOf":{"@id":"https:\/\/blog.saocamilo-sp.br\/#website"},"primaryImageOfPage":{"@id":"https:\/\/blog.saocamilo-sp.br\/index.php\/2024\/09\/24\/pos-graduacao\/#primaryimage"},"image":{"@id":"https:\/\/blog.saocamilo-sp.br\/index.php\/2024\/09\/24\/pos-graduacao\/#primaryimage"},"thumbnailUrl":"https:\/\/blog.saocamilo-sp.br\/wp-content\/uploads\/2024\/09\/Blog-Setembro_Educacao-sem-fronteiras-topo-2-scaled.jpg","datePublished":"2024-09-24T12:39:04+00:00","dateModified":"2024-10-01T15:54:19+00:00","description":"Voc\u00ea j\u00e1 imaginou fazer sua p\u00f3s-gradua\u00e7\u00e3o enquanto navega pelas paisagens do Alasca? Para Beatriz, essa experi\u00eancia tornou-se realidade.","breadcrumb":{"@id":"https:\/\/blog.saocamilo-sp.br\/index.php\/2024\/09\/24\/pos-graduacao\/#breadcrumb"},"inLanguage":"pt-BR","potentialAction":[{"@type":"ReadAction","target":["https:\/\/blog.saocamilo-sp.br\/index.php\/2024\/09\/24\/pos-graduacao\/"]}]},{"@type":"ImageObject","inLanguage":"pt-BR","@id":"https:\/\/blog.saocamilo-sp.br\/index.php\/2024\/09\/24\/pos-graduacao\/#primaryimage","url":"https:\/\/blog.saocamilo-sp.br\/wp-content\/uploads\/2024\/09\/Blog-Setembro_Educacao-sem-fronteiras-topo-2-scaled.jpg","contentUrl":"https:\/\/blog.saocamilo-sp.br\/wp-content\/uploads\/2024\/09\/Blog-Setembro_Educacao-sem-fronteiras-topo-2-scaled.jpg","width":2560,"height":1726},{"@type":"BreadcrumbList","@id":"https:\/\/blog.saocamilo-sp.br\/index.php\/2024\/09\/24\/pos-graduacao\/#breadcrumb","itemListElement":[{"@type":"ListItem","position":1,"name":"In\u00edcio","item":"https:\/\/blog.saocamilo-sp.br\/"},{"@type":"ListItem","position":2,"name":"Educa\u00e7\u00e3o sem fronteiras: estudante cursa p\u00f3s-gradua\u00e7\u00e3o EAD no Alasca"}]},{"@type":"WebSite","@id":"https:\/\/blog.saocamilo-sp.br\/#website","url":"https:\/\/blog.saocamilo-sp.br\/","name":"Blog S\u00e3o Camilo","description":"Blog do Centro Universit\u00e1rio S\u00e3o Camilo","publisher":{"@id":"https:\/\/blog.saocamilo-sp.br\/#organization"},"potentialAction":[{"@type":"SearchAction","target":{"@type":"EntryPoint","urlTemplate":"https:\/\/blog.saocamilo-sp.br\/?s={search_term_string}"},"query-input":{"@type":"PropertyValueSpecification","valueRequired":true,"valueName":"search_term_string"}}],"inLanguage":"pt-BR"},{"@type":"Organization","@id":"https:\/\/blog.saocamilo-sp.br\/#organization","name":"Blog S\u00e3o Camilo","url":"https:\/\/blog.saocamilo-sp.br\/","logo":{"@type":"ImageObject","inLanguage":"pt-BR","@id":"https:\/\/blog.saocamilo-sp.br\/#\/schema\/logo\/image\/","url":"https:\/\/blog.saocamilo-sp.br\/wp-content\/uploads\/2021\/12\/cropped-vazio-logo-topo.png","contentUrl":"https:\/\/blog.saocamilo-sp.br\/wp-content\/uploads\/2021\/12\/cropped-vazio-logo-topo.png","width":320,"height":240,"caption":"Blog S\u00e3o Camilo"},"image":{"@id":"https:\/\/blog.saocamilo-sp.br\/#\/schema\/logo\/image\/"},"sameAs":["https:\/\/www.facebook.com\/saocamilosp","https:\/\/x.com\/saocamilosp","https:\/\/www.linkedin.com\/school\/centro-universit-rio-s-o-camilo\/"]},{"@type":"Person","@id":"https:\/\/blog.saocamilo-sp.br\/#\/schema\/person\/781135418152912d4b58f2db13a2eaf0","name":"Lucas Soares Gon\u00e7alves","image":{"@type":"ImageObject","inLanguage":"pt-BR","@id":"https:\/\/secure.gravatar.com\/avatar\/bcd2d703cbb48116eaac2cac8643792535238ff30b2d7ce9e16f9254ec9cae83?s=96&d=mm&r=g","url":"https:\/\/secure.gravatar.com\/avatar\/bcd2d703cbb48116eaac2cac8643792535238ff30b2d7ce9e16f9254ec9cae83?s=96&d=mm&r=g","contentUrl":"https:\/\/secure.gravatar.com\/avatar\/bcd2d703cbb48116eaac2cac8643792535238ff30b2d7ce9e16f9254ec9cae83?s=96&d=mm&r=g","caption":"Lucas Soares Gon\u00e7alves"},"url":"https:\/\/blog.saocamilo-sp.br\/index.php\/author\/lucas-soares-goncalves\/"}]}},"_links":{"self":[{"href":"https:\/\/blog.saocamilo-sp.br\/index.php\/wp-json\/wp\/v2\/posts\/2893","targetHints":{"allow":["GET"]}}],"collection":[{"href":"https:\/\/blog.saocamilo-sp.br\/index.php\/wp-json\/wp\/v2\/posts"}],"about":[{"href":"https:\/\/blog.saocamilo-sp.br\/index.php\/wp-json\/wp\/v2\/types\/post"}],"author":[{"embeddable":true,"href":"https:\/\/blog.saocamilo-sp.br\/index.php\/wp-json\/wp\/v2\/users\/4"}],"replies":[{"embeddable":true,"href":"https:\/\/blog.saocamilo-sp.br\/index.php\/wp-json\/wp\/v2\/comments?post=2893"}],"version-history":[{"count":4,"href":"https:\/\/blog.saocamilo-sp.br\/index.php\/wp-json\/wp\/v2\/posts\/2893\/revisions"}],"predecessor-version":[{"id":3038,"href":"https:\/\/blog.saocamilo-sp.br\/index.php\/wp-json\/wp\/v2\/posts\/2893\/revisions\/3038"}],"wp:featuredmedia":[{"embeddable":true,"href":"https:\/\/blog.saocamilo-sp.br\/index.php\/wp-json\/wp\/v2\/media\/2894"}],"wp:attachment":[{"href":"https:\/\/blog.saocamilo-sp.br\/index.php\/wp-json\/wp\/v2\/media?parent=2893"}],"wp:term":[{"taxonomy":"category","embeddable":true,"href":"https:\/\/blog.saocamilo-sp.br\/index.php\/wp-json\/wp\/v2\/categories?post=2893"},{"taxonomy":"post_tag","embeddable":true,"href":"https:\/\/blog.saocamilo-sp.br\/index.php\/wp-json\/wp\/v2\/tags?post=2893"}],"curies":[{"name":"wp","href":"https:\/\/api.w.org\/{rel}","templated":true}]}}