{"id":2907,"date":"2024-09-20T18:33:13","date_gmt":"2024-09-20T21:33:13","guid":{"rendered":"https:\/\/blog.saocamilo-sp.br\/?p=2907"},"modified":"2024-09-20T18:33:30","modified_gmt":"2024-09-20T21:33:30","slug":"primavera-e-saude-respiratoria-confira-dicas-essenciais-para-enfrentar-a-temporada-das-alergias","status":"publish","type":"post","link":"https:\/\/blog.saocamilo-sp.br\/index.php\/2024\/09\/20\/primavera-e-saude-respiratoria-confira-dicas-essenciais-para-enfrentar-a-temporada-das-alergias\/","title":{"rendered":"Primavera e sa\u00fade respirat\u00f3ria : como enfrentar a temporada das alergias?"},"content":{"rendered":"\n<p>Com a chegada da primavera, a quantidade de p\u00f3len liberada por flores, \u00e1rvores e gram\u00edneas aumenta consideravelmente. Esse p\u00f3len \u00e9 um al\u00e9rgeno potente, especialmente em dias de vento, quando sua concentra\u00e7\u00e3o no ar se eleva, causando sintomas como espirros, congest\u00e3o nasal, coceira nos olhos e irrita\u00e7\u00e3o na garganta.<\/p>\n\n\n\n<h3 class=\"wp-block-heading\">Como se prevenir das alergias na primavera<\/h3>\n\n\n\n<p>Para reduzir o impacto das alergias nesta esta\u00e7\u00e3o, siga essas dicas de preven\u00e7\u00e3o:<\/p>\n\n\n\n<ol start=\"1\" class=\"wp-block-list\">\n<li><strong>Evite o ac\u00famulo de p\u00f3len em casa<\/strong>: Mantenha as janelas fechadas nos dias de alta concentra\u00e7\u00e3o de p\u00f3len, para evitar sua entrada nos ambientes internos.<\/li>\n\n\n\n<li><strong>Limpe regularmente tapetes, cortinas e superf\u00edcies<\/strong>: poeira e p\u00f3len podem se acumular em tecidos e superf\u00edcies. Limpezas frequentes ajudam a evitar a dispers\u00e3o desses al\u00e9rgenos.<\/li>\n\n\n\n<li><strong>Use m\u00e1scaras ao realizar a faxina<\/strong>: ao limpar a casa, use m\u00e1scaras de prote\u00e7\u00e3o para evitar a inala\u00e7\u00e3o de poeira e p\u00f3len que se espalham durante a atividade.<\/li>\n\n\n\n<li><strong>Use purificadores de ar com filtros HEPA (High Efficiency Particulate Arrestance)<\/strong>: esses filtros s\u00e3o eficazes para remover part\u00edculas finas como p\u00f3len e \u00e1caros, melhorando a qualidade do ar em ambientes fechados.<\/li>\n\n\n\n<li><strong>Evite atividades ao ar livre nos hor\u00e1rios cr\u00edticos<\/strong>: o n\u00edvel de p\u00f3len \u00e9 mais baixo nas primeiras horas da manh\u00e3 e no final da tarde, tornando esses per\u00edodos mais seguros para atividades ao ar livre.<\/li>\n<\/ol>\n\n\n\n<p><\/p>\n\n\n\n<h3 class=\"wp-block-heading\">Como aliviar os sintomas das alergias<\/h3>\n\n\n\n<p>Caso os sintomas de alergia j\u00e1 tenham se manifestado, algumas medidas podem ajudar a alivi\u00e1-los:<\/p>\n\n\n\n<ol start=\"1\" class=\"wp-block-list\">\n<li><strong>Fa\u00e7a lavagem nasal com soro fisiol\u00f3gico<\/strong>: Essa pr\u00e1tica remove o p\u00f3len e outros al\u00e9rgenos que se acumulam nas vias a\u00e9reas, ajudando a aliviar a congest\u00e3o e outros sintomas respirat\u00f3rios.<\/li>\n\n\n\n<li><strong>Beba bastante \u00e1gua<\/strong>: Manter-se hidratado \u00e9 fundamental para manter as vias respirat\u00f3rias \u00famidas e facilitar a expectora\u00e7\u00e3o de muco, o que ajuda a reduzir o desconforto.<\/li>\n\n\n\n<li><strong>Utilize umidificadores de ar<\/strong>: Umidificar o ambiente pode ajudar a reduzir a secura nasal, especialmente em locais com baixa umidade, aliviando a irrita\u00e7\u00e3o.<\/li>\n\n\n\n<li><strong>Troque de roupa ao chegar em casa<\/strong>: O p\u00f3len pode aderir \u00e0s roupas, por isso trocar ao chegar em casa evita que o al\u00e9rgeno se espalhe dentro de sua resid\u00eancia.<\/li>\n<\/ol>\n\n\n\n<p>\u00c9 importante lembrar que, em casos de sintomas persistentes ou intensos, \u00e9 fundamental <strong>procurar um m\u00e9dico especialista<\/strong>. O alergista pode realizar testes espec\u00edficos e recomendar o tratamento mais adequado, garantindo que os sintomas sejam controlados de forma eficaz e segura.<br><br>Veja mais:<\/p>\n\n\n\n<ul class=\"wp-block-list\">\n<li><a href=\"https:\/\/blog.saocamilo-sp.br\/index.php\/2024\/04\/12\/docentes-da-sao-camilo-sao-selecionados-para-o-programa-de-global-summer-da-upaep\/\">Colesterol bom e ruim precisa estar equilibrado para sua sa\u00fade<\/a><\/li>\n\n\n\n<li><a href=\"https:\/\/blog.saocamilo-sp.br\/index.php\/2024\/02\/01\/oducal\/\">Higiene das m\u00e3os: os 12 passos e os benef\u00edcios para a sa\u00fade p\u00fablica<\/a><\/li>\n\n\n\n<li><a href=\"https:\/\/blog.saocamilo-sp.br\/index.php\/2024\/04\/10\/parceria-entre-sao-camilo-e-onea-care-fomenta-oportunidades-profissionais-na-alemanha\/\">Parceri<\/a><a href=\"https:\/\/blog.saocamilo-sp.br\/index.php\/2024\/04\/10\/parceria-entre-sao-camilo-e-onea-care-fomenta-oportunidades-profissionais-na-alemanha\/\" target=\"_blank\" rel=\"noreferrer noopener\">a entre S\u00e3o Camilo e Onea Care&nbsp;fomenta oportunidades profissionais na Alemanha<\/a><\/li>\n<\/ul>\n\n\n\n<iframe loading=\"lazy\" src=\"https:\/\/saocamilo.apprbs.com.br\/tenho-interesse-blog\" height=\"530px\" width=\"100%\" frameborder=\"0\"><\/iframe>\n","protected":false},"excerpt":{"rendered":"<p>Durante a primavera, o aumento de p\u00f3len e outros al\u00e9rgenos no ar agrava os sintomas de alergias, como espirros, coriza, e congest\u00e3o nasal.<\/p>\n","protected":false},"author":11,"featured_media":2945,"comment_status":"open","ping_status":"open","sticky":false,"template":"","format":"standard","meta":{"cybocfi_hide_featured_image":"","footnotes":""},"categories":[1],"tags":[],"class_list":["post-2907","post","type-post","status-publish","format-standard","has-post-thumbnail","hentry","category-cursos"],"yoast_head":"<!-- This site is optimized with the Yoast SEO plugin v27.5 - https:\/\/yoast.com\/product\/yoast-seo-wordpress\/ -->\n<title>Primavera e sa\u00fade respirat\u00f3ria : como enfrentar a temporada das alergias? - Blog S\u00e3o Camilo<\/title>\n<meta name=\"description\" content=\"Durante a primavera, o aumento de p\u00f3len e outros al\u00e9rgenos no ar agrava os sintomas de alergias, como espirros, coriza, e congest\u00e3o nasal.\" \/>\n<meta name=\"robots\" content=\"index, follow, max-snippet:-1, max-image-preview:large, max-video-preview:-1\" \/>\n<link rel=\"canonical\" href=\"https:\/\/blog.saocamilo-sp.br\/index.php\/2024\/09\/20\/primavera-e-saude-respiratoria-confira-dicas-essenciais-para-enfrentar-a-temporada-das-alergias\/\" \/>\n<meta property=\"og:locale\" content=\"pt_BR\" \/>\n<meta property=\"og:type\" content=\"article\" \/>\n<meta property=\"og:title\" content=\"Primavera e sa\u00fade respirat\u00f3ria : como enfrentar a temporada das alergias? - Blog S\u00e3o Camilo\" \/>\n<meta property=\"og:description\" content=\"Durante a primavera, o aumento de p\u00f3len e outros al\u00e9rgenos no ar agrava os sintomas de alergias, como espirros, coriza, e congest\u00e3o nasal.\" \/>\n<meta property=\"og:url\" content=\"https:\/\/blog.saocamilo-sp.br\/index.php\/2024\/09\/20\/primavera-e-saude-respiratoria-confira-dicas-essenciais-para-enfrentar-a-temporada-das-alergias\/\" \/>\n<meta property=\"og:site_name\" content=\"Blog S\u00e3o Camilo\" \/>\n<meta property=\"article:publisher\" content=\"https:\/\/www.facebook.com\/saocamilosp\" \/>\n<meta property=\"article:published_time\" content=\"2024-09-20T21:33:13+00:00\" \/>\n<meta property=\"article:modified_time\" content=\"2024-09-20T21:33:30+00:00\" \/>\n<meta property=\"og:image\" content=\"https:\/\/blog.saocamilo-sp.br\/wp-content\/uploads\/2024\/09\/Blog-Setembro_primavera-topo-1-1-scaled.jpg\" \/>\n\t<meta property=\"og:image:width\" content=\"2560\" \/>\n\t<meta property=\"og:image:height\" content=\"1726\" \/>\n\t<meta property=\"og:image:type\" content=\"image\/jpeg\" \/>\n<meta name=\"author\" content=\"Christopher Oliveira dos Reis\" \/>\n<meta name=\"twitter:card\" content=\"summary_large_image\" \/>\n<meta name=\"twitter:creator\" content=\"@saocamilosp\" \/>\n<meta name=\"twitter:site\" content=\"@saocamilosp\" \/>\n<meta name=\"twitter:label1\" content=\"Escrito por\" \/>\n\t<meta name=\"twitter:data1\" content=\"Christopher Oliveira dos Reis\" \/>\n\t<meta name=\"twitter:label2\" content=\"Est. tempo de leitura\" \/>\n\t<meta name=\"twitter:data2\" content=\"3 minutos\" \/>\n<script type=\"application\/ld+json\" class=\"yoast-schema-graph\">{\"@context\":\"https:\\\/\\\/schema.org\",\"@graph\":[{\"@type\":\"Article\",\"@id\":\"https:\\\/\\\/blog.saocamilo-sp.br\\\/index.php\\\/2024\\\/09\\\/20\\\/primavera-e-saude-respiratoria-confira-dicas-essenciais-para-enfrentar-a-temporada-das-alergias\\\/#article\",\"isPartOf\":{\"@id\":\"https:\\\/\\\/blog.saocamilo-sp.br\\\/index.php\\\/2024\\\/09\\\/20\\\/primavera-e-saude-respiratoria-confira-dicas-essenciais-para-enfrentar-a-temporada-das-alergias\\\/\"},\"author\":{\"name\":\"Christopher Oliveira dos Reis\",\"@id\":\"https:\\\/\\\/blog.saocamilo-sp.br\\\/#\\\/schema\\\/person\\\/7dce5f342af0848eb2f06778b2737904\"},\"headline\":\"Primavera e sa\u00fade respirat\u00f3ria : como enfrentar a temporada das alergias?\",\"datePublished\":\"2024-09-20T21:33:13+00:00\",\"dateModified\":\"2024-09-20T21:33:30+00:00\",\"mainEntityOfPage\":{\"@id\":\"https:\\\/\\\/blog.saocamilo-sp.br\\\/index.php\\\/2024\\\/09\\\/20\\\/primavera-e-saude-respiratoria-confira-dicas-essenciais-para-enfrentar-a-temporada-das-alergias\\\/\"},\"wordCount\":480,\"commentCount\":0,\"publisher\":{\"@id\":\"https:\\\/\\\/blog.saocamilo-sp.br\\\/#organization\"},\"image\":{\"@id\":\"https:\\\/\\\/blog.saocamilo-sp.br\\\/index.php\\\/2024\\\/09\\\/20\\\/primavera-e-saude-respiratoria-confira-dicas-essenciais-para-enfrentar-a-temporada-das-alergias\\\/#primaryimage\"},\"thumbnailUrl\":\"https:\\\/\\\/blog.saocamilo-sp.br\\\/wp-content\\\/uploads\\\/2024\\\/09\\\/Blog-Setembro_primavera-topo-1-1-scaled.jpg\",\"articleSection\":[\"Cursos\"],\"inLanguage\":\"pt-BR\",\"potentialAction\":[{\"@type\":\"CommentAction\",\"name\":\"Comment\",\"target\":[\"https:\\\/\\\/blog.saocamilo-sp.br\\\/index.php\\\/2024\\\/09\\\/20\\\/primavera-e-saude-respiratoria-confira-dicas-essenciais-para-enfrentar-a-temporada-das-alergias\\\/#respond\"]}]},{\"@type\":\"WebPage\",\"@id\":\"https:\\\/\\\/blog.saocamilo-sp.br\\\/index.php\\\/2024\\\/09\\\/20\\\/primavera-e-saude-respiratoria-confira-dicas-essenciais-para-enfrentar-a-temporada-das-alergias\\\/\",\"url\":\"https:\\\/\\\/blog.saocamilo-sp.br\\\/index.php\\\/2024\\\/09\\\/20\\\/primavera-e-saude-respiratoria-confira-dicas-essenciais-para-enfrentar-a-temporada-das-alergias\\\/\",\"name\":\"Primavera e sa\u00fade respirat\u00f3ria : como enfrentar a temporada das alergias? - Blog S\u00e3o Camilo\",\"isPartOf\":{\"@id\":\"https:\\\/\\\/blog.saocamilo-sp.br\\\/#website\"},\"primaryImageOfPage\":{\"@id\":\"https:\\\/\\\/blog.saocamilo-sp.br\\\/index.php\\\/2024\\\/09\\\/20\\\/primavera-e-saude-respiratoria-confira-dicas-essenciais-para-enfrentar-a-temporada-das-alergias\\\/#primaryimage\"},\"image\":{\"@id\":\"https:\\\/\\\/blog.saocamilo-sp.br\\\/index.php\\\/2024\\\/09\\\/20\\\/primavera-e-saude-respiratoria-confira-dicas-essenciais-para-enfrentar-a-temporada-das-alergias\\\/#primaryimage\"},\"thumbnailUrl\":\"https:\\\/\\\/blog.saocamilo-sp.br\\\/wp-content\\\/uploads\\\/2024\\\/09\\\/Blog-Setembro_primavera-topo-1-1-scaled.jpg\",\"datePublished\":\"2024-09-20T21:33:13+00:00\",\"dateModified\":\"2024-09-20T21:33:30+00:00\",\"description\":\"Durante a primavera, o aumento de p\u00f3len e outros al\u00e9rgenos no ar agrava os sintomas de alergias, como espirros, coriza, e congest\u00e3o nasal.\",\"breadcrumb\":{\"@id\":\"https:\\\/\\\/blog.saocamilo-sp.br\\\/index.php\\\/2024\\\/09\\\/20\\\/primavera-e-saude-respiratoria-confira-dicas-essenciais-para-enfrentar-a-temporada-das-alergias\\\/#breadcrumb\"},\"inLanguage\":\"pt-BR\",\"potentialAction\":[{\"@type\":\"ReadAction\",\"target\":[\"https:\\\/\\\/blog.saocamilo-sp.br\\\/index.php\\\/2024\\\/09\\\/20\\\/primavera-e-saude-respiratoria-confira-dicas-essenciais-para-enfrentar-a-temporada-das-alergias\\\/\"]}]},{\"@type\":\"ImageObject\",\"inLanguage\":\"pt-BR\",\"@id\":\"https:\\\/\\\/blog.saocamilo-sp.br\\\/index.php\\\/2024\\\/09\\\/20\\\/primavera-e-saude-respiratoria-confira-dicas-essenciais-para-enfrentar-a-temporada-das-alergias\\\/#primaryimage\",\"url\":\"https:\\\/\\\/blog.saocamilo-sp.br\\\/wp-content\\\/uploads\\\/2024\\\/09\\\/Blog-Setembro_primavera-topo-1-1-scaled.jpg\",\"contentUrl\":\"https:\\\/\\\/blog.saocamilo-sp.br\\\/wp-content\\\/uploads\\\/2024\\\/09\\\/Blog-Setembro_primavera-topo-1-1-scaled.jpg\",\"width\":2560,\"height\":1726},{\"@type\":\"BreadcrumbList\",\"@id\":\"https:\\\/\\\/blog.saocamilo-sp.br\\\/index.php\\\/2024\\\/09\\\/20\\\/primavera-e-saude-respiratoria-confira-dicas-essenciais-para-enfrentar-a-temporada-das-alergias\\\/#breadcrumb\",\"itemListElement\":[{\"@type\":\"ListItem\",\"position\":1,\"name\":\"In\u00edcio\",\"item\":\"https:\\\/\\\/blog.saocamilo-sp.br\\\/\"},{\"@type\":\"ListItem\",\"position\":2,\"name\":\"Primavera e sa\u00fade respirat\u00f3ria : como enfrentar a temporada das alergias?\"}]},{\"@type\":\"WebSite\",\"@id\":\"https:\\\/\\\/blog.saocamilo-sp.br\\\/#website\",\"url\":\"https:\\\/\\\/blog.saocamilo-sp.br\\\/\",\"name\":\"Blog S\u00e3o Camilo\",\"description\":\"Blog do Centro Universit\u00e1rio S\u00e3o Camilo\",\"publisher\":{\"@id\":\"https:\\\/\\\/blog.saocamilo-sp.br\\\/#organization\"},\"potentialAction\":[{\"@type\":\"SearchAction\",\"target\":{\"@type\":\"EntryPoint\",\"urlTemplate\":\"https:\\\/\\\/blog.saocamilo-sp.br\\\/?s={search_term_string}\"},\"query-input\":{\"@type\":\"PropertyValueSpecification\",\"valueRequired\":true,\"valueName\":\"search_term_string\"}}],\"inLanguage\":\"pt-BR\"},{\"@type\":\"Organization\",\"@id\":\"https:\\\/\\\/blog.saocamilo-sp.br\\\/#organization\",\"name\":\"Blog S\u00e3o Camilo\",\"url\":\"https:\\\/\\\/blog.saocamilo-sp.br\\\/\",\"logo\":{\"@type\":\"ImageObject\",\"inLanguage\":\"pt-BR\",\"@id\":\"https:\\\/\\\/blog.saocamilo-sp.br\\\/#\\\/schema\\\/logo\\\/image\\\/\",\"url\":\"https:\\\/\\\/blog.saocamilo-sp.br\\\/wp-content\\\/uploads\\\/2021\\\/12\\\/cropped-vazio-logo-topo.png\",\"contentUrl\":\"https:\\\/\\\/blog.saocamilo-sp.br\\\/wp-content\\\/uploads\\\/2021\\\/12\\\/cropped-vazio-logo-topo.png\",\"width\":320,\"height\":240,\"caption\":\"Blog S\u00e3o Camilo\"},\"image\":{\"@id\":\"https:\\\/\\\/blog.saocamilo-sp.br\\\/#\\\/schema\\\/logo\\\/image\\\/\"},\"sameAs\":[\"https:\\\/\\\/www.facebook.com\\\/saocamilosp\",\"https:\\\/\\\/x.com\\\/saocamilosp\",\"https:\\\/\\\/www.linkedin.com\\\/school\\\/centro-universit-rio-s-o-camilo\\\/\"]},{\"@type\":\"Person\",\"@id\":\"https:\\\/\\\/blog.saocamilo-sp.br\\\/#\\\/schema\\\/person\\\/7dce5f342af0848eb2f06778b2737904\",\"name\":\"Christopher Oliveira dos Reis\",\"image\":{\"@type\":\"ImageObject\",\"inLanguage\":\"pt-BR\",\"@id\":\"https:\\\/\\\/secure.gravatar.com\\\/avatar\\\/b09a1361215d06f22999124838358b6855376e2b7287de883b723960b0c03f82?s=96&d=mm&r=g\",\"url\":\"https:\\\/\\\/secure.gravatar.com\\\/avatar\\\/b09a1361215d06f22999124838358b6855376e2b7287de883b723960b0c03f82?s=96&d=mm&r=g\",\"contentUrl\":\"https:\\\/\\\/secure.gravatar.com\\\/avatar\\\/b09a1361215d06f22999124838358b6855376e2b7287de883b723960b0c03f82?s=96&d=mm&r=g\",\"caption\":\"Christopher Oliveira dos Reis\"},\"url\":\"https:\\\/\\\/blog.saocamilo-sp.br\\\/index.php\\\/author\\\/christopher-reis\\\/\"}]}<\/script>\n<!-- \/ Yoast SEO plugin. -->","yoast_head_json":{"title":"Primavera e sa\u00fade respirat\u00f3ria : como enfrentar a temporada das alergias? - Blog S\u00e3o Camilo","description":"Durante a primavera, o aumento de p\u00f3len e outros al\u00e9rgenos no ar agrava os sintomas de alergias, como espirros, coriza, e congest\u00e3o nasal.","robots":{"index":"index","follow":"follow","max-snippet":"max-snippet:-1","max-image-preview":"max-image-preview:large","max-video-preview":"max-video-preview:-1"},"canonical":"https:\/\/blog.saocamilo-sp.br\/index.php\/2024\/09\/20\/primavera-e-saude-respiratoria-confira-dicas-essenciais-para-enfrentar-a-temporada-das-alergias\/","og_locale":"pt_BR","og_type":"article","og_title":"Primavera e sa\u00fade respirat\u00f3ria : como enfrentar a temporada das alergias? - Blog S\u00e3o Camilo","og_description":"Durante a primavera, o aumento de p\u00f3len e outros al\u00e9rgenos no ar agrava os sintomas de alergias, como espirros, coriza, e congest\u00e3o nasal.","og_url":"https:\/\/blog.saocamilo-sp.br\/index.php\/2024\/09\/20\/primavera-e-saude-respiratoria-confira-dicas-essenciais-para-enfrentar-a-temporada-das-alergias\/","og_site_name":"Blog S\u00e3o Camilo","article_publisher":"https:\/\/www.facebook.com\/saocamilosp","article_published_time":"2024-09-20T21:33:13+00:00","article_modified_time":"2024-09-20T21:33:30+00:00","og_image":[{"width":2560,"height":1726,"url":"https:\/\/blog.saocamilo-sp.br\/wp-content\/uploads\/2024\/09\/Blog-Setembro_primavera-topo-1-1-scaled.jpg","type":"image\/jpeg"}],"author":"Christopher Oliveira dos Reis","twitter_card":"summary_large_image","twitter_creator":"@saocamilosp","twitter_site":"@saocamilosp","twitter_misc":{"Escrito por":"Christopher Oliveira dos Reis","Est. tempo de leitura":"3 minutos"},"schema":{"@context":"https:\/\/schema.org","@graph":[{"@type":"Article","@id":"https:\/\/blog.saocamilo-sp.br\/index.php\/2024\/09\/20\/primavera-e-saude-respiratoria-confira-dicas-essenciais-para-enfrentar-a-temporada-das-alergias\/#article","isPartOf":{"@id":"https:\/\/blog.saocamilo-sp.br\/index.php\/2024\/09\/20\/primavera-e-saude-respiratoria-confira-dicas-essenciais-para-enfrentar-a-temporada-das-alergias\/"},"author":{"name":"Christopher Oliveira dos Reis","@id":"https:\/\/blog.saocamilo-sp.br\/#\/schema\/person\/7dce5f342af0848eb2f06778b2737904"},"headline":"Primavera e sa\u00fade respirat\u00f3ria : como enfrentar a temporada das alergias?","datePublished":"2024-09-20T21:33:13+00:00","dateModified":"2024-09-20T21:33:30+00:00","mainEntityOfPage":{"@id":"https:\/\/blog.saocamilo-sp.br\/index.php\/2024\/09\/20\/primavera-e-saude-respiratoria-confira-dicas-essenciais-para-enfrentar-a-temporada-das-alergias\/"},"wordCount":480,"commentCount":0,"publisher":{"@id":"https:\/\/blog.saocamilo-sp.br\/#organization"},"image":{"@id":"https:\/\/blog.saocamilo-sp.br\/index.php\/2024\/09\/20\/primavera-e-saude-respiratoria-confira-dicas-essenciais-para-enfrentar-a-temporada-das-alergias\/#primaryimage"},"thumbnailUrl":"https:\/\/blog.saocamilo-sp.br\/wp-content\/uploads\/2024\/09\/Blog-Setembro_primavera-topo-1-1-scaled.jpg","articleSection":["Cursos"],"inLanguage":"pt-BR","potentialAction":[{"@type":"CommentAction","name":"Comment","target":["https:\/\/blog.saocamilo-sp.br\/index.php\/2024\/09\/20\/primavera-e-saude-respiratoria-confira-dicas-essenciais-para-enfrentar-a-temporada-das-alergias\/#respond"]}]},{"@type":"WebPage","@id":"https:\/\/blog.saocamilo-sp.br\/index.php\/2024\/09\/20\/primavera-e-saude-respiratoria-confira-dicas-essenciais-para-enfrentar-a-temporada-das-alergias\/","url":"https:\/\/blog.saocamilo-sp.br\/index.php\/2024\/09\/20\/primavera-e-saude-respiratoria-confira-dicas-essenciais-para-enfrentar-a-temporada-das-alergias\/","name":"Primavera e sa\u00fade respirat\u00f3ria : como enfrentar a temporada das alergias? - Blog S\u00e3o Camilo","isPartOf":{"@id":"https:\/\/blog.saocamilo-sp.br\/#website"},"primaryImageOfPage":{"@id":"https:\/\/blog.saocamilo-sp.br\/index.php\/2024\/09\/20\/primavera-e-saude-respiratoria-confira-dicas-essenciais-para-enfrentar-a-temporada-das-alergias\/#primaryimage"},"image":{"@id":"https:\/\/blog.saocamilo-sp.br\/index.php\/2024\/09\/20\/primavera-e-saude-respiratoria-confira-dicas-essenciais-para-enfrentar-a-temporada-das-alergias\/#primaryimage"},"thumbnailUrl":"https:\/\/blog.saocamilo-sp.br\/wp-content\/uploads\/2024\/09\/Blog-Setembro_primavera-topo-1-1-scaled.jpg","datePublished":"2024-09-20T21:33:13+00:00","dateModified":"2024-09-20T21:33:30+00:00","description":"Durante a primavera, o aumento de p\u00f3len e outros al\u00e9rgenos no ar agrava os sintomas de alergias, como espirros, coriza, e congest\u00e3o nasal.","breadcrumb":{"@id":"https:\/\/blog.saocamilo-sp.br\/index.php\/2024\/09\/20\/primavera-e-saude-respiratoria-confira-dicas-essenciais-para-enfrentar-a-temporada-das-alergias\/#breadcrumb"},"inLanguage":"pt-BR","potentialAction":[{"@type":"ReadAction","target":["https:\/\/blog.saocamilo-sp.br\/index.php\/2024\/09\/20\/primavera-e-saude-respiratoria-confira-dicas-essenciais-para-enfrentar-a-temporada-das-alergias\/"]}]},{"@type":"ImageObject","inLanguage":"pt-BR","@id":"https:\/\/blog.saocamilo-sp.br\/index.php\/2024\/09\/20\/primavera-e-saude-respiratoria-confira-dicas-essenciais-para-enfrentar-a-temporada-das-alergias\/#primaryimage","url":"https:\/\/blog.saocamilo-sp.br\/wp-content\/uploads\/2024\/09\/Blog-Setembro_primavera-topo-1-1-scaled.jpg","contentUrl":"https:\/\/blog.saocamilo-sp.br\/wp-content\/uploads\/2024\/09\/Blog-Setembro_primavera-topo-1-1-scaled.jpg","width":2560,"height":1726},{"@type":"BreadcrumbList","@id":"https:\/\/blog.saocamilo-sp.br\/index.php\/2024\/09\/20\/primavera-e-saude-respiratoria-confira-dicas-essenciais-para-enfrentar-a-temporada-das-alergias\/#breadcrumb","itemListElement":[{"@type":"ListItem","position":1,"name":"In\u00edcio","item":"https:\/\/blog.saocamilo-sp.br\/"},{"@type":"ListItem","position":2,"name":"Primavera e sa\u00fade respirat\u00f3ria : como enfrentar a temporada das alergias?"}]},{"@type":"WebSite","@id":"https:\/\/blog.saocamilo-sp.br\/#website","url":"https:\/\/blog.saocamilo-sp.br\/","name":"Blog S\u00e3o Camilo","description":"Blog do Centro Universit\u00e1rio S\u00e3o Camilo","publisher":{"@id":"https:\/\/blog.saocamilo-sp.br\/#organization"},"potentialAction":[{"@type":"SearchAction","target":{"@type":"EntryPoint","urlTemplate":"https:\/\/blog.saocamilo-sp.br\/?s={search_term_string}"},"query-input":{"@type":"PropertyValueSpecification","valueRequired":true,"valueName":"search_term_string"}}],"inLanguage":"pt-BR"},{"@type":"Organization","@id":"https:\/\/blog.saocamilo-sp.br\/#organization","name":"Blog S\u00e3o Camilo","url":"https:\/\/blog.saocamilo-sp.br\/","logo":{"@type":"ImageObject","inLanguage":"pt-BR","@id":"https:\/\/blog.saocamilo-sp.br\/#\/schema\/logo\/image\/","url":"https:\/\/blog.saocamilo-sp.br\/wp-content\/uploads\/2021\/12\/cropped-vazio-logo-topo.png","contentUrl":"https:\/\/blog.saocamilo-sp.br\/wp-content\/uploads\/2021\/12\/cropped-vazio-logo-topo.png","width":320,"height":240,"caption":"Blog S\u00e3o Camilo"},"image":{"@id":"https:\/\/blog.saocamilo-sp.br\/#\/schema\/logo\/image\/"},"sameAs":["https:\/\/www.facebook.com\/saocamilosp","https:\/\/x.com\/saocamilosp","https:\/\/www.linkedin.com\/school\/centro-universit-rio-s-o-camilo\/"]},{"@type":"Person","@id":"https:\/\/blog.saocamilo-sp.br\/#\/schema\/person\/7dce5f342af0848eb2f06778b2737904","name":"Christopher Oliveira dos Reis","image":{"@type":"ImageObject","inLanguage":"pt-BR","@id":"https:\/\/secure.gravatar.com\/avatar\/b09a1361215d06f22999124838358b6855376e2b7287de883b723960b0c03f82?s=96&d=mm&r=g","url":"https:\/\/secure.gravatar.com\/avatar\/b09a1361215d06f22999124838358b6855376e2b7287de883b723960b0c03f82?s=96&d=mm&r=g","contentUrl":"https:\/\/secure.gravatar.com\/avatar\/b09a1361215d06f22999124838358b6855376e2b7287de883b723960b0c03f82?s=96&d=mm&r=g","caption":"Christopher Oliveira dos Reis"},"url":"https:\/\/blog.saocamilo-sp.br\/index.php\/author\/christopher-reis\/"}]}},"_links":{"self":[{"href":"https:\/\/blog.saocamilo-sp.br\/index.php\/wp-json\/wp\/v2\/posts\/2907","targetHints":{"allow":["GET"]}}],"collection":[{"href":"https:\/\/blog.saocamilo-sp.br\/index.php\/wp-json\/wp\/v2\/posts"}],"about":[{"href":"https:\/\/blog.saocamilo-sp.br\/index.php\/wp-json\/wp\/v2\/types\/post"}],"author":[{"embeddable":true,"href":"https:\/\/blog.saocamilo-sp.br\/index.php\/wp-json\/wp\/v2\/users\/11"}],"replies":[{"embeddable":true,"href":"https:\/\/blog.saocamilo-sp.br\/index.php\/wp-json\/wp\/v2\/comments?post=2907"}],"version-history":[{"count":4,"href":"https:\/\/blog.saocamilo-sp.br\/index.php\/wp-json\/wp\/v2\/posts\/2907\/revisions"}],"predecessor-version":[{"id":2949,"href":"https:\/\/blog.saocamilo-sp.br\/index.php\/wp-json\/wp\/v2\/posts\/2907\/revisions\/2949"}],"wp:featuredmedia":[{"embeddable":true,"href":"https:\/\/blog.saocamilo-sp.br\/index.php\/wp-json\/wp\/v2\/media\/2945"}],"wp:attachment":[{"href":"https:\/\/blog.saocamilo-sp.br\/index.php\/wp-json\/wp\/v2\/media?parent=2907"}],"wp:term":[{"taxonomy":"category","embeddable":true,"href":"https:\/\/blog.saocamilo-sp.br\/index.php\/wp-json\/wp\/v2\/categories?post=2907"},{"taxonomy":"post_tag","embeddable":true,"href":"https:\/\/blog.saocamilo-sp.br\/index.php\/wp-json\/wp\/v2\/tags?post=2907"}],"curies":[{"name":"wp","href":"https:\/\/api.w.org\/{rel}","templated":true}]}}