{"id":2957,"date":"2024-09-27T16:44:59","date_gmt":"2024-09-27T19:44:59","guid":{"rendered":"https:\/\/blog.saocamilo-sp.br\/?p=2957"},"modified":"2024-09-27T17:26:01","modified_gmt":"2024-09-27T20:26:01","slug":"ipiranga-tradicao-historia-e-modernidade","status":"publish","type":"post","link":"https:\/\/blog.saocamilo-sp.br\/index.php\/2024\/09\/27\/ipiranga-tradicao-historia-e-modernidade\/","title":{"rendered":"Ipiranga: tradi\u00e7\u00e3o, hist\u00f3ria e modernidade"},"content":{"rendered":"\n<p>Em 27 de setembro, o bairro do Ipiranga, na zona sul de S\u00e3o Paulo, comemora 440 anos. Ele \u00e9 um dos locais mais emblem\u00e1ticos e significativos para a cidade e o pa\u00eds. Famoso por ser o ber\u00e7o da Independ\u00eancia do Brasil, o Ipiranga se destaca pela sua rica hist\u00f3ria, al\u00e9m de oferecer uma vida cultural e gastron\u00f4mica vibrante.<\/p>\n\n\n\n<h4 class=\"wp-block-heading\">Um Passeio pelo Tempo<\/h4>\n\n\n\n<p>O nome \u201cIpiranga\u201d vem do tupi-guarani e significa \u201crio vermelho\u201d, em refer\u00eancia ao riacho que corta o bairro. Esse local foi palco de um dos momentos mais importantes da hist\u00f3ria do Brasil: o Grito do Ipiranga, dado por Dom Pedro I em 7 de setembro de 1822, proclamando a Independ\u00eancia. Portanto, o Museu do Ipiranga, oficialmente chamado Museu Paulista, guarda essa mem\u00f3ria e atrai visitantes de todo o mundo.<\/p>\n\n\n\n<p><\/p>\n\n\n\n<h3 class=\"wp-block-heading\">Cultura e Lazer: Divers\u00e3o para Todos<\/h3>\n\n\n\n<p>O Ipiranga combina passado e presente de forma harm\u00f4nica. Confira alguns destaques do bairro que separamos.<\/p>\n\n\n\n<h3 class=\"wp-block-heading\">Museu do Ipiranga<\/h3>\n\n\n\n<p>O Museu do Ipiranga, tamb\u00e9m conhecido como Museu Paulista, \u00e9 um dos s\u00edmbolos mais importantes do bairro. Localizado no Parque da Independ\u00eancia, ele guarda a mem\u00f3ria do Grito do Ipiranga, momento decisivo na hist\u00f3ria do Brasil. O museu foi recentemente revitalizado e oferece exposi\u00e7\u00f5es interativas e acervo hist\u00f3rico que atrai visitantes de todo o mundo, sendo uma parada obrigat\u00f3ria para quem deseja mergulhar na hist\u00f3ria nacional.<\/p>\n\n\n\n<figure class=\"wp-block-image size-full is-resized\"><img loading=\"lazy\" decoding=\"async\" width=\"300\" height=\"188\" src=\"https:\/\/blog.saocamilo-sp.br\/wp-content\/uploads\/2024\/09\/Webysther_20190304150324_-_Parque_da_Independencia.jpg\" alt=\"\" class=\"wp-image-2966\" style=\"width:469px;height:auto\"\/><figcaption class=\"wp-element-caption\">                                Reprodu\u00e7\u00e3o Internet<\/figcaption><\/figure>\n\n\n\n<p><strong>Endere\u00e7o<\/strong>: Rua dos Patriotas, 100 &#8211; Ipiranga &#8211; S\u00e3o Paulo\/SP, CEP 04207-030 <br><strong>Funcionamento: <\/strong>de ter\u00e7a a domingo:10h \u00e0s 17h. \u00daltima entrada: 16h.<\/p>\n\n\n\n<h3 class=\"wp-block-heading\">Museu de Zoologia da USP<\/h3>\n\n\n\n<p>O Museu de Zoologia da USP, situado no cora\u00e7\u00e3o do Ipiranga, \u00e9 uma refer\u00eancia em pesquisa e divulga\u00e7\u00e3o cient\u00edfica. O museu abriga uma das maiores cole\u00e7\u00f5es de animais taxidermizados da Am\u00e9rica Latina, com esp\u00e9cies representativas da fauna brasileira e de outras partes do mundo. Al\u00e9m disso, ele oferece exposi\u00e7\u00f5es interativas e atividades educativas voltadas para todas as idades, promovendo o conhecimento sobre biodiversidade e a import\u00e2ncia da preserva\u00e7\u00e3o ambiental. \u00c9 um destino imperd\u00edvel para quem se interessa por ci\u00eancias naturais e quer explorar o mundo da zoologia.<\/p>\n\n\n\n<figure class=\"wp-block-image size-full is-resized\"><img loading=\"lazy\" decoding=\"async\" width=\"275\" height=\"183\" src=\"https:\/\/blog.saocamilo-sp.br\/wp-content\/uploads\/2024\/09\/museu-zoologia.jpg\" alt=\"\" class=\"wp-image-2967\" style=\"width:373px;height:auto\"\/><figcaption class=\"wp-element-caption\">                      Reprodu\u00e7\u00e3o Internet<\/figcaption><\/figure>\n\n\n\n<p><strong>Endere\u00e7o<\/strong>: Av. Nazar\u00e9, 481 &#8211; Ipiranga, S\u00e3o Paulo &#8211; SP, CEP 04263-00 <br><strong>Funcionamento:<\/strong> De ter\u00e7a a domingo: 10h as 17h<\/p>\n\n\n\n<p><\/p>\n\n\n\n<h3 class=\"wp-block-heading\">Museu Vicente de Azevedo<\/h3>\n\n\n\n<p>O Museu Vicente de Azevedo \u00e9 um dos patrim\u00f4nios culturais do bairro do Ipiranga. Inaugurado em 1958, o museu est\u00e1 localizado em um casar\u00e3o hist\u00f3rico e abriga um acervo que retrata a vida e a obra de Vicente de Azevedo, um importante filantropo paulistano. Al\u00e9m disso, o espa\u00e7o possui objetos de \u00e9poca e documentos que contam a hist\u00f3ria da cidade de S\u00e3o Paulo e das transforma\u00e7\u00f5es do bairro. \u00c9 um excelente ponto de visita para quem deseja conhecer mais sobre a hist\u00f3ria local e a trajet\u00f3ria desse personagem ilustre.<\/p>\n\n\n\n<figure class=\"wp-block-image size-full is-resized\"><img loading=\"lazy\" decoding=\"async\" width=\"1024\" height=\"538\" src=\"https:\/\/blog.saocamilo-sp.br\/wp-content\/uploads\/2024\/09\/Museu-Vicente-de-Azevedo.jpg\" alt=\"\" class=\"wp-image-2968\" style=\"width:466px;height:auto\" srcset=\"https:\/\/blog.saocamilo-sp.br\/wp-content\/uploads\/2024\/09\/Museu-Vicente-de-Azevedo.jpg 1024w, https:\/\/blog.saocamilo-sp.br\/wp-content\/uploads\/2024\/09\/Museu-Vicente-de-Azevedo-300x158.jpg 300w, https:\/\/blog.saocamilo-sp.br\/wp-content\/uploads\/2024\/09\/Museu-Vicente-de-Azevedo-768x404.jpg 768w, https:\/\/blog.saocamilo-sp.br\/wp-content\/uploads\/2024\/09\/Museu-Vicente-de-Azevedo-600x315.jpg 600w, https:\/\/blog.saocamilo-sp.br\/wp-content\/uploads\/2024\/09\/Museu-Vicente-de-Azevedo-945x496.jpg 945w\" sizes=\"auto, (max-width: 1024px) 100vw, 1024px\" \/><figcaption class=\"wp-element-caption\">                               Reprodu\u00e7\u00e3o Internet<\/figcaption><\/figure>\n\n\n\n<p><strong>Endere\u00e7o<\/strong>: Rua Dom Lu\u00eds Lasanha, 300 &#8211; Ipiranga, S\u00e3o Paulo &#8211; SP, 04266-030 <br><strong>Funcionamento: <\/strong>Segundas, quartas e sextas das 10h \u00e0s 15h e ter\u00e7as das 9h \u00e0s 17h.<\/p>\n\n\n\n<h3 class=\"wp-block-heading\">Sesc Ipiranga<\/h3>\n\n\n\n<p>O Sesc Ipiranga \u00e9 um importante centro cultural e esportivo do bairro. Com uma programa\u00e7\u00e3o variada, o espa\u00e7o oferece atividades que v\u00e3o desde espet\u00e1culos teatrais e shows musicais at\u00e9 oficinas de arte e exposi\u00e7\u00f5es. O Sesc tamb\u00e9m conta com uma infraestrutura moderna, incluindo academia, piscina e espa\u00e7os para pr\u00e1tica de esportes, al\u00e9m de uma biblioteca com vasto acervo. Dessa forma, o Sesc Ipiranga se destaca como um ponto de encontro para quem busca lazer, cultura e qualidade de vida no bairro.<\/p>\n\n\n\n<figure class=\"wp-block-image size-full is-resized\"><img loading=\"lazy\" decoding=\"async\" width=\"570\" height=\"300\" src=\"https:\/\/blog.saocamilo-sp.br\/wp-content\/uploads\/2024\/09\/sesc_ipiranga_fachada.jpg\" alt=\"\" class=\"wp-image-2969\" style=\"width:424px;height:auto\" srcset=\"https:\/\/blog.saocamilo-sp.br\/wp-content\/uploads\/2024\/09\/sesc_ipiranga_fachada.jpg 570w, https:\/\/blog.saocamilo-sp.br\/wp-content\/uploads\/2024\/09\/sesc_ipiranga_fachada-300x158.jpg 300w\" sizes=\"auto, (max-width: 570px) 100vw, 570px\" \/><figcaption class=\"wp-element-caption\">                           Reprodu\u00e7\u00e3o internet <\/figcaption><\/figure>\n\n\n\n<p><strong>Endere\u00e7o<\/strong>: R. Bom Pastor, 822 &#8211; Ipiranga, S\u00e3o Paulo &#8211; SP, 04203-001 <br><strong>Funcionamento: <\/strong>Ter\u00e7a a sexta das 7h \u00e0s 21h30, s\u00e1bados e domingos das 10 \u00e0s 18h:30<\/p>\n\n\n\n<h4 class=\"wp-block-heading\">Gastronomia: Sabores para Explorar<\/h4>\n\n\n\n<p>A gastronomia do Ipiranga \u00e9 diversificada, o que torna o bairro um ponto de encontro para quem busca sabores variados. O bairro conta com cantinas italianas tradicionais, bistr\u00f4s modernos e hamburguerias gourmet, restaurantes s\u00e3o pontos de refer\u00eancia, agradando tanto os moradores quanto os visitantes que desejam explorar a culin\u00e1ria local.<\/p>\n\n\n\n<h3 class=\"wp-block-heading\">Nico Pasta &amp; Basta<\/h3>\n\n\n\n<p>O Nico Pasta &amp; Basta \u00e9 o local ideal para quem busca uma experi\u00eancia gastron\u00f4mica sofisticada e cheia de sabor, tornando-se um dos preferidos dos amantes da boa cozinha italiana no bairro.<\/p>\n\n\n\n<figure class=\"wp-block-image size-full is-resized\"><img loading=\"lazy\" decoding=\"async\" width=\"275\" height=\"183\" src=\"https:\/\/blog.saocamilo-sp.br\/wp-content\/uploads\/2024\/09\/nico.jpg\" alt=\"\" class=\"wp-image-2970\" style=\"width:361px;height:auto\"\/><figcaption class=\"wp-element-caption\">                    Reprodu\u00e7\u00e3o internet <\/figcaption><\/figure>\n\n\n\n<p><strong>Endere\u00e7o<\/strong>: <strong>&nbsp;<\/strong>Rua Costa Aguiar, 1586 &#8211; Ipiranga, S\u00e3o Paulo &#8211; SP, 04204-001 <br><strong>Funcionamento:<\/strong> de ter\u00e7as a sextas das 12h \u00e0s 15h e das 18h30h \u00e0s 00h. S\u00e1bados das 12h \u00e0s 16h e das 18h30 \u00e0s 00h e domingos das 12h \u00e0s 16h.<\/p>\n\n\n\n<h3 class=\"wp-block-heading\">Hamb\u00farguer do Seu Oswaldo<\/h3>\n\n\n\n<p>A Hamb\u00farguer do Seu Oswaldo \u00e9 uma lanchonete ic\u00f4nica no Ipiranga, famosa por seus hamb\u00fargueres cl\u00e1ssicos e atendimento acolhedor. \u00c9 o destino perfeito para quem deseja um lanche saboroso e r\u00e1pido, em um ambiente familiar e descontra\u00eddo.<\/p>\n\n\n\n<figure class=\"wp-block-image size-full is-resized\"><img loading=\"lazy\" decoding=\"async\" width=\"259\" height=\"194\" src=\"https:\/\/blog.saocamilo-sp.br\/wp-content\/uploads\/2024\/09\/images-7.jpg\" alt=\"\" class=\"wp-image-2971\" style=\"width:356px;height:auto\"\/><figcaption class=\"wp-element-caption\">                     Reprodu\u00e7\u00e3o internet<\/figcaption><\/figure>\n\n\n\n<h4 class=\"wp-block-heading\"><\/h4>\n\n\n\n<p><strong>Endere\u00e7o<\/strong>: Rua. Bom Pastor, 1659 &#8211; Ipiranga, S\u00e3o Paulo &#8211; SP, 04203-052 <br><strong>Funcionamento:<\/strong> segunda a s\u00e1bado das 12h \u00e0s 22h<\/p>\n\n\n\n<h3 class=\"wp-block-heading\">Mercado Municipal do Ipiranga<\/h3>\n\n\n\n<p>O Mercado Municipal do Ipiranga \u00e9 um ponto gastron\u00f4mico vibrante, oferecendo uma variedade de produtos frescos, como frutas, verduras e carnes. Al\u00e9m disso, conta com bancas que vendem del\u00edcias regionais e internacionais, como queijos artesanais e pratos t\u00edpicos. Ideal para almo\u00e7os e lanches r\u00e1pidos, o mercado atrai moradores e turistas em busca de sabores \u00fanicos e ingredientes de qualidade.<\/p>\n\n\n\n<figure class=\"wp-block-image size-full is-resized\"><img loading=\"lazy\" decoding=\"async\" width=\"1024\" height=\"768\" src=\"https:\/\/blog.saocamilo-sp.br\/wp-content\/uploads\/2024\/09\/Mercado-Municipal-do-Ipiranga.jpg\" alt=\"\" class=\"wp-image-2972\" style=\"width:424px;height:auto\" srcset=\"https:\/\/blog.saocamilo-sp.br\/wp-content\/uploads\/2024\/09\/Mercado-Municipal-do-Ipiranga.jpg 1024w, https:\/\/blog.saocamilo-sp.br\/wp-content\/uploads\/2024\/09\/Mercado-Municipal-do-Ipiranga-300x225.jpg 300w, https:\/\/blog.saocamilo-sp.br\/wp-content\/uploads\/2024\/09\/Mercado-Municipal-do-Ipiranga-768x576.jpg 768w, https:\/\/blog.saocamilo-sp.br\/wp-content\/uploads\/2024\/09\/Mercado-Municipal-do-Ipiranga-600x450.jpg 600w, https:\/\/blog.saocamilo-sp.br\/wp-content\/uploads\/2024\/09\/Mercado-Municipal-do-Ipiranga-945x709.jpg 945w\" sizes=\"auto, (max-width: 1024px) 100vw, 1024px\" \/><figcaption class=\"wp-element-caption\">                          Reprodu\u00e7\u00e3o internet<\/figcaption><\/figure>\n\n\n\n<p><strong>Endere\u00e7o<\/strong>: Rua Silva Bueno, 2109 &#8211; Ipiranga<br><strong>Funcionamento:<\/strong>  ter\u00e7a \u00e0 s\u00e1bado: 8h \u00e0s 19h<br>Domingos e feriados: 8h \u00e0s 13h<\/p>\n\n\n\n<h3 class=\"wp-block-heading\">Quinkas Bar Ipiranga<\/h3>\n\n\n\n<p>O Quinkas Bar Ipiranga \u00e9 um animado bar e restaurante que combina boa comida com um ambiente descontra\u00eddo. Famoso por suas por\u00e7\u00f5es generosas e drinks criativos, o local \u00e9 ideal para happy hours e encontros com amigos<\/p>\n\n\n\n<figure class=\"wp-block-image size-large is-resized\"><img loading=\"lazy\" decoding=\"async\" width=\"1024\" height=\"1024\" src=\"https:\/\/blog.saocamilo-sp.br\/wp-content\/uploads\/2024\/09\/Quinkas-bar-Ipiranga-restaurant-Sao-Paulo_theworldkeys_1-1-1024x1024.webp\" alt=\"\" class=\"wp-image-2974\" style=\"width:333px;height:auto\" srcset=\"https:\/\/blog.saocamilo-sp.br\/wp-content\/uploads\/2024\/09\/Quinkas-bar-Ipiranga-restaurant-Sao-Paulo_theworldkeys_1-1-1024x1024.webp 1024w, https:\/\/blog.saocamilo-sp.br\/wp-content\/uploads\/2024\/09\/Quinkas-bar-Ipiranga-restaurant-Sao-Paulo_theworldkeys_1-1-300x300.webp 300w, https:\/\/blog.saocamilo-sp.br\/wp-content\/uploads\/2024\/09\/Quinkas-bar-Ipiranga-restaurant-Sao-Paulo_theworldkeys_1-1-150x150.webp 150w, https:\/\/blog.saocamilo-sp.br\/wp-content\/uploads\/2024\/09\/Quinkas-bar-Ipiranga-restaurant-Sao-Paulo_theworldkeys_1-1-768x768.webp 768w, https:\/\/blog.saocamilo-sp.br\/wp-content\/uploads\/2024\/09\/Quinkas-bar-Ipiranga-restaurant-Sao-Paulo_theworldkeys_1-1-600x600.webp 600w, https:\/\/blog.saocamilo-sp.br\/wp-content\/uploads\/2024\/09\/Quinkas-bar-Ipiranga-restaurant-Sao-Paulo_theworldkeys_1-1-945x945.webp 945w, https:\/\/blog.saocamilo-sp.br\/wp-content\/uploads\/2024\/09\/Quinkas-bar-Ipiranga-restaurant-Sao-Paulo_theworldkeys_1-1.webp 1500w\" sizes=\"auto, (max-width: 1024px) 100vw, 1024px\" \/><figcaption class=\"wp-element-caption\">                 Reprodu\u00e7\u00e3o internet<\/figcaption><\/figure>\n\n\n\n<p><strong>Endere\u00e7o:<\/strong> Rua Lord Cockrane, 625 &#8211; Ipiranga, S\u00e3o Paulo &#8211; SP, 04213-001                                               <strong>Funcionamento:<\/strong> quarta:17h \u00e0s 00h Quinta e sexta: 17h \u00e0s 01h S\u00e1bado: 12h \u00e0s 01h Domingo : 12h \u00e0s 22h<\/p>\n\n\n\n<h3 class=\"wp-block-heading\">Educa\u00e7\u00e3o e Sa\u00fade<\/h3>\n\n\n\n<p>O Ipiranga tamb\u00e9m se destaca na educa\u00e7\u00e3o e sa\u00fade, pois \u00e9 sede de importantes institui\u00e7\u00f5es de ensino e hospitais.<\/p>\n\n\n\n<h3 class=\"wp-block-heading\">Centro Universit\u00e1rio S\u00e3o Camilo Ipiranga<\/h3>\n\n\n\n<p>O <a href=\"https:\/\/saocamilo-sp.br\/\">Centro Universit\u00e1rio S\u00e3o Camilo<\/a> Ipiranga \u00e9 uma institui\u00e7\u00e3o renomada, focada na forma\u00e7\u00e3o de profissionais qualificados. Al\u00e9m de oferecer uma ampla gama de cursos nas \u00e1reas da sa\u00fade, educa\u00e7\u00e3o e ci\u00eancias humanas, a S\u00e3o Camilo tamb\u00e9m conta com Col\u00e9gio S\u00e3o Camilo, que prepara os alunos para atuar de forma pr\u00e1tica e eficiente no mercado de trabalho.<\/p>\n\n\n\n<figure class=\"wp-block-image size-full is-resized\"><img loading=\"lazy\" decoding=\"async\" width=\"300\" height=\"269\" src=\"https:\/\/blog.saocamilo-sp.br\/wp-content\/uploads\/2024\/09\/campus-ipiranga-300x269-1.jpg\" alt=\"\" class=\"wp-image-2976\" style=\"width:354px;height:auto\"\/><figcaption class=\"wp-element-caption\">                          Reprodu\u00e7\u00e3o internet<\/figcaption><\/figure>\n\n\n\n<p><strong>Endere\u00e7o:<\/strong> Av. Nazar\u00e9, 1501 &#8211; Ipiranga, S\u00e3o Paulo &#8211; SP, 04263-200v <br><strong>Funcionamento:<\/strong> Segundas a sextas das 7h \u00e0s 22h e S\u00e1bados das 7h \u00e0s 17h<\/p>\n\n\n\n<h3 class=\"wp-block-heading\">Cl\u00ednica-Escola PROMOVE<\/h3>\n\n\n\n<p>A <a href=\"https:\/\/saocamilo-sp.br\/institucional\/servicos_comunidade\/clnica_escola_promove\">Cl\u00ednica-Escola PROMOVE<\/a>, vinculada ao Centro Universit\u00e1rio S\u00e3o Camilo Ipiranga, oferece atendimento de qualidade \u00e0 comunidade e uma experi\u00eancia pr\u00e1tica valiosa para os alunos da \u00e1rea da sa\u00fade. A cl\u00ednica permite que os estudantes apliquem seus conhecimentos em um ambiente supervisionado, promovendo sa\u00fade e bem-estar. Al\u00e9m disso, a PROMOVE refor\u00e7a o compromisso social da institui\u00e7\u00e3o, atendendo \u00e0s necessidades da popula\u00e7\u00e3o e contribuindo para a forma\u00e7\u00e3o de profissionais competentes e engajados.<\/p>\n\n\n\n<figure class=\"wp-block-image size-full\"><img loading=\"lazy\" decoding=\"async\" width=\"300\" height=\"267\" src=\"https:\/\/blog.saocamilo-sp.br\/wp-content\/uploads\/2024\/09\/Clinica-Escola-Promove-300x267-1.jpg\" alt=\"\" class=\"wp-image-2986\"\/><figcaption class=\"wp-element-caption\">             Reprodu\u00e7\u00e3o internet<\/figcaption><\/figure>\n\n\n\n<p><strong>Endere\u00e7o<\/strong>: Rua. Eng. Ranulfo Pinheiro Lima, 200 &#8211; Ipiranga, S\u00e3o Paulo &#8211; SP, 04264-030 <a href=\"Funcionamento:\"> <\/a><br><strong>Funcionamento:<\/strong> Segundas as sextas das  7h \u00e0s 18h<\/p>\n\n\n\n<h3 class=\"wp-block-heading\">Col\u00e9gio S\u00e3o Camilo<\/h3>\n\n\n\n<p>O Col\u00e9gio S\u00e3o Camilo oferece cursos profissionalizantes como o tradicional curso T\u00e9cnico de Enfermagem e o curso T\u00e9cnico de Radiologia. Al\u00e9m disso ministra tamb\u00e9m cursos de extens\u00e3o e especializa\u00e7\u00e3o para t\u00e9cnicos. Possui uma infraestrutura completa e docentes atuante no mercado de trabalho.<\/p>\n\n\n\n<figure class=\"wp-block-image size-full is-resized\"><img loading=\"lazy\" decoding=\"async\" width=\"987\" height=\"793\" src=\"https:\/\/blog.saocamilo-sp.br\/wp-content\/uploads\/2024\/09\/Captura-de-tela-2024-09-27-172221.png\" alt=\"\" class=\"wp-image-3011\" style=\"width:321px;height:auto\" srcset=\"https:\/\/blog.saocamilo-sp.br\/wp-content\/uploads\/2024\/09\/Captura-de-tela-2024-09-27-172221.png 987w, https:\/\/blog.saocamilo-sp.br\/wp-content\/uploads\/2024\/09\/Captura-de-tela-2024-09-27-172221-300x241.png 300w, https:\/\/blog.saocamilo-sp.br\/wp-content\/uploads\/2024\/09\/Captura-de-tela-2024-09-27-172221-768x617.png 768w, https:\/\/blog.saocamilo-sp.br\/wp-content\/uploads\/2024\/09\/Captura-de-tela-2024-09-27-172221-600x482.png 600w, https:\/\/blog.saocamilo-sp.br\/wp-content\/uploads\/2024\/09\/Captura-de-tela-2024-09-27-172221-945x759.png 945w\" sizes=\"auto, (max-width: 987px) 100vw, 987px\" \/><figcaption class=\"wp-element-caption\">  Reprodu\u00e7\u00e3o  internet <\/figcaption><\/figure>\n\n\n\n<p><strong>Endere\u00e7o:<\/strong> Av. Nazar\u00e9, 1501 &#8211; Ipiranga, S\u00e3o Paulo &#8211; SP, 04263-200v <\/p>\n\n\n\n<h3 class=\"wp-block-heading\">Hospital S\u00e3o Camilo Ipiranga<\/h3>\n\n\n\n<p>O Hospital S\u00e3o Camilo Ipiranga \u00e9 uma institui\u00e7\u00e3o de sa\u00fade renomada, reconhecida pela qualidade de seus servi\u00e7os e pela excel\u00eancia no atendimento ao paciente. Com uma infraestrutura moderna e equipe multidisciplinar altamente qualificada, o hospital oferece uma ampla gama de especialidades m\u00e9dicas, desde atendimentos de urg\u00eancia e emerg\u00eancia at\u00e9 cirurgias complexas.<\/p>\n\n\n\n<figure class=\"wp-block-image size-full is-resized\"><img loading=\"lazy\" decoding=\"async\" width=\"886\" height=\"591\" src=\"https:\/\/blog.saocamilo-sp.br\/wp-content\/uploads\/2024\/09\/image.png\" alt=\"\" class=\"wp-image-3002\" style=\"width:471px;height:auto\" srcset=\"https:\/\/blog.saocamilo-sp.br\/wp-content\/uploads\/2024\/09\/image.png 886w, https:\/\/blog.saocamilo-sp.br\/wp-content\/uploads\/2024\/09\/image-300x200.png 300w, https:\/\/blog.saocamilo-sp.br\/wp-content\/uploads\/2024\/09\/image-768x512.png 768w, https:\/\/blog.saocamilo-sp.br\/wp-content\/uploads\/2024\/09\/image-600x400.png 600w\" sizes=\"auto, (max-width: 886px) 100vw, 886px\" \/><\/figure>\n\n\n\n<p><strong>Endere\u00e7o:<\/strong> <strong>&nbsp;<\/strong>Rua. Pouso Alegre, 01 &#8211; Ipiranga, S\u00e3o Paulo &#8211; SP, 04261-030 <br><strong>Funcionamento<\/strong>: 24h<\/p>\n\n\n\n<h3 class=\"wp-block-heading\">Modernidade e Conectividade<\/h3>\n\n\n\n<p>Apesar de seu passado rico, o Ipiranga n\u00e3o deixa de olhar para o futuro. O bairro possui uma infraestrutura completa, com transporte p\u00fablico eficiente, com\u00e9rcio diversificado e novos empreendimentos. Al\u00e9m disso, a esta\u00e7\u00e3o de metr\u00f4 alto do Ipiranga e a proximidade com importantes vias, como a Avenida do Estado, facilitam a mobilidade e a conectividade com outras regi\u00f5es da cidade.<\/p>\n\n\n\n<h3 class=\"wp-block-heading\">Metr\u00f4 Alto do Ipiranga<\/h3>\n\n\n\n<p>A esta\u00e7\u00e3o Alto do Ipiranga, localizada na Linha 2 \u2013 Verde do Metr\u00f4 de S\u00e3o Paulo, \u00e9 uma importante porta de entrada para o bairro. Com acesso r\u00e1pido e f\u00e1cil, facilita o deslocamento de moradores e visitantes, conectando o Ipiranga a diversas regi\u00f5es da cidade<\/p>\n\n\n\n<figure class=\"wp-block-image size-full is-resized\"><img loading=\"lazy\" decoding=\"async\" width=\"327\" height=\"202\" src=\"https:\/\/blog.saocamilo-sp.br\/wp-content\/uploads\/2024\/09\/estacao-alto-ipiranga.jpg\" alt=\"\" class=\"wp-image-2979\" style=\"width:346px;height:auto\" srcset=\"https:\/\/blog.saocamilo-sp.br\/wp-content\/uploads\/2024\/09\/estacao-alto-ipiranga.jpg 327w, https:\/\/blog.saocamilo-sp.br\/wp-content\/uploads\/2024\/09\/estacao-alto-ipiranga-300x185.jpg 300w\" sizes=\"auto, (max-width: 327px) 100vw, 327px\" \/><figcaption class=\"wp-element-caption\">       Reprodu\u00e7\u00e3o internet<\/figcaption><\/figure>\n\n\n\n<p><strong>Endere\u00e7o<\/strong>: <strong>&nbsp;<\/strong>Av. Dr. Gentil de Moura &#8211; Ipiranga, S\u00e3o Paulo &#8211; SP, 04278-080 <br><strong>Funcionamento:<\/strong> Todos os dias das 4h \u00e0s 00h<\/p>\n\n\n\n<h4 class=\"wp-block-heading\">Parab\u00e9ns, Ipiranga!<\/h4>\n\n\n\n<p>Ao celebrar 440 anos, o Ipiranga reafirma sua import\u00e2ncia como um dos bairros mais charmosos e relevantes de S\u00e3o Paulo. Combinando tradi\u00e7\u00e3o e modernidade, hist\u00f3ria e inova\u00e7\u00e3o, o bairro continua a encantar e acolher todos que por aqui passam. Dessa forma, mant\u00e9m vivo o esp\u00edrito de independ\u00eancia e progresso. Parab\u00e9ns, Ipiranga! Que voc\u00ea continue sendo um ponto de encontro entre o passado glorioso e o futuro promissor.<\/p>\n\n\n\n<p><strong>Veja tamb\u00e9m:<\/strong><\/p>\n\n\n\n<ul class=\"wp-block-list\">\n<li><a href=\"https:\/\/blog.saocamilo-sp.br\/index.php\/2023\/10\/30\/aniversario-da-pompeia\/\">Anivers\u00e1rio da Pompeia e sua Hist\u00f3ria<\/a><\/li>\n\n\n\n<li><a href=\"https:\/\/blog.saocamilo-sp.br\/index.php\/2024\/04\/07\/campus-pompeia-25-anos-de-compromisso-com-a-educacao-de-excelencia\/\">Campus Pompeia: 25 anos de compromisso com a educa\u00e7\u00e3o de excel\u00eancia<\/a><\/li>\n<\/ul>\n\n\n\n<p><\/p>\n\n\n\n<p>Saiba mais sobre nossos cursos:<\/p>\n\n\n\n<iframe loading=\"lazy\" src=\"https:\/\/saocamilo.apprbs.com.br\/tenho-interesse-blog\" height=\"530px\" width=\"100%\" frameborder=\"0\"><\/iframe>\n","protected":false},"excerpt":{"rendered":"<p>Descubra o Ipiranga, bairro de S\u00e3o Paulo que completa 440 anos, famoso por sua hist\u00f3ria, cultura vibrante, gastronomia diversificada.<\/p>\n","protected":false},"author":11,"featured_media":2996,"comment_status":"open","ping_status":"open","sticky":false,"template":"","format":"standard","meta":{"cybocfi_hide_featured_image":"","footnotes":""},"categories":[1],"tags":[],"class_list":["post-2957","post","type-post","status-publish","format-standard","has-post-thumbnail","hentry","category-cursos"],"yoast_head":"<!-- This site is optimized with the Yoast SEO plugin v27.5 - https:\/\/yoast.com\/product\/yoast-seo-wordpress\/ -->\n<title>Ipiranga: tradi\u00e7\u00e3o, hist\u00f3ria e modernidade - Blog S\u00e3o Camilo<\/title>\n<meta name=\"description\" content=\"Descubra o Ipiranga, bairro de S\u00e3o Paulo que completa 440 anos, famoso por sua hist\u00f3ria, cultura vibrante, gastronomia diversificada.\" \/>\n<meta name=\"robots\" content=\"index, follow, max-snippet:-1, max-image-preview:large, max-video-preview:-1\" \/>\n<link rel=\"canonical\" href=\"https:\/\/blog.saocamilo-sp.br\/index.php\/2024\/09\/27\/ipiranga-tradicao-historia-e-modernidade\/\" \/>\n<meta property=\"og:locale\" content=\"pt_BR\" \/>\n<meta property=\"og:type\" content=\"article\" \/>\n<meta property=\"og:title\" content=\"Ipiranga: tradi\u00e7\u00e3o, hist\u00f3ria e modernidade - Blog S\u00e3o Camilo\" \/>\n<meta property=\"og:description\" content=\"Descubra o Ipiranga, bairro de S\u00e3o Paulo que completa 440 anos, famoso por sua hist\u00f3ria, cultura vibrante, gastronomia diversificada.\" \/>\n<meta property=\"og:url\" content=\"https:\/\/blog.saocamilo-sp.br\/index.php\/2024\/09\/27\/ipiranga-tradicao-historia-e-modernidade\/\" \/>\n<meta property=\"og:site_name\" content=\"Blog S\u00e3o Camilo\" \/>\n<meta property=\"article:publisher\" content=\"https:\/\/www.facebook.com\/saocamilosp\" \/>\n<meta property=\"article:published_time\" content=\"2024-09-27T19:44:59+00:00\" \/>\n<meta property=\"article:modified_time\" content=\"2024-09-27T20:26:01+00:00\" \/>\n<meta property=\"og:image\" content=\"https:\/\/blog.saocamilo-sp.br\/wp-content\/uploads\/2024\/09\/ipirnga-1.jpg\" \/>\n\t<meta property=\"og:image:width\" content=\"788\" \/>\n\t<meta property=\"og:image:height\" content=\"525\" \/>\n\t<meta property=\"og:image:type\" content=\"image\/jpeg\" \/>\n<meta name=\"author\" content=\"Christopher Oliveira dos Reis\" \/>\n<meta name=\"twitter:card\" content=\"summary_large_image\" \/>\n<meta name=\"twitter:creator\" content=\"@saocamilosp\" \/>\n<meta name=\"twitter:site\" content=\"@saocamilosp\" \/>\n<meta name=\"twitter:label1\" content=\"Escrito por\" \/>\n\t<meta name=\"twitter:data1\" content=\"Christopher Oliveira dos Reis\" \/>\n\t<meta name=\"twitter:label2\" content=\"Est. tempo de leitura\" \/>\n\t<meta name=\"twitter:data2\" content=\"11 minutos\" \/>\n<script type=\"application\/ld+json\" class=\"yoast-schema-graph\">{\"@context\":\"https:\\\/\\\/schema.org\",\"@graph\":[{\"@type\":\"Article\",\"@id\":\"https:\\\/\\\/blog.saocamilo-sp.br\\\/index.php\\\/2024\\\/09\\\/27\\\/ipiranga-tradicao-historia-e-modernidade\\\/#article\",\"isPartOf\":{\"@id\":\"https:\\\/\\\/blog.saocamilo-sp.br\\\/index.php\\\/2024\\\/09\\\/27\\\/ipiranga-tradicao-historia-e-modernidade\\\/\"},\"author\":{\"name\":\"Christopher Oliveira dos Reis\",\"@id\":\"https:\\\/\\\/blog.saocamilo-sp.br\\\/#\\\/schema\\\/person\\\/7dce5f342af0848eb2f06778b2737904\"},\"headline\":\"Ipiranga: tradi\u00e7\u00e3o, hist\u00f3ria e modernidade\",\"datePublished\":\"2024-09-27T19:44:59+00:00\",\"dateModified\":\"2024-09-27T20:26:01+00:00\",\"mainEntityOfPage\":{\"@id\":\"https:\\\/\\\/blog.saocamilo-sp.br\\\/index.php\\\/2024\\\/09\\\/27\\\/ipiranga-tradicao-historia-e-modernidade\\\/\"},\"wordCount\":1690,\"commentCount\":0,\"publisher\":{\"@id\":\"https:\\\/\\\/blog.saocamilo-sp.br\\\/#organization\"},\"image\":{\"@id\":\"https:\\\/\\\/blog.saocamilo-sp.br\\\/index.php\\\/2024\\\/09\\\/27\\\/ipiranga-tradicao-historia-e-modernidade\\\/#primaryimage\"},\"thumbnailUrl\":\"https:\\\/\\\/blog.saocamilo-sp.br\\\/wp-content\\\/uploads\\\/2024\\\/09\\\/ipirnga-1.jpg\",\"articleSection\":[\"Cursos\"],\"inLanguage\":\"pt-BR\",\"potentialAction\":[{\"@type\":\"CommentAction\",\"name\":\"Comment\",\"target\":[\"https:\\\/\\\/blog.saocamilo-sp.br\\\/index.php\\\/2024\\\/09\\\/27\\\/ipiranga-tradicao-historia-e-modernidade\\\/#respond\"]}]},{\"@type\":\"WebPage\",\"@id\":\"https:\\\/\\\/blog.saocamilo-sp.br\\\/index.php\\\/2024\\\/09\\\/27\\\/ipiranga-tradicao-historia-e-modernidade\\\/\",\"url\":\"https:\\\/\\\/blog.saocamilo-sp.br\\\/index.php\\\/2024\\\/09\\\/27\\\/ipiranga-tradicao-historia-e-modernidade\\\/\",\"name\":\"Ipiranga: tradi\u00e7\u00e3o, hist\u00f3ria e modernidade - Blog S\u00e3o Camilo\",\"isPartOf\":{\"@id\":\"https:\\\/\\\/blog.saocamilo-sp.br\\\/#website\"},\"primaryImageOfPage\":{\"@id\":\"https:\\\/\\\/blog.saocamilo-sp.br\\\/index.php\\\/2024\\\/09\\\/27\\\/ipiranga-tradicao-historia-e-modernidade\\\/#primaryimage\"},\"image\":{\"@id\":\"https:\\\/\\\/blog.saocamilo-sp.br\\\/index.php\\\/2024\\\/09\\\/27\\\/ipiranga-tradicao-historia-e-modernidade\\\/#primaryimage\"},\"thumbnailUrl\":\"https:\\\/\\\/blog.saocamilo-sp.br\\\/wp-content\\\/uploads\\\/2024\\\/09\\\/ipirnga-1.jpg\",\"datePublished\":\"2024-09-27T19:44:59+00:00\",\"dateModified\":\"2024-09-27T20:26:01+00:00\",\"description\":\"Descubra o Ipiranga, bairro de S\u00e3o Paulo que completa 440 anos, famoso por sua hist\u00f3ria, cultura vibrante, gastronomia diversificada.\",\"breadcrumb\":{\"@id\":\"https:\\\/\\\/blog.saocamilo-sp.br\\\/index.php\\\/2024\\\/09\\\/27\\\/ipiranga-tradicao-historia-e-modernidade\\\/#breadcrumb\"},\"inLanguage\":\"pt-BR\",\"potentialAction\":[{\"@type\":\"ReadAction\",\"target\":[\"https:\\\/\\\/blog.saocamilo-sp.br\\\/index.php\\\/2024\\\/09\\\/27\\\/ipiranga-tradicao-historia-e-modernidade\\\/\"]}]},{\"@type\":\"ImageObject\",\"inLanguage\":\"pt-BR\",\"@id\":\"https:\\\/\\\/blog.saocamilo-sp.br\\\/index.php\\\/2024\\\/09\\\/27\\\/ipiranga-tradicao-historia-e-modernidade\\\/#primaryimage\",\"url\":\"https:\\\/\\\/blog.saocamilo-sp.br\\\/wp-content\\\/uploads\\\/2024\\\/09\\\/ipirnga-1.jpg\",\"contentUrl\":\"https:\\\/\\\/blog.saocamilo-sp.br\\\/wp-content\\\/uploads\\\/2024\\\/09\\\/ipirnga-1.jpg\",\"width\":788,\"height\":525},{\"@type\":\"BreadcrumbList\",\"@id\":\"https:\\\/\\\/blog.saocamilo-sp.br\\\/index.php\\\/2024\\\/09\\\/27\\\/ipiranga-tradicao-historia-e-modernidade\\\/#breadcrumb\",\"itemListElement\":[{\"@type\":\"ListItem\",\"position\":1,\"name\":\"In\u00edcio\",\"item\":\"https:\\\/\\\/blog.saocamilo-sp.br\\\/\"},{\"@type\":\"ListItem\",\"position\":2,\"name\":\"Ipiranga: tradi\u00e7\u00e3o, hist\u00f3ria e modernidade\"}]},{\"@type\":\"WebSite\",\"@id\":\"https:\\\/\\\/blog.saocamilo-sp.br\\\/#website\",\"url\":\"https:\\\/\\\/blog.saocamilo-sp.br\\\/\",\"name\":\"Blog S\u00e3o Camilo\",\"description\":\"Blog do Centro Universit\u00e1rio S\u00e3o Camilo\",\"publisher\":{\"@id\":\"https:\\\/\\\/blog.saocamilo-sp.br\\\/#organization\"},\"potentialAction\":[{\"@type\":\"SearchAction\",\"target\":{\"@type\":\"EntryPoint\",\"urlTemplate\":\"https:\\\/\\\/blog.saocamilo-sp.br\\\/?s={search_term_string}\"},\"query-input\":{\"@type\":\"PropertyValueSpecification\",\"valueRequired\":true,\"valueName\":\"search_term_string\"}}],\"inLanguage\":\"pt-BR\"},{\"@type\":\"Organization\",\"@id\":\"https:\\\/\\\/blog.saocamilo-sp.br\\\/#organization\",\"name\":\"Blog S\u00e3o Camilo\",\"url\":\"https:\\\/\\\/blog.saocamilo-sp.br\\\/\",\"logo\":{\"@type\":\"ImageObject\",\"inLanguage\":\"pt-BR\",\"@id\":\"https:\\\/\\\/blog.saocamilo-sp.br\\\/#\\\/schema\\\/logo\\\/image\\\/\",\"url\":\"https:\\\/\\\/blog.saocamilo-sp.br\\\/wp-content\\\/uploads\\\/2021\\\/12\\\/cropped-vazio-logo-topo.png\",\"contentUrl\":\"https:\\\/\\\/blog.saocamilo-sp.br\\\/wp-content\\\/uploads\\\/2021\\\/12\\\/cropped-vazio-logo-topo.png\",\"width\":320,\"height\":240,\"caption\":\"Blog S\u00e3o Camilo\"},\"image\":{\"@id\":\"https:\\\/\\\/blog.saocamilo-sp.br\\\/#\\\/schema\\\/logo\\\/image\\\/\"},\"sameAs\":[\"https:\\\/\\\/www.facebook.com\\\/saocamilosp\",\"https:\\\/\\\/x.com\\\/saocamilosp\",\"https:\\\/\\\/www.linkedin.com\\\/school\\\/centro-universit-rio-s-o-camilo\\\/\"]},{\"@type\":\"Person\",\"@id\":\"https:\\\/\\\/blog.saocamilo-sp.br\\\/#\\\/schema\\\/person\\\/7dce5f342af0848eb2f06778b2737904\",\"name\":\"Christopher Oliveira dos Reis\",\"image\":{\"@type\":\"ImageObject\",\"inLanguage\":\"pt-BR\",\"@id\":\"https:\\\/\\\/secure.gravatar.com\\\/avatar\\\/b09a1361215d06f22999124838358b6855376e2b7287de883b723960b0c03f82?s=96&d=mm&r=g\",\"url\":\"https:\\\/\\\/secure.gravatar.com\\\/avatar\\\/b09a1361215d06f22999124838358b6855376e2b7287de883b723960b0c03f82?s=96&d=mm&r=g\",\"contentUrl\":\"https:\\\/\\\/secure.gravatar.com\\\/avatar\\\/b09a1361215d06f22999124838358b6855376e2b7287de883b723960b0c03f82?s=96&d=mm&r=g\",\"caption\":\"Christopher Oliveira dos Reis\"},\"url\":\"https:\\\/\\\/blog.saocamilo-sp.br\\\/index.php\\\/author\\\/christopher-reis\\\/\"}]}<\/script>\n<!-- \/ Yoast SEO plugin. -->","yoast_head_json":{"title":"Ipiranga: tradi\u00e7\u00e3o, hist\u00f3ria e modernidade - Blog S\u00e3o Camilo","description":"Descubra o Ipiranga, bairro de S\u00e3o Paulo que completa 440 anos, famoso por sua hist\u00f3ria, cultura vibrante, gastronomia diversificada.","robots":{"index":"index","follow":"follow","max-snippet":"max-snippet:-1","max-image-preview":"max-image-preview:large","max-video-preview":"max-video-preview:-1"},"canonical":"https:\/\/blog.saocamilo-sp.br\/index.php\/2024\/09\/27\/ipiranga-tradicao-historia-e-modernidade\/","og_locale":"pt_BR","og_type":"article","og_title":"Ipiranga: tradi\u00e7\u00e3o, hist\u00f3ria e modernidade - Blog S\u00e3o Camilo","og_description":"Descubra o Ipiranga, bairro de S\u00e3o Paulo que completa 440 anos, famoso por sua hist\u00f3ria, cultura vibrante, gastronomia diversificada.","og_url":"https:\/\/blog.saocamilo-sp.br\/index.php\/2024\/09\/27\/ipiranga-tradicao-historia-e-modernidade\/","og_site_name":"Blog S\u00e3o Camilo","article_publisher":"https:\/\/www.facebook.com\/saocamilosp","article_published_time":"2024-09-27T19:44:59+00:00","article_modified_time":"2024-09-27T20:26:01+00:00","og_image":[{"width":788,"height":525,"url":"https:\/\/blog.saocamilo-sp.br\/wp-content\/uploads\/2024\/09\/ipirnga-1.jpg","type":"image\/jpeg"}],"author":"Christopher Oliveira dos Reis","twitter_card":"summary_large_image","twitter_creator":"@saocamilosp","twitter_site":"@saocamilosp","twitter_misc":{"Escrito por":"Christopher Oliveira dos Reis","Est. tempo de leitura":"11 minutos"},"schema":{"@context":"https:\/\/schema.org","@graph":[{"@type":"Article","@id":"https:\/\/blog.saocamilo-sp.br\/index.php\/2024\/09\/27\/ipiranga-tradicao-historia-e-modernidade\/#article","isPartOf":{"@id":"https:\/\/blog.saocamilo-sp.br\/index.php\/2024\/09\/27\/ipiranga-tradicao-historia-e-modernidade\/"},"author":{"name":"Christopher Oliveira dos Reis","@id":"https:\/\/blog.saocamilo-sp.br\/#\/schema\/person\/7dce5f342af0848eb2f06778b2737904"},"headline":"Ipiranga: tradi\u00e7\u00e3o, hist\u00f3ria e modernidade","datePublished":"2024-09-27T19:44:59+00:00","dateModified":"2024-09-27T20:26:01+00:00","mainEntityOfPage":{"@id":"https:\/\/blog.saocamilo-sp.br\/index.php\/2024\/09\/27\/ipiranga-tradicao-historia-e-modernidade\/"},"wordCount":1690,"commentCount":0,"publisher":{"@id":"https:\/\/blog.saocamilo-sp.br\/#organization"},"image":{"@id":"https:\/\/blog.saocamilo-sp.br\/index.php\/2024\/09\/27\/ipiranga-tradicao-historia-e-modernidade\/#primaryimage"},"thumbnailUrl":"https:\/\/blog.saocamilo-sp.br\/wp-content\/uploads\/2024\/09\/ipirnga-1.jpg","articleSection":["Cursos"],"inLanguage":"pt-BR","potentialAction":[{"@type":"CommentAction","name":"Comment","target":["https:\/\/blog.saocamilo-sp.br\/index.php\/2024\/09\/27\/ipiranga-tradicao-historia-e-modernidade\/#respond"]}]},{"@type":"WebPage","@id":"https:\/\/blog.saocamilo-sp.br\/index.php\/2024\/09\/27\/ipiranga-tradicao-historia-e-modernidade\/","url":"https:\/\/blog.saocamilo-sp.br\/index.php\/2024\/09\/27\/ipiranga-tradicao-historia-e-modernidade\/","name":"Ipiranga: tradi\u00e7\u00e3o, hist\u00f3ria e modernidade - Blog S\u00e3o Camilo","isPartOf":{"@id":"https:\/\/blog.saocamilo-sp.br\/#website"},"primaryImageOfPage":{"@id":"https:\/\/blog.saocamilo-sp.br\/index.php\/2024\/09\/27\/ipiranga-tradicao-historia-e-modernidade\/#primaryimage"},"image":{"@id":"https:\/\/blog.saocamilo-sp.br\/index.php\/2024\/09\/27\/ipiranga-tradicao-historia-e-modernidade\/#primaryimage"},"thumbnailUrl":"https:\/\/blog.saocamilo-sp.br\/wp-content\/uploads\/2024\/09\/ipirnga-1.jpg","datePublished":"2024-09-27T19:44:59+00:00","dateModified":"2024-09-27T20:26:01+00:00","description":"Descubra o Ipiranga, bairro de S\u00e3o Paulo que completa 440 anos, famoso por sua hist\u00f3ria, cultura vibrante, gastronomia diversificada.","breadcrumb":{"@id":"https:\/\/blog.saocamilo-sp.br\/index.php\/2024\/09\/27\/ipiranga-tradicao-historia-e-modernidade\/#breadcrumb"},"inLanguage":"pt-BR","potentialAction":[{"@type":"ReadAction","target":["https:\/\/blog.saocamilo-sp.br\/index.php\/2024\/09\/27\/ipiranga-tradicao-historia-e-modernidade\/"]}]},{"@type":"ImageObject","inLanguage":"pt-BR","@id":"https:\/\/blog.saocamilo-sp.br\/index.php\/2024\/09\/27\/ipiranga-tradicao-historia-e-modernidade\/#primaryimage","url":"https:\/\/blog.saocamilo-sp.br\/wp-content\/uploads\/2024\/09\/ipirnga-1.jpg","contentUrl":"https:\/\/blog.saocamilo-sp.br\/wp-content\/uploads\/2024\/09\/ipirnga-1.jpg","width":788,"height":525},{"@type":"BreadcrumbList","@id":"https:\/\/blog.saocamilo-sp.br\/index.php\/2024\/09\/27\/ipiranga-tradicao-historia-e-modernidade\/#breadcrumb","itemListElement":[{"@type":"ListItem","position":1,"name":"In\u00edcio","item":"https:\/\/blog.saocamilo-sp.br\/"},{"@type":"ListItem","position":2,"name":"Ipiranga: tradi\u00e7\u00e3o, hist\u00f3ria e modernidade"}]},{"@type":"WebSite","@id":"https:\/\/blog.saocamilo-sp.br\/#website","url":"https:\/\/blog.saocamilo-sp.br\/","name":"Blog S\u00e3o Camilo","description":"Blog do Centro Universit\u00e1rio S\u00e3o Camilo","publisher":{"@id":"https:\/\/blog.saocamilo-sp.br\/#organization"},"potentialAction":[{"@type":"SearchAction","target":{"@type":"EntryPoint","urlTemplate":"https:\/\/blog.saocamilo-sp.br\/?s={search_term_string}"},"query-input":{"@type":"PropertyValueSpecification","valueRequired":true,"valueName":"search_term_string"}}],"inLanguage":"pt-BR"},{"@type":"Organization","@id":"https:\/\/blog.saocamilo-sp.br\/#organization","name":"Blog S\u00e3o Camilo","url":"https:\/\/blog.saocamilo-sp.br\/","logo":{"@type":"ImageObject","inLanguage":"pt-BR","@id":"https:\/\/blog.saocamilo-sp.br\/#\/schema\/logo\/image\/","url":"https:\/\/blog.saocamilo-sp.br\/wp-content\/uploads\/2021\/12\/cropped-vazio-logo-topo.png","contentUrl":"https:\/\/blog.saocamilo-sp.br\/wp-content\/uploads\/2021\/12\/cropped-vazio-logo-topo.png","width":320,"height":240,"caption":"Blog S\u00e3o Camilo"},"image":{"@id":"https:\/\/blog.saocamilo-sp.br\/#\/schema\/logo\/image\/"},"sameAs":["https:\/\/www.facebook.com\/saocamilosp","https:\/\/x.com\/saocamilosp","https:\/\/www.linkedin.com\/school\/centro-universit-rio-s-o-camilo\/"]},{"@type":"Person","@id":"https:\/\/blog.saocamilo-sp.br\/#\/schema\/person\/7dce5f342af0848eb2f06778b2737904","name":"Christopher Oliveira dos Reis","image":{"@type":"ImageObject","inLanguage":"pt-BR","@id":"https:\/\/secure.gravatar.com\/avatar\/b09a1361215d06f22999124838358b6855376e2b7287de883b723960b0c03f82?s=96&d=mm&r=g","url":"https:\/\/secure.gravatar.com\/avatar\/b09a1361215d06f22999124838358b6855376e2b7287de883b723960b0c03f82?s=96&d=mm&r=g","contentUrl":"https:\/\/secure.gravatar.com\/avatar\/b09a1361215d06f22999124838358b6855376e2b7287de883b723960b0c03f82?s=96&d=mm&r=g","caption":"Christopher Oliveira dos Reis"},"url":"https:\/\/blog.saocamilo-sp.br\/index.php\/author\/christopher-reis\/"}]}},"_links":{"self":[{"href":"https:\/\/blog.saocamilo-sp.br\/index.php\/wp-json\/wp\/v2\/posts\/2957","targetHints":{"allow":["GET"]}}],"collection":[{"href":"https:\/\/blog.saocamilo-sp.br\/index.php\/wp-json\/wp\/v2\/posts"}],"about":[{"href":"https:\/\/blog.saocamilo-sp.br\/index.php\/wp-json\/wp\/v2\/types\/post"}],"author":[{"embeddable":true,"href":"https:\/\/blog.saocamilo-sp.br\/index.php\/wp-json\/wp\/v2\/users\/11"}],"replies":[{"embeddable":true,"href":"https:\/\/blog.saocamilo-sp.br\/index.php\/wp-json\/wp\/v2\/comments?post=2957"}],"version-history":[{"count":20,"href":"https:\/\/blog.saocamilo-sp.br\/index.php\/wp-json\/wp\/v2\/posts\/2957\/revisions"}],"predecessor-version":[{"id":3010,"href":"https:\/\/blog.saocamilo-sp.br\/index.php\/wp-json\/wp\/v2\/posts\/2957\/revisions\/3010"}],"wp:featuredmedia":[{"embeddable":true,"href":"https:\/\/blog.saocamilo-sp.br\/index.php\/wp-json\/wp\/v2\/media\/2996"}],"wp:attachment":[{"href":"https:\/\/blog.saocamilo-sp.br\/index.php\/wp-json\/wp\/v2\/media?parent=2957"}],"wp:term":[{"taxonomy":"category","embeddable":true,"href":"https:\/\/blog.saocamilo-sp.br\/index.php\/wp-json\/wp\/v2\/categories?post=2957"},{"taxonomy":"post_tag","embeddable":true,"href":"https:\/\/blog.saocamilo-sp.br\/index.php\/wp-json\/wp\/v2\/tags?post=2957"}],"curies":[{"name":"wp","href":"https:\/\/api.w.org\/{rel}","templated":true}]}}