{"id":3061,"date":"2024-10-02T12:25:26","date_gmt":"2024-10-02T15:25:26","guid":{"rendered":"https:\/\/blog.saocamilo-sp.br\/?p=3061"},"modified":"2024-10-02T16:50:34","modified_gmt":"2024-10-02T19:50:34","slug":"3a-feira-de-carreiras-sao-camilo-impulsione-sua-jornada-profissional","status":"publish","type":"post","link":"https:\/\/blog.saocamilo-sp.br\/index.php\/2024\/10\/02\/3a-feira-de-carreiras-sao-camilo-impulsione-sua-jornada-profissional\/","title":{"rendered":"3\u00aa Feira de Carreiras S\u00e3o Camilo \u2013 Impulsione sua jornada profissional!"},"content":{"rendered":"\n<p>No dia 17 de outubro de 2024, o Conex\u00e3o Carreiras do <a href=\"https:\/\/saocamilo-sp.br\/\">Centro Universit\u00e1rio S\u00e3o Camilo<\/a> realiza a imperd\u00edvel Feira de Carreiras no Campus Ipiranga, das 9h \u00e0s 12h e das 17h \u00e0s 20h. Um evento voltado para alunos e egressos que desejam se destacar no mercado e aproveitar novas oportunidades. As inscri\u00e7\u00f5es podem ser realizadas pelo link: <a href=\"https:\/\/forms.office.com\/r\/06js5yN9Yb\" target=\"_blank\" rel=\"noreferrer noopener\">https:\/\/forms.office.com\/r\/06js5yN9Yb<\/a>.<\/p>\n\n\n\n<h3 class=\"wp-block-heading\">Palestras com Empresas Parceiras durante a Feira de Carreiras<\/h3>\n\n\n\n<p>Grandes empresas estar\u00e3o presentes, trazendo palestras com temas essenciais para o desenvolvimento profissional:<\/p>\n\n\n\n<p>\u2022 <strong>SODEXO<\/strong>: &#8220;Carreira de Nutricionistas em UAM&#8221; \u2013 Saiba como construir uma carreira s\u00f3lida na \u00e1rea de alimenta\u00e7\u00e3o e nutri\u00e7\u00e3o em Unidades de Alimenta\u00e7\u00e3o e Nutri\u00e7\u00e3o (UAM).<\/p>\n\n\n\n<p>\u2022 <strong>Espa\u00e7o Laser<\/strong>: Empregabilidade \u2013 Descubra o que o mercado valoriza e como aumentar suas chances de ser contratado.<\/p>\n\n\n\n<p>\u2022<strong> Hospital S\u00e3o Camilo<\/strong>: Em parceria com o Conex\u00e3o Carreiras, o hospital lan\u00e7ar\u00e1 um programa de trainee. N\u00e3o perca essa oportunidade para saber mais!<\/p>\n\n\n\n<h3 class=\"wp-block-heading\">Oficinas Imperd\u00edveis na Feira de Carreiras<\/h3>\n\n\n\n<p>\u2022 Oficina de Curr\u00edculo \u00e0s 19h: Aprenda como destacar suas habilidades e experi\u00eancias em um curr\u00edculo impactante.<\/p>\n\n\n\n<p>\u2022 Oficina de Entrevista \u00e0s 20h: Receba dicas exclusivas de uma profissional para brilhar em entrevistas de emprego.<\/p>\n\n\n\n<h3 class=\"wp-block-heading\">Stands, Brindes e Sorteios<\/h3>\n\n\n\n<p>Durante a feira, diversos stands de empresas estar\u00e3o dispon\u00edveis para tirar suas d\u00favidas e compartilhar informa\u00e7\u00f5es sobre o mercado. Al\u00e9m disso, teremos brindes nos stands e sorteios durante as palestras, tornando o evento ainda mais especial.<\/p>\n\n\n\n<h3 class=\"wp-block-heading\">Processo Seletivo no Mesmo Dia!<\/h3>\n\n\n\n<p>E fique atento: haver\u00e1 processo seletivo no mesmo dia! Traga seu curr\u00edculo atualizado e esteja pronto para se candidatar.<\/p>\n\n\n\n<h3 class=\"wp-block-heading\">Horas de Atividades Complementares<\/h3>\n\n\n\n<p>A participa\u00e7\u00e3o no evento tamb\u00e9m garantir\u00e1 horas de atividades complementares para os alunos!<\/p>\n\n\n\n<p><strong>Data<\/strong>: 17 de outubro de 2024<br><strong>Hor\u00e1rios<\/strong>: 9h \u00e0s 12h | 17h \u00e0s 21h<br><strong>Local<\/strong>: Campus Ipiranga \u2013 Centro Universit\u00e1rio S\u00e3o Camilo<\/p>\n\n\n\n<p>N\u00e3o perca essa oportunidade de crescer profissionalmente e expandir suas oportunidades no mercado!<\/p>\n\n\n\n<p><strong>Veja tamb\u00e9m<\/strong>:<\/p>\n\n\n\n<ul class=\"wp-block-list\">\n<li><a href=\"https:\/\/blog.saocamilo-sp.br\/index.php\/2024\/09\/08\/9o-congresso-multiprofissional-da-sao-camilo-tem-foco-em-inteligencia-emocional\/\">Intelig\u00eancia Emocional&nbsp;\u00e9 tema central do 9\u00ba Congresso Multiprofissional da S\u00e3o Camilo<\/a><\/li>\n\n\n\n<li><a href=\"https:\/\/blog.saocamilo-sp.br\/index.php\/2024\/08\/21\/as-inscricoes-para-o-processo-seletivo-2025-1-do-curso-de-graduacao-em-medicina-do-centro-universitario-sao-camilo-ja-estao-abertas\/\">Inscri\u00e7\u00f5es abertas para o Vestibular de Medicina 2025 \u2013 1\u00ba Semestre<\/a><\/li>\n\n\n\n<li><a href=\"https:\/\/blog.saocamilo-sp.br\/index.php\/2024\/09\/27\/ipiranga-tradicao-historia-e-modernidade\/\">Ipiranga: tradi\u00e7\u00e3o, hist\u00f3ria e modernidade<\/a><\/li>\n<\/ul>\n\n\n\n<p><\/p>\n\n\n\n<p>Saiba mais sobre nossos cursos:<\/p>\n\n\n\n<iframe loading=\"lazy\" src=\"https:\/\/saocamilo.apprbs.com.br\/tenho-interesse-blog\" height=\"530px\" width=\"100%\" frameborder=\"0\"><\/iframe>\n","protected":false},"excerpt":{"rendered":"<p>No dia 17\/10\/24, acontecer\u00e1 a 3\u00aa Feira de Carreiras no Campus Ipiranga.  O evento \u00e9 destinado a alunos e egressos que buscam oportunidades no mercado. <\/p>\n","protected":false},"author":11,"featured_media":3075,"comment_status":"open","ping_status":"open","sticky":false,"template":"","format":"standard","meta":{"cybocfi_hide_featured_image":"","footnotes":""},"categories":[1],"tags":[],"class_list":["post-3061","post","type-post","status-publish","format-standard","has-post-thumbnail","hentry","category-cursos"],"yoast_head":"<!-- This site is optimized with the Yoast SEO plugin v27.5 - https:\/\/yoast.com\/product\/yoast-seo-wordpress\/ -->\n<title>3\u00aa Feira de Carreiras S\u00e3o Camilo \u2013 Impulsione sua jornada profissional!<\/title>\n<meta name=\"description\" content=\"No dia 17\/10\/24, acontecer\u00e1 a Feira de Carreiras no Campus Ipiranga. O evento \u00e9 destinado a alunos e egressos que buscam oportunidades no mercado.\" \/>\n<meta name=\"robots\" content=\"index, follow, max-snippet:-1, max-image-preview:large, max-video-preview:-1\" \/>\n<link rel=\"canonical\" href=\"https:\/\/blog.saocamilo-sp.br\/index.php\/2024\/10\/02\/3a-feira-de-carreiras-sao-camilo-impulsione-sua-jornada-profissional\/\" \/>\n<meta property=\"og:locale\" content=\"pt_BR\" \/>\n<meta property=\"og:type\" content=\"article\" \/>\n<meta property=\"og:title\" content=\"3\u00aa Feira de Carreiras S\u00e3o Camilo \u2013 Impulsione sua jornada profissional!\" \/>\n<meta property=\"og:description\" content=\"No dia 17\/10\/24, acontecer\u00e1 a Feira de Carreiras no Campus Ipiranga. O evento \u00e9 destinado a alunos e egressos que buscam oportunidades no mercado.\" \/>\n<meta property=\"og:url\" content=\"https:\/\/blog.saocamilo-sp.br\/index.php\/2024\/10\/02\/3a-feira-de-carreiras-sao-camilo-impulsione-sua-jornada-profissional\/\" \/>\n<meta property=\"og:site_name\" content=\"Blog S\u00e3o Camilo\" \/>\n<meta property=\"article:publisher\" content=\"https:\/\/www.facebook.com\/saocamilosp\" \/>\n<meta property=\"article:published_time\" content=\"2024-10-02T15:25:26+00:00\" \/>\n<meta property=\"article:modified_time\" content=\"2024-10-02T19:50:34+00:00\" \/>\n<meta property=\"og:image\" content=\"https:\/\/blog.saocamilo-sp.br\/wp-content\/uploads\/2024\/10\/imagem-34.png\" \/>\n\t<meta property=\"og:image:width\" content=\"839\" \/>\n\t<meta property=\"og:image:height\" content=\"559\" \/>\n\t<meta property=\"og:image:type\" content=\"image\/png\" \/>\n<meta name=\"author\" content=\"Christopher Oliveira dos Reis\" \/>\n<meta name=\"twitter:card\" content=\"summary_large_image\" \/>\n<meta name=\"twitter:creator\" content=\"@saocamilosp\" \/>\n<meta name=\"twitter:site\" content=\"@saocamilosp\" \/>\n<meta name=\"twitter:label1\" content=\"Escrito por\" \/>\n\t<meta name=\"twitter:data1\" content=\"Christopher Oliveira dos Reis\" \/>\n\t<meta name=\"twitter:label2\" content=\"Est. tempo de leitura\" \/>\n\t<meta name=\"twitter:data2\" content=\"3 minutos\" \/>\n<script type=\"application\/ld+json\" class=\"yoast-schema-graph\">{\"@context\":\"https:\\\/\\\/schema.org\",\"@graph\":[{\"@type\":\"Article\",\"@id\":\"https:\\\/\\\/blog.saocamilo-sp.br\\\/index.php\\\/2024\\\/10\\\/02\\\/3a-feira-de-carreiras-sao-camilo-impulsione-sua-jornada-profissional\\\/#article\",\"isPartOf\":{\"@id\":\"https:\\\/\\\/blog.saocamilo-sp.br\\\/index.php\\\/2024\\\/10\\\/02\\\/3a-feira-de-carreiras-sao-camilo-impulsione-sua-jornada-profissional\\\/\"},\"author\":{\"name\":\"Christopher Oliveira dos Reis\",\"@id\":\"https:\\\/\\\/blog.saocamilo-sp.br\\\/#\\\/schema\\\/person\\\/7dce5f342af0848eb2f06778b2737904\"},\"headline\":\"3\u00aa Feira de Carreiras S\u00e3o Camilo \u2013 Impulsione sua jornada profissional!\",\"datePublished\":\"2024-10-02T15:25:26+00:00\",\"dateModified\":\"2024-10-02T19:50:34+00:00\",\"mainEntityOfPage\":{\"@id\":\"https:\\\/\\\/blog.saocamilo-sp.br\\\/index.php\\\/2024\\\/10\\\/02\\\/3a-feira-de-carreiras-sao-camilo-impulsione-sua-jornada-profissional\\\/\"},\"wordCount\":380,\"commentCount\":2,\"publisher\":{\"@id\":\"https:\\\/\\\/blog.saocamilo-sp.br\\\/#organization\"},\"image\":{\"@id\":\"https:\\\/\\\/blog.saocamilo-sp.br\\\/index.php\\\/2024\\\/10\\\/02\\\/3a-feira-de-carreiras-sao-camilo-impulsione-sua-jornada-profissional\\\/#primaryimage\"},\"thumbnailUrl\":\"https:\\\/\\\/blog.saocamilo-sp.br\\\/wp-content\\\/uploads\\\/2024\\\/10\\\/imagem-34.png\",\"articleSection\":[\"Cursos\"],\"inLanguage\":\"pt-BR\",\"potentialAction\":[{\"@type\":\"CommentAction\",\"name\":\"Comment\",\"target\":[\"https:\\\/\\\/blog.saocamilo-sp.br\\\/index.php\\\/2024\\\/10\\\/02\\\/3a-feira-de-carreiras-sao-camilo-impulsione-sua-jornada-profissional\\\/#respond\"]}]},{\"@type\":\"WebPage\",\"@id\":\"https:\\\/\\\/blog.saocamilo-sp.br\\\/index.php\\\/2024\\\/10\\\/02\\\/3a-feira-de-carreiras-sao-camilo-impulsione-sua-jornada-profissional\\\/\",\"url\":\"https:\\\/\\\/blog.saocamilo-sp.br\\\/index.php\\\/2024\\\/10\\\/02\\\/3a-feira-de-carreiras-sao-camilo-impulsione-sua-jornada-profissional\\\/\",\"name\":\"3\u00aa Feira de Carreiras S\u00e3o Camilo \u2013 Impulsione sua jornada profissional!\",\"isPartOf\":{\"@id\":\"https:\\\/\\\/blog.saocamilo-sp.br\\\/#website\"},\"primaryImageOfPage\":{\"@id\":\"https:\\\/\\\/blog.saocamilo-sp.br\\\/index.php\\\/2024\\\/10\\\/02\\\/3a-feira-de-carreiras-sao-camilo-impulsione-sua-jornada-profissional\\\/#primaryimage\"},\"image\":{\"@id\":\"https:\\\/\\\/blog.saocamilo-sp.br\\\/index.php\\\/2024\\\/10\\\/02\\\/3a-feira-de-carreiras-sao-camilo-impulsione-sua-jornada-profissional\\\/#primaryimage\"},\"thumbnailUrl\":\"https:\\\/\\\/blog.saocamilo-sp.br\\\/wp-content\\\/uploads\\\/2024\\\/10\\\/imagem-34.png\",\"datePublished\":\"2024-10-02T15:25:26+00:00\",\"dateModified\":\"2024-10-02T19:50:34+00:00\",\"description\":\"No dia 17\\\/10\\\/24, acontecer\u00e1 a Feira de Carreiras no Campus Ipiranga. O evento \u00e9 destinado a alunos e egressos que buscam oportunidades no mercado.\",\"breadcrumb\":{\"@id\":\"https:\\\/\\\/blog.saocamilo-sp.br\\\/index.php\\\/2024\\\/10\\\/02\\\/3a-feira-de-carreiras-sao-camilo-impulsione-sua-jornada-profissional\\\/#breadcrumb\"},\"inLanguage\":\"pt-BR\",\"potentialAction\":[{\"@type\":\"ReadAction\",\"target\":[\"https:\\\/\\\/blog.saocamilo-sp.br\\\/index.php\\\/2024\\\/10\\\/02\\\/3a-feira-de-carreiras-sao-camilo-impulsione-sua-jornada-profissional\\\/\"]}]},{\"@type\":\"ImageObject\",\"inLanguage\":\"pt-BR\",\"@id\":\"https:\\\/\\\/blog.saocamilo-sp.br\\\/index.php\\\/2024\\\/10\\\/02\\\/3a-feira-de-carreiras-sao-camilo-impulsione-sua-jornada-profissional\\\/#primaryimage\",\"url\":\"https:\\\/\\\/blog.saocamilo-sp.br\\\/wp-content\\\/uploads\\\/2024\\\/10\\\/imagem-34.png\",\"contentUrl\":\"https:\\\/\\\/blog.saocamilo-sp.br\\\/wp-content\\\/uploads\\\/2024\\\/10\\\/imagem-34.png\",\"width\":839,\"height\":559},{\"@type\":\"BreadcrumbList\",\"@id\":\"https:\\\/\\\/blog.saocamilo-sp.br\\\/index.php\\\/2024\\\/10\\\/02\\\/3a-feira-de-carreiras-sao-camilo-impulsione-sua-jornada-profissional\\\/#breadcrumb\",\"itemListElement\":[{\"@type\":\"ListItem\",\"position\":1,\"name\":\"In\u00edcio\",\"item\":\"https:\\\/\\\/blog.saocamilo-sp.br\\\/\"},{\"@type\":\"ListItem\",\"position\":2,\"name\":\"3\u00aa Feira de Carreiras S\u00e3o Camilo \u2013 Impulsione sua jornada profissional!\"}]},{\"@type\":\"WebSite\",\"@id\":\"https:\\\/\\\/blog.saocamilo-sp.br\\\/#website\",\"url\":\"https:\\\/\\\/blog.saocamilo-sp.br\\\/\",\"name\":\"Blog S\u00e3o Camilo\",\"description\":\"Blog do Centro Universit\u00e1rio S\u00e3o Camilo\",\"publisher\":{\"@id\":\"https:\\\/\\\/blog.saocamilo-sp.br\\\/#organization\"},\"potentialAction\":[{\"@type\":\"SearchAction\",\"target\":{\"@type\":\"EntryPoint\",\"urlTemplate\":\"https:\\\/\\\/blog.saocamilo-sp.br\\\/?s={search_term_string}\"},\"query-input\":{\"@type\":\"PropertyValueSpecification\",\"valueRequired\":true,\"valueName\":\"search_term_string\"}}],\"inLanguage\":\"pt-BR\"},{\"@type\":\"Organization\",\"@id\":\"https:\\\/\\\/blog.saocamilo-sp.br\\\/#organization\",\"name\":\"Blog S\u00e3o Camilo\",\"url\":\"https:\\\/\\\/blog.saocamilo-sp.br\\\/\",\"logo\":{\"@type\":\"ImageObject\",\"inLanguage\":\"pt-BR\",\"@id\":\"https:\\\/\\\/blog.saocamilo-sp.br\\\/#\\\/schema\\\/logo\\\/image\\\/\",\"url\":\"https:\\\/\\\/blog.saocamilo-sp.br\\\/wp-content\\\/uploads\\\/2021\\\/12\\\/cropped-vazio-logo-topo.png\",\"contentUrl\":\"https:\\\/\\\/blog.saocamilo-sp.br\\\/wp-content\\\/uploads\\\/2021\\\/12\\\/cropped-vazio-logo-topo.png\",\"width\":320,\"height\":240,\"caption\":\"Blog S\u00e3o Camilo\"},\"image\":{\"@id\":\"https:\\\/\\\/blog.saocamilo-sp.br\\\/#\\\/schema\\\/logo\\\/image\\\/\"},\"sameAs\":[\"https:\\\/\\\/www.facebook.com\\\/saocamilosp\",\"https:\\\/\\\/x.com\\\/saocamilosp\",\"https:\\\/\\\/www.linkedin.com\\\/school\\\/centro-universit-rio-s-o-camilo\\\/\"]},{\"@type\":\"Person\",\"@id\":\"https:\\\/\\\/blog.saocamilo-sp.br\\\/#\\\/schema\\\/person\\\/7dce5f342af0848eb2f06778b2737904\",\"name\":\"Christopher Oliveira dos Reis\",\"image\":{\"@type\":\"ImageObject\",\"inLanguage\":\"pt-BR\",\"@id\":\"https:\\\/\\\/secure.gravatar.com\\\/avatar\\\/b09a1361215d06f22999124838358b6855376e2b7287de883b723960b0c03f82?s=96&d=mm&r=g\",\"url\":\"https:\\\/\\\/secure.gravatar.com\\\/avatar\\\/b09a1361215d06f22999124838358b6855376e2b7287de883b723960b0c03f82?s=96&d=mm&r=g\",\"contentUrl\":\"https:\\\/\\\/secure.gravatar.com\\\/avatar\\\/b09a1361215d06f22999124838358b6855376e2b7287de883b723960b0c03f82?s=96&d=mm&r=g\",\"caption\":\"Christopher Oliveira dos Reis\"},\"url\":\"https:\\\/\\\/blog.saocamilo-sp.br\\\/index.php\\\/author\\\/christopher-reis\\\/\"}]}<\/script>\n<!-- \/ Yoast SEO plugin. -->","yoast_head_json":{"title":"3\u00aa Feira de Carreiras S\u00e3o Camilo \u2013 Impulsione sua jornada profissional!","description":"No dia 17\/10\/24, acontecer\u00e1 a Feira de Carreiras no Campus Ipiranga. O evento \u00e9 destinado a alunos e egressos que buscam oportunidades no mercado.","robots":{"index":"index","follow":"follow","max-snippet":"max-snippet:-1","max-image-preview":"max-image-preview:large","max-video-preview":"max-video-preview:-1"},"canonical":"https:\/\/blog.saocamilo-sp.br\/index.php\/2024\/10\/02\/3a-feira-de-carreiras-sao-camilo-impulsione-sua-jornada-profissional\/","og_locale":"pt_BR","og_type":"article","og_title":"3\u00aa Feira de Carreiras S\u00e3o Camilo \u2013 Impulsione sua jornada profissional!","og_description":"No dia 17\/10\/24, acontecer\u00e1 a Feira de Carreiras no Campus Ipiranga. O evento \u00e9 destinado a alunos e egressos que buscam oportunidades no mercado.","og_url":"https:\/\/blog.saocamilo-sp.br\/index.php\/2024\/10\/02\/3a-feira-de-carreiras-sao-camilo-impulsione-sua-jornada-profissional\/","og_site_name":"Blog S\u00e3o Camilo","article_publisher":"https:\/\/www.facebook.com\/saocamilosp","article_published_time":"2024-10-02T15:25:26+00:00","article_modified_time":"2024-10-02T19:50:34+00:00","og_image":[{"width":839,"height":559,"url":"https:\/\/blog.saocamilo-sp.br\/wp-content\/uploads\/2024\/10\/imagem-34.png","type":"image\/png"}],"author":"Christopher Oliveira dos Reis","twitter_card":"summary_large_image","twitter_creator":"@saocamilosp","twitter_site":"@saocamilosp","twitter_misc":{"Escrito por":"Christopher Oliveira dos Reis","Est. tempo de leitura":"3 minutos"},"schema":{"@context":"https:\/\/schema.org","@graph":[{"@type":"Article","@id":"https:\/\/blog.saocamilo-sp.br\/index.php\/2024\/10\/02\/3a-feira-de-carreiras-sao-camilo-impulsione-sua-jornada-profissional\/#article","isPartOf":{"@id":"https:\/\/blog.saocamilo-sp.br\/index.php\/2024\/10\/02\/3a-feira-de-carreiras-sao-camilo-impulsione-sua-jornada-profissional\/"},"author":{"name":"Christopher Oliveira dos Reis","@id":"https:\/\/blog.saocamilo-sp.br\/#\/schema\/person\/7dce5f342af0848eb2f06778b2737904"},"headline":"3\u00aa Feira de Carreiras S\u00e3o Camilo \u2013 Impulsione sua jornada profissional!","datePublished":"2024-10-02T15:25:26+00:00","dateModified":"2024-10-02T19:50:34+00:00","mainEntityOfPage":{"@id":"https:\/\/blog.saocamilo-sp.br\/index.php\/2024\/10\/02\/3a-feira-de-carreiras-sao-camilo-impulsione-sua-jornada-profissional\/"},"wordCount":380,"commentCount":2,"publisher":{"@id":"https:\/\/blog.saocamilo-sp.br\/#organization"},"image":{"@id":"https:\/\/blog.saocamilo-sp.br\/index.php\/2024\/10\/02\/3a-feira-de-carreiras-sao-camilo-impulsione-sua-jornada-profissional\/#primaryimage"},"thumbnailUrl":"https:\/\/blog.saocamilo-sp.br\/wp-content\/uploads\/2024\/10\/imagem-34.png","articleSection":["Cursos"],"inLanguage":"pt-BR","potentialAction":[{"@type":"CommentAction","name":"Comment","target":["https:\/\/blog.saocamilo-sp.br\/index.php\/2024\/10\/02\/3a-feira-de-carreiras-sao-camilo-impulsione-sua-jornada-profissional\/#respond"]}]},{"@type":"WebPage","@id":"https:\/\/blog.saocamilo-sp.br\/index.php\/2024\/10\/02\/3a-feira-de-carreiras-sao-camilo-impulsione-sua-jornada-profissional\/","url":"https:\/\/blog.saocamilo-sp.br\/index.php\/2024\/10\/02\/3a-feira-de-carreiras-sao-camilo-impulsione-sua-jornada-profissional\/","name":"3\u00aa Feira de Carreiras S\u00e3o Camilo \u2013 Impulsione sua jornada profissional!","isPartOf":{"@id":"https:\/\/blog.saocamilo-sp.br\/#website"},"primaryImageOfPage":{"@id":"https:\/\/blog.saocamilo-sp.br\/index.php\/2024\/10\/02\/3a-feira-de-carreiras-sao-camilo-impulsione-sua-jornada-profissional\/#primaryimage"},"image":{"@id":"https:\/\/blog.saocamilo-sp.br\/index.php\/2024\/10\/02\/3a-feira-de-carreiras-sao-camilo-impulsione-sua-jornada-profissional\/#primaryimage"},"thumbnailUrl":"https:\/\/blog.saocamilo-sp.br\/wp-content\/uploads\/2024\/10\/imagem-34.png","datePublished":"2024-10-02T15:25:26+00:00","dateModified":"2024-10-02T19:50:34+00:00","description":"No dia 17\/10\/24, acontecer\u00e1 a Feira de Carreiras no Campus Ipiranga. O evento \u00e9 destinado a alunos e egressos que buscam oportunidades no mercado.","breadcrumb":{"@id":"https:\/\/blog.saocamilo-sp.br\/index.php\/2024\/10\/02\/3a-feira-de-carreiras-sao-camilo-impulsione-sua-jornada-profissional\/#breadcrumb"},"inLanguage":"pt-BR","potentialAction":[{"@type":"ReadAction","target":["https:\/\/blog.saocamilo-sp.br\/index.php\/2024\/10\/02\/3a-feira-de-carreiras-sao-camilo-impulsione-sua-jornada-profissional\/"]}]},{"@type":"ImageObject","inLanguage":"pt-BR","@id":"https:\/\/blog.saocamilo-sp.br\/index.php\/2024\/10\/02\/3a-feira-de-carreiras-sao-camilo-impulsione-sua-jornada-profissional\/#primaryimage","url":"https:\/\/blog.saocamilo-sp.br\/wp-content\/uploads\/2024\/10\/imagem-34.png","contentUrl":"https:\/\/blog.saocamilo-sp.br\/wp-content\/uploads\/2024\/10\/imagem-34.png","width":839,"height":559},{"@type":"BreadcrumbList","@id":"https:\/\/blog.saocamilo-sp.br\/index.php\/2024\/10\/02\/3a-feira-de-carreiras-sao-camilo-impulsione-sua-jornada-profissional\/#breadcrumb","itemListElement":[{"@type":"ListItem","position":1,"name":"In\u00edcio","item":"https:\/\/blog.saocamilo-sp.br\/"},{"@type":"ListItem","position":2,"name":"3\u00aa Feira de Carreiras S\u00e3o Camilo \u2013 Impulsione sua jornada profissional!"}]},{"@type":"WebSite","@id":"https:\/\/blog.saocamilo-sp.br\/#website","url":"https:\/\/blog.saocamilo-sp.br\/","name":"Blog S\u00e3o Camilo","description":"Blog do Centro Universit\u00e1rio S\u00e3o Camilo","publisher":{"@id":"https:\/\/blog.saocamilo-sp.br\/#organization"},"potentialAction":[{"@type":"SearchAction","target":{"@type":"EntryPoint","urlTemplate":"https:\/\/blog.saocamilo-sp.br\/?s={search_term_string}"},"query-input":{"@type":"PropertyValueSpecification","valueRequired":true,"valueName":"search_term_string"}}],"inLanguage":"pt-BR"},{"@type":"Organization","@id":"https:\/\/blog.saocamilo-sp.br\/#organization","name":"Blog S\u00e3o Camilo","url":"https:\/\/blog.saocamilo-sp.br\/","logo":{"@type":"ImageObject","inLanguage":"pt-BR","@id":"https:\/\/blog.saocamilo-sp.br\/#\/schema\/logo\/image\/","url":"https:\/\/blog.saocamilo-sp.br\/wp-content\/uploads\/2021\/12\/cropped-vazio-logo-topo.png","contentUrl":"https:\/\/blog.saocamilo-sp.br\/wp-content\/uploads\/2021\/12\/cropped-vazio-logo-topo.png","width":320,"height":240,"caption":"Blog S\u00e3o Camilo"},"image":{"@id":"https:\/\/blog.saocamilo-sp.br\/#\/schema\/logo\/image\/"},"sameAs":["https:\/\/www.facebook.com\/saocamilosp","https:\/\/x.com\/saocamilosp","https:\/\/www.linkedin.com\/school\/centro-universit-rio-s-o-camilo\/"]},{"@type":"Person","@id":"https:\/\/blog.saocamilo-sp.br\/#\/schema\/person\/7dce5f342af0848eb2f06778b2737904","name":"Christopher Oliveira dos Reis","image":{"@type":"ImageObject","inLanguage":"pt-BR","@id":"https:\/\/secure.gravatar.com\/avatar\/b09a1361215d06f22999124838358b6855376e2b7287de883b723960b0c03f82?s=96&d=mm&r=g","url":"https:\/\/secure.gravatar.com\/avatar\/b09a1361215d06f22999124838358b6855376e2b7287de883b723960b0c03f82?s=96&d=mm&r=g","contentUrl":"https:\/\/secure.gravatar.com\/avatar\/b09a1361215d06f22999124838358b6855376e2b7287de883b723960b0c03f82?s=96&d=mm&r=g","caption":"Christopher Oliveira dos Reis"},"url":"https:\/\/blog.saocamilo-sp.br\/index.php\/author\/christopher-reis\/"}]}},"_links":{"self":[{"href":"https:\/\/blog.saocamilo-sp.br\/index.php\/wp-json\/wp\/v2\/posts\/3061","targetHints":{"allow":["GET"]}}],"collection":[{"href":"https:\/\/blog.saocamilo-sp.br\/index.php\/wp-json\/wp\/v2\/posts"}],"about":[{"href":"https:\/\/blog.saocamilo-sp.br\/index.php\/wp-json\/wp\/v2\/types\/post"}],"author":[{"embeddable":true,"href":"https:\/\/blog.saocamilo-sp.br\/index.php\/wp-json\/wp\/v2\/users\/11"}],"replies":[{"embeddable":true,"href":"https:\/\/blog.saocamilo-sp.br\/index.php\/wp-json\/wp\/v2\/comments?post=3061"}],"version-history":[{"count":9,"href":"https:\/\/blog.saocamilo-sp.br\/index.php\/wp-json\/wp\/v2\/posts\/3061\/revisions"}],"predecessor-version":[{"id":3082,"href":"https:\/\/blog.saocamilo-sp.br\/index.php\/wp-json\/wp\/v2\/posts\/3061\/revisions\/3082"}],"wp:featuredmedia":[{"embeddable":true,"href":"https:\/\/blog.saocamilo-sp.br\/index.php\/wp-json\/wp\/v2\/media\/3075"}],"wp:attachment":[{"href":"https:\/\/blog.saocamilo-sp.br\/index.php\/wp-json\/wp\/v2\/media?parent=3061"}],"wp:term":[{"taxonomy":"category","embeddable":true,"href":"https:\/\/blog.saocamilo-sp.br\/index.php\/wp-json\/wp\/v2\/categories?post=3061"},{"taxonomy":"post_tag","embeddable":true,"href":"https:\/\/blog.saocamilo-sp.br\/index.php\/wp-json\/wp\/v2\/tags?post=3061"}],"curies":[{"name":"wp","href":"https:\/\/api.w.org\/{rel}","templated":true}]}}